{"id":60501,"date":"2019-06-05T09:36:15","date_gmt":"2019-06-05T12:36:15","guid":{"rendered":"https:\/\/www.unasp.br\/noticias\/?p=60501"},"modified":"2019-06-05T10:17:32","modified_gmt":"2019-06-05T13:17:32","slug":"unasp-sao-paulo-oferece-curso-gratuito-de-computacao-para-pessoas-com-deficiencia-visual","status":"publish","type":"post","link":"https:\/\/unasp.br\/noticias\/unasp-sao-paulo-oferece-curso-gratuito-de-computacao-para-pessoas-com-deficiencia-visual\/","title":{"rendered":"Unasp S\u00e3o Paulo oferece curso gratuito de computa\u00e7\u00e3o para pessoas com defici\u00eancia visual"},"content":{"rendered":"<div id=\"attachment_60502\" style=\"width: 640px\" class=\"wp-caption aligncenter\"><img loading=\"lazy\" decoding=\"async\" aria-describedby=\"caption-attachment-60502\" class=\"wp-image-60502\" src=\"https:\/\/www.unasp.br\/noticias\/wp-content\/uploads\/2019\/06\/IMG_7613-300x200.jpg\" alt=\"\" width=\"630\" height=\"420\" srcset=\"https:\/\/cdn.unasp.br\/noticias\/wp-content\/uploads\/2019\/06\/05062940\/IMG_7613-300x200.jpg 300w, https:\/\/cdn.unasp.br\/noticias\/wp-content\/uploads\/2019\/06\/05062940\/IMG_7613-768x512.jpg 768w, https:\/\/cdn.unasp.br\/noticias\/wp-content\/uploads\/2019\/06\/05062940\/IMG_7613-1024x683.jpg 1024w, https:\/\/cdn.unasp.br\/noticias\/wp-content\/uploads\/2019\/06\/05062940\/IMG_7613-900x600.jpg 900w, https:\/\/cdn.unasp.br\/noticias\/wp-content\/uploads\/2019\/06\/05062940\/IMG_7613-1200x800.jpg 1200w, https:\/\/cdn.unasp.br\/noticias\/wp-content\/uploads\/2019\/06\/05062940\/IMG_7613-1080x720.jpg 1080w, https:\/\/cdn.unasp.br\/noticias\/wp-content\/uploads\/2019\/06\/05062940\/IMG_7613-800x533.jpg 800w, https:\/\/cdn.unasp.br\/noticias\/wp-content\/uploads\/2019\/06\/05062940\/IMG_7613-750x500.jpg 750w, https:\/\/cdn.unasp.br\/noticias\/wp-content\/uploads\/2019\/06\/05062940\/IMG_7613-720x480.jpg 720w, https:\/\/cdn.unasp.br\/noticias\/wp-content\/uploads\/2019\/06\/05062940\/IMG_7613-420x280.jpg 420w, https:\/\/cdn.unasp.br\/noticias\/wp-content\/uploads\/2019\/06\/05062940\/IMG_7613-500x333.jpg 500w, https:\/\/cdn.unasp.br\/noticias\/wp-content\/uploads\/2019\/06\/05062940\/IMG_7613-400x267.jpg 400w, https:\/\/cdn.unasp.br\/noticias\/wp-content\/uploads\/2019\/06\/05062940\/IMG_7613-375x250.jpg 375w, https:\/\/cdn.unasp.br\/noticias\/wp-content\/uploads\/2019\/06\/05062940\/IMG_7613-225x150.jpg 225w, https:\/\/cdn.unasp.br\/noticias\/wp-content\/uploads\/2019\/06\/05062940\/IMG_7613-175x117.jpg 175w, https:\/\/cdn.unasp.br\/noticias\/wp-content\/uploads\/2019\/06\/05062940\/IMG_7613-200x133.jpg 200w, https:\/\/cdn.unasp.br\/noticias\/wp-content\/uploads\/2019\/06\/05062940\/IMG_7613.jpg 2048w\" sizes=\"(max-width: 630px) 100vw, 630px\" \/><p id=\"caption-attachment-60502\" class=\"wp-caption-text\">Ronildo Silva com o professor Dr. Roberto Sussumu Wataya durante a aula do projeto &#8220;Alfabetiza\u00e7\u00e3o digital das pessoas com defici\u00eancia visual&#8221;.<\/p><\/div>\n<p style=\"text-align: justify;\">Ronildo Silva \u00e9 cego desde os 4 anos de idade. Hoje, com 30 anos, ele ainda aprende sobre o \u201cuniverso digital\u201d. Devido a cegueira, o jovem rapaz n\u00e3o acompanhou o desenvolvimento da tecnologia ao longo tempo, e a inclus\u00e3o come\u00e7ou a ser mais discutida e colocada em pr\u00e1tica quando j\u00e1 havia se tornado adulto.<\/p>\n<p style=\"text-align: justify;\">A realidade de Ronildo come\u00e7ou a mudar nos encontros que come\u00e7ou a ter no Centro Universit\u00e1rio Adventista de S\u00e3o Paulo (Unasp-SP), do grupo \u201cVis\u00e3o Real\u201d, com pessoas que possu\u00edam a mesma defici\u00eancia. Nas reuni\u00f5es, o jovem rapaz tomou conhecimento do projeto \u201cAlfabetiza\u00e7\u00e3o digital das pessoas com defici\u00eancia visual\u201d, tamb\u00e9m realizado no Unasp, cujo objetivo \u00e9 ensinar os princ\u00edpios b\u00e1sicos da computa\u00e7\u00e3o para que esse grupo consiga se inserir ou conquistar uma posi\u00e7\u00e3o melhor do mercado de trabalho.<\/p>\n<p style=\"text-align: justify;\">Para ele, que participa do projeto h\u00e1 4 anos, mudan\u00e7as significativas aconteceram em sua vida ap\u00f3s aprender mais sobre computa\u00e7\u00e3o. \u201cAprendi sobre como funciona o computador e cada fun\u00e7\u00e3o, e isso \u00e9 muito \u00fatil para o mercado de trabalho\u201d, conta.<\/p>\n<p style=\"text-align: justify;\">\u00c9 not\u00e1vel a realidade de que quem possui algum tipo de defici\u00eancia precisa lutar muito para conquistar um espa\u00e7o no mercado de trabalho. Segundo os \u00faltimos dados divulgados pelo Instituto Brasileiro de Geografia e Estat\u00edstica (IBGE), no Brasil existem quase 7 milh\u00f5es de pessoas com defici\u00eancia visual. S\u00f3 no bairro do Cap\u00e3o Redondo, periferia da zona sul de S\u00e3o Paulo (onde o Unasp campus S\u00e3o Paulo \u00e9 localizado), vivem mais de 1.000 pessoas com cegueira ou baixa vis\u00e3o.<\/p>\n<p style=\"text-align: justify;\">O projeto foi idealizado e \u00e9 coordenado at\u00e9 hoje pelo professor Dr. Roberto Sussumu Wataya. A ideia surgiu quando Wataya foi questionado pela institui\u00e7\u00e3o sobre a aceita\u00e7\u00e3o, ou n\u00e3o, de um candidato com defici\u00eancia visual para o curso de Processamento de Dados. Pela falta de estrutura requerida para o caso, na \u00e9poca, foi negada a oportunidade ao indiv\u00edduo. \u201cEste fato levou-me a v\u00e1rios questionamentos e reflex\u00f5es, pois sempre busquei uma maneira de atuar auxiliando as pessoas a terem uma vida melhor, e no momento em que tive esta oportunidade, acabei negando-a. Percebi ser necess\u00e1rio fazer algo nesse sentido a fim de mudar essa situa\u00e7\u00e3o, pois n\u00e3o \u00e9 admiss\u00edvel que algu\u00e9m n\u00e3o tenha o direito ao estudo, s\u00f3 por ter defici\u00eancia visual\u201d, relata Wataya.<\/p>\n<p style=\"text-align: justify;\">Ap\u00f3s momentos de reflex\u00e3o, Wataya ampliou seus conhecimentos sobre a Educa\u00e7\u00e3o Especial, principalmente sobre o p\u00fablico com defici\u00eancia visual. Ap\u00f3s diversas pesquisas de campo e na <em>web<\/em>, o professor constatou que a tecnologia da computa\u00e7\u00e3o poderia contribuir significativamente para que esse grupo levasse uma vida normal, permitindo que o mesmo solucione alguns problemas.<\/p>\n<p style=\"text-align: justify;\">Acompanhando o crescimento da tecnologia, hoje o Ronildo tem a oportunidade de aprender com as aulas de um novo projeto: \u201cSmartphone com Android\u201d, aprimorando ainda mais seu conhecimento digital. Atualmente qualquer pessoa com defici\u00eancia visual pode participar das aulas de forma gratuita, que ocorrem sempre \u00e0s ter\u00e7as-feiras e quintas-feiras, das 16 horas \u00e0s 18 horas.<\/p>\n","protected":false},"excerpt":{"rendered":"<p>Ronildo Silva \u00e9 cego desde os 4 anos de idade. Hoje, com 30 anos, ele ainda aprende [&hellip;]<\/p>\n","protected":false},"author":30,"featured_media":60502,"comment_status":"open","ping_status":"open","sticky":false,"template":"","format":"standard","meta":{"footnotes":""},"categories":[10],"tags":[],"yoast_head":"<!-- This site is optimized with the Yoast SEO plugin v23.5 - https:\/\/yoast.com\/wordpress\/plugins\/seo\/ -->\n<title>Unasp S\u00e3o Paulo oferece curso gratuito de computa\u00e7\u00e3o para pessoas com defici\u00eancia visual - UNASP Noticias<\/title>\n<meta name=\"robots\" content=\"index, follow, max-snippet:-1, max-image-preview:large, max-video-preview:-1\" \/>\n<link rel=\"canonical\" href=\"https:\/\/unasp.br\/noticias\/unasp-sao-paulo-oferece-curso-gratuito-de-computacao-para-pessoas-com-deficiencia-visual\/\" \/>\n<meta property=\"og:locale\" content=\"pt_BR\" \/>\n<meta property=\"og:type\" content=\"article\" \/>\n<meta property=\"og:title\" content=\"Unasp S\u00e3o Paulo oferece curso gratuito de computa\u00e7\u00e3o para pessoas com defici\u00eancia visual - UNASP Noticias\" \/>\n<meta property=\"og:description\" content=\"Ronildo Silva \u00e9 cego desde os 4 anos de idade. Hoje, com 30 anos, ele ainda aprende [&hellip;]\" \/>\n<meta property=\"og:url\" content=\"https:\/\/unasp.br\/noticias\/unasp-sao-paulo-oferece-curso-gratuito-de-computacao-para-pessoas-com-deficiencia-visual\/\" \/>\n<meta property=\"og:site_name\" content=\"UNASP Noticias\" \/>\n<meta property=\"article:published_time\" content=\"2019-06-05T12:36:15+00:00\" \/>\n<meta property=\"article:modified_time\" content=\"2019-06-05T13:17:32+00:00\" \/>\n<meta property=\"og:image\" content=\"https:\/\/cdn.unasp.br\/noticias\/wp-content\/uploads\/2019\/06\/05062940\/IMG_7613.jpg\" \/>\n\t<meta property=\"og:image:width\" content=\"2048\" \/>\n\t<meta property=\"og:image:height\" content=\"1365\" \/>\n\t<meta property=\"og:image:type\" content=\"image\/jpeg\" \/>\n<meta name=\"author\" content=\"Aira Almeida\" \/>\n<meta name=\"twitter:card\" content=\"summary_large_image\" \/>\n<meta name=\"twitter:label1\" content=\"Escrito por\" \/>\n\t<meta name=\"twitter:data1\" content=\"Aira Almeida\" \/>\n\t<meta name=\"twitter:label2\" content=\"Est. tempo de leitura\" \/>\n\t<meta name=\"twitter:data2\" content=\"3 minutos\" \/>\n<script type=\"application\/ld+json\" class=\"yoast-schema-graph\">{\"@context\":\"https:\/\/schema.org\",\"@graph\":[{\"@type\":\"Article\",\"@id\":\"https:\/\/unasp.br\/noticias\/unasp-sao-paulo-oferece-curso-gratuito-de-computacao-para-pessoas-com-deficiencia-visual\/#article\",\"isPartOf\":{\"@id\":\"https:\/\/unasp.br\/noticias\/unasp-sao-paulo-oferece-curso-gratuito-de-computacao-para-pessoas-com-deficiencia-visual\/\"},\"author\":{\"name\":\"Aira Almeida\",\"@id\":\"https:\/\/unasp.br\/noticias\/#\/schema\/person\/80f09a3ec674501e6bb13144ffa2489f\"},\"headline\":\"Unasp S\u00e3o Paulo oferece curso gratuito de computa\u00e7\u00e3o para pessoas com defici\u00eancia visual\",\"datePublished\":\"2019-06-05T12:36:15+00:00\",\"dateModified\":\"2019-06-05T13:17:32+00:00\",\"mainEntityOfPage\":{\"@id\":\"https:\/\/unasp.br\/noticias\/unasp-sao-paulo-oferece-curso-gratuito-de-computacao-para-pessoas-com-deficiencia-visual\/\"},\"wordCount\":568,\"commentCount\":0,\"publisher\":{\"@id\":\"https:\/\/unasp.br\/noticias\/#organization\"},\"image\":{\"@id\":\"https:\/\/unasp.br\/noticias\/unasp-sao-paulo-oferece-curso-gratuito-de-computacao-para-pessoas-com-deficiencia-visual\/#primaryimage\"},\"thumbnailUrl\":\"https:\/\/cdn.unasp.br\/noticias\/wp-content\/uploads\/2019\/06\/05062940\/IMG_7613.jpg\",\"articleSection\":[\"Impacto Social\"],\"inLanguage\":\"pt-BR\",\"potentialAction\":[{\"@type\":\"CommentAction\",\"name\":\"Comment\",\"target\":[\"https:\/\/unasp.br\/noticias\/unasp-sao-paulo-oferece-curso-gratuito-de-computacao-para-pessoas-com-deficiencia-visual\/#respond\"]}]},{\"@type\":\"WebPage\",\"@id\":\"https:\/\/unasp.br\/noticias\/unasp-sao-paulo-oferece-curso-gratuito-de-computacao-para-pessoas-com-deficiencia-visual\/\",\"url\":\"https:\/\/unasp.br\/noticias\/unasp-sao-paulo-oferece-curso-gratuito-de-computacao-para-pessoas-com-deficiencia-visual\/\",\"name\":\"Unasp S\u00e3o Paulo oferece curso gratuito de computa\u00e7\u00e3o para pessoas com defici\u00eancia visual - UNASP Noticias\",\"isPartOf\":{\"@id\":\"https:\/\/unasp.br\/noticias\/#website\"},\"primaryImageOfPage\":{\"@id\":\"https:\/\/unasp.br\/noticias\/unasp-sao-paulo-oferece-curso-gratuito-de-computacao-para-pessoas-com-deficiencia-visual\/#primaryimage\"},\"image\":{\"@id\":\"https:\/\/unasp.br\/noticias\/unasp-sao-paulo-oferece-curso-gratuito-de-computacao-para-pessoas-com-deficiencia-visual\/#primaryimage\"},\"thumbnailUrl\":\"https:\/\/cdn.unasp.br\/noticias\/wp-content\/uploads\/2019\/06\/05062940\/IMG_7613.jpg\",\"datePublished\":\"2019-06-05T12:36:15+00:00\",\"dateModified\":\"2019-06-05T13:17:32+00:00\",\"breadcrumb\":{\"@id\":\"https:\/\/unasp.br\/noticias\/unasp-sao-paulo-oferece-curso-gratuito-de-computacao-para-pessoas-com-deficiencia-visual\/#breadcrumb\"},\"inLanguage\":\"pt-BR\",\"potentialAction\":[{\"@type\":\"ReadAction\",\"target\":[\"https:\/\/unasp.br\/noticias\/unasp-sao-paulo-oferece-curso-gratuito-de-computacao-para-pessoas-com-deficiencia-visual\/\"]}]},{\"@type\":\"ImageObject\",\"inLanguage\":\"pt-BR\",\"@id\":\"https:\/\/unasp.br\/noticias\/unasp-sao-paulo-oferece-curso-gratuito-de-computacao-para-pessoas-com-deficiencia-visual\/#primaryimage\",\"url\":\"https:\/\/cdn.unasp.br\/noticias\/wp-content\/uploads\/2019\/06\/05062940\/IMG_7613.jpg\",\"contentUrl\":\"https:\/\/cdn.unasp.br\/noticias\/wp-content\/uploads\/2019\/06\/05062940\/IMG_7613.jpg\",\"width\":2048,\"height\":1365},{\"@type\":\"BreadcrumbList\",\"@id\":\"https:\/\/unasp.br\/noticias\/unasp-sao-paulo-oferece-curso-gratuito-de-computacao-para-pessoas-com-deficiencia-visual\/#breadcrumb\",\"itemListElement\":[{\"@type\":\"ListItem\",\"position\":1,\"name\":\"In\u00edcio\",\"item\":\"https:\/\/unasp.br\/noticias\/\"},{\"@type\":\"ListItem\",\"position\":2,\"name\":\"Unasp S\u00e3o Paulo oferece curso gratuito de computa\u00e7\u00e3o para pessoas com defici\u00eancia visual\"}]},{\"@type\":\"WebSite\",\"@id\":\"https:\/\/unasp.br\/noticias\/#website\",\"url\":\"https:\/\/unasp.br\/noticias\/\",\"name\":\"UNASP Noticias\",\"description\":\"Centro Universit\u00e1rio Adventista de S\u00e3o Paulo\",\"publisher\":{\"@id\":\"https:\/\/unasp.br\/noticias\/#organization\"},\"potentialAction\":[{\"@type\":\"SearchAction\",\"target\":{\"@type\":\"EntryPoint\",\"urlTemplate\":\"https:\/\/unasp.br\/noticias\/?s={search_term_string}\"},\"query-input\":{\"@type\":\"PropertyValueSpecification\",\"valueRequired\":true,\"valueName\":\"search_term_string\"}}],\"inLanguage\":\"pt-BR\"},{\"@type\":\"Organization\",\"@id\":\"https:\/\/unasp.br\/noticias\/#organization\",\"name\":\"UNASP Noticias\",\"url\":\"https:\/\/unasp.br\/noticias\/\",\"logo\":{\"@type\":\"ImageObject\",\"inLanguage\":\"pt-BR\",\"@id\":\"https:\/\/unasp.br\/noticias\/#\/schema\/logo\/image\/\",\"url\":\"https:\/\/cdn.unasp.br\/noticias\/wp-content\/uploads\/2021\/09\/09152724\/logo-unasp-news.png\",\"contentUrl\":\"https:\/\/cdn.unasp.br\/noticias\/wp-content\/uploads\/2021\/09\/09152724\/logo-unasp-news.png\",\"width\":240,\"height\":41,\"caption\":\"UNASP Noticias\"},\"image\":{\"@id\":\"https:\/\/unasp.br\/noticias\/#\/schema\/logo\/image\/\"}},{\"@type\":\"Person\",\"@id\":\"https:\/\/unasp.br\/noticias\/#\/schema\/person\/80f09a3ec674501e6bb13144ffa2489f\",\"name\":\"Aira Almeida\",\"image\":{\"@type\":\"ImageObject\",\"inLanguage\":\"pt-BR\",\"@id\":\"https:\/\/unasp.br\/noticias\/#\/schema\/person\/image\/\",\"url\":\"https:\/\/secure.gravatar.com\/avatar\/e30ea867fdd5a41ec6a0cb350dcd108e?s=96&d=mm&r=g\",\"contentUrl\":\"https:\/\/secure.gravatar.com\/avatar\/e30ea867fdd5a41ec6a0cb350dcd108e?s=96&d=mm&r=g\",\"caption\":\"Aira Almeida\"},\"url\":\"https:\/\/unasp.br\/noticias\/author\/aira-almeidaedu-unasp-br\/\"}]}<\/script>\n<!-- \/ Yoast SEO plugin. -->","yoast_head_json":{"title":"Unasp S\u00e3o Paulo oferece curso gratuito de computa\u00e7\u00e3o para pessoas com defici\u00eancia visual - UNASP Noticias","robots":{"index":"index","follow":"follow","max-snippet":"max-snippet:-1","max-image-preview":"max-image-preview:large","max-video-preview":"max-video-preview:-1"},"canonical":"https:\/\/unasp.br\/noticias\/unasp-sao-paulo-oferece-curso-gratuito-de-computacao-para-pessoas-com-deficiencia-visual\/","og_locale":"pt_BR","og_type":"article","og_title":"Unasp S\u00e3o Paulo oferece curso gratuito de computa\u00e7\u00e3o para pessoas com defici\u00eancia visual - UNASP Noticias","og_description":"Ronildo Silva \u00e9 cego desde os 4 anos de idade. Hoje, com 30 anos, ele ainda aprende [&hellip;]","og_url":"https:\/\/unasp.br\/noticias\/unasp-sao-paulo-oferece-curso-gratuito-de-computacao-para-pessoas-com-deficiencia-visual\/","og_site_name":"UNASP Noticias","article_published_time":"2019-06-05T12:36:15+00:00","article_modified_time":"2019-06-05T13:17:32+00:00","og_image":[{"width":2048,"height":1365,"url":"https:\/\/cdn.unasp.br\/noticias\/wp-content\/uploads\/2019\/06\/05062940\/IMG_7613.jpg","type":"image\/jpeg"}],"author":"Aira Almeida","twitter_card":"summary_large_image","twitter_misc":{"Escrito por":"Aira Almeida","Est. tempo de leitura":"3 minutos"},"schema":{"@context":"https:\/\/schema.org","@graph":[{"@type":"Article","@id":"https:\/\/unasp.br\/noticias\/unasp-sao-paulo-oferece-curso-gratuito-de-computacao-para-pessoas-com-deficiencia-visual\/#article","isPartOf":{"@id":"https:\/\/unasp.br\/noticias\/unasp-sao-paulo-oferece-curso-gratuito-de-computacao-para-pessoas-com-deficiencia-visual\/"},"author":{"name":"Aira Almeida","@id":"https:\/\/unasp.br\/noticias\/#\/schema\/person\/80f09a3ec674501e6bb13144ffa2489f"},"headline":"Unasp S\u00e3o Paulo oferece curso gratuito de computa\u00e7\u00e3o para pessoas com defici\u00eancia visual","datePublished":"2019-06-05T12:36:15+00:00","dateModified":"2019-06-05T13:17:32+00:00","mainEntityOfPage":{"@id":"https:\/\/unasp.br\/noticias\/unasp-sao-paulo-oferece-curso-gratuito-de-computacao-para-pessoas-com-deficiencia-visual\/"},"wordCount":568,"commentCount":0,"publisher":{"@id":"https:\/\/unasp.br\/noticias\/#organization"},"image":{"@id":"https:\/\/unasp.br\/noticias\/unasp-sao-paulo-oferece-curso-gratuito-de-computacao-para-pessoas-com-deficiencia-visual\/#primaryimage"},"thumbnailUrl":"https:\/\/cdn.unasp.br\/noticias\/wp-content\/uploads\/2019\/06\/05062940\/IMG_7613.jpg","articleSection":["Impacto Social"],"inLanguage":"pt-BR","potentialAction":[{"@type":"CommentAction","name":"Comment","target":["https:\/\/unasp.br\/noticias\/unasp-sao-paulo-oferece-curso-gratuito-de-computacao-para-pessoas-com-deficiencia-visual\/#respond"]}]},{"@type":"WebPage","@id":"https:\/\/unasp.br\/noticias\/unasp-sao-paulo-oferece-curso-gratuito-de-computacao-para-pessoas-com-deficiencia-visual\/","url":"https:\/\/unasp.br\/noticias\/unasp-sao-paulo-oferece-curso-gratuito-de-computacao-para-pessoas-com-deficiencia-visual\/","name":"Unasp S\u00e3o Paulo oferece curso gratuito de computa\u00e7\u00e3o para pessoas com defici\u00eancia visual - UNASP Noticias","isPartOf":{"@id":"https:\/\/unasp.br\/noticias\/#website"},"primaryImageOfPage":{"@id":"https:\/\/unasp.br\/noticias\/unasp-sao-paulo-oferece-curso-gratuito-de-computacao-para-pessoas-com-deficiencia-visual\/#primaryimage"},"image":{"@id":"https:\/\/unasp.br\/noticias\/unasp-sao-paulo-oferece-curso-gratuito-de-computacao-para-pessoas-com-deficiencia-visual\/#primaryimage"},"thumbnailUrl":"https:\/\/cdn.unasp.br\/noticias\/wp-content\/uploads\/2019\/06\/05062940\/IMG_7613.jpg","datePublished":"2019-06-05T12:36:15+00:00","dateModified":"2019-06-05T13:17:32+00:00","breadcrumb":{"@id":"https:\/\/unasp.br\/noticias\/unasp-sao-paulo-oferece-curso-gratuito-de-computacao-para-pessoas-com-deficiencia-visual\/#breadcrumb"},"inLanguage":"pt-BR","potentialAction":[{"@type":"ReadAction","target":["https:\/\/unasp.br\/noticias\/unasp-sao-paulo-oferece-curso-gratuito-de-computacao-para-pessoas-com-deficiencia-visual\/"]}]},{"@type":"ImageObject","inLanguage":"pt-BR","@id":"https:\/\/unasp.br\/noticias\/unasp-sao-paulo-oferece-curso-gratuito-de-computacao-para-pessoas-com-deficiencia-visual\/#primaryimage","url":"https:\/\/cdn.unasp.br\/noticias\/wp-content\/uploads\/2019\/06\/05062940\/IMG_7613.jpg","contentUrl":"https:\/\/cdn.unasp.br\/noticias\/wp-content\/uploads\/2019\/06\/05062940\/IMG_7613.jpg","width":2048,"height":1365},{"@type":"BreadcrumbList","@id":"https:\/\/unasp.br\/noticias\/unasp-sao-paulo-oferece-curso-gratuito-de-computacao-para-pessoas-com-deficiencia-visual\/#breadcrumb","itemListElement":[{"@type":"ListItem","position":1,"name":"In\u00edcio","item":"https:\/\/unasp.br\/noticias\/"},{"@type":"ListItem","position":2,"name":"Unasp S\u00e3o Paulo oferece curso gratuito de computa\u00e7\u00e3o para pessoas com defici\u00eancia visual"}]},{"@type":"WebSite","@id":"https:\/\/unasp.br\/noticias\/#website","url":"https:\/\/unasp.br\/noticias\/","name":"UNASP Noticias","description":"Centro Universit\u00e1rio Adventista de S\u00e3o Paulo","publisher":{"@id":"https:\/\/unasp.br\/noticias\/#organization"},"potentialAction":[{"@type":"SearchAction","target":{"@type":"EntryPoint","urlTemplate":"https:\/\/unasp.br\/noticias\/?s={search_term_string}"},"query-input":{"@type":"PropertyValueSpecification","valueRequired":true,"valueName":"search_term_string"}}],"inLanguage":"pt-BR"},{"@type":"Organization","@id":"https:\/\/unasp.br\/noticias\/#organization","name":"UNASP Noticias","url":"https:\/\/unasp.br\/noticias\/","logo":{"@type":"ImageObject","inLanguage":"pt-BR","@id":"https:\/\/unasp.br\/noticias\/#\/schema\/logo\/image\/","url":"https:\/\/cdn.unasp.br\/noticias\/wp-content\/uploads\/2021\/09\/09152724\/logo-unasp-news.png","contentUrl":"https:\/\/cdn.unasp.br\/noticias\/wp-content\/uploads\/2021\/09\/09152724\/logo-unasp-news.png","width":240,"height":41,"caption":"UNASP Noticias"},"image":{"@id":"https:\/\/unasp.br\/noticias\/#\/schema\/logo\/image\/"}},{"@type":"Person","@id":"https:\/\/unasp.br\/noticias\/#\/schema\/person\/80f09a3ec674501e6bb13144ffa2489f","name":"Aira Almeida","image":{"@type":"ImageObject","inLanguage":"pt-BR","@id":"https:\/\/unasp.br\/noticias\/#\/schema\/person\/image\/","url":"https:\/\/secure.gravatar.com\/avatar\/e30ea867fdd5a41ec6a0cb350dcd108e?s=96&d=mm&r=g","contentUrl":"https:\/\/secure.gravatar.com\/avatar\/e30ea867fdd5a41ec6a0cb350dcd108e?s=96&d=mm&r=g","caption":"Aira Almeida"},"url":"https:\/\/unasp.br\/noticias\/author\/aira-almeidaedu-unasp-br\/"}]}},"_links":{"self":[{"href":"https:\/\/unasp.br\/noticias\/wp-json\/wp\/v2\/posts\/60501"}],"collection":[{"href":"https:\/\/unasp.br\/noticias\/wp-json\/wp\/v2\/posts"}],"about":[{"href":"https:\/\/unasp.br\/noticias\/wp-json\/wp\/v2\/types\/post"}],"author":[{"embeddable":true,"href":"https:\/\/unasp.br\/noticias\/wp-json\/wp\/v2\/users\/30"}],"replies":[{"embeddable":true,"href":"https:\/\/unasp.br\/noticias\/wp-json\/wp\/v2\/comments?post=60501"}],"version-history":[{"count":3,"href":"https:\/\/unasp.br\/noticias\/wp-json\/wp\/v2\/posts\/60501\/revisions"}],"predecessor-version":[{"id":72997,"href":"https:\/\/unasp.br\/noticias\/wp-json\/wp\/v2\/posts\/60501\/revisions\/72997"}],"wp:featuredmedia":[{"embeddable":true,"href":"https:\/\/unasp.br\/noticias\/wp-json\/wp\/v2\/media\/60502"}],"wp:attachment":[{"href":"https:\/\/unasp.br\/noticias\/wp-json\/wp\/v2\/media?parent=60501"}],"wp:term":[{"taxonomy":"category","embeddable":true,"href":"https:\/\/unasp.br\/noticias\/wp-json\/wp\/v2\/categories?post=60501"},{"taxonomy":"post_tag","embeddable":true,"href":"https:\/\/unasp.br\/noticias\/wp-json\/wp\/v2\/tags?post=60501"}],"curies":[{"name":"wp","href":"https:\/\/api.w.org\/{rel}","templated":true}]}}