{"id":61465,"date":"2019-06-19T12:19:02","date_gmt":"2019-06-19T15:19:02","guid":{"rendered":"https:\/\/www.unasp.br\/noticias\/?p=61465"},"modified":"2019-06-19T12:19:02","modified_gmt":"2019-06-19T15:19:02","slug":"coral-livre-apresenta-projeto-social-atraves-de-musical","status":"publish","type":"post","link":"https:\/\/unasp.br\/noticias\/coral-livre-apresenta-projeto-social-atraves-de-musical\/","title":{"rendered":"Coral Livre apresenta projeto social atrav\u00e9s de musical"},"content":{"rendered":"<p style=\"text-align: center;\"><em><img loading=\"lazy\" decoding=\"async\" class=\"alignnone wp-image-61466\" src=\"https:\/\/www.unasp.br\/noticias\/wp-content\/uploads\/2019\/06\/musical-coral-livre-300x200.jpg\" alt=\"\" width=\"600\" height=\"400\" srcset=\"https:\/\/cdn.unasp.br\/noticias\/wp-content\/uploads\/2019\/06\/19091643\/musical-coral-livre-300x200.jpg 300w, https:\/\/cdn.unasp.br\/noticias\/wp-content\/uploads\/2019\/06\/19091643\/musical-coral-livre-768x512.jpg 768w, https:\/\/cdn.unasp.br\/noticias\/wp-content\/uploads\/2019\/06\/19091643\/musical-coral-livre-1024x683.jpg 1024w, https:\/\/cdn.unasp.br\/noticias\/wp-content\/uploads\/2019\/06\/19091643\/musical-coral-livre-900x600.jpg 900w, https:\/\/cdn.unasp.br\/noticias\/wp-content\/uploads\/2019\/06\/19091643\/musical-coral-livre-1200x800.jpg 1200w, https:\/\/cdn.unasp.br\/noticias\/wp-content\/uploads\/2019\/06\/19091643\/musical-coral-livre-1080x720.jpg 1080w, https:\/\/cdn.unasp.br\/noticias\/wp-content\/uploads\/2019\/06\/19091643\/musical-coral-livre-800x533.jpg 800w, https:\/\/cdn.unasp.br\/noticias\/wp-content\/uploads\/2019\/06\/19091643\/musical-coral-livre-750x500.jpg 750w, https:\/\/cdn.unasp.br\/noticias\/wp-content\/uploads\/2019\/06\/19091643\/musical-coral-livre-720x480.jpg 720w, https:\/\/cdn.unasp.br\/noticias\/wp-content\/uploads\/2019\/06\/19091643\/musical-coral-livre-420x280.jpg 420w, https:\/\/cdn.unasp.br\/noticias\/wp-content\/uploads\/2019\/06\/19091643\/musical-coral-livre-500x333.jpg 500w, https:\/\/cdn.unasp.br\/noticias\/wp-content\/uploads\/2019\/06\/19091643\/musical-coral-livre-400x267.jpg 400w, https:\/\/cdn.unasp.br\/noticias\/wp-content\/uploads\/2019\/06\/19091643\/musical-coral-livre-375x250.jpg 375w, https:\/\/cdn.unasp.br\/noticias\/wp-content\/uploads\/2019\/06\/19091643\/musical-coral-livre-225x150.jpg 225w, https:\/\/cdn.unasp.br\/noticias\/wp-content\/uploads\/2019\/06\/19091643\/musical-coral-livre-175x117.jpg 175w, https:\/\/cdn.unasp.br\/noticias\/wp-content\/uploads\/2019\/06\/19091643\/musical-coral-livre-200x133.jpg 200w, https:\/\/cdn.unasp.br\/noticias\/wp-content\/uploads\/2019\/06\/19091643\/musical-coral-livre.jpg 2048w\" sizes=\"(max-width: 600px) 100vw, 600px\" \/><\/em><\/p>\n<p style=\"text-align: center;\"><em>Recital faz parte de projeto realizado pelo grupo do Unasp nas ruas de S\u00e3o Paulo<\/em><\/p>\n<p style=\"text-align: justify;\">Na ter\u00e7a-feira (18) o grupo musical coral Livre apresentou o recital \u201cNo olho da rua\u201d. A programa\u00e7\u00e3o aconteceu no Centro Universit\u00e1rio Adventista de S\u00e3o Paulo (Unasp), campus Engenheiro Coelho. O coral \u00e9 uma extens\u00e3o do grupo Vocal Livre que tem o objetivo de desenvolver projetos diferenciados promovidos pelo minist\u00e9rio do Vocal.<\/p>\n<p style=\"text-align: justify;\">\u201cNo olho da rua\u201d \u00e9 um projeto do coral que visa cantar em lugares p\u00fablicos e assim ter um contato mais pr\u00f3ximo com outras pessoas. O repert\u00f3rio foi composto pelo m\u00fasico e compositor Pedro Valen\u00e7a. \u201cEsse projeto tem sido uma experi\u00eancia muito gratificante e a gente queria compartilhar isso aqui, onde tudo come\u00e7ou\u201d, afirma.<\/p>\n<p style=\"text-align: justify;\">As m\u00fasicas Eles se amam, A come\u00e7ar em mim, Quem de n\u00f3s e Eu vou chegar foram algumas das can\u00e7\u00f5es apresentas no musical. Para o aluno de R\u00e1dio e TV Gabriel Fonseca, conhecer o repert\u00f3rio lhe proporcionou participa\u00e7\u00e3o no programa ao cantar junto com o coral e divers\u00e3o. Ele tamb\u00e9m relata a admira\u00e7\u00e3o pelo novo projeto. \u201cEu acho que \u00e9 uma forma muito \u00fatil de se levar uma mensagem a pessoas que n\u00e3o necessariamente frequentem templos ou locais mais espec\u00edficos, onde geralmente esse tipo de grupo de apresenta. Acho que poder tocar o cora\u00e7\u00e3o de algu\u00e9m que talvez voc\u00ea nunca mais veja na vida \u00e9 algo lindo, e o coral livre consegue isso com esse projeto\u201d, declara.<\/p>\n","protected":false},"excerpt":{"rendered":"<p>Recital faz parte de projeto realizado pelo grupo do Unasp nas ruas de S\u00e3o Paulo Na ter\u00e7a-feira [&hellip;]<\/p>\n","protected":false},"author":80,"featured_media":61467,"comment_status":"open","ping_status":"open","sticky":false,"template":"","format":"standard","meta":{"footnotes":""},"categories":[10],"tags":[],"yoast_head":"<!-- This site is optimized with the Yoast SEO plugin v23.5 - https:\/\/yoast.com\/wordpress\/plugins\/seo\/ -->\n<title>Coral Livre apresenta musical especial no Unasp<\/title>\n<meta name=\"description\" content=\"Na ter\u00e7a-feira (18) o grupo musical coral Livre apresentou o recital \u201cNo olho da rua\u201d. A programa\u00e7\u00e3o aconteceu no Unasp, campus Engenheiro Coelho.\" \/>\n<meta name=\"robots\" content=\"index, follow, max-snippet:-1, max-image-preview:large, max-video-preview:-1\" \/>\n<link rel=\"canonical\" href=\"https:\/\/unasp.br\/noticias\/coral-livre-apresenta-projeto-social-atraves-de-musical\/\" \/>\n<meta property=\"og:locale\" content=\"pt_BR\" \/>\n<meta property=\"og:type\" content=\"article\" \/>\n<meta property=\"og:title\" content=\"Coral Livre apresenta musical especial no Unasp\" \/>\n<meta property=\"og:description\" content=\"Na ter\u00e7a-feira (18) o grupo musical coral Livre apresentou o recital \u201cNo olho da rua\u201d. A programa\u00e7\u00e3o aconteceu no Unasp, campus Engenheiro Coelho.\" \/>\n<meta property=\"og:url\" content=\"https:\/\/unasp.br\/noticias\/coral-livre-apresenta-projeto-social-atraves-de-musical\/\" \/>\n<meta property=\"og:site_name\" content=\"UNASP Noticias\" \/>\n<meta property=\"article:published_time\" content=\"2019-06-19T15:19:02+00:00\" \/>\n<meta property=\"og:image\" content=\"https:\/\/cdn.unasp.br\/noticias\/wp-content\/uploads\/2019\/06\/19091732\/musical-coral-livre1.jpg\" \/>\n\t<meta property=\"og:image:width\" content=\"2048\" \/>\n\t<meta property=\"og:image:height\" content=\"1365\" \/>\n\t<meta property=\"og:image:type\" content=\"image\/jpeg\" \/>\n<meta name=\"author\" content=\"UNASP - TI-DESENVOLVIMENTO\" \/>\n<meta name=\"twitter:card\" content=\"summary_large_image\" \/>\n<meta name=\"twitter:label1\" content=\"Escrito por\" \/>\n\t<meta name=\"twitter:data1\" content=\"UNASP - TI-DESENVOLVIMENTO\" \/>\n\t<meta name=\"twitter:label2\" content=\"Est. tempo de leitura\" \/>\n\t<meta name=\"twitter:data2\" content=\"1 minuto\" \/>\n<script type=\"application\/ld+json\" class=\"yoast-schema-graph\">{\"@context\":\"https:\/\/schema.org\",\"@graph\":[{\"@type\":\"Article\",\"@id\":\"https:\/\/unasp.br\/noticias\/coral-livre-apresenta-projeto-social-atraves-de-musical\/#article\",\"isPartOf\":{\"@id\":\"https:\/\/unasp.br\/noticias\/coral-livre-apresenta-projeto-social-atraves-de-musical\/\"},\"author\":{\"name\":\"UNASP - TI-DESENVOLVIMENTO\",\"@id\":\"https:\/\/unasp.br\/noticias\/#\/schema\/person\/e3b8f8e8b1d3759eda9f61d2bb12b6d7\"},\"headline\":\"Coral Livre apresenta projeto social atrav\u00e9s de musical\",\"datePublished\":\"2019-06-19T15:19:02+00:00\",\"dateModified\":\"2019-06-19T15:19:02+00:00\",\"mainEntityOfPage\":{\"@id\":\"https:\/\/unasp.br\/noticias\/coral-livre-apresenta-projeto-social-atraves-de-musical\/\"},\"wordCount\":269,\"commentCount\":0,\"publisher\":{\"@id\":\"https:\/\/unasp.br\/noticias\/#organization\"},\"image\":{\"@id\":\"https:\/\/unasp.br\/noticias\/coral-livre-apresenta-projeto-social-atraves-de-musical\/#primaryimage\"},\"thumbnailUrl\":\"https:\/\/cdn.unasp.br\/noticias\/wp-content\/uploads\/2019\/06\/19091732\/musical-coral-livre1.jpg\",\"articleSection\":[\"Impacto Social\"],\"inLanguage\":\"pt-BR\",\"potentialAction\":[{\"@type\":\"CommentAction\",\"name\":\"Comment\",\"target\":[\"https:\/\/unasp.br\/noticias\/coral-livre-apresenta-projeto-social-atraves-de-musical\/#respond\"]}]},{\"@type\":\"WebPage\",\"@id\":\"https:\/\/unasp.br\/noticias\/coral-livre-apresenta-projeto-social-atraves-de-musical\/\",\"url\":\"https:\/\/unasp.br\/noticias\/coral-livre-apresenta-projeto-social-atraves-de-musical\/\",\"name\":\"Coral Livre apresenta musical especial no Unasp\",\"isPartOf\":{\"@id\":\"https:\/\/unasp.br\/noticias\/#website\"},\"primaryImageOfPage\":{\"@id\":\"https:\/\/unasp.br\/noticias\/coral-livre-apresenta-projeto-social-atraves-de-musical\/#primaryimage\"},\"image\":{\"@id\":\"https:\/\/unasp.br\/noticias\/coral-livre-apresenta-projeto-social-atraves-de-musical\/#primaryimage\"},\"thumbnailUrl\":\"https:\/\/cdn.unasp.br\/noticias\/wp-content\/uploads\/2019\/06\/19091732\/musical-coral-livre1.jpg\",\"datePublished\":\"2019-06-19T15:19:02+00:00\",\"dateModified\":\"2019-06-19T15:19:02+00:00\",\"description\":\"Na ter\u00e7a-feira (18) o grupo musical coral Livre apresentou o recital \u201cNo olho da rua\u201d. A programa\u00e7\u00e3o aconteceu no Unasp, campus Engenheiro Coelho.\",\"breadcrumb\":{\"@id\":\"https:\/\/unasp.br\/noticias\/coral-livre-apresenta-projeto-social-atraves-de-musical\/#breadcrumb\"},\"inLanguage\":\"pt-BR\",\"potentialAction\":[{\"@type\":\"ReadAction\",\"target\":[\"https:\/\/unasp.br\/noticias\/coral-livre-apresenta-projeto-social-atraves-de-musical\/\"]}]},{\"@type\":\"ImageObject\",\"inLanguage\":\"pt-BR\",\"@id\":\"https:\/\/unasp.br\/noticias\/coral-livre-apresenta-projeto-social-atraves-de-musical\/#primaryimage\",\"url\":\"https:\/\/cdn.unasp.br\/noticias\/wp-content\/uploads\/2019\/06\/19091732\/musical-coral-livre1.jpg\",\"contentUrl\":\"https:\/\/cdn.unasp.br\/noticias\/wp-content\/uploads\/2019\/06\/19091732\/musical-coral-livre1.jpg\",\"width\":2048,\"height\":1365},{\"@type\":\"BreadcrumbList\",\"@id\":\"https:\/\/unasp.br\/noticias\/coral-livre-apresenta-projeto-social-atraves-de-musical\/#breadcrumb\",\"itemListElement\":[{\"@type\":\"ListItem\",\"position\":1,\"name\":\"In\u00edcio\",\"item\":\"https:\/\/unasp.br\/noticias\/\"},{\"@type\":\"ListItem\",\"position\":2,\"name\":\"Coral Livre apresenta projeto social atrav\u00e9s de musical\"}]},{\"@type\":\"WebSite\",\"@id\":\"https:\/\/unasp.br\/noticias\/#website\",\"url\":\"https:\/\/unasp.br\/noticias\/\",\"name\":\"UNASP Noticias\",\"description\":\"Centro Universit\u00e1rio Adventista de S\u00e3o Paulo\",\"publisher\":{\"@id\":\"https:\/\/unasp.br\/noticias\/#organization\"},\"potentialAction\":[{\"@type\":\"SearchAction\",\"target\":{\"@type\":\"EntryPoint\",\"urlTemplate\":\"https:\/\/unasp.br\/noticias\/?s={search_term_string}\"},\"query-input\":{\"@type\":\"PropertyValueSpecification\",\"valueRequired\":true,\"valueName\":\"search_term_string\"}}],\"inLanguage\":\"pt-BR\"},{\"@type\":\"Organization\",\"@id\":\"https:\/\/unasp.br\/noticias\/#organization\",\"name\":\"UNASP Noticias\",\"url\":\"https:\/\/unasp.br\/noticias\/\",\"logo\":{\"@type\":\"ImageObject\",\"inLanguage\":\"pt-BR\",\"@id\":\"https:\/\/unasp.br\/noticias\/#\/schema\/logo\/image\/\",\"url\":\"https:\/\/cdn.unasp.br\/noticias\/wp-content\/uploads\/2021\/09\/09152724\/logo-unasp-news.png\",\"contentUrl\":\"https:\/\/cdn.unasp.br\/noticias\/wp-content\/uploads\/2021\/09\/09152724\/logo-unasp-news.png\",\"width\":240,\"height\":41,\"caption\":\"UNASP Noticias\"},\"image\":{\"@id\":\"https:\/\/unasp.br\/noticias\/#\/schema\/logo\/image\/\"}},{\"@type\":\"Person\",\"@id\":\"https:\/\/unasp.br\/noticias\/#\/schema\/person\/e3b8f8e8b1d3759eda9f61d2bb12b6d7\",\"name\":\"UNASP - TI-DESENVOLVIMENTO\",\"image\":{\"@type\":\"ImageObject\",\"inLanguage\":\"pt-BR\",\"@id\":\"https:\/\/unasp.br\/noticias\/#\/schema\/person\/image\/\",\"url\":\"https:\/\/secure.gravatar.com\/avatar\/88a02b7e6ee37f47de0ecad3877878b0?s=96&d=mm&r=g\",\"contentUrl\":\"https:\/\/secure.gravatar.com\/avatar\/88a02b7e6ee37f47de0ecad3877878b0?s=96&d=mm&r=g\",\"caption\":\"UNASP - TI-DESENVOLVIMENTO\"},\"url\":\"https:\/\/unasp.br\/noticias\/author\/admindefault-com\/\"}]}<\/script>\n<!-- \/ Yoast SEO plugin. -->","yoast_head_json":{"title":"Coral Livre apresenta musical especial no Unasp","description":"Na ter\u00e7a-feira (18) o grupo musical coral Livre apresentou o recital \u201cNo olho da rua\u201d. A programa\u00e7\u00e3o aconteceu no Unasp, campus Engenheiro Coelho.","robots":{"index":"index","follow":"follow","max-snippet":"max-snippet:-1","max-image-preview":"max-image-preview:large","max-video-preview":"max-video-preview:-1"},"canonical":"https:\/\/unasp.br\/noticias\/coral-livre-apresenta-projeto-social-atraves-de-musical\/","og_locale":"pt_BR","og_type":"article","og_title":"Coral Livre apresenta musical especial no Unasp","og_description":"Na ter\u00e7a-feira (18) o grupo musical coral Livre apresentou o recital \u201cNo olho da rua\u201d. A programa\u00e7\u00e3o aconteceu no Unasp, campus Engenheiro Coelho.","og_url":"https:\/\/unasp.br\/noticias\/coral-livre-apresenta-projeto-social-atraves-de-musical\/","og_site_name":"UNASP Noticias","article_published_time":"2019-06-19T15:19:02+00:00","og_image":[{"width":2048,"height":1365,"url":"https:\/\/cdn.unasp.br\/noticias\/wp-content\/uploads\/2019\/06\/19091732\/musical-coral-livre1.jpg","type":"image\/jpeg"}],"author":"UNASP - TI-DESENVOLVIMENTO","twitter_card":"summary_large_image","twitter_misc":{"Escrito por":"UNASP - TI-DESENVOLVIMENTO","Est. tempo de leitura":"1 minuto"},"schema":{"@context":"https:\/\/schema.org","@graph":[{"@type":"Article","@id":"https:\/\/unasp.br\/noticias\/coral-livre-apresenta-projeto-social-atraves-de-musical\/#article","isPartOf":{"@id":"https:\/\/unasp.br\/noticias\/coral-livre-apresenta-projeto-social-atraves-de-musical\/"},"author":{"name":"UNASP - TI-DESENVOLVIMENTO","@id":"https:\/\/unasp.br\/noticias\/#\/schema\/person\/e3b8f8e8b1d3759eda9f61d2bb12b6d7"},"headline":"Coral Livre apresenta projeto social atrav\u00e9s de musical","datePublished":"2019-06-19T15:19:02+00:00","dateModified":"2019-06-19T15:19:02+00:00","mainEntityOfPage":{"@id":"https:\/\/unasp.br\/noticias\/coral-livre-apresenta-projeto-social-atraves-de-musical\/"},"wordCount":269,"commentCount":0,"publisher":{"@id":"https:\/\/unasp.br\/noticias\/#organization"},"image":{"@id":"https:\/\/unasp.br\/noticias\/coral-livre-apresenta-projeto-social-atraves-de-musical\/#primaryimage"},"thumbnailUrl":"https:\/\/cdn.unasp.br\/noticias\/wp-content\/uploads\/2019\/06\/19091732\/musical-coral-livre1.jpg","articleSection":["Impacto Social"],"inLanguage":"pt-BR","potentialAction":[{"@type":"CommentAction","name":"Comment","target":["https:\/\/unasp.br\/noticias\/coral-livre-apresenta-projeto-social-atraves-de-musical\/#respond"]}]},{"@type":"WebPage","@id":"https:\/\/unasp.br\/noticias\/coral-livre-apresenta-projeto-social-atraves-de-musical\/","url":"https:\/\/unasp.br\/noticias\/coral-livre-apresenta-projeto-social-atraves-de-musical\/","name":"Coral Livre apresenta musical especial no Unasp","isPartOf":{"@id":"https:\/\/unasp.br\/noticias\/#website"},"primaryImageOfPage":{"@id":"https:\/\/unasp.br\/noticias\/coral-livre-apresenta-projeto-social-atraves-de-musical\/#primaryimage"},"image":{"@id":"https:\/\/unasp.br\/noticias\/coral-livre-apresenta-projeto-social-atraves-de-musical\/#primaryimage"},"thumbnailUrl":"https:\/\/cdn.unasp.br\/noticias\/wp-content\/uploads\/2019\/06\/19091732\/musical-coral-livre1.jpg","datePublished":"2019-06-19T15:19:02+00:00","dateModified":"2019-06-19T15:19:02+00:00","description":"Na ter\u00e7a-feira (18) o grupo musical coral Livre apresentou o recital \u201cNo olho da rua\u201d. A programa\u00e7\u00e3o aconteceu no Unasp, campus Engenheiro Coelho.","breadcrumb":{"@id":"https:\/\/unasp.br\/noticias\/coral-livre-apresenta-projeto-social-atraves-de-musical\/#breadcrumb"},"inLanguage":"pt-BR","potentialAction":[{"@type":"ReadAction","target":["https:\/\/unasp.br\/noticias\/coral-livre-apresenta-projeto-social-atraves-de-musical\/"]}]},{"@type":"ImageObject","inLanguage":"pt-BR","@id":"https:\/\/unasp.br\/noticias\/coral-livre-apresenta-projeto-social-atraves-de-musical\/#primaryimage","url":"https:\/\/cdn.unasp.br\/noticias\/wp-content\/uploads\/2019\/06\/19091732\/musical-coral-livre1.jpg","contentUrl":"https:\/\/cdn.unasp.br\/noticias\/wp-content\/uploads\/2019\/06\/19091732\/musical-coral-livre1.jpg","width":2048,"height":1365},{"@type":"BreadcrumbList","@id":"https:\/\/unasp.br\/noticias\/coral-livre-apresenta-projeto-social-atraves-de-musical\/#breadcrumb","itemListElement":[{"@type":"ListItem","position":1,"name":"In\u00edcio","item":"https:\/\/unasp.br\/noticias\/"},{"@type":"ListItem","position":2,"name":"Coral Livre apresenta projeto social atrav\u00e9s de musical"}]},{"@type":"WebSite","@id":"https:\/\/unasp.br\/noticias\/#website","url":"https:\/\/unasp.br\/noticias\/","name":"UNASP Noticias","description":"Centro Universit\u00e1rio Adventista de S\u00e3o Paulo","publisher":{"@id":"https:\/\/unasp.br\/noticias\/#organization"},"potentialAction":[{"@type":"SearchAction","target":{"@type":"EntryPoint","urlTemplate":"https:\/\/unasp.br\/noticias\/?s={search_term_string}"},"query-input":{"@type":"PropertyValueSpecification","valueRequired":true,"valueName":"search_term_string"}}],"inLanguage":"pt-BR"},{"@type":"Organization","@id":"https:\/\/unasp.br\/noticias\/#organization","name":"UNASP Noticias","url":"https:\/\/unasp.br\/noticias\/","logo":{"@type":"ImageObject","inLanguage":"pt-BR","@id":"https:\/\/unasp.br\/noticias\/#\/schema\/logo\/image\/","url":"https:\/\/cdn.unasp.br\/noticias\/wp-content\/uploads\/2021\/09\/09152724\/logo-unasp-news.png","contentUrl":"https:\/\/cdn.unasp.br\/noticias\/wp-content\/uploads\/2021\/09\/09152724\/logo-unasp-news.png","width":240,"height":41,"caption":"UNASP Noticias"},"image":{"@id":"https:\/\/unasp.br\/noticias\/#\/schema\/logo\/image\/"}},{"@type":"Person","@id":"https:\/\/unasp.br\/noticias\/#\/schema\/person\/e3b8f8e8b1d3759eda9f61d2bb12b6d7","name":"UNASP - TI-DESENVOLVIMENTO","image":{"@type":"ImageObject","inLanguage":"pt-BR","@id":"https:\/\/unasp.br\/noticias\/#\/schema\/person\/image\/","url":"https:\/\/secure.gravatar.com\/avatar\/88a02b7e6ee37f47de0ecad3877878b0?s=96&d=mm&r=g","contentUrl":"https:\/\/secure.gravatar.com\/avatar\/88a02b7e6ee37f47de0ecad3877878b0?s=96&d=mm&r=g","caption":"UNASP - TI-DESENVOLVIMENTO"},"url":"https:\/\/unasp.br\/noticias\/author\/admindefault-com\/"}]}},"_links":{"self":[{"href":"https:\/\/unasp.br\/noticias\/wp-json\/wp\/v2\/posts\/61465"}],"collection":[{"href":"https:\/\/unasp.br\/noticias\/wp-json\/wp\/v2\/posts"}],"about":[{"href":"https:\/\/unasp.br\/noticias\/wp-json\/wp\/v2\/types\/post"}],"author":[{"embeddable":true,"href":"https:\/\/unasp.br\/noticias\/wp-json\/wp\/v2\/users\/80"}],"replies":[{"embeddable":true,"href":"https:\/\/unasp.br\/noticias\/wp-json\/wp\/v2\/comments?post=61465"}],"version-history":[{"count":1,"href":"https:\/\/unasp.br\/noticias\/wp-json\/wp\/v2\/posts\/61465\/revisions"}],"predecessor-version":[{"id":61468,"href":"https:\/\/unasp.br\/noticias\/wp-json\/wp\/v2\/posts\/61465\/revisions\/61468"}],"wp:featuredmedia":[{"embeddable":true,"href":"https:\/\/unasp.br\/noticias\/wp-json\/wp\/v2\/media\/61467"}],"wp:attachment":[{"href":"https:\/\/unasp.br\/noticias\/wp-json\/wp\/v2\/media?parent=61465"}],"wp:term":[{"taxonomy":"category","embeddable":true,"href":"https:\/\/unasp.br\/noticias\/wp-json\/wp\/v2\/categories?post=61465"},{"taxonomy":"post_tag","embeddable":true,"href":"https:\/\/unasp.br\/noticias\/wp-json\/wp\/v2\/tags?post=61465"}],"curies":[{"name":"wp","href":"https:\/\/api.w.org\/{rel}","templated":true}]}}