{"id":63311,"date":"2019-07-19T11:15:52","date_gmt":"2019-07-19T14:15:52","guid":{"rendered":"https:\/\/www.unasp.br\/noticias\/?p=63311"},"modified":"2019-07-19T11:19:55","modified_gmt":"2019-07-19T14:19:55","slug":"universitarios-do-unasp-dedicam-periodo-de-ferias-para-voluntariado","status":"publish","type":"post","link":"https:\/\/unasp.br\/noticias\/universitarios-do-unasp-dedicam-periodo-de-ferias-para-voluntariado\/","title":{"rendered":"Universit\u00e1rios do Unasp dedicam per\u00edodo de f\u00e9rias para voluntariado"},"content":{"rendered":"<p><img loading=\"lazy\" decoding=\"async\" class=\"aligncenter wp-image-63312\" src=\"https:\/\/www.unasp.br\/noticias\/wp-content\/uploads\/2019\/07\/missao-unasp-etam070-300x199.jpg\" alt=\"\" width=\"600\" height=\"399\" srcset=\"https:\/\/cdn.unasp.br\/noticias\/wp-content\/uploads\/2019\/07\/19080620\/missao-unasp-etam070-300x199.jpg 300w, https:\/\/cdn.unasp.br\/noticias\/wp-content\/uploads\/2019\/07\/19080620\/missao-unasp-etam070-768x510.jpg 768w, https:\/\/cdn.unasp.br\/noticias\/wp-content\/uploads\/2019\/07\/19080620\/missao-unasp-etam070-800x532.jpg 800w, https:\/\/cdn.unasp.br\/noticias\/wp-content\/uploads\/2019\/07\/19080620\/missao-unasp-etam070-750x498.jpg 750w, https:\/\/cdn.unasp.br\/noticias\/wp-content\/uploads\/2019\/07\/19080620\/missao-unasp-etam070-720x478.jpg 720w, https:\/\/cdn.unasp.br\/noticias\/wp-content\/uploads\/2019\/07\/19080620\/missao-unasp-etam070-421x280.jpg 421w, https:\/\/cdn.unasp.br\/noticias\/wp-content\/uploads\/2019\/07\/19080620\/missao-unasp-etam070-500x332.jpg 500w, https:\/\/cdn.unasp.br\/noticias\/wp-content\/uploads\/2019\/07\/19080620\/missao-unasp-etam070-400x266.jpg 400w, https:\/\/cdn.unasp.br\/noticias\/wp-content\/uploads\/2019\/07\/19080620\/missao-unasp-etam070-376x250.jpg 376w, https:\/\/cdn.unasp.br\/noticias\/wp-content\/uploads\/2019\/07\/19080620\/missao-unasp-etam070-301x200.jpg 301w, https:\/\/cdn.unasp.br\/noticias\/wp-content\/uploads\/2019\/07\/19080620\/missao-unasp-etam070-226x150.jpg 226w, https:\/\/cdn.unasp.br\/noticias\/wp-content\/uploads\/2019\/07\/19080620\/missao-unasp-etam070-175x116.jpg 175w, https:\/\/cdn.unasp.br\/noticias\/wp-content\/uploads\/2019\/07\/19080620\/missao-unasp-etam070-200x133.jpg 200w, https:\/\/cdn.unasp.br\/noticias\/wp-content\/uploads\/2019\/07\/19080620\/missao-unasp-etam070.jpg 900w\" sizes=\"(max-width: 600px) 100vw, 600px\" \/><\/p>\n<p style=\"text-align: center;\"><em>Seja em outros pa\u00edses ou at\u00e9 mesmo no Brasil, estudantes e professores dedicaram o m\u00eas de julho em projetos volunt\u00e1rios<\/em><\/p>\n<p style=\"text-align: justify;\">O per\u00edodo de f\u00e9rias para alguns professores e universit\u00e1rios do Centro Universit\u00e1rio Adventista de S\u00e3o Paulo (Unasp), campus Engenheiro Coelho, foi de engajamento e ajuda ao pr\u00f3ximo por meio dos projetos de voluntariado organizados atrav\u00e9s do N\u00facleo de Miss\u00f5es da institui\u00e7\u00e3o.<\/p>\n<p style=\"text-align: justify;\">Essa escolha implica na decis\u00e3o de abandonar o conforto do lar e viajar para outro pa\u00eds, ou at\u00e9 mesmo Estado do Brasil com cultura totalmente oposta, para ajudar a quem precisa. Oferecer atendimento m\u00e9dico, contar hist\u00f3ria para crian\u00e7as, ajudar na constru\u00e7\u00e3o de escolas em lugares remotos s\u00e3o algumas das atitudes desenvolvidas por esses volunt\u00e1rios.<\/p>\n<p style=\"text-align: justify;\">Foram semanas em que criaram sonhos constru\u00edram amizades e escreveram junto com outras pessoas hist\u00f3rias inesquec\u00edveis. Cada relato vem de um lugar diferente do globo terrestre.<\/p>\n<p style=\"text-align: justify;\"><strong>Chipre<\/strong><\/p>\n<div id=\"attachment_63313\" style=\"width: 310px\" class=\"wp-caption alignleft\"><img loading=\"lazy\" decoding=\"async\" aria-describedby=\"caption-attachment-63313\" class=\"wp-image-63313 size-medium\" src=\"https:\/\/www.unasp.br\/noticias\/wp-content\/uploads\/2019\/07\/miss\u00e3o-chipre-2019.jpeg\" alt=\"\" width=\"300\" height=\"225\" srcset=\"https:\/\/cdn.unasp.br\/noticias\/wp-content\/uploads\/2019\/07\/19080715\/miss%C3%A3o-chipre-2019.jpeg 1280w, https:\/\/cdn.unasp.br\/noticias\/wp-content\/uploads\/2019\/07\/19080715\/miss%C3%A3o-chipre-2019-300x225.jpeg 300w, https:\/\/cdn.unasp.br\/noticias\/wp-content\/uploads\/2019\/07\/19080715\/miss%C3%A3o-chipre-2019-768x575.jpeg 768w, https:\/\/cdn.unasp.br\/noticias\/wp-content\/uploads\/2019\/07\/19080715\/miss%C3%A3o-chipre-2019-1024x766.jpeg 1024w, https:\/\/cdn.unasp.br\/noticias\/wp-content\/uploads\/2019\/07\/19080715\/miss%C3%A3o-chipre-2019-802x600.jpeg 802w, https:\/\/cdn.unasp.br\/noticias\/wp-content\/uploads\/2019\/07\/19080715\/miss%C3%A3o-chipre-2019-1069x800.jpeg 1069w, https:\/\/cdn.unasp.br\/noticias\/wp-content\/uploads\/2019\/07\/19080715\/miss%C3%A3o-chipre-2019-962x720.jpeg 962w, https:\/\/cdn.unasp.br\/noticias\/wp-content\/uploads\/2019\/07\/19080715\/miss%C3%A3o-chipre-2019-800x599.jpeg 800w, https:\/\/cdn.unasp.br\/noticias\/wp-content\/uploads\/2019\/07\/19080715\/miss%C3%A3o-chipre-2019-668x500.jpeg 668w, https:\/\/cdn.unasp.br\/noticias\/wp-content\/uploads\/2019\/07\/19080715\/miss%C3%A3o-chipre-2019-641x480.jpeg 641w, https:\/\/cdn.unasp.br\/noticias\/wp-content\/uploads\/2019\/07\/19080715\/miss%C3%A3o-chipre-2019-374x280.jpeg 374w, https:\/\/cdn.unasp.br\/noticias\/wp-content\/uploads\/2019\/07\/19080715\/miss%C3%A3o-chipre-2019-500x374.jpeg 500w, https:\/\/cdn.unasp.br\/noticias\/wp-content\/uploads\/2019\/07\/19080715\/miss%C3%A3o-chipre-2019-400x299.jpeg 400w, https:\/\/cdn.unasp.br\/noticias\/wp-content\/uploads\/2019\/07\/19080715\/miss%C3%A3o-chipre-2019-334x250.jpeg 334w, https:\/\/cdn.unasp.br\/noticias\/wp-content\/uploads\/2019\/07\/19080715\/miss%C3%A3o-chipre-2019-267x200.jpeg 267w, https:\/\/cdn.unasp.br\/noticias\/wp-content\/uploads\/2019\/07\/19080715\/miss%C3%A3o-chipre-2019-200x150.jpeg 200w, https:\/\/cdn.unasp.br\/noticias\/wp-content\/uploads\/2019\/07\/19080715\/miss%C3%A3o-chipre-2019-175x131.jpeg 175w\" sizes=\"(max-width: 300px) 100vw, 300px\" \/><p id=\"caption-attachment-63313\" class=\"wp-caption-text\">Grupo de volunt\u00e1rios participantes da Miss\u00e3o Chipre 2019.<\/p><\/div>\n<p style=\"text-align: justify;\">A primeira hist\u00f3ria vem do continente europeu. O destino escolhido, pelo segundo ano consecutivo, foi o Chipre. Uma ilha europeia, antiga col\u00f4nia brit\u00e2nica, que serve de ref\u00fagio para imigrantes de diversos pa\u00edses. As a\u00e7\u00f5es oferecidas serviram a popula\u00e7\u00e3o da pequena ilha. Foram feiras de sa\u00fade \u00e0 popula\u00e7\u00e3o e Escola de F\u00e9rias para as crian\u00e7as da localidade.<\/p>\n<p style=\"text-align: justify;\">Os cipriotas t\u00eam a marca da receptividade com seus visitantes. Para a universit\u00e1ria Yasmim, participar do projeto foi uma experi\u00eancia que ir\u00e1 guardar na mem\u00f3ria. \u201cEssa miss\u00e3o foi sensacional. Foi muito cansativo tamb\u00e9m. Mas tem hist\u00f3ria que eu vou levar pro resto da minha vida, como a visita \u00e0 casa de uma fam\u00edlia refugiada que veio da S\u00edria, em que em horas eu me apeguei muito com a crian\u00e7a, ela demorou para largar e chorou quando fui embora, ali doeu muito meu cora\u00e7\u00e3o.\u00c9 muito incr\u00edvel como pequenos atos mudam a vida de uma crian\u00e7a por completo \u201d, lembra a estudante de Direito Yasmin de Freitas.<\/p>\n<div id=\"attachment_63322\" style=\"width: 235px\" class=\"wp-caption alignright\"><img loading=\"lazy\" decoding=\"async\" aria-describedby=\"caption-attachment-63322\" class=\"wp-image-63322 size-medium\" src=\"https:\/\/www.unasp.br\/noticias\/wp-content\/uploads\/2019\/07\/miss\u00e3o-chipre-20191.jpeg\" alt=\"\" width=\"225\" height=\"300\" srcset=\"https:\/\/cdn.unasp.br\/noticias\/wp-content\/uploads\/2019\/07\/19081418\/miss%C3%A3o-chipre-20191.jpeg 960w, https:\/\/cdn.unasp.br\/noticias\/wp-content\/uploads\/2019\/07\/19081418\/miss%C3%A3o-chipre-20191-225x300.jpeg 225w, https:\/\/cdn.unasp.br\/noticias\/wp-content\/uploads\/2019\/07\/19081418\/miss%C3%A3o-chipre-20191-768x1024.jpeg 768w, https:\/\/cdn.unasp.br\/noticias\/wp-content\/uploads\/2019\/07\/19081418\/miss%C3%A3o-chipre-20191-450x600.jpeg 450w, https:\/\/cdn.unasp.br\/noticias\/wp-content\/uploads\/2019\/07\/19081418\/miss%C3%A3o-chipre-20191-600x800.jpeg 600w, https:\/\/cdn.unasp.br\/noticias\/wp-content\/uploads\/2019\/07\/19081418\/miss%C3%A3o-chipre-20191-540x720.jpeg 540w, https:\/\/cdn.unasp.br\/noticias\/wp-content\/uploads\/2019\/07\/19081418\/miss%C3%A3o-chipre-20191-375x500.jpeg 375w, https:\/\/cdn.unasp.br\/noticias\/wp-content\/uploads\/2019\/07\/19081418\/miss%C3%A3o-chipre-20191-360x480.jpeg 360w, https:\/\/cdn.unasp.br\/noticias\/wp-content\/uploads\/2019\/07\/19081418\/miss%C3%A3o-chipre-20191-210x280.jpeg 210w, https:\/\/cdn.unasp.br\/noticias\/wp-content\/uploads\/2019\/07\/19081418\/miss%C3%A3o-chipre-20191-300x400.jpeg 300w, https:\/\/cdn.unasp.br\/noticias\/wp-content\/uploads\/2019\/07\/19081418\/miss%C3%A3o-chipre-20191-188x250.jpeg 188w, https:\/\/cdn.unasp.br\/noticias\/wp-content\/uploads\/2019\/07\/19081418\/miss%C3%A3o-chipre-20191-150x200.jpeg 150w, https:\/\/cdn.unasp.br\/noticias\/wp-content\/uploads\/2019\/07\/19081418\/miss%C3%A3o-chipre-20191-113x150.jpeg 113w, https:\/\/cdn.unasp.br\/noticias\/wp-content\/uploads\/2019\/07\/19081418\/miss%C3%A3o-chipre-20191-175x233.jpeg 175w\" sizes=\"(max-width: 225px) 100vw, 225px\" \/><p id=\"caption-attachment-63322\" class=\"wp-caption-text\">A Escola de F\u00e9rias faz parte do projeto realizado no Chipre.<\/p><\/div>\n<p style=\"text-align: justify;\">Ao todo 11 volunt\u00e1rios divididos em estudantes, professores e profissionais estiveram contribuindo no projeto realizado na cidade de Lanarka no Chipre. As feiras de sa\u00fade atenderam uma m\u00e9dia de 100 pessoas por noite. J\u00e1 a Escola de f\u00e9rias recebeu 35 crian\u00e7as periodicamente.<\/p>\n<p style=\"text-align: justify;\"><strong>Alb\u00e2nia<\/strong><\/p>\n<p style=\"text-align: justify;\">Ainda na Europa, nosso destino chega at\u00e9 a Alb\u00e2nia. O pequeno pa\u00eds montanhoso foi marcado pela presen\u00e7a dos mission\u00e1rios do Unasp. A Alb\u00e2nia faz fronteira com a Gr\u00e9cia, Maced\u00f4nia, S\u00e9rvia e Montenegro. Assim como a miss\u00e3o no Chipre, o projeto na Alb\u00e2nia est\u00e1 em sua segunda edi\u00e7\u00e3o.<\/p>\n<p style=\"text-align: justify;\">Essa caracter\u00edstica demonstra a fidelidade dos projetos mission\u00e1rios desenvolvidos pelo n\u00facleo de miss\u00f5es do Centro Universit\u00e1rio Adventista de S\u00e3o Paulo. Os volunt\u00e1rios envolvidos realizaram feiras de sa\u00fade e Escola de F\u00e9rias para as crian\u00e7as.<\/p>\n<p style=\"text-align: justify;\"><strong>Amaz\u00f4nia<\/strong><\/p>\n<p style=\"text-align: justify;\">A Miss\u00e3o Amazonas \u00e9 uma prova de que n\u00e3o \u00e9 preciso cruzar o oceano atl\u00e2ntico para ajudar ao pr\u00f3ximo. Em 2018 uma das rotas dos volunt\u00e1rios do Unasp se comprometeu em fazer a diferen\u00e7a em um dos lugares mais remotos do Brasil. Este ano, um grupo de 35 pessoas partiu rumo \u00e0 cidade de Nova Jerusal\u00e9m, Amazonas.<\/p>\n<p style=\"text-align: justify;\">\u201cA inten\u00e7\u00e3o principal era trabalhar em melhorias na Escola T\u00e9cnica Adventista do Massuari (ETAM) e realizar o evangelismo em S\u00e3o Jo\u00e3o, comunidade vizinha, mas as atividades foram al\u00e9m disso\u201d, relata Bruna Tamara. Mais relatos sobre a Miss\u00e3o Amaz\u00f4nia voc\u00ea encontra no <a href=\"http:\/\/www.salvavidasamazonia.org\/2019\/07\/10\/missao-salva-vidas-unasp-2019\/\">site<\/a> do projeto.<\/p>\n<p><img loading=\"lazy\" decoding=\"async\" class=\"alignnone wp-image-63314\" src=\"https:\/\/www.unasp.br\/noticias\/wp-content\/uploads\/2019\/07\/missao-unasp-etam041-300x199.jpg\" alt=\"\" width=\"400\" height=\"266\" srcset=\"https:\/\/cdn.unasp.br\/noticias\/wp-content\/uploads\/2019\/07\/19080817\/missao-unasp-etam041-300x199.jpg 300w, https:\/\/cdn.unasp.br\/noticias\/wp-content\/uploads\/2019\/07\/19080817\/missao-unasp-etam041-768x510.jpg 768w, https:\/\/cdn.unasp.br\/noticias\/wp-content\/uploads\/2019\/07\/19080817\/missao-unasp-etam041-800x532.jpg 800w, https:\/\/cdn.unasp.br\/noticias\/wp-content\/uploads\/2019\/07\/19080817\/missao-unasp-etam041-750x498.jpg 750w, https:\/\/cdn.unasp.br\/noticias\/wp-content\/uploads\/2019\/07\/19080817\/missao-unasp-etam041-720x478.jpg 720w, https:\/\/cdn.unasp.br\/noticias\/wp-content\/uploads\/2019\/07\/19080817\/missao-unasp-etam041-421x280.jpg 421w, https:\/\/cdn.unasp.br\/noticias\/wp-content\/uploads\/2019\/07\/19080817\/missao-unasp-etam041-500x332.jpg 500w, https:\/\/cdn.unasp.br\/noticias\/wp-content\/uploads\/2019\/07\/19080817\/missao-unasp-etam041-400x266.jpg 400w, https:\/\/cdn.unasp.br\/noticias\/wp-content\/uploads\/2019\/07\/19080817\/missao-unasp-etam041-376x250.jpg 376w, https:\/\/cdn.unasp.br\/noticias\/wp-content\/uploads\/2019\/07\/19080817\/missao-unasp-etam041-301x200.jpg 301w, https:\/\/cdn.unasp.br\/noticias\/wp-content\/uploads\/2019\/07\/19080817\/missao-unasp-etam041-226x150.jpg 226w, https:\/\/cdn.unasp.br\/noticias\/wp-content\/uploads\/2019\/07\/19080817\/missao-unasp-etam041-175x116.jpg 175w, https:\/\/cdn.unasp.br\/noticias\/wp-content\/uploads\/2019\/07\/19080817\/missao-unasp-etam041-200x133.jpg 200w, https:\/\/cdn.unasp.br\/noticias\/wp-content\/uploads\/2019\/07\/19080817\/missao-unasp-etam041.jpg 900w\" sizes=\"(max-width: 400px) 100vw, 400px\" \/>\u00a0<img loading=\"lazy\" decoding=\"async\" class=\"alignnone wp-image-63316\" src=\"https:\/\/www.unasp.br\/noticias\/wp-content\/uploads\/2019\/07\/missao-unasp-etam060-300x199.jpg\" alt=\"\" width=\"400\" height=\"266\" srcset=\"https:\/\/cdn.unasp.br\/noticias\/wp-content\/uploads\/2019\/07\/19080942\/missao-unasp-etam060-300x199.jpg 300w, https:\/\/cdn.unasp.br\/noticias\/wp-content\/uploads\/2019\/07\/19080942\/missao-unasp-etam060-768x510.jpg 768w, https:\/\/cdn.unasp.br\/noticias\/wp-content\/uploads\/2019\/07\/19080942\/missao-unasp-etam060-800x532.jpg 800w, https:\/\/cdn.unasp.br\/noticias\/wp-content\/uploads\/2019\/07\/19080942\/missao-unasp-etam060-750x498.jpg 750w, https:\/\/cdn.unasp.br\/noticias\/wp-content\/uploads\/2019\/07\/19080942\/missao-unasp-etam060-720x478.jpg 720w, https:\/\/cdn.unasp.br\/noticias\/wp-content\/uploads\/2019\/07\/19080942\/missao-unasp-etam060-421x280.jpg 421w, https:\/\/cdn.unasp.br\/noticias\/wp-content\/uploads\/2019\/07\/19080942\/missao-unasp-etam060-500x332.jpg 500w, https:\/\/cdn.unasp.br\/noticias\/wp-content\/uploads\/2019\/07\/19080942\/missao-unasp-etam060-400x266.jpg 400w, https:\/\/cdn.unasp.br\/noticias\/wp-content\/uploads\/2019\/07\/19080942\/missao-unasp-etam060-376x250.jpg 376w, https:\/\/cdn.unasp.br\/noticias\/wp-content\/uploads\/2019\/07\/19080942\/missao-unasp-etam060-301x200.jpg 301w, https:\/\/cdn.unasp.br\/noticias\/wp-content\/uploads\/2019\/07\/19080942\/missao-unasp-etam060-226x150.jpg 226w, https:\/\/cdn.unasp.br\/noticias\/wp-content\/uploads\/2019\/07\/19080942\/missao-unasp-etam060-175x116.jpg 175w, https:\/\/cdn.unasp.br\/noticias\/wp-content\/uploads\/2019\/07\/19080942\/missao-unasp-etam060-200x133.jpg 200w, https:\/\/cdn.unasp.br\/noticias\/wp-content\/uploads\/2019\/07\/19080942\/missao-unasp-etam060.jpg 900w\" sizes=\"(max-width: 400px) 100vw, 400px\" \/><\/p>\n<p><img loading=\"lazy\" decoding=\"async\" class=\"alignnone wp-image-63317\" src=\"https:\/\/www.unasp.br\/noticias\/wp-content\/uploads\/2019\/07\/missao-unasp-etam056-300x199.jpg\" alt=\"\" width=\"400\" height=\"266\" srcset=\"https:\/\/cdn.unasp.br\/noticias\/wp-content\/uploads\/2019\/07\/19081010\/missao-unasp-etam056-300x199.jpg 300w, https:\/\/cdn.unasp.br\/noticias\/wp-content\/uploads\/2019\/07\/19081010\/missao-unasp-etam056-768x510.jpg 768w, https:\/\/cdn.unasp.br\/noticias\/wp-content\/uploads\/2019\/07\/19081010\/missao-unasp-etam056-800x532.jpg 800w, https:\/\/cdn.unasp.br\/noticias\/wp-content\/uploads\/2019\/07\/19081010\/missao-unasp-etam056-750x498.jpg 750w, https:\/\/cdn.unasp.br\/noticias\/wp-content\/uploads\/2019\/07\/19081010\/missao-unasp-etam056-720x478.jpg 720w, https:\/\/cdn.unasp.br\/noticias\/wp-content\/uploads\/2019\/07\/19081010\/missao-unasp-etam056-421x280.jpg 421w, https:\/\/cdn.unasp.br\/noticias\/wp-content\/uploads\/2019\/07\/19081010\/missao-unasp-etam056-500x332.jpg 500w, https:\/\/cdn.unasp.br\/noticias\/wp-content\/uploads\/2019\/07\/19081010\/missao-unasp-etam056-400x266.jpg 400w, https:\/\/cdn.unasp.br\/noticias\/wp-content\/uploads\/2019\/07\/19081010\/missao-unasp-etam056-376x250.jpg 376w, https:\/\/cdn.unasp.br\/noticias\/wp-content\/uploads\/2019\/07\/19081010\/missao-unasp-etam056-301x200.jpg 301w, https:\/\/cdn.unasp.br\/noticias\/wp-content\/uploads\/2019\/07\/19081010\/missao-unasp-etam056-226x150.jpg 226w, https:\/\/cdn.unasp.br\/noticias\/wp-content\/uploads\/2019\/07\/19081010\/missao-unasp-etam056-175x116.jpg 175w, https:\/\/cdn.unasp.br\/noticias\/wp-content\/uploads\/2019\/07\/19081010\/missao-unasp-etam056-200x133.jpg 200w, https:\/\/cdn.unasp.br\/noticias\/wp-content\/uploads\/2019\/07\/19081010\/missao-unasp-etam056.jpg 900w\" sizes=\"(max-width: 400px) 100vw, 400px\" \/>\u00a0<img loading=\"lazy\" decoding=\"async\" class=\"alignnone wp-image-63318\" src=\"https:\/\/www.unasp.br\/noticias\/wp-content\/uploads\/2019\/07\/missao-unasp-etam065-300x199.jpg\" alt=\"\" width=\"400\" height=\"266\" srcset=\"https:\/\/cdn.unasp.br\/noticias\/wp-content\/uploads\/2019\/07\/19081105\/missao-unasp-etam065-300x199.jpg 300w, https:\/\/cdn.unasp.br\/noticias\/wp-content\/uploads\/2019\/07\/19081105\/missao-unasp-etam065-768x510.jpg 768w, https:\/\/cdn.unasp.br\/noticias\/wp-content\/uploads\/2019\/07\/19081105\/missao-unasp-etam065-800x532.jpg 800w, https:\/\/cdn.unasp.br\/noticias\/wp-content\/uploads\/2019\/07\/19081105\/missao-unasp-etam065-750x498.jpg 750w, https:\/\/cdn.unasp.br\/noticias\/wp-content\/uploads\/2019\/07\/19081105\/missao-unasp-etam065-720x478.jpg 720w, https:\/\/cdn.unasp.br\/noticias\/wp-content\/uploads\/2019\/07\/19081105\/missao-unasp-etam065-421x280.jpg 421w, https:\/\/cdn.unasp.br\/noticias\/wp-content\/uploads\/2019\/07\/19081105\/missao-unasp-etam065-500x332.jpg 500w, https:\/\/cdn.unasp.br\/noticias\/wp-content\/uploads\/2019\/07\/19081105\/missao-unasp-etam065-400x266.jpg 400w, https:\/\/cdn.unasp.br\/noticias\/wp-content\/uploads\/2019\/07\/19081105\/missao-unasp-etam065-376x250.jpg 376w, https:\/\/cdn.unasp.br\/noticias\/wp-content\/uploads\/2019\/07\/19081105\/missao-unasp-etam065-301x200.jpg 301w, https:\/\/cdn.unasp.br\/noticias\/wp-content\/uploads\/2019\/07\/19081105\/missao-unasp-etam065-226x150.jpg 226w, https:\/\/cdn.unasp.br\/noticias\/wp-content\/uploads\/2019\/07\/19081105\/missao-unasp-etam065-175x116.jpg 175w, https:\/\/cdn.unasp.br\/noticias\/wp-content\/uploads\/2019\/07\/19081105\/missao-unasp-etam065-200x133.jpg 200w, https:\/\/cdn.unasp.br\/noticias\/wp-content\/uploads\/2019\/07\/19081105\/missao-unasp-etam065.jpg 900w\" sizes=\"(max-width: 400px) 100vw, 400px\" \/><\/p>\n<p><img loading=\"lazy\" decoding=\"async\" class=\"alignnone wp-image-63320\" src=\"https:\/\/www.unasp.br\/noticias\/wp-content\/uploads\/2019\/07\/missao-unasp-etam073-300x199.jpg\" alt=\"\" width=\"400\" height=\"266\" srcset=\"https:\/\/cdn.unasp.br\/noticias\/wp-content\/uploads\/2019\/07\/19081138\/missao-unasp-etam073-300x199.jpg 300w, https:\/\/cdn.unasp.br\/noticias\/wp-content\/uploads\/2019\/07\/19081138\/missao-unasp-etam073-768x510.jpg 768w, https:\/\/cdn.unasp.br\/noticias\/wp-content\/uploads\/2019\/07\/19081138\/missao-unasp-etam073-800x532.jpg 800w, https:\/\/cdn.unasp.br\/noticias\/wp-content\/uploads\/2019\/07\/19081138\/missao-unasp-etam073-750x498.jpg 750w, https:\/\/cdn.unasp.br\/noticias\/wp-content\/uploads\/2019\/07\/19081138\/missao-unasp-etam073-720x478.jpg 720w, https:\/\/cdn.unasp.br\/noticias\/wp-content\/uploads\/2019\/07\/19081138\/missao-unasp-etam073-421x280.jpg 421w, https:\/\/cdn.unasp.br\/noticias\/wp-content\/uploads\/2019\/07\/19081138\/missao-unasp-etam073-500x332.jpg 500w, https:\/\/cdn.unasp.br\/noticias\/wp-content\/uploads\/2019\/07\/19081138\/missao-unasp-etam073-400x266.jpg 400w, https:\/\/cdn.unasp.br\/noticias\/wp-content\/uploads\/2019\/07\/19081138\/missao-unasp-etam073-376x250.jpg 376w, https:\/\/cdn.unasp.br\/noticias\/wp-content\/uploads\/2019\/07\/19081138\/missao-unasp-etam073-301x200.jpg 301w, https:\/\/cdn.unasp.br\/noticias\/wp-content\/uploads\/2019\/07\/19081138\/missao-unasp-etam073-226x150.jpg 226w, https:\/\/cdn.unasp.br\/noticias\/wp-content\/uploads\/2019\/07\/19081138\/missao-unasp-etam073-175x116.jpg 175w, https:\/\/cdn.unasp.br\/noticias\/wp-content\/uploads\/2019\/07\/19081138\/missao-unasp-etam073-200x133.jpg 200w, https:\/\/cdn.unasp.br\/noticias\/wp-content\/uploads\/2019\/07\/19081138\/missao-unasp-etam073.jpg 900w\" sizes=\"(max-width: 400px) 100vw, 400px\" \/>\u00a0<img loading=\"lazy\" decoding=\"async\" class=\"alignnone wp-image-63319\" src=\"https:\/\/www.unasp.br\/noticias\/wp-content\/uploads\/2019\/07\/missao-unasp-etam071-300x199.jpg\" alt=\"\" width=\"400\" height=\"266\" srcset=\"https:\/\/cdn.unasp.br\/noticias\/wp-content\/uploads\/2019\/07\/19081121\/missao-unasp-etam071-300x199.jpg 300w, https:\/\/cdn.unasp.br\/noticias\/wp-content\/uploads\/2019\/07\/19081121\/missao-unasp-etam071-768x510.jpg 768w, https:\/\/cdn.unasp.br\/noticias\/wp-content\/uploads\/2019\/07\/19081121\/missao-unasp-etam071-800x532.jpg 800w, https:\/\/cdn.unasp.br\/noticias\/wp-content\/uploads\/2019\/07\/19081121\/missao-unasp-etam071-750x498.jpg 750w, https:\/\/cdn.unasp.br\/noticias\/wp-content\/uploads\/2019\/07\/19081121\/missao-unasp-etam071-720x478.jpg 720w, https:\/\/cdn.unasp.br\/noticias\/wp-content\/uploads\/2019\/07\/19081121\/missao-unasp-etam071-421x280.jpg 421w, https:\/\/cdn.unasp.br\/noticias\/wp-content\/uploads\/2019\/07\/19081121\/missao-unasp-etam071-500x332.jpg 500w, https:\/\/cdn.unasp.br\/noticias\/wp-content\/uploads\/2019\/07\/19081121\/missao-unasp-etam071-400x266.jpg 400w, https:\/\/cdn.unasp.br\/noticias\/wp-content\/uploads\/2019\/07\/19081121\/missao-unasp-etam071-376x250.jpg 376w, https:\/\/cdn.unasp.br\/noticias\/wp-content\/uploads\/2019\/07\/19081121\/missao-unasp-etam071-301x200.jpg 301w, https:\/\/cdn.unasp.br\/noticias\/wp-content\/uploads\/2019\/07\/19081121\/missao-unasp-etam071-226x150.jpg 226w, https:\/\/cdn.unasp.br\/noticias\/wp-content\/uploads\/2019\/07\/19081121\/missao-unasp-etam071-175x116.jpg 175w, https:\/\/cdn.unasp.br\/noticias\/wp-content\/uploads\/2019\/07\/19081121\/missao-unasp-etam071-200x133.jpg 200w, https:\/\/cdn.unasp.br\/noticias\/wp-content\/uploads\/2019\/07\/19081121\/missao-unasp-etam071.jpg 900w\" sizes=\"(max-width: 400px) 100vw, 400px\" \/><\/p>\n<p><img loading=\"lazy\" decoding=\"async\" class=\"alignnone wp-image-63321\" src=\"https:\/\/www.unasp.br\/noticias\/wp-content\/uploads\/2019\/07\/missao-unasp-etam079-300x225.jpg\" alt=\"\" width=\"400\" height=\"300\" srcset=\"https:\/\/cdn.unasp.br\/noticias\/wp-content\/uploads\/2019\/07\/19081206\/missao-unasp-etam079-300x225.jpg 300w, https:\/\/cdn.unasp.br\/noticias\/wp-content\/uploads\/2019\/07\/19081206\/missao-unasp-etam079-768x576.jpg 768w, https:\/\/cdn.unasp.br\/noticias\/wp-content\/uploads\/2019\/07\/19081206\/missao-unasp-etam079-800x600.jpg 800w, https:\/\/cdn.unasp.br\/noticias\/wp-content\/uploads\/2019\/07\/19081206\/missao-unasp-etam079-667x500.jpg 667w, https:\/\/cdn.unasp.br\/noticias\/wp-content\/uploads\/2019\/07\/19081206\/missao-unasp-etam079-640x480.jpg 640w, https:\/\/cdn.unasp.br\/noticias\/wp-content\/uploads\/2019\/07\/19081206\/missao-unasp-etam079-373x280.jpg 373w, https:\/\/cdn.unasp.br\/noticias\/wp-content\/uploads\/2019\/07\/19081206\/missao-unasp-etam079-500x375.jpg 500w, https:\/\/cdn.unasp.br\/noticias\/wp-content\/uploads\/2019\/07\/19081206\/missao-unasp-etam079-400x300.jpg 400w, https:\/\/cdn.unasp.br\/noticias\/wp-content\/uploads\/2019\/07\/19081206\/missao-unasp-etam079-333x250.jpg 333w, https:\/\/cdn.unasp.br\/noticias\/wp-content\/uploads\/2019\/07\/19081206\/missao-unasp-etam079-267x200.jpg 267w, https:\/\/cdn.unasp.br\/noticias\/wp-content\/uploads\/2019\/07\/19081206\/missao-unasp-etam079-200x150.jpg 200w, https:\/\/cdn.unasp.br\/noticias\/wp-content\/uploads\/2019\/07\/19081206\/missao-unasp-etam079-175x131.jpg 175w, https:\/\/cdn.unasp.br\/noticias\/wp-content\/uploads\/2019\/07\/19081206\/missao-unasp-etam079.jpg 900w\" sizes=\"(max-width: 400px) 100vw, 400px\" \/>\u00a0<img loading=\"lazy\" decoding=\"async\" class=\"alignnone wp-image-63315\" src=\"https:\/\/www.unasp.br\/noticias\/wp-content\/uploads\/2019\/07\/missao-unasp-etam050-300x225.jpg\" alt=\"\" width=\"400\" height=\"300\" srcset=\"https:\/\/cdn.unasp.br\/noticias\/wp-content\/uploads\/2019\/07\/19080841\/missao-unasp-etam050-300x225.jpg 300w, https:\/\/cdn.unasp.br\/noticias\/wp-content\/uploads\/2019\/07\/19080841\/missao-unasp-etam050-768x576.jpg 768w, https:\/\/cdn.unasp.br\/noticias\/wp-content\/uploads\/2019\/07\/19080841\/missao-unasp-etam050-800x600.jpg 800w, https:\/\/cdn.unasp.br\/noticias\/wp-content\/uploads\/2019\/07\/19080841\/missao-unasp-etam050-667x500.jpg 667w, https:\/\/cdn.unasp.br\/noticias\/wp-content\/uploads\/2019\/07\/19080841\/missao-unasp-etam050-640x480.jpg 640w, https:\/\/cdn.unasp.br\/noticias\/wp-content\/uploads\/2019\/07\/19080841\/missao-unasp-etam050-373x280.jpg 373w, https:\/\/cdn.unasp.br\/noticias\/wp-content\/uploads\/2019\/07\/19080841\/missao-unasp-etam050-500x375.jpg 500w, https:\/\/cdn.unasp.br\/noticias\/wp-content\/uploads\/2019\/07\/19080841\/missao-unasp-etam050-400x300.jpg 400w, https:\/\/cdn.unasp.br\/noticias\/wp-content\/uploads\/2019\/07\/19080841\/missao-unasp-etam050-333x250.jpg 333w, https:\/\/cdn.unasp.br\/noticias\/wp-content\/uploads\/2019\/07\/19080841\/missao-unasp-etam050-267x200.jpg 267w, https:\/\/cdn.unasp.br\/noticias\/wp-content\/uploads\/2019\/07\/19080841\/missao-unasp-etam050-200x150.jpg 200w, https:\/\/cdn.unasp.br\/noticias\/wp-content\/uploads\/2019\/07\/19080841\/missao-unasp-etam050-175x131.jpg 175w, https:\/\/cdn.unasp.br\/noticias\/wp-content\/uploads\/2019\/07\/19080841\/missao-unasp-etam050.jpg 900w\" sizes=\"(max-width: 400px) 100vw, 400px\" \/><\/p>\n","protected":false},"excerpt":{"rendered":"<p>Seja em outros pa\u00edses ou at\u00e9 mesmo no Brasil, estudantes e professores dedicaram o m\u00eas de julho [&hellip;]<\/p>\n","protected":false},"author":80,"featured_media":63319,"comment_status":"open","ping_status":"open","sticky":false,"template":"","format":"standard","meta":{"footnotes":""},"categories":[10],"tags":[],"yoast_head":"<!-- This site is optimized with the Yoast SEO plugin v23.5 - https:\/\/yoast.com\/wordpress\/plugins\/seo\/ -->\n<title>Universit\u00e1rios do Unasp dedicam per\u00edodo de f\u00e9rias para voluntariado<\/title>\n<meta name=\"description\" content=\"Seja em outros pa\u00edses ou at\u00e9 mesmo no Brasil, estudantes e professores dedicaram o m\u00eas de julho em projetos volunt\u00e1rios\" \/>\n<meta name=\"robots\" content=\"index, follow, max-snippet:-1, max-image-preview:large, max-video-preview:-1\" \/>\n<link rel=\"canonical\" href=\"https:\/\/unasp.br\/noticias\/universitarios-do-unasp-dedicam-periodo-de-ferias-para-voluntariado\/\" \/>\n<meta property=\"og:locale\" content=\"pt_BR\" \/>\n<meta property=\"og:type\" content=\"article\" \/>\n<meta property=\"og:title\" content=\"Universit\u00e1rios do Unasp dedicam per\u00edodo de f\u00e9rias para voluntariado\" \/>\n<meta property=\"og:description\" content=\"Seja em outros pa\u00edses ou at\u00e9 mesmo no Brasil, estudantes e professores dedicaram o m\u00eas de julho em projetos volunt\u00e1rios\" \/>\n<meta property=\"og:url\" content=\"https:\/\/unasp.br\/noticias\/universitarios-do-unasp-dedicam-periodo-de-ferias-para-voluntariado\/\" \/>\n<meta property=\"og:site_name\" content=\"UNASP Noticias\" \/>\n<meta property=\"article:published_time\" content=\"2019-07-19T14:15:52+00:00\" \/>\n<meta property=\"article:modified_time\" content=\"2019-07-19T14:19:55+00:00\" \/>\n<meta property=\"og:image\" content=\"https:\/\/cdn.unasp.br\/noticias\/wp-content\/uploads\/2019\/07\/19081121\/missao-unasp-etam071.jpg\" \/>\n\t<meta property=\"og:image:width\" content=\"900\" \/>\n\t<meta property=\"og:image:height\" content=\"598\" \/>\n\t<meta property=\"og:image:type\" content=\"image\/jpeg\" \/>\n<meta name=\"author\" content=\"UNASP - TI-DESENVOLVIMENTO\" \/>\n<meta name=\"twitter:card\" content=\"summary_large_image\" \/>\n<meta name=\"twitter:label1\" content=\"Escrito por\" \/>\n\t<meta name=\"twitter:data1\" content=\"UNASP - TI-DESENVOLVIMENTO\" \/>\n\t<meta name=\"twitter:label2\" content=\"Est. tempo de leitura\" \/>\n\t<meta name=\"twitter:data2\" content=\"3 minutos\" \/>\n<script type=\"application\/ld+json\" class=\"yoast-schema-graph\">{\"@context\":\"https:\/\/schema.org\",\"@graph\":[{\"@type\":\"Article\",\"@id\":\"https:\/\/unasp.br\/noticias\/universitarios-do-unasp-dedicam-periodo-de-ferias-para-voluntariado\/#article\",\"isPartOf\":{\"@id\":\"https:\/\/unasp.br\/noticias\/universitarios-do-unasp-dedicam-periodo-de-ferias-para-voluntariado\/\"},\"author\":{\"name\":\"UNASP - TI-DESENVOLVIMENTO\",\"@id\":\"https:\/\/unasp.br\/noticias\/#\/schema\/person\/e3b8f8e8b1d3759eda9f61d2bb12b6d7\"},\"headline\":\"Universit\u00e1rios do Unasp dedicam per\u00edodo de f\u00e9rias para voluntariado\",\"datePublished\":\"2019-07-19T14:15:52+00:00\",\"dateModified\":\"2019-07-19T14:19:55+00:00\",\"mainEntityOfPage\":{\"@id\":\"https:\/\/unasp.br\/noticias\/universitarios-do-unasp-dedicam-periodo-de-ferias-para-voluntariado\/\"},\"wordCount\":655,\"commentCount\":0,\"publisher\":{\"@id\":\"https:\/\/unasp.br\/noticias\/#organization\"},\"image\":{\"@id\":\"https:\/\/unasp.br\/noticias\/universitarios-do-unasp-dedicam-periodo-de-ferias-para-voluntariado\/#primaryimage\"},\"thumbnailUrl\":\"https:\/\/cdn.unasp.br\/noticias\/wp-content\/uploads\/2019\/07\/19081121\/missao-unasp-etam071.jpg\",\"articleSection\":[\"Impacto Social\"],\"inLanguage\":\"pt-BR\",\"potentialAction\":[{\"@type\":\"CommentAction\",\"name\":\"Comment\",\"target\":[\"https:\/\/unasp.br\/noticias\/universitarios-do-unasp-dedicam-periodo-de-ferias-para-voluntariado\/#respond\"]}]},{\"@type\":\"WebPage\",\"@id\":\"https:\/\/unasp.br\/noticias\/universitarios-do-unasp-dedicam-periodo-de-ferias-para-voluntariado\/\",\"url\":\"https:\/\/unasp.br\/noticias\/universitarios-do-unasp-dedicam-periodo-de-ferias-para-voluntariado\/\",\"name\":\"Universit\u00e1rios do Unasp dedicam per\u00edodo de f\u00e9rias para voluntariado\",\"isPartOf\":{\"@id\":\"https:\/\/unasp.br\/noticias\/#website\"},\"primaryImageOfPage\":{\"@id\":\"https:\/\/unasp.br\/noticias\/universitarios-do-unasp-dedicam-periodo-de-ferias-para-voluntariado\/#primaryimage\"},\"image\":{\"@id\":\"https:\/\/unasp.br\/noticias\/universitarios-do-unasp-dedicam-periodo-de-ferias-para-voluntariado\/#primaryimage\"},\"thumbnailUrl\":\"https:\/\/cdn.unasp.br\/noticias\/wp-content\/uploads\/2019\/07\/19081121\/missao-unasp-etam071.jpg\",\"datePublished\":\"2019-07-19T14:15:52+00:00\",\"dateModified\":\"2019-07-19T14:19:55+00:00\",\"description\":\"Seja em outros pa\u00edses ou at\u00e9 mesmo no Brasil, estudantes e professores dedicaram o m\u00eas de julho em projetos volunt\u00e1rios\",\"breadcrumb\":{\"@id\":\"https:\/\/unasp.br\/noticias\/universitarios-do-unasp-dedicam-periodo-de-ferias-para-voluntariado\/#breadcrumb\"},\"inLanguage\":\"pt-BR\",\"potentialAction\":[{\"@type\":\"ReadAction\",\"target\":[\"https:\/\/unasp.br\/noticias\/universitarios-do-unasp-dedicam-periodo-de-ferias-para-voluntariado\/\"]}]},{\"@type\":\"ImageObject\",\"inLanguage\":\"pt-BR\",\"@id\":\"https:\/\/unasp.br\/noticias\/universitarios-do-unasp-dedicam-periodo-de-ferias-para-voluntariado\/#primaryimage\",\"url\":\"https:\/\/cdn.unasp.br\/noticias\/wp-content\/uploads\/2019\/07\/19081121\/missao-unasp-etam071.jpg\",\"contentUrl\":\"https:\/\/cdn.unasp.br\/noticias\/wp-content\/uploads\/2019\/07\/19081121\/missao-unasp-etam071.jpg\",\"width\":900,\"height\":598},{\"@type\":\"BreadcrumbList\",\"@id\":\"https:\/\/unasp.br\/noticias\/universitarios-do-unasp-dedicam-periodo-de-ferias-para-voluntariado\/#breadcrumb\",\"itemListElement\":[{\"@type\":\"ListItem\",\"position\":1,\"name\":\"In\u00edcio\",\"item\":\"https:\/\/unasp.br\/noticias\/\"},{\"@type\":\"ListItem\",\"position\":2,\"name\":\"Universit\u00e1rios do Unasp dedicam per\u00edodo de f\u00e9rias para voluntariado\"}]},{\"@type\":\"WebSite\",\"@id\":\"https:\/\/unasp.br\/noticias\/#website\",\"url\":\"https:\/\/unasp.br\/noticias\/\",\"name\":\"UNASP Noticias\",\"description\":\"Centro Universit\u00e1rio Adventista de S\u00e3o Paulo\",\"publisher\":{\"@id\":\"https:\/\/unasp.br\/noticias\/#organization\"},\"potentialAction\":[{\"@type\":\"SearchAction\",\"target\":{\"@type\":\"EntryPoint\",\"urlTemplate\":\"https:\/\/unasp.br\/noticias\/?s={search_term_string}\"},\"query-input\":{\"@type\":\"PropertyValueSpecification\",\"valueRequired\":true,\"valueName\":\"search_term_string\"}}],\"inLanguage\":\"pt-BR\"},{\"@type\":\"Organization\",\"@id\":\"https:\/\/unasp.br\/noticias\/#organization\",\"name\":\"UNASP Noticias\",\"url\":\"https:\/\/unasp.br\/noticias\/\",\"logo\":{\"@type\":\"ImageObject\",\"inLanguage\":\"pt-BR\",\"@id\":\"https:\/\/unasp.br\/noticias\/#\/schema\/logo\/image\/\",\"url\":\"https:\/\/cdn.unasp.br\/noticias\/wp-content\/uploads\/2021\/09\/09152724\/logo-unasp-news.png\",\"contentUrl\":\"https:\/\/cdn.unasp.br\/noticias\/wp-content\/uploads\/2021\/09\/09152724\/logo-unasp-news.png\",\"width\":240,\"height\":41,\"caption\":\"UNASP Noticias\"},\"image\":{\"@id\":\"https:\/\/unasp.br\/noticias\/#\/schema\/logo\/image\/\"}},{\"@type\":\"Person\",\"@id\":\"https:\/\/unasp.br\/noticias\/#\/schema\/person\/e3b8f8e8b1d3759eda9f61d2bb12b6d7\",\"name\":\"UNASP - TI-DESENVOLVIMENTO\",\"image\":{\"@type\":\"ImageObject\",\"inLanguage\":\"pt-BR\",\"@id\":\"https:\/\/unasp.br\/noticias\/#\/schema\/person\/image\/\",\"url\":\"https:\/\/secure.gravatar.com\/avatar\/88a02b7e6ee37f47de0ecad3877878b0?s=96&d=mm&r=g\",\"contentUrl\":\"https:\/\/secure.gravatar.com\/avatar\/88a02b7e6ee37f47de0ecad3877878b0?s=96&d=mm&r=g\",\"caption\":\"UNASP - TI-DESENVOLVIMENTO\"},\"url\":\"https:\/\/unasp.br\/noticias\/author\/admindefault-com\/\"}]}<\/script>\n<!-- \/ Yoast SEO plugin. -->","yoast_head_json":{"title":"Universit\u00e1rios do Unasp dedicam per\u00edodo de f\u00e9rias para voluntariado","description":"Seja em outros pa\u00edses ou at\u00e9 mesmo no Brasil, estudantes e professores dedicaram o m\u00eas de julho em projetos volunt\u00e1rios","robots":{"index":"index","follow":"follow","max-snippet":"max-snippet:-1","max-image-preview":"max-image-preview:large","max-video-preview":"max-video-preview:-1"},"canonical":"https:\/\/unasp.br\/noticias\/universitarios-do-unasp-dedicam-periodo-de-ferias-para-voluntariado\/","og_locale":"pt_BR","og_type":"article","og_title":"Universit\u00e1rios do Unasp dedicam per\u00edodo de f\u00e9rias para voluntariado","og_description":"Seja em outros pa\u00edses ou at\u00e9 mesmo no Brasil, estudantes e professores dedicaram o m\u00eas de julho em projetos volunt\u00e1rios","og_url":"https:\/\/unasp.br\/noticias\/universitarios-do-unasp-dedicam-periodo-de-ferias-para-voluntariado\/","og_site_name":"UNASP Noticias","article_published_time":"2019-07-19T14:15:52+00:00","article_modified_time":"2019-07-19T14:19:55+00:00","og_image":[{"width":900,"height":598,"url":"https:\/\/cdn.unasp.br\/noticias\/wp-content\/uploads\/2019\/07\/19081121\/missao-unasp-etam071.jpg","type":"image\/jpeg"}],"author":"UNASP - TI-DESENVOLVIMENTO","twitter_card":"summary_large_image","twitter_misc":{"Escrito por":"UNASP - TI-DESENVOLVIMENTO","Est. tempo de leitura":"3 minutos"},"schema":{"@context":"https:\/\/schema.org","@graph":[{"@type":"Article","@id":"https:\/\/unasp.br\/noticias\/universitarios-do-unasp-dedicam-periodo-de-ferias-para-voluntariado\/#article","isPartOf":{"@id":"https:\/\/unasp.br\/noticias\/universitarios-do-unasp-dedicam-periodo-de-ferias-para-voluntariado\/"},"author":{"name":"UNASP - TI-DESENVOLVIMENTO","@id":"https:\/\/unasp.br\/noticias\/#\/schema\/person\/e3b8f8e8b1d3759eda9f61d2bb12b6d7"},"headline":"Universit\u00e1rios do Unasp dedicam per\u00edodo de f\u00e9rias para voluntariado","datePublished":"2019-07-19T14:15:52+00:00","dateModified":"2019-07-19T14:19:55+00:00","mainEntityOfPage":{"@id":"https:\/\/unasp.br\/noticias\/universitarios-do-unasp-dedicam-periodo-de-ferias-para-voluntariado\/"},"wordCount":655,"commentCount":0,"publisher":{"@id":"https:\/\/unasp.br\/noticias\/#organization"},"image":{"@id":"https:\/\/unasp.br\/noticias\/universitarios-do-unasp-dedicam-periodo-de-ferias-para-voluntariado\/#primaryimage"},"thumbnailUrl":"https:\/\/cdn.unasp.br\/noticias\/wp-content\/uploads\/2019\/07\/19081121\/missao-unasp-etam071.jpg","articleSection":["Impacto Social"],"inLanguage":"pt-BR","potentialAction":[{"@type":"CommentAction","name":"Comment","target":["https:\/\/unasp.br\/noticias\/universitarios-do-unasp-dedicam-periodo-de-ferias-para-voluntariado\/#respond"]}]},{"@type":"WebPage","@id":"https:\/\/unasp.br\/noticias\/universitarios-do-unasp-dedicam-periodo-de-ferias-para-voluntariado\/","url":"https:\/\/unasp.br\/noticias\/universitarios-do-unasp-dedicam-periodo-de-ferias-para-voluntariado\/","name":"Universit\u00e1rios do Unasp dedicam per\u00edodo de f\u00e9rias para voluntariado","isPartOf":{"@id":"https:\/\/unasp.br\/noticias\/#website"},"primaryImageOfPage":{"@id":"https:\/\/unasp.br\/noticias\/universitarios-do-unasp-dedicam-periodo-de-ferias-para-voluntariado\/#primaryimage"},"image":{"@id":"https:\/\/unasp.br\/noticias\/universitarios-do-unasp-dedicam-periodo-de-ferias-para-voluntariado\/#primaryimage"},"thumbnailUrl":"https:\/\/cdn.unasp.br\/noticias\/wp-content\/uploads\/2019\/07\/19081121\/missao-unasp-etam071.jpg","datePublished":"2019-07-19T14:15:52+00:00","dateModified":"2019-07-19T14:19:55+00:00","description":"Seja em outros pa\u00edses ou at\u00e9 mesmo no Brasil, estudantes e professores dedicaram o m\u00eas de julho em projetos volunt\u00e1rios","breadcrumb":{"@id":"https:\/\/unasp.br\/noticias\/universitarios-do-unasp-dedicam-periodo-de-ferias-para-voluntariado\/#breadcrumb"},"inLanguage":"pt-BR","potentialAction":[{"@type":"ReadAction","target":["https:\/\/unasp.br\/noticias\/universitarios-do-unasp-dedicam-periodo-de-ferias-para-voluntariado\/"]}]},{"@type":"ImageObject","inLanguage":"pt-BR","@id":"https:\/\/unasp.br\/noticias\/universitarios-do-unasp-dedicam-periodo-de-ferias-para-voluntariado\/#primaryimage","url":"https:\/\/cdn.unasp.br\/noticias\/wp-content\/uploads\/2019\/07\/19081121\/missao-unasp-etam071.jpg","contentUrl":"https:\/\/cdn.unasp.br\/noticias\/wp-content\/uploads\/2019\/07\/19081121\/missao-unasp-etam071.jpg","width":900,"height":598},{"@type":"BreadcrumbList","@id":"https:\/\/unasp.br\/noticias\/universitarios-do-unasp-dedicam-periodo-de-ferias-para-voluntariado\/#breadcrumb","itemListElement":[{"@type":"ListItem","position":1,"name":"In\u00edcio","item":"https:\/\/unasp.br\/noticias\/"},{"@type":"ListItem","position":2,"name":"Universit\u00e1rios do Unasp dedicam per\u00edodo de f\u00e9rias para voluntariado"}]},{"@type":"WebSite","@id":"https:\/\/unasp.br\/noticias\/#website","url":"https:\/\/unasp.br\/noticias\/","name":"UNASP Noticias","description":"Centro Universit\u00e1rio Adventista de S\u00e3o Paulo","publisher":{"@id":"https:\/\/unasp.br\/noticias\/#organization"},"potentialAction":[{"@type":"SearchAction","target":{"@type":"EntryPoint","urlTemplate":"https:\/\/unasp.br\/noticias\/?s={search_term_string}"},"query-input":{"@type":"PropertyValueSpecification","valueRequired":true,"valueName":"search_term_string"}}],"inLanguage":"pt-BR"},{"@type":"Organization","@id":"https:\/\/unasp.br\/noticias\/#organization","name":"UNASP Noticias","url":"https:\/\/unasp.br\/noticias\/","logo":{"@type":"ImageObject","inLanguage":"pt-BR","@id":"https:\/\/unasp.br\/noticias\/#\/schema\/logo\/image\/","url":"https:\/\/cdn.unasp.br\/noticias\/wp-content\/uploads\/2021\/09\/09152724\/logo-unasp-news.png","contentUrl":"https:\/\/cdn.unasp.br\/noticias\/wp-content\/uploads\/2021\/09\/09152724\/logo-unasp-news.png","width":240,"height":41,"caption":"UNASP Noticias"},"image":{"@id":"https:\/\/unasp.br\/noticias\/#\/schema\/logo\/image\/"}},{"@type":"Person","@id":"https:\/\/unasp.br\/noticias\/#\/schema\/person\/e3b8f8e8b1d3759eda9f61d2bb12b6d7","name":"UNASP - TI-DESENVOLVIMENTO","image":{"@type":"ImageObject","inLanguage":"pt-BR","@id":"https:\/\/unasp.br\/noticias\/#\/schema\/person\/image\/","url":"https:\/\/secure.gravatar.com\/avatar\/88a02b7e6ee37f47de0ecad3877878b0?s=96&d=mm&r=g","contentUrl":"https:\/\/secure.gravatar.com\/avatar\/88a02b7e6ee37f47de0ecad3877878b0?s=96&d=mm&r=g","caption":"UNASP - TI-DESENVOLVIMENTO"},"url":"https:\/\/unasp.br\/noticias\/author\/admindefault-com\/"}]}},"_links":{"self":[{"href":"https:\/\/unasp.br\/noticias\/wp-json\/wp\/v2\/posts\/63311"}],"collection":[{"href":"https:\/\/unasp.br\/noticias\/wp-json\/wp\/v2\/posts"}],"about":[{"href":"https:\/\/unasp.br\/noticias\/wp-json\/wp\/v2\/types\/post"}],"author":[{"embeddable":true,"href":"https:\/\/unasp.br\/noticias\/wp-json\/wp\/v2\/users\/80"}],"replies":[{"embeddable":true,"href":"https:\/\/unasp.br\/noticias\/wp-json\/wp\/v2\/comments?post=63311"}],"version-history":[{"count":2,"href":"https:\/\/unasp.br\/noticias\/wp-json\/wp\/v2\/posts\/63311\/revisions"}],"predecessor-version":[{"id":63324,"href":"https:\/\/unasp.br\/noticias\/wp-json\/wp\/v2\/posts\/63311\/revisions\/63324"}],"wp:featuredmedia":[{"embeddable":true,"href":"https:\/\/unasp.br\/noticias\/wp-json\/wp\/v2\/media\/63319"}],"wp:attachment":[{"href":"https:\/\/unasp.br\/noticias\/wp-json\/wp\/v2\/media?parent=63311"}],"wp:term":[{"taxonomy":"category","embeddable":true,"href":"https:\/\/unasp.br\/noticias\/wp-json\/wp\/v2\/categories?post=63311"},{"taxonomy":"post_tag","embeddable":true,"href":"https:\/\/unasp.br\/noticias\/wp-json\/wp\/v2\/tags?post=63311"}],"curies":[{"name":"wp","href":"https:\/\/api.w.org\/{rel}","templated":true}]}}