{"id":64397,"date":"2019-08-06T11:20:32","date_gmt":"2019-08-06T14:20:32","guid":{"rendered":"https:\/\/www.unasp.br\/noticias\/?p=64397"},"modified":"2019-08-06T11:22:15","modified_gmt":"2019-08-06T14:22:15","slug":"projeto-anjos-urbanos-do-unasp-e-destaque-na-tv-globo","status":"publish","type":"post","link":"https:\/\/unasp.br\/noticias\/projeto-anjos-urbanos-do-unasp-e-destaque-na-tv-globo\/","title":{"rendered":"Projeto Anjos Urbanos do Unasp \u00e9 destaque na TV Globo"},"content":{"rendered":"<p style=\"text-align: justify;\"><img loading=\"lazy\" decoding=\"async\" class=\"alignright size-medium wp-image-64400\" src=\"https:\/\/www.unasp.br\/noticias\/wp-content\/uploads\/2019\/08\/WhatsApp-Image-2019-08-06-at-10.15.34-300x213.jpeg\" alt=\"\" width=\"300\" height=\"213\" srcset=\"https:\/\/cdn.unasp.br\/noticias\/wp-content\/uploads\/2019\/08\/06080722\/WhatsApp-Image-2019-08-06-at-10.15.34-300x213.jpeg 300w, https:\/\/cdn.unasp.br\/noticias\/wp-content\/uploads\/2019\/08\/06080722\/WhatsApp-Image-2019-08-06-at-10.15.34-768x546.jpeg 768w, https:\/\/cdn.unasp.br\/noticias\/wp-content\/uploads\/2019\/08\/06080722\/WhatsApp-Image-2019-08-06-at-10.15.34-1024x728.jpeg 1024w, https:\/\/cdn.unasp.br\/noticias\/wp-content\/uploads\/2019\/08\/06080722\/WhatsApp-Image-2019-08-06-at-10.15.34-844x600.jpeg 844w, https:\/\/cdn.unasp.br\/noticias\/wp-content\/uploads\/2019\/08\/06080722\/WhatsApp-Image-2019-08-06-at-10.15.34-1125x800.jpeg 1125w, https:\/\/cdn.unasp.br\/noticias\/wp-content\/uploads\/2019\/08\/06080722\/WhatsApp-Image-2019-08-06-at-10.15.34-1013x720.jpeg 1013w, https:\/\/cdn.unasp.br\/noticias\/wp-content\/uploads\/2019\/08\/06080722\/WhatsApp-Image-2019-08-06-at-10.15.34-800x569.jpeg 800w, https:\/\/cdn.unasp.br\/noticias\/wp-content\/uploads\/2019\/08\/06080722\/WhatsApp-Image-2019-08-06-at-10.15.34-703x500.jpeg 703w, https:\/\/cdn.unasp.br\/noticias\/wp-content\/uploads\/2019\/08\/06080722\/WhatsApp-Image-2019-08-06-at-10.15.34-675x480.jpeg 675w, https:\/\/cdn.unasp.br\/noticias\/wp-content\/uploads\/2019\/08\/06080722\/WhatsApp-Image-2019-08-06-at-10.15.34-394x280.jpeg 394w, https:\/\/cdn.unasp.br\/noticias\/wp-content\/uploads\/2019\/08\/06080722\/WhatsApp-Image-2019-08-06-at-10.15.34-500x355.jpeg 500w, https:\/\/cdn.unasp.br\/noticias\/wp-content\/uploads\/2019\/08\/06080722\/WhatsApp-Image-2019-08-06-at-10.15.34-400x284.jpeg 400w, https:\/\/cdn.unasp.br\/noticias\/wp-content\/uploads\/2019\/08\/06080722\/WhatsApp-Image-2019-08-06-at-10.15.34-352x250.jpeg 352w, https:\/\/cdn.unasp.br\/noticias\/wp-content\/uploads\/2019\/08\/06080722\/WhatsApp-Image-2019-08-06-at-10.15.34-281x200.jpeg 281w, https:\/\/cdn.unasp.br\/noticias\/wp-content\/uploads\/2019\/08\/06080722\/WhatsApp-Image-2019-08-06-at-10.15.34-211x150.jpeg 211w, https:\/\/cdn.unasp.br\/noticias\/wp-content\/uploads\/2019\/08\/06080722\/WhatsApp-Image-2019-08-06-at-10.15.34-175x124.jpeg 175w, https:\/\/cdn.unasp.br\/noticias\/wp-content\/uploads\/2019\/08\/06080722\/WhatsApp-Image-2019-08-06-at-10.15.34-200x142.jpeg 200w, https:\/\/cdn.unasp.br\/noticias\/wp-content\/uploads\/2019\/08\/06080722\/WhatsApp-Image-2019-08-06-at-10.15.34.jpeg 1280w\" sizes=\"(max-width: 300px) 100vw, 300px\" \/>Projeto <em>Anjos Urbanos<\/em> do <a href=\"https:\/\/www.unasp.br\/ht\/\">Unasp Hortol\u00e2ndia<\/a> \u00e9 um dos temas da s\u00e9rie <em>Engajadxs, <\/em>que vai ao ar no final do m\u00eas de setembro no programa <em><a href=\"https:\/\/g1.globo.com\/como-sera\/\">\u201cComo Ser\u00e1?\u201d<\/a>,<\/em> \u00a0apresentado pela jornalista Sandra Annenberg, exibido nas manh\u00e3s de s\u00e1bado pela TV Globo. Na \u00faltima semana uma equipe de reportagem do programa esteve visitando o campus, gravando os bastidores e a execu\u00e7\u00e3o do projeto Anjos, que h\u00e1 mais de cinco anos ajuda moradores em situa\u00e7\u00e3o de rua.<\/p>\n<p style=\"text-align: justify;\">O projeto Anjos Urbanos nasceu em 2013 no cora\u00e7\u00e3o de Isabela Carvalho, na \u00e9poca\u00a0 aluna da institui\u00e7\u00e3o, que havia participado de uma a\u00e7\u00e3o semelhante em uma igreja evang\u00e9lica de outra cidade e sentia vontade de convidar seus colegas da faculdade para ajudar aos necessitados. \u201cAcredito que esse projeto nasceu no cora\u00e7\u00e3o de Deus. Al\u00e9m de ser uma ben\u00e7\u00e3o para os carentes \u00e9 uma ben\u00e7\u00e3o tamb\u00e9m para os envolvidos&#8221;, explicou Isabela.<\/p>\n<div id=\"attachment_64402\" style=\"width: 310px\" class=\"wp-caption alignleft\"><img loading=\"lazy\" decoding=\"async\" aria-describedby=\"caption-attachment-64402\" class=\"size-medium wp-image-64402\" src=\"https:\/\/www.unasp.br\/noticias\/wp-content\/uploads\/2019\/08\/WhatsApp-Image-2019-08-06-at-10.12.39-300x200.jpeg\" alt=\"\" width=\"300\" height=\"200\" srcset=\"https:\/\/cdn.unasp.br\/noticias\/wp-content\/uploads\/2019\/08\/06081402\/WhatsApp-Image-2019-08-06-at-10.12.39-300x200.jpeg 300w, https:\/\/cdn.unasp.br\/noticias\/wp-content\/uploads\/2019\/08\/06081402\/WhatsApp-Image-2019-08-06-at-10.12.39-768x512.jpeg 768w, https:\/\/cdn.unasp.br\/noticias\/wp-content\/uploads\/2019\/08\/06081402\/WhatsApp-Image-2019-08-06-at-10.12.39-1024x682.jpeg 1024w, https:\/\/cdn.unasp.br\/noticias\/wp-content\/uploads\/2019\/08\/06081402\/WhatsApp-Image-2019-08-06-at-10.12.39-900x600.jpeg 900w, https:\/\/cdn.unasp.br\/noticias\/wp-content\/uploads\/2019\/08\/06081402\/WhatsApp-Image-2019-08-06-at-10.12.39-1200x800.jpeg 1200w, https:\/\/cdn.unasp.br\/noticias\/wp-content\/uploads\/2019\/08\/06081402\/WhatsApp-Image-2019-08-06-at-10.12.39-1080x720.jpeg 1080w, https:\/\/cdn.unasp.br\/noticias\/wp-content\/uploads\/2019\/08\/06081402\/WhatsApp-Image-2019-08-06-at-10.12.39-800x533.jpeg 800w, https:\/\/cdn.unasp.br\/noticias\/wp-content\/uploads\/2019\/08\/06081402\/WhatsApp-Image-2019-08-06-at-10.12.39-750x500.jpeg 750w, https:\/\/cdn.unasp.br\/noticias\/wp-content\/uploads\/2019\/08\/06081402\/WhatsApp-Image-2019-08-06-at-10.12.39-720x480.jpeg 720w, https:\/\/cdn.unasp.br\/noticias\/wp-content\/uploads\/2019\/08\/06081402\/WhatsApp-Image-2019-08-06-at-10.12.39-420x280.jpeg 420w, https:\/\/cdn.unasp.br\/noticias\/wp-content\/uploads\/2019\/08\/06081402\/WhatsApp-Image-2019-08-06-at-10.12.39-500x333.jpeg 500w, https:\/\/cdn.unasp.br\/noticias\/wp-content\/uploads\/2019\/08\/06081402\/WhatsApp-Image-2019-08-06-at-10.12.39-400x267.jpeg 400w, https:\/\/cdn.unasp.br\/noticias\/wp-content\/uploads\/2019\/08\/06081402\/WhatsApp-Image-2019-08-06-at-10.12.39-375x250.jpeg 375w, https:\/\/cdn.unasp.br\/noticias\/wp-content\/uploads\/2019\/08\/06081402\/WhatsApp-Image-2019-08-06-at-10.12.39-225x150.jpeg 225w, https:\/\/cdn.unasp.br\/noticias\/wp-content\/uploads\/2019\/08\/06081402\/WhatsApp-Image-2019-08-06-at-10.12.39-175x117.jpeg 175w, https:\/\/cdn.unasp.br\/noticias\/wp-content\/uploads\/2019\/08\/06081402\/WhatsApp-Image-2019-08-06-at-10.12.39-200x133.jpeg 200w, https:\/\/cdn.unasp.br\/noticias\/wp-content\/uploads\/2019\/08\/06081402\/WhatsApp-Image-2019-08-06-at-10.12.39.jpeg 1280w\" sizes=\"(max-width: 300px) 100vw, 300px\" \/><p id=\"caption-attachment-64402\" class=\"wp-caption-text\">Al\u00e9m de alimentos, os volunt\u00e1rios do projeto d\u00e3o aten\u00e7\u00e3o e conversam com os moradores em situa\u00e7\u00e3o de rua.<\/p><\/div>\n<p style=\"text-align: justify;\">Desde ent\u00e3o, semanalmente, os alunos e demais pessoas volunt\u00e1rias visitam os moradores de rua que vivem no centro da cidade de Campinas, SP , para entregar alimentos, livros, roupas e principalmente oferecer uma palavra amiga. Eles atendem algumas necessidades f\u00edsicas e depois sentam para conversar, ouvir e orar por essas pessoas que tamb\u00e9m precisam de for\u00e7a e incentivo emocional.<\/p>\n<p style=\"text-align: justify;\">Atualmente, um dos coordenadores do Projeto Anjos \u00e9 o estudante do curso de publicidade e propaganda, Adan Navarro. O estudante conta que ingressou no projeto apenas para conhecer, mas agora j\u00e1 faz parte de sua rotina. A hist\u00f3ria do Adan no projeto \u00e9 um dos relatos que estar\u00e3o presentes na reportagem que est\u00e1 sendo preparada para o programa <em>Como ser\u00e1?<\/em> .<\/p>\n<p style=\"text-align: justify;\">Al\u00e9m da experi\u00eancia do estudante Adan, a reportagem vai contar a trajet\u00f3ria do ex-morador\u00a0 de rua, Flademir da Silva Paulino,\u00a0 que reencontrou sua fam\u00edlia com o apoio do projeto Anjos. E claro, os detalhes destas hist\u00f3rias a gente vai saber quando sair a reportagem, s\u00f3 nos resta aguardar!<\/p>\n<div style=\"width: 848px;\" class=\"wp-video\"><!--[if lt IE 9]><script>document.createElement('video');<\/script><![endif]-->\n<video class=\"wp-video-shortcode\" id=\"video-64397-1\" width=\"848\" height=\"480\" preload=\"metadata\" controls=\"controls\"><source type=\"video\/mp4\" src=\"https:\/\/www.unasp.br\/noticias\/wp-content\/uploads\/2019\/08\/WhatsApp-Video-2019-08-06-at-10.15.00.mp4?_=1\" \/><a href=\"https:\/\/www.unasp.br\/noticias\/wp-content\/uploads\/2019\/08\/WhatsApp-Video-2019-08-06-at-10.15.00.mp4\">https:\/\/www.unasp.br\/noticias\/wp-content\/uploads\/2019\/08\/WhatsApp-Video-2019-08-06-at-10.15.00.mp4<\/a><\/video><\/div>\n","protected":false},"excerpt":{"rendered":"<p>Projeto Anjos Urbanos do Unasp Hortol\u00e2ndia \u00e9 um dos temas da s\u00e9rie Engajadxs, que vai ao ar [&hellip;]<\/p>\n","protected":false},"author":73,"featured_media":64402,"comment_status":"open","ping_status":"open","sticky":false,"template":"","format":"standard","meta":{"footnotes":""},"categories":[10],"tags":[],"yoast_head":"<!-- This site is optimized with the Yoast SEO plugin v23.5 - https:\/\/yoast.com\/wordpress\/plugins\/seo\/ -->\n<title>Projeto Anjos Urbanos do Unasp \u00e9 destaque na TV Globo - UNASP Noticias<\/title>\n<meta name=\"robots\" content=\"index, follow, max-snippet:-1, max-image-preview:large, max-video-preview:-1\" \/>\n<link rel=\"canonical\" href=\"https:\/\/unasp.br\/noticias\/projeto-anjos-urbanos-do-unasp-e-destaque-na-tv-globo\/\" \/>\n<meta property=\"og:locale\" content=\"pt_BR\" \/>\n<meta property=\"og:type\" content=\"article\" \/>\n<meta property=\"og:title\" content=\"Projeto Anjos Urbanos do Unasp \u00e9 destaque na TV Globo - UNASP Noticias\" \/>\n<meta property=\"og:description\" content=\"Projeto Anjos Urbanos do Unasp Hortol\u00e2ndia \u00e9 um dos temas da s\u00e9rie Engajadxs, que vai ao ar [&hellip;]\" \/>\n<meta property=\"og:url\" content=\"https:\/\/unasp.br\/noticias\/projeto-anjos-urbanos-do-unasp-e-destaque-na-tv-globo\/\" \/>\n<meta property=\"og:site_name\" content=\"UNASP Noticias\" \/>\n<meta property=\"article:published_time\" content=\"2019-08-06T14:20:32+00:00\" \/>\n<meta property=\"article:modified_time\" content=\"2019-08-06T14:22:15+00:00\" \/>\n<meta property=\"og:image\" content=\"https:\/\/cdn.unasp.br\/noticias\/wp-content\/uploads\/2019\/08\/06081402\/WhatsApp-Image-2019-08-06-at-10.12.39.jpeg\" \/>\n\t<meta property=\"og:image:width\" content=\"1280\" \/>\n\t<meta property=\"og:image:height\" content=\"853\" \/>\n\t<meta property=\"og:image:type\" content=\"image\/jpeg\" \/>\n<meta name=\"author\" content=\"Maria da Gl\u00f3ria Marques de Paula Barreto\" \/>\n<meta name=\"twitter:card\" content=\"summary_large_image\" \/>\n<meta name=\"twitter:label1\" content=\"Escrito por\" \/>\n\t<meta name=\"twitter:data1\" content=\"Maria da Gl\u00f3ria Marques de Paula Barreto\" \/>\n\t<meta name=\"twitter:label2\" content=\"Est. tempo de leitura\" \/>\n\t<meta name=\"twitter:data2\" content=\"2 minutos\" \/>\n<script type=\"application\/ld+json\" class=\"yoast-schema-graph\">{\"@context\":\"https:\/\/schema.org\",\"@graph\":[{\"@type\":\"Article\",\"@id\":\"https:\/\/unasp.br\/noticias\/projeto-anjos-urbanos-do-unasp-e-destaque-na-tv-globo\/#article\",\"isPartOf\":{\"@id\":\"https:\/\/unasp.br\/noticias\/projeto-anjos-urbanos-do-unasp-e-destaque-na-tv-globo\/\"},\"author\":{\"name\":\"Maria da Gl\u00f3ria Marques de Paula Barreto\",\"@id\":\"https:\/\/unasp.br\/noticias\/#\/schema\/person\/f3393a032491eabc46fadb3656375334\"},\"headline\":\"Projeto Anjos Urbanos do Unasp \u00e9 destaque na TV Globo\",\"datePublished\":\"2019-08-06T14:20:32+00:00\",\"dateModified\":\"2019-08-06T14:22:15+00:00\",\"mainEntityOfPage\":{\"@id\":\"https:\/\/unasp.br\/noticias\/projeto-anjos-urbanos-do-unasp-e-destaque-na-tv-globo\/\"},\"wordCount\":389,\"commentCount\":0,\"publisher\":{\"@id\":\"https:\/\/unasp.br\/noticias\/#organization\"},\"image\":{\"@id\":\"https:\/\/unasp.br\/noticias\/projeto-anjos-urbanos-do-unasp-e-destaque-na-tv-globo\/#primaryimage\"},\"thumbnailUrl\":\"https:\/\/cdn.unasp.br\/noticias\/wp-content\/uploads\/2019\/08\/06081402\/WhatsApp-Image-2019-08-06-at-10.12.39.jpeg\",\"articleSection\":[\"Impacto Social\"],\"inLanguage\":\"pt-BR\",\"potentialAction\":[{\"@type\":\"CommentAction\",\"name\":\"Comment\",\"target\":[\"https:\/\/unasp.br\/noticias\/projeto-anjos-urbanos-do-unasp-e-destaque-na-tv-globo\/#respond\"]}]},{\"@type\":\"WebPage\",\"@id\":\"https:\/\/unasp.br\/noticias\/projeto-anjos-urbanos-do-unasp-e-destaque-na-tv-globo\/\",\"url\":\"https:\/\/unasp.br\/noticias\/projeto-anjos-urbanos-do-unasp-e-destaque-na-tv-globo\/\",\"name\":\"Projeto Anjos Urbanos do Unasp \u00e9 destaque na TV Globo - UNASP Noticias\",\"isPartOf\":{\"@id\":\"https:\/\/unasp.br\/noticias\/#website\"},\"primaryImageOfPage\":{\"@id\":\"https:\/\/unasp.br\/noticias\/projeto-anjos-urbanos-do-unasp-e-destaque-na-tv-globo\/#primaryimage\"},\"image\":{\"@id\":\"https:\/\/unasp.br\/noticias\/projeto-anjos-urbanos-do-unasp-e-destaque-na-tv-globo\/#primaryimage\"},\"thumbnailUrl\":\"https:\/\/cdn.unasp.br\/noticias\/wp-content\/uploads\/2019\/08\/06081402\/WhatsApp-Image-2019-08-06-at-10.12.39.jpeg\",\"datePublished\":\"2019-08-06T14:20:32+00:00\",\"dateModified\":\"2019-08-06T14:22:15+00:00\",\"breadcrumb\":{\"@id\":\"https:\/\/unasp.br\/noticias\/projeto-anjos-urbanos-do-unasp-e-destaque-na-tv-globo\/#breadcrumb\"},\"inLanguage\":\"pt-BR\",\"potentialAction\":[{\"@type\":\"ReadAction\",\"target\":[\"https:\/\/unasp.br\/noticias\/projeto-anjos-urbanos-do-unasp-e-destaque-na-tv-globo\/\"]}]},{\"@type\":\"ImageObject\",\"inLanguage\":\"pt-BR\",\"@id\":\"https:\/\/unasp.br\/noticias\/projeto-anjos-urbanos-do-unasp-e-destaque-na-tv-globo\/#primaryimage\",\"url\":\"https:\/\/cdn.unasp.br\/noticias\/wp-content\/uploads\/2019\/08\/06081402\/WhatsApp-Image-2019-08-06-at-10.12.39.jpeg\",\"contentUrl\":\"https:\/\/cdn.unasp.br\/noticias\/wp-content\/uploads\/2019\/08\/06081402\/WhatsApp-Image-2019-08-06-at-10.12.39.jpeg\",\"width\":1280,\"height\":853,\"caption\":\"Al\u00e9m de alimentos, os volunt\u00e1rios do projeto d\u00e3o aten\u00e7\u00e3o e conversam com os moradores em situa\u00e7\u00e3o de rua.\"},{\"@type\":\"BreadcrumbList\",\"@id\":\"https:\/\/unasp.br\/noticias\/projeto-anjos-urbanos-do-unasp-e-destaque-na-tv-globo\/#breadcrumb\",\"itemListElement\":[{\"@type\":\"ListItem\",\"position\":1,\"name\":\"In\u00edcio\",\"item\":\"https:\/\/unasp.br\/noticias\/\"},{\"@type\":\"ListItem\",\"position\":2,\"name\":\"Projeto Anjos Urbanos do Unasp \u00e9 destaque na TV Globo\"}]},{\"@type\":\"WebSite\",\"@id\":\"https:\/\/unasp.br\/noticias\/#website\",\"url\":\"https:\/\/unasp.br\/noticias\/\",\"name\":\"UNASP Noticias\",\"description\":\"Centro Universit\u00e1rio Adventista de S\u00e3o Paulo\",\"publisher\":{\"@id\":\"https:\/\/unasp.br\/noticias\/#organization\"},\"potentialAction\":[{\"@type\":\"SearchAction\",\"target\":{\"@type\":\"EntryPoint\",\"urlTemplate\":\"https:\/\/unasp.br\/noticias\/?s={search_term_string}\"},\"query-input\":{\"@type\":\"PropertyValueSpecification\",\"valueRequired\":true,\"valueName\":\"search_term_string\"}}],\"inLanguage\":\"pt-BR\"},{\"@type\":\"Organization\",\"@id\":\"https:\/\/unasp.br\/noticias\/#organization\",\"name\":\"UNASP Noticias\",\"url\":\"https:\/\/unasp.br\/noticias\/\",\"logo\":{\"@type\":\"ImageObject\",\"inLanguage\":\"pt-BR\",\"@id\":\"https:\/\/unasp.br\/noticias\/#\/schema\/logo\/image\/\",\"url\":\"https:\/\/cdn.unasp.br\/noticias\/wp-content\/uploads\/2021\/09\/09152724\/logo-unasp-news.png\",\"contentUrl\":\"https:\/\/cdn.unasp.br\/noticias\/wp-content\/uploads\/2021\/09\/09152724\/logo-unasp-news.png\",\"width\":240,\"height\":41,\"caption\":\"UNASP Noticias\"},\"image\":{\"@id\":\"https:\/\/unasp.br\/noticias\/#\/schema\/logo\/image\/\"}},{\"@type\":\"Person\",\"@id\":\"https:\/\/unasp.br\/noticias\/#\/schema\/person\/f3393a032491eabc46fadb3656375334\",\"name\":\"Maria da Gl\u00f3ria Marques de Paula Barreto\",\"image\":{\"@type\":\"ImageObject\",\"inLanguage\":\"pt-BR\",\"@id\":\"https:\/\/unasp.br\/noticias\/#\/schema\/person\/image\/\",\"url\":\"https:\/\/secure.gravatar.com\/avatar\/3c23babfa2a847f4ce1e1403fe341fa3?s=96&d=mm&r=g\",\"contentUrl\":\"https:\/\/secure.gravatar.com\/avatar\/3c23babfa2a847f4ce1e1403fe341fa3?s=96&d=mm&r=g\",\"caption\":\"Maria da Gl\u00f3ria Marques de Paula Barreto\"},\"url\":\"https:\/\/unasp.br\/noticias\/author\/gloria-barretoadventistas-org\/\"}]}<\/script>\n<!-- \/ Yoast SEO plugin. -->","yoast_head_json":{"title":"Projeto Anjos Urbanos do Unasp \u00e9 destaque na TV Globo - UNASP Noticias","robots":{"index":"index","follow":"follow","max-snippet":"max-snippet:-1","max-image-preview":"max-image-preview:large","max-video-preview":"max-video-preview:-1"},"canonical":"https:\/\/unasp.br\/noticias\/projeto-anjos-urbanos-do-unasp-e-destaque-na-tv-globo\/","og_locale":"pt_BR","og_type":"article","og_title":"Projeto Anjos Urbanos do Unasp \u00e9 destaque na TV Globo - UNASP Noticias","og_description":"Projeto Anjos Urbanos do Unasp Hortol\u00e2ndia \u00e9 um dos temas da s\u00e9rie Engajadxs, que vai ao ar [&hellip;]","og_url":"https:\/\/unasp.br\/noticias\/projeto-anjos-urbanos-do-unasp-e-destaque-na-tv-globo\/","og_site_name":"UNASP Noticias","article_published_time":"2019-08-06T14:20:32+00:00","article_modified_time":"2019-08-06T14:22:15+00:00","og_image":[{"width":1280,"height":853,"url":"https:\/\/cdn.unasp.br\/noticias\/wp-content\/uploads\/2019\/08\/06081402\/WhatsApp-Image-2019-08-06-at-10.12.39.jpeg","type":"image\/jpeg"}],"author":"Maria da Gl\u00f3ria Marques de Paula Barreto","twitter_card":"summary_large_image","twitter_misc":{"Escrito por":"Maria da Gl\u00f3ria Marques de Paula Barreto","Est. tempo de leitura":"2 minutos"},"schema":{"@context":"https:\/\/schema.org","@graph":[{"@type":"Article","@id":"https:\/\/unasp.br\/noticias\/projeto-anjos-urbanos-do-unasp-e-destaque-na-tv-globo\/#article","isPartOf":{"@id":"https:\/\/unasp.br\/noticias\/projeto-anjos-urbanos-do-unasp-e-destaque-na-tv-globo\/"},"author":{"name":"Maria da Gl\u00f3ria Marques de Paula Barreto","@id":"https:\/\/unasp.br\/noticias\/#\/schema\/person\/f3393a032491eabc46fadb3656375334"},"headline":"Projeto Anjos Urbanos do Unasp \u00e9 destaque na TV Globo","datePublished":"2019-08-06T14:20:32+00:00","dateModified":"2019-08-06T14:22:15+00:00","mainEntityOfPage":{"@id":"https:\/\/unasp.br\/noticias\/projeto-anjos-urbanos-do-unasp-e-destaque-na-tv-globo\/"},"wordCount":389,"commentCount":0,"publisher":{"@id":"https:\/\/unasp.br\/noticias\/#organization"},"image":{"@id":"https:\/\/unasp.br\/noticias\/projeto-anjos-urbanos-do-unasp-e-destaque-na-tv-globo\/#primaryimage"},"thumbnailUrl":"https:\/\/cdn.unasp.br\/noticias\/wp-content\/uploads\/2019\/08\/06081402\/WhatsApp-Image-2019-08-06-at-10.12.39.jpeg","articleSection":["Impacto Social"],"inLanguage":"pt-BR","potentialAction":[{"@type":"CommentAction","name":"Comment","target":["https:\/\/unasp.br\/noticias\/projeto-anjos-urbanos-do-unasp-e-destaque-na-tv-globo\/#respond"]}]},{"@type":"WebPage","@id":"https:\/\/unasp.br\/noticias\/projeto-anjos-urbanos-do-unasp-e-destaque-na-tv-globo\/","url":"https:\/\/unasp.br\/noticias\/projeto-anjos-urbanos-do-unasp-e-destaque-na-tv-globo\/","name":"Projeto Anjos Urbanos do Unasp \u00e9 destaque na TV Globo - UNASP Noticias","isPartOf":{"@id":"https:\/\/unasp.br\/noticias\/#website"},"primaryImageOfPage":{"@id":"https:\/\/unasp.br\/noticias\/projeto-anjos-urbanos-do-unasp-e-destaque-na-tv-globo\/#primaryimage"},"image":{"@id":"https:\/\/unasp.br\/noticias\/projeto-anjos-urbanos-do-unasp-e-destaque-na-tv-globo\/#primaryimage"},"thumbnailUrl":"https:\/\/cdn.unasp.br\/noticias\/wp-content\/uploads\/2019\/08\/06081402\/WhatsApp-Image-2019-08-06-at-10.12.39.jpeg","datePublished":"2019-08-06T14:20:32+00:00","dateModified":"2019-08-06T14:22:15+00:00","breadcrumb":{"@id":"https:\/\/unasp.br\/noticias\/projeto-anjos-urbanos-do-unasp-e-destaque-na-tv-globo\/#breadcrumb"},"inLanguage":"pt-BR","potentialAction":[{"@type":"ReadAction","target":["https:\/\/unasp.br\/noticias\/projeto-anjos-urbanos-do-unasp-e-destaque-na-tv-globo\/"]}]},{"@type":"ImageObject","inLanguage":"pt-BR","@id":"https:\/\/unasp.br\/noticias\/projeto-anjos-urbanos-do-unasp-e-destaque-na-tv-globo\/#primaryimage","url":"https:\/\/cdn.unasp.br\/noticias\/wp-content\/uploads\/2019\/08\/06081402\/WhatsApp-Image-2019-08-06-at-10.12.39.jpeg","contentUrl":"https:\/\/cdn.unasp.br\/noticias\/wp-content\/uploads\/2019\/08\/06081402\/WhatsApp-Image-2019-08-06-at-10.12.39.jpeg","width":1280,"height":853,"caption":"Al\u00e9m de alimentos, os volunt\u00e1rios do projeto d\u00e3o aten\u00e7\u00e3o e conversam com os moradores em situa\u00e7\u00e3o de rua."},{"@type":"BreadcrumbList","@id":"https:\/\/unasp.br\/noticias\/projeto-anjos-urbanos-do-unasp-e-destaque-na-tv-globo\/#breadcrumb","itemListElement":[{"@type":"ListItem","position":1,"name":"In\u00edcio","item":"https:\/\/unasp.br\/noticias\/"},{"@type":"ListItem","position":2,"name":"Projeto Anjos Urbanos do Unasp \u00e9 destaque na TV Globo"}]},{"@type":"WebSite","@id":"https:\/\/unasp.br\/noticias\/#website","url":"https:\/\/unasp.br\/noticias\/","name":"UNASP Noticias","description":"Centro Universit\u00e1rio Adventista de S\u00e3o Paulo","publisher":{"@id":"https:\/\/unasp.br\/noticias\/#organization"},"potentialAction":[{"@type":"SearchAction","target":{"@type":"EntryPoint","urlTemplate":"https:\/\/unasp.br\/noticias\/?s={search_term_string}"},"query-input":{"@type":"PropertyValueSpecification","valueRequired":true,"valueName":"search_term_string"}}],"inLanguage":"pt-BR"},{"@type":"Organization","@id":"https:\/\/unasp.br\/noticias\/#organization","name":"UNASP Noticias","url":"https:\/\/unasp.br\/noticias\/","logo":{"@type":"ImageObject","inLanguage":"pt-BR","@id":"https:\/\/unasp.br\/noticias\/#\/schema\/logo\/image\/","url":"https:\/\/cdn.unasp.br\/noticias\/wp-content\/uploads\/2021\/09\/09152724\/logo-unasp-news.png","contentUrl":"https:\/\/cdn.unasp.br\/noticias\/wp-content\/uploads\/2021\/09\/09152724\/logo-unasp-news.png","width":240,"height":41,"caption":"UNASP Noticias"},"image":{"@id":"https:\/\/unasp.br\/noticias\/#\/schema\/logo\/image\/"}},{"@type":"Person","@id":"https:\/\/unasp.br\/noticias\/#\/schema\/person\/f3393a032491eabc46fadb3656375334","name":"Maria da Gl\u00f3ria Marques de Paula Barreto","image":{"@type":"ImageObject","inLanguage":"pt-BR","@id":"https:\/\/unasp.br\/noticias\/#\/schema\/person\/image\/","url":"https:\/\/secure.gravatar.com\/avatar\/3c23babfa2a847f4ce1e1403fe341fa3?s=96&d=mm&r=g","contentUrl":"https:\/\/secure.gravatar.com\/avatar\/3c23babfa2a847f4ce1e1403fe341fa3?s=96&d=mm&r=g","caption":"Maria da Gl\u00f3ria Marques de Paula Barreto"},"url":"https:\/\/unasp.br\/noticias\/author\/gloria-barretoadventistas-org\/"}]}},"_links":{"self":[{"href":"https:\/\/unasp.br\/noticias\/wp-json\/wp\/v2\/posts\/64397"}],"collection":[{"href":"https:\/\/unasp.br\/noticias\/wp-json\/wp\/v2\/posts"}],"about":[{"href":"https:\/\/unasp.br\/noticias\/wp-json\/wp\/v2\/types\/post"}],"author":[{"embeddable":true,"href":"https:\/\/unasp.br\/noticias\/wp-json\/wp\/v2\/users\/73"}],"replies":[{"embeddable":true,"href":"https:\/\/unasp.br\/noticias\/wp-json\/wp\/v2\/comments?post=64397"}],"version-history":[{"count":3,"href":"https:\/\/unasp.br\/noticias\/wp-json\/wp\/v2\/posts\/64397\/revisions"}],"predecessor-version":[{"id":64404,"href":"https:\/\/unasp.br\/noticias\/wp-json\/wp\/v2\/posts\/64397\/revisions\/64404"}],"wp:featuredmedia":[{"embeddable":true,"href":"https:\/\/unasp.br\/noticias\/wp-json\/wp\/v2\/media\/64402"}],"wp:attachment":[{"href":"https:\/\/unasp.br\/noticias\/wp-json\/wp\/v2\/media?parent=64397"}],"wp:term":[{"taxonomy":"category","embeddable":true,"href":"https:\/\/unasp.br\/noticias\/wp-json\/wp\/v2\/categories?post=64397"},{"taxonomy":"post_tag","embeddable":true,"href":"https:\/\/unasp.br\/noticias\/wp-json\/wp\/v2\/tags?post=64397"}],"curies":[{"name":"wp","href":"https:\/\/api.w.org\/{rel}","templated":true}]}}