{"id":65634,"date":"2019-08-26T17:44:09","date_gmt":"2019-08-26T20:44:09","guid":{"rendered":"https:\/\/www.unasp.br\/noticias\/?p=65634"},"modified":"2019-08-26T17:44:09","modified_gmt":"2019-08-26T20:44:09","slug":"nutricionista-do-unasp-sp-participa-de-programa-de-televisao","status":"publish","type":"post","link":"https:\/\/unasp.br\/noticias\/nutricionista-do-unasp-sp-participa-de-programa-de-televisao\/","title":{"rendered":"Nutricionista do Unasp-SP participa de programa de televis\u00e3o"},"content":{"rendered":"<div id=\"attachment_65635\" style=\"width: 407px\" class=\"wp-caption alignright\"><img loading=\"lazy\" decoding=\"async\" aria-describedby=\"caption-attachment-65635\" class=\"wp-image-65635\" src=\"https:\/\/www.unasp.br\/noticias\/wp-content\/uploads\/2019\/08\/Sem-t\u00edtulo2.jpg\" alt=\"\" width=\"397\" height=\"224\" srcset=\"https:\/\/cdn.unasp.br\/noticias\/wp-content\/uploads\/2019\/08\/26143153\/Sem-t%C3%ADtulo2.jpg 1264w, https:\/\/cdn.unasp.br\/noticias\/wp-content\/uploads\/2019\/08\/26143153\/Sem-t%C3%ADtulo2-300x169.jpg 300w, https:\/\/cdn.unasp.br\/noticias\/wp-content\/uploads\/2019\/08\/26143153\/Sem-t%C3%ADtulo2-768x433.jpg 768w, https:\/\/cdn.unasp.br\/noticias\/wp-content\/uploads\/2019\/08\/26143153\/Sem-t%C3%ADtulo2-1024x577.jpg 1024w, https:\/\/cdn.unasp.br\/noticias\/wp-content\/uploads\/2019\/08\/26143153\/Sem-t%C3%ADtulo2-1065x600.jpg 1065w, https:\/\/cdn.unasp.br\/noticias\/wp-content\/uploads\/2019\/08\/26143153\/Sem-t%C3%ADtulo2-800x451.jpg 800w, https:\/\/cdn.unasp.br\/noticias\/wp-content\/uploads\/2019\/08\/26143153\/Sem-t%C3%ADtulo2-750x422.jpg 750w, https:\/\/cdn.unasp.br\/noticias\/wp-content\/uploads\/2019\/08\/26143153\/Sem-t%C3%ADtulo2-720x406.jpg 720w, https:\/\/cdn.unasp.br\/noticias\/wp-content\/uploads\/2019\/08\/26143153\/Sem-t%C3%ADtulo2-497x280.jpg 497w, https:\/\/cdn.unasp.br\/noticias\/wp-content\/uploads\/2019\/08\/26143153\/Sem-t%C3%ADtulo2-500x282.jpg 500w, https:\/\/cdn.unasp.br\/noticias\/wp-content\/uploads\/2019\/08\/26143153\/Sem-t%C3%ADtulo2-400x225.jpg 400w, https:\/\/cdn.unasp.br\/noticias\/wp-content\/uploads\/2019\/08\/26143153\/Sem-t%C3%ADtulo2-355x200.jpg 355w, https:\/\/cdn.unasp.br\/noticias\/wp-content\/uploads\/2019\/08\/26143153\/Sem-t%C3%ADtulo2-266x150.jpg 266w, https:\/\/cdn.unasp.br\/noticias\/wp-content\/uploads\/2019\/08\/26143153\/Sem-t%C3%ADtulo2-175x99.jpg 175w, https:\/\/cdn.unasp.br\/noticias\/wp-content\/uploads\/2019\/08\/26143153\/Sem-t%C3%ADtulo2-200x113.jpg 200w\" sizes=\"(max-width: 397px) 100vw, 397px\" \/><p id=\"caption-attachment-65635\" class=\"wp-caption-text\">Nutricionista do Unasp-SP, Narcisio Rios, durante programa Em Discuss\u00e3o.<\/p><\/div>\n<p style=\"text-align: justify;\">Foi ao ar na \u00faltima sexta-feira (23) o programa Em Discuss\u00e3o, da TV Alesp (Assembleia Legislativa de S\u00e3o Paulo), sobre obesidade. O nutricionista do ambulat\u00f3rio de Nutri\u00e7\u00e3o do Unasp S\u00e3o Paulo, tutor das disciplinas de Metodologia da Pesquisa (cursos de Sa\u00fade) e Alimentos: Propriedades e Aplica\u00e7\u00e3o Diet\u00e9tica (curso de Nutri\u00e7\u00e3o), e mestrando em Promo\u00e7\u00e3o da Sa\u00fade pela institui\u00e7\u00e3o, Narcisio Rios, participou como entrevistado. Durante o programa, Narcisio divulgou o question\u00e1rio Q8RN, que foi elaborado pelo grupo de pesquisa do Mestrado em Promo\u00e7\u00e3o da Sa\u00fade do Unasp-SP.<\/p>\n<p style=\"text-align: justify;\"><strong>Question\u00e1rio Q8RN<\/strong><\/p>\n<p style=\"text-align: justify;\">Segundo o nutricionista, Q8RN \u00e9 um question\u00e1rio elaborado pelo grupo REIS &#8211; Religiosidade, Espiritualidade e Integralidade na Sa\u00fade. Para ele, \u00e9 um instrumento validado para a avalia\u00e7\u00e3o de um estilo de vida saud\u00e1vel para a preven\u00e7\u00e3o e tratamento da obesidade.<\/p>\n<p style=\"text-align: justify;\">H\u00e1 duas vers\u00f5es do question\u00e1rio, uma para adultos e outra para adolescentes. Ao finalizar as respostas, o indiv\u00edduo recebe recomenda\u00e7\u00f5es, que podem servir tamb\u00e9m de incentivo para que o mesmo procure profissionais para ajud\u00e1-lo com a mudan\u00e7a do estilo de vida.<\/p>\n<p>Voc\u00ea pode acessar o question\u00e1rio <a href=\"https:\/\/q8rn.com\/#\/\">aqui<\/a>.<\/p>\n<div id=\"attachment_65637\" style=\"width: 553px\" class=\"wp-caption aligncenter\"><img loading=\"lazy\" decoding=\"async\" aria-describedby=\"caption-attachment-65637\" class=\"wp-image-65637\" src=\"https:\/\/www.unasp.br\/noticias\/wp-content\/uploads\/2019\/08\/3-300x154.jpg\" alt=\"\" width=\"543\" height=\"279\" srcset=\"https:\/\/cdn.unasp.br\/noticias\/wp-content\/uploads\/2019\/08\/26143550\/3-300x154.jpg 300w, https:\/\/cdn.unasp.br\/noticias\/wp-content\/uploads\/2019\/08\/26143550\/3-768x395.jpg 768w, https:\/\/cdn.unasp.br\/noticias\/wp-content\/uploads\/2019\/08\/26143550\/3-750x386.jpg 750w, https:\/\/cdn.unasp.br\/noticias\/wp-content\/uploads\/2019\/08\/26143550\/3-720x370.jpg 720w, https:\/\/cdn.unasp.br\/noticias\/wp-content\/uploads\/2019\/08\/26143550\/3-545x280.jpg 545w, https:\/\/cdn.unasp.br\/noticias\/wp-content\/uploads\/2019\/08\/26143550\/3-512x263.jpg 512w, https:\/\/cdn.unasp.br\/noticias\/wp-content\/uploads\/2019\/08\/26143550\/3-500x257.jpg 500w, https:\/\/cdn.unasp.br\/noticias\/wp-content\/uploads\/2019\/08\/26143550\/3-400x206.jpg 400w, https:\/\/cdn.unasp.br\/noticias\/wp-content\/uploads\/2019\/08\/26143550\/3-389x200.jpg 389w, https:\/\/cdn.unasp.br\/noticias\/wp-content\/uploads\/2019\/08\/26143550\/3-292x150.jpg 292w, https:\/\/cdn.unasp.br\/noticias\/wp-content\/uploads\/2019\/08\/26143550\/3-175x90.jpg 175w, https:\/\/cdn.unasp.br\/noticias\/wp-content\/uploads\/2019\/08\/26143550\/3-200x103.jpg 200w, https:\/\/cdn.unasp.br\/noticias\/wp-content\/uploads\/2019\/08\/26143550\/3.jpg 778w\" sizes=\"(max-width: 543px) 100vw, 543px\" \/><p id=\"caption-attachment-65637\" class=\"wp-caption-text\">Nutricionista Narcisio Rios, apresentador Luciano Teixeira, cirurgi\u00e3o do aparelho digestivo Luiz Vicente Berti e o criador digital L\u00e9o Andrade.<\/p><\/div>\n<p style=\"text-align: justify;\"><strong>Obesidade<\/strong><\/p>\n<p style=\"text-align: justify;\">A obesidade tem aumentado cada vez mais. Segundo a Pesquisa de Vigil\u00e2ncia de Fatores de Risco e Prote\u00e7\u00e3o para Doen\u00e7as Cr\u00f4nicas por Inqu\u00e9rito Telef\u00f4nico (Vigitel 2018), divulgada em julho deste ano pelo Minist\u00e9rio da Sa\u00fade, a taxa de obesidade no pa\u00eds passou de 11,8% para 19,8%, entre 2006 e 2018.<\/p>\n<p style=\"text-align: justify;\">Narcisio afirma que diversos fatores como psicol\u00f3gico, social, cultural contribuem para que um indiv\u00edduo se torne obeso. Ent\u00e3o, o profissional da nutri\u00e7\u00e3o procura conhecer os h\u00e1bitos que o paciente tem durante a consulta, para ent\u00e3o construir uma consci\u00eancia nutricional nele e come\u00e7arem as mudan\u00e7as na alimenta\u00e7\u00e3o. \u00a0Al\u00e9m disso, o nutricionista consegue fazer recomenda\u00e7\u00f5es que v\u00e3o de encontro a rotina e h\u00e1bitos do paciente. Narcisio ressalta que pequenas mudan\u00e7as podem trazer grandes benef\u00edcios.<\/p>\n","protected":false},"excerpt":{"rendered":"<p>Foi ao ar na \u00faltima sexta-feira (23) o programa Em Discuss\u00e3o, da TV Alesp (Assembleia Legislativa de [&hellip;]<\/p>\n","protected":false},"author":30,"featured_media":65635,"comment_status":"open","ping_status":"open","sticky":false,"template":"","format":"standard","meta":{"footnotes":""},"categories":[10],"tags":[],"yoast_head":"<!-- This site is optimized with the Yoast SEO plugin v23.5 - https:\/\/yoast.com\/wordpress\/plugins\/seo\/ -->\n<title>Nutricionista do Unasp-SP participa de programa de televis\u00e3o - UNASP Noticias<\/title>\n<meta name=\"robots\" content=\"index, follow, max-snippet:-1, max-image-preview:large, max-video-preview:-1\" \/>\n<link rel=\"canonical\" href=\"https:\/\/unasp.br\/noticias\/nutricionista-do-unasp-sp-participa-de-programa-de-televisao\/\" \/>\n<meta property=\"og:locale\" content=\"pt_BR\" \/>\n<meta property=\"og:type\" content=\"article\" \/>\n<meta property=\"og:title\" content=\"Nutricionista do Unasp-SP participa de programa de televis\u00e3o - UNASP Noticias\" \/>\n<meta property=\"og:description\" content=\"Foi ao ar na \u00faltima sexta-feira (23) o programa Em Discuss\u00e3o, da TV Alesp (Assembleia Legislativa de [&hellip;]\" \/>\n<meta property=\"og:url\" content=\"https:\/\/unasp.br\/noticias\/nutricionista-do-unasp-sp-participa-de-programa-de-televisao\/\" \/>\n<meta property=\"og:site_name\" content=\"UNASP Noticias\" \/>\n<meta property=\"article:published_time\" content=\"2019-08-26T20:44:09+00:00\" \/>\n<meta property=\"og:image\" content=\"https:\/\/cdn.unasp.br\/noticias\/wp-content\/uploads\/2019\/08\/26143153\/Sem-t%C3%ADtulo2.jpg\" \/>\n\t<meta property=\"og:image:width\" content=\"1264\" \/>\n\t<meta property=\"og:image:height\" content=\"712\" \/>\n\t<meta property=\"og:image:type\" content=\"image\/jpeg\" \/>\n<meta name=\"author\" content=\"Aira Almeida\" \/>\n<meta name=\"twitter:card\" content=\"summary_large_image\" \/>\n<meta name=\"twitter:label1\" content=\"Escrito por\" \/>\n\t<meta name=\"twitter:data1\" content=\"Aira Almeida\" \/>\n\t<meta name=\"twitter:label2\" content=\"Est. tempo de leitura\" \/>\n\t<meta name=\"twitter:data2\" content=\"2 minutos\" \/>\n<script type=\"application\/ld+json\" class=\"yoast-schema-graph\">{\"@context\":\"https:\/\/schema.org\",\"@graph\":[{\"@type\":\"Article\",\"@id\":\"https:\/\/unasp.br\/noticias\/nutricionista-do-unasp-sp-participa-de-programa-de-televisao\/#article\",\"isPartOf\":{\"@id\":\"https:\/\/unasp.br\/noticias\/nutricionista-do-unasp-sp-participa-de-programa-de-televisao\/\"},\"author\":{\"name\":\"Aira Almeida\",\"@id\":\"https:\/\/unasp.br\/noticias\/#\/schema\/person\/80f09a3ec674501e6bb13144ffa2489f\"},\"headline\":\"Nutricionista do Unasp-SP participa de programa de televis\u00e3o\",\"datePublished\":\"2019-08-26T20:44:09+00:00\",\"dateModified\":\"2019-08-26T20:44:09+00:00\",\"mainEntityOfPage\":{\"@id\":\"https:\/\/unasp.br\/noticias\/nutricionista-do-unasp-sp-participa-de-programa-de-televisao\/\"},\"wordCount\":401,\"commentCount\":0,\"publisher\":{\"@id\":\"https:\/\/unasp.br\/noticias\/#organization\"},\"image\":{\"@id\":\"https:\/\/unasp.br\/noticias\/nutricionista-do-unasp-sp-participa-de-programa-de-televisao\/#primaryimage\"},\"thumbnailUrl\":\"https:\/\/cdn.unasp.br\/noticias\/wp-content\/uploads\/2019\/08\/26143153\/Sem-t%C3%ADtulo2.jpg\",\"articleSection\":[\"Impacto Social\"],\"inLanguage\":\"pt-BR\",\"potentialAction\":[{\"@type\":\"CommentAction\",\"name\":\"Comment\",\"target\":[\"https:\/\/unasp.br\/noticias\/nutricionista-do-unasp-sp-participa-de-programa-de-televisao\/#respond\"]}]},{\"@type\":\"WebPage\",\"@id\":\"https:\/\/unasp.br\/noticias\/nutricionista-do-unasp-sp-participa-de-programa-de-televisao\/\",\"url\":\"https:\/\/unasp.br\/noticias\/nutricionista-do-unasp-sp-participa-de-programa-de-televisao\/\",\"name\":\"Nutricionista do Unasp-SP participa de programa de televis\u00e3o - UNASP Noticias\",\"isPartOf\":{\"@id\":\"https:\/\/unasp.br\/noticias\/#website\"},\"primaryImageOfPage\":{\"@id\":\"https:\/\/unasp.br\/noticias\/nutricionista-do-unasp-sp-participa-de-programa-de-televisao\/#primaryimage\"},\"image\":{\"@id\":\"https:\/\/unasp.br\/noticias\/nutricionista-do-unasp-sp-participa-de-programa-de-televisao\/#primaryimage\"},\"thumbnailUrl\":\"https:\/\/cdn.unasp.br\/noticias\/wp-content\/uploads\/2019\/08\/26143153\/Sem-t%C3%ADtulo2.jpg\",\"datePublished\":\"2019-08-26T20:44:09+00:00\",\"dateModified\":\"2019-08-26T20:44:09+00:00\",\"breadcrumb\":{\"@id\":\"https:\/\/unasp.br\/noticias\/nutricionista-do-unasp-sp-participa-de-programa-de-televisao\/#breadcrumb\"},\"inLanguage\":\"pt-BR\",\"potentialAction\":[{\"@type\":\"ReadAction\",\"target\":[\"https:\/\/unasp.br\/noticias\/nutricionista-do-unasp-sp-participa-de-programa-de-televisao\/\"]}]},{\"@type\":\"ImageObject\",\"inLanguage\":\"pt-BR\",\"@id\":\"https:\/\/unasp.br\/noticias\/nutricionista-do-unasp-sp-participa-de-programa-de-televisao\/#primaryimage\",\"url\":\"https:\/\/cdn.unasp.br\/noticias\/wp-content\/uploads\/2019\/08\/26143153\/Sem-t%C3%ADtulo2.jpg\",\"contentUrl\":\"https:\/\/cdn.unasp.br\/noticias\/wp-content\/uploads\/2019\/08\/26143153\/Sem-t%C3%ADtulo2.jpg\",\"width\":1264,\"height\":712},{\"@type\":\"BreadcrumbList\",\"@id\":\"https:\/\/unasp.br\/noticias\/nutricionista-do-unasp-sp-participa-de-programa-de-televisao\/#breadcrumb\",\"itemListElement\":[{\"@type\":\"ListItem\",\"position\":1,\"name\":\"In\u00edcio\",\"item\":\"https:\/\/unasp.br\/noticias\/\"},{\"@type\":\"ListItem\",\"position\":2,\"name\":\"Nutricionista do Unasp-SP participa de programa de televis\u00e3o\"}]},{\"@type\":\"WebSite\",\"@id\":\"https:\/\/unasp.br\/noticias\/#website\",\"url\":\"https:\/\/unasp.br\/noticias\/\",\"name\":\"UNASP Noticias\",\"description\":\"Centro Universit\u00e1rio Adventista de S\u00e3o Paulo\",\"publisher\":{\"@id\":\"https:\/\/unasp.br\/noticias\/#organization\"},\"potentialAction\":[{\"@type\":\"SearchAction\",\"target\":{\"@type\":\"EntryPoint\",\"urlTemplate\":\"https:\/\/unasp.br\/noticias\/?s={search_term_string}\"},\"query-input\":{\"@type\":\"PropertyValueSpecification\",\"valueRequired\":true,\"valueName\":\"search_term_string\"}}],\"inLanguage\":\"pt-BR\"},{\"@type\":\"Organization\",\"@id\":\"https:\/\/unasp.br\/noticias\/#organization\",\"name\":\"UNASP Noticias\",\"url\":\"https:\/\/unasp.br\/noticias\/\",\"logo\":{\"@type\":\"ImageObject\",\"inLanguage\":\"pt-BR\",\"@id\":\"https:\/\/unasp.br\/noticias\/#\/schema\/logo\/image\/\",\"url\":\"https:\/\/cdn.unasp.br\/noticias\/wp-content\/uploads\/2021\/09\/09152724\/logo-unasp-news.png\",\"contentUrl\":\"https:\/\/cdn.unasp.br\/noticias\/wp-content\/uploads\/2021\/09\/09152724\/logo-unasp-news.png\",\"width\":240,\"height\":41,\"caption\":\"UNASP Noticias\"},\"image\":{\"@id\":\"https:\/\/unasp.br\/noticias\/#\/schema\/logo\/image\/\"}},{\"@type\":\"Person\",\"@id\":\"https:\/\/unasp.br\/noticias\/#\/schema\/person\/80f09a3ec674501e6bb13144ffa2489f\",\"name\":\"Aira Almeida\",\"image\":{\"@type\":\"ImageObject\",\"inLanguage\":\"pt-BR\",\"@id\":\"https:\/\/unasp.br\/noticias\/#\/schema\/person\/image\/\",\"url\":\"https:\/\/secure.gravatar.com\/avatar\/e30ea867fdd5a41ec6a0cb350dcd108e?s=96&d=mm&r=g\",\"contentUrl\":\"https:\/\/secure.gravatar.com\/avatar\/e30ea867fdd5a41ec6a0cb350dcd108e?s=96&d=mm&r=g\",\"caption\":\"Aira Almeida\"},\"url\":\"https:\/\/unasp.br\/noticias\/author\/aira-almeidaedu-unasp-br\/\"}]}<\/script>\n<!-- \/ Yoast SEO plugin. -->","yoast_head_json":{"title":"Nutricionista do Unasp-SP participa de programa de televis\u00e3o - UNASP Noticias","robots":{"index":"index","follow":"follow","max-snippet":"max-snippet:-1","max-image-preview":"max-image-preview:large","max-video-preview":"max-video-preview:-1"},"canonical":"https:\/\/unasp.br\/noticias\/nutricionista-do-unasp-sp-participa-de-programa-de-televisao\/","og_locale":"pt_BR","og_type":"article","og_title":"Nutricionista do Unasp-SP participa de programa de televis\u00e3o - UNASP Noticias","og_description":"Foi ao ar na \u00faltima sexta-feira (23) o programa Em Discuss\u00e3o, da TV Alesp (Assembleia Legislativa de [&hellip;]","og_url":"https:\/\/unasp.br\/noticias\/nutricionista-do-unasp-sp-participa-de-programa-de-televisao\/","og_site_name":"UNASP Noticias","article_published_time":"2019-08-26T20:44:09+00:00","og_image":[{"width":1264,"height":712,"url":"https:\/\/cdn.unasp.br\/noticias\/wp-content\/uploads\/2019\/08\/26143153\/Sem-t%C3%ADtulo2.jpg","type":"image\/jpeg"}],"author":"Aira Almeida","twitter_card":"summary_large_image","twitter_misc":{"Escrito por":"Aira Almeida","Est. tempo de leitura":"2 minutos"},"schema":{"@context":"https:\/\/schema.org","@graph":[{"@type":"Article","@id":"https:\/\/unasp.br\/noticias\/nutricionista-do-unasp-sp-participa-de-programa-de-televisao\/#article","isPartOf":{"@id":"https:\/\/unasp.br\/noticias\/nutricionista-do-unasp-sp-participa-de-programa-de-televisao\/"},"author":{"name":"Aira Almeida","@id":"https:\/\/unasp.br\/noticias\/#\/schema\/person\/80f09a3ec674501e6bb13144ffa2489f"},"headline":"Nutricionista do Unasp-SP participa de programa de televis\u00e3o","datePublished":"2019-08-26T20:44:09+00:00","dateModified":"2019-08-26T20:44:09+00:00","mainEntityOfPage":{"@id":"https:\/\/unasp.br\/noticias\/nutricionista-do-unasp-sp-participa-de-programa-de-televisao\/"},"wordCount":401,"commentCount":0,"publisher":{"@id":"https:\/\/unasp.br\/noticias\/#organization"},"image":{"@id":"https:\/\/unasp.br\/noticias\/nutricionista-do-unasp-sp-participa-de-programa-de-televisao\/#primaryimage"},"thumbnailUrl":"https:\/\/cdn.unasp.br\/noticias\/wp-content\/uploads\/2019\/08\/26143153\/Sem-t%C3%ADtulo2.jpg","articleSection":["Impacto Social"],"inLanguage":"pt-BR","potentialAction":[{"@type":"CommentAction","name":"Comment","target":["https:\/\/unasp.br\/noticias\/nutricionista-do-unasp-sp-participa-de-programa-de-televisao\/#respond"]}]},{"@type":"WebPage","@id":"https:\/\/unasp.br\/noticias\/nutricionista-do-unasp-sp-participa-de-programa-de-televisao\/","url":"https:\/\/unasp.br\/noticias\/nutricionista-do-unasp-sp-participa-de-programa-de-televisao\/","name":"Nutricionista do Unasp-SP participa de programa de televis\u00e3o - UNASP Noticias","isPartOf":{"@id":"https:\/\/unasp.br\/noticias\/#website"},"primaryImageOfPage":{"@id":"https:\/\/unasp.br\/noticias\/nutricionista-do-unasp-sp-participa-de-programa-de-televisao\/#primaryimage"},"image":{"@id":"https:\/\/unasp.br\/noticias\/nutricionista-do-unasp-sp-participa-de-programa-de-televisao\/#primaryimage"},"thumbnailUrl":"https:\/\/cdn.unasp.br\/noticias\/wp-content\/uploads\/2019\/08\/26143153\/Sem-t%C3%ADtulo2.jpg","datePublished":"2019-08-26T20:44:09+00:00","dateModified":"2019-08-26T20:44:09+00:00","breadcrumb":{"@id":"https:\/\/unasp.br\/noticias\/nutricionista-do-unasp-sp-participa-de-programa-de-televisao\/#breadcrumb"},"inLanguage":"pt-BR","potentialAction":[{"@type":"ReadAction","target":["https:\/\/unasp.br\/noticias\/nutricionista-do-unasp-sp-participa-de-programa-de-televisao\/"]}]},{"@type":"ImageObject","inLanguage":"pt-BR","@id":"https:\/\/unasp.br\/noticias\/nutricionista-do-unasp-sp-participa-de-programa-de-televisao\/#primaryimage","url":"https:\/\/cdn.unasp.br\/noticias\/wp-content\/uploads\/2019\/08\/26143153\/Sem-t%C3%ADtulo2.jpg","contentUrl":"https:\/\/cdn.unasp.br\/noticias\/wp-content\/uploads\/2019\/08\/26143153\/Sem-t%C3%ADtulo2.jpg","width":1264,"height":712},{"@type":"BreadcrumbList","@id":"https:\/\/unasp.br\/noticias\/nutricionista-do-unasp-sp-participa-de-programa-de-televisao\/#breadcrumb","itemListElement":[{"@type":"ListItem","position":1,"name":"In\u00edcio","item":"https:\/\/unasp.br\/noticias\/"},{"@type":"ListItem","position":2,"name":"Nutricionista do Unasp-SP participa de programa de televis\u00e3o"}]},{"@type":"WebSite","@id":"https:\/\/unasp.br\/noticias\/#website","url":"https:\/\/unasp.br\/noticias\/","name":"UNASP Noticias","description":"Centro Universit\u00e1rio Adventista de S\u00e3o Paulo","publisher":{"@id":"https:\/\/unasp.br\/noticias\/#organization"},"potentialAction":[{"@type":"SearchAction","target":{"@type":"EntryPoint","urlTemplate":"https:\/\/unasp.br\/noticias\/?s={search_term_string}"},"query-input":{"@type":"PropertyValueSpecification","valueRequired":true,"valueName":"search_term_string"}}],"inLanguage":"pt-BR"},{"@type":"Organization","@id":"https:\/\/unasp.br\/noticias\/#organization","name":"UNASP Noticias","url":"https:\/\/unasp.br\/noticias\/","logo":{"@type":"ImageObject","inLanguage":"pt-BR","@id":"https:\/\/unasp.br\/noticias\/#\/schema\/logo\/image\/","url":"https:\/\/cdn.unasp.br\/noticias\/wp-content\/uploads\/2021\/09\/09152724\/logo-unasp-news.png","contentUrl":"https:\/\/cdn.unasp.br\/noticias\/wp-content\/uploads\/2021\/09\/09152724\/logo-unasp-news.png","width":240,"height":41,"caption":"UNASP Noticias"},"image":{"@id":"https:\/\/unasp.br\/noticias\/#\/schema\/logo\/image\/"}},{"@type":"Person","@id":"https:\/\/unasp.br\/noticias\/#\/schema\/person\/80f09a3ec674501e6bb13144ffa2489f","name":"Aira Almeida","image":{"@type":"ImageObject","inLanguage":"pt-BR","@id":"https:\/\/unasp.br\/noticias\/#\/schema\/person\/image\/","url":"https:\/\/secure.gravatar.com\/avatar\/e30ea867fdd5a41ec6a0cb350dcd108e?s=96&d=mm&r=g","contentUrl":"https:\/\/secure.gravatar.com\/avatar\/e30ea867fdd5a41ec6a0cb350dcd108e?s=96&d=mm&r=g","caption":"Aira Almeida"},"url":"https:\/\/unasp.br\/noticias\/author\/aira-almeidaedu-unasp-br\/"}]}},"_links":{"self":[{"href":"https:\/\/unasp.br\/noticias\/wp-json\/wp\/v2\/posts\/65634"}],"collection":[{"href":"https:\/\/unasp.br\/noticias\/wp-json\/wp\/v2\/posts"}],"about":[{"href":"https:\/\/unasp.br\/noticias\/wp-json\/wp\/v2\/types\/post"}],"author":[{"embeddable":true,"href":"https:\/\/unasp.br\/noticias\/wp-json\/wp\/v2\/users\/30"}],"replies":[{"embeddable":true,"href":"https:\/\/unasp.br\/noticias\/wp-json\/wp\/v2\/comments?post=65634"}],"version-history":[{"count":6,"href":"https:\/\/unasp.br\/noticias\/wp-json\/wp\/v2\/posts\/65634\/revisions"}],"predecessor-version":[{"id":65643,"href":"https:\/\/unasp.br\/noticias\/wp-json\/wp\/v2\/posts\/65634\/revisions\/65643"}],"wp:featuredmedia":[{"embeddable":true,"href":"https:\/\/unasp.br\/noticias\/wp-json\/wp\/v2\/media\/65635"}],"wp:attachment":[{"href":"https:\/\/unasp.br\/noticias\/wp-json\/wp\/v2\/media?parent=65634"}],"wp:term":[{"taxonomy":"category","embeddable":true,"href":"https:\/\/unasp.br\/noticias\/wp-json\/wp\/v2\/categories?post=65634"},{"taxonomy":"post_tag","embeddable":true,"href":"https:\/\/unasp.br\/noticias\/wp-json\/wp\/v2\/tags?post=65634"}],"curies":[{"name":"wp","href":"https:\/\/api.w.org\/{rel}","templated":true}]}}