{"id":65737,"date":"2019-08-27T17:46:25","date_gmt":"2019-08-27T20:46:25","guid":{"rendered":"https:\/\/www.unasp.br\/noticias\/?p=65737"},"modified":"2021-07-27T14:39:52","modified_gmt":"2021-07-27T17:39:52","slug":"unasp-sp-oferece-oportunidades-de-crescimento-pessoal-profissional-e-espiritual-atraves-de-voluntariados","status":"publish","type":"post","link":"https:\/\/unasp.br\/noticias\/unasp-sp-oferece-oportunidades-de-crescimento-pessoal-profissional-e-espiritual-atraves-de-voluntariados\/","title":{"rendered":"Unasp-SP oferece oportunidades de crescimento pessoal, profissional e espiritual atrav\u00e9s de voluntariados"},"content":{"rendered":"<p style=\"text-align: center;\"><em>Al\u00e9m de ajudar o pr\u00f3ximo, experi\u00eancias com voluntariados podem agregar tamb\u00e9m \u00e0 carreira profissional do participante<\/em><\/p>\n<div id=\"attachment_65728\" style=\"width: 550px\" class=\"wp-caption aligncenter\"><img loading=\"lazy\" decoding=\"async\" aria-describedby=\"caption-attachment-65728\" class=\"wp-image-65728\" src=\"https:\/\/www.unasp.br\/noticias\/wp-content\/uploads\/2019\/08\/WhatsApp-Image-2019-08-26-at-18.11.18-300x225.jpeg\" alt=\"\" width=\"540\" height=\"405\" srcset=\"https:\/\/cdn.unasp.br\/noticias\/wp-content\/uploads\/2019\/08\/27141910\/WhatsApp-Image-2019-08-26-at-18.11.18-300x225.jpeg 300w, https:\/\/cdn.unasp.br\/noticias\/wp-content\/uploads\/2019\/08\/27141910\/WhatsApp-Image-2019-08-26-at-18.11.18-768x576.jpeg 768w, https:\/\/cdn.unasp.br\/noticias\/wp-content\/uploads\/2019\/08\/27141910\/WhatsApp-Image-2019-08-26-at-18.11.18-1024x768.jpeg 1024w, https:\/\/cdn.unasp.br\/noticias\/wp-content\/uploads\/2019\/08\/27141910\/WhatsApp-Image-2019-08-26-at-18.11.18-800x600.jpeg 800w, https:\/\/cdn.unasp.br\/noticias\/wp-content\/uploads\/2019\/08\/27141910\/WhatsApp-Image-2019-08-26-at-18.11.18-1067x800.jpeg 1067w, https:\/\/cdn.unasp.br\/noticias\/wp-content\/uploads\/2019\/08\/27141910\/WhatsApp-Image-2019-08-26-at-18.11.18-960x720.jpeg 960w, https:\/\/cdn.unasp.br\/noticias\/wp-content\/uploads\/2019\/08\/27141910\/WhatsApp-Image-2019-08-26-at-18.11.18-667x500.jpeg 667w, https:\/\/cdn.unasp.br\/noticias\/wp-content\/uploads\/2019\/08\/27141910\/WhatsApp-Image-2019-08-26-at-18.11.18-640x480.jpeg 640w, https:\/\/cdn.unasp.br\/noticias\/wp-content\/uploads\/2019\/08\/27141910\/WhatsApp-Image-2019-08-26-at-18.11.18-373x280.jpeg 373w, https:\/\/cdn.unasp.br\/noticias\/wp-content\/uploads\/2019\/08\/27141910\/WhatsApp-Image-2019-08-26-at-18.11.18-500x375.jpeg 500w, https:\/\/cdn.unasp.br\/noticias\/wp-content\/uploads\/2019\/08\/27141910\/WhatsApp-Image-2019-08-26-at-18.11.18-400x300.jpeg 400w, https:\/\/cdn.unasp.br\/noticias\/wp-content\/uploads\/2019\/08\/27141910\/WhatsApp-Image-2019-08-26-at-18.11.18-333x250.jpeg 333w, https:\/\/cdn.unasp.br\/noticias\/wp-content\/uploads\/2019\/08\/27141910\/WhatsApp-Image-2019-08-26-at-18.11.18-267x200.jpeg 267w, https:\/\/cdn.unasp.br\/noticias\/wp-content\/uploads\/2019\/08\/27141910\/WhatsApp-Image-2019-08-26-at-18.11.18-200x150.jpeg 200w, https:\/\/cdn.unasp.br\/noticias\/wp-content\/uploads\/2019\/08\/27141910\/WhatsApp-Image-2019-08-26-at-18.11.18-175x131.jpeg 175w, https:\/\/cdn.unasp.br\/noticias\/wp-content\/uploads\/2019\/08\/27141910\/WhatsApp-Image-2019-08-26-at-18.11.18.jpeg 1152w\" sizes=\"(max-width: 540px) 100vw, 540px\" \/><p id=\"caption-attachment-65728\" class=\"wp-caption-text\">Grupo de volunt\u00e1rios do Unasp-SP em Quixabeira, interior do estado da Bahia, em 2019.<\/p><\/div>\n<p style=\"text-align: justify;\">H\u00e1 quem diga que deixar o conforto da realidade nem sempre \u00e9 f\u00e1cil, e de fato n\u00e3o \u00e9. Mas h\u00e1 anos, o Unasp tem incentivado os estudantes a sa\u00edrem da zona de conforto para que dediquem suas f\u00e9rias a fim de ajudar seus semelhantes. Quem participa, garante que \u00e9 uma experi\u00eancia \u00fanica e enriquecedora.<\/p>\n<p style=\"text-align: justify;\">Entrar em contato com pessoas de costumes diferentes, que carecem de apoio, faz com que esses volunt\u00e1rios passem a ver o mundo de maneira diferente, de forma mais \u201chumana\u201d. Aprendem a se doar pelo pr\u00f3ximo, e entendem que mudando o mundo de algu\u00e9m, o mundo deles tamb\u00e9m \u00e9 mudado para melhor. Assim nasceu o\u00a0<strong>Change Your World,\u00a0<\/strong>organiza\u00e7\u00e3o criada no Unasp S\u00e3o Paulo com objetivo de promover voluntariados\/miss\u00f5es para diversos lugares do Brasil e do mundo.<\/p>\n<div id=\"attachment_65730\" style=\"width: 362px\" class=\"wp-caption alignright\"><img loading=\"lazy\" decoding=\"async\" aria-describedby=\"caption-attachment-65730\" class=\" wp-image-65730\" src=\"https:\/\/www.unasp.br\/noticias\/wp-content\/uploads\/2019\/08\/WhatsApp-Image-2019-08-26-at-18.09.24-300x248.jpeg\" alt=\"\" width=\"352\" height=\"291\" srcset=\"https:\/\/cdn.unasp.br\/noticias\/wp-content\/uploads\/2019\/08\/27142526\/WhatsApp-Image-2019-08-26-at-18.09.24-300x248.jpeg 300w, https:\/\/cdn.unasp.br\/noticias\/wp-content\/uploads\/2019\/08\/27142526\/WhatsApp-Image-2019-08-26-at-18.09.24-768x636.jpeg 768w, https:\/\/cdn.unasp.br\/noticias\/wp-content\/uploads\/2019\/08\/27142526\/WhatsApp-Image-2019-08-26-at-18.09.24-1024x848.jpeg 1024w, https:\/\/cdn.unasp.br\/noticias\/wp-content\/uploads\/2019\/08\/27142526\/WhatsApp-Image-2019-08-26-at-18.09.24-725x600.jpeg 725w, https:\/\/cdn.unasp.br\/noticias\/wp-content\/uploads\/2019\/08\/27142526\/WhatsApp-Image-2019-08-26-at-18.09.24-966x800.jpeg 966w, https:\/\/cdn.unasp.br\/noticias\/wp-content\/uploads\/2019\/08\/27142526\/WhatsApp-Image-2019-08-26-at-18.09.24-870x720.jpeg 870w, https:\/\/cdn.unasp.br\/noticias\/wp-content\/uploads\/2019\/08\/27142526\/WhatsApp-Image-2019-08-26-at-18.09.24-800x662.jpeg 800w, https:\/\/cdn.unasp.br\/noticias\/wp-content\/uploads\/2019\/08\/27142526\/WhatsApp-Image-2019-08-26-at-18.09.24-604x500.jpeg 604w, https:\/\/cdn.unasp.br\/noticias\/wp-content\/uploads\/2019\/08\/27142526\/WhatsApp-Image-2019-08-26-at-18.09.24-580x480.jpeg 580w, https:\/\/cdn.unasp.br\/noticias\/wp-content\/uploads\/2019\/08\/27142526\/WhatsApp-Image-2019-08-26-at-18.09.24-338x280.jpeg 338w, https:\/\/cdn.unasp.br\/noticias\/wp-content\/uploads\/2019\/08\/27142526\/WhatsApp-Image-2019-08-26-at-18.09.24-483x400.jpeg 483w, https:\/\/cdn.unasp.br\/noticias\/wp-content\/uploads\/2019\/08\/27142526\/WhatsApp-Image-2019-08-26-at-18.09.24-400x331.jpeg 400w, https:\/\/cdn.unasp.br\/noticias\/wp-content\/uploads\/2019\/08\/27142526\/WhatsApp-Image-2019-08-26-at-18.09.24-302x250.jpeg 302w, https:\/\/cdn.unasp.br\/noticias\/wp-content\/uploads\/2019\/08\/27142526\/WhatsApp-Image-2019-08-26-at-18.09.24-242x200.jpeg 242w, https:\/\/cdn.unasp.br\/noticias\/wp-content\/uploads\/2019\/08\/27142526\/WhatsApp-Image-2019-08-26-at-18.09.24-181x150.jpeg 181w, https:\/\/cdn.unasp.br\/noticias\/wp-content\/uploads\/2019\/08\/27142526\/WhatsApp-Image-2019-08-26-at-18.09.24-175x145.jpeg 175w, https:\/\/cdn.unasp.br\/noticias\/wp-content\/uploads\/2019\/08\/27142526\/WhatsApp-Image-2019-08-26-at-18.09.24-200x166.jpeg 200w, https:\/\/cdn.unasp.br\/noticias\/wp-content\/uploads\/2019\/08\/27142526\/WhatsApp-Image-2019-08-26-at-18.09.24.jpeg 1080w\" sizes=\"(max-width: 352px) 100vw, 352px\" \/><p id=\"caption-attachment-65730\" class=\"wp-caption-text\">Grupo de volunt\u00e1rios em Vila Velha, interior do Esp\u00edrito Santo, em 2017.<\/p><\/div>\n<p style=\"text-align: justify;\">Aline Silveira, aluna de gradua\u00e7\u00e3o do Unasp-SP, teve a oportunidade de participar de dois projetos no Brasil atrav\u00e9s do Change Your World. A primeira experi\u00eancia foi em Vila Velha, interior do Esp\u00edrito Santo, em 2017. A estudante se emociona ao lembrar os dias que passou na cidade, onde percebeu o quanto as pessoas eram vazias mesmo com as contas banc\u00e1rias cheias, e viu o quanto o di\u00e1logo, um abra\u00e7o, um tempo dedicado ao outro \u00e9 essencial.<\/p>\n<p style=\"text-align: justify;\">Sua segunda participa\u00e7\u00e3o no projeto foi neste ano de 2019, em Quixabeira, interior da Bahia, onde o contraste foi ainda maior. \u201cO lugar era simples, com um sol escaldante, aus\u00eancia de conforto, in\u00fameros imprevistos. L\u00e1 as pessoas n\u00e3o t\u00eam nem as necessidades b\u00e1sicas supridas. Possuem car\u00eancias f\u00edsicas, al\u00e9m de muitos dados de viol\u00eancia contra mulher e uso de drogas\u201d, conta Aline.<\/p>\n<p style=\"text-align: justify;\">Rosimeire Nascimento, mais conhecida como Rosi, \u00e9 aluna do MBA em Lideran\u00e7a e Gest\u00e3o de Voluntariado da institui\u00e7\u00e3o, e j\u00e1 participou de cinco projetos de voluntariado no exterior pelo Unasp-SP: Uruguai (2013), Fran\u00e7a (2015), Chile (2016), Bangladesh (2017) e Egito (2019). \u201cEm alguns pa\u00edses os projetos eram a\u00e7\u00f5es evangel\u00edsticas e sociais, em outros s\u00f3 sociais, foi quando aprendi que posso ser Jesus para o outro com a\u00e7\u00f5es diferentes, n\u00e3o somente com evangelismo\u201d, revela.<\/p>\n<p style=\"text-align: justify;\"><strong>Crescimento pessoal e espiritual<\/strong><\/p>\n<p style=\"text-align: justify;\">Por conta da classe social muito diferente encontrada no interior da Bahia, Aline sentiu um grande impacto, e percebeu que desde o in\u00edcio estava sendo \u201cquebrada\u201d e moldada por Deus. Sua primeira surpresa, que considerava negativa no in\u00edcio, foi o fato de n\u00e3o ter nenhum espelho na escola em que ficou hospedada e possu\u00eda uma estrutura simples.<\/p>\n<p style=\"text-align: justify;\">\u201cSenti dificuldade logo no in\u00edcio pois n\u00e3o podia me ver em algum espelho, olhar como estava meu cabelo, se a roupa estava combinando. Eu ficava reclamando para mim mesma em pensamento: \u201cNossa, como assim n\u00e3o tem um espelho nesse lugar?!\u201d. Depois de uns dois dias indignada por esse motivo, Deus falou ao meu cora\u00e7\u00e3o: \u201cAline, para de reclamar, voc\u00ea n\u00e3o est\u00e1 aqui para olhar para si mesma, pare de ficar preocupada com sua roupa ou cabelo. Voc\u00ea est\u00e1 aqui para olhar para as outras pessoas, ent\u00e3o me deixa te usar\u201d. Ao retornar para sua realidade, a vaidade j\u00e1 n\u00e3o era mais um mau costume presente em sua vida.<\/p>\n<div id=\"attachment_65729\" style=\"width: 353px\" class=\"wp-caption alignleft\"><img loading=\"lazy\" decoding=\"async\" aria-describedby=\"caption-attachment-65729\" class=\" wp-image-65729\" src=\"https:\/\/www.unasp.br\/noticias\/wp-content\/uploads\/2019\/08\/WhatsApp-Image-2019-08-26-at-18.55.12-300x225.jpeg\" alt=\"\" width=\"343\" height=\"257\" srcset=\"https:\/\/cdn.unasp.br\/noticias\/wp-content\/uploads\/2019\/08\/27142231\/WhatsApp-Image-2019-08-26-at-18.55.12-300x225.jpeg 300w, https:\/\/cdn.unasp.br\/noticias\/wp-content\/uploads\/2019\/08\/27142231\/WhatsApp-Image-2019-08-26-at-18.55.12-768x576.jpeg 768w, https:\/\/cdn.unasp.br\/noticias\/wp-content\/uploads\/2019\/08\/27142231\/WhatsApp-Image-2019-08-26-at-18.55.12-1024x768.jpeg 1024w, https:\/\/cdn.unasp.br\/noticias\/wp-content\/uploads\/2019\/08\/27142231\/WhatsApp-Image-2019-08-26-at-18.55.12-800x600.jpeg 800w, https:\/\/cdn.unasp.br\/noticias\/wp-content\/uploads\/2019\/08\/27142231\/WhatsApp-Image-2019-08-26-at-18.55.12-1067x800.jpeg 1067w, https:\/\/cdn.unasp.br\/noticias\/wp-content\/uploads\/2019\/08\/27142231\/WhatsApp-Image-2019-08-26-at-18.55.12-960x720.jpeg 960w, https:\/\/cdn.unasp.br\/noticias\/wp-content\/uploads\/2019\/08\/27142231\/WhatsApp-Image-2019-08-26-at-18.55.12-667x500.jpeg 667w, https:\/\/cdn.unasp.br\/noticias\/wp-content\/uploads\/2019\/08\/27142231\/WhatsApp-Image-2019-08-26-at-18.55.12-640x480.jpeg 640w, https:\/\/cdn.unasp.br\/noticias\/wp-content\/uploads\/2019\/08\/27142231\/WhatsApp-Image-2019-08-26-at-18.55.12-373x280.jpeg 373w, https:\/\/cdn.unasp.br\/noticias\/wp-content\/uploads\/2019\/08\/27142231\/WhatsApp-Image-2019-08-26-at-18.55.12-500x375.jpeg 500w, https:\/\/cdn.unasp.br\/noticias\/wp-content\/uploads\/2019\/08\/27142231\/WhatsApp-Image-2019-08-26-at-18.55.12-400x300.jpeg 400w, https:\/\/cdn.unasp.br\/noticias\/wp-content\/uploads\/2019\/08\/27142231\/WhatsApp-Image-2019-08-26-at-18.55.12-333x250.jpeg 333w, https:\/\/cdn.unasp.br\/noticias\/wp-content\/uploads\/2019\/08\/27142231\/WhatsApp-Image-2019-08-26-at-18.55.12-267x200.jpeg 267w, https:\/\/cdn.unasp.br\/noticias\/wp-content\/uploads\/2019\/08\/27142231\/WhatsApp-Image-2019-08-26-at-18.55.12-200x150.jpeg 200w, https:\/\/cdn.unasp.br\/noticias\/wp-content\/uploads\/2019\/08\/27142231\/WhatsApp-Image-2019-08-26-at-18.55.12-175x131.jpeg 175w, https:\/\/cdn.unasp.br\/noticias\/wp-content\/uploads\/2019\/08\/27142231\/WhatsApp-Image-2019-08-26-at-18.55.12.jpeg 1280w\" sizes=\"(max-width: 343px) 100vw, 343px\" \/><p id=\"caption-attachment-65729\" class=\"wp-caption-text\">Rosi com o grupo de volunt\u00e1rios na Fran\u00e7a, em 2015.<\/p><\/div>\n<p style=\"text-align: justify;\">Quando Rosi retorna dos voluntariados, se sente uma pessoa diferente tamb\u00e9m. \u201cVolto como algu\u00e9m melhor, com o desejo de continuar dispon\u00edvel para o outro. Dispon\u00edvel para aprender novas verdades, mas continuar com os mesmos princ\u00edpios. \u00c9 nesta troca com o outro, que o meu sentido da vida fica mais claro. \u00c9 quando eu aprendo que h\u00e1 v\u00e1rios saberes diferentes e isto possibilita um grande aprendizado. Um olhar mais humanizado para as pessoas e mais valoriza\u00e7\u00e3o para minha vida\u201d, comenta.<\/p>\n<p style=\"text-align: justify;\">O coordenador do Centro de Voluntariado, pastor Daniel Lemos, acredita que a comunidade local recebe muitos benef\u00edcios do grupo de volunt\u00e1rios, mas que na verdade, em muitos casos, s\u00e3o o voluntariados os mais beneficiados. \u201cO participante do programa \u00e9 tocado por um sentimento de servi\u00e7o, de amor sem barganhas\u201d, diz.<\/p>\n<p style=\"text-align: justify;\"><strong>Crescimento profissional<\/strong><\/p>\n<p style=\"text-align: justify;\">Nos tempos atuais, o mercado de trabalho d\u00e1 grande valor aos profissionais que possuem experi\u00eancias de voluntariado, pois \u00e9 considerado um diferencial. Segundo Aline, atrav\u00e9s dessa experi\u00eancia adquire-se habilidades valiosas como: trabalho em equipe, boa comunica\u00e7\u00e3o, comprometimento, proatividade, empatia, criatividade, entre muitas outras coisas que o mundo corporativo busca na hora de contratar.<\/p>\n<p style=\"text-align: justify;\">Ao participar de uma entrevista de emprego, Rosi ouviu do recrutador que o fato dela ter participado de projetos volunt\u00e1rios foi um diferencial, o que resultou em sua contrata\u00e7\u00e3o. \u201cAs empresas veem este tipo de profissional de maneira diferente, pois o mesmo colabora com o outro sem esperar retorno, e isso \u00e9 a maior garantia de retorno\u201d, afirma.<\/p>\n<p style=\"text-align: justify;\"><strong>Change Your World e Change Language School<\/strong><\/p>\n<p style=\"text-align: justify;\">Os projetos de voluntariado come\u00e7am a ser organizados sempre com pelo menos um ano de anteced\u00eancia. Para o ano de 2020, os destinos dispon\u00edveis internacionais ser\u00e3o: Austr\u00e1lia, Estados Unidos, Angola e Mong\u00f3lia; e os destinos nacionais: Amazonas, Curitiba, S\u00e3o Paulo e Registro. O coordenador Daniel afirma que existem alguns crit\u00e9rios para definir os locais, como geogr\u00e1fico e financeiro. \u201cNa quest\u00e3o geogr\u00e1fica, damos op\u00e7\u00f5es de lugares bem longes, quanto lugares bem pr\u00f3ximos. Alguns dos lugares s\u00e3o mais urbanos, outros s\u00e3o mais rurais e prec\u00e1rios. Isso porque o volunt\u00e1rio n\u00e3o vai se adequar a qualquer tipo de lugar, e n\u00e3o tem nada a ver com conforto, pois ele vai para trabalhar, independentemente de onde seja\u201d, conta o coordenador.<\/p>\n<p style=\"text-align: justify;\">O Centro de Voluntariado tem trabalhado para mudar o pensamento que muitas pessoas t\u00eam de que para fazer algum tipo de miss\u00e3o, \u00e9 necess\u00e1rio que seja em pa\u00eds pobre. \u201cVoluntariado \u00e9 ir para um lugar onde h\u00e1 uma necessidade pontual, e \u00e0s vezes essa necessidade \u00e9 psicol\u00f3gica, e n\u00e3o biol\u00f3gica como a fome, por exemplo\u201d, afirma Daniel.<\/p>\n<p style=\"text-align: justify;\">Diversos programas de voluntariado organizados pelo Unasp-SP, atrav\u00e9s do Change Your World, s\u00e3o para pa\u00edses onde h\u00e1 necessidade do conhecimento da l\u00edngua inglesa. Tendo em vista que a procura para esses lugares era grande, por\u00e9m os volunt\u00e1rios precisavam se qualificar nessa quest\u00e3o, foi criado o Change Language School, cujo objetivo \u00e9 oferecer aulas de ingl\u00eas com foco em conversa\u00e7\u00e3o e escuta. Logo, as portas est\u00e3o abertas para quem realmente deseja ser um mission\u00e1rio sem fronteiras!<\/p>\n","protected":false},"excerpt":{"rendered":"<p>Al\u00e9m de ajudar o pr\u00f3ximo, experi\u00eancias com voluntariados podem agregar tamb\u00e9m \u00e0 carreira profissional do participante H\u00e1 [&hellip;]<\/p>\n","protected":false},"author":30,"featured_media":65728,"comment_status":"open","ping_status":"open","sticky":false,"template":"","format":"standard","meta":{"footnotes":""},"categories":[10],"tags":[],"yoast_head":"<!-- This site is optimized with the Yoast SEO plugin v23.5 - https:\/\/yoast.com\/wordpress\/plugins\/seo\/ -->\n<title>Unasp-SP oferece oportunidades de crescimento pessoal, profissional e espiritual atrav\u00e9s de voluntariados - UNASP Noticias<\/title>\n<meta name=\"robots\" content=\"index, follow, max-snippet:-1, max-image-preview:large, max-video-preview:-1\" \/>\n<link rel=\"canonical\" href=\"https:\/\/unasp.br\/noticias\/unasp-sp-oferece-oportunidades-de-crescimento-pessoal-profissional-e-espiritual-atraves-de-voluntariados\/\" \/>\n<meta property=\"og:locale\" content=\"pt_BR\" \/>\n<meta property=\"og:type\" content=\"article\" \/>\n<meta property=\"og:title\" content=\"Unasp-SP oferece oportunidades de crescimento pessoal, profissional e espiritual atrav\u00e9s de voluntariados - UNASP Noticias\" \/>\n<meta property=\"og:description\" content=\"Al\u00e9m de ajudar o pr\u00f3ximo, experi\u00eancias com voluntariados podem agregar tamb\u00e9m \u00e0 carreira profissional do participante H\u00e1 [&hellip;]\" \/>\n<meta property=\"og:url\" content=\"https:\/\/unasp.br\/noticias\/unasp-sp-oferece-oportunidades-de-crescimento-pessoal-profissional-e-espiritual-atraves-de-voluntariados\/\" \/>\n<meta property=\"og:site_name\" content=\"UNASP Noticias\" \/>\n<meta property=\"article:published_time\" content=\"2019-08-27T20:46:25+00:00\" \/>\n<meta property=\"article:modified_time\" content=\"2021-07-27T17:39:52+00:00\" \/>\n<meta property=\"og:image\" content=\"https:\/\/cdn.unasp.br\/noticias\/wp-content\/uploads\/2019\/08\/27141910\/WhatsApp-Image-2019-08-26-at-18.11.18.jpeg\" \/>\n\t<meta property=\"og:image:width\" content=\"1152\" \/>\n\t<meta property=\"og:image:height\" content=\"864\" \/>\n\t<meta property=\"og:image:type\" content=\"image\/jpeg\" \/>\n<meta name=\"author\" content=\"Aira Almeida\" \/>\n<meta name=\"twitter:card\" content=\"summary_large_image\" \/>\n<meta name=\"twitter:label1\" content=\"Escrito por\" \/>\n\t<meta name=\"twitter:data1\" content=\"Aira Almeida\" \/>\n\t<meta name=\"twitter:label2\" content=\"Est. tempo de leitura\" \/>\n\t<meta name=\"twitter:data2\" content=\"6 minutos\" \/>\n<script type=\"application\/ld+json\" class=\"yoast-schema-graph\">{\"@context\":\"https:\/\/schema.org\",\"@graph\":[{\"@type\":\"Article\",\"@id\":\"https:\/\/unasp.br\/noticias\/unasp-sp-oferece-oportunidades-de-crescimento-pessoal-profissional-e-espiritual-atraves-de-voluntariados\/#article\",\"isPartOf\":{\"@id\":\"https:\/\/unasp.br\/noticias\/unasp-sp-oferece-oportunidades-de-crescimento-pessoal-profissional-e-espiritual-atraves-de-voluntariados\/\"},\"author\":{\"name\":\"Aira Almeida\",\"@id\":\"https:\/\/unasp.br\/noticias\/#\/schema\/person\/80f09a3ec674501e6bb13144ffa2489f\"},\"headline\":\"Unasp-SP oferece oportunidades de crescimento pessoal, profissional e espiritual atrav\u00e9s de voluntariados\",\"datePublished\":\"2019-08-27T20:46:25+00:00\",\"dateModified\":\"2021-07-27T17:39:52+00:00\",\"mainEntityOfPage\":{\"@id\":\"https:\/\/unasp.br\/noticias\/unasp-sp-oferece-oportunidades-de-crescimento-pessoal-profissional-e-espiritual-atraves-de-voluntariados\/\"},\"wordCount\":1178,\"commentCount\":0,\"publisher\":{\"@id\":\"https:\/\/unasp.br\/noticias\/#organization\"},\"image\":{\"@id\":\"https:\/\/unasp.br\/noticias\/unasp-sp-oferece-oportunidades-de-crescimento-pessoal-profissional-e-espiritual-atraves-de-voluntariados\/#primaryimage\"},\"thumbnailUrl\":\"https:\/\/cdn.unasp.br\/noticias\/wp-content\/uploads\/2019\/08\/27141910\/WhatsApp-Image-2019-08-26-at-18.11.18.jpeg\",\"articleSection\":[\"Impacto Social\"],\"inLanguage\":\"pt-BR\",\"potentialAction\":[{\"@type\":\"CommentAction\",\"name\":\"Comment\",\"target\":[\"https:\/\/unasp.br\/noticias\/unasp-sp-oferece-oportunidades-de-crescimento-pessoal-profissional-e-espiritual-atraves-de-voluntariados\/#respond\"]}]},{\"@type\":\"WebPage\",\"@id\":\"https:\/\/unasp.br\/noticias\/unasp-sp-oferece-oportunidades-de-crescimento-pessoal-profissional-e-espiritual-atraves-de-voluntariados\/\",\"url\":\"https:\/\/unasp.br\/noticias\/unasp-sp-oferece-oportunidades-de-crescimento-pessoal-profissional-e-espiritual-atraves-de-voluntariados\/\",\"name\":\"Unasp-SP oferece oportunidades de crescimento pessoal, profissional e espiritual atrav\u00e9s de voluntariados - UNASP Noticias\",\"isPartOf\":{\"@id\":\"https:\/\/unasp.br\/noticias\/#website\"},\"primaryImageOfPage\":{\"@id\":\"https:\/\/unasp.br\/noticias\/unasp-sp-oferece-oportunidades-de-crescimento-pessoal-profissional-e-espiritual-atraves-de-voluntariados\/#primaryimage\"},\"image\":{\"@id\":\"https:\/\/unasp.br\/noticias\/unasp-sp-oferece-oportunidades-de-crescimento-pessoal-profissional-e-espiritual-atraves-de-voluntariados\/#primaryimage\"},\"thumbnailUrl\":\"https:\/\/cdn.unasp.br\/noticias\/wp-content\/uploads\/2019\/08\/27141910\/WhatsApp-Image-2019-08-26-at-18.11.18.jpeg\",\"datePublished\":\"2019-08-27T20:46:25+00:00\",\"dateModified\":\"2021-07-27T17:39:52+00:00\",\"breadcrumb\":{\"@id\":\"https:\/\/unasp.br\/noticias\/unasp-sp-oferece-oportunidades-de-crescimento-pessoal-profissional-e-espiritual-atraves-de-voluntariados\/#breadcrumb\"},\"inLanguage\":\"pt-BR\",\"potentialAction\":[{\"@type\":\"ReadAction\",\"target\":[\"https:\/\/unasp.br\/noticias\/unasp-sp-oferece-oportunidades-de-crescimento-pessoal-profissional-e-espiritual-atraves-de-voluntariados\/\"]}]},{\"@type\":\"ImageObject\",\"inLanguage\":\"pt-BR\",\"@id\":\"https:\/\/unasp.br\/noticias\/unasp-sp-oferece-oportunidades-de-crescimento-pessoal-profissional-e-espiritual-atraves-de-voluntariados\/#primaryimage\",\"url\":\"https:\/\/cdn.unasp.br\/noticias\/wp-content\/uploads\/2019\/08\/27141910\/WhatsApp-Image-2019-08-26-at-18.11.18.jpeg\",\"contentUrl\":\"https:\/\/cdn.unasp.br\/noticias\/wp-content\/uploads\/2019\/08\/27141910\/WhatsApp-Image-2019-08-26-at-18.11.18.jpeg\",\"width\":1152,\"height\":864},{\"@type\":\"BreadcrumbList\",\"@id\":\"https:\/\/unasp.br\/noticias\/unasp-sp-oferece-oportunidades-de-crescimento-pessoal-profissional-e-espiritual-atraves-de-voluntariados\/#breadcrumb\",\"itemListElement\":[{\"@type\":\"ListItem\",\"position\":1,\"name\":\"In\u00edcio\",\"item\":\"https:\/\/unasp.br\/noticias\/\"},{\"@type\":\"ListItem\",\"position\":2,\"name\":\"Unasp-SP oferece oportunidades de crescimento pessoal, profissional e espiritual atrav\u00e9s de voluntariados\"}]},{\"@type\":\"WebSite\",\"@id\":\"https:\/\/unasp.br\/noticias\/#website\",\"url\":\"https:\/\/unasp.br\/noticias\/\",\"name\":\"UNASP Noticias\",\"description\":\"Centro Universit\u00e1rio Adventista de S\u00e3o Paulo\",\"publisher\":{\"@id\":\"https:\/\/unasp.br\/noticias\/#organization\"},\"potentialAction\":[{\"@type\":\"SearchAction\",\"target\":{\"@type\":\"EntryPoint\",\"urlTemplate\":\"https:\/\/unasp.br\/noticias\/?s={search_term_string}\"},\"query-input\":{\"@type\":\"PropertyValueSpecification\",\"valueRequired\":true,\"valueName\":\"search_term_string\"}}],\"inLanguage\":\"pt-BR\"},{\"@type\":\"Organization\",\"@id\":\"https:\/\/unasp.br\/noticias\/#organization\",\"name\":\"UNASP Noticias\",\"url\":\"https:\/\/unasp.br\/noticias\/\",\"logo\":{\"@type\":\"ImageObject\",\"inLanguage\":\"pt-BR\",\"@id\":\"https:\/\/unasp.br\/noticias\/#\/schema\/logo\/image\/\",\"url\":\"https:\/\/cdn.unasp.br\/noticias\/wp-content\/uploads\/2021\/09\/09152724\/logo-unasp-news.png\",\"contentUrl\":\"https:\/\/cdn.unasp.br\/noticias\/wp-content\/uploads\/2021\/09\/09152724\/logo-unasp-news.png\",\"width\":240,\"height\":41,\"caption\":\"UNASP Noticias\"},\"image\":{\"@id\":\"https:\/\/unasp.br\/noticias\/#\/schema\/logo\/image\/\"}},{\"@type\":\"Person\",\"@id\":\"https:\/\/unasp.br\/noticias\/#\/schema\/person\/80f09a3ec674501e6bb13144ffa2489f\",\"name\":\"Aira Almeida\",\"image\":{\"@type\":\"ImageObject\",\"inLanguage\":\"pt-BR\",\"@id\":\"https:\/\/unasp.br\/noticias\/#\/schema\/person\/image\/\",\"url\":\"https:\/\/secure.gravatar.com\/avatar\/e30ea867fdd5a41ec6a0cb350dcd108e?s=96&d=mm&r=g\",\"contentUrl\":\"https:\/\/secure.gravatar.com\/avatar\/e30ea867fdd5a41ec6a0cb350dcd108e?s=96&d=mm&r=g\",\"caption\":\"Aira Almeida\"},\"url\":\"https:\/\/unasp.br\/noticias\/author\/aira-almeidaedu-unasp-br\/\"}]}<\/script>\n<!-- \/ Yoast SEO plugin. -->","yoast_head_json":{"title":"Unasp-SP oferece oportunidades de crescimento pessoal, profissional e espiritual atrav\u00e9s de voluntariados - UNASP Noticias","robots":{"index":"index","follow":"follow","max-snippet":"max-snippet:-1","max-image-preview":"max-image-preview:large","max-video-preview":"max-video-preview:-1"},"canonical":"https:\/\/unasp.br\/noticias\/unasp-sp-oferece-oportunidades-de-crescimento-pessoal-profissional-e-espiritual-atraves-de-voluntariados\/","og_locale":"pt_BR","og_type":"article","og_title":"Unasp-SP oferece oportunidades de crescimento pessoal, profissional e espiritual atrav\u00e9s de voluntariados - UNASP Noticias","og_description":"Al\u00e9m de ajudar o pr\u00f3ximo, experi\u00eancias com voluntariados podem agregar tamb\u00e9m \u00e0 carreira profissional do participante H\u00e1 [&hellip;]","og_url":"https:\/\/unasp.br\/noticias\/unasp-sp-oferece-oportunidades-de-crescimento-pessoal-profissional-e-espiritual-atraves-de-voluntariados\/","og_site_name":"UNASP Noticias","article_published_time":"2019-08-27T20:46:25+00:00","article_modified_time":"2021-07-27T17:39:52+00:00","og_image":[{"width":1152,"height":864,"url":"https:\/\/cdn.unasp.br\/noticias\/wp-content\/uploads\/2019\/08\/27141910\/WhatsApp-Image-2019-08-26-at-18.11.18.jpeg","type":"image\/jpeg"}],"author":"Aira Almeida","twitter_card":"summary_large_image","twitter_misc":{"Escrito por":"Aira Almeida","Est. tempo de leitura":"6 minutos"},"schema":{"@context":"https:\/\/schema.org","@graph":[{"@type":"Article","@id":"https:\/\/unasp.br\/noticias\/unasp-sp-oferece-oportunidades-de-crescimento-pessoal-profissional-e-espiritual-atraves-de-voluntariados\/#article","isPartOf":{"@id":"https:\/\/unasp.br\/noticias\/unasp-sp-oferece-oportunidades-de-crescimento-pessoal-profissional-e-espiritual-atraves-de-voluntariados\/"},"author":{"name":"Aira Almeida","@id":"https:\/\/unasp.br\/noticias\/#\/schema\/person\/80f09a3ec674501e6bb13144ffa2489f"},"headline":"Unasp-SP oferece oportunidades de crescimento pessoal, profissional e espiritual atrav\u00e9s de voluntariados","datePublished":"2019-08-27T20:46:25+00:00","dateModified":"2021-07-27T17:39:52+00:00","mainEntityOfPage":{"@id":"https:\/\/unasp.br\/noticias\/unasp-sp-oferece-oportunidades-de-crescimento-pessoal-profissional-e-espiritual-atraves-de-voluntariados\/"},"wordCount":1178,"commentCount":0,"publisher":{"@id":"https:\/\/unasp.br\/noticias\/#organization"},"image":{"@id":"https:\/\/unasp.br\/noticias\/unasp-sp-oferece-oportunidades-de-crescimento-pessoal-profissional-e-espiritual-atraves-de-voluntariados\/#primaryimage"},"thumbnailUrl":"https:\/\/cdn.unasp.br\/noticias\/wp-content\/uploads\/2019\/08\/27141910\/WhatsApp-Image-2019-08-26-at-18.11.18.jpeg","articleSection":["Impacto Social"],"inLanguage":"pt-BR","potentialAction":[{"@type":"CommentAction","name":"Comment","target":["https:\/\/unasp.br\/noticias\/unasp-sp-oferece-oportunidades-de-crescimento-pessoal-profissional-e-espiritual-atraves-de-voluntariados\/#respond"]}]},{"@type":"WebPage","@id":"https:\/\/unasp.br\/noticias\/unasp-sp-oferece-oportunidades-de-crescimento-pessoal-profissional-e-espiritual-atraves-de-voluntariados\/","url":"https:\/\/unasp.br\/noticias\/unasp-sp-oferece-oportunidades-de-crescimento-pessoal-profissional-e-espiritual-atraves-de-voluntariados\/","name":"Unasp-SP oferece oportunidades de crescimento pessoal, profissional e espiritual atrav\u00e9s de voluntariados - UNASP Noticias","isPartOf":{"@id":"https:\/\/unasp.br\/noticias\/#website"},"primaryImageOfPage":{"@id":"https:\/\/unasp.br\/noticias\/unasp-sp-oferece-oportunidades-de-crescimento-pessoal-profissional-e-espiritual-atraves-de-voluntariados\/#primaryimage"},"image":{"@id":"https:\/\/unasp.br\/noticias\/unasp-sp-oferece-oportunidades-de-crescimento-pessoal-profissional-e-espiritual-atraves-de-voluntariados\/#primaryimage"},"thumbnailUrl":"https:\/\/cdn.unasp.br\/noticias\/wp-content\/uploads\/2019\/08\/27141910\/WhatsApp-Image-2019-08-26-at-18.11.18.jpeg","datePublished":"2019-08-27T20:46:25+00:00","dateModified":"2021-07-27T17:39:52+00:00","breadcrumb":{"@id":"https:\/\/unasp.br\/noticias\/unasp-sp-oferece-oportunidades-de-crescimento-pessoal-profissional-e-espiritual-atraves-de-voluntariados\/#breadcrumb"},"inLanguage":"pt-BR","potentialAction":[{"@type":"ReadAction","target":["https:\/\/unasp.br\/noticias\/unasp-sp-oferece-oportunidades-de-crescimento-pessoal-profissional-e-espiritual-atraves-de-voluntariados\/"]}]},{"@type":"ImageObject","inLanguage":"pt-BR","@id":"https:\/\/unasp.br\/noticias\/unasp-sp-oferece-oportunidades-de-crescimento-pessoal-profissional-e-espiritual-atraves-de-voluntariados\/#primaryimage","url":"https:\/\/cdn.unasp.br\/noticias\/wp-content\/uploads\/2019\/08\/27141910\/WhatsApp-Image-2019-08-26-at-18.11.18.jpeg","contentUrl":"https:\/\/cdn.unasp.br\/noticias\/wp-content\/uploads\/2019\/08\/27141910\/WhatsApp-Image-2019-08-26-at-18.11.18.jpeg","width":1152,"height":864},{"@type":"BreadcrumbList","@id":"https:\/\/unasp.br\/noticias\/unasp-sp-oferece-oportunidades-de-crescimento-pessoal-profissional-e-espiritual-atraves-de-voluntariados\/#breadcrumb","itemListElement":[{"@type":"ListItem","position":1,"name":"In\u00edcio","item":"https:\/\/unasp.br\/noticias\/"},{"@type":"ListItem","position":2,"name":"Unasp-SP oferece oportunidades de crescimento pessoal, profissional e espiritual atrav\u00e9s de voluntariados"}]},{"@type":"WebSite","@id":"https:\/\/unasp.br\/noticias\/#website","url":"https:\/\/unasp.br\/noticias\/","name":"UNASP Noticias","description":"Centro Universit\u00e1rio Adventista de S\u00e3o Paulo","publisher":{"@id":"https:\/\/unasp.br\/noticias\/#organization"},"potentialAction":[{"@type":"SearchAction","target":{"@type":"EntryPoint","urlTemplate":"https:\/\/unasp.br\/noticias\/?s={search_term_string}"},"query-input":{"@type":"PropertyValueSpecification","valueRequired":true,"valueName":"search_term_string"}}],"inLanguage":"pt-BR"},{"@type":"Organization","@id":"https:\/\/unasp.br\/noticias\/#organization","name":"UNASP Noticias","url":"https:\/\/unasp.br\/noticias\/","logo":{"@type":"ImageObject","inLanguage":"pt-BR","@id":"https:\/\/unasp.br\/noticias\/#\/schema\/logo\/image\/","url":"https:\/\/cdn.unasp.br\/noticias\/wp-content\/uploads\/2021\/09\/09152724\/logo-unasp-news.png","contentUrl":"https:\/\/cdn.unasp.br\/noticias\/wp-content\/uploads\/2021\/09\/09152724\/logo-unasp-news.png","width":240,"height":41,"caption":"UNASP Noticias"},"image":{"@id":"https:\/\/unasp.br\/noticias\/#\/schema\/logo\/image\/"}},{"@type":"Person","@id":"https:\/\/unasp.br\/noticias\/#\/schema\/person\/80f09a3ec674501e6bb13144ffa2489f","name":"Aira Almeida","image":{"@type":"ImageObject","inLanguage":"pt-BR","@id":"https:\/\/unasp.br\/noticias\/#\/schema\/person\/image\/","url":"https:\/\/secure.gravatar.com\/avatar\/e30ea867fdd5a41ec6a0cb350dcd108e?s=96&d=mm&r=g","contentUrl":"https:\/\/secure.gravatar.com\/avatar\/e30ea867fdd5a41ec6a0cb350dcd108e?s=96&d=mm&r=g","caption":"Aira Almeida"},"url":"https:\/\/unasp.br\/noticias\/author\/aira-almeidaedu-unasp-br\/"}]}},"_links":{"self":[{"href":"https:\/\/unasp.br\/noticias\/wp-json\/wp\/v2\/posts\/65737"}],"collection":[{"href":"https:\/\/unasp.br\/noticias\/wp-json\/wp\/v2\/posts"}],"about":[{"href":"https:\/\/unasp.br\/noticias\/wp-json\/wp\/v2\/types\/post"}],"author":[{"embeddable":true,"href":"https:\/\/unasp.br\/noticias\/wp-json\/wp\/v2\/users\/30"}],"replies":[{"embeddable":true,"href":"https:\/\/unasp.br\/noticias\/wp-json\/wp\/v2\/comments?post=65737"}],"version-history":[{"count":9,"href":"https:\/\/unasp.br\/noticias\/wp-json\/wp\/v2\/posts\/65737\/revisions"}],"predecessor-version":[{"id":93724,"href":"https:\/\/unasp.br\/noticias\/wp-json\/wp\/v2\/posts\/65737\/revisions\/93724"}],"wp:featuredmedia":[{"embeddable":true,"href":"https:\/\/unasp.br\/noticias\/wp-json\/wp\/v2\/media\/65728"}],"wp:attachment":[{"href":"https:\/\/unasp.br\/noticias\/wp-json\/wp\/v2\/media?parent=65737"}],"wp:term":[{"taxonomy":"category","embeddable":true,"href":"https:\/\/unasp.br\/noticias\/wp-json\/wp\/v2\/categories?post=65737"},{"taxonomy":"post_tag","embeddable":true,"href":"https:\/\/unasp.br\/noticias\/wp-json\/wp\/v2\/tags?post=65737"}],"curies":[{"name":"wp","href":"https:\/\/api.w.org\/{rel}","templated":true}]}}