{"id":66074,"date":"2019-09-02T08:56:50","date_gmt":"2019-09-02T11:56:50","guid":{"rendered":"https:\/\/www.unasp.br\/noticias\/?p=66074"},"modified":"2019-09-03T10:14:17","modified_gmt":"2019-09-03T13:14:17","slug":"projetos-de-voluntariado-transformam-perspectiva-de-universitarios-do-unasp-ec","status":"publish","type":"post","link":"https:\/\/unasp.br\/noticias\/projetos-de-voluntariado-transformam-perspectiva-de-universitarios-do-unasp-ec\/","title":{"rendered":"Projetos de voluntariado transformam perspectiva de universit\u00e1rios do Unasp EC"},"content":{"rendered":"<p><img loading=\"lazy\" decoding=\"async\" class=\"aligncenter wp-image-66075\" src=\"https:\/\/www.unasp.br\/noticias\/wp-content\/uploads\/2019\/09\/ministerios-pastoral-unasp-300x200.jpg\" alt=\"\" width=\"600\" height=\"400\" srcset=\"https:\/\/cdn.unasp.br\/noticias\/wp-content\/uploads\/2019\/09\/02044540\/ministerios-pastoral-unasp-300x200.jpg 300w, https:\/\/cdn.unasp.br\/noticias\/wp-content\/uploads\/2019\/09\/02044540\/ministerios-pastoral-unasp-768x512.jpg 768w, https:\/\/cdn.unasp.br\/noticias\/wp-content\/uploads\/2019\/09\/02044540\/ministerios-pastoral-unasp-1024x683.jpg 1024w, https:\/\/cdn.unasp.br\/noticias\/wp-content\/uploads\/2019\/09\/02044540\/ministerios-pastoral-unasp-900x600.jpg 900w, https:\/\/cdn.unasp.br\/noticias\/wp-content\/uploads\/2019\/09\/02044540\/ministerios-pastoral-unasp-1200x800.jpg 1200w, https:\/\/cdn.unasp.br\/noticias\/wp-content\/uploads\/2019\/09\/02044540\/ministerios-pastoral-unasp-1080x720.jpg 1080w, https:\/\/cdn.unasp.br\/noticias\/wp-content\/uploads\/2019\/09\/02044540\/ministerios-pastoral-unasp-800x533.jpg 800w, https:\/\/cdn.unasp.br\/noticias\/wp-content\/uploads\/2019\/09\/02044540\/ministerios-pastoral-unasp-750x500.jpg 750w, https:\/\/cdn.unasp.br\/noticias\/wp-content\/uploads\/2019\/09\/02044540\/ministerios-pastoral-unasp-720x480.jpg 720w, https:\/\/cdn.unasp.br\/noticias\/wp-content\/uploads\/2019\/09\/02044540\/ministerios-pastoral-unasp-420x280.jpg 420w, https:\/\/cdn.unasp.br\/noticias\/wp-content\/uploads\/2019\/09\/02044540\/ministerios-pastoral-unasp-500x333.jpg 500w, https:\/\/cdn.unasp.br\/noticias\/wp-content\/uploads\/2019\/09\/02044540\/ministerios-pastoral-unasp-400x267.jpg 400w, https:\/\/cdn.unasp.br\/noticias\/wp-content\/uploads\/2019\/09\/02044540\/ministerios-pastoral-unasp-375x250.jpg 375w, https:\/\/cdn.unasp.br\/noticias\/wp-content\/uploads\/2019\/09\/02044540\/ministerios-pastoral-unasp-225x150.jpg 225w, https:\/\/cdn.unasp.br\/noticias\/wp-content\/uploads\/2019\/09\/02044540\/ministerios-pastoral-unasp-175x117.jpg 175w, https:\/\/cdn.unasp.br\/noticias\/wp-content\/uploads\/2019\/09\/02044540\/ministerios-pastoral-unasp-200x133.jpg 200w, https:\/\/cdn.unasp.br\/noticias\/wp-content\/uploads\/2019\/09\/02044540\/ministerios-pastoral-unasp.jpg 2048w\" sizes=\"(max-width: 600px) 100vw, 600px\" \/><\/p>\n<p style=\"text-align: center;\"><em>Por meio de diferentes minist\u00e9rios a Pastoral do Unasp envolve jovens universit\u00e1rios em diversas \u00e1reas de atua\u00e7\u00e3o<\/em><\/p>\n<p style=\"text-align: justify;\">A cada semestre a Pastoral Universit\u00e1ria do Centro Universit\u00e1rio Adventista de S\u00e3o Paulo (Unasp), campus Engenheiro Coelho, apresenta a tem\u00e1tica do Plano Mestre de Desenvolvimento Espiritual (PMDE). A programa\u00e7\u00e3o deste segundo per\u00edodo de 2019 aconteceu na sexta-feira (30) com a representa\u00e7\u00e3o de todos os minist\u00e9rios de a\u00e7\u00e3o, coordenados pelo departamento.<\/p>\n<p style=\"text-align: justify;\">O PMDE tem o objetivo de apresentar temas importantes aos alunos, incentivando-os a terem um relacionamento mais pr\u00f3ximo com Deus. O tema escolhido \u00e9 Criacionismo; subdividido em quatro bimestres com diferentes assuntos.<\/p>\n<p style=\"text-align: justify;\">Para melhor aproveitamento dos alunos, o departamento da Pastoral trabalha no desenvolvimento de cada assunto de maneira pr\u00e1tica. Os universit\u00e1rios s\u00e3o envolvidos em trabalhos volunt\u00e1rios que os ajudem a entender a relev\u00e2ncia do cuidado com ele mesmo e com o pr\u00f3ximo. Ao todo s\u00e3o 25 minist\u00e9rios a servi\u00e7o dos alunos e da comunidade. \u00a0\u201cEsses trabalhos transformam a vis\u00e3o dos jovens. Ele ganha uma vis\u00e3o de mundo ampliada. E a ideia que apresentamos hoje \u00e9 a de olhar para todo ser humano como filho de Deus. Quando eles saem para colocar isso em pr\u00e1tica, eles se conectam com as pessoas. Isso transforma o modo deles verem o mundo\u201d, explica o Diretor Espiritual do Unasp, pastor Edson Romero.<\/p>\n<div id=\"attachment_66076\" style=\"width: 610px\" class=\"wp-caption aligncenter\"><img loading=\"lazy\" decoding=\"async\" aria-describedby=\"caption-attachment-66076\" class=\"wp-image-66076\" src=\"https:\/\/www.unasp.br\/noticias\/wp-content\/uploads\/2019\/09\/ministerios-pastoral-universitaria-unasp-300x200.jpg\" alt=\"\" width=\"600\" height=\"400\" srcset=\"https:\/\/cdn.unasp.br\/noticias\/wp-content\/uploads\/2019\/09\/02044644\/ministerios-pastoral-universitaria-unasp-300x200.jpg 300w, https:\/\/cdn.unasp.br\/noticias\/wp-content\/uploads\/2019\/09\/02044644\/ministerios-pastoral-universitaria-unasp-768x512.jpg 768w, https:\/\/cdn.unasp.br\/noticias\/wp-content\/uploads\/2019\/09\/02044644\/ministerios-pastoral-universitaria-unasp-1024x683.jpg 1024w, https:\/\/cdn.unasp.br\/noticias\/wp-content\/uploads\/2019\/09\/02044644\/ministerios-pastoral-universitaria-unasp-900x600.jpg 900w, https:\/\/cdn.unasp.br\/noticias\/wp-content\/uploads\/2019\/09\/02044644\/ministerios-pastoral-universitaria-unasp-1200x800.jpg 1200w, https:\/\/cdn.unasp.br\/noticias\/wp-content\/uploads\/2019\/09\/02044644\/ministerios-pastoral-universitaria-unasp-1080x720.jpg 1080w, https:\/\/cdn.unasp.br\/noticias\/wp-content\/uploads\/2019\/09\/02044644\/ministerios-pastoral-universitaria-unasp-800x533.jpg 800w, https:\/\/cdn.unasp.br\/noticias\/wp-content\/uploads\/2019\/09\/02044644\/ministerios-pastoral-universitaria-unasp-750x500.jpg 750w, https:\/\/cdn.unasp.br\/noticias\/wp-content\/uploads\/2019\/09\/02044644\/ministerios-pastoral-universitaria-unasp-720x480.jpg 720w, https:\/\/cdn.unasp.br\/noticias\/wp-content\/uploads\/2019\/09\/02044644\/ministerios-pastoral-universitaria-unasp-420x280.jpg 420w, https:\/\/cdn.unasp.br\/noticias\/wp-content\/uploads\/2019\/09\/02044644\/ministerios-pastoral-universitaria-unasp-500x333.jpg 500w, https:\/\/cdn.unasp.br\/noticias\/wp-content\/uploads\/2019\/09\/02044644\/ministerios-pastoral-universitaria-unasp-400x267.jpg 400w, https:\/\/cdn.unasp.br\/noticias\/wp-content\/uploads\/2019\/09\/02044644\/ministerios-pastoral-universitaria-unasp-375x250.jpg 375w, https:\/\/cdn.unasp.br\/noticias\/wp-content\/uploads\/2019\/09\/02044644\/ministerios-pastoral-universitaria-unasp-225x150.jpg 225w, https:\/\/cdn.unasp.br\/noticias\/wp-content\/uploads\/2019\/09\/02044644\/ministerios-pastoral-universitaria-unasp-175x117.jpg 175w, https:\/\/cdn.unasp.br\/noticias\/wp-content\/uploads\/2019\/09\/02044644\/ministerios-pastoral-universitaria-unasp-200x133.jpg 200w, https:\/\/cdn.unasp.br\/noticias\/wp-content\/uploads\/2019\/09\/02044644\/ministerios-pastoral-universitaria-unasp.jpg 2048w\" sizes=\"(max-width: 600px) 100vw, 600px\" \/><p id=\"caption-attachment-66076\" class=\"wp-caption-text\">Ao todo, a Pastoral coordena 25 minist\u00e9rios a servi\u00e7o dos alunos e da comunidade.<\/p><\/div>\n<p style=\"text-align: justify;\"><strong>Vida em voluntariado<\/strong><\/p>\n<p style=\"text-align: justify;\">Essa nova maneira de enxergar a realidade por meio do voluntariado, mudou a vida da estudante de Jornalismo Fernanda Silva. Quando chegou ao Unasp em 2016 para cursar a Faculdade, n\u00e3o imaginava que viveria tantas emo\u00e7\u00f5es dentro de quatro anos. Sua jornada acad\u00eamica foi marcada pela participa\u00e7\u00e3o em grupos do Minist\u00e9rio Atos 29. Hoje, lidera esse projeto a qual se dedica integralmente. Em seu quarto ano de Faculdade, Fernanda enxerga um acr\u00e9scimo em sua carreira profissional, al\u00e9m de crescer como pessoa. \u201cA faculdade te prepara de uma maneira, mas \u00e9 dentro do minist\u00e9rio de voluntariado que voc\u00ea abre sua mente. Lidar com pessoas, resolu\u00e7\u00f5es de problemas e trabalho em equipe nos fortalece. S\u00e3o projetos de extens\u00e3o que o Unasp nos proporciona que nos torna profissionais ainda mais aptos para o mercado de trabalho\u201d, conta a estudante.<\/p>\n<div id=\"attachment_66077\" style=\"width: 410px\" class=\"wp-caption alignleft\"><img loading=\"lazy\" decoding=\"async\" aria-describedby=\"caption-attachment-66077\" class=\"wp-image-66077\" src=\"https:\/\/www.unasp.br\/noticias\/wp-content\/uploads\/2019\/09\/gera\u00e7\u00e3o-9214.jpg\" alt=\"\" width=\"400\" height=\"267\" srcset=\"https:\/\/cdn.unasp.br\/noticias\/wp-content\/uploads\/2019\/09\/02044916\/gera%C3%A7%C3%A3o-9214.jpg 640w, https:\/\/cdn.unasp.br\/noticias\/wp-content\/uploads\/2019\/09\/02044916\/gera%C3%A7%C3%A3o-9214-300x200.jpg 300w, https:\/\/cdn.unasp.br\/noticias\/wp-content\/uploads\/2019\/09\/02044916\/gera%C3%A7%C3%A3o-9214-420x280.jpg 420w, https:\/\/cdn.unasp.br\/noticias\/wp-content\/uploads\/2019\/09\/02044916\/gera%C3%A7%C3%A3o-9214-500x334.jpg 500w, https:\/\/cdn.unasp.br\/noticias\/wp-content\/uploads\/2019\/09\/02044916\/gera%C3%A7%C3%A3o-9214-400x267.jpg 400w, https:\/\/cdn.unasp.br\/noticias\/wp-content\/uploads\/2019\/09\/02044916\/gera%C3%A7%C3%A3o-9214-375x250.jpg 375w, https:\/\/cdn.unasp.br\/noticias\/wp-content\/uploads\/2019\/09\/02044916\/gera%C3%A7%C3%A3o-9214-225x150.jpg 225w, https:\/\/cdn.unasp.br\/noticias\/wp-content\/uploads\/2019\/09\/02044916\/gera%C3%A7%C3%A3o-9214-175x117.jpg 175w, https:\/\/cdn.unasp.br\/noticias\/wp-content\/uploads\/2019\/09\/02044916\/gera%C3%A7%C3%A3o-9214-200x133.jpg 200w\" sizes=\"(max-width: 400px) 100vw, 400px\" \/><p id=\"caption-attachment-66077\" class=\"wp-caption-text\">O trabalho do Gera\u00e7\u00e3o 9214 consiste em prestar aux\u00edlio e aten\u00e7\u00e3o aos idosos por meio de visita\u00e7\u00f5es semanais aos Asilos.<\/p><\/div>\n<p style=\"text-align: justify;\">A estudante de Arquitetura Stephany Esp\u00edndola, lidera o projeto Gera\u00e7\u00e3o 9214. Aos s\u00e1bados \u00e0 tarde ela encontra motiva\u00e7\u00e3o ao\u00a0<span style=\"text-align: justify;\">visitar asilos e conversar com as pessoas que vivem l\u00e1. \u201cQuando cheguei aqui no Unasp eu queria encontrar algum tipo de a\u00e7\u00e3o social para me envolver. Ent\u00e3o conheci esse minist\u00e9rio e ele me cativou. Estar no asilo conversando com os idosos \u00e9 algo importante para mim,\u201d explica a universit\u00e1ria.<\/span><\/p>\n<p style=\"text-align: justify;\"><strong>A Pastoral<\/strong><\/p>\n<p style=\"text-align: justify;\">A Pastoral Universit\u00e1ria est\u00e1 a servi\u00e7o do Centro Universit\u00e1rio Adventista de S\u00e3o Paulo, campus Engenheiro Coelho. Sua miss\u00e3o \u00e9 incentivar espiritualmente os jovens estudantes do campus; oferecer atendimento psicol\u00f3gico com profissionais contratados; oferecer atendimento pastora; implementar o PMDE em todas as \u00e1reas do Unasp; organizar cultos: professores, funcion\u00e1rios, salas de aula; coordenar os trabalhos de capelania dos dormit\u00f3rios e do Col\u00e9gio Unasp; organizar semanas de ora\u00e7\u00e3o em conjunto com a Pastoral da Igreja; organizar miss\u00f5es de curta dura\u00e7\u00e3o no Brasil e outros pa\u00edses.<\/p>\n","protected":false},"excerpt":{"rendered":"<p>Por meio de diferentes minist\u00e9rios a Pastoral do Unasp envolve jovens universit\u00e1rios em diversas \u00e1reas de atua\u00e7\u00e3o [&hellip;]<\/p>\n","protected":false},"author":80,"featured_media":66076,"comment_status":"open","ping_status":"open","sticky":false,"template":"","format":"standard","meta":{"footnotes":""},"categories":[10],"tags":[],"yoast_head":"<!-- This site is optimized with the Yoast SEO plugin v23.5 - https:\/\/yoast.com\/wordpress\/plugins\/seo\/ -->\n<title>Projetos de voluntariado transformam perspectiva de universit\u00e1rios do Unasp EC<\/title>\n<meta name=\"robots\" content=\"index, follow, max-snippet:-1, max-image-preview:large, max-video-preview:-1\" \/>\n<link rel=\"canonical\" href=\"https:\/\/unasp.br\/noticias\/projetos-de-voluntariado-transformam-perspectiva-de-universitarios-do-unasp-ec\/\" \/>\n<meta property=\"og:locale\" content=\"pt_BR\" \/>\n<meta property=\"og:type\" content=\"article\" \/>\n<meta property=\"og:title\" content=\"Projetos de voluntariado transformam perspectiva de universit\u00e1rios do Unasp EC\" \/>\n<meta property=\"og:description\" content=\"Por meio de diferentes minist\u00e9rios a Pastoral do Unasp envolve jovens universit\u00e1rios em diversas \u00e1reas de atua\u00e7\u00e3o [&hellip;]\" \/>\n<meta property=\"og:url\" content=\"https:\/\/unasp.br\/noticias\/projetos-de-voluntariado-transformam-perspectiva-de-universitarios-do-unasp-ec\/\" \/>\n<meta property=\"og:site_name\" content=\"UNASP Noticias\" \/>\n<meta property=\"article:published_time\" content=\"2019-09-02T11:56:50+00:00\" \/>\n<meta property=\"article:modified_time\" content=\"2019-09-03T13:14:17+00:00\" \/>\n<meta property=\"og:image\" content=\"https:\/\/cdn.unasp.br\/noticias\/wp-content\/uploads\/2019\/09\/02044644\/ministerios-pastoral-universitaria-unasp.jpg\" \/>\n\t<meta property=\"og:image:width\" content=\"2048\" \/>\n\t<meta property=\"og:image:height\" content=\"1365\" \/>\n\t<meta property=\"og:image:type\" content=\"image\/jpeg\" \/>\n<meta name=\"author\" content=\"UNASP - TI-DESENVOLVIMENTO\" \/>\n<meta name=\"twitter:card\" content=\"summary_large_image\" \/>\n<meta name=\"twitter:label1\" content=\"Escrito por\" \/>\n\t<meta name=\"twitter:data1\" content=\"UNASP - TI-DESENVOLVIMENTO\" \/>\n\t<meta name=\"twitter:label2\" content=\"Est. tempo de leitura\" \/>\n\t<meta name=\"twitter:data2\" content=\"3 minutos\" \/>\n<script type=\"application\/ld+json\" class=\"yoast-schema-graph\">{\"@context\":\"https:\/\/schema.org\",\"@graph\":[{\"@type\":\"Article\",\"@id\":\"https:\/\/unasp.br\/noticias\/projetos-de-voluntariado-transformam-perspectiva-de-universitarios-do-unasp-ec\/#article\",\"isPartOf\":{\"@id\":\"https:\/\/unasp.br\/noticias\/projetos-de-voluntariado-transformam-perspectiva-de-universitarios-do-unasp-ec\/\"},\"author\":{\"name\":\"UNASP - TI-DESENVOLVIMENTO\",\"@id\":\"https:\/\/unasp.br\/noticias\/#\/schema\/person\/e3b8f8e8b1d3759eda9f61d2bb12b6d7\"},\"headline\":\"Projetos de voluntariado transformam perspectiva de universit\u00e1rios do Unasp EC\",\"datePublished\":\"2019-09-02T11:56:50+00:00\",\"dateModified\":\"2019-09-03T13:14:17+00:00\",\"mainEntityOfPage\":{\"@id\":\"https:\/\/unasp.br\/noticias\/projetos-de-voluntariado-transformam-perspectiva-de-universitarios-do-unasp-ec\/\"},\"wordCount\":615,\"commentCount\":0,\"publisher\":{\"@id\":\"https:\/\/unasp.br\/noticias\/#organization\"},\"image\":{\"@id\":\"https:\/\/unasp.br\/noticias\/projetos-de-voluntariado-transformam-perspectiva-de-universitarios-do-unasp-ec\/#primaryimage\"},\"thumbnailUrl\":\"https:\/\/cdn.unasp.br\/noticias\/wp-content\/uploads\/2019\/09\/02044644\/ministerios-pastoral-universitaria-unasp.jpg\",\"articleSection\":[\"Impacto Social\"],\"inLanguage\":\"pt-BR\",\"potentialAction\":[{\"@type\":\"CommentAction\",\"name\":\"Comment\",\"target\":[\"https:\/\/unasp.br\/noticias\/projetos-de-voluntariado-transformam-perspectiva-de-universitarios-do-unasp-ec\/#respond\"]}]},{\"@type\":\"WebPage\",\"@id\":\"https:\/\/unasp.br\/noticias\/projetos-de-voluntariado-transformam-perspectiva-de-universitarios-do-unasp-ec\/\",\"url\":\"https:\/\/unasp.br\/noticias\/projetos-de-voluntariado-transformam-perspectiva-de-universitarios-do-unasp-ec\/\",\"name\":\"Projetos de voluntariado transformam perspectiva de universit\u00e1rios do Unasp EC\",\"isPartOf\":{\"@id\":\"https:\/\/unasp.br\/noticias\/#website\"},\"primaryImageOfPage\":{\"@id\":\"https:\/\/unasp.br\/noticias\/projetos-de-voluntariado-transformam-perspectiva-de-universitarios-do-unasp-ec\/#primaryimage\"},\"image\":{\"@id\":\"https:\/\/unasp.br\/noticias\/projetos-de-voluntariado-transformam-perspectiva-de-universitarios-do-unasp-ec\/#primaryimage\"},\"thumbnailUrl\":\"https:\/\/cdn.unasp.br\/noticias\/wp-content\/uploads\/2019\/09\/02044644\/ministerios-pastoral-universitaria-unasp.jpg\",\"datePublished\":\"2019-09-02T11:56:50+00:00\",\"dateModified\":\"2019-09-03T13:14:17+00:00\",\"breadcrumb\":{\"@id\":\"https:\/\/unasp.br\/noticias\/projetos-de-voluntariado-transformam-perspectiva-de-universitarios-do-unasp-ec\/#breadcrumb\"},\"inLanguage\":\"pt-BR\",\"potentialAction\":[{\"@type\":\"ReadAction\",\"target\":[\"https:\/\/unasp.br\/noticias\/projetos-de-voluntariado-transformam-perspectiva-de-universitarios-do-unasp-ec\/\"]}]},{\"@type\":\"ImageObject\",\"inLanguage\":\"pt-BR\",\"@id\":\"https:\/\/unasp.br\/noticias\/projetos-de-voluntariado-transformam-perspectiva-de-universitarios-do-unasp-ec\/#primaryimage\",\"url\":\"https:\/\/cdn.unasp.br\/noticias\/wp-content\/uploads\/2019\/09\/02044644\/ministerios-pastoral-universitaria-unasp.jpg\",\"contentUrl\":\"https:\/\/cdn.unasp.br\/noticias\/wp-content\/uploads\/2019\/09\/02044644\/ministerios-pastoral-universitaria-unasp.jpg\",\"width\":2048,\"height\":1365},{\"@type\":\"BreadcrumbList\",\"@id\":\"https:\/\/unasp.br\/noticias\/projetos-de-voluntariado-transformam-perspectiva-de-universitarios-do-unasp-ec\/#breadcrumb\",\"itemListElement\":[{\"@type\":\"ListItem\",\"position\":1,\"name\":\"In\u00edcio\",\"item\":\"https:\/\/unasp.br\/noticias\/\"},{\"@type\":\"ListItem\",\"position\":2,\"name\":\"Projetos de voluntariado transformam perspectiva de universit\u00e1rios do Unasp EC\"}]},{\"@type\":\"WebSite\",\"@id\":\"https:\/\/unasp.br\/noticias\/#website\",\"url\":\"https:\/\/unasp.br\/noticias\/\",\"name\":\"UNASP Noticias\",\"description\":\"Centro Universit\u00e1rio Adventista de S\u00e3o Paulo\",\"publisher\":{\"@id\":\"https:\/\/unasp.br\/noticias\/#organization\"},\"potentialAction\":[{\"@type\":\"SearchAction\",\"target\":{\"@type\":\"EntryPoint\",\"urlTemplate\":\"https:\/\/unasp.br\/noticias\/?s={search_term_string}\"},\"query-input\":{\"@type\":\"PropertyValueSpecification\",\"valueRequired\":true,\"valueName\":\"search_term_string\"}}],\"inLanguage\":\"pt-BR\"},{\"@type\":\"Organization\",\"@id\":\"https:\/\/unasp.br\/noticias\/#organization\",\"name\":\"UNASP Noticias\",\"url\":\"https:\/\/unasp.br\/noticias\/\",\"logo\":{\"@type\":\"ImageObject\",\"inLanguage\":\"pt-BR\",\"@id\":\"https:\/\/unasp.br\/noticias\/#\/schema\/logo\/image\/\",\"url\":\"https:\/\/cdn.unasp.br\/noticias\/wp-content\/uploads\/2021\/09\/09152724\/logo-unasp-news.png\",\"contentUrl\":\"https:\/\/cdn.unasp.br\/noticias\/wp-content\/uploads\/2021\/09\/09152724\/logo-unasp-news.png\",\"width\":240,\"height\":41,\"caption\":\"UNASP Noticias\"},\"image\":{\"@id\":\"https:\/\/unasp.br\/noticias\/#\/schema\/logo\/image\/\"}},{\"@type\":\"Person\",\"@id\":\"https:\/\/unasp.br\/noticias\/#\/schema\/person\/e3b8f8e8b1d3759eda9f61d2bb12b6d7\",\"name\":\"UNASP - TI-DESENVOLVIMENTO\",\"image\":{\"@type\":\"ImageObject\",\"inLanguage\":\"pt-BR\",\"@id\":\"https:\/\/unasp.br\/noticias\/#\/schema\/person\/image\/\",\"url\":\"https:\/\/secure.gravatar.com\/avatar\/88a02b7e6ee37f47de0ecad3877878b0?s=96&d=mm&r=g\",\"contentUrl\":\"https:\/\/secure.gravatar.com\/avatar\/88a02b7e6ee37f47de0ecad3877878b0?s=96&d=mm&r=g\",\"caption\":\"UNASP - TI-DESENVOLVIMENTO\"},\"url\":\"https:\/\/unasp.br\/noticias\/author\/admindefault-com\/\"}]}<\/script>\n<!-- \/ Yoast SEO plugin. -->","yoast_head_json":{"title":"Projetos de voluntariado transformam perspectiva de universit\u00e1rios do Unasp EC","robots":{"index":"index","follow":"follow","max-snippet":"max-snippet:-1","max-image-preview":"max-image-preview:large","max-video-preview":"max-video-preview:-1"},"canonical":"https:\/\/unasp.br\/noticias\/projetos-de-voluntariado-transformam-perspectiva-de-universitarios-do-unasp-ec\/","og_locale":"pt_BR","og_type":"article","og_title":"Projetos de voluntariado transformam perspectiva de universit\u00e1rios do Unasp EC","og_description":"Por meio de diferentes minist\u00e9rios a Pastoral do Unasp envolve jovens universit\u00e1rios em diversas \u00e1reas de atua\u00e7\u00e3o [&hellip;]","og_url":"https:\/\/unasp.br\/noticias\/projetos-de-voluntariado-transformam-perspectiva-de-universitarios-do-unasp-ec\/","og_site_name":"UNASP Noticias","article_published_time":"2019-09-02T11:56:50+00:00","article_modified_time":"2019-09-03T13:14:17+00:00","og_image":[{"width":2048,"height":1365,"url":"https:\/\/cdn.unasp.br\/noticias\/wp-content\/uploads\/2019\/09\/02044644\/ministerios-pastoral-universitaria-unasp.jpg","type":"image\/jpeg"}],"author":"UNASP - TI-DESENVOLVIMENTO","twitter_card":"summary_large_image","twitter_misc":{"Escrito por":"UNASP - TI-DESENVOLVIMENTO","Est. tempo de leitura":"3 minutos"},"schema":{"@context":"https:\/\/schema.org","@graph":[{"@type":"Article","@id":"https:\/\/unasp.br\/noticias\/projetos-de-voluntariado-transformam-perspectiva-de-universitarios-do-unasp-ec\/#article","isPartOf":{"@id":"https:\/\/unasp.br\/noticias\/projetos-de-voluntariado-transformam-perspectiva-de-universitarios-do-unasp-ec\/"},"author":{"name":"UNASP - TI-DESENVOLVIMENTO","@id":"https:\/\/unasp.br\/noticias\/#\/schema\/person\/e3b8f8e8b1d3759eda9f61d2bb12b6d7"},"headline":"Projetos de voluntariado transformam perspectiva de universit\u00e1rios do Unasp EC","datePublished":"2019-09-02T11:56:50+00:00","dateModified":"2019-09-03T13:14:17+00:00","mainEntityOfPage":{"@id":"https:\/\/unasp.br\/noticias\/projetos-de-voluntariado-transformam-perspectiva-de-universitarios-do-unasp-ec\/"},"wordCount":615,"commentCount":0,"publisher":{"@id":"https:\/\/unasp.br\/noticias\/#organization"},"image":{"@id":"https:\/\/unasp.br\/noticias\/projetos-de-voluntariado-transformam-perspectiva-de-universitarios-do-unasp-ec\/#primaryimage"},"thumbnailUrl":"https:\/\/cdn.unasp.br\/noticias\/wp-content\/uploads\/2019\/09\/02044644\/ministerios-pastoral-universitaria-unasp.jpg","articleSection":["Impacto Social"],"inLanguage":"pt-BR","potentialAction":[{"@type":"CommentAction","name":"Comment","target":["https:\/\/unasp.br\/noticias\/projetos-de-voluntariado-transformam-perspectiva-de-universitarios-do-unasp-ec\/#respond"]}]},{"@type":"WebPage","@id":"https:\/\/unasp.br\/noticias\/projetos-de-voluntariado-transformam-perspectiva-de-universitarios-do-unasp-ec\/","url":"https:\/\/unasp.br\/noticias\/projetos-de-voluntariado-transformam-perspectiva-de-universitarios-do-unasp-ec\/","name":"Projetos de voluntariado transformam perspectiva de universit\u00e1rios do Unasp EC","isPartOf":{"@id":"https:\/\/unasp.br\/noticias\/#website"},"primaryImageOfPage":{"@id":"https:\/\/unasp.br\/noticias\/projetos-de-voluntariado-transformam-perspectiva-de-universitarios-do-unasp-ec\/#primaryimage"},"image":{"@id":"https:\/\/unasp.br\/noticias\/projetos-de-voluntariado-transformam-perspectiva-de-universitarios-do-unasp-ec\/#primaryimage"},"thumbnailUrl":"https:\/\/cdn.unasp.br\/noticias\/wp-content\/uploads\/2019\/09\/02044644\/ministerios-pastoral-universitaria-unasp.jpg","datePublished":"2019-09-02T11:56:50+00:00","dateModified":"2019-09-03T13:14:17+00:00","breadcrumb":{"@id":"https:\/\/unasp.br\/noticias\/projetos-de-voluntariado-transformam-perspectiva-de-universitarios-do-unasp-ec\/#breadcrumb"},"inLanguage":"pt-BR","potentialAction":[{"@type":"ReadAction","target":["https:\/\/unasp.br\/noticias\/projetos-de-voluntariado-transformam-perspectiva-de-universitarios-do-unasp-ec\/"]}]},{"@type":"ImageObject","inLanguage":"pt-BR","@id":"https:\/\/unasp.br\/noticias\/projetos-de-voluntariado-transformam-perspectiva-de-universitarios-do-unasp-ec\/#primaryimage","url":"https:\/\/cdn.unasp.br\/noticias\/wp-content\/uploads\/2019\/09\/02044644\/ministerios-pastoral-universitaria-unasp.jpg","contentUrl":"https:\/\/cdn.unasp.br\/noticias\/wp-content\/uploads\/2019\/09\/02044644\/ministerios-pastoral-universitaria-unasp.jpg","width":2048,"height":1365},{"@type":"BreadcrumbList","@id":"https:\/\/unasp.br\/noticias\/projetos-de-voluntariado-transformam-perspectiva-de-universitarios-do-unasp-ec\/#breadcrumb","itemListElement":[{"@type":"ListItem","position":1,"name":"In\u00edcio","item":"https:\/\/unasp.br\/noticias\/"},{"@type":"ListItem","position":2,"name":"Projetos de voluntariado transformam perspectiva de universit\u00e1rios do Unasp EC"}]},{"@type":"WebSite","@id":"https:\/\/unasp.br\/noticias\/#website","url":"https:\/\/unasp.br\/noticias\/","name":"UNASP Noticias","description":"Centro Universit\u00e1rio Adventista de S\u00e3o Paulo","publisher":{"@id":"https:\/\/unasp.br\/noticias\/#organization"},"potentialAction":[{"@type":"SearchAction","target":{"@type":"EntryPoint","urlTemplate":"https:\/\/unasp.br\/noticias\/?s={search_term_string}"},"query-input":{"@type":"PropertyValueSpecification","valueRequired":true,"valueName":"search_term_string"}}],"inLanguage":"pt-BR"},{"@type":"Organization","@id":"https:\/\/unasp.br\/noticias\/#organization","name":"UNASP Noticias","url":"https:\/\/unasp.br\/noticias\/","logo":{"@type":"ImageObject","inLanguage":"pt-BR","@id":"https:\/\/unasp.br\/noticias\/#\/schema\/logo\/image\/","url":"https:\/\/cdn.unasp.br\/noticias\/wp-content\/uploads\/2021\/09\/09152724\/logo-unasp-news.png","contentUrl":"https:\/\/cdn.unasp.br\/noticias\/wp-content\/uploads\/2021\/09\/09152724\/logo-unasp-news.png","width":240,"height":41,"caption":"UNASP Noticias"},"image":{"@id":"https:\/\/unasp.br\/noticias\/#\/schema\/logo\/image\/"}},{"@type":"Person","@id":"https:\/\/unasp.br\/noticias\/#\/schema\/person\/e3b8f8e8b1d3759eda9f61d2bb12b6d7","name":"UNASP - TI-DESENVOLVIMENTO","image":{"@type":"ImageObject","inLanguage":"pt-BR","@id":"https:\/\/unasp.br\/noticias\/#\/schema\/person\/image\/","url":"https:\/\/secure.gravatar.com\/avatar\/88a02b7e6ee37f47de0ecad3877878b0?s=96&d=mm&r=g","contentUrl":"https:\/\/secure.gravatar.com\/avatar\/88a02b7e6ee37f47de0ecad3877878b0?s=96&d=mm&r=g","caption":"UNASP - TI-DESENVOLVIMENTO"},"url":"https:\/\/unasp.br\/noticias\/author\/admindefault-com\/"}]}},"_links":{"self":[{"href":"https:\/\/unasp.br\/noticias\/wp-json\/wp\/v2\/posts\/66074"}],"collection":[{"href":"https:\/\/unasp.br\/noticias\/wp-json\/wp\/v2\/posts"}],"about":[{"href":"https:\/\/unasp.br\/noticias\/wp-json\/wp\/v2\/types\/post"}],"author":[{"embeddable":true,"href":"https:\/\/unasp.br\/noticias\/wp-json\/wp\/v2\/users\/80"}],"replies":[{"embeddable":true,"href":"https:\/\/unasp.br\/noticias\/wp-json\/wp\/v2\/comments?post=66074"}],"version-history":[{"count":2,"href":"https:\/\/unasp.br\/noticias\/wp-json\/wp\/v2\/posts\/66074\/revisions"}],"predecessor-version":[{"id":66106,"href":"https:\/\/unasp.br\/noticias\/wp-json\/wp\/v2\/posts\/66074\/revisions\/66106"}],"wp:featuredmedia":[{"embeddable":true,"href":"https:\/\/unasp.br\/noticias\/wp-json\/wp\/v2\/media\/66076"}],"wp:attachment":[{"href":"https:\/\/unasp.br\/noticias\/wp-json\/wp\/v2\/media?parent=66074"}],"wp:term":[{"taxonomy":"category","embeddable":true,"href":"https:\/\/unasp.br\/noticias\/wp-json\/wp\/v2\/categories?post=66074"},{"taxonomy":"post_tag","embeddable":true,"href":"https:\/\/unasp.br\/noticias\/wp-json\/wp\/v2\/tags?post=66074"}],"curies":[{"name":"wp","href":"https:\/\/api.w.org\/{rel}","templated":true}]}}