{"id":66841,"date":"2019-09-13T10:59:15","date_gmt":"2019-09-13T13:59:15","guid":{"rendered":"https:\/\/www.unasp.br\/noticias\/?p=66841"},"modified":"2019-09-13T11:02:25","modified_gmt":"2019-09-13T14:02:25","slug":"unasp-promove-acoes-sociais-em-engenheiro-coelho-sp","status":"publish","type":"post","link":"https:\/\/unasp.br\/noticias\/unasp-promove-acoes-sociais-em-engenheiro-coelho-sp\/","title":{"rendered":"Unasp promove a\u00e7\u00f5es sociais em Engenheiro Coelho (SP)"},"content":{"rendered":"<p style=\"text-align: center;\"><em>Atividades e servi\u00e7os fazem parte do Dia da Responsabilidade Social realizado anualmente pelo Centro Universit\u00e1rio Adventista de S\u00e3o Paulo<\/em><\/p>\n<p style=\"text-align: justify;\">Em 15 de setembro, comemora-se no Brasil o dia da Responsabilidade Social. Normalmente, o termo refere-se apenas ao \u00e2mbito empresarial, mas pode ser aplicado para cada cidad\u00e3o de maneira individual dentro da sociedade civil. Visando o bem-estar da popula\u00e7\u00e3o local, o Centro Universit\u00e1rio Adventista de S\u00e3o Paulo (Unasp) realiza neste domingo (15), o Dia da Responsabilidade Social no munic\u00edpio de Engenheiro Coelho (SP).<\/p>\n<p style=\"text-align: justify;\">Ser\u00e3o oferecidos gratuitamente servi\u00e7os e atendimentos sociais atrav\u00e9s de especialistas e orienta\u00e7\u00f5es sobre sa\u00fade. A novidade ser\u00e1 o servi\u00e7o psicol\u00f3gico, fortalecendo as a\u00e7\u00f5es da campanha Setembro Amarelo. O evento acontece na Escola Municipal Eliza Franco de Oliveira, das 9h \u00e0s 12h30.<\/p>\n<div id=\"attachment_66842\" style=\"width: 399px\" class=\"wp-caption alignleft\"><img loading=\"lazy\" decoding=\"async\" aria-describedby=\"caption-attachment-66842\" class=\"wp-image-66842\" src=\"https:\/\/www.unasp.br\/noticias\/wp-content\/uploads\/2019\/09\/Feira-de-Sa\u00fade-Dia-da-Responsabilidade-Social-no-Unasp-3.jpg\" alt=\"\" width=\"389\" height=\"259\" srcset=\"https:\/\/cdn.unasp.br\/noticias\/wp-content\/uploads\/2019\/09\/13075339\/Feira-de-Sa%C3%BAde-Dia-da-Responsabilidade-Social-no-Unasp-3.jpg 1024w, https:\/\/cdn.unasp.br\/noticias\/wp-content\/uploads\/2019\/09\/13075339\/Feira-de-Sa%C3%BAde-Dia-da-Responsabilidade-Social-no-Unasp-3-300x200.jpg 300w, https:\/\/cdn.unasp.br\/noticias\/wp-content\/uploads\/2019\/09\/13075339\/Feira-de-Sa%C3%BAde-Dia-da-Responsabilidade-Social-no-Unasp-3-768x512.jpg 768w, https:\/\/cdn.unasp.br\/noticias\/wp-content\/uploads\/2019\/09\/13075339\/Feira-de-Sa%C3%BAde-Dia-da-Responsabilidade-Social-no-Unasp-3-900x600.jpg 900w, https:\/\/cdn.unasp.br\/noticias\/wp-content\/uploads\/2019\/09\/13075339\/Feira-de-Sa%C3%BAde-Dia-da-Responsabilidade-Social-no-Unasp-3-800x534.jpg 800w, https:\/\/cdn.unasp.br\/noticias\/wp-content\/uploads\/2019\/09\/13075339\/Feira-de-Sa%C3%BAde-Dia-da-Responsabilidade-Social-no-Unasp-3-750x500.jpg 750w, https:\/\/cdn.unasp.br\/noticias\/wp-content\/uploads\/2019\/09\/13075339\/Feira-de-Sa%C3%BAde-Dia-da-Responsabilidade-Social-no-Unasp-3-720x480.jpg 720w, https:\/\/cdn.unasp.br\/noticias\/wp-content\/uploads\/2019\/09\/13075339\/Feira-de-Sa%C3%BAde-Dia-da-Responsabilidade-Social-no-Unasp-3-420x280.jpg 420w, https:\/\/cdn.unasp.br\/noticias\/wp-content\/uploads\/2019\/09\/13075339\/Feira-de-Sa%C3%BAde-Dia-da-Responsabilidade-Social-no-Unasp-3-500x333.jpg 500w, https:\/\/cdn.unasp.br\/noticias\/wp-content\/uploads\/2019\/09\/13075339\/Feira-de-Sa%C3%BAde-Dia-da-Responsabilidade-Social-no-Unasp-3-400x267.jpg 400w, https:\/\/cdn.unasp.br\/noticias\/wp-content\/uploads\/2019\/09\/13075339\/Feira-de-Sa%C3%BAde-Dia-da-Responsabilidade-Social-no-Unasp-3-375x250.jpg 375w, https:\/\/cdn.unasp.br\/noticias\/wp-content\/uploads\/2019\/09\/13075339\/Feira-de-Sa%C3%BAde-Dia-da-Responsabilidade-Social-no-Unasp-3-225x150.jpg 225w, https:\/\/cdn.unasp.br\/noticias\/wp-content\/uploads\/2019\/09\/13075339\/Feira-de-Sa%C3%BAde-Dia-da-Responsabilidade-Social-no-Unasp-3-175x117.jpg 175w, https:\/\/cdn.unasp.br\/noticias\/wp-content\/uploads\/2019\/09\/13075339\/Feira-de-Sa%C3%BAde-Dia-da-Responsabilidade-Social-no-Unasp-3-200x133.jpg 200w\" sizes=\"(max-width: 389px) 100vw, 389px\" \/><p id=\"caption-attachment-66842\" class=\"wp-caption-text\">A Feira de Sa\u00fade oferece oito tipos de atendimentos para a popula\u00e7\u00e3o.<\/p><\/div>\n<p style=\"text-align: justify;\"><strong>Feira de sa\u00fade<\/strong><\/p>\n<p style=\"text-align: justify;\">Outra atra\u00e7\u00e3o \u00e9 a Feira de Sa\u00fade que proporciona aos participantes oito atendimentos e testes que apresentam rem\u00e9dios naturais acess\u00edveis e tratam o corpo de maneira hol\u00edstica. A atividade, fruto da parceria entre a Ag\u00eancia Adventista de Desenvolvimento e Recursos Assistenciais (Adra), A\u00e7\u00e3o Solid\u00e1ria Adventista (ASA), tem a supervis\u00e3o e colabora\u00e7\u00e3o do Unasp. O objetivo \u00e9 expandir o ensino universit\u00e1rio e promover a pr\u00e1tica desta a\u00e7\u00e3o social, para melhor atender \u00e0 popula\u00e7\u00e3o local.<\/p>\n<p style=\"text-align: justify;\">Uma das coordenadoras do evento, Lanny Soares, explica como ser\u00e1 o funcionamento da feira. \u201cOs moradores de Engenheiro Coelho v\u00e3o receber orienta\u00e7\u00f5es e um conjunto de testes de sa\u00fade com aconselhamento. Tamb\u00e9m faremos uma s\u00e9rie de oficinas que fazem parte do projeto que auxiliar\u00e3o os moradores em diferentes \u00e1reas cotidianas\u201d, destaca.<\/p>\n<p style=\"text-align: justify;\"><strong>Responsabilidade social<\/strong><\/p>\n<p style=\"text-align: justify;\">O professor de Direito Civil do Unasp, M\u00e1rio S\u00e9rgio Miranda, define a Responsabilidade Social como \u201cum sentimento que ao mesmo tempo \u00e9 individual e coletivo em rela\u00e7\u00e3o a ajuda que pode se prover para outras pessoas. E poder suprir vulnerabilidades de outras pessoas que voc\u00ea n\u00e3o possui e ao mesmo tempo contar com a ajuda de outros naquilo que s\u00e3o as suas vulnerabilidades\u201d.<\/p>\n<div id=\"attachment_66844\" style=\"width: 429px\" class=\"wp-caption alignright\"><img loading=\"lazy\" decoding=\"async\" aria-describedby=\"caption-attachment-66844\" class=\"wp-image-66844\" src=\"https:\/\/www.unasp.br\/noticias\/wp-content\/uploads\/2019\/09\/Feira-de-Sa\u00fade-Dia-da-Responsabilidade-Social-no-Unasp-1.jpg\" alt=\"\" width=\"419\" height=\"279\" srcset=\"https:\/\/cdn.unasp.br\/noticias\/wp-content\/uploads\/2019\/09\/13075512\/Feira-de-Sa%C3%BAde-Dia-da-Responsabilidade-Social-no-Unasp-1.jpg 1024w, https:\/\/cdn.unasp.br\/noticias\/wp-content\/uploads\/2019\/09\/13075512\/Feira-de-Sa%C3%BAde-Dia-da-Responsabilidade-Social-no-Unasp-1-300x200.jpg 300w, https:\/\/cdn.unasp.br\/noticias\/wp-content\/uploads\/2019\/09\/13075512\/Feira-de-Sa%C3%BAde-Dia-da-Responsabilidade-Social-no-Unasp-1-768x512.jpg 768w, https:\/\/cdn.unasp.br\/noticias\/wp-content\/uploads\/2019\/09\/13075512\/Feira-de-Sa%C3%BAde-Dia-da-Responsabilidade-Social-no-Unasp-1-900x600.jpg 900w, https:\/\/cdn.unasp.br\/noticias\/wp-content\/uploads\/2019\/09\/13075512\/Feira-de-Sa%C3%BAde-Dia-da-Responsabilidade-Social-no-Unasp-1-800x534.jpg 800w, https:\/\/cdn.unasp.br\/noticias\/wp-content\/uploads\/2019\/09\/13075512\/Feira-de-Sa%C3%BAde-Dia-da-Responsabilidade-Social-no-Unasp-1-750x500.jpg 750w, https:\/\/cdn.unasp.br\/noticias\/wp-content\/uploads\/2019\/09\/13075512\/Feira-de-Sa%C3%BAde-Dia-da-Responsabilidade-Social-no-Unasp-1-720x480.jpg 720w, https:\/\/cdn.unasp.br\/noticias\/wp-content\/uploads\/2019\/09\/13075512\/Feira-de-Sa%C3%BAde-Dia-da-Responsabilidade-Social-no-Unasp-1-420x280.jpg 420w, https:\/\/cdn.unasp.br\/noticias\/wp-content\/uploads\/2019\/09\/13075512\/Feira-de-Sa%C3%BAde-Dia-da-Responsabilidade-Social-no-Unasp-1-500x333.jpg 500w, https:\/\/cdn.unasp.br\/noticias\/wp-content\/uploads\/2019\/09\/13075512\/Feira-de-Sa%C3%BAde-Dia-da-Responsabilidade-Social-no-Unasp-1-400x267.jpg 400w, https:\/\/cdn.unasp.br\/noticias\/wp-content\/uploads\/2019\/09\/13075512\/Feira-de-Sa%C3%BAde-Dia-da-Responsabilidade-Social-no-Unasp-1-375x250.jpg 375w, https:\/\/cdn.unasp.br\/noticias\/wp-content\/uploads\/2019\/09\/13075512\/Feira-de-Sa%C3%BAde-Dia-da-Responsabilidade-Social-no-Unasp-1-225x150.jpg 225w, https:\/\/cdn.unasp.br\/noticias\/wp-content\/uploads\/2019\/09\/13075512\/Feira-de-Sa%C3%BAde-Dia-da-Responsabilidade-Social-no-Unasp-1-175x117.jpg 175w, https:\/\/cdn.unasp.br\/noticias\/wp-content\/uploads\/2019\/09\/13075512\/Feira-de-Sa%C3%BAde-Dia-da-Responsabilidade-Social-no-Unasp-1-200x133.jpg 200w\" sizes=\"(max-width: 419px) 100vw, 419px\" \/><p id=\"caption-attachment-66844\" class=\"wp-caption-text\">Atendimentos feitos na Feira de Sa\u00fade durante o Dia da Responsabilidade Social<\/p><\/div>\n<p style=\"text-align: justify;\">Engana-se quem pensa que a responsabilidade social abrange apenas o aspecto social de uma comunidade. Ela agrega todos os setores de pessoas. \u201cA Responsabilidade Social \u00e9 intr\u00ednseca ao ser humano em toda a sua atua\u00e7\u00e3o. Ela possui vertentes no aspecto ambiental, ela tamb\u00e9m deve ser empregada no \u00e2mbito empresarial, a responsabilidade social tamb\u00e9m deve ser empregada em quem atua na forma\u00e7\u00e3o de outras pessoas como professores e outros ramos que s\u00e3o poss\u00edveis e imagin\u00e1veis na sociedade\u201d, destaca o advogado.<\/p>\n<p style=\"text-align: justify;\">Assim, a responsabilidade social tem como valor principal o de transformar o corpo social a qual est\u00e1 inserida. Ela nada mais \u00e9 do que o cumprimento de deveres e obriga\u00e7\u00f5es de indiv\u00edduos em prol da comunidade na qual est\u00e3o inseridos. Por isso, \u00e9 importante que exista dentro da sociedade civil, um grupo seleto de pessoas que possam realizar essas iniciativas com o objetivo de suprir essas car\u00eancias visando o benef\u00edcio do pr\u00f3ximo.<\/p>\n<p style=\"text-align: justify;\">Para colocar em pr\u00e1tica esse pensamento, surgem os assistentes sociais. Mildo Ferreira atua na cidade de S\u00e3o Paulo, e explica a fun\u00e7\u00e3o destes agentes para a popula\u00e7\u00e3o. \u201cO assistente social trabalha na contradi\u00e7\u00e3o do trabalho e do capital. O papel de um agente social \u00e9 tentar construir meios para que as pessoas possam obter os seus direitos\u201d, comenta. Ferreira ressalta que as autoridades governamentais tamb\u00e9m precisam adotar algumas medidas para que o trabalho do assistente social possa ser bem executado e fazer diferen\u00e7a para as pessoas que necessitam de qualquer tipo de aux\u00edlio.<\/p>\n<p style=\"text-align: justify;\"><strong><u>SERVI\u00c7O<br \/>\n<\/u><\/strong><strong>Dia da Responsabilidade Social em Engenheiro Coelho (SP)<\/strong><\/p>\n<p style=\"text-align: justify;\"><strong>Quando:\u00a0<\/strong>Domingo, dia 15 de setembro de 2019 \u2013 Das 9h \u00e0s 12h30.<\/p>\n<p style=\"text-align: justify;\"><strong>Onde:<\/strong>\u00a0Escola Municipal Eliza Franco de Oliveira, localizada na rua Alexandre Bonin, 403, no bairro Jardim Brasil.<\/p>\n<p style=\"text-align: justify;\"><strong>P\u00fablico:<\/strong>\u00a0Todos os moradores de Engenheiro Coelho e interessados de outros munic\u00edpios.<\/p>\n<p style=\"text-align: justify;\">\n","protected":false},"excerpt":{"rendered":"<p>Atividades e servi\u00e7os fazem parte do Dia da Responsabilidade Social realizado anualmente pelo Centro Universit\u00e1rio Adventista de [&hellip;]<\/p>\n","protected":false},"author":80,"featured_media":66842,"comment_status":"open","ping_status":"open","sticky":false,"template":"","format":"standard","meta":{"footnotes":""},"categories":[10],"tags":[],"yoast_head":"<!-- This site is optimized with the Yoast SEO plugin v23.5 - https:\/\/yoast.com\/wordpress\/plugins\/seo\/ -->\n<title>Unasp promove a\u00e7\u00f5es sociais em Engenheiro Coelho (SP)<\/title>\n<meta name=\"description\" content=\"Atividades e servi\u00e7os fazem parte do Dia da Responsabilidade Social realizado anualmente pelo Centro Universit\u00e1rio Adventista de S\u00e3o Paulo.\" \/>\n<meta name=\"robots\" content=\"index, follow, max-snippet:-1, max-image-preview:large, max-video-preview:-1\" \/>\n<link rel=\"canonical\" href=\"https:\/\/unasp.br\/noticias\/unasp-promove-acoes-sociais-em-engenheiro-coelho-sp\/\" \/>\n<meta property=\"og:locale\" content=\"pt_BR\" \/>\n<meta property=\"og:type\" content=\"article\" \/>\n<meta property=\"og:title\" content=\"Unasp promove a\u00e7\u00f5es sociais em Engenheiro Coelho (SP)\" \/>\n<meta property=\"og:description\" content=\"Atividades e servi\u00e7os fazem parte do Dia da Responsabilidade Social realizado anualmente pelo Centro Universit\u00e1rio Adventista de S\u00e3o Paulo.\" \/>\n<meta property=\"og:url\" content=\"https:\/\/unasp.br\/noticias\/unasp-promove-acoes-sociais-em-engenheiro-coelho-sp\/\" \/>\n<meta property=\"og:site_name\" content=\"UNASP Noticias\" \/>\n<meta property=\"article:published_time\" content=\"2019-09-13T13:59:15+00:00\" \/>\n<meta property=\"article:modified_time\" content=\"2019-09-13T14:02:25+00:00\" \/>\n<meta property=\"og:image\" content=\"https:\/\/cdn.unasp.br\/noticias\/wp-content\/uploads\/2019\/09\/13075339\/Feira-de-Sa%C3%BAde-Dia-da-Responsabilidade-Social-no-Unasp-3.jpg\" \/>\n\t<meta property=\"og:image:width\" content=\"1024\" \/>\n\t<meta property=\"og:image:height\" content=\"683\" \/>\n\t<meta property=\"og:image:type\" content=\"image\/jpeg\" \/>\n<meta name=\"author\" content=\"UNASP - TI-DESENVOLVIMENTO\" \/>\n<meta name=\"twitter:card\" content=\"summary_large_image\" \/>\n<meta name=\"twitter:label1\" content=\"Escrito por\" \/>\n\t<meta name=\"twitter:data1\" content=\"UNASP - TI-DESENVOLVIMENTO\" \/>\n\t<meta name=\"twitter:label2\" content=\"Est. tempo de leitura\" \/>\n\t<meta name=\"twitter:data2\" content=\"4 minutos\" \/>\n<script type=\"application\/ld+json\" class=\"yoast-schema-graph\">{\"@context\":\"https:\/\/schema.org\",\"@graph\":[{\"@type\":\"Article\",\"@id\":\"https:\/\/unasp.br\/noticias\/unasp-promove-acoes-sociais-em-engenheiro-coelho-sp\/#article\",\"isPartOf\":{\"@id\":\"https:\/\/unasp.br\/noticias\/unasp-promove-acoes-sociais-em-engenheiro-coelho-sp\/\"},\"author\":{\"name\":\"UNASP - TI-DESENVOLVIMENTO\",\"@id\":\"https:\/\/unasp.br\/noticias\/#\/schema\/person\/e3b8f8e8b1d3759eda9f61d2bb12b6d7\"},\"headline\":\"Unasp promove a\u00e7\u00f5es sociais em Engenheiro Coelho (SP)\",\"datePublished\":\"2019-09-13T13:59:15+00:00\",\"dateModified\":\"2019-09-13T14:02:25+00:00\",\"mainEntityOfPage\":{\"@id\":\"https:\/\/unasp.br\/noticias\/unasp-promove-acoes-sociais-em-engenheiro-coelho-sp\/\"},\"wordCount\":713,\"commentCount\":0,\"publisher\":{\"@id\":\"https:\/\/unasp.br\/noticias\/#organization\"},\"image\":{\"@id\":\"https:\/\/unasp.br\/noticias\/unasp-promove-acoes-sociais-em-engenheiro-coelho-sp\/#primaryimage\"},\"thumbnailUrl\":\"https:\/\/cdn.unasp.br\/noticias\/wp-content\/uploads\/2019\/09\/13075339\/Feira-de-Sa%C3%BAde-Dia-da-Responsabilidade-Social-no-Unasp-3.jpg\",\"articleSection\":[\"Impacto Social\"],\"inLanguage\":\"pt-BR\",\"potentialAction\":[{\"@type\":\"CommentAction\",\"name\":\"Comment\",\"target\":[\"https:\/\/unasp.br\/noticias\/unasp-promove-acoes-sociais-em-engenheiro-coelho-sp\/#respond\"]}]},{\"@type\":\"WebPage\",\"@id\":\"https:\/\/unasp.br\/noticias\/unasp-promove-acoes-sociais-em-engenheiro-coelho-sp\/\",\"url\":\"https:\/\/unasp.br\/noticias\/unasp-promove-acoes-sociais-em-engenheiro-coelho-sp\/\",\"name\":\"Unasp promove a\u00e7\u00f5es sociais em Engenheiro Coelho (SP)\",\"isPartOf\":{\"@id\":\"https:\/\/unasp.br\/noticias\/#website\"},\"primaryImageOfPage\":{\"@id\":\"https:\/\/unasp.br\/noticias\/unasp-promove-acoes-sociais-em-engenheiro-coelho-sp\/#primaryimage\"},\"image\":{\"@id\":\"https:\/\/unasp.br\/noticias\/unasp-promove-acoes-sociais-em-engenheiro-coelho-sp\/#primaryimage\"},\"thumbnailUrl\":\"https:\/\/cdn.unasp.br\/noticias\/wp-content\/uploads\/2019\/09\/13075339\/Feira-de-Sa%C3%BAde-Dia-da-Responsabilidade-Social-no-Unasp-3.jpg\",\"datePublished\":\"2019-09-13T13:59:15+00:00\",\"dateModified\":\"2019-09-13T14:02:25+00:00\",\"description\":\"Atividades e servi\u00e7os fazem parte do Dia da Responsabilidade Social realizado anualmente pelo Centro Universit\u00e1rio Adventista de S\u00e3o Paulo.\",\"breadcrumb\":{\"@id\":\"https:\/\/unasp.br\/noticias\/unasp-promove-acoes-sociais-em-engenheiro-coelho-sp\/#breadcrumb\"},\"inLanguage\":\"pt-BR\",\"potentialAction\":[{\"@type\":\"ReadAction\",\"target\":[\"https:\/\/unasp.br\/noticias\/unasp-promove-acoes-sociais-em-engenheiro-coelho-sp\/\"]}]},{\"@type\":\"ImageObject\",\"inLanguage\":\"pt-BR\",\"@id\":\"https:\/\/unasp.br\/noticias\/unasp-promove-acoes-sociais-em-engenheiro-coelho-sp\/#primaryimage\",\"url\":\"https:\/\/cdn.unasp.br\/noticias\/wp-content\/uploads\/2019\/09\/13075339\/Feira-de-Sa%C3%BAde-Dia-da-Responsabilidade-Social-no-Unasp-3.jpg\",\"contentUrl\":\"https:\/\/cdn.unasp.br\/noticias\/wp-content\/uploads\/2019\/09\/13075339\/Feira-de-Sa%C3%BAde-Dia-da-Responsabilidade-Social-no-Unasp-3.jpg\",\"width\":1024,\"height\":683},{\"@type\":\"BreadcrumbList\",\"@id\":\"https:\/\/unasp.br\/noticias\/unasp-promove-acoes-sociais-em-engenheiro-coelho-sp\/#breadcrumb\",\"itemListElement\":[{\"@type\":\"ListItem\",\"position\":1,\"name\":\"In\u00edcio\",\"item\":\"https:\/\/unasp.br\/noticias\/\"},{\"@type\":\"ListItem\",\"position\":2,\"name\":\"Unasp promove a\u00e7\u00f5es sociais em Engenheiro Coelho (SP)\"}]},{\"@type\":\"WebSite\",\"@id\":\"https:\/\/unasp.br\/noticias\/#website\",\"url\":\"https:\/\/unasp.br\/noticias\/\",\"name\":\"UNASP Noticias\",\"description\":\"Centro Universit\u00e1rio Adventista de S\u00e3o Paulo\",\"publisher\":{\"@id\":\"https:\/\/unasp.br\/noticias\/#organization\"},\"potentialAction\":[{\"@type\":\"SearchAction\",\"target\":{\"@type\":\"EntryPoint\",\"urlTemplate\":\"https:\/\/unasp.br\/noticias\/?s={search_term_string}\"},\"query-input\":{\"@type\":\"PropertyValueSpecification\",\"valueRequired\":true,\"valueName\":\"search_term_string\"}}],\"inLanguage\":\"pt-BR\"},{\"@type\":\"Organization\",\"@id\":\"https:\/\/unasp.br\/noticias\/#organization\",\"name\":\"UNASP Noticias\",\"url\":\"https:\/\/unasp.br\/noticias\/\",\"logo\":{\"@type\":\"ImageObject\",\"inLanguage\":\"pt-BR\",\"@id\":\"https:\/\/unasp.br\/noticias\/#\/schema\/logo\/image\/\",\"url\":\"https:\/\/cdn.unasp.br\/noticias\/wp-content\/uploads\/2021\/09\/09152724\/logo-unasp-news.png\",\"contentUrl\":\"https:\/\/cdn.unasp.br\/noticias\/wp-content\/uploads\/2021\/09\/09152724\/logo-unasp-news.png\",\"width\":240,\"height\":41,\"caption\":\"UNASP Noticias\"},\"image\":{\"@id\":\"https:\/\/unasp.br\/noticias\/#\/schema\/logo\/image\/\"}},{\"@type\":\"Person\",\"@id\":\"https:\/\/unasp.br\/noticias\/#\/schema\/person\/e3b8f8e8b1d3759eda9f61d2bb12b6d7\",\"name\":\"UNASP - TI-DESENVOLVIMENTO\",\"image\":{\"@type\":\"ImageObject\",\"inLanguage\":\"pt-BR\",\"@id\":\"https:\/\/unasp.br\/noticias\/#\/schema\/person\/image\/\",\"url\":\"https:\/\/secure.gravatar.com\/avatar\/88a02b7e6ee37f47de0ecad3877878b0?s=96&d=mm&r=g\",\"contentUrl\":\"https:\/\/secure.gravatar.com\/avatar\/88a02b7e6ee37f47de0ecad3877878b0?s=96&d=mm&r=g\",\"caption\":\"UNASP - TI-DESENVOLVIMENTO\"},\"url\":\"https:\/\/unasp.br\/noticias\/author\/admindefault-com\/\"}]}<\/script>\n<!-- \/ Yoast SEO plugin. -->","yoast_head_json":{"title":"Unasp promove a\u00e7\u00f5es sociais em Engenheiro Coelho (SP)","description":"Atividades e servi\u00e7os fazem parte do Dia da Responsabilidade Social realizado anualmente pelo Centro Universit\u00e1rio Adventista de S\u00e3o Paulo.","robots":{"index":"index","follow":"follow","max-snippet":"max-snippet:-1","max-image-preview":"max-image-preview:large","max-video-preview":"max-video-preview:-1"},"canonical":"https:\/\/unasp.br\/noticias\/unasp-promove-acoes-sociais-em-engenheiro-coelho-sp\/","og_locale":"pt_BR","og_type":"article","og_title":"Unasp promove a\u00e7\u00f5es sociais em Engenheiro Coelho (SP)","og_description":"Atividades e servi\u00e7os fazem parte do Dia da Responsabilidade Social realizado anualmente pelo Centro Universit\u00e1rio Adventista de S\u00e3o Paulo.","og_url":"https:\/\/unasp.br\/noticias\/unasp-promove-acoes-sociais-em-engenheiro-coelho-sp\/","og_site_name":"UNASP Noticias","article_published_time":"2019-09-13T13:59:15+00:00","article_modified_time":"2019-09-13T14:02:25+00:00","og_image":[{"width":1024,"height":683,"url":"https:\/\/cdn.unasp.br\/noticias\/wp-content\/uploads\/2019\/09\/13075339\/Feira-de-Sa%C3%BAde-Dia-da-Responsabilidade-Social-no-Unasp-3.jpg","type":"image\/jpeg"}],"author":"UNASP - TI-DESENVOLVIMENTO","twitter_card":"summary_large_image","twitter_misc":{"Escrito por":"UNASP - TI-DESENVOLVIMENTO","Est. tempo de leitura":"4 minutos"},"schema":{"@context":"https:\/\/schema.org","@graph":[{"@type":"Article","@id":"https:\/\/unasp.br\/noticias\/unasp-promove-acoes-sociais-em-engenheiro-coelho-sp\/#article","isPartOf":{"@id":"https:\/\/unasp.br\/noticias\/unasp-promove-acoes-sociais-em-engenheiro-coelho-sp\/"},"author":{"name":"UNASP - TI-DESENVOLVIMENTO","@id":"https:\/\/unasp.br\/noticias\/#\/schema\/person\/e3b8f8e8b1d3759eda9f61d2bb12b6d7"},"headline":"Unasp promove a\u00e7\u00f5es sociais em Engenheiro Coelho (SP)","datePublished":"2019-09-13T13:59:15+00:00","dateModified":"2019-09-13T14:02:25+00:00","mainEntityOfPage":{"@id":"https:\/\/unasp.br\/noticias\/unasp-promove-acoes-sociais-em-engenheiro-coelho-sp\/"},"wordCount":713,"commentCount":0,"publisher":{"@id":"https:\/\/unasp.br\/noticias\/#organization"},"image":{"@id":"https:\/\/unasp.br\/noticias\/unasp-promove-acoes-sociais-em-engenheiro-coelho-sp\/#primaryimage"},"thumbnailUrl":"https:\/\/cdn.unasp.br\/noticias\/wp-content\/uploads\/2019\/09\/13075339\/Feira-de-Sa%C3%BAde-Dia-da-Responsabilidade-Social-no-Unasp-3.jpg","articleSection":["Impacto Social"],"inLanguage":"pt-BR","potentialAction":[{"@type":"CommentAction","name":"Comment","target":["https:\/\/unasp.br\/noticias\/unasp-promove-acoes-sociais-em-engenheiro-coelho-sp\/#respond"]}]},{"@type":"WebPage","@id":"https:\/\/unasp.br\/noticias\/unasp-promove-acoes-sociais-em-engenheiro-coelho-sp\/","url":"https:\/\/unasp.br\/noticias\/unasp-promove-acoes-sociais-em-engenheiro-coelho-sp\/","name":"Unasp promove a\u00e7\u00f5es sociais em Engenheiro Coelho (SP)","isPartOf":{"@id":"https:\/\/unasp.br\/noticias\/#website"},"primaryImageOfPage":{"@id":"https:\/\/unasp.br\/noticias\/unasp-promove-acoes-sociais-em-engenheiro-coelho-sp\/#primaryimage"},"image":{"@id":"https:\/\/unasp.br\/noticias\/unasp-promove-acoes-sociais-em-engenheiro-coelho-sp\/#primaryimage"},"thumbnailUrl":"https:\/\/cdn.unasp.br\/noticias\/wp-content\/uploads\/2019\/09\/13075339\/Feira-de-Sa%C3%BAde-Dia-da-Responsabilidade-Social-no-Unasp-3.jpg","datePublished":"2019-09-13T13:59:15+00:00","dateModified":"2019-09-13T14:02:25+00:00","description":"Atividades e servi\u00e7os fazem parte do Dia da Responsabilidade Social realizado anualmente pelo Centro Universit\u00e1rio Adventista de S\u00e3o Paulo.","breadcrumb":{"@id":"https:\/\/unasp.br\/noticias\/unasp-promove-acoes-sociais-em-engenheiro-coelho-sp\/#breadcrumb"},"inLanguage":"pt-BR","potentialAction":[{"@type":"ReadAction","target":["https:\/\/unasp.br\/noticias\/unasp-promove-acoes-sociais-em-engenheiro-coelho-sp\/"]}]},{"@type":"ImageObject","inLanguage":"pt-BR","@id":"https:\/\/unasp.br\/noticias\/unasp-promove-acoes-sociais-em-engenheiro-coelho-sp\/#primaryimage","url":"https:\/\/cdn.unasp.br\/noticias\/wp-content\/uploads\/2019\/09\/13075339\/Feira-de-Sa%C3%BAde-Dia-da-Responsabilidade-Social-no-Unasp-3.jpg","contentUrl":"https:\/\/cdn.unasp.br\/noticias\/wp-content\/uploads\/2019\/09\/13075339\/Feira-de-Sa%C3%BAde-Dia-da-Responsabilidade-Social-no-Unasp-3.jpg","width":1024,"height":683},{"@type":"BreadcrumbList","@id":"https:\/\/unasp.br\/noticias\/unasp-promove-acoes-sociais-em-engenheiro-coelho-sp\/#breadcrumb","itemListElement":[{"@type":"ListItem","position":1,"name":"In\u00edcio","item":"https:\/\/unasp.br\/noticias\/"},{"@type":"ListItem","position":2,"name":"Unasp promove a\u00e7\u00f5es sociais em Engenheiro Coelho (SP)"}]},{"@type":"WebSite","@id":"https:\/\/unasp.br\/noticias\/#website","url":"https:\/\/unasp.br\/noticias\/","name":"UNASP Noticias","description":"Centro Universit\u00e1rio Adventista de S\u00e3o Paulo","publisher":{"@id":"https:\/\/unasp.br\/noticias\/#organization"},"potentialAction":[{"@type":"SearchAction","target":{"@type":"EntryPoint","urlTemplate":"https:\/\/unasp.br\/noticias\/?s={search_term_string}"},"query-input":{"@type":"PropertyValueSpecification","valueRequired":true,"valueName":"search_term_string"}}],"inLanguage":"pt-BR"},{"@type":"Organization","@id":"https:\/\/unasp.br\/noticias\/#organization","name":"UNASP Noticias","url":"https:\/\/unasp.br\/noticias\/","logo":{"@type":"ImageObject","inLanguage":"pt-BR","@id":"https:\/\/unasp.br\/noticias\/#\/schema\/logo\/image\/","url":"https:\/\/cdn.unasp.br\/noticias\/wp-content\/uploads\/2021\/09\/09152724\/logo-unasp-news.png","contentUrl":"https:\/\/cdn.unasp.br\/noticias\/wp-content\/uploads\/2021\/09\/09152724\/logo-unasp-news.png","width":240,"height":41,"caption":"UNASP Noticias"},"image":{"@id":"https:\/\/unasp.br\/noticias\/#\/schema\/logo\/image\/"}},{"@type":"Person","@id":"https:\/\/unasp.br\/noticias\/#\/schema\/person\/e3b8f8e8b1d3759eda9f61d2bb12b6d7","name":"UNASP - TI-DESENVOLVIMENTO","image":{"@type":"ImageObject","inLanguage":"pt-BR","@id":"https:\/\/unasp.br\/noticias\/#\/schema\/person\/image\/","url":"https:\/\/secure.gravatar.com\/avatar\/88a02b7e6ee37f47de0ecad3877878b0?s=96&d=mm&r=g","contentUrl":"https:\/\/secure.gravatar.com\/avatar\/88a02b7e6ee37f47de0ecad3877878b0?s=96&d=mm&r=g","caption":"UNASP - TI-DESENVOLVIMENTO"},"url":"https:\/\/unasp.br\/noticias\/author\/admindefault-com\/"}]}},"_links":{"self":[{"href":"https:\/\/unasp.br\/noticias\/wp-json\/wp\/v2\/posts\/66841"}],"collection":[{"href":"https:\/\/unasp.br\/noticias\/wp-json\/wp\/v2\/posts"}],"about":[{"href":"https:\/\/unasp.br\/noticias\/wp-json\/wp\/v2\/types\/post"}],"author":[{"embeddable":true,"href":"https:\/\/unasp.br\/noticias\/wp-json\/wp\/v2\/users\/80"}],"replies":[{"embeddable":true,"href":"https:\/\/unasp.br\/noticias\/wp-json\/wp\/v2\/comments?post=66841"}],"version-history":[{"count":3,"href":"https:\/\/unasp.br\/noticias\/wp-json\/wp\/v2\/posts\/66841\/revisions"}],"predecessor-version":[{"id":66847,"href":"https:\/\/unasp.br\/noticias\/wp-json\/wp\/v2\/posts\/66841\/revisions\/66847"}],"wp:featuredmedia":[{"embeddable":true,"href":"https:\/\/unasp.br\/noticias\/wp-json\/wp\/v2\/media\/66842"}],"wp:attachment":[{"href":"https:\/\/unasp.br\/noticias\/wp-json\/wp\/v2\/media?parent=66841"}],"wp:term":[{"taxonomy":"category","embeddable":true,"href":"https:\/\/unasp.br\/noticias\/wp-json\/wp\/v2\/categories?post=66841"},{"taxonomy":"post_tag","embeddable":true,"href":"https:\/\/unasp.br\/noticias\/wp-json\/wp\/v2\/tags?post=66841"}],"curies":[{"name":"wp","href":"https:\/\/api.w.org\/{rel}","templated":true}]}}