{"id":66853,"date":"2019-09-13T11:55:05","date_gmt":"2019-09-13T14:55:05","guid":{"rendered":"https:\/\/www.unasp.br\/noticias\/?p=66853"},"modified":"2019-09-13T11:55:05","modified_gmt":"2019-09-13T14:55:05","slug":"estudantes-do-unasp-ht-participam-de-desfile-de-07-de-setembro","status":"publish","type":"post","link":"https:\/\/unasp.br\/noticias\/estudantes-do-unasp-ht-participam-de-desfile-de-07-de-setembro\/","title":{"rendered":"Estudantes do Unasp Ht participam de desfile de 07 de setembro"},"content":{"rendered":"<div id=\"attachment_66854\" style=\"width: 310px\" class=\"wp-caption alignleft\"><img loading=\"lazy\" decoding=\"async\" aria-describedby=\"caption-attachment-66854\" class=\"wp-image-66854 size-medium\" src=\"https:\/\/www.unasp.br\/noticias\/wp-content\/uploads\/2019\/09\/48711607312_f629527a9f_o-300x200.jpg\" alt=\"\" width=\"300\" height=\"200\" srcset=\"https:\/\/cdn.unasp.br\/noticias\/wp-content\/uploads\/2019\/09\/13084813\/48711607312_f629527a9f_o-300x200.jpg 300w, https:\/\/cdn.unasp.br\/noticias\/wp-content\/uploads\/2019\/09\/13084813\/48711607312_f629527a9f_o-768x512.jpg 768w, https:\/\/cdn.unasp.br\/noticias\/wp-content\/uploads\/2019\/09\/13084813\/48711607312_f629527a9f_o-900x600.jpg 900w, https:\/\/cdn.unasp.br\/noticias\/wp-content\/uploads\/2019\/09\/13084813\/48711607312_f629527a9f_o-800x534.jpg 800w, https:\/\/cdn.unasp.br\/noticias\/wp-content\/uploads\/2019\/09\/13084813\/48711607312_f629527a9f_o-750x500.jpg 750w, https:\/\/cdn.unasp.br\/noticias\/wp-content\/uploads\/2019\/09\/13084813\/48711607312_f629527a9f_o-720x480.jpg 720w, https:\/\/cdn.unasp.br\/noticias\/wp-content\/uploads\/2019\/09\/13084813\/48711607312_f629527a9f_o-420x280.jpg 420w, https:\/\/cdn.unasp.br\/noticias\/wp-content\/uploads\/2019\/09\/13084813\/48711607312_f629527a9f_o-500x334.jpg 500w, https:\/\/cdn.unasp.br\/noticias\/wp-content\/uploads\/2019\/09\/13084813\/48711607312_f629527a9f_o-400x267.jpg 400w, https:\/\/cdn.unasp.br\/noticias\/wp-content\/uploads\/2019\/09\/13084813\/48711607312_f629527a9f_o-375x250.jpg 375w, https:\/\/cdn.unasp.br\/noticias\/wp-content\/uploads\/2019\/09\/13084813\/48711607312_f629527a9f_o-225x150.jpg 225w, https:\/\/cdn.unasp.br\/noticias\/wp-content\/uploads\/2019\/09\/13084813\/48711607312_f629527a9f_o-175x117.jpg 175w, https:\/\/cdn.unasp.br\/noticias\/wp-content\/uploads\/2019\/09\/13084813\/48711607312_f629527a9f_o-200x133.jpg 200w, https:\/\/cdn.unasp.br\/noticias\/wp-content\/uploads\/2019\/09\/13084813\/48711607312_f629527a9f_o.jpg 1000w\" sizes=\"(max-width: 300px) 100vw, 300px\" \/><p id=\"caption-attachment-66854\" class=\"wp-caption-text\">Pelot\u00e3o que representou a d\u00e9cada de 1958 a 1968 destacou o nome do campus naquele per\u00edodo: IAC &#8211; Instituto Adventista Campineiro<\/p><\/div>\n<p style=\"text-align: justify;\">Dia 07 de setembro, comemora-se nacionalmente a Independ\u00eancia do Brasil.\u00a0 E para celebrar esta conquista hist\u00f3rica, a prefeitura de Hortol\u00e2ndia promoveu no domingo, dia 08 de setembro, um Desfile pela Paz. Os estudantes do ensino fundamental II, do Unasp Hortol\u00e2ndia, participaram do desfile e apresentaram ao p\u00fablico um pouco da hist\u00f3ria dos 70 Anos do Unasp Hortol\u00e2ndia.<\/p>\n<p style=\"text-align: justify;\">\u201cNeste ano o munic\u00edpio de Hortol\u00e2ndia completou 35 anos e o Unasp completa 70 anos, ou seja, nosso campus \u00e9 uma parte importante do surgimento da cidade e n\u00e3o poder\u00edamos ficar de fora deste desfile. H\u00e1 alguns meses que nossos estudantes est\u00e3o se preparando para este evento e hoje, de forma criativa, contaram um pouquinho da trajet\u00f3ria do nosso campus\u201d, explicou o diretor do Ensino Fundamental II do Unasp Hortol\u00e2ndia, Marcel Barreto<\/p>\n<p style=\"text-align: justify;\"><strong>Desfile hist\u00f3rico<\/strong><\/p>\n<div id=\"attachment_66858\" style=\"width: 310px\" class=\"wp-caption alignright\"><img loading=\"lazy\" decoding=\"async\" aria-describedby=\"caption-attachment-66858\" class=\"wp-image-66858 size-medium\" src=\"https:\/\/www.unasp.br\/noticias\/wp-content\/uploads\/2019\/09\/48711606237_d93b880da6_o-300x200.jpg\" alt=\"\" width=\"300\" height=\"200\" srcset=\"https:\/\/cdn.unasp.br\/noticias\/wp-content\/uploads\/2019\/09\/13085158\/48711606237_d93b880da6_o-300x200.jpg 300w, https:\/\/cdn.unasp.br\/noticias\/wp-content\/uploads\/2019\/09\/13085158\/48711606237_d93b880da6_o-768x512.jpg 768w, https:\/\/cdn.unasp.br\/noticias\/wp-content\/uploads\/2019\/09\/13085158\/48711606237_d93b880da6_o-900x600.jpg 900w, https:\/\/cdn.unasp.br\/noticias\/wp-content\/uploads\/2019\/09\/13085158\/48711606237_d93b880da6_o-800x534.jpg 800w, https:\/\/cdn.unasp.br\/noticias\/wp-content\/uploads\/2019\/09\/13085158\/48711606237_d93b880da6_o-750x500.jpg 750w, https:\/\/cdn.unasp.br\/noticias\/wp-content\/uploads\/2019\/09\/13085158\/48711606237_d93b880da6_o-720x480.jpg 720w, https:\/\/cdn.unasp.br\/noticias\/wp-content\/uploads\/2019\/09\/13085158\/48711606237_d93b880da6_o-420x280.jpg 420w, https:\/\/cdn.unasp.br\/noticias\/wp-content\/uploads\/2019\/09\/13085158\/48711606237_d93b880da6_o-500x334.jpg 500w, https:\/\/cdn.unasp.br\/noticias\/wp-content\/uploads\/2019\/09\/13085158\/48711606237_d93b880da6_o-400x267.jpg 400w, https:\/\/cdn.unasp.br\/noticias\/wp-content\/uploads\/2019\/09\/13085158\/48711606237_d93b880da6_o-375x250.jpg 375w, https:\/\/cdn.unasp.br\/noticias\/wp-content\/uploads\/2019\/09\/13085158\/48711606237_d93b880da6_o-225x150.jpg 225w, https:\/\/cdn.unasp.br\/noticias\/wp-content\/uploads\/2019\/09\/13085158\/48711606237_d93b880da6_o-175x117.jpg 175w, https:\/\/cdn.unasp.br\/noticias\/wp-content\/uploads\/2019\/09\/13085158\/48711606237_d93b880da6_o-200x133.jpg 200w, https:\/\/cdn.unasp.br\/noticias\/wp-content\/uploads\/2019\/09\/13085158\/48711606237_d93b880da6_o.jpg 1000w\" sizes=\"(max-width: 300px) 100vw, 300px\" \/><p id=\"caption-attachment-66858\" class=\"wp-caption-text\">Alunos representando as diversas constru\u00e7\u00f5es e reformas que j\u00e1 aconteceram no campus ao longo destes 70 anos.<\/p><\/div>\n<p style=\"text-align: justify;\">O primeiro bloco de alunos, mostrou o conceito educacional do col\u00e9gio, apresentando a educa\u00e7\u00e3o integral que integra o desenvolvimento f\u00edsico, social, intelectual e espiritual dos seus alunos. A partir desta conceitua\u00e7\u00e3o, os blocos foram divididos por \u00e9pocas, e cada pelot\u00e3o de alunos representava um per\u00edodo hist\u00f3rico de 10 anos, destacando as constru\u00e7\u00f5es, os costumes do per\u00edodo, os grupos musicais que foram surgindo, a amplia\u00e7\u00e3o acad\u00eamica com o surgimento dos cursos de gradua\u00e7\u00e3o, a men\u00e7\u00e3o aos precursores do campus e personagens que foram fundamentais para hist\u00f3ria do campus, entre outros destaques.<\/p>\n<p style=\"text-align: justify;\">A m\u00e3e de alunos, Simone Yamakishi, foi acompanhar a filha e gostou muito da participa\u00e7\u00e3o do Unasp. \u201cFoi uma emo\u00e7\u00e3o assistir, porque eu desfilava pelo col\u00e9gio quando era aluna e achava uma pena esse costume ter acabado\u201d. Sobre o tema apresentado pelo col\u00e9gio, Simone acrescentou: \u201co desfile de hoje me ensinou v\u00e1rias coisas sobre a hist\u00f3ria do Unasp e da cidade, que eu n\u00e3o sabia. Aprendeu quem estava assistindo e tenho certeza que os alunos tamb\u00e9m aprenderam muito enquanto estavam se preparando para o desfile\u201d.<\/p>\n<div id=\"attachment_66859\" style=\"width: 559px\" class=\"wp-caption aligncenter\"><img loading=\"lazy\" decoding=\"async\" aria-describedby=\"caption-attachment-66859\" class=\"wp-image-66859 \" src=\"https:\/\/www.unasp.br\/noticias\/wp-content\/uploads\/2019\/09\/48711445296_4e2547f47b_o.jpg\" alt=\"\" width=\"549\" height=\"366\" srcset=\"https:\/\/cdn.unasp.br\/noticias\/wp-content\/uploads\/2019\/09\/13085313\/48711445296_4e2547f47b_o.jpg 1000w, https:\/\/cdn.unasp.br\/noticias\/wp-content\/uploads\/2019\/09\/13085313\/48711445296_4e2547f47b_o-300x200.jpg 300w, https:\/\/cdn.unasp.br\/noticias\/wp-content\/uploads\/2019\/09\/13085313\/48711445296_4e2547f47b_o-768x512.jpg 768w, https:\/\/cdn.unasp.br\/noticias\/wp-content\/uploads\/2019\/09\/13085313\/48711445296_4e2547f47b_o-900x600.jpg 900w, https:\/\/cdn.unasp.br\/noticias\/wp-content\/uploads\/2019\/09\/13085313\/48711445296_4e2547f47b_o-800x534.jpg 800w, https:\/\/cdn.unasp.br\/noticias\/wp-content\/uploads\/2019\/09\/13085313\/48711445296_4e2547f47b_o-750x500.jpg 750w, https:\/\/cdn.unasp.br\/noticias\/wp-content\/uploads\/2019\/09\/13085313\/48711445296_4e2547f47b_o-720x480.jpg 720w, https:\/\/cdn.unasp.br\/noticias\/wp-content\/uploads\/2019\/09\/13085313\/48711445296_4e2547f47b_o-420x280.jpg 420w, https:\/\/cdn.unasp.br\/noticias\/wp-content\/uploads\/2019\/09\/13085313\/48711445296_4e2547f47b_o-500x334.jpg 500w, https:\/\/cdn.unasp.br\/noticias\/wp-content\/uploads\/2019\/09\/13085313\/48711445296_4e2547f47b_o-400x267.jpg 400w, https:\/\/cdn.unasp.br\/noticias\/wp-content\/uploads\/2019\/09\/13085313\/48711445296_4e2547f47b_o-375x250.jpg 375w, https:\/\/cdn.unasp.br\/noticias\/wp-content\/uploads\/2019\/09\/13085313\/48711445296_4e2547f47b_o-225x150.jpg 225w, https:\/\/cdn.unasp.br\/noticias\/wp-content\/uploads\/2019\/09\/13085313\/48711445296_4e2547f47b_o-175x117.jpg 175w, https:\/\/cdn.unasp.br\/noticias\/wp-content\/uploads\/2019\/09\/13085313\/48711445296_4e2547f47b_o-200x133.jpg 200w\" sizes=\"(max-width: 549px) 100vw, 549px\" \/><p id=\"caption-attachment-66859\" class=\"wp-caption-text\">Cada pelot\u00e3o representou uma d\u00e9cada da hist\u00f3ria do Unasp Ht.<\/p><\/div>\n<p style=\"text-align: justify;\">Durante o desfile, o prefeito da cidade agradeceu a presen\u00e7a de pais e alunos do Unasp e falou um pouco sobre o tema do desfile: A Paz. \u201cQueremos semear nesta cidade motivos para sermos um povo unido, amigo, parceiro, cheio de f\u00e9 e cheio de esperan\u00e7a. Parab\u00e9ns para o Unasp por participar deste evento e parab\u00e9ns a todos que est\u00e3o aqui neste dia\u201d, enfatizou o prefeito.<\/p>\n","protected":false},"excerpt":{"rendered":"<p>Dia 07 de setembro, comemora-se nacionalmente a Independ\u00eancia do Brasil.\u00a0 E para celebrar esta conquista hist\u00f3rica, a [&hellip;]<\/p>\n","protected":false},"author":73,"featured_media":66854,"comment_status":"open","ping_status":"open","sticky":false,"template":"","format":"standard","meta":{"footnotes":""},"categories":[10],"tags":[],"yoast_head":"<!-- This site is optimized with the Yoast SEO plugin v23.5 - https:\/\/yoast.com\/wordpress\/plugins\/seo\/ -->\n<title>Estudantes do Unasp Ht participam de desfile de 07 de setembro - UNASP Noticias<\/title>\n<meta name=\"robots\" content=\"index, follow, max-snippet:-1, max-image-preview:large, max-video-preview:-1\" \/>\n<link rel=\"canonical\" href=\"https:\/\/unasp.br\/noticias\/estudantes-do-unasp-ht-participam-de-desfile-de-07-de-setembro\/\" \/>\n<meta property=\"og:locale\" content=\"pt_BR\" \/>\n<meta property=\"og:type\" content=\"article\" \/>\n<meta property=\"og:title\" content=\"Estudantes do Unasp Ht participam de desfile de 07 de setembro - UNASP Noticias\" \/>\n<meta property=\"og:description\" content=\"Dia 07 de setembro, comemora-se nacionalmente a Independ\u00eancia do Brasil.\u00a0 E para celebrar esta conquista hist\u00f3rica, a [&hellip;]\" \/>\n<meta property=\"og:url\" content=\"https:\/\/unasp.br\/noticias\/estudantes-do-unasp-ht-participam-de-desfile-de-07-de-setembro\/\" \/>\n<meta property=\"og:site_name\" content=\"UNASP Noticias\" \/>\n<meta property=\"article:published_time\" content=\"2019-09-13T14:55:05+00:00\" \/>\n<meta property=\"og:image\" content=\"https:\/\/cdn.unasp.br\/noticias\/wp-content\/uploads\/2019\/09\/13084813\/48711607312_f629527a9f_o.jpg\" \/>\n\t<meta property=\"og:image:width\" content=\"1000\" \/>\n\t<meta property=\"og:image:height\" content=\"667\" \/>\n\t<meta property=\"og:image:type\" content=\"image\/jpeg\" \/>\n<meta name=\"author\" content=\"Maria da Gl\u00f3ria Marques de Paula Barreto\" \/>\n<meta name=\"twitter:card\" content=\"summary_large_image\" \/>\n<meta name=\"twitter:label1\" content=\"Escrito por\" \/>\n\t<meta name=\"twitter:data1\" content=\"Maria da Gl\u00f3ria Marques de Paula Barreto\" \/>\n\t<meta name=\"twitter:label2\" content=\"Est. tempo de leitura\" \/>\n\t<meta name=\"twitter:data2\" content=\"2 minutos\" \/>\n<script type=\"application\/ld+json\" class=\"yoast-schema-graph\">{\"@context\":\"https:\/\/schema.org\",\"@graph\":[{\"@type\":\"Article\",\"@id\":\"https:\/\/unasp.br\/noticias\/estudantes-do-unasp-ht-participam-de-desfile-de-07-de-setembro\/#article\",\"isPartOf\":{\"@id\":\"https:\/\/unasp.br\/noticias\/estudantes-do-unasp-ht-participam-de-desfile-de-07-de-setembro\/\"},\"author\":{\"name\":\"Maria da Gl\u00f3ria Marques de Paula Barreto\",\"@id\":\"https:\/\/unasp.br\/noticias\/#\/schema\/person\/f3393a032491eabc46fadb3656375334\"},\"headline\":\"Estudantes do Unasp Ht participam de desfile de 07 de setembro\",\"datePublished\":\"2019-09-13T14:55:05+00:00\",\"dateModified\":\"2019-09-13T14:55:05+00:00\",\"mainEntityOfPage\":{\"@id\":\"https:\/\/unasp.br\/noticias\/estudantes-do-unasp-ht-participam-de-desfile-de-07-de-setembro\/\"},\"wordCount\":491,\"commentCount\":0,\"publisher\":{\"@id\":\"https:\/\/unasp.br\/noticias\/#organization\"},\"image\":{\"@id\":\"https:\/\/unasp.br\/noticias\/estudantes-do-unasp-ht-participam-de-desfile-de-07-de-setembro\/#primaryimage\"},\"thumbnailUrl\":\"https:\/\/cdn.unasp.br\/noticias\/wp-content\/uploads\/2019\/09\/13084813\/48711607312_f629527a9f_o.jpg\",\"articleSection\":[\"Impacto Social\"],\"inLanguage\":\"pt-BR\",\"potentialAction\":[{\"@type\":\"CommentAction\",\"name\":\"Comment\",\"target\":[\"https:\/\/unasp.br\/noticias\/estudantes-do-unasp-ht-participam-de-desfile-de-07-de-setembro\/#respond\"]}]},{\"@type\":\"WebPage\",\"@id\":\"https:\/\/unasp.br\/noticias\/estudantes-do-unasp-ht-participam-de-desfile-de-07-de-setembro\/\",\"url\":\"https:\/\/unasp.br\/noticias\/estudantes-do-unasp-ht-participam-de-desfile-de-07-de-setembro\/\",\"name\":\"Estudantes do Unasp Ht participam de desfile de 07 de setembro - UNASP Noticias\",\"isPartOf\":{\"@id\":\"https:\/\/unasp.br\/noticias\/#website\"},\"primaryImageOfPage\":{\"@id\":\"https:\/\/unasp.br\/noticias\/estudantes-do-unasp-ht-participam-de-desfile-de-07-de-setembro\/#primaryimage\"},\"image\":{\"@id\":\"https:\/\/unasp.br\/noticias\/estudantes-do-unasp-ht-participam-de-desfile-de-07-de-setembro\/#primaryimage\"},\"thumbnailUrl\":\"https:\/\/cdn.unasp.br\/noticias\/wp-content\/uploads\/2019\/09\/13084813\/48711607312_f629527a9f_o.jpg\",\"datePublished\":\"2019-09-13T14:55:05+00:00\",\"dateModified\":\"2019-09-13T14:55:05+00:00\",\"breadcrumb\":{\"@id\":\"https:\/\/unasp.br\/noticias\/estudantes-do-unasp-ht-participam-de-desfile-de-07-de-setembro\/#breadcrumb\"},\"inLanguage\":\"pt-BR\",\"potentialAction\":[{\"@type\":\"ReadAction\",\"target\":[\"https:\/\/unasp.br\/noticias\/estudantes-do-unasp-ht-participam-de-desfile-de-07-de-setembro\/\"]}]},{\"@type\":\"ImageObject\",\"inLanguage\":\"pt-BR\",\"@id\":\"https:\/\/unasp.br\/noticias\/estudantes-do-unasp-ht-participam-de-desfile-de-07-de-setembro\/#primaryimage\",\"url\":\"https:\/\/cdn.unasp.br\/noticias\/wp-content\/uploads\/2019\/09\/13084813\/48711607312_f629527a9f_o.jpg\",\"contentUrl\":\"https:\/\/cdn.unasp.br\/noticias\/wp-content\/uploads\/2019\/09\/13084813\/48711607312_f629527a9f_o.jpg\",\"width\":1000,\"height\":667},{\"@type\":\"BreadcrumbList\",\"@id\":\"https:\/\/unasp.br\/noticias\/estudantes-do-unasp-ht-participam-de-desfile-de-07-de-setembro\/#breadcrumb\",\"itemListElement\":[{\"@type\":\"ListItem\",\"position\":1,\"name\":\"In\u00edcio\",\"item\":\"https:\/\/unasp.br\/noticias\/\"},{\"@type\":\"ListItem\",\"position\":2,\"name\":\"Estudantes do Unasp Ht participam de desfile de 07 de setembro\"}]},{\"@type\":\"WebSite\",\"@id\":\"https:\/\/unasp.br\/noticias\/#website\",\"url\":\"https:\/\/unasp.br\/noticias\/\",\"name\":\"UNASP Noticias\",\"description\":\"Centro Universit\u00e1rio Adventista de S\u00e3o Paulo\",\"publisher\":{\"@id\":\"https:\/\/unasp.br\/noticias\/#organization\"},\"potentialAction\":[{\"@type\":\"SearchAction\",\"target\":{\"@type\":\"EntryPoint\",\"urlTemplate\":\"https:\/\/unasp.br\/noticias\/?s={search_term_string}\"},\"query-input\":{\"@type\":\"PropertyValueSpecification\",\"valueRequired\":true,\"valueName\":\"search_term_string\"}}],\"inLanguage\":\"pt-BR\"},{\"@type\":\"Organization\",\"@id\":\"https:\/\/unasp.br\/noticias\/#organization\",\"name\":\"UNASP Noticias\",\"url\":\"https:\/\/unasp.br\/noticias\/\",\"logo\":{\"@type\":\"ImageObject\",\"inLanguage\":\"pt-BR\",\"@id\":\"https:\/\/unasp.br\/noticias\/#\/schema\/logo\/image\/\",\"url\":\"https:\/\/cdn.unasp.br\/noticias\/wp-content\/uploads\/2021\/09\/09152724\/logo-unasp-news.png\",\"contentUrl\":\"https:\/\/cdn.unasp.br\/noticias\/wp-content\/uploads\/2021\/09\/09152724\/logo-unasp-news.png\",\"width\":240,\"height\":41,\"caption\":\"UNASP Noticias\"},\"image\":{\"@id\":\"https:\/\/unasp.br\/noticias\/#\/schema\/logo\/image\/\"}},{\"@type\":\"Person\",\"@id\":\"https:\/\/unasp.br\/noticias\/#\/schema\/person\/f3393a032491eabc46fadb3656375334\",\"name\":\"Maria da Gl\u00f3ria Marques de Paula Barreto\",\"image\":{\"@type\":\"ImageObject\",\"inLanguage\":\"pt-BR\",\"@id\":\"https:\/\/unasp.br\/noticias\/#\/schema\/person\/image\/\",\"url\":\"https:\/\/secure.gravatar.com\/avatar\/3c23babfa2a847f4ce1e1403fe341fa3?s=96&d=mm&r=g\",\"contentUrl\":\"https:\/\/secure.gravatar.com\/avatar\/3c23babfa2a847f4ce1e1403fe341fa3?s=96&d=mm&r=g\",\"caption\":\"Maria da Gl\u00f3ria Marques de Paula Barreto\"},\"url\":\"https:\/\/unasp.br\/noticias\/author\/gloria-barretoadventistas-org\/\"}]}<\/script>\n<!-- \/ Yoast SEO plugin. -->","yoast_head_json":{"title":"Estudantes do Unasp Ht participam de desfile de 07 de setembro - UNASP Noticias","robots":{"index":"index","follow":"follow","max-snippet":"max-snippet:-1","max-image-preview":"max-image-preview:large","max-video-preview":"max-video-preview:-1"},"canonical":"https:\/\/unasp.br\/noticias\/estudantes-do-unasp-ht-participam-de-desfile-de-07-de-setembro\/","og_locale":"pt_BR","og_type":"article","og_title":"Estudantes do Unasp Ht participam de desfile de 07 de setembro - UNASP Noticias","og_description":"Dia 07 de setembro, comemora-se nacionalmente a Independ\u00eancia do Brasil.\u00a0 E para celebrar esta conquista hist\u00f3rica, a [&hellip;]","og_url":"https:\/\/unasp.br\/noticias\/estudantes-do-unasp-ht-participam-de-desfile-de-07-de-setembro\/","og_site_name":"UNASP Noticias","article_published_time":"2019-09-13T14:55:05+00:00","og_image":[{"width":1000,"height":667,"url":"https:\/\/cdn.unasp.br\/noticias\/wp-content\/uploads\/2019\/09\/13084813\/48711607312_f629527a9f_o.jpg","type":"image\/jpeg"}],"author":"Maria da Gl\u00f3ria Marques de Paula Barreto","twitter_card":"summary_large_image","twitter_misc":{"Escrito por":"Maria da Gl\u00f3ria Marques de Paula Barreto","Est. tempo de leitura":"2 minutos"},"schema":{"@context":"https:\/\/schema.org","@graph":[{"@type":"Article","@id":"https:\/\/unasp.br\/noticias\/estudantes-do-unasp-ht-participam-de-desfile-de-07-de-setembro\/#article","isPartOf":{"@id":"https:\/\/unasp.br\/noticias\/estudantes-do-unasp-ht-participam-de-desfile-de-07-de-setembro\/"},"author":{"name":"Maria da Gl\u00f3ria Marques de Paula Barreto","@id":"https:\/\/unasp.br\/noticias\/#\/schema\/person\/f3393a032491eabc46fadb3656375334"},"headline":"Estudantes do Unasp Ht participam de desfile de 07 de setembro","datePublished":"2019-09-13T14:55:05+00:00","dateModified":"2019-09-13T14:55:05+00:00","mainEntityOfPage":{"@id":"https:\/\/unasp.br\/noticias\/estudantes-do-unasp-ht-participam-de-desfile-de-07-de-setembro\/"},"wordCount":491,"commentCount":0,"publisher":{"@id":"https:\/\/unasp.br\/noticias\/#organization"},"image":{"@id":"https:\/\/unasp.br\/noticias\/estudantes-do-unasp-ht-participam-de-desfile-de-07-de-setembro\/#primaryimage"},"thumbnailUrl":"https:\/\/cdn.unasp.br\/noticias\/wp-content\/uploads\/2019\/09\/13084813\/48711607312_f629527a9f_o.jpg","articleSection":["Impacto Social"],"inLanguage":"pt-BR","potentialAction":[{"@type":"CommentAction","name":"Comment","target":["https:\/\/unasp.br\/noticias\/estudantes-do-unasp-ht-participam-de-desfile-de-07-de-setembro\/#respond"]}]},{"@type":"WebPage","@id":"https:\/\/unasp.br\/noticias\/estudantes-do-unasp-ht-participam-de-desfile-de-07-de-setembro\/","url":"https:\/\/unasp.br\/noticias\/estudantes-do-unasp-ht-participam-de-desfile-de-07-de-setembro\/","name":"Estudantes do Unasp Ht participam de desfile de 07 de setembro - UNASP Noticias","isPartOf":{"@id":"https:\/\/unasp.br\/noticias\/#website"},"primaryImageOfPage":{"@id":"https:\/\/unasp.br\/noticias\/estudantes-do-unasp-ht-participam-de-desfile-de-07-de-setembro\/#primaryimage"},"image":{"@id":"https:\/\/unasp.br\/noticias\/estudantes-do-unasp-ht-participam-de-desfile-de-07-de-setembro\/#primaryimage"},"thumbnailUrl":"https:\/\/cdn.unasp.br\/noticias\/wp-content\/uploads\/2019\/09\/13084813\/48711607312_f629527a9f_o.jpg","datePublished":"2019-09-13T14:55:05+00:00","dateModified":"2019-09-13T14:55:05+00:00","breadcrumb":{"@id":"https:\/\/unasp.br\/noticias\/estudantes-do-unasp-ht-participam-de-desfile-de-07-de-setembro\/#breadcrumb"},"inLanguage":"pt-BR","potentialAction":[{"@type":"ReadAction","target":["https:\/\/unasp.br\/noticias\/estudantes-do-unasp-ht-participam-de-desfile-de-07-de-setembro\/"]}]},{"@type":"ImageObject","inLanguage":"pt-BR","@id":"https:\/\/unasp.br\/noticias\/estudantes-do-unasp-ht-participam-de-desfile-de-07-de-setembro\/#primaryimage","url":"https:\/\/cdn.unasp.br\/noticias\/wp-content\/uploads\/2019\/09\/13084813\/48711607312_f629527a9f_o.jpg","contentUrl":"https:\/\/cdn.unasp.br\/noticias\/wp-content\/uploads\/2019\/09\/13084813\/48711607312_f629527a9f_o.jpg","width":1000,"height":667},{"@type":"BreadcrumbList","@id":"https:\/\/unasp.br\/noticias\/estudantes-do-unasp-ht-participam-de-desfile-de-07-de-setembro\/#breadcrumb","itemListElement":[{"@type":"ListItem","position":1,"name":"In\u00edcio","item":"https:\/\/unasp.br\/noticias\/"},{"@type":"ListItem","position":2,"name":"Estudantes do Unasp Ht participam de desfile de 07 de setembro"}]},{"@type":"WebSite","@id":"https:\/\/unasp.br\/noticias\/#website","url":"https:\/\/unasp.br\/noticias\/","name":"UNASP Noticias","description":"Centro Universit\u00e1rio Adventista de S\u00e3o Paulo","publisher":{"@id":"https:\/\/unasp.br\/noticias\/#organization"},"potentialAction":[{"@type":"SearchAction","target":{"@type":"EntryPoint","urlTemplate":"https:\/\/unasp.br\/noticias\/?s={search_term_string}"},"query-input":{"@type":"PropertyValueSpecification","valueRequired":true,"valueName":"search_term_string"}}],"inLanguage":"pt-BR"},{"@type":"Organization","@id":"https:\/\/unasp.br\/noticias\/#organization","name":"UNASP Noticias","url":"https:\/\/unasp.br\/noticias\/","logo":{"@type":"ImageObject","inLanguage":"pt-BR","@id":"https:\/\/unasp.br\/noticias\/#\/schema\/logo\/image\/","url":"https:\/\/cdn.unasp.br\/noticias\/wp-content\/uploads\/2021\/09\/09152724\/logo-unasp-news.png","contentUrl":"https:\/\/cdn.unasp.br\/noticias\/wp-content\/uploads\/2021\/09\/09152724\/logo-unasp-news.png","width":240,"height":41,"caption":"UNASP Noticias"},"image":{"@id":"https:\/\/unasp.br\/noticias\/#\/schema\/logo\/image\/"}},{"@type":"Person","@id":"https:\/\/unasp.br\/noticias\/#\/schema\/person\/f3393a032491eabc46fadb3656375334","name":"Maria da Gl\u00f3ria Marques de Paula Barreto","image":{"@type":"ImageObject","inLanguage":"pt-BR","@id":"https:\/\/unasp.br\/noticias\/#\/schema\/person\/image\/","url":"https:\/\/secure.gravatar.com\/avatar\/3c23babfa2a847f4ce1e1403fe341fa3?s=96&d=mm&r=g","contentUrl":"https:\/\/secure.gravatar.com\/avatar\/3c23babfa2a847f4ce1e1403fe341fa3?s=96&d=mm&r=g","caption":"Maria da Gl\u00f3ria Marques de Paula Barreto"},"url":"https:\/\/unasp.br\/noticias\/author\/gloria-barretoadventistas-org\/"}]}},"_links":{"self":[{"href":"https:\/\/unasp.br\/noticias\/wp-json\/wp\/v2\/posts\/66853"}],"collection":[{"href":"https:\/\/unasp.br\/noticias\/wp-json\/wp\/v2\/posts"}],"about":[{"href":"https:\/\/unasp.br\/noticias\/wp-json\/wp\/v2\/types\/post"}],"author":[{"embeddable":true,"href":"https:\/\/unasp.br\/noticias\/wp-json\/wp\/v2\/users\/73"}],"replies":[{"embeddable":true,"href":"https:\/\/unasp.br\/noticias\/wp-json\/wp\/v2\/comments?post=66853"}],"version-history":[{"count":2,"href":"https:\/\/unasp.br\/noticias\/wp-json\/wp\/v2\/posts\/66853\/revisions"}],"predecessor-version":[{"id":66861,"href":"https:\/\/unasp.br\/noticias\/wp-json\/wp\/v2\/posts\/66853\/revisions\/66861"}],"wp:featuredmedia":[{"embeddable":true,"href":"https:\/\/unasp.br\/noticias\/wp-json\/wp\/v2\/media\/66854"}],"wp:attachment":[{"href":"https:\/\/unasp.br\/noticias\/wp-json\/wp\/v2\/media?parent=66853"}],"wp:term":[{"taxonomy":"category","embeddable":true,"href":"https:\/\/unasp.br\/noticias\/wp-json\/wp\/v2\/categories?post=66853"},{"taxonomy":"post_tag","embeddable":true,"href":"https:\/\/unasp.br\/noticias\/wp-json\/wp\/v2\/tags?post=66853"}],"curies":[{"name":"wp","href":"https:\/\/api.w.org\/{rel}","templated":true}]}}