{"id":67721,"date":"2019-09-26T11:35:01","date_gmt":"2019-09-26T14:35:01","guid":{"rendered":"https:\/\/www.unasp.br\/noticias\/?p=67721"},"modified":"2019-09-26T11:37:21","modified_gmt":"2019-09-26T14:37:21","slug":"estudantes-distribuem-cartas-de-incentivo-em-apoio-ao-setembro-amarelo","status":"publish","type":"post","link":"https:\/\/unasp.br\/noticias\/estudantes-distribuem-cartas-de-incentivo-em-apoio-ao-setembro-amarelo\/","title":{"rendered":"Estudantes distribuem cartas de incentivo em apoio ao Setembro Amarelo"},"content":{"rendered":"<div id=\"attachment_67785\" style=\"width: 572px\" class=\"wp-caption aligncenter\"><img loading=\"lazy\" decoding=\"async\" aria-describedby=\"caption-attachment-67785\" class=\" wp-image-67785\" src=\"https:\/\/www.unasp.br\/noticias\/wp-content\/uploads\/2019\/09\/Setembro-1.jpeg\" alt=\"\" width=\"562\" height=\"422\" srcset=\"https:\/\/cdn.unasp.br\/noticias\/wp-content\/uploads\/2019\/09\/26083137\/Setembro-1.jpeg 1280w, https:\/\/cdn.unasp.br\/noticias\/wp-content\/uploads\/2019\/09\/26083137\/Setembro-1-300x225.jpeg 300w, https:\/\/cdn.unasp.br\/noticias\/wp-content\/uploads\/2019\/09\/26083137\/Setembro-1-768x576.jpeg 768w, https:\/\/cdn.unasp.br\/noticias\/wp-content\/uploads\/2019\/09\/26083137\/Setembro-1-1024x768.jpeg 1024w, https:\/\/cdn.unasp.br\/noticias\/wp-content\/uploads\/2019\/09\/26083137\/Setembro-1-800x600.jpeg 800w, https:\/\/cdn.unasp.br\/noticias\/wp-content\/uploads\/2019\/09\/26083137\/Setembro-1-1067x800.jpeg 1067w, https:\/\/cdn.unasp.br\/noticias\/wp-content\/uploads\/2019\/09\/26083137\/Setembro-1-960x720.jpeg 960w, https:\/\/cdn.unasp.br\/noticias\/wp-content\/uploads\/2019\/09\/26083137\/Setembro-1-667x500.jpeg 667w, https:\/\/cdn.unasp.br\/noticias\/wp-content\/uploads\/2019\/09\/26083137\/Setembro-1-640x480.jpeg 640w, https:\/\/cdn.unasp.br\/noticias\/wp-content\/uploads\/2019\/09\/26083137\/Setembro-1-373x280.jpeg 373w, https:\/\/cdn.unasp.br\/noticias\/wp-content\/uploads\/2019\/09\/26083137\/Setembro-1-500x375.jpeg 500w, https:\/\/cdn.unasp.br\/noticias\/wp-content\/uploads\/2019\/09\/26083137\/Setembro-1-400x300.jpeg 400w, https:\/\/cdn.unasp.br\/noticias\/wp-content\/uploads\/2019\/09\/26083137\/Setembro-1-333x250.jpeg 333w, https:\/\/cdn.unasp.br\/noticias\/wp-content\/uploads\/2019\/09\/26083137\/Setembro-1-267x200.jpeg 267w, https:\/\/cdn.unasp.br\/noticias\/wp-content\/uploads\/2019\/09\/26083137\/Setembro-1-200x150.jpeg 200w, https:\/\/cdn.unasp.br\/noticias\/wp-content\/uploads\/2019\/09\/26083137\/Setembro-1-175x131.jpeg 175w\" sizes=\"(max-width: 562px) 100vw, 562px\" \/><p id=\"caption-attachment-67785\" class=\"wp-caption-text\">Equipe que trabalho na Feira de Sa\u00fade<\/p><\/div>\n<p style=\"text-align: justify;\">Estamos no m\u00eas da campanha do <a href=\"https:\/\/www.setembroamarelo.org.br\/\">Setembro Amarelo<\/a>, que promove no Brasil iniciativas de preven\u00e7\u00e3o ao suic\u00eddio. E\u00a0 o curso de <a href=\"https:\/\/www.unasp.br\/cursos\/ht\/graduacao\/psicologia-ht\/\">psicologia<\/a> do Unasp Hortol\u00e2ndia est\u00e1 realizando diversas a\u00e7\u00f5es para apoiar a campanha, uma delas aconteceu na quinta-feira, dia 19 de setembro, durante a Feira de Sa\u00fade realizada pela Secretaria Municipal de Sa\u00fade de Hortol\u00e2ndia, SP, no bairro Novo \u00c2ngulo. Na ocasi\u00e3o, os estudantes do curso de psicologia distribu\u00edram mais de 200 cartas an\u00f4nimas com palavras de amor, carinho e incentivo.<\/p>\n<p style=\"text-align: justify;\">A coordenadora do curso de psicologia J\u00e9ssica Silva, conta que a ideia das cartas foi uma sugest\u00e3o de um aluno de engenharia da computa\u00e7\u00e3o, Jo\u00e3o Pedro, que procurou o curso de psicologia sobre a iniciativa que gostaria de ter com seus amigos: escrever cartas an\u00f4nimas para pessoas que precisam de palavras de amor e cuidado.<\/p>\n<p style=\"text-align: justify;\">&#8220;Foi muito legal ver o retorno das pessoas que receberam a carta. Algumas pessoas deixaram para ler depois, mas algumas leram na hora.\u00a0 Teve gente que se emocionou, que se sentiu tocado e veio agradecer os alunos, dizendo que a carta tinha sido muito importante. Foi muito bom para os estudantes receber esse feedbaak&#8221;, descreveu a coordenadora. Jessica ainda acrescentou que o ato de escrever as cartas foi uma forma dos alunos desenvolverem empatia por diferentes pessoas em diferentes situa\u00e7\u00f5es.<\/p>\n<p style=\"text-align: justify;\">Desde o in\u00edcio do ano o\u00a0 curso de psicologia tem uma parceria com a secretaria municipal de sa\u00fade de Hortol\u00e2ndia,\u00a0 e juntos tem planejado a\u00e7\u00f5es para favorecer as pessoas do munic\u00edpio de Hortol\u00e2ndia. Apoiar esta feira de sa\u00fade foi um dos frutos desta parceria.<\/p>\n<p>&nbsp;<\/p>\n<p>&nbsp;<\/p>\n<p>&nbsp;<\/p>\n<p style=\"text-align: justify;\">\n","protected":false},"excerpt":{"rendered":"<p>Estamos no m\u00eas da campanha do Setembro Amarelo, que promove no Brasil iniciativas de preven\u00e7\u00e3o ao suic\u00eddio. [&hellip;]<\/p>\n","protected":false},"author":73,"featured_media":67786,"comment_status":"open","ping_status":"open","sticky":false,"template":"","format":"standard","meta":{"footnotes":""},"categories":[10],"tags":[],"yoast_head":"<!-- This site is optimized with the Yoast SEO plugin v23.5 - https:\/\/yoast.com\/wordpress\/plugins\/seo\/ -->\n<title>Estudantes distribuem cartas de incentivo em apoio ao Setembro Amarelo - UNASP Noticias<\/title>\n<meta name=\"robots\" content=\"index, follow, max-snippet:-1, max-image-preview:large, max-video-preview:-1\" \/>\n<link rel=\"canonical\" href=\"https:\/\/unasp.br\/noticias\/estudantes-distribuem-cartas-de-incentivo-em-apoio-ao-setembro-amarelo\/\" \/>\n<meta property=\"og:locale\" content=\"pt_BR\" \/>\n<meta property=\"og:type\" content=\"article\" \/>\n<meta property=\"og:title\" content=\"Estudantes distribuem cartas de incentivo em apoio ao Setembro Amarelo - UNASP Noticias\" \/>\n<meta property=\"og:description\" content=\"Estamos no m\u00eas da campanha do Setembro Amarelo, que promove no Brasil iniciativas de preven\u00e7\u00e3o ao suic\u00eddio. [&hellip;]\" \/>\n<meta property=\"og:url\" content=\"https:\/\/unasp.br\/noticias\/estudantes-distribuem-cartas-de-incentivo-em-apoio-ao-setembro-amarelo\/\" \/>\n<meta property=\"og:site_name\" content=\"UNASP Noticias\" \/>\n<meta property=\"article:published_time\" content=\"2019-09-26T14:35:01+00:00\" \/>\n<meta property=\"article:modified_time\" content=\"2019-09-26T14:37:21+00:00\" \/>\n<meta property=\"og:image\" content=\"https:\/\/cdn.unasp.br\/noticias\/wp-content\/uploads\/2019\/09\/26083317\/Setembro-2.jpeg\" \/>\n\t<meta property=\"og:image:width\" content=\"1280\" \/>\n\t<meta property=\"og:image:height\" content=\"960\" \/>\n\t<meta property=\"og:image:type\" content=\"image\/jpeg\" \/>\n<meta name=\"author\" content=\"Maria da Gl\u00f3ria Marques de Paula Barreto\" \/>\n<meta name=\"twitter:card\" content=\"summary_large_image\" \/>\n<meta name=\"twitter:label1\" content=\"Escrito por\" \/>\n\t<meta name=\"twitter:data1\" content=\"Maria da Gl\u00f3ria Marques de Paula Barreto\" \/>\n\t<meta name=\"twitter:label2\" content=\"Est. tempo de leitura\" \/>\n\t<meta name=\"twitter:data2\" content=\"2 minutos\" \/>\n<script type=\"application\/ld+json\" class=\"yoast-schema-graph\">{\"@context\":\"https:\/\/schema.org\",\"@graph\":[{\"@type\":\"Article\",\"@id\":\"https:\/\/unasp.br\/noticias\/estudantes-distribuem-cartas-de-incentivo-em-apoio-ao-setembro-amarelo\/#article\",\"isPartOf\":{\"@id\":\"https:\/\/unasp.br\/noticias\/estudantes-distribuem-cartas-de-incentivo-em-apoio-ao-setembro-amarelo\/\"},\"author\":{\"name\":\"Maria da Gl\u00f3ria Marques de Paula Barreto\",\"@id\":\"https:\/\/unasp.br\/noticias\/#\/schema\/person\/f3393a032491eabc46fadb3656375334\"},\"headline\":\"Estudantes distribuem cartas de incentivo em apoio ao Setembro Amarelo\",\"datePublished\":\"2019-09-26T14:35:01+00:00\",\"dateModified\":\"2019-09-26T14:37:21+00:00\",\"mainEntityOfPage\":{\"@id\":\"https:\/\/unasp.br\/noticias\/estudantes-distribuem-cartas-de-incentivo-em-apoio-ao-setembro-amarelo\/\"},\"wordCount\":310,\"commentCount\":0,\"publisher\":{\"@id\":\"https:\/\/unasp.br\/noticias\/#organization\"},\"image\":{\"@id\":\"https:\/\/unasp.br\/noticias\/estudantes-distribuem-cartas-de-incentivo-em-apoio-ao-setembro-amarelo\/#primaryimage\"},\"thumbnailUrl\":\"https:\/\/cdn.unasp.br\/noticias\/wp-content\/uploads\/2019\/09\/26083317\/Setembro-2.jpeg\",\"articleSection\":[\"Impacto Social\"],\"inLanguage\":\"pt-BR\",\"potentialAction\":[{\"@type\":\"CommentAction\",\"name\":\"Comment\",\"target\":[\"https:\/\/unasp.br\/noticias\/estudantes-distribuem-cartas-de-incentivo-em-apoio-ao-setembro-amarelo\/#respond\"]}]},{\"@type\":\"WebPage\",\"@id\":\"https:\/\/unasp.br\/noticias\/estudantes-distribuem-cartas-de-incentivo-em-apoio-ao-setembro-amarelo\/\",\"url\":\"https:\/\/unasp.br\/noticias\/estudantes-distribuem-cartas-de-incentivo-em-apoio-ao-setembro-amarelo\/\",\"name\":\"Estudantes distribuem cartas de incentivo em apoio ao Setembro Amarelo - UNASP Noticias\",\"isPartOf\":{\"@id\":\"https:\/\/unasp.br\/noticias\/#website\"},\"primaryImageOfPage\":{\"@id\":\"https:\/\/unasp.br\/noticias\/estudantes-distribuem-cartas-de-incentivo-em-apoio-ao-setembro-amarelo\/#primaryimage\"},\"image\":{\"@id\":\"https:\/\/unasp.br\/noticias\/estudantes-distribuem-cartas-de-incentivo-em-apoio-ao-setembro-amarelo\/#primaryimage\"},\"thumbnailUrl\":\"https:\/\/cdn.unasp.br\/noticias\/wp-content\/uploads\/2019\/09\/26083317\/Setembro-2.jpeg\",\"datePublished\":\"2019-09-26T14:35:01+00:00\",\"dateModified\":\"2019-09-26T14:37:21+00:00\",\"breadcrumb\":{\"@id\":\"https:\/\/unasp.br\/noticias\/estudantes-distribuem-cartas-de-incentivo-em-apoio-ao-setembro-amarelo\/#breadcrumb\"},\"inLanguage\":\"pt-BR\",\"potentialAction\":[{\"@type\":\"ReadAction\",\"target\":[\"https:\/\/unasp.br\/noticias\/estudantes-distribuem-cartas-de-incentivo-em-apoio-ao-setembro-amarelo\/\"]}]},{\"@type\":\"ImageObject\",\"inLanguage\":\"pt-BR\",\"@id\":\"https:\/\/unasp.br\/noticias\/estudantes-distribuem-cartas-de-incentivo-em-apoio-ao-setembro-amarelo\/#primaryimage\",\"url\":\"https:\/\/cdn.unasp.br\/noticias\/wp-content\/uploads\/2019\/09\/26083317\/Setembro-2.jpeg\",\"contentUrl\":\"https:\/\/cdn.unasp.br\/noticias\/wp-content\/uploads\/2019\/09\/26083317\/Setembro-2.jpeg\",\"width\":1280,\"height\":960},{\"@type\":\"BreadcrumbList\",\"@id\":\"https:\/\/unasp.br\/noticias\/estudantes-distribuem-cartas-de-incentivo-em-apoio-ao-setembro-amarelo\/#breadcrumb\",\"itemListElement\":[{\"@type\":\"ListItem\",\"position\":1,\"name\":\"In\u00edcio\",\"item\":\"https:\/\/unasp.br\/noticias\/\"},{\"@type\":\"ListItem\",\"position\":2,\"name\":\"Estudantes distribuem cartas de incentivo em apoio ao Setembro Amarelo\"}]},{\"@type\":\"WebSite\",\"@id\":\"https:\/\/unasp.br\/noticias\/#website\",\"url\":\"https:\/\/unasp.br\/noticias\/\",\"name\":\"UNASP Noticias\",\"description\":\"Centro Universit\u00e1rio Adventista de S\u00e3o Paulo\",\"publisher\":{\"@id\":\"https:\/\/unasp.br\/noticias\/#organization\"},\"potentialAction\":[{\"@type\":\"SearchAction\",\"target\":{\"@type\":\"EntryPoint\",\"urlTemplate\":\"https:\/\/unasp.br\/noticias\/?s={search_term_string}\"},\"query-input\":{\"@type\":\"PropertyValueSpecification\",\"valueRequired\":true,\"valueName\":\"search_term_string\"}}],\"inLanguage\":\"pt-BR\"},{\"@type\":\"Organization\",\"@id\":\"https:\/\/unasp.br\/noticias\/#organization\",\"name\":\"UNASP Noticias\",\"url\":\"https:\/\/unasp.br\/noticias\/\",\"logo\":{\"@type\":\"ImageObject\",\"inLanguage\":\"pt-BR\",\"@id\":\"https:\/\/unasp.br\/noticias\/#\/schema\/logo\/image\/\",\"url\":\"https:\/\/cdn.unasp.br\/noticias\/wp-content\/uploads\/2021\/09\/09152724\/logo-unasp-news.png\",\"contentUrl\":\"https:\/\/cdn.unasp.br\/noticias\/wp-content\/uploads\/2021\/09\/09152724\/logo-unasp-news.png\",\"width\":240,\"height\":41,\"caption\":\"UNASP Noticias\"},\"image\":{\"@id\":\"https:\/\/unasp.br\/noticias\/#\/schema\/logo\/image\/\"}},{\"@type\":\"Person\",\"@id\":\"https:\/\/unasp.br\/noticias\/#\/schema\/person\/f3393a032491eabc46fadb3656375334\",\"name\":\"Maria da Gl\u00f3ria Marques de Paula Barreto\",\"image\":{\"@type\":\"ImageObject\",\"inLanguage\":\"pt-BR\",\"@id\":\"https:\/\/unasp.br\/noticias\/#\/schema\/person\/image\/\",\"url\":\"https:\/\/secure.gravatar.com\/avatar\/3c23babfa2a847f4ce1e1403fe341fa3?s=96&d=mm&r=g\",\"contentUrl\":\"https:\/\/secure.gravatar.com\/avatar\/3c23babfa2a847f4ce1e1403fe341fa3?s=96&d=mm&r=g\",\"caption\":\"Maria da Gl\u00f3ria Marques de Paula Barreto\"},\"url\":\"https:\/\/unasp.br\/noticias\/author\/gloria-barretoadventistas-org\/\"}]}<\/script>\n<!-- \/ Yoast SEO plugin. -->","yoast_head_json":{"title":"Estudantes distribuem cartas de incentivo em apoio ao Setembro Amarelo - UNASP Noticias","robots":{"index":"index","follow":"follow","max-snippet":"max-snippet:-1","max-image-preview":"max-image-preview:large","max-video-preview":"max-video-preview:-1"},"canonical":"https:\/\/unasp.br\/noticias\/estudantes-distribuem-cartas-de-incentivo-em-apoio-ao-setembro-amarelo\/","og_locale":"pt_BR","og_type":"article","og_title":"Estudantes distribuem cartas de incentivo em apoio ao Setembro Amarelo - UNASP Noticias","og_description":"Estamos no m\u00eas da campanha do Setembro Amarelo, que promove no Brasil iniciativas de preven\u00e7\u00e3o ao suic\u00eddio. [&hellip;]","og_url":"https:\/\/unasp.br\/noticias\/estudantes-distribuem-cartas-de-incentivo-em-apoio-ao-setembro-amarelo\/","og_site_name":"UNASP Noticias","article_published_time":"2019-09-26T14:35:01+00:00","article_modified_time":"2019-09-26T14:37:21+00:00","og_image":[{"width":1280,"height":960,"url":"https:\/\/cdn.unasp.br\/noticias\/wp-content\/uploads\/2019\/09\/26083317\/Setembro-2.jpeg","type":"image\/jpeg"}],"author":"Maria da Gl\u00f3ria Marques de Paula Barreto","twitter_card":"summary_large_image","twitter_misc":{"Escrito por":"Maria da Gl\u00f3ria Marques de Paula Barreto","Est. tempo de leitura":"2 minutos"},"schema":{"@context":"https:\/\/schema.org","@graph":[{"@type":"Article","@id":"https:\/\/unasp.br\/noticias\/estudantes-distribuem-cartas-de-incentivo-em-apoio-ao-setembro-amarelo\/#article","isPartOf":{"@id":"https:\/\/unasp.br\/noticias\/estudantes-distribuem-cartas-de-incentivo-em-apoio-ao-setembro-amarelo\/"},"author":{"name":"Maria da Gl\u00f3ria Marques de Paula Barreto","@id":"https:\/\/unasp.br\/noticias\/#\/schema\/person\/f3393a032491eabc46fadb3656375334"},"headline":"Estudantes distribuem cartas de incentivo em apoio ao Setembro Amarelo","datePublished":"2019-09-26T14:35:01+00:00","dateModified":"2019-09-26T14:37:21+00:00","mainEntityOfPage":{"@id":"https:\/\/unasp.br\/noticias\/estudantes-distribuem-cartas-de-incentivo-em-apoio-ao-setembro-amarelo\/"},"wordCount":310,"commentCount":0,"publisher":{"@id":"https:\/\/unasp.br\/noticias\/#organization"},"image":{"@id":"https:\/\/unasp.br\/noticias\/estudantes-distribuem-cartas-de-incentivo-em-apoio-ao-setembro-amarelo\/#primaryimage"},"thumbnailUrl":"https:\/\/cdn.unasp.br\/noticias\/wp-content\/uploads\/2019\/09\/26083317\/Setembro-2.jpeg","articleSection":["Impacto Social"],"inLanguage":"pt-BR","potentialAction":[{"@type":"CommentAction","name":"Comment","target":["https:\/\/unasp.br\/noticias\/estudantes-distribuem-cartas-de-incentivo-em-apoio-ao-setembro-amarelo\/#respond"]}]},{"@type":"WebPage","@id":"https:\/\/unasp.br\/noticias\/estudantes-distribuem-cartas-de-incentivo-em-apoio-ao-setembro-amarelo\/","url":"https:\/\/unasp.br\/noticias\/estudantes-distribuem-cartas-de-incentivo-em-apoio-ao-setembro-amarelo\/","name":"Estudantes distribuem cartas de incentivo em apoio ao Setembro Amarelo - UNASP Noticias","isPartOf":{"@id":"https:\/\/unasp.br\/noticias\/#website"},"primaryImageOfPage":{"@id":"https:\/\/unasp.br\/noticias\/estudantes-distribuem-cartas-de-incentivo-em-apoio-ao-setembro-amarelo\/#primaryimage"},"image":{"@id":"https:\/\/unasp.br\/noticias\/estudantes-distribuem-cartas-de-incentivo-em-apoio-ao-setembro-amarelo\/#primaryimage"},"thumbnailUrl":"https:\/\/cdn.unasp.br\/noticias\/wp-content\/uploads\/2019\/09\/26083317\/Setembro-2.jpeg","datePublished":"2019-09-26T14:35:01+00:00","dateModified":"2019-09-26T14:37:21+00:00","breadcrumb":{"@id":"https:\/\/unasp.br\/noticias\/estudantes-distribuem-cartas-de-incentivo-em-apoio-ao-setembro-amarelo\/#breadcrumb"},"inLanguage":"pt-BR","potentialAction":[{"@type":"ReadAction","target":["https:\/\/unasp.br\/noticias\/estudantes-distribuem-cartas-de-incentivo-em-apoio-ao-setembro-amarelo\/"]}]},{"@type":"ImageObject","inLanguage":"pt-BR","@id":"https:\/\/unasp.br\/noticias\/estudantes-distribuem-cartas-de-incentivo-em-apoio-ao-setembro-amarelo\/#primaryimage","url":"https:\/\/cdn.unasp.br\/noticias\/wp-content\/uploads\/2019\/09\/26083317\/Setembro-2.jpeg","contentUrl":"https:\/\/cdn.unasp.br\/noticias\/wp-content\/uploads\/2019\/09\/26083317\/Setembro-2.jpeg","width":1280,"height":960},{"@type":"BreadcrumbList","@id":"https:\/\/unasp.br\/noticias\/estudantes-distribuem-cartas-de-incentivo-em-apoio-ao-setembro-amarelo\/#breadcrumb","itemListElement":[{"@type":"ListItem","position":1,"name":"In\u00edcio","item":"https:\/\/unasp.br\/noticias\/"},{"@type":"ListItem","position":2,"name":"Estudantes distribuem cartas de incentivo em apoio ao Setembro Amarelo"}]},{"@type":"WebSite","@id":"https:\/\/unasp.br\/noticias\/#website","url":"https:\/\/unasp.br\/noticias\/","name":"UNASP Noticias","description":"Centro Universit\u00e1rio Adventista de S\u00e3o Paulo","publisher":{"@id":"https:\/\/unasp.br\/noticias\/#organization"},"potentialAction":[{"@type":"SearchAction","target":{"@type":"EntryPoint","urlTemplate":"https:\/\/unasp.br\/noticias\/?s={search_term_string}"},"query-input":{"@type":"PropertyValueSpecification","valueRequired":true,"valueName":"search_term_string"}}],"inLanguage":"pt-BR"},{"@type":"Organization","@id":"https:\/\/unasp.br\/noticias\/#organization","name":"UNASP Noticias","url":"https:\/\/unasp.br\/noticias\/","logo":{"@type":"ImageObject","inLanguage":"pt-BR","@id":"https:\/\/unasp.br\/noticias\/#\/schema\/logo\/image\/","url":"https:\/\/cdn.unasp.br\/noticias\/wp-content\/uploads\/2021\/09\/09152724\/logo-unasp-news.png","contentUrl":"https:\/\/cdn.unasp.br\/noticias\/wp-content\/uploads\/2021\/09\/09152724\/logo-unasp-news.png","width":240,"height":41,"caption":"UNASP Noticias"},"image":{"@id":"https:\/\/unasp.br\/noticias\/#\/schema\/logo\/image\/"}},{"@type":"Person","@id":"https:\/\/unasp.br\/noticias\/#\/schema\/person\/f3393a032491eabc46fadb3656375334","name":"Maria da Gl\u00f3ria Marques de Paula Barreto","image":{"@type":"ImageObject","inLanguage":"pt-BR","@id":"https:\/\/unasp.br\/noticias\/#\/schema\/person\/image\/","url":"https:\/\/secure.gravatar.com\/avatar\/3c23babfa2a847f4ce1e1403fe341fa3?s=96&d=mm&r=g","contentUrl":"https:\/\/secure.gravatar.com\/avatar\/3c23babfa2a847f4ce1e1403fe341fa3?s=96&d=mm&r=g","caption":"Maria da Gl\u00f3ria Marques de Paula Barreto"},"url":"https:\/\/unasp.br\/noticias\/author\/gloria-barretoadventistas-org\/"}]}},"_links":{"self":[{"href":"https:\/\/unasp.br\/noticias\/wp-json\/wp\/v2\/posts\/67721"}],"collection":[{"href":"https:\/\/unasp.br\/noticias\/wp-json\/wp\/v2\/posts"}],"about":[{"href":"https:\/\/unasp.br\/noticias\/wp-json\/wp\/v2\/types\/post"}],"author":[{"embeddable":true,"href":"https:\/\/unasp.br\/noticias\/wp-json\/wp\/v2\/users\/73"}],"replies":[{"embeddable":true,"href":"https:\/\/unasp.br\/noticias\/wp-json\/wp\/v2\/comments?post=67721"}],"version-history":[{"count":6,"href":"https:\/\/unasp.br\/noticias\/wp-json\/wp\/v2\/posts\/67721\/revisions"}],"predecessor-version":[{"id":67791,"href":"https:\/\/unasp.br\/noticias\/wp-json\/wp\/v2\/posts\/67721\/revisions\/67791"}],"wp:featuredmedia":[{"embeddable":true,"href":"https:\/\/unasp.br\/noticias\/wp-json\/wp\/v2\/media\/67786"}],"wp:attachment":[{"href":"https:\/\/unasp.br\/noticias\/wp-json\/wp\/v2\/media?parent=67721"}],"wp:term":[{"taxonomy":"category","embeddable":true,"href":"https:\/\/unasp.br\/noticias\/wp-json\/wp\/v2\/categories?post=67721"},{"taxonomy":"post_tag","embeddable":true,"href":"https:\/\/unasp.br\/noticias\/wp-json\/wp\/v2\/tags?post=67721"}],"curies":[{"name":"wp","href":"https:\/\/api.w.org\/{rel}","templated":true}]}}