{"id":69022,"date":"2019-10-14T11:45:51","date_gmt":"2019-10-14T14:45:51","guid":{"rendered":"https:\/\/www.unasp.br\/noticias\/?p=69022"},"modified":"2019-10-15T08:09:49","modified_gmt":"2019-10-15T11:09:49","slug":"escolas-engenheiro-coelho-unasp","status":"publish","type":"post","link":"https:\/\/unasp.br\/noticias\/escolas-engenheiro-coelho-unasp\/","title":{"rendered":"Escolas de Engenheiro Coelho recebem projeto pedag\u00f3gico do Unasp"},"content":{"rendered":"<p><img loading=\"lazy\" decoding=\"async\" class=\"aligncenter wp-image-69023\" src=\"https:\/\/www.unasp.br\/noticias\/wp-content\/uploads\/2019\/10\/hora-do-conto-300x225.jpeg\" alt=\"\" width=\"600\" height=\"450\" srcset=\"https:\/\/cdn.unasp.br\/noticias\/wp-content\/uploads\/2019\/10\/14083744\/hora-do-conto-300x225.jpeg 300w, https:\/\/cdn.unasp.br\/noticias\/wp-content\/uploads\/2019\/10\/14083744\/hora-do-conto-768x576.jpeg 768w, https:\/\/cdn.unasp.br\/noticias\/wp-content\/uploads\/2019\/10\/14083744\/hora-do-conto-1024x768.jpeg 1024w, https:\/\/cdn.unasp.br\/noticias\/wp-content\/uploads\/2019\/10\/14083744\/hora-do-conto-800x600.jpeg 800w, https:\/\/cdn.unasp.br\/noticias\/wp-content\/uploads\/2019\/10\/14083744\/hora-do-conto-1067x800.jpeg 1067w, https:\/\/cdn.unasp.br\/noticias\/wp-content\/uploads\/2019\/10\/14083744\/hora-do-conto-960x720.jpeg 960w, https:\/\/cdn.unasp.br\/noticias\/wp-content\/uploads\/2019\/10\/14083744\/hora-do-conto-667x500.jpeg 667w, https:\/\/cdn.unasp.br\/noticias\/wp-content\/uploads\/2019\/10\/14083744\/hora-do-conto-640x480.jpeg 640w, https:\/\/cdn.unasp.br\/noticias\/wp-content\/uploads\/2019\/10\/14083744\/hora-do-conto-373x280.jpeg 373w, https:\/\/cdn.unasp.br\/noticias\/wp-content\/uploads\/2019\/10\/14083744\/hora-do-conto-500x375.jpeg 500w, https:\/\/cdn.unasp.br\/noticias\/wp-content\/uploads\/2019\/10\/14083744\/hora-do-conto-400x300.jpeg 400w, https:\/\/cdn.unasp.br\/noticias\/wp-content\/uploads\/2019\/10\/14083744\/hora-do-conto-333x250.jpeg 333w, https:\/\/cdn.unasp.br\/noticias\/wp-content\/uploads\/2019\/10\/14083744\/hora-do-conto-267x200.jpeg 267w, https:\/\/cdn.unasp.br\/noticias\/wp-content\/uploads\/2019\/10\/14083744\/hora-do-conto-200x150.jpeg 200w, https:\/\/cdn.unasp.br\/noticias\/wp-content\/uploads\/2019\/10\/14083744\/hora-do-conto-175x131.jpeg 175w, https:\/\/cdn.unasp.br\/noticias\/wp-content\/uploads\/2019\/10\/14083744\/hora-do-conto.jpeg 1280w\" sizes=\"(max-width: 600px) 100vw, 600px\" \/><\/p>\n<p style=\"text-align: center;\"><em>O projeto de incentivo \u00e0 leitura, criado por alunos de pedagogia do Unasp, atendeu 2.569 crian\u00e7as do munic\u00edpio<\/em><\/p>\n<p style=\"text-align: justify;\">Em comemora\u00e7\u00e3o ao m\u00eas das crian\u00e7as, escolas p\u00fablicas e privadas do munic\u00edpio de Engenheiro Coelho (SP) receberam o projeto de incentivo \u00e0 leitura \u201cHora do Conto\u201d, organizado por alunos do 6\u00ba semestre da faculdade de Pedagogia do Centro Universit\u00e1rio Adventista de S\u00e3o Paulo (Unasp).<\/p>\n<p style=\"text-align: justify;\">O programa foi desenvolvido para atender escolas da Educa\u00e7\u00e3o Infantil e Ensino Fundamental I, com objetivo de despertar nas crian\u00e7as o interesse pela leitura. Por meio de pe\u00e7as teatrais, m\u00fasicas e brincadeiras os alunos s\u00e3o levados a uma experi\u00eancia imersiva no mundo da literatura.<\/p>\n<p style=\"text-align: justify;\"><strong>Hora do Conto<\/strong><\/p>\n<p style=\"text-align: justify;\">A ideia da \u201cHora do Conto\u201d surgiu como proposta de integrar o est\u00e1gio supervisionado com as atividades comemorativas na semana da crian\u00e7a. O projeto foi realizado em todas as escolas municipais de Engenheiro Coelho, incluindo creches, EMEI, EMEFs e o Col\u00e9gio Unasp.<\/p>\n<p style=\"text-align: justify;\">O conto escolhido para ser trabalhado durante essa edi\u00e7\u00e3o do projeto foi a obra liter\u00e1ria infantil \u201cUrsinho Marrom\u201d. Segundo a coordenadora da iniciativa, Denise Oliveira, a hist\u00f3ria atrav\u00e9s da encena\u00e7\u00e3o promove uma reflex\u00e3o sobre a fun\u00e7\u00e3o da leitura no cotidiano como evento de comunica\u00e7\u00e3o, intera\u00e7\u00e3o e informa\u00e7\u00e3o. Al\u00e9m disso, envolve as crian\u00e7as com atividades l\u00fadicas, poesia e m\u00fasicas fazendo da programa\u00e7\u00e3o um momento atrativo e divertido.<\/p>\n<p style=\"text-align: justify;\">Esta edi\u00e7\u00e3o envolveu 37 alunos do curso de Pedagogia que participaram de 26 apresenta\u00e7\u00f5es para 2.569 crian\u00e7as da cidade.\u00a0 \u201cTamb\u00e9m contamos com a parceria da prefeitura do munic\u00edpio na pessoa do supervisor de ensino R\u00e9gis Forner.\u00a0 O projeto foi um sucesso e j\u00e1 alinhamos planos para o pr\u00f3ximo ano\u201d, destaca a coordenadora.<\/p>\n<p style=\"text-align: justify;\"><strong>Atividades pedag\u00f3gicas<\/strong><\/p>\n<p style=\"text-align: justify;\">Os alunos do curso de Pedagogia do campus Engenheiro Coelho j\u00e1 participam de outros exerc\u00edcios de incentivo \u00e0 leitura, entre eles, o Projeto Livr\u00e3o. Trata-se de uma proposta interdisciplinar com a literatura infantil. \u201cO \u2018livr\u00e3o\u2019 \u00e9 a amplia\u00e7\u00e3o de um livro de literatura infantil para melhor acessibilidade da leitura e atividades envolvendo a explora\u00e7\u00e3o do livro. Diferente da conta\u00e7\u00e3o de hist\u00f3rias, nessa atividade o livro \u00e9 lido para as crian\u00e7as\u201d, explica Denise.<\/p>\n<p style=\"text-align: justify;\">No curso de pedagogia os alunos ainda t\u00eam a oportunidade de participar de outros programas como o Programa Institucionaal de Bolsas de Inicia\u00e7\u00e3o \u00e0 Doc\u00eancia (PIBID) e o Resid\u00eancia Pedag\u00f3gica, ambos financiados pela Coordena\u00e7\u00e3o de Aperfei\u00e7oamento de Pessoal de N\u00edvel Superior (CAPES).<\/p>\n\n\t\t<style type=\"text\/css\">\n\t\t\t#gallery-1 {\n\t\t\t\tmargin: auto;\n\t\t\t}\n\t\t\t#gallery-1 .gallery-item {\n\t\t\t\tfloat: left;\n\t\t\t\tmargin-top: 10px;\n\t\t\t\ttext-align: center;\n\t\t\t\twidth: 33%;\n\t\t\t}\n\t\t\t#gallery-1 img {\n\t\t\t\tborder: 2px solid #cfcfcf;\n\t\t\t}\n\t\t\t#gallery-1 .gallery-caption {\n\t\t\t\tmargin-left: 0;\n\t\t\t}\n\t\t\t\/* see gallery_shortcode() in wp-includes\/media.php *\/\n\t\t<\/style>\n\t\t<div id='gallery-1' class='gallery galleryid-69022 gallery-columns-3 gallery-size-thumbnail'><dl class='gallery-item'>\n\t\t\t<dt class='gallery-icon landscape'>\n\t\t\t\t<a href='https:\/\/unasp.br\/noticias\/escolas-engenheiro-coelho-unasp\/hora-do-conto-ec\/'><img loading=\"lazy\" decoding=\"async\" width=\"150\" height=\"150\" src=\"https:\/\/cdn.unasp.br\/noticias\/wp-content\/uploads\/2019\/10\/14083913\/hora-do-conto-ec-150x150.jpeg\" class=\"attachment-thumbnail size-thumbnail\" alt=\"\" \/><\/a>\n\t\t\t<\/dt><\/dl><dl class='gallery-item'>\n\t\t\t<dt class='gallery-icon landscape'>\n\t\t\t\t<a href='https:\/\/unasp.br\/noticias\/escolas-engenheiro-coelho-unasp\/pedagogia-hora-do-conto\/'><img loading=\"lazy\" decoding=\"async\" width=\"150\" height=\"150\" src=\"https:\/\/cdn.unasp.br\/noticias\/wp-content\/uploads\/2019\/10\/14084010\/pedagogia-hora-do-conto-150x150.jpeg\" class=\"attachment-thumbnail size-thumbnail\" alt=\"\" \/><\/a>\n\t\t\t<\/dt><\/dl><dl class='gallery-item'>\n\t\t\t<dt class='gallery-icon landscape'>\n\t\t\t\t<a href='https:\/\/unasp.br\/noticias\/escolas-engenheiro-coelho-unasp\/hora-do-conto-q\/'><img loading=\"lazy\" decoding=\"async\" width=\"150\" height=\"150\" src=\"https:\/\/cdn.unasp.br\/noticias\/wp-content\/uploads\/2019\/10\/14084102\/hora-do-conto-q-150x150.jpeg\" class=\"attachment-thumbnail size-thumbnail\" alt=\"\" \/><\/a>\n\t\t\t<\/dt><\/dl><br style=\"clear: both\" \/><dl class='gallery-item'>\n\t\t\t<dt class='gallery-icon portrait'>\n\t\t\t\t<a href='https:\/\/unasp.br\/noticias\/escolas-engenheiro-coelho-unasp\/hora-do-conto-2\/'><img loading=\"lazy\" decoding=\"async\" width=\"150\" height=\"150\" src=\"https:\/\/cdn.unasp.br\/noticias\/wp-content\/uploads\/2019\/10\/14084123\/hora-do-conto-2-150x150.jpeg\" class=\"attachment-thumbnail size-thumbnail\" alt=\"\" \/><\/a>\n\t\t\t<\/dt><\/dl><dl class='gallery-item'>\n\t\t\t<dt class='gallery-icon portrait'>\n\t\t\t\t<a href='https:\/\/unasp.br\/noticias\/escolas-engenheiro-coelho-unasp\/hora-do-conto-3\/'><img loading=\"lazy\" decoding=\"async\" width=\"150\" height=\"150\" src=\"https:\/\/cdn.unasp.br\/noticias\/wp-content\/uploads\/2019\/10\/14084147\/hora-do-conto-3-150x150.jpeg\" class=\"attachment-thumbnail size-thumbnail\" alt=\"\" \/><\/a>\n\t\t\t<\/dt><\/dl><dl class='gallery-item'>\n\t\t\t<dt class='gallery-icon landscape'>\n\t\t\t\t<a href='https:\/\/unasp.br\/noticias\/escolas-engenheiro-coelho-unasp\/hora-do-conto4\/'><img loading=\"lazy\" decoding=\"async\" width=\"150\" height=\"150\" src=\"https:\/\/cdn.unasp.br\/noticias\/wp-content\/uploads\/2019\/10\/14084216\/hora-do-conto4-150x150.jpeg\" class=\"attachment-thumbnail size-thumbnail\" alt=\"\" \/><\/a>\n\t\t\t<\/dt><\/dl><br style=\"clear: both\" \/><dl class='gallery-item'>\n\t\t\t<dt class='gallery-icon landscape'>\n\t\t\t\t<a href='https:\/\/unasp.br\/noticias\/escolas-engenheiro-coelho-unasp\/hora-do-conto\/'><img loading=\"lazy\" decoding=\"async\" width=\"150\" height=\"150\" src=\"https:\/\/cdn.unasp.br\/noticias\/wp-content\/uploads\/2019\/10\/14083744\/hora-do-conto-150x150.jpeg\" class=\"attachment-thumbnail size-thumbnail\" alt=\"\" \/><\/a>\n\t\t\t<\/dt><\/dl>\n\t\t\t<br style='clear: both' \/>\n\t\t<\/div>\n\n","protected":false},"excerpt":{"rendered":"<p>O projeto de incentivo \u00e0 leitura, criado por alunos de pedagogia do Unasp, atendeu 2.569 crian\u00e7as do [&hellip;]<\/p>\n","protected":false},"author":80,"featured_media":69025,"comment_status":"open","ping_status":"open","sticky":false,"template":"","format":"standard","meta":{"footnotes":""},"categories":[10],"tags":[],"yoast_head":"<!-- This site is optimized with the Yoast SEO plugin v23.5 - https:\/\/yoast.com\/wordpress\/plugins\/seo\/ -->\n<title>Escolas de Engenheiro Coelho recebem projeto pedag\u00f3gico do Unasp<\/title>\n<meta name=\"description\" content=\"No m\u00eas das crian\u00e7as, escolas de Engenheiro Coelho (SP) receberam projeto de incentivo \u00e0 leitura \u201cHora do Conto\u201d, organizado por alunos do Unasp.\" \/>\n<meta name=\"robots\" content=\"index, follow, max-snippet:-1, max-image-preview:large, max-video-preview:-1\" \/>\n<link rel=\"canonical\" href=\"https:\/\/unasp.br\/noticias\/escolas-engenheiro-coelho-unasp\/\" \/>\n<meta property=\"og:locale\" content=\"pt_BR\" \/>\n<meta property=\"og:type\" content=\"article\" \/>\n<meta property=\"og:title\" content=\"Escolas de Engenheiro Coelho recebem projeto pedag\u00f3gico do Unasp\" \/>\n<meta property=\"og:description\" content=\"No m\u00eas das crian\u00e7as, escolas de Engenheiro Coelho (SP) receberam projeto de incentivo \u00e0 leitura \u201cHora do Conto\u201d, organizado por alunos do Unasp.\" \/>\n<meta property=\"og:url\" content=\"https:\/\/unasp.br\/noticias\/escolas-engenheiro-coelho-unasp\/\" \/>\n<meta property=\"og:site_name\" content=\"UNASP Noticias\" \/>\n<meta property=\"article:published_time\" content=\"2019-10-14T14:45:51+00:00\" \/>\n<meta property=\"article:modified_time\" content=\"2019-10-15T11:09:49+00:00\" \/>\n<meta property=\"og:image\" content=\"https:\/\/cdn.unasp.br\/noticias\/wp-content\/uploads\/2019\/10\/14084010\/pedagogia-hora-do-conto.jpeg\" \/>\n\t<meta property=\"og:image:width\" content=\"1280\" \/>\n\t<meta property=\"og:image:height\" content=\"960\" \/>\n\t<meta property=\"og:image:type\" content=\"image\/jpeg\" \/>\n<meta name=\"author\" content=\"UNASP - TI-DESENVOLVIMENTO\" \/>\n<meta name=\"twitter:card\" content=\"summary_large_image\" \/>\n<meta name=\"twitter:label1\" content=\"Escrito por\" \/>\n\t<meta name=\"twitter:data1\" content=\"UNASP - TI-DESENVOLVIMENTO\" \/>\n\t<meta name=\"twitter:label2\" content=\"Est. tempo de leitura\" \/>\n\t<meta name=\"twitter:data2\" content=\"2 minutos\" \/>\n<script type=\"application\/ld+json\" class=\"yoast-schema-graph\">{\"@context\":\"https:\/\/schema.org\",\"@graph\":[{\"@type\":\"Article\",\"@id\":\"https:\/\/unasp.br\/noticias\/escolas-engenheiro-coelho-unasp\/#article\",\"isPartOf\":{\"@id\":\"https:\/\/unasp.br\/noticias\/escolas-engenheiro-coelho-unasp\/\"},\"author\":{\"name\":\"UNASP - TI-DESENVOLVIMENTO\",\"@id\":\"https:\/\/unasp.br\/noticias\/#\/schema\/person\/e3b8f8e8b1d3759eda9f61d2bb12b6d7\"},\"headline\":\"Escolas de Engenheiro Coelho recebem projeto pedag\u00f3gico do Unasp\",\"datePublished\":\"2019-10-14T14:45:51+00:00\",\"dateModified\":\"2019-10-15T11:09:49+00:00\",\"mainEntityOfPage\":{\"@id\":\"https:\/\/unasp.br\/noticias\/escolas-engenheiro-coelho-unasp\/\"},\"wordCount\":446,\"commentCount\":0,\"publisher\":{\"@id\":\"https:\/\/unasp.br\/noticias\/#organization\"},\"image\":{\"@id\":\"https:\/\/unasp.br\/noticias\/escolas-engenheiro-coelho-unasp\/#primaryimage\"},\"thumbnailUrl\":\"https:\/\/cdn.unasp.br\/noticias\/wp-content\/uploads\/2019\/10\/14084010\/pedagogia-hora-do-conto.jpeg\",\"articleSection\":[\"Impacto Social\"],\"inLanguage\":\"pt-BR\",\"potentialAction\":[{\"@type\":\"CommentAction\",\"name\":\"Comment\",\"target\":[\"https:\/\/unasp.br\/noticias\/escolas-engenheiro-coelho-unasp\/#respond\"]}]},{\"@type\":\"WebPage\",\"@id\":\"https:\/\/unasp.br\/noticias\/escolas-engenheiro-coelho-unasp\/\",\"url\":\"https:\/\/unasp.br\/noticias\/escolas-engenheiro-coelho-unasp\/\",\"name\":\"Escolas de Engenheiro Coelho recebem projeto pedag\u00f3gico do Unasp\",\"isPartOf\":{\"@id\":\"https:\/\/unasp.br\/noticias\/#website\"},\"primaryImageOfPage\":{\"@id\":\"https:\/\/unasp.br\/noticias\/escolas-engenheiro-coelho-unasp\/#primaryimage\"},\"image\":{\"@id\":\"https:\/\/unasp.br\/noticias\/escolas-engenheiro-coelho-unasp\/#primaryimage\"},\"thumbnailUrl\":\"https:\/\/cdn.unasp.br\/noticias\/wp-content\/uploads\/2019\/10\/14084010\/pedagogia-hora-do-conto.jpeg\",\"datePublished\":\"2019-10-14T14:45:51+00:00\",\"dateModified\":\"2019-10-15T11:09:49+00:00\",\"description\":\"No m\u00eas das crian\u00e7as, escolas de Engenheiro Coelho (SP) receberam projeto de incentivo \u00e0 leitura \u201cHora do Conto\u201d, organizado por alunos do Unasp.\",\"breadcrumb\":{\"@id\":\"https:\/\/unasp.br\/noticias\/escolas-engenheiro-coelho-unasp\/#breadcrumb\"},\"inLanguage\":\"pt-BR\",\"potentialAction\":[{\"@type\":\"ReadAction\",\"target\":[\"https:\/\/unasp.br\/noticias\/escolas-engenheiro-coelho-unasp\/\"]}]},{\"@type\":\"ImageObject\",\"inLanguage\":\"pt-BR\",\"@id\":\"https:\/\/unasp.br\/noticias\/escolas-engenheiro-coelho-unasp\/#primaryimage\",\"url\":\"https:\/\/cdn.unasp.br\/noticias\/wp-content\/uploads\/2019\/10\/14084010\/pedagogia-hora-do-conto.jpeg\",\"contentUrl\":\"https:\/\/cdn.unasp.br\/noticias\/wp-content\/uploads\/2019\/10\/14084010\/pedagogia-hora-do-conto.jpeg\",\"width\":1280,\"height\":960},{\"@type\":\"BreadcrumbList\",\"@id\":\"https:\/\/unasp.br\/noticias\/escolas-engenheiro-coelho-unasp\/#breadcrumb\",\"itemListElement\":[{\"@type\":\"ListItem\",\"position\":1,\"name\":\"In\u00edcio\",\"item\":\"https:\/\/unasp.br\/noticias\/\"},{\"@type\":\"ListItem\",\"position\":2,\"name\":\"Escolas de Engenheiro Coelho recebem projeto pedag\u00f3gico do Unasp\"}]},{\"@type\":\"WebSite\",\"@id\":\"https:\/\/unasp.br\/noticias\/#website\",\"url\":\"https:\/\/unasp.br\/noticias\/\",\"name\":\"UNASP Noticias\",\"description\":\"Centro Universit\u00e1rio Adventista de S\u00e3o Paulo\",\"publisher\":{\"@id\":\"https:\/\/unasp.br\/noticias\/#organization\"},\"potentialAction\":[{\"@type\":\"SearchAction\",\"target\":{\"@type\":\"EntryPoint\",\"urlTemplate\":\"https:\/\/unasp.br\/noticias\/?s={search_term_string}\"},\"query-input\":{\"@type\":\"PropertyValueSpecification\",\"valueRequired\":true,\"valueName\":\"search_term_string\"}}],\"inLanguage\":\"pt-BR\"},{\"@type\":\"Organization\",\"@id\":\"https:\/\/unasp.br\/noticias\/#organization\",\"name\":\"UNASP Noticias\",\"url\":\"https:\/\/unasp.br\/noticias\/\",\"logo\":{\"@type\":\"ImageObject\",\"inLanguage\":\"pt-BR\",\"@id\":\"https:\/\/unasp.br\/noticias\/#\/schema\/logo\/image\/\",\"url\":\"https:\/\/cdn.unasp.br\/noticias\/wp-content\/uploads\/2021\/09\/09152724\/logo-unasp-news.png\",\"contentUrl\":\"https:\/\/cdn.unasp.br\/noticias\/wp-content\/uploads\/2021\/09\/09152724\/logo-unasp-news.png\",\"width\":240,\"height\":41,\"caption\":\"UNASP Noticias\"},\"image\":{\"@id\":\"https:\/\/unasp.br\/noticias\/#\/schema\/logo\/image\/\"}},{\"@type\":\"Person\",\"@id\":\"https:\/\/unasp.br\/noticias\/#\/schema\/person\/e3b8f8e8b1d3759eda9f61d2bb12b6d7\",\"name\":\"UNASP - TI-DESENVOLVIMENTO\",\"image\":{\"@type\":\"ImageObject\",\"inLanguage\":\"pt-BR\",\"@id\":\"https:\/\/unasp.br\/noticias\/#\/schema\/person\/image\/\",\"url\":\"https:\/\/secure.gravatar.com\/avatar\/88a02b7e6ee37f47de0ecad3877878b0?s=96&d=mm&r=g\",\"contentUrl\":\"https:\/\/secure.gravatar.com\/avatar\/88a02b7e6ee37f47de0ecad3877878b0?s=96&d=mm&r=g\",\"caption\":\"UNASP - TI-DESENVOLVIMENTO\"},\"url\":\"https:\/\/unasp.br\/noticias\/author\/admindefault-com\/\"}]}<\/script>\n<!-- \/ Yoast SEO plugin. -->","yoast_head_json":{"title":"Escolas de Engenheiro Coelho recebem projeto pedag\u00f3gico do Unasp","description":"No m\u00eas das crian\u00e7as, escolas de Engenheiro Coelho (SP) receberam projeto de incentivo \u00e0 leitura \u201cHora do Conto\u201d, organizado por alunos do Unasp.","robots":{"index":"index","follow":"follow","max-snippet":"max-snippet:-1","max-image-preview":"max-image-preview:large","max-video-preview":"max-video-preview:-1"},"canonical":"https:\/\/unasp.br\/noticias\/escolas-engenheiro-coelho-unasp\/","og_locale":"pt_BR","og_type":"article","og_title":"Escolas de Engenheiro Coelho recebem projeto pedag\u00f3gico do Unasp","og_description":"No m\u00eas das crian\u00e7as, escolas de Engenheiro Coelho (SP) receberam projeto de incentivo \u00e0 leitura \u201cHora do Conto\u201d, organizado por alunos do Unasp.","og_url":"https:\/\/unasp.br\/noticias\/escolas-engenheiro-coelho-unasp\/","og_site_name":"UNASP Noticias","article_published_time":"2019-10-14T14:45:51+00:00","article_modified_time":"2019-10-15T11:09:49+00:00","og_image":[{"width":1280,"height":960,"url":"https:\/\/cdn.unasp.br\/noticias\/wp-content\/uploads\/2019\/10\/14084010\/pedagogia-hora-do-conto.jpeg","type":"image\/jpeg"}],"author":"UNASP - TI-DESENVOLVIMENTO","twitter_card":"summary_large_image","twitter_misc":{"Escrito por":"UNASP - TI-DESENVOLVIMENTO","Est. tempo de leitura":"2 minutos"},"schema":{"@context":"https:\/\/schema.org","@graph":[{"@type":"Article","@id":"https:\/\/unasp.br\/noticias\/escolas-engenheiro-coelho-unasp\/#article","isPartOf":{"@id":"https:\/\/unasp.br\/noticias\/escolas-engenheiro-coelho-unasp\/"},"author":{"name":"UNASP - TI-DESENVOLVIMENTO","@id":"https:\/\/unasp.br\/noticias\/#\/schema\/person\/e3b8f8e8b1d3759eda9f61d2bb12b6d7"},"headline":"Escolas de Engenheiro Coelho recebem projeto pedag\u00f3gico do Unasp","datePublished":"2019-10-14T14:45:51+00:00","dateModified":"2019-10-15T11:09:49+00:00","mainEntityOfPage":{"@id":"https:\/\/unasp.br\/noticias\/escolas-engenheiro-coelho-unasp\/"},"wordCount":446,"commentCount":0,"publisher":{"@id":"https:\/\/unasp.br\/noticias\/#organization"},"image":{"@id":"https:\/\/unasp.br\/noticias\/escolas-engenheiro-coelho-unasp\/#primaryimage"},"thumbnailUrl":"https:\/\/cdn.unasp.br\/noticias\/wp-content\/uploads\/2019\/10\/14084010\/pedagogia-hora-do-conto.jpeg","articleSection":["Impacto Social"],"inLanguage":"pt-BR","potentialAction":[{"@type":"CommentAction","name":"Comment","target":["https:\/\/unasp.br\/noticias\/escolas-engenheiro-coelho-unasp\/#respond"]}]},{"@type":"WebPage","@id":"https:\/\/unasp.br\/noticias\/escolas-engenheiro-coelho-unasp\/","url":"https:\/\/unasp.br\/noticias\/escolas-engenheiro-coelho-unasp\/","name":"Escolas de Engenheiro Coelho recebem projeto pedag\u00f3gico do Unasp","isPartOf":{"@id":"https:\/\/unasp.br\/noticias\/#website"},"primaryImageOfPage":{"@id":"https:\/\/unasp.br\/noticias\/escolas-engenheiro-coelho-unasp\/#primaryimage"},"image":{"@id":"https:\/\/unasp.br\/noticias\/escolas-engenheiro-coelho-unasp\/#primaryimage"},"thumbnailUrl":"https:\/\/cdn.unasp.br\/noticias\/wp-content\/uploads\/2019\/10\/14084010\/pedagogia-hora-do-conto.jpeg","datePublished":"2019-10-14T14:45:51+00:00","dateModified":"2019-10-15T11:09:49+00:00","description":"No m\u00eas das crian\u00e7as, escolas de Engenheiro Coelho (SP) receberam projeto de incentivo \u00e0 leitura \u201cHora do Conto\u201d, organizado por alunos do Unasp.","breadcrumb":{"@id":"https:\/\/unasp.br\/noticias\/escolas-engenheiro-coelho-unasp\/#breadcrumb"},"inLanguage":"pt-BR","potentialAction":[{"@type":"ReadAction","target":["https:\/\/unasp.br\/noticias\/escolas-engenheiro-coelho-unasp\/"]}]},{"@type":"ImageObject","inLanguage":"pt-BR","@id":"https:\/\/unasp.br\/noticias\/escolas-engenheiro-coelho-unasp\/#primaryimage","url":"https:\/\/cdn.unasp.br\/noticias\/wp-content\/uploads\/2019\/10\/14084010\/pedagogia-hora-do-conto.jpeg","contentUrl":"https:\/\/cdn.unasp.br\/noticias\/wp-content\/uploads\/2019\/10\/14084010\/pedagogia-hora-do-conto.jpeg","width":1280,"height":960},{"@type":"BreadcrumbList","@id":"https:\/\/unasp.br\/noticias\/escolas-engenheiro-coelho-unasp\/#breadcrumb","itemListElement":[{"@type":"ListItem","position":1,"name":"In\u00edcio","item":"https:\/\/unasp.br\/noticias\/"},{"@type":"ListItem","position":2,"name":"Escolas de Engenheiro Coelho recebem projeto pedag\u00f3gico do Unasp"}]},{"@type":"WebSite","@id":"https:\/\/unasp.br\/noticias\/#website","url":"https:\/\/unasp.br\/noticias\/","name":"UNASP Noticias","description":"Centro Universit\u00e1rio Adventista de S\u00e3o Paulo","publisher":{"@id":"https:\/\/unasp.br\/noticias\/#organization"},"potentialAction":[{"@type":"SearchAction","target":{"@type":"EntryPoint","urlTemplate":"https:\/\/unasp.br\/noticias\/?s={search_term_string}"},"query-input":{"@type":"PropertyValueSpecification","valueRequired":true,"valueName":"search_term_string"}}],"inLanguage":"pt-BR"},{"@type":"Organization","@id":"https:\/\/unasp.br\/noticias\/#organization","name":"UNASP Noticias","url":"https:\/\/unasp.br\/noticias\/","logo":{"@type":"ImageObject","inLanguage":"pt-BR","@id":"https:\/\/unasp.br\/noticias\/#\/schema\/logo\/image\/","url":"https:\/\/cdn.unasp.br\/noticias\/wp-content\/uploads\/2021\/09\/09152724\/logo-unasp-news.png","contentUrl":"https:\/\/cdn.unasp.br\/noticias\/wp-content\/uploads\/2021\/09\/09152724\/logo-unasp-news.png","width":240,"height":41,"caption":"UNASP Noticias"},"image":{"@id":"https:\/\/unasp.br\/noticias\/#\/schema\/logo\/image\/"}},{"@type":"Person","@id":"https:\/\/unasp.br\/noticias\/#\/schema\/person\/e3b8f8e8b1d3759eda9f61d2bb12b6d7","name":"UNASP - TI-DESENVOLVIMENTO","image":{"@type":"ImageObject","inLanguage":"pt-BR","@id":"https:\/\/unasp.br\/noticias\/#\/schema\/person\/image\/","url":"https:\/\/secure.gravatar.com\/avatar\/88a02b7e6ee37f47de0ecad3877878b0?s=96&d=mm&r=g","contentUrl":"https:\/\/secure.gravatar.com\/avatar\/88a02b7e6ee37f47de0ecad3877878b0?s=96&d=mm&r=g","caption":"UNASP - TI-DESENVOLVIMENTO"},"url":"https:\/\/unasp.br\/noticias\/author\/admindefault-com\/"}]}},"_links":{"self":[{"href":"https:\/\/unasp.br\/noticias\/wp-json\/wp\/v2\/posts\/69022"}],"collection":[{"href":"https:\/\/unasp.br\/noticias\/wp-json\/wp\/v2\/posts"}],"about":[{"href":"https:\/\/unasp.br\/noticias\/wp-json\/wp\/v2\/types\/post"}],"author":[{"embeddable":true,"href":"https:\/\/unasp.br\/noticias\/wp-json\/wp\/v2\/users\/80"}],"replies":[{"embeddable":true,"href":"https:\/\/unasp.br\/noticias\/wp-json\/wp\/v2\/comments?post=69022"}],"version-history":[{"count":1,"href":"https:\/\/unasp.br\/noticias\/wp-json\/wp\/v2\/posts\/69022\/revisions"}],"predecessor-version":[{"id":69030,"href":"https:\/\/unasp.br\/noticias\/wp-json\/wp\/v2\/posts\/69022\/revisions\/69030"}],"wp:featuredmedia":[{"embeddable":true,"href":"https:\/\/unasp.br\/noticias\/wp-json\/wp\/v2\/media\/69025"}],"wp:attachment":[{"href":"https:\/\/unasp.br\/noticias\/wp-json\/wp\/v2\/media?parent=69022"}],"wp:term":[{"taxonomy":"category","embeddable":true,"href":"https:\/\/unasp.br\/noticias\/wp-json\/wp\/v2\/categories?post=69022"},{"taxonomy":"post_tag","embeddable":true,"href":"https:\/\/unasp.br\/noticias\/wp-json\/wp\/v2\/tags?post=69022"}],"curies":[{"name":"wp","href":"https:\/\/api.w.org\/{rel}","templated":true}]}}