{"id":69326,"date":"2019-10-15T09:35:00","date_gmt":"2019-10-15T12:35:00","guid":{"rendered":"https:\/\/www.unasp.br\/noticias\/?p=69326"},"modified":"2019-10-21T08:31:04","modified_gmt":"2019-10-21T11:31:04","slug":"grupos-musicais-do-unasp-realizam-turne-pelos-estados-brasileiros","status":"publish","type":"post","link":"https:\/\/unasp.br\/noticias\/grupos-musicais-do-unasp-realizam-turne-pelos-estados-brasileiros\/","title":{"rendered":"Grupos Musicais do Unasp realizam turn\u00ea especial"},"content":{"rendered":"<p><img loading=\"lazy\" decoding=\"async\" class=\"aligncenter wp-image-69327\" src=\"https:\/\/www.unasp.br\/noticias\/wp-content\/uploads\/2019\/10\/coral-universit\u00e1rio-rj.jpeg\" alt=\"\" width=\"600\" height=\"450\" srcset=\"https:\/\/cdn.unasp.br\/noticias\/wp-content\/uploads\/2019\/10\/18063426\/coral-universit%C3%A1rio-rj.jpeg 1280w, https:\/\/cdn.unasp.br\/noticias\/wp-content\/uploads\/2019\/10\/18063426\/coral-universit%C3%A1rio-rj-300x225.jpeg 300w, https:\/\/cdn.unasp.br\/noticias\/wp-content\/uploads\/2019\/10\/18063426\/coral-universit%C3%A1rio-rj-768x576.jpeg 768w, https:\/\/cdn.unasp.br\/noticias\/wp-content\/uploads\/2019\/10\/18063426\/coral-universit%C3%A1rio-rj-1024x768.jpeg 1024w, https:\/\/cdn.unasp.br\/noticias\/wp-content\/uploads\/2019\/10\/18063426\/coral-universit%C3%A1rio-rj-800x600.jpeg 800w, https:\/\/cdn.unasp.br\/noticias\/wp-content\/uploads\/2019\/10\/18063426\/coral-universit%C3%A1rio-rj-1067x800.jpeg 1067w, https:\/\/cdn.unasp.br\/noticias\/wp-content\/uploads\/2019\/10\/18063426\/coral-universit%C3%A1rio-rj-960x720.jpeg 960w, https:\/\/cdn.unasp.br\/noticias\/wp-content\/uploads\/2019\/10\/18063426\/coral-universit%C3%A1rio-rj-667x500.jpeg 667w, https:\/\/cdn.unasp.br\/noticias\/wp-content\/uploads\/2019\/10\/18063426\/coral-universit%C3%A1rio-rj-640x480.jpeg 640w, https:\/\/cdn.unasp.br\/noticias\/wp-content\/uploads\/2019\/10\/18063426\/coral-universit%C3%A1rio-rj-373x280.jpeg 373w, https:\/\/cdn.unasp.br\/noticias\/wp-content\/uploads\/2019\/10\/18063426\/coral-universit%C3%A1rio-rj-500x375.jpeg 500w, https:\/\/cdn.unasp.br\/noticias\/wp-content\/uploads\/2019\/10\/18063426\/coral-universit%C3%A1rio-rj-400x300.jpeg 400w, https:\/\/cdn.unasp.br\/noticias\/wp-content\/uploads\/2019\/10\/18063426\/coral-universit%C3%A1rio-rj-333x250.jpeg 333w, https:\/\/cdn.unasp.br\/noticias\/wp-content\/uploads\/2019\/10\/18063426\/coral-universit%C3%A1rio-rj-267x200.jpeg 267w, https:\/\/cdn.unasp.br\/noticias\/wp-content\/uploads\/2019\/10\/18063426\/coral-universit%C3%A1rio-rj-200x150.jpeg 200w, https:\/\/cdn.unasp.br\/noticias\/wp-content\/uploads\/2019\/10\/18063426\/coral-universit%C3%A1rio-rj-175x131.jpeg 175w\" sizes=\"(max-width: 600px) 100vw, 600px\" \/><\/p>\n<p style=\"text-align: center;\"><i><span style=\"font-weight: 400;\">Corais e Orquestra do Unasp EC aproveitam recesso acad\u00eamico para divulgar m\u00fasica em turn\u00eas pelo pa\u00eds<\/span><\/i><\/p>\n<p style=\"text-align: justify;\"><span style=\"font-weight: 400;\">Na \u00faltima semana, alguns corais e a orquestra sinf\u00f4nica do Centro Universit\u00e1rio Adventista de S\u00e3o Paulo (Unasp), campus Engenheiro Coelho, aproveitaram o recesso das atividades acad\u00eamicas e sa\u00edram em turn\u00ea por alguns Estados brasileiros. A atividade tem o objetivo de promover intera\u00e7\u00e3o com a comunidade.\u00a0<\/span><\/p>\n<p style=\"text-align: justify;\"><span style=\"font-weight: 400;\">A primeira parada foi do Coral Universit\u00e1rio, no Rio de Janeiro. No ano passado eles apresentaram a pr\u00e9via do \u00e1lbum Fonte da Vida, que estava em grava\u00e7\u00e3o. Ap\u00f3s o lan\u00e7amento, al\u00e9m de m\u00fasicas que comp\u00f5em o CD, novas m\u00fasicas foram acrescentadas ao repert\u00f3rio. \u201cS\u00e3o essas turn\u00eas que aproximam o coral das pessoas. N\u00f3s aproveitamos a viagem e levamos um pouco de Deus e do Unasp para elas,\u201d conta Clenio Abreu, regente do coral.\u00a0<\/span><\/p>\n<p style=\"text-align: justify;\"><span style=\"font-weight: 400;\">O Coral de Libras do Unasp acompanha o coro em suas apresenta\u00e7\u00f5es, com vers\u00f5es interpretadas para a comunidade dos surdos. Jusiara Bispo, coordenadora do coral, explica como \u00e9 importante essa intera\u00e7\u00e3o da linguagem de sinais com a comunidade para aproximar o fato da comunidade de surdos estar mais presente do que muitos pensam.<\/span><\/p>\n<p><strong>Outros Estados<\/strong><\/p>\n<p style=\"text-align: justify;\"><span style=\"font-weight: 400;\">O Coral Jovem \u00e9 composto por alunos do ensino m\u00e9dio e tem como regente Pedro Valen\u00e7a, um dos idealizadores e componente do grupo Vocal Livre, que tamb\u00e9m esteve presente na viagem. As apresenta\u00e7\u00f5es aconteceram em Salvador, no Teatro Sesc Com\u00e9rcio e em Porto Seguro, no Congresso de Jovens da Associa\u00e7\u00e3o Bahia Sul da Iasd.\u00a0<\/span><\/p>\n<p style=\"text-align: justify;\"><span style=\"font-weight: 400;\">\u00a0A Orquestra Sinf\u00f4nica com reg\u00eancia do maestro Jetro de Oliveira realizou uma viagem para\u00a0 a regi\u00e3o centro-oeste do pa\u00eds. As apresenta\u00e7\u00f5es aconteceram no Instituto Adventista Brasil Central (IABC), em Abadi\u00e2nia, interior de Goi\u00e1s e Bras\u00edlia. Gabriel Ara\u00fajo, estudante de m\u00fasica no Unasp e membro da orquestra, diz que as viagens contribuem para a intera\u00e7\u00e3o entre a orquestra, al\u00e9m de ajudar com mais experi\u00eancia na \u00e1rea musical.\u00a0<\/span><\/p>\n<p style=\"text-align: justify;\"><span style=\"font-weight: 400;\">Ainda no fim de semana, o estado do Esp\u00edrito Santo recebeu um dos primeiros corais do Unasp. Atualmente, o Coral Unasp \u00e9 regido por Lineu Soares e Felipe Arco. A turn\u00ea passou por tr\u00eas cidades, Colatina, Vila Velha e Linhares, com apresenta\u00e7\u00f5es de m\u00fasicas que marcaram a carreira do coral e participa\u00e7\u00e3o especial de Marcel Freire. \u201cAs viagens do coral s\u00e3o sempre incr\u00edveis. N\u00f3s nos aproximamos, nos divertimos e as apresenta\u00e7\u00f5es fora do Unasp tem sempre algo diferente.\u201d conta Let\u00edcia Schirmer, aluna do primeiro ano de pedagogia no Unasp.<\/span><\/p>\n<p style=\"text-align: justify;\"><b>M\u00fasica no Unasp<\/b><\/p>\n<p style=\"text-align: justify;\"><span style=\"font-weight: 400;\">O Unasp oferece um espa\u00e7o completo e estruturado para o ensino e pr\u00e1tica da musicaliza\u00e7\u00e3o, aqui voc\u00ea aprecia boa m\u00fasica em cada alameda do campus. Ao todo, a institui\u00e7\u00e3o comporta 52 grupos musicais, entre corais, conjuntos vocais, quartetos e duetos, orquestras e bandas e grupos instrumentais. Todo esse complexo musical conta com a participa\u00e7\u00e3o de mais de 1900 pessoas, entre alunos e professores.<\/span><\/p>\n","protected":false},"excerpt":{"rendered":"<p>Corais e Orquestra do Unasp EC aproveitam recesso acad\u00eamico para divulgar m\u00fasica em turn\u00eas pelo pa\u00eds Na [&hellip;]<\/p>\n","protected":false},"author":80,"featured_media":69327,"comment_status":"open","ping_status":"open","sticky":false,"template":"","format":"standard","meta":{"footnotes":""},"categories":[10],"tags":[],"yoast_head":"<!-- This site is optimized with the Yoast SEO plugin v23.5 - https:\/\/yoast.com\/wordpress\/plugins\/seo\/ -->\n<title>Grupos Musicais do Unasp realizam turn\u00ea especial<\/title>\n<meta name=\"description\" content=\"Corais e Orquestra do Unasp, campus Engenheiro Coelho, aproveitam recesso acad\u00eamico para divulgar m\u00fasica em turn\u00eas pelo pa\u00eds.\" \/>\n<meta name=\"robots\" content=\"index, follow, max-snippet:-1, max-image-preview:large, max-video-preview:-1\" \/>\n<link rel=\"canonical\" href=\"https:\/\/unasp.br\/noticias\/grupos-musicais-do-unasp-realizam-turne-pelos-estados-brasileiros\/\" \/>\n<meta property=\"og:locale\" content=\"pt_BR\" \/>\n<meta property=\"og:type\" content=\"article\" \/>\n<meta property=\"og:title\" content=\"Grupos Musicais do Unasp realizam turn\u00ea especial\" \/>\n<meta property=\"og:description\" content=\"Corais e Orquestra do Unasp, campus Engenheiro Coelho, aproveitam recesso acad\u00eamico para divulgar m\u00fasica em turn\u00eas pelo pa\u00eds.\" \/>\n<meta property=\"og:url\" content=\"https:\/\/unasp.br\/noticias\/grupos-musicais-do-unasp-realizam-turne-pelos-estados-brasileiros\/\" \/>\n<meta property=\"og:site_name\" content=\"UNASP Noticias\" \/>\n<meta property=\"article:published_time\" content=\"2019-10-15T12:35:00+00:00\" \/>\n<meta property=\"article:modified_time\" content=\"2019-10-21T11:31:04+00:00\" \/>\n<meta property=\"og:image\" content=\"https:\/\/cdn.unasp.br\/noticias\/wp-content\/uploads\/2019\/10\/18063426\/coral-universit%C3%A1rio-rj.jpeg\" \/>\n\t<meta property=\"og:image:width\" content=\"1280\" \/>\n\t<meta property=\"og:image:height\" content=\"960\" \/>\n\t<meta property=\"og:image:type\" content=\"image\/jpeg\" \/>\n<meta name=\"author\" content=\"UNASP - TI-DESENVOLVIMENTO\" \/>\n<meta name=\"twitter:card\" content=\"summary_large_image\" \/>\n<meta name=\"twitter:label1\" content=\"Escrito por\" \/>\n\t<meta name=\"twitter:data1\" content=\"UNASP - TI-DESENVOLVIMENTO\" \/>\n\t<meta name=\"twitter:label2\" content=\"Est. tempo de leitura\" \/>\n\t<meta name=\"twitter:data2\" content=\"3 minutos\" \/>\n<script type=\"application\/ld+json\" class=\"yoast-schema-graph\">{\"@context\":\"https:\/\/schema.org\",\"@graph\":[{\"@type\":\"Article\",\"@id\":\"https:\/\/unasp.br\/noticias\/grupos-musicais-do-unasp-realizam-turne-pelos-estados-brasileiros\/#article\",\"isPartOf\":{\"@id\":\"https:\/\/unasp.br\/noticias\/grupos-musicais-do-unasp-realizam-turne-pelos-estados-brasileiros\/\"},\"author\":{\"name\":\"UNASP - TI-DESENVOLVIMENTO\",\"@id\":\"https:\/\/unasp.br\/noticias\/#\/schema\/person\/e3b8f8e8b1d3759eda9f61d2bb12b6d7\"},\"headline\":\"Grupos Musicais do Unasp realizam turn\u00ea especial\",\"datePublished\":\"2019-10-15T12:35:00+00:00\",\"dateModified\":\"2019-10-21T11:31:04+00:00\",\"mainEntityOfPage\":{\"@id\":\"https:\/\/unasp.br\/noticias\/grupos-musicais-do-unasp-realizam-turne-pelos-estados-brasileiros\/\"},\"wordCount\":528,\"commentCount\":0,\"publisher\":{\"@id\":\"https:\/\/unasp.br\/noticias\/#organization\"},\"image\":{\"@id\":\"https:\/\/unasp.br\/noticias\/grupos-musicais-do-unasp-realizam-turne-pelos-estados-brasileiros\/#primaryimage\"},\"thumbnailUrl\":\"https:\/\/cdn.unasp.br\/noticias\/wp-content\/uploads\/2019\/10\/18063426\/coral-universit%C3%A1rio-rj.jpeg\",\"articleSection\":[\"Impacto Social\"],\"inLanguage\":\"pt-BR\",\"potentialAction\":[{\"@type\":\"CommentAction\",\"name\":\"Comment\",\"target\":[\"https:\/\/unasp.br\/noticias\/grupos-musicais-do-unasp-realizam-turne-pelos-estados-brasileiros\/#respond\"]}]},{\"@type\":\"WebPage\",\"@id\":\"https:\/\/unasp.br\/noticias\/grupos-musicais-do-unasp-realizam-turne-pelos-estados-brasileiros\/\",\"url\":\"https:\/\/unasp.br\/noticias\/grupos-musicais-do-unasp-realizam-turne-pelos-estados-brasileiros\/\",\"name\":\"Grupos Musicais do Unasp realizam turn\u00ea especial\",\"isPartOf\":{\"@id\":\"https:\/\/unasp.br\/noticias\/#website\"},\"primaryImageOfPage\":{\"@id\":\"https:\/\/unasp.br\/noticias\/grupos-musicais-do-unasp-realizam-turne-pelos-estados-brasileiros\/#primaryimage\"},\"image\":{\"@id\":\"https:\/\/unasp.br\/noticias\/grupos-musicais-do-unasp-realizam-turne-pelos-estados-brasileiros\/#primaryimage\"},\"thumbnailUrl\":\"https:\/\/cdn.unasp.br\/noticias\/wp-content\/uploads\/2019\/10\/18063426\/coral-universit%C3%A1rio-rj.jpeg\",\"datePublished\":\"2019-10-15T12:35:00+00:00\",\"dateModified\":\"2019-10-21T11:31:04+00:00\",\"description\":\"Corais e Orquestra do Unasp, campus Engenheiro Coelho, aproveitam recesso acad\u00eamico para divulgar m\u00fasica em turn\u00eas pelo pa\u00eds.\",\"breadcrumb\":{\"@id\":\"https:\/\/unasp.br\/noticias\/grupos-musicais-do-unasp-realizam-turne-pelos-estados-brasileiros\/#breadcrumb\"},\"inLanguage\":\"pt-BR\",\"potentialAction\":[{\"@type\":\"ReadAction\",\"target\":[\"https:\/\/unasp.br\/noticias\/grupos-musicais-do-unasp-realizam-turne-pelos-estados-brasileiros\/\"]}]},{\"@type\":\"ImageObject\",\"inLanguage\":\"pt-BR\",\"@id\":\"https:\/\/unasp.br\/noticias\/grupos-musicais-do-unasp-realizam-turne-pelos-estados-brasileiros\/#primaryimage\",\"url\":\"https:\/\/cdn.unasp.br\/noticias\/wp-content\/uploads\/2019\/10\/18063426\/coral-universit%C3%A1rio-rj.jpeg\",\"contentUrl\":\"https:\/\/cdn.unasp.br\/noticias\/wp-content\/uploads\/2019\/10\/18063426\/coral-universit%C3%A1rio-rj.jpeg\",\"width\":1280,\"height\":960},{\"@type\":\"BreadcrumbList\",\"@id\":\"https:\/\/unasp.br\/noticias\/grupos-musicais-do-unasp-realizam-turne-pelos-estados-brasileiros\/#breadcrumb\",\"itemListElement\":[{\"@type\":\"ListItem\",\"position\":1,\"name\":\"In\u00edcio\",\"item\":\"https:\/\/unasp.br\/noticias\/\"},{\"@type\":\"ListItem\",\"position\":2,\"name\":\"Grupos Musicais do Unasp realizam turn\u00ea especial\"}]},{\"@type\":\"WebSite\",\"@id\":\"https:\/\/unasp.br\/noticias\/#website\",\"url\":\"https:\/\/unasp.br\/noticias\/\",\"name\":\"UNASP Noticias\",\"description\":\"Centro Universit\u00e1rio Adventista de S\u00e3o Paulo\",\"publisher\":{\"@id\":\"https:\/\/unasp.br\/noticias\/#organization\"},\"potentialAction\":[{\"@type\":\"SearchAction\",\"target\":{\"@type\":\"EntryPoint\",\"urlTemplate\":\"https:\/\/unasp.br\/noticias\/?s={search_term_string}\"},\"query-input\":{\"@type\":\"PropertyValueSpecification\",\"valueRequired\":true,\"valueName\":\"search_term_string\"}}],\"inLanguage\":\"pt-BR\"},{\"@type\":\"Organization\",\"@id\":\"https:\/\/unasp.br\/noticias\/#organization\",\"name\":\"UNASP Noticias\",\"url\":\"https:\/\/unasp.br\/noticias\/\",\"logo\":{\"@type\":\"ImageObject\",\"inLanguage\":\"pt-BR\",\"@id\":\"https:\/\/unasp.br\/noticias\/#\/schema\/logo\/image\/\",\"url\":\"https:\/\/cdn.unasp.br\/noticias\/wp-content\/uploads\/2021\/09\/09152724\/logo-unasp-news.png\",\"contentUrl\":\"https:\/\/cdn.unasp.br\/noticias\/wp-content\/uploads\/2021\/09\/09152724\/logo-unasp-news.png\",\"width\":240,\"height\":41,\"caption\":\"UNASP Noticias\"},\"image\":{\"@id\":\"https:\/\/unasp.br\/noticias\/#\/schema\/logo\/image\/\"}},{\"@type\":\"Person\",\"@id\":\"https:\/\/unasp.br\/noticias\/#\/schema\/person\/e3b8f8e8b1d3759eda9f61d2bb12b6d7\",\"name\":\"UNASP - TI-DESENVOLVIMENTO\",\"image\":{\"@type\":\"ImageObject\",\"inLanguage\":\"pt-BR\",\"@id\":\"https:\/\/unasp.br\/noticias\/#\/schema\/person\/image\/\",\"url\":\"https:\/\/secure.gravatar.com\/avatar\/88a02b7e6ee37f47de0ecad3877878b0?s=96&d=mm&r=g\",\"contentUrl\":\"https:\/\/secure.gravatar.com\/avatar\/88a02b7e6ee37f47de0ecad3877878b0?s=96&d=mm&r=g\",\"caption\":\"UNASP - TI-DESENVOLVIMENTO\"},\"url\":\"https:\/\/unasp.br\/noticias\/author\/admindefault-com\/\"}]}<\/script>\n<!-- \/ Yoast SEO plugin. -->","yoast_head_json":{"title":"Grupos Musicais do Unasp realizam turn\u00ea especial","description":"Corais e Orquestra do Unasp, campus Engenheiro Coelho, aproveitam recesso acad\u00eamico para divulgar m\u00fasica em turn\u00eas pelo pa\u00eds.","robots":{"index":"index","follow":"follow","max-snippet":"max-snippet:-1","max-image-preview":"max-image-preview:large","max-video-preview":"max-video-preview:-1"},"canonical":"https:\/\/unasp.br\/noticias\/grupos-musicais-do-unasp-realizam-turne-pelos-estados-brasileiros\/","og_locale":"pt_BR","og_type":"article","og_title":"Grupos Musicais do Unasp realizam turn\u00ea especial","og_description":"Corais e Orquestra do Unasp, campus Engenheiro Coelho, aproveitam recesso acad\u00eamico para divulgar m\u00fasica em turn\u00eas pelo pa\u00eds.","og_url":"https:\/\/unasp.br\/noticias\/grupos-musicais-do-unasp-realizam-turne-pelos-estados-brasileiros\/","og_site_name":"UNASP Noticias","article_published_time":"2019-10-15T12:35:00+00:00","article_modified_time":"2019-10-21T11:31:04+00:00","og_image":[{"width":1280,"height":960,"url":"https:\/\/cdn.unasp.br\/noticias\/wp-content\/uploads\/2019\/10\/18063426\/coral-universit%C3%A1rio-rj.jpeg","type":"image\/jpeg"}],"author":"UNASP - TI-DESENVOLVIMENTO","twitter_card":"summary_large_image","twitter_misc":{"Escrito por":"UNASP - TI-DESENVOLVIMENTO","Est. tempo de leitura":"3 minutos"},"schema":{"@context":"https:\/\/schema.org","@graph":[{"@type":"Article","@id":"https:\/\/unasp.br\/noticias\/grupos-musicais-do-unasp-realizam-turne-pelos-estados-brasileiros\/#article","isPartOf":{"@id":"https:\/\/unasp.br\/noticias\/grupos-musicais-do-unasp-realizam-turne-pelos-estados-brasileiros\/"},"author":{"name":"UNASP - TI-DESENVOLVIMENTO","@id":"https:\/\/unasp.br\/noticias\/#\/schema\/person\/e3b8f8e8b1d3759eda9f61d2bb12b6d7"},"headline":"Grupos Musicais do Unasp realizam turn\u00ea especial","datePublished":"2019-10-15T12:35:00+00:00","dateModified":"2019-10-21T11:31:04+00:00","mainEntityOfPage":{"@id":"https:\/\/unasp.br\/noticias\/grupos-musicais-do-unasp-realizam-turne-pelos-estados-brasileiros\/"},"wordCount":528,"commentCount":0,"publisher":{"@id":"https:\/\/unasp.br\/noticias\/#organization"},"image":{"@id":"https:\/\/unasp.br\/noticias\/grupos-musicais-do-unasp-realizam-turne-pelos-estados-brasileiros\/#primaryimage"},"thumbnailUrl":"https:\/\/cdn.unasp.br\/noticias\/wp-content\/uploads\/2019\/10\/18063426\/coral-universit%C3%A1rio-rj.jpeg","articleSection":["Impacto Social"],"inLanguage":"pt-BR","potentialAction":[{"@type":"CommentAction","name":"Comment","target":["https:\/\/unasp.br\/noticias\/grupos-musicais-do-unasp-realizam-turne-pelos-estados-brasileiros\/#respond"]}]},{"@type":"WebPage","@id":"https:\/\/unasp.br\/noticias\/grupos-musicais-do-unasp-realizam-turne-pelos-estados-brasileiros\/","url":"https:\/\/unasp.br\/noticias\/grupos-musicais-do-unasp-realizam-turne-pelos-estados-brasileiros\/","name":"Grupos Musicais do Unasp realizam turn\u00ea especial","isPartOf":{"@id":"https:\/\/unasp.br\/noticias\/#website"},"primaryImageOfPage":{"@id":"https:\/\/unasp.br\/noticias\/grupos-musicais-do-unasp-realizam-turne-pelos-estados-brasileiros\/#primaryimage"},"image":{"@id":"https:\/\/unasp.br\/noticias\/grupos-musicais-do-unasp-realizam-turne-pelos-estados-brasileiros\/#primaryimage"},"thumbnailUrl":"https:\/\/cdn.unasp.br\/noticias\/wp-content\/uploads\/2019\/10\/18063426\/coral-universit%C3%A1rio-rj.jpeg","datePublished":"2019-10-15T12:35:00+00:00","dateModified":"2019-10-21T11:31:04+00:00","description":"Corais e Orquestra do Unasp, campus Engenheiro Coelho, aproveitam recesso acad\u00eamico para divulgar m\u00fasica em turn\u00eas pelo pa\u00eds.","breadcrumb":{"@id":"https:\/\/unasp.br\/noticias\/grupos-musicais-do-unasp-realizam-turne-pelos-estados-brasileiros\/#breadcrumb"},"inLanguage":"pt-BR","potentialAction":[{"@type":"ReadAction","target":["https:\/\/unasp.br\/noticias\/grupos-musicais-do-unasp-realizam-turne-pelos-estados-brasileiros\/"]}]},{"@type":"ImageObject","inLanguage":"pt-BR","@id":"https:\/\/unasp.br\/noticias\/grupos-musicais-do-unasp-realizam-turne-pelos-estados-brasileiros\/#primaryimage","url":"https:\/\/cdn.unasp.br\/noticias\/wp-content\/uploads\/2019\/10\/18063426\/coral-universit%C3%A1rio-rj.jpeg","contentUrl":"https:\/\/cdn.unasp.br\/noticias\/wp-content\/uploads\/2019\/10\/18063426\/coral-universit%C3%A1rio-rj.jpeg","width":1280,"height":960},{"@type":"BreadcrumbList","@id":"https:\/\/unasp.br\/noticias\/grupos-musicais-do-unasp-realizam-turne-pelos-estados-brasileiros\/#breadcrumb","itemListElement":[{"@type":"ListItem","position":1,"name":"In\u00edcio","item":"https:\/\/unasp.br\/noticias\/"},{"@type":"ListItem","position":2,"name":"Grupos Musicais do Unasp realizam turn\u00ea especial"}]},{"@type":"WebSite","@id":"https:\/\/unasp.br\/noticias\/#website","url":"https:\/\/unasp.br\/noticias\/","name":"UNASP Noticias","description":"Centro Universit\u00e1rio Adventista de S\u00e3o Paulo","publisher":{"@id":"https:\/\/unasp.br\/noticias\/#organization"},"potentialAction":[{"@type":"SearchAction","target":{"@type":"EntryPoint","urlTemplate":"https:\/\/unasp.br\/noticias\/?s={search_term_string}"},"query-input":{"@type":"PropertyValueSpecification","valueRequired":true,"valueName":"search_term_string"}}],"inLanguage":"pt-BR"},{"@type":"Organization","@id":"https:\/\/unasp.br\/noticias\/#organization","name":"UNASP Noticias","url":"https:\/\/unasp.br\/noticias\/","logo":{"@type":"ImageObject","inLanguage":"pt-BR","@id":"https:\/\/unasp.br\/noticias\/#\/schema\/logo\/image\/","url":"https:\/\/cdn.unasp.br\/noticias\/wp-content\/uploads\/2021\/09\/09152724\/logo-unasp-news.png","contentUrl":"https:\/\/cdn.unasp.br\/noticias\/wp-content\/uploads\/2021\/09\/09152724\/logo-unasp-news.png","width":240,"height":41,"caption":"UNASP Noticias"},"image":{"@id":"https:\/\/unasp.br\/noticias\/#\/schema\/logo\/image\/"}},{"@type":"Person","@id":"https:\/\/unasp.br\/noticias\/#\/schema\/person\/e3b8f8e8b1d3759eda9f61d2bb12b6d7","name":"UNASP - TI-DESENVOLVIMENTO","image":{"@type":"ImageObject","inLanguage":"pt-BR","@id":"https:\/\/unasp.br\/noticias\/#\/schema\/person\/image\/","url":"https:\/\/secure.gravatar.com\/avatar\/88a02b7e6ee37f47de0ecad3877878b0?s=96&d=mm&r=g","contentUrl":"https:\/\/secure.gravatar.com\/avatar\/88a02b7e6ee37f47de0ecad3877878b0?s=96&d=mm&r=g","caption":"UNASP - TI-DESENVOLVIMENTO"},"url":"https:\/\/unasp.br\/noticias\/author\/admindefault-com\/"}]}},"_links":{"self":[{"href":"https:\/\/unasp.br\/noticias\/wp-json\/wp\/v2\/posts\/69326"}],"collection":[{"href":"https:\/\/unasp.br\/noticias\/wp-json\/wp\/v2\/posts"}],"about":[{"href":"https:\/\/unasp.br\/noticias\/wp-json\/wp\/v2\/types\/post"}],"author":[{"embeddable":true,"href":"https:\/\/unasp.br\/noticias\/wp-json\/wp\/v2\/users\/80"}],"replies":[{"embeddable":true,"href":"https:\/\/unasp.br\/noticias\/wp-json\/wp\/v2\/comments?post=69326"}],"version-history":[{"count":4,"href":"https:\/\/unasp.br\/noticias\/wp-json\/wp\/v2\/posts\/69326\/revisions"}],"predecessor-version":[{"id":69501,"href":"https:\/\/unasp.br\/noticias\/wp-json\/wp\/v2\/posts\/69326\/revisions\/69501"}],"wp:featuredmedia":[{"embeddable":true,"href":"https:\/\/unasp.br\/noticias\/wp-json\/wp\/v2\/media\/69327"}],"wp:attachment":[{"href":"https:\/\/unasp.br\/noticias\/wp-json\/wp\/v2\/media?parent=69326"}],"wp:term":[{"taxonomy":"category","embeddable":true,"href":"https:\/\/unasp.br\/noticias\/wp-json\/wp\/v2\/categories?post=69326"},{"taxonomy":"post_tag","embeddable":true,"href":"https:\/\/unasp.br\/noticias\/wp-json\/wp\/v2\/tags?post=69326"}],"curies":[{"name":"wp","href":"https:\/\/api.w.org\/{rel}","templated":true}]}}