{"id":70027,"date":"2019-10-29T15:42:45","date_gmt":"2019-10-29T18:42:45","guid":{"rendered":"https:\/\/www.unasp.br\/noticias\/?p=70027"},"modified":"2019-10-29T16:03:33","modified_gmt":"2019-10-29T19:03:33","slug":"curso-de-direito-faz-parceria-com-cejusc-para-apoiar-familias-em-situacao-de-divorcio","status":"publish","type":"post","link":"https:\/\/unasp.br\/noticias\/curso-de-direito-faz-parceria-com-cejusc-para-apoiar-familias-em-situacao-de-divorcio\/","title":{"rendered":"Curso de direito faz parceria com CEJUSC para apoiar fam\u00edlias em situa\u00e7\u00e3o de div\u00f3rcio"},"content":{"rendered":"<div id=\"attachment_70028\" style=\"width: 310px\" class=\"wp-caption alignleft\"><img loading=\"lazy\" decoding=\"async\" aria-describedby=\"caption-attachment-70028\" class=\"wp-image-70028 size-medium\" src=\"https:\/\/www.unasp.br\/noticias\/wp-content\/uploads\/2019\/10\/IMG_54651-300x225.jpg\" alt=\"\" width=\"300\" height=\"225\" srcset=\"https:\/\/cdn.unasp.br\/noticias\/wp-content\/uploads\/2019\/10\/29123233\/IMG_54651-300x225.jpg 300w, https:\/\/cdn.unasp.br\/noticias\/wp-content\/uploads\/2019\/10\/29123233\/IMG_54651-768x576.jpg 768w, https:\/\/cdn.unasp.br\/noticias\/wp-content\/uploads\/2019\/10\/29123233\/IMG_54651-1024x768.jpg 1024w, https:\/\/cdn.unasp.br\/noticias\/wp-content\/uploads\/2019\/10\/29123233\/IMG_54651-800x600.jpg 800w, https:\/\/cdn.unasp.br\/noticias\/wp-content\/uploads\/2019\/10\/29123233\/IMG_54651-1067x800.jpg 1067w, https:\/\/cdn.unasp.br\/noticias\/wp-content\/uploads\/2019\/10\/29123233\/IMG_54651-960x720.jpg 960w, https:\/\/cdn.unasp.br\/noticias\/wp-content\/uploads\/2019\/10\/29123233\/IMG_54651-667x500.jpg 667w, https:\/\/cdn.unasp.br\/noticias\/wp-content\/uploads\/2019\/10\/29123233\/IMG_54651-640x480.jpg 640w, https:\/\/cdn.unasp.br\/noticias\/wp-content\/uploads\/2019\/10\/29123233\/IMG_54651-373x280.jpg 373w, https:\/\/cdn.unasp.br\/noticias\/wp-content\/uploads\/2019\/10\/29123233\/IMG_54651-500x375.jpg 500w, https:\/\/cdn.unasp.br\/noticias\/wp-content\/uploads\/2019\/10\/29123233\/IMG_54651-400x300.jpg 400w, https:\/\/cdn.unasp.br\/noticias\/wp-content\/uploads\/2019\/10\/29123233\/IMG_54651-333x250.jpg 333w, https:\/\/cdn.unasp.br\/noticias\/wp-content\/uploads\/2019\/10\/29123233\/IMG_54651-267x200.jpg 267w, https:\/\/cdn.unasp.br\/noticias\/wp-content\/uploads\/2019\/10\/29123233\/IMG_54651-200x150.jpg 200w, https:\/\/cdn.unasp.br\/noticias\/wp-content\/uploads\/2019\/10\/29123233\/IMG_54651-175x131.jpg 175w, https:\/\/cdn.unasp.br\/noticias\/wp-content\/uploads\/2019\/10\/29123233\/IMG_54651.jpg 2048w\" sizes=\"(max-width: 300px) 100vw, 300px\" \/><p id=\"caption-attachment-70028\" class=\"wp-caption-text\">Coordenador Calos Ferri e Vivianne Secco representando parceria entre Unasp e CEJUSC.<\/p><\/div>\n<p style=\"text-align: justify;\">Em apoio a crian\u00e7as e familiares que est\u00e3o vivenciando conflitos por causa do div\u00f3rcio, o curso de direito do Unasp est\u00e1 apoiando o projeto <em>Oficina de Pais<\/em>, do Centro Judici\u00e1rio de Solu\u00e7\u00e3o de Conflitos e Cidadania (CEJUSC) de Hortol\u00e2ndia. A parceria foi oficializada no dia 16 de outubro e j\u00e1 tem data para come\u00e7ar a funcionar, pois a partir do dia 25 de novembro estar\u00e1 oferecendo atendimento as fam\u00edlias que est\u00e3o vivenciando judicialmente situa\u00e7\u00e3o de div\u00f3rcio. <em>Oficina de Pais<\/em> \u00e9 um programa do Conselho Nacional de Justi\u00e7a e j\u00e1 existe em outras comarcas, mas agora torna-se uma realidade em Hortol\u00e2ndia gra\u00e7as a colabora\u00e7\u00e3o entre o f\u00f3rum e o centro universit\u00e1rio.<\/p>\n<p style=\"text-align: justify;\">O CEJUSC, \u00e9 uma unidade do Poder Judici\u00e1rio especializada em atendimento ao p\u00fablico para a solu\u00e7\u00e3o consensual de conflitos e orienta\u00e7\u00e3o nas mat\u00e9rias relativas \u00e0 cidadania. De acordo com a chefe de sess\u00e3o do CEJUSC Hortol\u00e2ndia, Vivianne Secco, o projeto Oficina de Pais ir\u00e1 acolher as fam\u00edlias que est\u00e3o vivendo em situa\u00e7\u00e3o de div\u00f3rcio ou dissolu\u00e7\u00e3o de uni\u00e3o est\u00e1vel, que tenham filhos menores. \u201cO objetivo \u00e9 que possamos empoderar os pais, para que resolvam seus conflitos da melhor forma poss\u00edvel, a fim de n\u00e3o envolver seus filhos em conflitos, conseguindo separar a conjugalidade da parentalidade. Criando um clima de seguran\u00e7a para as crian\u00e7as e evitando traumas em decorr\u00eancia do div\u00f3rcio\u201d, explica Vivianne.<\/p>\n<div id=\"attachment_70029\" style=\"width: 310px\" class=\"wp-caption alignright\"><img loading=\"lazy\" decoding=\"async\" aria-describedby=\"caption-attachment-70029\" class=\"wp-image-70029 size-medium\" src=\"https:\/\/www.unasp.br\/noticias\/wp-content\/uploads\/2019\/10\/IMG_5461-300x225.jpg\" alt=\"\" width=\"300\" height=\"225\" srcset=\"https:\/\/cdn.unasp.br\/noticias\/wp-content\/uploads\/2019\/10\/29123826\/IMG_5461-300x225.jpg 300w, https:\/\/cdn.unasp.br\/noticias\/wp-content\/uploads\/2019\/10\/29123826\/IMG_5461-768x576.jpg 768w, https:\/\/cdn.unasp.br\/noticias\/wp-content\/uploads\/2019\/10\/29123826\/IMG_5461-1024x768.jpg 1024w, https:\/\/cdn.unasp.br\/noticias\/wp-content\/uploads\/2019\/10\/29123826\/IMG_5461-800x600.jpg 800w, https:\/\/cdn.unasp.br\/noticias\/wp-content\/uploads\/2019\/10\/29123826\/IMG_5461-1067x800.jpg 1067w, https:\/\/cdn.unasp.br\/noticias\/wp-content\/uploads\/2019\/10\/29123826\/IMG_5461-960x720.jpg 960w, https:\/\/cdn.unasp.br\/noticias\/wp-content\/uploads\/2019\/10\/29123826\/IMG_5461-667x500.jpg 667w, https:\/\/cdn.unasp.br\/noticias\/wp-content\/uploads\/2019\/10\/29123826\/IMG_5461-640x480.jpg 640w, https:\/\/cdn.unasp.br\/noticias\/wp-content\/uploads\/2019\/10\/29123826\/IMG_5461-373x280.jpg 373w, https:\/\/cdn.unasp.br\/noticias\/wp-content\/uploads\/2019\/10\/29123826\/IMG_5461-500x375.jpg 500w, https:\/\/cdn.unasp.br\/noticias\/wp-content\/uploads\/2019\/10\/29123826\/IMG_5461-400x300.jpg 400w, https:\/\/cdn.unasp.br\/noticias\/wp-content\/uploads\/2019\/10\/29123826\/IMG_5461-333x250.jpg 333w, https:\/\/cdn.unasp.br\/noticias\/wp-content\/uploads\/2019\/10\/29123826\/IMG_5461-267x200.jpg 267w, https:\/\/cdn.unasp.br\/noticias\/wp-content\/uploads\/2019\/10\/29123826\/IMG_5461-200x150.jpg 200w, https:\/\/cdn.unasp.br\/noticias\/wp-content\/uploads\/2019\/10\/29123826\/IMG_5461-175x131.jpg 175w, https:\/\/cdn.unasp.br\/noticias\/wp-content\/uploads\/2019\/10\/29123826\/IMG_5461.jpg 2048w\" sizes=\"(max-width: 300px) 100vw, 300px\" \/><p id=\"caption-attachment-70029\" class=\"wp-caption-text\">Equipe de profissionais que estar\u00e3o ministrando o projeto Oficina de Pais.<\/p><\/div>\n<h3 style=\"text-align: justify;\"><strong>Quem vai participar da Oficina de Pais<\/strong><\/h3>\n<p style=\"text-align: justify;\">Durante as audi\u00eancias realizadas no CEJUSC, sempre que detectada alguma fam\u00edlia que esteja vivendo algum conflito resultado do div\u00f3rcio, elas ser\u00e3o direcionadas para a Oficina de Pais. A primeira edi\u00e7\u00e3o da Oficina vai acontecer nos dias 25 e 27 de novembro. A ideia \u00e9 convidar os pais que se inscrevam e participem, separados, destas oficinas.<\/p>\n<h3 style=\"text-align: justify;\"><strong>Parceria Unasp <\/strong><\/h3>\n<div id=\"attachment_70030\" style=\"width: 235px\" class=\"wp-caption alignleft\"><img loading=\"lazy\" decoding=\"async\" aria-describedby=\"caption-attachment-70030\" class=\"wp-image-70030 size-medium\" src=\"https:\/\/www.unasp.br\/noticias\/wp-content\/uploads\/2019\/10\/7d61da30-3dcf-4026-b190-c66813abd2fc-225x300.jpg\" alt=\"\" width=\"225\" height=\"300\" srcset=\"https:\/\/cdn.unasp.br\/noticias\/wp-content\/uploads\/2019\/10\/29124003\/7d61da30-3dcf-4026-b190-c66813abd2fc-225x300.jpg 225w, https:\/\/cdn.unasp.br\/noticias\/wp-content\/uploads\/2019\/10\/29124003\/7d61da30-3dcf-4026-b190-c66813abd2fc-768x1024.jpg 768w, https:\/\/cdn.unasp.br\/noticias\/wp-content\/uploads\/2019\/10\/29124003\/7d61da30-3dcf-4026-b190-c66813abd2fc-450x600.jpg 450w, https:\/\/cdn.unasp.br\/noticias\/wp-content\/uploads\/2019\/10\/29124003\/7d61da30-3dcf-4026-b190-c66813abd2fc-600x800.jpg 600w, https:\/\/cdn.unasp.br\/noticias\/wp-content\/uploads\/2019\/10\/29124003\/7d61da30-3dcf-4026-b190-c66813abd2fc-540x720.jpg 540w, https:\/\/cdn.unasp.br\/noticias\/wp-content\/uploads\/2019\/10\/29124003\/7d61da30-3dcf-4026-b190-c66813abd2fc-375x500.jpg 375w, https:\/\/cdn.unasp.br\/noticias\/wp-content\/uploads\/2019\/10\/29124003\/7d61da30-3dcf-4026-b190-c66813abd2fc-360x480.jpg 360w, https:\/\/cdn.unasp.br\/noticias\/wp-content\/uploads\/2019\/10\/29124003\/7d61da30-3dcf-4026-b190-c66813abd2fc-210x280.jpg 210w, https:\/\/cdn.unasp.br\/noticias\/wp-content\/uploads\/2019\/10\/29124003\/7d61da30-3dcf-4026-b190-c66813abd2fc-300x400.jpg 300w, https:\/\/cdn.unasp.br\/noticias\/wp-content\/uploads\/2019\/10\/29124003\/7d61da30-3dcf-4026-b190-c66813abd2fc-188x250.jpg 188w, https:\/\/cdn.unasp.br\/noticias\/wp-content\/uploads\/2019\/10\/29124003\/7d61da30-3dcf-4026-b190-c66813abd2fc-150x200.jpg 150w, https:\/\/cdn.unasp.br\/noticias\/wp-content\/uploads\/2019\/10\/29124003\/7d61da30-3dcf-4026-b190-c66813abd2fc-113x150.jpg 113w, https:\/\/cdn.unasp.br\/noticias\/wp-content\/uploads\/2019\/10\/29124003\/7d61da30-3dcf-4026-b190-c66813abd2fc-175x233.jpg 175w, https:\/\/cdn.unasp.br\/noticias\/wp-content\/uploads\/2019\/10\/29124003\/7d61da30-3dcf-4026-b190-c66813abd2fc.jpg 774w\" sizes=\"(max-width: 225px) 100vw, 225px\" \/><p id=\"caption-attachment-70030\" class=\"wp-caption-text\">Doutora Viviane Secco e doutora Juliana Ibrahim Kapor representantes do CEJUSC Hortol\u00e2ndia.<\/p><\/div>\n<p style=\"text-align: justify;\">Segundo o coordenador do curso de Direito, Carlos Ferri, o Unasp entra com a quest\u00e3o log\u00edstica envolvendo os cursos de direito, psicologia e pedagogia. Os alunos e professores do curso de direito devem auxiliar com as orienta\u00e7\u00f5es jur\u00eddicas, o curso de psicologia deve apoiar nas orienta\u00e7\u00f5es emocionais e o curso de pedagogia apoia filhos, atendendo as crian\u00e7as enquanto os pais est\u00e3o na oficina. \u201cEsse \u00e9 um projeto interessante para os alunos e para a sociedade. Unasp oferece um espa\u00e7o para acolher pais e filhos que v\u00e3o participar desta oficina, apoiando o poder judici\u00e1rio e auxiliando a popula\u00e7\u00e3o\u201d, destacou Ferri.<\/p>\n<p style=\"text-align: justify;\">As parcerias entre o f\u00f3rum de Hortol\u00e2ndia e o Unasp est\u00e3o apenas come\u00e7ando. \u201cN\u00f3s estamos conversando com a doutora Juliana Ibrahim Kapor, respons\u00e1vel pele CEJUSC de Hortol\u00e2ndia, e temos muitos projetos que devem acontecer com a finalidade de apoiar a popula\u00e7\u00e3o de Hortol\u00e2ndia e ao mesmo tempo proporcionar aos nossos estudantes experi\u00eancias na pr\u00e1tica jur\u00eddica\u201d, acrescentou Ferri.<\/p>\n<p style=\"text-align: justify;\">\n","protected":false},"excerpt":{"rendered":"<p>Em apoio a crian\u00e7as e familiares que est\u00e3o vivenciando conflitos por causa do div\u00f3rcio, o curso de [&hellip;]<\/p>\n","protected":false},"author":73,"featured_media":70028,"comment_status":"open","ping_status":"open","sticky":false,"template":"","format":"standard","meta":{"footnotes":""},"categories":[10],"tags":[],"yoast_head":"<!-- This site is optimized with the Yoast SEO plugin v23.5 - https:\/\/yoast.com\/wordpress\/plugins\/seo\/ -->\n<title>Curso de direito faz parceria com CEJUSC para apoiar fam\u00edlias em situa\u00e7\u00e3o de div\u00f3rcio - UNASP Noticias<\/title>\n<meta name=\"robots\" content=\"index, follow, max-snippet:-1, max-image-preview:large, max-video-preview:-1\" \/>\n<link rel=\"canonical\" href=\"https:\/\/unasp.br\/noticias\/curso-de-direito-faz-parceria-com-cejusc-para-apoiar-familias-em-situacao-de-divorcio\/\" \/>\n<meta property=\"og:locale\" content=\"pt_BR\" \/>\n<meta property=\"og:type\" content=\"article\" \/>\n<meta property=\"og:title\" content=\"Curso de direito faz parceria com CEJUSC para apoiar fam\u00edlias em situa\u00e7\u00e3o de div\u00f3rcio - UNASP Noticias\" \/>\n<meta property=\"og:description\" content=\"Em apoio a crian\u00e7as e familiares que est\u00e3o vivenciando conflitos por causa do div\u00f3rcio, o curso de [&hellip;]\" \/>\n<meta property=\"og:url\" content=\"https:\/\/unasp.br\/noticias\/curso-de-direito-faz-parceria-com-cejusc-para-apoiar-familias-em-situacao-de-divorcio\/\" \/>\n<meta property=\"og:site_name\" content=\"UNASP Noticias\" \/>\n<meta property=\"article:published_time\" content=\"2019-10-29T18:42:45+00:00\" \/>\n<meta property=\"article:modified_time\" content=\"2019-10-29T19:03:33+00:00\" \/>\n<meta property=\"og:image\" content=\"https:\/\/cdn.unasp.br\/noticias\/wp-content\/uploads\/2019\/10\/29123233\/IMG_54651.jpg\" \/>\n\t<meta property=\"og:image:width\" content=\"2048\" \/>\n\t<meta property=\"og:image:height\" content=\"1536\" \/>\n\t<meta property=\"og:image:type\" content=\"image\/jpeg\" \/>\n<meta name=\"author\" content=\"Maria da Gl\u00f3ria Marques de Paula Barreto\" \/>\n<meta name=\"twitter:card\" content=\"summary_large_image\" \/>\n<meta name=\"twitter:label1\" content=\"Escrito por\" \/>\n\t<meta name=\"twitter:data1\" content=\"Maria da Gl\u00f3ria Marques de Paula Barreto\" \/>\n\t<meta name=\"twitter:label2\" content=\"Est. tempo de leitura\" \/>\n\t<meta name=\"twitter:data2\" content=\"3 minutos\" \/>\n<script type=\"application\/ld+json\" class=\"yoast-schema-graph\">{\"@context\":\"https:\/\/schema.org\",\"@graph\":[{\"@type\":\"Article\",\"@id\":\"https:\/\/unasp.br\/noticias\/curso-de-direito-faz-parceria-com-cejusc-para-apoiar-familias-em-situacao-de-divorcio\/#article\",\"isPartOf\":{\"@id\":\"https:\/\/unasp.br\/noticias\/curso-de-direito-faz-parceria-com-cejusc-para-apoiar-familias-em-situacao-de-divorcio\/\"},\"author\":{\"name\":\"Maria da Gl\u00f3ria Marques de Paula Barreto\",\"@id\":\"https:\/\/unasp.br\/noticias\/#\/schema\/person\/f3393a032491eabc46fadb3656375334\"},\"headline\":\"Curso de direito faz parceria com CEJUSC para apoiar fam\u00edlias em situa\u00e7\u00e3o de div\u00f3rcio\",\"datePublished\":\"2019-10-29T18:42:45+00:00\",\"dateModified\":\"2019-10-29T19:03:33+00:00\",\"mainEntityOfPage\":{\"@id\":\"https:\/\/unasp.br\/noticias\/curso-de-direito-faz-parceria-com-cejusc-para-apoiar-familias-em-situacao-de-divorcio\/\"},\"wordCount\":572,\"commentCount\":0,\"publisher\":{\"@id\":\"https:\/\/unasp.br\/noticias\/#organization\"},\"image\":{\"@id\":\"https:\/\/unasp.br\/noticias\/curso-de-direito-faz-parceria-com-cejusc-para-apoiar-familias-em-situacao-de-divorcio\/#primaryimage\"},\"thumbnailUrl\":\"https:\/\/cdn.unasp.br\/noticias\/wp-content\/uploads\/2019\/10\/29123233\/IMG_54651.jpg\",\"articleSection\":[\"Impacto Social\"],\"inLanguage\":\"pt-BR\",\"potentialAction\":[{\"@type\":\"CommentAction\",\"name\":\"Comment\",\"target\":[\"https:\/\/unasp.br\/noticias\/curso-de-direito-faz-parceria-com-cejusc-para-apoiar-familias-em-situacao-de-divorcio\/#respond\"]}]},{\"@type\":\"WebPage\",\"@id\":\"https:\/\/unasp.br\/noticias\/curso-de-direito-faz-parceria-com-cejusc-para-apoiar-familias-em-situacao-de-divorcio\/\",\"url\":\"https:\/\/unasp.br\/noticias\/curso-de-direito-faz-parceria-com-cejusc-para-apoiar-familias-em-situacao-de-divorcio\/\",\"name\":\"Curso de direito faz parceria com CEJUSC para apoiar fam\u00edlias em situa\u00e7\u00e3o de div\u00f3rcio - UNASP Noticias\",\"isPartOf\":{\"@id\":\"https:\/\/unasp.br\/noticias\/#website\"},\"primaryImageOfPage\":{\"@id\":\"https:\/\/unasp.br\/noticias\/curso-de-direito-faz-parceria-com-cejusc-para-apoiar-familias-em-situacao-de-divorcio\/#primaryimage\"},\"image\":{\"@id\":\"https:\/\/unasp.br\/noticias\/curso-de-direito-faz-parceria-com-cejusc-para-apoiar-familias-em-situacao-de-divorcio\/#primaryimage\"},\"thumbnailUrl\":\"https:\/\/cdn.unasp.br\/noticias\/wp-content\/uploads\/2019\/10\/29123233\/IMG_54651.jpg\",\"datePublished\":\"2019-10-29T18:42:45+00:00\",\"dateModified\":\"2019-10-29T19:03:33+00:00\",\"breadcrumb\":{\"@id\":\"https:\/\/unasp.br\/noticias\/curso-de-direito-faz-parceria-com-cejusc-para-apoiar-familias-em-situacao-de-divorcio\/#breadcrumb\"},\"inLanguage\":\"pt-BR\",\"potentialAction\":[{\"@type\":\"ReadAction\",\"target\":[\"https:\/\/unasp.br\/noticias\/curso-de-direito-faz-parceria-com-cejusc-para-apoiar-familias-em-situacao-de-divorcio\/\"]}]},{\"@type\":\"ImageObject\",\"inLanguage\":\"pt-BR\",\"@id\":\"https:\/\/unasp.br\/noticias\/curso-de-direito-faz-parceria-com-cejusc-para-apoiar-familias-em-situacao-de-divorcio\/#primaryimage\",\"url\":\"https:\/\/cdn.unasp.br\/noticias\/wp-content\/uploads\/2019\/10\/29123233\/IMG_54651.jpg\",\"contentUrl\":\"https:\/\/cdn.unasp.br\/noticias\/wp-content\/uploads\/2019\/10\/29123233\/IMG_54651.jpg\",\"width\":2048,\"height\":1536,\"caption\":\"Coordenador Calos Ferri e Vivianne represenando parceria entre Unasp e Cejusc.\"},{\"@type\":\"BreadcrumbList\",\"@id\":\"https:\/\/unasp.br\/noticias\/curso-de-direito-faz-parceria-com-cejusc-para-apoiar-familias-em-situacao-de-divorcio\/#breadcrumb\",\"itemListElement\":[{\"@type\":\"ListItem\",\"position\":1,\"name\":\"In\u00edcio\",\"item\":\"https:\/\/unasp.br\/noticias\/\"},{\"@type\":\"ListItem\",\"position\":2,\"name\":\"Curso de direito faz parceria com CEJUSC para apoiar fam\u00edlias em situa\u00e7\u00e3o de div\u00f3rcio\"}]},{\"@type\":\"WebSite\",\"@id\":\"https:\/\/unasp.br\/noticias\/#website\",\"url\":\"https:\/\/unasp.br\/noticias\/\",\"name\":\"UNASP Noticias\",\"description\":\"Centro Universit\u00e1rio Adventista de S\u00e3o Paulo\",\"publisher\":{\"@id\":\"https:\/\/unasp.br\/noticias\/#organization\"},\"potentialAction\":[{\"@type\":\"SearchAction\",\"target\":{\"@type\":\"EntryPoint\",\"urlTemplate\":\"https:\/\/unasp.br\/noticias\/?s={search_term_string}\"},\"query-input\":{\"@type\":\"PropertyValueSpecification\",\"valueRequired\":true,\"valueName\":\"search_term_string\"}}],\"inLanguage\":\"pt-BR\"},{\"@type\":\"Organization\",\"@id\":\"https:\/\/unasp.br\/noticias\/#organization\",\"name\":\"UNASP Noticias\",\"url\":\"https:\/\/unasp.br\/noticias\/\",\"logo\":{\"@type\":\"ImageObject\",\"inLanguage\":\"pt-BR\",\"@id\":\"https:\/\/unasp.br\/noticias\/#\/schema\/logo\/image\/\",\"url\":\"https:\/\/cdn.unasp.br\/noticias\/wp-content\/uploads\/2021\/09\/09152724\/logo-unasp-news.png\",\"contentUrl\":\"https:\/\/cdn.unasp.br\/noticias\/wp-content\/uploads\/2021\/09\/09152724\/logo-unasp-news.png\",\"width\":240,\"height\":41,\"caption\":\"UNASP Noticias\"},\"image\":{\"@id\":\"https:\/\/unasp.br\/noticias\/#\/schema\/logo\/image\/\"}},{\"@type\":\"Person\",\"@id\":\"https:\/\/unasp.br\/noticias\/#\/schema\/person\/f3393a032491eabc46fadb3656375334\",\"name\":\"Maria da Gl\u00f3ria Marques de Paula Barreto\",\"image\":{\"@type\":\"ImageObject\",\"inLanguage\":\"pt-BR\",\"@id\":\"https:\/\/unasp.br\/noticias\/#\/schema\/person\/image\/\",\"url\":\"https:\/\/secure.gravatar.com\/avatar\/3c23babfa2a847f4ce1e1403fe341fa3?s=96&d=mm&r=g\",\"contentUrl\":\"https:\/\/secure.gravatar.com\/avatar\/3c23babfa2a847f4ce1e1403fe341fa3?s=96&d=mm&r=g\",\"caption\":\"Maria da Gl\u00f3ria Marques de Paula Barreto\"},\"url\":\"https:\/\/unasp.br\/noticias\/author\/gloria-barretoadventistas-org\/\"}]}<\/script>\n<!-- \/ Yoast SEO plugin. -->","yoast_head_json":{"title":"Curso de direito faz parceria com CEJUSC para apoiar fam\u00edlias em situa\u00e7\u00e3o de div\u00f3rcio - UNASP Noticias","robots":{"index":"index","follow":"follow","max-snippet":"max-snippet:-1","max-image-preview":"max-image-preview:large","max-video-preview":"max-video-preview:-1"},"canonical":"https:\/\/unasp.br\/noticias\/curso-de-direito-faz-parceria-com-cejusc-para-apoiar-familias-em-situacao-de-divorcio\/","og_locale":"pt_BR","og_type":"article","og_title":"Curso de direito faz parceria com CEJUSC para apoiar fam\u00edlias em situa\u00e7\u00e3o de div\u00f3rcio - UNASP Noticias","og_description":"Em apoio a crian\u00e7as e familiares que est\u00e3o vivenciando conflitos por causa do div\u00f3rcio, o curso de [&hellip;]","og_url":"https:\/\/unasp.br\/noticias\/curso-de-direito-faz-parceria-com-cejusc-para-apoiar-familias-em-situacao-de-divorcio\/","og_site_name":"UNASP Noticias","article_published_time":"2019-10-29T18:42:45+00:00","article_modified_time":"2019-10-29T19:03:33+00:00","og_image":[{"width":2048,"height":1536,"url":"https:\/\/cdn.unasp.br\/noticias\/wp-content\/uploads\/2019\/10\/29123233\/IMG_54651.jpg","type":"image\/jpeg"}],"author":"Maria da Gl\u00f3ria Marques de Paula Barreto","twitter_card":"summary_large_image","twitter_misc":{"Escrito por":"Maria da Gl\u00f3ria Marques de Paula Barreto","Est. tempo de leitura":"3 minutos"},"schema":{"@context":"https:\/\/schema.org","@graph":[{"@type":"Article","@id":"https:\/\/unasp.br\/noticias\/curso-de-direito-faz-parceria-com-cejusc-para-apoiar-familias-em-situacao-de-divorcio\/#article","isPartOf":{"@id":"https:\/\/unasp.br\/noticias\/curso-de-direito-faz-parceria-com-cejusc-para-apoiar-familias-em-situacao-de-divorcio\/"},"author":{"name":"Maria da Gl\u00f3ria Marques de Paula Barreto","@id":"https:\/\/unasp.br\/noticias\/#\/schema\/person\/f3393a032491eabc46fadb3656375334"},"headline":"Curso de direito faz parceria com CEJUSC para apoiar fam\u00edlias em situa\u00e7\u00e3o de div\u00f3rcio","datePublished":"2019-10-29T18:42:45+00:00","dateModified":"2019-10-29T19:03:33+00:00","mainEntityOfPage":{"@id":"https:\/\/unasp.br\/noticias\/curso-de-direito-faz-parceria-com-cejusc-para-apoiar-familias-em-situacao-de-divorcio\/"},"wordCount":572,"commentCount":0,"publisher":{"@id":"https:\/\/unasp.br\/noticias\/#organization"},"image":{"@id":"https:\/\/unasp.br\/noticias\/curso-de-direito-faz-parceria-com-cejusc-para-apoiar-familias-em-situacao-de-divorcio\/#primaryimage"},"thumbnailUrl":"https:\/\/cdn.unasp.br\/noticias\/wp-content\/uploads\/2019\/10\/29123233\/IMG_54651.jpg","articleSection":["Impacto Social"],"inLanguage":"pt-BR","potentialAction":[{"@type":"CommentAction","name":"Comment","target":["https:\/\/unasp.br\/noticias\/curso-de-direito-faz-parceria-com-cejusc-para-apoiar-familias-em-situacao-de-divorcio\/#respond"]}]},{"@type":"WebPage","@id":"https:\/\/unasp.br\/noticias\/curso-de-direito-faz-parceria-com-cejusc-para-apoiar-familias-em-situacao-de-divorcio\/","url":"https:\/\/unasp.br\/noticias\/curso-de-direito-faz-parceria-com-cejusc-para-apoiar-familias-em-situacao-de-divorcio\/","name":"Curso de direito faz parceria com CEJUSC para apoiar fam\u00edlias em situa\u00e7\u00e3o de div\u00f3rcio - UNASP Noticias","isPartOf":{"@id":"https:\/\/unasp.br\/noticias\/#website"},"primaryImageOfPage":{"@id":"https:\/\/unasp.br\/noticias\/curso-de-direito-faz-parceria-com-cejusc-para-apoiar-familias-em-situacao-de-divorcio\/#primaryimage"},"image":{"@id":"https:\/\/unasp.br\/noticias\/curso-de-direito-faz-parceria-com-cejusc-para-apoiar-familias-em-situacao-de-divorcio\/#primaryimage"},"thumbnailUrl":"https:\/\/cdn.unasp.br\/noticias\/wp-content\/uploads\/2019\/10\/29123233\/IMG_54651.jpg","datePublished":"2019-10-29T18:42:45+00:00","dateModified":"2019-10-29T19:03:33+00:00","breadcrumb":{"@id":"https:\/\/unasp.br\/noticias\/curso-de-direito-faz-parceria-com-cejusc-para-apoiar-familias-em-situacao-de-divorcio\/#breadcrumb"},"inLanguage":"pt-BR","potentialAction":[{"@type":"ReadAction","target":["https:\/\/unasp.br\/noticias\/curso-de-direito-faz-parceria-com-cejusc-para-apoiar-familias-em-situacao-de-divorcio\/"]}]},{"@type":"ImageObject","inLanguage":"pt-BR","@id":"https:\/\/unasp.br\/noticias\/curso-de-direito-faz-parceria-com-cejusc-para-apoiar-familias-em-situacao-de-divorcio\/#primaryimage","url":"https:\/\/cdn.unasp.br\/noticias\/wp-content\/uploads\/2019\/10\/29123233\/IMG_54651.jpg","contentUrl":"https:\/\/cdn.unasp.br\/noticias\/wp-content\/uploads\/2019\/10\/29123233\/IMG_54651.jpg","width":2048,"height":1536,"caption":"Coordenador Calos Ferri e Vivianne represenando parceria entre Unasp e Cejusc."},{"@type":"BreadcrumbList","@id":"https:\/\/unasp.br\/noticias\/curso-de-direito-faz-parceria-com-cejusc-para-apoiar-familias-em-situacao-de-divorcio\/#breadcrumb","itemListElement":[{"@type":"ListItem","position":1,"name":"In\u00edcio","item":"https:\/\/unasp.br\/noticias\/"},{"@type":"ListItem","position":2,"name":"Curso de direito faz parceria com CEJUSC para apoiar fam\u00edlias em situa\u00e7\u00e3o de div\u00f3rcio"}]},{"@type":"WebSite","@id":"https:\/\/unasp.br\/noticias\/#website","url":"https:\/\/unasp.br\/noticias\/","name":"UNASP Noticias","description":"Centro Universit\u00e1rio Adventista de S\u00e3o Paulo","publisher":{"@id":"https:\/\/unasp.br\/noticias\/#organization"},"potentialAction":[{"@type":"SearchAction","target":{"@type":"EntryPoint","urlTemplate":"https:\/\/unasp.br\/noticias\/?s={search_term_string}"},"query-input":{"@type":"PropertyValueSpecification","valueRequired":true,"valueName":"search_term_string"}}],"inLanguage":"pt-BR"},{"@type":"Organization","@id":"https:\/\/unasp.br\/noticias\/#organization","name":"UNASP Noticias","url":"https:\/\/unasp.br\/noticias\/","logo":{"@type":"ImageObject","inLanguage":"pt-BR","@id":"https:\/\/unasp.br\/noticias\/#\/schema\/logo\/image\/","url":"https:\/\/cdn.unasp.br\/noticias\/wp-content\/uploads\/2021\/09\/09152724\/logo-unasp-news.png","contentUrl":"https:\/\/cdn.unasp.br\/noticias\/wp-content\/uploads\/2021\/09\/09152724\/logo-unasp-news.png","width":240,"height":41,"caption":"UNASP Noticias"},"image":{"@id":"https:\/\/unasp.br\/noticias\/#\/schema\/logo\/image\/"}},{"@type":"Person","@id":"https:\/\/unasp.br\/noticias\/#\/schema\/person\/f3393a032491eabc46fadb3656375334","name":"Maria da Gl\u00f3ria Marques de Paula Barreto","image":{"@type":"ImageObject","inLanguage":"pt-BR","@id":"https:\/\/unasp.br\/noticias\/#\/schema\/person\/image\/","url":"https:\/\/secure.gravatar.com\/avatar\/3c23babfa2a847f4ce1e1403fe341fa3?s=96&d=mm&r=g","contentUrl":"https:\/\/secure.gravatar.com\/avatar\/3c23babfa2a847f4ce1e1403fe341fa3?s=96&d=mm&r=g","caption":"Maria da Gl\u00f3ria Marques de Paula Barreto"},"url":"https:\/\/unasp.br\/noticias\/author\/gloria-barretoadventistas-org\/"}]}},"_links":{"self":[{"href":"https:\/\/unasp.br\/noticias\/wp-json\/wp\/v2\/posts\/70027"}],"collection":[{"href":"https:\/\/unasp.br\/noticias\/wp-json\/wp\/v2\/posts"}],"about":[{"href":"https:\/\/unasp.br\/noticias\/wp-json\/wp\/v2\/types\/post"}],"author":[{"embeddable":true,"href":"https:\/\/unasp.br\/noticias\/wp-json\/wp\/v2\/users\/73"}],"replies":[{"embeddable":true,"href":"https:\/\/unasp.br\/noticias\/wp-json\/wp\/v2\/comments?post=70027"}],"version-history":[{"count":3,"href":"https:\/\/unasp.br\/noticias\/wp-json\/wp\/v2\/posts\/70027\/revisions"}],"predecessor-version":[{"id":70033,"href":"https:\/\/unasp.br\/noticias\/wp-json\/wp\/v2\/posts\/70027\/revisions\/70033"}],"wp:featuredmedia":[{"embeddable":true,"href":"https:\/\/unasp.br\/noticias\/wp-json\/wp\/v2\/media\/70028"}],"wp:attachment":[{"href":"https:\/\/unasp.br\/noticias\/wp-json\/wp\/v2\/media?parent=70027"}],"wp:term":[{"taxonomy":"category","embeddable":true,"href":"https:\/\/unasp.br\/noticias\/wp-json\/wp\/v2\/categories?post=70027"},{"taxonomy":"post_tag","embeddable":true,"href":"https:\/\/unasp.br\/noticias\/wp-json\/wp\/v2\/tags?post=70027"}],"curies":[{"name":"wp","href":"https:\/\/api.w.org\/{rel}","templated":true}]}}