{"id":70101,"date":"2019-10-30T17:03:09","date_gmt":"2019-10-30T20:03:09","guid":{"rendered":"https:\/\/www.unasp.br\/noticias\/?p=70101"},"modified":"2019-10-30T17:10:09","modified_gmt":"2019-10-30T20:10:09","slug":"outubro-rosa-doenca-escura","status":"publish","type":"post","link":"https:\/\/unasp.br\/noticias\/outubro-rosa-doenca-escura\/","title":{"rendered":"Outubro rosa, doen\u00e7a escura"},"content":{"rendered":"<p><em><img loading=\"lazy\" decoding=\"async\" class=\"wp-image-70103 aligncenter\" src=\"https:\/\/www.unasp.br\/noticias\/wp-content\/uploads\/2019\/10\/WhatsApp-Image-2019-10-25-at-09.31.25-240x300.jpeg\" alt=\"\" width=\"600\" height=\"750\" srcset=\"https:\/\/cdn.unasp.br\/noticias\/wp-content\/uploads\/2019\/10\/30135856\/WhatsApp-Image-2019-10-25-at-09.31.25-240x300.jpeg 240w, https:\/\/cdn.unasp.br\/noticias\/wp-content\/uploads\/2019\/10\/30135856\/WhatsApp-Image-2019-10-25-at-09.31.25-768x960.jpeg 768w, https:\/\/cdn.unasp.br\/noticias\/wp-content\/uploads\/2019\/10\/30135856\/WhatsApp-Image-2019-10-25-at-09.31.25-819x1024.jpeg 819w, https:\/\/cdn.unasp.br\/noticias\/wp-content\/uploads\/2019\/10\/30135856\/WhatsApp-Image-2019-10-25-at-09.31.25-480x600.jpeg 480w, https:\/\/cdn.unasp.br\/noticias\/wp-content\/uploads\/2019\/10\/30135856\/WhatsApp-Image-2019-10-25-at-09.31.25-640x800.jpeg 640w, https:\/\/cdn.unasp.br\/noticias\/wp-content\/uploads\/2019\/10\/30135856\/WhatsApp-Image-2019-10-25-at-09.31.25-576x720.jpeg 576w, https:\/\/cdn.unasp.br\/noticias\/wp-content\/uploads\/2019\/10\/30135856\/WhatsApp-Image-2019-10-25-at-09.31.25-400x500.jpeg 400w, https:\/\/cdn.unasp.br\/noticias\/wp-content\/uploads\/2019\/10\/30135856\/WhatsApp-Image-2019-10-25-at-09.31.25-384x480.jpeg 384w, https:\/\/cdn.unasp.br\/noticias\/wp-content\/uploads\/2019\/10\/30135856\/WhatsApp-Image-2019-10-25-at-09.31.25-224x280.jpeg 224w, https:\/\/cdn.unasp.br\/noticias\/wp-content\/uploads\/2019\/10\/30135856\/WhatsApp-Image-2019-10-25-at-09.31.25-320x400.jpeg 320w, https:\/\/cdn.unasp.br\/noticias\/wp-content\/uploads\/2019\/10\/30135856\/WhatsApp-Image-2019-10-25-at-09.31.25-200x250.jpeg 200w, https:\/\/cdn.unasp.br\/noticias\/wp-content\/uploads\/2019\/10\/30135856\/WhatsApp-Image-2019-10-25-at-09.31.25-160x200.jpeg 160w, https:\/\/cdn.unasp.br\/noticias\/wp-content\/uploads\/2019\/10\/30135856\/WhatsApp-Image-2019-10-25-at-09.31.25-120x150.jpeg 120w, https:\/\/cdn.unasp.br\/noticias\/wp-content\/uploads\/2019\/10\/30135856\/WhatsApp-Image-2019-10-25-at-09.31.25-175x219.jpeg 175w, https:\/\/cdn.unasp.br\/noticias\/wp-content\/uploads\/2019\/10\/30135856\/WhatsApp-Image-2019-10-25-at-09.31.25.jpeg 1024w\" sizes=\"(max-width: 600px) 100vw, 600px\" \/><\/em><\/p>\n<p style=\"text-align: center;\"><em>O relato de um filho que viu a m\u00e3e vencer o c\u00e2ncer de mama<\/em><\/p>\n<p>&nbsp;<\/p>\n<p style=\"text-align: justify;\">Bruno Santos estava na cozinha quando sua m\u00e3e chegou para conversar. Era uma sexta-feira \u00e0 noite e, naquele momento, s\u00f3 os dois estavam no c\u00f4modo. Como quem j\u00e1 esperava, ele recebeu a not\u00edcia de que sua m\u00e3e, Rosana Santos, estava com c\u00e2ncer de mama. O c\u00e9u escuro l\u00e1 fora agora parecia envolver seu cora\u00e7\u00e3o. Os olhos dos dois se encheram de l\u00e1grimas. \u201cE agora? Como mudar essa situa\u00e7\u00e3o?\u201d, foi o primeiro pensamento do filho.<\/p>\n<p style=\"text-align: justify;\">Os dias foram passando e Bruno se manteve tranquilo. Por\u00e9m, sua mente n\u00e3o conseguiu ignorar por muito tempo o que acontecera. Uma semana ap\u00f3s a not\u00edcia de que sua m\u00e3e estava doente, \u201ccaiu a ficha\u201d. Ele estava em meio a amigos \u2013 tamb\u00e9m durante uma sexta-feira \u2013 quando se deu conta da gravidade daquela nova realidade. \u201cComecei a entender o que tudo aquilo significava e a imaginar o tanto que ela iria sofrer. Eu n\u00e3o aguentei, tive que ir embora\u201d, relata.<\/p>\n<p style=\"text-align: justify;\">Com 25 anos de idade, Bruno Cesar Cardoso Santos \u00e9 formado em m\u00fasica e possui uma agenda cheia. Por ser bar\u00edtono do grupo musical Vocal Livre e regente do Coral de Sinos do Unasp campus Engenheiro Coelho, precisa viajar in\u00fameras vezes durante o m\u00eas. Al\u00e9m das fun\u00e7\u00f5es que demanda deslocamento, Bruno ainda atua como professor de ingl\u00eas para o curso de teologia e par ao Ensino M\u00e9dio na institui\u00e7\u00e3o. Em seu tempo livre, n\u00e3o esconde o amor que sente por videogame, filmes e s\u00e9ries. \u201cPor mim, eu s\u00f3 faria essas tr\u00eas coisas\u201d, brinca. Antes da enfermidade da m\u00e3e, a fam\u00edlia \u2013 os pais e os dois irm\u00e3os \u2013 costumava jogar v\u00f4lei e praticar gin\u00e1stica. Depois do diagn\u00f3stico, as consultas se tornaram frequentes, e os momentos de lazer deixaram de ser prioridade.<\/p>\n<p style=\"text-align: justify;\"><strong>Inimigo silencioso<img loading=\"lazy\" decoding=\"async\" class=\"wp-image-70102 alignright\" src=\"https:\/\/www.unasp.br\/noticias\/wp-content\/uploads\/2019\/10\/WhatsApp-Image-2019-10-25-at-09.31.27-240x300.jpeg\" alt=\"\" width=\"600\" height=\"750\" srcset=\"https:\/\/cdn.unasp.br\/noticias\/wp-content\/uploads\/2019\/10\/30135846\/WhatsApp-Image-2019-10-25-at-09.31.27-240x300.jpeg 240w, https:\/\/cdn.unasp.br\/noticias\/wp-content\/uploads\/2019\/10\/30135846\/WhatsApp-Image-2019-10-25-at-09.31.27-768x960.jpeg 768w, https:\/\/cdn.unasp.br\/noticias\/wp-content\/uploads\/2019\/10\/30135846\/WhatsApp-Image-2019-10-25-at-09.31.27-819x1024.jpeg 819w, https:\/\/cdn.unasp.br\/noticias\/wp-content\/uploads\/2019\/10\/30135846\/WhatsApp-Image-2019-10-25-at-09.31.27-480x600.jpeg 480w, https:\/\/cdn.unasp.br\/noticias\/wp-content\/uploads\/2019\/10\/30135846\/WhatsApp-Image-2019-10-25-at-09.31.27-640x800.jpeg 640w, https:\/\/cdn.unasp.br\/noticias\/wp-content\/uploads\/2019\/10\/30135846\/WhatsApp-Image-2019-10-25-at-09.31.27-576x720.jpeg 576w, https:\/\/cdn.unasp.br\/noticias\/wp-content\/uploads\/2019\/10\/30135846\/WhatsApp-Image-2019-10-25-at-09.31.27-400x500.jpeg 400w, https:\/\/cdn.unasp.br\/noticias\/wp-content\/uploads\/2019\/10\/30135846\/WhatsApp-Image-2019-10-25-at-09.31.27-384x480.jpeg 384w, https:\/\/cdn.unasp.br\/noticias\/wp-content\/uploads\/2019\/10\/30135846\/WhatsApp-Image-2019-10-25-at-09.31.27-224x280.jpeg 224w, https:\/\/cdn.unasp.br\/noticias\/wp-content\/uploads\/2019\/10\/30135846\/WhatsApp-Image-2019-10-25-at-09.31.27-320x400.jpeg 320w, https:\/\/cdn.unasp.br\/noticias\/wp-content\/uploads\/2019\/10\/30135846\/WhatsApp-Image-2019-10-25-at-09.31.27-200x250.jpeg 200w, https:\/\/cdn.unasp.br\/noticias\/wp-content\/uploads\/2019\/10\/30135846\/WhatsApp-Image-2019-10-25-at-09.31.27-160x200.jpeg 160w, https:\/\/cdn.unasp.br\/noticias\/wp-content\/uploads\/2019\/10\/30135846\/WhatsApp-Image-2019-10-25-at-09.31.27-120x150.jpeg 120w, https:\/\/cdn.unasp.br\/noticias\/wp-content\/uploads\/2019\/10\/30135846\/WhatsApp-Image-2019-10-25-at-09.31.27-175x219.jpeg 175w, https:\/\/cdn.unasp.br\/noticias\/wp-content\/uploads\/2019\/10\/30135846\/WhatsApp-Image-2019-10-25-at-09.31.27.jpeg 1024w\" sizes=\"(max-width: 600px) 100vw, 600px\" \/> <\/strong><\/p>\n<p style=\"text-align: justify;\">O c\u00e2ncer chegou sem avisar. Rosana n\u00e3o teve dor e tamb\u00e9m n\u00e3o apresentou nenhum tipo de caracter\u00edstica externa que indicasse problemas na sa\u00fade dos seios. Nada aconteceu para presumir algo, salvo o dia em que fez um exame de rotina. Era fevereiro de 2017 quando a m\u00e9dica andava de um lado para o outro, como se suspeitasse de alguma coisa. Ao fim do exame, a especialista a instruiu que procurasse outro m\u00e9dico, pois havia um n\u00f3dulo \u201cesquisito\u201d em uma das mamas.<\/p>\n<p style=\"text-align: justify;\">Era exame em cima de exame, e esse processo deixou Rosana atordoada. \u201cO meu marido me ajudou a n\u00e3o sofrer tanto at\u00e9 ter o resultado definitivo\u201d, relata. Mesmo assim, ela sentiu muita ang\u00fastia durante os seis meses entre o diagn\u00f3stico e cirurgia que erradicou o c\u00e2ncer de seu corpo, a mastectomia. A partir da retirada da mama esquerda, o cuidado com a sa\u00fade come\u00e7ou a ser dobrado, e o in\u00edcio da quimioterapia foi o pontap\u00e9 de outros agravos.<\/p>\n<p style=\"text-align: justify;\">Bruno recorda que a pior parte foi ver o cabelo de sua m\u00e3e cair em raz\u00e3o da quimioterapia. \u201cSempre achei a minha m\u00e3e muito, muito forte!\u201d, relembra ao dizer que nunca havia visto um lado fraco dela antes da perda de cabelo. Ele diz que, como fam\u00edlia, \u00e9 importante ser especialmente carinhoso nessa situa\u00e7\u00e3o delicada, pois a mulher est\u00e1 perdendo uma parte dela, e isso \u201cs\u00f3 se preenche com amor\u201d.<\/p>\n<p style=\"text-align: justify;\">Durante alguns dias daquele per\u00edodo doloroso, Bruno enviou fotos de mulheres carecas para Rosana, mostrando que nem por isso elas deixavam de ser lindas. No entanto, nem sempre o esfor\u00e7o era recompensado. \u201cA perda do cabelo foi muito significativa para ela. Ent\u00e3o, n\u00e3o importava o que eu fizesse, n\u00e3o iria mudar muita coisa\u201d, lamenta. Outra maneira encontrada para cuidar da m\u00e3e foi dividir as tarefas em casa. Para a fam\u00edlia, a maior dificuldade era conciliar as atividades pessoais de cada um com o servi\u00e7o dom\u00e9stico.<\/p>\n<p style=\"text-align: justify;\"><strong>C\u00e2ncer, sa\u00fade emocional e a cura<\/strong><\/p>\n<p style=\"text-align: justify;\">O que eu e voc\u00ea n\u00e3o imaginamos \u00e9 que o diagn\u00f3stico da doen\u00e7a \u00e9 s\u00f3 a ponta do <em>iceberg<\/em> para quem est\u00e1 com c\u00e2ncer. As implica\u00e7\u00f5es v\u00e3o de dores a problemas da sa\u00fade emocional. Al\u00e9m das cicatrizes no peito, Rosana tamb\u00e9m foi ferida psicologicamente. \u201c\u00c0s vezes, eu pensava em deixar a casa arrumada e fazer a compra do m\u00eas para minha fam\u00edlia, por ter a sensa\u00e7\u00e3o que eu n\u00e3o estaria mais viva em pouco tempo\u201d, conta. E esse era apenas um dos dramas que a envolveu enquanto passava pelo tratamento.<\/p>\n<p style=\"text-align: justify;\">Dois anos ap\u00f3s o diagn\u00f3stico inicial, Rosana est\u00e1 curada do c\u00e2ncer e da depress\u00e3o, que chegou durante a quimioterapia. Foi um tempo \u00e1rduo e que trouxe sequelas. Hoje, ela n\u00e3o consegue mais praticar esportes e limpa a casa com dificuldade por causa das dores intensas provocadas pela retirada dos linfonodos na axila \u2013 \u00f3rg\u00e3os respons\u00e1veis pela produ\u00e7\u00e3o de anticorpos e quem comp\u00f5es a mama.<\/p>\n<p style=\"text-align: justify;\">A fisionomia de Bruno expressa arrependimento ao contar que poderia ter sido melhor como filho naquele per\u00edodo. Contudo, hoje sua perspectiva sobre os deveres dom\u00e9sticos e sobre o sentido de lar s\u00e3o outras. \u201cDou muito mais valor \u00e0s atividades que ela faz em casa e ao tempo em fam\u00edlia\u201d, refor\u00e7a.<\/p>\n<p style=\"text-align: justify;\">Rosana n\u00e3o esperava que o c\u00e2ncer de mama fosse acontecer justo com ela, que era saud\u00e1vel e n\u00e3o possu\u00eda hist\u00f3rico da doen\u00e7a na fam\u00edlia. Por isso, Bruno aconselha que a melhor forma de se cuidar \u00e9 por meio dos exames preventivos. E, se o diagn\u00f3stico chegar, \u00e9 muito importante que a fam\u00edlia se informe a respeito da enfermidade. Afinal, o diagn\u00f3stico n\u00e3o \u00e9 apenas acompanhado de problemas f\u00edsicos, mas pode acarretar dores emocionais.<\/p>\n<p style=\"text-align: justify;\">Por mais que o outubro seja \u201crosa\u201d, o c\u00e2ncer de mama afeta a vida de muitas pessoas. Nem todos conseguem receber a cura e ver o sol da manh\u00e3 seguinte. Rosana precisar\u00e1 ficar aposentada por dois anos para continuar com o tratamento. \u201c\u00c9 uma fase dif\u00edcil, pois precisei parar tudo o que eu fazia. Por outro lado, consigo dar mais aten\u00e7\u00e3o para o meu lar\u201d, pondera. Para Rosana, \u00e9 tempo de aproveitar a chance que a vida lhe deu para amar e aproveitar os bons momentos ap\u00f3s a vit\u00f3ria contra o c\u00e2ncer.<\/p>\n","protected":false},"excerpt":{"rendered":"<p>O relato de um filho que viu a m\u00e3e vencer o c\u00e2ncer de mama &nbsp; Bruno Santos [&hellip;]<\/p>\n","protected":false},"author":30,"featured_media":70103,"comment_status":"open","ping_status":"open","sticky":false,"template":"","format":"standard","meta":{"footnotes":""},"categories":[10],"tags":[],"yoast_head":"<!-- This site is optimized with the Yoast SEO plugin v23.5 - https:\/\/yoast.com\/wordpress\/plugins\/seo\/ -->\n<title>Outubro rosa, doen\u00e7a escura - UNASP Noticias<\/title>\n<meta name=\"description\" content=\"O relato de um filho que viu a m\u00e3e vencer o c\u00e2ncer de mama. Atualmente \u00e9 professor no Unasp, campus Engenheiro Coelho.\" \/>\n<meta name=\"robots\" content=\"index, follow, max-snippet:-1, max-image-preview:large, max-video-preview:-1\" \/>\n<link rel=\"canonical\" href=\"https:\/\/unasp.br\/noticias\/outubro-rosa-doenca-escura\/\" \/>\n<meta property=\"og:locale\" content=\"pt_BR\" \/>\n<meta property=\"og:type\" content=\"article\" \/>\n<meta property=\"og:title\" content=\"Outubro rosa, doen\u00e7a escura - UNASP Noticias\" \/>\n<meta property=\"og:description\" content=\"O relato de um filho que viu a m\u00e3e vencer o c\u00e2ncer de mama. Atualmente \u00e9 professor no Unasp, campus Engenheiro Coelho.\" \/>\n<meta property=\"og:url\" content=\"https:\/\/unasp.br\/noticias\/outubro-rosa-doenca-escura\/\" \/>\n<meta property=\"og:site_name\" content=\"UNASP Noticias\" \/>\n<meta property=\"article:published_time\" content=\"2019-10-30T20:03:09+00:00\" \/>\n<meta property=\"article:modified_time\" content=\"2019-10-30T20:10:09+00:00\" \/>\n<meta property=\"og:image\" content=\"https:\/\/cdn.unasp.br\/noticias\/wp-content\/uploads\/2019\/10\/30135856\/WhatsApp-Image-2019-10-25-at-09.31.25.jpeg\" \/>\n\t<meta property=\"og:image:width\" content=\"1024\" \/>\n\t<meta property=\"og:image:height\" content=\"1280\" \/>\n\t<meta property=\"og:image:type\" content=\"image\/jpeg\" \/>\n<meta name=\"author\" content=\"Aira Almeida\" \/>\n<meta name=\"twitter:card\" content=\"summary_large_image\" \/>\n<meta name=\"twitter:label1\" content=\"Escrito por\" \/>\n\t<meta name=\"twitter:data1\" content=\"Aira Almeida\" \/>\n\t<meta name=\"twitter:label2\" content=\"Est. tempo de leitura\" \/>\n\t<meta name=\"twitter:data2\" content=\"5 minutos\" \/>\n<script type=\"application\/ld+json\" class=\"yoast-schema-graph\">{\"@context\":\"https:\/\/schema.org\",\"@graph\":[{\"@type\":\"Article\",\"@id\":\"https:\/\/unasp.br\/noticias\/outubro-rosa-doenca-escura\/#article\",\"isPartOf\":{\"@id\":\"https:\/\/unasp.br\/noticias\/outubro-rosa-doenca-escura\/\"},\"author\":{\"name\":\"Aira Almeida\",\"@id\":\"https:\/\/unasp.br\/noticias\/#\/schema\/person\/80f09a3ec674501e6bb13144ffa2489f\"},\"headline\":\"Outubro rosa, doen\u00e7a escura\",\"datePublished\":\"2019-10-30T20:03:09+00:00\",\"dateModified\":\"2019-10-30T20:10:09+00:00\",\"mainEntityOfPage\":{\"@id\":\"https:\/\/unasp.br\/noticias\/outubro-rosa-doenca-escura\/\"},\"wordCount\":1094,\"commentCount\":0,\"publisher\":{\"@id\":\"https:\/\/unasp.br\/noticias\/#organization\"},\"image\":{\"@id\":\"https:\/\/unasp.br\/noticias\/outubro-rosa-doenca-escura\/#primaryimage\"},\"thumbnailUrl\":\"https:\/\/cdn.unasp.br\/noticias\/wp-content\/uploads\/2019\/10\/30135856\/WhatsApp-Image-2019-10-25-at-09.31.25.jpeg\",\"articleSection\":[\"Impacto Social\"],\"inLanguage\":\"pt-BR\",\"potentialAction\":[{\"@type\":\"CommentAction\",\"name\":\"Comment\",\"target\":[\"https:\/\/unasp.br\/noticias\/outubro-rosa-doenca-escura\/#respond\"]}]},{\"@type\":\"WebPage\",\"@id\":\"https:\/\/unasp.br\/noticias\/outubro-rosa-doenca-escura\/\",\"url\":\"https:\/\/unasp.br\/noticias\/outubro-rosa-doenca-escura\/\",\"name\":\"Outubro rosa, doen\u00e7a escura - UNASP Noticias\",\"isPartOf\":{\"@id\":\"https:\/\/unasp.br\/noticias\/#website\"},\"primaryImageOfPage\":{\"@id\":\"https:\/\/unasp.br\/noticias\/outubro-rosa-doenca-escura\/#primaryimage\"},\"image\":{\"@id\":\"https:\/\/unasp.br\/noticias\/outubro-rosa-doenca-escura\/#primaryimage\"},\"thumbnailUrl\":\"https:\/\/cdn.unasp.br\/noticias\/wp-content\/uploads\/2019\/10\/30135856\/WhatsApp-Image-2019-10-25-at-09.31.25.jpeg\",\"datePublished\":\"2019-10-30T20:03:09+00:00\",\"dateModified\":\"2019-10-30T20:10:09+00:00\",\"description\":\"O relato de um filho que viu a m\u00e3e vencer o c\u00e2ncer de mama. Atualmente \u00e9 professor no Unasp, campus Engenheiro Coelho.\",\"breadcrumb\":{\"@id\":\"https:\/\/unasp.br\/noticias\/outubro-rosa-doenca-escura\/#breadcrumb\"},\"inLanguage\":\"pt-BR\",\"potentialAction\":[{\"@type\":\"ReadAction\",\"target\":[\"https:\/\/unasp.br\/noticias\/outubro-rosa-doenca-escura\/\"]}]},{\"@type\":\"ImageObject\",\"inLanguage\":\"pt-BR\",\"@id\":\"https:\/\/unasp.br\/noticias\/outubro-rosa-doenca-escura\/#primaryimage\",\"url\":\"https:\/\/cdn.unasp.br\/noticias\/wp-content\/uploads\/2019\/10\/30135856\/WhatsApp-Image-2019-10-25-at-09.31.25.jpeg\",\"contentUrl\":\"https:\/\/cdn.unasp.br\/noticias\/wp-content\/uploads\/2019\/10\/30135856\/WhatsApp-Image-2019-10-25-at-09.31.25.jpeg\",\"width\":1024,\"height\":1280},{\"@type\":\"BreadcrumbList\",\"@id\":\"https:\/\/unasp.br\/noticias\/outubro-rosa-doenca-escura\/#breadcrumb\",\"itemListElement\":[{\"@type\":\"ListItem\",\"position\":1,\"name\":\"In\u00edcio\",\"item\":\"https:\/\/unasp.br\/noticias\/\"},{\"@type\":\"ListItem\",\"position\":2,\"name\":\"Outubro rosa, doen\u00e7a escura\"}]},{\"@type\":\"WebSite\",\"@id\":\"https:\/\/unasp.br\/noticias\/#website\",\"url\":\"https:\/\/unasp.br\/noticias\/\",\"name\":\"UNASP Noticias\",\"description\":\"Centro Universit\u00e1rio Adventista de S\u00e3o Paulo\",\"publisher\":{\"@id\":\"https:\/\/unasp.br\/noticias\/#organization\"},\"potentialAction\":[{\"@type\":\"SearchAction\",\"target\":{\"@type\":\"EntryPoint\",\"urlTemplate\":\"https:\/\/unasp.br\/noticias\/?s={search_term_string}\"},\"query-input\":{\"@type\":\"PropertyValueSpecification\",\"valueRequired\":true,\"valueName\":\"search_term_string\"}}],\"inLanguage\":\"pt-BR\"},{\"@type\":\"Organization\",\"@id\":\"https:\/\/unasp.br\/noticias\/#organization\",\"name\":\"UNASP Noticias\",\"url\":\"https:\/\/unasp.br\/noticias\/\",\"logo\":{\"@type\":\"ImageObject\",\"inLanguage\":\"pt-BR\",\"@id\":\"https:\/\/unasp.br\/noticias\/#\/schema\/logo\/image\/\",\"url\":\"https:\/\/cdn.unasp.br\/noticias\/wp-content\/uploads\/2021\/09\/09152724\/logo-unasp-news.png\",\"contentUrl\":\"https:\/\/cdn.unasp.br\/noticias\/wp-content\/uploads\/2021\/09\/09152724\/logo-unasp-news.png\",\"width\":240,\"height\":41,\"caption\":\"UNASP Noticias\"},\"image\":{\"@id\":\"https:\/\/unasp.br\/noticias\/#\/schema\/logo\/image\/\"}},{\"@type\":\"Person\",\"@id\":\"https:\/\/unasp.br\/noticias\/#\/schema\/person\/80f09a3ec674501e6bb13144ffa2489f\",\"name\":\"Aira Almeida\",\"image\":{\"@type\":\"ImageObject\",\"inLanguage\":\"pt-BR\",\"@id\":\"https:\/\/unasp.br\/noticias\/#\/schema\/person\/image\/\",\"url\":\"https:\/\/secure.gravatar.com\/avatar\/e30ea867fdd5a41ec6a0cb350dcd108e?s=96&d=mm&r=g\",\"contentUrl\":\"https:\/\/secure.gravatar.com\/avatar\/e30ea867fdd5a41ec6a0cb350dcd108e?s=96&d=mm&r=g\",\"caption\":\"Aira Almeida\"},\"url\":\"https:\/\/unasp.br\/noticias\/author\/aira-almeidaedu-unasp-br\/\"}]}<\/script>\n<!-- \/ Yoast SEO plugin. -->","yoast_head_json":{"title":"Outubro rosa, doen\u00e7a escura - UNASP Noticias","description":"O relato de um filho que viu a m\u00e3e vencer o c\u00e2ncer de mama. Atualmente \u00e9 professor no Unasp, campus Engenheiro Coelho.","robots":{"index":"index","follow":"follow","max-snippet":"max-snippet:-1","max-image-preview":"max-image-preview:large","max-video-preview":"max-video-preview:-1"},"canonical":"https:\/\/unasp.br\/noticias\/outubro-rosa-doenca-escura\/","og_locale":"pt_BR","og_type":"article","og_title":"Outubro rosa, doen\u00e7a escura - UNASP Noticias","og_description":"O relato de um filho que viu a m\u00e3e vencer o c\u00e2ncer de mama. Atualmente \u00e9 professor no Unasp, campus Engenheiro Coelho.","og_url":"https:\/\/unasp.br\/noticias\/outubro-rosa-doenca-escura\/","og_site_name":"UNASP Noticias","article_published_time":"2019-10-30T20:03:09+00:00","article_modified_time":"2019-10-30T20:10:09+00:00","og_image":[{"width":1024,"height":1280,"url":"https:\/\/cdn.unasp.br\/noticias\/wp-content\/uploads\/2019\/10\/30135856\/WhatsApp-Image-2019-10-25-at-09.31.25.jpeg","type":"image\/jpeg"}],"author":"Aira Almeida","twitter_card":"summary_large_image","twitter_misc":{"Escrito por":"Aira Almeida","Est. tempo de leitura":"5 minutos"},"schema":{"@context":"https:\/\/schema.org","@graph":[{"@type":"Article","@id":"https:\/\/unasp.br\/noticias\/outubro-rosa-doenca-escura\/#article","isPartOf":{"@id":"https:\/\/unasp.br\/noticias\/outubro-rosa-doenca-escura\/"},"author":{"name":"Aira Almeida","@id":"https:\/\/unasp.br\/noticias\/#\/schema\/person\/80f09a3ec674501e6bb13144ffa2489f"},"headline":"Outubro rosa, doen\u00e7a escura","datePublished":"2019-10-30T20:03:09+00:00","dateModified":"2019-10-30T20:10:09+00:00","mainEntityOfPage":{"@id":"https:\/\/unasp.br\/noticias\/outubro-rosa-doenca-escura\/"},"wordCount":1094,"commentCount":0,"publisher":{"@id":"https:\/\/unasp.br\/noticias\/#organization"},"image":{"@id":"https:\/\/unasp.br\/noticias\/outubro-rosa-doenca-escura\/#primaryimage"},"thumbnailUrl":"https:\/\/cdn.unasp.br\/noticias\/wp-content\/uploads\/2019\/10\/30135856\/WhatsApp-Image-2019-10-25-at-09.31.25.jpeg","articleSection":["Impacto Social"],"inLanguage":"pt-BR","potentialAction":[{"@type":"CommentAction","name":"Comment","target":["https:\/\/unasp.br\/noticias\/outubro-rosa-doenca-escura\/#respond"]}]},{"@type":"WebPage","@id":"https:\/\/unasp.br\/noticias\/outubro-rosa-doenca-escura\/","url":"https:\/\/unasp.br\/noticias\/outubro-rosa-doenca-escura\/","name":"Outubro rosa, doen\u00e7a escura - UNASP Noticias","isPartOf":{"@id":"https:\/\/unasp.br\/noticias\/#website"},"primaryImageOfPage":{"@id":"https:\/\/unasp.br\/noticias\/outubro-rosa-doenca-escura\/#primaryimage"},"image":{"@id":"https:\/\/unasp.br\/noticias\/outubro-rosa-doenca-escura\/#primaryimage"},"thumbnailUrl":"https:\/\/cdn.unasp.br\/noticias\/wp-content\/uploads\/2019\/10\/30135856\/WhatsApp-Image-2019-10-25-at-09.31.25.jpeg","datePublished":"2019-10-30T20:03:09+00:00","dateModified":"2019-10-30T20:10:09+00:00","description":"O relato de um filho que viu a m\u00e3e vencer o c\u00e2ncer de mama. Atualmente \u00e9 professor no Unasp, campus Engenheiro Coelho.","breadcrumb":{"@id":"https:\/\/unasp.br\/noticias\/outubro-rosa-doenca-escura\/#breadcrumb"},"inLanguage":"pt-BR","potentialAction":[{"@type":"ReadAction","target":["https:\/\/unasp.br\/noticias\/outubro-rosa-doenca-escura\/"]}]},{"@type":"ImageObject","inLanguage":"pt-BR","@id":"https:\/\/unasp.br\/noticias\/outubro-rosa-doenca-escura\/#primaryimage","url":"https:\/\/cdn.unasp.br\/noticias\/wp-content\/uploads\/2019\/10\/30135856\/WhatsApp-Image-2019-10-25-at-09.31.25.jpeg","contentUrl":"https:\/\/cdn.unasp.br\/noticias\/wp-content\/uploads\/2019\/10\/30135856\/WhatsApp-Image-2019-10-25-at-09.31.25.jpeg","width":1024,"height":1280},{"@type":"BreadcrumbList","@id":"https:\/\/unasp.br\/noticias\/outubro-rosa-doenca-escura\/#breadcrumb","itemListElement":[{"@type":"ListItem","position":1,"name":"In\u00edcio","item":"https:\/\/unasp.br\/noticias\/"},{"@type":"ListItem","position":2,"name":"Outubro rosa, doen\u00e7a escura"}]},{"@type":"WebSite","@id":"https:\/\/unasp.br\/noticias\/#website","url":"https:\/\/unasp.br\/noticias\/","name":"UNASP Noticias","description":"Centro Universit\u00e1rio Adventista de S\u00e3o Paulo","publisher":{"@id":"https:\/\/unasp.br\/noticias\/#organization"},"potentialAction":[{"@type":"SearchAction","target":{"@type":"EntryPoint","urlTemplate":"https:\/\/unasp.br\/noticias\/?s={search_term_string}"},"query-input":{"@type":"PropertyValueSpecification","valueRequired":true,"valueName":"search_term_string"}}],"inLanguage":"pt-BR"},{"@type":"Organization","@id":"https:\/\/unasp.br\/noticias\/#organization","name":"UNASP Noticias","url":"https:\/\/unasp.br\/noticias\/","logo":{"@type":"ImageObject","inLanguage":"pt-BR","@id":"https:\/\/unasp.br\/noticias\/#\/schema\/logo\/image\/","url":"https:\/\/cdn.unasp.br\/noticias\/wp-content\/uploads\/2021\/09\/09152724\/logo-unasp-news.png","contentUrl":"https:\/\/cdn.unasp.br\/noticias\/wp-content\/uploads\/2021\/09\/09152724\/logo-unasp-news.png","width":240,"height":41,"caption":"UNASP Noticias"},"image":{"@id":"https:\/\/unasp.br\/noticias\/#\/schema\/logo\/image\/"}},{"@type":"Person","@id":"https:\/\/unasp.br\/noticias\/#\/schema\/person\/80f09a3ec674501e6bb13144ffa2489f","name":"Aira Almeida","image":{"@type":"ImageObject","inLanguage":"pt-BR","@id":"https:\/\/unasp.br\/noticias\/#\/schema\/person\/image\/","url":"https:\/\/secure.gravatar.com\/avatar\/e30ea867fdd5a41ec6a0cb350dcd108e?s=96&d=mm&r=g","contentUrl":"https:\/\/secure.gravatar.com\/avatar\/e30ea867fdd5a41ec6a0cb350dcd108e?s=96&d=mm&r=g","caption":"Aira Almeida"},"url":"https:\/\/unasp.br\/noticias\/author\/aira-almeidaedu-unasp-br\/"}]}},"_links":{"self":[{"href":"https:\/\/unasp.br\/noticias\/wp-json\/wp\/v2\/posts\/70101"}],"collection":[{"href":"https:\/\/unasp.br\/noticias\/wp-json\/wp\/v2\/posts"}],"about":[{"href":"https:\/\/unasp.br\/noticias\/wp-json\/wp\/v2\/types\/post"}],"author":[{"embeddable":true,"href":"https:\/\/unasp.br\/noticias\/wp-json\/wp\/v2\/users\/30"}],"replies":[{"embeddable":true,"href":"https:\/\/unasp.br\/noticias\/wp-json\/wp\/v2\/comments?post=70101"}],"version-history":[{"count":1,"href":"https:\/\/unasp.br\/noticias\/wp-json\/wp\/v2\/posts\/70101\/revisions"}],"predecessor-version":[{"id":70104,"href":"https:\/\/unasp.br\/noticias\/wp-json\/wp\/v2\/posts\/70101\/revisions\/70104"}],"wp:featuredmedia":[{"embeddable":true,"href":"https:\/\/unasp.br\/noticias\/wp-json\/wp\/v2\/media\/70103"}],"wp:attachment":[{"href":"https:\/\/unasp.br\/noticias\/wp-json\/wp\/v2\/media?parent=70101"}],"wp:term":[{"taxonomy":"category","embeddable":true,"href":"https:\/\/unasp.br\/noticias\/wp-json\/wp\/v2\/categories?post=70101"},{"taxonomy":"post_tag","embeddable":true,"href":"https:\/\/unasp.br\/noticias\/wp-json\/wp\/v2\/tags?post=70101"}],"curies":[{"name":"wp","href":"https:\/\/api.w.org\/{rel}","templated":true}]}}