{"id":70963,"date":"2019-11-11T20:03:21","date_gmt":"2019-11-11T23:03:21","guid":{"rendered":"https:\/\/www.unasp.br\/noticias\/?p=70963"},"modified":"2019-11-12T05:30:01","modified_gmt":"2019-11-12T08:30:01","slug":"mostra-unasp","status":"publish","type":"post","link":"https:\/\/unasp.br\/noticias\/mostra-unasp\/","title":{"rendered":"Mostra apresenta projetos do Unasp Engenheiro Coelho desenvolvidos na comunidade"},"content":{"rendered":"<p style=\"text-align: center;\"><em><img loading=\"lazy\" decoding=\"async\" class=\"aligncenter wp-image-70965 size-large\" src=\"https:\/\/www.unasp.br\/noticias\/wp-content\/uploads\/2019\/11\/Projeto-de-Extens\u00e3o-2-2019.jpg\" alt=\"\" width=\"900\" height=\"675\" srcset=\"https:\/\/cdn.unasp.br\/noticias\/wp-content\/uploads\/2019\/11\/11171202\/Projeto-de-Extens%C3%A3o-2-2019.jpg 1200w, https:\/\/cdn.unasp.br\/noticias\/wp-content\/uploads\/2019\/11\/11171202\/Projeto-de-Extens%C3%A3o-2-2019-300x225.jpg 300w, https:\/\/cdn.unasp.br\/noticias\/wp-content\/uploads\/2019\/11\/11171202\/Projeto-de-Extens%C3%A3o-2-2019-768x576.jpg 768w, https:\/\/cdn.unasp.br\/noticias\/wp-content\/uploads\/2019\/11\/11171202\/Projeto-de-Extens%C3%A3o-2-2019-1024x768.jpg 1024w, https:\/\/cdn.unasp.br\/noticias\/wp-content\/uploads\/2019\/11\/11171202\/Projeto-de-Extens%C3%A3o-2-2019-800x600.jpg 800w, https:\/\/cdn.unasp.br\/noticias\/wp-content\/uploads\/2019\/11\/11171202\/Projeto-de-Extens%C3%A3o-2-2019-1067x800.jpg 1067w, https:\/\/cdn.unasp.br\/noticias\/wp-content\/uploads\/2019\/11\/11171202\/Projeto-de-Extens%C3%A3o-2-2019-960x720.jpg 960w, https:\/\/cdn.unasp.br\/noticias\/wp-content\/uploads\/2019\/11\/11171202\/Projeto-de-Extens%C3%A3o-2-2019-667x500.jpg 667w, https:\/\/cdn.unasp.br\/noticias\/wp-content\/uploads\/2019\/11\/11171202\/Projeto-de-Extens%C3%A3o-2-2019-640x480.jpg 640w, https:\/\/cdn.unasp.br\/noticias\/wp-content\/uploads\/2019\/11\/11171202\/Projeto-de-Extens%C3%A3o-2-2019-373x280.jpg 373w, https:\/\/cdn.unasp.br\/noticias\/wp-content\/uploads\/2019\/11\/11171202\/Projeto-de-Extens%C3%A3o-2-2019-500x375.jpg 500w, https:\/\/cdn.unasp.br\/noticias\/wp-content\/uploads\/2019\/11\/11171202\/Projeto-de-Extens%C3%A3o-2-2019-400x300.jpg 400w, https:\/\/cdn.unasp.br\/noticias\/wp-content\/uploads\/2019\/11\/11171202\/Projeto-de-Extens%C3%A3o-2-2019-333x250.jpg 333w, https:\/\/cdn.unasp.br\/noticias\/wp-content\/uploads\/2019\/11\/11171202\/Projeto-de-Extens%C3%A3o-2-2019-267x200.jpg 267w, https:\/\/cdn.unasp.br\/noticias\/wp-content\/uploads\/2019\/11\/11171202\/Projeto-de-Extens%C3%A3o-2-2019-200x150.jpg 200w, https:\/\/cdn.unasp.br\/noticias\/wp-content\/uploads\/2019\/11\/11171202\/Projeto-de-Extens%C3%A3o-2-2019-175x131.jpg 175w\" sizes=\"(max-width: 900px) 100vw, 900px\" \/>Projetos de extens\u00e3o s\u00e3o desenvolvidos pelo Unasp nas cidades de Engenheiro Coelho, Artur Nogueira, Conchal, Limeira, Cosm\u00f3polis, Mogi Mirim e Mogi Gua\u00e7u.<\/em><\/p>\n<p style=\"text-align: left;\">Fazer o bem, sem olhar a quem! Mais que um ditado popular \u00e9 a realidade de in\u00fameros universit\u00e1rios volunt\u00e1rios que doam horas de servi\u00e7o em favor de pessoas carentes de cidades vizinhas ao Centro Universit\u00e1rio Adventista de S\u00e3o Paulo em Engenheiro Coelho (SP). Dezessete a\u00e7\u00f5es em prol da comunidade, desenvolvidas com a participa\u00e7\u00e3o de estudantes, foram apresentadas na VI Mostra de Extens\u00e3o Universit\u00e1ria durante a 21\u00aa edi\u00e7\u00e3o do Encontro Anual de Inicia\u00e7\u00e3o Cient\u00edfica.<\/p>\n<p style=\"text-align: left;\">Os projetos da Extens\u00e3o Universit\u00e1ria t\u00eam o objetivo de colocar em pr\u00e1tica o aprendido na sala de aula, assim como tamb\u00e9m dar assist\u00eancia social \u00e0 comunidade, sendo norteados pela miss\u00e3o institucional e com os princ\u00edpios de \u201cEducar e Servir\u201d. Os projetos desenvolvidos pelo Unasp encurtam as dist\u00e2ncias com a\u00e7\u00f5es sociais que auxiliam na transforma\u00e7\u00e3o da realidade de pessoas desconhecidas, como destaca a coordenado de pesquisa e extens\u00e3o da institui\u00e7\u00e3o, doutora Lanny Soares. \u201cA atua\u00e7\u00e3o direta do produzido na universidade na comunidade faz toda a diferen\u00e7a\u201d, relata.<\/p>\n<p>LEIA TAMB\u00c9M<br \/>\n<a href=\"https:\/\/www.unasp.br\/noticias\/universitaria-ganha-premio-internacional\/\">Universit\u00e1ria de Arquitetura do Unasp ganha pr\u00eamio internacional<\/a><\/p>\n<p style=\"text-align: left;\"><strong>Projetos<br \/>\n<\/strong>Durante a IV Mostra de Extens\u00e3o Universit\u00e1ria foram apresentados 17 projetos organizados pelos cursos de gradua\u00e7\u00e3o e pastoral universit\u00e1ria. Entre eles est\u00e1 a Horta Urbana, que oferece a possibilidade de cria\u00e7\u00e3o de hortas nas resid\u00eancias de pessoas carentes ou institui\u00e7\u00f5es beneficentes, visando combater a fome, desnutri\u00e7\u00e3o, al\u00e9m de fomentar bons h\u00e1bitos alimentares.<\/p>\n<p style=\"text-align: left;\">Para a universit\u00e1ria Vanessa Da Silva Costa participar da Horta Urbana \u00e9 uma oportunidade para aprender na pr\u00e1tica a profiss\u00e3o, al\u00e9m de colaborar com o pr\u00f3ximo. \u201cPara mim \u00e9 importante estar em contato com a terra porque assim eu consigo fazer o diagn\u00f3stico das plantas, ver o que ela precisa ou n\u00e3o e dessa maneira eu consigo me desenvolver\u201d, revela.<\/p>\n<p style=\"text-align: left;\">A Feira Vida e Sa\u00fade \u00e9 outro projeto desenvolvido como extens\u00e3o universit\u00e1ria pelo Unasp. A iniciativa oferece orienta\u00e7\u00e3o m\u00e9dica com a base nos 8 rem\u00e9dios naturais (\u00c1gua, ar puro, luz solar, repouso, alimenta\u00e7\u00e3o balanceada, exerc\u00edcios f\u00edsicos, equil\u00edbrio e confian\u00e7a em Deus). Para a universit\u00e1ria de psicologia, Giovanna Thompson, participar desse projeto amplia seu potencial acad\u00eamico. \u201cA minha vida profissional vai estar baseada em pessoas e quando eu estou nas feiras de sa\u00fade tenho a oportunidade de lidar com pessoas diferentes, que s\u00e3o de universos diferentes, com distintos problemas e alegrias e assim eu aprendo a ser mais flex\u00edvel\u201d, relata.<\/p>\n<p style=\"text-align: left;\">Al\u00e9m da Horta Urbana e a Feira de Sa\u00fade, outros projetos foram apresentados durante a VI Mostra de Extens\u00e3o Universit\u00e1ria. Entre eles, os trabalhos do grupo Gera\u00e7\u00e3o 148, F\u00f3rum Interdisciplinar de Pedagogia, Summer Immersion, N\u00facleo de Miss\u00e3o, M\u00e3o na Massa, Educa\u00e7\u00e3o Ministerial Feminina, Campanha UP, Hora do Conto, Atos 29, Interc\u00e2mbio Semestral Ensino M\u00e9dio e Superior, Tom que Cura e Aprendendo a ser Pais e Educadores.<\/p>\n<div id=\"attachment_70966\" style=\"width: 910px\" class=\"wp-caption aligncenter\"><img loading=\"lazy\" decoding=\"async\" aria-describedby=\"caption-attachment-70966\" class=\"wp-image-70966 size-large\" src=\"https:\/\/www.unasp.br\/noticias\/wp-content\/uploads\/2019\/11\/Projeto-de-Extens\u00e3o-3-2019.jpg\" alt=\"\" width=\"900\" height=\"675\" srcset=\"https:\/\/cdn.unasp.br\/noticias\/wp-content\/uploads\/2019\/11\/11171205\/Projeto-de-Extens%C3%A3o-3-2019.jpg 1200w, https:\/\/cdn.unasp.br\/noticias\/wp-content\/uploads\/2019\/11\/11171205\/Projeto-de-Extens%C3%A3o-3-2019-300x225.jpg 300w, https:\/\/cdn.unasp.br\/noticias\/wp-content\/uploads\/2019\/11\/11171205\/Projeto-de-Extens%C3%A3o-3-2019-768x576.jpg 768w, https:\/\/cdn.unasp.br\/noticias\/wp-content\/uploads\/2019\/11\/11171205\/Projeto-de-Extens%C3%A3o-3-2019-1024x768.jpg 1024w, https:\/\/cdn.unasp.br\/noticias\/wp-content\/uploads\/2019\/11\/11171205\/Projeto-de-Extens%C3%A3o-3-2019-800x600.jpg 800w, https:\/\/cdn.unasp.br\/noticias\/wp-content\/uploads\/2019\/11\/11171205\/Projeto-de-Extens%C3%A3o-3-2019-1067x800.jpg 1067w, https:\/\/cdn.unasp.br\/noticias\/wp-content\/uploads\/2019\/11\/11171205\/Projeto-de-Extens%C3%A3o-3-2019-960x720.jpg 960w, https:\/\/cdn.unasp.br\/noticias\/wp-content\/uploads\/2019\/11\/11171205\/Projeto-de-Extens%C3%A3o-3-2019-667x500.jpg 667w, https:\/\/cdn.unasp.br\/noticias\/wp-content\/uploads\/2019\/11\/11171205\/Projeto-de-Extens%C3%A3o-3-2019-640x480.jpg 640w, https:\/\/cdn.unasp.br\/noticias\/wp-content\/uploads\/2019\/11\/11171205\/Projeto-de-Extens%C3%A3o-3-2019-373x280.jpg 373w, https:\/\/cdn.unasp.br\/noticias\/wp-content\/uploads\/2019\/11\/11171205\/Projeto-de-Extens%C3%A3o-3-2019-500x375.jpg 500w, https:\/\/cdn.unasp.br\/noticias\/wp-content\/uploads\/2019\/11\/11171205\/Projeto-de-Extens%C3%A3o-3-2019-400x300.jpg 400w, https:\/\/cdn.unasp.br\/noticias\/wp-content\/uploads\/2019\/11\/11171205\/Projeto-de-Extens%C3%A3o-3-2019-333x250.jpg 333w, https:\/\/cdn.unasp.br\/noticias\/wp-content\/uploads\/2019\/11\/11171205\/Projeto-de-Extens%C3%A3o-3-2019-267x200.jpg 267w, https:\/\/cdn.unasp.br\/noticias\/wp-content\/uploads\/2019\/11\/11171205\/Projeto-de-Extens%C3%A3o-3-2019-200x150.jpg 200w, https:\/\/cdn.unasp.br\/noticias\/wp-content\/uploads\/2019\/11\/11171205\/Projeto-de-Extens%C3%A3o-3-2019-175x131.jpg 175w\" sizes=\"(max-width: 900px) 100vw, 900px\" \/><p id=\"caption-attachment-70966\" class=\"wp-caption-text\">Mostra apresenta trabalhos do Unasp que est\u00e3o mudando a vida de moradores da Regi\u00e3o Metropolitana de Campinas<\/p><\/div>\n<p style=\"text-align: left;\">\n","protected":false},"excerpt":{"rendered":"<p>Projetos de extens\u00e3o s\u00e3o desenvolvidos pelo Unasp nas cidades de Engenheiro Coelho, Artur Nogueira, Conchal, Limeira, Cosm\u00f3polis, [&hellip;]<\/p>\n","protected":false},"author":30,"featured_media":70964,"comment_status":"open","ping_status":"open","sticky":false,"template":"","format":"standard","meta":{"footnotes":""},"categories":[10],"tags":[60],"yoast_head":"<!-- This site is optimized with the Yoast SEO plugin v23.5 - https:\/\/yoast.com\/wordpress\/plugins\/seo\/ -->\n<title>Conhe\u00e7a projetos do Unasp Engenheiro Coelho que est\u00e3o mudando vidas<\/title>\n<meta name=\"description\" content=\"Projetos de extens\u00e3o s\u00e3o desenvolvidos pelo Unasp nas cidades de Engenheiro Coelho, Artur Nogueira, Conchal, Limeira, Cosm\u00f3polis, Mogi Mirim e Mogi Gua\u00e7u.\" \/>\n<meta name=\"robots\" content=\"index, follow, max-snippet:-1, max-image-preview:large, max-video-preview:-1\" \/>\n<link rel=\"canonical\" href=\"https:\/\/unasp.br\/noticias\/mostra-unasp\/\" \/>\n<meta property=\"og:locale\" content=\"pt_BR\" \/>\n<meta property=\"og:type\" content=\"article\" \/>\n<meta property=\"og:title\" content=\"Conhe\u00e7a projetos do Unasp Engenheiro Coelho que est\u00e3o mudando vidas\" \/>\n<meta property=\"og:description\" content=\"Projetos de extens\u00e3o s\u00e3o desenvolvidos pelo Unasp nas cidades de Engenheiro Coelho, Artur Nogueira, Conchal, Limeira, Cosm\u00f3polis, Mogi Mirim e Mogi Gua\u00e7u.\" \/>\n<meta property=\"og:url\" content=\"https:\/\/unasp.br\/noticias\/mostra-unasp\/\" \/>\n<meta property=\"og:site_name\" content=\"UNASP Noticias\" \/>\n<meta property=\"article:published_time\" content=\"2019-11-11T23:03:21+00:00\" \/>\n<meta property=\"article:modified_time\" content=\"2019-11-12T08:30:01+00:00\" \/>\n<meta property=\"og:image\" content=\"https:\/\/cdn.unasp.br\/noticias\/wp-content\/uploads\/2019\/11\/11171200\/Projeto-de-Extens%C3%A3o-1-2019.jpg\" \/>\n\t<meta property=\"og:image:width\" content=\"1200\" \/>\n\t<meta property=\"og:image:height\" content=\"900\" \/>\n\t<meta property=\"og:image:type\" content=\"image\/jpeg\" \/>\n<meta name=\"author\" content=\"Aira Almeida\" \/>\n<meta name=\"twitter:card\" content=\"summary_large_image\" \/>\n<meta name=\"twitter:label1\" content=\"Escrito por\" \/>\n\t<meta name=\"twitter:data1\" content=\"Aira Almeida\" \/>\n\t<meta name=\"twitter:label2\" content=\"Est. tempo de leitura\" \/>\n\t<meta name=\"twitter:data2\" content=\"3 minutos\" \/>\n<script type=\"application\/ld+json\" class=\"yoast-schema-graph\">{\"@context\":\"https:\/\/schema.org\",\"@graph\":[{\"@type\":\"Article\",\"@id\":\"https:\/\/unasp.br\/noticias\/mostra-unasp\/#article\",\"isPartOf\":{\"@id\":\"https:\/\/unasp.br\/noticias\/mostra-unasp\/\"},\"author\":{\"name\":\"Aira Almeida\",\"@id\":\"https:\/\/unasp.br\/noticias\/#\/schema\/person\/80f09a3ec674501e6bb13144ffa2489f\"},\"headline\":\"Mostra apresenta projetos do Unasp Engenheiro Coelho desenvolvidos na comunidade\",\"datePublished\":\"2019-11-11T23:03:21+00:00\",\"dateModified\":\"2019-11-12T08:30:01+00:00\",\"mainEntityOfPage\":{\"@id\":\"https:\/\/unasp.br\/noticias\/mostra-unasp\/\"},\"wordCount\":575,\"commentCount\":0,\"publisher\":{\"@id\":\"https:\/\/unasp.br\/noticias\/#organization\"},\"image\":{\"@id\":\"https:\/\/unasp.br\/noticias\/mostra-unasp\/#primaryimage\"},\"thumbnailUrl\":\"https:\/\/cdn.unasp.br\/noticias\/wp-content\/uploads\/2019\/11\/11171200\/Projeto-de-Extens%C3%A3o-1-2019.jpg\",\"keywords\":[\"UNASP\"],\"articleSection\":[\"Impacto Social\"],\"inLanguage\":\"pt-BR\",\"potentialAction\":[{\"@type\":\"CommentAction\",\"name\":\"Comment\",\"target\":[\"https:\/\/unasp.br\/noticias\/mostra-unasp\/#respond\"]}]},{\"@type\":\"WebPage\",\"@id\":\"https:\/\/unasp.br\/noticias\/mostra-unasp\/\",\"url\":\"https:\/\/unasp.br\/noticias\/mostra-unasp\/\",\"name\":\"Conhe\u00e7a projetos do Unasp Engenheiro Coelho que est\u00e3o mudando vidas\",\"isPartOf\":{\"@id\":\"https:\/\/unasp.br\/noticias\/#website\"},\"primaryImageOfPage\":{\"@id\":\"https:\/\/unasp.br\/noticias\/mostra-unasp\/#primaryimage\"},\"image\":{\"@id\":\"https:\/\/unasp.br\/noticias\/mostra-unasp\/#primaryimage\"},\"thumbnailUrl\":\"https:\/\/cdn.unasp.br\/noticias\/wp-content\/uploads\/2019\/11\/11171200\/Projeto-de-Extens%C3%A3o-1-2019.jpg\",\"datePublished\":\"2019-11-11T23:03:21+00:00\",\"dateModified\":\"2019-11-12T08:30:01+00:00\",\"description\":\"Projetos de extens\u00e3o s\u00e3o desenvolvidos pelo Unasp nas cidades de Engenheiro Coelho, Artur Nogueira, Conchal, Limeira, Cosm\u00f3polis, Mogi Mirim e Mogi Gua\u00e7u.\",\"breadcrumb\":{\"@id\":\"https:\/\/unasp.br\/noticias\/mostra-unasp\/#breadcrumb\"},\"inLanguage\":\"pt-BR\",\"potentialAction\":[{\"@type\":\"ReadAction\",\"target\":[\"https:\/\/unasp.br\/noticias\/mostra-unasp\/\"]}]},{\"@type\":\"ImageObject\",\"inLanguage\":\"pt-BR\",\"@id\":\"https:\/\/unasp.br\/noticias\/mostra-unasp\/#primaryimage\",\"url\":\"https:\/\/cdn.unasp.br\/noticias\/wp-content\/uploads\/2019\/11\/11171200\/Projeto-de-Extens%C3%A3o-1-2019.jpg\",\"contentUrl\":\"https:\/\/cdn.unasp.br\/noticias\/wp-content\/uploads\/2019\/11\/11171200\/Projeto-de-Extens%C3%A3o-1-2019.jpg\",\"width\":1200,\"height\":900},{\"@type\":\"BreadcrumbList\",\"@id\":\"https:\/\/unasp.br\/noticias\/mostra-unasp\/#breadcrumb\",\"itemListElement\":[{\"@type\":\"ListItem\",\"position\":1,\"name\":\"In\u00edcio\",\"item\":\"https:\/\/unasp.br\/noticias\/\"},{\"@type\":\"ListItem\",\"position\":2,\"name\":\"Mostra apresenta projetos do Unasp Engenheiro Coelho desenvolvidos na comunidade\"}]},{\"@type\":\"WebSite\",\"@id\":\"https:\/\/unasp.br\/noticias\/#website\",\"url\":\"https:\/\/unasp.br\/noticias\/\",\"name\":\"UNASP Noticias\",\"description\":\"Centro Universit\u00e1rio Adventista de S\u00e3o Paulo\",\"publisher\":{\"@id\":\"https:\/\/unasp.br\/noticias\/#organization\"},\"potentialAction\":[{\"@type\":\"SearchAction\",\"target\":{\"@type\":\"EntryPoint\",\"urlTemplate\":\"https:\/\/unasp.br\/noticias\/?s={search_term_string}\"},\"query-input\":{\"@type\":\"PropertyValueSpecification\",\"valueRequired\":true,\"valueName\":\"search_term_string\"}}],\"inLanguage\":\"pt-BR\"},{\"@type\":\"Organization\",\"@id\":\"https:\/\/unasp.br\/noticias\/#organization\",\"name\":\"UNASP Noticias\",\"url\":\"https:\/\/unasp.br\/noticias\/\",\"logo\":{\"@type\":\"ImageObject\",\"inLanguage\":\"pt-BR\",\"@id\":\"https:\/\/unasp.br\/noticias\/#\/schema\/logo\/image\/\",\"url\":\"https:\/\/cdn.unasp.br\/noticias\/wp-content\/uploads\/2021\/09\/09152724\/logo-unasp-news.png\",\"contentUrl\":\"https:\/\/cdn.unasp.br\/noticias\/wp-content\/uploads\/2021\/09\/09152724\/logo-unasp-news.png\",\"width\":240,\"height\":41,\"caption\":\"UNASP Noticias\"},\"image\":{\"@id\":\"https:\/\/unasp.br\/noticias\/#\/schema\/logo\/image\/\"}},{\"@type\":\"Person\",\"@id\":\"https:\/\/unasp.br\/noticias\/#\/schema\/person\/80f09a3ec674501e6bb13144ffa2489f\",\"name\":\"Aira Almeida\",\"image\":{\"@type\":\"ImageObject\",\"inLanguage\":\"pt-BR\",\"@id\":\"https:\/\/unasp.br\/noticias\/#\/schema\/person\/image\/\",\"url\":\"https:\/\/secure.gravatar.com\/avatar\/e30ea867fdd5a41ec6a0cb350dcd108e?s=96&d=mm&r=g\",\"contentUrl\":\"https:\/\/secure.gravatar.com\/avatar\/e30ea867fdd5a41ec6a0cb350dcd108e?s=96&d=mm&r=g\",\"caption\":\"Aira Almeida\"},\"url\":\"https:\/\/unasp.br\/noticias\/author\/aira-almeidaedu-unasp-br\/\"}]}<\/script>\n<!-- \/ Yoast SEO plugin. -->","yoast_head_json":{"title":"Conhe\u00e7a projetos do Unasp Engenheiro Coelho que est\u00e3o mudando vidas","description":"Projetos de extens\u00e3o s\u00e3o desenvolvidos pelo Unasp nas cidades de Engenheiro Coelho, Artur Nogueira, Conchal, Limeira, Cosm\u00f3polis, Mogi Mirim e Mogi Gua\u00e7u.","robots":{"index":"index","follow":"follow","max-snippet":"max-snippet:-1","max-image-preview":"max-image-preview:large","max-video-preview":"max-video-preview:-1"},"canonical":"https:\/\/unasp.br\/noticias\/mostra-unasp\/","og_locale":"pt_BR","og_type":"article","og_title":"Conhe\u00e7a projetos do Unasp Engenheiro Coelho que est\u00e3o mudando vidas","og_description":"Projetos de extens\u00e3o s\u00e3o desenvolvidos pelo Unasp nas cidades de Engenheiro Coelho, Artur Nogueira, Conchal, Limeira, Cosm\u00f3polis, Mogi Mirim e Mogi Gua\u00e7u.","og_url":"https:\/\/unasp.br\/noticias\/mostra-unasp\/","og_site_name":"UNASP Noticias","article_published_time":"2019-11-11T23:03:21+00:00","article_modified_time":"2019-11-12T08:30:01+00:00","og_image":[{"width":1200,"height":900,"url":"https:\/\/cdn.unasp.br\/noticias\/wp-content\/uploads\/2019\/11\/11171200\/Projeto-de-Extens%C3%A3o-1-2019.jpg","type":"image\/jpeg"}],"author":"Aira Almeida","twitter_card":"summary_large_image","twitter_misc":{"Escrito por":"Aira Almeida","Est. tempo de leitura":"3 minutos"},"schema":{"@context":"https:\/\/schema.org","@graph":[{"@type":"Article","@id":"https:\/\/unasp.br\/noticias\/mostra-unasp\/#article","isPartOf":{"@id":"https:\/\/unasp.br\/noticias\/mostra-unasp\/"},"author":{"name":"Aira Almeida","@id":"https:\/\/unasp.br\/noticias\/#\/schema\/person\/80f09a3ec674501e6bb13144ffa2489f"},"headline":"Mostra apresenta projetos do Unasp Engenheiro Coelho desenvolvidos na comunidade","datePublished":"2019-11-11T23:03:21+00:00","dateModified":"2019-11-12T08:30:01+00:00","mainEntityOfPage":{"@id":"https:\/\/unasp.br\/noticias\/mostra-unasp\/"},"wordCount":575,"commentCount":0,"publisher":{"@id":"https:\/\/unasp.br\/noticias\/#organization"},"image":{"@id":"https:\/\/unasp.br\/noticias\/mostra-unasp\/#primaryimage"},"thumbnailUrl":"https:\/\/cdn.unasp.br\/noticias\/wp-content\/uploads\/2019\/11\/11171200\/Projeto-de-Extens%C3%A3o-1-2019.jpg","keywords":["UNASP"],"articleSection":["Impacto Social"],"inLanguage":"pt-BR","potentialAction":[{"@type":"CommentAction","name":"Comment","target":["https:\/\/unasp.br\/noticias\/mostra-unasp\/#respond"]}]},{"@type":"WebPage","@id":"https:\/\/unasp.br\/noticias\/mostra-unasp\/","url":"https:\/\/unasp.br\/noticias\/mostra-unasp\/","name":"Conhe\u00e7a projetos do Unasp Engenheiro Coelho que est\u00e3o mudando vidas","isPartOf":{"@id":"https:\/\/unasp.br\/noticias\/#website"},"primaryImageOfPage":{"@id":"https:\/\/unasp.br\/noticias\/mostra-unasp\/#primaryimage"},"image":{"@id":"https:\/\/unasp.br\/noticias\/mostra-unasp\/#primaryimage"},"thumbnailUrl":"https:\/\/cdn.unasp.br\/noticias\/wp-content\/uploads\/2019\/11\/11171200\/Projeto-de-Extens%C3%A3o-1-2019.jpg","datePublished":"2019-11-11T23:03:21+00:00","dateModified":"2019-11-12T08:30:01+00:00","description":"Projetos de extens\u00e3o s\u00e3o desenvolvidos pelo Unasp nas cidades de Engenheiro Coelho, Artur Nogueira, Conchal, Limeira, Cosm\u00f3polis, Mogi Mirim e Mogi Gua\u00e7u.","breadcrumb":{"@id":"https:\/\/unasp.br\/noticias\/mostra-unasp\/#breadcrumb"},"inLanguage":"pt-BR","potentialAction":[{"@type":"ReadAction","target":["https:\/\/unasp.br\/noticias\/mostra-unasp\/"]}]},{"@type":"ImageObject","inLanguage":"pt-BR","@id":"https:\/\/unasp.br\/noticias\/mostra-unasp\/#primaryimage","url":"https:\/\/cdn.unasp.br\/noticias\/wp-content\/uploads\/2019\/11\/11171200\/Projeto-de-Extens%C3%A3o-1-2019.jpg","contentUrl":"https:\/\/cdn.unasp.br\/noticias\/wp-content\/uploads\/2019\/11\/11171200\/Projeto-de-Extens%C3%A3o-1-2019.jpg","width":1200,"height":900},{"@type":"BreadcrumbList","@id":"https:\/\/unasp.br\/noticias\/mostra-unasp\/#breadcrumb","itemListElement":[{"@type":"ListItem","position":1,"name":"In\u00edcio","item":"https:\/\/unasp.br\/noticias\/"},{"@type":"ListItem","position":2,"name":"Mostra apresenta projetos do Unasp Engenheiro Coelho desenvolvidos na comunidade"}]},{"@type":"WebSite","@id":"https:\/\/unasp.br\/noticias\/#website","url":"https:\/\/unasp.br\/noticias\/","name":"UNASP Noticias","description":"Centro Universit\u00e1rio Adventista de S\u00e3o Paulo","publisher":{"@id":"https:\/\/unasp.br\/noticias\/#organization"},"potentialAction":[{"@type":"SearchAction","target":{"@type":"EntryPoint","urlTemplate":"https:\/\/unasp.br\/noticias\/?s={search_term_string}"},"query-input":{"@type":"PropertyValueSpecification","valueRequired":true,"valueName":"search_term_string"}}],"inLanguage":"pt-BR"},{"@type":"Organization","@id":"https:\/\/unasp.br\/noticias\/#organization","name":"UNASP Noticias","url":"https:\/\/unasp.br\/noticias\/","logo":{"@type":"ImageObject","inLanguage":"pt-BR","@id":"https:\/\/unasp.br\/noticias\/#\/schema\/logo\/image\/","url":"https:\/\/cdn.unasp.br\/noticias\/wp-content\/uploads\/2021\/09\/09152724\/logo-unasp-news.png","contentUrl":"https:\/\/cdn.unasp.br\/noticias\/wp-content\/uploads\/2021\/09\/09152724\/logo-unasp-news.png","width":240,"height":41,"caption":"UNASP Noticias"},"image":{"@id":"https:\/\/unasp.br\/noticias\/#\/schema\/logo\/image\/"}},{"@type":"Person","@id":"https:\/\/unasp.br\/noticias\/#\/schema\/person\/80f09a3ec674501e6bb13144ffa2489f","name":"Aira Almeida","image":{"@type":"ImageObject","inLanguage":"pt-BR","@id":"https:\/\/unasp.br\/noticias\/#\/schema\/person\/image\/","url":"https:\/\/secure.gravatar.com\/avatar\/e30ea867fdd5a41ec6a0cb350dcd108e?s=96&d=mm&r=g","contentUrl":"https:\/\/secure.gravatar.com\/avatar\/e30ea867fdd5a41ec6a0cb350dcd108e?s=96&d=mm&r=g","caption":"Aira Almeida"},"url":"https:\/\/unasp.br\/noticias\/author\/aira-almeidaedu-unasp-br\/"}]}},"_links":{"self":[{"href":"https:\/\/unasp.br\/noticias\/wp-json\/wp\/v2\/posts\/70963"}],"collection":[{"href":"https:\/\/unasp.br\/noticias\/wp-json\/wp\/v2\/posts"}],"about":[{"href":"https:\/\/unasp.br\/noticias\/wp-json\/wp\/v2\/types\/post"}],"author":[{"embeddable":true,"href":"https:\/\/unasp.br\/noticias\/wp-json\/wp\/v2\/users\/30"}],"replies":[{"embeddable":true,"href":"https:\/\/unasp.br\/noticias\/wp-json\/wp\/v2\/comments?post=70963"}],"version-history":[{"count":2,"href":"https:\/\/unasp.br\/noticias\/wp-json\/wp\/v2\/posts\/70963\/revisions"}],"predecessor-version":[{"id":70995,"href":"https:\/\/unasp.br\/noticias\/wp-json\/wp\/v2\/posts\/70963\/revisions\/70995"}],"wp:featuredmedia":[{"embeddable":true,"href":"https:\/\/unasp.br\/noticias\/wp-json\/wp\/v2\/media\/70964"}],"wp:attachment":[{"href":"https:\/\/unasp.br\/noticias\/wp-json\/wp\/v2\/media?parent=70963"}],"wp:term":[{"taxonomy":"category","embeddable":true,"href":"https:\/\/unasp.br\/noticias\/wp-json\/wp\/v2\/categories?post=70963"},{"taxonomy":"post_tag","embeddable":true,"href":"https:\/\/unasp.br\/noticias\/wp-json\/wp\/v2\/tags?post=70963"}],"curies":[{"name":"wp","href":"https:\/\/api.w.org\/{rel}","templated":true}]}}