{"id":71704,"date":"2019-11-21T11:51:11","date_gmt":"2019-11-21T14:51:11","guid":{"rendered":"https:\/\/www.unasp.br\/noticias\/?p=71704"},"modified":"2019-11-22T08:48:52","modified_gmt":"2019-11-22T11:48:52","slug":"aluna-do-unasp-alcanca-o-primeiro-lugar-em-premiacao-da-prefeitura-de-sao-paulo","status":"publish","type":"post","link":"https:\/\/unasp.br\/noticias\/aluna-do-unasp-alcanca-o-primeiro-lugar-em-premiacao-da-prefeitura-de-sao-paulo\/","title":{"rendered":"Aluna do Unasp alcan\u00e7a o primeiro lugar em premia\u00e7\u00e3o da prefeitura de S\u00e3o Paulo"},"content":{"rendered":"<p style=\"text-align: center;\"><em>Conhecimentos adquiridos pela aluna no curso de Ci\u00eancias Biol\u00f3gicas do Unasp deram base para a elabora\u00e7\u00e3o do projeto ganhador<\/em><\/p>\n<div id=\"attachment_71706\" style=\"width: 696px\" class=\"wp-caption aligncenter\"><img loading=\"lazy\" decoding=\"async\" aria-describedby=\"caption-attachment-71706\" class=\"wp-image-71706\" src=\"https:\/\/www.unasp.br\/noticias\/wp-content\/uploads\/2019\/11\/WhatsApp-Image-2019-11-08-at-11_23_17-300x225.jpeg\" alt=\"\" width=\"686\" height=\"514\" srcset=\"https:\/\/cdn.unasp.br\/noticias\/wp-content\/uploads\/2019\/11\/21083630\/WhatsApp-Image-2019-11-08-at-11_23_17-300x225.jpeg 300w, https:\/\/cdn.unasp.br\/noticias\/wp-content\/uploads\/2019\/11\/21083630\/WhatsApp-Image-2019-11-08-at-11_23_17-768x576.jpeg 768w, https:\/\/cdn.unasp.br\/noticias\/wp-content\/uploads\/2019\/11\/21083630\/WhatsApp-Image-2019-11-08-at-11_23_17-1024x768.jpeg 1024w, https:\/\/cdn.unasp.br\/noticias\/wp-content\/uploads\/2019\/11\/21083630\/WhatsApp-Image-2019-11-08-at-11_23_17-800x600.jpeg 800w, https:\/\/cdn.unasp.br\/noticias\/wp-content\/uploads\/2019\/11\/21083630\/WhatsApp-Image-2019-11-08-at-11_23_17-960x720.jpeg 960w, https:\/\/cdn.unasp.br\/noticias\/wp-content\/uploads\/2019\/11\/21083630\/WhatsApp-Image-2019-11-08-at-11_23_17-667x500.jpeg 667w, https:\/\/cdn.unasp.br\/noticias\/wp-content\/uploads\/2019\/11\/21083630\/WhatsApp-Image-2019-11-08-at-11_23_17-640x480.jpeg 640w, https:\/\/cdn.unasp.br\/noticias\/wp-content\/uploads\/2019\/11\/21083630\/WhatsApp-Image-2019-11-08-at-11_23_17-373x280.jpeg 373w, https:\/\/cdn.unasp.br\/noticias\/wp-content\/uploads\/2019\/11\/21083630\/WhatsApp-Image-2019-11-08-at-11_23_17-500x375.jpeg 500w, https:\/\/cdn.unasp.br\/noticias\/wp-content\/uploads\/2019\/11\/21083630\/WhatsApp-Image-2019-11-08-at-11_23_17-400x300.jpeg 400w, https:\/\/cdn.unasp.br\/noticias\/wp-content\/uploads\/2019\/11\/21083630\/WhatsApp-Image-2019-11-08-at-11_23_17-333x250.jpeg 333w, https:\/\/cdn.unasp.br\/noticias\/wp-content\/uploads\/2019\/11\/21083630\/WhatsApp-Image-2019-11-08-at-11_23_17-267x200.jpeg 267w, https:\/\/cdn.unasp.br\/noticias\/wp-content\/uploads\/2019\/11\/21083630\/WhatsApp-Image-2019-11-08-at-11_23_17-200x150.jpeg 200w, https:\/\/cdn.unasp.br\/noticias\/wp-content\/uploads\/2019\/11\/21083630\/WhatsApp-Image-2019-11-08-at-11_23_17-175x131.jpeg 175w, https:\/\/cdn.unasp.br\/noticias\/wp-content\/uploads\/2019\/11\/21083630\/WhatsApp-Image-2019-11-08-at-11_23_17.jpeg 1032w\" sizes=\"(max-width: 686px) 100vw, 686px\" \/><p id=\"caption-attachment-71706\" class=\"wp-caption-text\">Estagi\u00e1rios ganhadores na 10\u00aa edi\u00e7\u00e3o do pr\u00eamio &#8220;As melhores Pr\u00e1ticas de Est\u00e1gio&#8221;. Cr\u00e9dito: Secretaria Especial de Comunica\u00e7\u00e3o da Prefeitura Municipal de S\u00e3o Paulo<\/p><\/div>\n<p style=\"text-align: justify;\">A Secretaria de Gest\u00e3o da Prefeitura da cidade de S\u00e3o Paulo, em parceria com o <a href=\"https:\/\/www.unasp.br\/ec\/sites\/amais\/voce-esta-procurando-estagio\/\">Centro de Integra\u00e7\u00e3o Empresa-Escola (CIEE)<\/a>, promoveu a 10\u00aa edi\u00e7\u00e3o do pr\u00eamio \u201cAs Melhores Pr\u00e1ticas de Est\u00e1gio\u201d neste m\u00eas de novembro. \u00a0O objetivo da premia\u00e7\u00e3o \u00e9 valorizar os alunos estagi\u00e1rios e incentiv\u00e1-los na participa\u00e7\u00e3o do desenvolvimento de pol\u00edticas p\u00fablicas, que visam melhorar processos internos da administra\u00e7\u00e3o municipal e o dia a dia dos cidad\u00e3os. Na disputa, a aluna Beatriz Monteiro do <a href=\"https:\/\/www.unasp.br\/cursos\/sp\/graduacao\/ciencias-biologicas\/\">curso de Ci\u00eancias Biol\u00f3gicas do Unasp<\/a>, alcan\u00e7ou o primeiro lugar na categoria \u201cInova\u00e7\u00e3o em Processos e Pol\u00edticas P\u00fablicas\u201d com o projeto &#8220;Viv\u00eancias com a Arboriza\u00e7\u00e3o: Atividades para Educadores&#8221;, juntamente com Andr\u00e9 Barcellos\u00a0\u2013 seu colega de trabalho no est\u00e1gio.<\/p>\n<p style=\"text-align: justify;\">Para Beatriz, a felicidade maior est\u00e1 no fato de ver o esfor\u00e7o sendo recompensado atrav\u00e9s do resultado. \u201c\u00c0s vezes, no momento em que estamos fazendo algo, n\u00f3s reclamamos por ser dif\u00edcil ou por ser desgastante e at\u00e9 pensamos em desistir, mas quando n\u00f3s vemos o resultado do nosso esfor\u00e7o, n\u00e3o tem sensa\u00e7\u00e3o melhor, n\u00e3o tem pre\u00e7o\u201d, afirma a aluna do Unasp, campus da capital, que agora est\u00e1 sendo procurada por escolas interessadas em saber melhor sobre o projeto, para falar sobre a arboriza\u00e7\u00e3o e a possibilidade de a\u00e7\u00f5es de plantio. \u201cPretendo disseminar a cartilha escolar de arboriza\u00e7\u00e3o para todas as escolas, o m\u00e1ximo que eu puder, \u00e9 um presente para elas. O pr\u00f3ximo passo \u00e9 criar um QRCode para que todos que queiram possam ter acesso a ela\u201d, diz.<\/p>\n<p style=\"text-align: justify;\"><strong>A ideia do projeto<\/strong><\/p>\n<div id=\"attachment_71707\" style=\"width: 287px\" class=\"wp-caption alignleft\"><img loading=\"lazy\" decoding=\"async\" aria-describedby=\"caption-attachment-71707\" class=\"wp-image-71707\" src=\"https:\/\/www.unasp.br\/noticias\/wp-content\/uploads\/2019\/11\/WhatsApp-Image-2019-11-21-at-11.09.40-1-225x300.jpeg\" alt=\"\" width=\"277\" height=\"369\" srcset=\"https:\/\/cdn.unasp.br\/noticias\/wp-content\/uploads\/2019\/11\/21084113\/WhatsApp-Image-2019-11-21-at-11.09.40-1-225x300.jpeg 225w, https:\/\/cdn.unasp.br\/noticias\/wp-content\/uploads\/2019\/11\/21084113\/WhatsApp-Image-2019-11-21-at-11.09.40-1-768x1024.jpeg 768w, https:\/\/cdn.unasp.br\/noticias\/wp-content\/uploads\/2019\/11\/21084113\/WhatsApp-Image-2019-11-21-at-11.09.40-1-450x600.jpeg 450w, https:\/\/cdn.unasp.br\/noticias\/wp-content\/uploads\/2019\/11\/21084113\/WhatsApp-Image-2019-11-21-at-11.09.40-1-600x800.jpeg 600w, https:\/\/cdn.unasp.br\/noticias\/wp-content\/uploads\/2019\/11\/21084113\/WhatsApp-Image-2019-11-21-at-11.09.40-1-540x720.jpeg 540w, https:\/\/cdn.unasp.br\/noticias\/wp-content\/uploads\/2019\/11\/21084113\/WhatsApp-Image-2019-11-21-at-11.09.40-1-375x500.jpeg 375w, https:\/\/cdn.unasp.br\/noticias\/wp-content\/uploads\/2019\/11\/21084113\/WhatsApp-Image-2019-11-21-at-11.09.40-1-360x480.jpeg 360w, https:\/\/cdn.unasp.br\/noticias\/wp-content\/uploads\/2019\/11\/21084113\/WhatsApp-Image-2019-11-21-at-11.09.40-1-210x280.jpeg 210w, https:\/\/cdn.unasp.br\/noticias\/wp-content\/uploads\/2019\/11\/21084113\/WhatsApp-Image-2019-11-21-at-11.09.40-1-300x400.jpeg 300w, https:\/\/cdn.unasp.br\/noticias\/wp-content\/uploads\/2019\/11\/21084113\/WhatsApp-Image-2019-11-21-at-11.09.40-1-188x250.jpeg 188w, https:\/\/cdn.unasp.br\/noticias\/wp-content\/uploads\/2019\/11\/21084113\/WhatsApp-Image-2019-11-21-at-11.09.40-1-150x200.jpeg 150w, https:\/\/cdn.unasp.br\/noticias\/wp-content\/uploads\/2019\/11\/21084113\/WhatsApp-Image-2019-11-21-at-11.09.40-1-113x150.jpeg 113w, https:\/\/cdn.unasp.br\/noticias\/wp-content\/uploads\/2019\/11\/21084113\/WhatsApp-Image-2019-11-21-at-11.09.40-1-175x233.jpeg 175w, https:\/\/cdn.unasp.br\/noticias\/wp-content\/uploads\/2019\/11\/21084113\/WhatsApp-Image-2019-11-21-at-11.09.40-1.jpeg 960w\" sizes=\"(max-width: 277px) 100vw, 277px\" \/><p id=\"caption-attachment-71707\" class=\"wp-caption-text\">Beatriz Monteiro, aluna do terceiro ano do curso de Ci\u00eancias Biol\u00f3gicas do Unasp-SP.<\/p><\/div>\n<p style=\"text-align: justify;\">\u201cEu fa\u00e7o est\u00e1gio com arboriza\u00e7\u00e3o urbana, ent\u00e3o minha rotina na SVMA (Secretaria Municipal do Verde e do Meio Ambiente) \u00e9 atender os mun\u00edcipes que querem arborizar a cal\u00e7ada da sua rua, a pra\u00e7a, \u00e1reas livres e at\u00e9 escolas. N\u00f3s vamos at\u00e9 o local, fazemos vistorias, definimos as esp\u00e9cies adequadas para o local, desenhamos um croqui e junto com a equipe de plantio, n\u00f3s plantamos as mudas de \u00e1rvores\u201d, explica Beatriz como \u00e9 sua rotina trabalhando como estagi\u00e1ria na administra\u00e7\u00e3o p\u00fablica da cidade.<\/p>\n<p style=\"text-align: justify;\">Al\u00e9m disso, Beatriz tamb\u00e9m faz est\u00e1gio de licenciatura em duas escolas p\u00fablicas no bairro do Cap\u00e3o Redondo, em S\u00e3o Paulo. A aluna est\u00e1 prestes a terminar o programa Resid\u00eancia Pedag\u00f3gica da CAPES (Coordena\u00e7\u00e3o de Aperfei\u00e7oamento de Pessoal de N\u00edvel Superior), com dura\u00e7\u00e3o de 18 meses. \u201cDurante o meu per\u00edodo de ambienta\u00e7\u00e3o e diagn\u00f3stico do ambiente escolar notei que as escolas p\u00fablicas geralmente carecem de \u00e1reas verdes, e quando existem s\u00e3o muito limitadas, s\u00e3o pequenos espa\u00e7os, muitas vezes em desuso por conta da falta de manuten\u00e7\u00e3o. Essas escolas carecem de um projeto paisag\u00edstico que favore\u00e7a a recrea\u00e7\u00e3o e bem-estar dos alunos\u201d, conta a estagi\u00e1ria. Foi a partir desse momento de constata\u00e7\u00e3o que Beatriz teve a ideia de associar seu est\u00e1gio do bacharelado na SVMA, com o est\u00e1gio da licenciatura nas escolas \u2013 levando a arboriza\u00e7\u00e3o para dentro das institui\u00e7\u00f5es de ensino b\u00e1sico.<\/p>\n<p style=\"text-align: justify;\">A aluna explica que os benef\u00edcios da arboriza\u00e7\u00e3o dentro das escolas s\u00e3o diversos, como: as \u00e1rvores proporcionam sombra trazendo um conforto t\u00e9rmico, bem-estar psicol\u00f3gico principalmente na \u00e9poca de flora\u00e7\u00e3o (pois muda a est\u00e9tica do local), ajudam a umedecer o ar, forma uma barreira f\u00edsica contra os ventos, ru\u00eddos e luminosidade, e se forem frut\u00edferas atraem a avifauna.<\/p>\n<p style=\"text-align: justify;\">\u201cOutro fato muito importante \u00e9 que colocando o aluno em contato no dia a dia com a natureza, ele aprende a valorizar e a cuidar do meio ambiente. Quando o professor diz para o aluno que uma \u00e1rvore \u00e9 importante e que ele deve preserv\u00e1-la, para ele n\u00e3o vai fazer o menor sentido se olhando para o ambiente em que ele est\u00e1 (a escola) n\u00e3o v\u00ea sequer uma \u00fanica \u00e1rvore. Isso \u00e9 cegueira bot\u00e2nica, que de forma resumida quer dizer que as pessoas t\u00eam dificuldade em compreender a import\u00e2ncia, o papel da vegeta\u00e7\u00e3o na natureza e que s\u00f3 a enxerga como um complemento de paisagem\u201d, enfatiza.<\/p>\n<p style=\"text-align: justify;\"><strong>Unasp: contribuindo para forma\u00e7\u00e3o de futuros profissionais de destaque<\/strong><\/p>\n<p style=\"text-align: justify;\">Segundo o professor e coordenador do curso de Ci\u00eancias Biol\u00f3gicas do Unasp-SP, Me. Enios Duarte, ter uma aluna premiada em um evento do CIEE e da Prefeitura Municipal de S\u00e3o Paulo \u00e9 tamb\u00e9m um indicador da qualidade de alunos que a institui\u00e7\u00e3o est\u00e1 preparando para o mercado de trabalho. \u201cA Beatriz \u00e9 uma aluna envolvida com todas as atividades acad\u00eamicas propostas no curso, aproveita cada momento para o seu aperfei\u00e7oamento acad\u00eamico. Um pr\u00eamio desse \u00e9 um reconhecimento da sua dedica\u00e7\u00e3o e busca pela excel\u00eancia profissional\u201d, confirma o professor.<\/p>\n<div id=\"attachment_71709\" style=\"width: 430px\" class=\"wp-caption alignright\"><img loading=\"lazy\" decoding=\"async\" aria-describedby=\"caption-attachment-71709\" class=\"wp-image-71709\" src=\"https:\/\/www.unasp.br\/noticias\/wp-content\/uploads\/2019\/11\/WhatsApp-Image-2019-11-21-at-11.09.40-2-300x225.jpeg\" alt=\"\" width=\"420\" height=\"315\" srcset=\"https:\/\/cdn.unasp.br\/noticias\/wp-content\/uploads\/2019\/11\/21084350\/WhatsApp-Image-2019-11-21-at-11.09.40-2-300x225.jpeg 300w, https:\/\/cdn.unasp.br\/noticias\/wp-content\/uploads\/2019\/11\/21084350\/WhatsApp-Image-2019-11-21-at-11.09.40-2-768x576.jpeg 768w, https:\/\/cdn.unasp.br\/noticias\/wp-content\/uploads\/2019\/11\/21084350\/WhatsApp-Image-2019-11-21-at-11.09.40-2-1024x768.jpeg 1024w, https:\/\/cdn.unasp.br\/noticias\/wp-content\/uploads\/2019\/11\/21084350\/WhatsApp-Image-2019-11-21-at-11.09.40-2-800x600.jpeg 800w, https:\/\/cdn.unasp.br\/noticias\/wp-content\/uploads\/2019\/11\/21084350\/WhatsApp-Image-2019-11-21-at-11.09.40-2-1067x800.jpeg 1067w, https:\/\/cdn.unasp.br\/noticias\/wp-content\/uploads\/2019\/11\/21084350\/WhatsApp-Image-2019-11-21-at-11.09.40-2-960x720.jpeg 960w, https:\/\/cdn.unasp.br\/noticias\/wp-content\/uploads\/2019\/11\/21084350\/WhatsApp-Image-2019-11-21-at-11.09.40-2-667x500.jpeg 667w, https:\/\/cdn.unasp.br\/noticias\/wp-content\/uploads\/2019\/11\/21084350\/WhatsApp-Image-2019-11-21-at-11.09.40-2-640x480.jpeg 640w, https:\/\/cdn.unasp.br\/noticias\/wp-content\/uploads\/2019\/11\/21084350\/WhatsApp-Image-2019-11-21-at-11.09.40-2-373x280.jpeg 373w, https:\/\/cdn.unasp.br\/noticias\/wp-content\/uploads\/2019\/11\/21084350\/WhatsApp-Image-2019-11-21-at-11.09.40-2-500x375.jpeg 500w, https:\/\/cdn.unasp.br\/noticias\/wp-content\/uploads\/2019\/11\/21084350\/WhatsApp-Image-2019-11-21-at-11.09.40-2-400x300.jpeg 400w, https:\/\/cdn.unasp.br\/noticias\/wp-content\/uploads\/2019\/11\/21084350\/WhatsApp-Image-2019-11-21-at-11.09.40-2-333x250.jpeg 333w, https:\/\/cdn.unasp.br\/noticias\/wp-content\/uploads\/2019\/11\/21084350\/WhatsApp-Image-2019-11-21-at-11.09.40-2-267x200.jpeg 267w, https:\/\/cdn.unasp.br\/noticias\/wp-content\/uploads\/2019\/11\/21084350\/WhatsApp-Image-2019-11-21-at-11.09.40-2-200x150.jpeg 200w, https:\/\/cdn.unasp.br\/noticias\/wp-content\/uploads\/2019\/11\/21084350\/WhatsApp-Image-2019-11-21-at-11.09.40-2-175x131.jpeg 175w, https:\/\/cdn.unasp.br\/noticias\/wp-content\/uploads\/2019\/11\/21084350\/WhatsApp-Image-2019-11-21-at-11.09.40-2.jpeg 1280w\" sizes=\"(max-width: 420px) 100vw, 420px\" \/><p id=\"caption-attachment-71709\" class=\"wp-caption-text\">Beatriz sendo premiada juntamente com seu colega de est\u00e1gio, Andr\u00e9 Barcellos.<\/p><\/div>\n<p style=\"text-align: justify;\">Enios afirma que o curso de Ci\u00eancias Biol\u00f3gicas promove uma integra\u00e7\u00e3o entre os aspectos da teoria e da pr\u00e1tica, seja nas disciplinas, como tamb\u00e9m nos diversos programas que s\u00e3o desenvolvidos na institui\u00e7\u00e3o, como \u201cEu Jogo Limpo\u201d, \u201cUnasp Sem Dengue\u201d, as diversas atividades de campo, PIBID (Programa Institucional de Bolsas de Inicia\u00e7\u00e3o \u00e0 Doc\u00eancia), Resid\u00eancia Pedag\u00f3gica, entre outros. \u201cAcredito que a dedica\u00e7\u00e3o e empenho da estudante somado a qualidade de ensino que aqui \u00e9 praticado tenham contribu\u00eddo para desenvolvimento de experi\u00eancias exitosas de pr\u00e1ticas no campo do est\u00e1gio\u201d, reconhece.<\/p>\n<p style=\"text-align: justify;\">Em contrapartida, Beatriz observa que o Unasp \u00e9 uma institui\u00e7\u00e3o que se preocupa em formar pessoas em todas as dimens\u00f5es (intelectual, f\u00edsica, moral, cultural, espiritual, entre outras), oferecendo uma educa\u00e7\u00e3o integral, e que isso faz toda a diferen\u00e7a.<\/p>\n<p style=\"text-align: justify;\">\u201cO curso de Ci\u00eancias Biol\u00f3gicas, por se tratar de uma \u00e1rea que estuda todas as formas de vida, me proporcionou uma mentalidade ainda mais cr\u00edtica em rela\u00e7\u00e3o \u00e0s nossas a\u00e7\u00f5es, de modo que me fizesse refletir muito sobre o quanto eu sou respons\u00e1vel por cuidar da natureza, pois \u00e9 dela que eu tiro os recursos necess\u00e1rios para a minha sobreviv\u00eancia. Ent\u00e3o o curso do Unasp contribuiu muito para essa vis\u00e3o, pois se preocupa n\u00e3o s\u00f3 em desenvolver potencialidades cognitivas, mas tamb\u00e9m humanas. As sa\u00eddas de campo que realizamos quase em todos os semestres tamb\u00e9m foram essenciais para nos tornar cr\u00edticos, \u00e9ticos e respons\u00e1veis com o meio ambiente\u201d, completa.<\/p>\n","protected":false},"excerpt":{"rendered":"<p>Conhecimentos adquiridos pela aluna no curso de Ci\u00eancias Biol\u00f3gicas do Unasp deram base para a elabora\u00e7\u00e3o do [&hellip;]<\/p>\n","protected":false},"author":30,"featured_media":71706,"comment_status":"open","ping_status":"open","sticky":false,"template":"","format":"standard","meta":{"footnotes":""},"categories":[10],"tags":[],"yoast_head":"<!-- This site is optimized with the Yoast SEO plugin v23.5 - https:\/\/yoast.com\/wordpress\/plugins\/seo\/ -->\n<title>Aluna do Unasp alcan\u00e7a o primeiro lugar em premia\u00e7\u00e3o da prefeitura de S\u00e3o Paulo - UNASP Noticias<\/title>\n<meta name=\"description\" content=\"Aluna do curso de Ci\u00eancias Biol\u00f3gicas do Unasp-SP foi premiada pela Prefeitura de S\u00e3o Paulo e pelo CIEE, por projeto que prop\u00f5e a arboriza\u00e7\u00e3o nas escolas.\" \/>\n<meta name=\"robots\" content=\"index, follow, max-snippet:-1, max-image-preview:large, max-video-preview:-1\" \/>\n<link rel=\"canonical\" href=\"https:\/\/unasp.br\/noticias\/aluna-do-unasp-alcanca-o-primeiro-lugar-em-premiacao-da-prefeitura-de-sao-paulo\/\" \/>\n<meta property=\"og:locale\" content=\"pt_BR\" \/>\n<meta property=\"og:type\" content=\"article\" \/>\n<meta property=\"og:title\" content=\"Aluna do Unasp alcan\u00e7a o primeiro lugar em premia\u00e7\u00e3o da prefeitura de S\u00e3o Paulo - UNASP Noticias\" \/>\n<meta property=\"og:description\" content=\"Aluna do curso de Ci\u00eancias Biol\u00f3gicas do Unasp-SP foi premiada pela Prefeitura de S\u00e3o Paulo e pelo CIEE, por projeto que prop\u00f5e a arboriza\u00e7\u00e3o nas escolas.\" \/>\n<meta property=\"og:url\" content=\"https:\/\/unasp.br\/noticias\/aluna-do-unasp-alcanca-o-primeiro-lugar-em-premiacao-da-prefeitura-de-sao-paulo\/\" \/>\n<meta property=\"og:site_name\" content=\"UNASP Noticias\" \/>\n<meta property=\"article:published_time\" content=\"2019-11-21T14:51:11+00:00\" \/>\n<meta property=\"article:modified_time\" content=\"2019-11-22T11:48:52+00:00\" \/>\n<meta property=\"og:image\" content=\"https:\/\/cdn.unasp.br\/noticias\/wp-content\/uploads\/2019\/11\/21083630\/WhatsApp-Image-2019-11-08-at-11_23_17.jpeg\" \/>\n\t<meta property=\"og:image:width\" content=\"1032\" \/>\n\t<meta property=\"og:image:height\" content=\"774\" \/>\n\t<meta property=\"og:image:type\" content=\"image\/jpeg\" \/>\n<meta name=\"author\" content=\"Aira Almeida\" \/>\n<meta name=\"twitter:card\" content=\"summary_large_image\" \/>\n<meta name=\"twitter:label1\" content=\"Escrito por\" \/>\n\t<meta name=\"twitter:data1\" content=\"Aira Almeida\" \/>\n\t<meta name=\"twitter:label2\" content=\"Est. tempo de leitura\" \/>\n\t<meta name=\"twitter:data2\" content=\"6 minutos\" \/>\n<script type=\"application\/ld+json\" class=\"yoast-schema-graph\">{\"@context\":\"https:\/\/schema.org\",\"@graph\":[{\"@type\":\"Article\",\"@id\":\"https:\/\/unasp.br\/noticias\/aluna-do-unasp-alcanca-o-primeiro-lugar-em-premiacao-da-prefeitura-de-sao-paulo\/#article\",\"isPartOf\":{\"@id\":\"https:\/\/unasp.br\/noticias\/aluna-do-unasp-alcanca-o-primeiro-lugar-em-premiacao-da-prefeitura-de-sao-paulo\/\"},\"author\":{\"name\":\"Aira Almeida\",\"@id\":\"https:\/\/unasp.br\/noticias\/#\/schema\/person\/80f09a3ec674501e6bb13144ffa2489f\"},\"headline\":\"Aluna do Unasp alcan\u00e7a o primeiro lugar em premia\u00e7\u00e3o da prefeitura de S\u00e3o Paulo\",\"datePublished\":\"2019-11-21T14:51:11+00:00\",\"dateModified\":\"2019-11-22T11:48:52+00:00\",\"mainEntityOfPage\":{\"@id\":\"https:\/\/unasp.br\/noticias\/aluna-do-unasp-alcanca-o-primeiro-lugar-em-premiacao-da-prefeitura-de-sao-paulo\/\"},\"wordCount\":1211,\"commentCount\":0,\"publisher\":{\"@id\":\"https:\/\/unasp.br\/noticias\/#organization\"},\"image\":{\"@id\":\"https:\/\/unasp.br\/noticias\/aluna-do-unasp-alcanca-o-primeiro-lugar-em-premiacao-da-prefeitura-de-sao-paulo\/#primaryimage\"},\"thumbnailUrl\":\"https:\/\/cdn.unasp.br\/noticias\/wp-content\/uploads\/2019\/11\/21083630\/WhatsApp-Image-2019-11-08-at-11_23_17.jpeg\",\"articleSection\":[\"Impacto Social\"],\"inLanguage\":\"pt-BR\",\"potentialAction\":[{\"@type\":\"CommentAction\",\"name\":\"Comment\",\"target\":[\"https:\/\/unasp.br\/noticias\/aluna-do-unasp-alcanca-o-primeiro-lugar-em-premiacao-da-prefeitura-de-sao-paulo\/#respond\"]}]},{\"@type\":\"WebPage\",\"@id\":\"https:\/\/unasp.br\/noticias\/aluna-do-unasp-alcanca-o-primeiro-lugar-em-premiacao-da-prefeitura-de-sao-paulo\/\",\"url\":\"https:\/\/unasp.br\/noticias\/aluna-do-unasp-alcanca-o-primeiro-lugar-em-premiacao-da-prefeitura-de-sao-paulo\/\",\"name\":\"Aluna do Unasp alcan\u00e7a o primeiro lugar em premia\u00e7\u00e3o da prefeitura de S\u00e3o Paulo - UNASP Noticias\",\"isPartOf\":{\"@id\":\"https:\/\/unasp.br\/noticias\/#website\"},\"primaryImageOfPage\":{\"@id\":\"https:\/\/unasp.br\/noticias\/aluna-do-unasp-alcanca-o-primeiro-lugar-em-premiacao-da-prefeitura-de-sao-paulo\/#primaryimage\"},\"image\":{\"@id\":\"https:\/\/unasp.br\/noticias\/aluna-do-unasp-alcanca-o-primeiro-lugar-em-premiacao-da-prefeitura-de-sao-paulo\/#primaryimage\"},\"thumbnailUrl\":\"https:\/\/cdn.unasp.br\/noticias\/wp-content\/uploads\/2019\/11\/21083630\/WhatsApp-Image-2019-11-08-at-11_23_17.jpeg\",\"datePublished\":\"2019-11-21T14:51:11+00:00\",\"dateModified\":\"2019-11-22T11:48:52+00:00\",\"description\":\"Aluna do curso de Ci\u00eancias Biol\u00f3gicas do Unasp-SP foi premiada pela Prefeitura de S\u00e3o Paulo e pelo CIEE, por projeto que prop\u00f5e a arboriza\u00e7\u00e3o nas escolas.\",\"breadcrumb\":{\"@id\":\"https:\/\/unasp.br\/noticias\/aluna-do-unasp-alcanca-o-primeiro-lugar-em-premiacao-da-prefeitura-de-sao-paulo\/#breadcrumb\"},\"inLanguage\":\"pt-BR\",\"potentialAction\":[{\"@type\":\"ReadAction\",\"target\":[\"https:\/\/unasp.br\/noticias\/aluna-do-unasp-alcanca-o-primeiro-lugar-em-premiacao-da-prefeitura-de-sao-paulo\/\"]}]},{\"@type\":\"ImageObject\",\"inLanguage\":\"pt-BR\",\"@id\":\"https:\/\/unasp.br\/noticias\/aluna-do-unasp-alcanca-o-primeiro-lugar-em-premiacao-da-prefeitura-de-sao-paulo\/#primaryimage\",\"url\":\"https:\/\/cdn.unasp.br\/noticias\/wp-content\/uploads\/2019\/11\/21083630\/WhatsApp-Image-2019-11-08-at-11_23_17.jpeg\",\"contentUrl\":\"https:\/\/cdn.unasp.br\/noticias\/wp-content\/uploads\/2019\/11\/21083630\/WhatsApp-Image-2019-11-08-at-11_23_17.jpeg\",\"width\":1032,\"height\":774},{\"@type\":\"BreadcrumbList\",\"@id\":\"https:\/\/unasp.br\/noticias\/aluna-do-unasp-alcanca-o-primeiro-lugar-em-premiacao-da-prefeitura-de-sao-paulo\/#breadcrumb\",\"itemListElement\":[{\"@type\":\"ListItem\",\"position\":1,\"name\":\"In\u00edcio\",\"item\":\"https:\/\/unasp.br\/noticias\/\"},{\"@type\":\"ListItem\",\"position\":2,\"name\":\"Aluna do Unasp alcan\u00e7a o primeiro lugar em premia\u00e7\u00e3o da prefeitura de S\u00e3o Paulo\"}]},{\"@type\":\"WebSite\",\"@id\":\"https:\/\/unasp.br\/noticias\/#website\",\"url\":\"https:\/\/unasp.br\/noticias\/\",\"name\":\"UNASP Noticias\",\"description\":\"Centro Universit\u00e1rio Adventista de S\u00e3o Paulo\",\"publisher\":{\"@id\":\"https:\/\/unasp.br\/noticias\/#organization\"},\"potentialAction\":[{\"@type\":\"SearchAction\",\"target\":{\"@type\":\"EntryPoint\",\"urlTemplate\":\"https:\/\/unasp.br\/noticias\/?s={search_term_string}\"},\"query-input\":{\"@type\":\"PropertyValueSpecification\",\"valueRequired\":true,\"valueName\":\"search_term_string\"}}],\"inLanguage\":\"pt-BR\"},{\"@type\":\"Organization\",\"@id\":\"https:\/\/unasp.br\/noticias\/#organization\",\"name\":\"UNASP Noticias\",\"url\":\"https:\/\/unasp.br\/noticias\/\",\"logo\":{\"@type\":\"ImageObject\",\"inLanguage\":\"pt-BR\",\"@id\":\"https:\/\/unasp.br\/noticias\/#\/schema\/logo\/image\/\",\"url\":\"https:\/\/cdn.unasp.br\/noticias\/wp-content\/uploads\/2021\/09\/09152724\/logo-unasp-news.png\",\"contentUrl\":\"https:\/\/cdn.unasp.br\/noticias\/wp-content\/uploads\/2021\/09\/09152724\/logo-unasp-news.png\",\"width\":240,\"height\":41,\"caption\":\"UNASP Noticias\"},\"image\":{\"@id\":\"https:\/\/unasp.br\/noticias\/#\/schema\/logo\/image\/\"}},{\"@type\":\"Person\",\"@id\":\"https:\/\/unasp.br\/noticias\/#\/schema\/person\/80f09a3ec674501e6bb13144ffa2489f\",\"name\":\"Aira Almeida\",\"image\":{\"@type\":\"ImageObject\",\"inLanguage\":\"pt-BR\",\"@id\":\"https:\/\/unasp.br\/noticias\/#\/schema\/person\/image\/\",\"url\":\"https:\/\/secure.gravatar.com\/avatar\/e30ea867fdd5a41ec6a0cb350dcd108e?s=96&d=mm&r=g\",\"contentUrl\":\"https:\/\/secure.gravatar.com\/avatar\/e30ea867fdd5a41ec6a0cb350dcd108e?s=96&d=mm&r=g\",\"caption\":\"Aira Almeida\"},\"url\":\"https:\/\/unasp.br\/noticias\/author\/aira-almeidaedu-unasp-br\/\"}]}<\/script>\n<!-- \/ Yoast SEO plugin. -->","yoast_head_json":{"title":"Aluna do Unasp alcan\u00e7a o primeiro lugar em premia\u00e7\u00e3o da prefeitura de S\u00e3o Paulo - UNASP Noticias","description":"Aluna do curso de Ci\u00eancias Biol\u00f3gicas do Unasp-SP foi premiada pela Prefeitura de S\u00e3o Paulo e pelo CIEE, por projeto que prop\u00f5e a arboriza\u00e7\u00e3o nas escolas.","robots":{"index":"index","follow":"follow","max-snippet":"max-snippet:-1","max-image-preview":"max-image-preview:large","max-video-preview":"max-video-preview:-1"},"canonical":"https:\/\/unasp.br\/noticias\/aluna-do-unasp-alcanca-o-primeiro-lugar-em-premiacao-da-prefeitura-de-sao-paulo\/","og_locale":"pt_BR","og_type":"article","og_title":"Aluna do Unasp alcan\u00e7a o primeiro lugar em premia\u00e7\u00e3o da prefeitura de S\u00e3o Paulo - UNASP Noticias","og_description":"Aluna do curso de Ci\u00eancias Biol\u00f3gicas do Unasp-SP foi premiada pela Prefeitura de S\u00e3o Paulo e pelo CIEE, por projeto que prop\u00f5e a arboriza\u00e7\u00e3o nas escolas.","og_url":"https:\/\/unasp.br\/noticias\/aluna-do-unasp-alcanca-o-primeiro-lugar-em-premiacao-da-prefeitura-de-sao-paulo\/","og_site_name":"UNASP Noticias","article_published_time":"2019-11-21T14:51:11+00:00","article_modified_time":"2019-11-22T11:48:52+00:00","og_image":[{"width":1032,"height":774,"url":"https:\/\/cdn.unasp.br\/noticias\/wp-content\/uploads\/2019\/11\/21083630\/WhatsApp-Image-2019-11-08-at-11_23_17.jpeg","type":"image\/jpeg"}],"author":"Aira Almeida","twitter_card":"summary_large_image","twitter_misc":{"Escrito por":"Aira Almeida","Est. tempo de leitura":"6 minutos"},"schema":{"@context":"https:\/\/schema.org","@graph":[{"@type":"Article","@id":"https:\/\/unasp.br\/noticias\/aluna-do-unasp-alcanca-o-primeiro-lugar-em-premiacao-da-prefeitura-de-sao-paulo\/#article","isPartOf":{"@id":"https:\/\/unasp.br\/noticias\/aluna-do-unasp-alcanca-o-primeiro-lugar-em-premiacao-da-prefeitura-de-sao-paulo\/"},"author":{"name":"Aira Almeida","@id":"https:\/\/unasp.br\/noticias\/#\/schema\/person\/80f09a3ec674501e6bb13144ffa2489f"},"headline":"Aluna do Unasp alcan\u00e7a o primeiro lugar em premia\u00e7\u00e3o da prefeitura de S\u00e3o Paulo","datePublished":"2019-11-21T14:51:11+00:00","dateModified":"2019-11-22T11:48:52+00:00","mainEntityOfPage":{"@id":"https:\/\/unasp.br\/noticias\/aluna-do-unasp-alcanca-o-primeiro-lugar-em-premiacao-da-prefeitura-de-sao-paulo\/"},"wordCount":1211,"commentCount":0,"publisher":{"@id":"https:\/\/unasp.br\/noticias\/#organization"},"image":{"@id":"https:\/\/unasp.br\/noticias\/aluna-do-unasp-alcanca-o-primeiro-lugar-em-premiacao-da-prefeitura-de-sao-paulo\/#primaryimage"},"thumbnailUrl":"https:\/\/cdn.unasp.br\/noticias\/wp-content\/uploads\/2019\/11\/21083630\/WhatsApp-Image-2019-11-08-at-11_23_17.jpeg","articleSection":["Impacto Social"],"inLanguage":"pt-BR","potentialAction":[{"@type":"CommentAction","name":"Comment","target":["https:\/\/unasp.br\/noticias\/aluna-do-unasp-alcanca-o-primeiro-lugar-em-premiacao-da-prefeitura-de-sao-paulo\/#respond"]}]},{"@type":"WebPage","@id":"https:\/\/unasp.br\/noticias\/aluna-do-unasp-alcanca-o-primeiro-lugar-em-premiacao-da-prefeitura-de-sao-paulo\/","url":"https:\/\/unasp.br\/noticias\/aluna-do-unasp-alcanca-o-primeiro-lugar-em-premiacao-da-prefeitura-de-sao-paulo\/","name":"Aluna do Unasp alcan\u00e7a o primeiro lugar em premia\u00e7\u00e3o da prefeitura de S\u00e3o Paulo - UNASP Noticias","isPartOf":{"@id":"https:\/\/unasp.br\/noticias\/#website"},"primaryImageOfPage":{"@id":"https:\/\/unasp.br\/noticias\/aluna-do-unasp-alcanca-o-primeiro-lugar-em-premiacao-da-prefeitura-de-sao-paulo\/#primaryimage"},"image":{"@id":"https:\/\/unasp.br\/noticias\/aluna-do-unasp-alcanca-o-primeiro-lugar-em-premiacao-da-prefeitura-de-sao-paulo\/#primaryimage"},"thumbnailUrl":"https:\/\/cdn.unasp.br\/noticias\/wp-content\/uploads\/2019\/11\/21083630\/WhatsApp-Image-2019-11-08-at-11_23_17.jpeg","datePublished":"2019-11-21T14:51:11+00:00","dateModified":"2019-11-22T11:48:52+00:00","description":"Aluna do curso de Ci\u00eancias Biol\u00f3gicas do Unasp-SP foi premiada pela Prefeitura de S\u00e3o Paulo e pelo CIEE, por projeto que prop\u00f5e a arboriza\u00e7\u00e3o nas escolas.","breadcrumb":{"@id":"https:\/\/unasp.br\/noticias\/aluna-do-unasp-alcanca-o-primeiro-lugar-em-premiacao-da-prefeitura-de-sao-paulo\/#breadcrumb"},"inLanguage":"pt-BR","potentialAction":[{"@type":"ReadAction","target":["https:\/\/unasp.br\/noticias\/aluna-do-unasp-alcanca-o-primeiro-lugar-em-premiacao-da-prefeitura-de-sao-paulo\/"]}]},{"@type":"ImageObject","inLanguage":"pt-BR","@id":"https:\/\/unasp.br\/noticias\/aluna-do-unasp-alcanca-o-primeiro-lugar-em-premiacao-da-prefeitura-de-sao-paulo\/#primaryimage","url":"https:\/\/cdn.unasp.br\/noticias\/wp-content\/uploads\/2019\/11\/21083630\/WhatsApp-Image-2019-11-08-at-11_23_17.jpeg","contentUrl":"https:\/\/cdn.unasp.br\/noticias\/wp-content\/uploads\/2019\/11\/21083630\/WhatsApp-Image-2019-11-08-at-11_23_17.jpeg","width":1032,"height":774},{"@type":"BreadcrumbList","@id":"https:\/\/unasp.br\/noticias\/aluna-do-unasp-alcanca-o-primeiro-lugar-em-premiacao-da-prefeitura-de-sao-paulo\/#breadcrumb","itemListElement":[{"@type":"ListItem","position":1,"name":"In\u00edcio","item":"https:\/\/unasp.br\/noticias\/"},{"@type":"ListItem","position":2,"name":"Aluna do Unasp alcan\u00e7a o primeiro lugar em premia\u00e7\u00e3o da prefeitura de S\u00e3o Paulo"}]},{"@type":"WebSite","@id":"https:\/\/unasp.br\/noticias\/#website","url":"https:\/\/unasp.br\/noticias\/","name":"UNASP Noticias","description":"Centro Universit\u00e1rio Adventista de S\u00e3o Paulo","publisher":{"@id":"https:\/\/unasp.br\/noticias\/#organization"},"potentialAction":[{"@type":"SearchAction","target":{"@type":"EntryPoint","urlTemplate":"https:\/\/unasp.br\/noticias\/?s={search_term_string}"},"query-input":{"@type":"PropertyValueSpecification","valueRequired":true,"valueName":"search_term_string"}}],"inLanguage":"pt-BR"},{"@type":"Organization","@id":"https:\/\/unasp.br\/noticias\/#organization","name":"UNASP Noticias","url":"https:\/\/unasp.br\/noticias\/","logo":{"@type":"ImageObject","inLanguage":"pt-BR","@id":"https:\/\/unasp.br\/noticias\/#\/schema\/logo\/image\/","url":"https:\/\/cdn.unasp.br\/noticias\/wp-content\/uploads\/2021\/09\/09152724\/logo-unasp-news.png","contentUrl":"https:\/\/cdn.unasp.br\/noticias\/wp-content\/uploads\/2021\/09\/09152724\/logo-unasp-news.png","width":240,"height":41,"caption":"UNASP Noticias"},"image":{"@id":"https:\/\/unasp.br\/noticias\/#\/schema\/logo\/image\/"}},{"@type":"Person","@id":"https:\/\/unasp.br\/noticias\/#\/schema\/person\/80f09a3ec674501e6bb13144ffa2489f","name":"Aira Almeida","image":{"@type":"ImageObject","inLanguage":"pt-BR","@id":"https:\/\/unasp.br\/noticias\/#\/schema\/person\/image\/","url":"https:\/\/secure.gravatar.com\/avatar\/e30ea867fdd5a41ec6a0cb350dcd108e?s=96&d=mm&r=g","contentUrl":"https:\/\/secure.gravatar.com\/avatar\/e30ea867fdd5a41ec6a0cb350dcd108e?s=96&d=mm&r=g","caption":"Aira Almeida"},"url":"https:\/\/unasp.br\/noticias\/author\/aira-almeidaedu-unasp-br\/"}]}},"_links":{"self":[{"href":"https:\/\/unasp.br\/noticias\/wp-json\/wp\/v2\/posts\/71704"}],"collection":[{"href":"https:\/\/unasp.br\/noticias\/wp-json\/wp\/v2\/posts"}],"about":[{"href":"https:\/\/unasp.br\/noticias\/wp-json\/wp\/v2\/types\/post"}],"author":[{"embeddable":true,"href":"https:\/\/unasp.br\/noticias\/wp-json\/wp\/v2\/users\/30"}],"replies":[{"embeddable":true,"href":"https:\/\/unasp.br\/noticias\/wp-json\/wp\/v2\/comments?post=71704"}],"version-history":[{"count":8,"href":"https:\/\/unasp.br\/noticias\/wp-json\/wp\/v2\/posts\/71704\/revisions"}],"predecessor-version":[{"id":71780,"href":"https:\/\/unasp.br\/noticias\/wp-json\/wp\/v2\/posts\/71704\/revisions\/71780"}],"wp:featuredmedia":[{"embeddable":true,"href":"https:\/\/unasp.br\/noticias\/wp-json\/wp\/v2\/media\/71706"}],"wp:attachment":[{"href":"https:\/\/unasp.br\/noticias\/wp-json\/wp\/v2\/media?parent=71704"}],"wp:term":[{"taxonomy":"category","embeddable":true,"href":"https:\/\/unasp.br\/noticias\/wp-json\/wp\/v2\/categories?post=71704"},{"taxonomy":"post_tag","embeddable":true,"href":"https:\/\/unasp.br\/noticias\/wp-json\/wp\/v2\/tags?post=71704"}],"curies":[{"name":"wp","href":"https:\/\/api.w.org\/{rel}","templated":true}]}}