{"id":71774,"date":"2019-11-22T08:57:23","date_gmt":"2019-11-22T11:57:23","guid":{"rendered":"https:\/\/www.unasp.br\/noticias\/?p=71774"},"modified":"2019-11-22T08:59:16","modified_gmt":"2019-11-22T11:59:16","slug":"toque-de-saude","status":"publish","type":"post","link":"https:\/\/unasp.br\/noticias\/toque-de-saude\/","title":{"rendered":"Novidade: Podcast Toque de Sa\u00fade amplia divulga\u00e7\u00e3o de pesquisas desenvolvidas no Unasp"},"content":{"rendered":"<p style=\"text-align: center;\"><em><img loading=\"lazy\" decoding=\"async\" class=\"aligncenter wp-image-71781 size-large\" src=\"https:\/\/www.unasp.br\/noticias\/wp-content\/uploads\/2019\/11\/Toque-de-Sa\u00fade.jpg\" alt=\"\" width=\"900\" height=\"900\" srcset=\"https:\/\/cdn.unasp.br\/noticias\/wp-content\/uploads\/2019\/11\/22055353\/Toque-de-Sa%C3%BAde.jpg 1440w, https:\/\/cdn.unasp.br\/noticias\/wp-content\/uploads\/2019\/11\/22055353\/Toque-de-Sa%C3%BAde-150x150.jpg 150w, https:\/\/cdn.unasp.br\/noticias\/wp-content\/uploads\/2019\/11\/22055353\/Toque-de-Sa%C3%BAde-300x300.jpg 300w, https:\/\/cdn.unasp.br\/noticias\/wp-content\/uploads\/2019\/11\/22055353\/Toque-de-Sa%C3%BAde-768x768.jpg 768w, https:\/\/cdn.unasp.br\/noticias\/wp-content\/uploads\/2019\/11\/22055353\/Toque-de-Sa%C3%BAde-1024x1024.jpg 1024w, https:\/\/cdn.unasp.br\/noticias\/wp-content\/uploads\/2019\/11\/22055353\/Toque-de-Sa%C3%BAde-600x600.jpg 600w, https:\/\/cdn.unasp.br\/noticias\/wp-content\/uploads\/2019\/11\/22055353\/Toque-de-Sa%C3%BAde-800x800.jpg 800w, https:\/\/cdn.unasp.br\/noticias\/wp-content\/uploads\/2019\/11\/22055353\/Toque-de-Sa%C3%BAde-720x720.jpg 720w, https:\/\/cdn.unasp.br\/noticias\/wp-content\/uploads\/2019\/11\/22055353\/Toque-de-Sa%C3%BAde-500x500.jpg 500w, https:\/\/cdn.unasp.br\/noticias\/wp-content\/uploads\/2019\/11\/22055353\/Toque-de-Sa%C3%BAde-480x480.jpg 480w, https:\/\/cdn.unasp.br\/noticias\/wp-content\/uploads\/2019\/11\/22055353\/Toque-de-Sa%C3%BAde-280x280.jpg 280w, https:\/\/cdn.unasp.br\/noticias\/wp-content\/uploads\/2019\/11\/22055353\/Toque-de-Sa%C3%BAde-400x400.jpg 400w, https:\/\/cdn.unasp.br\/noticias\/wp-content\/uploads\/2019\/11\/22055353\/Toque-de-Sa%C3%BAde-250x250.jpg 250w, https:\/\/cdn.unasp.br\/noticias\/wp-content\/uploads\/2019\/11\/22055353\/Toque-de-Sa%C3%BAde-200x200.jpg 200w, https:\/\/cdn.unasp.br\/noticias\/wp-content\/uploads\/2019\/11\/22055353\/Toque-de-Sa%C3%BAde-175x175.jpg 175w\" sizes=\"(max-width: 900px) 100vw, 900px\" \/>O programa \u00e9 fruto de uma parceria com o Mestrado em Promo\u00e7\u00e3o da Sa\u00fade do Unasp, campus SP, para divulga\u00e7\u00e3o de de pesquisas e orienta\u00e7\u00f5es sobre sa\u00fade e bem-estar<\/em><\/p>\n<p>O podcast \u00e9 um recurso de m\u00eddia que permite o acesso em \u00e1udio a diversos conte\u00fados. De forma pr\u00e1tica, o usu\u00e1rio pode realizar outras atividades e ao mesmo tempo obter conhecimento ouvindo conte\u00fados especializados, coment\u00e1rios, an\u00e1lises ou um bate-papo especial. Uma pesquisa da empresa Deezer (plataforma de Streaming que presta servi\u00e7os em \u00e1udio) aponta crescimento de 63% na quantidade de podcasts produzidos no Brasil.<\/p>\n<p>Segundo a Associa\u00e7\u00e3o Nacional de Editores de Revistas (ANER) e Associa\u00e7\u00e3o Nacional de Jornais (ANJ), 4 entre 10 brasileiros j\u00e1 escutaram algum programa em \u00e1udio. Os tipos de conte\u00fado encontrados no recurso s\u00e3o os mais diversos, como pol\u00edtica, tecnologia e cinema.<\/p>\n<p><a href=\"https:\/\/www.unasp.br\/ec\/sites\/radio\/religiosidade-como-estilo-de-vida\/\">Ou\u00e7a o primeiro epis\u00f3dio do Podcast Toque de Sa\u00fade<\/a><\/p>\n<p><strong>Novidade<br \/>\n<\/strong>Seguindo a tend\u00eancia, a R\u00e1dio Unasp FM em parceria com o Mestrado em Promo\u00e7\u00e3o da Sa\u00fade do Centro Universit\u00e1rio Adventista de S\u00e3o Paulo (Unasp), campus S\u00e3o Paulo, produziu o podcast Toque de Sa\u00fade. O programa \u00e9 um bate-papo sobre sa\u00fade e bem-estar apresentado pela professora, doutora Cristina Zukowsky.<\/p>\n<p>A ideia \u00e9 promover sa\u00fade a partir de discuss\u00f5es mais acad\u00eamicas, por\u00e9m apresentadas de forma simples e din\u00e2mica. Os convidados s\u00e3o chamados de acordo com o tema proposto, a fim de ter uma vis\u00e3o especialista sobre o assunto. \u201cNosso objetivo, \u00e9 promover sa\u00fade e disseminar o conhecimento\u201d, afirma Cristina.<\/p>\n<p>O Pr\u00f3-Reitor do Unasp, doutor Allan Novaes, reafirma a import\u00e2ncia de aproximar a sociedade dos assuntos acad\u00eamicos. \u201cO Toque de sa\u00fade \u00e9 um programa de divulga\u00e7\u00e3o cient\u00edfica que busca aproximar as descobertas da ci\u00eancia aos interesses do p\u00fablico da sociedade e da comunidade\u201d, ressalta.<\/p>\n<p><strong>Tem\u00e1ticas<br \/>\n<\/strong>Os assuntos apresentados no podcast prov\u00eam de pesquisas realizadas nos cursos de sa\u00fade oferecidos pelo Unasp. \u201cNesse programa faremos grava\u00e7\u00f5es com os professores do mestrado e tamb\u00e9m dos cursos de sa\u00fade do Unasp\u201d, comenta o Coordenador do Mestrado profissional em Promo\u00e7\u00e3o da Sa\u00fade, doutor F\u00e1bio Alfieri.<\/p>\n<p>O podcast vai ao ar todas \u00e0s sextas-feiras, \u00e0s 12h30, na R\u00e1dio Unasp FM 91.3. Al\u00e9m disso, o Toque de Sa\u00fade est\u00e1 dispon\u00edvel no aplicativo Aplay e no site da r\u00e1dio.<\/p>\n","protected":false},"excerpt":{"rendered":"<p>O programa \u00e9 fruto de uma parceria com o Mestrado em Promo\u00e7\u00e3o da Sa\u00fade do Unasp, campus [&hellip;]<\/p>\n","protected":false},"author":30,"featured_media":71782,"comment_status":"open","ping_status":"open","sticky":false,"template":"","format":"standard","meta":{"footnotes":""},"categories":[10],"tags":[],"yoast_head":"<!-- This site is optimized with the Yoast SEO plugin v23.5 - https:\/\/yoast.com\/wordpress\/plugins\/seo\/ -->\n<title>Novidade Unasp: Ou\u00e7a o Podcast Toque de Sa\u00fade<\/title>\n<meta name=\"description\" content=\"O podcast \u00e9 invador, din\u00e2mico e apresenta pesquisas recentes sobre sa\u00fade e bem-estar desenvolvidas no Mestrado de Promo\u00e7\u00e3o da Sa\u00fade do Unasp.\" \/>\n<meta name=\"robots\" content=\"index, follow, max-snippet:-1, max-image-preview:large, max-video-preview:-1\" \/>\n<link rel=\"canonical\" href=\"https:\/\/unasp.br\/noticias\/toque-de-saude\/\" \/>\n<meta property=\"og:locale\" content=\"pt_BR\" \/>\n<meta property=\"og:type\" content=\"article\" \/>\n<meta property=\"og:title\" content=\"Novidade Unasp: Ou\u00e7a o Podcast Toque de Sa\u00fade\" \/>\n<meta property=\"og:description\" content=\"O podcast \u00e9 invador, din\u00e2mico e apresenta pesquisas recentes sobre sa\u00fade e bem-estar desenvolvidas no Mestrado de Promo\u00e7\u00e3o da Sa\u00fade do Unasp.\" \/>\n<meta property=\"og:url\" content=\"https:\/\/unasp.br\/noticias\/toque-de-saude\/\" \/>\n<meta property=\"og:site_name\" content=\"UNASP Noticias\" \/>\n<meta property=\"article:published_time\" content=\"2019-11-22T11:57:23+00:00\" \/>\n<meta property=\"article:modified_time\" content=\"2019-11-22T11:59:16+00:00\" \/>\n<meta property=\"og:image\" content=\"https:\/\/cdn.unasp.br\/noticias\/wp-content\/uploads\/2019\/11\/22055427\/Toque-de-Sa%C3%BAde-1.jpg\" \/>\n\t<meta property=\"og:image:width\" content=\"1440\" \/>\n\t<meta property=\"og:image:height\" content=\"1439\" \/>\n\t<meta property=\"og:image:type\" content=\"image\/jpeg\" \/>\n<meta name=\"author\" content=\"Aira Almeida\" \/>\n<meta name=\"twitter:card\" content=\"summary_large_image\" \/>\n<meta name=\"twitter:label1\" content=\"Escrito por\" \/>\n\t<meta name=\"twitter:data1\" content=\"Aira Almeida\" \/>\n\t<meta name=\"twitter:label2\" content=\"Est. tempo de leitura\" \/>\n\t<meta name=\"twitter:data2\" content=\"2 minutos\" \/>\n<script type=\"application\/ld+json\" class=\"yoast-schema-graph\">{\"@context\":\"https:\/\/schema.org\",\"@graph\":[{\"@type\":\"Article\",\"@id\":\"https:\/\/unasp.br\/noticias\/toque-de-saude\/#article\",\"isPartOf\":{\"@id\":\"https:\/\/unasp.br\/noticias\/toque-de-saude\/\"},\"author\":{\"name\":\"Aira Almeida\",\"@id\":\"https:\/\/unasp.br\/noticias\/#\/schema\/person\/80f09a3ec674501e6bb13144ffa2489f\"},\"headline\":\"Novidade: Podcast Toque de Sa\u00fade amplia divulga\u00e7\u00e3o de pesquisas desenvolvidas no Unasp\",\"datePublished\":\"2019-11-22T11:57:23+00:00\",\"dateModified\":\"2019-11-22T11:59:16+00:00\",\"mainEntityOfPage\":{\"@id\":\"https:\/\/unasp.br\/noticias\/toque-de-saude\/\"},\"wordCount\":427,\"commentCount\":0,\"publisher\":{\"@id\":\"https:\/\/unasp.br\/noticias\/#organization\"},\"image\":{\"@id\":\"https:\/\/unasp.br\/noticias\/toque-de-saude\/#primaryimage\"},\"thumbnailUrl\":\"https:\/\/cdn.unasp.br\/noticias\/wp-content\/uploads\/2019\/11\/22055427\/Toque-de-Sa%C3%BAde-1.jpg\",\"articleSection\":[\"Impacto Social\"],\"inLanguage\":\"pt-BR\",\"potentialAction\":[{\"@type\":\"CommentAction\",\"name\":\"Comment\",\"target\":[\"https:\/\/unasp.br\/noticias\/toque-de-saude\/#respond\"]}]},{\"@type\":\"WebPage\",\"@id\":\"https:\/\/unasp.br\/noticias\/toque-de-saude\/\",\"url\":\"https:\/\/unasp.br\/noticias\/toque-de-saude\/\",\"name\":\"Novidade Unasp: Ou\u00e7a o Podcast Toque de Sa\u00fade\",\"isPartOf\":{\"@id\":\"https:\/\/unasp.br\/noticias\/#website\"},\"primaryImageOfPage\":{\"@id\":\"https:\/\/unasp.br\/noticias\/toque-de-saude\/#primaryimage\"},\"image\":{\"@id\":\"https:\/\/unasp.br\/noticias\/toque-de-saude\/#primaryimage\"},\"thumbnailUrl\":\"https:\/\/cdn.unasp.br\/noticias\/wp-content\/uploads\/2019\/11\/22055427\/Toque-de-Sa%C3%BAde-1.jpg\",\"datePublished\":\"2019-11-22T11:57:23+00:00\",\"dateModified\":\"2019-11-22T11:59:16+00:00\",\"description\":\"O podcast \u00e9 invador, din\u00e2mico e apresenta pesquisas recentes sobre sa\u00fade e bem-estar desenvolvidas no Mestrado de Promo\u00e7\u00e3o da Sa\u00fade do Unasp.\",\"breadcrumb\":{\"@id\":\"https:\/\/unasp.br\/noticias\/toque-de-saude\/#breadcrumb\"},\"inLanguage\":\"pt-BR\",\"potentialAction\":[{\"@type\":\"ReadAction\",\"target\":[\"https:\/\/unasp.br\/noticias\/toque-de-saude\/\"]}]},{\"@type\":\"ImageObject\",\"inLanguage\":\"pt-BR\",\"@id\":\"https:\/\/unasp.br\/noticias\/toque-de-saude\/#primaryimage\",\"url\":\"https:\/\/cdn.unasp.br\/noticias\/wp-content\/uploads\/2019\/11\/22055427\/Toque-de-Sa%C3%BAde-1.jpg\",\"contentUrl\":\"https:\/\/cdn.unasp.br\/noticias\/wp-content\/uploads\/2019\/11\/22055427\/Toque-de-Sa%C3%BAde-1.jpg\",\"width\":1440,\"height\":1439},{\"@type\":\"BreadcrumbList\",\"@id\":\"https:\/\/unasp.br\/noticias\/toque-de-saude\/#breadcrumb\",\"itemListElement\":[{\"@type\":\"ListItem\",\"position\":1,\"name\":\"In\u00edcio\",\"item\":\"https:\/\/unasp.br\/noticias\/\"},{\"@type\":\"ListItem\",\"position\":2,\"name\":\"Novidade: Podcast Toque de Sa\u00fade amplia divulga\u00e7\u00e3o de pesquisas desenvolvidas no Unasp\"}]},{\"@type\":\"WebSite\",\"@id\":\"https:\/\/unasp.br\/noticias\/#website\",\"url\":\"https:\/\/unasp.br\/noticias\/\",\"name\":\"UNASP Noticias\",\"description\":\"Centro Universit\u00e1rio Adventista de S\u00e3o Paulo\",\"publisher\":{\"@id\":\"https:\/\/unasp.br\/noticias\/#organization\"},\"potentialAction\":[{\"@type\":\"SearchAction\",\"target\":{\"@type\":\"EntryPoint\",\"urlTemplate\":\"https:\/\/unasp.br\/noticias\/?s={search_term_string}\"},\"query-input\":{\"@type\":\"PropertyValueSpecification\",\"valueRequired\":true,\"valueName\":\"search_term_string\"}}],\"inLanguage\":\"pt-BR\"},{\"@type\":\"Organization\",\"@id\":\"https:\/\/unasp.br\/noticias\/#organization\",\"name\":\"UNASP Noticias\",\"url\":\"https:\/\/unasp.br\/noticias\/\",\"logo\":{\"@type\":\"ImageObject\",\"inLanguage\":\"pt-BR\",\"@id\":\"https:\/\/unasp.br\/noticias\/#\/schema\/logo\/image\/\",\"url\":\"https:\/\/cdn.unasp.br\/noticias\/wp-content\/uploads\/2021\/09\/09152724\/logo-unasp-news.png\",\"contentUrl\":\"https:\/\/cdn.unasp.br\/noticias\/wp-content\/uploads\/2021\/09\/09152724\/logo-unasp-news.png\",\"width\":240,\"height\":41,\"caption\":\"UNASP Noticias\"},\"image\":{\"@id\":\"https:\/\/unasp.br\/noticias\/#\/schema\/logo\/image\/\"}},{\"@type\":\"Person\",\"@id\":\"https:\/\/unasp.br\/noticias\/#\/schema\/person\/80f09a3ec674501e6bb13144ffa2489f\",\"name\":\"Aira Almeida\",\"image\":{\"@type\":\"ImageObject\",\"inLanguage\":\"pt-BR\",\"@id\":\"https:\/\/unasp.br\/noticias\/#\/schema\/person\/image\/\",\"url\":\"https:\/\/secure.gravatar.com\/avatar\/e30ea867fdd5a41ec6a0cb350dcd108e?s=96&d=mm&r=g\",\"contentUrl\":\"https:\/\/secure.gravatar.com\/avatar\/e30ea867fdd5a41ec6a0cb350dcd108e?s=96&d=mm&r=g\",\"caption\":\"Aira Almeida\"},\"url\":\"https:\/\/unasp.br\/noticias\/author\/aira-almeidaedu-unasp-br\/\"}]}<\/script>\n<!-- \/ Yoast SEO plugin. -->","yoast_head_json":{"title":"Novidade Unasp: Ou\u00e7a o Podcast Toque de Sa\u00fade","description":"O podcast \u00e9 invador, din\u00e2mico e apresenta pesquisas recentes sobre sa\u00fade e bem-estar desenvolvidas no Mestrado de Promo\u00e7\u00e3o da Sa\u00fade do Unasp.","robots":{"index":"index","follow":"follow","max-snippet":"max-snippet:-1","max-image-preview":"max-image-preview:large","max-video-preview":"max-video-preview:-1"},"canonical":"https:\/\/unasp.br\/noticias\/toque-de-saude\/","og_locale":"pt_BR","og_type":"article","og_title":"Novidade Unasp: Ou\u00e7a o Podcast Toque de Sa\u00fade","og_description":"O podcast \u00e9 invador, din\u00e2mico e apresenta pesquisas recentes sobre sa\u00fade e bem-estar desenvolvidas no Mestrado de Promo\u00e7\u00e3o da Sa\u00fade do Unasp.","og_url":"https:\/\/unasp.br\/noticias\/toque-de-saude\/","og_site_name":"UNASP Noticias","article_published_time":"2019-11-22T11:57:23+00:00","article_modified_time":"2019-11-22T11:59:16+00:00","og_image":[{"width":1440,"height":1439,"url":"https:\/\/cdn.unasp.br\/noticias\/wp-content\/uploads\/2019\/11\/22055427\/Toque-de-Sa%C3%BAde-1.jpg","type":"image\/jpeg"}],"author":"Aira Almeida","twitter_card":"summary_large_image","twitter_misc":{"Escrito por":"Aira Almeida","Est. tempo de leitura":"2 minutos"},"schema":{"@context":"https:\/\/schema.org","@graph":[{"@type":"Article","@id":"https:\/\/unasp.br\/noticias\/toque-de-saude\/#article","isPartOf":{"@id":"https:\/\/unasp.br\/noticias\/toque-de-saude\/"},"author":{"name":"Aira Almeida","@id":"https:\/\/unasp.br\/noticias\/#\/schema\/person\/80f09a3ec674501e6bb13144ffa2489f"},"headline":"Novidade: Podcast Toque de Sa\u00fade amplia divulga\u00e7\u00e3o de pesquisas desenvolvidas no Unasp","datePublished":"2019-11-22T11:57:23+00:00","dateModified":"2019-11-22T11:59:16+00:00","mainEntityOfPage":{"@id":"https:\/\/unasp.br\/noticias\/toque-de-saude\/"},"wordCount":427,"commentCount":0,"publisher":{"@id":"https:\/\/unasp.br\/noticias\/#organization"},"image":{"@id":"https:\/\/unasp.br\/noticias\/toque-de-saude\/#primaryimage"},"thumbnailUrl":"https:\/\/cdn.unasp.br\/noticias\/wp-content\/uploads\/2019\/11\/22055427\/Toque-de-Sa%C3%BAde-1.jpg","articleSection":["Impacto Social"],"inLanguage":"pt-BR","potentialAction":[{"@type":"CommentAction","name":"Comment","target":["https:\/\/unasp.br\/noticias\/toque-de-saude\/#respond"]}]},{"@type":"WebPage","@id":"https:\/\/unasp.br\/noticias\/toque-de-saude\/","url":"https:\/\/unasp.br\/noticias\/toque-de-saude\/","name":"Novidade Unasp: Ou\u00e7a o Podcast Toque de Sa\u00fade","isPartOf":{"@id":"https:\/\/unasp.br\/noticias\/#website"},"primaryImageOfPage":{"@id":"https:\/\/unasp.br\/noticias\/toque-de-saude\/#primaryimage"},"image":{"@id":"https:\/\/unasp.br\/noticias\/toque-de-saude\/#primaryimage"},"thumbnailUrl":"https:\/\/cdn.unasp.br\/noticias\/wp-content\/uploads\/2019\/11\/22055427\/Toque-de-Sa%C3%BAde-1.jpg","datePublished":"2019-11-22T11:57:23+00:00","dateModified":"2019-11-22T11:59:16+00:00","description":"O podcast \u00e9 invador, din\u00e2mico e apresenta pesquisas recentes sobre sa\u00fade e bem-estar desenvolvidas no Mestrado de Promo\u00e7\u00e3o da Sa\u00fade do Unasp.","breadcrumb":{"@id":"https:\/\/unasp.br\/noticias\/toque-de-saude\/#breadcrumb"},"inLanguage":"pt-BR","potentialAction":[{"@type":"ReadAction","target":["https:\/\/unasp.br\/noticias\/toque-de-saude\/"]}]},{"@type":"ImageObject","inLanguage":"pt-BR","@id":"https:\/\/unasp.br\/noticias\/toque-de-saude\/#primaryimage","url":"https:\/\/cdn.unasp.br\/noticias\/wp-content\/uploads\/2019\/11\/22055427\/Toque-de-Sa%C3%BAde-1.jpg","contentUrl":"https:\/\/cdn.unasp.br\/noticias\/wp-content\/uploads\/2019\/11\/22055427\/Toque-de-Sa%C3%BAde-1.jpg","width":1440,"height":1439},{"@type":"BreadcrumbList","@id":"https:\/\/unasp.br\/noticias\/toque-de-saude\/#breadcrumb","itemListElement":[{"@type":"ListItem","position":1,"name":"In\u00edcio","item":"https:\/\/unasp.br\/noticias\/"},{"@type":"ListItem","position":2,"name":"Novidade: Podcast Toque de Sa\u00fade amplia divulga\u00e7\u00e3o de pesquisas desenvolvidas no Unasp"}]},{"@type":"WebSite","@id":"https:\/\/unasp.br\/noticias\/#website","url":"https:\/\/unasp.br\/noticias\/","name":"UNASP Noticias","description":"Centro Universit\u00e1rio Adventista de S\u00e3o Paulo","publisher":{"@id":"https:\/\/unasp.br\/noticias\/#organization"},"potentialAction":[{"@type":"SearchAction","target":{"@type":"EntryPoint","urlTemplate":"https:\/\/unasp.br\/noticias\/?s={search_term_string}"},"query-input":{"@type":"PropertyValueSpecification","valueRequired":true,"valueName":"search_term_string"}}],"inLanguage":"pt-BR"},{"@type":"Organization","@id":"https:\/\/unasp.br\/noticias\/#organization","name":"UNASP Noticias","url":"https:\/\/unasp.br\/noticias\/","logo":{"@type":"ImageObject","inLanguage":"pt-BR","@id":"https:\/\/unasp.br\/noticias\/#\/schema\/logo\/image\/","url":"https:\/\/cdn.unasp.br\/noticias\/wp-content\/uploads\/2021\/09\/09152724\/logo-unasp-news.png","contentUrl":"https:\/\/cdn.unasp.br\/noticias\/wp-content\/uploads\/2021\/09\/09152724\/logo-unasp-news.png","width":240,"height":41,"caption":"UNASP Noticias"},"image":{"@id":"https:\/\/unasp.br\/noticias\/#\/schema\/logo\/image\/"}},{"@type":"Person","@id":"https:\/\/unasp.br\/noticias\/#\/schema\/person\/80f09a3ec674501e6bb13144ffa2489f","name":"Aira Almeida","image":{"@type":"ImageObject","inLanguage":"pt-BR","@id":"https:\/\/unasp.br\/noticias\/#\/schema\/person\/image\/","url":"https:\/\/secure.gravatar.com\/avatar\/e30ea867fdd5a41ec6a0cb350dcd108e?s=96&d=mm&r=g","contentUrl":"https:\/\/secure.gravatar.com\/avatar\/e30ea867fdd5a41ec6a0cb350dcd108e?s=96&d=mm&r=g","caption":"Aira Almeida"},"url":"https:\/\/unasp.br\/noticias\/author\/aira-almeidaedu-unasp-br\/"}]}},"_links":{"self":[{"href":"https:\/\/unasp.br\/noticias\/wp-json\/wp\/v2\/posts\/71774"}],"collection":[{"href":"https:\/\/unasp.br\/noticias\/wp-json\/wp\/v2\/posts"}],"about":[{"href":"https:\/\/unasp.br\/noticias\/wp-json\/wp\/v2\/types\/post"}],"author":[{"embeddable":true,"href":"https:\/\/unasp.br\/noticias\/wp-json\/wp\/v2\/users\/30"}],"replies":[{"embeddable":true,"href":"https:\/\/unasp.br\/noticias\/wp-json\/wp\/v2\/comments?post=71774"}],"version-history":[{"count":3,"href":"https:\/\/unasp.br\/noticias\/wp-json\/wp\/v2\/posts\/71774\/revisions"}],"predecessor-version":[{"id":71785,"href":"https:\/\/unasp.br\/noticias\/wp-json\/wp\/v2\/posts\/71774\/revisions\/71785"}],"wp:featuredmedia":[{"embeddable":true,"href":"https:\/\/unasp.br\/noticias\/wp-json\/wp\/v2\/media\/71782"}],"wp:attachment":[{"href":"https:\/\/unasp.br\/noticias\/wp-json\/wp\/v2\/media?parent=71774"}],"wp:term":[{"taxonomy":"category","embeddable":true,"href":"https:\/\/unasp.br\/noticias\/wp-json\/wp\/v2\/categories?post=71774"},{"taxonomy":"post_tag","embeddable":true,"href":"https:\/\/unasp.br\/noticias\/wp-json\/wp\/v2\/tags?post=71774"}],"curies":[{"name":"wp","href":"https:\/\/api.w.org\/{rel}","templated":true}]}}