{"id":75839,"date":"2020-01-22T20:58:58","date_gmt":"2020-01-22T23:58:58","guid":{"rendered":"https:\/\/www.unasp.br\/noticias\/?p=75839"},"modified":"2020-01-23T14:38:13","modified_gmt":"2020-01-23T17:38:13","slug":"planejamento-geral-do-unasp-projeta-instituicao-como-universidade-para-2030","status":"publish","type":"post","link":"https:\/\/unasp.br\/noticias\/planejamento-geral-do-unasp-projeta-instituicao-como-universidade-para-2030\/","title":{"rendered":"Planejamento Geral do Unasp projeta institui\u00e7\u00e3o como Universidade para 2030"},"content":{"rendered":"<div id=\"attachment_75841\" style=\"width: 910px\" class=\"wp-caption aligncenter\"><img loading=\"lazy\" decoding=\"async\" aria-describedby=\"caption-attachment-75841\" class=\"wp-image-75841 size-large\" src=\"https:\/\/www.unasp.br\/noticias\/wp-content\/uploads\/2020\/01\/WhatsApp-Image-2020-01-22-at-18.09.51-1024x683.jpeg\" alt=\"\" width=\"900\" height=\"600\" srcset=\"https:\/\/cdn.unasp.br\/noticias\/wp-content\/uploads\/2020\/01\/22175058\/WhatsApp-Image-2020-01-22-at-18.09.51-1024x683.jpeg 1024w, https:\/\/cdn.unasp.br\/noticias\/wp-content\/uploads\/2020\/01\/22175058\/WhatsApp-Image-2020-01-22-at-18.09.51-300x200.jpeg 300w, https:\/\/cdn.unasp.br\/noticias\/wp-content\/uploads\/2020\/01\/22175058\/WhatsApp-Image-2020-01-22-at-18.09.51-768x512.jpeg 768w, https:\/\/cdn.unasp.br\/noticias\/wp-content\/uploads\/2020\/01\/22175058\/WhatsApp-Image-2020-01-22-at-18.09.51-899x600.jpeg 899w, https:\/\/cdn.unasp.br\/noticias\/wp-content\/uploads\/2020\/01\/22175058\/WhatsApp-Image-2020-01-22-at-18.09.51-1199x800.jpeg 1199w, https:\/\/cdn.unasp.br\/noticias\/wp-content\/uploads\/2020\/01\/22175058\/WhatsApp-Image-2020-01-22-at-18.09.51-1079x720.jpeg 1079w, https:\/\/cdn.unasp.br\/noticias\/wp-content\/uploads\/2020\/01\/22175058\/WhatsApp-Image-2020-01-22-at-18.09.51-800x534.jpeg 800w, https:\/\/cdn.unasp.br\/noticias\/wp-content\/uploads\/2020\/01\/22175058\/WhatsApp-Image-2020-01-22-at-18.09.51-750x500.jpeg 750w, https:\/\/cdn.unasp.br\/noticias\/wp-content\/uploads\/2020\/01\/22175058\/WhatsApp-Image-2020-01-22-at-18.09.51-720x480.jpeg 720w, https:\/\/cdn.unasp.br\/noticias\/wp-content\/uploads\/2020\/01\/22175058\/WhatsApp-Image-2020-01-22-at-18.09.51-420x280.jpeg 420w, https:\/\/cdn.unasp.br\/noticias\/wp-content\/uploads\/2020\/01\/22175058\/WhatsApp-Image-2020-01-22-at-18.09.51-500x334.jpeg 500w, https:\/\/cdn.unasp.br\/noticias\/wp-content\/uploads\/2020\/01\/22175058\/WhatsApp-Image-2020-01-22-at-18.09.51-400x267.jpeg 400w, https:\/\/cdn.unasp.br\/noticias\/wp-content\/uploads\/2020\/01\/22175058\/WhatsApp-Image-2020-01-22-at-18.09.51-375x250.jpeg 375w, https:\/\/cdn.unasp.br\/noticias\/wp-content\/uploads\/2020\/01\/22175058\/WhatsApp-Image-2020-01-22-at-18.09.51-225x150.jpeg 225w, https:\/\/cdn.unasp.br\/noticias\/wp-content\/uploads\/2020\/01\/22175058\/WhatsApp-Image-2020-01-22-at-18.09.51-175x117.jpeg 175w, https:\/\/cdn.unasp.br\/noticias\/wp-content\/uploads\/2020\/01\/22175058\/WhatsApp-Image-2020-01-22-at-18.09.51-200x133.jpeg 200w, https:\/\/cdn.unasp.br\/noticias\/wp-content\/uploads\/2020\/01\/22175058\/WhatsApp-Image-2020-01-22-at-18.09.51.jpeg 1280w\" sizes=\"(max-width: 900px) 100vw, 900px\" \/><p id=\"caption-attachment-75841\" class=\"wp-caption-text\">Cerca de 500 funcion\u00e1rios participaram do Encontro de Planejamento Geral do Unasp. Programa abriu oficialmente \u00e0s atividades do ano.<\/p><\/div>\n<p>\u201cS\u00f3 realizaremos os grandes sonhos do Unasp se nos unirmos em um s\u00f3 prop\u00f3sito e se a mudan\u00e7a ocorrer de forma pessoal e local em cada ambiente de trabalho. A vis\u00e3o do que queremos j\u00e1 existe, agora basta come\u00e7armos a jornada juntos!\u201d. Com esse tom de integra\u00e7\u00e3o e unidade, o reitor do Centro Universit\u00e1rio Adventista de S\u00e3o Paulo (Unasp), Dr. Martin Kuhn, abriu o programa do Planejamento Geral 2020 da institui\u00e7\u00e3o, que marca o in\u00edcio oficial das atividades do ano.<\/p>\n<div id=\"attachment_75840\" style=\"width: 310px\" class=\"wp-caption alignright\"><img loading=\"lazy\" decoding=\"async\" aria-describedby=\"caption-attachment-75840\" class=\"wp-image-75840 size-medium\" src=\"https:\/\/www.unasp.br\/noticias\/wp-content\/uploads\/2020\/01\/WhatsApp-Image-2020-01-22-at-18.11.31-300x200.jpeg\" alt=\"\" width=\"300\" height=\"200\" srcset=\"https:\/\/cdn.unasp.br\/noticias\/wp-content\/uploads\/2020\/01\/22173827\/WhatsApp-Image-2020-01-22-at-18.11.31-300x200.jpeg 300w, https:\/\/cdn.unasp.br\/noticias\/wp-content\/uploads\/2020\/01\/22173827\/WhatsApp-Image-2020-01-22-at-18.11.31-768x512.jpeg 768w, https:\/\/cdn.unasp.br\/noticias\/wp-content\/uploads\/2020\/01\/22173827\/WhatsApp-Image-2020-01-22-at-18.11.31-1024x683.jpeg 1024w, https:\/\/cdn.unasp.br\/noticias\/wp-content\/uploads\/2020\/01\/22173827\/WhatsApp-Image-2020-01-22-at-18.11.31-899x600.jpeg 899w, https:\/\/cdn.unasp.br\/noticias\/wp-content\/uploads\/2020\/01\/22173827\/WhatsApp-Image-2020-01-22-at-18.11.31-1199x800.jpeg 1199w, https:\/\/cdn.unasp.br\/noticias\/wp-content\/uploads\/2020\/01\/22173827\/WhatsApp-Image-2020-01-22-at-18.11.31-1079x720.jpeg 1079w, https:\/\/cdn.unasp.br\/noticias\/wp-content\/uploads\/2020\/01\/22173827\/WhatsApp-Image-2020-01-22-at-18.11.31-800x534.jpeg 800w, https:\/\/cdn.unasp.br\/noticias\/wp-content\/uploads\/2020\/01\/22173827\/WhatsApp-Image-2020-01-22-at-18.11.31-750x500.jpeg 750w, https:\/\/cdn.unasp.br\/noticias\/wp-content\/uploads\/2020\/01\/22173827\/WhatsApp-Image-2020-01-22-at-18.11.31-720x480.jpeg 720w, https:\/\/cdn.unasp.br\/noticias\/wp-content\/uploads\/2020\/01\/22173827\/WhatsApp-Image-2020-01-22-at-18.11.31-420x280.jpeg 420w, https:\/\/cdn.unasp.br\/noticias\/wp-content\/uploads\/2020\/01\/22173827\/WhatsApp-Image-2020-01-22-at-18.11.31-500x334.jpeg 500w, https:\/\/cdn.unasp.br\/noticias\/wp-content\/uploads\/2020\/01\/22173827\/WhatsApp-Image-2020-01-22-at-18.11.31-400x267.jpeg 400w, https:\/\/cdn.unasp.br\/noticias\/wp-content\/uploads\/2020\/01\/22173827\/WhatsApp-Image-2020-01-22-at-18.11.31-375x250.jpeg 375w, https:\/\/cdn.unasp.br\/noticias\/wp-content\/uploads\/2020\/01\/22173827\/WhatsApp-Image-2020-01-22-at-18.11.31-225x150.jpeg 225w, https:\/\/cdn.unasp.br\/noticias\/wp-content\/uploads\/2020\/01\/22173827\/WhatsApp-Image-2020-01-22-at-18.11.31-175x117.jpeg 175w, https:\/\/cdn.unasp.br\/noticias\/wp-content\/uploads\/2020\/01\/22173827\/WhatsApp-Image-2020-01-22-at-18.11.31-200x133.jpeg 200w, https:\/\/cdn.unasp.br\/noticias\/wp-content\/uploads\/2020\/01\/22173827\/WhatsApp-Image-2020-01-22-at-18.11.31.jpeg 1280w\" sizes=\"(max-width: 300px) 100vw, 300px\" \/><p id=\"caption-attachment-75840\" class=\"wp-caption-text\">Reitor do Unasp, Dr. Martin Kuhn, destacou as conquistas dos \u00faltimos cinco anos e apresentou os planos para a pr\u00f3xima d\u00e9cada. Objetivo \u00e9 se tornar uma Universidade em 2030.<\/p><\/div>\n<p>Com representantes de todos os campi (S\u00e3o Paulo, Hortol\u00e2ndia e Engenheiro Coelho), cerca de 500 pessoas entre servidores, professores e gestores se reuniram no audit\u00f3rio da igreja do campus Engenheiro Coelho, no interior do Estado, para uma manh\u00e3 de treinamento motivacional e reencontro profissional. Com o tema \u201cNossa Vis\u00e3o de Futuro\u201d, o programa apresentou as metas que a institui\u00e7\u00e3o de ensino deseja para os pr\u00f3ximos cinco e dez anos.<\/p>\n<p>Com 105 anos de exist\u00eancia e 20 anos com status de Centro Universit\u00e1rio, o Unasp \u00e9 hoje o maior complexo educacional adventista do pa\u00eds. S\u00f3 no \u00faltimo quinqu\u00eanio, a institui\u00e7\u00e3o alcan\u00e7ou a nota m\u00e1xima (nota 5) no recredenciamento do Minist\u00e9rio da Educa\u00e7\u00e3o, abriu 2 mestrados profissionais e 15 novos cursos de gradua\u00e7\u00e3o, bateu a meta de 18 mil alunos da educa\u00e7\u00e3o b\u00e1sica a p\u00f3s-gradua\u00e7\u00e3o, atuou com diversos projetos de voluntariado, investiu em sistemas al\u00e9m de batizar centenas de jovens e adultos em seus cultos.<\/p>\n<p>\u201cAgora chegou o momento de nos planejarmos para a pr\u00f3xima d\u00e9cada. Sonhamos em ser a Universidade Adventista do Brasil em 2030, mas enquanto n\u00e3o chegamos l\u00e1 precisamos continuar melhorando nossos servi\u00e7os, abrindo cursos e Mestrados, ampliando o servi\u00e7o educacional e ampliando a oferta de estudos. O Unasp do amanh\u00e3 come\u00e7a hoje na mente e cora\u00e7\u00e3o de cada funcion\u00e1rio\u201d, destaca o reitor.<\/p>\n<div id=\"attachment_75842\" style=\"width: 310px\" class=\"wp-caption alignleft\"><img loading=\"lazy\" decoding=\"async\" aria-describedby=\"caption-attachment-75842\" class=\"wp-image-75842 size-medium\" src=\"https:\/\/www.unasp.br\/noticias\/wp-content\/uploads\/2020\/01\/WhatsApp-Image-2020-01-22-at-18.15.29-300x200.jpeg\" alt=\"\" width=\"300\" height=\"200\" srcset=\"https:\/\/cdn.unasp.br\/noticias\/wp-content\/uploads\/2020\/01\/22175406\/WhatsApp-Image-2020-01-22-at-18.15.29-300x200.jpeg 300w, https:\/\/cdn.unasp.br\/noticias\/wp-content\/uploads\/2020\/01\/22175406\/WhatsApp-Image-2020-01-22-at-18.15.29-768x512.jpeg 768w, https:\/\/cdn.unasp.br\/noticias\/wp-content\/uploads\/2020\/01\/22175406\/WhatsApp-Image-2020-01-22-at-18.15.29-1024x683.jpeg 1024w, https:\/\/cdn.unasp.br\/noticias\/wp-content\/uploads\/2020\/01\/22175406\/WhatsApp-Image-2020-01-22-at-18.15.29-899x600.jpeg 899w, https:\/\/cdn.unasp.br\/noticias\/wp-content\/uploads\/2020\/01\/22175406\/WhatsApp-Image-2020-01-22-at-18.15.29-1199x800.jpeg 1199w, https:\/\/cdn.unasp.br\/noticias\/wp-content\/uploads\/2020\/01\/22175406\/WhatsApp-Image-2020-01-22-at-18.15.29-1079x720.jpeg 1079w, https:\/\/cdn.unasp.br\/noticias\/wp-content\/uploads\/2020\/01\/22175406\/WhatsApp-Image-2020-01-22-at-18.15.29-800x534.jpeg 800w, https:\/\/cdn.unasp.br\/noticias\/wp-content\/uploads\/2020\/01\/22175406\/WhatsApp-Image-2020-01-22-at-18.15.29-750x500.jpeg 750w, https:\/\/cdn.unasp.br\/noticias\/wp-content\/uploads\/2020\/01\/22175406\/WhatsApp-Image-2020-01-22-at-18.15.29-720x480.jpeg 720w, https:\/\/cdn.unasp.br\/noticias\/wp-content\/uploads\/2020\/01\/22175406\/WhatsApp-Image-2020-01-22-at-18.15.29-420x280.jpeg 420w, https:\/\/cdn.unasp.br\/noticias\/wp-content\/uploads\/2020\/01\/22175406\/WhatsApp-Image-2020-01-22-at-18.15.29-500x334.jpeg 500w, https:\/\/cdn.unasp.br\/noticias\/wp-content\/uploads\/2020\/01\/22175406\/WhatsApp-Image-2020-01-22-at-18.15.29-400x267.jpeg 400w, https:\/\/cdn.unasp.br\/noticias\/wp-content\/uploads\/2020\/01\/22175406\/WhatsApp-Image-2020-01-22-at-18.15.29-375x250.jpeg 375w, https:\/\/cdn.unasp.br\/noticias\/wp-content\/uploads\/2020\/01\/22175406\/WhatsApp-Image-2020-01-22-at-18.15.29-225x150.jpeg 225w, https:\/\/cdn.unasp.br\/noticias\/wp-content\/uploads\/2020\/01\/22175406\/WhatsApp-Image-2020-01-22-at-18.15.29-175x117.jpeg 175w, https:\/\/cdn.unasp.br\/noticias\/wp-content\/uploads\/2020\/01\/22175406\/WhatsApp-Image-2020-01-22-at-18.15.29-200x133.jpeg 200w, https:\/\/cdn.unasp.br\/noticias\/wp-content\/uploads\/2020\/01\/22175406\/WhatsApp-Image-2020-01-22-at-18.15.29.jpeg 1280w\" sizes=\"(max-width: 300px) 100vw, 300px\" \/><p id=\"caption-attachment-75842\" class=\"wp-caption-text\">Durante programa, participantes puderam opinar e votar em assuntos inerentes ao planejamento da institui\u00e7\u00e3o.<\/p><\/div>\n<p>Os objetivos que foram projetados para os pr\u00f3ximos cinco anos do Unasp seguiram uma linha de reuni\u00f5es, encontros e eventos t\u00e9cnicos que aconteceram durante todo o ano de 2019 com representantes de todas as categorias. Seguindo as necessidades das categorias e dos relat\u00f3rios governamentais e da pr\u00f3pria mantenedora da institui\u00e7\u00e3o, que \u00e9 a Igreja Adventista do S\u00e9timo Dia (IASD), o Unasp deseja:<\/p>\n<ul>\n<li>Ser refer\u00eancia nacional em confessionalidade (designa\u00e7\u00e3o muito clara de seus princ\u00edpios) e em relev\u00e2ncia acad\u00eamico-profissional para a IASD.<\/li>\n<li>Ser uma institui\u00e7\u00e3o de ensino de atestada excel\u00eancia acad\u00eamica, cultural, social e administrativa.<\/li>\n<li>Internacionalizar a influ\u00eancia institucional por meio de parcerias e apoio a programas externos.<\/li>\n<li>Consolidar a sustentabilidade integral (financeira, pessoal, acad\u00eamica).<\/li>\n<li>Obter o status de Universidade (Vis\u00e3o 2030).<\/li>\n<\/ul>\n<p>\u201c O encontro de hoje foi muito proveitoso n\u00e3o s\u00f3 por causa do encontro social com os amigos do campus e de outros campi, mas porque nos ajuda a nos sentirmos parte do processo. Enquanto professora vou continuar trabalhando para ensinar melhor e meu curso manter a nota m\u00e1xima perante o MEC\u201d, comenta a professora do curso de M\u00fasica, Ailen Lima. \u00a0<strong>\u00a0<\/strong><\/p>\n<p><strong>Mudan\u00e7as administrativas<\/strong><\/p>\n<div id=\"attachment_75843\" style=\"width: 310px\" class=\"wp-caption alignright\"><img loading=\"lazy\" decoding=\"async\" aria-describedby=\"caption-attachment-75843\" class=\"wp-image-75843 size-medium\" src=\"https:\/\/www.unasp.br\/noticias\/wp-content\/uploads\/2020\/01\/WhatsApp-Image-2020-01-22-at-18.09.49-300x200.jpeg\" alt=\"\" width=\"300\" height=\"200\" srcset=\"https:\/\/cdn.unasp.br\/noticias\/wp-content\/uploads\/2020\/01\/22175553\/WhatsApp-Image-2020-01-22-at-18.09.49-300x200.jpeg 300w, https:\/\/cdn.unasp.br\/noticias\/wp-content\/uploads\/2020\/01\/22175553\/WhatsApp-Image-2020-01-22-at-18.09.49-768x512.jpeg 768w, https:\/\/cdn.unasp.br\/noticias\/wp-content\/uploads\/2020\/01\/22175553\/WhatsApp-Image-2020-01-22-at-18.09.49-1024x683.jpeg 1024w, https:\/\/cdn.unasp.br\/noticias\/wp-content\/uploads\/2020\/01\/22175553\/WhatsApp-Image-2020-01-22-at-18.09.49-899x600.jpeg 899w, https:\/\/cdn.unasp.br\/noticias\/wp-content\/uploads\/2020\/01\/22175553\/WhatsApp-Image-2020-01-22-at-18.09.49-1199x800.jpeg 1199w, https:\/\/cdn.unasp.br\/noticias\/wp-content\/uploads\/2020\/01\/22175553\/WhatsApp-Image-2020-01-22-at-18.09.49-1079x720.jpeg 1079w, https:\/\/cdn.unasp.br\/noticias\/wp-content\/uploads\/2020\/01\/22175553\/WhatsApp-Image-2020-01-22-at-18.09.49-800x534.jpeg 800w, https:\/\/cdn.unasp.br\/noticias\/wp-content\/uploads\/2020\/01\/22175553\/WhatsApp-Image-2020-01-22-at-18.09.49-750x500.jpeg 750w, https:\/\/cdn.unasp.br\/noticias\/wp-content\/uploads\/2020\/01\/22175553\/WhatsApp-Image-2020-01-22-at-18.09.49-720x480.jpeg 720w, https:\/\/cdn.unasp.br\/noticias\/wp-content\/uploads\/2020\/01\/22175553\/WhatsApp-Image-2020-01-22-at-18.09.49-420x280.jpeg 420w, https:\/\/cdn.unasp.br\/noticias\/wp-content\/uploads\/2020\/01\/22175553\/WhatsApp-Image-2020-01-22-at-18.09.49-500x334.jpeg 500w, https:\/\/cdn.unasp.br\/noticias\/wp-content\/uploads\/2020\/01\/22175553\/WhatsApp-Image-2020-01-22-at-18.09.49-400x267.jpeg 400w, https:\/\/cdn.unasp.br\/noticias\/wp-content\/uploads\/2020\/01\/22175553\/WhatsApp-Image-2020-01-22-at-18.09.49-375x250.jpeg 375w, https:\/\/cdn.unasp.br\/noticias\/wp-content\/uploads\/2020\/01\/22175553\/WhatsApp-Image-2020-01-22-at-18.09.49-225x150.jpeg 225w, https:\/\/cdn.unasp.br\/noticias\/wp-content\/uploads\/2020\/01\/22175553\/WhatsApp-Image-2020-01-22-at-18.09.49-175x117.jpeg 175w, https:\/\/cdn.unasp.br\/noticias\/wp-content\/uploads\/2020\/01\/22175553\/WhatsApp-Image-2020-01-22-at-18.09.49-200x133.jpeg 200w, https:\/\/cdn.unasp.br\/noticias\/wp-content\/uploads\/2020\/01\/22175553\/WhatsApp-Image-2020-01-22-at-18.09.49.jpeg 1280w\" sizes=\"(max-width: 300px) 100vw, 300px\" \/><p id=\"caption-attachment-75843\" class=\"wp-caption-text\">A partir desse ano, diretores de campus tamb\u00e9m atuar\u00e3o com fun\u00e7\u00f5es comuns a todos os campi do Unasp.<\/p><\/div>\n<p>Durante o programa foram apresentadas mudan\u00e7as administrativas que come\u00e7aram a vigorar este ano, sendo o surgimento de algumas fun\u00e7\u00f5es e mudan\u00e7a de gestores de outras.<\/p>\n<ul>\n<li>Afonso Cardoso \u2013 nomeado o novo Pr\u00f3-Reitor Acad\u00eamico do Unasp. Continua como Vice-Reitor Executivo\/Diretor do campus Hortol\u00e2ndia.<\/li>\n<li>Douglas Menslim \u2013 criado a Dire\u00e7\u00e3o Geral da Educa\u00e7\u00e3o B\u00e1sica do Unasp, que hoje concentra um total de sete mil crian\u00e7as e detem quase 50% da receita geral da institui\u00e7\u00e3o. Continua como Vice-Reitor Executivo\/Diretor do campus S\u00e3o Paulo.<\/li>\n<li>Antonio Marcos Alves \u2013 estar\u00e1 a frente do Brazilian Adventist School for International Exchange (BASIE), que \u00e9 o \u00f3rg\u00e3o que coordena a\u00e7\u00f5es de mobilidade estudantil internacional do UNASP. Tamb\u00e9m vai ajudar na reestrutura\u00e7\u00e3o da modalidade EaD do Unasp. Continua como Vice-Reitor Executivo\/Diretor do campus Engenheiro Coelho.<\/li>\n<li>Everson Muckenberger \u2013 Pr\u00f3-Reitor Acad\u00eamico Associado do campus EC e EaD<\/li>\n<li>Franscisl\u00ea Neri \u2013 Vice coordenador do Mestrado em Educa\u00e7\u00e3o e Coordenador do N\u00facleo de Integra\u00e7\u00e3o F\u00e9 e Ensino (NIFE).<\/li>\n<li>Robson Aleixo \u2013 Pr\u00f3-Reitor de Desenvolvimento Espiritual Associado do campus SP.<\/li>\n<li>Bruno Moura Fortes \u2013 Pr\u00f3-Reitor de Desenvolvimento Estudantil Associado do campus EC.<\/li>\n<li>Edilei Lames \u2013 presidente da Comiss\u00e3o Pr\u00f3pria de Avalia\u00e7\u00e3o (CPA) e Coordenador de Garantia de Aprendizagem<\/li>\n<\/ul>\n<p><em>Confira no v\u00eddeo abaixo um pouco da estrutura da Educa\u00e7\u00e3o Adventista, com destaque para o Unasp.<\/em><\/p>\n<p><iframe loading=\"lazy\" title=\"Estrutura Unasp\" width=\"900\" height=\"506\" src=\"https:\/\/www.youtube.com\/embed\/0KHdS_H1Ka0?feature=oembed\" frameborder=\"0\" allow=\"accelerometer; autoplay; encrypted-media; gyroscope; picture-in-picture\" allowfullscreen><\/iframe><\/p>\n<p><strong>Unasp on the Road <\/strong><\/p>\n<p>A partir de abril, o Unasp come\u00e7ar\u00e1 um programa com o intuito de levar um pouco de ci\u00eancia, arte, educa\u00e7\u00e3o, pesquisa, conhecimento b\u00edblico e voluntariado para as diversas \u00a0comunidades de S\u00e3o Paulo. Intitulado \u201cUnasp on the road\u201d, pastores, professores e cantores da institui\u00e7\u00e3o v\u00e3o passar um s\u00e1bado por m\u00eas em 10 igrejas de alguma regi\u00e3o do Estado para atender, se apresentar compartilhar os servi\u00e7os que o Unasp pode oferecer \u00e0 comunidade.<\/p>\n<p>\u201cNosso objetivo \u00e9 trazer mais alunos para o Unasp, fazer com que mais gente tenha a experi\u00eancia que \u00e9 estudar nesse lugar, por isso esse ano \u00e9 muito desafiador para gente. Saio daqui animado para fazer de 2020 um ano muito positivo tanto na minha vida quanto na do meu curso\u201d, ressalta o coordenador do curso de Direito de Hortol\u00e2ndia, professor Carlos Ferri.<\/p>\n<p>Ao final do programa, o presidente da Mantenedora do Unasp e da Igreja Adventista em S\u00e3o Paulo, pr. Maur\u00edcio Lima, destacou a import\u00e2ncia de todo esse envolvimento e planejamento em prol do crescimento do Centro Universit\u00e1rio Adventista.<\/p>\n<p>&#8220;Crescemos quando temos a unidade crist\u00e3 como base do nosso relacionamento com o nosso pr\u00f3ximo. Deus tem planos especiais para a Educa\u00e7\u00e3o Adventista e o Unasp faz parte disso. N\u00f3s queremos dar o total apoio para que o Unasp cres\u00e7a e continue aben\u00e7oando a vida de muitos jovens que estudam e estudar\u00e3o aqui&#8221;, finaliza.<\/p>\n\n\t\t<style type=\"text\/css\">\n\t\t\t#gallery-1 {\n\t\t\t\tmargin: auto;\n\t\t\t}\n\t\t\t#gallery-1 .gallery-item {\n\t\t\t\tfloat: left;\n\t\t\t\tmargin-top: 10px;\n\t\t\t\ttext-align: center;\n\t\t\t\twidth: 33%;\n\t\t\t}\n\t\t\t#gallery-1 img {\n\t\t\t\tborder: 2px solid #cfcfcf;\n\t\t\t}\n\t\t\t#gallery-1 .gallery-caption {\n\t\t\t\tmargin-left: 0;\n\t\t\t}\n\t\t\t\/* see gallery_shortcode() in wp-includes\/media.php *\/\n\t\t<\/style>\n\t\t<div id='gallery-1' class='gallery galleryid-75839 gallery-columns-3 gallery-size-medium'><dl class='gallery-item'>\n\t\t\t<dt class='gallery-icon landscape'>\n\t\t\t\t<a href='https:\/\/unasp.br\/noticias\/planejamento-geral-do-unasp-projeta-instituicao-como-universidade-para-2030\/whatsapp-image-2020-01-22-at-18-09-18\/'><img loading=\"lazy\" decoding=\"async\" width=\"300\" height=\"200\" src=\"https:\/\/cdn.unasp.br\/noticias\/wp-content\/uploads\/2020\/01\/22175722\/WhatsApp-Image-2020-01-22-at-18.09.18-300x200.jpeg\" class=\"attachment-medium size-medium\" alt=\"\" srcset=\"https:\/\/cdn.unasp.br\/noticias\/wp-content\/uploads\/2020\/01\/22175722\/WhatsApp-Image-2020-01-22-at-18.09.18-300x200.jpeg 300w, https:\/\/cdn.unasp.br\/noticias\/wp-content\/uploads\/2020\/01\/22175722\/WhatsApp-Image-2020-01-22-at-18.09.18-768x512.jpeg 768w, https:\/\/cdn.unasp.br\/noticias\/wp-content\/uploads\/2020\/01\/22175722\/WhatsApp-Image-2020-01-22-at-18.09.18-1024x683.jpeg 1024w, https:\/\/cdn.unasp.br\/noticias\/wp-content\/uploads\/2020\/01\/22175722\/WhatsApp-Image-2020-01-22-at-18.09.18-899x600.jpeg 899w, https:\/\/cdn.unasp.br\/noticias\/wp-content\/uploads\/2020\/01\/22175722\/WhatsApp-Image-2020-01-22-at-18.09.18-1199x800.jpeg 1199w, https:\/\/cdn.unasp.br\/noticias\/wp-content\/uploads\/2020\/01\/22175722\/WhatsApp-Image-2020-01-22-at-18.09.18-1079x720.jpeg 1079w, https:\/\/cdn.unasp.br\/noticias\/wp-content\/uploads\/2020\/01\/22175722\/WhatsApp-Image-2020-01-22-at-18.09.18-800x534.jpeg 800w, https:\/\/cdn.unasp.br\/noticias\/wp-content\/uploads\/2020\/01\/22175722\/WhatsApp-Image-2020-01-22-at-18.09.18-750x500.jpeg 750w, https:\/\/cdn.unasp.br\/noticias\/wp-content\/uploads\/2020\/01\/22175722\/WhatsApp-Image-2020-01-22-at-18.09.18-720x480.jpeg 720w, https:\/\/cdn.unasp.br\/noticias\/wp-content\/uploads\/2020\/01\/22175722\/WhatsApp-Image-2020-01-22-at-18.09.18-420x280.jpeg 420w, https:\/\/cdn.unasp.br\/noticias\/wp-content\/uploads\/2020\/01\/22175722\/WhatsApp-Image-2020-01-22-at-18.09.18-500x334.jpeg 500w, https:\/\/cdn.unasp.br\/noticias\/wp-content\/uploads\/2020\/01\/22175722\/WhatsApp-Image-2020-01-22-at-18.09.18-400x267.jpeg 400w, https:\/\/cdn.unasp.br\/noticias\/wp-content\/uploads\/2020\/01\/22175722\/WhatsApp-Image-2020-01-22-at-18.09.18-375x250.jpeg 375w, https:\/\/cdn.unasp.br\/noticias\/wp-content\/uploads\/2020\/01\/22175722\/WhatsApp-Image-2020-01-22-at-18.09.18-225x150.jpeg 225w, https:\/\/cdn.unasp.br\/noticias\/wp-content\/uploads\/2020\/01\/22175722\/WhatsApp-Image-2020-01-22-at-18.09.18-175x117.jpeg 175w, https:\/\/cdn.unasp.br\/noticias\/wp-content\/uploads\/2020\/01\/22175722\/WhatsApp-Image-2020-01-22-at-18.09.18-200x133.jpeg 200w, https:\/\/cdn.unasp.br\/noticias\/wp-content\/uploads\/2020\/01\/22175722\/WhatsApp-Image-2020-01-22-at-18.09.18.jpeg 1280w\" sizes=\"(max-width: 300px) 100vw, 300px\" \/><\/a>\n\t\t\t<\/dt><\/dl><dl class='gallery-item'>\n\t\t\t<dt class='gallery-icon landscape'>\n\t\t\t\t<a href='https:\/\/unasp.br\/noticias\/planejamento-geral-do-unasp-projeta-instituicao-como-universidade-para-2030\/whatsapp-image-2020-01-22-at-18-09-19\/'><img loading=\"lazy\" decoding=\"async\" width=\"300\" height=\"168\" src=\"https:\/\/cdn.unasp.br\/noticias\/wp-content\/uploads\/2020\/01\/22175725\/WhatsApp-Image-2020-01-22-at-18.09.19-300x168.jpeg\" class=\"attachment-medium size-medium\" alt=\"\" srcset=\"https:\/\/cdn.unasp.br\/noticias\/wp-content\/uploads\/2020\/01\/22175725\/WhatsApp-Image-2020-01-22-at-18.09.19-300x168.jpeg 300w, https:\/\/cdn.unasp.br\/noticias\/wp-content\/uploads\/2020\/01\/22175725\/WhatsApp-Image-2020-01-22-at-18.09.19-768x431.jpeg 768w, https:\/\/cdn.unasp.br\/noticias\/wp-content\/uploads\/2020\/01\/22175725\/WhatsApp-Image-2020-01-22-at-18.09.19-1024x574.jpeg 1024w, https:\/\/cdn.unasp.br\/noticias\/wp-content\/uploads\/2020\/01\/22175725\/WhatsApp-Image-2020-01-22-at-18.09.19-1070x600.jpeg 1070w, https:\/\/cdn.unasp.br\/noticias\/wp-content\/uploads\/2020\/01\/22175725\/WhatsApp-Image-2020-01-22-at-18.09.19-800x449.jpeg 800w, https:\/\/cdn.unasp.br\/noticias\/wp-content\/uploads\/2020\/01\/22175725\/WhatsApp-Image-2020-01-22-at-18.09.19-750x421.jpeg 750w, https:\/\/cdn.unasp.br\/noticias\/wp-content\/uploads\/2020\/01\/22175725\/WhatsApp-Image-2020-01-22-at-18.09.19-720x404.jpeg 720w, https:\/\/cdn.unasp.br\/noticias\/wp-content\/uploads\/2020\/01\/22175725\/WhatsApp-Image-2020-01-22-at-18.09.19-499x280.jpeg 499w, https:\/\/cdn.unasp.br\/noticias\/wp-content\/uploads\/2020\/01\/22175725\/WhatsApp-Image-2020-01-22-at-18.09.19-500x280.jpeg 500w, https:\/\/cdn.unasp.br\/noticias\/wp-content\/uploads\/2020\/01\/22175725\/WhatsApp-Image-2020-01-22-at-18.09.19-400x224.jpeg 400w, https:\/\/cdn.unasp.br\/noticias\/wp-content\/uploads\/2020\/01\/22175725\/WhatsApp-Image-2020-01-22-at-18.09.19-357x200.jpeg 357w, https:\/\/cdn.unasp.br\/noticias\/wp-content\/uploads\/2020\/01\/22175725\/WhatsApp-Image-2020-01-22-at-18.09.19-267x150.jpeg 267w, https:\/\/cdn.unasp.br\/noticias\/wp-content\/uploads\/2020\/01\/22175725\/WhatsApp-Image-2020-01-22-at-18.09.19-175x98.jpeg 175w, https:\/\/cdn.unasp.br\/noticias\/wp-content\/uploads\/2020\/01\/22175725\/WhatsApp-Image-2020-01-22-at-18.09.19-200x112.jpeg 200w, https:\/\/cdn.unasp.br\/noticias\/wp-content\/uploads\/2020\/01\/22175725\/WhatsApp-Image-2020-01-22-at-18.09.19.jpeg 1280w\" sizes=\"(max-width: 300px) 100vw, 300px\" \/><\/a>\n\t\t\t<\/dt><\/dl><dl class='gallery-item'>\n\t\t\t<dt class='gallery-icon landscape'>\n\t\t\t\t<a href='https:\/\/unasp.br\/noticias\/planejamento-geral-do-unasp-projeta-instituicao-como-universidade-para-2030\/whatsapp-image-2020-01-22-at-18-09-20\/'><img loading=\"lazy\" decoding=\"async\" width=\"300\" height=\"200\" src=\"https:\/\/cdn.unasp.br\/noticias\/wp-content\/uploads\/2020\/01\/22175729\/WhatsApp-Image-2020-01-22-at-18.09.20-300x200.jpeg\" class=\"attachment-medium size-medium\" alt=\"\" srcset=\"https:\/\/cdn.unasp.br\/noticias\/wp-content\/uploads\/2020\/01\/22175729\/WhatsApp-Image-2020-01-22-at-18.09.20-300x200.jpeg 300w, https:\/\/cdn.unasp.br\/noticias\/wp-content\/uploads\/2020\/01\/22175729\/WhatsApp-Image-2020-01-22-at-18.09.20-768x512.jpeg 768w, https:\/\/cdn.unasp.br\/noticias\/wp-content\/uploads\/2020\/01\/22175729\/WhatsApp-Image-2020-01-22-at-18.09.20-1024x683.jpeg 1024w, https:\/\/cdn.unasp.br\/noticias\/wp-content\/uploads\/2020\/01\/22175729\/WhatsApp-Image-2020-01-22-at-18.09.20-899x600.jpeg 899w, https:\/\/cdn.unasp.br\/noticias\/wp-content\/uploads\/2020\/01\/22175729\/WhatsApp-Image-2020-01-22-at-18.09.20-1199x800.jpeg 1199w, https:\/\/cdn.unasp.br\/noticias\/wp-content\/uploads\/2020\/01\/22175729\/WhatsApp-Image-2020-01-22-at-18.09.20-1079x720.jpeg 1079w, https:\/\/cdn.unasp.br\/noticias\/wp-content\/uploads\/2020\/01\/22175729\/WhatsApp-Image-2020-01-22-at-18.09.20-800x534.jpeg 800w, https:\/\/cdn.unasp.br\/noticias\/wp-content\/uploads\/2020\/01\/22175729\/WhatsApp-Image-2020-01-22-at-18.09.20-750x500.jpeg 750w, https:\/\/cdn.unasp.br\/noticias\/wp-content\/uploads\/2020\/01\/22175729\/WhatsApp-Image-2020-01-22-at-18.09.20-720x480.jpeg 720w, https:\/\/cdn.unasp.br\/noticias\/wp-content\/uploads\/2020\/01\/22175729\/WhatsApp-Image-2020-01-22-at-18.09.20-420x280.jpeg 420w, https:\/\/cdn.unasp.br\/noticias\/wp-content\/uploads\/2020\/01\/22175729\/WhatsApp-Image-2020-01-22-at-18.09.20-500x334.jpeg 500w, https:\/\/cdn.unasp.br\/noticias\/wp-content\/uploads\/2020\/01\/22175729\/WhatsApp-Image-2020-01-22-at-18.09.20-400x267.jpeg 400w, https:\/\/cdn.unasp.br\/noticias\/wp-content\/uploads\/2020\/01\/22175729\/WhatsApp-Image-2020-01-22-at-18.09.20-375x250.jpeg 375w, https:\/\/cdn.unasp.br\/noticias\/wp-content\/uploads\/2020\/01\/22175729\/WhatsApp-Image-2020-01-22-at-18.09.20-225x150.jpeg 225w, https:\/\/cdn.unasp.br\/noticias\/wp-content\/uploads\/2020\/01\/22175729\/WhatsApp-Image-2020-01-22-at-18.09.20-175x117.jpeg 175w, https:\/\/cdn.unasp.br\/noticias\/wp-content\/uploads\/2020\/01\/22175729\/WhatsApp-Image-2020-01-22-at-18.09.20-200x133.jpeg 200w, https:\/\/cdn.unasp.br\/noticias\/wp-content\/uploads\/2020\/01\/22175729\/WhatsApp-Image-2020-01-22-at-18.09.20.jpeg 1280w\" sizes=\"(max-width: 300px) 100vw, 300px\" \/><\/a>\n\t\t\t<\/dt><\/dl><br style=\"clear: both\" \/><dl class='gallery-item'>\n\t\t\t<dt class='gallery-icon landscape'>\n\t\t\t\t<a href='https:\/\/unasp.br\/noticias\/planejamento-geral-do-unasp-projeta-instituicao-como-universidade-para-2030\/whatsapp-image-2020-01-22-at-18-09-21\/'><img loading=\"lazy\" decoding=\"async\" width=\"300\" height=\"200\" src=\"https:\/\/cdn.unasp.br\/noticias\/wp-content\/uploads\/2020\/01\/22175731\/WhatsApp-Image-2020-01-22-at-18.09.21-300x200.jpeg\" class=\"attachment-medium size-medium\" alt=\"\" srcset=\"https:\/\/cdn.unasp.br\/noticias\/wp-content\/uploads\/2020\/01\/22175731\/WhatsApp-Image-2020-01-22-at-18.09.21-300x200.jpeg 300w, https:\/\/cdn.unasp.br\/noticias\/wp-content\/uploads\/2020\/01\/22175731\/WhatsApp-Image-2020-01-22-at-18.09.21-768x512.jpeg 768w, https:\/\/cdn.unasp.br\/noticias\/wp-content\/uploads\/2020\/01\/22175731\/WhatsApp-Image-2020-01-22-at-18.09.21-1024x683.jpeg 1024w, https:\/\/cdn.unasp.br\/noticias\/wp-content\/uploads\/2020\/01\/22175731\/WhatsApp-Image-2020-01-22-at-18.09.21-899x600.jpeg 899w, https:\/\/cdn.unasp.br\/noticias\/wp-content\/uploads\/2020\/01\/22175731\/WhatsApp-Image-2020-01-22-at-18.09.21-1199x800.jpeg 1199w, https:\/\/cdn.unasp.br\/noticias\/wp-content\/uploads\/2020\/01\/22175731\/WhatsApp-Image-2020-01-22-at-18.09.21-1079x720.jpeg 1079w, https:\/\/cdn.unasp.br\/noticias\/wp-content\/uploads\/2020\/01\/22175731\/WhatsApp-Image-2020-01-22-at-18.09.21-800x534.jpeg 800w, https:\/\/cdn.unasp.br\/noticias\/wp-content\/uploads\/2020\/01\/22175731\/WhatsApp-Image-2020-01-22-at-18.09.21-750x500.jpeg 750w, https:\/\/cdn.unasp.br\/noticias\/wp-content\/uploads\/2020\/01\/22175731\/WhatsApp-Image-2020-01-22-at-18.09.21-720x480.jpeg 720w, https:\/\/cdn.unasp.br\/noticias\/wp-content\/uploads\/2020\/01\/22175731\/WhatsApp-Image-2020-01-22-at-18.09.21-420x280.jpeg 420w, https:\/\/cdn.unasp.br\/noticias\/wp-content\/uploads\/2020\/01\/22175731\/WhatsApp-Image-2020-01-22-at-18.09.21-500x334.jpeg 500w, https:\/\/cdn.unasp.br\/noticias\/wp-content\/uploads\/2020\/01\/22175731\/WhatsApp-Image-2020-01-22-at-18.09.21-400x267.jpeg 400w, https:\/\/cdn.unasp.br\/noticias\/wp-content\/uploads\/2020\/01\/22175731\/WhatsApp-Image-2020-01-22-at-18.09.21-375x250.jpeg 375w, https:\/\/cdn.unasp.br\/noticias\/wp-content\/uploads\/2020\/01\/22175731\/WhatsApp-Image-2020-01-22-at-18.09.21-225x150.jpeg 225w, https:\/\/cdn.unasp.br\/noticias\/wp-content\/uploads\/2020\/01\/22175731\/WhatsApp-Image-2020-01-22-at-18.09.21-175x117.jpeg 175w, https:\/\/cdn.unasp.br\/noticias\/wp-content\/uploads\/2020\/01\/22175731\/WhatsApp-Image-2020-01-22-at-18.09.21-200x133.jpeg 200w, https:\/\/cdn.unasp.br\/noticias\/wp-content\/uploads\/2020\/01\/22175731\/WhatsApp-Image-2020-01-22-at-18.09.21.jpeg 1280w\" sizes=\"(max-width: 300px) 100vw, 300px\" \/><\/a>\n\t\t\t<\/dt><\/dl><dl class='gallery-item'>\n\t\t\t<dt class='gallery-icon landscape'>\n\t\t\t\t<a href='https:\/\/unasp.br\/noticias\/planejamento-geral-do-unasp-projeta-instituicao-como-universidade-para-2030\/whatsapp-image-2020-01-22-at-18-09-491\/'><img loading=\"lazy\" decoding=\"async\" width=\"300\" height=\"200\" src=\"https:\/\/cdn.unasp.br\/noticias\/wp-content\/uploads\/2020\/01\/22175735\/WhatsApp-Image-2020-01-22-at-18.09.491-300x200.jpeg\" class=\"attachment-medium size-medium\" alt=\"\" srcset=\"https:\/\/cdn.unasp.br\/noticias\/wp-content\/uploads\/2020\/01\/22175735\/WhatsApp-Image-2020-01-22-at-18.09.491-300x200.jpeg 300w, https:\/\/cdn.unasp.br\/noticias\/wp-content\/uploads\/2020\/01\/22175735\/WhatsApp-Image-2020-01-22-at-18.09.491-768x512.jpeg 768w, https:\/\/cdn.unasp.br\/noticias\/wp-content\/uploads\/2020\/01\/22175735\/WhatsApp-Image-2020-01-22-at-18.09.491-1024x683.jpeg 1024w, https:\/\/cdn.unasp.br\/noticias\/wp-content\/uploads\/2020\/01\/22175735\/WhatsApp-Image-2020-01-22-at-18.09.491-899x600.jpeg 899w, https:\/\/cdn.unasp.br\/noticias\/wp-content\/uploads\/2020\/01\/22175735\/WhatsApp-Image-2020-01-22-at-18.09.491-1199x800.jpeg 1199w, https:\/\/cdn.unasp.br\/noticias\/wp-content\/uploads\/2020\/01\/22175735\/WhatsApp-Image-2020-01-22-at-18.09.491-1079x720.jpeg 1079w, https:\/\/cdn.unasp.br\/noticias\/wp-content\/uploads\/2020\/01\/22175735\/WhatsApp-Image-2020-01-22-at-18.09.491-800x534.jpeg 800w, https:\/\/cdn.unasp.br\/noticias\/wp-content\/uploads\/2020\/01\/22175735\/WhatsApp-Image-2020-01-22-at-18.09.491-750x500.jpeg 750w, https:\/\/cdn.unasp.br\/noticias\/wp-content\/uploads\/2020\/01\/22175735\/WhatsApp-Image-2020-01-22-at-18.09.491-720x480.jpeg 720w, https:\/\/cdn.unasp.br\/noticias\/wp-content\/uploads\/2020\/01\/22175735\/WhatsApp-Image-2020-01-22-at-18.09.491-420x280.jpeg 420w, https:\/\/cdn.unasp.br\/noticias\/wp-content\/uploads\/2020\/01\/22175735\/WhatsApp-Image-2020-01-22-at-18.09.491-500x334.jpeg 500w, https:\/\/cdn.unasp.br\/noticias\/wp-content\/uploads\/2020\/01\/22175735\/WhatsApp-Image-2020-01-22-at-18.09.491-400x267.jpeg 400w, https:\/\/cdn.unasp.br\/noticias\/wp-content\/uploads\/2020\/01\/22175735\/WhatsApp-Image-2020-01-22-at-18.09.491-375x250.jpeg 375w, https:\/\/cdn.unasp.br\/noticias\/wp-content\/uploads\/2020\/01\/22175735\/WhatsApp-Image-2020-01-22-at-18.09.491-225x150.jpeg 225w, https:\/\/cdn.unasp.br\/noticias\/wp-content\/uploads\/2020\/01\/22175735\/WhatsApp-Image-2020-01-22-at-18.09.491-175x117.jpeg 175w, https:\/\/cdn.unasp.br\/noticias\/wp-content\/uploads\/2020\/01\/22175735\/WhatsApp-Image-2020-01-22-at-18.09.491-200x133.jpeg 200w, https:\/\/cdn.unasp.br\/noticias\/wp-content\/uploads\/2020\/01\/22175735\/WhatsApp-Image-2020-01-22-at-18.09.491.jpeg 1280w\" sizes=\"(max-width: 300px) 100vw, 300px\" \/><\/a>\n\t\t\t<\/dt><\/dl><dl class='gallery-item'>\n\t\t\t<dt class='gallery-icon landscape'>\n\t\t\t\t<a href='https:\/\/unasp.br\/noticias\/planejamento-geral-do-unasp-projeta-instituicao-como-universidade-para-2030\/whatsapp-image-2020-01-22-at-18-09-511\/'><img loading=\"lazy\" decoding=\"async\" width=\"300\" height=\"200\" src=\"https:\/\/cdn.unasp.br\/noticias\/wp-content\/uploads\/2020\/01\/22175737\/WhatsApp-Image-2020-01-22-at-18.09.511-300x200.jpeg\" class=\"attachment-medium size-medium\" alt=\"\" srcset=\"https:\/\/cdn.unasp.br\/noticias\/wp-content\/uploads\/2020\/01\/22175737\/WhatsApp-Image-2020-01-22-at-18.09.511-300x200.jpeg 300w, https:\/\/cdn.unasp.br\/noticias\/wp-content\/uploads\/2020\/01\/22175737\/WhatsApp-Image-2020-01-22-at-18.09.511-768x512.jpeg 768w, https:\/\/cdn.unasp.br\/noticias\/wp-content\/uploads\/2020\/01\/22175737\/WhatsApp-Image-2020-01-22-at-18.09.511-1024x683.jpeg 1024w, https:\/\/cdn.unasp.br\/noticias\/wp-content\/uploads\/2020\/01\/22175737\/WhatsApp-Image-2020-01-22-at-18.09.511-899x600.jpeg 899w, https:\/\/cdn.unasp.br\/noticias\/wp-content\/uploads\/2020\/01\/22175737\/WhatsApp-Image-2020-01-22-at-18.09.511-1199x800.jpeg 1199w, https:\/\/cdn.unasp.br\/noticias\/wp-content\/uploads\/2020\/01\/22175737\/WhatsApp-Image-2020-01-22-at-18.09.511-1079x720.jpeg 1079w, https:\/\/cdn.unasp.br\/noticias\/wp-content\/uploads\/2020\/01\/22175737\/WhatsApp-Image-2020-01-22-at-18.09.511-800x534.jpeg 800w, https:\/\/cdn.unasp.br\/noticias\/wp-content\/uploads\/2020\/01\/22175737\/WhatsApp-Image-2020-01-22-at-18.09.511-750x500.jpeg 750w, https:\/\/cdn.unasp.br\/noticias\/wp-content\/uploads\/2020\/01\/22175737\/WhatsApp-Image-2020-01-22-at-18.09.511-720x480.jpeg 720w, https:\/\/cdn.unasp.br\/noticias\/wp-content\/uploads\/2020\/01\/22175737\/WhatsApp-Image-2020-01-22-at-18.09.511-420x280.jpeg 420w, https:\/\/cdn.unasp.br\/noticias\/wp-content\/uploads\/2020\/01\/22175737\/WhatsApp-Image-2020-01-22-at-18.09.511-500x334.jpeg 500w, https:\/\/cdn.unasp.br\/noticias\/wp-content\/uploads\/2020\/01\/22175737\/WhatsApp-Image-2020-01-22-at-18.09.511-400x267.jpeg 400w, https:\/\/cdn.unasp.br\/noticias\/wp-content\/uploads\/2020\/01\/22175737\/WhatsApp-Image-2020-01-22-at-18.09.511-375x250.jpeg 375w, https:\/\/cdn.unasp.br\/noticias\/wp-content\/uploads\/2020\/01\/22175737\/WhatsApp-Image-2020-01-22-at-18.09.511-225x150.jpeg 225w, https:\/\/cdn.unasp.br\/noticias\/wp-content\/uploads\/2020\/01\/22175737\/WhatsApp-Image-2020-01-22-at-18.09.511-175x117.jpeg 175w, https:\/\/cdn.unasp.br\/noticias\/wp-content\/uploads\/2020\/01\/22175737\/WhatsApp-Image-2020-01-22-at-18.09.511-200x133.jpeg 200w, https:\/\/cdn.unasp.br\/noticias\/wp-content\/uploads\/2020\/01\/22175737\/WhatsApp-Image-2020-01-22-at-18.09.511.jpeg 1280w\" sizes=\"(max-width: 300px) 100vw, 300px\" \/><\/a>\n\t\t\t<\/dt><\/dl><br style=\"clear: both\" \/><dl class='gallery-item'>\n\t\t\t<dt class='gallery-icon landscape'>\n\t\t\t\t<a href='https:\/\/unasp.br\/noticias\/planejamento-geral-do-unasp-projeta-instituicao-como-universidade-para-2030\/whatsapp-image-2020-01-22-at-18-09-57\/'><img loading=\"lazy\" decoding=\"async\" width=\"300\" height=\"200\" src=\"https:\/\/cdn.unasp.br\/noticias\/wp-content\/uploads\/2020\/01\/22175740\/WhatsApp-Image-2020-01-22-at-18.09.57-300x200.jpeg\" class=\"attachment-medium size-medium\" alt=\"\" srcset=\"https:\/\/cdn.unasp.br\/noticias\/wp-content\/uploads\/2020\/01\/22175740\/WhatsApp-Image-2020-01-22-at-18.09.57-300x200.jpeg 300w, https:\/\/cdn.unasp.br\/noticias\/wp-content\/uploads\/2020\/01\/22175740\/WhatsApp-Image-2020-01-22-at-18.09.57-768x512.jpeg 768w, https:\/\/cdn.unasp.br\/noticias\/wp-content\/uploads\/2020\/01\/22175740\/WhatsApp-Image-2020-01-22-at-18.09.57-1024x683.jpeg 1024w, https:\/\/cdn.unasp.br\/noticias\/wp-content\/uploads\/2020\/01\/22175740\/WhatsApp-Image-2020-01-22-at-18.09.57-899x600.jpeg 899w, https:\/\/cdn.unasp.br\/noticias\/wp-content\/uploads\/2020\/01\/22175740\/WhatsApp-Image-2020-01-22-at-18.09.57-1199x800.jpeg 1199w, https:\/\/cdn.unasp.br\/noticias\/wp-content\/uploads\/2020\/01\/22175740\/WhatsApp-Image-2020-01-22-at-18.09.57-1079x720.jpeg 1079w, https:\/\/cdn.unasp.br\/noticias\/wp-content\/uploads\/2020\/01\/22175740\/WhatsApp-Image-2020-01-22-at-18.09.57-800x534.jpeg 800w, https:\/\/cdn.unasp.br\/noticias\/wp-content\/uploads\/2020\/01\/22175740\/WhatsApp-Image-2020-01-22-at-18.09.57-750x500.jpeg 750w, https:\/\/cdn.unasp.br\/noticias\/wp-content\/uploads\/2020\/01\/22175740\/WhatsApp-Image-2020-01-22-at-18.09.57-720x480.jpeg 720w, https:\/\/cdn.unasp.br\/noticias\/wp-content\/uploads\/2020\/01\/22175740\/WhatsApp-Image-2020-01-22-at-18.09.57-420x280.jpeg 420w, https:\/\/cdn.unasp.br\/noticias\/wp-content\/uploads\/2020\/01\/22175740\/WhatsApp-Image-2020-01-22-at-18.09.57-500x334.jpeg 500w, https:\/\/cdn.unasp.br\/noticias\/wp-content\/uploads\/2020\/01\/22175740\/WhatsApp-Image-2020-01-22-at-18.09.57-400x267.jpeg 400w, https:\/\/cdn.unasp.br\/noticias\/wp-content\/uploads\/2020\/01\/22175740\/WhatsApp-Image-2020-01-22-at-18.09.57-375x250.jpeg 375w, https:\/\/cdn.unasp.br\/noticias\/wp-content\/uploads\/2020\/01\/22175740\/WhatsApp-Image-2020-01-22-at-18.09.57-225x150.jpeg 225w, https:\/\/cdn.unasp.br\/noticias\/wp-content\/uploads\/2020\/01\/22175740\/WhatsApp-Image-2020-01-22-at-18.09.57-175x117.jpeg 175w, https:\/\/cdn.unasp.br\/noticias\/wp-content\/uploads\/2020\/01\/22175740\/WhatsApp-Image-2020-01-22-at-18.09.57-200x133.jpeg 200w, https:\/\/cdn.unasp.br\/noticias\/wp-content\/uploads\/2020\/01\/22175740\/WhatsApp-Image-2020-01-22-at-18.09.57.jpeg 1280w\" sizes=\"(max-width: 300px) 100vw, 300px\" \/><\/a>\n\t\t\t<\/dt><\/dl><dl class='gallery-item'>\n\t\t\t<dt class='gallery-icon landscape'>\n\t\t\t\t<a href='https:\/\/unasp.br\/noticias\/planejamento-geral-do-unasp-projeta-instituicao-como-universidade-para-2030\/whatsapp-image-2020-01-22-at-18-10-12\/'><img loading=\"lazy\" decoding=\"async\" width=\"300\" height=\"200\" src=\"https:\/\/cdn.unasp.br\/noticias\/wp-content\/uploads\/2020\/01\/22175742\/WhatsApp-Image-2020-01-22-at-18.10.12-300x200.jpeg\" class=\"attachment-medium size-medium\" alt=\"\" srcset=\"https:\/\/cdn.unasp.br\/noticias\/wp-content\/uploads\/2020\/01\/22175742\/WhatsApp-Image-2020-01-22-at-18.10.12-300x200.jpeg 300w, https:\/\/cdn.unasp.br\/noticias\/wp-content\/uploads\/2020\/01\/22175742\/WhatsApp-Image-2020-01-22-at-18.10.12-768x512.jpeg 768w, https:\/\/cdn.unasp.br\/noticias\/wp-content\/uploads\/2020\/01\/22175742\/WhatsApp-Image-2020-01-22-at-18.10.12-1024x683.jpeg 1024w, https:\/\/cdn.unasp.br\/noticias\/wp-content\/uploads\/2020\/01\/22175742\/WhatsApp-Image-2020-01-22-at-18.10.12-899x600.jpeg 899w, https:\/\/cdn.unasp.br\/noticias\/wp-content\/uploads\/2020\/01\/22175742\/WhatsApp-Image-2020-01-22-at-18.10.12-1199x800.jpeg 1199w, https:\/\/cdn.unasp.br\/noticias\/wp-content\/uploads\/2020\/01\/22175742\/WhatsApp-Image-2020-01-22-at-18.10.12-1079x720.jpeg 1079w, https:\/\/cdn.unasp.br\/noticias\/wp-content\/uploads\/2020\/01\/22175742\/WhatsApp-Image-2020-01-22-at-18.10.12-800x534.jpeg 800w, https:\/\/cdn.unasp.br\/noticias\/wp-content\/uploads\/2020\/01\/22175742\/WhatsApp-Image-2020-01-22-at-18.10.12-750x500.jpeg 750w, https:\/\/cdn.unasp.br\/noticias\/wp-content\/uploads\/2020\/01\/22175742\/WhatsApp-Image-2020-01-22-at-18.10.12-720x480.jpeg 720w, https:\/\/cdn.unasp.br\/noticias\/wp-content\/uploads\/2020\/01\/22175742\/WhatsApp-Image-2020-01-22-at-18.10.12-420x280.jpeg 420w, https:\/\/cdn.unasp.br\/noticias\/wp-content\/uploads\/2020\/01\/22175742\/WhatsApp-Image-2020-01-22-at-18.10.12-500x334.jpeg 500w, https:\/\/cdn.unasp.br\/noticias\/wp-content\/uploads\/2020\/01\/22175742\/WhatsApp-Image-2020-01-22-at-18.10.12-400x267.jpeg 400w, https:\/\/cdn.unasp.br\/noticias\/wp-content\/uploads\/2020\/01\/22175742\/WhatsApp-Image-2020-01-22-at-18.10.12-375x250.jpeg 375w, https:\/\/cdn.unasp.br\/noticias\/wp-content\/uploads\/2020\/01\/22175742\/WhatsApp-Image-2020-01-22-at-18.10.12-225x150.jpeg 225w, https:\/\/cdn.unasp.br\/noticias\/wp-content\/uploads\/2020\/01\/22175742\/WhatsApp-Image-2020-01-22-at-18.10.12-175x117.jpeg 175w, https:\/\/cdn.unasp.br\/noticias\/wp-content\/uploads\/2020\/01\/22175742\/WhatsApp-Image-2020-01-22-at-18.10.12-200x133.jpeg 200w, https:\/\/cdn.unasp.br\/noticias\/wp-content\/uploads\/2020\/01\/22175742\/WhatsApp-Image-2020-01-22-at-18.10.12.jpeg 1280w\" sizes=\"(max-width: 300px) 100vw, 300px\" \/><\/a>\n\t\t\t<\/dt><\/dl><dl class='gallery-item'>\n\t\t\t<dt class='gallery-icon landscape'>\n\t\t\t\t<a href='https:\/\/unasp.br\/noticias\/planejamento-geral-do-unasp-projeta-instituicao-como-universidade-para-2030\/whatsapp-image-2020-01-22-at-18-10-26\/'><img loading=\"lazy\" decoding=\"async\" width=\"300\" height=\"200\" src=\"https:\/\/cdn.unasp.br\/noticias\/wp-content\/uploads\/2020\/01\/22175745\/WhatsApp-Image-2020-01-22-at-18.10.26-300x200.jpeg\" class=\"attachment-medium size-medium\" alt=\"\" srcset=\"https:\/\/cdn.unasp.br\/noticias\/wp-content\/uploads\/2020\/01\/22175745\/WhatsApp-Image-2020-01-22-at-18.10.26-300x200.jpeg 300w, https:\/\/cdn.unasp.br\/noticias\/wp-content\/uploads\/2020\/01\/22175745\/WhatsApp-Image-2020-01-22-at-18.10.26-768x512.jpeg 768w, https:\/\/cdn.unasp.br\/noticias\/wp-content\/uploads\/2020\/01\/22175745\/WhatsApp-Image-2020-01-22-at-18.10.26-1024x683.jpeg 1024w, https:\/\/cdn.unasp.br\/noticias\/wp-content\/uploads\/2020\/01\/22175745\/WhatsApp-Image-2020-01-22-at-18.10.26-899x600.jpeg 899w, https:\/\/cdn.unasp.br\/noticias\/wp-content\/uploads\/2020\/01\/22175745\/WhatsApp-Image-2020-01-22-at-18.10.26-1199x800.jpeg 1199w, https:\/\/cdn.unasp.br\/noticias\/wp-content\/uploads\/2020\/01\/22175745\/WhatsApp-Image-2020-01-22-at-18.10.26-1079x720.jpeg 1079w, https:\/\/cdn.unasp.br\/noticias\/wp-content\/uploads\/2020\/01\/22175745\/WhatsApp-Image-2020-01-22-at-18.10.26-800x534.jpeg 800w, https:\/\/cdn.unasp.br\/noticias\/wp-content\/uploads\/2020\/01\/22175745\/WhatsApp-Image-2020-01-22-at-18.10.26-750x500.jpeg 750w, https:\/\/cdn.unasp.br\/noticias\/wp-content\/uploads\/2020\/01\/22175745\/WhatsApp-Image-2020-01-22-at-18.10.26-720x480.jpeg 720w, https:\/\/cdn.unasp.br\/noticias\/wp-content\/uploads\/2020\/01\/22175745\/WhatsApp-Image-2020-01-22-at-18.10.26-420x280.jpeg 420w, https:\/\/cdn.unasp.br\/noticias\/wp-content\/uploads\/2020\/01\/22175745\/WhatsApp-Image-2020-01-22-at-18.10.26-500x334.jpeg 500w, https:\/\/cdn.unasp.br\/noticias\/wp-content\/uploads\/2020\/01\/22175745\/WhatsApp-Image-2020-01-22-at-18.10.26-400x267.jpeg 400w, https:\/\/cdn.unasp.br\/noticias\/wp-content\/uploads\/2020\/01\/22175745\/WhatsApp-Image-2020-01-22-at-18.10.26-375x250.jpeg 375w, https:\/\/cdn.unasp.br\/noticias\/wp-content\/uploads\/2020\/01\/22175745\/WhatsApp-Image-2020-01-22-at-18.10.26-225x150.jpeg 225w, https:\/\/cdn.unasp.br\/noticias\/wp-content\/uploads\/2020\/01\/22175745\/WhatsApp-Image-2020-01-22-at-18.10.26-175x117.jpeg 175w, https:\/\/cdn.unasp.br\/noticias\/wp-content\/uploads\/2020\/01\/22175745\/WhatsApp-Image-2020-01-22-at-18.10.26-200x133.jpeg 200w, https:\/\/cdn.unasp.br\/noticias\/wp-content\/uploads\/2020\/01\/22175745\/WhatsApp-Image-2020-01-22-at-18.10.26.jpeg 1280w\" sizes=\"(max-width: 300px) 100vw, 300px\" \/><\/a>\n\t\t\t<\/dt><\/dl><br style=\"clear: both\" \/><dl class='gallery-item'>\n\t\t\t<dt class='gallery-icon landscape'>\n\t\t\t\t<a href='https:\/\/unasp.br\/noticias\/planejamento-geral-do-unasp-projeta-instituicao-como-universidade-para-2030\/whatsapp-image-2020-01-22-at-18-11-29\/'><img loading=\"lazy\" decoding=\"async\" width=\"300\" height=\"200\" src=\"https:\/\/cdn.unasp.br\/noticias\/wp-content\/uploads\/2020\/01\/22175748\/WhatsApp-Image-2020-01-22-at-18.11.29-300x200.jpeg\" class=\"attachment-medium size-medium\" alt=\"\" srcset=\"https:\/\/cdn.unasp.br\/noticias\/wp-content\/uploads\/2020\/01\/22175748\/WhatsApp-Image-2020-01-22-at-18.11.29-300x200.jpeg 300w, https:\/\/cdn.unasp.br\/noticias\/wp-content\/uploads\/2020\/01\/22175748\/WhatsApp-Image-2020-01-22-at-18.11.29-768x512.jpeg 768w, https:\/\/cdn.unasp.br\/noticias\/wp-content\/uploads\/2020\/01\/22175748\/WhatsApp-Image-2020-01-22-at-18.11.29-1024x683.jpeg 1024w, https:\/\/cdn.unasp.br\/noticias\/wp-content\/uploads\/2020\/01\/22175748\/WhatsApp-Image-2020-01-22-at-18.11.29-899x600.jpeg 899w, https:\/\/cdn.unasp.br\/noticias\/wp-content\/uploads\/2020\/01\/22175748\/WhatsApp-Image-2020-01-22-at-18.11.29-1199x800.jpeg 1199w, https:\/\/cdn.unasp.br\/noticias\/wp-content\/uploads\/2020\/01\/22175748\/WhatsApp-Image-2020-01-22-at-18.11.29-1079x720.jpeg 1079w, https:\/\/cdn.unasp.br\/noticias\/wp-content\/uploads\/2020\/01\/22175748\/WhatsApp-Image-2020-01-22-at-18.11.29-800x534.jpeg 800w, https:\/\/cdn.unasp.br\/noticias\/wp-content\/uploads\/2020\/01\/22175748\/WhatsApp-Image-2020-01-22-at-18.11.29-750x500.jpeg 750w, https:\/\/cdn.unasp.br\/noticias\/wp-content\/uploads\/2020\/01\/22175748\/WhatsApp-Image-2020-01-22-at-18.11.29-720x480.jpeg 720w, https:\/\/cdn.unasp.br\/noticias\/wp-content\/uploads\/2020\/01\/22175748\/WhatsApp-Image-2020-01-22-at-18.11.29-420x280.jpeg 420w, https:\/\/cdn.unasp.br\/noticias\/wp-content\/uploads\/2020\/01\/22175748\/WhatsApp-Image-2020-01-22-at-18.11.29-500x334.jpeg 500w, https:\/\/cdn.unasp.br\/noticias\/wp-content\/uploads\/2020\/01\/22175748\/WhatsApp-Image-2020-01-22-at-18.11.29-400x267.jpeg 400w, https:\/\/cdn.unasp.br\/noticias\/wp-content\/uploads\/2020\/01\/22175748\/WhatsApp-Image-2020-01-22-at-18.11.29-375x250.jpeg 375w, https:\/\/cdn.unasp.br\/noticias\/wp-content\/uploads\/2020\/01\/22175748\/WhatsApp-Image-2020-01-22-at-18.11.29-225x150.jpeg 225w, https:\/\/cdn.unasp.br\/noticias\/wp-content\/uploads\/2020\/01\/22175748\/WhatsApp-Image-2020-01-22-at-18.11.29-175x117.jpeg 175w, https:\/\/cdn.unasp.br\/noticias\/wp-content\/uploads\/2020\/01\/22175748\/WhatsApp-Image-2020-01-22-at-18.11.29-200x133.jpeg 200w, https:\/\/cdn.unasp.br\/noticias\/wp-content\/uploads\/2020\/01\/22175748\/WhatsApp-Image-2020-01-22-at-18.11.29.jpeg 1280w\" sizes=\"(max-width: 300px) 100vw, 300px\" \/><\/a>\n\t\t\t<\/dt><\/dl><dl class='gallery-item'>\n\t\t\t<dt class='gallery-icon landscape'>\n\t\t\t\t<a href='https:\/\/unasp.br\/noticias\/planejamento-geral-do-unasp-projeta-instituicao-como-universidade-para-2030\/whatsapp-image-2020-01-22-at-18-11-311\/'><img loading=\"lazy\" decoding=\"async\" width=\"300\" height=\"200\" src=\"https:\/\/cdn.unasp.br\/noticias\/wp-content\/uploads\/2020\/01\/22175751\/WhatsApp-Image-2020-01-22-at-18.11.311-300x200.jpeg\" class=\"attachment-medium size-medium\" alt=\"\" srcset=\"https:\/\/cdn.unasp.br\/noticias\/wp-content\/uploads\/2020\/01\/22175751\/WhatsApp-Image-2020-01-22-at-18.11.311-300x200.jpeg 300w, https:\/\/cdn.unasp.br\/noticias\/wp-content\/uploads\/2020\/01\/22175751\/WhatsApp-Image-2020-01-22-at-18.11.311-768x512.jpeg 768w, https:\/\/cdn.unasp.br\/noticias\/wp-content\/uploads\/2020\/01\/22175751\/WhatsApp-Image-2020-01-22-at-18.11.311-1024x683.jpeg 1024w, https:\/\/cdn.unasp.br\/noticias\/wp-content\/uploads\/2020\/01\/22175751\/WhatsApp-Image-2020-01-22-at-18.11.311-899x600.jpeg 899w, https:\/\/cdn.unasp.br\/noticias\/wp-content\/uploads\/2020\/01\/22175751\/WhatsApp-Image-2020-01-22-at-18.11.311-1199x800.jpeg 1199w, https:\/\/cdn.unasp.br\/noticias\/wp-content\/uploads\/2020\/01\/22175751\/WhatsApp-Image-2020-01-22-at-18.11.311-1079x720.jpeg 1079w, https:\/\/cdn.unasp.br\/noticias\/wp-content\/uploads\/2020\/01\/22175751\/WhatsApp-Image-2020-01-22-at-18.11.311-800x534.jpeg 800w, https:\/\/cdn.unasp.br\/noticias\/wp-content\/uploads\/2020\/01\/22175751\/WhatsApp-Image-2020-01-22-at-18.11.311-750x500.jpeg 750w, https:\/\/cdn.unasp.br\/noticias\/wp-content\/uploads\/2020\/01\/22175751\/WhatsApp-Image-2020-01-22-at-18.11.311-720x480.jpeg 720w, https:\/\/cdn.unasp.br\/noticias\/wp-content\/uploads\/2020\/01\/22175751\/WhatsApp-Image-2020-01-22-at-18.11.311-420x280.jpeg 420w, https:\/\/cdn.unasp.br\/noticias\/wp-content\/uploads\/2020\/01\/22175751\/WhatsApp-Image-2020-01-22-at-18.11.311-500x334.jpeg 500w, https:\/\/cdn.unasp.br\/noticias\/wp-content\/uploads\/2020\/01\/22175751\/WhatsApp-Image-2020-01-22-at-18.11.311-400x267.jpeg 400w, https:\/\/cdn.unasp.br\/noticias\/wp-content\/uploads\/2020\/01\/22175751\/WhatsApp-Image-2020-01-22-at-18.11.311-375x250.jpeg 375w, https:\/\/cdn.unasp.br\/noticias\/wp-content\/uploads\/2020\/01\/22175751\/WhatsApp-Image-2020-01-22-at-18.11.311-225x150.jpeg 225w, https:\/\/cdn.unasp.br\/noticias\/wp-content\/uploads\/2020\/01\/22175751\/WhatsApp-Image-2020-01-22-at-18.11.311-175x117.jpeg 175w, https:\/\/cdn.unasp.br\/noticias\/wp-content\/uploads\/2020\/01\/22175751\/WhatsApp-Image-2020-01-22-at-18.11.311-200x133.jpeg 200w, https:\/\/cdn.unasp.br\/noticias\/wp-content\/uploads\/2020\/01\/22175751\/WhatsApp-Image-2020-01-22-at-18.11.311.jpeg 1280w\" sizes=\"(max-width: 300px) 100vw, 300px\" \/><\/a>\n\t\t\t<\/dt><\/dl><dl class='gallery-item'>\n\t\t\t<dt class='gallery-icon landscape'>\n\t\t\t\t<a href='https:\/\/unasp.br\/noticias\/planejamento-geral-do-unasp-projeta-instituicao-como-universidade-para-2030\/whatsapp-image-2020-01-22-at-18-15-22\/'><img loading=\"lazy\" decoding=\"async\" width=\"300\" height=\"200\" src=\"https:\/\/cdn.unasp.br\/noticias\/wp-content\/uploads\/2020\/01\/22175753\/WhatsApp-Image-2020-01-22-at-18.15.22-300x200.jpeg\" class=\"attachment-medium size-medium\" alt=\"\" srcset=\"https:\/\/cdn.unasp.br\/noticias\/wp-content\/uploads\/2020\/01\/22175753\/WhatsApp-Image-2020-01-22-at-18.15.22-300x200.jpeg 300w, https:\/\/cdn.unasp.br\/noticias\/wp-content\/uploads\/2020\/01\/22175753\/WhatsApp-Image-2020-01-22-at-18.15.22-768x512.jpeg 768w, https:\/\/cdn.unasp.br\/noticias\/wp-content\/uploads\/2020\/01\/22175753\/WhatsApp-Image-2020-01-22-at-18.15.22-1024x683.jpeg 1024w, https:\/\/cdn.unasp.br\/noticias\/wp-content\/uploads\/2020\/01\/22175753\/WhatsApp-Image-2020-01-22-at-18.15.22-899x600.jpeg 899w, https:\/\/cdn.unasp.br\/noticias\/wp-content\/uploads\/2020\/01\/22175753\/WhatsApp-Image-2020-01-22-at-18.15.22-1199x800.jpeg 1199w, https:\/\/cdn.unasp.br\/noticias\/wp-content\/uploads\/2020\/01\/22175753\/WhatsApp-Image-2020-01-22-at-18.15.22-1079x720.jpeg 1079w, https:\/\/cdn.unasp.br\/noticias\/wp-content\/uploads\/2020\/01\/22175753\/WhatsApp-Image-2020-01-22-at-18.15.22-800x534.jpeg 800w, https:\/\/cdn.unasp.br\/noticias\/wp-content\/uploads\/2020\/01\/22175753\/WhatsApp-Image-2020-01-22-at-18.15.22-750x500.jpeg 750w, https:\/\/cdn.unasp.br\/noticias\/wp-content\/uploads\/2020\/01\/22175753\/WhatsApp-Image-2020-01-22-at-18.15.22-720x480.jpeg 720w, https:\/\/cdn.unasp.br\/noticias\/wp-content\/uploads\/2020\/01\/22175753\/WhatsApp-Image-2020-01-22-at-18.15.22-420x280.jpeg 420w, https:\/\/cdn.unasp.br\/noticias\/wp-content\/uploads\/2020\/01\/22175753\/WhatsApp-Image-2020-01-22-at-18.15.22-500x334.jpeg 500w, https:\/\/cdn.unasp.br\/noticias\/wp-content\/uploads\/2020\/01\/22175753\/WhatsApp-Image-2020-01-22-at-18.15.22-400x267.jpeg 400w, https:\/\/cdn.unasp.br\/noticias\/wp-content\/uploads\/2020\/01\/22175753\/WhatsApp-Image-2020-01-22-at-18.15.22-375x250.jpeg 375w, https:\/\/cdn.unasp.br\/noticias\/wp-content\/uploads\/2020\/01\/22175753\/WhatsApp-Image-2020-01-22-at-18.15.22-225x150.jpeg 225w, https:\/\/cdn.unasp.br\/noticias\/wp-content\/uploads\/2020\/01\/22175753\/WhatsApp-Image-2020-01-22-at-18.15.22-175x117.jpeg 175w, https:\/\/cdn.unasp.br\/noticias\/wp-content\/uploads\/2020\/01\/22175753\/WhatsApp-Image-2020-01-22-at-18.15.22-200x133.jpeg 200w, https:\/\/cdn.unasp.br\/noticias\/wp-content\/uploads\/2020\/01\/22175753\/WhatsApp-Image-2020-01-22-at-18.15.22.jpeg 1280w\" sizes=\"(max-width: 300px) 100vw, 300px\" \/><\/a>\n\t\t\t<\/dt><\/dl><br style=\"clear: both\" \/><dl class='gallery-item'>\n\t\t\t<dt class='gallery-icon landscape'>\n\t\t\t\t<a href='https:\/\/unasp.br\/noticias\/planejamento-geral-do-unasp-projeta-instituicao-como-universidade-para-2030\/whatsapp-image-2020-01-22-at-18-15-291\/'><img loading=\"lazy\" decoding=\"async\" width=\"300\" height=\"200\" src=\"https:\/\/cdn.unasp.br\/noticias\/wp-content\/uploads\/2020\/01\/22175756\/WhatsApp-Image-2020-01-22-at-18.15.291-300x200.jpeg\" class=\"attachment-medium size-medium\" alt=\"\" srcset=\"https:\/\/cdn.unasp.br\/noticias\/wp-content\/uploads\/2020\/01\/22175756\/WhatsApp-Image-2020-01-22-at-18.15.291-300x200.jpeg 300w, https:\/\/cdn.unasp.br\/noticias\/wp-content\/uploads\/2020\/01\/22175756\/WhatsApp-Image-2020-01-22-at-18.15.291-768x512.jpeg 768w, https:\/\/cdn.unasp.br\/noticias\/wp-content\/uploads\/2020\/01\/22175756\/WhatsApp-Image-2020-01-22-at-18.15.291-1024x683.jpeg 1024w, https:\/\/cdn.unasp.br\/noticias\/wp-content\/uploads\/2020\/01\/22175756\/WhatsApp-Image-2020-01-22-at-18.15.291-899x600.jpeg 899w, https:\/\/cdn.unasp.br\/noticias\/wp-content\/uploads\/2020\/01\/22175756\/WhatsApp-Image-2020-01-22-at-18.15.291-1199x800.jpeg 1199w, https:\/\/cdn.unasp.br\/noticias\/wp-content\/uploads\/2020\/01\/22175756\/WhatsApp-Image-2020-01-22-at-18.15.291-1079x720.jpeg 1079w, https:\/\/cdn.unasp.br\/noticias\/wp-content\/uploads\/2020\/01\/22175756\/WhatsApp-Image-2020-01-22-at-18.15.291-800x534.jpeg 800w, https:\/\/cdn.unasp.br\/noticias\/wp-content\/uploads\/2020\/01\/22175756\/WhatsApp-Image-2020-01-22-at-18.15.291-750x500.jpeg 750w, https:\/\/cdn.unasp.br\/noticias\/wp-content\/uploads\/2020\/01\/22175756\/WhatsApp-Image-2020-01-22-at-18.15.291-720x480.jpeg 720w, https:\/\/cdn.unasp.br\/noticias\/wp-content\/uploads\/2020\/01\/22175756\/WhatsApp-Image-2020-01-22-at-18.15.291-420x280.jpeg 420w, https:\/\/cdn.unasp.br\/noticias\/wp-content\/uploads\/2020\/01\/22175756\/WhatsApp-Image-2020-01-22-at-18.15.291-500x334.jpeg 500w, https:\/\/cdn.unasp.br\/noticias\/wp-content\/uploads\/2020\/01\/22175756\/WhatsApp-Image-2020-01-22-at-18.15.291-400x267.jpeg 400w, https:\/\/cdn.unasp.br\/noticias\/wp-content\/uploads\/2020\/01\/22175756\/WhatsApp-Image-2020-01-22-at-18.15.291-375x250.jpeg 375w, https:\/\/cdn.unasp.br\/noticias\/wp-content\/uploads\/2020\/01\/22175756\/WhatsApp-Image-2020-01-22-at-18.15.291-225x150.jpeg 225w, https:\/\/cdn.unasp.br\/noticias\/wp-content\/uploads\/2020\/01\/22175756\/WhatsApp-Image-2020-01-22-at-18.15.291-175x117.jpeg 175w, https:\/\/cdn.unasp.br\/noticias\/wp-content\/uploads\/2020\/01\/22175756\/WhatsApp-Image-2020-01-22-at-18.15.291-200x133.jpeg 200w, https:\/\/cdn.unasp.br\/noticias\/wp-content\/uploads\/2020\/01\/22175756\/WhatsApp-Image-2020-01-22-at-18.15.291.jpeg 1280w\" sizes=\"(max-width: 300px) 100vw, 300px\" \/><\/a>\n\t\t\t<\/dt><\/dl><dl class='gallery-item'>\n\t\t\t<dt class='gallery-icon landscape'>\n\t\t\t\t<a href='https:\/\/unasp.br\/noticias\/planejamento-geral-do-unasp-projeta-instituicao-como-universidade-para-2030\/whatsapp-image-2020-01-22-at-18-15-35\/'><img loading=\"lazy\" decoding=\"async\" width=\"300\" height=\"200\" src=\"https:\/\/cdn.unasp.br\/noticias\/wp-content\/uploads\/2020\/01\/22175800\/WhatsApp-Image-2020-01-22-at-18.15.35-300x200.jpeg\" class=\"attachment-medium size-medium\" alt=\"\" srcset=\"https:\/\/cdn.unasp.br\/noticias\/wp-content\/uploads\/2020\/01\/22175800\/WhatsApp-Image-2020-01-22-at-18.15.35-300x200.jpeg 300w, https:\/\/cdn.unasp.br\/noticias\/wp-content\/uploads\/2020\/01\/22175800\/WhatsApp-Image-2020-01-22-at-18.15.35-768x512.jpeg 768w, https:\/\/cdn.unasp.br\/noticias\/wp-content\/uploads\/2020\/01\/22175800\/WhatsApp-Image-2020-01-22-at-18.15.35-1024x683.jpeg 1024w, https:\/\/cdn.unasp.br\/noticias\/wp-content\/uploads\/2020\/01\/22175800\/WhatsApp-Image-2020-01-22-at-18.15.35-899x600.jpeg 899w, https:\/\/cdn.unasp.br\/noticias\/wp-content\/uploads\/2020\/01\/22175800\/WhatsApp-Image-2020-01-22-at-18.15.35-1199x800.jpeg 1199w, https:\/\/cdn.unasp.br\/noticias\/wp-content\/uploads\/2020\/01\/22175800\/WhatsApp-Image-2020-01-22-at-18.15.35-1079x720.jpeg 1079w, https:\/\/cdn.unasp.br\/noticias\/wp-content\/uploads\/2020\/01\/22175800\/WhatsApp-Image-2020-01-22-at-18.15.35-800x534.jpeg 800w, https:\/\/cdn.unasp.br\/noticias\/wp-content\/uploads\/2020\/01\/22175800\/WhatsApp-Image-2020-01-22-at-18.15.35-750x500.jpeg 750w, https:\/\/cdn.unasp.br\/noticias\/wp-content\/uploads\/2020\/01\/22175800\/WhatsApp-Image-2020-01-22-at-18.15.35-720x480.jpeg 720w, https:\/\/cdn.unasp.br\/noticias\/wp-content\/uploads\/2020\/01\/22175800\/WhatsApp-Image-2020-01-22-at-18.15.35-420x280.jpeg 420w, https:\/\/cdn.unasp.br\/noticias\/wp-content\/uploads\/2020\/01\/22175800\/WhatsApp-Image-2020-01-22-at-18.15.35-500x334.jpeg 500w, https:\/\/cdn.unasp.br\/noticias\/wp-content\/uploads\/2020\/01\/22175800\/WhatsApp-Image-2020-01-22-at-18.15.35-400x267.jpeg 400w, https:\/\/cdn.unasp.br\/noticias\/wp-content\/uploads\/2020\/01\/22175800\/WhatsApp-Image-2020-01-22-at-18.15.35-375x250.jpeg 375w, https:\/\/cdn.unasp.br\/noticias\/wp-content\/uploads\/2020\/01\/22175800\/WhatsApp-Image-2020-01-22-at-18.15.35-225x150.jpeg 225w, https:\/\/cdn.unasp.br\/noticias\/wp-content\/uploads\/2020\/01\/22175800\/WhatsApp-Image-2020-01-22-at-18.15.35-175x117.jpeg 175w, https:\/\/cdn.unasp.br\/noticias\/wp-content\/uploads\/2020\/01\/22175800\/WhatsApp-Image-2020-01-22-at-18.15.35-200x133.jpeg 200w, https:\/\/cdn.unasp.br\/noticias\/wp-content\/uploads\/2020\/01\/22175800\/WhatsApp-Image-2020-01-22-at-18.15.35.jpeg 1280w\" sizes=\"(max-width: 300px) 100vw, 300px\" \/><\/a>\n\t\t\t<\/dt><\/dl><dl class='gallery-item'>\n\t\t\t<dt class='gallery-icon landscape'>\n\t\t\t\t<a href='https:\/\/unasp.br\/noticias\/planejamento-geral-do-unasp-projeta-instituicao-como-universidade-para-2030\/whatsapp-image-2020-01-22-at-18-15-36\/'><img loading=\"lazy\" decoding=\"async\" width=\"300\" height=\"200\" src=\"https:\/\/cdn.unasp.br\/noticias\/wp-content\/uploads\/2020\/01\/22175803\/WhatsApp-Image-2020-01-22-at-18.15.36-300x200.jpeg\" class=\"attachment-medium size-medium\" alt=\"\" srcset=\"https:\/\/cdn.unasp.br\/noticias\/wp-content\/uploads\/2020\/01\/22175803\/WhatsApp-Image-2020-01-22-at-18.15.36-300x200.jpeg 300w, https:\/\/cdn.unasp.br\/noticias\/wp-content\/uploads\/2020\/01\/22175803\/WhatsApp-Image-2020-01-22-at-18.15.36-768x512.jpeg 768w, https:\/\/cdn.unasp.br\/noticias\/wp-content\/uploads\/2020\/01\/22175803\/WhatsApp-Image-2020-01-22-at-18.15.36-1024x683.jpeg 1024w, https:\/\/cdn.unasp.br\/noticias\/wp-content\/uploads\/2020\/01\/22175803\/WhatsApp-Image-2020-01-22-at-18.15.36-899x600.jpeg 899w, https:\/\/cdn.unasp.br\/noticias\/wp-content\/uploads\/2020\/01\/22175803\/WhatsApp-Image-2020-01-22-at-18.15.36-1199x800.jpeg 1199w, https:\/\/cdn.unasp.br\/noticias\/wp-content\/uploads\/2020\/01\/22175803\/WhatsApp-Image-2020-01-22-at-18.15.36-1079x720.jpeg 1079w, https:\/\/cdn.unasp.br\/noticias\/wp-content\/uploads\/2020\/01\/22175803\/WhatsApp-Image-2020-01-22-at-18.15.36-800x534.jpeg 800w, https:\/\/cdn.unasp.br\/noticias\/wp-content\/uploads\/2020\/01\/22175803\/WhatsApp-Image-2020-01-22-at-18.15.36-750x500.jpeg 750w, https:\/\/cdn.unasp.br\/noticias\/wp-content\/uploads\/2020\/01\/22175803\/WhatsApp-Image-2020-01-22-at-18.15.36-720x480.jpeg 720w, https:\/\/cdn.unasp.br\/noticias\/wp-content\/uploads\/2020\/01\/22175803\/WhatsApp-Image-2020-01-22-at-18.15.36-420x280.jpeg 420w, https:\/\/cdn.unasp.br\/noticias\/wp-content\/uploads\/2020\/01\/22175803\/WhatsApp-Image-2020-01-22-at-18.15.36-500x334.jpeg 500w, https:\/\/cdn.unasp.br\/noticias\/wp-content\/uploads\/2020\/01\/22175803\/WhatsApp-Image-2020-01-22-at-18.15.36-400x267.jpeg 400w, https:\/\/cdn.unasp.br\/noticias\/wp-content\/uploads\/2020\/01\/22175803\/WhatsApp-Image-2020-01-22-at-18.15.36-375x250.jpeg 375w, https:\/\/cdn.unasp.br\/noticias\/wp-content\/uploads\/2020\/01\/22175803\/WhatsApp-Image-2020-01-22-at-18.15.36-225x150.jpeg 225w, https:\/\/cdn.unasp.br\/noticias\/wp-content\/uploads\/2020\/01\/22175803\/WhatsApp-Image-2020-01-22-at-18.15.36-175x117.jpeg 175w, https:\/\/cdn.unasp.br\/noticias\/wp-content\/uploads\/2020\/01\/22175803\/WhatsApp-Image-2020-01-22-at-18.15.36-200x133.jpeg 200w, https:\/\/cdn.unasp.br\/noticias\/wp-content\/uploads\/2020\/01\/22175803\/WhatsApp-Image-2020-01-22-at-18.15.36.jpeg 1280w\" sizes=\"(max-width: 300px) 100vw, 300px\" \/><\/a>\n\t\t\t<\/dt><\/dl><br style=\"clear: both\" \/><dl class='gallery-item'>\n\t\t\t<dt class='gallery-icon landscape'>\n\t\t\t\t<a href='https:\/\/unasp.br\/noticias\/planejamento-geral-do-unasp-projeta-instituicao-como-universidade-para-2030\/whatsapp-image-2020-01-22-at-18-19-13\/'><img loading=\"lazy\" decoding=\"async\" width=\"300\" height=\"200\" src=\"https:\/\/cdn.unasp.br\/noticias\/wp-content\/uploads\/2020\/01\/22175806\/WhatsApp-Image-2020-01-22-at-18.19.13-300x200.jpeg\" class=\"attachment-medium size-medium\" alt=\"\" srcset=\"https:\/\/cdn.unasp.br\/noticias\/wp-content\/uploads\/2020\/01\/22175806\/WhatsApp-Image-2020-01-22-at-18.19.13-300x200.jpeg 300w, https:\/\/cdn.unasp.br\/noticias\/wp-content\/uploads\/2020\/01\/22175806\/WhatsApp-Image-2020-01-22-at-18.19.13-768x512.jpeg 768w, https:\/\/cdn.unasp.br\/noticias\/wp-content\/uploads\/2020\/01\/22175806\/WhatsApp-Image-2020-01-22-at-18.19.13-1024x683.jpeg 1024w, https:\/\/cdn.unasp.br\/noticias\/wp-content\/uploads\/2020\/01\/22175806\/WhatsApp-Image-2020-01-22-at-18.19.13-899x600.jpeg 899w, https:\/\/cdn.unasp.br\/noticias\/wp-content\/uploads\/2020\/01\/22175806\/WhatsApp-Image-2020-01-22-at-18.19.13-1199x800.jpeg 1199w, https:\/\/cdn.unasp.br\/noticias\/wp-content\/uploads\/2020\/01\/22175806\/WhatsApp-Image-2020-01-22-at-18.19.13-1079x720.jpeg 1079w, https:\/\/cdn.unasp.br\/noticias\/wp-content\/uploads\/2020\/01\/22175806\/WhatsApp-Image-2020-01-22-at-18.19.13-800x534.jpeg 800w, https:\/\/cdn.unasp.br\/noticias\/wp-content\/uploads\/2020\/01\/22175806\/WhatsApp-Image-2020-01-22-at-18.19.13-750x500.jpeg 750w, https:\/\/cdn.unasp.br\/noticias\/wp-content\/uploads\/2020\/01\/22175806\/WhatsApp-Image-2020-01-22-at-18.19.13-720x480.jpeg 720w, https:\/\/cdn.unasp.br\/noticias\/wp-content\/uploads\/2020\/01\/22175806\/WhatsApp-Image-2020-01-22-at-18.19.13-420x280.jpeg 420w, https:\/\/cdn.unasp.br\/noticias\/wp-content\/uploads\/2020\/01\/22175806\/WhatsApp-Image-2020-01-22-at-18.19.13-500x334.jpeg 500w, https:\/\/cdn.unasp.br\/noticias\/wp-content\/uploads\/2020\/01\/22175806\/WhatsApp-Image-2020-01-22-at-18.19.13-400x267.jpeg 400w, https:\/\/cdn.unasp.br\/noticias\/wp-content\/uploads\/2020\/01\/22175806\/WhatsApp-Image-2020-01-22-at-18.19.13-375x250.jpeg 375w, https:\/\/cdn.unasp.br\/noticias\/wp-content\/uploads\/2020\/01\/22175806\/WhatsApp-Image-2020-01-22-at-18.19.13-225x150.jpeg 225w, https:\/\/cdn.unasp.br\/noticias\/wp-content\/uploads\/2020\/01\/22175806\/WhatsApp-Image-2020-01-22-at-18.19.13-175x117.jpeg 175w, https:\/\/cdn.unasp.br\/noticias\/wp-content\/uploads\/2020\/01\/22175806\/WhatsApp-Image-2020-01-22-at-18.19.13-200x133.jpeg 200w, https:\/\/cdn.unasp.br\/noticias\/wp-content\/uploads\/2020\/01\/22175806\/WhatsApp-Image-2020-01-22-at-18.19.13.jpeg 1280w\" sizes=\"(max-width: 300px) 100vw, 300px\" \/><\/a>\n\t\t\t<\/dt><\/dl><dl class='gallery-item'>\n\t\t\t<dt class='gallery-icon landscape'>\n\t\t\t\t<a href='https:\/\/unasp.br\/noticias\/planejamento-geral-do-unasp-projeta-instituicao-como-universidade-para-2030\/whatsapp-image-2020-01-22-at-18-21-35-1\/'><img loading=\"lazy\" decoding=\"async\" width=\"300\" height=\"200\" src=\"https:\/\/cdn.unasp.br\/noticias\/wp-content\/uploads\/2020\/01\/22175809\/WhatsApp-Image-2020-01-22-at-18.21.35-1-300x200.jpeg\" class=\"attachment-medium size-medium\" alt=\"\" srcset=\"https:\/\/cdn.unasp.br\/noticias\/wp-content\/uploads\/2020\/01\/22175809\/WhatsApp-Image-2020-01-22-at-18.21.35-1-300x200.jpeg 300w, https:\/\/cdn.unasp.br\/noticias\/wp-content\/uploads\/2020\/01\/22175809\/WhatsApp-Image-2020-01-22-at-18.21.35-1-768x512.jpeg 768w, https:\/\/cdn.unasp.br\/noticias\/wp-content\/uploads\/2020\/01\/22175809\/WhatsApp-Image-2020-01-22-at-18.21.35-1-1024x683.jpeg 1024w, https:\/\/cdn.unasp.br\/noticias\/wp-content\/uploads\/2020\/01\/22175809\/WhatsApp-Image-2020-01-22-at-18.21.35-1-899x600.jpeg 899w, https:\/\/cdn.unasp.br\/noticias\/wp-content\/uploads\/2020\/01\/22175809\/WhatsApp-Image-2020-01-22-at-18.21.35-1-1199x800.jpeg 1199w, https:\/\/cdn.unasp.br\/noticias\/wp-content\/uploads\/2020\/01\/22175809\/WhatsApp-Image-2020-01-22-at-18.21.35-1-1079x720.jpeg 1079w, https:\/\/cdn.unasp.br\/noticias\/wp-content\/uploads\/2020\/01\/22175809\/WhatsApp-Image-2020-01-22-at-18.21.35-1-800x534.jpeg 800w, https:\/\/cdn.unasp.br\/noticias\/wp-content\/uploads\/2020\/01\/22175809\/WhatsApp-Image-2020-01-22-at-18.21.35-1-750x500.jpeg 750w, https:\/\/cdn.unasp.br\/noticias\/wp-content\/uploads\/2020\/01\/22175809\/WhatsApp-Image-2020-01-22-at-18.21.35-1-720x480.jpeg 720w, https:\/\/cdn.unasp.br\/noticias\/wp-content\/uploads\/2020\/01\/22175809\/WhatsApp-Image-2020-01-22-at-18.21.35-1-420x280.jpeg 420w, https:\/\/cdn.unasp.br\/noticias\/wp-content\/uploads\/2020\/01\/22175809\/WhatsApp-Image-2020-01-22-at-18.21.35-1-500x334.jpeg 500w, https:\/\/cdn.unasp.br\/noticias\/wp-content\/uploads\/2020\/01\/22175809\/WhatsApp-Image-2020-01-22-at-18.21.35-1-400x267.jpeg 400w, https:\/\/cdn.unasp.br\/noticias\/wp-content\/uploads\/2020\/01\/22175809\/WhatsApp-Image-2020-01-22-at-18.21.35-1-375x250.jpeg 375w, https:\/\/cdn.unasp.br\/noticias\/wp-content\/uploads\/2020\/01\/22175809\/WhatsApp-Image-2020-01-22-at-18.21.35-1-225x150.jpeg 225w, https:\/\/cdn.unasp.br\/noticias\/wp-content\/uploads\/2020\/01\/22175809\/WhatsApp-Image-2020-01-22-at-18.21.35-1-175x117.jpeg 175w, https:\/\/cdn.unasp.br\/noticias\/wp-content\/uploads\/2020\/01\/22175809\/WhatsApp-Image-2020-01-22-at-18.21.35-1-200x133.jpeg 200w, https:\/\/cdn.unasp.br\/noticias\/wp-content\/uploads\/2020\/01\/22175809\/WhatsApp-Image-2020-01-22-at-18.21.35-1.jpeg 1280w\" sizes=\"(max-width: 300px) 100vw, 300px\" \/><\/a>\n\t\t\t<\/dt><\/dl><dl class='gallery-item'>\n\t\t\t<dt class='gallery-icon landscape'>\n\t\t\t\t<a href='https:\/\/unasp.br\/noticias\/planejamento-geral-do-unasp-projeta-instituicao-como-universidade-para-2030\/whatsapp-image-2020-01-22-at-18-21-35\/'><img loading=\"lazy\" decoding=\"async\" width=\"300\" height=\"168\" src=\"https:\/\/cdn.unasp.br\/noticias\/wp-content\/uploads\/2020\/01\/22175812\/WhatsApp-Image-2020-01-22-at-18.21.35-300x168.jpeg\" class=\"attachment-medium size-medium\" alt=\"\" srcset=\"https:\/\/cdn.unasp.br\/noticias\/wp-content\/uploads\/2020\/01\/22175812\/WhatsApp-Image-2020-01-22-at-18.21.35-300x168.jpeg 300w, https:\/\/cdn.unasp.br\/noticias\/wp-content\/uploads\/2020\/01\/22175812\/WhatsApp-Image-2020-01-22-at-18.21.35-768x431.jpeg 768w, https:\/\/cdn.unasp.br\/noticias\/wp-content\/uploads\/2020\/01\/22175812\/WhatsApp-Image-2020-01-22-at-18.21.35-1024x574.jpeg 1024w, https:\/\/cdn.unasp.br\/noticias\/wp-content\/uploads\/2020\/01\/22175812\/WhatsApp-Image-2020-01-22-at-18.21.35-1070x600.jpeg 1070w, https:\/\/cdn.unasp.br\/noticias\/wp-content\/uploads\/2020\/01\/22175812\/WhatsApp-Image-2020-01-22-at-18.21.35-800x449.jpeg 800w, https:\/\/cdn.unasp.br\/noticias\/wp-content\/uploads\/2020\/01\/22175812\/WhatsApp-Image-2020-01-22-at-18.21.35-750x421.jpeg 750w, https:\/\/cdn.unasp.br\/noticias\/wp-content\/uploads\/2020\/01\/22175812\/WhatsApp-Image-2020-01-22-at-18.21.35-720x404.jpeg 720w, https:\/\/cdn.unasp.br\/noticias\/wp-content\/uploads\/2020\/01\/22175812\/WhatsApp-Image-2020-01-22-at-18.21.35-499x280.jpeg 499w, https:\/\/cdn.unasp.br\/noticias\/wp-content\/uploads\/2020\/01\/22175812\/WhatsApp-Image-2020-01-22-at-18.21.35-500x280.jpeg 500w, https:\/\/cdn.unasp.br\/noticias\/wp-content\/uploads\/2020\/01\/22175812\/WhatsApp-Image-2020-01-22-at-18.21.35-400x224.jpeg 400w, https:\/\/cdn.unasp.br\/noticias\/wp-content\/uploads\/2020\/01\/22175812\/WhatsApp-Image-2020-01-22-at-18.21.35-357x200.jpeg 357w, https:\/\/cdn.unasp.br\/noticias\/wp-content\/uploads\/2020\/01\/22175812\/WhatsApp-Image-2020-01-22-at-18.21.35-267x150.jpeg 267w, https:\/\/cdn.unasp.br\/noticias\/wp-content\/uploads\/2020\/01\/22175812\/WhatsApp-Image-2020-01-22-at-18.21.35-175x98.jpeg 175w, https:\/\/cdn.unasp.br\/noticias\/wp-content\/uploads\/2020\/01\/22175812\/WhatsApp-Image-2020-01-22-at-18.21.35-200x112.jpeg 200w, https:\/\/cdn.unasp.br\/noticias\/wp-content\/uploads\/2020\/01\/22175812\/WhatsApp-Image-2020-01-22-at-18.21.35.jpeg 1280w\" sizes=\"(max-width: 300px) 100vw, 300px\" \/><\/a>\n\t\t\t<\/dt><\/dl><br style=\"clear: both\" \/>\n\t\t<\/div>\n\n","protected":false},"excerpt":{"rendered":"<p>Planejamento Geral 2020 do Unasp reuniu cerca de 500 funcion\u00e1rios para motivar e apresentar os planos para os pr\u00f3ximos anos. Objetivo \u00e9 ser Universidade em 2030.<\/p>\n","protected":false},"author":30,"featured_media":75840,"comment_status":"open","ping_status":"open","sticky":false,"template":"","format":"standard","meta":{"footnotes":""},"categories":[6],"tags":[1851,1314,60,1983],"yoast_head":"<!-- This site is optimized with the Yoast SEO plugin v23.5 - https:\/\/yoast.com\/wordpress\/plugins\/seo\/ -->\n<title>Planejamento Geral do Unasp projeta institui\u00e7\u00e3o para 2030<\/title>\n<meta name=\"description\" content=\"Planejamento Geral 2020 do Unasp reuniu cerca de 500 funcion\u00e1rios para motivar e apresentar os planos para os pr\u00f3ximos anos. Objetivo \u00e9 ser Universidade em 2030.\" \/>\n<meta name=\"robots\" content=\"index, follow, max-snippet:-1, max-image-preview:large, max-video-preview:-1\" \/>\n<link rel=\"canonical\" href=\"https:\/\/unasp.br\/noticias\/planejamento-geral-do-unasp-projeta-instituicao-como-universidade-para-2030\/\" \/>\n<meta property=\"og:locale\" content=\"pt_BR\" \/>\n<meta property=\"og:type\" content=\"article\" \/>\n<meta property=\"og:title\" content=\"Planejamento Geral do Unasp projeta institui\u00e7\u00e3o para 2030\" \/>\n<meta property=\"og:description\" content=\"Planejamento Geral 2020 do Unasp reuniu cerca de 500 funcion\u00e1rios para motivar e apresentar os planos para os pr\u00f3ximos anos. Objetivo \u00e9 ser Universidade em 2030.\" \/>\n<meta property=\"og:url\" content=\"https:\/\/unasp.br\/noticias\/planejamento-geral-do-unasp-projeta-instituicao-como-universidade-para-2030\/\" \/>\n<meta property=\"og:site_name\" content=\"UNASP Noticias\" \/>\n<meta property=\"article:published_time\" content=\"2020-01-22T23:58:58+00:00\" \/>\n<meta property=\"article:modified_time\" content=\"2020-01-23T17:38:13+00:00\" \/>\n<meta property=\"og:image\" content=\"https:\/\/cdn.unasp.br\/noticias\/wp-content\/uploads\/2020\/01\/22173827\/WhatsApp-Image-2020-01-22-at-18.11.31.jpeg\" \/>\n\t<meta property=\"og:image:width\" content=\"1280\" \/>\n\t<meta property=\"og:image:height\" content=\"854\" \/>\n\t<meta property=\"og:image:type\" content=\"image\/jpeg\" \/>\n<meta name=\"author\" content=\"Aira Almeida\" \/>\n<meta name=\"twitter:card\" content=\"summary_large_image\" \/>\n<meta name=\"twitter:label1\" content=\"Escrito por\" \/>\n\t<meta name=\"twitter:data1\" content=\"Aira Almeida\" \/>\n\t<meta name=\"twitter:label2\" content=\"Est. tempo de leitura\" \/>\n\t<meta name=\"twitter:data2\" content=\"6 minutos\" \/>\n<script type=\"application\/ld+json\" class=\"yoast-schema-graph\">{\"@context\":\"https:\/\/schema.org\",\"@graph\":[{\"@type\":\"Article\",\"@id\":\"https:\/\/unasp.br\/noticias\/planejamento-geral-do-unasp-projeta-instituicao-como-universidade-para-2030\/#article\",\"isPartOf\":{\"@id\":\"https:\/\/unasp.br\/noticias\/planejamento-geral-do-unasp-projeta-instituicao-como-universidade-para-2030\/\"},\"author\":{\"name\":\"Aira Almeida\",\"@id\":\"https:\/\/unasp.br\/noticias\/#\/schema\/person\/80f09a3ec674501e6bb13144ffa2489f\"},\"headline\":\"Planejamento Geral do Unasp projeta institui\u00e7\u00e3o como Universidade para 2030\",\"datePublished\":\"2020-01-22T23:58:58+00:00\",\"dateModified\":\"2020-01-23T17:38:13+00:00\",\"mainEntityOfPage\":{\"@id\":\"https:\/\/unasp.br\/noticias\/planejamento-geral-do-unasp-projeta-instituicao-como-universidade-para-2030\/\"},\"wordCount\":1158,\"commentCount\":0,\"publisher\":{\"@id\":\"https:\/\/unasp.br\/noticias\/#organization\"},\"image\":{\"@id\":\"https:\/\/unasp.br\/noticias\/planejamento-geral-do-unasp-projeta-instituicao-como-universidade-para-2030\/#primaryimage\"},\"thumbnailUrl\":\"https:\/\/cdn.unasp.br\/noticias\/wp-content\/uploads\/2020\/01\/22173827\/WhatsApp-Image-2020-01-22-at-18.11.31.jpeg\",\"keywords\":[\"gest\u00e3o\",\"planejamento\",\"UNASP\",\"universidade\"],\"articleSection\":[\"Acontece no UNASP\"],\"inLanguage\":\"pt-BR\",\"potentialAction\":[{\"@type\":\"CommentAction\",\"name\":\"Comment\",\"target\":[\"https:\/\/unasp.br\/noticias\/planejamento-geral-do-unasp-projeta-instituicao-como-universidade-para-2030\/#respond\"]}]},{\"@type\":\"WebPage\",\"@id\":\"https:\/\/unasp.br\/noticias\/planejamento-geral-do-unasp-projeta-instituicao-como-universidade-para-2030\/\",\"url\":\"https:\/\/unasp.br\/noticias\/planejamento-geral-do-unasp-projeta-instituicao-como-universidade-para-2030\/\",\"name\":\"Planejamento Geral do Unasp projeta institui\u00e7\u00e3o para 2030\",\"isPartOf\":{\"@id\":\"https:\/\/unasp.br\/noticias\/#website\"},\"primaryImageOfPage\":{\"@id\":\"https:\/\/unasp.br\/noticias\/planejamento-geral-do-unasp-projeta-instituicao-como-universidade-para-2030\/#primaryimage\"},\"image\":{\"@id\":\"https:\/\/unasp.br\/noticias\/planejamento-geral-do-unasp-projeta-instituicao-como-universidade-para-2030\/#primaryimage\"},\"thumbnailUrl\":\"https:\/\/cdn.unasp.br\/noticias\/wp-content\/uploads\/2020\/01\/22173827\/WhatsApp-Image-2020-01-22-at-18.11.31.jpeg\",\"datePublished\":\"2020-01-22T23:58:58+00:00\",\"dateModified\":\"2020-01-23T17:38:13+00:00\",\"description\":\"Planejamento Geral 2020 do Unasp reuniu cerca de 500 funcion\u00e1rios para motivar e apresentar os planos para os pr\u00f3ximos anos. Objetivo \u00e9 ser Universidade em 2030.\",\"breadcrumb\":{\"@id\":\"https:\/\/unasp.br\/noticias\/planejamento-geral-do-unasp-projeta-instituicao-como-universidade-para-2030\/#breadcrumb\"},\"inLanguage\":\"pt-BR\",\"potentialAction\":[{\"@type\":\"ReadAction\",\"target\":[\"https:\/\/unasp.br\/noticias\/planejamento-geral-do-unasp-projeta-instituicao-como-universidade-para-2030\/\"]}]},{\"@type\":\"ImageObject\",\"inLanguage\":\"pt-BR\",\"@id\":\"https:\/\/unasp.br\/noticias\/planejamento-geral-do-unasp-projeta-instituicao-como-universidade-para-2030\/#primaryimage\",\"url\":\"https:\/\/cdn.unasp.br\/noticias\/wp-content\/uploads\/2020\/01\/22173827\/WhatsApp-Image-2020-01-22-at-18.11.31.jpeg\",\"contentUrl\":\"https:\/\/cdn.unasp.br\/noticias\/wp-content\/uploads\/2020\/01\/22173827\/WhatsApp-Image-2020-01-22-at-18.11.31.jpeg\",\"width\":1280,\"height\":854},{\"@type\":\"BreadcrumbList\",\"@id\":\"https:\/\/unasp.br\/noticias\/planejamento-geral-do-unasp-projeta-instituicao-como-universidade-para-2030\/#breadcrumb\",\"itemListElement\":[{\"@type\":\"ListItem\",\"position\":1,\"name\":\"In\u00edcio\",\"item\":\"https:\/\/unasp.br\/noticias\/\"},{\"@type\":\"ListItem\",\"position\":2,\"name\":\"Planejamento Geral do Unasp projeta institui\u00e7\u00e3o como Universidade para 2030\"}]},{\"@type\":\"WebSite\",\"@id\":\"https:\/\/unasp.br\/noticias\/#website\",\"url\":\"https:\/\/unasp.br\/noticias\/\",\"name\":\"UNASP Noticias\",\"description\":\"Centro Universit\u00e1rio Adventista de S\u00e3o Paulo\",\"publisher\":{\"@id\":\"https:\/\/unasp.br\/noticias\/#organization\"},\"potentialAction\":[{\"@type\":\"SearchAction\",\"target\":{\"@type\":\"EntryPoint\",\"urlTemplate\":\"https:\/\/unasp.br\/noticias\/?s={search_term_string}\"},\"query-input\":{\"@type\":\"PropertyValueSpecification\",\"valueRequired\":true,\"valueName\":\"search_term_string\"}}],\"inLanguage\":\"pt-BR\"},{\"@type\":\"Organization\",\"@id\":\"https:\/\/unasp.br\/noticias\/#organization\",\"name\":\"UNASP Noticias\",\"url\":\"https:\/\/unasp.br\/noticias\/\",\"logo\":{\"@type\":\"ImageObject\",\"inLanguage\":\"pt-BR\",\"@id\":\"https:\/\/unasp.br\/noticias\/#\/schema\/logo\/image\/\",\"url\":\"https:\/\/cdn.unasp.br\/noticias\/wp-content\/uploads\/2021\/09\/09152724\/logo-unasp-news.png\",\"contentUrl\":\"https:\/\/cdn.unasp.br\/noticias\/wp-content\/uploads\/2021\/09\/09152724\/logo-unasp-news.png\",\"width\":240,\"height\":41,\"caption\":\"UNASP Noticias\"},\"image\":{\"@id\":\"https:\/\/unasp.br\/noticias\/#\/schema\/logo\/image\/\"}},{\"@type\":\"Person\",\"@id\":\"https:\/\/unasp.br\/noticias\/#\/schema\/person\/80f09a3ec674501e6bb13144ffa2489f\",\"name\":\"Aira Almeida\",\"image\":{\"@type\":\"ImageObject\",\"inLanguage\":\"pt-BR\",\"@id\":\"https:\/\/unasp.br\/noticias\/#\/schema\/person\/image\/\",\"url\":\"https:\/\/secure.gravatar.com\/avatar\/e30ea867fdd5a41ec6a0cb350dcd108e?s=96&d=mm&r=g\",\"contentUrl\":\"https:\/\/secure.gravatar.com\/avatar\/e30ea867fdd5a41ec6a0cb350dcd108e?s=96&d=mm&r=g\",\"caption\":\"Aira Almeida\"},\"url\":\"https:\/\/unasp.br\/noticias\/author\/aira-almeidaedu-unasp-br\/\"}]}<\/script>\n<!-- \/ Yoast SEO plugin. -->","yoast_head_json":{"title":"Planejamento Geral do Unasp projeta institui\u00e7\u00e3o para 2030","description":"Planejamento Geral 2020 do Unasp reuniu cerca de 500 funcion\u00e1rios para motivar e apresentar os planos para os pr\u00f3ximos anos. Objetivo \u00e9 ser Universidade em 2030.","robots":{"index":"index","follow":"follow","max-snippet":"max-snippet:-1","max-image-preview":"max-image-preview:large","max-video-preview":"max-video-preview:-1"},"canonical":"https:\/\/unasp.br\/noticias\/planejamento-geral-do-unasp-projeta-instituicao-como-universidade-para-2030\/","og_locale":"pt_BR","og_type":"article","og_title":"Planejamento Geral do Unasp projeta institui\u00e7\u00e3o para 2030","og_description":"Planejamento Geral 2020 do Unasp reuniu cerca de 500 funcion\u00e1rios para motivar e apresentar os planos para os pr\u00f3ximos anos. Objetivo \u00e9 ser Universidade em 2030.","og_url":"https:\/\/unasp.br\/noticias\/planejamento-geral-do-unasp-projeta-instituicao-como-universidade-para-2030\/","og_site_name":"UNASP Noticias","article_published_time":"2020-01-22T23:58:58+00:00","article_modified_time":"2020-01-23T17:38:13+00:00","og_image":[{"width":1280,"height":854,"url":"https:\/\/cdn.unasp.br\/noticias\/wp-content\/uploads\/2020\/01\/22173827\/WhatsApp-Image-2020-01-22-at-18.11.31.jpeg","type":"image\/jpeg"}],"author":"Aira Almeida","twitter_card":"summary_large_image","twitter_misc":{"Escrito por":"Aira Almeida","Est. tempo de leitura":"6 minutos"},"schema":{"@context":"https:\/\/schema.org","@graph":[{"@type":"Article","@id":"https:\/\/unasp.br\/noticias\/planejamento-geral-do-unasp-projeta-instituicao-como-universidade-para-2030\/#article","isPartOf":{"@id":"https:\/\/unasp.br\/noticias\/planejamento-geral-do-unasp-projeta-instituicao-como-universidade-para-2030\/"},"author":{"name":"Aira Almeida","@id":"https:\/\/unasp.br\/noticias\/#\/schema\/person\/80f09a3ec674501e6bb13144ffa2489f"},"headline":"Planejamento Geral do Unasp projeta institui\u00e7\u00e3o como Universidade para 2030","datePublished":"2020-01-22T23:58:58+00:00","dateModified":"2020-01-23T17:38:13+00:00","mainEntityOfPage":{"@id":"https:\/\/unasp.br\/noticias\/planejamento-geral-do-unasp-projeta-instituicao-como-universidade-para-2030\/"},"wordCount":1158,"commentCount":0,"publisher":{"@id":"https:\/\/unasp.br\/noticias\/#organization"},"image":{"@id":"https:\/\/unasp.br\/noticias\/planejamento-geral-do-unasp-projeta-instituicao-como-universidade-para-2030\/#primaryimage"},"thumbnailUrl":"https:\/\/cdn.unasp.br\/noticias\/wp-content\/uploads\/2020\/01\/22173827\/WhatsApp-Image-2020-01-22-at-18.11.31.jpeg","keywords":["gest\u00e3o","planejamento","UNASP","universidade"],"articleSection":["Acontece no UNASP"],"inLanguage":"pt-BR","potentialAction":[{"@type":"CommentAction","name":"Comment","target":["https:\/\/unasp.br\/noticias\/planejamento-geral-do-unasp-projeta-instituicao-como-universidade-para-2030\/#respond"]}]},{"@type":"WebPage","@id":"https:\/\/unasp.br\/noticias\/planejamento-geral-do-unasp-projeta-instituicao-como-universidade-para-2030\/","url":"https:\/\/unasp.br\/noticias\/planejamento-geral-do-unasp-projeta-instituicao-como-universidade-para-2030\/","name":"Planejamento Geral do Unasp projeta institui\u00e7\u00e3o para 2030","isPartOf":{"@id":"https:\/\/unasp.br\/noticias\/#website"},"primaryImageOfPage":{"@id":"https:\/\/unasp.br\/noticias\/planejamento-geral-do-unasp-projeta-instituicao-como-universidade-para-2030\/#primaryimage"},"image":{"@id":"https:\/\/unasp.br\/noticias\/planejamento-geral-do-unasp-projeta-instituicao-como-universidade-para-2030\/#primaryimage"},"thumbnailUrl":"https:\/\/cdn.unasp.br\/noticias\/wp-content\/uploads\/2020\/01\/22173827\/WhatsApp-Image-2020-01-22-at-18.11.31.jpeg","datePublished":"2020-01-22T23:58:58+00:00","dateModified":"2020-01-23T17:38:13+00:00","description":"Planejamento Geral 2020 do Unasp reuniu cerca de 500 funcion\u00e1rios para motivar e apresentar os planos para os pr\u00f3ximos anos. Objetivo \u00e9 ser Universidade em 2030.","breadcrumb":{"@id":"https:\/\/unasp.br\/noticias\/planejamento-geral-do-unasp-projeta-instituicao-como-universidade-para-2030\/#breadcrumb"},"inLanguage":"pt-BR","potentialAction":[{"@type":"ReadAction","target":["https:\/\/unasp.br\/noticias\/planejamento-geral-do-unasp-projeta-instituicao-como-universidade-para-2030\/"]}]},{"@type":"ImageObject","inLanguage":"pt-BR","@id":"https:\/\/unasp.br\/noticias\/planejamento-geral-do-unasp-projeta-instituicao-como-universidade-para-2030\/#primaryimage","url":"https:\/\/cdn.unasp.br\/noticias\/wp-content\/uploads\/2020\/01\/22173827\/WhatsApp-Image-2020-01-22-at-18.11.31.jpeg","contentUrl":"https:\/\/cdn.unasp.br\/noticias\/wp-content\/uploads\/2020\/01\/22173827\/WhatsApp-Image-2020-01-22-at-18.11.31.jpeg","width":1280,"height":854},{"@type":"BreadcrumbList","@id":"https:\/\/unasp.br\/noticias\/planejamento-geral-do-unasp-projeta-instituicao-como-universidade-para-2030\/#breadcrumb","itemListElement":[{"@type":"ListItem","position":1,"name":"In\u00edcio","item":"https:\/\/unasp.br\/noticias\/"},{"@type":"ListItem","position":2,"name":"Planejamento Geral do Unasp projeta institui\u00e7\u00e3o como Universidade para 2030"}]},{"@type":"WebSite","@id":"https:\/\/unasp.br\/noticias\/#website","url":"https:\/\/unasp.br\/noticias\/","name":"UNASP Noticias","description":"Centro Universit\u00e1rio Adventista de S\u00e3o Paulo","publisher":{"@id":"https:\/\/unasp.br\/noticias\/#organization"},"potentialAction":[{"@type":"SearchAction","target":{"@type":"EntryPoint","urlTemplate":"https:\/\/unasp.br\/noticias\/?s={search_term_string}"},"query-input":{"@type":"PropertyValueSpecification","valueRequired":true,"valueName":"search_term_string"}}],"inLanguage":"pt-BR"},{"@type":"Organization","@id":"https:\/\/unasp.br\/noticias\/#organization","name":"UNASP Noticias","url":"https:\/\/unasp.br\/noticias\/","logo":{"@type":"ImageObject","inLanguage":"pt-BR","@id":"https:\/\/unasp.br\/noticias\/#\/schema\/logo\/image\/","url":"https:\/\/cdn.unasp.br\/noticias\/wp-content\/uploads\/2021\/09\/09152724\/logo-unasp-news.png","contentUrl":"https:\/\/cdn.unasp.br\/noticias\/wp-content\/uploads\/2021\/09\/09152724\/logo-unasp-news.png","width":240,"height":41,"caption":"UNASP Noticias"},"image":{"@id":"https:\/\/unasp.br\/noticias\/#\/schema\/logo\/image\/"}},{"@type":"Person","@id":"https:\/\/unasp.br\/noticias\/#\/schema\/person\/80f09a3ec674501e6bb13144ffa2489f","name":"Aira Almeida","image":{"@type":"ImageObject","inLanguage":"pt-BR","@id":"https:\/\/unasp.br\/noticias\/#\/schema\/person\/image\/","url":"https:\/\/secure.gravatar.com\/avatar\/e30ea867fdd5a41ec6a0cb350dcd108e?s=96&d=mm&r=g","contentUrl":"https:\/\/secure.gravatar.com\/avatar\/e30ea867fdd5a41ec6a0cb350dcd108e?s=96&d=mm&r=g","caption":"Aira Almeida"},"url":"https:\/\/unasp.br\/noticias\/author\/aira-almeidaedu-unasp-br\/"}]}},"_links":{"self":[{"href":"https:\/\/unasp.br\/noticias\/wp-json\/wp\/v2\/posts\/75839"}],"collection":[{"href":"https:\/\/unasp.br\/noticias\/wp-json\/wp\/v2\/posts"}],"about":[{"href":"https:\/\/unasp.br\/noticias\/wp-json\/wp\/v2\/types\/post"}],"author":[{"embeddable":true,"href":"https:\/\/unasp.br\/noticias\/wp-json\/wp\/v2\/users\/30"}],"replies":[{"embeddable":true,"href":"https:\/\/unasp.br\/noticias\/wp-json\/wp\/v2\/comments?post=75839"}],"version-history":[{"count":5,"href":"https:\/\/unasp.br\/noticias\/wp-json\/wp\/v2\/posts\/75839\/revisions"}],"predecessor-version":[{"id":84990,"href":"https:\/\/unasp.br\/noticias\/wp-json\/wp\/v2\/posts\/75839\/revisions\/84990"}],"wp:featuredmedia":[{"embeddable":true,"href":"https:\/\/unasp.br\/noticias\/wp-json\/wp\/v2\/media\/75840"}],"wp:attachment":[{"href":"https:\/\/unasp.br\/noticias\/wp-json\/wp\/v2\/media?parent=75839"}],"wp:term":[{"taxonomy":"category","embeddable":true,"href":"https:\/\/unasp.br\/noticias\/wp-json\/wp\/v2\/categories?post=75839"},{"taxonomy":"post_tag","embeddable":true,"href":"https:\/\/unasp.br\/noticias\/wp-json\/wp\/v2\/tags?post=75839"}],"curies":[{"name":"wp","href":"https:\/\/api.w.org\/{rel}","templated":true}]}}