{"id":76999,"date":"2020-02-10T17:47:43","date_gmt":"2020-02-10T20:47:43","guid":{"rendered":"https:\/\/www.unasp.br\/noticias\/?p=76999"},"modified":"2020-02-11T09:45:53","modified_gmt":"2020-02-11T12:45:53","slug":"unasp-sp-promove-aula-inaugural-para-os-alunos-do-ensino-superior","status":"publish","type":"post","link":"https:\/\/unasp.br\/noticias\/unasp-sp-promove-aula-inaugural-para-os-alunos-do-ensino-superior\/","title":{"rendered":"Unasp-SP promove aula inaugural para os alunos do Ensino Superior"},"content":{"rendered":"<div id=\"attachment_77000\" style=\"width: 720px\" class=\"wp-caption aligncenter\"><img loading=\"lazy\" decoding=\"async\" aria-describedby=\"caption-attachment-77000\" class=\"wp-image-77000\" src=\"https:\/\/www.unasp.br\/noticias\/wp-content\/uploads\/2020\/02\/WhatsApp-Image-2020-02-10-at-17.20.20-300x225.jpeg\" alt=\"\" width=\"710\" height=\"532\" srcset=\"https:\/\/cdn.unasp.br\/noticias\/wp-content\/uploads\/2020\/02\/10142928\/WhatsApp-Image-2020-02-10-at-17.20.20-300x225.jpeg 300w, https:\/\/cdn.unasp.br\/noticias\/wp-content\/uploads\/2020\/02\/10142928\/WhatsApp-Image-2020-02-10-at-17.20.20-768x576.jpeg 768w, https:\/\/cdn.unasp.br\/noticias\/wp-content\/uploads\/2020\/02\/10142928\/WhatsApp-Image-2020-02-10-at-17.20.20-1024x768.jpeg 1024w, https:\/\/cdn.unasp.br\/noticias\/wp-content\/uploads\/2020\/02\/10142928\/WhatsApp-Image-2020-02-10-at-17.20.20-800x600.jpeg 800w, https:\/\/cdn.unasp.br\/noticias\/wp-content\/uploads\/2020\/02\/10142928\/WhatsApp-Image-2020-02-10-at-17.20.20-1067x800.jpeg 1067w, https:\/\/cdn.unasp.br\/noticias\/wp-content\/uploads\/2020\/02\/10142928\/WhatsApp-Image-2020-02-10-at-17.20.20-960x720.jpeg 960w, https:\/\/cdn.unasp.br\/noticias\/wp-content\/uploads\/2020\/02\/10142928\/WhatsApp-Image-2020-02-10-at-17.20.20-667x500.jpeg 667w, https:\/\/cdn.unasp.br\/noticias\/wp-content\/uploads\/2020\/02\/10142928\/WhatsApp-Image-2020-02-10-at-17.20.20-640x480.jpeg 640w, https:\/\/cdn.unasp.br\/noticias\/wp-content\/uploads\/2020\/02\/10142928\/WhatsApp-Image-2020-02-10-at-17.20.20-373x280.jpeg 373w, https:\/\/cdn.unasp.br\/noticias\/wp-content\/uploads\/2020\/02\/10142928\/WhatsApp-Image-2020-02-10-at-17.20.20-500x375.jpeg 500w, https:\/\/cdn.unasp.br\/noticias\/wp-content\/uploads\/2020\/02\/10142928\/WhatsApp-Image-2020-02-10-at-17.20.20-400x300.jpeg 400w, https:\/\/cdn.unasp.br\/noticias\/wp-content\/uploads\/2020\/02\/10142928\/WhatsApp-Image-2020-02-10-at-17.20.20-333x250.jpeg 333w, https:\/\/cdn.unasp.br\/noticias\/wp-content\/uploads\/2020\/02\/10142928\/WhatsApp-Image-2020-02-10-at-17.20.20-267x200.jpeg 267w, https:\/\/cdn.unasp.br\/noticias\/wp-content\/uploads\/2020\/02\/10142928\/WhatsApp-Image-2020-02-10-at-17.20.20-200x150.jpeg 200w, https:\/\/cdn.unasp.br\/noticias\/wp-content\/uploads\/2020\/02\/10142928\/WhatsApp-Image-2020-02-10-at-17.20.20-175x131.jpeg 175w, https:\/\/cdn.unasp.br\/noticias\/wp-content\/uploads\/2020\/02\/10142928\/WhatsApp-Image-2020-02-10-at-17.20.20.jpeg 1280w\" sizes=\"(max-width: 710px) 100vw, 710px\" \/><p id=\"caption-attachment-77000\" class=\"wp-caption-text\">A programa\u00e7\u00e3o reuniu alunos de todos os cursos de gradua\u00e7\u00e3o do Unasp. \u00c9 um momento especial de reflex\u00e3o, onde se sentem bem recebidos pelos l\u00edderes da institui\u00e7\u00e3o.<\/p><\/div>\n<p>&nbsp;<\/p>\n<div id=\"attachment_77002\" style=\"width: 420px\" class=\"wp-caption alignright\"><img loading=\"lazy\" decoding=\"async\" aria-describedby=\"caption-attachment-77002\" class=\"wp-image-77002\" src=\"https:\/\/www.unasp.br\/noticias\/wp-content\/uploads\/2020\/02\/WhatsApp-Image-2020-02-10-at-17.25.121-300x225.jpeg\" alt=\"\" width=\"410\" height=\"307\" srcset=\"https:\/\/cdn.unasp.br\/noticias\/wp-content\/uploads\/2020\/02\/10143943\/WhatsApp-Image-2020-02-10-at-17.25.121-300x225.jpeg 300w, https:\/\/cdn.unasp.br\/noticias\/wp-content\/uploads\/2020\/02\/10143943\/WhatsApp-Image-2020-02-10-at-17.25.121-768x576.jpeg 768w, https:\/\/cdn.unasp.br\/noticias\/wp-content\/uploads\/2020\/02\/10143943\/WhatsApp-Image-2020-02-10-at-17.25.121-1024x768.jpeg 1024w, https:\/\/cdn.unasp.br\/noticias\/wp-content\/uploads\/2020\/02\/10143943\/WhatsApp-Image-2020-02-10-at-17.25.121-800x600.jpeg 800w, https:\/\/cdn.unasp.br\/noticias\/wp-content\/uploads\/2020\/02\/10143943\/WhatsApp-Image-2020-02-10-at-17.25.121-1067x800.jpeg 1067w, https:\/\/cdn.unasp.br\/noticias\/wp-content\/uploads\/2020\/02\/10143943\/WhatsApp-Image-2020-02-10-at-17.25.121-960x720.jpeg 960w, https:\/\/cdn.unasp.br\/noticias\/wp-content\/uploads\/2020\/02\/10143943\/WhatsApp-Image-2020-02-10-at-17.25.121-667x500.jpeg 667w, https:\/\/cdn.unasp.br\/noticias\/wp-content\/uploads\/2020\/02\/10143943\/WhatsApp-Image-2020-02-10-at-17.25.121-640x480.jpeg 640w, https:\/\/cdn.unasp.br\/noticias\/wp-content\/uploads\/2020\/02\/10143943\/WhatsApp-Image-2020-02-10-at-17.25.121-373x280.jpeg 373w, https:\/\/cdn.unasp.br\/noticias\/wp-content\/uploads\/2020\/02\/10143943\/WhatsApp-Image-2020-02-10-at-17.25.121-500x375.jpeg 500w, https:\/\/cdn.unasp.br\/noticias\/wp-content\/uploads\/2020\/02\/10143943\/WhatsApp-Image-2020-02-10-at-17.25.121-400x300.jpeg 400w, https:\/\/cdn.unasp.br\/noticias\/wp-content\/uploads\/2020\/02\/10143943\/WhatsApp-Image-2020-02-10-at-17.25.121-333x250.jpeg 333w, https:\/\/cdn.unasp.br\/noticias\/wp-content\/uploads\/2020\/02\/10143943\/WhatsApp-Image-2020-02-10-at-17.25.121-267x200.jpeg 267w, https:\/\/cdn.unasp.br\/noticias\/wp-content\/uploads\/2020\/02\/10143943\/WhatsApp-Image-2020-02-10-at-17.25.121-200x150.jpeg 200w, https:\/\/cdn.unasp.br\/noticias\/wp-content\/uploads\/2020\/02\/10143943\/WhatsApp-Image-2020-02-10-at-17.25.121-175x131.jpeg 175w, https:\/\/cdn.unasp.br\/noticias\/wp-content\/uploads\/2020\/02\/10143943\/WhatsApp-Image-2020-02-10-at-17.25.121.jpeg 1280w\" sizes=\"(max-width: 410px) 100vw, 410px\" \/><p id=\"caption-attachment-77002\" class=\"wp-caption-text\">Na foto: Ricardo Bertazzo, diretor de Desenvolvimento Estudantil; Pr. Robson Aleixo, diretor de Desenvolvimento Espiritual; Prof\u00aa. Dra. Silvia Quadros, pr\u00f3-reitora Acad\u00eamica associada; Prof\u00aa. Dra. Maristela Santini, coordenadora de P\u00f3s-gradua\u00e7\u00e3o, pesquisa e extens\u00e3o; Prof. Dr. F\u00e1bio Alfieri, coordenador do Mestrado; e Pr. Dr. Douglas Menslin, vice-reitor e diretor geral do campus S\u00e3o Paulo.<\/p><\/div>\n<p style=\"text-align: justify;\">O Unasp oferece uma aula inaugural aos alunos do Ensino Superior em todo in\u00edcio de semestre, a fim de lhes proporcionar um vislumbre e reflex\u00f5es de situa\u00e7\u00f5es importantes do cotidiano. Neste ano, a programa\u00e7\u00e3o realizada hoje (10) contou com a participa\u00e7\u00e3o especial do palestrante Dr. Leandro Nava \u2013 advogado, professor universit\u00e1rio, diretor da Caixa de Assist\u00eancia dos Advogados de S\u00e3o Paulo (CAASP), conselheiro e presidente da Comiss\u00e3o da Jovem Advocacia de 2016 a 2018.<\/p>\n<p style=\"text-align: justify;\">A aula foi marcada pelo tom da receptividade. O vice-reitor executivo e diretor geral do campus S\u00e3o Paulo, Pr. Dr. Douglas Menslin, iniciou dando boas-vindas e apresentou os representantes das diretorias respons\u00e1veis por fazer a institui\u00e7\u00e3o manter-se em bom funcionamento. \u201cNosso campus \u00e9 urbano. Recebemos cerca de 10 mil pessoas na institui\u00e7\u00e3o por dia. Isso \u00e9 mais do que alguns munic\u00edpios t\u00eam de habitantes no Brasil. Para isso precisamos de uma boa organiza\u00e7\u00e3o interna\u201d, constatou.<\/p>\n<h3 style=\"text-align: justify;\"><strong>\u00c9 tempo de refletir<\/strong><\/h3>\n<p style=\"text-align: justify;\">O novo l\u00edder de desenvolvimento espiritual do campus, Pr. Robson Aleixo, levou reflex\u00f5es que fizeram com que os universit\u00e1rios pensassem sobre como est\u00e3o se posicionando com o <em>\u201cbombardeio\u201d<\/em> de informa\u00e7\u00f5es que recebem da m\u00eddia, das esferas sociais que frequentam, dos entretenimentos, entre outros meios.<\/p>\n<h3 style=\"text-align: justify;\">&#8220;Muitas vezes sonhamos com um mundo melhor, mas depois nos decepcionamos e passamos a sonhar apenas com uma posi\u00e7\u00e3o melhor em um mundo igual&#8221;, observou.<\/h3>\n<p style=\"text-align: justify;\">\u201cMantenha-se firme no que \u00e9 certo. Fa\u00e7a o que precisa ser feito. Na hora de abrir a boca, abra. Suporte as afli\u00e7\u00f5es. Fa\u00e7a o seu trabalho\u201d, acrescentou o pastor.<\/p>\n<div id=\"attachment_77003\" style=\"width: 375px\" class=\"wp-caption alignleft\"><img loading=\"lazy\" decoding=\"async\" aria-describedby=\"caption-attachment-77003\" class=\" wp-image-77003\" src=\"https:\/\/www.unasp.br\/noticias\/wp-content\/uploads\/2020\/02\/WhatsApp-Image-2020-02-10-at-17.20.18-300x251.jpeg\" alt=\"\" width=\"365\" height=\"305\" srcset=\"https:\/\/cdn.unasp.br\/noticias\/wp-content\/uploads\/2020\/02\/10144058\/WhatsApp-Image-2020-02-10-at-17.20.18-300x251.jpeg 300w, https:\/\/cdn.unasp.br\/noticias\/wp-content\/uploads\/2020\/02\/10144058\/WhatsApp-Image-2020-02-10-at-17.20.18-768x643.jpeg 768w, https:\/\/cdn.unasp.br\/noticias\/wp-content\/uploads\/2020\/02\/10144058\/WhatsApp-Image-2020-02-10-at-17.20.18-1024x858.jpeg 1024w, https:\/\/cdn.unasp.br\/noticias\/wp-content\/uploads\/2020\/02\/10144058\/WhatsApp-Image-2020-02-10-at-17.20.18-716x600.jpeg 716w, https:\/\/cdn.unasp.br\/noticias\/wp-content\/uploads\/2020\/02\/10144058\/WhatsApp-Image-2020-02-10-at-17.20.18-955x800.jpeg 955w, https:\/\/cdn.unasp.br\/noticias\/wp-content\/uploads\/2020\/02\/10144058\/WhatsApp-Image-2020-02-10-at-17.20.18-860x720.jpeg 860w, https:\/\/cdn.unasp.br\/noticias\/wp-content\/uploads\/2020\/02\/10144058\/WhatsApp-Image-2020-02-10-at-17.20.18-800x670.jpeg 800w, https:\/\/cdn.unasp.br\/noticias\/wp-content\/uploads\/2020\/02\/10144058\/WhatsApp-Image-2020-02-10-at-17.20.18-597x500.jpeg 597w, https:\/\/cdn.unasp.br\/noticias\/wp-content\/uploads\/2020\/02\/10144058\/WhatsApp-Image-2020-02-10-at-17.20.18-573x480.jpeg 573w, https:\/\/cdn.unasp.br\/noticias\/wp-content\/uploads\/2020\/02\/10144058\/WhatsApp-Image-2020-02-10-at-17.20.18-334x280.jpeg 334w, https:\/\/cdn.unasp.br\/noticias\/wp-content\/uploads\/2020\/02\/10144058\/WhatsApp-Image-2020-02-10-at-17.20.18-478x400.jpeg 478w, https:\/\/cdn.unasp.br\/noticias\/wp-content\/uploads\/2020\/02\/10144058\/WhatsApp-Image-2020-02-10-at-17.20.18-400x335.jpeg 400w, https:\/\/cdn.unasp.br\/noticias\/wp-content\/uploads\/2020\/02\/10144058\/WhatsApp-Image-2020-02-10-at-17.20.18-299x250.jpeg 299w, https:\/\/cdn.unasp.br\/noticias\/wp-content\/uploads\/2020\/02\/10144058\/WhatsApp-Image-2020-02-10-at-17.20.18-239x200.jpeg 239w, https:\/\/cdn.unasp.br\/noticias\/wp-content\/uploads\/2020\/02\/10144058\/WhatsApp-Image-2020-02-10-at-17.20.18-179x150.jpeg 179w, https:\/\/cdn.unasp.br\/noticias\/wp-content\/uploads\/2020\/02\/10144058\/WhatsApp-Image-2020-02-10-at-17.20.18-175x147.jpeg 175w, https:\/\/cdn.unasp.br\/noticias\/wp-content\/uploads\/2020\/02\/10144058\/WhatsApp-Image-2020-02-10-at-17.20.18-200x168.jpeg 200w, https:\/\/cdn.unasp.br\/noticias\/wp-content\/uploads\/2020\/02\/10144058\/WhatsApp-Image-2020-02-10-at-17.20.18.jpeg 1040w\" sizes=\"(max-width: 365px) 100vw, 365px\" \/><p id=\"caption-attachment-77003\" class=\"wp-caption-text\">Dr. Walter Rubini, coordenador do curso de Direito do Unasp-SP, ao lado do palestrante Dr. Leandro Nava.<\/p><\/div>\n<p style=\"text-align: justify;\">Em seguida o palestrante convidado, Dr. Leandro Nava apresentou considera\u00e7\u00f5es a respeito da import\u00e2ncia da educa\u00e7\u00e3o continuada. \u201cA democracia vem atrav\u00e9s da educa\u00e7\u00e3o&#8230; podem tirar tudo de voc\u00ea, mas o seu conte\u00fado e aprendizado ningu\u00e9m poder\u00e1 tirar\u201d, afirmou o profissional do Direito, que tamb\u00e9m \u00e9 professor universit\u00e1rio. \u201c\u00c9 um privil\u00e9gio voc\u00eas terem a oportunidade de estar aqui, mas \u00e9 poss\u00edvel que muitos ter\u00e3o problemas durante o percurso, mas problemas existem para serem superados, e em muitas vezes superar sozinho \u00e9 dif\u00edcil, por isso contem com o aux\u00edlio desta institui\u00e7\u00e3o\u201d, disse aos universit\u00e1rios.<\/p>\n<p style=\"text-align: justify;\">Nava refor\u00e7ou sua cren\u00e7a de que a educa\u00e7\u00e3o de qualidade movimenta o mundo. \u201cSem a educa\u00e7\u00e3o a pessoa n\u00e3o se torna civilizada, n\u00e3o entende o problema do outro, acaba n\u00e3o tendo a vis\u00e3o para direcionar seu pr\u00f3prio futuro, al\u00e9m de n\u00e3o ter a possibilidade de abrir a mente para novas ideias e perspectivas\u201d, ressaltou. \u201cParab\u00e9ns por terem a coragem de iniciar a gradua\u00e7\u00e3o e afrontarem os diversos medos que isso causa\u201d, concluiu o palestrante.<\/p>\n","protected":false},"excerpt":{"rendered":"<p>&nbsp; O Unasp oferece uma aula inaugural aos alunos do Ensino Superior em todo in\u00edcio de semestre, [&hellip;]<\/p>\n","protected":false},"author":30,"featured_media":77000,"comment_status":"open","ping_status":"open","sticky":false,"template":"","format":"standard","meta":{"footnotes":""},"categories":[6],"tags":[292,60],"yoast_head":"<!-- This site is optimized with the Yoast SEO plugin v23.5 - https:\/\/yoast.com\/wordpress\/plugins\/seo\/ -->\n<title>Unasp-SP promove aula inaugural para os alunos do Ensino Superior - UNASP Noticias<\/title>\n<meta name=\"description\" content=\"O Unasp-SP promoveu a aula inaugural para o Ensino Superior hoje (10). A programa\u00e7\u00e3o contou com a participa\u00e7\u00e3o do convidado especial Dr. Leandro Nava.\" \/>\n<meta name=\"robots\" content=\"index, follow, max-snippet:-1, max-image-preview:large, max-video-preview:-1\" \/>\n<link rel=\"canonical\" href=\"https:\/\/unasp.br\/noticias\/unasp-sp-promove-aula-inaugural-para-os-alunos-do-ensino-superior\/\" \/>\n<meta property=\"og:locale\" content=\"pt_BR\" \/>\n<meta property=\"og:type\" content=\"article\" \/>\n<meta property=\"og:title\" content=\"Unasp-SP promove aula inaugural para os alunos do Ensino Superior - UNASP Noticias\" \/>\n<meta property=\"og:description\" content=\"O Unasp-SP promoveu a aula inaugural para o Ensino Superior hoje (10). A programa\u00e7\u00e3o contou com a participa\u00e7\u00e3o do convidado especial Dr. Leandro Nava.\" \/>\n<meta property=\"og:url\" content=\"https:\/\/unasp.br\/noticias\/unasp-sp-promove-aula-inaugural-para-os-alunos-do-ensino-superior\/\" \/>\n<meta property=\"og:site_name\" content=\"UNASP Noticias\" \/>\n<meta property=\"article:published_time\" content=\"2020-02-10T20:47:43+00:00\" \/>\n<meta property=\"article:modified_time\" content=\"2020-02-11T12:45:53+00:00\" \/>\n<meta property=\"og:image\" content=\"https:\/\/cdn.unasp.br\/noticias\/wp-content\/uploads\/2020\/02\/10142928\/WhatsApp-Image-2020-02-10-at-17.20.20.jpeg\" \/>\n\t<meta property=\"og:image:width\" content=\"1280\" \/>\n\t<meta property=\"og:image:height\" content=\"960\" \/>\n\t<meta property=\"og:image:type\" content=\"image\/jpeg\" \/>\n<meta name=\"author\" content=\"Aira Almeida\" \/>\n<meta name=\"twitter:card\" content=\"summary_large_image\" \/>\n<meta name=\"twitter:label1\" content=\"Escrito por\" \/>\n\t<meta name=\"twitter:data1\" content=\"Aira Almeida\" \/>\n\t<meta name=\"twitter:label2\" content=\"Est. tempo de leitura\" \/>\n\t<meta name=\"twitter:data2\" content=\"3 minutos\" \/>\n<script type=\"application\/ld+json\" class=\"yoast-schema-graph\">{\"@context\":\"https:\/\/schema.org\",\"@graph\":[{\"@type\":\"Article\",\"@id\":\"https:\/\/unasp.br\/noticias\/unasp-sp-promove-aula-inaugural-para-os-alunos-do-ensino-superior\/#article\",\"isPartOf\":{\"@id\":\"https:\/\/unasp.br\/noticias\/unasp-sp-promove-aula-inaugural-para-os-alunos-do-ensino-superior\/\"},\"author\":{\"name\":\"Aira Almeida\",\"@id\":\"https:\/\/unasp.br\/noticias\/#\/schema\/person\/80f09a3ec674501e6bb13144ffa2489f\"},\"headline\":\"Unasp-SP promove aula inaugural para os alunos do Ensino Superior\",\"datePublished\":\"2020-02-10T20:47:43+00:00\",\"dateModified\":\"2020-02-11T12:45:53+00:00\",\"mainEntityOfPage\":{\"@id\":\"https:\/\/unasp.br\/noticias\/unasp-sp-promove-aula-inaugural-para-os-alunos-do-ensino-superior\/\"},\"wordCount\":599,\"commentCount\":0,\"publisher\":{\"@id\":\"https:\/\/unasp.br\/noticias\/#organization\"},\"image\":{\"@id\":\"https:\/\/unasp.br\/noticias\/unasp-sp-promove-aula-inaugural-para-os-alunos-do-ensino-superior\/#primaryimage\"},\"thumbnailUrl\":\"https:\/\/cdn.unasp.br\/noticias\/wp-content\/uploads\/2020\/02\/10142928\/WhatsApp-Image-2020-02-10-at-17.20.20.jpeg\",\"keywords\":[\"Gradua\u00e7\u00e3o\",\"UNASP\"],\"articleSection\":[\"Acontece no UNASP\"],\"inLanguage\":\"pt-BR\",\"potentialAction\":[{\"@type\":\"CommentAction\",\"name\":\"Comment\",\"target\":[\"https:\/\/unasp.br\/noticias\/unasp-sp-promove-aula-inaugural-para-os-alunos-do-ensino-superior\/#respond\"]}]},{\"@type\":\"WebPage\",\"@id\":\"https:\/\/unasp.br\/noticias\/unasp-sp-promove-aula-inaugural-para-os-alunos-do-ensino-superior\/\",\"url\":\"https:\/\/unasp.br\/noticias\/unasp-sp-promove-aula-inaugural-para-os-alunos-do-ensino-superior\/\",\"name\":\"Unasp-SP promove aula inaugural para os alunos do Ensino Superior - UNASP Noticias\",\"isPartOf\":{\"@id\":\"https:\/\/unasp.br\/noticias\/#website\"},\"primaryImageOfPage\":{\"@id\":\"https:\/\/unasp.br\/noticias\/unasp-sp-promove-aula-inaugural-para-os-alunos-do-ensino-superior\/#primaryimage\"},\"image\":{\"@id\":\"https:\/\/unasp.br\/noticias\/unasp-sp-promove-aula-inaugural-para-os-alunos-do-ensino-superior\/#primaryimage\"},\"thumbnailUrl\":\"https:\/\/cdn.unasp.br\/noticias\/wp-content\/uploads\/2020\/02\/10142928\/WhatsApp-Image-2020-02-10-at-17.20.20.jpeg\",\"datePublished\":\"2020-02-10T20:47:43+00:00\",\"dateModified\":\"2020-02-11T12:45:53+00:00\",\"description\":\"O Unasp-SP promoveu a aula inaugural para o Ensino Superior hoje (10). A programa\u00e7\u00e3o contou com a participa\u00e7\u00e3o do convidado especial Dr. Leandro Nava.\",\"breadcrumb\":{\"@id\":\"https:\/\/unasp.br\/noticias\/unasp-sp-promove-aula-inaugural-para-os-alunos-do-ensino-superior\/#breadcrumb\"},\"inLanguage\":\"pt-BR\",\"potentialAction\":[{\"@type\":\"ReadAction\",\"target\":[\"https:\/\/unasp.br\/noticias\/unasp-sp-promove-aula-inaugural-para-os-alunos-do-ensino-superior\/\"]}]},{\"@type\":\"ImageObject\",\"inLanguage\":\"pt-BR\",\"@id\":\"https:\/\/unasp.br\/noticias\/unasp-sp-promove-aula-inaugural-para-os-alunos-do-ensino-superior\/#primaryimage\",\"url\":\"https:\/\/cdn.unasp.br\/noticias\/wp-content\/uploads\/2020\/02\/10142928\/WhatsApp-Image-2020-02-10-at-17.20.20.jpeg\",\"contentUrl\":\"https:\/\/cdn.unasp.br\/noticias\/wp-content\/uploads\/2020\/02\/10142928\/WhatsApp-Image-2020-02-10-at-17.20.20.jpeg\",\"width\":1280,\"height\":960,\"caption\":\"A aula inaugural re\u00fane alunos de todos os cursos de gradua\u00e7\u00e3o do Unasp. \u00c9 um momento especial de reflex\u00e3o, onde se sentem bem recebidos pelos l\u00edderes da institui\u00e7\u00e3o.\"},{\"@type\":\"BreadcrumbList\",\"@id\":\"https:\/\/unasp.br\/noticias\/unasp-sp-promove-aula-inaugural-para-os-alunos-do-ensino-superior\/#breadcrumb\",\"itemListElement\":[{\"@type\":\"ListItem\",\"position\":1,\"name\":\"In\u00edcio\",\"item\":\"https:\/\/unasp.br\/noticias\/\"},{\"@type\":\"ListItem\",\"position\":2,\"name\":\"Unasp-SP promove aula inaugural para os alunos do Ensino Superior\"}]},{\"@type\":\"WebSite\",\"@id\":\"https:\/\/unasp.br\/noticias\/#website\",\"url\":\"https:\/\/unasp.br\/noticias\/\",\"name\":\"UNASP Noticias\",\"description\":\"Centro Universit\u00e1rio Adventista de S\u00e3o Paulo\",\"publisher\":{\"@id\":\"https:\/\/unasp.br\/noticias\/#organization\"},\"potentialAction\":[{\"@type\":\"SearchAction\",\"target\":{\"@type\":\"EntryPoint\",\"urlTemplate\":\"https:\/\/unasp.br\/noticias\/?s={search_term_string}\"},\"query-input\":{\"@type\":\"PropertyValueSpecification\",\"valueRequired\":true,\"valueName\":\"search_term_string\"}}],\"inLanguage\":\"pt-BR\"},{\"@type\":\"Organization\",\"@id\":\"https:\/\/unasp.br\/noticias\/#organization\",\"name\":\"UNASP Noticias\",\"url\":\"https:\/\/unasp.br\/noticias\/\",\"logo\":{\"@type\":\"ImageObject\",\"inLanguage\":\"pt-BR\",\"@id\":\"https:\/\/unasp.br\/noticias\/#\/schema\/logo\/image\/\",\"url\":\"https:\/\/cdn.unasp.br\/noticias\/wp-content\/uploads\/2021\/09\/09152724\/logo-unasp-news.png\",\"contentUrl\":\"https:\/\/cdn.unasp.br\/noticias\/wp-content\/uploads\/2021\/09\/09152724\/logo-unasp-news.png\",\"width\":240,\"height\":41,\"caption\":\"UNASP Noticias\"},\"image\":{\"@id\":\"https:\/\/unasp.br\/noticias\/#\/schema\/logo\/image\/\"}},{\"@type\":\"Person\",\"@id\":\"https:\/\/unasp.br\/noticias\/#\/schema\/person\/80f09a3ec674501e6bb13144ffa2489f\",\"name\":\"Aira Almeida\",\"image\":{\"@type\":\"ImageObject\",\"inLanguage\":\"pt-BR\",\"@id\":\"https:\/\/unasp.br\/noticias\/#\/schema\/person\/image\/\",\"url\":\"https:\/\/secure.gravatar.com\/avatar\/e30ea867fdd5a41ec6a0cb350dcd108e?s=96&d=mm&r=g\",\"contentUrl\":\"https:\/\/secure.gravatar.com\/avatar\/e30ea867fdd5a41ec6a0cb350dcd108e?s=96&d=mm&r=g\",\"caption\":\"Aira Almeida\"},\"url\":\"https:\/\/unasp.br\/noticias\/author\/aira-almeidaedu-unasp-br\/\"}]}<\/script>\n<!-- \/ Yoast SEO plugin. -->","yoast_head_json":{"title":"Unasp-SP promove aula inaugural para os alunos do Ensino Superior - UNASP Noticias","description":"O Unasp-SP promoveu a aula inaugural para o Ensino Superior hoje (10). A programa\u00e7\u00e3o contou com a participa\u00e7\u00e3o do convidado especial Dr. Leandro Nava.","robots":{"index":"index","follow":"follow","max-snippet":"max-snippet:-1","max-image-preview":"max-image-preview:large","max-video-preview":"max-video-preview:-1"},"canonical":"https:\/\/unasp.br\/noticias\/unasp-sp-promove-aula-inaugural-para-os-alunos-do-ensino-superior\/","og_locale":"pt_BR","og_type":"article","og_title":"Unasp-SP promove aula inaugural para os alunos do Ensino Superior - UNASP Noticias","og_description":"O Unasp-SP promoveu a aula inaugural para o Ensino Superior hoje (10). A programa\u00e7\u00e3o contou com a participa\u00e7\u00e3o do convidado especial Dr. Leandro Nava.","og_url":"https:\/\/unasp.br\/noticias\/unasp-sp-promove-aula-inaugural-para-os-alunos-do-ensino-superior\/","og_site_name":"UNASP Noticias","article_published_time":"2020-02-10T20:47:43+00:00","article_modified_time":"2020-02-11T12:45:53+00:00","og_image":[{"width":1280,"height":960,"url":"https:\/\/cdn.unasp.br\/noticias\/wp-content\/uploads\/2020\/02\/10142928\/WhatsApp-Image-2020-02-10-at-17.20.20.jpeg","type":"image\/jpeg"}],"author":"Aira Almeida","twitter_card":"summary_large_image","twitter_misc":{"Escrito por":"Aira Almeida","Est. tempo de leitura":"3 minutos"},"schema":{"@context":"https:\/\/schema.org","@graph":[{"@type":"Article","@id":"https:\/\/unasp.br\/noticias\/unasp-sp-promove-aula-inaugural-para-os-alunos-do-ensino-superior\/#article","isPartOf":{"@id":"https:\/\/unasp.br\/noticias\/unasp-sp-promove-aula-inaugural-para-os-alunos-do-ensino-superior\/"},"author":{"name":"Aira Almeida","@id":"https:\/\/unasp.br\/noticias\/#\/schema\/person\/80f09a3ec674501e6bb13144ffa2489f"},"headline":"Unasp-SP promove aula inaugural para os alunos do Ensino Superior","datePublished":"2020-02-10T20:47:43+00:00","dateModified":"2020-02-11T12:45:53+00:00","mainEntityOfPage":{"@id":"https:\/\/unasp.br\/noticias\/unasp-sp-promove-aula-inaugural-para-os-alunos-do-ensino-superior\/"},"wordCount":599,"commentCount":0,"publisher":{"@id":"https:\/\/unasp.br\/noticias\/#organization"},"image":{"@id":"https:\/\/unasp.br\/noticias\/unasp-sp-promove-aula-inaugural-para-os-alunos-do-ensino-superior\/#primaryimage"},"thumbnailUrl":"https:\/\/cdn.unasp.br\/noticias\/wp-content\/uploads\/2020\/02\/10142928\/WhatsApp-Image-2020-02-10-at-17.20.20.jpeg","keywords":["Gradua\u00e7\u00e3o","UNASP"],"articleSection":["Acontece no UNASP"],"inLanguage":"pt-BR","potentialAction":[{"@type":"CommentAction","name":"Comment","target":["https:\/\/unasp.br\/noticias\/unasp-sp-promove-aula-inaugural-para-os-alunos-do-ensino-superior\/#respond"]}]},{"@type":"WebPage","@id":"https:\/\/unasp.br\/noticias\/unasp-sp-promove-aula-inaugural-para-os-alunos-do-ensino-superior\/","url":"https:\/\/unasp.br\/noticias\/unasp-sp-promove-aula-inaugural-para-os-alunos-do-ensino-superior\/","name":"Unasp-SP promove aula inaugural para os alunos do Ensino Superior - UNASP Noticias","isPartOf":{"@id":"https:\/\/unasp.br\/noticias\/#website"},"primaryImageOfPage":{"@id":"https:\/\/unasp.br\/noticias\/unasp-sp-promove-aula-inaugural-para-os-alunos-do-ensino-superior\/#primaryimage"},"image":{"@id":"https:\/\/unasp.br\/noticias\/unasp-sp-promove-aula-inaugural-para-os-alunos-do-ensino-superior\/#primaryimage"},"thumbnailUrl":"https:\/\/cdn.unasp.br\/noticias\/wp-content\/uploads\/2020\/02\/10142928\/WhatsApp-Image-2020-02-10-at-17.20.20.jpeg","datePublished":"2020-02-10T20:47:43+00:00","dateModified":"2020-02-11T12:45:53+00:00","description":"O Unasp-SP promoveu a aula inaugural para o Ensino Superior hoje (10). A programa\u00e7\u00e3o contou com a participa\u00e7\u00e3o do convidado especial Dr. Leandro Nava.","breadcrumb":{"@id":"https:\/\/unasp.br\/noticias\/unasp-sp-promove-aula-inaugural-para-os-alunos-do-ensino-superior\/#breadcrumb"},"inLanguage":"pt-BR","potentialAction":[{"@type":"ReadAction","target":["https:\/\/unasp.br\/noticias\/unasp-sp-promove-aula-inaugural-para-os-alunos-do-ensino-superior\/"]}]},{"@type":"ImageObject","inLanguage":"pt-BR","@id":"https:\/\/unasp.br\/noticias\/unasp-sp-promove-aula-inaugural-para-os-alunos-do-ensino-superior\/#primaryimage","url":"https:\/\/cdn.unasp.br\/noticias\/wp-content\/uploads\/2020\/02\/10142928\/WhatsApp-Image-2020-02-10-at-17.20.20.jpeg","contentUrl":"https:\/\/cdn.unasp.br\/noticias\/wp-content\/uploads\/2020\/02\/10142928\/WhatsApp-Image-2020-02-10-at-17.20.20.jpeg","width":1280,"height":960,"caption":"A aula inaugural re\u00fane alunos de todos os cursos de gradua\u00e7\u00e3o do Unasp. \u00c9 um momento especial de reflex\u00e3o, onde se sentem bem recebidos pelos l\u00edderes da institui\u00e7\u00e3o."},{"@type":"BreadcrumbList","@id":"https:\/\/unasp.br\/noticias\/unasp-sp-promove-aula-inaugural-para-os-alunos-do-ensino-superior\/#breadcrumb","itemListElement":[{"@type":"ListItem","position":1,"name":"In\u00edcio","item":"https:\/\/unasp.br\/noticias\/"},{"@type":"ListItem","position":2,"name":"Unasp-SP promove aula inaugural para os alunos do Ensino Superior"}]},{"@type":"WebSite","@id":"https:\/\/unasp.br\/noticias\/#website","url":"https:\/\/unasp.br\/noticias\/","name":"UNASP Noticias","description":"Centro Universit\u00e1rio Adventista de S\u00e3o Paulo","publisher":{"@id":"https:\/\/unasp.br\/noticias\/#organization"},"potentialAction":[{"@type":"SearchAction","target":{"@type":"EntryPoint","urlTemplate":"https:\/\/unasp.br\/noticias\/?s={search_term_string}"},"query-input":{"@type":"PropertyValueSpecification","valueRequired":true,"valueName":"search_term_string"}}],"inLanguage":"pt-BR"},{"@type":"Organization","@id":"https:\/\/unasp.br\/noticias\/#organization","name":"UNASP Noticias","url":"https:\/\/unasp.br\/noticias\/","logo":{"@type":"ImageObject","inLanguage":"pt-BR","@id":"https:\/\/unasp.br\/noticias\/#\/schema\/logo\/image\/","url":"https:\/\/cdn.unasp.br\/noticias\/wp-content\/uploads\/2021\/09\/09152724\/logo-unasp-news.png","contentUrl":"https:\/\/cdn.unasp.br\/noticias\/wp-content\/uploads\/2021\/09\/09152724\/logo-unasp-news.png","width":240,"height":41,"caption":"UNASP Noticias"},"image":{"@id":"https:\/\/unasp.br\/noticias\/#\/schema\/logo\/image\/"}},{"@type":"Person","@id":"https:\/\/unasp.br\/noticias\/#\/schema\/person\/80f09a3ec674501e6bb13144ffa2489f","name":"Aira Almeida","image":{"@type":"ImageObject","inLanguage":"pt-BR","@id":"https:\/\/unasp.br\/noticias\/#\/schema\/person\/image\/","url":"https:\/\/secure.gravatar.com\/avatar\/e30ea867fdd5a41ec6a0cb350dcd108e?s=96&d=mm&r=g","contentUrl":"https:\/\/secure.gravatar.com\/avatar\/e30ea867fdd5a41ec6a0cb350dcd108e?s=96&d=mm&r=g","caption":"Aira Almeida"},"url":"https:\/\/unasp.br\/noticias\/author\/aira-almeidaedu-unasp-br\/"}]}},"_links":{"self":[{"href":"https:\/\/unasp.br\/noticias\/wp-json\/wp\/v2\/posts\/76999"}],"collection":[{"href":"https:\/\/unasp.br\/noticias\/wp-json\/wp\/v2\/posts"}],"about":[{"href":"https:\/\/unasp.br\/noticias\/wp-json\/wp\/v2\/types\/post"}],"author":[{"embeddable":true,"href":"https:\/\/unasp.br\/noticias\/wp-json\/wp\/v2\/users\/30"}],"replies":[{"embeddable":true,"href":"https:\/\/unasp.br\/noticias\/wp-json\/wp\/v2\/comments?post=76999"}],"version-history":[{"count":8,"href":"https:\/\/unasp.br\/noticias\/wp-json\/wp\/v2\/posts\/76999\/revisions"}],"predecessor-version":[{"id":77065,"href":"https:\/\/unasp.br\/noticias\/wp-json\/wp\/v2\/posts\/76999\/revisions\/77065"}],"wp:featuredmedia":[{"embeddable":true,"href":"https:\/\/unasp.br\/noticias\/wp-json\/wp\/v2\/media\/77000"}],"wp:attachment":[{"href":"https:\/\/unasp.br\/noticias\/wp-json\/wp\/v2\/media?parent=76999"}],"wp:term":[{"taxonomy":"category","embeddable":true,"href":"https:\/\/unasp.br\/noticias\/wp-json\/wp\/v2\/categories?post=76999"},{"taxonomy":"post_tag","embeddable":true,"href":"https:\/\/unasp.br\/noticias\/wp-json\/wp\/v2\/tags?post=76999"}],"curies":[{"name":"wp","href":"https:\/\/api.w.org\/{rel}","templated":true}]}}