{"id":81625,"date":"2020-04-23T12:31:24","date_gmt":"2020-04-23T15:31:24","guid":{"rendered":"https:\/\/www.unasp.br\/noticias\/?p=81625"},"modified":"2020-04-23T12:31:35","modified_gmt":"2020-04-23T15:31:35","slug":"unasp-promove-grande-campanha-de-arrecadacao-de-fundos-e-distribuicao-de-mantimentos-basicos","status":"publish","type":"post","link":"https:\/\/unasp.br\/noticias\/unasp-promove-grande-campanha-de-arrecadacao-de-fundos-e-distribuicao-de-mantimentos-basicos\/","title":{"rendered":"Unasp promove grande campanha de arrecada\u00e7\u00e3o de fundos e distribui\u00e7\u00e3o de mantimentos b\u00e1sicos"},"content":{"rendered":"\n<div class=\"wp-block-image\"><figure class=\"aligncenter size-large is-resized\"><img loading=\"lazy\" decoding=\"async\" src=\"https:\/\/www.unasp.br\/noticias\/wp-content\/uploads\/2020\/04\/93835516_2891398487605245_8675510818940387328_o.jpg\" alt=\"\" class=\"wp-image-81627\" width=\"927\" height=\"353\" srcset=\"https:\/\/cdn.unasp.br\/noticias\/wp-content\/uploads\/2020\/04\/23092135\/93835516_2891398487605245_8675510818940387328_o.jpg 960w, https:\/\/cdn.unasp.br\/noticias\/wp-content\/uploads\/2020\/04\/23092135\/93835516_2891398487605245_8675510818940387328_o-300x114.jpg 300w, https:\/\/cdn.unasp.br\/noticias\/wp-content\/uploads\/2020\/04\/23092135\/93835516_2891398487605245_8675510818940387328_o-768x292.jpg 768w, https:\/\/cdn.unasp.br\/noticias\/wp-content\/uploads\/2020\/04\/23092135\/93835516_2891398487605245_8675510818940387328_o-800x304.jpg 800w, https:\/\/cdn.unasp.br\/noticias\/wp-content\/uploads\/2020\/04\/23092135\/93835516_2891398487605245_8675510818940387328_o-750x285.jpg 750w, https:\/\/cdn.unasp.br\/noticias\/wp-content\/uploads\/2020\/04\/23092135\/93835516_2891398487605245_8675510818940387328_o-720x274.jpg 720w, https:\/\/cdn.unasp.br\/noticias\/wp-content\/uploads\/2020\/04\/23092135\/93835516_2891398487605245_8675510818940387328_o-640x243.jpg 640w, https:\/\/cdn.unasp.br\/noticias\/wp-content\/uploads\/2020\/04\/23092135\/93835516_2891398487605245_8675510818940387328_o-512x195.jpg 512w, https:\/\/cdn.unasp.br\/noticias\/wp-content\/uploads\/2020\/04\/23092135\/93835516_2891398487605245_8675510818940387328_o-500x190.jpg 500w, https:\/\/cdn.unasp.br\/noticias\/wp-content\/uploads\/2020\/04\/23092135\/93835516_2891398487605245_8675510818940387328_o-400x152.jpg 400w, https:\/\/cdn.unasp.br\/noticias\/wp-content\/uploads\/2020\/04\/23092135\/93835516_2891398487605245_8675510818940387328_o-175x67.jpg 175w, https:\/\/cdn.unasp.br\/noticias\/wp-content\/uploads\/2020\/04\/23092135\/93835516_2891398487605245_8675510818940387328_o-200x76.jpg 200w\" sizes=\"(max-width: 927px) 100vw, 927px\" \/><figcaption>Campanha &#8220;De M\u00e3os Dadas&#8221;\u00b4do Unasp arrecadar\u00e1 fundos para a compra de cestas b\u00e1sicas de alimentos e kits de higiene pessoal<\/figcaption><\/figure><\/div>\n\n\n\n<p>O Centro Universit\u00e1rio Adventista de S\u00e3o Paulo (Unasp) est\u00e1 promovendo a campanha \u201cDe M\u00e3os Dadas\u201d nas cidades de Engenheiro Coelho, Hortol\u00e2ndia e S\u00e3o Paulo \u2013 onde est\u00e3o localizados seus campi \u2013 com o objetivo de arrecadar fundos para a compra de cestas b\u00e1sicas de alimentos e de produtos de higiene pessoal, a fim de distribuir \u00e0s fam\u00edlias que mais precisam, tanto de alunos quanto das comunidades ao redor. <\/p>\n\n\n\n<p>Devido \u00e0 crise econ\u00f4mica\nprovocada pelo novo coronav\u00edrus, pessoas ao redor do mundo est\u00e3o passando por grandes\ndificuldades financeiras, impossibilitando a compra de mantimentos b\u00e1sicos como\nalimentos e produtos de higiene pessoal. A Organiza\u00e7\u00e3o Mundial da Sa\u00fade (ONU)\nalertou que centenas de milhares de crian\u00e7as podem morrer neste ano em raz\u00e3o da\ncrise, e dezenas de milh\u00f5es podem entrar em estado pobreza extrema. O Brasil j\u00e1\ntem sofrido fortemente os reflexos econ\u00f4micos desencadeados pela pandemia.<\/p>\n\n\n\n<p>Segundo o reitor da institui\u00e7\u00e3o,\nDr. Martin Kuhn, o Unasp espera beneficiar pessoas carentes que sofrem pela\nfalta de emprego e est\u00e3o perdendo a capacidade de suprir suas necessidades\nb\u00e1sicas. \u201cO objetivo \u00e9 de atender uma boa quantidade de pessoas no entorno dos\nnossos campi em Engenheiro Coelho, Hortol\u00e2ndia e S\u00e3o Paulo, e temos v\u00e1rios\ncadastros de fam\u00edlias que precisam dessa ajuda nos nossos setores de filantropia\u201d,\nafirma. Kuhn ainda comenta que o Unasp abrir\u00e1 espa\u00e7o para novos cadastros.<\/p>\n\n\n\n<p class=\"has-text-color has-medium-font-size has-luminous-vivid-orange-color\"><strong>Campanha \u201cDe m\u00e3os dadas\u201d<\/strong><\/p>\n\n\n\n<p>Kuhn defende que o Unasp entende\nque possui um papel social importante, devido a marca, a presen\u00e7a, influ\u00eancia e\na hist\u00f3ria que a mesma possui, e em um momento como este, a institui\u00e7\u00e3o pode oferecer\nsua estrutura, incluindo os colaboradores engajados, localiza\u00e7\u00e3o e capacidade\nt\u00e9cnica para fazer uma a\u00e7\u00e3o desse porte. \u201cFoi por isso que montamos a campanha,\npara poder levar algum socorro para essas pessoas em situa\u00e7\u00e3o de emerg\u00eancia\ndevido a falta de trabalho e recursos\u201d, explica.<\/p>\n\n\n\n<p>O reitor refor\u00e7a que nenhum recurso arrecadado ser\u00e1 usado para benef\u00edcio da pr\u00f3pria institui\u00e7\u00e3o, e que ser\u00e1 100% destinado para compra de alimentos e produtos de higiene pessoal e posteriormente doados. Al\u00e9m disso, observa que existem momentos em que as pessoas s\u00e3o v\u00edtimas de cat\u00e1strofes e crises, e n\u00e3o \u00e9 por falta de empenho de um indiv\u00edduo ou fam\u00edlia que faltam recursos. \u201cN\u00e3o \u00e9 porque esse indiv\u00edduo deixa de ter vontade de trabalhar, \u00e9 que \u00e0s vezes ele realmente n\u00e3o tem essa op\u00e7\u00e3o, e nessas horas n\u00e3o devemos fazer julgamentos ou uma distin\u00e7\u00e3o de m\u00e9ritos\u201d, enfatiza.<\/p>\n\n\n\n<figure class=\"wp-block-embed-youtube wp-block-embed is-type-video is-provider-youtube wp-embed-aspect-16-9 wp-has-aspect-ratio\"><div class=\"wp-block-embed__wrapper\">\n<iframe loading=\"lazy\" title=\"CLIPE - DE M\u00c3OS DADAS\" width=\"900\" height=\"506\" src=\"https:\/\/www.youtube.com\/embed\/247V55XYioY?feature=oembed\" frameborder=\"0\" allow=\"accelerometer; autoplay; encrypted-media; gyroscope; picture-in-picture\" allowfullscreen><\/iframe>\n<\/div><\/figure>\n\n\n\n<p>Para participar, \u00e9 poss\u00edvel doar\ncestas b\u00e1sicas nas portarias dos campi Engenheiro Coelho, Hortol\u00e2ndia e S\u00e3o\nPaulo, ou atrav\u00e9s do site: <a href=\"https:\/\/doe.unasp.br\/\">https:\/\/doe.unasp.br\/<\/a>.<\/p>\n\n\n\n<p class=\"has-text-color has-medium-font-size has-luminous-vivid-orange-color\"><strong>Endere\u00e7os \u00fateis: <\/strong><\/p>\n\n\n\n<p>Unasp Engenheiro Coelho \u2013 Estrada\nMunicipal\nPr. Walter Boger, s\/n, Lagoa Bonita, CEP 13445-970 \/ Eng. Coelho &#8211; SP<\/p>\n\n\n\n<p>Unasp Hortol\u00e2ndia \u2013 Rua Pr. Hugo Gegembauer, 265, CEP\n13184-010 \/ Hortol\u00e2ndia \u2013 SP<\/p>\n\n\n\n<p>Unasp S\u00e3o Paulo &#8211; Estrada de Itapecerica, 5859, CEP 05858-001\n\/ S\u00e3o Paulo &#8211; SP<\/p>\n","protected":false},"excerpt":{"rendered":"<p>O Centro Universit\u00e1rio Adventista de S\u00e3o Paulo (Unasp) est\u00e1 promovendo a campanha \u201cDe M\u00e3os Dadas\u201d nas cidades [&hellip;]<\/p>\n","protected":false},"author":30,"featured_media":81631,"comment_status":"open","ping_status":"open","sticky":false,"template":"","format":"standard","meta":{"footnotes":""},"categories":[10],"tags":[],"yoast_head":"<!-- This site is optimized with the Yoast SEO plugin v23.5 - https:\/\/yoast.com\/wordpress\/plugins\/seo\/ -->\n<title>Unasp promove grande campanha de arrecada\u00e7\u00e3o de fundos e distribui\u00e7\u00e3o de mantimentos b\u00e1sicos - UNASP Noticias<\/title>\n<meta name=\"description\" content=\"Campanha arrecadar\u00e1 fundos para a compra de cestas b\u00e1sicas de alimentos e kits de higiene pessoal, a fim de doar \u00e0s fam\u00edlias de alunos e das comunidades.\" \/>\n<meta name=\"robots\" content=\"index, follow, max-snippet:-1, max-image-preview:large, max-video-preview:-1\" \/>\n<link rel=\"canonical\" href=\"https:\/\/unasp.br\/noticias\/unasp-promove-grande-campanha-de-arrecadacao-de-fundos-e-distribuicao-de-mantimentos-basicos\/\" \/>\n<meta property=\"og:locale\" content=\"pt_BR\" \/>\n<meta property=\"og:type\" content=\"article\" \/>\n<meta property=\"og:title\" content=\"Unasp promove grande campanha de arrecada\u00e7\u00e3o de fundos e distribui\u00e7\u00e3o de mantimentos b\u00e1sicos - UNASP Noticias\" \/>\n<meta property=\"og:description\" content=\"Campanha arrecadar\u00e1 fundos para a compra de cestas b\u00e1sicas de alimentos e kits de higiene pessoal, a fim de doar \u00e0s fam\u00edlias de alunos e das comunidades.\" \/>\n<meta property=\"og:url\" content=\"https:\/\/unasp.br\/noticias\/unasp-promove-grande-campanha-de-arrecadacao-de-fundos-e-distribuicao-de-mantimentos-basicos\/\" \/>\n<meta property=\"og:site_name\" content=\"UNASP Noticias\" \/>\n<meta property=\"article:published_time\" content=\"2020-04-23T15:31:24+00:00\" \/>\n<meta property=\"article:modified_time\" content=\"2020-04-23T15:31:35+00:00\" \/>\n<meta property=\"og:image\" content=\"https:\/\/cdn.unasp.br\/noticias\/wp-content\/uploads\/2020\/04\/23092601\/93835516_2891398487605245_8675510818940387328_o-1.jpg\" \/>\n\t<meta property=\"og:image:width\" content=\"960\" \/>\n\t<meta property=\"og:image:height\" content=\"365\" \/>\n\t<meta property=\"og:image:type\" content=\"image\/jpeg\" \/>\n<meta name=\"author\" content=\"Aira Almeida\" \/>\n<meta name=\"twitter:card\" content=\"summary_large_image\" \/>\n<meta name=\"twitter:label1\" content=\"Escrito por\" \/>\n\t<meta name=\"twitter:data1\" content=\"Aira Almeida\" \/>\n\t<meta name=\"twitter:label2\" content=\"Est. tempo de leitura\" \/>\n\t<meta name=\"twitter:data2\" content=\"3 minutos\" \/>\n<script type=\"application\/ld+json\" class=\"yoast-schema-graph\">{\"@context\":\"https:\/\/schema.org\",\"@graph\":[{\"@type\":\"Article\",\"@id\":\"https:\/\/unasp.br\/noticias\/unasp-promove-grande-campanha-de-arrecadacao-de-fundos-e-distribuicao-de-mantimentos-basicos\/#article\",\"isPartOf\":{\"@id\":\"https:\/\/unasp.br\/noticias\/unasp-promove-grande-campanha-de-arrecadacao-de-fundos-e-distribuicao-de-mantimentos-basicos\/\"},\"author\":{\"name\":\"Aira Almeida\",\"@id\":\"https:\/\/unasp.br\/noticias\/#\/schema\/person\/80f09a3ec674501e6bb13144ffa2489f\"},\"headline\":\"Unasp promove grande campanha de arrecada\u00e7\u00e3o de fundos e distribui\u00e7\u00e3o de mantimentos b\u00e1sicos\",\"datePublished\":\"2020-04-23T15:31:24+00:00\",\"dateModified\":\"2020-04-23T15:31:35+00:00\",\"mainEntityOfPage\":{\"@id\":\"https:\/\/unasp.br\/noticias\/unasp-promove-grande-campanha-de-arrecadacao-de-fundos-e-distribuicao-de-mantimentos-basicos\/\"},\"wordCount\":574,\"commentCount\":0,\"publisher\":{\"@id\":\"https:\/\/unasp.br\/noticias\/#organization\"},\"image\":{\"@id\":\"https:\/\/unasp.br\/noticias\/unasp-promove-grande-campanha-de-arrecadacao-de-fundos-e-distribuicao-de-mantimentos-basicos\/#primaryimage\"},\"thumbnailUrl\":\"https:\/\/cdn.unasp.br\/noticias\/wp-content\/uploads\/2020\/04\/23092601\/93835516_2891398487605245_8675510818940387328_o-1.jpg\",\"articleSection\":[\"Impacto Social\"],\"inLanguage\":\"pt-BR\",\"potentialAction\":[{\"@type\":\"CommentAction\",\"name\":\"Comment\",\"target\":[\"https:\/\/unasp.br\/noticias\/unasp-promove-grande-campanha-de-arrecadacao-de-fundos-e-distribuicao-de-mantimentos-basicos\/#respond\"]}]},{\"@type\":\"WebPage\",\"@id\":\"https:\/\/unasp.br\/noticias\/unasp-promove-grande-campanha-de-arrecadacao-de-fundos-e-distribuicao-de-mantimentos-basicos\/\",\"url\":\"https:\/\/unasp.br\/noticias\/unasp-promove-grande-campanha-de-arrecadacao-de-fundos-e-distribuicao-de-mantimentos-basicos\/\",\"name\":\"Unasp promove grande campanha de arrecada\u00e7\u00e3o de fundos e distribui\u00e7\u00e3o de mantimentos b\u00e1sicos - UNASP Noticias\",\"isPartOf\":{\"@id\":\"https:\/\/unasp.br\/noticias\/#website\"},\"primaryImageOfPage\":{\"@id\":\"https:\/\/unasp.br\/noticias\/unasp-promove-grande-campanha-de-arrecadacao-de-fundos-e-distribuicao-de-mantimentos-basicos\/#primaryimage\"},\"image\":{\"@id\":\"https:\/\/unasp.br\/noticias\/unasp-promove-grande-campanha-de-arrecadacao-de-fundos-e-distribuicao-de-mantimentos-basicos\/#primaryimage\"},\"thumbnailUrl\":\"https:\/\/cdn.unasp.br\/noticias\/wp-content\/uploads\/2020\/04\/23092601\/93835516_2891398487605245_8675510818940387328_o-1.jpg\",\"datePublished\":\"2020-04-23T15:31:24+00:00\",\"dateModified\":\"2020-04-23T15:31:35+00:00\",\"description\":\"Campanha arrecadar\u00e1 fundos para a compra de cestas b\u00e1sicas de alimentos e kits de higiene pessoal, a fim de doar \u00e0s fam\u00edlias de alunos e das comunidades.\",\"breadcrumb\":{\"@id\":\"https:\/\/unasp.br\/noticias\/unasp-promove-grande-campanha-de-arrecadacao-de-fundos-e-distribuicao-de-mantimentos-basicos\/#breadcrumb\"},\"inLanguage\":\"pt-BR\",\"potentialAction\":[{\"@type\":\"ReadAction\",\"target\":[\"https:\/\/unasp.br\/noticias\/unasp-promove-grande-campanha-de-arrecadacao-de-fundos-e-distribuicao-de-mantimentos-basicos\/\"]}]},{\"@type\":\"ImageObject\",\"inLanguage\":\"pt-BR\",\"@id\":\"https:\/\/unasp.br\/noticias\/unasp-promove-grande-campanha-de-arrecadacao-de-fundos-e-distribuicao-de-mantimentos-basicos\/#primaryimage\",\"url\":\"https:\/\/cdn.unasp.br\/noticias\/wp-content\/uploads\/2020\/04\/23092601\/93835516_2891398487605245_8675510818940387328_o-1.jpg\",\"contentUrl\":\"https:\/\/cdn.unasp.br\/noticias\/wp-content\/uploads\/2020\/04\/23092601\/93835516_2891398487605245_8675510818940387328_o-1.jpg\",\"width\":960,\"height\":365},{\"@type\":\"BreadcrumbList\",\"@id\":\"https:\/\/unasp.br\/noticias\/unasp-promove-grande-campanha-de-arrecadacao-de-fundos-e-distribuicao-de-mantimentos-basicos\/#breadcrumb\",\"itemListElement\":[{\"@type\":\"ListItem\",\"position\":1,\"name\":\"In\u00edcio\",\"item\":\"https:\/\/unasp.br\/noticias\/\"},{\"@type\":\"ListItem\",\"position\":2,\"name\":\"Unasp promove grande campanha de arrecada\u00e7\u00e3o de fundos e distribui\u00e7\u00e3o de mantimentos b\u00e1sicos\"}]},{\"@type\":\"WebSite\",\"@id\":\"https:\/\/unasp.br\/noticias\/#website\",\"url\":\"https:\/\/unasp.br\/noticias\/\",\"name\":\"UNASP Noticias\",\"description\":\"Centro Universit\u00e1rio Adventista de S\u00e3o Paulo\",\"publisher\":{\"@id\":\"https:\/\/unasp.br\/noticias\/#organization\"},\"potentialAction\":[{\"@type\":\"SearchAction\",\"target\":{\"@type\":\"EntryPoint\",\"urlTemplate\":\"https:\/\/unasp.br\/noticias\/?s={search_term_string}\"},\"query-input\":{\"@type\":\"PropertyValueSpecification\",\"valueRequired\":true,\"valueName\":\"search_term_string\"}}],\"inLanguage\":\"pt-BR\"},{\"@type\":\"Organization\",\"@id\":\"https:\/\/unasp.br\/noticias\/#organization\",\"name\":\"UNASP Noticias\",\"url\":\"https:\/\/unasp.br\/noticias\/\",\"logo\":{\"@type\":\"ImageObject\",\"inLanguage\":\"pt-BR\",\"@id\":\"https:\/\/unasp.br\/noticias\/#\/schema\/logo\/image\/\",\"url\":\"https:\/\/cdn.unasp.br\/noticias\/wp-content\/uploads\/2021\/09\/09152724\/logo-unasp-news.png\",\"contentUrl\":\"https:\/\/cdn.unasp.br\/noticias\/wp-content\/uploads\/2021\/09\/09152724\/logo-unasp-news.png\",\"width\":240,\"height\":41,\"caption\":\"UNASP Noticias\"},\"image\":{\"@id\":\"https:\/\/unasp.br\/noticias\/#\/schema\/logo\/image\/\"}},{\"@type\":\"Person\",\"@id\":\"https:\/\/unasp.br\/noticias\/#\/schema\/person\/80f09a3ec674501e6bb13144ffa2489f\",\"name\":\"Aira Almeida\",\"image\":{\"@type\":\"ImageObject\",\"inLanguage\":\"pt-BR\",\"@id\":\"https:\/\/unasp.br\/noticias\/#\/schema\/person\/image\/\",\"url\":\"https:\/\/secure.gravatar.com\/avatar\/e30ea867fdd5a41ec6a0cb350dcd108e?s=96&d=mm&r=g\",\"contentUrl\":\"https:\/\/secure.gravatar.com\/avatar\/e30ea867fdd5a41ec6a0cb350dcd108e?s=96&d=mm&r=g\",\"caption\":\"Aira Almeida\"},\"url\":\"https:\/\/unasp.br\/noticias\/author\/aira-almeidaedu-unasp-br\/\"}]}<\/script>\n<!-- \/ Yoast SEO plugin. -->","yoast_head_json":{"title":"Unasp promove grande campanha de arrecada\u00e7\u00e3o de fundos e distribui\u00e7\u00e3o de mantimentos b\u00e1sicos - UNASP Noticias","description":"Campanha arrecadar\u00e1 fundos para a compra de cestas b\u00e1sicas de alimentos e kits de higiene pessoal, a fim de doar \u00e0s fam\u00edlias de alunos e das comunidades.","robots":{"index":"index","follow":"follow","max-snippet":"max-snippet:-1","max-image-preview":"max-image-preview:large","max-video-preview":"max-video-preview:-1"},"canonical":"https:\/\/unasp.br\/noticias\/unasp-promove-grande-campanha-de-arrecadacao-de-fundos-e-distribuicao-de-mantimentos-basicos\/","og_locale":"pt_BR","og_type":"article","og_title":"Unasp promove grande campanha de arrecada\u00e7\u00e3o de fundos e distribui\u00e7\u00e3o de mantimentos b\u00e1sicos - UNASP Noticias","og_description":"Campanha arrecadar\u00e1 fundos para a compra de cestas b\u00e1sicas de alimentos e kits de higiene pessoal, a fim de doar \u00e0s fam\u00edlias de alunos e das comunidades.","og_url":"https:\/\/unasp.br\/noticias\/unasp-promove-grande-campanha-de-arrecadacao-de-fundos-e-distribuicao-de-mantimentos-basicos\/","og_site_name":"UNASP Noticias","article_published_time":"2020-04-23T15:31:24+00:00","article_modified_time":"2020-04-23T15:31:35+00:00","og_image":[{"width":960,"height":365,"url":"https:\/\/cdn.unasp.br\/noticias\/wp-content\/uploads\/2020\/04\/23092601\/93835516_2891398487605245_8675510818940387328_o-1.jpg","type":"image\/jpeg"}],"author":"Aira Almeida","twitter_card":"summary_large_image","twitter_misc":{"Escrito por":"Aira Almeida","Est. tempo de leitura":"3 minutos"},"schema":{"@context":"https:\/\/schema.org","@graph":[{"@type":"Article","@id":"https:\/\/unasp.br\/noticias\/unasp-promove-grande-campanha-de-arrecadacao-de-fundos-e-distribuicao-de-mantimentos-basicos\/#article","isPartOf":{"@id":"https:\/\/unasp.br\/noticias\/unasp-promove-grande-campanha-de-arrecadacao-de-fundos-e-distribuicao-de-mantimentos-basicos\/"},"author":{"name":"Aira Almeida","@id":"https:\/\/unasp.br\/noticias\/#\/schema\/person\/80f09a3ec674501e6bb13144ffa2489f"},"headline":"Unasp promove grande campanha de arrecada\u00e7\u00e3o de fundos e distribui\u00e7\u00e3o de mantimentos b\u00e1sicos","datePublished":"2020-04-23T15:31:24+00:00","dateModified":"2020-04-23T15:31:35+00:00","mainEntityOfPage":{"@id":"https:\/\/unasp.br\/noticias\/unasp-promove-grande-campanha-de-arrecadacao-de-fundos-e-distribuicao-de-mantimentos-basicos\/"},"wordCount":574,"commentCount":0,"publisher":{"@id":"https:\/\/unasp.br\/noticias\/#organization"},"image":{"@id":"https:\/\/unasp.br\/noticias\/unasp-promove-grande-campanha-de-arrecadacao-de-fundos-e-distribuicao-de-mantimentos-basicos\/#primaryimage"},"thumbnailUrl":"https:\/\/cdn.unasp.br\/noticias\/wp-content\/uploads\/2020\/04\/23092601\/93835516_2891398487605245_8675510818940387328_o-1.jpg","articleSection":["Impacto Social"],"inLanguage":"pt-BR","potentialAction":[{"@type":"CommentAction","name":"Comment","target":["https:\/\/unasp.br\/noticias\/unasp-promove-grande-campanha-de-arrecadacao-de-fundos-e-distribuicao-de-mantimentos-basicos\/#respond"]}]},{"@type":"WebPage","@id":"https:\/\/unasp.br\/noticias\/unasp-promove-grande-campanha-de-arrecadacao-de-fundos-e-distribuicao-de-mantimentos-basicos\/","url":"https:\/\/unasp.br\/noticias\/unasp-promove-grande-campanha-de-arrecadacao-de-fundos-e-distribuicao-de-mantimentos-basicos\/","name":"Unasp promove grande campanha de arrecada\u00e7\u00e3o de fundos e distribui\u00e7\u00e3o de mantimentos b\u00e1sicos - UNASP Noticias","isPartOf":{"@id":"https:\/\/unasp.br\/noticias\/#website"},"primaryImageOfPage":{"@id":"https:\/\/unasp.br\/noticias\/unasp-promove-grande-campanha-de-arrecadacao-de-fundos-e-distribuicao-de-mantimentos-basicos\/#primaryimage"},"image":{"@id":"https:\/\/unasp.br\/noticias\/unasp-promove-grande-campanha-de-arrecadacao-de-fundos-e-distribuicao-de-mantimentos-basicos\/#primaryimage"},"thumbnailUrl":"https:\/\/cdn.unasp.br\/noticias\/wp-content\/uploads\/2020\/04\/23092601\/93835516_2891398487605245_8675510818940387328_o-1.jpg","datePublished":"2020-04-23T15:31:24+00:00","dateModified":"2020-04-23T15:31:35+00:00","description":"Campanha arrecadar\u00e1 fundos para a compra de cestas b\u00e1sicas de alimentos e kits de higiene pessoal, a fim de doar \u00e0s fam\u00edlias de alunos e das comunidades.","breadcrumb":{"@id":"https:\/\/unasp.br\/noticias\/unasp-promove-grande-campanha-de-arrecadacao-de-fundos-e-distribuicao-de-mantimentos-basicos\/#breadcrumb"},"inLanguage":"pt-BR","potentialAction":[{"@type":"ReadAction","target":["https:\/\/unasp.br\/noticias\/unasp-promove-grande-campanha-de-arrecadacao-de-fundos-e-distribuicao-de-mantimentos-basicos\/"]}]},{"@type":"ImageObject","inLanguage":"pt-BR","@id":"https:\/\/unasp.br\/noticias\/unasp-promove-grande-campanha-de-arrecadacao-de-fundos-e-distribuicao-de-mantimentos-basicos\/#primaryimage","url":"https:\/\/cdn.unasp.br\/noticias\/wp-content\/uploads\/2020\/04\/23092601\/93835516_2891398487605245_8675510818940387328_o-1.jpg","contentUrl":"https:\/\/cdn.unasp.br\/noticias\/wp-content\/uploads\/2020\/04\/23092601\/93835516_2891398487605245_8675510818940387328_o-1.jpg","width":960,"height":365},{"@type":"BreadcrumbList","@id":"https:\/\/unasp.br\/noticias\/unasp-promove-grande-campanha-de-arrecadacao-de-fundos-e-distribuicao-de-mantimentos-basicos\/#breadcrumb","itemListElement":[{"@type":"ListItem","position":1,"name":"In\u00edcio","item":"https:\/\/unasp.br\/noticias\/"},{"@type":"ListItem","position":2,"name":"Unasp promove grande campanha de arrecada\u00e7\u00e3o de fundos e distribui\u00e7\u00e3o de mantimentos b\u00e1sicos"}]},{"@type":"WebSite","@id":"https:\/\/unasp.br\/noticias\/#website","url":"https:\/\/unasp.br\/noticias\/","name":"UNASP Noticias","description":"Centro Universit\u00e1rio Adventista de S\u00e3o Paulo","publisher":{"@id":"https:\/\/unasp.br\/noticias\/#organization"},"potentialAction":[{"@type":"SearchAction","target":{"@type":"EntryPoint","urlTemplate":"https:\/\/unasp.br\/noticias\/?s={search_term_string}"},"query-input":{"@type":"PropertyValueSpecification","valueRequired":true,"valueName":"search_term_string"}}],"inLanguage":"pt-BR"},{"@type":"Organization","@id":"https:\/\/unasp.br\/noticias\/#organization","name":"UNASP Noticias","url":"https:\/\/unasp.br\/noticias\/","logo":{"@type":"ImageObject","inLanguage":"pt-BR","@id":"https:\/\/unasp.br\/noticias\/#\/schema\/logo\/image\/","url":"https:\/\/cdn.unasp.br\/noticias\/wp-content\/uploads\/2021\/09\/09152724\/logo-unasp-news.png","contentUrl":"https:\/\/cdn.unasp.br\/noticias\/wp-content\/uploads\/2021\/09\/09152724\/logo-unasp-news.png","width":240,"height":41,"caption":"UNASP Noticias"},"image":{"@id":"https:\/\/unasp.br\/noticias\/#\/schema\/logo\/image\/"}},{"@type":"Person","@id":"https:\/\/unasp.br\/noticias\/#\/schema\/person\/80f09a3ec674501e6bb13144ffa2489f","name":"Aira Almeida","image":{"@type":"ImageObject","inLanguage":"pt-BR","@id":"https:\/\/unasp.br\/noticias\/#\/schema\/person\/image\/","url":"https:\/\/secure.gravatar.com\/avatar\/e30ea867fdd5a41ec6a0cb350dcd108e?s=96&d=mm&r=g","contentUrl":"https:\/\/secure.gravatar.com\/avatar\/e30ea867fdd5a41ec6a0cb350dcd108e?s=96&d=mm&r=g","caption":"Aira Almeida"},"url":"https:\/\/unasp.br\/noticias\/author\/aira-almeidaedu-unasp-br\/"}]}},"_links":{"self":[{"href":"https:\/\/unasp.br\/noticias\/wp-json\/wp\/v2\/posts\/81625"}],"collection":[{"href":"https:\/\/unasp.br\/noticias\/wp-json\/wp\/v2\/posts"}],"about":[{"href":"https:\/\/unasp.br\/noticias\/wp-json\/wp\/v2\/types\/post"}],"author":[{"embeddable":true,"href":"https:\/\/unasp.br\/noticias\/wp-json\/wp\/v2\/users\/30"}],"replies":[{"embeddable":true,"href":"https:\/\/unasp.br\/noticias\/wp-json\/wp\/v2\/comments?post=81625"}],"version-history":[{"count":4,"href":"https:\/\/unasp.br\/noticias\/wp-json\/wp\/v2\/posts\/81625\/revisions"}],"predecessor-version":[{"id":81632,"href":"https:\/\/unasp.br\/noticias\/wp-json\/wp\/v2\/posts\/81625\/revisions\/81632"}],"wp:featuredmedia":[{"embeddable":true,"href":"https:\/\/unasp.br\/noticias\/wp-json\/wp\/v2\/media\/81631"}],"wp:attachment":[{"href":"https:\/\/unasp.br\/noticias\/wp-json\/wp\/v2\/media?parent=81625"}],"wp:term":[{"taxonomy":"category","embeddable":true,"href":"https:\/\/unasp.br\/noticias\/wp-json\/wp\/v2\/categories?post=81625"},{"taxonomy":"post_tag","embeddable":true,"href":"https:\/\/unasp.br\/noticias\/wp-json\/wp\/v2\/tags?post=81625"}],"curies":[{"name":"wp","href":"https:\/\/api.w.org\/{rel}","templated":true}]}}