{"id":82270,"date":"2020-05-04T17:46:58","date_gmt":"2020-05-04T20:46:58","guid":{"rendered":"https:\/\/www.unasp.br\/noticias\/?p=82270"},"modified":"2020-05-04T17:47:00","modified_gmt":"2020-05-04T20:47:00","slug":"unasp-participa-da-construcao-de-documento-de-liberdade-religiosa-a-ser-entregue-ao-governador","status":"publish","type":"post","link":"https:\/\/unasp.br\/noticias\/unasp-participa-da-construcao-de-documento-de-liberdade-religiosa-a-ser-entregue-ao-governador\/","title":{"rendered":"Unasp participa da constru\u00e7\u00e3o de documento de Liberdade Religiosa a ser entregue ao governador"},"content":{"rendered":"\n<p>O coordenador do <a rel=\"noreferrer noopener\" aria-label=\"curso de direito do Unasp Hortol\u00e2ndia (abre numa nova aba)\" href=\"https:\/\/www.unasp.br\/cursos\/ht\/graduacao\/direito-ht\/\" target=\"_blank\">curso de direito do Unasp Hortol\u00e2ndia<\/a>, doutor Carlos Ferri, recebeu o convite para ser um dos cinco integrantes da comiss\u00e3o que ir\u00e1 redigir um documento de recomenda\u00e7\u00f5es para o retorno das atividades religiosas no estado de S\u00e3o Paulo. A constru\u00e7\u00e3o deste documento foi idealizada pelo Subcomit\u00ea da Frente Parlamentar em Defesa da Liberdade Religiosa e o texto final deve ser entregue ao governador do estado, Jo\u00e3o D\u00f3ria, at\u00e9 o final desta semana.<\/p>\n\n\n\n<figure class=\"wp-block-image size-large is-resized\"><img loading=\"lazy\" decoding=\"async\" src=\"https:\/\/www.unasp.br\/noticias\/wp-content\/uploads\/2020\/05\/Carlos-Ferri-2-1024x907.jpg\" alt=\"Doutor Carlos Ferri\" class=\"wp-image-82271\" width=\"768\" height=\"680\" srcset=\"https:\/\/cdn.unasp.br\/noticias\/wp-content\/uploads\/2020\/05\/04142736\/Carlos-Ferri-2-1024x907.jpg 1024w, https:\/\/cdn.unasp.br\/noticias\/wp-content\/uploads\/2020\/05\/04142736\/Carlos-Ferri-2-300x266.jpg 300w, https:\/\/cdn.unasp.br\/noticias\/wp-content\/uploads\/2020\/05\/04142736\/Carlos-Ferri-2-768x680.jpg 768w, https:\/\/cdn.unasp.br\/noticias\/wp-content\/uploads\/2020\/05\/04142736\/Carlos-Ferri-2-1536x1361.jpg 1536w, https:\/\/cdn.unasp.br\/noticias\/wp-content\/uploads\/2020\/05\/04142736\/Carlos-Ferri-2-677x600.jpg 677w, https:\/\/cdn.unasp.br\/noticias\/wp-content\/uploads\/2020\/05\/04142736\/Carlos-Ferri-2-903x800.jpg 903w, https:\/\/cdn.unasp.br\/noticias\/wp-content\/uploads\/2020\/05\/04142736\/Carlos-Ferri-2-813x720.jpg 813w, https:\/\/cdn.unasp.br\/noticias\/wp-content\/uploads\/2020\/05\/04142736\/Carlos-Ferri-2-800x709.jpg 800w, https:\/\/cdn.unasp.br\/noticias\/wp-content\/uploads\/2020\/05\/04142736\/Carlos-Ferri-2-564x500.jpg 564w, https:\/\/cdn.unasp.br\/noticias\/wp-content\/uploads\/2020\/05\/04142736\/Carlos-Ferri-2-542x480.jpg 542w, https:\/\/cdn.unasp.br\/noticias\/wp-content\/uploads\/2020\/05\/04142736\/Carlos-Ferri-2-316x280.jpg 316w, https:\/\/cdn.unasp.br\/noticias\/wp-content\/uploads\/2020\/05\/04142736\/Carlos-Ferri-2-452x400.jpg 452w, https:\/\/cdn.unasp.br\/noticias\/wp-content\/uploads\/2020\/05\/04142736\/Carlos-Ferri-2-400x354.jpg 400w, https:\/\/cdn.unasp.br\/noticias\/wp-content\/uploads\/2020\/05\/04142736\/Carlos-Ferri-2-282x250.jpg 282w, https:\/\/cdn.unasp.br\/noticias\/wp-content\/uploads\/2020\/05\/04142736\/Carlos-Ferri-2-226x200.jpg 226w, https:\/\/cdn.unasp.br\/noticias\/wp-content\/uploads\/2020\/05\/04142736\/Carlos-Ferri-2-169x150.jpg 169w, https:\/\/cdn.unasp.br\/noticias\/wp-content\/uploads\/2020\/05\/04142736\/Carlos-Ferri-2-175x155.jpg 175w, https:\/\/cdn.unasp.br\/noticias\/wp-content\/uploads\/2020\/05\/04142736\/Carlos-Ferri-2-200x177.jpg 200w, https:\/\/cdn.unasp.br\/noticias\/wp-content\/uploads\/2020\/05\/04142736\/Carlos-Ferri-2.jpg 2048w\" sizes=\"(max-width: 768px) 100vw, 768px\" \/><figcaption>Doutor Carlos Ferri \u00e9 coordenador do curso de Direito do Unasp Hortol\u00e2ndia.<\/figcaption><\/figure>\n\n\n\n<h3 class=\"wp-block-heading\"><strong>Liberdade Religiosa\nem destaque<\/strong><\/h3>\n\n\n\n<p>A garantia da liberdade religiosa tem sido um tema de muito interesse e discuss\u00f5es nestes tempos de pandemia. Na noite do dia 20 de abril a OAB S\u00e3o Paulo promoveu o<em> I F\u00f3rum Online de Direito e Liberdade Religiosa<\/em>. O evento que foi transmitido pelo Zoom, \u00e9 resultado de uma parceria entre o curso de direito do Unasp Hortol\u00e2ndia, a <a href=\"http:\/\/www.oabsp.org.br\/comissoes2010\/direito-liberdade-religiosa\" target=\"_blank\" rel=\"noreferrer noopener\" aria-label=\"Comiss\u00e3o de Direito e Liberdade Religiosa da OAB\/SP (abre numa nova aba)\">Comiss\u00e3o de Direito e Liberdade Religiosa da OAB\/SP<\/a>, presidido pelo doutor Samuel Gomes de Lima e do Comit\u00ea da Frente Parlamentar em Defesa da Liberdade Religiosa, liderado pela Doutora Damaris Moura.<\/p>\n\n\n\n<p>No dia 23 de abril o comit\u00ea da Frente Parlamentar em Defesa da Liberdade Religiosa tamb\u00e9m realizou uma Live, com o tema <em>A Liberdade Religiosa Garantindo Cidadania e Direitos Fundamentais. <\/em>O evento foi transmitido pela plataforma zoom, com participantes de todo o estado e tamb\u00e9m com convidados de outras unidades da Federa\u00e7\u00e3o.<\/p>\n\n\n\n<figure class=\"wp-block-image size-large is-resized\"><img loading=\"lazy\" decoding=\"async\" src=\"https:\/\/www.unasp.br\/noticias\/wp-content\/uploads\/2020\/05\/WhatsApp-Image-2020-05-03-at-18.01.17-576x1024.jpeg\" alt=\"Cartaz de divulga\u00e7\u00e3o de evento sobre Liberdade Religiosa\" class=\"wp-image-82272\" width=\"432\" height=\"768\" srcset=\"https:\/\/cdn.unasp.br\/noticias\/wp-content\/uploads\/2020\/05\/04142920\/WhatsApp-Image-2020-05-03-at-18.01.17-576x1024.jpeg 576w, https:\/\/cdn.unasp.br\/noticias\/wp-content\/uploads\/2020\/05\/04142920\/WhatsApp-Image-2020-05-03-at-18.01.17-169x300.jpeg 169w, https:\/\/cdn.unasp.br\/noticias\/wp-content\/uploads\/2020\/05\/04142920\/WhatsApp-Image-2020-05-03-at-18.01.17-338x600.jpeg 338w, https:\/\/cdn.unasp.br\/noticias\/wp-content\/uploads\/2020\/05\/04142920\/WhatsApp-Image-2020-05-03-at-18.01.17-450x800.jpeg 450w, https:\/\/cdn.unasp.br\/noticias\/wp-content\/uploads\/2020\/05\/04142920\/WhatsApp-Image-2020-05-03-at-18.01.17-405x720.jpeg 405w, https:\/\/cdn.unasp.br\/noticias\/wp-content\/uploads\/2020\/05\/04142920\/WhatsApp-Image-2020-05-03-at-18.01.17-281x500.jpeg 281w, https:\/\/cdn.unasp.br\/noticias\/wp-content\/uploads\/2020\/05\/04142920\/WhatsApp-Image-2020-05-03-at-18.01.17-270x480.jpeg 270w, https:\/\/cdn.unasp.br\/noticias\/wp-content\/uploads\/2020\/05\/04142920\/WhatsApp-Image-2020-05-03-at-18.01.17-158x280.jpeg 158w, https:\/\/cdn.unasp.br\/noticias\/wp-content\/uploads\/2020\/05\/04142920\/WhatsApp-Image-2020-05-03-at-18.01.17-225x400.jpeg 225w, https:\/\/cdn.unasp.br\/noticias\/wp-content\/uploads\/2020\/05\/04142920\/WhatsApp-Image-2020-05-03-at-18.01.17-141x250.jpeg 141w, https:\/\/cdn.unasp.br\/noticias\/wp-content\/uploads\/2020\/05\/04142920\/WhatsApp-Image-2020-05-03-at-18.01.17-113x200.jpeg 113w, https:\/\/cdn.unasp.br\/noticias\/wp-content\/uploads\/2020\/05\/04142920\/WhatsApp-Image-2020-05-03-at-18.01.17-84x150.jpeg 84w, https:\/\/cdn.unasp.br\/noticias\/wp-content\/uploads\/2020\/05\/04142920\/WhatsApp-Image-2020-05-03-at-18.01.17.jpeg 720w\" sizes=\"(max-width: 432px) 100vw, 432px\" \/><figcaption>Cartaz de divulga\u00e7\u00e3o da palestra da da Frente Parlamentar em Defesa da Liberdade Religiosa  do estado de S\u00e3o Paulo.<\/figcaption><\/figure>\n\n\n\n<p>Em ambos eventos, o coordenador do curso de direito do Unasp\nHortol\u00e2ndia foi um dos palestrantes convidados, falando sobre <em>O impacto da liberdade religiosa na economia<\/em>.\n&nbsp;E foi a partir desta participa\u00e7\u00e3o que solicitaram\na sua participa\u00e7\u00e3o do doutor Ferri na constru\u00e7\u00e3o do documento de recomenda\u00e7\u00f5es\nao governador.<br>\n\u201cFalei sobre A Liberdade Religiosa Garantindo Cidadania e Direitos Fundamentais.\nDepois foi votado um subcomit\u00ea para entregar uma recomenda\u00e7\u00e3o ao governador, a\nfim de que a Liberdade Religiosa, especialmente as atividades das igrejas sejam\nmantidas, de forma que as igrejas possam ajudar os mais vulner\u00e1veis e seus\nfi\u00e9is\u201d, relatou Ferri.<\/p>\n\n\n\n<h3 class=\"wp-block-heading\"><strong>Hist\u00f3rico em defesa\nda liberdade religiosa<\/strong><\/h3>\n\n\n\n<p>O professor e coordenador Dr\u00ba Carlos Ferri \u00e9 membro conselheiro da ABLIRC (Associa\u00e7\u00e3o Brasileira de Liberdade Religiosa e Cidadania), Membro da Comiss\u00e3o de Direito e Liberdade Religiosa da OAB\/SP e membro da Comiss\u00e3o de Direitos Humanos da OAB, subse\u00e7\u00e3o Campinas. Com essa participa\u00e7\u00e3o ativa, tornou-se um colaborador para as demandas da Frente Parlamentar, sendo a principal delas a colabora\u00e7\u00e3o no projeto da Lei Estadual de Liberdade Religiosa que tramita na ALESP (Assembleia Legislativa de S\u00e3o Paulo).<\/p>\n\n\n\n<p>\u201cN\u00f3s devemos entregar o documento ao governador at\u00e9 dia oito de maio. Essa ser\u00e1 uma demonstra\u00e7\u00e3o clara da efetividade da Frente Parlamentar em Defesa da Liberdade Religiosa, liderada pela deputada Dra. Damaris Moura\u201d, informou Ferri.<\/p>\n\n\n\n<h3 class=\"wp-block-heading\">Igrejas do Unasp<\/h3>\n\n\n\n<p>Como o Unasp \u00e9 uma institui\u00e7\u00e3o crist\u00e3, em cada campus  tem uma igreja que atende alunos, funcion\u00e1rios, comunidade e simpatizantes. Durante o per\u00edodo de quarentena, atendendo as orienta\u00e7\u00f5es de sa\u00fade p\u00fablica, as igrejas est\u00e3o fechadas, mas tem transmitido suas programa\u00e7\u00f5es online. Para saber como acompanhar os cultos de cada campus, saiba mais clicando <a rel=\"noreferrer noopener\" aria-label=\"AQUI. (abre numa nova aba)\" href=\"https:\/\/www.unasp.br\/noticias\/cultos-on-line-em-igrejas-do-unasp-fortalecem-senso-de-pertencimento\/\" target=\"_blank\">AQUI.<\/a><\/p>\n","protected":false},"excerpt":{"rendered":"<p>O coordenador do curso de direito do Unasp Hortol\u00e2ndia, doutor Carlos Ferri, recebeu o convite para ser [&hellip;]<\/p>\n","protected":false},"author":73,"featured_media":82273,"comment_status":"open","ping_status":"open","sticky":false,"template":"","format":"standard","meta":{"footnotes":""},"categories":[10],"tags":[1329],"yoast_head":"<!-- This site is optimized with the Yoast SEO plugin v23.5 - https:\/\/yoast.com\/wordpress\/plugins\/seo\/ -->\n<title>Unasp participa da constru\u00e7\u00e3o de documento de Liberdade Religiosa a ser entregue ao governador - UNASP Noticias<\/title>\n<meta name=\"robots\" content=\"index, follow, max-snippet:-1, max-image-preview:large, max-video-preview:-1\" \/>\n<link rel=\"canonical\" href=\"https:\/\/unasp.br\/noticias\/unasp-participa-da-construcao-de-documento-de-liberdade-religiosa-a-ser-entregue-ao-governador\/\" \/>\n<meta property=\"og:locale\" content=\"pt_BR\" \/>\n<meta property=\"og:type\" content=\"article\" \/>\n<meta property=\"og:title\" content=\"Unasp participa da constru\u00e7\u00e3o de documento de Liberdade Religiosa a ser entregue ao governador - UNASP Noticias\" \/>\n<meta property=\"og:description\" content=\"O coordenador do curso de direito do Unasp Hortol\u00e2ndia, doutor Carlos Ferri, recebeu o convite para ser [&hellip;]\" \/>\n<meta property=\"og:url\" content=\"https:\/\/unasp.br\/noticias\/unasp-participa-da-construcao-de-documento-de-liberdade-religiosa-a-ser-entregue-ao-governador\/\" \/>\n<meta property=\"og:site_name\" content=\"UNASP Noticias\" \/>\n<meta property=\"article:published_time\" content=\"2020-05-04T20:46:58+00:00\" \/>\n<meta property=\"article:modified_time\" content=\"2020-05-04T20:47:00+00:00\" \/>\n<meta property=\"og:image\" content=\"https:\/\/cdn.unasp.br\/noticias\/wp-content\/uploads\/2020\/05\/04143639\/god-1772560_1280.jpg\" \/>\n\t<meta property=\"og:image:width\" content=\"1280\" \/>\n\t<meta property=\"og:image:height\" content=\"853\" \/>\n\t<meta property=\"og:image:type\" content=\"image\/jpeg\" \/>\n<meta name=\"author\" content=\"Maria da Gl\u00f3ria Marques de Paula Barreto\" \/>\n<meta name=\"twitter:card\" content=\"summary_large_image\" \/>\n<meta name=\"twitter:label1\" content=\"Escrito por\" \/>\n\t<meta name=\"twitter:data1\" content=\"Maria da Gl\u00f3ria Marques de Paula Barreto\" \/>\n\t<meta name=\"twitter:label2\" content=\"Est. tempo de leitura\" \/>\n\t<meta name=\"twitter:data2\" content=\"3 minutos\" \/>\n<script type=\"application\/ld+json\" class=\"yoast-schema-graph\">{\"@context\":\"https:\/\/schema.org\",\"@graph\":[{\"@type\":\"Article\",\"@id\":\"https:\/\/unasp.br\/noticias\/unasp-participa-da-construcao-de-documento-de-liberdade-religiosa-a-ser-entregue-ao-governador\/#article\",\"isPartOf\":{\"@id\":\"https:\/\/unasp.br\/noticias\/unasp-participa-da-construcao-de-documento-de-liberdade-religiosa-a-ser-entregue-ao-governador\/\"},\"author\":{\"name\":\"Maria da Gl\u00f3ria Marques de Paula Barreto\",\"@id\":\"https:\/\/unasp.br\/noticias\/#\/schema\/person\/f3393a032491eabc46fadb3656375334\"},\"headline\":\"Unasp participa da constru\u00e7\u00e3o de documento de Liberdade Religiosa a ser entregue ao governador\",\"datePublished\":\"2020-05-04T20:46:58+00:00\",\"dateModified\":\"2020-05-04T20:47:00+00:00\",\"mainEntityOfPage\":{\"@id\":\"https:\/\/unasp.br\/noticias\/unasp-participa-da-construcao-de-documento-de-liberdade-religiosa-a-ser-entregue-ao-governador\/\"},\"wordCount\":581,\"commentCount\":0,\"publisher\":{\"@id\":\"https:\/\/unasp.br\/noticias\/#organization\"},\"image\":{\"@id\":\"https:\/\/unasp.br\/noticias\/unasp-participa-da-construcao-de-documento-de-liberdade-religiosa-a-ser-entregue-ao-governador\/#primaryimage\"},\"thumbnailUrl\":\"https:\/\/cdn.unasp.br\/noticias\/wp-content\/uploads\/2020\/05\/04143639\/god-1772560_1280.jpg\",\"keywords\":[\"OAB\"],\"articleSection\":[\"Impacto Social\"],\"inLanguage\":\"pt-BR\",\"potentialAction\":[{\"@type\":\"CommentAction\",\"name\":\"Comment\",\"target\":[\"https:\/\/unasp.br\/noticias\/unasp-participa-da-construcao-de-documento-de-liberdade-religiosa-a-ser-entregue-ao-governador\/#respond\"]}]},{\"@type\":\"WebPage\",\"@id\":\"https:\/\/unasp.br\/noticias\/unasp-participa-da-construcao-de-documento-de-liberdade-religiosa-a-ser-entregue-ao-governador\/\",\"url\":\"https:\/\/unasp.br\/noticias\/unasp-participa-da-construcao-de-documento-de-liberdade-religiosa-a-ser-entregue-ao-governador\/\",\"name\":\"Unasp participa da constru\u00e7\u00e3o de documento de Liberdade Religiosa a ser entregue ao governador - UNASP Noticias\",\"isPartOf\":{\"@id\":\"https:\/\/unasp.br\/noticias\/#website\"},\"primaryImageOfPage\":{\"@id\":\"https:\/\/unasp.br\/noticias\/unasp-participa-da-construcao-de-documento-de-liberdade-religiosa-a-ser-entregue-ao-governador\/#primaryimage\"},\"image\":{\"@id\":\"https:\/\/unasp.br\/noticias\/unasp-participa-da-construcao-de-documento-de-liberdade-religiosa-a-ser-entregue-ao-governador\/#primaryimage\"},\"thumbnailUrl\":\"https:\/\/cdn.unasp.br\/noticias\/wp-content\/uploads\/2020\/05\/04143639\/god-1772560_1280.jpg\",\"datePublished\":\"2020-05-04T20:46:58+00:00\",\"dateModified\":\"2020-05-04T20:47:00+00:00\",\"breadcrumb\":{\"@id\":\"https:\/\/unasp.br\/noticias\/unasp-participa-da-construcao-de-documento-de-liberdade-religiosa-a-ser-entregue-ao-governador\/#breadcrumb\"},\"inLanguage\":\"pt-BR\",\"potentialAction\":[{\"@type\":\"ReadAction\",\"target\":[\"https:\/\/unasp.br\/noticias\/unasp-participa-da-construcao-de-documento-de-liberdade-religiosa-a-ser-entregue-ao-governador\/\"]}]},{\"@type\":\"ImageObject\",\"inLanguage\":\"pt-BR\",\"@id\":\"https:\/\/unasp.br\/noticias\/unasp-participa-da-construcao-de-documento-de-liberdade-religiosa-a-ser-entregue-ao-governador\/#primaryimage\",\"url\":\"https:\/\/cdn.unasp.br\/noticias\/wp-content\/uploads\/2020\/05\/04143639\/god-1772560_1280.jpg\",\"contentUrl\":\"https:\/\/cdn.unasp.br\/noticias\/wp-content\/uploads\/2020\/05\/04143639\/god-1772560_1280.jpg\",\"width\":1280,\"height\":853,\"caption\":\"Cruz\"},{\"@type\":\"BreadcrumbList\",\"@id\":\"https:\/\/unasp.br\/noticias\/unasp-participa-da-construcao-de-documento-de-liberdade-religiosa-a-ser-entregue-ao-governador\/#breadcrumb\",\"itemListElement\":[{\"@type\":\"ListItem\",\"position\":1,\"name\":\"In\u00edcio\",\"item\":\"https:\/\/unasp.br\/noticias\/\"},{\"@type\":\"ListItem\",\"position\":2,\"name\":\"Unasp participa da constru\u00e7\u00e3o de documento de Liberdade Religiosa a ser entregue ao governador\"}]},{\"@type\":\"WebSite\",\"@id\":\"https:\/\/unasp.br\/noticias\/#website\",\"url\":\"https:\/\/unasp.br\/noticias\/\",\"name\":\"UNASP Noticias\",\"description\":\"Centro Universit\u00e1rio Adventista de S\u00e3o Paulo\",\"publisher\":{\"@id\":\"https:\/\/unasp.br\/noticias\/#organization\"},\"potentialAction\":[{\"@type\":\"SearchAction\",\"target\":{\"@type\":\"EntryPoint\",\"urlTemplate\":\"https:\/\/unasp.br\/noticias\/?s={search_term_string}\"},\"query-input\":{\"@type\":\"PropertyValueSpecification\",\"valueRequired\":true,\"valueName\":\"search_term_string\"}}],\"inLanguage\":\"pt-BR\"},{\"@type\":\"Organization\",\"@id\":\"https:\/\/unasp.br\/noticias\/#organization\",\"name\":\"UNASP Noticias\",\"url\":\"https:\/\/unasp.br\/noticias\/\",\"logo\":{\"@type\":\"ImageObject\",\"inLanguage\":\"pt-BR\",\"@id\":\"https:\/\/unasp.br\/noticias\/#\/schema\/logo\/image\/\",\"url\":\"https:\/\/cdn.unasp.br\/noticias\/wp-content\/uploads\/2021\/09\/09152724\/logo-unasp-news.png\",\"contentUrl\":\"https:\/\/cdn.unasp.br\/noticias\/wp-content\/uploads\/2021\/09\/09152724\/logo-unasp-news.png\",\"width\":240,\"height\":41,\"caption\":\"UNASP Noticias\"},\"image\":{\"@id\":\"https:\/\/unasp.br\/noticias\/#\/schema\/logo\/image\/\"}},{\"@type\":\"Person\",\"@id\":\"https:\/\/unasp.br\/noticias\/#\/schema\/person\/f3393a032491eabc46fadb3656375334\",\"name\":\"Maria da Gl\u00f3ria Marques de Paula Barreto\",\"image\":{\"@type\":\"ImageObject\",\"inLanguage\":\"pt-BR\",\"@id\":\"https:\/\/unasp.br\/noticias\/#\/schema\/person\/image\/\",\"url\":\"https:\/\/secure.gravatar.com\/avatar\/3c23babfa2a847f4ce1e1403fe341fa3?s=96&d=mm&r=g\",\"contentUrl\":\"https:\/\/secure.gravatar.com\/avatar\/3c23babfa2a847f4ce1e1403fe341fa3?s=96&d=mm&r=g\",\"caption\":\"Maria da Gl\u00f3ria Marques de Paula Barreto\"},\"url\":\"https:\/\/unasp.br\/noticias\/author\/gloria-barretoadventistas-org\/\"}]}<\/script>\n<!-- \/ Yoast SEO plugin. -->","yoast_head_json":{"title":"Unasp participa da constru\u00e7\u00e3o de documento de Liberdade Religiosa a ser entregue ao governador - UNASP Noticias","robots":{"index":"index","follow":"follow","max-snippet":"max-snippet:-1","max-image-preview":"max-image-preview:large","max-video-preview":"max-video-preview:-1"},"canonical":"https:\/\/unasp.br\/noticias\/unasp-participa-da-construcao-de-documento-de-liberdade-religiosa-a-ser-entregue-ao-governador\/","og_locale":"pt_BR","og_type":"article","og_title":"Unasp participa da constru\u00e7\u00e3o de documento de Liberdade Religiosa a ser entregue ao governador - UNASP Noticias","og_description":"O coordenador do curso de direito do Unasp Hortol\u00e2ndia, doutor Carlos Ferri, recebeu o convite para ser [&hellip;]","og_url":"https:\/\/unasp.br\/noticias\/unasp-participa-da-construcao-de-documento-de-liberdade-religiosa-a-ser-entregue-ao-governador\/","og_site_name":"UNASP Noticias","article_published_time":"2020-05-04T20:46:58+00:00","article_modified_time":"2020-05-04T20:47:00+00:00","og_image":[{"width":1280,"height":853,"url":"https:\/\/cdn.unasp.br\/noticias\/wp-content\/uploads\/2020\/05\/04143639\/god-1772560_1280.jpg","type":"image\/jpeg"}],"author":"Maria da Gl\u00f3ria Marques de Paula Barreto","twitter_card":"summary_large_image","twitter_misc":{"Escrito por":"Maria da Gl\u00f3ria Marques de Paula Barreto","Est. tempo de leitura":"3 minutos"},"schema":{"@context":"https:\/\/schema.org","@graph":[{"@type":"Article","@id":"https:\/\/unasp.br\/noticias\/unasp-participa-da-construcao-de-documento-de-liberdade-religiosa-a-ser-entregue-ao-governador\/#article","isPartOf":{"@id":"https:\/\/unasp.br\/noticias\/unasp-participa-da-construcao-de-documento-de-liberdade-religiosa-a-ser-entregue-ao-governador\/"},"author":{"name":"Maria da Gl\u00f3ria Marques de Paula Barreto","@id":"https:\/\/unasp.br\/noticias\/#\/schema\/person\/f3393a032491eabc46fadb3656375334"},"headline":"Unasp participa da constru\u00e7\u00e3o de documento de Liberdade Religiosa a ser entregue ao governador","datePublished":"2020-05-04T20:46:58+00:00","dateModified":"2020-05-04T20:47:00+00:00","mainEntityOfPage":{"@id":"https:\/\/unasp.br\/noticias\/unasp-participa-da-construcao-de-documento-de-liberdade-religiosa-a-ser-entregue-ao-governador\/"},"wordCount":581,"commentCount":0,"publisher":{"@id":"https:\/\/unasp.br\/noticias\/#organization"},"image":{"@id":"https:\/\/unasp.br\/noticias\/unasp-participa-da-construcao-de-documento-de-liberdade-religiosa-a-ser-entregue-ao-governador\/#primaryimage"},"thumbnailUrl":"https:\/\/cdn.unasp.br\/noticias\/wp-content\/uploads\/2020\/05\/04143639\/god-1772560_1280.jpg","keywords":["OAB"],"articleSection":["Impacto Social"],"inLanguage":"pt-BR","potentialAction":[{"@type":"CommentAction","name":"Comment","target":["https:\/\/unasp.br\/noticias\/unasp-participa-da-construcao-de-documento-de-liberdade-religiosa-a-ser-entregue-ao-governador\/#respond"]}]},{"@type":"WebPage","@id":"https:\/\/unasp.br\/noticias\/unasp-participa-da-construcao-de-documento-de-liberdade-religiosa-a-ser-entregue-ao-governador\/","url":"https:\/\/unasp.br\/noticias\/unasp-participa-da-construcao-de-documento-de-liberdade-religiosa-a-ser-entregue-ao-governador\/","name":"Unasp participa da constru\u00e7\u00e3o de documento de Liberdade Religiosa a ser entregue ao governador - UNASP Noticias","isPartOf":{"@id":"https:\/\/unasp.br\/noticias\/#website"},"primaryImageOfPage":{"@id":"https:\/\/unasp.br\/noticias\/unasp-participa-da-construcao-de-documento-de-liberdade-religiosa-a-ser-entregue-ao-governador\/#primaryimage"},"image":{"@id":"https:\/\/unasp.br\/noticias\/unasp-participa-da-construcao-de-documento-de-liberdade-religiosa-a-ser-entregue-ao-governador\/#primaryimage"},"thumbnailUrl":"https:\/\/cdn.unasp.br\/noticias\/wp-content\/uploads\/2020\/05\/04143639\/god-1772560_1280.jpg","datePublished":"2020-05-04T20:46:58+00:00","dateModified":"2020-05-04T20:47:00+00:00","breadcrumb":{"@id":"https:\/\/unasp.br\/noticias\/unasp-participa-da-construcao-de-documento-de-liberdade-religiosa-a-ser-entregue-ao-governador\/#breadcrumb"},"inLanguage":"pt-BR","potentialAction":[{"@type":"ReadAction","target":["https:\/\/unasp.br\/noticias\/unasp-participa-da-construcao-de-documento-de-liberdade-religiosa-a-ser-entregue-ao-governador\/"]}]},{"@type":"ImageObject","inLanguage":"pt-BR","@id":"https:\/\/unasp.br\/noticias\/unasp-participa-da-construcao-de-documento-de-liberdade-religiosa-a-ser-entregue-ao-governador\/#primaryimage","url":"https:\/\/cdn.unasp.br\/noticias\/wp-content\/uploads\/2020\/05\/04143639\/god-1772560_1280.jpg","contentUrl":"https:\/\/cdn.unasp.br\/noticias\/wp-content\/uploads\/2020\/05\/04143639\/god-1772560_1280.jpg","width":1280,"height":853,"caption":"Cruz"},{"@type":"BreadcrumbList","@id":"https:\/\/unasp.br\/noticias\/unasp-participa-da-construcao-de-documento-de-liberdade-religiosa-a-ser-entregue-ao-governador\/#breadcrumb","itemListElement":[{"@type":"ListItem","position":1,"name":"In\u00edcio","item":"https:\/\/unasp.br\/noticias\/"},{"@type":"ListItem","position":2,"name":"Unasp participa da constru\u00e7\u00e3o de documento de Liberdade Religiosa a ser entregue ao governador"}]},{"@type":"WebSite","@id":"https:\/\/unasp.br\/noticias\/#website","url":"https:\/\/unasp.br\/noticias\/","name":"UNASP Noticias","description":"Centro Universit\u00e1rio Adventista de S\u00e3o Paulo","publisher":{"@id":"https:\/\/unasp.br\/noticias\/#organization"},"potentialAction":[{"@type":"SearchAction","target":{"@type":"EntryPoint","urlTemplate":"https:\/\/unasp.br\/noticias\/?s={search_term_string}"},"query-input":{"@type":"PropertyValueSpecification","valueRequired":true,"valueName":"search_term_string"}}],"inLanguage":"pt-BR"},{"@type":"Organization","@id":"https:\/\/unasp.br\/noticias\/#organization","name":"UNASP Noticias","url":"https:\/\/unasp.br\/noticias\/","logo":{"@type":"ImageObject","inLanguage":"pt-BR","@id":"https:\/\/unasp.br\/noticias\/#\/schema\/logo\/image\/","url":"https:\/\/cdn.unasp.br\/noticias\/wp-content\/uploads\/2021\/09\/09152724\/logo-unasp-news.png","contentUrl":"https:\/\/cdn.unasp.br\/noticias\/wp-content\/uploads\/2021\/09\/09152724\/logo-unasp-news.png","width":240,"height":41,"caption":"UNASP Noticias"},"image":{"@id":"https:\/\/unasp.br\/noticias\/#\/schema\/logo\/image\/"}},{"@type":"Person","@id":"https:\/\/unasp.br\/noticias\/#\/schema\/person\/f3393a032491eabc46fadb3656375334","name":"Maria da Gl\u00f3ria Marques de Paula Barreto","image":{"@type":"ImageObject","inLanguage":"pt-BR","@id":"https:\/\/unasp.br\/noticias\/#\/schema\/person\/image\/","url":"https:\/\/secure.gravatar.com\/avatar\/3c23babfa2a847f4ce1e1403fe341fa3?s=96&d=mm&r=g","contentUrl":"https:\/\/secure.gravatar.com\/avatar\/3c23babfa2a847f4ce1e1403fe341fa3?s=96&d=mm&r=g","caption":"Maria da Gl\u00f3ria Marques de Paula Barreto"},"url":"https:\/\/unasp.br\/noticias\/author\/gloria-barretoadventistas-org\/"}]}},"_links":{"self":[{"href":"https:\/\/unasp.br\/noticias\/wp-json\/wp\/v2\/posts\/82270"}],"collection":[{"href":"https:\/\/unasp.br\/noticias\/wp-json\/wp\/v2\/posts"}],"about":[{"href":"https:\/\/unasp.br\/noticias\/wp-json\/wp\/v2\/types\/post"}],"author":[{"embeddable":true,"href":"https:\/\/unasp.br\/noticias\/wp-json\/wp\/v2\/users\/73"}],"replies":[{"embeddable":true,"href":"https:\/\/unasp.br\/noticias\/wp-json\/wp\/v2\/comments?post=82270"}],"version-history":[{"count":3,"href":"https:\/\/unasp.br\/noticias\/wp-json\/wp\/v2\/posts\/82270\/revisions"}],"predecessor-version":[{"id":82276,"href":"https:\/\/unasp.br\/noticias\/wp-json\/wp\/v2\/posts\/82270\/revisions\/82276"}],"wp:featuredmedia":[{"embeddable":true,"href":"https:\/\/unasp.br\/noticias\/wp-json\/wp\/v2\/media\/82273"}],"wp:attachment":[{"href":"https:\/\/unasp.br\/noticias\/wp-json\/wp\/v2\/media?parent=82270"}],"wp:term":[{"taxonomy":"category","embeddable":true,"href":"https:\/\/unasp.br\/noticias\/wp-json\/wp\/v2\/categories?post=82270"},{"taxonomy":"post_tag","embeddable":true,"href":"https:\/\/unasp.br\/noticias\/wp-json\/wp\/v2\/tags?post=82270"}],"curies":[{"name":"wp","href":"https:\/\/api.w.org\/{rel}","templated":true}]}}