{"id":85989,"date":"2020-07-03T11:04:05","date_gmt":"2020-07-03T14:04:05","guid":{"rendered":"https:\/\/www.unasp.br\/noticias\/?p=85989"},"modified":"2020-07-08T21:35:38","modified_gmt":"2020-07-09T00:35:38","slug":"2o-semestre-no-unasp-contara-com-novo-formato-de-aulas-para-toda-a-graduacao","status":"publish","type":"post","link":"https:\/\/unasp.br\/noticias\/2o-semestre-no-unasp-contara-com-novo-formato-de-aulas-para-toda-a-graduacao\/","title":{"rendered":"2\u00ba semestre no UNASP contar\u00e1 com novo formato de aulas para toda a Gradua\u00e7\u00e3o"},"content":{"rendered":"\n<div class=\"wp-block-image\"><figure class=\"aligncenter is-resized\"><img loading=\"lazy\" decoding=\"async\" src=\"https:\/\/www.unasp.br\/noticias\/wp-content\/uploads\/2020\/07\/5ccca20f3596741341bef9de_ensino-hibrido-e-sala-de-aula-invertida-11-1024x683.jpg\" alt=\"\" class=\"wp-image-85992\" width=\"493\" height=\"328\" srcset=\"https:\/\/cdn.unasp.br\/noticias\/wp-content\/uploads\/2020\/07\/03075428\/5ccca20f3596741341bef9de_ensino-hibrido-e-sala-de-aula-invertida-11-1024x683.jpg 1024w, https:\/\/cdn.unasp.br\/noticias\/wp-content\/uploads\/2020\/07\/03075428\/5ccca20f3596741341bef9de_ensino-hibrido-e-sala-de-aula-invertida-11-300x200.jpg 300w, https:\/\/cdn.unasp.br\/noticias\/wp-content\/uploads\/2020\/07\/03075428\/5ccca20f3596741341bef9de_ensino-hibrido-e-sala-de-aula-invertida-11-768x512.jpg 768w, https:\/\/cdn.unasp.br\/noticias\/wp-content\/uploads\/2020\/07\/03075428\/5ccca20f3596741341bef9de_ensino-hibrido-e-sala-de-aula-invertida-11-900x600.jpg 900w, https:\/\/cdn.unasp.br\/noticias\/wp-content\/uploads\/2020\/07\/03075428\/5ccca20f3596741341bef9de_ensino-hibrido-e-sala-de-aula-invertida-11-1200x800.jpg 1200w, https:\/\/cdn.unasp.br\/noticias\/wp-content\/uploads\/2020\/07\/03075428\/5ccca20f3596741341bef9de_ensino-hibrido-e-sala-de-aula-invertida-11-1080x720.jpg 1080w, https:\/\/cdn.unasp.br\/noticias\/wp-content\/uploads\/2020\/07\/03075428\/5ccca20f3596741341bef9de_ensino-hibrido-e-sala-de-aula-invertida-11-800x533.jpg 800w, https:\/\/cdn.unasp.br\/noticias\/wp-content\/uploads\/2020\/07\/03075428\/5ccca20f3596741341bef9de_ensino-hibrido-e-sala-de-aula-invertida-11-750x500.jpg 750w, https:\/\/cdn.unasp.br\/noticias\/wp-content\/uploads\/2020\/07\/03075428\/5ccca20f3596741341bef9de_ensino-hibrido-e-sala-de-aula-invertida-11-720x480.jpg 720w, https:\/\/cdn.unasp.br\/noticias\/wp-content\/uploads\/2020\/07\/03075428\/5ccca20f3596741341bef9de_ensino-hibrido-e-sala-de-aula-invertida-11-420x280.jpg 420w, https:\/\/cdn.unasp.br\/noticias\/wp-content\/uploads\/2020\/07\/03075428\/5ccca20f3596741341bef9de_ensino-hibrido-e-sala-de-aula-invertida-11-500x333.jpg 500w, https:\/\/cdn.unasp.br\/noticias\/wp-content\/uploads\/2020\/07\/03075428\/5ccca20f3596741341bef9de_ensino-hibrido-e-sala-de-aula-invertida-11-400x267.jpg 400w, https:\/\/cdn.unasp.br\/noticias\/wp-content\/uploads\/2020\/07\/03075428\/5ccca20f3596741341bef9de_ensino-hibrido-e-sala-de-aula-invertida-11-375x250.jpg 375w, https:\/\/cdn.unasp.br\/noticias\/wp-content\/uploads\/2020\/07\/03075428\/5ccca20f3596741341bef9de_ensino-hibrido-e-sala-de-aula-invertida-11-225x150.jpg 225w, https:\/\/cdn.unasp.br\/noticias\/wp-content\/uploads\/2020\/07\/03075428\/5ccca20f3596741341bef9de_ensino-hibrido-e-sala-de-aula-invertida-11-175x117.jpg 175w, https:\/\/cdn.unasp.br\/noticias\/wp-content\/uploads\/2020\/07\/03075428\/5ccca20f3596741341bef9de_ensino-hibrido-e-sala-de-aula-invertida-11-200x133.jpg 200w, https:\/\/cdn.unasp.br\/noticias\/wp-content\/uploads\/2020\/07\/03075428\/5ccca20f3596741341bef9de_ensino-hibrido-e-sala-de-aula-invertida-11.jpg 1350w\" sizes=\"(max-width: 493px) 100vw, 493px\" \/><\/figure><\/div>\n\n\n\n<p>Ap\u00f3s um semestre letivo de muitas\nadequa\u00e7\u00f5es, aprendizados e intensa utiliza\u00e7\u00e3o da internet para acompanhar as\naulas, devido a pandemia da Covid-19, o per\u00edodo agora \u00e9 de descansar. Desde a\n\u00faltima sexta-feira, 26 de junho, as alamedas do UNASP est\u00e3o ainda mais vazias e\nas salas de aulas online est\u00e3o em modo off-line. 10.890 mil estudantes do\nEnsino Superior j\u00e1 est\u00e3o de f\u00e9rias. <\/p>\n\n\n\n<p>Desde o come\u00e7o do per\u00edodo remoto, dia\n23 de mar\u00e7o, o UNASP contabilizou um total de 60.000 horas de aulas s\u00edncronas,\ncom 1.200 salas de aula no aplicativo Zoom, sem qualquer interrup\u00e7\u00e3o do per\u00edodo\nletivo e suporte t\u00e9cnico 24 horas. Para os docentes, foram 400 horas de\ntreinamento e diferentes comit\u00eas de crise para avaliar a qualidade do\naprendizado dos alunos. A campanha \u201cF\u00e9rias s\u00f3 em Julho\u201d envolveu professores,\nfuncion\u00e1rios, administra\u00e7\u00e3o sobre a continuidade das aulas. <\/p>\n\n\n\n<figure class=\"wp-block-gallery columns-3 is-cropped wp-block-gallery-2 is-layout-flex wp-block-gallery-is-layout-flex\"><ul class=\"blocks-gallery-grid\"><li class=\"blocks-gallery-item\"><figure><img loading=\"lazy\" decoding=\"async\" width=\"1024\" height=\"463\" src=\"https:\/\/www.unasp.br\/noticias\/wp-content\/uploads\/2020\/07\/WhatsApp-Image-2020-06-30-at-22.13.03-1024x463.jpeg\" alt=\"\" data-id=\"85993\" data-full-url=\"https:\/\/www.unasp.br\/noticias\/wp-content\/uploads\/2020\/07\/WhatsApp-Image-2020-06-30-at-22.13.03.jpeg\" data-link=\"https:\/\/www.unasp.br\/noticias\/?attachment_id=85993\" class=\"wp-image-85993\" srcset=\"https:\/\/cdn.unasp.br\/noticias\/wp-content\/uploads\/2020\/07\/03075541\/WhatsApp-Image-2020-06-30-at-22.13.03-1024x463.jpeg 1024w, https:\/\/cdn.unasp.br\/noticias\/wp-content\/uploads\/2020\/07\/03075541\/WhatsApp-Image-2020-06-30-at-22.13.03-300x136.jpeg 300w, https:\/\/cdn.unasp.br\/noticias\/wp-content\/uploads\/2020\/07\/03075541\/WhatsApp-Image-2020-06-30-at-22.13.03-768x347.jpeg 768w, https:\/\/cdn.unasp.br\/noticias\/wp-content\/uploads\/2020\/07\/03075541\/WhatsApp-Image-2020-06-30-at-22.13.03-800x362.jpeg 800w, https:\/\/cdn.unasp.br\/noticias\/wp-content\/uploads\/2020\/07\/03075541\/WhatsApp-Image-2020-06-30-at-22.13.03-750x339.jpeg 750w, https:\/\/cdn.unasp.br\/noticias\/wp-content\/uploads\/2020\/07\/03075541\/WhatsApp-Image-2020-06-30-at-22.13.03-720x326.jpeg 720w, https:\/\/cdn.unasp.br\/noticias\/wp-content\/uploads\/2020\/07\/03075541\/WhatsApp-Image-2020-06-30-at-22.13.03-619x280.jpeg 619w, https:\/\/cdn.unasp.br\/noticias\/wp-content\/uploads\/2020\/07\/03075541\/WhatsApp-Image-2020-06-30-at-22.13.03-512x232.jpeg 512w, https:\/\/cdn.unasp.br\/noticias\/wp-content\/uploads\/2020\/07\/03075541\/WhatsApp-Image-2020-06-30-at-22.13.03-500x226.jpeg 500w, https:\/\/cdn.unasp.br\/noticias\/wp-content\/uploads\/2020\/07\/03075541\/WhatsApp-Image-2020-06-30-at-22.13.03-400x181.jpeg 400w, https:\/\/cdn.unasp.br\/noticias\/wp-content\/uploads\/2020\/07\/03075541\/WhatsApp-Image-2020-06-30-at-22.13.03-175x79.jpeg 175w, https:\/\/cdn.unasp.br\/noticias\/wp-content\/uploads\/2020\/07\/03075541\/WhatsApp-Image-2020-06-30-at-22.13.03-200x90.jpeg 200w, https:\/\/cdn.unasp.br\/noticias\/wp-content\/uploads\/2020\/07\/03075541\/WhatsApp-Image-2020-06-30-at-22.13.03.jpeg 1280w\" sizes=\"(max-width: 1024px) 100vw, 1024px\" \/><\/figure><\/li><li class=\"blocks-gallery-item\"><figure><img loading=\"lazy\" decoding=\"async\" width=\"1024\" height=\"482\" src=\"https:\/\/www.unasp.br\/noticias\/wp-content\/uploads\/2020\/07\/WhatsApp-Image-2020-06-30-at-22.14.27-1024x482.jpeg\" alt=\"\" data-id=\"85994\" data-full-url=\"https:\/\/www.unasp.br\/noticias\/wp-content\/uploads\/2020\/07\/WhatsApp-Image-2020-06-30-at-22.14.27.jpeg\" data-link=\"https:\/\/www.unasp.br\/noticias\/?attachment_id=85994\" class=\"wp-image-85994\" srcset=\"https:\/\/cdn.unasp.br\/noticias\/wp-content\/uploads\/2020\/07\/03075548\/WhatsApp-Image-2020-06-30-at-22.14.27-1024x482.jpeg 1024w, https:\/\/cdn.unasp.br\/noticias\/wp-content\/uploads\/2020\/07\/03075548\/WhatsApp-Image-2020-06-30-at-22.14.27-300x141.jpeg 300w, https:\/\/cdn.unasp.br\/noticias\/wp-content\/uploads\/2020\/07\/03075548\/WhatsApp-Image-2020-06-30-at-22.14.27-768x362.jpeg 768w, https:\/\/cdn.unasp.br\/noticias\/wp-content\/uploads\/2020\/07\/03075548\/WhatsApp-Image-2020-06-30-at-22.14.27-1274x600.jpeg 1274w, https:\/\/cdn.unasp.br\/noticias\/wp-content\/uploads\/2020\/07\/03075548\/WhatsApp-Image-2020-06-30-at-22.14.27-800x377.jpeg 800w, https:\/\/cdn.unasp.br\/noticias\/wp-content\/uploads\/2020\/07\/03075548\/WhatsApp-Image-2020-06-30-at-22.14.27-750x353.jpeg 750w, https:\/\/cdn.unasp.br\/noticias\/wp-content\/uploads\/2020\/07\/03075548\/WhatsApp-Image-2020-06-30-at-22.14.27-720x339.jpeg 720w, https:\/\/cdn.unasp.br\/noticias\/wp-content\/uploads\/2020\/07\/03075548\/WhatsApp-Image-2020-06-30-at-22.14.27-594x280.jpeg 594w, https:\/\/cdn.unasp.br\/noticias\/wp-content\/uploads\/2020\/07\/03075548\/WhatsApp-Image-2020-06-30-at-22.14.27-512x241.jpeg 512w, https:\/\/cdn.unasp.br\/noticias\/wp-content\/uploads\/2020\/07\/03075548\/WhatsApp-Image-2020-06-30-at-22.14.27-500x236.jpeg 500w, https:\/\/cdn.unasp.br\/noticias\/wp-content\/uploads\/2020\/07\/03075548\/WhatsApp-Image-2020-06-30-at-22.14.27-400x188.jpeg 400w, https:\/\/cdn.unasp.br\/noticias\/wp-content\/uploads\/2020\/07\/03075548\/WhatsApp-Image-2020-06-30-at-22.14.27-175x82.jpeg 175w, https:\/\/cdn.unasp.br\/noticias\/wp-content\/uploads\/2020\/07\/03075548\/WhatsApp-Image-2020-06-30-at-22.14.27-200x94.jpeg 200w, https:\/\/cdn.unasp.br\/noticias\/wp-content\/uploads\/2020\/07\/03075548\/WhatsApp-Image-2020-06-30-at-22.14.27.jpeg 1280w\" sizes=\"(max-width: 1024px) 100vw, 1024px\" \/><\/figure><\/li><li class=\"blocks-gallery-item\"><figure><img loading=\"lazy\" decoding=\"async\" width=\"1024\" height=\"502\" src=\"https:\/\/www.unasp.br\/noticias\/wp-content\/uploads\/2020\/07\/WhatsApp-Image-2020-06-30-at-22.14.26-1024x502.jpeg\" alt=\"\" data-id=\"85995\" data-full-url=\"https:\/\/www.unasp.br\/noticias\/wp-content\/uploads\/2020\/07\/WhatsApp-Image-2020-06-30-at-22.14.26.jpeg\" data-link=\"https:\/\/www.unasp.br\/noticias\/?attachment_id=85995\" class=\"wp-image-85995\" srcset=\"https:\/\/cdn.unasp.br\/noticias\/wp-content\/uploads\/2020\/07\/03075554\/WhatsApp-Image-2020-06-30-at-22.14.26-1024x502.jpeg 1024w, https:\/\/cdn.unasp.br\/noticias\/wp-content\/uploads\/2020\/07\/03075554\/WhatsApp-Image-2020-06-30-at-22.14.26-300x147.jpeg 300w, https:\/\/cdn.unasp.br\/noticias\/wp-content\/uploads\/2020\/07\/03075554\/WhatsApp-Image-2020-06-30-at-22.14.26-768x377.jpeg 768w, https:\/\/cdn.unasp.br\/noticias\/wp-content\/uploads\/2020\/07\/03075554\/WhatsApp-Image-2020-06-30-at-22.14.26-1223x600.jpeg 1223w, https:\/\/cdn.unasp.br\/noticias\/wp-content\/uploads\/2020\/07\/03075554\/WhatsApp-Image-2020-06-30-at-22.14.26-800x393.jpeg 800w, https:\/\/cdn.unasp.br\/noticias\/wp-content\/uploads\/2020\/07\/03075554\/WhatsApp-Image-2020-06-30-at-22.14.26-750x368.jpeg 750w, https:\/\/cdn.unasp.br\/noticias\/wp-content\/uploads\/2020\/07\/03075554\/WhatsApp-Image-2020-06-30-at-22.14.26-720x353.jpeg 720w, https:\/\/cdn.unasp.br\/noticias\/wp-content\/uploads\/2020\/07\/03075554\/WhatsApp-Image-2020-06-30-at-22.14.26-571x280.jpeg 571w, https:\/\/cdn.unasp.br\/noticias\/wp-content\/uploads\/2020\/07\/03075554\/WhatsApp-Image-2020-06-30-at-22.14.26-512x251.jpeg 512w, https:\/\/cdn.unasp.br\/noticias\/wp-content\/uploads\/2020\/07\/03075554\/WhatsApp-Image-2020-06-30-at-22.14.26-500x245.jpeg 500w, https:\/\/cdn.unasp.br\/noticias\/wp-content\/uploads\/2020\/07\/03075554\/WhatsApp-Image-2020-06-30-at-22.14.26-400x196.jpeg 400w, https:\/\/cdn.unasp.br\/noticias\/wp-content\/uploads\/2020\/07\/03075554\/WhatsApp-Image-2020-06-30-at-22.14.26-175x86.jpeg 175w, https:\/\/cdn.unasp.br\/noticias\/wp-content\/uploads\/2020\/07\/03075554\/WhatsApp-Image-2020-06-30-at-22.14.26-200x98.jpeg 200w, https:\/\/cdn.unasp.br\/noticias\/wp-content\/uploads\/2020\/07\/03075554\/WhatsApp-Image-2020-06-30-at-22.14.26.jpeg 1280w\" sizes=\"(max-width: 1024px) 100vw, 1024px\" \/><\/figure><\/li><\/ul><\/figure>\n\n\n\n<p>\u201cNossa premissa\nb\u00e1sica foi fundamentada na prote\u00e7\u00e3o e preserva\u00e7\u00e3o da sa\u00fade da nossa comunidade\nuniversit\u00e1ria, sem perder de vista a qualidade acad\u00eamica e a manuten\u00e7\u00e3o do\nnosso calend\u00e1rio acad\u00eamico. Por isso que, rapidamente, conseguimos mobilizar\ntodo nosso suporte para continuar o semestre de maneira remota ao vivo e\npr\u00f3xima dos estudantes. Tivemos uma m\u00e9dia de 90% de presen\u00e7a dos alunos nesse\nper\u00edodo de isolamento social\u201d, destaca o reitor Martin Kuhn. <\/p>\n\n\n\n<p>Com o 1\u00ba semestre finalizado e com\ndata j\u00e1 de retorno para o dia 10 de agosto, a d\u00favida que surge \u00e9: como ser\u00e3o as\naulas do segundo semestre? A grande novidade para a pr\u00f3xima etapa letiva ser\u00e1 uma\nnova proposta de inova\u00e7\u00e3o pedag\u00f3gica: o <strong>UNASP MEGA<\/strong>, que vai contar com\numa nova trilha de aprendizagem envolvendo todos os estudantes da Gradua\u00e7\u00e3o nos\ntr\u00eas campi do Centro Universit\u00e1rio. <\/p>\n\n\n\n<div class=\"wp-block-image\"><figure class=\"aligncenter is-resized\"><img loading=\"lazy\" decoding=\"async\" src=\"https:\/\/www.unasp.br\/noticias\/wp-content\/uploads\/2020\/07\/Captura-de-Tela-2020-07-03-a\u0300s-10.50.01-1024x550.png\" alt=\"\" class=\"wp-image-85990\" width=\"517\" height=\"277\"\/><\/figure><\/div>\n\n\n\n<p><strong>UNASP MEGA<\/strong><\/p>\n\n\n\n<p>A partir do pr\u00f3ximo semestre, o modelo\nde oferta para parte das aulas ser\u00e1 h\u00edbrido, ou seja, parte das aulas vai\nacontecer de forma presencial e a outra parte dentro do Ambiente Virtual de\nAprendizagem (AVA), que vai ganhar tamb\u00e9m uma nova plataforma de acesso a\npartir de agosto. 25% das aulas v\u00e3o acontecer de forma virtual, ao vivo, e os\noutros 75% de forma presencial, ou seja, de segunda a quarta-feira o encontro\ncom o professor e os colegas de classe ser\u00e1 dentro do campus, j\u00e1 na quinta\nacontece de forma online, cada aluno em sua casa ou dentro do internato, caso\nseja um aluno residente.<\/p>\n\n\n\n<p>O novo formato de aulas nas\nquintas-feiras vai funcionar em dois formatos diferentes para todos os cursos:<\/p>\n\n\n\n<p>             <strong><em>Mega Aulas<\/em><\/strong>: as mega aulas v\u00e3o incluir, nesse primeiro momento, o ciclo das disciplinas de Religi\u00e3o, Metodologia de Pesquisa e Princ\u00edpios de Sa\u00fade e Sustentabilidade, entre outras que forem necess\u00e1rias. Ser\u00e3o aulas quinzenais, ministradas por professores doutores do UNASP inspirado no formato do programa TED Talks, dentro de um est\u00fadio, com dura\u00e7\u00e3o de 45 minutos. <\/p>\n\n\n\n<p>Essas v\u00e3o ser\nas primeiras duas aulas da quinta-feira, que al\u00e9m da intera\u00e7\u00e3o com o professor\napresentador (professor regente), vai contar com o aux\u00edlio de um professor\nmediador para tirar d\u00favidas e ter um contato mais pr\u00f3ximo com o aluno, bem como\na disponibilidade de materiais adicionais (e-books e aulas gravadas em estilo\nEaD).&nbsp; As Mega Aulas v\u00e3o acontecer para todos\nos estudantes dos tr\u00eas campi ao mesmo tempo e a avalia\u00e7\u00e3o vai ser formada por\nquestion\u00e1rios, simulados e alguma prova.<\/p>\n\n\n\n<div class=\"wp-block-image\"><figure class=\"aligncenter\"><img loading=\"lazy\" decoding=\"async\" width=\"600\" height=\"399\" src=\"https:\/\/www.unasp.br\/noticias\/wp-content\/uploads\/2020\/07\/estudio-gravaton.jpg\" alt=\"\" class=\"wp-image-86356\" srcset=\"https:\/\/cdn.unasp.br\/noticias\/wp-content\/uploads\/2020\/07\/08183449\/estudio-gravaton.jpg 600w, https:\/\/cdn.unasp.br\/noticias\/wp-content\/uploads\/2020\/07\/08183449\/estudio-gravaton-300x200.jpg 300w, https:\/\/cdn.unasp.br\/noticias\/wp-content\/uploads\/2020\/07\/08183449\/estudio-gravaton-421x280.jpg 421w, https:\/\/cdn.unasp.br\/noticias\/wp-content\/uploads\/2020\/07\/08183449\/estudio-gravaton-500x333.jpg 500w, https:\/\/cdn.unasp.br\/noticias\/wp-content\/uploads\/2020\/07\/08183449\/estudio-gravaton-400x266.jpg 400w, https:\/\/cdn.unasp.br\/noticias\/wp-content\/uploads\/2020\/07\/08183449\/estudio-gravaton-376x250.jpg 376w, https:\/\/cdn.unasp.br\/noticias\/wp-content\/uploads\/2020\/07\/08183449\/estudio-gravaton-301x200.jpg 301w, https:\/\/cdn.unasp.br\/noticias\/wp-content\/uploads\/2020\/07\/08183449\/estudio-gravaton-226x150.jpg 226w, https:\/\/cdn.unasp.br\/noticias\/wp-content\/uploads\/2020\/07\/08183449\/estudio-gravaton-175x116.jpg 175w, https:\/\/cdn.unasp.br\/noticias\/wp-content\/uploads\/2020\/07\/08183449\/estudio-gravaton-200x133.jpg 200w\" sizes=\"(max-width: 600px) 100vw, 600px\" \/><\/figure><\/div>\n\n\n\n<p><br>\n&nbsp;&nbsp;&nbsp;&nbsp;&nbsp;&nbsp;&nbsp;&nbsp;&nbsp;&nbsp;&nbsp; <strong><em>Webaulas:<\/em><\/strong> j\u00e1 as\nwebaulas v\u00e3o acontecer nos outros tr\u00eas per\u00edodos da quinta-feira com disciplinas\nespec\u00edficas de cada curso, podendo ser um curso comum aos tr\u00eas campi ou n\u00e3o. O\nmomento ao vivo com o professor ter\u00e1 dura\u00e7\u00e3o de 45 minutos e o restante da aula\nser\u00e1 para a realiza\u00e7\u00e3o das atividades em espa\u00e7os diversificados, ou seja, com\nleituras adicionais, v\u00eddeo-aulas j\u00e1 gravadas em formato EaD com assuntos mais\naprofundados, e-books e ferramentas de checagem de aprendizado. <\/p>\n\n\n\n<p>O docente dar\u00e1\na aula de forma s\u00edncrona na nova plataforma do UNASP e os alunos participar\u00e3o do\nmomento de forma remota, cada um do seu dispositivo eletr\u00f4nico. Caso a\ndisciplina necessite de atividades laboratoriais, estas v\u00e3o acontecer de forma\npresencial dentro do campus universit\u00e1rio. <\/p>\n\n\n\n<div class=\"wp-block-image\"><figure class=\"aligncenter is-resized\"><img loading=\"lazy\" decoding=\"async\" src=\"https:\/\/www.unasp.br\/noticias\/wp-content\/uploads\/2020\/07\/BLOG_ensino-hibrido.png\" alt=\"\" class=\"wp-image-85997\" width=\"554\" height=\"346\" srcset=\"https:\/\/cdn.unasp.br\/noticias\/wp-content\/uploads\/2020\/07\/03075642\/BLOG_ensino-hibrido.png 670w, https:\/\/cdn.unasp.br\/noticias\/wp-content\/uploads\/2020\/07\/03075642\/BLOG_ensino-hibrido-300x188.png 300w, https:\/\/cdn.unasp.br\/noticias\/wp-content\/uploads\/2020\/07\/03075642\/BLOG_ensino-hibrido-448x280.png 448w, https:\/\/cdn.unasp.br\/noticias\/wp-content\/uploads\/2020\/07\/03075642\/BLOG_ensino-hibrido-500x313.png 500w, https:\/\/cdn.unasp.br\/noticias\/wp-content\/uploads\/2020\/07\/03075642\/BLOG_ensino-hibrido-400x250.png 400w, https:\/\/cdn.unasp.br\/noticias\/wp-content\/uploads\/2020\/07\/03075642\/BLOG_ensino-hibrido-320x200.png 320w, https:\/\/cdn.unasp.br\/noticias\/wp-content\/uploads\/2020\/07\/03075642\/BLOG_ensino-hibrido-240x150.png 240w, https:\/\/cdn.unasp.br\/noticias\/wp-content\/uploads\/2020\/07\/03075642\/BLOG_ensino-hibrido-175x109.png 175w, https:\/\/cdn.unasp.br\/noticias\/wp-content\/uploads\/2020\/07\/03075642\/BLOG_ensino-hibrido-200x125.png 200w\" sizes=\"(max-width: 554px) 100vw, 554px\" \/><\/figure><\/div>\n\n\n\n<p><strong>Aprendizado\nnas diferentes plataformas<\/strong><\/p>\n\n\n\n<p>O pr\u00f3-reitor\nacad\u00eamico associado para o campus Engenheiro Coelho e Virtual do UNASP, Dr.\nEverson&nbsp;Muckenberger, destaca que o novo modelo pedag\u00f3gico proposto para o\nsegundo semestre vai trazer mais flexibilidade e ferramentas de ensino para o\naluno. <\/p>\n\n\n\n<p>\u201cEsse modelo\nh\u00edbrido de ensino d\u00e1 ao estudante mais ferramentas dele se tornar um ator\nsocial ativo no processo da aprendizagem, porque ele n\u00e3o vai simplesmente receber\no conte\u00fado, mas participar ativamente em um modelo de sala de aula invertida.\nTamb\u00e9m ter\u00e1 como checar se conseguiu aprender o conte\u00fado e ter um dia mais na\nsemana para estar presencialmente no campus, o que d\u00e1 mais flexibilidade na\nrotina, amortece os custos com deslocamento e aprende a manusear em diferentes\nferramentas de aprendizagem para o aluno, por exemplo\u201d, enumera o\nprofessor.&nbsp; <\/p>\n\n\n\n<p>Segundo a\nadministra\u00e7\u00e3o da institui\u00e7\u00e3o, as Mega Aulas e Webaulas ser\u00e3o avaliadas\nsemanalmente para poder entregar o melhor produto aos discentes. De acordo com\no reitor, &#8220;as aulas integradas ter\u00e3o um novo olhar&#8221;, extraindo o\nmelhor da inova\u00e7\u00e3o dessas ferramentas do ensino a dist\u00e2ncia. <\/p>\n\n\n\n<p>\u201cEssa integra\u00e7\u00e3o\ndas matrizes visa uma maior qualidade e economia \u00e0 institui\u00e7\u00e3o e aos alunos. O\nUNASP foi projetado para 2030 ser a futura Universidade Adventista do Brasil e\npor isso, nesse caminho, estamos em constante inova\u00e7\u00e3o para oferecer um ensino\nintegral para cada um dos nossos alunos. Agradecemos a Deus pelo primeiro\nsemestre, o pr\u00f3ximo ser\u00e1 ainda melhor e com grandes ben\u00e7\u00e3os\u201d, ressalta. <\/p>\n\n\n\n<div class=\"wp-block-image\"><figure class=\"aligncenter is-resized\"><img loading=\"lazy\" decoding=\"async\" src=\"https:\/\/www.unasp.br\/noticias\/wp-content\/uploads\/2020\/07\/WhatsApp-Image-2020-06-30-at-22.12.20-1024x496.jpeg\" alt=\"\" class=\"wp-image-85998\" width=\"545\" height=\"263\" srcset=\"https:\/\/cdn.unasp.br\/noticias\/wp-content\/uploads\/2020\/07\/03075714\/WhatsApp-Image-2020-06-30-at-22.12.20-1024x496.jpeg 1024w, https:\/\/cdn.unasp.br\/noticias\/wp-content\/uploads\/2020\/07\/03075714\/WhatsApp-Image-2020-06-30-at-22.12.20-300x145.jpeg 300w, https:\/\/cdn.unasp.br\/noticias\/wp-content\/uploads\/2020\/07\/03075714\/WhatsApp-Image-2020-06-30-at-22.12.20-768x372.jpeg 768w, https:\/\/cdn.unasp.br\/noticias\/wp-content\/uploads\/2020\/07\/03075714\/WhatsApp-Image-2020-06-30-at-22.12.20-1239x600.jpeg 1239w, https:\/\/cdn.unasp.br\/noticias\/wp-content\/uploads\/2020\/07\/03075714\/WhatsApp-Image-2020-06-30-at-22.12.20-800x388.jpeg 800w, https:\/\/cdn.unasp.br\/noticias\/wp-content\/uploads\/2020\/07\/03075714\/WhatsApp-Image-2020-06-30-at-22.12.20-750x363.jpeg 750w, https:\/\/cdn.unasp.br\/noticias\/wp-content\/uploads\/2020\/07\/03075714\/WhatsApp-Image-2020-06-30-at-22.12.20-720x349.jpeg 720w, https:\/\/cdn.unasp.br\/noticias\/wp-content\/uploads\/2020\/07\/03075714\/WhatsApp-Image-2020-06-30-at-22.12.20-578x280.jpeg 578w, https:\/\/cdn.unasp.br\/noticias\/wp-content\/uploads\/2020\/07\/03075714\/WhatsApp-Image-2020-06-30-at-22.12.20-512x248.jpeg 512w, https:\/\/cdn.unasp.br\/noticias\/wp-content\/uploads\/2020\/07\/03075714\/WhatsApp-Image-2020-06-30-at-22.12.20-500x242.jpeg 500w, https:\/\/cdn.unasp.br\/noticias\/wp-content\/uploads\/2020\/07\/03075714\/WhatsApp-Image-2020-06-30-at-22.12.20-400x194.jpeg 400w, https:\/\/cdn.unasp.br\/noticias\/wp-content\/uploads\/2020\/07\/03075714\/WhatsApp-Image-2020-06-30-at-22.12.20-175x85.jpeg 175w, https:\/\/cdn.unasp.br\/noticias\/wp-content\/uploads\/2020\/07\/03075714\/WhatsApp-Image-2020-06-30-at-22.12.20-200x97.jpeg 200w, https:\/\/cdn.unasp.br\/noticias\/wp-content\/uploads\/2020\/07\/03075714\/WhatsApp-Image-2020-06-30-at-22.12.20.jpeg 1280w\" sizes=\"(max-width: 545px) 100vw, 545px\" \/><\/figure><\/div>\n\n\n\n<p><strong>Retorno das Atividades<\/strong><\/p>\n\n\n\n<p>Seguindo os protocolos sanit\u00e1rios estaduais, o UNASP retorna o 2\u00ba semestre letivo no dia 10 de agosto, permanecendo com a modalidade remota at\u00e9 o dia 4 setembro quando o Governo Estadual confirmar\u00e1, condicionada \u00e0s condi\u00e7\u00f5es de Sa\u00fade P\u00fablica, a retomada das aulas presenciais a partir do dia 8 de setembro. O retorno ser\u00e1 de forma gradual e pelos meses seguintes at\u00e9 o final do semestre letivo, em dezembro de 2020.<\/p>\n\n\n\n<div class=\"wp-block-image\"><figure class=\"aligncenter is-resized\"><img loading=\"lazy\" decoding=\"async\" src=\"https:\/\/www.unasp.br\/noticias\/wp-content\/uploads\/2020\/07\/Captura-de-Tela-2020-07-03-a\u0300s-10.47.23-1024x711.png\" alt=\"\" class=\"wp-image-85991\" width=\"527\" height=\"365\"\/><\/figure><\/div>\n\n\n\n<p><\/p>\n","protected":false},"excerpt":{"rendered":"<p>A partir do 2\u00ba semestre, o UNASP ter\u00e1 uma nova proposta de inova\u00e7\u00e3o pedag\u00f3gica: o modelo de aulas h\u00edbridas, ou seja, parte presencial e a outra dentro do AVA.<\/p>\n","protected":false},"author":30,"featured_media":85992,"comment_status":"open","ping_status":"open","sticky":true,"template":"","format":"standard","meta":{"footnotes":""},"categories":[6],"tags":[2130,2459,2460,2461],"yoast_head":"<!-- This site is optimized with the Yoast SEO plugin v23.5 - https:\/\/yoast.com\/wordpress\/plugins\/seo\/ -->\n<title>2\u00ba semestre no UNASP contar\u00e1 com novo formato de aulas<\/title>\n<meta name=\"description\" content=\"A partir do 2\u00ba semestre, o UNASP ter\u00e1 uma nova proposta de inova\u00e7\u00e3o pedag\u00f3gica: o modelo de aulas h\u00edbridas, parte presencial e a outra dentro do AVA.\" \/>\n<meta name=\"robots\" content=\"index, follow, max-snippet:-1, max-image-preview:large, max-video-preview:-1\" \/>\n<link rel=\"canonical\" href=\"https:\/\/unasp.br\/noticias\/2o-semestre-no-unasp-contara-com-novo-formato-de-aulas-para-toda-a-graduacao\/\" \/>\n<meta property=\"og:locale\" content=\"pt_BR\" \/>\n<meta property=\"og:type\" content=\"article\" \/>\n<meta property=\"og:title\" content=\"2\u00ba semestre no UNASP contar\u00e1 com novo formato de aulas\" \/>\n<meta property=\"og:description\" content=\"A partir do 2\u00ba semestre, o UNASP ter\u00e1 uma nova proposta de inova\u00e7\u00e3o pedag\u00f3gica: o modelo de aulas h\u00edbridas, parte presencial e a outra dentro do AVA.\" \/>\n<meta property=\"og:url\" content=\"https:\/\/unasp.br\/noticias\/2o-semestre-no-unasp-contara-com-novo-formato-de-aulas-para-toda-a-graduacao\/\" \/>\n<meta property=\"og:site_name\" content=\"UNASP Noticias\" \/>\n<meta property=\"article:published_time\" content=\"2020-07-03T14:04:05+00:00\" \/>\n<meta property=\"article:modified_time\" content=\"2020-07-09T00:35:38+00:00\" \/>\n<meta property=\"og:image\" content=\"https:\/\/cdn.unasp.br\/noticias\/wp-content\/uploads\/2020\/07\/03075428\/5ccca20f3596741341bef9de_ensino-hibrido-e-sala-de-aula-invertida-11.jpg\" \/>\n\t<meta property=\"og:image:width\" content=\"1350\" \/>\n\t<meta property=\"og:image:height\" content=\"900\" \/>\n\t<meta property=\"og:image:type\" content=\"image\/jpeg\" \/>\n<meta name=\"author\" content=\"Aira Almeida\" \/>\n<meta name=\"twitter:card\" content=\"summary_large_image\" \/>\n<meta name=\"twitter:label1\" content=\"Escrito por\" \/>\n\t<meta name=\"twitter:data1\" content=\"Aira Almeida\" \/>\n\t<meta name=\"twitter:label2\" content=\"Est. tempo de leitura\" \/>\n\t<meta name=\"twitter:data2\" content=\"5 minutos\" \/>\n<script type=\"application\/ld+json\" class=\"yoast-schema-graph\">{\"@context\":\"https:\/\/schema.org\",\"@graph\":[{\"@type\":\"Article\",\"@id\":\"https:\/\/unasp.br\/noticias\/2o-semestre-no-unasp-contara-com-novo-formato-de-aulas-para-toda-a-graduacao\/#article\",\"isPartOf\":{\"@id\":\"https:\/\/unasp.br\/noticias\/2o-semestre-no-unasp-contara-com-novo-formato-de-aulas-para-toda-a-graduacao\/\"},\"author\":{\"name\":\"Aira Almeida\",\"@id\":\"https:\/\/unasp.br\/noticias\/#\/schema\/person\/80f09a3ec674501e6bb13144ffa2489f\"},\"headline\":\"2\u00ba semestre no UNASP contar\u00e1 com novo formato de aulas para toda a Gradua\u00e7\u00e3o\",\"datePublished\":\"2020-07-03T14:04:05+00:00\",\"dateModified\":\"2020-07-09T00:35:38+00:00\",\"mainEntityOfPage\":{\"@id\":\"https:\/\/unasp.br\/noticias\/2o-semestre-no-unasp-contara-com-novo-formato-de-aulas-para-toda-a-graduacao\/\"},\"wordCount\":1078,\"commentCount\":0,\"publisher\":{\"@id\":\"https:\/\/unasp.br\/noticias\/#organization\"},\"image\":{\"@id\":\"https:\/\/unasp.br\/noticias\/2o-semestre-no-unasp-contara-com-novo-formato-de-aulas-para-toda-a-graduacao\/#primaryimage\"},\"thumbnailUrl\":\"https:\/\/cdn.unasp.br\/noticias\/wp-content\/uploads\/2020\/07\/03075428\/5ccca20f3596741341bef9de_ensino-hibrido-e-sala-de-aula-invertida-11.jpg\",\"keywords\":[\"Aulas online\",\"Mega UNASP\",\"modelo h\u00edbrido\",\"presencial\"],\"articleSection\":[\"Acontece no UNASP\"],\"inLanguage\":\"pt-BR\",\"potentialAction\":[{\"@type\":\"CommentAction\",\"name\":\"Comment\",\"target\":[\"https:\/\/unasp.br\/noticias\/2o-semestre-no-unasp-contara-com-novo-formato-de-aulas-para-toda-a-graduacao\/#respond\"]}]},{\"@type\":\"WebPage\",\"@id\":\"https:\/\/unasp.br\/noticias\/2o-semestre-no-unasp-contara-com-novo-formato-de-aulas-para-toda-a-graduacao\/\",\"url\":\"https:\/\/unasp.br\/noticias\/2o-semestre-no-unasp-contara-com-novo-formato-de-aulas-para-toda-a-graduacao\/\",\"name\":\"2\u00ba semestre no UNASP contar\u00e1 com novo formato de aulas\",\"isPartOf\":{\"@id\":\"https:\/\/unasp.br\/noticias\/#website\"},\"primaryImageOfPage\":{\"@id\":\"https:\/\/unasp.br\/noticias\/2o-semestre-no-unasp-contara-com-novo-formato-de-aulas-para-toda-a-graduacao\/#primaryimage\"},\"image\":{\"@id\":\"https:\/\/unasp.br\/noticias\/2o-semestre-no-unasp-contara-com-novo-formato-de-aulas-para-toda-a-graduacao\/#primaryimage\"},\"thumbnailUrl\":\"https:\/\/cdn.unasp.br\/noticias\/wp-content\/uploads\/2020\/07\/03075428\/5ccca20f3596741341bef9de_ensino-hibrido-e-sala-de-aula-invertida-11.jpg\",\"datePublished\":\"2020-07-03T14:04:05+00:00\",\"dateModified\":\"2020-07-09T00:35:38+00:00\",\"description\":\"A partir do 2\u00ba semestre, o UNASP ter\u00e1 uma nova proposta de inova\u00e7\u00e3o pedag\u00f3gica: o modelo de aulas h\u00edbridas, parte presencial e a outra dentro do AVA.\",\"breadcrumb\":{\"@id\":\"https:\/\/unasp.br\/noticias\/2o-semestre-no-unasp-contara-com-novo-formato-de-aulas-para-toda-a-graduacao\/#breadcrumb\"},\"inLanguage\":\"pt-BR\",\"potentialAction\":[{\"@type\":\"ReadAction\",\"target\":[\"https:\/\/unasp.br\/noticias\/2o-semestre-no-unasp-contara-com-novo-formato-de-aulas-para-toda-a-graduacao\/\"]}]},{\"@type\":\"ImageObject\",\"inLanguage\":\"pt-BR\",\"@id\":\"https:\/\/unasp.br\/noticias\/2o-semestre-no-unasp-contara-com-novo-formato-de-aulas-para-toda-a-graduacao\/#primaryimage\",\"url\":\"https:\/\/cdn.unasp.br\/noticias\/wp-content\/uploads\/2020\/07\/03075428\/5ccca20f3596741341bef9de_ensino-hibrido-e-sala-de-aula-invertida-11.jpg\",\"contentUrl\":\"https:\/\/cdn.unasp.br\/noticias\/wp-content\/uploads\/2020\/07\/03075428\/5ccca20f3596741341bef9de_ensino-hibrido-e-sala-de-aula-invertida-11.jpg\",\"width\":1350,\"height\":900},{\"@type\":\"BreadcrumbList\",\"@id\":\"https:\/\/unasp.br\/noticias\/2o-semestre-no-unasp-contara-com-novo-formato-de-aulas-para-toda-a-graduacao\/#breadcrumb\",\"itemListElement\":[{\"@type\":\"ListItem\",\"position\":1,\"name\":\"In\u00edcio\",\"item\":\"https:\/\/unasp.br\/noticias\/\"},{\"@type\":\"ListItem\",\"position\":2,\"name\":\"2\u00ba semestre no UNASP contar\u00e1 com novo formato de aulas para toda a Gradua\u00e7\u00e3o\"}]},{\"@type\":\"WebSite\",\"@id\":\"https:\/\/unasp.br\/noticias\/#website\",\"url\":\"https:\/\/unasp.br\/noticias\/\",\"name\":\"UNASP Noticias\",\"description\":\"Centro Universit\u00e1rio Adventista de S\u00e3o Paulo\",\"publisher\":{\"@id\":\"https:\/\/unasp.br\/noticias\/#organization\"},\"potentialAction\":[{\"@type\":\"SearchAction\",\"target\":{\"@type\":\"EntryPoint\",\"urlTemplate\":\"https:\/\/unasp.br\/noticias\/?s={search_term_string}\"},\"query-input\":{\"@type\":\"PropertyValueSpecification\",\"valueRequired\":true,\"valueName\":\"search_term_string\"}}],\"inLanguage\":\"pt-BR\"},{\"@type\":\"Organization\",\"@id\":\"https:\/\/unasp.br\/noticias\/#organization\",\"name\":\"UNASP Noticias\",\"url\":\"https:\/\/unasp.br\/noticias\/\",\"logo\":{\"@type\":\"ImageObject\",\"inLanguage\":\"pt-BR\",\"@id\":\"https:\/\/unasp.br\/noticias\/#\/schema\/logo\/image\/\",\"url\":\"https:\/\/cdn.unasp.br\/noticias\/wp-content\/uploads\/2021\/09\/09152724\/logo-unasp-news.png\",\"contentUrl\":\"https:\/\/cdn.unasp.br\/noticias\/wp-content\/uploads\/2021\/09\/09152724\/logo-unasp-news.png\",\"width\":240,\"height\":41,\"caption\":\"UNASP Noticias\"},\"image\":{\"@id\":\"https:\/\/unasp.br\/noticias\/#\/schema\/logo\/image\/\"}},{\"@type\":\"Person\",\"@id\":\"https:\/\/unasp.br\/noticias\/#\/schema\/person\/80f09a3ec674501e6bb13144ffa2489f\",\"name\":\"Aira Almeida\",\"image\":{\"@type\":\"ImageObject\",\"inLanguage\":\"pt-BR\",\"@id\":\"https:\/\/unasp.br\/noticias\/#\/schema\/person\/image\/\",\"url\":\"https:\/\/secure.gravatar.com\/avatar\/e30ea867fdd5a41ec6a0cb350dcd108e?s=96&d=mm&r=g\",\"contentUrl\":\"https:\/\/secure.gravatar.com\/avatar\/e30ea867fdd5a41ec6a0cb350dcd108e?s=96&d=mm&r=g\",\"caption\":\"Aira Almeida\"},\"url\":\"https:\/\/unasp.br\/noticias\/author\/aira-almeidaedu-unasp-br\/\"}]}<\/script>\n<!-- \/ Yoast SEO plugin. -->","yoast_head_json":{"title":"2\u00ba semestre no UNASP contar\u00e1 com novo formato de aulas","description":"A partir do 2\u00ba semestre, o UNASP ter\u00e1 uma nova proposta de inova\u00e7\u00e3o pedag\u00f3gica: o modelo de aulas h\u00edbridas, parte presencial e a outra dentro do AVA.","robots":{"index":"index","follow":"follow","max-snippet":"max-snippet:-1","max-image-preview":"max-image-preview:large","max-video-preview":"max-video-preview:-1"},"canonical":"https:\/\/unasp.br\/noticias\/2o-semestre-no-unasp-contara-com-novo-formato-de-aulas-para-toda-a-graduacao\/","og_locale":"pt_BR","og_type":"article","og_title":"2\u00ba semestre no UNASP contar\u00e1 com novo formato de aulas","og_description":"A partir do 2\u00ba semestre, o UNASP ter\u00e1 uma nova proposta de inova\u00e7\u00e3o pedag\u00f3gica: o modelo de aulas h\u00edbridas, parte presencial e a outra dentro do AVA.","og_url":"https:\/\/unasp.br\/noticias\/2o-semestre-no-unasp-contara-com-novo-formato-de-aulas-para-toda-a-graduacao\/","og_site_name":"UNASP Noticias","article_published_time":"2020-07-03T14:04:05+00:00","article_modified_time":"2020-07-09T00:35:38+00:00","og_image":[{"width":1350,"height":900,"url":"https:\/\/cdn.unasp.br\/noticias\/wp-content\/uploads\/2020\/07\/03075428\/5ccca20f3596741341bef9de_ensino-hibrido-e-sala-de-aula-invertida-11.jpg","type":"image\/jpeg"}],"author":"Aira Almeida","twitter_card":"summary_large_image","twitter_misc":{"Escrito por":"Aira Almeida","Est. tempo de leitura":"5 minutos"},"schema":{"@context":"https:\/\/schema.org","@graph":[{"@type":"Article","@id":"https:\/\/unasp.br\/noticias\/2o-semestre-no-unasp-contara-com-novo-formato-de-aulas-para-toda-a-graduacao\/#article","isPartOf":{"@id":"https:\/\/unasp.br\/noticias\/2o-semestre-no-unasp-contara-com-novo-formato-de-aulas-para-toda-a-graduacao\/"},"author":{"name":"Aira Almeida","@id":"https:\/\/unasp.br\/noticias\/#\/schema\/person\/80f09a3ec674501e6bb13144ffa2489f"},"headline":"2\u00ba semestre no UNASP contar\u00e1 com novo formato de aulas para toda a Gradua\u00e7\u00e3o","datePublished":"2020-07-03T14:04:05+00:00","dateModified":"2020-07-09T00:35:38+00:00","mainEntityOfPage":{"@id":"https:\/\/unasp.br\/noticias\/2o-semestre-no-unasp-contara-com-novo-formato-de-aulas-para-toda-a-graduacao\/"},"wordCount":1078,"commentCount":0,"publisher":{"@id":"https:\/\/unasp.br\/noticias\/#organization"},"image":{"@id":"https:\/\/unasp.br\/noticias\/2o-semestre-no-unasp-contara-com-novo-formato-de-aulas-para-toda-a-graduacao\/#primaryimage"},"thumbnailUrl":"https:\/\/cdn.unasp.br\/noticias\/wp-content\/uploads\/2020\/07\/03075428\/5ccca20f3596741341bef9de_ensino-hibrido-e-sala-de-aula-invertida-11.jpg","keywords":["Aulas online","Mega UNASP","modelo h\u00edbrido","presencial"],"articleSection":["Acontece no UNASP"],"inLanguage":"pt-BR","potentialAction":[{"@type":"CommentAction","name":"Comment","target":["https:\/\/unasp.br\/noticias\/2o-semestre-no-unasp-contara-com-novo-formato-de-aulas-para-toda-a-graduacao\/#respond"]}]},{"@type":"WebPage","@id":"https:\/\/unasp.br\/noticias\/2o-semestre-no-unasp-contara-com-novo-formato-de-aulas-para-toda-a-graduacao\/","url":"https:\/\/unasp.br\/noticias\/2o-semestre-no-unasp-contara-com-novo-formato-de-aulas-para-toda-a-graduacao\/","name":"2\u00ba semestre no UNASP contar\u00e1 com novo formato de aulas","isPartOf":{"@id":"https:\/\/unasp.br\/noticias\/#website"},"primaryImageOfPage":{"@id":"https:\/\/unasp.br\/noticias\/2o-semestre-no-unasp-contara-com-novo-formato-de-aulas-para-toda-a-graduacao\/#primaryimage"},"image":{"@id":"https:\/\/unasp.br\/noticias\/2o-semestre-no-unasp-contara-com-novo-formato-de-aulas-para-toda-a-graduacao\/#primaryimage"},"thumbnailUrl":"https:\/\/cdn.unasp.br\/noticias\/wp-content\/uploads\/2020\/07\/03075428\/5ccca20f3596741341bef9de_ensino-hibrido-e-sala-de-aula-invertida-11.jpg","datePublished":"2020-07-03T14:04:05+00:00","dateModified":"2020-07-09T00:35:38+00:00","description":"A partir do 2\u00ba semestre, o UNASP ter\u00e1 uma nova proposta de inova\u00e7\u00e3o pedag\u00f3gica: o modelo de aulas h\u00edbridas, parte presencial e a outra dentro do AVA.","breadcrumb":{"@id":"https:\/\/unasp.br\/noticias\/2o-semestre-no-unasp-contara-com-novo-formato-de-aulas-para-toda-a-graduacao\/#breadcrumb"},"inLanguage":"pt-BR","potentialAction":[{"@type":"ReadAction","target":["https:\/\/unasp.br\/noticias\/2o-semestre-no-unasp-contara-com-novo-formato-de-aulas-para-toda-a-graduacao\/"]}]},{"@type":"ImageObject","inLanguage":"pt-BR","@id":"https:\/\/unasp.br\/noticias\/2o-semestre-no-unasp-contara-com-novo-formato-de-aulas-para-toda-a-graduacao\/#primaryimage","url":"https:\/\/cdn.unasp.br\/noticias\/wp-content\/uploads\/2020\/07\/03075428\/5ccca20f3596741341bef9de_ensino-hibrido-e-sala-de-aula-invertida-11.jpg","contentUrl":"https:\/\/cdn.unasp.br\/noticias\/wp-content\/uploads\/2020\/07\/03075428\/5ccca20f3596741341bef9de_ensino-hibrido-e-sala-de-aula-invertida-11.jpg","width":1350,"height":900},{"@type":"BreadcrumbList","@id":"https:\/\/unasp.br\/noticias\/2o-semestre-no-unasp-contara-com-novo-formato-de-aulas-para-toda-a-graduacao\/#breadcrumb","itemListElement":[{"@type":"ListItem","position":1,"name":"In\u00edcio","item":"https:\/\/unasp.br\/noticias\/"},{"@type":"ListItem","position":2,"name":"2\u00ba semestre no UNASP contar\u00e1 com novo formato de aulas para toda a Gradua\u00e7\u00e3o"}]},{"@type":"WebSite","@id":"https:\/\/unasp.br\/noticias\/#website","url":"https:\/\/unasp.br\/noticias\/","name":"UNASP Noticias","description":"Centro Universit\u00e1rio Adventista de S\u00e3o Paulo","publisher":{"@id":"https:\/\/unasp.br\/noticias\/#organization"},"potentialAction":[{"@type":"SearchAction","target":{"@type":"EntryPoint","urlTemplate":"https:\/\/unasp.br\/noticias\/?s={search_term_string}"},"query-input":{"@type":"PropertyValueSpecification","valueRequired":true,"valueName":"search_term_string"}}],"inLanguage":"pt-BR"},{"@type":"Organization","@id":"https:\/\/unasp.br\/noticias\/#organization","name":"UNASP Noticias","url":"https:\/\/unasp.br\/noticias\/","logo":{"@type":"ImageObject","inLanguage":"pt-BR","@id":"https:\/\/unasp.br\/noticias\/#\/schema\/logo\/image\/","url":"https:\/\/cdn.unasp.br\/noticias\/wp-content\/uploads\/2021\/09\/09152724\/logo-unasp-news.png","contentUrl":"https:\/\/cdn.unasp.br\/noticias\/wp-content\/uploads\/2021\/09\/09152724\/logo-unasp-news.png","width":240,"height":41,"caption":"UNASP Noticias"},"image":{"@id":"https:\/\/unasp.br\/noticias\/#\/schema\/logo\/image\/"}},{"@type":"Person","@id":"https:\/\/unasp.br\/noticias\/#\/schema\/person\/80f09a3ec674501e6bb13144ffa2489f","name":"Aira Almeida","image":{"@type":"ImageObject","inLanguage":"pt-BR","@id":"https:\/\/unasp.br\/noticias\/#\/schema\/person\/image\/","url":"https:\/\/secure.gravatar.com\/avatar\/e30ea867fdd5a41ec6a0cb350dcd108e?s=96&d=mm&r=g","contentUrl":"https:\/\/secure.gravatar.com\/avatar\/e30ea867fdd5a41ec6a0cb350dcd108e?s=96&d=mm&r=g","caption":"Aira Almeida"},"url":"https:\/\/unasp.br\/noticias\/author\/aira-almeidaedu-unasp-br\/"}]}},"_links":{"self":[{"href":"https:\/\/unasp.br\/noticias\/wp-json\/wp\/v2\/posts\/85989"}],"collection":[{"href":"https:\/\/unasp.br\/noticias\/wp-json\/wp\/v2\/posts"}],"about":[{"href":"https:\/\/unasp.br\/noticias\/wp-json\/wp\/v2\/types\/post"}],"author":[{"embeddable":true,"href":"https:\/\/unasp.br\/noticias\/wp-json\/wp\/v2\/users\/30"}],"replies":[{"embeddable":true,"href":"https:\/\/unasp.br\/noticias\/wp-json\/wp\/v2\/comments?post=85989"}],"version-history":[{"count":4,"href":"https:\/\/unasp.br\/noticias\/wp-json\/wp\/v2\/posts\/85989\/revisions"}],"predecessor-version":[{"id":86358,"href":"https:\/\/unasp.br\/noticias\/wp-json\/wp\/v2\/posts\/85989\/revisions\/86358"}],"wp:featuredmedia":[{"embeddable":true,"href":"https:\/\/unasp.br\/noticias\/wp-json\/wp\/v2\/media\/85992"}],"wp:attachment":[{"href":"https:\/\/unasp.br\/noticias\/wp-json\/wp\/v2\/media?parent=85989"}],"wp:term":[{"taxonomy":"category","embeddable":true,"href":"https:\/\/unasp.br\/noticias\/wp-json\/wp\/v2\/categories?post=85989"},{"taxonomy":"post_tag","embeddable":true,"href":"https:\/\/unasp.br\/noticias\/wp-json\/wp\/v2\/tags?post=85989"}],"curies":[{"name":"wp","href":"https:\/\/api.w.org\/{rel}","templated":true}]}}