{"id":90162,"date":"2020-09-11T11:58:01","date_gmt":"2020-09-11T14:58:01","guid":{"rendered":"https:\/\/www.unasp.br\/noticias\/?p=90162"},"modified":"2020-09-11T11:58:56","modified_gmt":"2020-09-11T14:58:56","slug":"unasp-instituicao-que-oferece-experiencias-pra-vida","status":"publish","type":"post","link":"https:\/\/unasp.br\/noticias\/unasp-instituicao-que-oferece-experiencias-pra-vida\/","title":{"rendered":"UNASP: institui\u00e7\u00e3o que oferece Experi\u00eancias pra Vida"},"content":{"rendered":"\n<div class=\"wp-block-image\"><figure class=\"aligncenter is-resized\"><img loading=\"lazy\" decoding=\"async\" src=\"https:\/\/www.unasp.br\/noticias\/wp-content\/uploads\/2020\/09\/Captura-de-Tela-2020-07-03-a\u0300s-10.47.23-1-1024x711.png\" alt=\"\" class=\"wp-image-90177\" width=\"541\" height=\"375\"\/><\/figure><\/div>\n\n\n\n<p>Durante\nseus trabalhos, o dramaturgo franc\u00eas Jean-Baptiste Poquelin,&nbsp;ou\nmais&nbsp;conhecido como&nbsp;Moli\u00e8re, vivenciou diferentes experi\u00eancias ao\nescrever seus textos, ensaios e livros sobre o cotidiano humano. Conhecido por\nser um dos nomes mais expoentes da cultura no Velho Continente, ele chegou ao\nfinal da vida e destacou um pensamento conhecido at\u00e9 hoje: <strong>\u201cA escola da\nexperi\u00eancia \u00e9 a mais educativa\u201d<\/strong>. Desde o s\u00e9culo XVII, seus trabalhos ainda\necoam nas escolas, teatros e m\u00eddia parisienses a partir dessa \u00e9pica frase. <\/p>\n\n\n\n<p>Vinda\ndo latim <em>experientia.ae<\/em>,\nexperi\u00eancia significa o conhecimento ou aprendizado obtido atrav\u00e9s da pr\u00e1tica e\nda viv\u00eancia. \u00c9 aquilo que vai al\u00e9m do tempo, lugar ou objeto que temos \u00e0s m\u00e3os,\n\u00e9 algo constitu\u00eddo de lembran\u00e7as que a pessoa carrega de um determinado momento.\nDas marcas de produtos famosas \u00e0 lanchonete na esquina de casa, tudo que nos\nenvolve, nos marca de alguma maneira, sendo positivo ou n\u00e3o. <\/p>\n\n\n\n<p>Para\na escolha de uma institui\u00e7\u00e3o de ensino onde voc\u00ea vai passar boa parte da vida tamb\u00e9m\nn\u00e3o \u00e9 diferente, as op\u00e7\u00f5es impressionam e s\u00e3o as mais diversificadas. De acordo\ncom o \u00faltimo Censo da Educa\u00e7\u00e3o Superior, o Brasil tem mais de 10 milh\u00f5es de\nestudantes matriculados em 33 mil cursos de gradua\u00e7\u00e3o oriundos de 2.364\ninstitui\u00e7\u00f5es p\u00fablicas e privadas. \u00c9 uma infinidade de faculdades que <em>a\npriori<\/em> oferecem o mesmo servi\u00e7o: um diploma do Ensino Superior. Contudo ser\u00e1\ns\u00f3 isso mesmo? Passar por uma faculdade e s\u00f3 levar os aprendizados t\u00e9cnicos adiante?<\/p>\n\n\n\n<p>O\nfil\u00f3sofo holand\u00eas Baruch Espinoza diria que n\u00e3o. Atrav\u00e9s da sua Teoria do\nAfetos, j\u00e1 mencionava que os seres humanos s\u00e3o altamente afetivos, que o afeto\n\u00e9 aquilo que os move. E que as pessoas s\u00e3o resultadas dos encontros e\nexperi\u00eancias, do quanto s\u00e3o afetados e afetam os outros nesses encontros, provocando\ndiferentes experi\u00eancias e sensa\u00e7\u00f5es.<\/p>\n\n\n\n<p>Atualmente\nmorando em La Paz, na Bol\u00edvia, Lenildo Moura tem 49 anos e \u00e9 um dos assessores\nda Organiza\u00e7\u00e3o Mundial da Sa\u00fade (OMS) para a \u00c1rea de Enfermidades N\u00e3o-Transmiss\u00edveis,\nDefici\u00eancias e Seguran\u00e7a Vi\u00e1ria na Am\u00e9rica do Sul. Quem olha de longe nem\nimagina que tudo come\u00e7ou como um monitor de servi\u00e7os gerais no laborat\u00f3rio de\nsua faculdade. <\/p>\n\n\n\n<p>Formado\nna turma de 1996, o capixaba de origem humilde sempre foi um aluno que se\ndedicou muito e aproveitava as oportunidades. A Faculdade Adventista de\nEnfermagem (FAE), na \u00e9poca do seu ingresso, era uma das poucas gradua\u00e7\u00f5es de\nEnfermagens no Estado de S\u00e3o Paulo e por ser reconhecida por sua qualidade\nacad\u00eamica era o desejo de muitos jovens. Foi ali que ele teve suas primeiras experi\u00eancias\nprofissionais e de humaniza\u00e7\u00e3o. <\/p>\n\n\n\n<p>\u201cA\ngente pode passar pela faculdade e levar apenas o conhecimento dos livros, as\nregras de como fazer uma atividade ou aprender o c\u00f3digo de \u00e9tica da profiss\u00e3o.\nEu passei por este per\u00edodo e aprendi muito mais que os livros podem oferecer,\naprendi a me espelhar nos meus professores, a ser dedicado, humilde, n\u00e3o ter\ntempo ruim pra trabalhar nem que fosse pra limpar o ch\u00e3o. As li\u00e7\u00f5es que a minha\nprofessora Vera me dava trago at\u00e9 hoje. A FAE foi a faculdade da minha vida\u201d,\nrelembra. <\/p>\n\n\n\n<p>Hoje\ncom mestrado, doutorado e experi\u00eancia de pesquisa cient\u00edfica em Atlanta (EUA), Lenildo\n\u00e9 um dos consultores da Organiza\u00e7\u00e3o Pan-Americana da Sa\u00fade (OPAS). Formado pelo\nCentro Universit\u00e1rio Adventista de S\u00e3o Paulo (UNASP), campus S\u00e3o Paulo, o\nenfermeiro lembra com carinho de tudo que passou em sua juventude. <\/p>\n\n\n\n<div class=\"wp-block-image\"><figure class=\"aligncenter size-large\"><img loading=\"lazy\" decoding=\"async\" width=\"600\" height=\"400\" src=\"https:\/\/www.unasp.br\/noticias\/wp-content\/uploads\/2020\/09\/fa290dpiok.jpg\" alt=\"\" class=\"wp-image-90178\" srcset=\"https:\/\/cdn.unasp.br\/noticias\/wp-content\/uploads\/2020\/09\/11085736\/fa290dpiok.jpg 600w, https:\/\/cdn.unasp.br\/noticias\/wp-content\/uploads\/2020\/09\/11085736\/fa290dpiok-300x200.jpg 300w, https:\/\/cdn.unasp.br\/noticias\/wp-content\/uploads\/2020\/09\/11085736\/fa290dpiok-420x280.jpg 420w, https:\/\/cdn.unasp.br\/noticias\/wp-content\/uploads\/2020\/09\/11085736\/fa290dpiok-500x333.jpg 500w, https:\/\/cdn.unasp.br\/noticias\/wp-content\/uploads\/2020\/09\/11085736\/fa290dpiok-400x267.jpg 400w, https:\/\/cdn.unasp.br\/noticias\/wp-content\/uploads\/2020\/09\/11085736\/fa290dpiok-375x250.jpg 375w, https:\/\/cdn.unasp.br\/noticias\/wp-content\/uploads\/2020\/09\/11085736\/fa290dpiok-225x150.jpg 225w, https:\/\/cdn.unasp.br\/noticias\/wp-content\/uploads\/2020\/09\/11085736\/fa290dpiok-175x117.jpg 175w, https:\/\/cdn.unasp.br\/noticias\/wp-content\/uploads\/2020\/09\/11085736\/fa290dpiok-200x133.jpg 200w\" sizes=\"(max-width: 600px) 100vw, 600px\" \/><figcaption>&nbsp;Lenildo de Moura, consultor em doen\u00e7as cr\u00f4nicas e especialista em investiga\u00e7\u00e3o de campo da OPAS\/OMS no Brasil.<\/figcaption><\/figure><\/div>\n\n\n\n<p>O\npsic\u00f3logo Lev Vycotski ao falar sobre experi\u00eancias, afirma que \u201co saber que n\u00e3o\nvem da experi\u00eancia n\u00e3o \u00e9 realmente saber\u201d. E o Unasp acredita que o aluno\nprecisa vivenciar n\u00e3o s\u00f3 experi\u00eancias profissionais ao longo da sua passagem\npela institui\u00e7\u00e3o, mas momentos que v\u00e3o torn\u00e1-lo um cidad\u00e3o com car\u00e1ter\nexcepcional para os desafios futuros. <\/p>\n\n\n\n<p><strong>Experi\u00eancias no Voluntariado<\/strong><\/p>\n\n\n\n<p>No contexto de educar e servir,\nlema da institui\u00e7\u00e3o de ensino, em cada campus universit\u00e1rio existe um Centro de\nMiss\u00f5es que incentiva e envia os alunos para as diferentes partes do Brasil e\ndo Mundo a fim de servir por um per\u00edodo de 30 dias a at\u00e9 cinco anos. No \u00faltimo\nquinqu\u00eanio, o UNASP j\u00e1 atendeu mais de 50 pa\u00edses e 100 cidades brasileiras com\nestudantes e colaboradores que doaram parte da do seu tempo para a\u00e7\u00f5es de\nvoluntariado que v\u00e3o desde ensinar ingl\u00eas\/portugu\u00eas para crian\u00e7as at\u00e9 a\nconstru\u00e7\u00e3o de escolas e hospitais. <\/p>\n\n\n\n<p>Um dos exemplos de experi\u00eancias do\nvoluntariado vem do UNASP Engenheiro Coelho. Em julho de 2018, o projeto \u2018Miss\u00e3o\nAmazonas\u2019 conseguiu fechar um ciclo, entregar uma escola constru\u00edda na regi\u00e3o norte\ndo Brasil, a Escola T\u00e9cnica Adventista de Massauari (Etam), no munic\u00edpio de\nBarreirinha (AM). Ap\u00f3s cinco anos indo a esta comunidade ribeirinha para a\u00e7\u00f5es\nde sa\u00fade, educa\u00e7\u00e3o e constru\u00e7\u00e3o civil, o projeto saiu do papel e hoje a Escola\nT\u00e9cnica j\u00e1 funciona com 50 crian\u00e7as matriculadas e professores volunt\u00e1rios que\nfazem os est\u00e1gios obrigat\u00f3rios na unidade.<\/p>\n\n\n\n<p>De forma local, o voluntariado\ntamb\u00e9m acontece, a exemplo dos 25 grupos de estudantes que realizam atividades\nsolid\u00e1rias com moradores de rua, idosos em asilos, crian\u00e7as em situa\u00e7\u00e3o de\norfanato, dependentes qu\u00edmicos, constru\u00e7\u00e3o de moradias sociais para pessoas de\nbaixa renda, visita a hospitais e apoio para pessoas com algum tipo problema\npsicol\u00f3gico nas cidades pr\u00f3ximas ao campus. As a\u00e7\u00f5es tamb\u00e9m acontecem nos campi\nde S\u00e3o Paulo e Hortol\u00e2ndia. <\/p>\n\n\n\n<p>Hoje o UNASP, campus Engenheiro Coelho, oferece 16 cursos de gradua\u00e7\u00e3o,\n22 de p\u00f3s-gradua\u00e7\u00e3o e MBAs, um Mestrado Profissional em Educa\u00e7\u00e3o al\u00e9m do ensino\nb\u00e1sico e M\u00e9dio, bem como servi\u00e7os de interc\u00e2mbios culturais e imers\u00e3o\nlingu\u00edstica. <\/p>\n\n\n\n<p><strong>UNASP, Experi\u00eancias pra Vida <\/strong><\/p>\n\n\n\n<p>O UNASP hoje conta com mais de 33\ncursos de gradua\u00e7\u00e3o, 76 de extens\u00e3o e p\u00f3s-gradua\u00e7\u00e3o e dois mestrados\nprofissionais. Tudo isso, espalhados pelos tr\u00eas campi universit\u00e1rios, localizados\nna capital paulista, em Engenheiro Coelho e em Hortol\u00e2ndia. A institui\u00e7\u00e3o ainda\nconta com o servi\u00e7o de Educa\u00e7\u00e3o a Dist\u00e2ncia (EaD) distribu\u00eddo em 68 polos de\nensino em todo o pa\u00eds e uma Unidade de Ensino Descentralizada, no bairro de\nVila Matilde, zona leste de S\u00e3o Paulo. <\/p>\n\n\n\n<figure class=\"wp-block-gallery columns-3 is-cropped wp-block-gallery-2 is-layout-flex wp-block-gallery-is-layout-flex\"><ul class=\"blocks-gallery-grid\"><li class=\"blocks-gallery-item\"><figure><img loading=\"lazy\" decoding=\"async\" width=\"1024\" height=\"575\" src=\"https:\/\/www.unasp.br\/noticias\/wp-content\/uploads\/2020\/09\/WhatsApp-Image-2018-12-12-at-11.27.27-2-1024x575.jpeg\" alt=\"\" data-id=\"90172\" data-link=\"https:\/\/www.unasp.br\/noticias\/?attachment_id=90172\" class=\"wp-image-90172\" srcset=\"https:\/\/cdn.unasp.br\/noticias\/wp-content\/uploads\/2020\/09\/11085129\/WhatsApp-Image-2018-12-12-at-11.27.27-2-1024x575.jpeg 1024w, https:\/\/cdn.unasp.br\/noticias\/wp-content\/uploads\/2020\/09\/11085129\/WhatsApp-Image-2018-12-12-at-11.27.27-2-300x169.jpeg 300w, https:\/\/cdn.unasp.br\/noticias\/wp-content\/uploads\/2020\/09\/11085129\/WhatsApp-Image-2018-12-12-at-11.27.27-2-768x431.jpeg 768w, https:\/\/cdn.unasp.br\/noticias\/wp-content\/uploads\/2020\/09\/11085129\/WhatsApp-Image-2018-12-12-at-11.27.27-2-1068x600.jpeg 1068w, https:\/\/cdn.unasp.br\/noticias\/wp-content\/uploads\/2020\/09\/11085129\/WhatsApp-Image-2018-12-12-at-11.27.27-2-800x449.jpeg 800w, https:\/\/cdn.unasp.br\/noticias\/wp-content\/uploads\/2020\/09\/11085129\/WhatsApp-Image-2018-12-12-at-11.27.27-2-750x421.jpeg 750w, https:\/\/cdn.unasp.br\/noticias\/wp-content\/uploads\/2020\/09\/11085129\/WhatsApp-Image-2018-12-12-at-11.27.27-2-720x404.jpeg 720w, https:\/\/cdn.unasp.br\/noticias\/wp-content\/uploads\/2020\/09\/11085129\/WhatsApp-Image-2018-12-12-at-11.27.27-2-498x280.jpeg 498w, https:\/\/cdn.unasp.br\/noticias\/wp-content\/uploads\/2020\/09\/11085129\/WhatsApp-Image-2018-12-12-at-11.27.27-2-500x281.jpeg 500w, https:\/\/cdn.unasp.br\/noticias\/wp-content\/uploads\/2020\/09\/11085129\/WhatsApp-Image-2018-12-12-at-11.27.27-2-400x225.jpeg 400w, https:\/\/cdn.unasp.br\/noticias\/wp-content\/uploads\/2020\/09\/11085129\/WhatsApp-Image-2018-12-12-at-11.27.27-2-356x200.jpeg 356w, https:\/\/cdn.unasp.br\/noticias\/wp-content\/uploads\/2020\/09\/11085129\/WhatsApp-Image-2018-12-12-at-11.27.27-2-267x150.jpeg 267w, https:\/\/cdn.unasp.br\/noticias\/wp-content\/uploads\/2020\/09\/11085129\/WhatsApp-Image-2018-12-12-at-11.27.27-2-175x98.jpeg 175w, https:\/\/cdn.unasp.br\/noticias\/wp-content\/uploads\/2020\/09\/11085129\/WhatsApp-Image-2018-12-12-at-11.27.27-2-200x112.jpeg 200w, https:\/\/cdn.unasp.br\/noticias\/wp-content\/uploads\/2020\/09\/11085129\/WhatsApp-Image-2018-12-12-at-11.27.27-2.jpeg 1280w\" sizes=\"(max-width: 1024px) 100vw, 1024px\" \/><\/figure><\/li><li class=\"blocks-gallery-item\"><figure><img loading=\"lazy\" decoding=\"async\" width=\"1024\" height=\"576\" src=\"https:\/\/www.unasp.br\/noticias\/wp-content\/uploads\/2020\/09\/DJI_0063-1024x576.jpg\" alt=\"\" data-id=\"90173\" data-link=\"https:\/\/www.unasp.br\/noticias\/?attachment_id=90173\" class=\"wp-image-90173\" srcset=\"https:\/\/cdn.unasp.br\/noticias\/wp-content\/uploads\/2020\/09\/11085135\/DJI_0063-1024x576.jpg 1024w, https:\/\/cdn.unasp.br\/noticias\/wp-content\/uploads\/2020\/09\/11085135\/DJI_0063-300x169.jpg 300w, https:\/\/cdn.unasp.br\/noticias\/wp-content\/uploads\/2020\/09\/11085135\/DJI_0063-768x432.jpg 768w, https:\/\/cdn.unasp.br\/noticias\/wp-content\/uploads\/2020\/09\/11085135\/DJI_0063-1536x864.jpg 1536w, https:\/\/cdn.unasp.br\/noticias\/wp-content\/uploads\/2020\/09\/11085135\/DJI_0063-1067x600.jpg 1067w, https:\/\/cdn.unasp.br\/noticias\/wp-content\/uploads\/2020\/09\/11085135\/DJI_0063-1422x800.jpg 1422w, https:\/\/cdn.unasp.br\/noticias\/wp-content\/uploads\/2020\/09\/11085135\/DJI_0063-1280x720.jpg 1280w, https:\/\/cdn.unasp.br\/noticias\/wp-content\/uploads\/2020\/09\/11085135\/DJI_0063-800x450.jpg 800w, https:\/\/cdn.unasp.br\/noticias\/wp-content\/uploads\/2020\/09\/11085135\/DJI_0063-750x422.jpg 750w, https:\/\/cdn.unasp.br\/noticias\/wp-content\/uploads\/2020\/09\/11085135\/DJI_0063-720x405.jpg 720w, https:\/\/cdn.unasp.br\/noticias\/wp-content\/uploads\/2020\/09\/11085135\/DJI_0063-498x280.jpg 498w, https:\/\/cdn.unasp.br\/noticias\/wp-content\/uploads\/2020\/09\/11085135\/DJI_0063-500x281.jpg 500w, https:\/\/cdn.unasp.br\/noticias\/wp-content\/uploads\/2020\/09\/11085135\/DJI_0063-400x225.jpg 400w, https:\/\/cdn.unasp.br\/noticias\/wp-content\/uploads\/2020\/09\/11085135\/DJI_0063-356x200.jpg 356w, https:\/\/cdn.unasp.br\/noticias\/wp-content\/uploads\/2020\/09\/11085135\/DJI_0063-267x150.jpg 267w, https:\/\/cdn.unasp.br\/noticias\/wp-content\/uploads\/2020\/09\/11085135\/DJI_0063-175x98.jpg 175w, https:\/\/cdn.unasp.br\/noticias\/wp-content\/uploads\/2020\/09\/11085135\/DJI_0063-200x113.jpg 200w, https:\/\/cdn.unasp.br\/noticias\/wp-content\/uploads\/2020\/09\/11085135\/DJI_0063.jpg 2048w\" sizes=\"(max-width: 1024px) 100vw, 1024px\" \/><\/figure><\/li><li class=\"blocks-gallery-item\"><figure><img loading=\"lazy\" decoding=\"async\" width=\"768\" height=\"591\" src=\"https:\/\/www.unasp.br\/noticias\/wp-content\/uploads\/2020\/09\/35-anos-depois-credito-Fabrica-Visual-do-Unasp-EC-2.jpg\" alt=\"\" data-id=\"90176\" data-full-url=\"https:\/\/www.unasp.br\/noticias\/wp-content\/uploads\/2020\/09\/35-anos-depois-credito-Fabrica-Visual-do-Unasp-EC-2.jpg\" data-link=\"https:\/\/www.unasp.br\/noticias\/?attachment_id=90176\" class=\"wp-image-90176\" srcset=\"https:\/\/cdn.unasp.br\/noticias\/wp-content\/uploads\/2020\/09\/11085352\/35-anos-depois-credito-Fabrica-Visual-do-Unasp-EC-2.jpg 768w, https:\/\/cdn.unasp.br\/noticias\/wp-content\/uploads\/2020\/09\/11085352\/35-anos-depois-credito-Fabrica-Visual-do-Unasp-EC-2-300x231.jpg 300w, https:\/\/cdn.unasp.br\/noticias\/wp-content\/uploads\/2020\/09\/11085352\/35-anos-depois-credito-Fabrica-Visual-do-Unasp-EC-2-650x500.jpg 650w, https:\/\/cdn.unasp.br\/noticias\/wp-content\/uploads\/2020\/09\/11085352\/35-anos-depois-credito-Fabrica-Visual-do-Unasp-EC-2-624x480.jpg 624w, https:\/\/cdn.unasp.br\/noticias\/wp-content\/uploads\/2020\/09\/11085352\/35-anos-depois-credito-Fabrica-Visual-do-Unasp-EC-2-364x280.jpg 364w, https:\/\/cdn.unasp.br\/noticias\/wp-content\/uploads\/2020\/09\/11085352\/35-anos-depois-credito-Fabrica-Visual-do-Unasp-EC-2-500x385.jpg 500w, https:\/\/cdn.unasp.br\/noticias\/wp-content\/uploads\/2020\/09\/11085352\/35-anos-depois-credito-Fabrica-Visual-do-Unasp-EC-2-400x308.jpg 400w, https:\/\/cdn.unasp.br\/noticias\/wp-content\/uploads\/2020\/09\/11085352\/35-anos-depois-credito-Fabrica-Visual-do-Unasp-EC-2-325x250.jpg 325w, https:\/\/cdn.unasp.br\/noticias\/wp-content\/uploads\/2020\/09\/11085352\/35-anos-depois-credito-Fabrica-Visual-do-Unasp-EC-2-260x200.jpg 260w, https:\/\/cdn.unasp.br\/noticias\/wp-content\/uploads\/2020\/09\/11085352\/35-anos-depois-credito-Fabrica-Visual-do-Unasp-EC-2-195x150.jpg 195w, https:\/\/cdn.unasp.br\/noticias\/wp-content\/uploads\/2020\/09\/11085352\/35-anos-depois-credito-Fabrica-Visual-do-Unasp-EC-2-175x135.jpg 175w, https:\/\/cdn.unasp.br\/noticias\/wp-content\/uploads\/2020\/09\/11085352\/35-anos-depois-credito-Fabrica-Visual-do-Unasp-EC-2-200x154.jpg 200w\" sizes=\"(max-width: 768px) 100vw, 768px\" \/><\/figure><\/li><\/ul><\/figure>\n\n\n\n<p>Al\u00e9m disso, o UNASP tamb\u00e9m oferece\no Ensino Fundamental, M\u00e9dio, T\u00e9cnico e os interc\u00e2mbios lingu\u00edsticos e culturais\nde seis meses a um ano. S\u00e3o mais de 18 mil alunos que experimentam o que esse\nmodelo de ensino se prop\u00f5e. <\/p>\n\n\n\n<p>Recredenciado institucionalmente pelo MEC obtendo a nota m\u00e1xima, cinco estrelas, a institui\u00e7\u00e3o oferta 85% dos seus cursos de gradua\u00e7\u00e3o com notas 4 e 5, em uma escala de 1 a 5, e 80% do seu corpo docente com mestres ou doutores. O UNASP hoje \u00e9 reconhecido nacionalmente. Por fazer parte da rede adventista de ensino tamb\u00e9m se projeta para se tornar uma universidade at\u00e9 2030 e oferecer ainda mais experi\u00eancias aos seus estudantes, professores e colaboradores.<\/p>\n\n\n\n<figure class=\"wp-block-image size-large\"><img loading=\"lazy\" decoding=\"async\" width=\"1024\" height=\"641\" src=\"https:\/\/www.unasp.br\/noticias\/wp-content\/uploads\/2020\/09\/banner-02-1024x641.gif\" alt=\"\" class=\"wp-image-90175\" srcset=\"https:\/\/cdn.unasp.br\/noticias\/wp-content\/uploads\/2020\/09\/11085339\/banner-02-1024x641.gif 1024w, https:\/\/cdn.unasp.br\/noticias\/wp-content\/uploads\/2020\/09\/11085339\/banner-02-300x188.gif 300w, https:\/\/cdn.unasp.br\/noticias\/wp-content\/uploads\/2020\/09\/11085339\/banner-02-768x480.gif 768w, https:\/\/cdn.unasp.br\/noticias\/wp-content\/uploads\/2020\/09\/11085339\/banner-02-1536x961.gif 1536w, https:\/\/cdn.unasp.br\/noticias\/wp-content\/uploads\/2020\/09\/11085339\/banner-02-959x600.gif 959w, https:\/\/cdn.unasp.br\/noticias\/wp-content\/uploads\/2020\/09\/11085339\/banner-02-1279x800.gif 1279w, https:\/\/cdn.unasp.br\/noticias\/wp-content\/uploads\/2020\/09\/11085339\/banner-02-1151x720.gif 1151w, https:\/\/cdn.unasp.br\/noticias\/wp-content\/uploads\/2020\/09\/11085339\/banner-02-800x500.gif 800w, https:\/\/cdn.unasp.br\/noticias\/wp-content\/uploads\/2020\/09\/11085339\/banner-02-750x469.gif 750w, https:\/\/cdn.unasp.br\/noticias\/wp-content\/uploads\/2020\/09\/11085339\/banner-02-720x450.gif 720w, https:\/\/cdn.unasp.br\/noticias\/wp-content\/uploads\/2020\/09\/11085339\/banner-02-448x280.gif 448w, https:\/\/cdn.unasp.br\/noticias\/wp-content\/uploads\/2020\/09\/11085339\/banner-02-500x313.gif 500w, https:\/\/cdn.unasp.br\/noticias\/wp-content\/uploads\/2020\/09\/11085339\/banner-02-400x250.gif 400w, https:\/\/cdn.unasp.br\/noticias\/wp-content\/uploads\/2020\/09\/11085339\/banner-02-320x200.gif 320w, https:\/\/cdn.unasp.br\/noticias\/wp-content\/uploads\/2020\/09\/11085339\/banner-02-240x150.gif 240w, https:\/\/cdn.unasp.br\/noticias\/wp-content\/uploads\/2020\/09\/11085339\/banner-02-175x109.gif 175w, https:\/\/cdn.unasp.br\/noticias\/wp-content\/uploads\/2020\/09\/11085339\/banner-02-200x125.gif 200w\" sizes=\"(max-width: 1024px) 100vw, 1024px\" \/><\/figure>\n\n\n\n<p>Por quase dez anos, a marca UNASP\nteve como seu slogan associado o \u201cMuito Al\u00e9m do Ensino\u201d, e agora passa por uma\nreformula\u00e7\u00e3o, justamente para ter uma identidade ainda maior com a sua\nmantenedora e com a rede de ensino adventista. <\/p>\n\n\n\n<div class=\"wp-block-image\"><figure class=\"aligncenter is-resized\"><img loading=\"lazy\" decoding=\"async\" src=\"https:\/\/www.unasp.br\/noticias\/wp-content\/uploads\/2020\/09\/WhatsApp-Image-2020-09-02-at-09.23.37.jpeg\" alt=\"\" class=\"wp-image-90171\" width=\"526\" height=\"751\" srcset=\"https:\/\/cdn.unasp.br\/noticias\/wp-content\/uploads\/2020\/09\/11085038\/WhatsApp-Image-2020-09-02-at-09.23.37.jpeg 629w, https:\/\/cdn.unasp.br\/noticias\/wp-content\/uploads\/2020\/09\/11085038\/WhatsApp-Image-2020-09-02-at-09.23.37-210x300.jpeg 210w, https:\/\/cdn.unasp.br\/noticias\/wp-content\/uploads\/2020\/09\/11085038\/WhatsApp-Image-2020-09-02-at-09.23.37-420x600.jpeg 420w, https:\/\/cdn.unasp.br\/noticias\/wp-content\/uploads\/2020\/09\/11085038\/WhatsApp-Image-2020-09-02-at-09.23.37-560x800.jpeg 560w, https:\/\/cdn.unasp.br\/noticias\/wp-content\/uploads\/2020\/09\/11085038\/WhatsApp-Image-2020-09-02-at-09.23.37-504x720.jpeg 504w, https:\/\/cdn.unasp.br\/noticias\/wp-content\/uploads\/2020\/09\/11085038\/WhatsApp-Image-2020-09-02-at-09.23.37-350x500.jpeg 350w, https:\/\/cdn.unasp.br\/noticias\/wp-content\/uploads\/2020\/09\/11085038\/WhatsApp-Image-2020-09-02-at-09.23.37-336x480.jpeg 336w, https:\/\/cdn.unasp.br\/noticias\/wp-content\/uploads\/2020\/09\/11085038\/WhatsApp-Image-2020-09-02-at-09.23.37-196x280.jpeg 196w, https:\/\/cdn.unasp.br\/noticias\/wp-content\/uploads\/2020\/09\/11085038\/WhatsApp-Image-2020-09-02-at-09.23.37-280x400.jpeg 280w, https:\/\/cdn.unasp.br\/noticias\/wp-content\/uploads\/2020\/09\/11085038\/WhatsApp-Image-2020-09-02-at-09.23.37-175x250.jpeg 175w, https:\/\/cdn.unasp.br\/noticias\/wp-content\/uploads\/2020\/09\/11085038\/WhatsApp-Image-2020-09-02-at-09.23.37-140x200.jpeg 140w, https:\/\/cdn.unasp.br\/noticias\/wp-content\/uploads\/2020\/09\/11085038\/WhatsApp-Image-2020-09-02-at-09.23.37-105x150.jpeg 105w\" sizes=\"(max-width: 526px) 100vw, 526px\" \/><\/figure><\/div>\n\n\n\n<p><strong>UNASP, Experi\u00eancias Pra Vida<\/strong> ser\u00e1 a nova identidade visual que\nvai permear todos os planos, documentos e a\u00e7\u00f5es da institui\u00e7\u00e3o. Com a mesma\nmiss\u00e3o e vis\u00e3o de ser uma institui\u00e7\u00e3o educacional reconhecida pela excel\u00eancia\nnos servi\u00e7os prestados, pelos seus elevados padr\u00f5es \u00e9ticos e pela qualidade\npessoal e profissional de seus egressos, o UNASP vai continuar oferecendo\nservi\u00e7os e produtos para os alunos terem experi\u00eancias marcantes.<\/p>\n\n\n\n<p>O reitor da unidade, Dr. Martin\nKuhn, explica que esse posicionamento de marca s\u00f3 alinha a institui\u00e7\u00e3o ainda\nmais com o objetivo de oferecer algo que vai al\u00e9m dos limites de uma forma\u00e7\u00e3o\nacad\u00eamica, mas dar ao aluno uma forma\u00e7\u00e3o integral da vida. <\/p>\n\n\n\n<p>&nbsp;&nbsp;&nbsp;&nbsp;&nbsp;&nbsp;&nbsp;&nbsp;&nbsp;&nbsp;&nbsp; &#8220;Quando voc\u00ea lembra das experi\u00eancias mais importantes da sua vida, pode n\u00e3o se lembrar dos pequenos detalhes, mas \u00e9 a experi\u00eancia geral que vai marcar. Estudar no UNASP vai al\u00e9m do conseguir um diploma, mas ter experi\u00eancias que s\u00f3 se vive aqui, seja por meio das amizades, do contato mais pr\u00f3ximo com os professores, dos projetos sociais, interc\u00e2mbios estrangeiros e dos momentos de aprendizado e relacionamento com Deus\u201d, declara ele que chegou ao col\u00e9gio como aluno bolsista e hoje \u00e9 o reitor da institui\u00e7\u00e3o.<\/p>\n\n\n\n<figure class=\"wp-block-embed-youtube wp-block-embed is-type-video is-provider-youtube wp-embed-aspect-16-9 wp-has-aspect-ratio\"><div class=\"wp-block-embed__wrapper\">\n<iframe loading=\"lazy\" title=\"UNASP - Experi\u00eancias pra vida\" width=\"900\" height=\"506\" src=\"https:\/\/www.youtube.com\/embed\/el94jIHgx-k?feature=oembed\" frameborder=\"0\" allow=\"accelerometer; autoplay; encrypted-media; gyroscope; picture-in-picture\" allowfullscreen><\/iframe>\n<\/div><\/figure>\n\n\n\n<p><strong>Peda\u00e7o da Hist\u00f3ria<\/strong><\/p>\n\n\n\n<p>Em 105 Anos o\nUnasp colecionou v\u00e1rios logos e diversos nomes. Por\u00e9m a atual logomarca se\nconecta com a rede de escolas. Veja os principais destaques: <\/p>\n\n\n\n<ul><li>1915 &#8211; Col\u00e9gio da Uni\u00e3o Confer\u00eancia Brasileira dos Adventistas do S\u00e9timo Dia.<\/li><li>1943 &#8211; 1a. logo &#8211; Col\u00e9gio Adventista Brasileiro<\/li><li>1963 &#8211; 2a. logo &#8211; Instituto Adventista de Ensino<\/li><li>1999 &#8211; 3\u00aa. logo \u2013 UNASP (Centro Universit\u00e1rio Adventista de S\u00e3o Paulo)<\/li><li>2018 &#8211; 4a. logo \u2013 UNASP \/ Muito Al\u00e9m do Ensino<\/li><li>2020 &#8211; 5\u00aa logo \u2013 UNASP integrado \u00e0 Educa\u00e7\u00e3o Adventista<\/li><\/ul>\n\n\n\n<figure class=\"wp-block-gallery columns-3 is-cropped wp-block-gallery-3 is-layout-flex wp-block-gallery-is-layout-flex\"><ul class=\"blocks-gallery-grid\"><li class=\"blocks-gallery-item\"><figure><img loading=\"lazy\" decoding=\"async\" width=\"1024\" height=\"576\" src=\"https:\/\/www.unasp.br\/noticias\/wp-content\/uploads\/2020\/09\/WhatsApp-Image-2020-09-02-at-09.23.40-1-1024x576.jpeg\" alt=\"\" data-id=\"90165\" data-full-url=\"https:\/\/www.unasp.br\/noticias\/wp-content\/uploads\/2020\/09\/WhatsApp-Image-2020-09-02-at-09.23.40-1.jpeg\" data-link=\"https:\/\/www.unasp.br\/noticias\/?attachment_id=90165\" class=\"wp-image-90165\" srcset=\"https:\/\/cdn.unasp.br\/noticias\/wp-content\/uploads\/2020\/09\/11084939\/WhatsApp-Image-2020-09-02-at-09.23.40-1-1024x576.jpeg 1024w, https:\/\/cdn.unasp.br\/noticias\/wp-content\/uploads\/2020\/09\/11084939\/WhatsApp-Image-2020-09-02-at-09.23.40-1-300x169.jpeg 300w, https:\/\/cdn.unasp.br\/noticias\/wp-content\/uploads\/2020\/09\/11084939\/WhatsApp-Image-2020-09-02-at-09.23.40-1-768x432.jpeg 768w, https:\/\/cdn.unasp.br\/noticias\/wp-content\/uploads\/2020\/09\/11084939\/WhatsApp-Image-2020-09-02-at-09.23.40-1-1067x600.jpeg 1067w, https:\/\/cdn.unasp.br\/noticias\/wp-content\/uploads\/2020\/09\/11084939\/WhatsApp-Image-2020-09-02-at-09.23.40-1-800x450.jpeg 800w, https:\/\/cdn.unasp.br\/noticias\/wp-content\/uploads\/2020\/09\/11084939\/WhatsApp-Image-2020-09-02-at-09.23.40-1-750x422.jpeg 750w, https:\/\/cdn.unasp.br\/noticias\/wp-content\/uploads\/2020\/09\/11084939\/WhatsApp-Image-2020-09-02-at-09.23.40-1-720x405.jpeg 720w, https:\/\/cdn.unasp.br\/noticias\/wp-content\/uploads\/2020\/09\/11084939\/WhatsApp-Image-2020-09-02-at-09.23.40-1-498x280.jpeg 498w, https:\/\/cdn.unasp.br\/noticias\/wp-content\/uploads\/2020\/09\/11084939\/WhatsApp-Image-2020-09-02-at-09.23.40-1-500x281.jpeg 500w, https:\/\/cdn.unasp.br\/noticias\/wp-content\/uploads\/2020\/09\/11084939\/WhatsApp-Image-2020-09-02-at-09.23.40-1-400x225.jpeg 400w, https:\/\/cdn.unasp.br\/noticias\/wp-content\/uploads\/2020\/09\/11084939\/WhatsApp-Image-2020-09-02-at-09.23.40-1-356x200.jpeg 356w, https:\/\/cdn.unasp.br\/noticias\/wp-content\/uploads\/2020\/09\/11084939\/WhatsApp-Image-2020-09-02-at-09.23.40-1-267x150.jpeg 267w, https:\/\/cdn.unasp.br\/noticias\/wp-content\/uploads\/2020\/09\/11084939\/WhatsApp-Image-2020-09-02-at-09.23.40-1-175x98.jpeg 175w, https:\/\/cdn.unasp.br\/noticias\/wp-content\/uploads\/2020\/09\/11084939\/WhatsApp-Image-2020-09-02-at-09.23.40-1-200x113.jpeg 200w, https:\/\/cdn.unasp.br\/noticias\/wp-content\/uploads\/2020\/09\/11084939\/WhatsApp-Image-2020-09-02-at-09.23.40-1.jpeg 1280w\" sizes=\"(max-width: 1024px) 100vw, 1024px\" \/><\/figure><\/li><li class=\"blocks-gallery-item\"><figure><img loading=\"lazy\" decoding=\"async\" width=\"1024\" height=\"576\" src=\"https:\/\/www.unasp.br\/noticias\/wp-content\/uploads\/2020\/09\/WhatsApp-Image-2020-09-02-at-09.23.41-1-1024x576.jpeg\" alt=\"\" data-id=\"90166\" data-full-url=\"https:\/\/www.unasp.br\/noticias\/wp-content\/uploads\/2020\/09\/WhatsApp-Image-2020-09-02-at-09.23.41-1.jpeg\" data-link=\"https:\/\/www.unasp.br\/noticias\/?attachment_id=90166\" class=\"wp-image-90166\" srcset=\"https:\/\/cdn.unasp.br\/noticias\/wp-content\/uploads\/2020\/09\/11084944\/WhatsApp-Image-2020-09-02-at-09.23.41-1-1024x576.jpeg 1024w, https:\/\/cdn.unasp.br\/noticias\/wp-content\/uploads\/2020\/09\/11084944\/WhatsApp-Image-2020-09-02-at-09.23.41-1-300x169.jpeg 300w, https:\/\/cdn.unasp.br\/noticias\/wp-content\/uploads\/2020\/09\/11084944\/WhatsApp-Image-2020-09-02-at-09.23.41-1-768x432.jpeg 768w, https:\/\/cdn.unasp.br\/noticias\/wp-content\/uploads\/2020\/09\/11084944\/WhatsApp-Image-2020-09-02-at-09.23.41-1-1067x600.jpeg 1067w, https:\/\/cdn.unasp.br\/noticias\/wp-content\/uploads\/2020\/09\/11084944\/WhatsApp-Image-2020-09-02-at-09.23.41-1-800x450.jpeg 800w, https:\/\/cdn.unasp.br\/noticias\/wp-content\/uploads\/2020\/09\/11084944\/WhatsApp-Image-2020-09-02-at-09.23.41-1-750x422.jpeg 750w, https:\/\/cdn.unasp.br\/noticias\/wp-content\/uploads\/2020\/09\/11084944\/WhatsApp-Image-2020-09-02-at-09.23.41-1-720x405.jpeg 720w, https:\/\/cdn.unasp.br\/noticias\/wp-content\/uploads\/2020\/09\/11084944\/WhatsApp-Image-2020-09-02-at-09.23.41-1-498x280.jpeg 498w, https:\/\/cdn.unasp.br\/noticias\/wp-content\/uploads\/2020\/09\/11084944\/WhatsApp-Image-2020-09-02-at-09.23.41-1-500x281.jpeg 500w, https:\/\/cdn.unasp.br\/noticias\/wp-content\/uploads\/2020\/09\/11084944\/WhatsApp-Image-2020-09-02-at-09.23.41-1-400x225.jpeg 400w, https:\/\/cdn.unasp.br\/noticias\/wp-content\/uploads\/2020\/09\/11084944\/WhatsApp-Image-2020-09-02-at-09.23.41-1-356x200.jpeg 356w, https:\/\/cdn.unasp.br\/noticias\/wp-content\/uploads\/2020\/09\/11084944\/WhatsApp-Image-2020-09-02-at-09.23.41-1-267x150.jpeg 267w, https:\/\/cdn.unasp.br\/noticias\/wp-content\/uploads\/2020\/09\/11084944\/WhatsApp-Image-2020-09-02-at-09.23.41-1-175x98.jpeg 175w, https:\/\/cdn.unasp.br\/noticias\/wp-content\/uploads\/2020\/09\/11084944\/WhatsApp-Image-2020-09-02-at-09.23.41-1-200x113.jpeg 200w, https:\/\/cdn.unasp.br\/noticias\/wp-content\/uploads\/2020\/09\/11084944\/WhatsApp-Image-2020-09-02-at-09.23.41-1.jpeg 1280w\" sizes=\"(max-width: 1024px) 100vw, 1024px\" \/><\/figure><\/li><li class=\"blocks-gallery-item\"><figure><img loading=\"lazy\" decoding=\"async\" width=\"1024\" height=\"576\" src=\"https:\/\/www.unasp.br\/noticias\/wp-content\/uploads\/2020\/09\/WhatsApp-Image-2020-09-02-at-09.23.41-1024x576.jpeg\" alt=\"\" data-id=\"90167\" data-full-url=\"https:\/\/www.unasp.br\/noticias\/wp-content\/uploads\/2020\/09\/WhatsApp-Image-2020-09-02-at-09.23.41.jpeg\" data-link=\"https:\/\/www.unasp.br\/noticias\/?attachment_id=90167\" class=\"wp-image-90167\" srcset=\"https:\/\/cdn.unasp.br\/noticias\/wp-content\/uploads\/2020\/09\/11084949\/WhatsApp-Image-2020-09-02-at-09.23.41-1024x576.jpeg 1024w, https:\/\/cdn.unasp.br\/noticias\/wp-content\/uploads\/2020\/09\/11084949\/WhatsApp-Image-2020-09-02-at-09.23.41-300x169.jpeg 300w, https:\/\/cdn.unasp.br\/noticias\/wp-content\/uploads\/2020\/09\/11084949\/WhatsApp-Image-2020-09-02-at-09.23.41-768x432.jpeg 768w, https:\/\/cdn.unasp.br\/noticias\/wp-content\/uploads\/2020\/09\/11084949\/WhatsApp-Image-2020-09-02-at-09.23.41-1067x600.jpeg 1067w, https:\/\/cdn.unasp.br\/noticias\/wp-content\/uploads\/2020\/09\/11084949\/WhatsApp-Image-2020-09-02-at-09.23.41-800x450.jpeg 800w, https:\/\/cdn.unasp.br\/noticias\/wp-content\/uploads\/2020\/09\/11084949\/WhatsApp-Image-2020-09-02-at-09.23.41-750x422.jpeg 750w, https:\/\/cdn.unasp.br\/noticias\/wp-content\/uploads\/2020\/09\/11084949\/WhatsApp-Image-2020-09-02-at-09.23.41-720x405.jpeg 720w, https:\/\/cdn.unasp.br\/noticias\/wp-content\/uploads\/2020\/09\/11084949\/WhatsApp-Image-2020-09-02-at-09.23.41-498x280.jpeg 498w, https:\/\/cdn.unasp.br\/noticias\/wp-content\/uploads\/2020\/09\/11084949\/WhatsApp-Image-2020-09-02-at-09.23.41-500x281.jpeg 500w, https:\/\/cdn.unasp.br\/noticias\/wp-content\/uploads\/2020\/09\/11084949\/WhatsApp-Image-2020-09-02-at-09.23.41-400x225.jpeg 400w, https:\/\/cdn.unasp.br\/noticias\/wp-content\/uploads\/2020\/09\/11084949\/WhatsApp-Image-2020-09-02-at-09.23.41-356x200.jpeg 356w, https:\/\/cdn.unasp.br\/noticias\/wp-content\/uploads\/2020\/09\/11084949\/WhatsApp-Image-2020-09-02-at-09.23.41-267x150.jpeg 267w, https:\/\/cdn.unasp.br\/noticias\/wp-content\/uploads\/2020\/09\/11084949\/WhatsApp-Image-2020-09-02-at-09.23.41-175x98.jpeg 175w, https:\/\/cdn.unasp.br\/noticias\/wp-content\/uploads\/2020\/09\/11084949\/WhatsApp-Image-2020-09-02-at-09.23.41-200x113.jpeg 200w, https:\/\/cdn.unasp.br\/noticias\/wp-content\/uploads\/2020\/09\/11084949\/WhatsApp-Image-2020-09-02-at-09.23.41.jpeg 1280w\" sizes=\"(max-width: 1024px) 100vw, 1024px\" \/><\/figure><\/li><li class=\"blocks-gallery-item\"><figure><img loading=\"lazy\" decoding=\"async\" width=\"1024\" height=\"576\" src=\"https:\/\/www.unasp.br\/noticias\/wp-content\/uploads\/2020\/09\/WhatsApp-Image-2020-09-02-at-09.23.42-1024x576.jpeg\" alt=\"\" data-id=\"90168\" data-full-url=\"https:\/\/www.unasp.br\/noticias\/wp-content\/uploads\/2020\/09\/WhatsApp-Image-2020-09-02-at-09.23.42.jpeg\" data-link=\"https:\/\/www.unasp.br\/noticias\/?attachment_id=90168\" class=\"wp-image-90168\" srcset=\"https:\/\/cdn.unasp.br\/noticias\/wp-content\/uploads\/2020\/09\/11084954\/WhatsApp-Image-2020-09-02-at-09.23.42-1024x576.jpeg 1024w, https:\/\/cdn.unasp.br\/noticias\/wp-content\/uploads\/2020\/09\/11084954\/WhatsApp-Image-2020-09-02-at-09.23.42-300x169.jpeg 300w, https:\/\/cdn.unasp.br\/noticias\/wp-content\/uploads\/2020\/09\/11084954\/WhatsApp-Image-2020-09-02-at-09.23.42-768x432.jpeg 768w, https:\/\/cdn.unasp.br\/noticias\/wp-content\/uploads\/2020\/09\/11084954\/WhatsApp-Image-2020-09-02-at-09.23.42-1067x600.jpeg 1067w, https:\/\/cdn.unasp.br\/noticias\/wp-content\/uploads\/2020\/09\/11084954\/WhatsApp-Image-2020-09-02-at-09.23.42-800x450.jpeg 800w, https:\/\/cdn.unasp.br\/noticias\/wp-content\/uploads\/2020\/09\/11084954\/WhatsApp-Image-2020-09-02-at-09.23.42-750x422.jpeg 750w, https:\/\/cdn.unasp.br\/noticias\/wp-content\/uploads\/2020\/09\/11084954\/WhatsApp-Image-2020-09-02-at-09.23.42-720x405.jpeg 720w, https:\/\/cdn.unasp.br\/noticias\/wp-content\/uploads\/2020\/09\/11084954\/WhatsApp-Image-2020-09-02-at-09.23.42-498x280.jpeg 498w, https:\/\/cdn.unasp.br\/noticias\/wp-content\/uploads\/2020\/09\/11084954\/WhatsApp-Image-2020-09-02-at-09.23.42-500x281.jpeg 500w, https:\/\/cdn.unasp.br\/noticias\/wp-content\/uploads\/2020\/09\/11084954\/WhatsApp-Image-2020-09-02-at-09.23.42-400x225.jpeg 400w, https:\/\/cdn.unasp.br\/noticias\/wp-content\/uploads\/2020\/09\/11084954\/WhatsApp-Image-2020-09-02-at-09.23.42-356x200.jpeg 356w, https:\/\/cdn.unasp.br\/noticias\/wp-content\/uploads\/2020\/09\/11084954\/WhatsApp-Image-2020-09-02-at-09.23.42-267x150.jpeg 267w, https:\/\/cdn.unasp.br\/noticias\/wp-content\/uploads\/2020\/09\/11084954\/WhatsApp-Image-2020-09-02-at-09.23.42-175x98.jpeg 175w, https:\/\/cdn.unasp.br\/noticias\/wp-content\/uploads\/2020\/09\/11084954\/WhatsApp-Image-2020-09-02-at-09.23.42-200x113.jpeg 200w, https:\/\/cdn.unasp.br\/noticias\/wp-content\/uploads\/2020\/09\/11084954\/WhatsApp-Image-2020-09-02-at-09.23.42.jpeg 1280w\" sizes=\"(max-width: 1024px) 100vw, 1024px\" \/><\/figure><\/li><\/ul><\/figure>\n\n\n\n<p><strong>Galeria &amp;\nMicrocosmos<\/strong><\/p>\n\n\n\n<ul><li>1972 &#8211; 1a.\nLogomarca da Educa\u00e7\u00e3o Adventista<\/li><\/ul>\n\n\n\n<ul><li>1976 &#8211; A 2a.\nlogo inova na fonte e introduz cor.<\/li><li>1974 \u2013 1985 &#8211; A\nUSB estiliza a m\u00e3o do mestre e a m\u00e3o de Deus.<\/li><li>1979 &#8211; A logo\naparece na campanha de matr\u00edcula na regi\u00e3o sul do pa\u00eds.<\/li><\/ul>\n\n\n\n<p><strong>Identidade\nSul-Americana<\/strong><\/p>\n\n\n\n<ul><li>1987 &#8211; O\ndepartamento de Educa\u00e7\u00e3o da UCB apresenta nova logomarca para os Estados de SP,\nMT, GO, TO e Distrito Federal.<\/li><li>1991 &#8211; Noventa\ne seis anos ap\u00f3s Guilherme Stein Jr liderar o Col\u00e9gio Internacional de Curitiba\n(1895) a Igreja Adventista (DSA) unifica logomarca da Educa\u00e7\u00e3o Adventista para\noito pa\u00edses da Am\u00e9rica do Sul. Introduz-se a B\u00edblia no centro dos elementos\ngr\u00e1ficos.<\/li><li>2000 &#8211; Novo\navan\u00e7o fortalece a unidade ao aproximar a logomarca da Educa\u00e7\u00e3o Adventista com\na logomarca mundial da Igreja Adventista. Al\u00e9m da cor, acrescenta-se a cruz, o\nglobo e a chama do Esp\u00edrito Santo representando as tr\u00eas mensagens ang\u00e9licas.<\/li><\/ul>\n\n\n\n<figure class=\"wp-block-gallery columns-1 is-cropped wp-block-gallery-4 is-layout-flex wp-block-gallery-is-layout-flex\"><ul class=\"blocks-gallery-grid\"><li class=\"blocks-gallery-item\"><figure><img loading=\"lazy\" decoding=\"async\" width=\"1024\" height=\"576\" src=\"https:\/\/www.unasp.br\/noticias\/wp-content\/uploads\/2020\/09\/WhatsApp-Image-2020-09-02-at-09.23.43-1024x576.jpeg\" alt=\"\" data-id=\"90169\" data-full-url=\"https:\/\/www.unasp.br\/noticias\/wp-content\/uploads\/2020\/09\/WhatsApp-Image-2020-09-02-at-09.23.43.jpeg\" data-link=\"https:\/\/www.unasp.br\/noticias\/?attachment_id=90169\" class=\"wp-image-90169\" srcset=\"https:\/\/cdn.unasp.br\/noticias\/wp-content\/uploads\/2020\/09\/11084958\/WhatsApp-Image-2020-09-02-at-09.23.43-1024x576.jpeg 1024w, https:\/\/cdn.unasp.br\/noticias\/wp-content\/uploads\/2020\/09\/11084958\/WhatsApp-Image-2020-09-02-at-09.23.43-300x169.jpeg 300w, https:\/\/cdn.unasp.br\/noticias\/wp-content\/uploads\/2020\/09\/11084958\/WhatsApp-Image-2020-09-02-at-09.23.43-768x432.jpeg 768w, https:\/\/cdn.unasp.br\/noticias\/wp-content\/uploads\/2020\/09\/11084958\/WhatsApp-Image-2020-09-02-at-09.23.43-1067x600.jpeg 1067w, https:\/\/cdn.unasp.br\/noticias\/wp-content\/uploads\/2020\/09\/11084958\/WhatsApp-Image-2020-09-02-at-09.23.43-800x450.jpeg 800w, https:\/\/cdn.unasp.br\/noticias\/wp-content\/uploads\/2020\/09\/11084958\/WhatsApp-Image-2020-09-02-at-09.23.43-750x422.jpeg 750w, https:\/\/cdn.unasp.br\/noticias\/wp-content\/uploads\/2020\/09\/11084958\/WhatsApp-Image-2020-09-02-at-09.23.43-720x405.jpeg 720w, https:\/\/cdn.unasp.br\/noticias\/wp-content\/uploads\/2020\/09\/11084958\/WhatsApp-Image-2020-09-02-at-09.23.43-498x280.jpeg 498w, https:\/\/cdn.unasp.br\/noticias\/wp-content\/uploads\/2020\/09\/11084958\/WhatsApp-Image-2020-09-02-at-09.23.43-500x281.jpeg 500w, https:\/\/cdn.unasp.br\/noticias\/wp-content\/uploads\/2020\/09\/11084958\/WhatsApp-Image-2020-09-02-at-09.23.43-400x225.jpeg 400w, https:\/\/cdn.unasp.br\/noticias\/wp-content\/uploads\/2020\/09\/11084958\/WhatsApp-Image-2020-09-02-at-09.23.43-356x200.jpeg 356w, https:\/\/cdn.unasp.br\/noticias\/wp-content\/uploads\/2020\/09\/11084958\/WhatsApp-Image-2020-09-02-at-09.23.43-267x150.jpeg 267w, https:\/\/cdn.unasp.br\/noticias\/wp-content\/uploads\/2020\/09\/11084958\/WhatsApp-Image-2020-09-02-at-09.23.43-175x98.jpeg 175w, https:\/\/cdn.unasp.br\/noticias\/wp-content\/uploads\/2020\/09\/11084958\/WhatsApp-Image-2020-09-02-at-09.23.43-200x113.jpeg 200w, https:\/\/cdn.unasp.br\/noticias\/wp-content\/uploads\/2020\/09\/11084958\/WhatsApp-Image-2020-09-02-at-09.23.43.jpeg 1280w\" sizes=\"(max-width: 1024px) 100vw, 1024px\" \/><\/figure><\/li><\/ul><\/figure>\n\n\n\n<p>&nbsp;&nbsp;&nbsp;&nbsp;&nbsp;&nbsp;&nbsp;&nbsp;&nbsp;&nbsp;&nbsp; Seja pelo envolvimento nas aulas,\nnos grupos de amigos, nas gincanas educativas, nos projetos sociais ou de\nextens\u00e3o universit\u00e1ria, no grupo de pesquisa cient\u00edfica, nos corais musicais e\nde libras, nos diferentes cultos e atividades religiosas ou nas interven\u00e7\u00f5es art\u00edsticas\ne culturais que acontecem nas cidades pr\u00f3ximas, das miss\u00f5es transculturais ou\najudas urbanas em asilos, com moradores de rua e orfanatos, no conv\u00edvio do\nesporte ou nos passeios pelas alamedas do campus, estudar no Unasp \u00e9 ter a\ncerteza de experi\u00eancias que v\u00e3o al\u00e9m da sala de aula, \u00e9 ter experi\u00eancias para\ntoda uma vida. <\/p>\n\n\n\n<p>&nbsp;&nbsp;&nbsp;&nbsp;&nbsp;&nbsp;&nbsp;&nbsp;&nbsp;&nbsp;&nbsp; Ter\nexperi\u00eancias para a vida dentro de uma institui\u00e7\u00e3o de ensino \u00e9 alcan\u00e7ar o auge\nda educa\u00e7\u00e3o e \u00e9 isso que o UNASP se prop\u00f5e. <\/p>\n\n\n\n<p><em>\u201cA verdadeira educa\u00e7\u00e3o n\u00e3o desconhece o valor dos conhecimentos cient\u00edficos ou aquisi\u00e7\u00f5es liter\u00e1rias; mas acima da instru\u00e7\u00e3o aprecia a capacidade, acima da capacidade a bondade, e acima das aquisi\u00e7\u00f5es intelectuais o car\u00e1ter. O mundo n\u00e3o necessita tanto de homens de grande intelecto, como de nobre car\u00e1ter. Necessita de homens cuja habilidade \u00e9 dirigida por princ\u00edpios firmes. \u201d (White, 1997, p. 225)<\/em><\/p>\n\n\n\n<figure class=\"wp-block-gallery columns-1 is-cropped wp-block-gallery-5 is-layout-flex wp-block-gallery-is-layout-flex\"><ul class=\"blocks-gallery-grid\"><li class=\"blocks-gallery-item\"><figure><img loading=\"lazy\" decoding=\"async\" width=\"1024\" height=\"576\" src=\"https:\/\/www.unasp.br\/noticias\/wp-content\/uploads\/2020\/09\/WhatsApp-Image-2020-09-02-at-09.23.38.jpeg\" alt=\"\" data-id=\"90170\" data-full-url=\"https:\/\/www.unasp.br\/noticias\/wp-content\/uploads\/2020\/09\/WhatsApp-Image-2020-09-02-at-09.23.38.jpeg\" data-link=\"https:\/\/www.unasp.br\/noticias\/?attachment_id=90170\" class=\"wp-image-90170\" srcset=\"https:\/\/cdn.unasp.br\/noticias\/wp-content\/uploads\/2020\/09\/11085010\/WhatsApp-Image-2020-09-02-at-09.23.38.jpeg 1024w, https:\/\/cdn.unasp.br\/noticias\/wp-content\/uploads\/2020\/09\/11085010\/WhatsApp-Image-2020-09-02-at-09.23.38-300x169.jpeg 300w, https:\/\/cdn.unasp.br\/noticias\/wp-content\/uploads\/2020\/09\/11085010\/WhatsApp-Image-2020-09-02-at-09.23.38-768x432.jpeg 768w, https:\/\/cdn.unasp.br\/noticias\/wp-content\/uploads\/2020\/09\/11085010\/WhatsApp-Image-2020-09-02-at-09.23.38-800x450.jpeg 800w, https:\/\/cdn.unasp.br\/noticias\/wp-content\/uploads\/2020\/09\/11085010\/WhatsApp-Image-2020-09-02-at-09.23.38-750x422.jpeg 750w, https:\/\/cdn.unasp.br\/noticias\/wp-content\/uploads\/2020\/09\/11085010\/WhatsApp-Image-2020-09-02-at-09.23.38-720x405.jpeg 720w, https:\/\/cdn.unasp.br\/noticias\/wp-content\/uploads\/2020\/09\/11085010\/WhatsApp-Image-2020-09-02-at-09.23.38-498x280.jpeg 498w, https:\/\/cdn.unasp.br\/noticias\/wp-content\/uploads\/2020\/09\/11085010\/WhatsApp-Image-2020-09-02-at-09.23.38-500x281.jpeg 500w, https:\/\/cdn.unasp.br\/noticias\/wp-content\/uploads\/2020\/09\/11085010\/WhatsApp-Image-2020-09-02-at-09.23.38-400x225.jpeg 400w, https:\/\/cdn.unasp.br\/noticias\/wp-content\/uploads\/2020\/09\/11085010\/WhatsApp-Image-2020-09-02-at-09.23.38-356x200.jpeg 356w, https:\/\/cdn.unasp.br\/noticias\/wp-content\/uploads\/2020\/09\/11085010\/WhatsApp-Image-2020-09-02-at-09.23.38-267x150.jpeg 267w, https:\/\/cdn.unasp.br\/noticias\/wp-content\/uploads\/2020\/09\/11085010\/WhatsApp-Image-2020-09-02-at-09.23.38-175x98.jpeg 175w, https:\/\/cdn.unasp.br\/noticias\/wp-content\/uploads\/2020\/09\/11085010\/WhatsApp-Image-2020-09-02-at-09.23.38-200x113.jpeg 200w\" sizes=\"(max-width: 1024px) 100vw, 1024px\" \/><\/figure><\/li><\/ul><\/figure>\n","protected":false},"excerpt":{"rendered":"<p>Com novo slogan, Unasp se prop\u00f5e a fixar a marca de seu principal objetivo: formar cidad\u00e3os em todos os aspectos da vida. Veja hist\u00f3ria das logomarcas.<\/p>\n","protected":false},"author":30,"featured_media":90163,"comment_status":"open","ping_status":"open","sticky":true,"template":"","format":"standard","meta":{"footnotes":""},"categories":[10],"tags":[],"yoast_head":"<!-- This site is optimized with the Yoast SEO plugin v23.5 - https:\/\/yoast.com\/wordpress\/plugins\/seo\/ -->\n<title>UNASP: institui\u00e7\u00e3o que oferece Experi\u00eancias pra Vida<\/title>\n<meta name=\"description\" content=\"Com novo slogan, Unasp se prop\u00f5e a fixar a marca de seu principal objetivo: formar cidad\u00e3os em todos os aspectos da vida. Veja hist\u00f3ria das logomarcas.\" \/>\n<meta name=\"robots\" content=\"index, follow, max-snippet:-1, max-image-preview:large, max-video-preview:-1\" \/>\n<link rel=\"canonical\" href=\"https:\/\/unasp.br\/noticias\/unasp-instituicao-que-oferece-experiencias-pra-vida\/\" \/>\n<meta property=\"og:locale\" content=\"pt_BR\" \/>\n<meta property=\"og:type\" content=\"article\" \/>\n<meta property=\"og:title\" content=\"UNASP: institui\u00e7\u00e3o que oferece Experi\u00eancias pra Vida\" \/>\n<meta property=\"og:description\" content=\"Com novo slogan, Unasp se prop\u00f5e a fixar a marca de seu principal objetivo: formar cidad\u00e3os em todos os aspectos da vida. Veja hist\u00f3ria das logomarcas.\" \/>\n<meta property=\"og:url\" content=\"https:\/\/unasp.br\/noticias\/unasp-instituicao-que-oferece-experiencias-pra-vida\/\" \/>\n<meta property=\"og:site_name\" content=\"UNASP Noticias\" \/>\n<meta property=\"article:published_time\" content=\"2020-09-11T14:58:01+00:00\" \/>\n<meta property=\"article:modified_time\" content=\"2020-09-11T14:58:56+00:00\" \/>\n<meta property=\"og:image\" content=\"https:\/\/cdn.unasp.br\/noticias\/wp-content\/uploads\/2020\/09\/11084647\/Captura-de-Tela-2020-07-03-a%CC%80s-10.47.23.png\" \/>\n\t<meta property=\"og:image:width\" content=\"2372\" \/>\n\t<meta property=\"og:image:height\" content=\"1648\" \/>\n\t<meta property=\"og:image:type\" content=\"image\/png\" \/>\n<meta name=\"author\" content=\"Aira Almeida\" \/>\n<meta name=\"twitter:card\" content=\"summary_large_image\" \/>\n<meta name=\"twitter:label1\" content=\"Escrito por\" \/>\n\t<meta name=\"twitter:data1\" content=\"Aira Almeida\" \/>\n\t<meta name=\"twitter:label2\" content=\"Est. tempo de leitura\" \/>\n\t<meta name=\"twitter:data2\" content=\"10 minutos\" \/>\n<script type=\"application\/ld+json\" class=\"yoast-schema-graph\">{\"@context\":\"https:\/\/schema.org\",\"@graph\":[{\"@type\":\"Article\",\"@id\":\"https:\/\/unasp.br\/noticias\/unasp-instituicao-que-oferece-experiencias-pra-vida\/#article\",\"isPartOf\":{\"@id\":\"https:\/\/unasp.br\/noticias\/unasp-instituicao-que-oferece-experiencias-pra-vida\/\"},\"author\":{\"name\":\"Aira Almeida\",\"@id\":\"https:\/\/unasp.br\/noticias\/#\/schema\/person\/80f09a3ec674501e6bb13144ffa2489f\"},\"headline\":\"UNASP: institui\u00e7\u00e3o que oferece Experi\u00eancias pra Vida\",\"datePublished\":\"2020-09-11T14:58:01+00:00\",\"dateModified\":\"2020-09-11T14:58:56+00:00\",\"mainEntityOfPage\":{\"@id\":\"https:\/\/unasp.br\/noticias\/unasp-instituicao-que-oferece-experiencias-pra-vida\/\"},\"wordCount\":2009,\"commentCount\":0,\"publisher\":{\"@id\":\"https:\/\/unasp.br\/noticias\/#organization\"},\"image\":{\"@id\":\"https:\/\/unasp.br\/noticias\/unasp-instituicao-que-oferece-experiencias-pra-vida\/#primaryimage\"},\"thumbnailUrl\":\"https:\/\/cdn.unasp.br\/noticias\/wp-content\/uploads\/2020\/09\/11084647\/Captura-de-Tela-2020-07-03-a%CC%80s-10.47.23.png\",\"articleSection\":[\"Impacto Social\"],\"inLanguage\":\"pt-BR\",\"potentialAction\":[{\"@type\":\"CommentAction\",\"name\":\"Comment\",\"target\":[\"https:\/\/unasp.br\/noticias\/unasp-instituicao-que-oferece-experiencias-pra-vida\/#respond\"]}]},{\"@type\":\"WebPage\",\"@id\":\"https:\/\/unasp.br\/noticias\/unasp-instituicao-que-oferece-experiencias-pra-vida\/\",\"url\":\"https:\/\/unasp.br\/noticias\/unasp-instituicao-que-oferece-experiencias-pra-vida\/\",\"name\":\"UNASP: institui\u00e7\u00e3o que oferece Experi\u00eancias pra Vida\",\"isPartOf\":{\"@id\":\"https:\/\/unasp.br\/noticias\/#website\"},\"primaryImageOfPage\":{\"@id\":\"https:\/\/unasp.br\/noticias\/unasp-instituicao-que-oferece-experiencias-pra-vida\/#primaryimage\"},\"image\":{\"@id\":\"https:\/\/unasp.br\/noticias\/unasp-instituicao-que-oferece-experiencias-pra-vida\/#primaryimage\"},\"thumbnailUrl\":\"https:\/\/cdn.unasp.br\/noticias\/wp-content\/uploads\/2020\/09\/11084647\/Captura-de-Tela-2020-07-03-a%CC%80s-10.47.23.png\",\"datePublished\":\"2020-09-11T14:58:01+00:00\",\"dateModified\":\"2020-09-11T14:58:56+00:00\",\"description\":\"Com novo slogan, Unasp se prop\u00f5e a fixar a marca de seu principal objetivo: formar cidad\u00e3os em todos os aspectos da vida. Veja hist\u00f3ria das logomarcas.\",\"breadcrumb\":{\"@id\":\"https:\/\/unasp.br\/noticias\/unasp-instituicao-que-oferece-experiencias-pra-vida\/#breadcrumb\"},\"inLanguage\":\"pt-BR\",\"potentialAction\":[{\"@type\":\"ReadAction\",\"target\":[\"https:\/\/unasp.br\/noticias\/unasp-instituicao-que-oferece-experiencias-pra-vida\/\"]}]},{\"@type\":\"ImageObject\",\"inLanguage\":\"pt-BR\",\"@id\":\"https:\/\/unasp.br\/noticias\/unasp-instituicao-que-oferece-experiencias-pra-vida\/#primaryimage\",\"url\":\"https:\/\/cdn.unasp.br\/noticias\/wp-content\/uploads\/2020\/09\/11084647\/Captura-de-Tela-2020-07-03-a%CC%80s-10.47.23.png\",\"contentUrl\":\"https:\/\/cdn.unasp.br\/noticias\/wp-content\/uploads\/2020\/09\/11084647\/Captura-de-Tela-2020-07-03-a%CC%80s-10.47.23.png\",\"width\":2372,\"height\":1648},{\"@type\":\"BreadcrumbList\",\"@id\":\"https:\/\/unasp.br\/noticias\/unasp-instituicao-que-oferece-experiencias-pra-vida\/#breadcrumb\",\"itemListElement\":[{\"@type\":\"ListItem\",\"position\":1,\"name\":\"In\u00edcio\",\"item\":\"https:\/\/unasp.br\/noticias\/\"},{\"@type\":\"ListItem\",\"position\":2,\"name\":\"UNASP: institui\u00e7\u00e3o que oferece Experi\u00eancias pra Vida\"}]},{\"@type\":\"WebSite\",\"@id\":\"https:\/\/unasp.br\/noticias\/#website\",\"url\":\"https:\/\/unasp.br\/noticias\/\",\"name\":\"UNASP Noticias\",\"description\":\"Centro Universit\u00e1rio Adventista de S\u00e3o Paulo\",\"publisher\":{\"@id\":\"https:\/\/unasp.br\/noticias\/#organization\"},\"potentialAction\":[{\"@type\":\"SearchAction\",\"target\":{\"@type\":\"EntryPoint\",\"urlTemplate\":\"https:\/\/unasp.br\/noticias\/?s={search_term_string}\"},\"query-input\":{\"@type\":\"PropertyValueSpecification\",\"valueRequired\":true,\"valueName\":\"search_term_string\"}}],\"inLanguage\":\"pt-BR\"},{\"@type\":\"Organization\",\"@id\":\"https:\/\/unasp.br\/noticias\/#organization\",\"name\":\"UNASP Noticias\",\"url\":\"https:\/\/unasp.br\/noticias\/\",\"logo\":{\"@type\":\"ImageObject\",\"inLanguage\":\"pt-BR\",\"@id\":\"https:\/\/unasp.br\/noticias\/#\/schema\/logo\/image\/\",\"url\":\"https:\/\/cdn.unasp.br\/noticias\/wp-content\/uploads\/2021\/09\/09152724\/logo-unasp-news.png\",\"contentUrl\":\"https:\/\/cdn.unasp.br\/noticias\/wp-content\/uploads\/2021\/09\/09152724\/logo-unasp-news.png\",\"width\":240,\"height\":41,\"caption\":\"UNASP Noticias\"},\"image\":{\"@id\":\"https:\/\/unasp.br\/noticias\/#\/schema\/logo\/image\/\"}},{\"@type\":\"Person\",\"@id\":\"https:\/\/unasp.br\/noticias\/#\/schema\/person\/80f09a3ec674501e6bb13144ffa2489f\",\"name\":\"Aira Almeida\",\"image\":{\"@type\":\"ImageObject\",\"inLanguage\":\"pt-BR\",\"@id\":\"https:\/\/unasp.br\/noticias\/#\/schema\/person\/image\/\",\"url\":\"https:\/\/secure.gravatar.com\/avatar\/e30ea867fdd5a41ec6a0cb350dcd108e?s=96&d=mm&r=g\",\"contentUrl\":\"https:\/\/secure.gravatar.com\/avatar\/e30ea867fdd5a41ec6a0cb350dcd108e?s=96&d=mm&r=g\",\"caption\":\"Aira Almeida\"},\"url\":\"https:\/\/unasp.br\/noticias\/author\/aira-almeidaedu-unasp-br\/\"}]}<\/script>\n<!-- \/ Yoast SEO plugin. -->","yoast_head_json":{"title":"UNASP: institui\u00e7\u00e3o que oferece Experi\u00eancias pra Vida","description":"Com novo slogan, Unasp se prop\u00f5e a fixar a marca de seu principal objetivo: formar cidad\u00e3os em todos os aspectos da vida. Veja hist\u00f3ria das logomarcas.","robots":{"index":"index","follow":"follow","max-snippet":"max-snippet:-1","max-image-preview":"max-image-preview:large","max-video-preview":"max-video-preview:-1"},"canonical":"https:\/\/unasp.br\/noticias\/unasp-instituicao-que-oferece-experiencias-pra-vida\/","og_locale":"pt_BR","og_type":"article","og_title":"UNASP: institui\u00e7\u00e3o que oferece Experi\u00eancias pra Vida","og_description":"Com novo slogan, Unasp se prop\u00f5e a fixar a marca de seu principal objetivo: formar cidad\u00e3os em todos os aspectos da vida. Veja hist\u00f3ria das logomarcas.","og_url":"https:\/\/unasp.br\/noticias\/unasp-instituicao-que-oferece-experiencias-pra-vida\/","og_site_name":"UNASP Noticias","article_published_time":"2020-09-11T14:58:01+00:00","article_modified_time":"2020-09-11T14:58:56+00:00","og_image":[{"width":2372,"height":1648,"url":"https:\/\/cdn.unasp.br\/noticias\/wp-content\/uploads\/2020\/09\/11084647\/Captura-de-Tela-2020-07-03-a%CC%80s-10.47.23.png","type":"image\/png"}],"author":"Aira Almeida","twitter_card":"summary_large_image","twitter_misc":{"Escrito por":"Aira Almeida","Est. tempo de leitura":"10 minutos"},"schema":{"@context":"https:\/\/schema.org","@graph":[{"@type":"Article","@id":"https:\/\/unasp.br\/noticias\/unasp-instituicao-que-oferece-experiencias-pra-vida\/#article","isPartOf":{"@id":"https:\/\/unasp.br\/noticias\/unasp-instituicao-que-oferece-experiencias-pra-vida\/"},"author":{"name":"Aira Almeida","@id":"https:\/\/unasp.br\/noticias\/#\/schema\/person\/80f09a3ec674501e6bb13144ffa2489f"},"headline":"UNASP: institui\u00e7\u00e3o que oferece Experi\u00eancias pra Vida","datePublished":"2020-09-11T14:58:01+00:00","dateModified":"2020-09-11T14:58:56+00:00","mainEntityOfPage":{"@id":"https:\/\/unasp.br\/noticias\/unasp-instituicao-que-oferece-experiencias-pra-vida\/"},"wordCount":2009,"commentCount":0,"publisher":{"@id":"https:\/\/unasp.br\/noticias\/#organization"},"image":{"@id":"https:\/\/unasp.br\/noticias\/unasp-instituicao-que-oferece-experiencias-pra-vida\/#primaryimage"},"thumbnailUrl":"https:\/\/cdn.unasp.br\/noticias\/wp-content\/uploads\/2020\/09\/11084647\/Captura-de-Tela-2020-07-03-a%CC%80s-10.47.23.png","articleSection":["Impacto Social"],"inLanguage":"pt-BR","potentialAction":[{"@type":"CommentAction","name":"Comment","target":["https:\/\/unasp.br\/noticias\/unasp-instituicao-que-oferece-experiencias-pra-vida\/#respond"]}]},{"@type":"WebPage","@id":"https:\/\/unasp.br\/noticias\/unasp-instituicao-que-oferece-experiencias-pra-vida\/","url":"https:\/\/unasp.br\/noticias\/unasp-instituicao-que-oferece-experiencias-pra-vida\/","name":"UNASP: institui\u00e7\u00e3o que oferece Experi\u00eancias pra Vida","isPartOf":{"@id":"https:\/\/unasp.br\/noticias\/#website"},"primaryImageOfPage":{"@id":"https:\/\/unasp.br\/noticias\/unasp-instituicao-que-oferece-experiencias-pra-vida\/#primaryimage"},"image":{"@id":"https:\/\/unasp.br\/noticias\/unasp-instituicao-que-oferece-experiencias-pra-vida\/#primaryimage"},"thumbnailUrl":"https:\/\/cdn.unasp.br\/noticias\/wp-content\/uploads\/2020\/09\/11084647\/Captura-de-Tela-2020-07-03-a%CC%80s-10.47.23.png","datePublished":"2020-09-11T14:58:01+00:00","dateModified":"2020-09-11T14:58:56+00:00","description":"Com novo slogan, Unasp se prop\u00f5e a fixar a marca de seu principal objetivo: formar cidad\u00e3os em todos os aspectos da vida. Veja hist\u00f3ria das logomarcas.","breadcrumb":{"@id":"https:\/\/unasp.br\/noticias\/unasp-instituicao-que-oferece-experiencias-pra-vida\/#breadcrumb"},"inLanguage":"pt-BR","potentialAction":[{"@type":"ReadAction","target":["https:\/\/unasp.br\/noticias\/unasp-instituicao-que-oferece-experiencias-pra-vida\/"]}]},{"@type":"ImageObject","inLanguage":"pt-BR","@id":"https:\/\/unasp.br\/noticias\/unasp-instituicao-que-oferece-experiencias-pra-vida\/#primaryimage","url":"https:\/\/cdn.unasp.br\/noticias\/wp-content\/uploads\/2020\/09\/11084647\/Captura-de-Tela-2020-07-03-a%CC%80s-10.47.23.png","contentUrl":"https:\/\/cdn.unasp.br\/noticias\/wp-content\/uploads\/2020\/09\/11084647\/Captura-de-Tela-2020-07-03-a%CC%80s-10.47.23.png","width":2372,"height":1648},{"@type":"BreadcrumbList","@id":"https:\/\/unasp.br\/noticias\/unasp-instituicao-que-oferece-experiencias-pra-vida\/#breadcrumb","itemListElement":[{"@type":"ListItem","position":1,"name":"In\u00edcio","item":"https:\/\/unasp.br\/noticias\/"},{"@type":"ListItem","position":2,"name":"UNASP: institui\u00e7\u00e3o que oferece Experi\u00eancias pra Vida"}]},{"@type":"WebSite","@id":"https:\/\/unasp.br\/noticias\/#website","url":"https:\/\/unasp.br\/noticias\/","name":"UNASP Noticias","description":"Centro Universit\u00e1rio Adventista de S\u00e3o Paulo","publisher":{"@id":"https:\/\/unasp.br\/noticias\/#organization"},"potentialAction":[{"@type":"SearchAction","target":{"@type":"EntryPoint","urlTemplate":"https:\/\/unasp.br\/noticias\/?s={search_term_string}"},"query-input":{"@type":"PropertyValueSpecification","valueRequired":true,"valueName":"search_term_string"}}],"inLanguage":"pt-BR"},{"@type":"Organization","@id":"https:\/\/unasp.br\/noticias\/#organization","name":"UNASP Noticias","url":"https:\/\/unasp.br\/noticias\/","logo":{"@type":"ImageObject","inLanguage":"pt-BR","@id":"https:\/\/unasp.br\/noticias\/#\/schema\/logo\/image\/","url":"https:\/\/cdn.unasp.br\/noticias\/wp-content\/uploads\/2021\/09\/09152724\/logo-unasp-news.png","contentUrl":"https:\/\/cdn.unasp.br\/noticias\/wp-content\/uploads\/2021\/09\/09152724\/logo-unasp-news.png","width":240,"height":41,"caption":"UNASP Noticias"},"image":{"@id":"https:\/\/unasp.br\/noticias\/#\/schema\/logo\/image\/"}},{"@type":"Person","@id":"https:\/\/unasp.br\/noticias\/#\/schema\/person\/80f09a3ec674501e6bb13144ffa2489f","name":"Aira Almeida","image":{"@type":"ImageObject","inLanguage":"pt-BR","@id":"https:\/\/unasp.br\/noticias\/#\/schema\/person\/image\/","url":"https:\/\/secure.gravatar.com\/avatar\/e30ea867fdd5a41ec6a0cb350dcd108e?s=96&d=mm&r=g","contentUrl":"https:\/\/secure.gravatar.com\/avatar\/e30ea867fdd5a41ec6a0cb350dcd108e?s=96&d=mm&r=g","caption":"Aira Almeida"},"url":"https:\/\/unasp.br\/noticias\/author\/aira-almeidaedu-unasp-br\/"}]}},"_links":{"self":[{"href":"https:\/\/unasp.br\/noticias\/wp-json\/wp\/v2\/posts\/90162"}],"collection":[{"href":"https:\/\/unasp.br\/noticias\/wp-json\/wp\/v2\/posts"}],"about":[{"href":"https:\/\/unasp.br\/noticias\/wp-json\/wp\/v2\/types\/post"}],"author":[{"embeddable":true,"href":"https:\/\/unasp.br\/noticias\/wp-json\/wp\/v2\/users\/30"}],"replies":[{"embeddable":true,"href":"https:\/\/unasp.br\/noticias\/wp-json\/wp\/v2\/comments?post=90162"}],"version-history":[{"count":2,"href":"https:\/\/unasp.br\/noticias\/wp-json\/wp\/v2\/posts\/90162\/revisions"}],"predecessor-version":[{"id":90180,"href":"https:\/\/unasp.br\/noticias\/wp-json\/wp\/v2\/posts\/90162\/revisions\/90180"}],"wp:featuredmedia":[{"embeddable":true,"href":"https:\/\/unasp.br\/noticias\/wp-json\/wp\/v2\/media\/90163"}],"wp:attachment":[{"href":"https:\/\/unasp.br\/noticias\/wp-json\/wp\/v2\/media?parent=90162"}],"wp:term":[{"taxonomy":"category","embeddable":true,"href":"https:\/\/unasp.br\/noticias\/wp-json\/wp\/v2\/categories?post=90162"},{"taxonomy":"post_tag","embeddable":true,"href":"https:\/\/unasp.br\/noticias\/wp-json\/wp\/v2\/tags?post=90162"}],"curies":[{"name":"wp","href":"https:\/\/api.w.org\/{rel}","templated":true}]}}