{"id":90526,"date":"2020-09-16T21:20:26","date_gmt":"2020-09-17T00:20:26","guid":{"rendered":"https:\/\/www.unasp.br\/noticias\/?p=90526"},"modified":"2020-10-20T10:51:28","modified_gmt":"2020-10-20T13:51:28","slug":"profissionais-de-saude-recebem-cartas-de-gratidao-dos-alunos-do-colegio-unasp","status":"publish","type":"post","link":"https:\/\/unasp.br\/noticias\/profissionais-de-saude-recebem-cartas-de-gratidao-dos-alunos-do-colegio-unasp\/","title":{"rendered":"Profissionais de sa\u00fade recebem cartas de gratid\u00e3o dos alunos do Col\u00e9gio UNASP"},"content":{"rendered":"\n<figure class=\"wp-block-image size-large\"><img loading=\"lazy\" decoding=\"async\" width=\"1024\" height=\"682\" src=\"https:\/\/www.unasp.br\/noticias\/wp-content\/uploads\/2020\/09\/WhatsApp-Image-2020-09-16-at-16.34.36-1-1024x682.jpeg\" alt=\"Profissionais de sa\u00fade recebem cartas\" class=\"wp-image-90527\" srcset=\"https:\/\/cdn.unasp.br\/noticias\/wp-content\/uploads\/2020\/09\/16181202\/WhatsApp-Image-2020-09-16-at-16.34.36-1-1024x682.jpeg 1024w, https:\/\/cdn.unasp.br\/noticias\/wp-content\/uploads\/2020\/09\/16181202\/WhatsApp-Image-2020-09-16-at-16.34.36-1-300x200.jpeg 300w, https:\/\/cdn.unasp.br\/noticias\/wp-content\/uploads\/2020\/09\/16181202\/WhatsApp-Image-2020-09-16-at-16.34.36-1-768x512.jpeg 768w, https:\/\/cdn.unasp.br\/noticias\/wp-content\/uploads\/2020\/09\/16181202\/WhatsApp-Image-2020-09-16-at-16.34.36-1-900x600.jpeg 900w, https:\/\/cdn.unasp.br\/noticias\/wp-content\/uploads\/2020\/09\/16181202\/WhatsApp-Image-2020-09-16-at-16.34.36-1-1200x800.jpeg 1200w, https:\/\/cdn.unasp.br\/noticias\/wp-content\/uploads\/2020\/09\/16181202\/WhatsApp-Image-2020-09-16-at-16.34.36-1-1080x720.jpeg 1080w, https:\/\/cdn.unasp.br\/noticias\/wp-content\/uploads\/2020\/09\/16181202\/WhatsApp-Image-2020-09-16-at-16.34.36-1-800x533.jpeg 800w, https:\/\/cdn.unasp.br\/noticias\/wp-content\/uploads\/2020\/09\/16181202\/WhatsApp-Image-2020-09-16-at-16.34.36-1-750x500.jpeg 750w, https:\/\/cdn.unasp.br\/noticias\/wp-content\/uploads\/2020\/09\/16181202\/WhatsApp-Image-2020-09-16-at-16.34.36-1-720x480.jpeg 720w, https:\/\/cdn.unasp.br\/noticias\/wp-content\/uploads\/2020\/09\/16181202\/WhatsApp-Image-2020-09-16-at-16.34.36-1-420x280.jpeg 420w, https:\/\/cdn.unasp.br\/noticias\/wp-content\/uploads\/2020\/09\/16181202\/WhatsApp-Image-2020-09-16-at-16.34.36-1-500x333.jpeg 500w, https:\/\/cdn.unasp.br\/noticias\/wp-content\/uploads\/2020\/09\/16181202\/WhatsApp-Image-2020-09-16-at-16.34.36-1-400x267.jpeg 400w, https:\/\/cdn.unasp.br\/noticias\/wp-content\/uploads\/2020\/09\/16181202\/WhatsApp-Image-2020-09-16-at-16.34.36-1-375x250.jpeg 375w, https:\/\/cdn.unasp.br\/noticias\/wp-content\/uploads\/2020\/09\/16181202\/WhatsApp-Image-2020-09-16-at-16.34.36-1-225x150.jpeg 225w, https:\/\/cdn.unasp.br\/noticias\/wp-content\/uploads\/2020\/09\/16181202\/WhatsApp-Image-2020-09-16-at-16.34.36-1-175x117.jpeg 175w, https:\/\/cdn.unasp.br\/noticias\/wp-content\/uploads\/2020\/09\/16181202\/WhatsApp-Image-2020-09-16-at-16.34.36-1-200x133.jpeg 200w, https:\/\/cdn.unasp.br\/noticias\/wp-content\/uploads\/2020\/09\/16181202\/WhatsApp-Image-2020-09-16-at-16.34.36-1.jpeg 1280w\" sizes=\"(max-width: 1024px) 100vw, 1024px\" \/><figcaption>Mais de 160 cartinhas de agradecimento foram escritas aos profissionais de sa\u00fade do munic\u00edpio de Hortol\u00e2ndia.<\/figcaption><\/figure>\n\n\n\n<p>Alunos do sexto ano do Ensino Fundamental II do Col\u00e9gio UNASP Hortol\u00e2ndia foram desafiados a escreverem cartas \u00e0 m\u00e3o para homenagear os profissionais de sa\u00fade do munic\u00edpio. O objetivo \u00e9 que eles falassem sobre o empenho destes profissionais durante a pandemia e ao mesmo tempo agradecessem pelo servi\u00e7o de cada um deles. Mais de 160 cartinhas foram escritas e nesta manh\u00e3, dia 16 de setembro, as primeiras cartas foram entregues aos profissionais de plant\u00e3o do<a rel=\"noreferrer noopener\" aria-label=\" SAMU  (abre numa nova aba)\" href=\"https:\/\/samuhortolandia.webnode.com.br\/\" target=\"_blank\"> SAMU <\/a>(Servi\u00e7o de Atendimento M\u00f3vel de Urg\u00eancia) de Hortol\u00e2ndia. <\/p>\n\n\n\n<h2 class=\"wp-block-heading\"><strong>Correspond\u00eancia infantil<\/strong><\/h2>\n\n\n\n<p>Socorristas, enfermeiros, m\u00e9dicos, motoristas e atendentes do <a href=\"https:\/\/samuhortolandia.webnode.com.br\/\" target=\"_blank\" rel=\"noreferrer noopener\" aria-label=\"SAMU de Hortol\u00e2ndia (abre numa nova aba)\">SAMU de Hortol\u00e2ndia<\/a> receberam as cartinhas dos alunos com surpresa nesta quarta-feira.\u201cEu achei sensacional, porque a gente est\u00e1 a\u00ed praticamente h\u00e1 cinco meses batalhando nesta pandemia e pouqu\u00edssimas vezes a gente recebeu uma demonstra\u00e7\u00e3o de carinho, a maioria das vezes nem mesmo um muito obrigado recebemos\u201d, comentou Daniel Wurzler, m\u00e9dico regulador do SAMU, que ganhou uma cartinha. <\/p>\n\n\n\n<p>Sobre o que estava escrito, o m\u00e9dico descreveu: \u201cna hora que eu abri a cartinha, li que uma garotinha me agradecia pelo que fa\u00e7o e ainda disse que um dia quer ser m\u00e9dica.&nbsp; Foi muito gostoso ler isso\u201d, contou ele sorrindo. <\/p>\n\n\n\n<p>A t\u00e9cnica de enfermagem do SAMU, Fabiana Lopes tamb\u00e9m ficou feliz com a homenagem inesperada.&nbsp; \u201cRecebi uma cartinha de pr\u00f3prio punho, deste jeito n\u00e3o tem como copiar e colar. Aos 11 anos as crian\u00e7as ainda s\u00e3o muito sinceras e por isso, \u00e9 muito emocionante saber que eles admiram a gente, que eles est\u00e3o orando pela gente e desejando nosso melhor e de nossa fam\u00edlia\u201d, disse Fabiana emocionada.<\/p>\n\n\n\n<figure class=\"wp-block-image size-large\"><img loading=\"lazy\" decoding=\"async\" width=\"1024\" height=\"1024\" src=\"https:\/\/www.unasp.br\/noticias\/wp-content\/uploads\/2020\/09\/WhatsApp-Image-2020-09-16-at-16.34.37-1024x1024.jpeg\" alt=\"Mulheres do SAMU lendo as cartas\" class=\"wp-image-90528\" srcset=\"https:\/\/cdn.unasp.br\/noticias\/wp-content\/uploads\/2020\/09\/16181605\/WhatsApp-Image-2020-09-16-at-16.34.37-1024x1024.jpeg 1024w, https:\/\/cdn.unasp.br\/noticias\/wp-content\/uploads\/2020\/09\/16181605\/WhatsApp-Image-2020-09-16-at-16.34.37-300x300.jpeg 300w, https:\/\/cdn.unasp.br\/noticias\/wp-content\/uploads\/2020\/09\/16181605\/WhatsApp-Image-2020-09-16-at-16.34.37-150x150.jpeg 150w, https:\/\/cdn.unasp.br\/noticias\/wp-content\/uploads\/2020\/09\/16181605\/WhatsApp-Image-2020-09-16-at-16.34.37-768x767.jpeg 768w, https:\/\/cdn.unasp.br\/noticias\/wp-content\/uploads\/2020\/09\/16181605\/WhatsApp-Image-2020-09-16-at-16.34.37-600x600.jpeg 600w, https:\/\/cdn.unasp.br\/noticias\/wp-content\/uploads\/2020\/09\/16181605\/WhatsApp-Image-2020-09-16-at-16.34.37-801x800.jpeg 801w, https:\/\/cdn.unasp.br\/noticias\/wp-content\/uploads\/2020\/09\/16181605\/WhatsApp-Image-2020-09-16-at-16.34.37-721x720.jpeg 721w, https:\/\/cdn.unasp.br\/noticias\/wp-content\/uploads\/2020\/09\/16181605\/WhatsApp-Image-2020-09-16-at-16.34.37-800x800.jpeg 800w, https:\/\/cdn.unasp.br\/noticias\/wp-content\/uploads\/2020\/09\/16181605\/WhatsApp-Image-2020-09-16-at-16.34.37-500x500.jpeg 500w, https:\/\/cdn.unasp.br\/noticias\/wp-content\/uploads\/2020\/09\/16181605\/WhatsApp-Image-2020-09-16-at-16.34.37-480x480.jpeg 480w, https:\/\/cdn.unasp.br\/noticias\/wp-content\/uploads\/2020\/09\/16181605\/WhatsApp-Image-2020-09-16-at-16.34.37-280x280.jpeg 280w, https:\/\/cdn.unasp.br\/noticias\/wp-content\/uploads\/2020\/09\/16181605\/WhatsApp-Image-2020-09-16-at-16.34.37-400x400.jpeg 400w, https:\/\/cdn.unasp.br\/noticias\/wp-content\/uploads\/2020\/09\/16181605\/WhatsApp-Image-2020-09-16-at-16.34.37-250x250.jpeg 250w, https:\/\/cdn.unasp.br\/noticias\/wp-content\/uploads\/2020\/09\/16181605\/WhatsApp-Image-2020-09-16-at-16.34.37-200x200.jpeg 200w, https:\/\/cdn.unasp.br\/noticias\/wp-content\/uploads\/2020\/09\/16181605\/WhatsApp-Image-2020-09-16-at-16.34.37-175x175.jpeg 175w, https:\/\/cdn.unasp.br\/noticias\/wp-content\/uploads\/2020\/09\/16181605\/WhatsApp-Image-2020-09-16-at-16.34.37.jpeg 1280w\" sizes=\"(max-width: 1024px) 100vw, 1024px\" \/><figcaption>Profissionais de sa\u00fade se emocionam ao ler as cartinhas<\/figcaption><\/figure>\n\n\n\n<h2 class=\"wp-block-heading\"><strong>Sentimento de gratid\u00e3o<\/strong><\/h2>\n\n\n\n<p>De acordo com o diretor do <a href=\"https:\/\/colegio.unasp.br\/\" target=\"_blank\" rel=\"noreferrer noopener\" aria-label=\"Col\u00e9gio Unasp Hortol\u00e2ndia,  (abre numa nova aba)\">Col\u00e9gio Unasp Hortol\u00e2ndia, <\/a>Marcel Barreto, esse projeto n\u00e3o \u00e9 uma simples atividade acad\u00eamica. \u201cSim, nossos alunos trabalharam com uma produ\u00e7\u00e3o de texto, mas tamb\u00e9m puderam refletir sobre cidadania, amor ao pr\u00f3ximo e principalmente, puderam demonstrar gratid\u00e3o a estes importantes profissionais\u201d. <\/p>\n\n\n\n<p>O diretor conta que projeto envolveu alunos de 10, 11 e 12 anos, e o fato destas crian\u00e7as escreverem para adultos tamb\u00e9m foi um desafio. \u201cA responsabilidade de escrever para um profissional adulto, que est\u00e1 auxiliando a popula\u00e7\u00e3o, deixou nossos alunos reflexivos. E temos certeza que esta experi\u00eancia \u00e9 um aprendizado que eles v\u00e3o levar pra vida deles\u201d. <\/p>\n\n\n\n<h2 class=\"wp-block-heading\"><strong>Profissionais e her\u00f3is<\/strong><\/h2>\n\n\n\n<p>De fevereiro at\u00e9 agosto, mais de\n260 mil profissionais da \u00e1rea de sa\u00fade foram infectados pela Covid-19 no estado\nde S\u00e3o Paulo. Profissionais que al\u00e9m de colocar a pr\u00f3pria sa\u00fade em risco,\ntamb\u00e9m lidaram com o atendimento e morte de milhares de pessoas.&nbsp; <\/p>\n\n\n\n<p>No SAMU, que \u00e9 um servi\u00e7o&nbsp;respons\u00e1vel por diversos atendimentos de urg\u00eancia, a ansiedade e estresse por lidar com uma doen\u00e7a relativamente desconhecida, permeou o dia a dia destes profissionais. <\/p>\n\n\n\n<p>\u201cDesde que come\u00e7ou a pandemia o nosso estresse aumentou, porque triplicou a quantidade de ocorr\u00eancias que a gente atendia. Hospitais, todos lotados! E uma vez que a gente embarca um paciente a gente precisa encontrar uma unidade que tenha vaga. Nos preocupamos com a popula\u00e7\u00e3o e tamb\u00e9m de n\u00e3o estar levando nada pra casa, para garantir a seguran\u00e7a de nossa fam\u00edlia\u201d, conta Wurzler.<\/p>\n\n\n\n<p>O diretor do <a rel=\"noreferrer noopener\" aria-label=\"Col\u00e9gio UNASP (abre numa nova aba)\" href=\"https:\/\/colegio.unasp.br\/\" target=\"_blank\">Col\u00e9gio UNASP<\/a> afirma que ver o sorriso dos profissionais lendo as cartinhas dos alunos, demonstra que o objetivo da homenagem foi alcan\u00e7ado. \u201cPor motivos de seguran\u00e7a as crian\u00e7as n\u00e3o puderam vir fazer a entrega, mas vamos contar pra eles como foi bom ver a alegria destas pessoas lendo as cartinhas\u201d, sobre o projeto das cartas ele ainda acrescentou: \u201ca iniciativa dos alunos n\u00e3o anula os desafios enfrentados por estes profissionais, mas \u00e9 um pequeno reconhecimento de nossa institui\u00e7\u00e3o pelos servi\u00e7os que eles tem prestado\u201d. <\/p>\n\n\n\n<figure class=\"wp-block-image size-large\"><img loading=\"lazy\" decoding=\"async\" width=\"1024\" height=\"715\" src=\"https:\/\/www.unasp.br\/noticias\/wp-content\/uploads\/2020\/09\/WhatsApp-Image-2020-09-16-at-16.36.10-1024x715.jpeg\" alt=\"Equipe do SAMU Hortol\u00e2ndia\" class=\"wp-image-90529\" srcset=\"https:\/\/cdn.unasp.br\/noticias\/wp-content\/uploads\/2020\/09\/16181728\/WhatsApp-Image-2020-09-16-at-16.36.10-1024x715.jpeg 1024w, https:\/\/cdn.unasp.br\/noticias\/wp-content\/uploads\/2020\/09\/16181728\/WhatsApp-Image-2020-09-16-at-16.36.10-300x210.jpeg 300w, https:\/\/cdn.unasp.br\/noticias\/wp-content\/uploads\/2020\/09\/16181728\/WhatsApp-Image-2020-09-16-at-16.36.10-768x536.jpeg 768w, https:\/\/cdn.unasp.br\/noticias\/wp-content\/uploads\/2020\/09\/16181728\/WhatsApp-Image-2020-09-16-at-16.36.10-859x600.jpeg 859w, https:\/\/cdn.unasp.br\/noticias\/wp-content\/uploads\/2020\/09\/16181728\/WhatsApp-Image-2020-09-16-at-16.36.10-1145x800.jpeg 1145w, https:\/\/cdn.unasp.br\/noticias\/wp-content\/uploads\/2020\/09\/16181728\/WhatsApp-Image-2020-09-16-at-16.36.10-1031x720.jpeg 1031w, https:\/\/cdn.unasp.br\/noticias\/wp-content\/uploads\/2020\/09\/16181728\/WhatsApp-Image-2020-09-16-at-16.36.10-800x559.jpeg 800w, https:\/\/cdn.unasp.br\/noticias\/wp-content\/uploads\/2020\/09\/16181728\/WhatsApp-Image-2020-09-16-at-16.36.10-716x500.jpeg 716w, https:\/\/cdn.unasp.br\/noticias\/wp-content\/uploads\/2020\/09\/16181728\/WhatsApp-Image-2020-09-16-at-16.36.10-687x480.jpeg 687w, https:\/\/cdn.unasp.br\/noticias\/wp-content\/uploads\/2020\/09\/16181728\/WhatsApp-Image-2020-09-16-at-16.36.10-401x280.jpeg 401w, https:\/\/cdn.unasp.br\/noticias\/wp-content\/uploads\/2020\/09\/16181728\/WhatsApp-Image-2020-09-16-at-16.36.10-500x349.jpeg 500w, https:\/\/cdn.unasp.br\/noticias\/wp-content\/uploads\/2020\/09\/16181728\/WhatsApp-Image-2020-09-16-at-16.36.10-400x279.jpeg 400w, https:\/\/cdn.unasp.br\/noticias\/wp-content\/uploads\/2020\/09\/16181728\/WhatsApp-Image-2020-09-16-at-16.36.10-358x250.jpeg 358w, https:\/\/cdn.unasp.br\/noticias\/wp-content\/uploads\/2020\/09\/16181728\/WhatsApp-Image-2020-09-16-at-16.36.10-286x200.jpeg 286w, https:\/\/cdn.unasp.br\/noticias\/wp-content\/uploads\/2020\/09\/16181728\/WhatsApp-Image-2020-09-16-at-16.36.10-215x150.jpeg 215w, https:\/\/cdn.unasp.br\/noticias\/wp-content\/uploads\/2020\/09\/16181728\/WhatsApp-Image-2020-09-16-at-16.36.10-175x122.jpeg 175w, https:\/\/cdn.unasp.br\/noticias\/wp-content\/uploads\/2020\/09\/16181728\/WhatsApp-Image-2020-09-16-at-16.36.10-200x140.jpeg 200w, https:\/\/cdn.unasp.br\/noticias\/wp-content\/uploads\/2020\/09\/16181728\/WhatsApp-Image-2020-09-16-at-16.36.10.jpeg 1280w\" sizes=\"(max-width: 1024px) 100vw, 1024px\" \/><figcaption>A primeira entrega foi realizada no SAMU de Hortol\u00e2ndia, mas outras entregas ainda devem acontecer nos pr\u00f3ximos dias.<\/figcaption><\/figure>\n","protected":false},"excerpt":{"rendered":"<p>Alunos de 10, 11 e 12 anos escrevem cartas agradecendo os profissionais de sa\u00fade pelos servi\u00e7os prestados durante a pandemia da Covid-19.<\/p>\n","protected":false},"author":73,"featured_media":90527,"comment_status":"open","ping_status":"open","sticky":false,"template":"","format":"standard","meta":{"footnotes":""},"categories":[10],"tags":[],"yoast_head":"<!-- This site is optimized with the Yoast SEO plugin v23.5 - https:\/\/yoast.com\/wordpress\/plugins\/seo\/ -->\n<title>Profissionais de sa\u00fade recebem cartas de gratid\u00e3o dos alunos do Col\u00e9gio UNASP - UNASP Noticias<\/title>\n<meta name=\"description\" content=\"Alunos de 10, 11 e 12 anos escrevem cartas agradecendo os profissionais de sa\u00fade pelos servi\u00e7os prestados durante a pandemia da Covid-19\" \/>\n<meta name=\"robots\" content=\"index, follow, max-snippet:-1, max-image-preview:large, max-video-preview:-1\" \/>\n<link rel=\"canonical\" href=\"https:\/\/unasp.br\/noticias\/profissionais-de-saude-recebem-cartas-de-gratidao-dos-alunos-do-colegio-unasp\/\" \/>\n<meta property=\"og:locale\" content=\"pt_BR\" \/>\n<meta property=\"og:type\" content=\"article\" \/>\n<meta property=\"og:title\" content=\"Profissionais de sa\u00fade recebem cartas de gratid\u00e3o dos alunos do Col\u00e9gio UNASP - UNASP Noticias\" \/>\n<meta property=\"og:description\" content=\"Alunos de 10, 11 e 12 anos escrevem cartas agradecendo os profissionais de sa\u00fade pelos servi\u00e7os prestados durante a pandemia da Covid-19\" \/>\n<meta property=\"og:url\" content=\"https:\/\/unasp.br\/noticias\/profissionais-de-saude-recebem-cartas-de-gratidao-dos-alunos-do-colegio-unasp\/\" \/>\n<meta property=\"og:site_name\" content=\"UNASP Noticias\" \/>\n<meta property=\"article:published_time\" content=\"2020-09-17T00:20:26+00:00\" \/>\n<meta property=\"article:modified_time\" content=\"2020-10-20T13:51:28+00:00\" \/>\n<meta property=\"og:image\" content=\"https:\/\/cdn.unasp.br\/noticias\/wp-content\/uploads\/2020\/09\/16181202\/WhatsApp-Image-2020-09-16-at-16.34.36-1.jpeg\" \/>\n\t<meta property=\"og:image:width\" content=\"1280\" \/>\n\t<meta property=\"og:image:height\" content=\"853\" \/>\n\t<meta property=\"og:image:type\" content=\"image\/jpeg\" \/>\n<meta name=\"author\" content=\"Maria da Gl\u00f3ria Marques de Paula Barreto\" \/>\n<meta name=\"twitter:card\" content=\"summary_large_image\" \/>\n<meta name=\"twitter:label1\" content=\"Escrito por\" \/>\n\t<meta name=\"twitter:data1\" content=\"Maria da Gl\u00f3ria Marques de Paula Barreto\" \/>\n\t<meta name=\"twitter:label2\" content=\"Est. tempo de leitura\" \/>\n\t<meta name=\"twitter:data2\" content=\"3 minutos\" \/>\n<script type=\"application\/ld+json\" class=\"yoast-schema-graph\">{\"@context\":\"https:\/\/schema.org\",\"@graph\":[{\"@type\":\"Article\",\"@id\":\"https:\/\/unasp.br\/noticias\/profissionais-de-saude-recebem-cartas-de-gratidao-dos-alunos-do-colegio-unasp\/#article\",\"isPartOf\":{\"@id\":\"https:\/\/unasp.br\/noticias\/profissionais-de-saude-recebem-cartas-de-gratidao-dos-alunos-do-colegio-unasp\/\"},\"author\":{\"name\":\"Maria da Gl\u00f3ria Marques de Paula Barreto\",\"@id\":\"https:\/\/unasp.br\/noticias\/#\/schema\/person\/f3393a032491eabc46fadb3656375334\"},\"headline\":\"Profissionais de sa\u00fade recebem cartas de gratid\u00e3o dos alunos do Col\u00e9gio UNASP\",\"datePublished\":\"2020-09-17T00:20:26+00:00\",\"dateModified\":\"2020-10-20T13:51:28+00:00\",\"mainEntityOfPage\":{\"@id\":\"https:\/\/unasp.br\/noticias\/profissionais-de-saude-recebem-cartas-de-gratidao-dos-alunos-do-colegio-unasp\/\"},\"wordCount\":713,\"commentCount\":0,\"publisher\":{\"@id\":\"https:\/\/unasp.br\/noticias\/#organization\"},\"image\":{\"@id\":\"https:\/\/unasp.br\/noticias\/profissionais-de-saude-recebem-cartas-de-gratidao-dos-alunos-do-colegio-unasp\/#primaryimage\"},\"thumbnailUrl\":\"https:\/\/cdn.unasp.br\/noticias\/wp-content\/uploads\/2020\/09\/16181202\/WhatsApp-Image-2020-09-16-at-16.34.36-1.jpeg\",\"articleSection\":[\"Impacto Social\"],\"inLanguage\":\"pt-BR\",\"potentialAction\":[{\"@type\":\"CommentAction\",\"name\":\"Comment\",\"target\":[\"https:\/\/unasp.br\/noticias\/profissionais-de-saude-recebem-cartas-de-gratidao-dos-alunos-do-colegio-unasp\/#respond\"]}]},{\"@type\":\"WebPage\",\"@id\":\"https:\/\/unasp.br\/noticias\/profissionais-de-saude-recebem-cartas-de-gratidao-dos-alunos-do-colegio-unasp\/\",\"url\":\"https:\/\/unasp.br\/noticias\/profissionais-de-saude-recebem-cartas-de-gratidao-dos-alunos-do-colegio-unasp\/\",\"name\":\"Profissionais de sa\u00fade recebem cartas de gratid\u00e3o dos alunos do Col\u00e9gio UNASP - UNASP Noticias\",\"isPartOf\":{\"@id\":\"https:\/\/unasp.br\/noticias\/#website\"},\"primaryImageOfPage\":{\"@id\":\"https:\/\/unasp.br\/noticias\/profissionais-de-saude-recebem-cartas-de-gratidao-dos-alunos-do-colegio-unasp\/#primaryimage\"},\"image\":{\"@id\":\"https:\/\/unasp.br\/noticias\/profissionais-de-saude-recebem-cartas-de-gratidao-dos-alunos-do-colegio-unasp\/#primaryimage\"},\"thumbnailUrl\":\"https:\/\/cdn.unasp.br\/noticias\/wp-content\/uploads\/2020\/09\/16181202\/WhatsApp-Image-2020-09-16-at-16.34.36-1.jpeg\",\"datePublished\":\"2020-09-17T00:20:26+00:00\",\"dateModified\":\"2020-10-20T13:51:28+00:00\",\"description\":\"Alunos de 10, 11 e 12 anos escrevem cartas agradecendo os profissionais de sa\u00fade pelos servi\u00e7os prestados durante a pandemia da Covid-19\",\"breadcrumb\":{\"@id\":\"https:\/\/unasp.br\/noticias\/profissionais-de-saude-recebem-cartas-de-gratidao-dos-alunos-do-colegio-unasp\/#breadcrumb\"},\"inLanguage\":\"pt-BR\",\"potentialAction\":[{\"@type\":\"ReadAction\",\"target\":[\"https:\/\/unasp.br\/noticias\/profissionais-de-saude-recebem-cartas-de-gratidao-dos-alunos-do-colegio-unasp\/\"]}]},{\"@type\":\"ImageObject\",\"inLanguage\":\"pt-BR\",\"@id\":\"https:\/\/unasp.br\/noticias\/profissionais-de-saude-recebem-cartas-de-gratidao-dos-alunos-do-colegio-unasp\/#primaryimage\",\"url\":\"https:\/\/cdn.unasp.br\/noticias\/wp-content\/uploads\/2020\/09\/16181202\/WhatsApp-Image-2020-09-16-at-16.34.36-1.jpeg\",\"contentUrl\":\"https:\/\/cdn.unasp.br\/noticias\/wp-content\/uploads\/2020\/09\/16181202\/WhatsApp-Image-2020-09-16-at-16.34.36-1.jpeg\",\"width\":1280,\"height\":853},{\"@type\":\"BreadcrumbList\",\"@id\":\"https:\/\/unasp.br\/noticias\/profissionais-de-saude-recebem-cartas-de-gratidao-dos-alunos-do-colegio-unasp\/#breadcrumb\",\"itemListElement\":[{\"@type\":\"ListItem\",\"position\":1,\"name\":\"In\u00edcio\",\"item\":\"https:\/\/unasp.br\/noticias\/\"},{\"@type\":\"ListItem\",\"position\":2,\"name\":\"Profissionais de sa\u00fade recebem cartas de gratid\u00e3o dos alunos do Col\u00e9gio UNASP\"}]},{\"@type\":\"WebSite\",\"@id\":\"https:\/\/unasp.br\/noticias\/#website\",\"url\":\"https:\/\/unasp.br\/noticias\/\",\"name\":\"UNASP Noticias\",\"description\":\"Centro Universit\u00e1rio Adventista de S\u00e3o Paulo\",\"publisher\":{\"@id\":\"https:\/\/unasp.br\/noticias\/#organization\"},\"potentialAction\":[{\"@type\":\"SearchAction\",\"target\":{\"@type\":\"EntryPoint\",\"urlTemplate\":\"https:\/\/unasp.br\/noticias\/?s={search_term_string}\"},\"query-input\":{\"@type\":\"PropertyValueSpecification\",\"valueRequired\":true,\"valueName\":\"search_term_string\"}}],\"inLanguage\":\"pt-BR\"},{\"@type\":\"Organization\",\"@id\":\"https:\/\/unasp.br\/noticias\/#organization\",\"name\":\"UNASP Noticias\",\"url\":\"https:\/\/unasp.br\/noticias\/\",\"logo\":{\"@type\":\"ImageObject\",\"inLanguage\":\"pt-BR\",\"@id\":\"https:\/\/unasp.br\/noticias\/#\/schema\/logo\/image\/\",\"url\":\"https:\/\/cdn.unasp.br\/noticias\/wp-content\/uploads\/2021\/09\/09152724\/logo-unasp-news.png\",\"contentUrl\":\"https:\/\/cdn.unasp.br\/noticias\/wp-content\/uploads\/2021\/09\/09152724\/logo-unasp-news.png\",\"width\":240,\"height\":41,\"caption\":\"UNASP Noticias\"},\"image\":{\"@id\":\"https:\/\/unasp.br\/noticias\/#\/schema\/logo\/image\/\"}},{\"@type\":\"Person\",\"@id\":\"https:\/\/unasp.br\/noticias\/#\/schema\/person\/f3393a032491eabc46fadb3656375334\",\"name\":\"Maria da Gl\u00f3ria Marques de Paula Barreto\",\"image\":{\"@type\":\"ImageObject\",\"inLanguage\":\"pt-BR\",\"@id\":\"https:\/\/unasp.br\/noticias\/#\/schema\/person\/image\/\",\"url\":\"https:\/\/secure.gravatar.com\/avatar\/3c23babfa2a847f4ce1e1403fe341fa3?s=96&d=mm&r=g\",\"contentUrl\":\"https:\/\/secure.gravatar.com\/avatar\/3c23babfa2a847f4ce1e1403fe341fa3?s=96&d=mm&r=g\",\"caption\":\"Maria da Gl\u00f3ria Marques de Paula Barreto\"},\"url\":\"https:\/\/unasp.br\/noticias\/author\/gloria-barretoadventistas-org\/\"}]}<\/script>\n<!-- \/ Yoast SEO plugin. -->","yoast_head_json":{"title":"Profissionais de sa\u00fade recebem cartas de gratid\u00e3o dos alunos do Col\u00e9gio UNASP - UNASP Noticias","description":"Alunos de 10, 11 e 12 anos escrevem cartas agradecendo os profissionais de sa\u00fade pelos servi\u00e7os prestados durante a pandemia da Covid-19","robots":{"index":"index","follow":"follow","max-snippet":"max-snippet:-1","max-image-preview":"max-image-preview:large","max-video-preview":"max-video-preview:-1"},"canonical":"https:\/\/unasp.br\/noticias\/profissionais-de-saude-recebem-cartas-de-gratidao-dos-alunos-do-colegio-unasp\/","og_locale":"pt_BR","og_type":"article","og_title":"Profissionais de sa\u00fade recebem cartas de gratid\u00e3o dos alunos do Col\u00e9gio UNASP - UNASP Noticias","og_description":"Alunos de 10, 11 e 12 anos escrevem cartas agradecendo os profissionais de sa\u00fade pelos servi\u00e7os prestados durante a pandemia da Covid-19","og_url":"https:\/\/unasp.br\/noticias\/profissionais-de-saude-recebem-cartas-de-gratidao-dos-alunos-do-colegio-unasp\/","og_site_name":"UNASP Noticias","article_published_time":"2020-09-17T00:20:26+00:00","article_modified_time":"2020-10-20T13:51:28+00:00","og_image":[{"width":1280,"height":853,"url":"https:\/\/cdn.unasp.br\/noticias\/wp-content\/uploads\/2020\/09\/16181202\/WhatsApp-Image-2020-09-16-at-16.34.36-1.jpeg","type":"image\/jpeg"}],"author":"Maria da Gl\u00f3ria Marques de Paula Barreto","twitter_card":"summary_large_image","twitter_misc":{"Escrito por":"Maria da Gl\u00f3ria Marques de Paula Barreto","Est. tempo de leitura":"3 minutos"},"schema":{"@context":"https:\/\/schema.org","@graph":[{"@type":"Article","@id":"https:\/\/unasp.br\/noticias\/profissionais-de-saude-recebem-cartas-de-gratidao-dos-alunos-do-colegio-unasp\/#article","isPartOf":{"@id":"https:\/\/unasp.br\/noticias\/profissionais-de-saude-recebem-cartas-de-gratidao-dos-alunos-do-colegio-unasp\/"},"author":{"name":"Maria da Gl\u00f3ria Marques de Paula Barreto","@id":"https:\/\/unasp.br\/noticias\/#\/schema\/person\/f3393a032491eabc46fadb3656375334"},"headline":"Profissionais de sa\u00fade recebem cartas de gratid\u00e3o dos alunos do Col\u00e9gio UNASP","datePublished":"2020-09-17T00:20:26+00:00","dateModified":"2020-10-20T13:51:28+00:00","mainEntityOfPage":{"@id":"https:\/\/unasp.br\/noticias\/profissionais-de-saude-recebem-cartas-de-gratidao-dos-alunos-do-colegio-unasp\/"},"wordCount":713,"commentCount":0,"publisher":{"@id":"https:\/\/unasp.br\/noticias\/#organization"},"image":{"@id":"https:\/\/unasp.br\/noticias\/profissionais-de-saude-recebem-cartas-de-gratidao-dos-alunos-do-colegio-unasp\/#primaryimage"},"thumbnailUrl":"https:\/\/cdn.unasp.br\/noticias\/wp-content\/uploads\/2020\/09\/16181202\/WhatsApp-Image-2020-09-16-at-16.34.36-1.jpeg","articleSection":["Impacto Social"],"inLanguage":"pt-BR","potentialAction":[{"@type":"CommentAction","name":"Comment","target":["https:\/\/unasp.br\/noticias\/profissionais-de-saude-recebem-cartas-de-gratidao-dos-alunos-do-colegio-unasp\/#respond"]}]},{"@type":"WebPage","@id":"https:\/\/unasp.br\/noticias\/profissionais-de-saude-recebem-cartas-de-gratidao-dos-alunos-do-colegio-unasp\/","url":"https:\/\/unasp.br\/noticias\/profissionais-de-saude-recebem-cartas-de-gratidao-dos-alunos-do-colegio-unasp\/","name":"Profissionais de sa\u00fade recebem cartas de gratid\u00e3o dos alunos do Col\u00e9gio UNASP - UNASP Noticias","isPartOf":{"@id":"https:\/\/unasp.br\/noticias\/#website"},"primaryImageOfPage":{"@id":"https:\/\/unasp.br\/noticias\/profissionais-de-saude-recebem-cartas-de-gratidao-dos-alunos-do-colegio-unasp\/#primaryimage"},"image":{"@id":"https:\/\/unasp.br\/noticias\/profissionais-de-saude-recebem-cartas-de-gratidao-dos-alunos-do-colegio-unasp\/#primaryimage"},"thumbnailUrl":"https:\/\/cdn.unasp.br\/noticias\/wp-content\/uploads\/2020\/09\/16181202\/WhatsApp-Image-2020-09-16-at-16.34.36-1.jpeg","datePublished":"2020-09-17T00:20:26+00:00","dateModified":"2020-10-20T13:51:28+00:00","description":"Alunos de 10, 11 e 12 anos escrevem cartas agradecendo os profissionais de sa\u00fade pelos servi\u00e7os prestados durante a pandemia da Covid-19","breadcrumb":{"@id":"https:\/\/unasp.br\/noticias\/profissionais-de-saude-recebem-cartas-de-gratidao-dos-alunos-do-colegio-unasp\/#breadcrumb"},"inLanguage":"pt-BR","potentialAction":[{"@type":"ReadAction","target":["https:\/\/unasp.br\/noticias\/profissionais-de-saude-recebem-cartas-de-gratidao-dos-alunos-do-colegio-unasp\/"]}]},{"@type":"ImageObject","inLanguage":"pt-BR","@id":"https:\/\/unasp.br\/noticias\/profissionais-de-saude-recebem-cartas-de-gratidao-dos-alunos-do-colegio-unasp\/#primaryimage","url":"https:\/\/cdn.unasp.br\/noticias\/wp-content\/uploads\/2020\/09\/16181202\/WhatsApp-Image-2020-09-16-at-16.34.36-1.jpeg","contentUrl":"https:\/\/cdn.unasp.br\/noticias\/wp-content\/uploads\/2020\/09\/16181202\/WhatsApp-Image-2020-09-16-at-16.34.36-1.jpeg","width":1280,"height":853},{"@type":"BreadcrumbList","@id":"https:\/\/unasp.br\/noticias\/profissionais-de-saude-recebem-cartas-de-gratidao-dos-alunos-do-colegio-unasp\/#breadcrumb","itemListElement":[{"@type":"ListItem","position":1,"name":"In\u00edcio","item":"https:\/\/unasp.br\/noticias\/"},{"@type":"ListItem","position":2,"name":"Profissionais de sa\u00fade recebem cartas de gratid\u00e3o dos alunos do Col\u00e9gio UNASP"}]},{"@type":"WebSite","@id":"https:\/\/unasp.br\/noticias\/#website","url":"https:\/\/unasp.br\/noticias\/","name":"UNASP Noticias","description":"Centro Universit\u00e1rio Adventista de S\u00e3o Paulo","publisher":{"@id":"https:\/\/unasp.br\/noticias\/#organization"},"potentialAction":[{"@type":"SearchAction","target":{"@type":"EntryPoint","urlTemplate":"https:\/\/unasp.br\/noticias\/?s={search_term_string}"},"query-input":{"@type":"PropertyValueSpecification","valueRequired":true,"valueName":"search_term_string"}}],"inLanguage":"pt-BR"},{"@type":"Organization","@id":"https:\/\/unasp.br\/noticias\/#organization","name":"UNASP Noticias","url":"https:\/\/unasp.br\/noticias\/","logo":{"@type":"ImageObject","inLanguage":"pt-BR","@id":"https:\/\/unasp.br\/noticias\/#\/schema\/logo\/image\/","url":"https:\/\/cdn.unasp.br\/noticias\/wp-content\/uploads\/2021\/09\/09152724\/logo-unasp-news.png","contentUrl":"https:\/\/cdn.unasp.br\/noticias\/wp-content\/uploads\/2021\/09\/09152724\/logo-unasp-news.png","width":240,"height":41,"caption":"UNASP Noticias"},"image":{"@id":"https:\/\/unasp.br\/noticias\/#\/schema\/logo\/image\/"}},{"@type":"Person","@id":"https:\/\/unasp.br\/noticias\/#\/schema\/person\/f3393a032491eabc46fadb3656375334","name":"Maria da Gl\u00f3ria Marques de Paula Barreto","image":{"@type":"ImageObject","inLanguage":"pt-BR","@id":"https:\/\/unasp.br\/noticias\/#\/schema\/person\/image\/","url":"https:\/\/secure.gravatar.com\/avatar\/3c23babfa2a847f4ce1e1403fe341fa3?s=96&d=mm&r=g","contentUrl":"https:\/\/secure.gravatar.com\/avatar\/3c23babfa2a847f4ce1e1403fe341fa3?s=96&d=mm&r=g","caption":"Maria da Gl\u00f3ria Marques de Paula Barreto"},"url":"https:\/\/unasp.br\/noticias\/author\/gloria-barretoadventistas-org\/"}]}},"_links":{"self":[{"href":"https:\/\/unasp.br\/noticias\/wp-json\/wp\/v2\/posts\/90526"}],"collection":[{"href":"https:\/\/unasp.br\/noticias\/wp-json\/wp\/v2\/posts"}],"about":[{"href":"https:\/\/unasp.br\/noticias\/wp-json\/wp\/v2\/types\/post"}],"author":[{"embeddable":true,"href":"https:\/\/unasp.br\/noticias\/wp-json\/wp\/v2\/users\/73"}],"replies":[{"embeddable":true,"href":"https:\/\/unasp.br\/noticias\/wp-json\/wp\/v2\/comments?post=90526"}],"version-history":[{"count":2,"href":"https:\/\/unasp.br\/noticias\/wp-json\/wp\/v2\/posts\/90526\/revisions"}],"predecessor-version":[{"id":91324,"href":"https:\/\/unasp.br\/noticias\/wp-json\/wp\/v2\/posts\/90526\/revisions\/91324"}],"wp:featuredmedia":[{"embeddable":true,"href":"https:\/\/unasp.br\/noticias\/wp-json\/wp\/v2\/media\/90527"}],"wp:attachment":[{"href":"https:\/\/unasp.br\/noticias\/wp-json\/wp\/v2\/media?parent=90526"}],"wp:term":[{"taxonomy":"category","embeddable":true,"href":"https:\/\/unasp.br\/noticias\/wp-json\/wp\/v2\/categories?post=90526"},{"taxonomy":"post_tag","embeddable":true,"href":"https:\/\/unasp.br\/noticias\/wp-json\/wp\/v2\/tags?post=90526"}],"curies":[{"name":"wp","href":"https:\/\/api.w.org\/{rel}","templated":true}]}}