{"id":90834,"date":"2020-09-21T17:29:32","date_gmt":"2020-09-21T20:29:32","guid":{"rendered":"https:\/\/www.unasp.br\/noticias\/?p=90834"},"modified":"2020-09-21T17:29:34","modified_gmt":"2020-09-21T20:29:34","slug":"acoes-do-bem-envolvem-estudantes-e-comunidade","status":"publish","type":"post","link":"https:\/\/unasp.br\/noticias\/acoes-do-bem-envolvem-estudantes-e-comunidade\/","title":{"rendered":"A\u00e7\u00f5es do bem envolvem estudantes e comunidade"},"content":{"rendered":"\n<figure class=\"wp-block-image size-large\"><img loading=\"lazy\" decoding=\"async\" width=\"1024\" height=\"682\" src=\"https:\/\/www.unasp.br\/noticias\/wp-content\/uploads\/2020\/09\/WhatsApp-Image-2020-09-21-at-10.37.24-1024x682.jpeg\" alt=\"\" class=\"wp-image-90836\" srcset=\"https:\/\/cdn.unasp.br\/noticias\/wp-content\/uploads\/2020\/09\/21140954\/WhatsApp-Image-2020-09-21-at-10.37.24-1024x682.jpeg 1024w, https:\/\/cdn.unasp.br\/noticias\/wp-content\/uploads\/2020\/09\/21140954\/WhatsApp-Image-2020-09-21-at-10.37.24-300x200.jpeg 300w, https:\/\/cdn.unasp.br\/noticias\/wp-content\/uploads\/2020\/09\/21140954\/WhatsApp-Image-2020-09-21-at-10.37.24-768x512.jpeg 768w, https:\/\/cdn.unasp.br\/noticias\/wp-content\/uploads\/2020\/09\/21140954\/WhatsApp-Image-2020-09-21-at-10.37.24-900x600.jpeg 900w, https:\/\/cdn.unasp.br\/noticias\/wp-content\/uploads\/2020\/09\/21140954\/WhatsApp-Image-2020-09-21-at-10.37.24-1200x800.jpeg 1200w, https:\/\/cdn.unasp.br\/noticias\/wp-content\/uploads\/2020\/09\/21140954\/WhatsApp-Image-2020-09-21-at-10.37.24-1080x720.jpeg 1080w, https:\/\/cdn.unasp.br\/noticias\/wp-content\/uploads\/2020\/09\/21140954\/WhatsApp-Image-2020-09-21-at-10.37.24-800x533.jpeg 800w, https:\/\/cdn.unasp.br\/noticias\/wp-content\/uploads\/2020\/09\/21140954\/WhatsApp-Image-2020-09-21-at-10.37.24-750x500.jpeg 750w, https:\/\/cdn.unasp.br\/noticias\/wp-content\/uploads\/2020\/09\/21140954\/WhatsApp-Image-2020-09-21-at-10.37.24-720x480.jpeg 720w, https:\/\/cdn.unasp.br\/noticias\/wp-content\/uploads\/2020\/09\/21140954\/WhatsApp-Image-2020-09-21-at-10.37.24-420x280.jpeg 420w, https:\/\/cdn.unasp.br\/noticias\/wp-content\/uploads\/2020\/09\/21140954\/WhatsApp-Image-2020-09-21-at-10.37.24-500x333.jpeg 500w, https:\/\/cdn.unasp.br\/noticias\/wp-content\/uploads\/2020\/09\/21140954\/WhatsApp-Image-2020-09-21-at-10.37.24-400x267.jpeg 400w, https:\/\/cdn.unasp.br\/noticias\/wp-content\/uploads\/2020\/09\/21140954\/WhatsApp-Image-2020-09-21-at-10.37.24-375x250.jpeg 375w, https:\/\/cdn.unasp.br\/noticias\/wp-content\/uploads\/2020\/09\/21140954\/WhatsApp-Image-2020-09-21-at-10.37.24-225x150.jpeg 225w, https:\/\/cdn.unasp.br\/noticias\/wp-content\/uploads\/2020\/09\/21140954\/WhatsApp-Image-2020-09-21-at-10.37.24-175x117.jpeg 175w, https:\/\/cdn.unasp.br\/noticias\/wp-content\/uploads\/2020\/09\/21140954\/WhatsApp-Image-2020-09-21-at-10.37.24-200x133.jpeg 200w, https:\/\/cdn.unasp.br\/noticias\/wp-content\/uploads\/2020\/09\/21140954\/WhatsApp-Image-2020-09-21-at-10.37.24.jpeg 1280w\" sizes=\"(max-width: 1024px) 100vw, 1024px\" \/><figcaption>Projeto Viva a Vida &#8211; Setembro Amarelo tem incentivado alunos a se envolverem em a\u00e7\u00f5es do bem<\/figcaption><\/figure>\n\n\n\n<p>Doa\u00e7\u00e3o de sangue com a participa\u00e7\u00e3o dos universit\u00e1rios e comunidade, mensagens de respeito e admira\u00e7\u00e3o aos alunos e funcion\u00e1rios nos setores do campus, bilhetinhos de incentivo distribu\u00eddos em bal\u00f5es aos alunos residentes; essas foram mais algumas das a\u00e7\u00f5es do bem realizadas durante a \u00faltima semana, promovidas pelo projeto <a rel=\"noreferrer noopener\" aria-label=\"Setembro Amarelo (abre numa nova aba)\" href=\"https:\/\/www.setembroamarelo.com\/\" target=\"_blank\">Setembro Amarelo<\/a> \u2013 Viva A Vida no <a rel=\"noreferrer noopener\" aria-label=\"UNASP campus Hortol\u00e2ndia (abre numa nova aba)\" href=\"https:\/\/www.unasp.br\/cursos\/graduacao\/ht\/\" target=\"_blank\">UNASP campus Hortol\u00e2ndia<\/a>.<\/p>\n\n\n\n<h2 class=\"wp-block-heading\">Doa\u00e7\u00e3o de Sangue<\/h2>\n\n\n\n<p>No ultimo s\u00e1bado, 18 de setembro, mais de 200 pessoas compareceram ao campus para doar sangue. Essa a\u00e7\u00e3o promovida pela <a href=\"https:\/\/www.unasp.br\/pesquisa-e-extensao\/projetos-de-extensao\/\" target=\"_blank\" rel=\"noreferrer noopener\" aria-label=\"Extens\u00e3o Universit\u00e1ria (abre numa nova aba)\">Extens\u00e3o Universit\u00e1ria<\/a> do campus, acontece h\u00e1 12 anos em parceria com o Hemocentro da Unicamp. A equipe veio preparada para coletar at\u00e9 210 bolsas de sangue, alvo que foi alcan\u00e7ado j\u00e1 no meio da manh\u00e3. Foram arrecadadas 163 bolsas de sangue\u00a0 Um resultado muito importante para ajudar a reverter a baixa nos estoques de sangue.<\/p>\n\n\n\n<p>\u201cNo in\u00edcio da pandemia as doa\u00e7\u00f5es aumentaram, porque as pessoas estavam em casa e tinham mais disponibilidade para doar. O que acontece agora \u00e9 que as cirurgias voltaram a serem realizadas, por\u00e9m a popula\u00e7\u00e3o voltou a sua rotina, em fun\u00e7\u00e3o disso nossos estoques diminu\u00edram\u201d, explicou o t\u00e9cnico hospitalar do Hemocentro da Unicampi, Romano Gon\u00e7alvez Santos, que esteve \u00e0 frente da coleta do \u00faltimo s\u00e1bado.<\/p>\n\n\n\n<figure class=\"wp-block-image size-large is-resized\"><img loading=\"lazy\" decoding=\"async\" src=\"https:\/\/www.unasp.br\/noticias\/wp-content\/uploads\/2020\/09\/WhatsApp-Image-2020-09-21-at-15.22.25-576x1024.jpeg\" alt=\"Doa\u00e7\u00e3o de sangue\" class=\"wp-image-90837\" width=\"432\" height=\"768\" srcset=\"https:\/\/cdn.unasp.br\/noticias\/wp-content\/uploads\/2020\/09\/21141336\/WhatsApp-Image-2020-09-21-at-15.22.25-576x1024.jpeg 576w, https:\/\/cdn.unasp.br\/noticias\/wp-content\/uploads\/2020\/09\/21141336\/WhatsApp-Image-2020-09-21-at-15.22.25-169x300.jpeg 169w, https:\/\/cdn.unasp.br\/noticias\/wp-content\/uploads\/2020\/09\/21141336\/WhatsApp-Image-2020-09-21-at-15.22.25-338x600.jpeg 338w, https:\/\/cdn.unasp.br\/noticias\/wp-content\/uploads\/2020\/09\/21141336\/WhatsApp-Image-2020-09-21-at-15.22.25-450x800.jpeg 450w, https:\/\/cdn.unasp.br\/noticias\/wp-content\/uploads\/2020\/09\/21141336\/WhatsApp-Image-2020-09-21-at-15.22.25-405x720.jpeg 405w, https:\/\/cdn.unasp.br\/noticias\/wp-content\/uploads\/2020\/09\/21141336\/WhatsApp-Image-2020-09-21-at-15.22.25-281x500.jpeg 281w, https:\/\/cdn.unasp.br\/noticias\/wp-content\/uploads\/2020\/09\/21141336\/WhatsApp-Image-2020-09-21-at-15.22.25-270x480.jpeg 270w, https:\/\/cdn.unasp.br\/noticias\/wp-content\/uploads\/2020\/09\/21141336\/WhatsApp-Image-2020-09-21-at-15.22.25-158x280.jpeg 158w, https:\/\/cdn.unasp.br\/noticias\/wp-content\/uploads\/2020\/09\/21141336\/WhatsApp-Image-2020-09-21-at-15.22.25-225x400.jpeg 225w, https:\/\/cdn.unasp.br\/noticias\/wp-content\/uploads\/2020\/09\/21141336\/WhatsApp-Image-2020-09-21-at-15.22.25-141x250.jpeg 141w, https:\/\/cdn.unasp.br\/noticias\/wp-content\/uploads\/2020\/09\/21141336\/WhatsApp-Image-2020-09-21-at-15.22.25-113x200.jpeg 113w, https:\/\/cdn.unasp.br\/noticias\/wp-content\/uploads\/2020\/09\/21141336\/WhatsApp-Image-2020-09-21-at-15.22.25-84x150.jpeg 84w, https:\/\/cdn.unasp.br\/noticias\/wp-content\/uploads\/2020\/09\/21141336\/WhatsApp-Image-2020-09-21-at-15.22.25.jpeg 720w\" sizes=\"(max-width: 432px) 100vw, 432px\" \/><figcaption>Alunos, professores e comunidades escolar doaram 163 bolsas de sangue.<\/figcaption><\/figure>\n\n\n\n<p>Compareceram para doar sangue\nalunos universit\u00e1rios, pais de estudantes, professores e pessoas da comunidade\nem geral. O professor universit\u00e1rio, Eliezer Moura, que doa duas vezes ao ano,\ndesde 2006, explica a sua motiva\u00e7\u00e3o para participar do projeto: \u201cdoar \u00e9 um ato\nde cidadania e amor ao pr\u00f3ximo. Eu sei que muita gente precisa e at\u00e9 depende\ndisso e para mim n\u00e3o custa nada, por isso eu sempre venho\u201d, enfatizou o\nprofessor. <\/p>\n\n\n\n<h2 class=\"wp-block-heading\">As doa\u00e7\u00f5es continuam<\/h2>\n\n\n\n<p>Romano explica que quem n\u00e3o pode comparecer a campanha de doa\u00e7\u00e3o de sangue deste s\u00e1bado ainda pode colaborar se dirigindo ao Hemocentro da Unicamp para fazer sua doa\u00e7\u00e3o. Para isso, basta acessar <a href=\"https:\/\/agendamento.hemocentro.unicamp.br\/\" target=\"_blank\" rel=\"noreferrer noopener\" aria-label=\"o site e agendar um hor\u00e1rio. (abre numa nova aba)\">o site e agendar um hor\u00e1rio.<\/a> O Hemocentro funciona de segunda a s\u00e1bado das sete e meia da manh\u00e3 \u00e0s 15 horas.<\/p>\n\n\n\n<p>&nbsp;\u201cA gente pede que as pessoas, possam voltar a\ndoar, porque algumas cirurgias j\u00e1 foram canceladas por falta de sangue\u201d,\nalertou o t\u00e9cnico hospitalar.<\/p>\n\n\n\n<h2 class=\"wp-block-heading\">Deixe sua mensagem escrita<\/h2>\n\n\n\n<p>Quem anda pelo UNASP Hortol\u00e2ndia\nvai encontrar nos pr\u00e9dios diversos cantinhos repletos de post-its amarelinhos\ncom a seguinte frase acima: \u201cdeixe sua mensagem positiva para algu\u00e9m\u201d. O projeto\nincentiva as pessoas a escreverem coisas boas aos seus colegas de trabalho, de\nestudos, ou deixar mensagens alegres e otimistas para que as pessoas que passam\npor ali possam sentir-se melhor. <\/p>\n\n\n\n<p>Mandar bilhetes em uma era de aplicativos de mensagens diretas e on-line parece algo trivial, mas tem incentivado dezenas de pessoas a demonstrarem afeto e carinho ao seu pr\u00f3ximo. <\/p>\n\n\n\n<figure class=\"wp-block-image size-large\"><img loading=\"lazy\" decoding=\"async\" width=\"1024\" height=\"768\" src=\"https:\/\/www.unasp.br\/noticias\/wp-content\/uploads\/2020\/09\/WhatsApp-Image-2020-09-21-at-17.13.17-1024x768.jpeg\" alt=\"Parede com post-its amarelos\" class=\"wp-image-90839\" srcset=\"https:\/\/cdn.unasp.br\/noticias\/wp-content\/uploads\/2020\/09\/21141754\/WhatsApp-Image-2020-09-21-at-17.13.17-1024x768.jpeg 1024w, https:\/\/cdn.unasp.br\/noticias\/wp-content\/uploads\/2020\/09\/21141754\/WhatsApp-Image-2020-09-21-at-17.13.17-300x225.jpeg 300w, https:\/\/cdn.unasp.br\/noticias\/wp-content\/uploads\/2020\/09\/21141754\/WhatsApp-Image-2020-09-21-at-17.13.17-768x576.jpeg 768w, https:\/\/cdn.unasp.br\/noticias\/wp-content\/uploads\/2020\/09\/21141754\/WhatsApp-Image-2020-09-21-at-17.13.17-800x600.jpeg 800w, https:\/\/cdn.unasp.br\/noticias\/wp-content\/uploads\/2020\/09\/21141754\/WhatsApp-Image-2020-09-21-at-17.13.17-1067x800.jpeg 1067w, https:\/\/cdn.unasp.br\/noticias\/wp-content\/uploads\/2020\/09\/21141754\/WhatsApp-Image-2020-09-21-at-17.13.17-960x720.jpeg 960w, https:\/\/cdn.unasp.br\/noticias\/wp-content\/uploads\/2020\/09\/21141754\/WhatsApp-Image-2020-09-21-at-17.13.17-667x500.jpeg 667w, https:\/\/cdn.unasp.br\/noticias\/wp-content\/uploads\/2020\/09\/21141754\/WhatsApp-Image-2020-09-21-at-17.13.17-640x480.jpeg 640w, https:\/\/cdn.unasp.br\/noticias\/wp-content\/uploads\/2020\/09\/21141754\/WhatsApp-Image-2020-09-21-at-17.13.17-373x280.jpeg 373w, https:\/\/cdn.unasp.br\/noticias\/wp-content\/uploads\/2020\/09\/21141754\/WhatsApp-Image-2020-09-21-at-17.13.17-500x375.jpeg 500w, https:\/\/cdn.unasp.br\/noticias\/wp-content\/uploads\/2020\/09\/21141754\/WhatsApp-Image-2020-09-21-at-17.13.17-400x300.jpeg 400w, https:\/\/cdn.unasp.br\/noticias\/wp-content\/uploads\/2020\/09\/21141754\/WhatsApp-Image-2020-09-21-at-17.13.17-333x250.jpeg 333w, https:\/\/cdn.unasp.br\/noticias\/wp-content\/uploads\/2020\/09\/21141754\/WhatsApp-Image-2020-09-21-at-17.13.17-267x200.jpeg 267w, https:\/\/cdn.unasp.br\/noticias\/wp-content\/uploads\/2020\/09\/21141754\/WhatsApp-Image-2020-09-21-at-17.13.17-200x150.jpeg 200w, https:\/\/cdn.unasp.br\/noticias\/wp-content\/uploads\/2020\/09\/21141754\/WhatsApp-Image-2020-09-21-at-17.13.17-175x131.jpeg 175w, https:\/\/cdn.unasp.br\/noticias\/wp-content\/uploads\/2020\/09\/21141754\/WhatsApp-Image-2020-09-21-at-17.13.17.jpeg 1280w\" sizes=\"(max-width: 1024px) 100vw, 1024px\" \/><figcaption>Estudantes e funcion\u00e1rios s\u00e3o incentivados a escreverem recados carinhosos e otimistas aos colegas.<\/figcaption><\/figure>\n\n\n\n<h2 class=\"wp-block-heading\">Arte em grupo<\/h2>\n\n\n\n<p>E quem gostou da logo \u201cViva a Vida\u201d da campanha do Setembro Amarelo deste ano, vai ficar feliz em saber que ela ganhou espa\u00e7o e virou pintura art\u00edstica realizada pelos pr\u00f3prios alunos. A pintura foi feita no ch\u00e3o, frente a cal\u00e7ada do restaurante do campus. A a\u00e7\u00e3o j\u00e1 rendeu algumas fotos e claro, muita distra\u00e7\u00e3o para os alunos artistas que voluntariamente resolveram participar da pintura.<\/p>\n\n\n\n<figure class=\"wp-block-image size-large\"><img loading=\"lazy\" decoding=\"async\" width=\"1024\" height=\"682\" src=\"https:\/\/www.unasp.br\/noticias\/wp-content\/uploads\/2020\/09\/WhatsApp-Image-2020-09-21-at-10.37.37-1024x682.jpeg\" alt=\"Jovens pintando o ch\u00e3o\" class=\"wp-image-90838\" srcset=\"https:\/\/cdn.unasp.br\/noticias\/wp-content\/uploads\/2020\/09\/21141457\/WhatsApp-Image-2020-09-21-at-10.37.37-1024x682.jpeg 1024w, https:\/\/cdn.unasp.br\/noticias\/wp-content\/uploads\/2020\/09\/21141457\/WhatsApp-Image-2020-09-21-at-10.37.37-300x200.jpeg 300w, https:\/\/cdn.unasp.br\/noticias\/wp-content\/uploads\/2020\/09\/21141457\/WhatsApp-Image-2020-09-21-at-10.37.37-768x512.jpeg 768w, https:\/\/cdn.unasp.br\/noticias\/wp-content\/uploads\/2020\/09\/21141457\/WhatsApp-Image-2020-09-21-at-10.37.37-900x600.jpeg 900w, https:\/\/cdn.unasp.br\/noticias\/wp-content\/uploads\/2020\/09\/21141457\/WhatsApp-Image-2020-09-21-at-10.37.37-1200x800.jpeg 1200w, https:\/\/cdn.unasp.br\/noticias\/wp-content\/uploads\/2020\/09\/21141457\/WhatsApp-Image-2020-09-21-at-10.37.37-1080x720.jpeg 1080w, https:\/\/cdn.unasp.br\/noticias\/wp-content\/uploads\/2020\/09\/21141457\/WhatsApp-Image-2020-09-21-at-10.37.37-800x533.jpeg 800w, https:\/\/cdn.unasp.br\/noticias\/wp-content\/uploads\/2020\/09\/21141457\/WhatsApp-Image-2020-09-21-at-10.37.37-750x500.jpeg 750w, https:\/\/cdn.unasp.br\/noticias\/wp-content\/uploads\/2020\/09\/21141457\/WhatsApp-Image-2020-09-21-at-10.37.37-720x480.jpeg 720w, https:\/\/cdn.unasp.br\/noticias\/wp-content\/uploads\/2020\/09\/21141457\/WhatsApp-Image-2020-09-21-at-10.37.37-420x280.jpeg 420w, https:\/\/cdn.unasp.br\/noticias\/wp-content\/uploads\/2020\/09\/21141457\/WhatsApp-Image-2020-09-21-at-10.37.37-500x333.jpeg 500w, https:\/\/cdn.unasp.br\/noticias\/wp-content\/uploads\/2020\/09\/21141457\/WhatsApp-Image-2020-09-21-at-10.37.37-400x267.jpeg 400w, https:\/\/cdn.unasp.br\/noticias\/wp-content\/uploads\/2020\/09\/21141457\/WhatsApp-Image-2020-09-21-at-10.37.37-375x250.jpeg 375w, https:\/\/cdn.unasp.br\/noticias\/wp-content\/uploads\/2020\/09\/21141457\/WhatsApp-Image-2020-09-21-at-10.37.37-225x150.jpeg 225w, https:\/\/cdn.unasp.br\/noticias\/wp-content\/uploads\/2020\/09\/21141457\/WhatsApp-Image-2020-09-21-at-10.37.37-175x117.jpeg 175w, https:\/\/cdn.unasp.br\/noticias\/wp-content\/uploads\/2020\/09\/21141457\/WhatsApp-Image-2020-09-21-at-10.37.37-200x133.jpeg 200w, https:\/\/cdn.unasp.br\/noticias\/wp-content\/uploads\/2020\/09\/21141457\/WhatsApp-Image-2020-09-21-at-10.37.37.jpeg 1280w\" sizes=\"(max-width: 1024px) 100vw, 1024px\" \/><figcaption>Alunos residentes reproduziram no ch\u00e3o a logo do projeto Viva a Vida.<\/figcaption><\/figure>\n\n\n\n<h2 class=\"wp-block-heading\">A alegria est\u00e1 ao ar<\/h2>\n\n\n\n<p>Bal\u00f5es cheios de g\u00e1s h\u00e9lio\netiquetados com bilhetinhos de mensagens carinhosas foram confeccionados e\nentregues aos alunos que residem no campus na \u00faltima quinta-feira, 17 de\nsetembro. Foram entregues um total de 178 bal\u00f5es resultando em muitos sorrisos.<\/p>\n","protected":false},"excerpt":{"rendered":"<p>UNASP continua realizando a\u00e7\u00f5es pela campanha do Setembro Amarelo envolvendo alunos, pais, professores, funcion\u00e1rios e comunidade.<\/p>\n","protected":false},"author":73,"featured_media":90836,"comment_status":"open","ping_status":"open","sticky":false,"template":"","format":"standard","meta":{"footnotes":""},"categories":[6],"tags":[],"yoast_head":"<!-- This site is optimized with the Yoast SEO plugin v23.5 - https:\/\/yoast.com\/wordpress\/plugins\/seo\/ -->\n<title>A\u00e7\u00f5es do bem envolvem estudantes e comunidade - UNASP Noticias<\/title>\n<meta name=\"description\" content=\"UNASP Hortol\u00e2ndia continua realizando a\u00e7\u00f5es pela campanha do Setembro Amarelo envolvendo alunos, pais, professores, funcion\u00e1rios e comunidade.\" \/>\n<meta name=\"robots\" content=\"index, follow, max-snippet:-1, max-image-preview:large, max-video-preview:-1\" \/>\n<link rel=\"canonical\" href=\"https:\/\/unasp.br\/noticias\/acoes-do-bem-envolvem-estudantes-e-comunidade\/\" \/>\n<meta property=\"og:locale\" content=\"pt_BR\" \/>\n<meta property=\"og:type\" content=\"article\" \/>\n<meta property=\"og:title\" content=\"A\u00e7\u00f5es do bem envolvem estudantes e comunidade - UNASP Noticias\" \/>\n<meta property=\"og:description\" content=\"UNASP Hortol\u00e2ndia continua realizando a\u00e7\u00f5es pela campanha do Setembro Amarelo envolvendo alunos, pais, professores, funcion\u00e1rios e comunidade.\" \/>\n<meta property=\"og:url\" content=\"https:\/\/unasp.br\/noticias\/acoes-do-bem-envolvem-estudantes-e-comunidade\/\" \/>\n<meta property=\"og:site_name\" content=\"UNASP Noticias\" \/>\n<meta property=\"article:published_time\" content=\"2020-09-21T20:29:32+00:00\" \/>\n<meta property=\"article:modified_time\" content=\"2020-09-21T20:29:34+00:00\" \/>\n<meta property=\"og:image\" content=\"https:\/\/cdn.unasp.br\/noticias\/wp-content\/uploads\/2020\/09\/21140954\/WhatsApp-Image-2020-09-21-at-10.37.24.jpeg\" \/>\n\t<meta property=\"og:image:width\" content=\"1280\" \/>\n\t<meta property=\"og:image:height\" content=\"853\" \/>\n\t<meta property=\"og:image:type\" content=\"image\/jpeg\" \/>\n<meta name=\"author\" content=\"Maria da Gl\u00f3ria Marques de Paula Barreto\" \/>\n<meta name=\"twitter:card\" content=\"summary_large_image\" \/>\n<meta name=\"twitter:label1\" content=\"Escrito por\" \/>\n\t<meta name=\"twitter:data1\" content=\"Maria da Gl\u00f3ria Marques de Paula Barreto\" \/>\n\t<meta name=\"twitter:label2\" content=\"Est. tempo de leitura\" \/>\n\t<meta name=\"twitter:data2\" content=\"3 minutos\" \/>\n<script type=\"application\/ld+json\" class=\"yoast-schema-graph\">{\"@context\":\"https:\/\/schema.org\",\"@graph\":[{\"@type\":\"Article\",\"@id\":\"https:\/\/unasp.br\/noticias\/acoes-do-bem-envolvem-estudantes-e-comunidade\/#article\",\"isPartOf\":{\"@id\":\"https:\/\/unasp.br\/noticias\/acoes-do-bem-envolvem-estudantes-e-comunidade\/\"},\"author\":{\"name\":\"Maria da Gl\u00f3ria Marques de Paula Barreto\",\"@id\":\"https:\/\/unasp.br\/noticias\/#\/schema\/person\/f3393a032491eabc46fadb3656375334\"},\"headline\":\"A\u00e7\u00f5es do bem envolvem estudantes e comunidade\",\"datePublished\":\"2020-09-21T20:29:32+00:00\",\"dateModified\":\"2020-09-21T20:29:34+00:00\",\"mainEntityOfPage\":{\"@id\":\"https:\/\/unasp.br\/noticias\/acoes-do-bem-envolvem-estudantes-e-comunidade\/\"},\"wordCount\":658,\"commentCount\":0,\"publisher\":{\"@id\":\"https:\/\/unasp.br\/noticias\/#organization\"},\"image\":{\"@id\":\"https:\/\/unasp.br\/noticias\/acoes-do-bem-envolvem-estudantes-e-comunidade\/#primaryimage\"},\"thumbnailUrl\":\"https:\/\/cdn.unasp.br\/noticias\/wp-content\/uploads\/2020\/09\/21140954\/WhatsApp-Image-2020-09-21-at-10.37.24.jpeg\",\"articleSection\":[\"Acontece no UNASP\"],\"inLanguage\":\"pt-BR\",\"potentialAction\":[{\"@type\":\"CommentAction\",\"name\":\"Comment\",\"target\":[\"https:\/\/unasp.br\/noticias\/acoes-do-bem-envolvem-estudantes-e-comunidade\/#respond\"]}]},{\"@type\":\"WebPage\",\"@id\":\"https:\/\/unasp.br\/noticias\/acoes-do-bem-envolvem-estudantes-e-comunidade\/\",\"url\":\"https:\/\/unasp.br\/noticias\/acoes-do-bem-envolvem-estudantes-e-comunidade\/\",\"name\":\"A\u00e7\u00f5es do bem envolvem estudantes e comunidade - UNASP Noticias\",\"isPartOf\":{\"@id\":\"https:\/\/unasp.br\/noticias\/#website\"},\"primaryImageOfPage\":{\"@id\":\"https:\/\/unasp.br\/noticias\/acoes-do-bem-envolvem-estudantes-e-comunidade\/#primaryimage\"},\"image\":{\"@id\":\"https:\/\/unasp.br\/noticias\/acoes-do-bem-envolvem-estudantes-e-comunidade\/#primaryimage\"},\"thumbnailUrl\":\"https:\/\/cdn.unasp.br\/noticias\/wp-content\/uploads\/2020\/09\/21140954\/WhatsApp-Image-2020-09-21-at-10.37.24.jpeg\",\"datePublished\":\"2020-09-21T20:29:32+00:00\",\"dateModified\":\"2020-09-21T20:29:34+00:00\",\"description\":\"UNASP Hortol\u00e2ndia continua realizando a\u00e7\u00f5es pela campanha do Setembro Amarelo envolvendo alunos, pais, professores, funcion\u00e1rios e comunidade.\",\"breadcrumb\":{\"@id\":\"https:\/\/unasp.br\/noticias\/acoes-do-bem-envolvem-estudantes-e-comunidade\/#breadcrumb\"},\"inLanguage\":\"pt-BR\",\"potentialAction\":[{\"@type\":\"ReadAction\",\"target\":[\"https:\/\/unasp.br\/noticias\/acoes-do-bem-envolvem-estudantes-e-comunidade\/\"]}]},{\"@type\":\"ImageObject\",\"inLanguage\":\"pt-BR\",\"@id\":\"https:\/\/unasp.br\/noticias\/acoes-do-bem-envolvem-estudantes-e-comunidade\/#primaryimage\",\"url\":\"https:\/\/cdn.unasp.br\/noticias\/wp-content\/uploads\/2020\/09\/21140954\/WhatsApp-Image-2020-09-21-at-10.37.24.jpeg\",\"contentUrl\":\"https:\/\/cdn.unasp.br\/noticias\/wp-content\/uploads\/2020\/09\/21140954\/WhatsApp-Image-2020-09-21-at-10.37.24.jpeg\",\"width\":1280,\"height\":853,\"caption\":\"Projeto Viva a Vida - Setembro Amarelo tem incentivado alunos a se envolverem em a\u00e7\u00f5es do bem\"},{\"@type\":\"BreadcrumbList\",\"@id\":\"https:\/\/unasp.br\/noticias\/acoes-do-bem-envolvem-estudantes-e-comunidade\/#breadcrumb\",\"itemListElement\":[{\"@type\":\"ListItem\",\"position\":1,\"name\":\"In\u00edcio\",\"item\":\"https:\/\/unasp.br\/noticias\/\"},{\"@type\":\"ListItem\",\"position\":2,\"name\":\"A\u00e7\u00f5es do bem envolvem estudantes e comunidade\"}]},{\"@type\":\"WebSite\",\"@id\":\"https:\/\/unasp.br\/noticias\/#website\",\"url\":\"https:\/\/unasp.br\/noticias\/\",\"name\":\"UNASP Noticias\",\"description\":\"Centro Universit\u00e1rio Adventista de S\u00e3o Paulo\",\"publisher\":{\"@id\":\"https:\/\/unasp.br\/noticias\/#organization\"},\"potentialAction\":[{\"@type\":\"SearchAction\",\"target\":{\"@type\":\"EntryPoint\",\"urlTemplate\":\"https:\/\/unasp.br\/noticias\/?s={search_term_string}\"},\"query-input\":{\"@type\":\"PropertyValueSpecification\",\"valueRequired\":true,\"valueName\":\"search_term_string\"}}],\"inLanguage\":\"pt-BR\"},{\"@type\":\"Organization\",\"@id\":\"https:\/\/unasp.br\/noticias\/#organization\",\"name\":\"UNASP Noticias\",\"url\":\"https:\/\/unasp.br\/noticias\/\",\"logo\":{\"@type\":\"ImageObject\",\"inLanguage\":\"pt-BR\",\"@id\":\"https:\/\/unasp.br\/noticias\/#\/schema\/logo\/image\/\",\"url\":\"https:\/\/cdn.unasp.br\/noticias\/wp-content\/uploads\/2021\/09\/09152724\/logo-unasp-news.png\",\"contentUrl\":\"https:\/\/cdn.unasp.br\/noticias\/wp-content\/uploads\/2021\/09\/09152724\/logo-unasp-news.png\",\"width\":240,\"height\":41,\"caption\":\"UNASP Noticias\"},\"image\":{\"@id\":\"https:\/\/unasp.br\/noticias\/#\/schema\/logo\/image\/\"}},{\"@type\":\"Person\",\"@id\":\"https:\/\/unasp.br\/noticias\/#\/schema\/person\/f3393a032491eabc46fadb3656375334\",\"name\":\"Maria da Gl\u00f3ria Marques de Paula Barreto\",\"image\":{\"@type\":\"ImageObject\",\"inLanguage\":\"pt-BR\",\"@id\":\"https:\/\/unasp.br\/noticias\/#\/schema\/person\/image\/\",\"url\":\"https:\/\/secure.gravatar.com\/avatar\/3c23babfa2a847f4ce1e1403fe341fa3?s=96&d=mm&r=g\",\"contentUrl\":\"https:\/\/secure.gravatar.com\/avatar\/3c23babfa2a847f4ce1e1403fe341fa3?s=96&d=mm&r=g\",\"caption\":\"Maria da Gl\u00f3ria Marques de Paula Barreto\"},\"url\":\"https:\/\/unasp.br\/noticias\/author\/gloria-barretoadventistas-org\/\"}]}<\/script>\n<!-- \/ Yoast SEO plugin. -->","yoast_head_json":{"title":"A\u00e7\u00f5es do bem envolvem estudantes e comunidade - UNASP Noticias","description":"UNASP Hortol\u00e2ndia continua realizando a\u00e7\u00f5es pela campanha do Setembro Amarelo envolvendo alunos, pais, professores, funcion\u00e1rios e comunidade.","robots":{"index":"index","follow":"follow","max-snippet":"max-snippet:-1","max-image-preview":"max-image-preview:large","max-video-preview":"max-video-preview:-1"},"canonical":"https:\/\/unasp.br\/noticias\/acoes-do-bem-envolvem-estudantes-e-comunidade\/","og_locale":"pt_BR","og_type":"article","og_title":"A\u00e7\u00f5es do bem envolvem estudantes e comunidade - UNASP Noticias","og_description":"UNASP Hortol\u00e2ndia continua realizando a\u00e7\u00f5es pela campanha do Setembro Amarelo envolvendo alunos, pais, professores, funcion\u00e1rios e comunidade.","og_url":"https:\/\/unasp.br\/noticias\/acoes-do-bem-envolvem-estudantes-e-comunidade\/","og_site_name":"UNASP Noticias","article_published_time":"2020-09-21T20:29:32+00:00","article_modified_time":"2020-09-21T20:29:34+00:00","og_image":[{"width":1280,"height":853,"url":"https:\/\/cdn.unasp.br\/noticias\/wp-content\/uploads\/2020\/09\/21140954\/WhatsApp-Image-2020-09-21-at-10.37.24.jpeg","type":"image\/jpeg"}],"author":"Maria da Gl\u00f3ria Marques de Paula Barreto","twitter_card":"summary_large_image","twitter_misc":{"Escrito por":"Maria da Gl\u00f3ria Marques de Paula Barreto","Est. tempo de leitura":"3 minutos"},"schema":{"@context":"https:\/\/schema.org","@graph":[{"@type":"Article","@id":"https:\/\/unasp.br\/noticias\/acoes-do-bem-envolvem-estudantes-e-comunidade\/#article","isPartOf":{"@id":"https:\/\/unasp.br\/noticias\/acoes-do-bem-envolvem-estudantes-e-comunidade\/"},"author":{"name":"Maria da Gl\u00f3ria Marques de Paula Barreto","@id":"https:\/\/unasp.br\/noticias\/#\/schema\/person\/f3393a032491eabc46fadb3656375334"},"headline":"A\u00e7\u00f5es do bem envolvem estudantes e comunidade","datePublished":"2020-09-21T20:29:32+00:00","dateModified":"2020-09-21T20:29:34+00:00","mainEntityOfPage":{"@id":"https:\/\/unasp.br\/noticias\/acoes-do-bem-envolvem-estudantes-e-comunidade\/"},"wordCount":658,"commentCount":0,"publisher":{"@id":"https:\/\/unasp.br\/noticias\/#organization"},"image":{"@id":"https:\/\/unasp.br\/noticias\/acoes-do-bem-envolvem-estudantes-e-comunidade\/#primaryimage"},"thumbnailUrl":"https:\/\/cdn.unasp.br\/noticias\/wp-content\/uploads\/2020\/09\/21140954\/WhatsApp-Image-2020-09-21-at-10.37.24.jpeg","articleSection":["Acontece no UNASP"],"inLanguage":"pt-BR","potentialAction":[{"@type":"CommentAction","name":"Comment","target":["https:\/\/unasp.br\/noticias\/acoes-do-bem-envolvem-estudantes-e-comunidade\/#respond"]}]},{"@type":"WebPage","@id":"https:\/\/unasp.br\/noticias\/acoes-do-bem-envolvem-estudantes-e-comunidade\/","url":"https:\/\/unasp.br\/noticias\/acoes-do-bem-envolvem-estudantes-e-comunidade\/","name":"A\u00e7\u00f5es do bem envolvem estudantes e comunidade - UNASP Noticias","isPartOf":{"@id":"https:\/\/unasp.br\/noticias\/#website"},"primaryImageOfPage":{"@id":"https:\/\/unasp.br\/noticias\/acoes-do-bem-envolvem-estudantes-e-comunidade\/#primaryimage"},"image":{"@id":"https:\/\/unasp.br\/noticias\/acoes-do-bem-envolvem-estudantes-e-comunidade\/#primaryimage"},"thumbnailUrl":"https:\/\/cdn.unasp.br\/noticias\/wp-content\/uploads\/2020\/09\/21140954\/WhatsApp-Image-2020-09-21-at-10.37.24.jpeg","datePublished":"2020-09-21T20:29:32+00:00","dateModified":"2020-09-21T20:29:34+00:00","description":"UNASP Hortol\u00e2ndia continua realizando a\u00e7\u00f5es pela campanha do Setembro Amarelo envolvendo alunos, pais, professores, funcion\u00e1rios e comunidade.","breadcrumb":{"@id":"https:\/\/unasp.br\/noticias\/acoes-do-bem-envolvem-estudantes-e-comunidade\/#breadcrumb"},"inLanguage":"pt-BR","potentialAction":[{"@type":"ReadAction","target":["https:\/\/unasp.br\/noticias\/acoes-do-bem-envolvem-estudantes-e-comunidade\/"]}]},{"@type":"ImageObject","inLanguage":"pt-BR","@id":"https:\/\/unasp.br\/noticias\/acoes-do-bem-envolvem-estudantes-e-comunidade\/#primaryimage","url":"https:\/\/cdn.unasp.br\/noticias\/wp-content\/uploads\/2020\/09\/21140954\/WhatsApp-Image-2020-09-21-at-10.37.24.jpeg","contentUrl":"https:\/\/cdn.unasp.br\/noticias\/wp-content\/uploads\/2020\/09\/21140954\/WhatsApp-Image-2020-09-21-at-10.37.24.jpeg","width":1280,"height":853,"caption":"Projeto Viva a Vida - Setembro Amarelo tem incentivado alunos a se envolverem em a\u00e7\u00f5es do bem"},{"@type":"BreadcrumbList","@id":"https:\/\/unasp.br\/noticias\/acoes-do-bem-envolvem-estudantes-e-comunidade\/#breadcrumb","itemListElement":[{"@type":"ListItem","position":1,"name":"In\u00edcio","item":"https:\/\/unasp.br\/noticias\/"},{"@type":"ListItem","position":2,"name":"A\u00e7\u00f5es do bem envolvem estudantes e comunidade"}]},{"@type":"WebSite","@id":"https:\/\/unasp.br\/noticias\/#website","url":"https:\/\/unasp.br\/noticias\/","name":"UNASP Noticias","description":"Centro Universit\u00e1rio Adventista de S\u00e3o Paulo","publisher":{"@id":"https:\/\/unasp.br\/noticias\/#organization"},"potentialAction":[{"@type":"SearchAction","target":{"@type":"EntryPoint","urlTemplate":"https:\/\/unasp.br\/noticias\/?s={search_term_string}"},"query-input":{"@type":"PropertyValueSpecification","valueRequired":true,"valueName":"search_term_string"}}],"inLanguage":"pt-BR"},{"@type":"Organization","@id":"https:\/\/unasp.br\/noticias\/#organization","name":"UNASP Noticias","url":"https:\/\/unasp.br\/noticias\/","logo":{"@type":"ImageObject","inLanguage":"pt-BR","@id":"https:\/\/unasp.br\/noticias\/#\/schema\/logo\/image\/","url":"https:\/\/cdn.unasp.br\/noticias\/wp-content\/uploads\/2021\/09\/09152724\/logo-unasp-news.png","contentUrl":"https:\/\/cdn.unasp.br\/noticias\/wp-content\/uploads\/2021\/09\/09152724\/logo-unasp-news.png","width":240,"height":41,"caption":"UNASP Noticias"},"image":{"@id":"https:\/\/unasp.br\/noticias\/#\/schema\/logo\/image\/"}},{"@type":"Person","@id":"https:\/\/unasp.br\/noticias\/#\/schema\/person\/f3393a032491eabc46fadb3656375334","name":"Maria da Gl\u00f3ria Marques de Paula Barreto","image":{"@type":"ImageObject","inLanguage":"pt-BR","@id":"https:\/\/unasp.br\/noticias\/#\/schema\/person\/image\/","url":"https:\/\/secure.gravatar.com\/avatar\/3c23babfa2a847f4ce1e1403fe341fa3?s=96&d=mm&r=g","contentUrl":"https:\/\/secure.gravatar.com\/avatar\/3c23babfa2a847f4ce1e1403fe341fa3?s=96&d=mm&r=g","caption":"Maria da Gl\u00f3ria Marques de Paula Barreto"},"url":"https:\/\/unasp.br\/noticias\/author\/gloria-barretoadventistas-org\/"}]}},"_links":{"self":[{"href":"https:\/\/unasp.br\/noticias\/wp-json\/wp\/v2\/posts\/90834"}],"collection":[{"href":"https:\/\/unasp.br\/noticias\/wp-json\/wp\/v2\/posts"}],"about":[{"href":"https:\/\/unasp.br\/noticias\/wp-json\/wp\/v2\/types\/post"}],"author":[{"embeddable":true,"href":"https:\/\/unasp.br\/noticias\/wp-json\/wp\/v2\/users\/73"}],"replies":[{"embeddable":true,"href":"https:\/\/unasp.br\/noticias\/wp-json\/wp\/v2\/comments?post=90834"}],"version-history":[{"count":2,"href":"https:\/\/unasp.br\/noticias\/wp-json\/wp\/v2\/posts\/90834\/revisions"}],"predecessor-version":[{"id":90841,"href":"https:\/\/unasp.br\/noticias\/wp-json\/wp\/v2\/posts\/90834\/revisions\/90841"}],"wp:featuredmedia":[{"embeddable":true,"href":"https:\/\/unasp.br\/noticias\/wp-json\/wp\/v2\/media\/90836"}],"wp:attachment":[{"href":"https:\/\/unasp.br\/noticias\/wp-json\/wp\/v2\/media?parent=90834"}],"wp:term":[{"taxonomy":"category","embeddable":true,"href":"https:\/\/unasp.br\/noticias\/wp-json\/wp\/v2\/categories?post=90834"},{"taxonomy":"post_tag","embeddable":true,"href":"https:\/\/unasp.br\/noticias\/wp-json\/wp\/v2\/tags?post=90834"}],"curies":[{"name":"wp","href":"https:\/\/api.w.org\/{rel}","templated":true}]}}