{"id":91127,"date":"2020-09-24T16:19:46","date_gmt":"2020-09-24T19:19:46","guid":{"rendered":"https:\/\/www.unasp.br\/noticias\/?p=91127"},"modified":"2025-12-17T10:03:35","modified_gmt":"2025-12-17T13:03:35","slug":"votadas-novas-funcoes-e-area-de-trabalho-na-gestao-do-unasp","status":"publish","type":"post","link":"https:\/\/unasp.br\/noticias\/votadas-novas-funcoes-e-area-de-trabalho-na-gestao-do-unasp\/","title":{"rendered":"Votadas novas fun\u00e7\u00f5es e \u00e1rea de trabalho na Gest\u00e3o do UNASP"},"content":{"rendered":"\n<div class=\"wp-block-image\"><figure class=\"aligncenter size-large is-resized\"><img loading=\"lazy\" decoding=\"async\" src=\"https:\/\/www.unasp.br\/noticias\/wp-content\/uploads\/2020\/09\/WhatsApp-Image-2020-09-24-at-16.03.02.jpeg\" alt=\"\" class=\"wp-image-91129\" width=\"568\" height=\"663\" srcset=\"https:\/\/cdn.unasp.br\/noticias\/wp-content\/uploads\/2020\/09\/24130321\/WhatsApp-Image-2020-09-24-at-16.03.02.jpeg 876w, https:\/\/cdn.unasp.br\/noticias\/wp-content\/uploads\/2020\/09\/24130321\/WhatsApp-Image-2020-09-24-at-16.03.02-257x300.jpeg 257w, https:\/\/cdn.unasp.br\/noticias\/wp-content\/uploads\/2020\/09\/24130321\/WhatsApp-Image-2020-09-24-at-16.03.02-768x898.jpeg 768w, https:\/\/cdn.unasp.br\/noticias\/wp-content\/uploads\/2020\/09\/24130321\/WhatsApp-Image-2020-09-24-at-16.03.02-513x600.jpeg 513w, https:\/\/cdn.unasp.br\/noticias\/wp-content\/uploads\/2020\/09\/24130321\/WhatsApp-Image-2020-09-24-at-16.03.02-684x800.jpeg 684w, https:\/\/cdn.unasp.br\/noticias\/wp-content\/uploads\/2020\/09\/24130321\/WhatsApp-Image-2020-09-24-at-16.03.02-616x720.jpeg 616w, https:\/\/cdn.unasp.br\/noticias\/wp-content\/uploads\/2020\/09\/24130321\/WhatsApp-Image-2020-09-24-at-16.03.02-428x500.jpeg 428w, https:\/\/cdn.unasp.br\/noticias\/wp-content\/uploads\/2020\/09\/24130321\/WhatsApp-Image-2020-09-24-at-16.03.02-411x480.jpeg 411w, https:\/\/cdn.unasp.br\/noticias\/wp-content\/uploads\/2020\/09\/24130321\/WhatsApp-Image-2020-09-24-at-16.03.02-240x280.jpeg 240w, https:\/\/cdn.unasp.br\/noticias\/wp-content\/uploads\/2020\/09\/24130321\/WhatsApp-Image-2020-09-24-at-16.03.02-342x400.jpeg 342w, https:\/\/cdn.unasp.br\/noticias\/wp-content\/uploads\/2020\/09\/24130321\/WhatsApp-Image-2020-09-24-at-16.03.02-214x250.jpeg 214w, https:\/\/cdn.unasp.br\/noticias\/wp-content\/uploads\/2020\/09\/24130321\/WhatsApp-Image-2020-09-24-at-16.03.02-171x200.jpeg 171w, https:\/\/cdn.unasp.br\/noticias\/wp-content\/uploads\/2020\/09\/24130321\/WhatsApp-Image-2020-09-24-at-16.03.02-128x150.jpeg 128w, https:\/\/cdn.unasp.br\/noticias\/wp-content\/uploads\/2020\/09\/24130321\/WhatsApp-Image-2020-09-24-at-16.03.02-175x205.jpeg 175w\" sizes=\"(max-width: 568px) 100vw, 568px\" \/><\/figure><\/div>\n\n\n\n<p>Em reuni\u00e3o do Conselho Universit\u00e1rio\n(CONSU) do UNASP nesta quinta-feira, 24 de setembro, foram votados novas fun\u00e7\u00f5es\ne \u00e1reas de trabalho da institui\u00e7\u00e3o. As novas fun\u00e7\u00f5es come\u00e7am a atuar a partir\ndo m\u00eas de outubro por meio de grupos de comit\u00ea de trabalho e transi\u00e7\u00f5es profissionais.\nMuitas das novas fun\u00e7\u00f5es j\u00e1 foram publicadas em nosso site, mas com a vota\u00e7\u00e3o no\nCONSU tornam-se oficiais em atas de registro. <\/p>\n\n\n\n<p>As novas fun\u00e7\u00f5es no UNASP s\u00e3o as seguintes:<\/p>\n\n\n\n<div class=\"wp-block-image\"><figure class=\"aligncenter size-large is-resized\"><img loading=\"lazy\" decoding=\"async\" src=\"https:\/\/www.unasp.br\/noticias\/wp-content\/uploads\/2020\/09\/WhatsApp-Image-2020-09-04-at-14.23.26-1024x682.jpeg\" alt=\"\" class=\"wp-image-91130\" width=\"557\" height=\"371\" srcset=\"https:\/\/cdn.unasp.br\/noticias\/wp-content\/uploads\/2020\/09\/24130509\/WhatsApp-Image-2020-09-04-at-14.23.26-1024x682.jpeg 1024w, https:\/\/cdn.unasp.br\/noticias\/wp-content\/uploads\/2020\/09\/24130509\/WhatsApp-Image-2020-09-04-at-14.23.26-300x200.jpeg 300w, https:\/\/cdn.unasp.br\/noticias\/wp-content\/uploads\/2020\/09\/24130509\/WhatsApp-Image-2020-09-04-at-14.23.26-768x512.jpeg 768w, https:\/\/cdn.unasp.br\/noticias\/wp-content\/uploads\/2020\/09\/24130509\/WhatsApp-Image-2020-09-04-at-14.23.26-900x600.jpeg 900w, https:\/\/cdn.unasp.br\/noticias\/wp-content\/uploads\/2020\/09\/24130509\/WhatsApp-Image-2020-09-04-at-14.23.26-1200x800.jpeg 1200w, https:\/\/cdn.unasp.br\/noticias\/wp-content\/uploads\/2020\/09\/24130509\/WhatsApp-Image-2020-09-04-at-14.23.26-1080x720.jpeg 1080w, https:\/\/cdn.unasp.br\/noticias\/wp-content\/uploads\/2020\/09\/24130509\/WhatsApp-Image-2020-09-04-at-14.23.26-800x533.jpeg 800w, https:\/\/cdn.unasp.br\/noticias\/wp-content\/uploads\/2020\/09\/24130509\/WhatsApp-Image-2020-09-04-at-14.23.26-750x500.jpeg 750w, https:\/\/cdn.unasp.br\/noticias\/wp-content\/uploads\/2020\/09\/24130509\/WhatsApp-Image-2020-09-04-at-14.23.26-720x480.jpeg 720w, https:\/\/cdn.unasp.br\/noticias\/wp-content\/uploads\/2020\/09\/24130509\/WhatsApp-Image-2020-09-04-at-14.23.26-420x280.jpeg 420w, https:\/\/cdn.unasp.br\/noticias\/wp-content\/uploads\/2020\/09\/24130509\/WhatsApp-Image-2020-09-04-at-14.23.26-500x333.jpeg 500w, https:\/\/cdn.unasp.br\/noticias\/wp-content\/uploads\/2020\/09\/24130509\/WhatsApp-Image-2020-09-04-at-14.23.26-400x267.jpeg 400w, https:\/\/cdn.unasp.br\/noticias\/wp-content\/uploads\/2020\/09\/24130509\/WhatsApp-Image-2020-09-04-at-14.23.26-375x250.jpeg 375w, https:\/\/cdn.unasp.br\/noticias\/wp-content\/uploads\/2020\/09\/24130509\/WhatsApp-Image-2020-09-04-at-14.23.26-225x150.jpeg 225w, https:\/\/cdn.unasp.br\/noticias\/wp-content\/uploads\/2020\/09\/24130509\/WhatsApp-Image-2020-09-04-at-14.23.26-175x117.jpeg 175w, https:\/\/cdn.unasp.br\/noticias\/wp-content\/uploads\/2020\/09\/24130509\/WhatsApp-Image-2020-09-04-at-14.23.26-200x133.jpeg 200w, https:\/\/cdn.unasp.br\/noticias\/wp-content\/uploads\/2020\/09\/24130509\/WhatsApp-Image-2020-09-04-at-14.23.26.jpeg 1280w\" sizes=\"(max-width: 557px) 100vw, 557px\" \/><\/figure><\/div>\n\n\n\n<p>Pr. Diogo Lemos Santos \u2013 com a sa\u00edda do pastor Samir Domingues Costa para continuar seus estudos doutorais no exterior, o pastor Diogo Lemos Santos vai liderar a Adventist Frontier Missions Brasil, com sede no UNASP Engenheiro Coelho. A AFM est\u00e1 presente em 21 pa\u00edses com 25 diferentes projetos e tem como principal objetivo estabelecer Igreja Adventista em locais de dif\u00edcil acesso. Diogo Lemos serviu como mission\u00e1rio na Mong\u00f3lia e atuava no programa Mission\u00e1rios para o Mundo, gerido pela Divis\u00e3o Sul-Americana.<\/p>\n\n\n\n<div class=\"wp-block-image\"><figure class=\"aligncenter size-large is-resized\"><img loading=\"lazy\" decoding=\"async\" src=\"https:\/\/www.unasp.br\/noticias\/wp-content\/uploads\/2020\/09\/Captura-de-Tela-2020-09-22-a\u0300s-18.06.27-1-1024x546.png\" alt=\"\" class=\"wp-image-91131\" width=\"535\" height=\"285\"\/><\/figure><\/div>\n\n\n\n<p>Prof Fabiano Leichsenring Silva \u2013 vai atuar como Pr\u00f3-reitor de Educa\u00e7\u00e3o a Dist\u00e2ncia do UNASP. O professor Fabiano atuava como diretor acad\u00eamico da Faculdade Adventista da Bahia (FADBA) sendo doutor em Ci\u00eancias Biol\u00f3gicas pela Universidade Federal do Rio Grande do Sul (UFRGS). Fabiano Silva entra no lugar do pastor Jos\u00e9 Prud\u00eancio Junior que assumiu a diretoria geral da Faculdade Adventista da Amaz\u00f4nia (FAAMA), localizada em Benevides (PA). <\/p>\n\n\n\n<div class=\"wp-block-image\"><figure class=\"aligncenter size-large is-resized\"><img loading=\"lazy\" decoding=\"async\" src=\"https:\/\/www.unasp.br\/noticias\/wp-content\/uploads\/2020\/09\/36371673_2016234475075026_225774361892618240_o.jpg\" alt=\"\" class=\"wp-image-91132\" width=\"565\" height=\"376\" srcset=\"https:\/\/cdn.unasp.br\/noticias\/wp-content\/uploads\/2020\/09\/24130914\/36371673_2016234475075026_225774361892618240_o.jpg 1024w, https:\/\/cdn.unasp.br\/noticias\/wp-content\/uploads\/2020\/09\/24130914\/36371673_2016234475075026_225774361892618240_o-300x200.jpg 300w, https:\/\/cdn.unasp.br\/noticias\/wp-content\/uploads\/2020\/09\/24130914\/36371673_2016234475075026_225774361892618240_o-768x512.jpg 768w, https:\/\/cdn.unasp.br\/noticias\/wp-content\/uploads\/2020\/09\/24130914\/36371673_2016234475075026_225774361892618240_o-901x600.jpg 901w, https:\/\/cdn.unasp.br\/noticias\/wp-content\/uploads\/2020\/09\/24130914\/36371673_2016234475075026_225774361892618240_o-800x533.jpg 800w, https:\/\/cdn.unasp.br\/noticias\/wp-content\/uploads\/2020\/09\/24130914\/36371673_2016234475075026_225774361892618240_o-750x500.jpg 750w, https:\/\/cdn.unasp.br\/noticias\/wp-content\/uploads\/2020\/09\/24130914\/36371673_2016234475075026_225774361892618240_o-720x480.jpg 720w, https:\/\/cdn.unasp.br\/noticias\/wp-content\/uploads\/2020\/09\/24130914\/36371673_2016234475075026_225774361892618240_o-420x280.jpg 420w, https:\/\/cdn.unasp.br\/noticias\/wp-content\/uploads\/2020\/09\/24130914\/36371673_2016234475075026_225774361892618240_o-500x333.jpg 500w, https:\/\/cdn.unasp.br\/noticias\/wp-content\/uploads\/2020\/09\/24130914\/36371673_2016234475075026_225774361892618240_o-400x266.jpg 400w, https:\/\/cdn.unasp.br\/noticias\/wp-content\/uploads\/2020\/09\/24130914\/36371673_2016234475075026_225774361892618240_o-375x250.jpg 375w, https:\/\/cdn.unasp.br\/noticias\/wp-content\/uploads\/2020\/09\/24130914\/36371673_2016234475075026_225774361892618240_o-225x150.jpg 225w, https:\/\/cdn.unasp.br\/noticias\/wp-content\/uploads\/2020\/09\/24130914\/36371673_2016234475075026_225774361892618240_o-175x117.jpg 175w, https:\/\/cdn.unasp.br\/noticias\/wp-content\/uploads\/2020\/09\/24130914\/36371673_2016234475075026_225774361892618240_o-200x133.jpg 200w\" sizes=\"(max-width: 565px) 100vw, 565px\" \/><\/figure><\/div>\n\n\n\n<p>Karla Cristina de Freitas Souza \u2013 vai gerir a diretoria de Recursos Humanos do UNASP. Com experi\u00eancia na \u00e1rea de gest\u00e3o da qualidade e financeira no Departamento de Volunt\u00e1rios da Sociedade Beneficente Israelita Brasileira Hospital Albert Einstein e com Mestrado em Administra\u00e7\u00e3o, Karla atua no UNASP h\u00e1 quase quatro anos como assessora da Reitoria e agora migra para a nova \u00e1rea administrativa. <\/p>\n\n\n\n<div class=\"wp-block-image\"><figure class=\"aligncenter size-large is-resized\"><img loading=\"lazy\" decoding=\"async\" src=\"https:\/\/www.unasp.br\/noticias\/wp-content\/uploads\/2020\/09\/Anna-Cristina-Pascual-Ramos-unasp.jpg\" alt=\"\" class=\"wp-image-91133\" width=\"297\" height=\"297\" srcset=\"https:\/\/cdn.unasp.br\/noticias\/wp-content\/uploads\/2020\/09\/24131059\/Anna-Cristina-Pascual-Ramos-unasp.jpg 304w, https:\/\/cdn.unasp.br\/noticias\/wp-content\/uploads\/2020\/09\/24131059\/Anna-Cristina-Pascual-Ramos-unasp-300x300.jpg 300w, https:\/\/cdn.unasp.br\/noticias\/wp-content\/uploads\/2020\/09\/24131059\/Anna-Cristina-Pascual-Ramos-unasp-150x150.jpg 150w, https:\/\/cdn.unasp.br\/noticias\/wp-content\/uploads\/2020\/09\/24131059\/Anna-Cristina-Pascual-Ramos-unasp-280x280.jpg 280w, https:\/\/cdn.unasp.br\/noticias\/wp-content\/uploads\/2020\/09\/24131059\/Anna-Cristina-Pascual-Ramos-unasp-250x250.jpg 250w, https:\/\/cdn.unasp.br\/noticias\/wp-content\/uploads\/2020\/09\/24131059\/Anna-Cristina-Pascual-Ramos-unasp-200x200.jpg 200w, https:\/\/cdn.unasp.br\/noticias\/wp-content\/uploads\/2020\/09\/24131059\/Anna-Cristina-Pascual-Ramos-unasp-175x175.jpg 175w\" sizes=\"(max-width: 297px) 100vw, 297px\" \/><\/figure><\/div>\n\n\n\n<p>Anna Cristina Pascual Ramos \u2013 ser\u00e1 a nova chefe de gabinete da Reitoria do UNASP. Anna \u00e9 doutora em Ci\u00eancias Sociais pela PUC-SP, era coordenadora do MBA Executivo em Controladoria e Finan\u00e7as e docente dos Cursos de Administra\u00e7\u00e3o e Ci\u00eancias Cont\u00e1beis da institui\u00e7\u00e3o, Anna Cristina chega \u00e0 sede da reitoria para refor\u00e7ar o time. <\/p>\n\n\n\n<div class=\"wp-block-image\"><figure class=\"aligncenter size-large\"><img loading=\"lazy\" decoding=\"async\" width=\"186\" height=\"271\" src=\"https:\/\/www.unasp.br\/noticias\/wp-content\/uploads\/2020\/09\/download.jpeg\" alt=\"\" class=\"wp-image-91134\" srcset=\"https:\/\/cdn.unasp.br\/noticias\/wp-content\/uploads\/2020\/09\/24131235\/download.jpeg 186w, https:\/\/cdn.unasp.br\/noticias\/wp-content\/uploads\/2020\/09\/24131235\/download-172x250.jpeg 172w, https:\/\/cdn.unasp.br\/noticias\/wp-content\/uploads\/2020\/09\/24131235\/download-137x200.jpeg 137w, https:\/\/cdn.unasp.br\/noticias\/wp-content\/uploads\/2020\/09\/24131235\/download-103x150.jpeg 103w, https:\/\/cdn.unasp.br\/noticias\/wp-content\/uploads\/2020\/09\/24131235\/download-175x255.jpeg 175w\" sizes=\"(max-width: 186px) 100vw, 186px\" \/><\/figure><\/div>\n\n\n\n<p>Tuiu Costa \u2013 No Unasp desde 2007, Wilton Magalh\u00e3es Costa, ou Tuiu Costa como \u00e9 mais conhecido, atuou por diversas fun\u00e7\u00f5es na \u00e1rea visual do campus Engenheiro Coelho. A partir de outubro de 2020 ser\u00e1 o gerente de Produ\u00e7\u00f5es Art\u00edsticas de toda a institui\u00e7\u00e3o. <\/p>\n\n\n\n<div class=\"wp-block-image\"><figure class=\"aligncenter size-large is-resized\"><img loading=\"lazy\" decoding=\"async\" src=\"https:\/\/www.unasp.br\/noticias\/wp-content\/uploads\/2020\/09\/image-1-960x1024.png\" alt=\"\" class=\"wp-image-91136\" width=\"534\" height=\"569\" srcset=\"https:\/\/cdn.unasp.br\/noticias\/wp-content\/uploads\/2020\/09\/24131336\/image-1-960x1024.png 960w, https:\/\/cdn.unasp.br\/noticias\/wp-content\/uploads\/2020\/09\/24131336\/image-1-281x300.png 281w, https:\/\/cdn.unasp.br\/noticias\/wp-content\/uploads\/2020\/09\/24131336\/image-1-768x820.png 768w, https:\/\/cdn.unasp.br\/noticias\/wp-content\/uploads\/2020\/09\/24131336\/image-1-562x600.png 562w, https:\/\/cdn.unasp.br\/noticias\/wp-content\/uploads\/2020\/09\/24131336\/image-1-750x800.png 750w, https:\/\/cdn.unasp.br\/noticias\/wp-content\/uploads\/2020\/09\/24131336\/image-1-675x720.png 675w, https:\/\/cdn.unasp.br\/noticias\/wp-content\/uploads\/2020\/09\/24131336\/image-1-469x500.png 469w, https:\/\/cdn.unasp.br\/noticias\/wp-content\/uploads\/2020\/09\/24131336\/image-1-450x480.png 450w, https:\/\/cdn.unasp.br\/noticias\/wp-content\/uploads\/2020\/09\/24131336\/image-1-262x280.png 262w, https:\/\/cdn.unasp.br\/noticias\/wp-content\/uploads\/2020\/09\/24131336\/image-1-375x400.png 375w, https:\/\/cdn.unasp.br\/noticias\/wp-content\/uploads\/2020\/09\/24131336\/image-1-234x250.png 234w, https:\/\/cdn.unasp.br\/noticias\/wp-content\/uploads\/2020\/09\/24131336\/image-1-187x200.png 187w, https:\/\/cdn.unasp.br\/noticias\/wp-content\/uploads\/2020\/09\/24131336\/image-1-141x150.png 141w, https:\/\/cdn.unasp.br\/noticias\/wp-content\/uploads\/2020\/09\/24131336\/image-1-175x187.png 175w, https:\/\/cdn.unasp.br\/noticias\/wp-content\/uploads\/2020\/09\/24131336\/image-1.png 1012w\" sizes=\"(max-width: 534px) 100vw, 534px\" \/><\/figure><\/div>\n\n\n\n<p>M\u00e1rio\nS\u00e9rgio Becker \u2013 ser\u00e1 o novo gerente de Faturamento do UNASP<\/p>\n\n\n\n<div class=\"wp-block-image\"><figure class=\"aligncenter size-large is-resized\"><img loading=\"lazy\" decoding=\"async\" src=\"https:\/\/www.unasp.br\/noticias\/wp-content\/uploads\/2020\/09\/28828383_1555963987790074_2980420802220602780_o-1024x768.jpg\" alt=\"\" class=\"wp-image-91137\" width=\"537\" height=\"403\" srcset=\"https:\/\/cdn.unasp.br\/noticias\/wp-content\/uploads\/2020\/09\/24131546\/28828383_1555963987790074_2980420802220602780_o-1024x768.jpg 1024w, https:\/\/cdn.unasp.br\/noticias\/wp-content\/uploads\/2020\/09\/24131546\/28828383_1555963987790074_2980420802220602780_o-300x225.jpg 300w, https:\/\/cdn.unasp.br\/noticias\/wp-content\/uploads\/2020\/09\/24131546\/28828383_1555963987790074_2980420802220602780_o-768x576.jpg 768w, https:\/\/cdn.unasp.br\/noticias\/wp-content\/uploads\/2020\/09\/24131546\/28828383_1555963987790074_2980420802220602780_o-1536x1152.jpg 1536w, https:\/\/cdn.unasp.br\/noticias\/wp-content\/uploads\/2020\/09\/24131546\/28828383_1555963987790074_2980420802220602780_o-800x600.jpg 800w, https:\/\/cdn.unasp.br\/noticias\/wp-content\/uploads\/2020\/09\/24131546\/28828383_1555963987790074_2980420802220602780_o-1067x800.jpg 1067w, https:\/\/cdn.unasp.br\/noticias\/wp-content\/uploads\/2020\/09\/24131546\/28828383_1555963987790074_2980420802220602780_o-960x720.jpg 960w, https:\/\/cdn.unasp.br\/noticias\/wp-content\/uploads\/2020\/09\/24131546\/28828383_1555963987790074_2980420802220602780_o-667x500.jpg 667w, https:\/\/cdn.unasp.br\/noticias\/wp-content\/uploads\/2020\/09\/24131546\/28828383_1555963987790074_2980420802220602780_o-640x480.jpg 640w, https:\/\/cdn.unasp.br\/noticias\/wp-content\/uploads\/2020\/09\/24131546\/28828383_1555963987790074_2980420802220602780_o-373x280.jpg 373w, https:\/\/cdn.unasp.br\/noticias\/wp-content\/uploads\/2020\/09\/24131546\/28828383_1555963987790074_2980420802220602780_o-500x375.jpg 500w, https:\/\/cdn.unasp.br\/noticias\/wp-content\/uploads\/2020\/09\/24131546\/28828383_1555963987790074_2980420802220602780_o-400x300.jpg 400w, https:\/\/cdn.unasp.br\/noticias\/wp-content\/uploads\/2020\/09\/24131546\/28828383_1555963987790074_2980420802220602780_o-333x250.jpg 333w, https:\/\/cdn.unasp.br\/noticias\/wp-content\/uploads\/2020\/09\/24131546\/28828383_1555963987790074_2980420802220602780_o-267x200.jpg 267w, https:\/\/cdn.unasp.br\/noticias\/wp-content\/uploads\/2020\/09\/24131546\/28828383_1555963987790074_2980420802220602780_o-200x150.jpg 200w, https:\/\/cdn.unasp.br\/noticias\/wp-content\/uploads\/2020\/09\/24131546\/28828383_1555963987790074_2980420802220602780_o-175x131.jpg 175w, https:\/\/cdn.unasp.br\/noticias\/wp-content\/uploads\/2020\/09\/24131546\/28828383_1555963987790074_2980420802220602780_o.jpg 1728w\" sizes=\"(max-width: 537px) 100vw, 537px\" \/><\/figure><\/div>\n\n\n\n<p>Aline Andrade Nascimento Alfieri \u2013 ser\u00e1 a nova Secret\u00e1ria Acad\u00eamica<\/p>\n\n\n\n<p>\u201cQueremos\ntrabalhar de maneira mais organizada, segmentada e otimizada para melhor servir\na Deus, nossos alunos, a Igreja e a comunidade. S\u00e3o mudan\u00e7as que v\u00e3o ser sentidas\nde forma positiva e vai nos projetar tanto interna quanto externamente como institui\u00e7\u00e3o\nde ensino com vistas a ser uma universidade\u201d destaca o reitor do UNASP, Martin\nKuhn. <\/p>\n","protected":false},"excerpt":{"rendered":"<p>Em reuni\u00e3o do Conselho Universit\u00e1rio (CONSU) do UNASP nesta quinta-feira, 24\/09, foram votados novas fun\u00e7\u00f5es e \u00e1reas de trabalho da institui\u00e7\u00e3o.<\/p>\n","protected":false},"author":30,"featured_media":91129,"comment_status":"open","ping_status":"open","sticky":false,"template":"","format":"standard","meta":{"footnotes":""},"categories":[6],"tags":[],"yoast_head":"<!-- This site is optimized with the Yoast SEO plugin v23.5 - https:\/\/yoast.com\/wordpress\/plugins\/seo\/ -->\n<title>Votadas novas fun\u00e7\u00f5es e \u00e1rea de trabalho na Gest\u00e3o do UNASP - UNASP Noticias<\/title>\n<meta name=\"robots\" content=\"index, follow, max-snippet:-1, max-image-preview:large, max-video-preview:-1\" \/>\n<link rel=\"canonical\" href=\"https:\/\/unasp.br\/noticias\/votadas-novas-funcoes-e-area-de-trabalho-na-gestao-do-unasp\/\" \/>\n<meta property=\"og:locale\" content=\"pt_BR\" \/>\n<meta property=\"og:type\" content=\"article\" \/>\n<meta property=\"og:title\" content=\"Votadas novas fun\u00e7\u00f5es e \u00e1rea de trabalho na Gest\u00e3o do UNASP - UNASP Noticias\" \/>\n<meta property=\"og:description\" content=\"Em reuni\u00e3o do Conselho Universit\u00e1rio (CONSU) do UNASP nesta quinta-feira, 24\/09, foram votados novas fun\u00e7\u00f5es e \u00e1reas de trabalho da institui\u00e7\u00e3o.\" \/>\n<meta property=\"og:url\" content=\"https:\/\/unasp.br\/noticias\/votadas-novas-funcoes-e-area-de-trabalho-na-gestao-do-unasp\/\" \/>\n<meta property=\"og:site_name\" content=\"UNASP Noticias\" \/>\n<meta property=\"article:published_time\" content=\"2020-09-24T19:19:46+00:00\" \/>\n<meta property=\"article:modified_time\" content=\"2025-12-17T13:03:35+00:00\" \/>\n<meta property=\"og:image\" content=\"https:\/\/cdn.unasp.br\/noticias\/wp-content\/uploads\/2020\/09\/24130321\/WhatsApp-Image-2020-09-24-at-16.03.02.jpeg\" \/>\n\t<meta property=\"og:image:width\" content=\"876\" \/>\n\t<meta property=\"og:image:height\" content=\"1024\" \/>\n\t<meta property=\"og:image:type\" content=\"image\/jpeg\" \/>\n<meta name=\"author\" content=\"Aira Almeida\" \/>\n<meta name=\"twitter:card\" content=\"summary_large_image\" \/>\n<meta name=\"twitter:label1\" content=\"Escrito por\" \/>\n\t<meta name=\"twitter:data1\" content=\"Aira Almeida\" \/>\n\t<meta name=\"twitter:label2\" content=\"Est. tempo de leitura\" \/>\n\t<meta name=\"twitter:data2\" content=\"2 minutos\" \/>\n<script type=\"application\/ld+json\" class=\"yoast-schema-graph\">{\"@context\":\"https:\/\/schema.org\",\"@graph\":[{\"@type\":\"Article\",\"@id\":\"https:\/\/unasp.br\/noticias\/votadas-novas-funcoes-e-area-de-trabalho-na-gestao-do-unasp\/#article\",\"isPartOf\":{\"@id\":\"https:\/\/unasp.br\/noticias\/votadas-novas-funcoes-e-area-de-trabalho-na-gestao-do-unasp\/\"},\"author\":{\"name\":\"Aira Almeida\",\"@id\":\"https:\/\/unasp.br\/noticias\/#\/schema\/person\/80f09a3ec674501e6bb13144ffa2489f\"},\"headline\":\"Votadas novas fun\u00e7\u00f5es e \u00e1rea de trabalho na Gest\u00e3o do UNASP\",\"datePublished\":\"2020-09-24T19:19:46+00:00\",\"dateModified\":\"2025-12-17T13:03:35+00:00\",\"mainEntityOfPage\":{\"@id\":\"https:\/\/unasp.br\/noticias\/votadas-novas-funcoes-e-area-de-trabalho-na-gestao-do-unasp\/\"},\"wordCount\":510,\"commentCount\":0,\"publisher\":{\"@id\":\"https:\/\/unasp.br\/noticias\/#organization\"},\"image\":{\"@id\":\"https:\/\/unasp.br\/noticias\/votadas-novas-funcoes-e-area-de-trabalho-na-gestao-do-unasp\/#primaryimage\"},\"thumbnailUrl\":\"https:\/\/cdn.unasp.br\/noticias\/wp-content\/uploads\/2020\/09\/24130321\/WhatsApp-Image-2020-09-24-at-16.03.02.jpeg\",\"articleSection\":[\"Acontece no UNASP\"],\"inLanguage\":\"pt-BR\",\"potentialAction\":[{\"@type\":\"CommentAction\",\"name\":\"Comment\",\"target\":[\"https:\/\/unasp.br\/noticias\/votadas-novas-funcoes-e-area-de-trabalho-na-gestao-do-unasp\/#respond\"]}]},{\"@type\":\"WebPage\",\"@id\":\"https:\/\/unasp.br\/noticias\/votadas-novas-funcoes-e-area-de-trabalho-na-gestao-do-unasp\/\",\"url\":\"https:\/\/unasp.br\/noticias\/votadas-novas-funcoes-e-area-de-trabalho-na-gestao-do-unasp\/\",\"name\":\"Votadas novas fun\u00e7\u00f5es e \u00e1rea de trabalho na Gest\u00e3o do UNASP - UNASP Noticias\",\"isPartOf\":{\"@id\":\"https:\/\/unasp.br\/noticias\/#website\"},\"primaryImageOfPage\":{\"@id\":\"https:\/\/unasp.br\/noticias\/votadas-novas-funcoes-e-area-de-trabalho-na-gestao-do-unasp\/#primaryimage\"},\"image\":{\"@id\":\"https:\/\/unasp.br\/noticias\/votadas-novas-funcoes-e-area-de-trabalho-na-gestao-do-unasp\/#primaryimage\"},\"thumbnailUrl\":\"https:\/\/cdn.unasp.br\/noticias\/wp-content\/uploads\/2020\/09\/24130321\/WhatsApp-Image-2020-09-24-at-16.03.02.jpeg\",\"datePublished\":\"2020-09-24T19:19:46+00:00\",\"dateModified\":\"2025-12-17T13:03:35+00:00\",\"breadcrumb\":{\"@id\":\"https:\/\/unasp.br\/noticias\/votadas-novas-funcoes-e-area-de-trabalho-na-gestao-do-unasp\/#breadcrumb\"},\"inLanguage\":\"pt-BR\",\"potentialAction\":[{\"@type\":\"ReadAction\",\"target\":[\"https:\/\/unasp.br\/noticias\/votadas-novas-funcoes-e-area-de-trabalho-na-gestao-do-unasp\/\"]}]},{\"@type\":\"ImageObject\",\"inLanguage\":\"pt-BR\",\"@id\":\"https:\/\/unasp.br\/noticias\/votadas-novas-funcoes-e-area-de-trabalho-na-gestao-do-unasp\/#primaryimage\",\"url\":\"https:\/\/cdn.unasp.br\/noticias\/wp-content\/uploads\/2020\/09\/24130321\/WhatsApp-Image-2020-09-24-at-16.03.02.jpeg\",\"contentUrl\":\"https:\/\/cdn.unasp.br\/noticias\/wp-content\/uploads\/2020\/09\/24130321\/WhatsApp-Image-2020-09-24-at-16.03.02.jpeg\",\"width\":876,\"height\":1024},{\"@type\":\"BreadcrumbList\",\"@id\":\"https:\/\/unasp.br\/noticias\/votadas-novas-funcoes-e-area-de-trabalho-na-gestao-do-unasp\/#breadcrumb\",\"itemListElement\":[{\"@type\":\"ListItem\",\"position\":1,\"name\":\"In\u00edcio\",\"item\":\"https:\/\/unasp.br\/noticias\/\"},{\"@type\":\"ListItem\",\"position\":2,\"name\":\"Votadas novas fun\u00e7\u00f5es e \u00e1rea de trabalho na Gest\u00e3o do UNASP\"}]},{\"@type\":\"WebSite\",\"@id\":\"https:\/\/unasp.br\/noticias\/#website\",\"url\":\"https:\/\/unasp.br\/noticias\/\",\"name\":\"UNASP Noticias\",\"description\":\"Centro Universit\u00e1rio Adventista de S\u00e3o Paulo\",\"publisher\":{\"@id\":\"https:\/\/unasp.br\/noticias\/#organization\"},\"potentialAction\":[{\"@type\":\"SearchAction\",\"target\":{\"@type\":\"EntryPoint\",\"urlTemplate\":\"https:\/\/unasp.br\/noticias\/?s={search_term_string}\"},\"query-input\":{\"@type\":\"PropertyValueSpecification\",\"valueRequired\":true,\"valueName\":\"search_term_string\"}}],\"inLanguage\":\"pt-BR\"},{\"@type\":\"Organization\",\"@id\":\"https:\/\/unasp.br\/noticias\/#organization\",\"name\":\"UNASP Noticias\",\"url\":\"https:\/\/unasp.br\/noticias\/\",\"logo\":{\"@type\":\"ImageObject\",\"inLanguage\":\"pt-BR\",\"@id\":\"https:\/\/unasp.br\/noticias\/#\/schema\/logo\/image\/\",\"url\":\"https:\/\/cdn.unasp.br\/noticias\/wp-content\/uploads\/2021\/09\/09152724\/logo-unasp-news.png\",\"contentUrl\":\"https:\/\/cdn.unasp.br\/noticias\/wp-content\/uploads\/2021\/09\/09152724\/logo-unasp-news.png\",\"width\":240,\"height\":41,\"caption\":\"UNASP Noticias\"},\"image\":{\"@id\":\"https:\/\/unasp.br\/noticias\/#\/schema\/logo\/image\/\"}},{\"@type\":\"Person\",\"@id\":\"https:\/\/unasp.br\/noticias\/#\/schema\/person\/80f09a3ec674501e6bb13144ffa2489f\",\"name\":\"Aira Almeida\",\"image\":{\"@type\":\"ImageObject\",\"inLanguage\":\"pt-BR\",\"@id\":\"https:\/\/unasp.br\/noticias\/#\/schema\/person\/image\/\",\"url\":\"https:\/\/secure.gravatar.com\/avatar\/e30ea867fdd5a41ec6a0cb350dcd108e?s=96&d=mm&r=g\",\"contentUrl\":\"https:\/\/secure.gravatar.com\/avatar\/e30ea867fdd5a41ec6a0cb350dcd108e?s=96&d=mm&r=g\",\"caption\":\"Aira Almeida\"},\"url\":\"https:\/\/unasp.br\/noticias\/author\/aira-almeidaedu-unasp-br\/\"}]}<\/script>\n<!-- \/ Yoast SEO plugin. -->","yoast_head_json":{"title":"Votadas novas fun\u00e7\u00f5es e \u00e1rea de trabalho na Gest\u00e3o do UNASP - UNASP Noticias","robots":{"index":"index","follow":"follow","max-snippet":"max-snippet:-1","max-image-preview":"max-image-preview:large","max-video-preview":"max-video-preview:-1"},"canonical":"https:\/\/unasp.br\/noticias\/votadas-novas-funcoes-e-area-de-trabalho-na-gestao-do-unasp\/","og_locale":"pt_BR","og_type":"article","og_title":"Votadas novas fun\u00e7\u00f5es e \u00e1rea de trabalho na Gest\u00e3o do UNASP - UNASP Noticias","og_description":"Em reuni\u00e3o do Conselho Universit\u00e1rio (CONSU) do UNASP nesta quinta-feira, 24\/09, foram votados novas fun\u00e7\u00f5es e \u00e1reas de trabalho da institui\u00e7\u00e3o.","og_url":"https:\/\/unasp.br\/noticias\/votadas-novas-funcoes-e-area-de-trabalho-na-gestao-do-unasp\/","og_site_name":"UNASP Noticias","article_published_time":"2020-09-24T19:19:46+00:00","article_modified_time":"2025-12-17T13:03:35+00:00","og_image":[{"width":876,"height":1024,"url":"https:\/\/cdn.unasp.br\/noticias\/wp-content\/uploads\/2020\/09\/24130321\/WhatsApp-Image-2020-09-24-at-16.03.02.jpeg","type":"image\/jpeg"}],"author":"Aira Almeida","twitter_card":"summary_large_image","twitter_misc":{"Escrito por":"Aira Almeida","Est. tempo de leitura":"2 minutos"},"schema":{"@context":"https:\/\/schema.org","@graph":[{"@type":"Article","@id":"https:\/\/unasp.br\/noticias\/votadas-novas-funcoes-e-area-de-trabalho-na-gestao-do-unasp\/#article","isPartOf":{"@id":"https:\/\/unasp.br\/noticias\/votadas-novas-funcoes-e-area-de-trabalho-na-gestao-do-unasp\/"},"author":{"name":"Aira Almeida","@id":"https:\/\/unasp.br\/noticias\/#\/schema\/person\/80f09a3ec674501e6bb13144ffa2489f"},"headline":"Votadas novas fun\u00e7\u00f5es e \u00e1rea de trabalho na Gest\u00e3o do UNASP","datePublished":"2020-09-24T19:19:46+00:00","dateModified":"2025-12-17T13:03:35+00:00","mainEntityOfPage":{"@id":"https:\/\/unasp.br\/noticias\/votadas-novas-funcoes-e-area-de-trabalho-na-gestao-do-unasp\/"},"wordCount":510,"commentCount":0,"publisher":{"@id":"https:\/\/unasp.br\/noticias\/#organization"},"image":{"@id":"https:\/\/unasp.br\/noticias\/votadas-novas-funcoes-e-area-de-trabalho-na-gestao-do-unasp\/#primaryimage"},"thumbnailUrl":"https:\/\/cdn.unasp.br\/noticias\/wp-content\/uploads\/2020\/09\/24130321\/WhatsApp-Image-2020-09-24-at-16.03.02.jpeg","articleSection":["Acontece no UNASP"],"inLanguage":"pt-BR","potentialAction":[{"@type":"CommentAction","name":"Comment","target":["https:\/\/unasp.br\/noticias\/votadas-novas-funcoes-e-area-de-trabalho-na-gestao-do-unasp\/#respond"]}]},{"@type":"WebPage","@id":"https:\/\/unasp.br\/noticias\/votadas-novas-funcoes-e-area-de-trabalho-na-gestao-do-unasp\/","url":"https:\/\/unasp.br\/noticias\/votadas-novas-funcoes-e-area-de-trabalho-na-gestao-do-unasp\/","name":"Votadas novas fun\u00e7\u00f5es e \u00e1rea de trabalho na Gest\u00e3o do UNASP - UNASP Noticias","isPartOf":{"@id":"https:\/\/unasp.br\/noticias\/#website"},"primaryImageOfPage":{"@id":"https:\/\/unasp.br\/noticias\/votadas-novas-funcoes-e-area-de-trabalho-na-gestao-do-unasp\/#primaryimage"},"image":{"@id":"https:\/\/unasp.br\/noticias\/votadas-novas-funcoes-e-area-de-trabalho-na-gestao-do-unasp\/#primaryimage"},"thumbnailUrl":"https:\/\/cdn.unasp.br\/noticias\/wp-content\/uploads\/2020\/09\/24130321\/WhatsApp-Image-2020-09-24-at-16.03.02.jpeg","datePublished":"2020-09-24T19:19:46+00:00","dateModified":"2025-12-17T13:03:35+00:00","breadcrumb":{"@id":"https:\/\/unasp.br\/noticias\/votadas-novas-funcoes-e-area-de-trabalho-na-gestao-do-unasp\/#breadcrumb"},"inLanguage":"pt-BR","potentialAction":[{"@type":"ReadAction","target":["https:\/\/unasp.br\/noticias\/votadas-novas-funcoes-e-area-de-trabalho-na-gestao-do-unasp\/"]}]},{"@type":"ImageObject","inLanguage":"pt-BR","@id":"https:\/\/unasp.br\/noticias\/votadas-novas-funcoes-e-area-de-trabalho-na-gestao-do-unasp\/#primaryimage","url":"https:\/\/cdn.unasp.br\/noticias\/wp-content\/uploads\/2020\/09\/24130321\/WhatsApp-Image-2020-09-24-at-16.03.02.jpeg","contentUrl":"https:\/\/cdn.unasp.br\/noticias\/wp-content\/uploads\/2020\/09\/24130321\/WhatsApp-Image-2020-09-24-at-16.03.02.jpeg","width":876,"height":1024},{"@type":"BreadcrumbList","@id":"https:\/\/unasp.br\/noticias\/votadas-novas-funcoes-e-area-de-trabalho-na-gestao-do-unasp\/#breadcrumb","itemListElement":[{"@type":"ListItem","position":1,"name":"In\u00edcio","item":"https:\/\/unasp.br\/noticias\/"},{"@type":"ListItem","position":2,"name":"Votadas novas fun\u00e7\u00f5es e \u00e1rea de trabalho na Gest\u00e3o do UNASP"}]},{"@type":"WebSite","@id":"https:\/\/unasp.br\/noticias\/#website","url":"https:\/\/unasp.br\/noticias\/","name":"UNASP Noticias","description":"Centro Universit\u00e1rio Adventista de S\u00e3o Paulo","publisher":{"@id":"https:\/\/unasp.br\/noticias\/#organization"},"potentialAction":[{"@type":"SearchAction","target":{"@type":"EntryPoint","urlTemplate":"https:\/\/unasp.br\/noticias\/?s={search_term_string}"},"query-input":{"@type":"PropertyValueSpecification","valueRequired":true,"valueName":"search_term_string"}}],"inLanguage":"pt-BR"},{"@type":"Organization","@id":"https:\/\/unasp.br\/noticias\/#organization","name":"UNASP Noticias","url":"https:\/\/unasp.br\/noticias\/","logo":{"@type":"ImageObject","inLanguage":"pt-BR","@id":"https:\/\/unasp.br\/noticias\/#\/schema\/logo\/image\/","url":"https:\/\/cdn.unasp.br\/noticias\/wp-content\/uploads\/2021\/09\/09152724\/logo-unasp-news.png","contentUrl":"https:\/\/cdn.unasp.br\/noticias\/wp-content\/uploads\/2021\/09\/09152724\/logo-unasp-news.png","width":240,"height":41,"caption":"UNASP Noticias"},"image":{"@id":"https:\/\/unasp.br\/noticias\/#\/schema\/logo\/image\/"}},{"@type":"Person","@id":"https:\/\/unasp.br\/noticias\/#\/schema\/person\/80f09a3ec674501e6bb13144ffa2489f","name":"Aira Almeida","image":{"@type":"ImageObject","inLanguage":"pt-BR","@id":"https:\/\/unasp.br\/noticias\/#\/schema\/person\/image\/","url":"https:\/\/secure.gravatar.com\/avatar\/e30ea867fdd5a41ec6a0cb350dcd108e?s=96&d=mm&r=g","contentUrl":"https:\/\/secure.gravatar.com\/avatar\/e30ea867fdd5a41ec6a0cb350dcd108e?s=96&d=mm&r=g","caption":"Aira Almeida"},"url":"https:\/\/unasp.br\/noticias\/author\/aira-almeidaedu-unasp-br\/"}]}},"_links":{"self":[{"href":"https:\/\/unasp.br\/noticias\/wp-json\/wp\/v2\/posts\/91127"}],"collection":[{"href":"https:\/\/unasp.br\/noticias\/wp-json\/wp\/v2\/posts"}],"about":[{"href":"https:\/\/unasp.br\/noticias\/wp-json\/wp\/v2\/types\/post"}],"author":[{"embeddable":true,"href":"https:\/\/unasp.br\/noticias\/wp-json\/wp\/v2\/users\/30"}],"replies":[{"embeddable":true,"href":"https:\/\/unasp.br\/noticias\/wp-json\/wp\/v2\/comments?post=91127"}],"version-history":[{"count":3,"href":"https:\/\/unasp.br\/noticias\/wp-json\/wp\/v2\/posts\/91127\/revisions"}],"predecessor-version":[{"id":91140,"href":"https:\/\/unasp.br\/noticias\/wp-json\/wp\/v2\/posts\/91127\/revisions\/91140"}],"wp:featuredmedia":[{"embeddable":true,"href":"https:\/\/unasp.br\/noticias\/wp-json\/wp\/v2\/media\/91129"}],"wp:attachment":[{"href":"https:\/\/unasp.br\/noticias\/wp-json\/wp\/v2\/media?parent=91127"}],"wp:term":[{"taxonomy":"category","embeddable":true,"href":"https:\/\/unasp.br\/noticias\/wp-json\/wp\/v2\/categories?post=91127"},{"taxonomy":"post_tag","embeddable":true,"href":"https:\/\/unasp.br\/noticias\/wp-json\/wp\/v2\/tags?post=91127"}],"curies":[{"name":"wp","href":"https:\/\/api.w.org\/{rel}","templated":true}]}}