{"id":91158,"date":"2020-09-28T10:18:12","date_gmt":"2020-09-28T13:18:12","guid":{"rendered":"https:\/\/www.unasp.br\/noticias\/?p=91158"},"modified":"2020-09-28T10:21:37","modified_gmt":"2020-09-28T13:21:37","slug":"unasp-hortolandia-comemora-71-anos","status":"publish","type":"post","link":"https:\/\/unasp.br\/noticias\/unasp-hortolandia-comemora-71-anos\/","title":{"rendered":"UNASP Hortol\u00e2ndia comemora 71 anos"},"content":{"rendered":"\n<figure class=\"wp-block-image size-large\"><img loading=\"lazy\" decoding=\"async\" width=\"937\" height=\"599\" src=\"https:\/\/www.unasp.br\/noticias\/wp-content\/uploads\/2020\/09\/Captura-de-Tela-2020-09-28-a\u0300s-09.36.02.png\" alt=\"Grupo Tom de Vida\" class=\"wp-image-91161\" srcset=\"https:\/\/cdn.unasp.br\/noticias\/wp-content\/uploads\/2020\/09\/28063705\/Captura-de-Tela-2020-09-28-a%CC%80s-09.36.02.png 937w, https:\/\/cdn.unasp.br\/noticias\/wp-content\/uploads\/2020\/09\/28063705\/Captura-de-Tela-2020-09-28-a%CC%80s-09.36.02-300x192.png 300w, https:\/\/cdn.unasp.br\/noticias\/wp-content\/uploads\/2020\/09\/28063705\/Captura-de-Tela-2020-09-28-a%CC%80s-09.36.02-768x491.png 768w, https:\/\/cdn.unasp.br\/noticias\/wp-content\/uploads\/2020\/09\/28063705\/Captura-de-Tela-2020-09-28-a%CC%80s-09.36.02-800x511.png 800w, https:\/\/cdn.unasp.br\/noticias\/wp-content\/uploads\/2020\/09\/28063705\/Captura-de-Tela-2020-09-28-a%CC%80s-09.36.02-750x479.png 750w, https:\/\/cdn.unasp.br\/noticias\/wp-content\/uploads\/2020\/09\/28063705\/Captura-de-Tela-2020-09-28-a%CC%80s-09.36.02-720x460.png 720w, https:\/\/cdn.unasp.br\/noticias\/wp-content\/uploads\/2020\/09\/28063705\/Captura-de-Tela-2020-09-28-a%CC%80s-09.36.02-438x280.png 438w, https:\/\/cdn.unasp.br\/noticias\/wp-content\/uploads\/2020\/09\/28063705\/Captura-de-Tela-2020-09-28-a%CC%80s-09.36.02-500x320.png 500w, https:\/\/cdn.unasp.br\/noticias\/wp-content\/uploads\/2020\/09\/28063705\/Captura-de-Tela-2020-09-28-a%CC%80s-09.36.02-400x256.png 400w, https:\/\/cdn.unasp.br\/noticias\/wp-content\/uploads\/2020\/09\/28063705\/Captura-de-Tela-2020-09-28-a%CC%80s-09.36.02-391x250.png 391w, https:\/\/cdn.unasp.br\/noticias\/wp-content\/uploads\/2020\/09\/28063705\/Captura-de-Tela-2020-09-28-a%CC%80s-09.36.02-313x200.png 313w, https:\/\/cdn.unasp.br\/noticias\/wp-content\/uploads\/2020\/09\/28063705\/Captura-de-Tela-2020-09-28-a%CC%80s-09.36.02-235x150.png 235w, https:\/\/cdn.unasp.br\/noticias\/wp-content\/uploads\/2020\/09\/28063705\/Captura-de-Tela-2020-09-28-a%CC%80s-09.36.02-175x112.png 175w, https:\/\/cdn.unasp.br\/noticias\/wp-content\/uploads\/2020\/09\/28063705\/Captura-de-Tela-2020-09-28-a%CC%80s-09.36.02-200x128.png 200w\" sizes=\"(max-width: 937px) 100vw, 937px\" \/><figcaption>Grupo Tom de Vida lan\u00e7a musical no anivers\u00e1rio de 71 anos do campus.<\/figcaption><\/figure>\n\n\n\n<p>Mesmo em meio a pandemia o <a href=\"https:\/\/www.unasp.br\/ht\/\">UNASP campus Hortol\u00e2ndia<\/a> comemorou mais um ano de exist\u00eancia. A programa\u00e7\u00e3o dos 71 anos aconteceu nos dias 18 e 19 de setembro e foi destinada aos alunos residentes que receberam convidados especiais como o Minist\u00e9rio Faces, pastor Jonas Pinho e ex-integrantes do  Tom de Vida. O grupo aproveitou a ocasi\u00e3o para lan\u00e7ar no <a href=\"https:\/\/www.youtube.com\/channel\/UC69uCALfh40-xLCnotXS2-w\" target=\"_blank\" rel=\"noreferrer noopener\" aria-label=\"Youtube (abre numa nova aba)\">Youtube<\/a> o musical de 30 anos de exist\u00eancia. <\/p>\n\n\n\n<p>Assista o resumo da programa\u00e7\u00e3o na reportagem abaixo:<\/p>\n\n\n\n<figure class=\"wp-block-embed-youtube wp-block-embed is-type-video is-provider-youtube wp-embed-aspect-16-9 wp-has-aspect-ratio\"><div class=\"wp-block-embed__wrapper\">\n<iframe loading=\"lazy\" title=\"REPORTAGEM - 71 anos Unasp Hortol\u00e2ndia\" width=\"900\" height=\"506\" src=\"https:\/\/www.youtube.com\/embed\/Uch8RYgJJHs?feature=oembed\" frameborder=\"0\" allow=\"accelerometer; autoplay; clipboard-write; encrypted-media; gyroscope; picture-in-picture\" allowfullscreen><\/iframe>\n<\/div><figcaption>Reportagem dos 71 anos do Tom de Vida veiculada na TV Novo Tempo.<\/figcaption><\/figure>\n\n\n\n<h2 class=\"wp-block-heading\">30 anos do Tom de Vida<\/h2>\n\n\n\n<p>Na noite de s\u00e1bado (19) o <a rel=\"noreferrer noopener\" aria-label=\"grupo Tom de Vida (abre numa nova aba)\" href=\"https:\/\/www.youtube.com\/channel\/UC69uCALfh40-xLCnotXS2-w\" target=\"_blank\">grupo Tom de Vida<\/a> fez uma live para lan\u00e7ar o musical dos 30 anos do Tom de Vida. As grava\u00e7\u00f5es aconteceram em 2019 e no anivers\u00e1rio dos 71 anos do Unasp Hortol\u00e2ndia foi disponibilizado ao p\u00fablico no YouTube. <\/p>\n\n\n\n<p>Voc\u00ea pode conferir o musical que contou com mais de 150 participantes entre regentes, instrumentistas, integrantes e ex-integrantes:<\/p>\n\n\n\n<figure class=\"wp-block-embed-youtube wp-block-embed is-type-video is-provider-youtube wp-embed-aspect-16-9 wp-has-aspect-ratio\"><div class=\"wp-block-embed__wrapper\">\n<iframe loading=\"lazy\" title=\"#Tom30Anos | 01. Mais Uma Vez\" width=\"900\" height=\"506\" src=\"https:\/\/www.youtube.com\/embed\/videoseries?list=PL7-Br3qaWJVwNtWeIX6FAFqPPxtR_gRu2\" frameborder=\"0\" allow=\"accelerometer; autoplay; clipboard-write; encrypted-media; gyroscope; picture-in-picture\" allowfullscreen><\/iframe>\n<\/div><\/figure>\n","protected":false},"excerpt":{"rendered":"<p>Unasp Hortol\u00e2ndia comemora 71 anos com programa\u00e7\u00e3o exclusiva para alunos residentes.<\/p>\n","protected":false},"author":73,"featured_media":91161,"comment_status":"open","ping_status":"open","sticky":false,"template":"","format":"standard","meta":{"footnotes":""},"categories":[6],"tags":[],"yoast_head":"<!-- This site is optimized with the Yoast SEO plugin v23.5 - https:\/\/yoast.com\/wordpress\/plugins\/seo\/ -->\n<title>UNASP Hortol\u00e2ndia comemora 71 anos - UNASP Noticias<\/title>\n<meta name=\"description\" content=\"Unasp Hortol\u00e2ndia comemora 71 anos com programa\u00e7\u00e3o exclusiva para alunos residentes e lan\u00e7amento de musical dos 30 anos do Tom de Vida.\" \/>\n<meta name=\"robots\" content=\"index, follow, max-snippet:-1, max-image-preview:large, max-video-preview:-1\" \/>\n<link rel=\"canonical\" href=\"https:\/\/unasp.br\/noticias\/unasp-hortolandia-comemora-71-anos\/\" \/>\n<meta property=\"og:locale\" content=\"pt_BR\" \/>\n<meta property=\"og:type\" content=\"article\" \/>\n<meta property=\"og:title\" content=\"UNASP Hortol\u00e2ndia comemora 71 anos - UNASP Noticias\" \/>\n<meta property=\"og:description\" content=\"Unasp Hortol\u00e2ndia comemora 71 anos com programa\u00e7\u00e3o exclusiva para alunos residentes e lan\u00e7amento de musical dos 30 anos do Tom de Vida.\" \/>\n<meta property=\"og:url\" content=\"https:\/\/unasp.br\/noticias\/unasp-hortolandia-comemora-71-anos\/\" \/>\n<meta property=\"og:site_name\" content=\"UNASP Noticias\" \/>\n<meta property=\"article:published_time\" content=\"2020-09-28T13:18:12+00:00\" \/>\n<meta property=\"article:modified_time\" content=\"2020-09-28T13:21:37+00:00\" \/>\n<meta property=\"og:image\" content=\"https:\/\/cdn.unasp.br\/noticias\/wp-content\/uploads\/2020\/09\/28063705\/Captura-de-Tela-2020-09-28-a%CC%80s-09.36.02.png\" \/>\n\t<meta property=\"og:image:width\" content=\"937\" \/>\n\t<meta property=\"og:image:height\" content=\"599\" \/>\n\t<meta property=\"og:image:type\" content=\"image\/png\" \/>\n<meta name=\"author\" content=\"Maria da Gl\u00f3ria Marques de Paula Barreto\" \/>\n<meta name=\"twitter:card\" content=\"summary_large_image\" \/>\n<meta name=\"twitter:label1\" content=\"Escrito por\" \/>\n\t<meta name=\"twitter:data1\" content=\"Maria da Gl\u00f3ria Marques de Paula Barreto\" \/>\n\t<meta name=\"twitter:label2\" content=\"Est. tempo de leitura\" \/>\n\t<meta name=\"twitter:data2\" content=\"1 minuto\" \/>\n<script type=\"application\/ld+json\" class=\"yoast-schema-graph\">{\"@context\":\"https:\/\/schema.org\",\"@graph\":[{\"@type\":\"Article\",\"@id\":\"https:\/\/unasp.br\/noticias\/unasp-hortolandia-comemora-71-anos\/#article\",\"isPartOf\":{\"@id\":\"https:\/\/unasp.br\/noticias\/unasp-hortolandia-comemora-71-anos\/\"},\"author\":{\"name\":\"Maria da Gl\u00f3ria Marques de Paula Barreto\",\"@id\":\"https:\/\/unasp.br\/noticias\/#\/schema\/person\/f3393a032491eabc46fadb3656375334\"},\"headline\":\"UNASP Hortol\u00e2ndia comemora 71 anos\",\"datePublished\":\"2020-09-28T13:18:12+00:00\",\"dateModified\":\"2020-09-28T13:21:37+00:00\",\"mainEntityOfPage\":{\"@id\":\"https:\/\/unasp.br\/noticias\/unasp-hortolandia-comemora-71-anos\/\"},\"wordCount\":201,\"commentCount\":0,\"publisher\":{\"@id\":\"https:\/\/unasp.br\/noticias\/#organization\"},\"image\":{\"@id\":\"https:\/\/unasp.br\/noticias\/unasp-hortolandia-comemora-71-anos\/#primaryimage\"},\"thumbnailUrl\":\"https:\/\/cdn.unasp.br\/noticias\/wp-content\/uploads\/2020\/09\/28063705\/Captura-de-Tela-2020-09-28-a%CC%80s-09.36.02.png\",\"articleSection\":[\"Acontece no UNASP\"],\"inLanguage\":\"pt-BR\",\"potentialAction\":[{\"@type\":\"CommentAction\",\"name\":\"Comment\",\"target\":[\"https:\/\/unasp.br\/noticias\/unasp-hortolandia-comemora-71-anos\/#respond\"]}]},{\"@type\":\"WebPage\",\"@id\":\"https:\/\/unasp.br\/noticias\/unasp-hortolandia-comemora-71-anos\/\",\"url\":\"https:\/\/unasp.br\/noticias\/unasp-hortolandia-comemora-71-anos\/\",\"name\":\"UNASP Hortol\u00e2ndia comemora 71 anos - UNASP Noticias\",\"isPartOf\":{\"@id\":\"https:\/\/unasp.br\/noticias\/#website\"},\"primaryImageOfPage\":{\"@id\":\"https:\/\/unasp.br\/noticias\/unasp-hortolandia-comemora-71-anos\/#primaryimage\"},\"image\":{\"@id\":\"https:\/\/unasp.br\/noticias\/unasp-hortolandia-comemora-71-anos\/#primaryimage\"},\"thumbnailUrl\":\"https:\/\/cdn.unasp.br\/noticias\/wp-content\/uploads\/2020\/09\/28063705\/Captura-de-Tela-2020-09-28-a%CC%80s-09.36.02.png\",\"datePublished\":\"2020-09-28T13:18:12+00:00\",\"dateModified\":\"2020-09-28T13:21:37+00:00\",\"description\":\"Unasp Hortol\u00e2ndia comemora 71 anos com programa\u00e7\u00e3o exclusiva para alunos residentes e lan\u00e7amento de musical dos 30 anos do Tom de Vida.\",\"breadcrumb\":{\"@id\":\"https:\/\/unasp.br\/noticias\/unasp-hortolandia-comemora-71-anos\/#breadcrumb\"},\"inLanguage\":\"pt-BR\",\"potentialAction\":[{\"@type\":\"ReadAction\",\"target\":[\"https:\/\/unasp.br\/noticias\/unasp-hortolandia-comemora-71-anos\/\"]}]},{\"@type\":\"ImageObject\",\"inLanguage\":\"pt-BR\",\"@id\":\"https:\/\/unasp.br\/noticias\/unasp-hortolandia-comemora-71-anos\/#primaryimage\",\"url\":\"https:\/\/cdn.unasp.br\/noticias\/wp-content\/uploads\/2020\/09\/28063705\/Captura-de-Tela-2020-09-28-a%CC%80s-09.36.02.png\",\"contentUrl\":\"https:\/\/cdn.unasp.br\/noticias\/wp-content\/uploads\/2020\/09\/28063705\/Captura-de-Tela-2020-09-28-a%CC%80s-09.36.02.png\",\"width\":937,\"height\":599},{\"@type\":\"BreadcrumbList\",\"@id\":\"https:\/\/unasp.br\/noticias\/unasp-hortolandia-comemora-71-anos\/#breadcrumb\",\"itemListElement\":[{\"@type\":\"ListItem\",\"position\":1,\"name\":\"In\u00edcio\",\"item\":\"https:\/\/unasp.br\/noticias\/\"},{\"@type\":\"ListItem\",\"position\":2,\"name\":\"UNASP Hortol\u00e2ndia comemora 71 anos\"}]},{\"@type\":\"WebSite\",\"@id\":\"https:\/\/unasp.br\/noticias\/#website\",\"url\":\"https:\/\/unasp.br\/noticias\/\",\"name\":\"UNASP Noticias\",\"description\":\"Centro Universit\u00e1rio Adventista de S\u00e3o Paulo\",\"publisher\":{\"@id\":\"https:\/\/unasp.br\/noticias\/#organization\"},\"potentialAction\":[{\"@type\":\"SearchAction\",\"target\":{\"@type\":\"EntryPoint\",\"urlTemplate\":\"https:\/\/unasp.br\/noticias\/?s={search_term_string}\"},\"query-input\":{\"@type\":\"PropertyValueSpecification\",\"valueRequired\":true,\"valueName\":\"search_term_string\"}}],\"inLanguage\":\"pt-BR\"},{\"@type\":\"Organization\",\"@id\":\"https:\/\/unasp.br\/noticias\/#organization\",\"name\":\"UNASP Noticias\",\"url\":\"https:\/\/unasp.br\/noticias\/\",\"logo\":{\"@type\":\"ImageObject\",\"inLanguage\":\"pt-BR\",\"@id\":\"https:\/\/unasp.br\/noticias\/#\/schema\/logo\/image\/\",\"url\":\"https:\/\/cdn.unasp.br\/noticias\/wp-content\/uploads\/2021\/09\/09152724\/logo-unasp-news.png\",\"contentUrl\":\"https:\/\/cdn.unasp.br\/noticias\/wp-content\/uploads\/2021\/09\/09152724\/logo-unasp-news.png\",\"width\":240,\"height\":41,\"caption\":\"UNASP Noticias\"},\"image\":{\"@id\":\"https:\/\/unasp.br\/noticias\/#\/schema\/logo\/image\/\"}},{\"@type\":\"Person\",\"@id\":\"https:\/\/unasp.br\/noticias\/#\/schema\/person\/f3393a032491eabc46fadb3656375334\",\"name\":\"Maria da Gl\u00f3ria Marques de Paula Barreto\",\"image\":{\"@type\":\"ImageObject\",\"inLanguage\":\"pt-BR\",\"@id\":\"https:\/\/unasp.br\/noticias\/#\/schema\/person\/image\/\",\"url\":\"https:\/\/secure.gravatar.com\/avatar\/3c23babfa2a847f4ce1e1403fe341fa3?s=96&d=mm&r=g\",\"contentUrl\":\"https:\/\/secure.gravatar.com\/avatar\/3c23babfa2a847f4ce1e1403fe341fa3?s=96&d=mm&r=g\",\"caption\":\"Maria da Gl\u00f3ria Marques de Paula Barreto\"},\"url\":\"https:\/\/unasp.br\/noticias\/author\/gloria-barretoadventistas-org\/\"}]}<\/script>\n<!-- \/ Yoast SEO plugin. -->","yoast_head_json":{"title":"UNASP Hortol\u00e2ndia comemora 71 anos - UNASP Noticias","description":"Unasp Hortol\u00e2ndia comemora 71 anos com programa\u00e7\u00e3o exclusiva para alunos residentes e lan\u00e7amento de musical dos 30 anos do Tom de Vida.","robots":{"index":"index","follow":"follow","max-snippet":"max-snippet:-1","max-image-preview":"max-image-preview:large","max-video-preview":"max-video-preview:-1"},"canonical":"https:\/\/unasp.br\/noticias\/unasp-hortolandia-comemora-71-anos\/","og_locale":"pt_BR","og_type":"article","og_title":"UNASP Hortol\u00e2ndia comemora 71 anos - UNASP Noticias","og_description":"Unasp Hortol\u00e2ndia comemora 71 anos com programa\u00e7\u00e3o exclusiva para alunos residentes e lan\u00e7amento de musical dos 30 anos do Tom de Vida.","og_url":"https:\/\/unasp.br\/noticias\/unasp-hortolandia-comemora-71-anos\/","og_site_name":"UNASP Noticias","article_published_time":"2020-09-28T13:18:12+00:00","article_modified_time":"2020-09-28T13:21:37+00:00","og_image":[{"width":937,"height":599,"url":"https:\/\/cdn.unasp.br\/noticias\/wp-content\/uploads\/2020\/09\/28063705\/Captura-de-Tela-2020-09-28-a%CC%80s-09.36.02.png","type":"image\/png"}],"author":"Maria da Gl\u00f3ria Marques de Paula Barreto","twitter_card":"summary_large_image","twitter_misc":{"Escrito por":"Maria da Gl\u00f3ria Marques de Paula Barreto","Est. tempo de leitura":"1 minuto"},"schema":{"@context":"https:\/\/schema.org","@graph":[{"@type":"Article","@id":"https:\/\/unasp.br\/noticias\/unasp-hortolandia-comemora-71-anos\/#article","isPartOf":{"@id":"https:\/\/unasp.br\/noticias\/unasp-hortolandia-comemora-71-anos\/"},"author":{"name":"Maria da Gl\u00f3ria Marques de Paula Barreto","@id":"https:\/\/unasp.br\/noticias\/#\/schema\/person\/f3393a032491eabc46fadb3656375334"},"headline":"UNASP Hortol\u00e2ndia comemora 71 anos","datePublished":"2020-09-28T13:18:12+00:00","dateModified":"2020-09-28T13:21:37+00:00","mainEntityOfPage":{"@id":"https:\/\/unasp.br\/noticias\/unasp-hortolandia-comemora-71-anos\/"},"wordCount":201,"commentCount":0,"publisher":{"@id":"https:\/\/unasp.br\/noticias\/#organization"},"image":{"@id":"https:\/\/unasp.br\/noticias\/unasp-hortolandia-comemora-71-anos\/#primaryimage"},"thumbnailUrl":"https:\/\/cdn.unasp.br\/noticias\/wp-content\/uploads\/2020\/09\/28063705\/Captura-de-Tela-2020-09-28-a%CC%80s-09.36.02.png","articleSection":["Acontece no UNASP"],"inLanguage":"pt-BR","potentialAction":[{"@type":"CommentAction","name":"Comment","target":["https:\/\/unasp.br\/noticias\/unasp-hortolandia-comemora-71-anos\/#respond"]}]},{"@type":"WebPage","@id":"https:\/\/unasp.br\/noticias\/unasp-hortolandia-comemora-71-anos\/","url":"https:\/\/unasp.br\/noticias\/unasp-hortolandia-comemora-71-anos\/","name":"UNASP Hortol\u00e2ndia comemora 71 anos - UNASP Noticias","isPartOf":{"@id":"https:\/\/unasp.br\/noticias\/#website"},"primaryImageOfPage":{"@id":"https:\/\/unasp.br\/noticias\/unasp-hortolandia-comemora-71-anos\/#primaryimage"},"image":{"@id":"https:\/\/unasp.br\/noticias\/unasp-hortolandia-comemora-71-anos\/#primaryimage"},"thumbnailUrl":"https:\/\/cdn.unasp.br\/noticias\/wp-content\/uploads\/2020\/09\/28063705\/Captura-de-Tela-2020-09-28-a%CC%80s-09.36.02.png","datePublished":"2020-09-28T13:18:12+00:00","dateModified":"2020-09-28T13:21:37+00:00","description":"Unasp Hortol\u00e2ndia comemora 71 anos com programa\u00e7\u00e3o exclusiva para alunos residentes e lan\u00e7amento de musical dos 30 anos do Tom de Vida.","breadcrumb":{"@id":"https:\/\/unasp.br\/noticias\/unasp-hortolandia-comemora-71-anos\/#breadcrumb"},"inLanguage":"pt-BR","potentialAction":[{"@type":"ReadAction","target":["https:\/\/unasp.br\/noticias\/unasp-hortolandia-comemora-71-anos\/"]}]},{"@type":"ImageObject","inLanguage":"pt-BR","@id":"https:\/\/unasp.br\/noticias\/unasp-hortolandia-comemora-71-anos\/#primaryimage","url":"https:\/\/cdn.unasp.br\/noticias\/wp-content\/uploads\/2020\/09\/28063705\/Captura-de-Tela-2020-09-28-a%CC%80s-09.36.02.png","contentUrl":"https:\/\/cdn.unasp.br\/noticias\/wp-content\/uploads\/2020\/09\/28063705\/Captura-de-Tela-2020-09-28-a%CC%80s-09.36.02.png","width":937,"height":599},{"@type":"BreadcrumbList","@id":"https:\/\/unasp.br\/noticias\/unasp-hortolandia-comemora-71-anos\/#breadcrumb","itemListElement":[{"@type":"ListItem","position":1,"name":"In\u00edcio","item":"https:\/\/unasp.br\/noticias\/"},{"@type":"ListItem","position":2,"name":"UNASP Hortol\u00e2ndia comemora 71 anos"}]},{"@type":"WebSite","@id":"https:\/\/unasp.br\/noticias\/#website","url":"https:\/\/unasp.br\/noticias\/","name":"UNASP Noticias","description":"Centro Universit\u00e1rio Adventista de S\u00e3o Paulo","publisher":{"@id":"https:\/\/unasp.br\/noticias\/#organization"},"potentialAction":[{"@type":"SearchAction","target":{"@type":"EntryPoint","urlTemplate":"https:\/\/unasp.br\/noticias\/?s={search_term_string}"},"query-input":{"@type":"PropertyValueSpecification","valueRequired":true,"valueName":"search_term_string"}}],"inLanguage":"pt-BR"},{"@type":"Organization","@id":"https:\/\/unasp.br\/noticias\/#organization","name":"UNASP Noticias","url":"https:\/\/unasp.br\/noticias\/","logo":{"@type":"ImageObject","inLanguage":"pt-BR","@id":"https:\/\/unasp.br\/noticias\/#\/schema\/logo\/image\/","url":"https:\/\/cdn.unasp.br\/noticias\/wp-content\/uploads\/2021\/09\/09152724\/logo-unasp-news.png","contentUrl":"https:\/\/cdn.unasp.br\/noticias\/wp-content\/uploads\/2021\/09\/09152724\/logo-unasp-news.png","width":240,"height":41,"caption":"UNASP Noticias"},"image":{"@id":"https:\/\/unasp.br\/noticias\/#\/schema\/logo\/image\/"}},{"@type":"Person","@id":"https:\/\/unasp.br\/noticias\/#\/schema\/person\/f3393a032491eabc46fadb3656375334","name":"Maria da Gl\u00f3ria Marques de Paula Barreto","image":{"@type":"ImageObject","inLanguage":"pt-BR","@id":"https:\/\/unasp.br\/noticias\/#\/schema\/person\/image\/","url":"https:\/\/secure.gravatar.com\/avatar\/3c23babfa2a847f4ce1e1403fe341fa3?s=96&d=mm&r=g","contentUrl":"https:\/\/secure.gravatar.com\/avatar\/3c23babfa2a847f4ce1e1403fe341fa3?s=96&d=mm&r=g","caption":"Maria da Gl\u00f3ria Marques de Paula Barreto"},"url":"https:\/\/unasp.br\/noticias\/author\/gloria-barretoadventistas-org\/"}]}},"_links":{"self":[{"href":"https:\/\/unasp.br\/noticias\/wp-json\/wp\/v2\/posts\/91158"}],"collection":[{"href":"https:\/\/unasp.br\/noticias\/wp-json\/wp\/v2\/posts"}],"about":[{"href":"https:\/\/unasp.br\/noticias\/wp-json\/wp\/v2\/types\/post"}],"author":[{"embeddable":true,"href":"https:\/\/unasp.br\/noticias\/wp-json\/wp\/v2\/users\/73"}],"replies":[{"embeddable":true,"href":"https:\/\/unasp.br\/noticias\/wp-json\/wp\/v2\/comments?post=91158"}],"version-history":[{"count":2,"href":"https:\/\/unasp.br\/noticias\/wp-json\/wp\/v2\/posts\/91158\/revisions"}],"predecessor-version":[{"id":91165,"href":"https:\/\/unasp.br\/noticias\/wp-json\/wp\/v2\/posts\/91158\/revisions\/91165"}],"wp:featuredmedia":[{"embeddable":true,"href":"https:\/\/unasp.br\/noticias\/wp-json\/wp\/v2\/media\/91161"}],"wp:attachment":[{"href":"https:\/\/unasp.br\/noticias\/wp-json\/wp\/v2\/media?parent=91158"}],"wp:term":[{"taxonomy":"category","embeddable":true,"href":"https:\/\/unasp.br\/noticias\/wp-json\/wp\/v2\/categories?post=91158"},{"taxonomy":"post_tag","embeddable":true,"href":"https:\/\/unasp.br\/noticias\/wp-json\/wp\/v2\/tags?post=91158"}],"curies":[{"name":"wp","href":"https:\/\/api.w.org\/{rel}","templated":true}]}}