{"id":91167,"date":"2020-09-29T09:11:18","date_gmt":"2020-09-29T12:11:18","guid":{"rendered":"https:\/\/www.unasp.br\/noticias\/?p=91167"},"modified":"2020-09-29T09:11:21","modified_gmt":"2020-09-29T12:11:21","slug":"depois-de-seis-meses-universitarios-voltam-ao-campus-no-drive-life","status":"publish","type":"post","link":"https:\/\/unasp.br\/noticias\/depois-de-seis-meses-universitarios-voltam-ao-campus-no-drive-life\/","title":{"rendered":"Depois de seis meses universit\u00e1rios voltam ao campus no Drive Life"},"content":{"rendered":"\n<p>Um domingo para matar a saudade e celebrar a vida! Essa foi a ess\u00eancia do Drive Life realizado no \u00faltimo domingo (27) de setembro no Unasp Hortol\u00e2ndia destinado aos alunos da gradua\u00e7\u00e3o, que h\u00e1 quase seis meses n\u00e3o entravam no campus. Os universit\u00e1rios puderam percorrer o campus de carro e em cada trecho paravam em uma esta\u00e7\u00e3o diferente onde podiam rever seus professores e receber pequenos agrados como \u00e1gua, chocolate, bal\u00f5es com mensagens positivas, apresenta\u00e7\u00f5es musicais e ao final do circuito eles ganharam dois livros um para si e outro para presentear um amigo. <\/p>\n\n\n\n<figure class=\"wp-block-image size-large\"><img loading=\"lazy\" decoding=\"async\" width=\"1024\" height=\"682\" src=\"https:\/\/www.unasp.br\/noticias\/wp-content\/uploads\/2020\/09\/WhatsApp-Image-2020-09-28-at-10.17.17-1024x682.jpeg\" alt=\"Jovem de m\u00e1scara segurando bal\u00e3o amarelo\" class=\"wp-image-91177\" srcset=\"https:\/\/cdn.unasp.br\/noticias\/wp-content\/uploads\/2020\/09\/29060201\/WhatsApp-Image-2020-09-28-at-10.17.17-1024x682.jpeg 1024w, https:\/\/cdn.unasp.br\/noticias\/wp-content\/uploads\/2020\/09\/29060201\/WhatsApp-Image-2020-09-28-at-10.17.17-300x200.jpeg 300w, https:\/\/cdn.unasp.br\/noticias\/wp-content\/uploads\/2020\/09\/29060201\/WhatsApp-Image-2020-09-28-at-10.17.17-768x512.jpeg 768w, https:\/\/cdn.unasp.br\/noticias\/wp-content\/uploads\/2020\/09\/29060201\/WhatsApp-Image-2020-09-28-at-10.17.17-900x600.jpeg 900w, https:\/\/cdn.unasp.br\/noticias\/wp-content\/uploads\/2020\/09\/29060201\/WhatsApp-Image-2020-09-28-at-10.17.17-1200x800.jpeg 1200w, https:\/\/cdn.unasp.br\/noticias\/wp-content\/uploads\/2020\/09\/29060201\/WhatsApp-Image-2020-09-28-at-10.17.17-1080x720.jpeg 1080w, https:\/\/cdn.unasp.br\/noticias\/wp-content\/uploads\/2020\/09\/29060201\/WhatsApp-Image-2020-09-28-at-10.17.17-800x533.jpeg 800w, https:\/\/cdn.unasp.br\/noticias\/wp-content\/uploads\/2020\/09\/29060201\/WhatsApp-Image-2020-09-28-at-10.17.17-750x500.jpeg 750w, https:\/\/cdn.unasp.br\/noticias\/wp-content\/uploads\/2020\/09\/29060201\/WhatsApp-Image-2020-09-28-at-10.17.17-720x480.jpeg 720w, https:\/\/cdn.unasp.br\/noticias\/wp-content\/uploads\/2020\/09\/29060201\/WhatsApp-Image-2020-09-28-at-10.17.17-420x280.jpeg 420w, https:\/\/cdn.unasp.br\/noticias\/wp-content\/uploads\/2020\/09\/29060201\/WhatsApp-Image-2020-09-28-at-10.17.17-500x333.jpeg 500w, https:\/\/cdn.unasp.br\/noticias\/wp-content\/uploads\/2020\/09\/29060201\/WhatsApp-Image-2020-09-28-at-10.17.17-400x267.jpeg 400w, https:\/\/cdn.unasp.br\/noticias\/wp-content\/uploads\/2020\/09\/29060201\/WhatsApp-Image-2020-09-28-at-10.17.17-375x250.jpeg 375w, https:\/\/cdn.unasp.br\/noticias\/wp-content\/uploads\/2020\/09\/29060201\/WhatsApp-Image-2020-09-28-at-10.17.17-225x150.jpeg 225w, https:\/\/cdn.unasp.br\/noticias\/wp-content\/uploads\/2020\/09\/29060201\/WhatsApp-Image-2020-09-28-at-10.17.17-175x117.jpeg 175w, https:\/\/cdn.unasp.br\/noticias\/wp-content\/uploads\/2020\/09\/29060201\/WhatsApp-Image-2020-09-28-at-10.17.17-200x133.jpeg 200w, https:\/\/cdn.unasp.br\/noticias\/wp-content\/uploads\/2020\/09\/29060201\/WhatsApp-Image-2020-09-28-at-10.17.17.jpeg 1280w\" sizes=\"(max-width: 1024px) 100vw, 1024px\" \/><figcaption>Estudantes receberam v\u00e1rios mimos no Drive Life.<\/figcaption><\/figure>\n\n\n\n<p>\u201cDesde mar\u00e7o estamos trabalhando com aulas s\u00edncronas, essa \u00e9 a primeira oportunidade, o primeiro encontro dos nossos alunos com os professores neste per\u00edodo. \u00c9 uma oportunidade muito legal da gente poder celebrar a vida juntos\u201d, explicou a diretora da gradua\u00e7\u00e3o do UNASP Hortol\u00e2ndia, Suzete Maia. <\/p>\n\n\n\n<figure class=\"wp-block-image size-large\"><img loading=\"lazy\" decoding=\"async\" width=\"1024\" height=\"682\" src=\"https:\/\/www.unasp.br\/noticias\/wp-content\/uploads\/2020\/09\/WhatsApp-Image-2020-09-28-at-10.17.16-1-1024x682.jpeg\" alt=\"Professor entregando bal\u00e3o para aluno que est\u00e1 no carro.\" class=\"wp-image-91178\" srcset=\"https:\/\/cdn.unasp.br\/noticias\/wp-content\/uploads\/2020\/09\/29060237\/WhatsApp-Image-2020-09-28-at-10.17.16-1-1024x682.jpeg 1024w, https:\/\/cdn.unasp.br\/noticias\/wp-content\/uploads\/2020\/09\/29060237\/WhatsApp-Image-2020-09-28-at-10.17.16-1-300x200.jpeg 300w, https:\/\/cdn.unasp.br\/noticias\/wp-content\/uploads\/2020\/09\/29060237\/WhatsApp-Image-2020-09-28-at-10.17.16-1-768x512.jpeg 768w, https:\/\/cdn.unasp.br\/noticias\/wp-content\/uploads\/2020\/09\/29060237\/WhatsApp-Image-2020-09-28-at-10.17.16-1-900x600.jpeg 900w, https:\/\/cdn.unasp.br\/noticias\/wp-content\/uploads\/2020\/09\/29060237\/WhatsApp-Image-2020-09-28-at-10.17.16-1-1200x800.jpeg 1200w, https:\/\/cdn.unasp.br\/noticias\/wp-content\/uploads\/2020\/09\/29060237\/WhatsApp-Image-2020-09-28-at-10.17.16-1-1080x720.jpeg 1080w, https:\/\/cdn.unasp.br\/noticias\/wp-content\/uploads\/2020\/09\/29060237\/WhatsApp-Image-2020-09-28-at-10.17.16-1-800x533.jpeg 800w, https:\/\/cdn.unasp.br\/noticias\/wp-content\/uploads\/2020\/09\/29060237\/WhatsApp-Image-2020-09-28-at-10.17.16-1-750x500.jpeg 750w, https:\/\/cdn.unasp.br\/noticias\/wp-content\/uploads\/2020\/09\/29060237\/WhatsApp-Image-2020-09-28-at-10.17.16-1-720x480.jpeg 720w, https:\/\/cdn.unasp.br\/noticias\/wp-content\/uploads\/2020\/09\/29060237\/WhatsApp-Image-2020-09-28-at-10.17.16-1-420x280.jpeg 420w, https:\/\/cdn.unasp.br\/noticias\/wp-content\/uploads\/2020\/09\/29060237\/WhatsApp-Image-2020-09-28-at-10.17.16-1-500x333.jpeg 500w, https:\/\/cdn.unasp.br\/noticias\/wp-content\/uploads\/2020\/09\/29060237\/WhatsApp-Image-2020-09-28-at-10.17.16-1-400x267.jpeg 400w, https:\/\/cdn.unasp.br\/noticias\/wp-content\/uploads\/2020\/09\/29060237\/WhatsApp-Image-2020-09-28-at-10.17.16-1-375x250.jpeg 375w, https:\/\/cdn.unasp.br\/noticias\/wp-content\/uploads\/2020\/09\/29060237\/WhatsApp-Image-2020-09-28-at-10.17.16-1-225x150.jpeg 225w, https:\/\/cdn.unasp.br\/noticias\/wp-content\/uploads\/2020\/09\/29060237\/WhatsApp-Image-2020-09-28-at-10.17.16-1-175x117.jpeg 175w, https:\/\/cdn.unasp.br\/noticias\/wp-content\/uploads\/2020\/09\/29060237\/WhatsApp-Image-2020-09-28-at-10.17.16-1-200x133.jpeg 200w, https:\/\/cdn.unasp.br\/noticias\/wp-content\/uploads\/2020\/09\/29060237\/WhatsApp-Image-2020-09-28-at-10.17.16-1.jpeg 1280w\" sizes=\"(max-width: 1024px) 100vw, 1024px\" \/><figcaption>Uma oportunidade de rever professores e colegas de classe ao vivo.<\/figcaption><\/figure>\n\n\n\n<p><\/p>\n\n\n\n<h2 class=\"wp-block-heading\">Drive Life: <strong>Rever e Compartilhar<\/strong><\/h2>\n\n\n\n<p>A programa\u00e7\u00e3o atraiu mais de 400\nalunos em 150 carros e mexeu com as emo\u00e7\u00f5es dos estudantes que visitaram o\ncampus. \u201cFoi um prazer muito grande rever meus professores que eu tenho visto\ns\u00f3 pela telinha. E \u00e9 uma sensa\u00e7\u00e3o muito agrad\u00e1vel porque eu estava com saudades\nde ver meus amigos e meus professores\u201d, comentou a estudante do curso de\nAdministra\u00e7\u00e3o, Patr\u00edcia Pereira.<\/p>\n\n\n\n<p>Sobre a quarentena ela ainda\nacrescentou: \u201cficar em casa \u00e9 meio deprimente, a gente acaba sentindo saudade\ndesta aproxima\u00e7\u00e3o. Deste apego com as pessoas\u201d.<\/p>\n\n\n\n<p>Ao final do trajeto os alunos receberam\ndois livros A Maior Esperan\u00e7a, um que eles estavam ganhando para si e outro que\neles poderiam compartilhar com algum amigo ou amiga. Sobre a ideia de passar\nessa mensagem de paz e vida aos outros amigos, a aluna de administra\u00e7\u00e3o Mirian\nRamos comentou: \u201cessa proposta \u00e9 bem interessante! Eu vou doar para um amigo meu\nque perdeu a m\u00e3e recentemente e acho que ele precisa disso,\u201d relembrou Mirian. &nbsp;<\/p>\n\n\n\n<h2 class=\"wp-block-heading\"><strong>Viva a Vida <\/strong><\/h2>\n\n\n\n<p>Com um slogan tricampi <a href=\"https:\/\/www.unasp.br\/noticias\/acoes-do-bem-envolvem-estudantes-e-comunidade\/\" target=\"_blank\" rel=\"noreferrer noopener\" aria-label=\"Viva a Vida o m\u00eas de setembro esteve repleto de atividades envolvendo alunos (abre numa nova aba)\">Viva a Vida o m\u00eas de setembro esteve repleto de atividades envolvendo alunos<\/a>, funcion\u00e1rios e comunidade como doa\u00e7\u00e3o de sangue, serenata aos alunos internos, almo\u00e7os tem\u00e1ticos, mensagens de incentivos, rodas de conversas e outras iniciativas. O Drive Life foi uma atividade exclusiva para os estudantes do ensino superior e tamb\u00e9m a conclus\u00e3o das a\u00e7\u00f5es do Setembro Amarelo.<\/p>\n\n\n\n<p>\u201cEm meio a pandemia, muitos alunos se matricularam e muitos nunca tinham vindo ao campus. Tem gente que nem conhece. Com o Drive Life a gente se aproxima um pouco mais destes alunos e eles percebem nosso carinho por eles\u201d, salientou o diretor da pastoral do Unasp Hortol\u00e2ndia, Wanderson Paiva, que esteve a frente do projeto <a rel=\"noreferrer noopener\" aria-label=\"Setembro Amarelo. (abre numa nova aba)\" href=\"https:\/\/www.setembroamarelo.com\/\" target=\"_blank\">Setembro Amarelo.<\/a><\/p>\n\n\n\n<figure class=\"wp-block-image size-large\"><img loading=\"lazy\" decoding=\"async\" width=\"1024\" height=\"705\" src=\"https:\/\/www.unasp.br\/noticias\/wp-content\/uploads\/2020\/09\/WhatsApp-Image-2020-09-28-at-10.17.16-1024x705.jpeg\" alt=\"Pessoas de m\u00e1scara e bal\u00f5es amarelos.\" class=\"wp-image-91179\" srcset=\"https:\/\/cdn.unasp.br\/noticias\/wp-content\/uploads\/2020\/09\/29060248\/WhatsApp-Image-2020-09-28-at-10.17.16-1024x705.jpeg 1024w, https:\/\/cdn.unasp.br\/noticias\/wp-content\/uploads\/2020\/09\/29060248\/WhatsApp-Image-2020-09-28-at-10.17.16-300x206.jpeg 300w, https:\/\/cdn.unasp.br\/noticias\/wp-content\/uploads\/2020\/09\/29060248\/WhatsApp-Image-2020-09-28-at-10.17.16-768x529.jpeg 768w, https:\/\/cdn.unasp.br\/noticias\/wp-content\/uploads\/2020\/09\/29060248\/WhatsApp-Image-2020-09-28-at-10.17.16-872x600.jpeg 872w, https:\/\/cdn.unasp.br\/noticias\/wp-content\/uploads\/2020\/09\/29060248\/WhatsApp-Image-2020-09-28-at-10.17.16-1162x800.jpeg 1162w, https:\/\/cdn.unasp.br\/noticias\/wp-content\/uploads\/2020\/09\/29060248\/WhatsApp-Image-2020-09-28-at-10.17.16-1046x720.jpeg 1046w, https:\/\/cdn.unasp.br\/noticias\/wp-content\/uploads\/2020\/09\/29060248\/WhatsApp-Image-2020-09-28-at-10.17.16-800x551.jpeg 800w, https:\/\/cdn.unasp.br\/noticias\/wp-content\/uploads\/2020\/09\/29060248\/WhatsApp-Image-2020-09-28-at-10.17.16-726x500.jpeg 726w, https:\/\/cdn.unasp.br\/noticias\/wp-content\/uploads\/2020\/09\/29060248\/WhatsApp-Image-2020-09-28-at-10.17.16-697x480.jpeg 697w, https:\/\/cdn.unasp.br\/noticias\/wp-content\/uploads\/2020\/09\/29060248\/WhatsApp-Image-2020-09-28-at-10.17.16-407x280.jpeg 407w, https:\/\/cdn.unasp.br\/noticias\/wp-content\/uploads\/2020\/09\/29060248\/WhatsApp-Image-2020-09-28-at-10.17.16-500x344.jpeg 500w, https:\/\/cdn.unasp.br\/noticias\/wp-content\/uploads\/2020\/09\/29060248\/WhatsApp-Image-2020-09-28-at-10.17.16-400x275.jpeg 400w, https:\/\/cdn.unasp.br\/noticias\/wp-content\/uploads\/2020\/09\/29060248\/WhatsApp-Image-2020-09-28-at-10.17.16-363x250.jpeg 363w, https:\/\/cdn.unasp.br\/noticias\/wp-content\/uploads\/2020\/09\/29060248\/WhatsApp-Image-2020-09-28-at-10.17.16-291x200.jpeg 291w, https:\/\/cdn.unasp.br\/noticias\/wp-content\/uploads\/2020\/09\/29060248\/WhatsApp-Image-2020-09-28-at-10.17.16-218x150.jpeg 218w, https:\/\/cdn.unasp.br\/noticias\/wp-content\/uploads\/2020\/09\/29060248\/WhatsApp-Image-2020-09-28-at-10.17.16-175x120.jpeg 175w, https:\/\/cdn.unasp.br\/noticias\/wp-content\/uploads\/2020\/09\/29060248\/WhatsApp-Image-2020-09-28-at-10.17.16-200x138.jpeg 200w, https:\/\/cdn.unasp.br\/noticias\/wp-content\/uploads\/2020\/09\/29060248\/WhatsApp-Image-2020-09-28-at-10.17.16.jpeg 1280w\" sizes=\"(max-width: 1024px) 100vw, 1024px\" \/><figcaption>Drive Life encerra as atividades do Setembro Amarelo.<\/figcaption><\/figure>\n\n\n\n<p><\/p>\n","protected":false},"excerpt":{"rendered":"<p>O Unasp Hortol\u00e2ndia realizou um Drive Life para os alunos da gradua\u00e7\u00e3o que h\u00e1 seis meses n\u00e3o entravam no campus. Assim puderam rever amigos e professores.<\/p>\n","protected":false},"author":73,"featured_media":91177,"comment_status":"open","ping_status":"open","sticky":false,"template":"","format":"standard","meta":{"footnotes":""},"categories":[6],"tags":[],"yoast_head":"<!-- This site is optimized with the Yoast SEO plugin v23.5 - https:\/\/yoast.com\/wordpress\/plugins\/seo\/ -->\n<title>Depois de seis meses universit\u00e1rios voltam ao campus no Drive Life - UNASP Noticias<\/title>\n<meta name=\"description\" content=\"O Unasp Hortol\u00e2ndia realizou um Drive Life para os alunos da gradua\u00e7\u00e3o que h\u00e1 seis meses n\u00e3o entravam no campus. Assim puderam rever amigos e professores.\" \/>\n<meta name=\"robots\" content=\"index, follow, max-snippet:-1, max-image-preview:large, max-video-preview:-1\" \/>\n<link rel=\"canonical\" href=\"https:\/\/unasp.br\/noticias\/depois-de-seis-meses-universitarios-voltam-ao-campus-no-drive-life\/\" \/>\n<meta property=\"og:locale\" content=\"pt_BR\" \/>\n<meta property=\"og:type\" content=\"article\" \/>\n<meta property=\"og:title\" content=\"Depois de seis meses universit\u00e1rios voltam ao campus no Drive Life - UNASP Noticias\" \/>\n<meta property=\"og:description\" content=\"O Unasp Hortol\u00e2ndia realizou um Drive Life para os alunos da gradua\u00e7\u00e3o que h\u00e1 seis meses n\u00e3o entravam no campus. Assim puderam rever amigos e professores.\" \/>\n<meta property=\"og:url\" content=\"https:\/\/unasp.br\/noticias\/depois-de-seis-meses-universitarios-voltam-ao-campus-no-drive-life\/\" \/>\n<meta property=\"og:site_name\" content=\"UNASP Noticias\" \/>\n<meta property=\"article:published_time\" content=\"2020-09-29T12:11:18+00:00\" \/>\n<meta property=\"article:modified_time\" content=\"2020-09-29T12:11:21+00:00\" \/>\n<meta property=\"og:image\" content=\"https:\/\/cdn.unasp.br\/noticias\/wp-content\/uploads\/2020\/09\/29060201\/WhatsApp-Image-2020-09-28-at-10.17.17.jpeg\" \/>\n\t<meta property=\"og:image:width\" content=\"1280\" \/>\n\t<meta property=\"og:image:height\" content=\"853\" \/>\n\t<meta property=\"og:image:type\" content=\"image\/jpeg\" \/>\n<meta name=\"author\" content=\"Maria da Gl\u00f3ria Marques de Paula Barreto\" \/>\n<meta name=\"twitter:card\" content=\"summary_large_image\" \/>\n<meta name=\"twitter:label1\" content=\"Escrito por\" \/>\n\t<meta name=\"twitter:data1\" content=\"Maria da Gl\u00f3ria Marques de Paula Barreto\" \/>\n\t<meta name=\"twitter:label2\" content=\"Est. tempo de leitura\" \/>\n\t<meta name=\"twitter:data2\" content=\"2 minutos\" \/>\n<script type=\"application\/ld+json\" class=\"yoast-schema-graph\">{\"@context\":\"https:\/\/schema.org\",\"@graph\":[{\"@type\":\"Article\",\"@id\":\"https:\/\/unasp.br\/noticias\/depois-de-seis-meses-universitarios-voltam-ao-campus-no-drive-life\/#article\",\"isPartOf\":{\"@id\":\"https:\/\/unasp.br\/noticias\/depois-de-seis-meses-universitarios-voltam-ao-campus-no-drive-life\/\"},\"author\":{\"name\":\"Maria da Gl\u00f3ria Marques de Paula Barreto\",\"@id\":\"https:\/\/unasp.br\/noticias\/#\/schema\/person\/f3393a032491eabc46fadb3656375334\"},\"headline\":\"Depois de seis meses universit\u00e1rios voltam ao campus no Drive Life\",\"datePublished\":\"2020-09-29T12:11:18+00:00\",\"dateModified\":\"2020-09-29T12:11:21+00:00\",\"mainEntityOfPage\":{\"@id\":\"https:\/\/unasp.br\/noticias\/depois-de-seis-meses-universitarios-voltam-ao-campus-no-drive-life\/\"},\"wordCount\":493,\"commentCount\":0,\"publisher\":{\"@id\":\"https:\/\/unasp.br\/noticias\/#organization\"},\"image\":{\"@id\":\"https:\/\/unasp.br\/noticias\/depois-de-seis-meses-universitarios-voltam-ao-campus-no-drive-life\/#primaryimage\"},\"thumbnailUrl\":\"https:\/\/cdn.unasp.br\/noticias\/wp-content\/uploads\/2020\/09\/29060201\/WhatsApp-Image-2020-09-28-at-10.17.17.jpeg\",\"articleSection\":[\"Acontece no UNASP\"],\"inLanguage\":\"pt-BR\",\"potentialAction\":[{\"@type\":\"CommentAction\",\"name\":\"Comment\",\"target\":[\"https:\/\/unasp.br\/noticias\/depois-de-seis-meses-universitarios-voltam-ao-campus-no-drive-life\/#respond\"]}]},{\"@type\":\"WebPage\",\"@id\":\"https:\/\/unasp.br\/noticias\/depois-de-seis-meses-universitarios-voltam-ao-campus-no-drive-life\/\",\"url\":\"https:\/\/unasp.br\/noticias\/depois-de-seis-meses-universitarios-voltam-ao-campus-no-drive-life\/\",\"name\":\"Depois de seis meses universit\u00e1rios voltam ao campus no Drive Life - UNASP Noticias\",\"isPartOf\":{\"@id\":\"https:\/\/unasp.br\/noticias\/#website\"},\"primaryImageOfPage\":{\"@id\":\"https:\/\/unasp.br\/noticias\/depois-de-seis-meses-universitarios-voltam-ao-campus-no-drive-life\/#primaryimage\"},\"image\":{\"@id\":\"https:\/\/unasp.br\/noticias\/depois-de-seis-meses-universitarios-voltam-ao-campus-no-drive-life\/#primaryimage\"},\"thumbnailUrl\":\"https:\/\/cdn.unasp.br\/noticias\/wp-content\/uploads\/2020\/09\/29060201\/WhatsApp-Image-2020-09-28-at-10.17.17.jpeg\",\"datePublished\":\"2020-09-29T12:11:18+00:00\",\"dateModified\":\"2020-09-29T12:11:21+00:00\",\"description\":\"O Unasp Hortol\u00e2ndia realizou um Drive Life para os alunos da gradua\u00e7\u00e3o que h\u00e1 seis meses n\u00e3o entravam no campus. Assim puderam rever amigos e professores.\",\"breadcrumb\":{\"@id\":\"https:\/\/unasp.br\/noticias\/depois-de-seis-meses-universitarios-voltam-ao-campus-no-drive-life\/#breadcrumb\"},\"inLanguage\":\"pt-BR\",\"potentialAction\":[{\"@type\":\"ReadAction\",\"target\":[\"https:\/\/unasp.br\/noticias\/depois-de-seis-meses-universitarios-voltam-ao-campus-no-drive-life\/\"]}]},{\"@type\":\"ImageObject\",\"inLanguage\":\"pt-BR\",\"@id\":\"https:\/\/unasp.br\/noticias\/depois-de-seis-meses-universitarios-voltam-ao-campus-no-drive-life\/#primaryimage\",\"url\":\"https:\/\/cdn.unasp.br\/noticias\/wp-content\/uploads\/2020\/09\/29060201\/WhatsApp-Image-2020-09-28-at-10.17.17.jpeg\",\"contentUrl\":\"https:\/\/cdn.unasp.br\/noticias\/wp-content\/uploads\/2020\/09\/29060201\/WhatsApp-Image-2020-09-28-at-10.17.17.jpeg\",\"width\":1280,\"height\":853},{\"@type\":\"BreadcrumbList\",\"@id\":\"https:\/\/unasp.br\/noticias\/depois-de-seis-meses-universitarios-voltam-ao-campus-no-drive-life\/#breadcrumb\",\"itemListElement\":[{\"@type\":\"ListItem\",\"position\":1,\"name\":\"In\u00edcio\",\"item\":\"https:\/\/unasp.br\/noticias\/\"},{\"@type\":\"ListItem\",\"position\":2,\"name\":\"Depois de seis meses universit\u00e1rios voltam ao campus no Drive Life\"}]},{\"@type\":\"WebSite\",\"@id\":\"https:\/\/unasp.br\/noticias\/#website\",\"url\":\"https:\/\/unasp.br\/noticias\/\",\"name\":\"UNASP Noticias\",\"description\":\"Centro Universit\u00e1rio Adventista de S\u00e3o Paulo\",\"publisher\":{\"@id\":\"https:\/\/unasp.br\/noticias\/#organization\"},\"potentialAction\":[{\"@type\":\"SearchAction\",\"target\":{\"@type\":\"EntryPoint\",\"urlTemplate\":\"https:\/\/unasp.br\/noticias\/?s={search_term_string}\"},\"query-input\":{\"@type\":\"PropertyValueSpecification\",\"valueRequired\":true,\"valueName\":\"search_term_string\"}}],\"inLanguage\":\"pt-BR\"},{\"@type\":\"Organization\",\"@id\":\"https:\/\/unasp.br\/noticias\/#organization\",\"name\":\"UNASP Noticias\",\"url\":\"https:\/\/unasp.br\/noticias\/\",\"logo\":{\"@type\":\"ImageObject\",\"inLanguage\":\"pt-BR\",\"@id\":\"https:\/\/unasp.br\/noticias\/#\/schema\/logo\/image\/\",\"url\":\"https:\/\/cdn.unasp.br\/noticias\/wp-content\/uploads\/2021\/09\/09152724\/logo-unasp-news.png\",\"contentUrl\":\"https:\/\/cdn.unasp.br\/noticias\/wp-content\/uploads\/2021\/09\/09152724\/logo-unasp-news.png\",\"width\":240,\"height\":41,\"caption\":\"UNASP Noticias\"},\"image\":{\"@id\":\"https:\/\/unasp.br\/noticias\/#\/schema\/logo\/image\/\"}},{\"@type\":\"Person\",\"@id\":\"https:\/\/unasp.br\/noticias\/#\/schema\/person\/f3393a032491eabc46fadb3656375334\",\"name\":\"Maria da Gl\u00f3ria Marques de Paula Barreto\",\"image\":{\"@type\":\"ImageObject\",\"inLanguage\":\"pt-BR\",\"@id\":\"https:\/\/unasp.br\/noticias\/#\/schema\/person\/image\/\",\"url\":\"https:\/\/secure.gravatar.com\/avatar\/3c23babfa2a847f4ce1e1403fe341fa3?s=96&d=mm&r=g\",\"contentUrl\":\"https:\/\/secure.gravatar.com\/avatar\/3c23babfa2a847f4ce1e1403fe341fa3?s=96&d=mm&r=g\",\"caption\":\"Maria da Gl\u00f3ria Marques de Paula Barreto\"},\"url\":\"https:\/\/unasp.br\/noticias\/author\/gloria-barretoadventistas-org\/\"}]}<\/script>\n<!-- \/ Yoast SEO plugin. -->","yoast_head_json":{"title":"Depois de seis meses universit\u00e1rios voltam ao campus no Drive Life - UNASP Noticias","description":"O Unasp Hortol\u00e2ndia realizou um Drive Life para os alunos da gradua\u00e7\u00e3o que h\u00e1 seis meses n\u00e3o entravam no campus. Assim puderam rever amigos e professores.","robots":{"index":"index","follow":"follow","max-snippet":"max-snippet:-1","max-image-preview":"max-image-preview:large","max-video-preview":"max-video-preview:-1"},"canonical":"https:\/\/unasp.br\/noticias\/depois-de-seis-meses-universitarios-voltam-ao-campus-no-drive-life\/","og_locale":"pt_BR","og_type":"article","og_title":"Depois de seis meses universit\u00e1rios voltam ao campus no Drive Life - UNASP Noticias","og_description":"O Unasp Hortol\u00e2ndia realizou um Drive Life para os alunos da gradua\u00e7\u00e3o que h\u00e1 seis meses n\u00e3o entravam no campus. Assim puderam rever amigos e professores.","og_url":"https:\/\/unasp.br\/noticias\/depois-de-seis-meses-universitarios-voltam-ao-campus-no-drive-life\/","og_site_name":"UNASP Noticias","article_published_time":"2020-09-29T12:11:18+00:00","article_modified_time":"2020-09-29T12:11:21+00:00","og_image":[{"width":1280,"height":853,"url":"https:\/\/cdn.unasp.br\/noticias\/wp-content\/uploads\/2020\/09\/29060201\/WhatsApp-Image-2020-09-28-at-10.17.17.jpeg","type":"image\/jpeg"}],"author":"Maria da Gl\u00f3ria Marques de Paula Barreto","twitter_card":"summary_large_image","twitter_misc":{"Escrito por":"Maria da Gl\u00f3ria Marques de Paula Barreto","Est. tempo de leitura":"2 minutos"},"schema":{"@context":"https:\/\/schema.org","@graph":[{"@type":"Article","@id":"https:\/\/unasp.br\/noticias\/depois-de-seis-meses-universitarios-voltam-ao-campus-no-drive-life\/#article","isPartOf":{"@id":"https:\/\/unasp.br\/noticias\/depois-de-seis-meses-universitarios-voltam-ao-campus-no-drive-life\/"},"author":{"name":"Maria da Gl\u00f3ria Marques de Paula Barreto","@id":"https:\/\/unasp.br\/noticias\/#\/schema\/person\/f3393a032491eabc46fadb3656375334"},"headline":"Depois de seis meses universit\u00e1rios voltam ao campus no Drive Life","datePublished":"2020-09-29T12:11:18+00:00","dateModified":"2020-09-29T12:11:21+00:00","mainEntityOfPage":{"@id":"https:\/\/unasp.br\/noticias\/depois-de-seis-meses-universitarios-voltam-ao-campus-no-drive-life\/"},"wordCount":493,"commentCount":0,"publisher":{"@id":"https:\/\/unasp.br\/noticias\/#organization"},"image":{"@id":"https:\/\/unasp.br\/noticias\/depois-de-seis-meses-universitarios-voltam-ao-campus-no-drive-life\/#primaryimage"},"thumbnailUrl":"https:\/\/cdn.unasp.br\/noticias\/wp-content\/uploads\/2020\/09\/29060201\/WhatsApp-Image-2020-09-28-at-10.17.17.jpeg","articleSection":["Acontece no UNASP"],"inLanguage":"pt-BR","potentialAction":[{"@type":"CommentAction","name":"Comment","target":["https:\/\/unasp.br\/noticias\/depois-de-seis-meses-universitarios-voltam-ao-campus-no-drive-life\/#respond"]}]},{"@type":"WebPage","@id":"https:\/\/unasp.br\/noticias\/depois-de-seis-meses-universitarios-voltam-ao-campus-no-drive-life\/","url":"https:\/\/unasp.br\/noticias\/depois-de-seis-meses-universitarios-voltam-ao-campus-no-drive-life\/","name":"Depois de seis meses universit\u00e1rios voltam ao campus no Drive Life - UNASP Noticias","isPartOf":{"@id":"https:\/\/unasp.br\/noticias\/#website"},"primaryImageOfPage":{"@id":"https:\/\/unasp.br\/noticias\/depois-de-seis-meses-universitarios-voltam-ao-campus-no-drive-life\/#primaryimage"},"image":{"@id":"https:\/\/unasp.br\/noticias\/depois-de-seis-meses-universitarios-voltam-ao-campus-no-drive-life\/#primaryimage"},"thumbnailUrl":"https:\/\/cdn.unasp.br\/noticias\/wp-content\/uploads\/2020\/09\/29060201\/WhatsApp-Image-2020-09-28-at-10.17.17.jpeg","datePublished":"2020-09-29T12:11:18+00:00","dateModified":"2020-09-29T12:11:21+00:00","description":"O Unasp Hortol\u00e2ndia realizou um Drive Life para os alunos da gradua\u00e7\u00e3o que h\u00e1 seis meses n\u00e3o entravam no campus. Assim puderam rever amigos e professores.","breadcrumb":{"@id":"https:\/\/unasp.br\/noticias\/depois-de-seis-meses-universitarios-voltam-ao-campus-no-drive-life\/#breadcrumb"},"inLanguage":"pt-BR","potentialAction":[{"@type":"ReadAction","target":["https:\/\/unasp.br\/noticias\/depois-de-seis-meses-universitarios-voltam-ao-campus-no-drive-life\/"]}]},{"@type":"ImageObject","inLanguage":"pt-BR","@id":"https:\/\/unasp.br\/noticias\/depois-de-seis-meses-universitarios-voltam-ao-campus-no-drive-life\/#primaryimage","url":"https:\/\/cdn.unasp.br\/noticias\/wp-content\/uploads\/2020\/09\/29060201\/WhatsApp-Image-2020-09-28-at-10.17.17.jpeg","contentUrl":"https:\/\/cdn.unasp.br\/noticias\/wp-content\/uploads\/2020\/09\/29060201\/WhatsApp-Image-2020-09-28-at-10.17.17.jpeg","width":1280,"height":853},{"@type":"BreadcrumbList","@id":"https:\/\/unasp.br\/noticias\/depois-de-seis-meses-universitarios-voltam-ao-campus-no-drive-life\/#breadcrumb","itemListElement":[{"@type":"ListItem","position":1,"name":"In\u00edcio","item":"https:\/\/unasp.br\/noticias\/"},{"@type":"ListItem","position":2,"name":"Depois de seis meses universit\u00e1rios voltam ao campus no Drive Life"}]},{"@type":"WebSite","@id":"https:\/\/unasp.br\/noticias\/#website","url":"https:\/\/unasp.br\/noticias\/","name":"UNASP Noticias","description":"Centro Universit\u00e1rio Adventista de S\u00e3o Paulo","publisher":{"@id":"https:\/\/unasp.br\/noticias\/#organization"},"potentialAction":[{"@type":"SearchAction","target":{"@type":"EntryPoint","urlTemplate":"https:\/\/unasp.br\/noticias\/?s={search_term_string}"},"query-input":{"@type":"PropertyValueSpecification","valueRequired":true,"valueName":"search_term_string"}}],"inLanguage":"pt-BR"},{"@type":"Organization","@id":"https:\/\/unasp.br\/noticias\/#organization","name":"UNASP Noticias","url":"https:\/\/unasp.br\/noticias\/","logo":{"@type":"ImageObject","inLanguage":"pt-BR","@id":"https:\/\/unasp.br\/noticias\/#\/schema\/logo\/image\/","url":"https:\/\/cdn.unasp.br\/noticias\/wp-content\/uploads\/2021\/09\/09152724\/logo-unasp-news.png","contentUrl":"https:\/\/cdn.unasp.br\/noticias\/wp-content\/uploads\/2021\/09\/09152724\/logo-unasp-news.png","width":240,"height":41,"caption":"UNASP Noticias"},"image":{"@id":"https:\/\/unasp.br\/noticias\/#\/schema\/logo\/image\/"}},{"@type":"Person","@id":"https:\/\/unasp.br\/noticias\/#\/schema\/person\/f3393a032491eabc46fadb3656375334","name":"Maria da Gl\u00f3ria Marques de Paula Barreto","image":{"@type":"ImageObject","inLanguage":"pt-BR","@id":"https:\/\/unasp.br\/noticias\/#\/schema\/person\/image\/","url":"https:\/\/secure.gravatar.com\/avatar\/3c23babfa2a847f4ce1e1403fe341fa3?s=96&d=mm&r=g","contentUrl":"https:\/\/secure.gravatar.com\/avatar\/3c23babfa2a847f4ce1e1403fe341fa3?s=96&d=mm&r=g","caption":"Maria da Gl\u00f3ria Marques de Paula Barreto"},"url":"https:\/\/unasp.br\/noticias\/author\/gloria-barretoadventistas-org\/"}]}},"_links":{"self":[{"href":"https:\/\/unasp.br\/noticias\/wp-json\/wp\/v2\/posts\/91167"}],"collection":[{"href":"https:\/\/unasp.br\/noticias\/wp-json\/wp\/v2\/posts"}],"about":[{"href":"https:\/\/unasp.br\/noticias\/wp-json\/wp\/v2\/types\/post"}],"author":[{"embeddable":true,"href":"https:\/\/unasp.br\/noticias\/wp-json\/wp\/v2\/users\/73"}],"replies":[{"embeddable":true,"href":"https:\/\/unasp.br\/noticias\/wp-json\/wp\/v2\/comments?post=91167"}],"version-history":[{"count":2,"href":"https:\/\/unasp.br\/noticias\/wp-json\/wp\/v2\/posts\/91167\/revisions"}],"predecessor-version":[{"id":91180,"href":"https:\/\/unasp.br\/noticias\/wp-json\/wp\/v2\/posts\/91167\/revisions\/91180"}],"wp:featuredmedia":[{"embeddable":true,"href":"https:\/\/unasp.br\/noticias\/wp-json\/wp\/v2\/media\/91177"}],"wp:attachment":[{"href":"https:\/\/unasp.br\/noticias\/wp-json\/wp\/v2\/media?parent=91167"}],"wp:term":[{"taxonomy":"category","embeddable":true,"href":"https:\/\/unasp.br\/noticias\/wp-json\/wp\/v2\/categories?post=91167"},{"taxonomy":"post_tag","embeddable":true,"href":"https:\/\/unasp.br\/noticias\/wp-json\/wp\/v2\/tags?post=91167"}],"curies":[{"name":"wp","href":"https:\/\/api.w.org\/{rel}","templated":true}]}}