{"id":91582,"date":"2020-11-15T19:48:39","date_gmt":"2020-11-15T22:48:39","guid":{"rendered":"https:\/\/www.unasp.br\/noticias\/?p=91582"},"modified":"2020-11-15T19:48:39","modified_gmt":"2020-11-15T22:48:39","slug":"merito-academico-homenageia-pais-pelo-desempenho-academico-dos-filhos-na-pandemia","status":"publish","type":"post","link":"https:\/\/unasp.br\/noticias\/merito-academico-homenageia-pais-pelo-desempenho-academico-dos-filhos-na-pandemia\/","title":{"rendered":"M\u00e9rito Acad\u00eamico homenageia pais pelo desempenho acad\u00eamico dos filhos na pandemia"},"content":{"rendered":"\n<p>Em uma edi\u00e7\u00e3o in\u00e9dita o M\u00e9rito Acad\u00eamico do <a href=\"https:\/\/colegio.unasp.br\/\" target=\"_blank\" rel=\"noreferrer noopener\" aria-label=\"Col\u00e9gio UNASP Hortol\u00e2ndia (abre numa nova aba)\">Col\u00e9gio UNASP Hortol\u00e2ndia<\/a> n\u00e3o premiou os estudantes com medalhas de acordo com suas m\u00e9dias anuais. Desta vez, homenageou a fam\u00edlia junto aos alunos, em reconhecimento ao trabalho essencial que os pais t\u00eam realizado na quarentena, enquanto seus filhos t\u00eam estudado em casa e dependem ainda mais de apoio. <\/p>\n\n\n\n<h2 class=\"wp-block-heading\">M\u00e9rito vers\u00e3o 2020<\/h2>\n\n\n\n<p>De acordo com a orientadora educacional do Ensino M\u00e9dio o evento se adaptou a nova realidade educacional. \u201cEsse \u00e9 um ano diferente. Durante a pandemia, todos tiveram que se reinventar e na fam\u00edlia n\u00e3o foi diferente. Ela teve que providenciar celular, computador, internet, para os alunos. A fam\u00edlia foi grandiosa. Por isso escolhemos homenagear os alunos e as fam\u00edlias\u201d, descreveu M\u00e1rcia. <\/p>\n\n\n\n<figure class=\"wp-block-image size-large\"><img loading=\"lazy\" decoding=\"async\" width=\"1024\" height=\"682\" src=\"https:\/\/www.unasp.br\/noticias\/wp-content\/uploads\/2020\/11\/WhatsApp-Image-2020-11-11-at-09.39.53-1-1024x682.jpeg\" alt=\"Fam\u00edlia segurando o certificado do M\u00e9rito Acad\u00eamico.\" class=\"wp-image-91602\" srcset=\"https:\/\/cdn.unasp.br\/noticias\/wp-content\/uploads\/2020\/11\/15162714\/WhatsApp-Image-2020-11-11-at-09.39.53-1-1024x682.jpeg 1024w, https:\/\/cdn.unasp.br\/noticias\/wp-content\/uploads\/2020\/11\/15162714\/WhatsApp-Image-2020-11-11-at-09.39.53-1-300x200.jpeg 300w, https:\/\/cdn.unasp.br\/noticias\/wp-content\/uploads\/2020\/11\/15162714\/WhatsApp-Image-2020-11-11-at-09.39.53-1-768x512.jpeg 768w, https:\/\/cdn.unasp.br\/noticias\/wp-content\/uploads\/2020\/11\/15162714\/WhatsApp-Image-2020-11-11-at-09.39.53-1-900x600.jpeg 900w, https:\/\/cdn.unasp.br\/noticias\/wp-content\/uploads\/2020\/11\/15162714\/WhatsApp-Image-2020-11-11-at-09.39.53-1-1200x800.jpeg 1200w, https:\/\/cdn.unasp.br\/noticias\/wp-content\/uploads\/2020\/11\/15162714\/WhatsApp-Image-2020-11-11-at-09.39.53-1-1080x720.jpeg 1080w, https:\/\/cdn.unasp.br\/noticias\/wp-content\/uploads\/2020\/11\/15162714\/WhatsApp-Image-2020-11-11-at-09.39.53-1-800x533.jpeg 800w, https:\/\/cdn.unasp.br\/noticias\/wp-content\/uploads\/2020\/11\/15162714\/WhatsApp-Image-2020-11-11-at-09.39.53-1-750x500.jpeg 750w, https:\/\/cdn.unasp.br\/noticias\/wp-content\/uploads\/2020\/11\/15162714\/WhatsApp-Image-2020-11-11-at-09.39.53-1-720x480.jpeg 720w, https:\/\/cdn.unasp.br\/noticias\/wp-content\/uploads\/2020\/11\/15162714\/WhatsApp-Image-2020-11-11-at-09.39.53-1-420x280.jpeg 420w, https:\/\/cdn.unasp.br\/noticias\/wp-content\/uploads\/2020\/11\/15162714\/WhatsApp-Image-2020-11-11-at-09.39.53-1-500x333.jpeg 500w, https:\/\/cdn.unasp.br\/noticias\/wp-content\/uploads\/2020\/11\/15162714\/WhatsApp-Image-2020-11-11-at-09.39.53-1-400x267.jpeg 400w, https:\/\/cdn.unasp.br\/noticias\/wp-content\/uploads\/2020\/11\/15162714\/WhatsApp-Image-2020-11-11-at-09.39.53-1-375x250.jpeg 375w, https:\/\/cdn.unasp.br\/noticias\/wp-content\/uploads\/2020\/11\/15162714\/WhatsApp-Image-2020-11-11-at-09.39.53-1-225x150.jpeg 225w, https:\/\/cdn.unasp.br\/noticias\/wp-content\/uploads\/2020\/11\/15162714\/WhatsApp-Image-2020-11-11-at-09.39.53-1-175x117.jpeg 175w, https:\/\/cdn.unasp.br\/noticias\/wp-content\/uploads\/2020\/11\/15162714\/WhatsApp-Image-2020-11-11-at-09.39.53-1-200x133.jpeg 200w, https:\/\/cdn.unasp.br\/noticias\/wp-content\/uploads\/2020\/11\/15162714\/WhatsApp-Image-2020-11-11-at-09.39.53-1.jpeg 1280w\" sizes=\"(max-width: 1024px) 100vw, 1024px\" \/><figcaption>Fam\u00edlia recebendo o certificado de reconhecimento do M\u00e9rito Acad\u00eamico.<\/figcaption><\/figure>\n\n\n\n<h2 class=\"wp-block-heading\"><strong>Edi\u00e7\u00f5es do M\u00e9rito\nAcad\u00eamico<\/strong><\/h2>\n\n\n\n<p>\u201cO M\u00e9rito Acad\u00eamico \u00e9 um evento que acontece no Unasp Hortol\u00e2ndia h\u00e1 quatro anos, onde n\u00f3s premiamos os alunos conforme seu desempenho acad\u00eamico, que \u00e9 classificado em bronze, prata, ouro e diamante\u201d, conta o diretor escolar, Marcel Barreto. Ainda explicando sobre o c\u00e1lculo das categorias, o diretor acrescentou que o pr\u00eamio \u00e9 computado de acordo com a m\u00e9dia anual e partindo da nota sete. <\/p>\n\n\n\n<p>A estudante Kaliane Soares do s\u00e9timo ano, disse que gostou muito de participar do M\u00e9rito Acad\u00eamico em 2019, mas pensa que essa edi\u00e7\u00e3o foi muito interessante. \u201cAchei legal e criativo, pois nos anos anteriores s\u00f3 eu era homenageada, sendo que minha fam\u00edlia tinha grande participa\u00e7\u00e3o no meu sucesso. N\u00e3o me importo em receber o certificado ou a medalha, os dois me deixaram muito feliz\u201d, celebrou a estudante. <\/p>\n\n\n\n<h2 class=\"wp-block-heading\"><strong>Fam\u00edlias no tapete\nvermelho<\/strong><\/h2>\n\n\n\n<p>Por causa da pandemia a premia\u00e7\u00e3o aconteceu de forma separada e no p\u00e1tio do col\u00e9gio, uma vez que o lugar possui maior ventila\u00e7\u00e3o natural. Cada fam\u00edlia era homenageada passando pelo tapete vermelho e recebendo um quadro com o certificado nominal que era entregue pelos professores. <\/p>\n\n\n\n<figure class=\"wp-block-image size-large\"><img loading=\"lazy\" decoding=\"async\" width=\"1024\" height=\"682\" src=\"https:\/\/www.unasp.br\/noticias\/wp-content\/uploads\/2020\/11\/WhatsApp-Image-2020-11-11-at-09.41.22-1024x682.jpeg\" alt=\"Aluno recebendo o certificado do professor no tapete vermelho.\" class=\"wp-image-91603\" srcset=\"https:\/\/cdn.unasp.br\/noticias\/wp-content\/uploads\/2020\/11\/15163030\/WhatsApp-Image-2020-11-11-at-09.41.22-1024x682.jpeg 1024w, https:\/\/cdn.unasp.br\/noticias\/wp-content\/uploads\/2020\/11\/15163030\/WhatsApp-Image-2020-11-11-at-09.41.22-300x200.jpeg 300w, https:\/\/cdn.unasp.br\/noticias\/wp-content\/uploads\/2020\/11\/15163030\/WhatsApp-Image-2020-11-11-at-09.41.22-768x512.jpeg 768w, https:\/\/cdn.unasp.br\/noticias\/wp-content\/uploads\/2020\/11\/15163030\/WhatsApp-Image-2020-11-11-at-09.41.22-900x600.jpeg 900w, https:\/\/cdn.unasp.br\/noticias\/wp-content\/uploads\/2020\/11\/15163030\/WhatsApp-Image-2020-11-11-at-09.41.22-1200x800.jpeg 1200w, https:\/\/cdn.unasp.br\/noticias\/wp-content\/uploads\/2020\/11\/15163030\/WhatsApp-Image-2020-11-11-at-09.41.22-1080x720.jpeg 1080w, https:\/\/cdn.unasp.br\/noticias\/wp-content\/uploads\/2020\/11\/15163030\/WhatsApp-Image-2020-11-11-at-09.41.22-800x533.jpeg 800w, https:\/\/cdn.unasp.br\/noticias\/wp-content\/uploads\/2020\/11\/15163030\/WhatsApp-Image-2020-11-11-at-09.41.22-750x500.jpeg 750w, https:\/\/cdn.unasp.br\/noticias\/wp-content\/uploads\/2020\/11\/15163030\/WhatsApp-Image-2020-11-11-at-09.41.22-720x480.jpeg 720w, https:\/\/cdn.unasp.br\/noticias\/wp-content\/uploads\/2020\/11\/15163030\/WhatsApp-Image-2020-11-11-at-09.41.22-420x280.jpeg 420w, https:\/\/cdn.unasp.br\/noticias\/wp-content\/uploads\/2020\/11\/15163030\/WhatsApp-Image-2020-11-11-at-09.41.22-500x333.jpeg 500w, https:\/\/cdn.unasp.br\/noticias\/wp-content\/uploads\/2020\/11\/15163030\/WhatsApp-Image-2020-11-11-at-09.41.22-400x267.jpeg 400w, https:\/\/cdn.unasp.br\/noticias\/wp-content\/uploads\/2020\/11\/15163030\/WhatsApp-Image-2020-11-11-at-09.41.22-375x250.jpeg 375w, https:\/\/cdn.unasp.br\/noticias\/wp-content\/uploads\/2020\/11\/15163030\/WhatsApp-Image-2020-11-11-at-09.41.22-225x150.jpeg 225w, https:\/\/cdn.unasp.br\/noticias\/wp-content\/uploads\/2020\/11\/15163030\/WhatsApp-Image-2020-11-11-at-09.41.22-175x117.jpeg 175w, https:\/\/cdn.unasp.br\/noticias\/wp-content\/uploads\/2020\/11\/15163030\/WhatsApp-Image-2020-11-11-at-09.41.22-200x133.jpeg 200w, https:\/\/cdn.unasp.br\/noticias\/wp-content\/uploads\/2020\/11\/15163030\/WhatsApp-Image-2020-11-11-at-09.41.22.jpeg 1280w\" sizes=\"(max-width: 1024px) 100vw, 1024px\" \/><figcaption>Aluno recebendo o certificado das m\u00e3os do professor no tapete vermelho.<\/figcaption><\/figure>\n\n\n\n<p>Ana Maria Peixoto, que \u00e9 m\u00e3e de alunos dois estudantes do Col\u00e9gio UNASP achou o projeto diferente e gostou da surpresa e da valoriza\u00e7\u00e3o do papel dos pais na aprendizagem home office. \u201cFoi muito bacana o Unasp agregar as fam\u00edlias na homenagem. Est\u00e1 sendo um ano muito dif\u00edcil, por isso eu acho que todos os pais ficaram felizes em serem reconhecidos pela escola e pelos filhos nesta noite. Eu, pelo menos, fiquei muito feliz\u201d, agradeceu Ana. <\/p>\n\n\n\n<h2 class=\"wp-block-heading\">Protocolos de sa\u00fade no evento<\/h2>\n\n\n\n<p>Ainda sobre os cuidados com a pandemia o diretor explicou que todo o planejamento e execu\u00e7\u00e3o do evento levou em conta os cuidados preventivos \u00e0 transmiss\u00e3o do coronav\u00edrus. \u201cNa quest\u00e3o de sa\u00fade, n\u00f3s tivemos todo o cuidado para que houvesse um distanciamento nas filas, e assim, a fam\u00edlia se sentisse tranquila. Os protocolos de sa\u00fade foram seguidos e o \u00fanico momento em que eles tiram a m\u00e1scara \u00e9 na hora da foto. Com isso, pudemos aproveitar este evento com seguran\u00e7a. E estamos muito felizes de recebermos as fam\u00edlias do UNASP Hortol\u00e2ndia nessa noite\u201d, informou Barreto. <\/p>\n","protected":false},"excerpt":{"rendered":"<p>O evento do M\u00e9rito Acad\u00eamico 2020 do Col\u00e9gio Unasp Hortol\u00e2ndia homenageou as fam\u00edlias pelo bom desempenho acad\u00eamico dos alunos durante a pandemia.<\/p>\n","protected":false},"author":73,"featured_media":91602,"comment_status":"open","ping_status":"open","sticky":false,"template":"","format":"standard","meta":{"footnotes":""},"categories":[6],"tags":[],"yoast_head":"<!-- This site is optimized with the Yoast SEO plugin v23.5 - https:\/\/yoast.com\/wordpress\/plugins\/seo\/ -->\n<title>M\u00e9rito Acad\u00eamico homenageia pais pelo desempenho acad\u00eamico dos filhos na pandemia - UNASP Noticias<\/title>\n<meta name=\"description\" content=\"O evento do M\u00e9rito Acad\u00eamico 2020 do Col\u00e9gio Unasp Hortol\u00e2ndia homenageou as fam\u00edlias pelo bom desempenho acad\u00eamico dos alunos durante a pandemia.\" \/>\n<meta name=\"robots\" content=\"index, follow, max-snippet:-1, max-image-preview:large, max-video-preview:-1\" \/>\n<link rel=\"canonical\" href=\"https:\/\/unasp.br\/noticias\/merito-academico-homenageia-pais-pelo-desempenho-academico-dos-filhos-na-pandemia\/\" \/>\n<meta property=\"og:locale\" content=\"pt_BR\" \/>\n<meta property=\"og:type\" content=\"article\" \/>\n<meta property=\"og:title\" content=\"M\u00e9rito Acad\u00eamico homenageia pais pelo desempenho acad\u00eamico dos filhos na pandemia - UNASP Noticias\" \/>\n<meta property=\"og:description\" content=\"O evento do M\u00e9rito Acad\u00eamico 2020 do Col\u00e9gio Unasp Hortol\u00e2ndia homenageou as fam\u00edlias pelo bom desempenho acad\u00eamico dos alunos durante a pandemia.\" \/>\n<meta property=\"og:url\" content=\"https:\/\/unasp.br\/noticias\/merito-academico-homenageia-pais-pelo-desempenho-academico-dos-filhos-na-pandemia\/\" \/>\n<meta property=\"og:site_name\" content=\"UNASP Noticias\" \/>\n<meta property=\"article:published_time\" content=\"2020-11-15T22:48:39+00:00\" \/>\n<meta property=\"og:image\" content=\"https:\/\/cdn.unasp.br\/noticias\/wp-content\/uploads\/2020\/11\/15162714\/WhatsApp-Image-2020-11-11-at-09.39.53-1.jpeg\" \/>\n\t<meta property=\"og:image:width\" content=\"1280\" \/>\n\t<meta property=\"og:image:height\" content=\"853\" \/>\n\t<meta property=\"og:image:type\" content=\"image\/jpeg\" \/>\n<meta name=\"author\" content=\"Maria da Gl\u00f3ria Marques de Paula Barreto\" \/>\n<meta name=\"twitter:card\" content=\"summary_large_image\" \/>\n<meta name=\"twitter:label1\" content=\"Escrito por\" \/>\n\t<meta name=\"twitter:data1\" content=\"Maria da Gl\u00f3ria Marques de Paula Barreto\" \/>\n\t<meta name=\"twitter:label2\" content=\"Est. tempo de leitura\" \/>\n\t<meta name=\"twitter:data2\" content=\"3 minutos\" \/>\n<script type=\"application\/ld+json\" class=\"yoast-schema-graph\">{\"@context\":\"https:\/\/schema.org\",\"@graph\":[{\"@type\":\"Article\",\"@id\":\"https:\/\/unasp.br\/noticias\/merito-academico-homenageia-pais-pelo-desempenho-academico-dos-filhos-na-pandemia\/#article\",\"isPartOf\":{\"@id\":\"https:\/\/unasp.br\/noticias\/merito-academico-homenageia-pais-pelo-desempenho-academico-dos-filhos-na-pandemia\/\"},\"author\":{\"name\":\"Maria da Gl\u00f3ria Marques de Paula Barreto\",\"@id\":\"https:\/\/unasp.br\/noticias\/#\/schema\/person\/f3393a032491eabc46fadb3656375334\"},\"headline\":\"M\u00e9rito Acad\u00eamico homenageia pais pelo desempenho acad\u00eamico dos filhos na pandemia\",\"datePublished\":\"2020-11-15T22:48:39+00:00\",\"dateModified\":\"2020-11-15T22:48:39+00:00\",\"mainEntityOfPage\":{\"@id\":\"https:\/\/unasp.br\/noticias\/merito-academico-homenageia-pais-pelo-desempenho-academico-dos-filhos-na-pandemia\/\"},\"wordCount\":570,\"commentCount\":0,\"publisher\":{\"@id\":\"https:\/\/unasp.br\/noticias\/#organization\"},\"image\":{\"@id\":\"https:\/\/unasp.br\/noticias\/merito-academico-homenageia-pais-pelo-desempenho-academico-dos-filhos-na-pandemia\/#primaryimage\"},\"thumbnailUrl\":\"https:\/\/cdn.unasp.br\/noticias\/wp-content\/uploads\/2020\/11\/15162714\/WhatsApp-Image-2020-11-11-at-09.39.53-1.jpeg\",\"articleSection\":[\"Acontece no UNASP\"],\"inLanguage\":\"pt-BR\",\"potentialAction\":[{\"@type\":\"CommentAction\",\"name\":\"Comment\",\"target\":[\"https:\/\/unasp.br\/noticias\/merito-academico-homenageia-pais-pelo-desempenho-academico-dos-filhos-na-pandemia\/#respond\"]}]},{\"@type\":\"WebPage\",\"@id\":\"https:\/\/unasp.br\/noticias\/merito-academico-homenageia-pais-pelo-desempenho-academico-dos-filhos-na-pandemia\/\",\"url\":\"https:\/\/unasp.br\/noticias\/merito-academico-homenageia-pais-pelo-desempenho-academico-dos-filhos-na-pandemia\/\",\"name\":\"M\u00e9rito Acad\u00eamico homenageia pais pelo desempenho acad\u00eamico dos filhos na pandemia - UNASP Noticias\",\"isPartOf\":{\"@id\":\"https:\/\/unasp.br\/noticias\/#website\"},\"primaryImageOfPage\":{\"@id\":\"https:\/\/unasp.br\/noticias\/merito-academico-homenageia-pais-pelo-desempenho-academico-dos-filhos-na-pandemia\/#primaryimage\"},\"image\":{\"@id\":\"https:\/\/unasp.br\/noticias\/merito-academico-homenageia-pais-pelo-desempenho-academico-dos-filhos-na-pandemia\/#primaryimage\"},\"thumbnailUrl\":\"https:\/\/cdn.unasp.br\/noticias\/wp-content\/uploads\/2020\/11\/15162714\/WhatsApp-Image-2020-11-11-at-09.39.53-1.jpeg\",\"datePublished\":\"2020-11-15T22:48:39+00:00\",\"dateModified\":\"2020-11-15T22:48:39+00:00\",\"description\":\"O evento do M\u00e9rito Acad\u00eamico 2020 do Col\u00e9gio Unasp Hortol\u00e2ndia homenageou as fam\u00edlias pelo bom desempenho acad\u00eamico dos alunos durante a pandemia.\",\"breadcrumb\":{\"@id\":\"https:\/\/unasp.br\/noticias\/merito-academico-homenageia-pais-pelo-desempenho-academico-dos-filhos-na-pandemia\/#breadcrumb\"},\"inLanguage\":\"pt-BR\",\"potentialAction\":[{\"@type\":\"ReadAction\",\"target\":[\"https:\/\/unasp.br\/noticias\/merito-academico-homenageia-pais-pelo-desempenho-academico-dos-filhos-na-pandemia\/\"]}]},{\"@type\":\"ImageObject\",\"inLanguage\":\"pt-BR\",\"@id\":\"https:\/\/unasp.br\/noticias\/merito-academico-homenageia-pais-pelo-desempenho-academico-dos-filhos-na-pandemia\/#primaryimage\",\"url\":\"https:\/\/cdn.unasp.br\/noticias\/wp-content\/uploads\/2020\/11\/15162714\/WhatsApp-Image-2020-11-11-at-09.39.53-1.jpeg\",\"contentUrl\":\"https:\/\/cdn.unasp.br\/noticias\/wp-content\/uploads\/2020\/11\/15162714\/WhatsApp-Image-2020-11-11-at-09.39.53-1.jpeg\",\"width\":1280,\"height\":853},{\"@type\":\"BreadcrumbList\",\"@id\":\"https:\/\/unasp.br\/noticias\/merito-academico-homenageia-pais-pelo-desempenho-academico-dos-filhos-na-pandemia\/#breadcrumb\",\"itemListElement\":[{\"@type\":\"ListItem\",\"position\":1,\"name\":\"In\u00edcio\",\"item\":\"https:\/\/unasp.br\/noticias\/\"},{\"@type\":\"ListItem\",\"position\":2,\"name\":\"M\u00e9rito Acad\u00eamico homenageia pais pelo desempenho acad\u00eamico dos filhos na pandemia\"}]},{\"@type\":\"WebSite\",\"@id\":\"https:\/\/unasp.br\/noticias\/#website\",\"url\":\"https:\/\/unasp.br\/noticias\/\",\"name\":\"UNASP Noticias\",\"description\":\"Centro Universit\u00e1rio Adventista de S\u00e3o Paulo\",\"publisher\":{\"@id\":\"https:\/\/unasp.br\/noticias\/#organization\"},\"potentialAction\":[{\"@type\":\"SearchAction\",\"target\":{\"@type\":\"EntryPoint\",\"urlTemplate\":\"https:\/\/unasp.br\/noticias\/?s={search_term_string}\"},\"query-input\":{\"@type\":\"PropertyValueSpecification\",\"valueRequired\":true,\"valueName\":\"search_term_string\"}}],\"inLanguage\":\"pt-BR\"},{\"@type\":\"Organization\",\"@id\":\"https:\/\/unasp.br\/noticias\/#organization\",\"name\":\"UNASP Noticias\",\"url\":\"https:\/\/unasp.br\/noticias\/\",\"logo\":{\"@type\":\"ImageObject\",\"inLanguage\":\"pt-BR\",\"@id\":\"https:\/\/unasp.br\/noticias\/#\/schema\/logo\/image\/\",\"url\":\"https:\/\/cdn.unasp.br\/noticias\/wp-content\/uploads\/2021\/09\/09152724\/logo-unasp-news.png\",\"contentUrl\":\"https:\/\/cdn.unasp.br\/noticias\/wp-content\/uploads\/2021\/09\/09152724\/logo-unasp-news.png\",\"width\":240,\"height\":41,\"caption\":\"UNASP Noticias\"},\"image\":{\"@id\":\"https:\/\/unasp.br\/noticias\/#\/schema\/logo\/image\/\"}},{\"@type\":\"Person\",\"@id\":\"https:\/\/unasp.br\/noticias\/#\/schema\/person\/f3393a032491eabc46fadb3656375334\",\"name\":\"Maria da Gl\u00f3ria Marques de Paula Barreto\",\"image\":{\"@type\":\"ImageObject\",\"inLanguage\":\"pt-BR\",\"@id\":\"https:\/\/unasp.br\/noticias\/#\/schema\/person\/image\/\",\"url\":\"https:\/\/secure.gravatar.com\/avatar\/3c23babfa2a847f4ce1e1403fe341fa3?s=96&d=mm&r=g\",\"contentUrl\":\"https:\/\/secure.gravatar.com\/avatar\/3c23babfa2a847f4ce1e1403fe341fa3?s=96&d=mm&r=g\",\"caption\":\"Maria da Gl\u00f3ria Marques de Paula Barreto\"},\"url\":\"https:\/\/unasp.br\/noticias\/author\/gloria-barretoadventistas-org\/\"}]}<\/script>\n<!-- \/ Yoast SEO plugin. -->","yoast_head_json":{"title":"M\u00e9rito Acad\u00eamico homenageia pais pelo desempenho acad\u00eamico dos filhos na pandemia - UNASP Noticias","description":"O evento do M\u00e9rito Acad\u00eamico 2020 do Col\u00e9gio Unasp Hortol\u00e2ndia homenageou as fam\u00edlias pelo bom desempenho acad\u00eamico dos alunos durante a pandemia.","robots":{"index":"index","follow":"follow","max-snippet":"max-snippet:-1","max-image-preview":"max-image-preview:large","max-video-preview":"max-video-preview:-1"},"canonical":"https:\/\/unasp.br\/noticias\/merito-academico-homenageia-pais-pelo-desempenho-academico-dos-filhos-na-pandemia\/","og_locale":"pt_BR","og_type":"article","og_title":"M\u00e9rito Acad\u00eamico homenageia pais pelo desempenho acad\u00eamico dos filhos na pandemia - UNASP Noticias","og_description":"O evento do M\u00e9rito Acad\u00eamico 2020 do Col\u00e9gio Unasp Hortol\u00e2ndia homenageou as fam\u00edlias pelo bom desempenho acad\u00eamico dos alunos durante a pandemia.","og_url":"https:\/\/unasp.br\/noticias\/merito-academico-homenageia-pais-pelo-desempenho-academico-dos-filhos-na-pandemia\/","og_site_name":"UNASP Noticias","article_published_time":"2020-11-15T22:48:39+00:00","og_image":[{"width":1280,"height":853,"url":"https:\/\/cdn.unasp.br\/noticias\/wp-content\/uploads\/2020\/11\/15162714\/WhatsApp-Image-2020-11-11-at-09.39.53-1.jpeg","type":"image\/jpeg"}],"author":"Maria da Gl\u00f3ria Marques de Paula Barreto","twitter_card":"summary_large_image","twitter_misc":{"Escrito por":"Maria da Gl\u00f3ria Marques de Paula Barreto","Est. tempo de leitura":"3 minutos"},"schema":{"@context":"https:\/\/schema.org","@graph":[{"@type":"Article","@id":"https:\/\/unasp.br\/noticias\/merito-academico-homenageia-pais-pelo-desempenho-academico-dos-filhos-na-pandemia\/#article","isPartOf":{"@id":"https:\/\/unasp.br\/noticias\/merito-academico-homenageia-pais-pelo-desempenho-academico-dos-filhos-na-pandemia\/"},"author":{"name":"Maria da Gl\u00f3ria Marques de Paula Barreto","@id":"https:\/\/unasp.br\/noticias\/#\/schema\/person\/f3393a032491eabc46fadb3656375334"},"headline":"M\u00e9rito Acad\u00eamico homenageia pais pelo desempenho acad\u00eamico dos filhos na pandemia","datePublished":"2020-11-15T22:48:39+00:00","dateModified":"2020-11-15T22:48:39+00:00","mainEntityOfPage":{"@id":"https:\/\/unasp.br\/noticias\/merito-academico-homenageia-pais-pelo-desempenho-academico-dos-filhos-na-pandemia\/"},"wordCount":570,"commentCount":0,"publisher":{"@id":"https:\/\/unasp.br\/noticias\/#organization"},"image":{"@id":"https:\/\/unasp.br\/noticias\/merito-academico-homenageia-pais-pelo-desempenho-academico-dos-filhos-na-pandemia\/#primaryimage"},"thumbnailUrl":"https:\/\/cdn.unasp.br\/noticias\/wp-content\/uploads\/2020\/11\/15162714\/WhatsApp-Image-2020-11-11-at-09.39.53-1.jpeg","articleSection":["Acontece no UNASP"],"inLanguage":"pt-BR","potentialAction":[{"@type":"CommentAction","name":"Comment","target":["https:\/\/unasp.br\/noticias\/merito-academico-homenageia-pais-pelo-desempenho-academico-dos-filhos-na-pandemia\/#respond"]}]},{"@type":"WebPage","@id":"https:\/\/unasp.br\/noticias\/merito-academico-homenageia-pais-pelo-desempenho-academico-dos-filhos-na-pandemia\/","url":"https:\/\/unasp.br\/noticias\/merito-academico-homenageia-pais-pelo-desempenho-academico-dos-filhos-na-pandemia\/","name":"M\u00e9rito Acad\u00eamico homenageia pais pelo desempenho acad\u00eamico dos filhos na pandemia - UNASP Noticias","isPartOf":{"@id":"https:\/\/unasp.br\/noticias\/#website"},"primaryImageOfPage":{"@id":"https:\/\/unasp.br\/noticias\/merito-academico-homenageia-pais-pelo-desempenho-academico-dos-filhos-na-pandemia\/#primaryimage"},"image":{"@id":"https:\/\/unasp.br\/noticias\/merito-academico-homenageia-pais-pelo-desempenho-academico-dos-filhos-na-pandemia\/#primaryimage"},"thumbnailUrl":"https:\/\/cdn.unasp.br\/noticias\/wp-content\/uploads\/2020\/11\/15162714\/WhatsApp-Image-2020-11-11-at-09.39.53-1.jpeg","datePublished":"2020-11-15T22:48:39+00:00","dateModified":"2020-11-15T22:48:39+00:00","description":"O evento do M\u00e9rito Acad\u00eamico 2020 do Col\u00e9gio Unasp Hortol\u00e2ndia homenageou as fam\u00edlias pelo bom desempenho acad\u00eamico dos alunos durante a pandemia.","breadcrumb":{"@id":"https:\/\/unasp.br\/noticias\/merito-academico-homenageia-pais-pelo-desempenho-academico-dos-filhos-na-pandemia\/#breadcrumb"},"inLanguage":"pt-BR","potentialAction":[{"@type":"ReadAction","target":["https:\/\/unasp.br\/noticias\/merito-academico-homenageia-pais-pelo-desempenho-academico-dos-filhos-na-pandemia\/"]}]},{"@type":"ImageObject","inLanguage":"pt-BR","@id":"https:\/\/unasp.br\/noticias\/merito-academico-homenageia-pais-pelo-desempenho-academico-dos-filhos-na-pandemia\/#primaryimage","url":"https:\/\/cdn.unasp.br\/noticias\/wp-content\/uploads\/2020\/11\/15162714\/WhatsApp-Image-2020-11-11-at-09.39.53-1.jpeg","contentUrl":"https:\/\/cdn.unasp.br\/noticias\/wp-content\/uploads\/2020\/11\/15162714\/WhatsApp-Image-2020-11-11-at-09.39.53-1.jpeg","width":1280,"height":853},{"@type":"BreadcrumbList","@id":"https:\/\/unasp.br\/noticias\/merito-academico-homenageia-pais-pelo-desempenho-academico-dos-filhos-na-pandemia\/#breadcrumb","itemListElement":[{"@type":"ListItem","position":1,"name":"In\u00edcio","item":"https:\/\/unasp.br\/noticias\/"},{"@type":"ListItem","position":2,"name":"M\u00e9rito Acad\u00eamico homenageia pais pelo desempenho acad\u00eamico dos filhos na pandemia"}]},{"@type":"WebSite","@id":"https:\/\/unasp.br\/noticias\/#website","url":"https:\/\/unasp.br\/noticias\/","name":"UNASP Noticias","description":"Centro Universit\u00e1rio Adventista de S\u00e3o Paulo","publisher":{"@id":"https:\/\/unasp.br\/noticias\/#organization"},"potentialAction":[{"@type":"SearchAction","target":{"@type":"EntryPoint","urlTemplate":"https:\/\/unasp.br\/noticias\/?s={search_term_string}"},"query-input":{"@type":"PropertyValueSpecification","valueRequired":true,"valueName":"search_term_string"}}],"inLanguage":"pt-BR"},{"@type":"Organization","@id":"https:\/\/unasp.br\/noticias\/#organization","name":"UNASP Noticias","url":"https:\/\/unasp.br\/noticias\/","logo":{"@type":"ImageObject","inLanguage":"pt-BR","@id":"https:\/\/unasp.br\/noticias\/#\/schema\/logo\/image\/","url":"https:\/\/cdn.unasp.br\/noticias\/wp-content\/uploads\/2021\/09\/09152724\/logo-unasp-news.png","contentUrl":"https:\/\/cdn.unasp.br\/noticias\/wp-content\/uploads\/2021\/09\/09152724\/logo-unasp-news.png","width":240,"height":41,"caption":"UNASP Noticias"},"image":{"@id":"https:\/\/unasp.br\/noticias\/#\/schema\/logo\/image\/"}},{"@type":"Person","@id":"https:\/\/unasp.br\/noticias\/#\/schema\/person\/f3393a032491eabc46fadb3656375334","name":"Maria da Gl\u00f3ria Marques de Paula Barreto","image":{"@type":"ImageObject","inLanguage":"pt-BR","@id":"https:\/\/unasp.br\/noticias\/#\/schema\/person\/image\/","url":"https:\/\/secure.gravatar.com\/avatar\/3c23babfa2a847f4ce1e1403fe341fa3?s=96&d=mm&r=g","contentUrl":"https:\/\/secure.gravatar.com\/avatar\/3c23babfa2a847f4ce1e1403fe341fa3?s=96&d=mm&r=g","caption":"Maria da Gl\u00f3ria Marques de Paula Barreto"},"url":"https:\/\/unasp.br\/noticias\/author\/gloria-barretoadventistas-org\/"}]}},"_links":{"self":[{"href":"https:\/\/unasp.br\/noticias\/wp-json\/wp\/v2\/posts\/91582"}],"collection":[{"href":"https:\/\/unasp.br\/noticias\/wp-json\/wp\/v2\/posts"}],"about":[{"href":"https:\/\/unasp.br\/noticias\/wp-json\/wp\/v2\/types\/post"}],"author":[{"embeddable":true,"href":"https:\/\/unasp.br\/noticias\/wp-json\/wp\/v2\/users\/73"}],"replies":[{"embeddable":true,"href":"https:\/\/unasp.br\/noticias\/wp-json\/wp\/v2\/comments?post=91582"}],"version-history":[{"count":2,"href":"https:\/\/unasp.br\/noticias\/wp-json\/wp\/v2\/posts\/91582\/revisions"}],"predecessor-version":[{"id":91604,"href":"https:\/\/unasp.br\/noticias\/wp-json\/wp\/v2\/posts\/91582\/revisions\/91604"}],"wp:featuredmedia":[{"embeddable":true,"href":"https:\/\/unasp.br\/noticias\/wp-json\/wp\/v2\/media\/91602"}],"wp:attachment":[{"href":"https:\/\/unasp.br\/noticias\/wp-json\/wp\/v2\/media?parent=91582"}],"wp:term":[{"taxonomy":"category","embeddable":true,"href":"https:\/\/unasp.br\/noticias\/wp-json\/wp\/v2\/categories?post=91582"},{"taxonomy":"post_tag","embeddable":true,"href":"https:\/\/unasp.br\/noticias\/wp-json\/wp\/v2\/tags?post=91582"}],"curies":[{"name":"wp","href":"https:\/\/api.w.org\/{rel}","templated":true}]}}