{"id":91632,"date":"2020-11-17T11:31:58","date_gmt":"2020-11-17T14:31:58","guid":{"rendered":"https:\/\/www.unasp.br\/noticias\/?p=91632"},"modified":"2020-11-17T11:49:06","modified_gmt":"2020-11-17T14:49:06","slug":"musical-relembra-composicoes-do-maestro-wendel-mattos","status":"publish","type":"post","link":"https:\/\/unasp.br\/noticias\/musical-relembra-composicoes-do-maestro-wendel-mattos\/","title":{"rendered":"Musical relembra composi\u00e7\u00f5es do maestro Wendel Mattos"},"content":{"rendered":"\n<p>Na noite de ontem, 15 de novembro, m\u00fasicos da <a rel=\"noreferrer noopener\" aria-label=\"Escola de Artes (abre numa nova aba)\" href=\"https:\/\/www.unasp.br\/ht\/escola-de-artes\/\" target=\"_blank\">Escola de Artes<\/a> do <a rel=\"noreferrer noopener\" aria-label=\"UNASP Hortol\u00e2ndia (abre numa nova aba)\" href=\"https:\/\/www.unasp.br\/ht\/\" target=\"_blank\">UNASP Hortol\u00e2ndia<\/a> apresentaram um musical com repert\u00f3rio exclusivo do maestro Wendel Mattos. A data marcou os 10 anos da morte do m\u00fasico, que foi professor do campus e deixou, com toda a certeza, um repert\u00f3rio musical \u00fanico como legado. O evento tamb\u00e9m foi uma oportunidade para o lan\u00e7amento do primeiro volume do acervo Wendel Mattos, com sete m\u00fasicas, um trabalho que vem sendo transcrito, bem como organizado, pelo m\u00fasico e professor do campus Rafael Lindemute.<\/p>\n\n\n\n<figure class=\"wp-block-image size-large\"><img loading=\"lazy\" decoding=\"async\" width=\"1024\" height=\"682\" src=\"https:\/\/www.unasp.br\/noticias\/wp-content\/uploads\/2020\/11\/WhatsApp-Image-2020-11-16-at-16.28.44.jpeg\" alt=\"\" class=\"wp-image-91634\" srcset=\"https:\/\/cdn.unasp.br\/noticias\/wp-content\/uploads\/2020\/11\/17082031\/WhatsApp-Image-2020-11-16-at-16.28.44.jpeg 1024w, https:\/\/cdn.unasp.br\/noticias\/wp-content\/uploads\/2020\/11\/17082031\/WhatsApp-Image-2020-11-16-at-16.28.44-300x200.jpeg 300w, https:\/\/cdn.unasp.br\/noticias\/wp-content\/uploads\/2020\/11\/17082031\/WhatsApp-Image-2020-11-16-at-16.28.44-768x512.jpeg 768w, https:\/\/cdn.unasp.br\/noticias\/wp-content\/uploads\/2020\/11\/17082031\/WhatsApp-Image-2020-11-16-at-16.28.44-901x600.jpeg 901w, https:\/\/cdn.unasp.br\/noticias\/wp-content\/uploads\/2020\/11\/17082031\/WhatsApp-Image-2020-11-16-at-16.28.44-800x533.jpeg 800w, https:\/\/cdn.unasp.br\/noticias\/wp-content\/uploads\/2020\/11\/17082031\/WhatsApp-Image-2020-11-16-at-16.28.44-750x500.jpeg 750w, https:\/\/cdn.unasp.br\/noticias\/wp-content\/uploads\/2020\/11\/17082031\/WhatsApp-Image-2020-11-16-at-16.28.44-720x480.jpeg 720w, https:\/\/cdn.unasp.br\/noticias\/wp-content\/uploads\/2020\/11\/17082031\/WhatsApp-Image-2020-11-16-at-16.28.44-420x280.jpeg 420w, https:\/\/cdn.unasp.br\/noticias\/wp-content\/uploads\/2020\/11\/17082031\/WhatsApp-Image-2020-11-16-at-16.28.44-500x333.jpeg 500w, https:\/\/cdn.unasp.br\/noticias\/wp-content\/uploads\/2020\/11\/17082031\/WhatsApp-Image-2020-11-16-at-16.28.44-400x266.jpeg 400w, https:\/\/cdn.unasp.br\/noticias\/wp-content\/uploads\/2020\/11\/17082031\/WhatsApp-Image-2020-11-16-at-16.28.44-375x250.jpeg 375w, https:\/\/cdn.unasp.br\/noticias\/wp-content\/uploads\/2020\/11\/17082031\/WhatsApp-Image-2020-11-16-at-16.28.44-225x150.jpeg 225w, https:\/\/cdn.unasp.br\/noticias\/wp-content\/uploads\/2020\/11\/17082031\/WhatsApp-Image-2020-11-16-at-16.28.44-175x117.jpeg 175w, https:\/\/cdn.unasp.br\/noticias\/wp-content\/uploads\/2020\/11\/17082031\/WhatsApp-Image-2020-11-16-at-16.28.44-200x133.jpeg 200w\" sizes=\"(max-width: 1024px) 100vw, 1024px\" \/><figcaption>Orquestra no UNAS Hortol\u00e2ndia e grupo Tom de Vida apresentam composi\u00e7\u00f5es do maestro Wendel Mattos.<\/figcaption><\/figure>\n\n\n\n<h2 class=\"wp-block-heading\"><strong>Editora musical <\/strong><\/h2>\n\n\n\n<p>Segundo Lindemute, o trabalho de\norganizar as obras do maestro Wendel Mattos surgiu da necessidade de torna-lo\nacess\u00edvel, uma vez que a maioria das m\u00fasicas n\u00e3o estavam dispon\u00edveis em\npartituras. \u201cSei que existem m\u00fasicos que n\u00e3o tocam de ouvido ou for cifras,\nent\u00e3o decidi reorganizar suas partituras para deixar seu legado vivo, afim de\nque outras pessoas pudessem conhecer\u201d, explicou Lindemute.<\/p>\n\n\n\n<p>Al\u00e9m disso, o trabalho de Lindemute tamb\u00e9m deu in\u00edcio h\u00e1 um outro projeto. \u201cCriei uma <a href=\"http:\/\/cadanota.com\/\" target=\"_blank\" rel=\"noreferrer noopener\" aria-label=\"editora (abre numa nova aba)\">editora<\/a> para que todo este trabalho, que est\u00e1 sendo compilado contenha um rigor profissional. Atrav\u00e9s da editora, iremos lan\u00e7ar tr\u00eas volumes com m\u00fasicas do Wendel. O primeiro, que j\u00e1 est\u00e1 publicado no site, conta com partituras das sete m\u00fasicas de Wendel que foram gravadas, em diferentes \u00e9pocas, pelo Tom de Vida. No <a href=\"http:\/\/cadanota.com\/\" target=\"_blank\" rel=\"noreferrer noopener\" aria-label=\"site  (abre numa nova aba)\">site <\/a>voc\u00ea pode encontrar partituras de base, partitura de vozes e a orquestra\u00e7\u00e3o\u201d, explicou o m\u00fasico. <\/p>\n\n\n\n<h2 class=\"wp-block-heading\"><strong>In memoriam<\/strong> maestro Wendel Mattos<\/h2>\n\n\n\n<p>O maestro Wendel trabalhou no UNASP campus Hortol\u00e2ndia por quase 8 anos, antes de seu falecimento em 2010, em virtude de um tumor cerebral. Ele atuou no campus como pianista, bem como regente de diversos grupos do col\u00e9gio e se tornou o principal arranjador em sua \u00e9poca. Pensando em relembrar sua obra, a programa\u00e7\u00e3o relembrou diversas de suas composi\u00e7\u00f5es que iam sendo apresentadas ora pela orquestra do campus, ora pelo grupo Tom de Vida e ora pelos cantores&nbsp;Tatiana Costa, Leonardo Gon\u00e7alves e Riane Junqueira. <\/p>\n\n\n\n<figure class=\"wp-block-image size-large\"><img loading=\"lazy\" decoding=\"async\" width=\"682\" height=\"1024\" src=\"https:\/\/www.unasp.br\/noticias\/wp-content\/uploads\/2020\/11\/WhatsApp-Image-2020-11-16-at-16.28.44-2.jpeg\" alt=\"\" class=\"wp-image-91635\" srcset=\"https:\/\/cdn.unasp.br\/noticias\/wp-content\/uploads\/2020\/11\/17082146\/WhatsApp-Image-2020-11-16-at-16.28.44-2.jpeg 682w, https:\/\/cdn.unasp.br\/noticias\/wp-content\/uploads\/2020\/11\/17082146\/WhatsApp-Image-2020-11-16-at-16.28.44-2-200x300.jpeg 200w, https:\/\/cdn.unasp.br\/noticias\/wp-content\/uploads\/2020\/11\/17082146\/WhatsApp-Image-2020-11-16-at-16.28.44-2-400x600.jpeg 400w, https:\/\/cdn.unasp.br\/noticias\/wp-content\/uploads\/2020\/11\/17082146\/WhatsApp-Image-2020-11-16-at-16.28.44-2-533x800.jpeg 533w, https:\/\/cdn.unasp.br\/noticias\/wp-content\/uploads\/2020\/11\/17082146\/WhatsApp-Image-2020-11-16-at-16.28.44-2-480x720.jpeg 480w, https:\/\/cdn.unasp.br\/noticias\/wp-content\/uploads\/2020\/11\/17082146\/WhatsApp-Image-2020-11-16-at-16.28.44-2-333x500.jpeg 333w, https:\/\/cdn.unasp.br\/noticias\/wp-content\/uploads\/2020\/11\/17082146\/WhatsApp-Image-2020-11-16-at-16.28.44-2-320x480.jpeg 320w, https:\/\/cdn.unasp.br\/noticias\/wp-content\/uploads\/2020\/11\/17082146\/WhatsApp-Image-2020-11-16-at-16.28.44-2-186x280.jpeg 186w, https:\/\/cdn.unasp.br\/noticias\/wp-content\/uploads\/2020\/11\/17082146\/WhatsApp-Image-2020-11-16-at-16.28.44-2-266x400.jpeg 266w, https:\/\/cdn.unasp.br\/noticias\/wp-content\/uploads\/2020\/11\/17082146\/WhatsApp-Image-2020-11-16-at-16.28.44-2-167x250.jpeg 167w, https:\/\/cdn.unasp.br\/noticias\/wp-content\/uploads\/2020\/11\/17082146\/WhatsApp-Image-2020-11-16-at-16.28.44-2-133x200.jpeg 133w, https:\/\/cdn.unasp.br\/noticias\/wp-content\/uploads\/2020\/11\/17082146\/WhatsApp-Image-2020-11-16-at-16.28.44-2-100x150.jpeg 100w, https:\/\/cdn.unasp.br\/noticias\/wp-content\/uploads\/2020\/11\/17082146\/WhatsApp-Image-2020-11-16-at-16.28.44-2-175x263.jpeg 175w\" sizes=\"(max-width: 682px) 100vw, 682px\" \/><figcaption>Cantor Leonardo Gon\u00e7alves participando da programa\u00e7\u00e3o. <\/figcaption><\/figure>\n\n\n\n<p>&nbsp;Jonatas Ferreira, Samuel Krahenbuhl e outros m\u00fasicos tamb\u00e9m enviaram v\u00eddeos de depoimentos, para antes de mais nada, reconhecer a contribui\u00e7\u00e3o e o valor do trabalho de Mattos. <strong>\u201c<\/strong>Apesar do tempo curto de vida dele, suas m\u00fasicas marcaram vidas que levaram e levam a mensagem da sublime esperan\u00e7a da vida eterna\u201d, comentou a diretora da <a rel=\"noreferrer noopener\" aria-label=\"Escola de Artes do UNASP  (abre numa nova aba)\" href=\"https:\/\/www.unasp.br\/ht\/escola-de-artes\/\" target=\"_blank\">Escola de Artes do UNASP <\/a>Hortol\u00e2ndia, Thatiana Lucksch.<\/p>\n\n\n\n<h2 class=\"wp-block-heading\"><strong>Mensagens em forma de can\u00e7\u00e3o<\/strong><\/h2>\n\n\n\n<p>Umas das afirma\u00e7\u00f5es recorrentes durante a programa\u00e7\u00e3o musical foi a honestidade e f\u00e9 transmitidas nas composi\u00e7\u00f5es do maestro Wendel Mattos. A <a href=\"https:\/\/www.youtube.com\/channel\/UCS3ryRG7ixBALfQ6WbUHg8g\" target=\"_blank\" rel=\"noreferrer noopener\" aria-label=\"cantora Tatiana Costa (abre numa nova aba)\">cantora Tatiana Costa<\/a> que se apresentou cantando a m\u00fasica Ben\u00e7\u00e3o, escrita por ele, conta como o m\u00fasico era algu\u00e9m diferenciado. <\/p>\n\n\n\n<p>\u201cWendel era uma pessoa extremamente talentosa e do bem. N\u00e3o tinha maldade em seu cora\u00e7\u00e3o e inspirava muita gente. O que mais me arrepia e impressiona, \u00e9 que tudo o que ele escreveu, era de fato o que ele vivia\u201d, destacou a cantora. <\/p>\n\n\n\n<figure class=\"wp-block-image size-large\"><img loading=\"lazy\" decoding=\"async\" width=\"682\" height=\"1024\" src=\"https:\/\/www.unasp.br\/noticias\/wp-content\/uploads\/2020\/11\/WhatsApp-Image-2020-11-16-at-16.28.44-3.jpeg\" alt=\"\" class=\"wp-image-91636\" srcset=\"https:\/\/cdn.unasp.br\/noticias\/wp-content\/uploads\/2020\/11\/17082232\/WhatsApp-Image-2020-11-16-at-16.28.44-3.jpeg 682w, https:\/\/cdn.unasp.br\/noticias\/wp-content\/uploads\/2020\/11\/17082232\/WhatsApp-Image-2020-11-16-at-16.28.44-3-200x300.jpeg 200w, https:\/\/cdn.unasp.br\/noticias\/wp-content\/uploads\/2020\/11\/17082232\/WhatsApp-Image-2020-11-16-at-16.28.44-3-400x600.jpeg 400w, https:\/\/cdn.unasp.br\/noticias\/wp-content\/uploads\/2020\/11\/17082232\/WhatsApp-Image-2020-11-16-at-16.28.44-3-533x800.jpeg 533w, https:\/\/cdn.unasp.br\/noticias\/wp-content\/uploads\/2020\/11\/17082232\/WhatsApp-Image-2020-11-16-at-16.28.44-3-480x720.jpeg 480w, https:\/\/cdn.unasp.br\/noticias\/wp-content\/uploads\/2020\/11\/17082232\/WhatsApp-Image-2020-11-16-at-16.28.44-3-333x500.jpeg 333w, https:\/\/cdn.unasp.br\/noticias\/wp-content\/uploads\/2020\/11\/17082232\/WhatsApp-Image-2020-11-16-at-16.28.44-3-320x480.jpeg 320w, https:\/\/cdn.unasp.br\/noticias\/wp-content\/uploads\/2020\/11\/17082232\/WhatsApp-Image-2020-11-16-at-16.28.44-3-186x280.jpeg 186w, https:\/\/cdn.unasp.br\/noticias\/wp-content\/uploads\/2020\/11\/17082232\/WhatsApp-Image-2020-11-16-at-16.28.44-3-266x400.jpeg 266w, https:\/\/cdn.unasp.br\/noticias\/wp-content\/uploads\/2020\/11\/17082232\/WhatsApp-Image-2020-11-16-at-16.28.44-3-167x250.jpeg 167w, https:\/\/cdn.unasp.br\/noticias\/wp-content\/uploads\/2020\/11\/17082232\/WhatsApp-Image-2020-11-16-at-16.28.44-3-133x200.jpeg 133w, https:\/\/cdn.unasp.br\/noticias\/wp-content\/uploads\/2020\/11\/17082232\/WhatsApp-Image-2020-11-16-at-16.28.44-3-100x150.jpeg 100w, https:\/\/cdn.unasp.br\/noticias\/wp-content\/uploads\/2020\/11\/17082232\/WhatsApp-Image-2020-11-16-at-16.28.44-3-175x263.jpeg 175w\" sizes=\"(max-width: 682px) 100vw, 682px\" \/><figcaption>\u201cWendel era uma pessoa extremamente talentosa e do bem&#8221;, cantora Tatiana Costa.<\/figcaption><\/figure>\n\n\n\n<p>Sobre a programa\u00e7\u00e3o, Tatiana ainda acrescentou: \u201cAchei que a ideia do programa foi \u00f3tima! Al\u00e9m disso, suas m\u00fasicas ficaram paradas por um tempo e s\u00e3o m\u00fasicas muito boas. Hoje pudemos relembrar de muitas delas\u201d. <\/p>\n","protected":false},"excerpt":{"rendered":"<p>Evento musical no UNASP Hortol\u00e2ndia relembrou composi\u00e7\u00f5es do maestro Wendel Mattos e comemorou o lan\u00e7amento do primeiro volume do seu acervo musical. <\/p>\n","protected":false},"author":73,"featured_media":91633,"comment_status":"open","ping_status":"open","sticky":false,"template":"","format":"standard","meta":{"footnotes":""},"categories":[6],"tags":[],"yoast_head":"<!-- This site is optimized with the Yoast SEO plugin v23.5 - https:\/\/yoast.com\/wordpress\/plugins\/seo\/ -->\n<title>Musical relembra composi\u00e7\u00f5es do maestro Wendel Mattos - UNASP Noticias<\/title>\n<meta name=\"description\" content=\"Evento musical no UNASP Hortol\u00e2ndia relembrou composi\u00e7\u00f5es do maestro Wendel Mattos e comemorou o lan\u00e7amento do primeiro volume do seu acervo musical.\" \/>\n<meta name=\"robots\" content=\"index, follow, max-snippet:-1, max-image-preview:large, max-video-preview:-1\" \/>\n<link rel=\"canonical\" href=\"https:\/\/unasp.br\/noticias\/musical-relembra-composicoes-do-maestro-wendel-mattos\/\" \/>\n<meta property=\"og:locale\" content=\"pt_BR\" \/>\n<meta property=\"og:type\" content=\"article\" \/>\n<meta property=\"og:title\" content=\"Musical relembra composi\u00e7\u00f5es do maestro Wendel Mattos - UNASP Noticias\" \/>\n<meta property=\"og:description\" content=\"Evento musical no UNASP Hortol\u00e2ndia relembrou composi\u00e7\u00f5es do maestro Wendel Mattos e comemorou o lan\u00e7amento do primeiro volume do seu acervo musical.\" \/>\n<meta property=\"og:url\" content=\"https:\/\/unasp.br\/noticias\/musical-relembra-composicoes-do-maestro-wendel-mattos\/\" \/>\n<meta property=\"og:site_name\" content=\"UNASP Noticias\" \/>\n<meta property=\"article:published_time\" content=\"2020-11-17T14:31:58+00:00\" \/>\n<meta property=\"article:modified_time\" content=\"2020-11-17T14:49:06+00:00\" \/>\n<meta property=\"og:image\" content=\"https:\/\/cdn.unasp.br\/noticias\/wp-content\/uploads\/2020\/11\/17081054\/WhatsApp-Image-2020-11-16-at-16.28.43.jpeg\" \/>\n\t<meta property=\"og:image:width\" content=\"1024\" \/>\n\t<meta property=\"og:image:height\" content=\"682\" \/>\n\t<meta property=\"og:image:type\" content=\"image\/jpeg\" \/>\n<meta name=\"author\" content=\"Maria da Gl\u00f3ria Marques de Paula Barreto\" \/>\n<meta name=\"twitter:card\" content=\"summary_large_image\" \/>\n<meta name=\"twitter:label1\" content=\"Escrito por\" \/>\n\t<meta name=\"twitter:data1\" content=\"Maria da Gl\u00f3ria Marques de Paula Barreto\" \/>\n\t<meta name=\"twitter:label2\" content=\"Est. tempo de leitura\" \/>\n\t<meta name=\"twitter:data2\" content=\"3 minutos\" \/>\n<script type=\"application\/ld+json\" class=\"yoast-schema-graph\">{\"@context\":\"https:\/\/schema.org\",\"@graph\":[{\"@type\":\"Article\",\"@id\":\"https:\/\/unasp.br\/noticias\/musical-relembra-composicoes-do-maestro-wendel-mattos\/#article\",\"isPartOf\":{\"@id\":\"https:\/\/unasp.br\/noticias\/musical-relembra-composicoes-do-maestro-wendel-mattos\/\"},\"author\":{\"name\":\"Maria da Gl\u00f3ria Marques de Paula Barreto\",\"@id\":\"https:\/\/unasp.br\/noticias\/#\/schema\/person\/f3393a032491eabc46fadb3656375334\"},\"headline\":\"Musical relembra composi\u00e7\u00f5es do maestro Wendel Mattos\",\"datePublished\":\"2020-11-17T14:31:58+00:00\",\"dateModified\":\"2020-11-17T14:49:06+00:00\",\"mainEntityOfPage\":{\"@id\":\"https:\/\/unasp.br\/noticias\/musical-relembra-composicoes-do-maestro-wendel-mattos\/\"},\"wordCount\":604,\"commentCount\":0,\"publisher\":{\"@id\":\"https:\/\/unasp.br\/noticias\/#organization\"},\"image\":{\"@id\":\"https:\/\/unasp.br\/noticias\/musical-relembra-composicoes-do-maestro-wendel-mattos\/#primaryimage\"},\"thumbnailUrl\":\"https:\/\/cdn.unasp.br\/noticias\/wp-content\/uploads\/2020\/11\/17081054\/WhatsApp-Image-2020-11-16-at-16.28.43.jpeg\",\"articleSection\":[\"Acontece no UNASP\"],\"inLanguage\":\"pt-BR\",\"potentialAction\":[{\"@type\":\"CommentAction\",\"name\":\"Comment\",\"target\":[\"https:\/\/unasp.br\/noticias\/musical-relembra-composicoes-do-maestro-wendel-mattos\/#respond\"]}]},{\"@type\":\"WebPage\",\"@id\":\"https:\/\/unasp.br\/noticias\/musical-relembra-composicoes-do-maestro-wendel-mattos\/\",\"url\":\"https:\/\/unasp.br\/noticias\/musical-relembra-composicoes-do-maestro-wendel-mattos\/\",\"name\":\"Musical relembra composi\u00e7\u00f5es do maestro Wendel Mattos - UNASP Noticias\",\"isPartOf\":{\"@id\":\"https:\/\/unasp.br\/noticias\/#website\"},\"primaryImageOfPage\":{\"@id\":\"https:\/\/unasp.br\/noticias\/musical-relembra-composicoes-do-maestro-wendel-mattos\/#primaryimage\"},\"image\":{\"@id\":\"https:\/\/unasp.br\/noticias\/musical-relembra-composicoes-do-maestro-wendel-mattos\/#primaryimage\"},\"thumbnailUrl\":\"https:\/\/cdn.unasp.br\/noticias\/wp-content\/uploads\/2020\/11\/17081054\/WhatsApp-Image-2020-11-16-at-16.28.43.jpeg\",\"datePublished\":\"2020-11-17T14:31:58+00:00\",\"dateModified\":\"2020-11-17T14:49:06+00:00\",\"description\":\"Evento musical no UNASP Hortol\u00e2ndia relembrou composi\u00e7\u00f5es do maestro Wendel Mattos e comemorou o lan\u00e7amento do primeiro volume do seu acervo musical.\",\"breadcrumb\":{\"@id\":\"https:\/\/unasp.br\/noticias\/musical-relembra-composicoes-do-maestro-wendel-mattos\/#breadcrumb\"},\"inLanguage\":\"pt-BR\",\"potentialAction\":[{\"@type\":\"ReadAction\",\"target\":[\"https:\/\/unasp.br\/noticias\/musical-relembra-composicoes-do-maestro-wendel-mattos\/\"]}]},{\"@type\":\"ImageObject\",\"inLanguage\":\"pt-BR\",\"@id\":\"https:\/\/unasp.br\/noticias\/musical-relembra-composicoes-do-maestro-wendel-mattos\/#primaryimage\",\"url\":\"https:\/\/cdn.unasp.br\/noticias\/wp-content\/uploads\/2020\/11\/17081054\/WhatsApp-Image-2020-11-16-at-16.28.43.jpeg\",\"contentUrl\":\"https:\/\/cdn.unasp.br\/noticias\/wp-content\/uploads\/2020\/11\/17081054\/WhatsApp-Image-2020-11-16-at-16.28.43.jpeg\",\"width\":1024,\"height\":682,\"caption\":\"M\u00fasicos e cantores estiveram no evento relembrando as m\u00fasicas de Mattos.\"},{\"@type\":\"BreadcrumbList\",\"@id\":\"https:\/\/unasp.br\/noticias\/musical-relembra-composicoes-do-maestro-wendel-mattos\/#breadcrumb\",\"itemListElement\":[{\"@type\":\"ListItem\",\"position\":1,\"name\":\"In\u00edcio\",\"item\":\"https:\/\/unasp.br\/noticias\/\"},{\"@type\":\"ListItem\",\"position\":2,\"name\":\"Musical relembra composi\u00e7\u00f5es do maestro Wendel Mattos\"}]},{\"@type\":\"WebSite\",\"@id\":\"https:\/\/unasp.br\/noticias\/#website\",\"url\":\"https:\/\/unasp.br\/noticias\/\",\"name\":\"UNASP Noticias\",\"description\":\"Centro Universit\u00e1rio Adventista de S\u00e3o Paulo\",\"publisher\":{\"@id\":\"https:\/\/unasp.br\/noticias\/#organization\"},\"potentialAction\":[{\"@type\":\"SearchAction\",\"target\":{\"@type\":\"EntryPoint\",\"urlTemplate\":\"https:\/\/unasp.br\/noticias\/?s={search_term_string}\"},\"query-input\":{\"@type\":\"PropertyValueSpecification\",\"valueRequired\":true,\"valueName\":\"search_term_string\"}}],\"inLanguage\":\"pt-BR\"},{\"@type\":\"Organization\",\"@id\":\"https:\/\/unasp.br\/noticias\/#organization\",\"name\":\"UNASP Noticias\",\"url\":\"https:\/\/unasp.br\/noticias\/\",\"logo\":{\"@type\":\"ImageObject\",\"inLanguage\":\"pt-BR\",\"@id\":\"https:\/\/unasp.br\/noticias\/#\/schema\/logo\/image\/\",\"url\":\"https:\/\/cdn.unasp.br\/noticias\/wp-content\/uploads\/2021\/09\/09152724\/logo-unasp-news.png\",\"contentUrl\":\"https:\/\/cdn.unasp.br\/noticias\/wp-content\/uploads\/2021\/09\/09152724\/logo-unasp-news.png\",\"width\":240,\"height\":41,\"caption\":\"UNASP Noticias\"},\"image\":{\"@id\":\"https:\/\/unasp.br\/noticias\/#\/schema\/logo\/image\/\"}},{\"@type\":\"Person\",\"@id\":\"https:\/\/unasp.br\/noticias\/#\/schema\/person\/f3393a032491eabc46fadb3656375334\",\"name\":\"Maria da Gl\u00f3ria Marques de Paula Barreto\",\"image\":{\"@type\":\"ImageObject\",\"inLanguage\":\"pt-BR\",\"@id\":\"https:\/\/unasp.br\/noticias\/#\/schema\/person\/image\/\",\"url\":\"https:\/\/secure.gravatar.com\/avatar\/3c23babfa2a847f4ce1e1403fe341fa3?s=96&d=mm&r=g\",\"contentUrl\":\"https:\/\/secure.gravatar.com\/avatar\/3c23babfa2a847f4ce1e1403fe341fa3?s=96&d=mm&r=g\",\"caption\":\"Maria da Gl\u00f3ria Marques de Paula Barreto\"},\"url\":\"https:\/\/unasp.br\/noticias\/author\/gloria-barretoadventistas-org\/\"}]}<\/script>\n<!-- \/ Yoast SEO plugin. -->","yoast_head_json":{"title":"Musical relembra composi\u00e7\u00f5es do maestro Wendel Mattos - UNASP Noticias","description":"Evento musical no UNASP Hortol\u00e2ndia relembrou composi\u00e7\u00f5es do maestro Wendel Mattos e comemorou o lan\u00e7amento do primeiro volume do seu acervo musical.","robots":{"index":"index","follow":"follow","max-snippet":"max-snippet:-1","max-image-preview":"max-image-preview:large","max-video-preview":"max-video-preview:-1"},"canonical":"https:\/\/unasp.br\/noticias\/musical-relembra-composicoes-do-maestro-wendel-mattos\/","og_locale":"pt_BR","og_type":"article","og_title":"Musical relembra composi\u00e7\u00f5es do maestro Wendel Mattos - UNASP Noticias","og_description":"Evento musical no UNASP Hortol\u00e2ndia relembrou composi\u00e7\u00f5es do maestro Wendel Mattos e comemorou o lan\u00e7amento do primeiro volume do seu acervo musical.","og_url":"https:\/\/unasp.br\/noticias\/musical-relembra-composicoes-do-maestro-wendel-mattos\/","og_site_name":"UNASP Noticias","article_published_time":"2020-11-17T14:31:58+00:00","article_modified_time":"2020-11-17T14:49:06+00:00","og_image":[{"width":1024,"height":682,"url":"https:\/\/cdn.unasp.br\/noticias\/wp-content\/uploads\/2020\/11\/17081054\/WhatsApp-Image-2020-11-16-at-16.28.43.jpeg","type":"image\/jpeg"}],"author":"Maria da Gl\u00f3ria Marques de Paula Barreto","twitter_card":"summary_large_image","twitter_misc":{"Escrito por":"Maria da Gl\u00f3ria Marques de Paula Barreto","Est. tempo de leitura":"3 minutos"},"schema":{"@context":"https:\/\/schema.org","@graph":[{"@type":"Article","@id":"https:\/\/unasp.br\/noticias\/musical-relembra-composicoes-do-maestro-wendel-mattos\/#article","isPartOf":{"@id":"https:\/\/unasp.br\/noticias\/musical-relembra-composicoes-do-maestro-wendel-mattos\/"},"author":{"name":"Maria da Gl\u00f3ria Marques de Paula Barreto","@id":"https:\/\/unasp.br\/noticias\/#\/schema\/person\/f3393a032491eabc46fadb3656375334"},"headline":"Musical relembra composi\u00e7\u00f5es do maestro Wendel Mattos","datePublished":"2020-11-17T14:31:58+00:00","dateModified":"2020-11-17T14:49:06+00:00","mainEntityOfPage":{"@id":"https:\/\/unasp.br\/noticias\/musical-relembra-composicoes-do-maestro-wendel-mattos\/"},"wordCount":604,"commentCount":0,"publisher":{"@id":"https:\/\/unasp.br\/noticias\/#organization"},"image":{"@id":"https:\/\/unasp.br\/noticias\/musical-relembra-composicoes-do-maestro-wendel-mattos\/#primaryimage"},"thumbnailUrl":"https:\/\/cdn.unasp.br\/noticias\/wp-content\/uploads\/2020\/11\/17081054\/WhatsApp-Image-2020-11-16-at-16.28.43.jpeg","articleSection":["Acontece no UNASP"],"inLanguage":"pt-BR","potentialAction":[{"@type":"CommentAction","name":"Comment","target":["https:\/\/unasp.br\/noticias\/musical-relembra-composicoes-do-maestro-wendel-mattos\/#respond"]}]},{"@type":"WebPage","@id":"https:\/\/unasp.br\/noticias\/musical-relembra-composicoes-do-maestro-wendel-mattos\/","url":"https:\/\/unasp.br\/noticias\/musical-relembra-composicoes-do-maestro-wendel-mattos\/","name":"Musical relembra composi\u00e7\u00f5es do maestro Wendel Mattos - UNASP Noticias","isPartOf":{"@id":"https:\/\/unasp.br\/noticias\/#website"},"primaryImageOfPage":{"@id":"https:\/\/unasp.br\/noticias\/musical-relembra-composicoes-do-maestro-wendel-mattos\/#primaryimage"},"image":{"@id":"https:\/\/unasp.br\/noticias\/musical-relembra-composicoes-do-maestro-wendel-mattos\/#primaryimage"},"thumbnailUrl":"https:\/\/cdn.unasp.br\/noticias\/wp-content\/uploads\/2020\/11\/17081054\/WhatsApp-Image-2020-11-16-at-16.28.43.jpeg","datePublished":"2020-11-17T14:31:58+00:00","dateModified":"2020-11-17T14:49:06+00:00","description":"Evento musical no UNASP Hortol\u00e2ndia relembrou composi\u00e7\u00f5es do maestro Wendel Mattos e comemorou o lan\u00e7amento do primeiro volume do seu acervo musical.","breadcrumb":{"@id":"https:\/\/unasp.br\/noticias\/musical-relembra-composicoes-do-maestro-wendel-mattos\/#breadcrumb"},"inLanguage":"pt-BR","potentialAction":[{"@type":"ReadAction","target":["https:\/\/unasp.br\/noticias\/musical-relembra-composicoes-do-maestro-wendel-mattos\/"]}]},{"@type":"ImageObject","inLanguage":"pt-BR","@id":"https:\/\/unasp.br\/noticias\/musical-relembra-composicoes-do-maestro-wendel-mattos\/#primaryimage","url":"https:\/\/cdn.unasp.br\/noticias\/wp-content\/uploads\/2020\/11\/17081054\/WhatsApp-Image-2020-11-16-at-16.28.43.jpeg","contentUrl":"https:\/\/cdn.unasp.br\/noticias\/wp-content\/uploads\/2020\/11\/17081054\/WhatsApp-Image-2020-11-16-at-16.28.43.jpeg","width":1024,"height":682,"caption":"M\u00fasicos e cantores estiveram no evento relembrando as m\u00fasicas de Mattos."},{"@type":"BreadcrumbList","@id":"https:\/\/unasp.br\/noticias\/musical-relembra-composicoes-do-maestro-wendel-mattos\/#breadcrumb","itemListElement":[{"@type":"ListItem","position":1,"name":"In\u00edcio","item":"https:\/\/unasp.br\/noticias\/"},{"@type":"ListItem","position":2,"name":"Musical relembra composi\u00e7\u00f5es do maestro Wendel Mattos"}]},{"@type":"WebSite","@id":"https:\/\/unasp.br\/noticias\/#website","url":"https:\/\/unasp.br\/noticias\/","name":"UNASP Noticias","description":"Centro Universit\u00e1rio Adventista de S\u00e3o Paulo","publisher":{"@id":"https:\/\/unasp.br\/noticias\/#organization"},"potentialAction":[{"@type":"SearchAction","target":{"@type":"EntryPoint","urlTemplate":"https:\/\/unasp.br\/noticias\/?s={search_term_string}"},"query-input":{"@type":"PropertyValueSpecification","valueRequired":true,"valueName":"search_term_string"}}],"inLanguage":"pt-BR"},{"@type":"Organization","@id":"https:\/\/unasp.br\/noticias\/#organization","name":"UNASP Noticias","url":"https:\/\/unasp.br\/noticias\/","logo":{"@type":"ImageObject","inLanguage":"pt-BR","@id":"https:\/\/unasp.br\/noticias\/#\/schema\/logo\/image\/","url":"https:\/\/cdn.unasp.br\/noticias\/wp-content\/uploads\/2021\/09\/09152724\/logo-unasp-news.png","contentUrl":"https:\/\/cdn.unasp.br\/noticias\/wp-content\/uploads\/2021\/09\/09152724\/logo-unasp-news.png","width":240,"height":41,"caption":"UNASP Noticias"},"image":{"@id":"https:\/\/unasp.br\/noticias\/#\/schema\/logo\/image\/"}},{"@type":"Person","@id":"https:\/\/unasp.br\/noticias\/#\/schema\/person\/f3393a032491eabc46fadb3656375334","name":"Maria da Gl\u00f3ria Marques de Paula Barreto","image":{"@type":"ImageObject","inLanguage":"pt-BR","@id":"https:\/\/unasp.br\/noticias\/#\/schema\/person\/image\/","url":"https:\/\/secure.gravatar.com\/avatar\/3c23babfa2a847f4ce1e1403fe341fa3?s=96&d=mm&r=g","contentUrl":"https:\/\/secure.gravatar.com\/avatar\/3c23babfa2a847f4ce1e1403fe341fa3?s=96&d=mm&r=g","caption":"Maria da Gl\u00f3ria Marques de Paula Barreto"},"url":"https:\/\/unasp.br\/noticias\/author\/gloria-barretoadventistas-org\/"}]}},"_links":{"self":[{"href":"https:\/\/unasp.br\/noticias\/wp-json\/wp\/v2\/posts\/91632"}],"collection":[{"href":"https:\/\/unasp.br\/noticias\/wp-json\/wp\/v2\/posts"}],"about":[{"href":"https:\/\/unasp.br\/noticias\/wp-json\/wp\/v2\/types\/post"}],"author":[{"embeddable":true,"href":"https:\/\/unasp.br\/noticias\/wp-json\/wp\/v2\/users\/73"}],"replies":[{"embeddable":true,"href":"https:\/\/unasp.br\/noticias\/wp-json\/wp\/v2\/comments?post=91632"}],"version-history":[{"count":3,"href":"https:\/\/unasp.br\/noticias\/wp-json\/wp\/v2\/posts\/91632\/revisions"}],"predecessor-version":[{"id":91639,"href":"https:\/\/unasp.br\/noticias\/wp-json\/wp\/v2\/posts\/91632\/revisions\/91639"}],"wp:featuredmedia":[{"embeddable":true,"href":"https:\/\/unasp.br\/noticias\/wp-json\/wp\/v2\/media\/91633"}],"wp:attachment":[{"href":"https:\/\/unasp.br\/noticias\/wp-json\/wp\/v2\/media?parent=91632"}],"wp:term":[{"taxonomy":"category","embeddable":true,"href":"https:\/\/unasp.br\/noticias\/wp-json\/wp\/v2\/categories?post=91632"},{"taxonomy":"post_tag","embeddable":true,"href":"https:\/\/unasp.br\/noticias\/wp-json\/wp\/v2\/tags?post=91632"}],"curies":[{"name":"wp","href":"https:\/\/api.w.org\/{rel}","templated":true}]}}