{"id":91640,"date":"2020-11-18T17:16:22","date_gmt":"2020-11-18T20:16:22","guid":{"rendered":"https:\/\/www.unasp.br\/noticias\/?p=91640"},"modified":"2020-11-18T17:16:24","modified_gmt":"2020-11-18T20:16:24","slug":"unasp-convida-para-doacao-de-sangue-emergencial","status":"publish","type":"post","link":"https:\/\/unasp.br\/noticias\/unasp-convida-para-doacao-de-sangue-emergencial\/","title":{"rendered":"Unasp convida para doa\u00e7\u00e3o de sangue emergencial"},"content":{"rendered":"\n<p>Durante a pandemia notou-se uma baixa de 50% a 75% nos estoques de bolsas de sangue em hemocentros por todo o Brasil. Da mesma forma, os n\u00fameros na regi\u00e3o de Campinas est\u00e3o abaixo do necess\u00e1rio. Com o prop\u00f3sito de apoiar o Hemocentro da Unicamp, o UNASP  vai promover uma doa\u00e7\u00e3o de sangue emergencial. Projeto que acontece apenas uma vez por semestre, mas que devido a urg\u00eancia, ser\u00e1 repetido no pr\u00f3ximo s\u00e1bado, 21 de novembro, das 8 \u00e0s 12 horas, no pr\u00e9dio do UNASPinho.<\/p>\n\n\n\n<p>Uma pesquisa r\u00e1pida na internet referente a doa\u00e7\u00f5es de sangue durante a pandemia do COVID-19 aponta diversos centros de coleta que relataram uma diminui\u00e7\u00e3o no n\u00famero de bolsas de sangue dispon\u00edveis. Os motivos variaram entre pessoas que n\u00e3o se sentem seguras para sair de casa ao aumento das restri\u00e7\u00f5es em rela\u00e7\u00e3o a contamina\u00e7\u00e3o. <\/p>\n\n\n\n<figure class=\"wp-block-image size-large\"><img loading=\"lazy\" decoding=\"async\" width=\"1024\" height=\"683\" src=\"https:\/\/www.unasp.br\/noticias\/wp-content\/uploads\/2020\/11\/IMG_1090-1024x683.jpg\" alt=\"Foto do bra\u00e7o da pessoa doando sangue.\" class=\"wp-image-91643\" srcset=\"https:\/\/cdn.unasp.br\/noticias\/wp-content\/uploads\/2020\/11\/18140944\/IMG_1090-1024x683.jpg 1024w, https:\/\/cdn.unasp.br\/noticias\/wp-content\/uploads\/2020\/11\/18140944\/IMG_1090-300x200.jpg 300w, https:\/\/cdn.unasp.br\/noticias\/wp-content\/uploads\/2020\/11\/18140944\/IMG_1090-768x512.jpg 768w, https:\/\/cdn.unasp.br\/noticias\/wp-content\/uploads\/2020\/11\/18140944\/IMG_1090-1536x1024.jpg 1536w, https:\/\/cdn.unasp.br\/noticias\/wp-content\/uploads\/2020\/11\/18140944\/IMG_1090-900x600.jpg 900w, https:\/\/cdn.unasp.br\/noticias\/wp-content\/uploads\/2020\/11\/18140944\/IMG_1090-1200x800.jpg 1200w, https:\/\/cdn.unasp.br\/noticias\/wp-content\/uploads\/2020\/11\/18140944\/IMG_1090-1080x720.jpg 1080w, https:\/\/cdn.unasp.br\/noticias\/wp-content\/uploads\/2020\/11\/18140944\/IMG_1090-800x533.jpg 800w, https:\/\/cdn.unasp.br\/noticias\/wp-content\/uploads\/2020\/11\/18140944\/IMG_1090-750x500.jpg 750w, https:\/\/cdn.unasp.br\/noticias\/wp-content\/uploads\/2020\/11\/18140944\/IMG_1090-720x480.jpg 720w, https:\/\/cdn.unasp.br\/noticias\/wp-content\/uploads\/2020\/11\/18140944\/IMG_1090-420x280.jpg 420w, https:\/\/cdn.unasp.br\/noticias\/wp-content\/uploads\/2020\/11\/18140944\/IMG_1090-500x333.jpg 500w, https:\/\/cdn.unasp.br\/noticias\/wp-content\/uploads\/2020\/11\/18140944\/IMG_1090-400x267.jpg 400w, https:\/\/cdn.unasp.br\/noticias\/wp-content\/uploads\/2020\/11\/18140944\/IMG_1090-375x250.jpg 375w, https:\/\/cdn.unasp.br\/noticias\/wp-content\/uploads\/2020\/11\/18140944\/IMG_1090-225x150.jpg 225w, https:\/\/cdn.unasp.br\/noticias\/wp-content\/uploads\/2020\/11\/18140944\/IMG_1090-175x117.jpg 175w, https:\/\/cdn.unasp.br\/noticias\/wp-content\/uploads\/2020\/11\/18140944\/IMG_1090-200x133.jpg 200w, https:\/\/cdn.unasp.br\/noticias\/wp-content\/uploads\/2020\/11\/18140944\/IMG_1090.jpg 2048w\" sizes=\"(max-width: 1024px) 100vw, 1024px\" \/><figcaption>Durante a pandemia notou-se uma baixa de 50% a 75% nos estoques de bolsas de sangue em hemocentros por todo o Brasil.<\/figcaption><\/figure>\n\n\n\n<p>Desse modo, a <a rel=\"noreferrer noopener\" aria-label=\"Extens\u00e3o Universit\u00e1ria do Unasp Hortol\u00e2ndia (abre numa nova aba)\" href=\"\/\/www.unasp.br\/pesquisa-e-extensao\/projetos-de-extensao\/\" target=\"_blank\">Extens\u00e3o Universit\u00e1ria do Unasp Hortol\u00e2ndia<\/a> em conjunto com o <a rel=\"noreferrer noopener\" aria-label=\"Hemocentro de Campinas (abre numa nova aba)\" href=\"https:\/\/www.hemocentro.unicamp.br\/\" target=\"_blank\">Hemocentro de Campinas<\/a>  est\u00e3o promovendo mais um dia de coleta neste segundo per\u00edodo de 2020,  com o intuito de ajud\u00e1-los.<\/p>\n\n\n\n<h2 class=\"wp-block-heading\"><strong>Primeira edi\u00e7\u00e3o do projeto<\/strong><\/h2>\n\n\n\n<p><a rel=\"noreferrer noopener\" aria-label=\"Na \u00faltima campanha,  (abre numa nova aba)\" href=\"https:\/\/www.unasp.br\/noticias\/acoes-do-bem-envolvem-estudantes-e-comunidade\/?preview=true&amp;_thumbnail_id=90836\" target=\"_blank\">Na \u00faltima campanha, <\/a> que aconteceu no dia 18 de setembro, estiveram presentes 210 pessoas. De acordo com Alex Landim, coordenador do curso de Administra\u00e7\u00e3o no UNASP Hortol\u00e2ndia, no pr\u00f3ximo s\u00e1bado o objetivo \u00e9 receber este mesmo n\u00famero ou mais de doadores. \u201cAo mesmo tempo que \u00e9 um grande prazer estar \u00e0 frente deste projeto, \u00e9 uma grande responsabilidade. S\u00e3o muitas pessoas envolvidas para que toda a log\u00edstica aconte\u00e7a, tanto de volunt\u00e1rios como de funcion\u00e1rios do Hemocentro. Hoje contamos com cerca de 37 volunt\u00e1rios\u201d contou o respons\u00e1vel pelo evento.<\/p>\n\n\n\n<p>Para a comunidade, Landim acrescentou que essa \u00e9 uma a\u00e7\u00e3o de solidariedade; \u201csabemos que estamos participando de um projeto em pr\u00f3 do cidad\u00e3o, uma boa a\u00e7\u00e3o. Mas tamb\u00e9m realizamos uma doa\u00e7\u00e3o de sangue em atitude crist\u00e3, para o pr\u00f3ximo\u201d completou.<\/p>\n\n\n\n<figure class=\"wp-block-image size-large\"><img loading=\"lazy\" decoding=\"async\" width=\"1024\" height=\"1024\" src=\"https:\/\/www.unasp.br\/noticias\/wp-content\/uploads\/2020\/11\/WhatsApp-Image-2020-11-18-at-15.03.39-1024x1024.jpeg\" alt=\"Arte de divulga\u00e7\u00e3o da campanha de doa\u00e7\u00e3o de sangue.\" class=\"wp-image-91644\" srcset=\"https:\/\/cdn.unasp.br\/noticias\/wp-content\/uploads\/2020\/11\/18141053\/WhatsApp-Image-2020-11-18-at-15.03.39-1024x1024.jpeg 1024w, https:\/\/cdn.unasp.br\/noticias\/wp-content\/uploads\/2020\/11\/18141053\/WhatsApp-Image-2020-11-18-at-15.03.39-300x300.jpeg 300w, https:\/\/cdn.unasp.br\/noticias\/wp-content\/uploads\/2020\/11\/18141053\/WhatsApp-Image-2020-11-18-at-15.03.39-150x150.jpeg 150w, https:\/\/cdn.unasp.br\/noticias\/wp-content\/uploads\/2020\/11\/18141053\/WhatsApp-Image-2020-11-18-at-15.03.39-768x768.jpeg 768w, https:\/\/cdn.unasp.br\/noticias\/wp-content\/uploads\/2020\/11\/18141053\/WhatsApp-Image-2020-11-18-at-15.03.39-600x600.jpeg 600w, https:\/\/cdn.unasp.br\/noticias\/wp-content\/uploads\/2020\/11\/18141053\/WhatsApp-Image-2020-11-18-at-15.03.39-800x800.jpeg 800w, https:\/\/cdn.unasp.br\/noticias\/wp-content\/uploads\/2020\/11\/18141053\/WhatsApp-Image-2020-11-18-at-15.03.39-720x720.jpeg 720w, https:\/\/cdn.unasp.br\/noticias\/wp-content\/uploads\/2020\/11\/18141053\/WhatsApp-Image-2020-11-18-at-15.03.39-500x500.jpeg 500w, https:\/\/cdn.unasp.br\/noticias\/wp-content\/uploads\/2020\/11\/18141053\/WhatsApp-Image-2020-11-18-at-15.03.39-480x480.jpeg 480w, https:\/\/cdn.unasp.br\/noticias\/wp-content\/uploads\/2020\/11\/18141053\/WhatsApp-Image-2020-11-18-at-15.03.39-280x280.jpeg 280w, https:\/\/cdn.unasp.br\/noticias\/wp-content\/uploads\/2020\/11\/18141053\/WhatsApp-Image-2020-11-18-at-15.03.39-400x400.jpeg 400w, https:\/\/cdn.unasp.br\/noticias\/wp-content\/uploads\/2020\/11\/18141053\/WhatsApp-Image-2020-11-18-at-15.03.39-250x250.jpeg 250w, https:\/\/cdn.unasp.br\/noticias\/wp-content\/uploads\/2020\/11\/18141053\/WhatsApp-Image-2020-11-18-at-15.03.39-200x200.jpeg 200w, https:\/\/cdn.unasp.br\/noticias\/wp-content\/uploads\/2020\/11\/18141053\/WhatsApp-Image-2020-11-18-at-15.03.39-175x175.jpeg 175w, https:\/\/cdn.unasp.br\/noticias\/wp-content\/uploads\/2020\/11\/18141053\/WhatsApp-Image-2020-11-18-at-15.03.39.jpeg 1080w\" sizes=\"(max-width: 1024px) 100vw, 1024px\" \/><figcaption>Participe da doa\u00e7\u00e3o no pr\u00f3ximo s\u00e1bado, 21 de novembro. <\/figcaption><\/figure>\n\n\n\n<h2 class=\"wp-block-heading\"><strong>Quem pode participar da doa\u00e7\u00e3o de sangue emergencial<\/strong><\/h2>\n\n\n\n<p>Ficou interessado em colaborar com esta causa? No site do Hemocentro de S\u00e3o Paulo, encontramos requisitos b\u00e1sicos para que voc\u00ea possa doar sangue: <\/p>\n\n\n\n<ul><li>Trazer documento com foto;<\/li><li>Ter a partir de 16 anos;<\/li><li>Pesar no m\u00ednimo 50kg;<\/li><li>Comparecer descansado e alimentado;<\/li><li>Estar h\u00e1 30 dias sem qualquer sintoma da doen\u00e7a. (Como nova medida de seguran\u00e7a durante a pandemia)<\/li><\/ul>\n\n\n\n<p>Voc\u00ea pode encontrar estas e outras medidas de seguran\u00e7a clicando <a rel=\"noreferrer noopener\" aria-label=\"AQUI. (abre numa nova aba)\" href=\"http:\/\/www.prosangue.sp.gov.br\/artigos\/requisitos_basicos_para_doacao.html\" target=\"_blank\">AQUI.<\/a><\/p>\n","protected":false},"excerpt":{"rendered":"<p>Para apoiar o Hemocentro da Unicamp, o UNASP  vai promover uma doa\u00e7\u00e3o de sangue emergencial, a fim de aumentar o n\u00famero de bolsas no estoque.<\/p>\n","protected":false},"author":73,"featured_media":91642,"comment_status":"open","ping_status":"open","sticky":false,"template":"","format":"standard","meta":{"footnotes":""},"categories":[10],"tags":[],"yoast_head":"<!-- This site is optimized with the Yoast SEO plugin v23.5 - https:\/\/yoast.com\/wordpress\/plugins\/seo\/ -->\n<title>Unasp convida para doa\u00e7\u00e3o de sangue emergencial - UNASP Noticias<\/title>\n<meta name=\"description\" content=\"Para apoiar o Hemocentro da Unicamp, o UNASP vai promover uma doa\u00e7\u00e3o de sangue emergencial, a fim de aumentar o n\u00famero de bolsas no estoque.\" \/>\n<meta name=\"robots\" content=\"index, follow, max-snippet:-1, max-image-preview:large, max-video-preview:-1\" \/>\n<link rel=\"canonical\" href=\"https:\/\/unasp.br\/noticias\/unasp-convida-para-doacao-de-sangue-emergencial\/\" \/>\n<meta property=\"og:locale\" content=\"pt_BR\" \/>\n<meta property=\"og:type\" content=\"article\" \/>\n<meta property=\"og:title\" content=\"Unasp convida para doa\u00e7\u00e3o de sangue emergencial - UNASP Noticias\" \/>\n<meta property=\"og:description\" content=\"Para apoiar o Hemocentro da Unicamp, o UNASP vai promover uma doa\u00e7\u00e3o de sangue emergencial, a fim de aumentar o n\u00famero de bolsas no estoque.\" \/>\n<meta property=\"og:url\" content=\"https:\/\/unasp.br\/noticias\/unasp-convida-para-doacao-de-sangue-emergencial\/\" \/>\n<meta property=\"og:site_name\" content=\"UNASP Noticias\" \/>\n<meta property=\"article:published_time\" content=\"2020-11-18T20:16:22+00:00\" \/>\n<meta property=\"article:modified_time\" content=\"2020-11-18T20:16:24+00:00\" \/>\n<meta property=\"og:image\" content=\"https:\/\/cdn.unasp.br\/noticias\/wp-content\/uploads\/2020\/11\/18140700\/IMG_1108.jpg\" \/>\n\t<meta property=\"og:image:width\" content=\"2048\" \/>\n\t<meta property=\"og:image:height\" content=\"1365\" \/>\n\t<meta property=\"og:image:type\" content=\"image\/jpeg\" \/>\n<meta name=\"author\" content=\"Maria da Gl\u00f3ria Marques de Paula Barreto\" \/>\n<meta name=\"twitter:card\" content=\"summary_large_image\" \/>\n<meta name=\"twitter:label1\" content=\"Escrito por\" \/>\n\t<meta name=\"twitter:data1\" content=\"Maria da Gl\u00f3ria Marques de Paula Barreto\" \/>\n\t<meta name=\"twitter:label2\" content=\"Est. tempo de leitura\" \/>\n\t<meta name=\"twitter:data2\" content=\"2 minutos\" \/>\n<script type=\"application\/ld+json\" class=\"yoast-schema-graph\">{\"@context\":\"https:\/\/schema.org\",\"@graph\":[{\"@type\":\"Article\",\"@id\":\"https:\/\/unasp.br\/noticias\/unasp-convida-para-doacao-de-sangue-emergencial\/#article\",\"isPartOf\":{\"@id\":\"https:\/\/unasp.br\/noticias\/unasp-convida-para-doacao-de-sangue-emergencial\/\"},\"author\":{\"name\":\"Maria da Gl\u00f3ria Marques de Paula Barreto\",\"@id\":\"https:\/\/unasp.br\/noticias\/#\/schema\/person\/f3393a032491eabc46fadb3656375334\"},\"headline\":\"Unasp convida para doa\u00e7\u00e3o de sangue emergencial\",\"datePublished\":\"2020-11-18T20:16:22+00:00\",\"dateModified\":\"2020-11-18T20:16:24+00:00\",\"mainEntityOfPage\":{\"@id\":\"https:\/\/unasp.br\/noticias\/unasp-convida-para-doacao-de-sangue-emergencial\/\"},\"wordCount\":451,\"commentCount\":0,\"publisher\":{\"@id\":\"https:\/\/unasp.br\/noticias\/#organization\"},\"image\":{\"@id\":\"https:\/\/unasp.br\/noticias\/unasp-convida-para-doacao-de-sangue-emergencial\/#primaryimage\"},\"thumbnailUrl\":\"https:\/\/cdn.unasp.br\/noticias\/wp-content\/uploads\/2020\/11\/18140700\/IMG_1108.jpg\",\"articleSection\":[\"Impacto Social\"],\"inLanguage\":\"pt-BR\",\"potentialAction\":[{\"@type\":\"CommentAction\",\"name\":\"Comment\",\"target\":[\"https:\/\/unasp.br\/noticias\/unasp-convida-para-doacao-de-sangue-emergencial\/#respond\"]}]},{\"@type\":\"WebPage\",\"@id\":\"https:\/\/unasp.br\/noticias\/unasp-convida-para-doacao-de-sangue-emergencial\/\",\"url\":\"https:\/\/unasp.br\/noticias\/unasp-convida-para-doacao-de-sangue-emergencial\/\",\"name\":\"Unasp convida para doa\u00e7\u00e3o de sangue emergencial - UNASP Noticias\",\"isPartOf\":{\"@id\":\"https:\/\/unasp.br\/noticias\/#website\"},\"primaryImageOfPage\":{\"@id\":\"https:\/\/unasp.br\/noticias\/unasp-convida-para-doacao-de-sangue-emergencial\/#primaryimage\"},\"image\":{\"@id\":\"https:\/\/unasp.br\/noticias\/unasp-convida-para-doacao-de-sangue-emergencial\/#primaryimage\"},\"thumbnailUrl\":\"https:\/\/cdn.unasp.br\/noticias\/wp-content\/uploads\/2020\/11\/18140700\/IMG_1108.jpg\",\"datePublished\":\"2020-11-18T20:16:22+00:00\",\"dateModified\":\"2020-11-18T20:16:24+00:00\",\"description\":\"Para apoiar o Hemocentro da Unicamp, o UNASP vai promover uma doa\u00e7\u00e3o de sangue emergencial, a fim de aumentar o n\u00famero de bolsas no estoque.\",\"breadcrumb\":{\"@id\":\"https:\/\/unasp.br\/noticias\/unasp-convida-para-doacao-de-sangue-emergencial\/#breadcrumb\"},\"inLanguage\":\"pt-BR\",\"potentialAction\":[{\"@type\":\"ReadAction\",\"target\":[\"https:\/\/unasp.br\/noticias\/unasp-convida-para-doacao-de-sangue-emergencial\/\"]}]},{\"@type\":\"ImageObject\",\"inLanguage\":\"pt-BR\",\"@id\":\"https:\/\/unasp.br\/noticias\/unasp-convida-para-doacao-de-sangue-emergencial\/#primaryimage\",\"url\":\"https:\/\/cdn.unasp.br\/noticias\/wp-content\/uploads\/2020\/11\/18140700\/IMG_1108.jpg\",\"contentUrl\":\"https:\/\/cdn.unasp.br\/noticias\/wp-content\/uploads\/2020\/11\/18140700\/IMG_1108.jpg\",\"width\":2048,\"height\":1365,\"caption\":\"Cart\u00e3o em forma de cora\u00e7\u00e3o, com frase de incentivo a doa\u00e7\u00e3o de sangue.\"},{\"@type\":\"BreadcrumbList\",\"@id\":\"https:\/\/unasp.br\/noticias\/unasp-convida-para-doacao-de-sangue-emergencial\/#breadcrumb\",\"itemListElement\":[{\"@type\":\"ListItem\",\"position\":1,\"name\":\"In\u00edcio\",\"item\":\"https:\/\/unasp.br\/noticias\/\"},{\"@type\":\"ListItem\",\"position\":2,\"name\":\"Unasp convida para doa\u00e7\u00e3o de sangue emergencial\"}]},{\"@type\":\"WebSite\",\"@id\":\"https:\/\/unasp.br\/noticias\/#website\",\"url\":\"https:\/\/unasp.br\/noticias\/\",\"name\":\"UNASP Noticias\",\"description\":\"Centro Universit\u00e1rio Adventista de S\u00e3o Paulo\",\"publisher\":{\"@id\":\"https:\/\/unasp.br\/noticias\/#organization\"},\"potentialAction\":[{\"@type\":\"SearchAction\",\"target\":{\"@type\":\"EntryPoint\",\"urlTemplate\":\"https:\/\/unasp.br\/noticias\/?s={search_term_string}\"},\"query-input\":{\"@type\":\"PropertyValueSpecification\",\"valueRequired\":true,\"valueName\":\"search_term_string\"}}],\"inLanguage\":\"pt-BR\"},{\"@type\":\"Organization\",\"@id\":\"https:\/\/unasp.br\/noticias\/#organization\",\"name\":\"UNASP Noticias\",\"url\":\"https:\/\/unasp.br\/noticias\/\",\"logo\":{\"@type\":\"ImageObject\",\"inLanguage\":\"pt-BR\",\"@id\":\"https:\/\/unasp.br\/noticias\/#\/schema\/logo\/image\/\",\"url\":\"https:\/\/cdn.unasp.br\/noticias\/wp-content\/uploads\/2021\/09\/09152724\/logo-unasp-news.png\",\"contentUrl\":\"https:\/\/cdn.unasp.br\/noticias\/wp-content\/uploads\/2021\/09\/09152724\/logo-unasp-news.png\",\"width\":240,\"height\":41,\"caption\":\"UNASP Noticias\"},\"image\":{\"@id\":\"https:\/\/unasp.br\/noticias\/#\/schema\/logo\/image\/\"}},{\"@type\":\"Person\",\"@id\":\"https:\/\/unasp.br\/noticias\/#\/schema\/person\/f3393a032491eabc46fadb3656375334\",\"name\":\"Maria da Gl\u00f3ria Marques de Paula Barreto\",\"image\":{\"@type\":\"ImageObject\",\"inLanguage\":\"pt-BR\",\"@id\":\"https:\/\/unasp.br\/noticias\/#\/schema\/person\/image\/\",\"url\":\"https:\/\/secure.gravatar.com\/avatar\/3c23babfa2a847f4ce1e1403fe341fa3?s=96&d=mm&r=g\",\"contentUrl\":\"https:\/\/secure.gravatar.com\/avatar\/3c23babfa2a847f4ce1e1403fe341fa3?s=96&d=mm&r=g\",\"caption\":\"Maria da Gl\u00f3ria Marques de Paula Barreto\"},\"url\":\"https:\/\/unasp.br\/noticias\/author\/gloria-barretoadventistas-org\/\"}]}<\/script>\n<!-- \/ Yoast SEO plugin. -->","yoast_head_json":{"title":"Unasp convida para doa\u00e7\u00e3o de sangue emergencial - UNASP Noticias","description":"Para apoiar o Hemocentro da Unicamp, o UNASP vai promover uma doa\u00e7\u00e3o de sangue emergencial, a fim de aumentar o n\u00famero de bolsas no estoque.","robots":{"index":"index","follow":"follow","max-snippet":"max-snippet:-1","max-image-preview":"max-image-preview:large","max-video-preview":"max-video-preview:-1"},"canonical":"https:\/\/unasp.br\/noticias\/unasp-convida-para-doacao-de-sangue-emergencial\/","og_locale":"pt_BR","og_type":"article","og_title":"Unasp convida para doa\u00e7\u00e3o de sangue emergencial - UNASP Noticias","og_description":"Para apoiar o Hemocentro da Unicamp, o UNASP vai promover uma doa\u00e7\u00e3o de sangue emergencial, a fim de aumentar o n\u00famero de bolsas no estoque.","og_url":"https:\/\/unasp.br\/noticias\/unasp-convida-para-doacao-de-sangue-emergencial\/","og_site_name":"UNASP Noticias","article_published_time":"2020-11-18T20:16:22+00:00","article_modified_time":"2020-11-18T20:16:24+00:00","og_image":[{"width":2048,"height":1365,"url":"https:\/\/cdn.unasp.br\/noticias\/wp-content\/uploads\/2020\/11\/18140700\/IMG_1108.jpg","type":"image\/jpeg"}],"author":"Maria da Gl\u00f3ria Marques de Paula Barreto","twitter_card":"summary_large_image","twitter_misc":{"Escrito por":"Maria da Gl\u00f3ria Marques de Paula Barreto","Est. tempo de leitura":"2 minutos"},"schema":{"@context":"https:\/\/schema.org","@graph":[{"@type":"Article","@id":"https:\/\/unasp.br\/noticias\/unasp-convida-para-doacao-de-sangue-emergencial\/#article","isPartOf":{"@id":"https:\/\/unasp.br\/noticias\/unasp-convida-para-doacao-de-sangue-emergencial\/"},"author":{"name":"Maria da Gl\u00f3ria Marques de Paula Barreto","@id":"https:\/\/unasp.br\/noticias\/#\/schema\/person\/f3393a032491eabc46fadb3656375334"},"headline":"Unasp convida para doa\u00e7\u00e3o de sangue emergencial","datePublished":"2020-11-18T20:16:22+00:00","dateModified":"2020-11-18T20:16:24+00:00","mainEntityOfPage":{"@id":"https:\/\/unasp.br\/noticias\/unasp-convida-para-doacao-de-sangue-emergencial\/"},"wordCount":451,"commentCount":0,"publisher":{"@id":"https:\/\/unasp.br\/noticias\/#organization"},"image":{"@id":"https:\/\/unasp.br\/noticias\/unasp-convida-para-doacao-de-sangue-emergencial\/#primaryimage"},"thumbnailUrl":"https:\/\/cdn.unasp.br\/noticias\/wp-content\/uploads\/2020\/11\/18140700\/IMG_1108.jpg","articleSection":["Impacto Social"],"inLanguage":"pt-BR","potentialAction":[{"@type":"CommentAction","name":"Comment","target":["https:\/\/unasp.br\/noticias\/unasp-convida-para-doacao-de-sangue-emergencial\/#respond"]}]},{"@type":"WebPage","@id":"https:\/\/unasp.br\/noticias\/unasp-convida-para-doacao-de-sangue-emergencial\/","url":"https:\/\/unasp.br\/noticias\/unasp-convida-para-doacao-de-sangue-emergencial\/","name":"Unasp convida para doa\u00e7\u00e3o de sangue emergencial - UNASP Noticias","isPartOf":{"@id":"https:\/\/unasp.br\/noticias\/#website"},"primaryImageOfPage":{"@id":"https:\/\/unasp.br\/noticias\/unasp-convida-para-doacao-de-sangue-emergencial\/#primaryimage"},"image":{"@id":"https:\/\/unasp.br\/noticias\/unasp-convida-para-doacao-de-sangue-emergencial\/#primaryimage"},"thumbnailUrl":"https:\/\/cdn.unasp.br\/noticias\/wp-content\/uploads\/2020\/11\/18140700\/IMG_1108.jpg","datePublished":"2020-11-18T20:16:22+00:00","dateModified":"2020-11-18T20:16:24+00:00","description":"Para apoiar o Hemocentro da Unicamp, o UNASP vai promover uma doa\u00e7\u00e3o de sangue emergencial, a fim de aumentar o n\u00famero de bolsas no estoque.","breadcrumb":{"@id":"https:\/\/unasp.br\/noticias\/unasp-convida-para-doacao-de-sangue-emergencial\/#breadcrumb"},"inLanguage":"pt-BR","potentialAction":[{"@type":"ReadAction","target":["https:\/\/unasp.br\/noticias\/unasp-convida-para-doacao-de-sangue-emergencial\/"]}]},{"@type":"ImageObject","inLanguage":"pt-BR","@id":"https:\/\/unasp.br\/noticias\/unasp-convida-para-doacao-de-sangue-emergencial\/#primaryimage","url":"https:\/\/cdn.unasp.br\/noticias\/wp-content\/uploads\/2020\/11\/18140700\/IMG_1108.jpg","contentUrl":"https:\/\/cdn.unasp.br\/noticias\/wp-content\/uploads\/2020\/11\/18140700\/IMG_1108.jpg","width":2048,"height":1365,"caption":"Cart\u00e3o em forma de cora\u00e7\u00e3o, com frase de incentivo a doa\u00e7\u00e3o de sangue."},{"@type":"BreadcrumbList","@id":"https:\/\/unasp.br\/noticias\/unasp-convida-para-doacao-de-sangue-emergencial\/#breadcrumb","itemListElement":[{"@type":"ListItem","position":1,"name":"In\u00edcio","item":"https:\/\/unasp.br\/noticias\/"},{"@type":"ListItem","position":2,"name":"Unasp convida para doa\u00e7\u00e3o de sangue emergencial"}]},{"@type":"WebSite","@id":"https:\/\/unasp.br\/noticias\/#website","url":"https:\/\/unasp.br\/noticias\/","name":"UNASP Noticias","description":"Centro Universit\u00e1rio Adventista de S\u00e3o Paulo","publisher":{"@id":"https:\/\/unasp.br\/noticias\/#organization"},"potentialAction":[{"@type":"SearchAction","target":{"@type":"EntryPoint","urlTemplate":"https:\/\/unasp.br\/noticias\/?s={search_term_string}"},"query-input":{"@type":"PropertyValueSpecification","valueRequired":true,"valueName":"search_term_string"}}],"inLanguage":"pt-BR"},{"@type":"Organization","@id":"https:\/\/unasp.br\/noticias\/#organization","name":"UNASP Noticias","url":"https:\/\/unasp.br\/noticias\/","logo":{"@type":"ImageObject","inLanguage":"pt-BR","@id":"https:\/\/unasp.br\/noticias\/#\/schema\/logo\/image\/","url":"https:\/\/cdn.unasp.br\/noticias\/wp-content\/uploads\/2021\/09\/09152724\/logo-unasp-news.png","contentUrl":"https:\/\/cdn.unasp.br\/noticias\/wp-content\/uploads\/2021\/09\/09152724\/logo-unasp-news.png","width":240,"height":41,"caption":"UNASP Noticias"},"image":{"@id":"https:\/\/unasp.br\/noticias\/#\/schema\/logo\/image\/"}},{"@type":"Person","@id":"https:\/\/unasp.br\/noticias\/#\/schema\/person\/f3393a032491eabc46fadb3656375334","name":"Maria da Gl\u00f3ria Marques de Paula Barreto","image":{"@type":"ImageObject","inLanguage":"pt-BR","@id":"https:\/\/unasp.br\/noticias\/#\/schema\/person\/image\/","url":"https:\/\/secure.gravatar.com\/avatar\/3c23babfa2a847f4ce1e1403fe341fa3?s=96&d=mm&r=g","contentUrl":"https:\/\/secure.gravatar.com\/avatar\/3c23babfa2a847f4ce1e1403fe341fa3?s=96&d=mm&r=g","caption":"Maria da Gl\u00f3ria Marques de Paula Barreto"},"url":"https:\/\/unasp.br\/noticias\/author\/gloria-barretoadventistas-org\/"}]}},"_links":{"self":[{"href":"https:\/\/unasp.br\/noticias\/wp-json\/wp\/v2\/posts\/91640"}],"collection":[{"href":"https:\/\/unasp.br\/noticias\/wp-json\/wp\/v2\/posts"}],"about":[{"href":"https:\/\/unasp.br\/noticias\/wp-json\/wp\/v2\/types\/post"}],"author":[{"embeddable":true,"href":"https:\/\/unasp.br\/noticias\/wp-json\/wp\/v2\/users\/73"}],"replies":[{"embeddable":true,"href":"https:\/\/unasp.br\/noticias\/wp-json\/wp\/v2\/comments?post=91640"}],"version-history":[{"count":1,"href":"https:\/\/unasp.br\/noticias\/wp-json\/wp\/v2\/posts\/91640\/revisions"}],"predecessor-version":[{"id":91645,"href":"https:\/\/unasp.br\/noticias\/wp-json\/wp\/v2\/posts\/91640\/revisions\/91645"}],"wp:featuredmedia":[{"embeddable":true,"href":"https:\/\/unasp.br\/noticias\/wp-json\/wp\/v2\/media\/91642"}],"wp:attachment":[{"href":"https:\/\/unasp.br\/noticias\/wp-json\/wp\/v2\/media?parent=91640"}],"wp:term":[{"taxonomy":"category","embeddable":true,"href":"https:\/\/unasp.br\/noticias\/wp-json\/wp\/v2\/categories?post=91640"},{"taxonomy":"post_tag","embeddable":true,"href":"https:\/\/unasp.br\/noticias\/wp-json\/wp\/v2\/tags?post=91640"}],"curies":[{"name":"wp","href":"https:\/\/api.w.org\/{rel}","templated":true}]}}