{"id":91935,"date":"2020-12-12T12:40:12","date_gmt":"2020-12-12T15:40:12","guid":{"rendered":"https:\/\/www.unasp.br\/noticias\/?p=91935"},"modified":"2020-12-12T12:40:13","modified_gmt":"2020-12-12T15:40:13","slug":"pastoral-do-unasp-ead-realiza-projeto-de-acolhimento-e-transforma-vidas","status":"publish","type":"post","link":"https:\/\/unasp.br\/noticias\/pastoral-do-unasp-ead-realiza-projeto-de-acolhimento-e-transforma-vidas\/","title":{"rendered":"Pastoral do UNASP EaD realiza projeto de acolhimento e transforma vidas"},"content":{"rendered":"\n<div class=\"wp-block-columns is-layout-flex wp-container-core-columns-layout-1 wp-block-columns-is-layout-flex\">\n<div class=\"wp-block-column is-layout-flow wp-block-column-is-layout-flow\">\n<figure class=\"wp-block-image size-large\"><img loading=\"lazy\" decoding=\"async\" width=\"1024\" height=\"682\" src=\"https:\/\/www.unasp.br\/noticias\/wp-content\/uploads\/2020\/12\/WhatsApp-Image-2020-12-11-at-22.53.15-1024x682.jpeg\" alt=\"\" class=\"wp-image-91937\" srcset=\"https:\/\/cdn.unasp.br\/noticias\/wp-content\/uploads\/2020\/12\/12093338\/WhatsApp-Image-2020-12-11-at-22.53.15-1024x682.jpeg 1024w, https:\/\/cdn.unasp.br\/noticias\/wp-content\/uploads\/2020\/12\/12093338\/WhatsApp-Image-2020-12-11-at-22.53.15-300x200.jpeg 300w, https:\/\/cdn.unasp.br\/noticias\/wp-content\/uploads\/2020\/12\/12093338\/WhatsApp-Image-2020-12-11-at-22.53.15-768x512.jpeg 768w, https:\/\/cdn.unasp.br\/noticias\/wp-content\/uploads\/2020\/12\/12093338\/WhatsApp-Image-2020-12-11-at-22.53.15-900x600.jpeg 900w, https:\/\/cdn.unasp.br\/noticias\/wp-content\/uploads\/2020\/12\/12093338\/WhatsApp-Image-2020-12-11-at-22.53.15-1200x800.jpeg 1200w, https:\/\/cdn.unasp.br\/noticias\/wp-content\/uploads\/2020\/12\/12093338\/WhatsApp-Image-2020-12-11-at-22.53.15-1080x720.jpeg 1080w, https:\/\/cdn.unasp.br\/noticias\/wp-content\/uploads\/2020\/12\/12093338\/WhatsApp-Image-2020-12-11-at-22.53.15-800x533.jpeg 800w, https:\/\/cdn.unasp.br\/noticias\/wp-content\/uploads\/2020\/12\/12093338\/WhatsApp-Image-2020-12-11-at-22.53.15-750x500.jpeg 750w, https:\/\/cdn.unasp.br\/noticias\/wp-content\/uploads\/2020\/12\/12093338\/WhatsApp-Image-2020-12-11-at-22.53.15-720x480.jpeg 720w, https:\/\/cdn.unasp.br\/noticias\/wp-content\/uploads\/2020\/12\/12093338\/WhatsApp-Image-2020-12-11-at-22.53.15-420x280.jpeg 420w, https:\/\/cdn.unasp.br\/noticias\/wp-content\/uploads\/2020\/12\/12093338\/WhatsApp-Image-2020-12-11-at-22.53.15-500x333.jpeg 500w, https:\/\/cdn.unasp.br\/noticias\/wp-content\/uploads\/2020\/12\/12093338\/WhatsApp-Image-2020-12-11-at-22.53.15-400x267.jpeg 400w, https:\/\/cdn.unasp.br\/noticias\/wp-content\/uploads\/2020\/12\/12093338\/WhatsApp-Image-2020-12-11-at-22.53.15-375x250.jpeg 375w, https:\/\/cdn.unasp.br\/noticias\/wp-content\/uploads\/2020\/12\/12093338\/WhatsApp-Image-2020-12-11-at-22.53.15-225x150.jpeg 225w, https:\/\/cdn.unasp.br\/noticias\/wp-content\/uploads\/2020\/12\/12093338\/WhatsApp-Image-2020-12-11-at-22.53.15-175x117.jpeg 175w, https:\/\/cdn.unasp.br\/noticias\/wp-content\/uploads\/2020\/12\/12093338\/WhatsApp-Image-2020-12-11-at-22.53.15-200x133.jpeg 200w, https:\/\/cdn.unasp.br\/noticias\/wp-content\/uploads\/2020\/12\/12093338\/WhatsApp-Image-2020-12-11-at-22.53.15.jpeg 1280w\" sizes=\"(max-width: 1024px) 100vw, 1024px\" \/><figcaption>Jhonathan, Tania e Pr. Martin Kuhn.<\/figcaption><\/figure>\n<\/div>\n\n\n\n<div class=\"wp-block-column is-layout-flow wp-block-column-is-layout-flow\">\n<p> A modalidade de ensino \u00e0 dist\u00e2ncia iniciou em 2018 no Centro Universit\u00e1rio Adventista de S\u00e3o Paulo (UNASP), e foi nesse mesmo ano que a aluna Tania de F\u00e1tima Ribeiro come\u00e7ou uma nova etapa da sua vida se matriculando no curso de Pedagogia. Ontem, 11 de dezembro, Tania foi batizada na igreja do UNASP, campus Engenheiro Coelho, pelo reitor, professor e pastor Dr. Martin Kuhn, fruto do trabalho realizado pela Pastoral do EaD. <\/p>\n<\/div>\n<\/div>\n\n\n\n<p>T\u00e2nia perdeu o pai muito nova, foi criada apenas pela m\u00e3e. Sem fam\u00edlia e parentes, m\u00e3e e filha caminharam juntas. H\u00e1 alguns anos sua m\u00e3e sofreu um acidente vascular cerebral (AVC) que a impossibilitou de andar e falar. Ap\u00f3s a morte de sua maior companheira, em 2018, Tania decidiu ingressar em uma nova faculdade, e atrav\u00e9s de algumas amigas conheceu o UNASP EaD. Era formada em Servi\u00e7o Social, mas a vontade de fazer Pedagogia surgiu para realizar um sonho antigo seu e de sua m\u00e3e: ser professora. Tania conta que ficou surpreendida ao ser recebida com tanta simpatia e acolhimento pelo UNASP. \u201cEu poderia enumerar as coisas maravilhosas que tenho recebido aqui, mas atrav\u00e9s do abra\u00e7o que eles oferecem aos alunos eu passei a ter novamente uma fam\u00edlia\u201d, compartilhou.<\/p>\n\n\n\n<h2 class=\"has-luminous-vivid-orange-color has-text-color wp-block-heading\"><strong>Projeto<\/strong><\/h2>\n\n\n\n<p>O l\u00edder da Pastoral do EaD, Jhonathan Ramos, criou o projeto de ligar para os alunos aniversariantes, proporcionando um momento agrad\u00e1vel de conversa e ora\u00e7\u00e3o. Atrav\u00e9s das liga\u00e7\u00f5es s\u00e3o oferecidos estudos b\u00edblicos e, conforme os estudos avan\u00e7am, a pastoral entra em contato com a igreja local do aluno para realizar a integra\u00e7\u00e3o. Isso aconteceu com a Tania, ela passou a frequentar a igreja do Castelo em Campinas ap\u00f3s nesta integra\u00e7\u00e3o e a congrega\u00e7\u00e3o abra\u00e7ou tamb\u00e9m. \u201cEla encontrou no UNASP EaD uma fam\u00edlia que ela n\u00e3o teve\u201d, disse Jhonathan.<\/p>\n\n\n\n<p>Tania relembra que seu anivers\u00e1rio este ano foi solit\u00e1rio e muito triste. Naquele dia a saudade de sua m\u00e3e tomava conta do seu cora\u00e7\u00e3o. \u201cO mestre Jhonathan me ligou representando todos meus professores, aquela liga\u00e7\u00e3o quase no finalzinho da tarde foi um despertar de Deus dizendo que eu n\u00e3o estava sozinha, que eu sou especial, \u00f3tima aluna e me ofereceu um estudo b\u00edblico\u201d, contou.<\/p>\n\n\n\n<h2 class=\"has-luminous-vivid-orange-color has-text-color wp-block-heading\"><strong>Decis\u00e3o<\/strong><\/h2>\n\n\n\n<div class=\"wp-block-image\"><figure class=\"alignleft size-large is-resized\"><img loading=\"lazy\" decoding=\"async\" src=\"https:\/\/www.unasp.br\/noticias\/wp-content\/uploads\/2020\/12\/WhatsApp-Image-2020-12-11-at-22.53.18-1-682x1024.jpeg\" alt=\"\" class=\"wp-image-91936\" width=\"309\" height=\"463\" srcset=\"https:\/\/cdn.unasp.br\/noticias\/wp-content\/uploads\/2020\/12\/12093035\/WhatsApp-Image-2020-12-11-at-22.53.18-1-682x1024.jpeg 682w, https:\/\/cdn.unasp.br\/noticias\/wp-content\/uploads\/2020\/12\/12093035\/WhatsApp-Image-2020-12-11-at-22.53.18-1-200x300.jpeg 200w, https:\/\/cdn.unasp.br\/noticias\/wp-content\/uploads\/2020\/12\/12093035\/WhatsApp-Image-2020-12-11-at-22.53.18-1-768x1152.jpeg 768w, https:\/\/cdn.unasp.br\/noticias\/wp-content\/uploads\/2020\/12\/12093035\/WhatsApp-Image-2020-12-11-at-22.53.18-1-400x600.jpeg 400w, https:\/\/cdn.unasp.br\/noticias\/wp-content\/uploads\/2020\/12\/12093035\/WhatsApp-Image-2020-12-11-at-22.53.18-1-533x800.jpeg 533w, https:\/\/cdn.unasp.br\/noticias\/wp-content\/uploads\/2020\/12\/12093035\/WhatsApp-Image-2020-12-11-at-22.53.18-1-480x720.jpeg 480w, https:\/\/cdn.unasp.br\/noticias\/wp-content\/uploads\/2020\/12\/12093035\/WhatsApp-Image-2020-12-11-at-22.53.18-1-333x500.jpeg 333w, https:\/\/cdn.unasp.br\/noticias\/wp-content\/uploads\/2020\/12\/12093035\/WhatsApp-Image-2020-12-11-at-22.53.18-1-320x480.jpeg 320w, https:\/\/cdn.unasp.br\/noticias\/wp-content\/uploads\/2020\/12\/12093035\/WhatsApp-Image-2020-12-11-at-22.53.18-1-187x280.jpeg 187w, https:\/\/cdn.unasp.br\/noticias\/wp-content\/uploads\/2020\/12\/12093035\/WhatsApp-Image-2020-12-11-at-22.53.18-1-267x400.jpeg 267w, https:\/\/cdn.unasp.br\/noticias\/wp-content\/uploads\/2020\/12\/12093035\/WhatsApp-Image-2020-12-11-at-22.53.18-1-167x250.jpeg 167w, https:\/\/cdn.unasp.br\/noticias\/wp-content\/uploads\/2020\/12\/12093035\/WhatsApp-Image-2020-12-11-at-22.53.18-1-133x200.jpeg 133w, https:\/\/cdn.unasp.br\/noticias\/wp-content\/uploads\/2020\/12\/12093035\/WhatsApp-Image-2020-12-11-at-22.53.18-1-100x150.jpeg 100w, https:\/\/cdn.unasp.br\/noticias\/wp-content\/uploads\/2020\/12\/12093035\/WhatsApp-Image-2020-12-11-at-22.53.18-1-175x263.jpeg 175w, https:\/\/cdn.unasp.br\/noticias\/wp-content\/uploads\/2020\/12\/12093035\/WhatsApp-Image-2020-12-11-at-22.53.18-1.jpeg 853w\" sizes=\"(max-width: 309px) 100vw, 309px\" \/><figcaption>Tania sendo batizada pelo reitor Pr. Martin Kuhn.<\/figcaption><\/figure><\/div>\n\n\n\n<p>Tania encontrou no UNASP os mesmos princ\u00edpios que sua m\u00e3e lhe ensinou durante a vida. Amor ao pr\u00f3ximo, esperan\u00e7a e acolhimento s\u00e3o os principais ensinamentos que ela carrega no cora\u00e7\u00e3o e que ela recebeu da institui\u00e7\u00e3o. A aluna diz que nos momentos de alegria e tristeza ela encontrou nos tutores conforto, abra\u00e7o e ora\u00e7\u00e3o.<\/p>\n\n\n\n<p>Ap\u00f3s a decis\u00e3o pelo batismo, Jhonathan e o Pr\u00f3-Reitor do EaD, Fabiano Leichsering Silva, visitaram a aluna. Jhonathan relata que era vis\u00edvel a felicidade De Tania pelo batismo e sua ansiedade para este dia chegar. \u201cEsse \u00e9 o trabalho em equipe mostrando que unidos, fazendo nosso melhor o resultado \u00e9 a convers\u00e3o para o reino dos c\u00e9us\u201d, ressaltou.<\/p>\n\n\n\n<p>No momento do batismo pastoral do EaD, foi transmitido um v\u00eddeo com os tutores da formanda dando parab\u00e9ns pela decis\u00e3o. A alegria e gratid\u00e3o de Tania eram vis\u00edveis. \u201cEu agrade\u00e7o muito por hoje poder compartilhar esse momento t\u00e3o importante com a minha fam\u00edlia UNASP. Viva essa fam\u00edlia que eu amo e tenho orgulho\u201d, vibrou a aluna.<\/p>\n\n\n\n<p>O pastor e reitor do UNASP, Dr. Martin Kuhn, teve o prazer de batizar a aluna e sentir a felicidade da Tania dentro do tanque batismal. Para ele \u201ca Tania \u00e9 um exemplo para n\u00f3s, assim como n\u00f3s somos uma fam\u00edlia para ela, Deus tem uma ben\u00e7\u00e3o para o EaD\u201d, afirmou.<\/p>\n","protected":false},"excerpt":{"rendered":"<p>A modalidade de ensino \u00e0 dist\u00e2ncia iniciou em 2018 no Centro Universit\u00e1rio Adventista de S\u00e3o Paulo (UNASP), [&hellip;]<\/p>\n","protected":false},"author":30,"featured_media":91937,"comment_status":"open","ping_status":"open","sticky":false,"template":"","format":"standard","meta":{"footnotes":""},"categories":[1846],"tags":[],"yoast_head":"<!-- This site is optimized with the Yoast SEO plugin v23.5 - https:\/\/yoast.com\/wordpress\/plugins\/seo\/ -->\n<title>Pastoral do UNASP EaD realiza projeto de acolhimento e transforma vidas - UNASP Noticias<\/title>\n<meta name=\"robots\" content=\"index, follow, max-snippet:-1, max-image-preview:large, max-video-preview:-1\" \/>\n<link rel=\"canonical\" href=\"https:\/\/unasp.br\/noticias\/pastoral-do-unasp-ead-realiza-projeto-de-acolhimento-e-transforma-vidas\/\" \/>\n<meta property=\"og:locale\" content=\"pt_BR\" \/>\n<meta property=\"og:type\" content=\"article\" \/>\n<meta property=\"og:title\" content=\"Pastoral do UNASP EaD realiza projeto de acolhimento e transforma vidas - UNASP Noticias\" \/>\n<meta property=\"og:description\" content=\"A modalidade de ensino \u00e0 dist\u00e2ncia iniciou em 2018 no Centro Universit\u00e1rio Adventista de S\u00e3o Paulo (UNASP), [&hellip;]\" \/>\n<meta property=\"og:url\" content=\"https:\/\/unasp.br\/noticias\/pastoral-do-unasp-ead-realiza-projeto-de-acolhimento-e-transforma-vidas\/\" \/>\n<meta property=\"og:site_name\" content=\"UNASP Noticias\" \/>\n<meta property=\"article:published_time\" content=\"2020-12-12T15:40:12+00:00\" \/>\n<meta property=\"article:modified_time\" content=\"2020-12-12T15:40:13+00:00\" \/>\n<meta property=\"og:image\" content=\"https:\/\/cdn.unasp.br\/noticias\/wp-content\/uploads\/2020\/12\/12093338\/WhatsApp-Image-2020-12-11-at-22.53.15.jpeg\" \/>\n\t<meta property=\"og:image:width\" content=\"1280\" \/>\n\t<meta property=\"og:image:height\" content=\"853\" \/>\n\t<meta property=\"og:image:type\" content=\"image\/jpeg\" \/>\n<meta name=\"author\" content=\"Aira Almeida\" \/>\n<meta name=\"twitter:card\" content=\"summary_large_image\" \/>\n<meta name=\"twitter:label1\" content=\"Escrito por\" \/>\n\t<meta name=\"twitter:data1\" content=\"Aira Almeida\" \/>\n\t<meta name=\"twitter:label2\" content=\"Est. tempo de leitura\" \/>\n\t<meta name=\"twitter:data2\" content=\"3 minutos\" \/>\n<script type=\"application\/ld+json\" class=\"yoast-schema-graph\">{\"@context\":\"https:\/\/schema.org\",\"@graph\":[{\"@type\":\"Article\",\"@id\":\"https:\/\/unasp.br\/noticias\/pastoral-do-unasp-ead-realiza-projeto-de-acolhimento-e-transforma-vidas\/#article\",\"isPartOf\":{\"@id\":\"https:\/\/unasp.br\/noticias\/pastoral-do-unasp-ead-realiza-projeto-de-acolhimento-e-transforma-vidas\/\"},\"author\":{\"name\":\"Aira Almeida\",\"@id\":\"https:\/\/unasp.br\/noticias\/#\/schema\/person\/80f09a3ec674501e6bb13144ffa2489f\"},\"headline\":\"Pastoral do UNASP EaD realiza projeto de acolhimento e transforma vidas\",\"datePublished\":\"2020-12-12T15:40:12+00:00\",\"dateModified\":\"2020-12-12T15:40:13+00:00\",\"mainEntityOfPage\":{\"@id\":\"https:\/\/unasp.br\/noticias\/pastoral-do-unasp-ead-realiza-projeto-de-acolhimento-e-transforma-vidas\/\"},\"wordCount\":661,\"commentCount\":0,\"publisher\":{\"@id\":\"https:\/\/unasp.br\/noticias\/#organization\"},\"image\":{\"@id\":\"https:\/\/unasp.br\/noticias\/pastoral-do-unasp-ead-realiza-projeto-de-acolhimento-e-transforma-vidas\/#primaryimage\"},\"thumbnailUrl\":\"https:\/\/cdn.unasp.br\/noticias\/wp-content\/uploads\/2020\/12\/12093338\/WhatsApp-Image-2020-12-11-at-22.53.15.jpeg\",\"articleSection\":[\"Formaturas\"],\"inLanguage\":\"pt-BR\",\"potentialAction\":[{\"@type\":\"CommentAction\",\"name\":\"Comment\",\"target\":[\"https:\/\/unasp.br\/noticias\/pastoral-do-unasp-ead-realiza-projeto-de-acolhimento-e-transforma-vidas\/#respond\"]}]},{\"@type\":\"WebPage\",\"@id\":\"https:\/\/unasp.br\/noticias\/pastoral-do-unasp-ead-realiza-projeto-de-acolhimento-e-transforma-vidas\/\",\"url\":\"https:\/\/unasp.br\/noticias\/pastoral-do-unasp-ead-realiza-projeto-de-acolhimento-e-transforma-vidas\/\",\"name\":\"Pastoral do UNASP EaD realiza projeto de acolhimento e transforma vidas - UNASP Noticias\",\"isPartOf\":{\"@id\":\"https:\/\/unasp.br\/noticias\/#website\"},\"primaryImageOfPage\":{\"@id\":\"https:\/\/unasp.br\/noticias\/pastoral-do-unasp-ead-realiza-projeto-de-acolhimento-e-transforma-vidas\/#primaryimage\"},\"image\":{\"@id\":\"https:\/\/unasp.br\/noticias\/pastoral-do-unasp-ead-realiza-projeto-de-acolhimento-e-transforma-vidas\/#primaryimage\"},\"thumbnailUrl\":\"https:\/\/cdn.unasp.br\/noticias\/wp-content\/uploads\/2020\/12\/12093338\/WhatsApp-Image-2020-12-11-at-22.53.15.jpeg\",\"datePublished\":\"2020-12-12T15:40:12+00:00\",\"dateModified\":\"2020-12-12T15:40:13+00:00\",\"breadcrumb\":{\"@id\":\"https:\/\/unasp.br\/noticias\/pastoral-do-unasp-ead-realiza-projeto-de-acolhimento-e-transforma-vidas\/#breadcrumb\"},\"inLanguage\":\"pt-BR\",\"potentialAction\":[{\"@type\":\"ReadAction\",\"target\":[\"https:\/\/unasp.br\/noticias\/pastoral-do-unasp-ead-realiza-projeto-de-acolhimento-e-transforma-vidas\/\"]}]},{\"@type\":\"ImageObject\",\"inLanguage\":\"pt-BR\",\"@id\":\"https:\/\/unasp.br\/noticias\/pastoral-do-unasp-ead-realiza-projeto-de-acolhimento-e-transforma-vidas\/#primaryimage\",\"url\":\"https:\/\/cdn.unasp.br\/noticias\/wp-content\/uploads\/2020\/12\/12093338\/WhatsApp-Image-2020-12-11-at-22.53.15.jpeg\",\"contentUrl\":\"https:\/\/cdn.unasp.br\/noticias\/wp-content\/uploads\/2020\/12\/12093338\/WhatsApp-Image-2020-12-11-at-22.53.15.jpeg\",\"width\":1280,\"height\":853},{\"@type\":\"BreadcrumbList\",\"@id\":\"https:\/\/unasp.br\/noticias\/pastoral-do-unasp-ead-realiza-projeto-de-acolhimento-e-transforma-vidas\/#breadcrumb\",\"itemListElement\":[{\"@type\":\"ListItem\",\"position\":1,\"name\":\"In\u00edcio\",\"item\":\"https:\/\/unasp.br\/noticias\/\"},{\"@type\":\"ListItem\",\"position\":2,\"name\":\"Pastoral do UNASP EaD realiza projeto de acolhimento e transforma vidas\"}]},{\"@type\":\"WebSite\",\"@id\":\"https:\/\/unasp.br\/noticias\/#website\",\"url\":\"https:\/\/unasp.br\/noticias\/\",\"name\":\"UNASP Noticias\",\"description\":\"Centro Universit\u00e1rio Adventista de S\u00e3o Paulo\",\"publisher\":{\"@id\":\"https:\/\/unasp.br\/noticias\/#organization\"},\"potentialAction\":[{\"@type\":\"SearchAction\",\"target\":{\"@type\":\"EntryPoint\",\"urlTemplate\":\"https:\/\/unasp.br\/noticias\/?s={search_term_string}\"},\"query-input\":{\"@type\":\"PropertyValueSpecification\",\"valueRequired\":true,\"valueName\":\"search_term_string\"}}],\"inLanguage\":\"pt-BR\"},{\"@type\":\"Organization\",\"@id\":\"https:\/\/unasp.br\/noticias\/#organization\",\"name\":\"UNASP Noticias\",\"url\":\"https:\/\/unasp.br\/noticias\/\",\"logo\":{\"@type\":\"ImageObject\",\"inLanguage\":\"pt-BR\",\"@id\":\"https:\/\/unasp.br\/noticias\/#\/schema\/logo\/image\/\",\"url\":\"https:\/\/cdn.unasp.br\/noticias\/wp-content\/uploads\/2021\/09\/09152724\/logo-unasp-news.png\",\"contentUrl\":\"https:\/\/cdn.unasp.br\/noticias\/wp-content\/uploads\/2021\/09\/09152724\/logo-unasp-news.png\",\"width\":240,\"height\":41,\"caption\":\"UNASP Noticias\"},\"image\":{\"@id\":\"https:\/\/unasp.br\/noticias\/#\/schema\/logo\/image\/\"}},{\"@type\":\"Person\",\"@id\":\"https:\/\/unasp.br\/noticias\/#\/schema\/person\/80f09a3ec674501e6bb13144ffa2489f\",\"name\":\"Aira Almeida\",\"image\":{\"@type\":\"ImageObject\",\"inLanguage\":\"pt-BR\",\"@id\":\"https:\/\/unasp.br\/noticias\/#\/schema\/person\/image\/\",\"url\":\"https:\/\/secure.gravatar.com\/avatar\/e30ea867fdd5a41ec6a0cb350dcd108e?s=96&d=mm&r=g\",\"contentUrl\":\"https:\/\/secure.gravatar.com\/avatar\/e30ea867fdd5a41ec6a0cb350dcd108e?s=96&d=mm&r=g\",\"caption\":\"Aira Almeida\"},\"url\":\"https:\/\/unasp.br\/noticias\/author\/aira-almeidaedu-unasp-br\/\"}]}<\/script>\n<!-- \/ Yoast SEO plugin. -->","yoast_head_json":{"title":"Pastoral do UNASP EaD realiza projeto de acolhimento e transforma vidas - UNASP Noticias","robots":{"index":"index","follow":"follow","max-snippet":"max-snippet:-1","max-image-preview":"max-image-preview:large","max-video-preview":"max-video-preview:-1"},"canonical":"https:\/\/unasp.br\/noticias\/pastoral-do-unasp-ead-realiza-projeto-de-acolhimento-e-transforma-vidas\/","og_locale":"pt_BR","og_type":"article","og_title":"Pastoral do UNASP EaD realiza projeto de acolhimento e transforma vidas - UNASP Noticias","og_description":"A modalidade de ensino \u00e0 dist\u00e2ncia iniciou em 2018 no Centro Universit\u00e1rio Adventista de S\u00e3o Paulo (UNASP), [&hellip;]","og_url":"https:\/\/unasp.br\/noticias\/pastoral-do-unasp-ead-realiza-projeto-de-acolhimento-e-transforma-vidas\/","og_site_name":"UNASP Noticias","article_published_time":"2020-12-12T15:40:12+00:00","article_modified_time":"2020-12-12T15:40:13+00:00","og_image":[{"width":1280,"height":853,"url":"https:\/\/cdn.unasp.br\/noticias\/wp-content\/uploads\/2020\/12\/12093338\/WhatsApp-Image-2020-12-11-at-22.53.15.jpeg","type":"image\/jpeg"}],"author":"Aira Almeida","twitter_card":"summary_large_image","twitter_misc":{"Escrito por":"Aira Almeida","Est. tempo de leitura":"3 minutos"},"schema":{"@context":"https:\/\/schema.org","@graph":[{"@type":"Article","@id":"https:\/\/unasp.br\/noticias\/pastoral-do-unasp-ead-realiza-projeto-de-acolhimento-e-transforma-vidas\/#article","isPartOf":{"@id":"https:\/\/unasp.br\/noticias\/pastoral-do-unasp-ead-realiza-projeto-de-acolhimento-e-transforma-vidas\/"},"author":{"name":"Aira Almeida","@id":"https:\/\/unasp.br\/noticias\/#\/schema\/person\/80f09a3ec674501e6bb13144ffa2489f"},"headline":"Pastoral do UNASP EaD realiza projeto de acolhimento e transforma vidas","datePublished":"2020-12-12T15:40:12+00:00","dateModified":"2020-12-12T15:40:13+00:00","mainEntityOfPage":{"@id":"https:\/\/unasp.br\/noticias\/pastoral-do-unasp-ead-realiza-projeto-de-acolhimento-e-transforma-vidas\/"},"wordCount":661,"commentCount":0,"publisher":{"@id":"https:\/\/unasp.br\/noticias\/#organization"},"image":{"@id":"https:\/\/unasp.br\/noticias\/pastoral-do-unasp-ead-realiza-projeto-de-acolhimento-e-transforma-vidas\/#primaryimage"},"thumbnailUrl":"https:\/\/cdn.unasp.br\/noticias\/wp-content\/uploads\/2020\/12\/12093338\/WhatsApp-Image-2020-12-11-at-22.53.15.jpeg","articleSection":["Formaturas"],"inLanguage":"pt-BR","potentialAction":[{"@type":"CommentAction","name":"Comment","target":["https:\/\/unasp.br\/noticias\/pastoral-do-unasp-ead-realiza-projeto-de-acolhimento-e-transforma-vidas\/#respond"]}]},{"@type":"WebPage","@id":"https:\/\/unasp.br\/noticias\/pastoral-do-unasp-ead-realiza-projeto-de-acolhimento-e-transforma-vidas\/","url":"https:\/\/unasp.br\/noticias\/pastoral-do-unasp-ead-realiza-projeto-de-acolhimento-e-transforma-vidas\/","name":"Pastoral do UNASP EaD realiza projeto de acolhimento e transforma vidas - UNASP Noticias","isPartOf":{"@id":"https:\/\/unasp.br\/noticias\/#website"},"primaryImageOfPage":{"@id":"https:\/\/unasp.br\/noticias\/pastoral-do-unasp-ead-realiza-projeto-de-acolhimento-e-transforma-vidas\/#primaryimage"},"image":{"@id":"https:\/\/unasp.br\/noticias\/pastoral-do-unasp-ead-realiza-projeto-de-acolhimento-e-transforma-vidas\/#primaryimage"},"thumbnailUrl":"https:\/\/cdn.unasp.br\/noticias\/wp-content\/uploads\/2020\/12\/12093338\/WhatsApp-Image-2020-12-11-at-22.53.15.jpeg","datePublished":"2020-12-12T15:40:12+00:00","dateModified":"2020-12-12T15:40:13+00:00","breadcrumb":{"@id":"https:\/\/unasp.br\/noticias\/pastoral-do-unasp-ead-realiza-projeto-de-acolhimento-e-transforma-vidas\/#breadcrumb"},"inLanguage":"pt-BR","potentialAction":[{"@type":"ReadAction","target":["https:\/\/unasp.br\/noticias\/pastoral-do-unasp-ead-realiza-projeto-de-acolhimento-e-transforma-vidas\/"]}]},{"@type":"ImageObject","inLanguage":"pt-BR","@id":"https:\/\/unasp.br\/noticias\/pastoral-do-unasp-ead-realiza-projeto-de-acolhimento-e-transforma-vidas\/#primaryimage","url":"https:\/\/cdn.unasp.br\/noticias\/wp-content\/uploads\/2020\/12\/12093338\/WhatsApp-Image-2020-12-11-at-22.53.15.jpeg","contentUrl":"https:\/\/cdn.unasp.br\/noticias\/wp-content\/uploads\/2020\/12\/12093338\/WhatsApp-Image-2020-12-11-at-22.53.15.jpeg","width":1280,"height":853},{"@type":"BreadcrumbList","@id":"https:\/\/unasp.br\/noticias\/pastoral-do-unasp-ead-realiza-projeto-de-acolhimento-e-transforma-vidas\/#breadcrumb","itemListElement":[{"@type":"ListItem","position":1,"name":"In\u00edcio","item":"https:\/\/unasp.br\/noticias\/"},{"@type":"ListItem","position":2,"name":"Pastoral do UNASP EaD realiza projeto de acolhimento e transforma vidas"}]},{"@type":"WebSite","@id":"https:\/\/unasp.br\/noticias\/#website","url":"https:\/\/unasp.br\/noticias\/","name":"UNASP Noticias","description":"Centro Universit\u00e1rio Adventista de S\u00e3o Paulo","publisher":{"@id":"https:\/\/unasp.br\/noticias\/#organization"},"potentialAction":[{"@type":"SearchAction","target":{"@type":"EntryPoint","urlTemplate":"https:\/\/unasp.br\/noticias\/?s={search_term_string}"},"query-input":{"@type":"PropertyValueSpecification","valueRequired":true,"valueName":"search_term_string"}}],"inLanguage":"pt-BR"},{"@type":"Organization","@id":"https:\/\/unasp.br\/noticias\/#organization","name":"UNASP Noticias","url":"https:\/\/unasp.br\/noticias\/","logo":{"@type":"ImageObject","inLanguage":"pt-BR","@id":"https:\/\/unasp.br\/noticias\/#\/schema\/logo\/image\/","url":"https:\/\/cdn.unasp.br\/noticias\/wp-content\/uploads\/2021\/09\/09152724\/logo-unasp-news.png","contentUrl":"https:\/\/cdn.unasp.br\/noticias\/wp-content\/uploads\/2021\/09\/09152724\/logo-unasp-news.png","width":240,"height":41,"caption":"UNASP Noticias"},"image":{"@id":"https:\/\/unasp.br\/noticias\/#\/schema\/logo\/image\/"}},{"@type":"Person","@id":"https:\/\/unasp.br\/noticias\/#\/schema\/person\/80f09a3ec674501e6bb13144ffa2489f","name":"Aira Almeida","image":{"@type":"ImageObject","inLanguage":"pt-BR","@id":"https:\/\/unasp.br\/noticias\/#\/schema\/person\/image\/","url":"https:\/\/secure.gravatar.com\/avatar\/e30ea867fdd5a41ec6a0cb350dcd108e?s=96&d=mm&r=g","contentUrl":"https:\/\/secure.gravatar.com\/avatar\/e30ea867fdd5a41ec6a0cb350dcd108e?s=96&d=mm&r=g","caption":"Aira Almeida"},"url":"https:\/\/unasp.br\/noticias\/author\/aira-almeidaedu-unasp-br\/"}]}},"_links":{"self":[{"href":"https:\/\/unasp.br\/noticias\/wp-json\/wp\/v2\/posts\/91935"}],"collection":[{"href":"https:\/\/unasp.br\/noticias\/wp-json\/wp\/v2\/posts"}],"about":[{"href":"https:\/\/unasp.br\/noticias\/wp-json\/wp\/v2\/types\/post"}],"author":[{"embeddable":true,"href":"https:\/\/unasp.br\/noticias\/wp-json\/wp\/v2\/users\/30"}],"replies":[{"embeddable":true,"href":"https:\/\/unasp.br\/noticias\/wp-json\/wp\/v2\/comments?post=91935"}],"version-history":[{"count":4,"href":"https:\/\/unasp.br\/noticias\/wp-json\/wp\/v2\/posts\/91935\/revisions"}],"predecessor-version":[{"id":91941,"href":"https:\/\/unasp.br\/noticias\/wp-json\/wp\/v2\/posts\/91935\/revisions\/91941"}],"wp:featuredmedia":[{"embeddable":true,"href":"https:\/\/unasp.br\/noticias\/wp-json\/wp\/v2\/media\/91937"}],"wp:attachment":[{"href":"https:\/\/unasp.br\/noticias\/wp-json\/wp\/v2\/media?parent=91935"}],"wp:term":[{"taxonomy":"category","embeddable":true,"href":"https:\/\/unasp.br\/noticias\/wp-json\/wp\/v2\/categories?post=91935"},{"taxonomy":"post_tag","embeddable":true,"href":"https:\/\/unasp.br\/noticias\/wp-json\/wp\/v2\/tags?post=91935"}],"curies":[{"name":"wp","href":"https:\/\/api.w.org\/{rel}","templated":true}]}}