{"id":91942,"date":"2020-12-12T13:51:57","date_gmt":"2020-12-12T16:51:57","guid":{"rendered":"https:\/\/www.unasp.br\/noticias\/?p=91942"},"modified":"2020-12-12T13:52:00","modified_gmt":"2020-12-12T16:52:00","slug":"culto-de-gratidao-da-faculdade-de-teologia-celebra-formatura-da-101a-turma-no-unasp","status":"publish","type":"post","link":"https:\/\/unasp.br\/noticias\/culto-de-gratidao-da-faculdade-de-teologia-celebra-formatura-da-101a-turma-no-unasp\/","title":{"rendered":"Culto de gratid\u00e3o da Faculdade de Teologia celebra formatura da 101\u00aa turma no UNASP"},"content":{"rendered":"\n<div class=\"wp-block-columns is-layout-flex wp-container-core-columns-layout-1 wp-block-columns-is-layout-flex\">\n<div class=\"wp-block-column is-layout-flow wp-block-column-is-layout-flow\">\n<figure class=\"wp-block-image size-large\"><img loading=\"lazy\" decoding=\"async\" width=\"1024\" height=\"593\" src=\"https:\/\/www.unasp.br\/noticias\/wp-content\/uploads\/2020\/12\/WhatsApp-Image-2020-12-12-at-12.31.20-1024x593.jpeg\" alt=\"\" class=\"wp-image-91943\" srcset=\"https:\/\/cdn.unasp.br\/noticias\/wp-content\/uploads\/2020\/12\/12104725\/WhatsApp-Image-2020-12-12-at-12.31.20-1024x593.jpeg 1024w, https:\/\/cdn.unasp.br\/noticias\/wp-content\/uploads\/2020\/12\/12104725\/WhatsApp-Image-2020-12-12-at-12.31.20-300x174.jpeg 300w, https:\/\/cdn.unasp.br\/noticias\/wp-content\/uploads\/2020\/12\/12104725\/WhatsApp-Image-2020-12-12-at-12.31.20-768x445.jpeg 768w, https:\/\/cdn.unasp.br\/noticias\/wp-content\/uploads\/2020\/12\/12104725\/WhatsApp-Image-2020-12-12-at-12.31.20-1036x600.jpeg 1036w, https:\/\/cdn.unasp.br\/noticias\/wp-content\/uploads\/2020\/12\/12104725\/WhatsApp-Image-2020-12-12-at-12.31.20-800x463.jpeg 800w, https:\/\/cdn.unasp.br\/noticias\/wp-content\/uploads\/2020\/12\/12104725\/WhatsApp-Image-2020-12-12-at-12.31.20-750x434.jpeg 750w, https:\/\/cdn.unasp.br\/noticias\/wp-content\/uploads\/2020\/12\/12104725\/WhatsApp-Image-2020-12-12-at-12.31.20-720x417.jpeg 720w, https:\/\/cdn.unasp.br\/noticias\/wp-content\/uploads\/2020\/12\/12104725\/WhatsApp-Image-2020-12-12-at-12.31.20-483x280.jpeg 483w, https:\/\/cdn.unasp.br\/noticias\/wp-content\/uploads\/2020\/12\/12104725\/WhatsApp-Image-2020-12-12-at-12.31.20-500x290.jpeg 500w, https:\/\/cdn.unasp.br\/noticias\/wp-content\/uploads\/2020\/12\/12104725\/WhatsApp-Image-2020-12-12-at-12.31.20-400x232.jpeg 400w, https:\/\/cdn.unasp.br\/noticias\/wp-content\/uploads\/2020\/12\/12104725\/WhatsApp-Image-2020-12-12-at-12.31.20-345x200.jpeg 345w, https:\/\/cdn.unasp.br\/noticias\/wp-content\/uploads\/2020\/12\/12104725\/WhatsApp-Image-2020-12-12-at-12.31.20-259x150.jpeg 259w, https:\/\/cdn.unasp.br\/noticias\/wp-content\/uploads\/2020\/12\/12104725\/WhatsApp-Image-2020-12-12-at-12.31.20-175x101.jpeg 175w, https:\/\/cdn.unasp.br\/noticias\/wp-content\/uploads\/2020\/12\/12104725\/WhatsApp-Image-2020-12-12-at-12.31.20-200x116.jpeg 200w, https:\/\/cdn.unasp.br\/noticias\/wp-content\/uploads\/2020\/12\/12104725\/WhatsApp-Image-2020-12-12-at-12.31.20.jpeg 1129w\" sizes=\"(max-width: 1024px) 100vw, 1024px\" \/><figcaption> <em>A celebra\u00e7\u00e3o d\u00e1 in\u00edcio a um novo s\u00e9culo de evangelismo na Igreja Adventista<\/em> no Brasil.<\/figcaption><\/figure>\n<\/div>\n\n\n\n<div class=\"wp-block-column is-layout-flow wp-block-column-is-layout-flow\">\n<p>A Faculdade de Teologia do UNASP realizou hoje (12) um culto de gratid\u00e3o. O momento foi exclusivo para os formandos da 101\u00aa turma e seus convidados, com objetivo de agradecer a Deus pelos cuidados durante os anos de gradua\u00e7\u00e3o. A mensagem foi conduzida pelo pastor Silvano Barbosa, que alertou sobre a import\u00e2ncia dos cuidados com o Minist\u00e9rio.<\/p>\n\n\n\n<p>O pastor Maur\u00edcio Lima, l\u00edder da Igreja Adventista no estado de S\u00e3o Paulo, afirmou que \u201c\u00e9 um privil\u00e9gio participar dessa cerim\u00f4nia de formatura quando cerca de 80 alunos chegaram a essa etapa em um ano t\u00e3o dif\u00edcil\u201d.&nbsp; Ele louva a Deus pela conquista e espera que todos tenham a oportunidade de servir a obra ap\u00f3s a gradua\u00e7\u00e3o. <\/p>\n<\/div>\n<\/div>\n\n\n\n<p>Al\u00e9m da mensagem, m\u00fasicas especiais foram cantadas para deleite do p\u00fablico e, principalmente, louvor a Deus. Para M\u00e1rcio Paz, a formatura representa uma grande alegria. Apesar das dificuldades \u201ca emo\u00e7\u00e3o \u00e9 muito grande por ter vencido essa batalha. Deus conduziu tudo e cuidou de cada detalhe\u201d, disse. Ele planeja continuar servindo como pastor junto a sua fam\u00edlia. \u201cEu pude continuar trabalhando na Zona Leste de S\u00e3o Paulo, como pastor auxiliar jovem. Posso contribuir com minha esposa para resgatar a juventude e incentivar a igreja\u201d, comemorou. <\/p>\n\n\n\n<p>Para sua esposa, Priscila Paz, \u00e9 um momento de felicidade. \u201cAgrade\u00e7o a Deus e sinto que Ele tem muito para fazer por n\u00f3s. Vamos aben\u00e7oar muitas pessoas, pois nossa inten\u00e7\u00e3o \u00e9 servir a Deus e \u00e0s pessoas para abreviar a volta de Jesus\u201d, acrescentou. <\/p>\n\n\n\n<h2 class=\"has-luminous-vivid-orange-color has-text-color wp-block-heading\"><strong>Hist\u00f3rias que\ninspiram<\/strong><\/h2>\n\n\n\n<p>Miriane Afonso foi a \u00fanica mulher formanda no curso e se sente emocionada por toda trajet\u00f3ria. Ela reiterou o convite que foi feito a todos para o servi\u00e7o crist\u00e3o.\u00a0 \u201cEle chamou homens e mulheres para servirem a Ele em sua obra. Eu quero ir onde Deus mandar e usar o m\u00e1ximo do meu potencial para a gl\u00f3ria dEle\u201d, esclarece.<\/p>\n\n\n\n<p>Por conta da dist\u00e2ncia, alguns familiares n\u00e3o estiveram presentes. Narcizo Gomes veio de Guin\u00e9 Bissau para o Brasil. Ele contou sua experi\u00eancia e dificuldades at\u00e9 chegar neste momento da formatura. Durante os anos em que esteve no pa\u00eds, perdeu familiares e pessoas que amava. No entanto, \u00e9 grato pelas conquistas e comemorou o encerramento da gradua\u00e7\u00e3o. \u201cHoje \u00e9 um dia de alegria, estou muito feliz por chegar ao final do curso. S\u00f3 tenho a agradecer a Deus a ao UNASP pelo apoio que tive em todo meu percurso\u201d, afirmou.<\/p>\n\n\n\n<p>O culto de a\u00e7\u00e3o de gra\u00e7as celebrou a nova etapa na vida dos alunos formados em Teologia e fortaleceu os votos de servi\u00e7o crist\u00e3o. A formatura d\u00e1 in\u00edcio a um novo s\u00e9culo de evangelismo na Igreja Adventista do S\u00e9timo Dia.<\/p>\n\n\n\n<figure class=\"wp-block-gallery columns-3 is-cropped wp-block-gallery-2 is-layout-flex wp-block-gallery-is-layout-flex\"><ul class=\"blocks-gallery-grid\"><li class=\"blocks-gallery-item\"><figure><img loading=\"lazy\" decoding=\"async\" width=\"1024\" height=\"682\" src=\"https:\/\/www.unasp.br\/noticias\/wp-content\/uploads\/2020\/12\/WhatsApp-Image-2020-12-12-at-12.09.14-1-1024x682.jpeg\" alt=\"\" data-id=\"91945\" data-full-url=\"https:\/\/www.unasp.br\/noticias\/wp-content\/uploads\/2020\/12\/WhatsApp-Image-2020-12-12-at-12.09.14-1.jpeg\" data-link=\"https:\/\/www.unasp.br\/noticias\/?attachment_id=91945\" class=\"wp-image-91945\" srcset=\"https:\/\/cdn.unasp.br\/noticias\/wp-content\/uploads\/2020\/12\/12104933\/WhatsApp-Image-2020-12-12-at-12.09.14-1-1024x682.jpeg 1024w, https:\/\/cdn.unasp.br\/noticias\/wp-content\/uploads\/2020\/12\/12104933\/WhatsApp-Image-2020-12-12-at-12.09.14-1-300x200.jpeg 300w, https:\/\/cdn.unasp.br\/noticias\/wp-content\/uploads\/2020\/12\/12104933\/WhatsApp-Image-2020-12-12-at-12.09.14-1-768x512.jpeg 768w, https:\/\/cdn.unasp.br\/noticias\/wp-content\/uploads\/2020\/12\/12104933\/WhatsApp-Image-2020-12-12-at-12.09.14-1-900x600.jpeg 900w, https:\/\/cdn.unasp.br\/noticias\/wp-content\/uploads\/2020\/12\/12104933\/WhatsApp-Image-2020-12-12-at-12.09.14-1-1200x800.jpeg 1200w, https:\/\/cdn.unasp.br\/noticias\/wp-content\/uploads\/2020\/12\/12104933\/WhatsApp-Image-2020-12-12-at-12.09.14-1-1080x720.jpeg 1080w, https:\/\/cdn.unasp.br\/noticias\/wp-content\/uploads\/2020\/12\/12104933\/WhatsApp-Image-2020-12-12-at-12.09.14-1-800x533.jpeg 800w, https:\/\/cdn.unasp.br\/noticias\/wp-content\/uploads\/2020\/12\/12104933\/WhatsApp-Image-2020-12-12-at-12.09.14-1-750x500.jpeg 750w, https:\/\/cdn.unasp.br\/noticias\/wp-content\/uploads\/2020\/12\/12104933\/WhatsApp-Image-2020-12-12-at-12.09.14-1-720x480.jpeg 720w, https:\/\/cdn.unasp.br\/noticias\/wp-content\/uploads\/2020\/12\/12104933\/WhatsApp-Image-2020-12-12-at-12.09.14-1-420x280.jpeg 420w, https:\/\/cdn.unasp.br\/noticias\/wp-content\/uploads\/2020\/12\/12104933\/WhatsApp-Image-2020-12-12-at-12.09.14-1-500x333.jpeg 500w, https:\/\/cdn.unasp.br\/noticias\/wp-content\/uploads\/2020\/12\/12104933\/WhatsApp-Image-2020-12-12-at-12.09.14-1-400x267.jpeg 400w, https:\/\/cdn.unasp.br\/noticias\/wp-content\/uploads\/2020\/12\/12104933\/WhatsApp-Image-2020-12-12-at-12.09.14-1-375x250.jpeg 375w, https:\/\/cdn.unasp.br\/noticias\/wp-content\/uploads\/2020\/12\/12104933\/WhatsApp-Image-2020-12-12-at-12.09.14-1-225x150.jpeg 225w, https:\/\/cdn.unasp.br\/noticias\/wp-content\/uploads\/2020\/12\/12104933\/WhatsApp-Image-2020-12-12-at-12.09.14-1-175x117.jpeg 175w, https:\/\/cdn.unasp.br\/noticias\/wp-content\/uploads\/2020\/12\/12104933\/WhatsApp-Image-2020-12-12-at-12.09.14-1-200x133.jpeg 200w, https:\/\/cdn.unasp.br\/noticias\/wp-content\/uploads\/2020\/12\/12104933\/WhatsApp-Image-2020-12-12-at-12.09.14-1.jpeg 1280w\" sizes=\"(max-width: 1024px) 100vw, 1024px\" \/><\/figure><\/li><li class=\"blocks-gallery-item\"><figure><img loading=\"lazy\" decoding=\"async\" width=\"1024\" height=\"682\" src=\"https:\/\/www.unasp.br\/noticias\/wp-content\/uploads\/2020\/12\/WhatsApp-Image-2020-12-12-at-12.09.14-1024x682.jpeg\" alt=\"\" data-id=\"91946\" data-full-url=\"https:\/\/www.unasp.br\/noticias\/wp-content\/uploads\/2020\/12\/WhatsApp-Image-2020-12-12-at-12.09.14.jpeg\" data-link=\"https:\/\/www.unasp.br\/noticias\/?attachment_id=91946\" class=\"wp-image-91946\" srcset=\"https:\/\/cdn.unasp.br\/noticias\/wp-content\/uploads\/2020\/12\/12104940\/WhatsApp-Image-2020-12-12-at-12.09.14-1024x682.jpeg 1024w, https:\/\/cdn.unasp.br\/noticias\/wp-content\/uploads\/2020\/12\/12104940\/WhatsApp-Image-2020-12-12-at-12.09.14-300x200.jpeg 300w, https:\/\/cdn.unasp.br\/noticias\/wp-content\/uploads\/2020\/12\/12104940\/WhatsApp-Image-2020-12-12-at-12.09.14-768x512.jpeg 768w, https:\/\/cdn.unasp.br\/noticias\/wp-content\/uploads\/2020\/12\/12104940\/WhatsApp-Image-2020-12-12-at-12.09.14-900x600.jpeg 900w, https:\/\/cdn.unasp.br\/noticias\/wp-content\/uploads\/2020\/12\/12104940\/WhatsApp-Image-2020-12-12-at-12.09.14-1200x800.jpeg 1200w, https:\/\/cdn.unasp.br\/noticias\/wp-content\/uploads\/2020\/12\/12104940\/WhatsApp-Image-2020-12-12-at-12.09.14-1080x720.jpeg 1080w, https:\/\/cdn.unasp.br\/noticias\/wp-content\/uploads\/2020\/12\/12104940\/WhatsApp-Image-2020-12-12-at-12.09.14-800x533.jpeg 800w, https:\/\/cdn.unasp.br\/noticias\/wp-content\/uploads\/2020\/12\/12104940\/WhatsApp-Image-2020-12-12-at-12.09.14-750x500.jpeg 750w, https:\/\/cdn.unasp.br\/noticias\/wp-content\/uploads\/2020\/12\/12104940\/WhatsApp-Image-2020-12-12-at-12.09.14-720x480.jpeg 720w, https:\/\/cdn.unasp.br\/noticias\/wp-content\/uploads\/2020\/12\/12104940\/WhatsApp-Image-2020-12-12-at-12.09.14-420x280.jpeg 420w, https:\/\/cdn.unasp.br\/noticias\/wp-content\/uploads\/2020\/12\/12104940\/WhatsApp-Image-2020-12-12-at-12.09.14-500x333.jpeg 500w, https:\/\/cdn.unasp.br\/noticias\/wp-content\/uploads\/2020\/12\/12104940\/WhatsApp-Image-2020-12-12-at-12.09.14-400x267.jpeg 400w, https:\/\/cdn.unasp.br\/noticias\/wp-content\/uploads\/2020\/12\/12104940\/WhatsApp-Image-2020-12-12-at-12.09.14-375x250.jpeg 375w, https:\/\/cdn.unasp.br\/noticias\/wp-content\/uploads\/2020\/12\/12104940\/WhatsApp-Image-2020-12-12-at-12.09.14-225x150.jpeg 225w, https:\/\/cdn.unasp.br\/noticias\/wp-content\/uploads\/2020\/12\/12104940\/WhatsApp-Image-2020-12-12-at-12.09.14-175x117.jpeg 175w, https:\/\/cdn.unasp.br\/noticias\/wp-content\/uploads\/2020\/12\/12104940\/WhatsApp-Image-2020-12-12-at-12.09.14-200x133.jpeg 200w, https:\/\/cdn.unasp.br\/noticias\/wp-content\/uploads\/2020\/12\/12104940\/WhatsApp-Image-2020-12-12-at-12.09.14.jpeg 1280w\" sizes=\"(max-width: 1024px) 100vw, 1024px\" \/><\/figure><\/li><li class=\"blocks-gallery-item\"><figure><img loading=\"lazy\" decoding=\"async\" width=\"682\" height=\"1024\" src=\"https:\/\/www.unasp.br\/noticias\/wp-content\/uploads\/2020\/12\/WhatsApp-Image-2020-12-12-at-12.09.13-1-682x1024.jpeg\" alt=\"\" data-id=\"91947\" data-full-url=\"https:\/\/www.unasp.br\/noticias\/wp-content\/uploads\/2020\/12\/WhatsApp-Image-2020-12-12-at-12.09.13-1.jpeg\" data-link=\"https:\/\/www.unasp.br\/noticias\/?attachment_id=91947\" class=\"wp-image-91947\" srcset=\"https:\/\/cdn.unasp.br\/noticias\/wp-content\/uploads\/2020\/12\/12104946\/WhatsApp-Image-2020-12-12-at-12.09.13-1-682x1024.jpeg 682w, https:\/\/cdn.unasp.br\/noticias\/wp-content\/uploads\/2020\/12\/12104946\/WhatsApp-Image-2020-12-12-at-12.09.13-1-200x300.jpeg 200w, https:\/\/cdn.unasp.br\/noticias\/wp-content\/uploads\/2020\/12\/12104946\/WhatsApp-Image-2020-12-12-at-12.09.13-1-768x1152.jpeg 768w, https:\/\/cdn.unasp.br\/noticias\/wp-content\/uploads\/2020\/12\/12104946\/WhatsApp-Image-2020-12-12-at-12.09.13-1-400x600.jpeg 400w, https:\/\/cdn.unasp.br\/noticias\/wp-content\/uploads\/2020\/12\/12104946\/WhatsApp-Image-2020-12-12-at-12.09.13-1-533x800.jpeg 533w, https:\/\/cdn.unasp.br\/noticias\/wp-content\/uploads\/2020\/12\/12104946\/WhatsApp-Image-2020-12-12-at-12.09.13-1-480x720.jpeg 480w, https:\/\/cdn.unasp.br\/noticias\/wp-content\/uploads\/2020\/12\/12104946\/WhatsApp-Image-2020-12-12-at-12.09.13-1-333x500.jpeg 333w, https:\/\/cdn.unasp.br\/noticias\/wp-content\/uploads\/2020\/12\/12104946\/WhatsApp-Image-2020-12-12-at-12.09.13-1-320x480.jpeg 320w, https:\/\/cdn.unasp.br\/noticias\/wp-content\/uploads\/2020\/12\/12104946\/WhatsApp-Image-2020-12-12-at-12.09.13-1-187x280.jpeg 187w, https:\/\/cdn.unasp.br\/noticias\/wp-content\/uploads\/2020\/12\/12104946\/WhatsApp-Image-2020-12-12-at-12.09.13-1-267x400.jpeg 267w, https:\/\/cdn.unasp.br\/noticias\/wp-content\/uploads\/2020\/12\/12104946\/WhatsApp-Image-2020-12-12-at-12.09.13-1-167x250.jpeg 167w, https:\/\/cdn.unasp.br\/noticias\/wp-content\/uploads\/2020\/12\/12104946\/WhatsApp-Image-2020-12-12-at-12.09.13-1-133x200.jpeg 133w, https:\/\/cdn.unasp.br\/noticias\/wp-content\/uploads\/2020\/12\/12104946\/WhatsApp-Image-2020-12-12-at-12.09.13-1-100x150.jpeg 100w, https:\/\/cdn.unasp.br\/noticias\/wp-content\/uploads\/2020\/12\/12104946\/WhatsApp-Image-2020-12-12-at-12.09.13-1-175x263.jpeg 175w, https:\/\/cdn.unasp.br\/noticias\/wp-content\/uploads\/2020\/12\/12104946\/WhatsApp-Image-2020-12-12-at-12.09.13-1.jpeg 853w\" sizes=\"(max-width: 682px) 100vw, 682px\" \/><\/figure><\/li><li class=\"blocks-gallery-item\"><figure><img loading=\"lazy\" decoding=\"async\" width=\"682\" height=\"1024\" src=\"https:\/\/www.unasp.br\/noticias\/wp-content\/uploads\/2020\/12\/WhatsApp-Image-2020-12-12-at-12.09.13-682x1024.jpeg\" alt=\"\" data-id=\"91948\" data-full-url=\"https:\/\/www.unasp.br\/noticias\/wp-content\/uploads\/2020\/12\/WhatsApp-Image-2020-12-12-at-12.09.13.jpeg\" data-link=\"https:\/\/www.unasp.br\/noticias\/?attachment_id=91948\" class=\"wp-image-91948\" srcset=\"https:\/\/cdn.unasp.br\/noticias\/wp-content\/uploads\/2020\/12\/12104951\/WhatsApp-Image-2020-12-12-at-12.09.13-682x1024.jpeg 682w, https:\/\/cdn.unasp.br\/noticias\/wp-content\/uploads\/2020\/12\/12104951\/WhatsApp-Image-2020-12-12-at-12.09.13-200x300.jpeg 200w, https:\/\/cdn.unasp.br\/noticias\/wp-content\/uploads\/2020\/12\/12104951\/WhatsApp-Image-2020-12-12-at-12.09.13-768x1152.jpeg 768w, https:\/\/cdn.unasp.br\/noticias\/wp-content\/uploads\/2020\/12\/12104951\/WhatsApp-Image-2020-12-12-at-12.09.13-400x600.jpeg 400w, https:\/\/cdn.unasp.br\/noticias\/wp-content\/uploads\/2020\/12\/12104951\/WhatsApp-Image-2020-12-12-at-12.09.13-533x800.jpeg 533w, https:\/\/cdn.unasp.br\/noticias\/wp-content\/uploads\/2020\/12\/12104951\/WhatsApp-Image-2020-12-12-at-12.09.13-480x720.jpeg 480w, https:\/\/cdn.unasp.br\/noticias\/wp-content\/uploads\/2020\/12\/12104951\/WhatsApp-Image-2020-12-12-at-12.09.13-333x500.jpeg 333w, https:\/\/cdn.unasp.br\/noticias\/wp-content\/uploads\/2020\/12\/12104951\/WhatsApp-Image-2020-12-12-at-12.09.13-320x480.jpeg 320w, https:\/\/cdn.unasp.br\/noticias\/wp-content\/uploads\/2020\/12\/12104951\/WhatsApp-Image-2020-12-12-at-12.09.13-187x280.jpeg 187w, https:\/\/cdn.unasp.br\/noticias\/wp-content\/uploads\/2020\/12\/12104951\/WhatsApp-Image-2020-12-12-at-12.09.13-267x400.jpeg 267w, https:\/\/cdn.unasp.br\/noticias\/wp-content\/uploads\/2020\/12\/12104951\/WhatsApp-Image-2020-12-12-at-12.09.13-167x250.jpeg 167w, https:\/\/cdn.unasp.br\/noticias\/wp-content\/uploads\/2020\/12\/12104951\/WhatsApp-Image-2020-12-12-at-12.09.13-133x200.jpeg 133w, https:\/\/cdn.unasp.br\/noticias\/wp-content\/uploads\/2020\/12\/12104951\/WhatsApp-Image-2020-12-12-at-12.09.13-100x150.jpeg 100w, https:\/\/cdn.unasp.br\/noticias\/wp-content\/uploads\/2020\/12\/12104951\/WhatsApp-Image-2020-12-12-at-12.09.13-175x263.jpeg 175w, https:\/\/cdn.unasp.br\/noticias\/wp-content\/uploads\/2020\/12\/12104951\/WhatsApp-Image-2020-12-12-at-12.09.13.jpeg 853w\" sizes=\"(max-width: 682px) 100vw, 682px\" \/><\/figure><\/li><li class=\"blocks-gallery-item\"><figure><img loading=\"lazy\" decoding=\"async\" width=\"1024\" height=\"682\" src=\"https:\/\/www.unasp.br\/noticias\/wp-content\/uploads\/2020\/12\/WhatsApp-Image-2020-12-12-at-12.31.21-1024x682.jpeg\" alt=\"\" data-id=\"91949\" data-full-url=\"https:\/\/www.unasp.br\/noticias\/wp-content\/uploads\/2020\/12\/WhatsApp-Image-2020-12-12-at-12.31.21.jpeg\" data-link=\"https:\/\/www.unasp.br\/noticias\/?attachment_id=91949\" class=\"wp-image-91949\" srcset=\"https:\/\/cdn.unasp.br\/noticias\/wp-content\/uploads\/2020\/12\/12104956\/WhatsApp-Image-2020-12-12-at-12.31.21-1024x682.jpeg 1024w, https:\/\/cdn.unasp.br\/noticias\/wp-content\/uploads\/2020\/12\/12104956\/WhatsApp-Image-2020-12-12-at-12.31.21-300x200.jpeg 300w, https:\/\/cdn.unasp.br\/noticias\/wp-content\/uploads\/2020\/12\/12104956\/WhatsApp-Image-2020-12-12-at-12.31.21-768x512.jpeg 768w, https:\/\/cdn.unasp.br\/noticias\/wp-content\/uploads\/2020\/12\/12104956\/WhatsApp-Image-2020-12-12-at-12.31.21-900x600.jpeg 900w, https:\/\/cdn.unasp.br\/noticias\/wp-content\/uploads\/2020\/12\/12104956\/WhatsApp-Image-2020-12-12-at-12.31.21-1200x800.jpeg 1200w, https:\/\/cdn.unasp.br\/noticias\/wp-content\/uploads\/2020\/12\/12104956\/WhatsApp-Image-2020-12-12-at-12.31.21-1080x720.jpeg 1080w, https:\/\/cdn.unasp.br\/noticias\/wp-content\/uploads\/2020\/12\/12104956\/WhatsApp-Image-2020-12-12-at-12.31.21-800x533.jpeg 800w, https:\/\/cdn.unasp.br\/noticias\/wp-content\/uploads\/2020\/12\/12104956\/WhatsApp-Image-2020-12-12-at-12.31.21-750x500.jpeg 750w, https:\/\/cdn.unasp.br\/noticias\/wp-content\/uploads\/2020\/12\/12104956\/WhatsApp-Image-2020-12-12-at-12.31.21-720x480.jpeg 720w, https:\/\/cdn.unasp.br\/noticias\/wp-content\/uploads\/2020\/12\/12104956\/WhatsApp-Image-2020-12-12-at-12.31.21-420x280.jpeg 420w, https:\/\/cdn.unasp.br\/noticias\/wp-content\/uploads\/2020\/12\/12104956\/WhatsApp-Image-2020-12-12-at-12.31.21-500x333.jpeg 500w, https:\/\/cdn.unasp.br\/noticias\/wp-content\/uploads\/2020\/12\/12104956\/WhatsApp-Image-2020-12-12-at-12.31.21-400x267.jpeg 400w, https:\/\/cdn.unasp.br\/noticias\/wp-content\/uploads\/2020\/12\/12104956\/WhatsApp-Image-2020-12-12-at-12.31.21-375x250.jpeg 375w, https:\/\/cdn.unasp.br\/noticias\/wp-content\/uploads\/2020\/12\/12104956\/WhatsApp-Image-2020-12-12-at-12.31.21-225x150.jpeg 225w, https:\/\/cdn.unasp.br\/noticias\/wp-content\/uploads\/2020\/12\/12104956\/WhatsApp-Image-2020-12-12-at-12.31.21-175x117.jpeg 175w, https:\/\/cdn.unasp.br\/noticias\/wp-content\/uploads\/2020\/12\/12104956\/WhatsApp-Image-2020-12-12-at-12.31.21-200x133.jpeg 200w, https:\/\/cdn.unasp.br\/noticias\/wp-content\/uploads\/2020\/12\/12104956\/WhatsApp-Image-2020-12-12-at-12.31.21.jpeg 1280w\" sizes=\"(max-width: 1024px) 100vw, 1024px\" \/><\/figure><\/li><li class=\"blocks-gallery-item\"><figure><img loading=\"lazy\" decoding=\"async\" width=\"1024\" height=\"593\" src=\"https:\/\/www.unasp.br\/noticias\/wp-content\/uploads\/2020\/12\/WhatsApp-Image-2020-12-12-at-12.31.20-1-1024x593.jpeg\" alt=\"\" data-id=\"91950\" data-full-url=\"https:\/\/www.unasp.br\/noticias\/wp-content\/uploads\/2020\/12\/WhatsApp-Image-2020-12-12-at-12.31.20-1.jpeg\" data-link=\"https:\/\/www.unasp.br\/noticias\/?attachment_id=91950\" class=\"wp-image-91950\" srcset=\"https:\/\/cdn.unasp.br\/noticias\/wp-content\/uploads\/2020\/12\/12105002\/WhatsApp-Image-2020-12-12-at-12.31.20-1-1024x593.jpeg 1024w, https:\/\/cdn.unasp.br\/noticias\/wp-content\/uploads\/2020\/12\/12105002\/WhatsApp-Image-2020-12-12-at-12.31.20-1-300x174.jpeg 300w, https:\/\/cdn.unasp.br\/noticias\/wp-content\/uploads\/2020\/12\/12105002\/WhatsApp-Image-2020-12-12-at-12.31.20-1-768x445.jpeg 768w, https:\/\/cdn.unasp.br\/noticias\/wp-content\/uploads\/2020\/12\/12105002\/WhatsApp-Image-2020-12-12-at-12.31.20-1-1036x600.jpeg 1036w, https:\/\/cdn.unasp.br\/noticias\/wp-content\/uploads\/2020\/12\/12105002\/WhatsApp-Image-2020-12-12-at-12.31.20-1-800x463.jpeg 800w, https:\/\/cdn.unasp.br\/noticias\/wp-content\/uploads\/2020\/12\/12105002\/WhatsApp-Image-2020-12-12-at-12.31.20-1-750x434.jpeg 750w, https:\/\/cdn.unasp.br\/noticias\/wp-content\/uploads\/2020\/12\/12105002\/WhatsApp-Image-2020-12-12-at-12.31.20-1-720x417.jpeg 720w, https:\/\/cdn.unasp.br\/noticias\/wp-content\/uploads\/2020\/12\/12105002\/WhatsApp-Image-2020-12-12-at-12.31.20-1-483x280.jpeg 483w, https:\/\/cdn.unasp.br\/noticias\/wp-content\/uploads\/2020\/12\/12105002\/WhatsApp-Image-2020-12-12-at-12.31.20-1-500x290.jpeg 500w, https:\/\/cdn.unasp.br\/noticias\/wp-content\/uploads\/2020\/12\/12105002\/WhatsApp-Image-2020-12-12-at-12.31.20-1-400x232.jpeg 400w, https:\/\/cdn.unasp.br\/noticias\/wp-content\/uploads\/2020\/12\/12105002\/WhatsApp-Image-2020-12-12-at-12.31.20-1-345x200.jpeg 345w, https:\/\/cdn.unasp.br\/noticias\/wp-content\/uploads\/2020\/12\/12105002\/WhatsApp-Image-2020-12-12-at-12.31.20-1-259x150.jpeg 259w, https:\/\/cdn.unasp.br\/noticias\/wp-content\/uploads\/2020\/12\/12105002\/WhatsApp-Image-2020-12-12-at-12.31.20-1-175x101.jpeg 175w, https:\/\/cdn.unasp.br\/noticias\/wp-content\/uploads\/2020\/12\/12105002\/WhatsApp-Image-2020-12-12-at-12.31.20-1-200x116.jpeg 200w, https:\/\/cdn.unasp.br\/noticias\/wp-content\/uploads\/2020\/12\/12105002\/WhatsApp-Image-2020-12-12-at-12.31.20-1.jpeg 1129w\" sizes=\"(max-width: 1024px) 100vw, 1024px\" \/><\/figure><\/li><\/ul><\/figure>\n","protected":false},"excerpt":{"rendered":"<p>A Faculdade de Teologia do UNASP realizou hoje (12) um culto de gratid\u00e3o. O momento foi exclusivo [&hellip;]<\/p>\n","protected":false},"author":30,"featured_media":91950,"comment_status":"open","ping_status":"open","sticky":false,"template":"","format":"standard","meta":{"footnotes":""},"categories":[1846],"tags":[],"yoast_head":"<!-- This site is optimized with the Yoast SEO plugin v23.5 - https:\/\/yoast.com\/wordpress\/plugins\/seo\/ -->\n<title>Culto de gratid\u00e3o da Faculdade de Teologia celebra formatura da 101\u00aa turma no UNASP - UNASP Noticias<\/title>\n<meta name=\"description\" content=\"A celebra\u00e7\u00e3o d\u00e1 in\u00edcio a um novo s\u00e9culo de evangelismo na Igreja Adventista do S\u00e9timo Dia no Brasil.\" \/>\n<meta name=\"robots\" content=\"index, follow, max-snippet:-1, max-image-preview:large, max-video-preview:-1\" \/>\n<link rel=\"canonical\" href=\"https:\/\/unasp.br\/noticias\/culto-de-gratidao-da-faculdade-de-teologia-celebra-formatura-da-101a-turma-no-unasp\/\" \/>\n<meta property=\"og:locale\" content=\"pt_BR\" \/>\n<meta property=\"og:type\" content=\"article\" \/>\n<meta property=\"og:title\" content=\"Culto de gratid\u00e3o da Faculdade de Teologia celebra formatura da 101\u00aa turma no UNASP - UNASP Noticias\" \/>\n<meta property=\"og:description\" content=\"A celebra\u00e7\u00e3o d\u00e1 in\u00edcio a um novo s\u00e9culo de evangelismo na Igreja Adventista do S\u00e9timo Dia no Brasil.\" \/>\n<meta property=\"og:url\" content=\"https:\/\/unasp.br\/noticias\/culto-de-gratidao-da-faculdade-de-teologia-celebra-formatura-da-101a-turma-no-unasp\/\" \/>\n<meta property=\"og:site_name\" content=\"UNASP Noticias\" \/>\n<meta property=\"article:published_time\" content=\"2020-12-12T16:51:57+00:00\" \/>\n<meta property=\"article:modified_time\" content=\"2020-12-12T16:52:00+00:00\" \/>\n<meta property=\"og:image\" content=\"https:\/\/cdn.unasp.br\/noticias\/wp-content\/uploads\/2020\/12\/12105002\/WhatsApp-Image-2020-12-12-at-12.31.20-1.jpeg\" \/>\n\t<meta property=\"og:image:width\" content=\"1129\" \/>\n\t<meta property=\"og:image:height\" content=\"654\" \/>\n\t<meta property=\"og:image:type\" content=\"image\/jpeg\" \/>\n<meta name=\"author\" content=\"Aira Almeida\" \/>\n<meta name=\"twitter:card\" content=\"summary_large_image\" \/>\n<meta name=\"twitter:label1\" content=\"Escrito por\" \/>\n\t<meta name=\"twitter:data1\" content=\"Aira Almeida\" \/>\n\t<meta name=\"twitter:label2\" content=\"Est. tempo de leitura\" \/>\n\t<meta name=\"twitter:data2\" content=\"2 minutos\" \/>\n<script type=\"application\/ld+json\" class=\"yoast-schema-graph\">{\"@context\":\"https:\/\/schema.org\",\"@graph\":[{\"@type\":\"Article\",\"@id\":\"https:\/\/unasp.br\/noticias\/culto-de-gratidao-da-faculdade-de-teologia-celebra-formatura-da-101a-turma-no-unasp\/#article\",\"isPartOf\":{\"@id\":\"https:\/\/unasp.br\/noticias\/culto-de-gratidao-da-faculdade-de-teologia-celebra-formatura-da-101a-turma-no-unasp\/\"},\"author\":{\"name\":\"Aira Almeida\",\"@id\":\"https:\/\/unasp.br\/noticias\/#\/schema\/person\/80f09a3ec674501e6bb13144ffa2489f\"},\"headline\":\"Culto de gratid\u00e3o da Faculdade de Teologia celebra formatura da 101\u00aa turma no UNASP\",\"datePublished\":\"2020-12-12T16:51:57+00:00\",\"dateModified\":\"2020-12-12T16:52:00+00:00\",\"mainEntityOfPage\":{\"@id\":\"https:\/\/unasp.br\/noticias\/culto-de-gratidao-da-faculdade-de-teologia-celebra-formatura-da-101a-turma-no-unasp\/\"},\"wordCount\":500,\"commentCount\":0,\"publisher\":{\"@id\":\"https:\/\/unasp.br\/noticias\/#organization\"},\"image\":{\"@id\":\"https:\/\/unasp.br\/noticias\/culto-de-gratidao-da-faculdade-de-teologia-celebra-formatura-da-101a-turma-no-unasp\/#primaryimage\"},\"thumbnailUrl\":\"https:\/\/cdn.unasp.br\/noticias\/wp-content\/uploads\/2020\/12\/12105002\/WhatsApp-Image-2020-12-12-at-12.31.20-1.jpeg\",\"articleSection\":[\"Formaturas\"],\"inLanguage\":\"pt-BR\",\"potentialAction\":[{\"@type\":\"CommentAction\",\"name\":\"Comment\",\"target\":[\"https:\/\/unasp.br\/noticias\/culto-de-gratidao-da-faculdade-de-teologia-celebra-formatura-da-101a-turma-no-unasp\/#respond\"]}]},{\"@type\":\"WebPage\",\"@id\":\"https:\/\/unasp.br\/noticias\/culto-de-gratidao-da-faculdade-de-teologia-celebra-formatura-da-101a-turma-no-unasp\/\",\"url\":\"https:\/\/unasp.br\/noticias\/culto-de-gratidao-da-faculdade-de-teologia-celebra-formatura-da-101a-turma-no-unasp\/\",\"name\":\"Culto de gratid\u00e3o da Faculdade de Teologia celebra formatura da 101\u00aa turma no UNASP - UNASP Noticias\",\"isPartOf\":{\"@id\":\"https:\/\/unasp.br\/noticias\/#website\"},\"primaryImageOfPage\":{\"@id\":\"https:\/\/unasp.br\/noticias\/culto-de-gratidao-da-faculdade-de-teologia-celebra-formatura-da-101a-turma-no-unasp\/#primaryimage\"},\"image\":{\"@id\":\"https:\/\/unasp.br\/noticias\/culto-de-gratidao-da-faculdade-de-teologia-celebra-formatura-da-101a-turma-no-unasp\/#primaryimage\"},\"thumbnailUrl\":\"https:\/\/cdn.unasp.br\/noticias\/wp-content\/uploads\/2020\/12\/12105002\/WhatsApp-Image-2020-12-12-at-12.31.20-1.jpeg\",\"datePublished\":\"2020-12-12T16:51:57+00:00\",\"dateModified\":\"2020-12-12T16:52:00+00:00\",\"description\":\"A celebra\u00e7\u00e3o d\u00e1 in\u00edcio a um novo s\u00e9culo de evangelismo na Igreja Adventista do S\u00e9timo Dia no Brasil.\",\"breadcrumb\":{\"@id\":\"https:\/\/unasp.br\/noticias\/culto-de-gratidao-da-faculdade-de-teologia-celebra-formatura-da-101a-turma-no-unasp\/#breadcrumb\"},\"inLanguage\":\"pt-BR\",\"potentialAction\":[{\"@type\":\"ReadAction\",\"target\":[\"https:\/\/unasp.br\/noticias\/culto-de-gratidao-da-faculdade-de-teologia-celebra-formatura-da-101a-turma-no-unasp\/\"]}]},{\"@type\":\"ImageObject\",\"inLanguage\":\"pt-BR\",\"@id\":\"https:\/\/unasp.br\/noticias\/culto-de-gratidao-da-faculdade-de-teologia-celebra-formatura-da-101a-turma-no-unasp\/#primaryimage\",\"url\":\"https:\/\/cdn.unasp.br\/noticias\/wp-content\/uploads\/2020\/12\/12105002\/WhatsApp-Image-2020-12-12-at-12.31.20-1.jpeg\",\"contentUrl\":\"https:\/\/cdn.unasp.br\/noticias\/wp-content\/uploads\/2020\/12\/12105002\/WhatsApp-Image-2020-12-12-at-12.31.20-1.jpeg\",\"width\":1129,\"height\":654},{\"@type\":\"BreadcrumbList\",\"@id\":\"https:\/\/unasp.br\/noticias\/culto-de-gratidao-da-faculdade-de-teologia-celebra-formatura-da-101a-turma-no-unasp\/#breadcrumb\",\"itemListElement\":[{\"@type\":\"ListItem\",\"position\":1,\"name\":\"In\u00edcio\",\"item\":\"https:\/\/unasp.br\/noticias\/\"},{\"@type\":\"ListItem\",\"position\":2,\"name\":\"Culto de gratid\u00e3o da Faculdade de Teologia celebra formatura da 101\u00aa turma no UNASP\"}]},{\"@type\":\"WebSite\",\"@id\":\"https:\/\/unasp.br\/noticias\/#website\",\"url\":\"https:\/\/unasp.br\/noticias\/\",\"name\":\"UNASP Noticias\",\"description\":\"Centro Universit\u00e1rio Adventista de S\u00e3o Paulo\",\"publisher\":{\"@id\":\"https:\/\/unasp.br\/noticias\/#organization\"},\"potentialAction\":[{\"@type\":\"SearchAction\",\"target\":{\"@type\":\"EntryPoint\",\"urlTemplate\":\"https:\/\/unasp.br\/noticias\/?s={search_term_string}\"},\"query-input\":{\"@type\":\"PropertyValueSpecification\",\"valueRequired\":true,\"valueName\":\"search_term_string\"}}],\"inLanguage\":\"pt-BR\"},{\"@type\":\"Organization\",\"@id\":\"https:\/\/unasp.br\/noticias\/#organization\",\"name\":\"UNASP Noticias\",\"url\":\"https:\/\/unasp.br\/noticias\/\",\"logo\":{\"@type\":\"ImageObject\",\"inLanguage\":\"pt-BR\",\"@id\":\"https:\/\/unasp.br\/noticias\/#\/schema\/logo\/image\/\",\"url\":\"https:\/\/cdn.unasp.br\/noticias\/wp-content\/uploads\/2021\/09\/09152724\/logo-unasp-news.png\",\"contentUrl\":\"https:\/\/cdn.unasp.br\/noticias\/wp-content\/uploads\/2021\/09\/09152724\/logo-unasp-news.png\",\"width\":240,\"height\":41,\"caption\":\"UNASP Noticias\"},\"image\":{\"@id\":\"https:\/\/unasp.br\/noticias\/#\/schema\/logo\/image\/\"}},{\"@type\":\"Person\",\"@id\":\"https:\/\/unasp.br\/noticias\/#\/schema\/person\/80f09a3ec674501e6bb13144ffa2489f\",\"name\":\"Aira Almeida\",\"image\":{\"@type\":\"ImageObject\",\"inLanguage\":\"pt-BR\",\"@id\":\"https:\/\/unasp.br\/noticias\/#\/schema\/person\/image\/\",\"url\":\"https:\/\/secure.gravatar.com\/avatar\/e30ea867fdd5a41ec6a0cb350dcd108e?s=96&d=mm&r=g\",\"contentUrl\":\"https:\/\/secure.gravatar.com\/avatar\/e30ea867fdd5a41ec6a0cb350dcd108e?s=96&d=mm&r=g\",\"caption\":\"Aira Almeida\"},\"url\":\"https:\/\/unasp.br\/noticias\/author\/aira-almeidaedu-unasp-br\/\"}]}<\/script>\n<!-- \/ Yoast SEO plugin. -->","yoast_head_json":{"title":"Culto de gratid\u00e3o da Faculdade de Teologia celebra formatura da 101\u00aa turma no UNASP - UNASP Noticias","description":"A celebra\u00e7\u00e3o d\u00e1 in\u00edcio a um novo s\u00e9culo de evangelismo na Igreja Adventista do S\u00e9timo Dia no Brasil.","robots":{"index":"index","follow":"follow","max-snippet":"max-snippet:-1","max-image-preview":"max-image-preview:large","max-video-preview":"max-video-preview:-1"},"canonical":"https:\/\/unasp.br\/noticias\/culto-de-gratidao-da-faculdade-de-teologia-celebra-formatura-da-101a-turma-no-unasp\/","og_locale":"pt_BR","og_type":"article","og_title":"Culto de gratid\u00e3o da Faculdade de Teologia celebra formatura da 101\u00aa turma no UNASP - UNASP Noticias","og_description":"A celebra\u00e7\u00e3o d\u00e1 in\u00edcio a um novo s\u00e9culo de evangelismo na Igreja Adventista do S\u00e9timo Dia no Brasil.","og_url":"https:\/\/unasp.br\/noticias\/culto-de-gratidao-da-faculdade-de-teologia-celebra-formatura-da-101a-turma-no-unasp\/","og_site_name":"UNASP Noticias","article_published_time":"2020-12-12T16:51:57+00:00","article_modified_time":"2020-12-12T16:52:00+00:00","og_image":[{"width":1129,"height":654,"url":"https:\/\/cdn.unasp.br\/noticias\/wp-content\/uploads\/2020\/12\/12105002\/WhatsApp-Image-2020-12-12-at-12.31.20-1.jpeg","type":"image\/jpeg"}],"author":"Aira Almeida","twitter_card":"summary_large_image","twitter_misc":{"Escrito por":"Aira Almeida","Est. tempo de leitura":"2 minutos"},"schema":{"@context":"https:\/\/schema.org","@graph":[{"@type":"Article","@id":"https:\/\/unasp.br\/noticias\/culto-de-gratidao-da-faculdade-de-teologia-celebra-formatura-da-101a-turma-no-unasp\/#article","isPartOf":{"@id":"https:\/\/unasp.br\/noticias\/culto-de-gratidao-da-faculdade-de-teologia-celebra-formatura-da-101a-turma-no-unasp\/"},"author":{"name":"Aira Almeida","@id":"https:\/\/unasp.br\/noticias\/#\/schema\/person\/80f09a3ec674501e6bb13144ffa2489f"},"headline":"Culto de gratid\u00e3o da Faculdade de Teologia celebra formatura da 101\u00aa turma no UNASP","datePublished":"2020-12-12T16:51:57+00:00","dateModified":"2020-12-12T16:52:00+00:00","mainEntityOfPage":{"@id":"https:\/\/unasp.br\/noticias\/culto-de-gratidao-da-faculdade-de-teologia-celebra-formatura-da-101a-turma-no-unasp\/"},"wordCount":500,"commentCount":0,"publisher":{"@id":"https:\/\/unasp.br\/noticias\/#organization"},"image":{"@id":"https:\/\/unasp.br\/noticias\/culto-de-gratidao-da-faculdade-de-teologia-celebra-formatura-da-101a-turma-no-unasp\/#primaryimage"},"thumbnailUrl":"https:\/\/cdn.unasp.br\/noticias\/wp-content\/uploads\/2020\/12\/12105002\/WhatsApp-Image-2020-12-12-at-12.31.20-1.jpeg","articleSection":["Formaturas"],"inLanguage":"pt-BR","potentialAction":[{"@type":"CommentAction","name":"Comment","target":["https:\/\/unasp.br\/noticias\/culto-de-gratidao-da-faculdade-de-teologia-celebra-formatura-da-101a-turma-no-unasp\/#respond"]}]},{"@type":"WebPage","@id":"https:\/\/unasp.br\/noticias\/culto-de-gratidao-da-faculdade-de-teologia-celebra-formatura-da-101a-turma-no-unasp\/","url":"https:\/\/unasp.br\/noticias\/culto-de-gratidao-da-faculdade-de-teologia-celebra-formatura-da-101a-turma-no-unasp\/","name":"Culto de gratid\u00e3o da Faculdade de Teologia celebra formatura da 101\u00aa turma no UNASP - UNASP Noticias","isPartOf":{"@id":"https:\/\/unasp.br\/noticias\/#website"},"primaryImageOfPage":{"@id":"https:\/\/unasp.br\/noticias\/culto-de-gratidao-da-faculdade-de-teologia-celebra-formatura-da-101a-turma-no-unasp\/#primaryimage"},"image":{"@id":"https:\/\/unasp.br\/noticias\/culto-de-gratidao-da-faculdade-de-teologia-celebra-formatura-da-101a-turma-no-unasp\/#primaryimage"},"thumbnailUrl":"https:\/\/cdn.unasp.br\/noticias\/wp-content\/uploads\/2020\/12\/12105002\/WhatsApp-Image-2020-12-12-at-12.31.20-1.jpeg","datePublished":"2020-12-12T16:51:57+00:00","dateModified":"2020-12-12T16:52:00+00:00","description":"A celebra\u00e7\u00e3o d\u00e1 in\u00edcio a um novo s\u00e9culo de evangelismo na Igreja Adventista do S\u00e9timo Dia no Brasil.","breadcrumb":{"@id":"https:\/\/unasp.br\/noticias\/culto-de-gratidao-da-faculdade-de-teologia-celebra-formatura-da-101a-turma-no-unasp\/#breadcrumb"},"inLanguage":"pt-BR","potentialAction":[{"@type":"ReadAction","target":["https:\/\/unasp.br\/noticias\/culto-de-gratidao-da-faculdade-de-teologia-celebra-formatura-da-101a-turma-no-unasp\/"]}]},{"@type":"ImageObject","inLanguage":"pt-BR","@id":"https:\/\/unasp.br\/noticias\/culto-de-gratidao-da-faculdade-de-teologia-celebra-formatura-da-101a-turma-no-unasp\/#primaryimage","url":"https:\/\/cdn.unasp.br\/noticias\/wp-content\/uploads\/2020\/12\/12105002\/WhatsApp-Image-2020-12-12-at-12.31.20-1.jpeg","contentUrl":"https:\/\/cdn.unasp.br\/noticias\/wp-content\/uploads\/2020\/12\/12105002\/WhatsApp-Image-2020-12-12-at-12.31.20-1.jpeg","width":1129,"height":654},{"@type":"BreadcrumbList","@id":"https:\/\/unasp.br\/noticias\/culto-de-gratidao-da-faculdade-de-teologia-celebra-formatura-da-101a-turma-no-unasp\/#breadcrumb","itemListElement":[{"@type":"ListItem","position":1,"name":"In\u00edcio","item":"https:\/\/unasp.br\/noticias\/"},{"@type":"ListItem","position":2,"name":"Culto de gratid\u00e3o da Faculdade de Teologia celebra formatura da 101\u00aa turma no UNASP"}]},{"@type":"WebSite","@id":"https:\/\/unasp.br\/noticias\/#website","url":"https:\/\/unasp.br\/noticias\/","name":"UNASP Noticias","description":"Centro Universit\u00e1rio Adventista de S\u00e3o Paulo","publisher":{"@id":"https:\/\/unasp.br\/noticias\/#organization"},"potentialAction":[{"@type":"SearchAction","target":{"@type":"EntryPoint","urlTemplate":"https:\/\/unasp.br\/noticias\/?s={search_term_string}"},"query-input":{"@type":"PropertyValueSpecification","valueRequired":true,"valueName":"search_term_string"}}],"inLanguage":"pt-BR"},{"@type":"Organization","@id":"https:\/\/unasp.br\/noticias\/#organization","name":"UNASP Noticias","url":"https:\/\/unasp.br\/noticias\/","logo":{"@type":"ImageObject","inLanguage":"pt-BR","@id":"https:\/\/unasp.br\/noticias\/#\/schema\/logo\/image\/","url":"https:\/\/cdn.unasp.br\/noticias\/wp-content\/uploads\/2021\/09\/09152724\/logo-unasp-news.png","contentUrl":"https:\/\/cdn.unasp.br\/noticias\/wp-content\/uploads\/2021\/09\/09152724\/logo-unasp-news.png","width":240,"height":41,"caption":"UNASP Noticias"},"image":{"@id":"https:\/\/unasp.br\/noticias\/#\/schema\/logo\/image\/"}},{"@type":"Person","@id":"https:\/\/unasp.br\/noticias\/#\/schema\/person\/80f09a3ec674501e6bb13144ffa2489f","name":"Aira Almeida","image":{"@type":"ImageObject","inLanguage":"pt-BR","@id":"https:\/\/unasp.br\/noticias\/#\/schema\/person\/image\/","url":"https:\/\/secure.gravatar.com\/avatar\/e30ea867fdd5a41ec6a0cb350dcd108e?s=96&d=mm&r=g","contentUrl":"https:\/\/secure.gravatar.com\/avatar\/e30ea867fdd5a41ec6a0cb350dcd108e?s=96&d=mm&r=g","caption":"Aira Almeida"},"url":"https:\/\/unasp.br\/noticias\/author\/aira-almeidaedu-unasp-br\/"}]}},"_links":{"self":[{"href":"https:\/\/unasp.br\/noticias\/wp-json\/wp\/v2\/posts\/91942"}],"collection":[{"href":"https:\/\/unasp.br\/noticias\/wp-json\/wp\/v2\/posts"}],"about":[{"href":"https:\/\/unasp.br\/noticias\/wp-json\/wp\/v2\/types\/post"}],"author":[{"embeddable":true,"href":"https:\/\/unasp.br\/noticias\/wp-json\/wp\/v2\/users\/30"}],"replies":[{"embeddable":true,"href":"https:\/\/unasp.br\/noticias\/wp-json\/wp\/v2\/comments?post=91942"}],"version-history":[{"count":2,"href":"https:\/\/unasp.br\/noticias\/wp-json\/wp\/v2\/posts\/91942\/revisions"}],"predecessor-version":[{"id":91951,"href":"https:\/\/unasp.br\/noticias\/wp-json\/wp\/v2\/posts\/91942\/revisions\/91951"}],"wp:featuredmedia":[{"embeddable":true,"href":"https:\/\/unasp.br\/noticias\/wp-json\/wp\/v2\/media\/91950"}],"wp:attachment":[{"href":"https:\/\/unasp.br\/noticias\/wp-json\/wp\/v2\/media?parent=91942"}],"wp:term":[{"taxonomy":"category","embeddable":true,"href":"https:\/\/unasp.br\/noticias\/wp-json\/wp\/v2\/categories?post=91942"},{"taxonomy":"post_tag","embeddable":true,"href":"https:\/\/unasp.br\/noticias\/wp-json\/wp\/v2\/tags?post=91942"}],"curies":[{"name":"wp","href":"https:\/\/api.w.org\/{rel}","templated":true}]}}