{"id":91952,"date":"2020-12-13T09:05:05","date_gmt":"2020-12-13T12:05:05","guid":{"rendered":"https:\/\/www.unasp.br\/noticias\/?p=91952"},"modified":"2020-12-13T09:07:57","modified_gmt":"2020-12-13T12:07:57","slug":"formatura-de-comunicacao-social-e-jornalismo-inclui-inovacao-digital-na-celebracao4","status":"publish","type":"post","link":"https:\/\/unasp.br\/noticias\/formatura-de-comunicacao-social-e-jornalismo-inclui-inovacao-digital-na-celebracao4\/","title":{"rendered":"Formatura de Comunica\u00e7\u00e3o Social e Jornalismo inclui inova\u00e7\u00e3o digital na celebra\u00e7\u00e3o"},"content":{"rendered":"\n<div class=\"wp-block-image\"><figure class=\"alignleft is-resized\"><img loading=\"lazy\" decoding=\"async\" src=\"https:\/\/www.unasp.br\/noticias\/wp-content\/uploads\/2020\/12\/50713791101_32358584d7_k-1024x683.jpg\" alt=\"\" class=\"wp-image-91966\" width=\"455\" height=\"303\" srcset=\"https:\/\/cdn.unasp.br\/noticias\/wp-content\/uploads\/2020\/12\/13060127\/50713791101_32358584d7_k-1024x683.jpg 1024w, https:\/\/cdn.unasp.br\/noticias\/wp-content\/uploads\/2020\/12\/13060127\/50713791101_32358584d7_k-300x200.jpg 300w, https:\/\/cdn.unasp.br\/noticias\/wp-content\/uploads\/2020\/12\/13060127\/50713791101_32358584d7_k-768x512.jpg 768w, https:\/\/cdn.unasp.br\/noticias\/wp-content\/uploads\/2020\/12\/13060127\/50713791101_32358584d7_k-1536x1024.jpg 1536w, https:\/\/cdn.unasp.br\/noticias\/wp-content\/uploads\/2020\/12\/13060127\/50713791101_32358584d7_k-900x600.jpg 900w, https:\/\/cdn.unasp.br\/noticias\/wp-content\/uploads\/2020\/12\/13060127\/50713791101_32358584d7_k-1200x800.jpg 1200w, https:\/\/cdn.unasp.br\/noticias\/wp-content\/uploads\/2020\/12\/13060127\/50713791101_32358584d7_k-1080x720.jpg 1080w, https:\/\/cdn.unasp.br\/noticias\/wp-content\/uploads\/2020\/12\/13060127\/50713791101_32358584d7_k-800x533.jpg 800w, https:\/\/cdn.unasp.br\/noticias\/wp-content\/uploads\/2020\/12\/13060127\/50713791101_32358584d7_k-750x500.jpg 750w, https:\/\/cdn.unasp.br\/noticias\/wp-content\/uploads\/2020\/12\/13060127\/50713791101_32358584d7_k-720x480.jpg 720w, https:\/\/cdn.unasp.br\/noticias\/wp-content\/uploads\/2020\/12\/13060127\/50713791101_32358584d7_k-420x280.jpg 420w, https:\/\/cdn.unasp.br\/noticias\/wp-content\/uploads\/2020\/12\/13060127\/50713791101_32358584d7_k-500x333.jpg 500w, https:\/\/cdn.unasp.br\/noticias\/wp-content\/uploads\/2020\/12\/13060127\/50713791101_32358584d7_k-400x267.jpg 400w, https:\/\/cdn.unasp.br\/noticias\/wp-content\/uploads\/2020\/12\/13060127\/50713791101_32358584d7_k-375x250.jpg 375w, https:\/\/cdn.unasp.br\/noticias\/wp-content\/uploads\/2020\/12\/13060127\/50713791101_32358584d7_k-225x150.jpg 225w, https:\/\/cdn.unasp.br\/noticias\/wp-content\/uploads\/2020\/12\/13060127\/50713791101_32358584d7_k-175x117.jpg 175w, https:\/\/cdn.unasp.br\/noticias\/wp-content\/uploads\/2020\/12\/13060127\/50713791101_32358584d7_k-200x133.jpg 200w, https:\/\/cdn.unasp.br\/noticias\/wp-content\/uploads\/2020\/12\/13060127\/50713791101_32358584d7_k.jpg 2048w\" sizes=\"(max-width: 455px) 100vw, 455px\" \/><figcaption>Formanda de Jornalismo com docentes.<\/figcaption><\/figure><\/div>\n\n\n\n<p>Os formandos de Comunica\u00e7\u00e3o Social e Jornalismo celebraram a conquista do diploma na igreja do campus Engenheiro Coelho ontem \u00e0 noite (12). Ao todo, 49 estudantes estiveram presentes e outros 12 encerraram as atividades da Gradua\u00e7\u00e3o de maneira online. Ap\u00f3s quase um ano de atividades remotas, os alunos puderam se reencontrar e comemorar a vit\u00f3ria mesmo em um ano at\u00edpico. <\/p>\n\n\n\n<p>Al\u00e9m dos discursos, o batismo da formanda em Jornalismo, Mariana Avanzzi, representou uma supera\u00e7\u00e3o. \u201cAo longo desses quatro anos passei por momentos dif\u00edceis. Decidi compartilhar essa decis\u00e3o com minha turma. A Gradua\u00e7\u00e3o me causa muito felicidade, mas ter Deus guiando nossos passos, abrindo portas \u00e9 muito melhor\u201d, comemorou. <\/p>\n\n\n\n<h2 class=\"has-luminous-vivid-orange-color has-text-color wp-block-heading\"><strong>Dist\u00e2ncia superada<\/strong><\/h2>\n\n\n\n<p>Muitas fam\u00edlias viajaram de outros estados para acompanhar os formandos. Laysa Blenda celebrou a presen\u00e7a dos pais e irm\u00e3o que vieram de Sergipe. \u201cEu n\u00e3o estaria aqui se n\u00e3o fosse pela minha fam\u00edlia. Ter eles aqui \u00e9 um presente e o \u00e1pice de tudo que passei. \u00c9 a confirma\u00e7\u00e3o de uma celebra\u00e7\u00e3o\u201d, afirma. <\/p>\n\n\n\n<p>Para o pai da formanda, Valdson de Jesus, \u201cos pais se realizam mais nos filhos do que neles mesmos e cada conquista dos filhos tem um valor inigual\u00e1vel\u201d, disse. Ele acrescentou que estar inserido em outro ambiente para ver a conquista da filha \u00e9 um momento \u00edmpar.<\/p>\n\n\n\n<p>Os amigos que n\u00e3o puderam estar presentes acompanharam a cerim\u00f4nia por meio da transmiss\u00e3o no Youtube. Mesmo distante, Deborah Cardoso acompanhou o evento de forma online e afirma que esteve \u201cmuito animada e orgulhosa da amiga e irm\u00e3 Laysa\u201d.<\/p>\n\n\n\n<p>No caso de Rafael Cardoso, formando em R\u00e1dio e TV, n\u00e3o foi poss\u00edvel estar presencialmente por conta do cuidado com as av\u00f3s que fazem parte do grupo de risco da COVID-19. No entanto, acompanhou a programa\u00e7\u00e3o online e comemorou em fam\u00edlia. <\/p>\n\n\n\n<p>\u201c O sentimento \u00e9 de agradecimento aos pais e fam\u00edlia, e tamb\u00e9m nostalgia por todo o tempo de aprendizado nos quatro anos de curso que ofereceram muitas oportunidades de carreira\u201d, afimou Rafael. O formando ainda acrescenta que pretende seguir com o trabalho e outras atividades mission\u00e1rias nos anos seguintes.<\/p>\n\n\n\n<h2 class=\"has-luminous-vivid-orange-color has-text-color wp-block-heading\"><strong>Novas possibilidades<\/strong><\/h2>\n\n\n\n<p>Apesar das mudan\u00e7as em virtude da pandemia, todas as atividades da institui\u00e7\u00e3o foram mantidas de maneira remota. Para o ano de 2021, o UNASP vai oferecer Jornalismo e Comunica\u00e7\u00e3o Social com habilita\u00e7\u00e3o em Publicidade e Propaganda na modalidade EaD. Segundo o coordenador do curso, Rodrigo Follis \u201co Unasp tem um desafio no p\u00f3s pandemia de continuar relevante\u201d. Ele acredita que \u00e9 preciso atender as multifacetas do aluno e se reinventar. <\/p>\n\n\n\n<p>\u201c\u00c9 preciso continuar aliando a modalidade presencial a tecnologia. Al\u00e9m disso, usar o Ead para atingir uma grande massa e o presencial para atender a outra demanda. \u00c9 preciso reaprender como ser\u00e1 a comunica\u00e7\u00e3o a partir de agora e formar profissionais prontos para o novo mundo\u201d, concluiu.<\/p>\n\n\n\n<p>O UNASP busca oferecer experi\u00eancias para a vida e, sobretudo, princ\u00edpios e valores al\u00e9m do ensino. A formatura encerra o ciclo dos comunicadores e abre oportunidades de atua\u00e7\u00e3o no mercado de trabalho. <\/p>\n\n\n\n<figure class=\"wp-block-gallery columns-4 is-cropped wp-block-gallery-2 is-layout-flex wp-block-gallery-is-layout-flex\"><ul class=\"blocks-gallery-grid\"><li class=\"blocks-gallery-item\"><figure><img loading=\"lazy\" decoding=\"async\" width=\"1024\" height=\"683\" src=\"https:\/\/www.unasp.br\/noticias\/wp-content\/uploads\/2020\/12\/50713037808_1352120d02_k-1024x683.jpg\" alt=\"\" data-id=\"91961\" data-full-url=\"https:\/\/www.unasp.br\/noticias\/wp-content\/uploads\/2020\/12\/50713037808_1352120d02_k.jpg\" data-link=\"https:\/\/www.unasp.br\/noticias\/?attachment_id=91961\" class=\"wp-image-91961\" srcset=\"https:\/\/cdn.unasp.br\/noticias\/wp-content\/uploads\/2020\/12\/13060043\/50713037808_1352120d02_k-1024x683.jpg 1024w, https:\/\/cdn.unasp.br\/noticias\/wp-content\/uploads\/2020\/12\/13060043\/50713037808_1352120d02_k-300x200.jpg 300w, https:\/\/cdn.unasp.br\/noticias\/wp-content\/uploads\/2020\/12\/13060043\/50713037808_1352120d02_k-768x512.jpg 768w, https:\/\/cdn.unasp.br\/noticias\/wp-content\/uploads\/2020\/12\/13060043\/50713037808_1352120d02_k-1536x1024.jpg 1536w, https:\/\/cdn.unasp.br\/noticias\/wp-content\/uploads\/2020\/12\/13060043\/50713037808_1352120d02_k-900x600.jpg 900w, https:\/\/cdn.unasp.br\/noticias\/wp-content\/uploads\/2020\/12\/13060043\/50713037808_1352120d02_k-1200x800.jpg 1200w, https:\/\/cdn.unasp.br\/noticias\/wp-content\/uploads\/2020\/12\/13060043\/50713037808_1352120d02_k-1080x720.jpg 1080w, https:\/\/cdn.unasp.br\/noticias\/wp-content\/uploads\/2020\/12\/13060043\/50713037808_1352120d02_k-800x533.jpg 800w, https:\/\/cdn.unasp.br\/noticias\/wp-content\/uploads\/2020\/12\/13060043\/50713037808_1352120d02_k-750x500.jpg 750w, https:\/\/cdn.unasp.br\/noticias\/wp-content\/uploads\/2020\/12\/13060043\/50713037808_1352120d02_k-720x480.jpg 720w, https:\/\/cdn.unasp.br\/noticias\/wp-content\/uploads\/2020\/12\/13060043\/50713037808_1352120d02_k-420x280.jpg 420w, https:\/\/cdn.unasp.br\/noticias\/wp-content\/uploads\/2020\/12\/13060043\/50713037808_1352120d02_k-500x333.jpg 500w, https:\/\/cdn.unasp.br\/noticias\/wp-content\/uploads\/2020\/12\/13060043\/50713037808_1352120d02_k-400x267.jpg 400w, https:\/\/cdn.unasp.br\/noticias\/wp-content\/uploads\/2020\/12\/13060043\/50713037808_1352120d02_k-375x250.jpg 375w, https:\/\/cdn.unasp.br\/noticias\/wp-content\/uploads\/2020\/12\/13060043\/50713037808_1352120d02_k-225x150.jpg 225w, https:\/\/cdn.unasp.br\/noticias\/wp-content\/uploads\/2020\/12\/13060043\/50713037808_1352120d02_k-175x117.jpg 175w, https:\/\/cdn.unasp.br\/noticias\/wp-content\/uploads\/2020\/12\/13060043\/50713037808_1352120d02_k-200x133.jpg 200w, https:\/\/cdn.unasp.br\/noticias\/wp-content\/uploads\/2020\/12\/13060043\/50713037808_1352120d02_k.jpg 2048w\" sizes=\"(max-width: 1024px) 100vw, 1024px\" \/><\/figure><\/li><li class=\"blocks-gallery-item\"><figure><img loading=\"lazy\" decoding=\"async\" width=\"1024\" height=\"576\" src=\"https:\/\/www.unasp.br\/noticias\/wp-content\/uploads\/2020\/12\/50713045058_d796e54903_k-1024x576.jpg\" alt=\"\" data-id=\"91962\" data-full-url=\"https:\/\/www.unasp.br\/noticias\/wp-content\/uploads\/2020\/12\/50713045058_d796e54903_k.jpg\" data-link=\"https:\/\/www.unasp.br\/noticias\/?attachment_id=91962\" class=\"wp-image-91962\" srcset=\"https:\/\/cdn.unasp.br\/noticias\/wp-content\/uploads\/2020\/12\/13060052\/50713045058_d796e54903_k-1024x576.jpg 1024w, https:\/\/cdn.unasp.br\/noticias\/wp-content\/uploads\/2020\/12\/13060052\/50713045058_d796e54903_k-300x169.jpg 300w, https:\/\/cdn.unasp.br\/noticias\/wp-content\/uploads\/2020\/12\/13060052\/50713045058_d796e54903_k-768x432.jpg 768w, https:\/\/cdn.unasp.br\/noticias\/wp-content\/uploads\/2020\/12\/13060052\/50713045058_d796e54903_k-1536x864.jpg 1536w, https:\/\/cdn.unasp.br\/noticias\/wp-content\/uploads\/2020\/12\/13060052\/50713045058_d796e54903_k-1066x600.jpg 1066w, https:\/\/cdn.unasp.br\/noticias\/wp-content\/uploads\/2020\/12\/13060052\/50713045058_d796e54903_k-1422x800.jpg 1422w, https:\/\/cdn.unasp.br\/noticias\/wp-content\/uploads\/2020\/12\/13060052\/50713045058_d796e54903_k-1279x720.jpg 1279w, https:\/\/cdn.unasp.br\/noticias\/wp-content\/uploads\/2020\/12\/13060052\/50713045058_d796e54903_k-800x450.jpg 800w, https:\/\/cdn.unasp.br\/noticias\/wp-content\/uploads\/2020\/12\/13060052\/50713045058_d796e54903_k-750x422.jpg 750w, https:\/\/cdn.unasp.br\/noticias\/wp-content\/uploads\/2020\/12\/13060052\/50713045058_d796e54903_k-720x405.jpg 720w, https:\/\/cdn.unasp.br\/noticias\/wp-content\/uploads\/2020\/12\/13060052\/50713045058_d796e54903_k-498x280.jpg 498w, https:\/\/cdn.unasp.br\/noticias\/wp-content\/uploads\/2020\/12\/13060052\/50713045058_d796e54903_k-500x281.jpg 500w, https:\/\/cdn.unasp.br\/noticias\/wp-content\/uploads\/2020\/12\/13060052\/50713045058_d796e54903_k-400x225.jpg 400w, https:\/\/cdn.unasp.br\/noticias\/wp-content\/uploads\/2020\/12\/13060052\/50713045058_d796e54903_k-355x200.jpg 355w, https:\/\/cdn.unasp.br\/noticias\/wp-content\/uploads\/2020\/12\/13060052\/50713045058_d796e54903_k-267x150.jpg 267w, https:\/\/cdn.unasp.br\/noticias\/wp-content\/uploads\/2020\/12\/13060052\/50713045058_d796e54903_k-175x98.jpg 175w, https:\/\/cdn.unasp.br\/noticias\/wp-content\/uploads\/2020\/12\/13060052\/50713045058_d796e54903_k-200x113.jpg 200w, https:\/\/cdn.unasp.br\/noticias\/wp-content\/uploads\/2020\/12\/13060052\/50713045058_d796e54903_k.jpg 2047w\" sizes=\"(max-width: 1024px) 100vw, 1024px\" \/><\/figure><\/li><li class=\"blocks-gallery-item\"><figure><img loading=\"lazy\" decoding=\"async\" width=\"1024\" height=\"576\" src=\"https:\/\/www.unasp.br\/noticias\/wp-content\/uploads\/2020\/12\/50713047623_f88d78bdba_k-1024x576.jpg\" alt=\"\" data-id=\"91963\" data-full-url=\"https:\/\/www.unasp.br\/noticias\/wp-content\/uploads\/2020\/12\/50713047623_f88d78bdba_k.jpg\" data-link=\"https:\/\/www.unasp.br\/noticias\/?attachment_id=91963\" class=\"wp-image-91963\" srcset=\"https:\/\/cdn.unasp.br\/noticias\/wp-content\/uploads\/2020\/12\/13060101\/50713047623_f88d78bdba_k-1024x576.jpg 1024w, https:\/\/cdn.unasp.br\/noticias\/wp-content\/uploads\/2020\/12\/13060101\/50713047623_f88d78bdba_k-300x169.jpg 300w, https:\/\/cdn.unasp.br\/noticias\/wp-content\/uploads\/2020\/12\/13060101\/50713047623_f88d78bdba_k-768x432.jpg 768w, https:\/\/cdn.unasp.br\/noticias\/wp-content\/uploads\/2020\/12\/13060101\/50713047623_f88d78bdba_k-1536x864.jpg 1536w, https:\/\/cdn.unasp.br\/noticias\/wp-content\/uploads\/2020\/12\/13060101\/50713047623_f88d78bdba_k-1066x600.jpg 1066w, https:\/\/cdn.unasp.br\/noticias\/wp-content\/uploads\/2020\/12\/13060101\/50713047623_f88d78bdba_k-1422x800.jpg 1422w, https:\/\/cdn.unasp.br\/noticias\/wp-content\/uploads\/2020\/12\/13060101\/50713047623_f88d78bdba_k-1279x720.jpg 1279w, https:\/\/cdn.unasp.br\/noticias\/wp-content\/uploads\/2020\/12\/13060101\/50713047623_f88d78bdba_k-800x450.jpg 800w, https:\/\/cdn.unasp.br\/noticias\/wp-content\/uploads\/2020\/12\/13060101\/50713047623_f88d78bdba_k-750x422.jpg 750w, https:\/\/cdn.unasp.br\/noticias\/wp-content\/uploads\/2020\/12\/13060101\/50713047623_f88d78bdba_k-720x405.jpg 720w, https:\/\/cdn.unasp.br\/noticias\/wp-content\/uploads\/2020\/12\/13060101\/50713047623_f88d78bdba_k-498x280.jpg 498w, https:\/\/cdn.unasp.br\/noticias\/wp-content\/uploads\/2020\/12\/13060101\/50713047623_f88d78bdba_k-500x281.jpg 500w, https:\/\/cdn.unasp.br\/noticias\/wp-content\/uploads\/2020\/12\/13060101\/50713047623_f88d78bdba_k-400x225.jpg 400w, https:\/\/cdn.unasp.br\/noticias\/wp-content\/uploads\/2020\/12\/13060101\/50713047623_f88d78bdba_k-355x200.jpg 355w, https:\/\/cdn.unasp.br\/noticias\/wp-content\/uploads\/2020\/12\/13060101\/50713047623_f88d78bdba_k-267x150.jpg 267w, https:\/\/cdn.unasp.br\/noticias\/wp-content\/uploads\/2020\/12\/13060101\/50713047623_f88d78bdba_k-175x98.jpg 175w, https:\/\/cdn.unasp.br\/noticias\/wp-content\/uploads\/2020\/12\/13060101\/50713047623_f88d78bdba_k-200x113.jpg 200w, https:\/\/cdn.unasp.br\/noticias\/wp-content\/uploads\/2020\/12\/13060101\/50713047623_f88d78bdba_k.jpg 2047w\" sizes=\"(max-width: 1024px) 100vw, 1024px\" \/><\/figure><\/li><li class=\"blocks-gallery-item\"><figure><img loading=\"lazy\" decoding=\"async\" width=\"1024\" height=\"683\" src=\"https:\/\/www.unasp.br\/noticias\/wp-content\/uploads\/2020\/12\/50713790326_278a4b054e_k-1024x683.jpg\" alt=\"\" data-id=\"91964\" data-full-url=\"https:\/\/www.unasp.br\/noticias\/wp-content\/uploads\/2020\/12\/50713790326_278a4b054e_k.jpg\" data-link=\"https:\/\/www.unasp.br\/noticias\/?attachment_id=91964\" class=\"wp-image-91964\" srcset=\"https:\/\/cdn.unasp.br\/noticias\/wp-content\/uploads\/2020\/12\/13060109\/50713790326_278a4b054e_k-1024x683.jpg 1024w, https:\/\/cdn.unasp.br\/noticias\/wp-content\/uploads\/2020\/12\/13060109\/50713790326_278a4b054e_k-300x200.jpg 300w, https:\/\/cdn.unasp.br\/noticias\/wp-content\/uploads\/2020\/12\/13060109\/50713790326_278a4b054e_k-768x512.jpg 768w, https:\/\/cdn.unasp.br\/noticias\/wp-content\/uploads\/2020\/12\/13060109\/50713790326_278a4b054e_k-1536x1024.jpg 1536w, https:\/\/cdn.unasp.br\/noticias\/wp-content\/uploads\/2020\/12\/13060109\/50713790326_278a4b054e_k-900x600.jpg 900w, https:\/\/cdn.unasp.br\/noticias\/wp-content\/uploads\/2020\/12\/13060109\/50713790326_278a4b054e_k-1200x800.jpg 1200w, https:\/\/cdn.unasp.br\/noticias\/wp-content\/uploads\/2020\/12\/13060109\/50713790326_278a4b054e_k-1080x720.jpg 1080w, https:\/\/cdn.unasp.br\/noticias\/wp-content\/uploads\/2020\/12\/13060109\/50713790326_278a4b054e_k-800x533.jpg 800w, https:\/\/cdn.unasp.br\/noticias\/wp-content\/uploads\/2020\/12\/13060109\/50713790326_278a4b054e_k-750x500.jpg 750w, https:\/\/cdn.unasp.br\/noticias\/wp-content\/uploads\/2020\/12\/13060109\/50713790326_278a4b054e_k-720x480.jpg 720w, https:\/\/cdn.unasp.br\/noticias\/wp-content\/uploads\/2020\/12\/13060109\/50713790326_278a4b054e_k-420x280.jpg 420w, https:\/\/cdn.unasp.br\/noticias\/wp-content\/uploads\/2020\/12\/13060109\/50713790326_278a4b054e_k-500x333.jpg 500w, https:\/\/cdn.unasp.br\/noticias\/wp-content\/uploads\/2020\/12\/13060109\/50713790326_278a4b054e_k-400x267.jpg 400w, https:\/\/cdn.unasp.br\/noticias\/wp-content\/uploads\/2020\/12\/13060109\/50713790326_278a4b054e_k-375x250.jpg 375w, https:\/\/cdn.unasp.br\/noticias\/wp-content\/uploads\/2020\/12\/13060109\/50713790326_278a4b054e_k-225x150.jpg 225w, https:\/\/cdn.unasp.br\/noticias\/wp-content\/uploads\/2020\/12\/13060109\/50713790326_278a4b054e_k-175x117.jpg 175w, https:\/\/cdn.unasp.br\/noticias\/wp-content\/uploads\/2020\/12\/13060109\/50713790326_278a4b054e_k-200x133.jpg 200w, https:\/\/cdn.unasp.br\/noticias\/wp-content\/uploads\/2020\/12\/13060109\/50713790326_278a4b054e_k.jpg 2048w\" sizes=\"(max-width: 1024px) 100vw, 1024px\" \/><\/figure><\/li><li class=\"blocks-gallery-item\"><figure><img loading=\"lazy\" decoding=\"async\" width=\"1024\" height=\"683\" src=\"https:\/\/www.unasp.br\/noticias\/wp-content\/uploads\/2020\/12\/50713050708_c83554eecd_k-1024x683.jpg\" alt=\"\" data-id=\"91965\" data-full-url=\"https:\/\/www.unasp.br\/noticias\/wp-content\/uploads\/2020\/12\/50713050708_c83554eecd_k.jpg\" data-link=\"https:\/\/www.unasp.br\/noticias\/?attachment_id=91965\" class=\"wp-image-91965\" srcset=\"https:\/\/cdn.unasp.br\/noticias\/wp-content\/uploads\/2020\/12\/13060118\/50713050708_c83554eecd_k-1024x683.jpg 1024w, https:\/\/cdn.unasp.br\/noticias\/wp-content\/uploads\/2020\/12\/13060118\/50713050708_c83554eecd_k-300x200.jpg 300w, https:\/\/cdn.unasp.br\/noticias\/wp-content\/uploads\/2020\/12\/13060118\/50713050708_c83554eecd_k-768x512.jpg 768w, https:\/\/cdn.unasp.br\/noticias\/wp-content\/uploads\/2020\/12\/13060118\/50713050708_c83554eecd_k-1536x1024.jpg 1536w, https:\/\/cdn.unasp.br\/noticias\/wp-content\/uploads\/2020\/12\/13060118\/50713050708_c83554eecd_k-900x600.jpg 900w, https:\/\/cdn.unasp.br\/noticias\/wp-content\/uploads\/2020\/12\/13060118\/50713050708_c83554eecd_k-1200x800.jpg 1200w, https:\/\/cdn.unasp.br\/noticias\/wp-content\/uploads\/2020\/12\/13060118\/50713050708_c83554eecd_k-1080x720.jpg 1080w, https:\/\/cdn.unasp.br\/noticias\/wp-content\/uploads\/2020\/12\/13060118\/50713050708_c83554eecd_k-800x533.jpg 800w, https:\/\/cdn.unasp.br\/noticias\/wp-content\/uploads\/2020\/12\/13060118\/50713050708_c83554eecd_k-750x500.jpg 750w, https:\/\/cdn.unasp.br\/noticias\/wp-content\/uploads\/2020\/12\/13060118\/50713050708_c83554eecd_k-720x480.jpg 720w, https:\/\/cdn.unasp.br\/noticias\/wp-content\/uploads\/2020\/12\/13060118\/50713050708_c83554eecd_k-420x280.jpg 420w, https:\/\/cdn.unasp.br\/noticias\/wp-content\/uploads\/2020\/12\/13060118\/50713050708_c83554eecd_k-500x333.jpg 500w, https:\/\/cdn.unasp.br\/noticias\/wp-content\/uploads\/2020\/12\/13060118\/50713050708_c83554eecd_k-400x267.jpg 400w, https:\/\/cdn.unasp.br\/noticias\/wp-content\/uploads\/2020\/12\/13060118\/50713050708_c83554eecd_k-375x250.jpg 375w, https:\/\/cdn.unasp.br\/noticias\/wp-content\/uploads\/2020\/12\/13060118\/50713050708_c83554eecd_k-225x150.jpg 225w, https:\/\/cdn.unasp.br\/noticias\/wp-content\/uploads\/2020\/12\/13060118\/50713050708_c83554eecd_k-175x117.jpg 175w, https:\/\/cdn.unasp.br\/noticias\/wp-content\/uploads\/2020\/12\/13060118\/50713050708_c83554eecd_k-200x133.jpg 200w, https:\/\/cdn.unasp.br\/noticias\/wp-content\/uploads\/2020\/12\/13060118\/50713050708_c83554eecd_k.jpg 2048w\" sizes=\"(max-width: 1024px) 100vw, 1024px\" \/><\/figure><\/li><li class=\"blocks-gallery-item\"><figure><img loading=\"lazy\" decoding=\"async\" width=\"1024\" height=\"683\" src=\"https:\/\/www.unasp.br\/noticias\/wp-content\/uploads\/2020\/12\/50713791101_32358584d7_k-1024x683.jpg\" alt=\"\" data-id=\"91966\" data-full-url=\"https:\/\/www.unasp.br\/noticias\/wp-content\/uploads\/2020\/12\/50713791101_32358584d7_k.jpg\" data-link=\"https:\/\/www.unasp.br\/noticias\/?attachment_id=91966\" class=\"wp-image-91966\" srcset=\"https:\/\/cdn.unasp.br\/noticias\/wp-content\/uploads\/2020\/12\/13060127\/50713791101_32358584d7_k-1024x683.jpg 1024w, https:\/\/cdn.unasp.br\/noticias\/wp-content\/uploads\/2020\/12\/13060127\/50713791101_32358584d7_k-300x200.jpg 300w, https:\/\/cdn.unasp.br\/noticias\/wp-content\/uploads\/2020\/12\/13060127\/50713791101_32358584d7_k-768x512.jpg 768w, https:\/\/cdn.unasp.br\/noticias\/wp-content\/uploads\/2020\/12\/13060127\/50713791101_32358584d7_k-1536x1024.jpg 1536w, https:\/\/cdn.unasp.br\/noticias\/wp-content\/uploads\/2020\/12\/13060127\/50713791101_32358584d7_k-900x600.jpg 900w, https:\/\/cdn.unasp.br\/noticias\/wp-content\/uploads\/2020\/12\/13060127\/50713791101_32358584d7_k-1200x800.jpg 1200w, https:\/\/cdn.unasp.br\/noticias\/wp-content\/uploads\/2020\/12\/13060127\/50713791101_32358584d7_k-1080x720.jpg 1080w, https:\/\/cdn.unasp.br\/noticias\/wp-content\/uploads\/2020\/12\/13060127\/50713791101_32358584d7_k-800x533.jpg 800w, https:\/\/cdn.unasp.br\/noticias\/wp-content\/uploads\/2020\/12\/13060127\/50713791101_32358584d7_k-750x500.jpg 750w, https:\/\/cdn.unasp.br\/noticias\/wp-content\/uploads\/2020\/12\/13060127\/50713791101_32358584d7_k-720x480.jpg 720w, https:\/\/cdn.unasp.br\/noticias\/wp-content\/uploads\/2020\/12\/13060127\/50713791101_32358584d7_k-420x280.jpg 420w, https:\/\/cdn.unasp.br\/noticias\/wp-content\/uploads\/2020\/12\/13060127\/50713791101_32358584d7_k-500x333.jpg 500w, https:\/\/cdn.unasp.br\/noticias\/wp-content\/uploads\/2020\/12\/13060127\/50713791101_32358584d7_k-400x267.jpg 400w, https:\/\/cdn.unasp.br\/noticias\/wp-content\/uploads\/2020\/12\/13060127\/50713791101_32358584d7_k-375x250.jpg 375w, https:\/\/cdn.unasp.br\/noticias\/wp-content\/uploads\/2020\/12\/13060127\/50713791101_32358584d7_k-225x150.jpg 225w, https:\/\/cdn.unasp.br\/noticias\/wp-content\/uploads\/2020\/12\/13060127\/50713791101_32358584d7_k-175x117.jpg 175w, https:\/\/cdn.unasp.br\/noticias\/wp-content\/uploads\/2020\/12\/13060127\/50713791101_32358584d7_k-200x133.jpg 200w, https:\/\/cdn.unasp.br\/noticias\/wp-content\/uploads\/2020\/12\/13060127\/50713791101_32358584d7_k.jpg 2048w\" sizes=\"(max-width: 1024px) 100vw, 1024px\" \/><\/figure><\/li><\/ul><\/figure>\n","protected":false},"excerpt":{"rendered":"<p>Os formandos de Comunica\u00e7\u00e3o Social e Jornalismo celebraram a conquista do diploma na igreja do campus Engenheiro [&hellip;]<\/p>\n","protected":false},"author":30,"featured_media":91968,"comment_status":"open","ping_status":"open","sticky":false,"template":"","format":"standard","meta":{"footnotes":""},"categories":[1846],"tags":[],"yoast_head":"<!-- This site is optimized with the Yoast SEO plugin v23.5 - https:\/\/yoast.com\/wordpress\/plugins\/seo\/ -->\n<title>Formatura de Comunica\u00e7\u00e3o Social e Jornalismo inclui inova\u00e7\u00e3o digital na celebra\u00e7\u00e3o<\/title>\n<meta name=\"description\" content=\"Os comunicadores compartilharam a alegria com os familiares e amigos tanto presencialmente como online.\" \/>\n<meta name=\"robots\" content=\"index, follow, max-snippet:-1, max-image-preview:large, max-video-preview:-1\" \/>\n<link rel=\"canonical\" href=\"https:\/\/unasp.br\/noticias\/formatura-de-comunicacao-social-e-jornalismo-inclui-inovacao-digital-na-celebracao4\/\" \/>\n<meta property=\"og:locale\" content=\"pt_BR\" \/>\n<meta property=\"og:type\" content=\"article\" \/>\n<meta property=\"og:title\" content=\"Formatura de Comunica\u00e7\u00e3o Social e Jornalismo inclui inova\u00e7\u00e3o digital na celebra\u00e7\u00e3o\" \/>\n<meta property=\"og:description\" content=\"Os comunicadores compartilharam a alegria com os familiares e amigos tanto presencialmente como online.\" \/>\n<meta property=\"og:url\" content=\"https:\/\/unasp.br\/noticias\/formatura-de-comunicacao-social-e-jornalismo-inclui-inovacao-digital-na-celebracao4\/\" \/>\n<meta property=\"og:site_name\" content=\"UNASP Noticias\" \/>\n<meta property=\"article:published_time\" content=\"2020-12-13T12:05:05+00:00\" \/>\n<meta property=\"article:modified_time\" content=\"2020-12-13T12:07:57+00:00\" \/>\n<meta property=\"og:image\" content=\"https:\/\/cdn.unasp.br\/noticias\/wp-content\/uploads\/2020\/12\/13060728\/50713790326_31ed81028b_w.jpg\" \/>\n\t<meta property=\"og:image:width\" content=\"400\" \/>\n\t<meta property=\"og:image:height\" content=\"267\" \/>\n\t<meta property=\"og:image:type\" content=\"image\/jpeg\" \/>\n<meta name=\"author\" content=\"Aira Almeida\" \/>\n<meta name=\"twitter:card\" content=\"summary_large_image\" \/>\n<meta name=\"twitter:label1\" content=\"Escrito por\" \/>\n\t<meta name=\"twitter:data1\" content=\"Aira Almeida\" \/>\n\t<meta name=\"twitter:label2\" content=\"Est. tempo de leitura\" \/>\n\t<meta name=\"twitter:data2\" content=\"3 minutos\" \/>\n<script type=\"application\/ld+json\" class=\"yoast-schema-graph\">{\"@context\":\"https:\/\/schema.org\",\"@graph\":[{\"@type\":\"Article\",\"@id\":\"https:\/\/unasp.br\/noticias\/formatura-de-comunicacao-social-e-jornalismo-inclui-inovacao-digital-na-celebracao4\/#article\",\"isPartOf\":{\"@id\":\"https:\/\/unasp.br\/noticias\/formatura-de-comunicacao-social-e-jornalismo-inclui-inovacao-digital-na-celebracao4\/\"},\"author\":{\"name\":\"Aira Almeida\",\"@id\":\"https:\/\/unasp.br\/noticias\/#\/schema\/person\/80f09a3ec674501e6bb13144ffa2489f\"},\"headline\":\"Formatura de Comunica\u00e7\u00e3o Social e Jornalismo inclui inova\u00e7\u00e3o digital na celebra\u00e7\u00e3o\",\"datePublished\":\"2020-12-13T12:05:05+00:00\",\"dateModified\":\"2020-12-13T12:07:57+00:00\",\"mainEntityOfPage\":{\"@id\":\"https:\/\/unasp.br\/noticias\/formatura-de-comunicacao-social-e-jornalismo-inclui-inovacao-digital-na-celebracao4\/\"},\"wordCount\":538,\"commentCount\":0,\"publisher\":{\"@id\":\"https:\/\/unasp.br\/noticias\/#organization\"},\"image\":{\"@id\":\"https:\/\/unasp.br\/noticias\/formatura-de-comunicacao-social-e-jornalismo-inclui-inovacao-digital-na-celebracao4\/#primaryimage\"},\"thumbnailUrl\":\"https:\/\/cdn.unasp.br\/noticias\/wp-content\/uploads\/2020\/12\/13060728\/50713790326_31ed81028b_w.jpg\",\"articleSection\":[\"Formaturas\"],\"inLanguage\":\"pt-BR\",\"potentialAction\":[{\"@type\":\"CommentAction\",\"name\":\"Comment\",\"target\":[\"https:\/\/unasp.br\/noticias\/formatura-de-comunicacao-social-e-jornalismo-inclui-inovacao-digital-na-celebracao4\/#respond\"]}]},{\"@type\":\"WebPage\",\"@id\":\"https:\/\/unasp.br\/noticias\/formatura-de-comunicacao-social-e-jornalismo-inclui-inovacao-digital-na-celebracao4\/\",\"url\":\"https:\/\/unasp.br\/noticias\/formatura-de-comunicacao-social-e-jornalismo-inclui-inovacao-digital-na-celebracao4\/\",\"name\":\"Formatura de Comunica\u00e7\u00e3o Social e Jornalismo inclui inova\u00e7\u00e3o digital na celebra\u00e7\u00e3o\",\"isPartOf\":{\"@id\":\"https:\/\/unasp.br\/noticias\/#website\"},\"primaryImageOfPage\":{\"@id\":\"https:\/\/unasp.br\/noticias\/formatura-de-comunicacao-social-e-jornalismo-inclui-inovacao-digital-na-celebracao4\/#primaryimage\"},\"image\":{\"@id\":\"https:\/\/unasp.br\/noticias\/formatura-de-comunicacao-social-e-jornalismo-inclui-inovacao-digital-na-celebracao4\/#primaryimage\"},\"thumbnailUrl\":\"https:\/\/cdn.unasp.br\/noticias\/wp-content\/uploads\/2020\/12\/13060728\/50713790326_31ed81028b_w.jpg\",\"datePublished\":\"2020-12-13T12:05:05+00:00\",\"dateModified\":\"2020-12-13T12:07:57+00:00\",\"description\":\"Os comunicadores compartilharam a alegria com os familiares e amigos tanto presencialmente como online.\",\"breadcrumb\":{\"@id\":\"https:\/\/unasp.br\/noticias\/formatura-de-comunicacao-social-e-jornalismo-inclui-inovacao-digital-na-celebracao4\/#breadcrumb\"},\"inLanguage\":\"pt-BR\",\"potentialAction\":[{\"@type\":\"ReadAction\",\"target\":[\"https:\/\/unasp.br\/noticias\/formatura-de-comunicacao-social-e-jornalismo-inclui-inovacao-digital-na-celebracao4\/\"]}]},{\"@type\":\"ImageObject\",\"inLanguage\":\"pt-BR\",\"@id\":\"https:\/\/unasp.br\/noticias\/formatura-de-comunicacao-social-e-jornalismo-inclui-inovacao-digital-na-celebracao4\/#primaryimage\",\"url\":\"https:\/\/cdn.unasp.br\/noticias\/wp-content\/uploads\/2020\/12\/13060728\/50713790326_31ed81028b_w.jpg\",\"contentUrl\":\"https:\/\/cdn.unasp.br\/noticias\/wp-content\/uploads\/2020\/12\/13060728\/50713790326_31ed81028b_w.jpg\",\"width\":400,\"height\":267},{\"@type\":\"BreadcrumbList\",\"@id\":\"https:\/\/unasp.br\/noticias\/formatura-de-comunicacao-social-e-jornalismo-inclui-inovacao-digital-na-celebracao4\/#breadcrumb\",\"itemListElement\":[{\"@type\":\"ListItem\",\"position\":1,\"name\":\"In\u00edcio\",\"item\":\"https:\/\/unasp.br\/noticias\/\"},{\"@type\":\"ListItem\",\"position\":2,\"name\":\"Formatura de Comunica\u00e7\u00e3o Social e Jornalismo inclui inova\u00e7\u00e3o digital na celebra\u00e7\u00e3o\"}]},{\"@type\":\"WebSite\",\"@id\":\"https:\/\/unasp.br\/noticias\/#website\",\"url\":\"https:\/\/unasp.br\/noticias\/\",\"name\":\"UNASP Noticias\",\"description\":\"Centro Universit\u00e1rio Adventista de S\u00e3o Paulo\",\"publisher\":{\"@id\":\"https:\/\/unasp.br\/noticias\/#organization\"},\"potentialAction\":[{\"@type\":\"SearchAction\",\"target\":{\"@type\":\"EntryPoint\",\"urlTemplate\":\"https:\/\/unasp.br\/noticias\/?s={search_term_string}\"},\"query-input\":{\"@type\":\"PropertyValueSpecification\",\"valueRequired\":true,\"valueName\":\"search_term_string\"}}],\"inLanguage\":\"pt-BR\"},{\"@type\":\"Organization\",\"@id\":\"https:\/\/unasp.br\/noticias\/#organization\",\"name\":\"UNASP Noticias\",\"url\":\"https:\/\/unasp.br\/noticias\/\",\"logo\":{\"@type\":\"ImageObject\",\"inLanguage\":\"pt-BR\",\"@id\":\"https:\/\/unasp.br\/noticias\/#\/schema\/logo\/image\/\",\"url\":\"https:\/\/cdn.unasp.br\/noticias\/wp-content\/uploads\/2021\/09\/09152724\/logo-unasp-news.png\",\"contentUrl\":\"https:\/\/cdn.unasp.br\/noticias\/wp-content\/uploads\/2021\/09\/09152724\/logo-unasp-news.png\",\"width\":240,\"height\":41,\"caption\":\"UNASP Noticias\"},\"image\":{\"@id\":\"https:\/\/unasp.br\/noticias\/#\/schema\/logo\/image\/\"}},{\"@type\":\"Person\",\"@id\":\"https:\/\/unasp.br\/noticias\/#\/schema\/person\/80f09a3ec674501e6bb13144ffa2489f\",\"name\":\"Aira Almeida\",\"image\":{\"@type\":\"ImageObject\",\"inLanguage\":\"pt-BR\",\"@id\":\"https:\/\/unasp.br\/noticias\/#\/schema\/person\/image\/\",\"url\":\"https:\/\/secure.gravatar.com\/avatar\/e30ea867fdd5a41ec6a0cb350dcd108e?s=96&d=mm&r=g\",\"contentUrl\":\"https:\/\/secure.gravatar.com\/avatar\/e30ea867fdd5a41ec6a0cb350dcd108e?s=96&d=mm&r=g\",\"caption\":\"Aira Almeida\"},\"url\":\"https:\/\/unasp.br\/noticias\/author\/aira-almeidaedu-unasp-br\/\"}]}<\/script>\n<!-- \/ Yoast SEO plugin. -->","yoast_head_json":{"title":"Formatura de Comunica\u00e7\u00e3o Social e Jornalismo inclui inova\u00e7\u00e3o digital na celebra\u00e7\u00e3o","description":"Os comunicadores compartilharam a alegria com os familiares e amigos tanto presencialmente como online.","robots":{"index":"index","follow":"follow","max-snippet":"max-snippet:-1","max-image-preview":"max-image-preview:large","max-video-preview":"max-video-preview:-1"},"canonical":"https:\/\/unasp.br\/noticias\/formatura-de-comunicacao-social-e-jornalismo-inclui-inovacao-digital-na-celebracao4\/","og_locale":"pt_BR","og_type":"article","og_title":"Formatura de Comunica\u00e7\u00e3o Social e Jornalismo inclui inova\u00e7\u00e3o digital na celebra\u00e7\u00e3o","og_description":"Os comunicadores compartilharam a alegria com os familiares e amigos tanto presencialmente como online.","og_url":"https:\/\/unasp.br\/noticias\/formatura-de-comunicacao-social-e-jornalismo-inclui-inovacao-digital-na-celebracao4\/","og_site_name":"UNASP Noticias","article_published_time":"2020-12-13T12:05:05+00:00","article_modified_time":"2020-12-13T12:07:57+00:00","og_image":[{"width":400,"height":267,"url":"https:\/\/cdn.unasp.br\/noticias\/wp-content\/uploads\/2020\/12\/13060728\/50713790326_31ed81028b_w.jpg","type":"image\/jpeg"}],"author":"Aira Almeida","twitter_card":"summary_large_image","twitter_misc":{"Escrito por":"Aira Almeida","Est. tempo de leitura":"3 minutos"},"schema":{"@context":"https:\/\/schema.org","@graph":[{"@type":"Article","@id":"https:\/\/unasp.br\/noticias\/formatura-de-comunicacao-social-e-jornalismo-inclui-inovacao-digital-na-celebracao4\/#article","isPartOf":{"@id":"https:\/\/unasp.br\/noticias\/formatura-de-comunicacao-social-e-jornalismo-inclui-inovacao-digital-na-celebracao4\/"},"author":{"name":"Aira Almeida","@id":"https:\/\/unasp.br\/noticias\/#\/schema\/person\/80f09a3ec674501e6bb13144ffa2489f"},"headline":"Formatura de Comunica\u00e7\u00e3o Social e Jornalismo inclui inova\u00e7\u00e3o digital na celebra\u00e7\u00e3o","datePublished":"2020-12-13T12:05:05+00:00","dateModified":"2020-12-13T12:07:57+00:00","mainEntityOfPage":{"@id":"https:\/\/unasp.br\/noticias\/formatura-de-comunicacao-social-e-jornalismo-inclui-inovacao-digital-na-celebracao4\/"},"wordCount":538,"commentCount":0,"publisher":{"@id":"https:\/\/unasp.br\/noticias\/#organization"},"image":{"@id":"https:\/\/unasp.br\/noticias\/formatura-de-comunicacao-social-e-jornalismo-inclui-inovacao-digital-na-celebracao4\/#primaryimage"},"thumbnailUrl":"https:\/\/cdn.unasp.br\/noticias\/wp-content\/uploads\/2020\/12\/13060728\/50713790326_31ed81028b_w.jpg","articleSection":["Formaturas"],"inLanguage":"pt-BR","potentialAction":[{"@type":"CommentAction","name":"Comment","target":["https:\/\/unasp.br\/noticias\/formatura-de-comunicacao-social-e-jornalismo-inclui-inovacao-digital-na-celebracao4\/#respond"]}]},{"@type":"WebPage","@id":"https:\/\/unasp.br\/noticias\/formatura-de-comunicacao-social-e-jornalismo-inclui-inovacao-digital-na-celebracao4\/","url":"https:\/\/unasp.br\/noticias\/formatura-de-comunicacao-social-e-jornalismo-inclui-inovacao-digital-na-celebracao4\/","name":"Formatura de Comunica\u00e7\u00e3o Social e Jornalismo inclui inova\u00e7\u00e3o digital na celebra\u00e7\u00e3o","isPartOf":{"@id":"https:\/\/unasp.br\/noticias\/#website"},"primaryImageOfPage":{"@id":"https:\/\/unasp.br\/noticias\/formatura-de-comunicacao-social-e-jornalismo-inclui-inovacao-digital-na-celebracao4\/#primaryimage"},"image":{"@id":"https:\/\/unasp.br\/noticias\/formatura-de-comunicacao-social-e-jornalismo-inclui-inovacao-digital-na-celebracao4\/#primaryimage"},"thumbnailUrl":"https:\/\/cdn.unasp.br\/noticias\/wp-content\/uploads\/2020\/12\/13060728\/50713790326_31ed81028b_w.jpg","datePublished":"2020-12-13T12:05:05+00:00","dateModified":"2020-12-13T12:07:57+00:00","description":"Os comunicadores compartilharam a alegria com os familiares e amigos tanto presencialmente como online.","breadcrumb":{"@id":"https:\/\/unasp.br\/noticias\/formatura-de-comunicacao-social-e-jornalismo-inclui-inovacao-digital-na-celebracao4\/#breadcrumb"},"inLanguage":"pt-BR","potentialAction":[{"@type":"ReadAction","target":["https:\/\/unasp.br\/noticias\/formatura-de-comunicacao-social-e-jornalismo-inclui-inovacao-digital-na-celebracao4\/"]}]},{"@type":"ImageObject","inLanguage":"pt-BR","@id":"https:\/\/unasp.br\/noticias\/formatura-de-comunicacao-social-e-jornalismo-inclui-inovacao-digital-na-celebracao4\/#primaryimage","url":"https:\/\/cdn.unasp.br\/noticias\/wp-content\/uploads\/2020\/12\/13060728\/50713790326_31ed81028b_w.jpg","contentUrl":"https:\/\/cdn.unasp.br\/noticias\/wp-content\/uploads\/2020\/12\/13060728\/50713790326_31ed81028b_w.jpg","width":400,"height":267},{"@type":"BreadcrumbList","@id":"https:\/\/unasp.br\/noticias\/formatura-de-comunicacao-social-e-jornalismo-inclui-inovacao-digital-na-celebracao4\/#breadcrumb","itemListElement":[{"@type":"ListItem","position":1,"name":"In\u00edcio","item":"https:\/\/unasp.br\/noticias\/"},{"@type":"ListItem","position":2,"name":"Formatura de Comunica\u00e7\u00e3o Social e Jornalismo inclui inova\u00e7\u00e3o digital na celebra\u00e7\u00e3o"}]},{"@type":"WebSite","@id":"https:\/\/unasp.br\/noticias\/#website","url":"https:\/\/unasp.br\/noticias\/","name":"UNASP Noticias","description":"Centro Universit\u00e1rio Adventista de S\u00e3o Paulo","publisher":{"@id":"https:\/\/unasp.br\/noticias\/#organization"},"potentialAction":[{"@type":"SearchAction","target":{"@type":"EntryPoint","urlTemplate":"https:\/\/unasp.br\/noticias\/?s={search_term_string}"},"query-input":{"@type":"PropertyValueSpecification","valueRequired":true,"valueName":"search_term_string"}}],"inLanguage":"pt-BR"},{"@type":"Organization","@id":"https:\/\/unasp.br\/noticias\/#organization","name":"UNASP Noticias","url":"https:\/\/unasp.br\/noticias\/","logo":{"@type":"ImageObject","inLanguage":"pt-BR","@id":"https:\/\/unasp.br\/noticias\/#\/schema\/logo\/image\/","url":"https:\/\/cdn.unasp.br\/noticias\/wp-content\/uploads\/2021\/09\/09152724\/logo-unasp-news.png","contentUrl":"https:\/\/cdn.unasp.br\/noticias\/wp-content\/uploads\/2021\/09\/09152724\/logo-unasp-news.png","width":240,"height":41,"caption":"UNASP Noticias"},"image":{"@id":"https:\/\/unasp.br\/noticias\/#\/schema\/logo\/image\/"}},{"@type":"Person","@id":"https:\/\/unasp.br\/noticias\/#\/schema\/person\/80f09a3ec674501e6bb13144ffa2489f","name":"Aira Almeida","image":{"@type":"ImageObject","inLanguage":"pt-BR","@id":"https:\/\/unasp.br\/noticias\/#\/schema\/person\/image\/","url":"https:\/\/secure.gravatar.com\/avatar\/e30ea867fdd5a41ec6a0cb350dcd108e?s=96&d=mm&r=g","contentUrl":"https:\/\/secure.gravatar.com\/avatar\/e30ea867fdd5a41ec6a0cb350dcd108e?s=96&d=mm&r=g","caption":"Aira Almeida"},"url":"https:\/\/unasp.br\/noticias\/author\/aira-almeidaedu-unasp-br\/"}]}},"_links":{"self":[{"href":"https:\/\/unasp.br\/noticias\/wp-json\/wp\/v2\/posts\/91952"}],"collection":[{"href":"https:\/\/unasp.br\/noticias\/wp-json\/wp\/v2\/posts"}],"about":[{"href":"https:\/\/unasp.br\/noticias\/wp-json\/wp\/v2\/types\/post"}],"author":[{"embeddable":true,"href":"https:\/\/unasp.br\/noticias\/wp-json\/wp\/v2\/users\/30"}],"replies":[{"embeddable":true,"href":"https:\/\/unasp.br\/noticias\/wp-json\/wp\/v2\/comments?post=91952"}],"version-history":[{"count":2,"href":"https:\/\/unasp.br\/noticias\/wp-json\/wp\/v2\/posts\/91952\/revisions"}],"predecessor-version":[{"id":91967,"href":"https:\/\/unasp.br\/noticias\/wp-json\/wp\/v2\/posts\/91952\/revisions\/91967"}],"wp:featuredmedia":[{"embeddable":true,"href":"https:\/\/unasp.br\/noticias\/wp-json\/wp\/v2\/media\/91968"}],"wp:attachment":[{"href":"https:\/\/unasp.br\/noticias\/wp-json\/wp\/v2\/media?parent=91952"}],"wp:term":[{"taxonomy":"category","embeddable":true,"href":"https:\/\/unasp.br\/noticias\/wp-json\/wp\/v2\/categories?post=91952"},{"taxonomy":"post_tag","embeddable":true,"href":"https:\/\/unasp.br\/noticias\/wp-json\/wp\/v2\/tags?post=91952"}],"curies":[{"name":"wp","href":"https:\/\/api.w.org\/{rel}","templated":true}]}}