{"id":91954,"date":"2020-12-13T08:55:04","date_gmt":"2020-12-13T11:55:04","guid":{"rendered":"https:\/\/www.unasp.br\/noticias\/?p=91954"},"modified":"2020-12-13T08:56:03","modified_gmt":"2020-12-13T11:56:03","slug":"unasp-realiza-colacao-de-grau-dos-formandos-de-licenciatura-em-musica2","status":"publish","type":"post","link":"https:\/\/unasp.br\/noticias\/unasp-realiza-colacao-de-grau-dos-formandos-de-licenciatura-em-musica2\/","title":{"rendered":"UNASP realiza Cola\u00e7\u00e3o de Grau dos formandos de licenciatura em M\u00fasica"},"content":{"rendered":"\n<div class=\"wp-block-image\"><figure class=\"alignleft size-large is-resized\"><img loading=\"lazy\" decoding=\"async\" src=\"https:\/\/www.unasp.br\/noticias\/wp-content\/uploads\/2020\/12\/50712378561_1a59e45b1a_k-683x1024.jpg\" alt=\"\" class=\"wp-image-91955\" width=\"364\" height=\"545\" srcset=\"https:\/\/cdn.unasp.br\/noticias\/wp-content\/uploads\/2020\/12\/13055119\/50712378561_1a59e45b1a_k-683x1024.jpg 683w, https:\/\/cdn.unasp.br\/noticias\/wp-content\/uploads\/2020\/12\/13055119\/50712378561_1a59e45b1a_k-200x300.jpg 200w, https:\/\/cdn.unasp.br\/noticias\/wp-content\/uploads\/2020\/12\/13055119\/50712378561_1a59e45b1a_k-768x1152.jpg 768w, https:\/\/cdn.unasp.br\/noticias\/wp-content\/uploads\/2020\/12\/13055119\/50712378561_1a59e45b1a_k-1024x1536.jpg 1024w, https:\/\/cdn.unasp.br\/noticias\/wp-content\/uploads\/2020\/12\/13055119\/50712378561_1a59e45b1a_k-400x600.jpg 400w, https:\/\/cdn.unasp.br\/noticias\/wp-content\/uploads\/2020\/12\/13055119\/50712378561_1a59e45b1a_k-533x800.jpg 533w, https:\/\/cdn.unasp.br\/noticias\/wp-content\/uploads\/2020\/12\/13055119\/50712378561_1a59e45b1a_k-480x720.jpg 480w, https:\/\/cdn.unasp.br\/noticias\/wp-content\/uploads\/2020\/12\/13055119\/50712378561_1a59e45b1a_k-333x500.jpg 333w, https:\/\/cdn.unasp.br\/noticias\/wp-content\/uploads\/2020\/12\/13055119\/50712378561_1a59e45b1a_k-320x480.jpg 320w, https:\/\/cdn.unasp.br\/noticias\/wp-content\/uploads\/2020\/12\/13055119\/50712378561_1a59e45b1a_k-187x280.jpg 187w, https:\/\/cdn.unasp.br\/noticias\/wp-content\/uploads\/2020\/12\/13055119\/50712378561_1a59e45b1a_k-267x400.jpg 267w, https:\/\/cdn.unasp.br\/noticias\/wp-content\/uploads\/2020\/12\/13055119\/50712378561_1a59e45b1a_k-167x250.jpg 167w, https:\/\/cdn.unasp.br\/noticias\/wp-content\/uploads\/2020\/12\/13055119\/50712378561_1a59e45b1a_k-133x200.jpg 133w, https:\/\/cdn.unasp.br\/noticias\/wp-content\/uploads\/2020\/12\/13055119\/50712378561_1a59e45b1a_k-100x150.jpg 100w, https:\/\/cdn.unasp.br\/noticias\/wp-content\/uploads\/2020\/12\/13055119\/50712378561_1a59e45b1a_k-175x263.jpg 175w, https:\/\/cdn.unasp.br\/noticias\/wp-content\/uploads\/2020\/12\/13055119\/50712378561_1a59e45b1a_k.jpg 1365w\" sizes=\"(max-width: 364px) 100vw, 364px\" \/><figcaption>Formando de M\u00fasica 2020.<\/figcaption><\/figure><\/div>\n\n\n\n<p>A formatura \u00e9 a celebra\u00e7\u00e3o da conclus\u00e3o de uma das fases estudantis. Na noite deste s\u00e1bado (12), 25 graduandos da faculdade de Licenciatura em M\u00fasica do Centro Universit\u00e1rio Adventista de S\u00e3o Paulo (UNASP), campus Engenheiro Coelho, festejaram sua formatura por meio da cerim\u00f4nia de Cola\u00e7\u00e3o de Grau. \u201cEu fico muito orgulhosa de ver que esses chegaram at\u00e9 o fim\u201d, disse a professora Regina Mota, paraninfa dos formandos de 2020. <\/p>\n\n\n\n<p>Por ser uma institui\u00e7\u00e3o confessional, o UNASP promoveu um Culto de A\u00e7\u00e3o de Gra\u00e7as junto \u00e0 Cola\u00e7\u00e3o de Grau, com o objetivo de relembrar e agradecer a Deus pela conquista dos formandos. \u00a0Al\u00e9m dos discursos dos professores e alunos e dos votos e juramentos proferidos, a m\u00fasica precisava estar presente no evento. Um coral e uma banda instrumental de formandos realizou uma apresenta\u00e7\u00e3o musical no culto. <\/p>\n\n\n\n<p>Um discurso do Ministro da Educa\u00e7\u00e3o, Milton Ribeiro, gravado na Igreja do UNASP, foi transmitido na programa\u00e7\u00e3o. Ao final da formatura os estudantes sa\u00edram do Audit\u00f3rio Central da institui\u00e7\u00e3o com uma pasta contendo o Certificado de Formatura e um sorriso que transparecia a alegria da conquista.\u00a0 \u201cO sentimento \u00e9 de dever cumprido, muita alegria e muita gratid\u00e3o\u201d, contou o aluno Esdras Gondim. \u00a0\u00a0\u00a0<\/p>\n\n\n\n<figure class=\"wp-block-gallery columns-3 is-cropped wp-block-gallery-2 is-layout-flex wp-block-gallery-is-layout-flex\"><ul class=\"blocks-gallery-grid\"><li class=\"blocks-gallery-item\"><figure><img loading=\"lazy\" decoding=\"async\" width=\"799\" height=\"533\" src=\"https:\/\/www.unasp.br\/noticias\/wp-content\/uploads\/2020\/12\/50712374526_843766802a_c.jpg\" alt=\"\" data-id=\"91957\" data-full-url=\"https:\/\/www.unasp.br\/noticias\/wp-content\/uploads\/2020\/12\/50712374526_843766802a_c.jpg\" data-link=\"https:\/\/www.unasp.br\/noticias\/?attachment_id=91957\" class=\"wp-image-91957\" srcset=\"https:\/\/cdn.unasp.br\/noticias\/wp-content\/uploads\/2020\/12\/13055341\/50712374526_843766802a_c.jpg 799w, https:\/\/cdn.unasp.br\/noticias\/wp-content\/uploads\/2020\/12\/13055341\/50712374526_843766802a_c-300x200.jpg 300w, https:\/\/cdn.unasp.br\/noticias\/wp-content\/uploads\/2020\/12\/13055341\/50712374526_843766802a_c-768x512.jpg 768w, https:\/\/cdn.unasp.br\/noticias\/wp-content\/uploads\/2020\/12\/13055341\/50712374526_843766802a_c-750x500.jpg 750w, https:\/\/cdn.unasp.br\/noticias\/wp-content\/uploads\/2020\/12\/13055341\/50712374526_843766802a_c-720x480.jpg 720w, https:\/\/cdn.unasp.br\/noticias\/wp-content\/uploads\/2020\/12\/13055341\/50712374526_843766802a_c-420x280.jpg 420w, https:\/\/cdn.unasp.br\/noticias\/wp-content\/uploads\/2020\/12\/13055341\/50712374526_843766802a_c-500x334.jpg 500w, https:\/\/cdn.unasp.br\/noticias\/wp-content\/uploads\/2020\/12\/13055341\/50712374526_843766802a_c-400x267.jpg 400w, https:\/\/cdn.unasp.br\/noticias\/wp-content\/uploads\/2020\/12\/13055341\/50712374526_843766802a_c-375x250.jpg 375w, https:\/\/cdn.unasp.br\/noticias\/wp-content\/uploads\/2020\/12\/13055341\/50712374526_843766802a_c-225x150.jpg 225w, https:\/\/cdn.unasp.br\/noticias\/wp-content\/uploads\/2020\/12\/13055341\/50712374526_843766802a_c-175x117.jpg 175w, https:\/\/cdn.unasp.br\/noticias\/wp-content\/uploads\/2020\/12\/13055341\/50712374526_843766802a_c-200x133.jpg 200w\" sizes=\"(max-width: 799px) 100vw, 799px\" \/><\/figure><\/li><li class=\"blocks-gallery-item\"><figure><img loading=\"lazy\" decoding=\"async\" width=\"683\" height=\"1024\" src=\"https:\/\/www.unasp.br\/noticias\/wp-content\/uploads\/2020\/12\/50712378561_1a59e45b1a_k-1-683x1024.jpg\" alt=\"\" data-id=\"91958\" data-full-url=\"https:\/\/www.unasp.br\/noticias\/wp-content\/uploads\/2020\/12\/50712378561_1a59e45b1a_k-1.jpg\" data-link=\"https:\/\/www.unasp.br\/noticias\/?attachment_id=91958\" class=\"wp-image-91958\" srcset=\"https:\/\/cdn.unasp.br\/noticias\/wp-content\/uploads\/2020\/12\/13055347\/50712378561_1a59e45b1a_k-1-683x1024.jpg 683w, https:\/\/cdn.unasp.br\/noticias\/wp-content\/uploads\/2020\/12\/13055347\/50712378561_1a59e45b1a_k-1-200x300.jpg 200w, https:\/\/cdn.unasp.br\/noticias\/wp-content\/uploads\/2020\/12\/13055347\/50712378561_1a59e45b1a_k-1-768x1152.jpg 768w, https:\/\/cdn.unasp.br\/noticias\/wp-content\/uploads\/2020\/12\/13055347\/50712378561_1a59e45b1a_k-1-1024x1536.jpg 1024w, https:\/\/cdn.unasp.br\/noticias\/wp-content\/uploads\/2020\/12\/13055347\/50712378561_1a59e45b1a_k-1-400x600.jpg 400w, https:\/\/cdn.unasp.br\/noticias\/wp-content\/uploads\/2020\/12\/13055347\/50712378561_1a59e45b1a_k-1-533x800.jpg 533w, https:\/\/cdn.unasp.br\/noticias\/wp-content\/uploads\/2020\/12\/13055347\/50712378561_1a59e45b1a_k-1-480x720.jpg 480w, https:\/\/cdn.unasp.br\/noticias\/wp-content\/uploads\/2020\/12\/13055347\/50712378561_1a59e45b1a_k-1-333x500.jpg 333w, https:\/\/cdn.unasp.br\/noticias\/wp-content\/uploads\/2020\/12\/13055347\/50712378561_1a59e45b1a_k-1-320x480.jpg 320w, https:\/\/cdn.unasp.br\/noticias\/wp-content\/uploads\/2020\/12\/13055347\/50712378561_1a59e45b1a_k-1-187x280.jpg 187w, https:\/\/cdn.unasp.br\/noticias\/wp-content\/uploads\/2020\/12\/13055347\/50712378561_1a59e45b1a_k-1-267x400.jpg 267w, https:\/\/cdn.unasp.br\/noticias\/wp-content\/uploads\/2020\/12\/13055347\/50712378561_1a59e45b1a_k-1-167x250.jpg 167w, https:\/\/cdn.unasp.br\/noticias\/wp-content\/uploads\/2020\/12\/13055347\/50712378561_1a59e45b1a_k-1-133x200.jpg 133w, https:\/\/cdn.unasp.br\/noticias\/wp-content\/uploads\/2020\/12\/13055347\/50712378561_1a59e45b1a_k-1-100x150.jpg 100w, https:\/\/cdn.unasp.br\/noticias\/wp-content\/uploads\/2020\/12\/13055347\/50712378561_1a59e45b1a_k-1-175x263.jpg 175w, https:\/\/cdn.unasp.br\/noticias\/wp-content\/uploads\/2020\/12\/13055347\/50712378561_1a59e45b1a_k-1.jpg 1365w\" sizes=\"(max-width: 683px) 100vw, 683px\" \/><\/figure><\/li><li class=\"blocks-gallery-item\"><figure><img loading=\"lazy\" decoding=\"async\" width=\"683\" height=\"1024\" src=\"https:\/\/www.unasp.br\/noticias\/wp-content\/uploads\/2020\/12\/50712380156_059cddaf0a_k-683x1024.jpg\" alt=\"\" data-id=\"91959\" data-full-url=\"https:\/\/www.unasp.br\/noticias\/wp-content\/uploads\/2020\/12\/50712380156_059cddaf0a_k.jpg\" data-link=\"https:\/\/www.unasp.br\/noticias\/?attachment_id=91959\" class=\"wp-image-91959\" srcset=\"https:\/\/cdn.unasp.br\/noticias\/wp-content\/uploads\/2020\/12\/13055355\/50712380156_059cddaf0a_k-683x1024.jpg 683w, https:\/\/cdn.unasp.br\/noticias\/wp-content\/uploads\/2020\/12\/13055355\/50712380156_059cddaf0a_k-200x300.jpg 200w, https:\/\/cdn.unasp.br\/noticias\/wp-content\/uploads\/2020\/12\/13055355\/50712380156_059cddaf0a_k-768x1152.jpg 768w, https:\/\/cdn.unasp.br\/noticias\/wp-content\/uploads\/2020\/12\/13055355\/50712380156_059cddaf0a_k-1024x1536.jpg 1024w, https:\/\/cdn.unasp.br\/noticias\/wp-content\/uploads\/2020\/12\/13055355\/50712380156_059cddaf0a_k-400x600.jpg 400w, https:\/\/cdn.unasp.br\/noticias\/wp-content\/uploads\/2020\/12\/13055355\/50712380156_059cddaf0a_k-533x800.jpg 533w, https:\/\/cdn.unasp.br\/noticias\/wp-content\/uploads\/2020\/12\/13055355\/50712380156_059cddaf0a_k-480x720.jpg 480w, https:\/\/cdn.unasp.br\/noticias\/wp-content\/uploads\/2020\/12\/13055355\/50712380156_059cddaf0a_k-333x500.jpg 333w, https:\/\/cdn.unasp.br\/noticias\/wp-content\/uploads\/2020\/12\/13055355\/50712380156_059cddaf0a_k-320x480.jpg 320w, https:\/\/cdn.unasp.br\/noticias\/wp-content\/uploads\/2020\/12\/13055355\/50712380156_059cddaf0a_k-187x280.jpg 187w, https:\/\/cdn.unasp.br\/noticias\/wp-content\/uploads\/2020\/12\/13055355\/50712380156_059cddaf0a_k-267x400.jpg 267w, https:\/\/cdn.unasp.br\/noticias\/wp-content\/uploads\/2020\/12\/13055355\/50712380156_059cddaf0a_k-167x250.jpg 167w, https:\/\/cdn.unasp.br\/noticias\/wp-content\/uploads\/2020\/12\/13055355\/50712380156_059cddaf0a_k-133x200.jpg 133w, https:\/\/cdn.unasp.br\/noticias\/wp-content\/uploads\/2020\/12\/13055355\/50712380156_059cddaf0a_k-100x150.jpg 100w, https:\/\/cdn.unasp.br\/noticias\/wp-content\/uploads\/2020\/12\/13055355\/50712380156_059cddaf0a_k-175x263.jpg 175w, https:\/\/cdn.unasp.br\/noticias\/wp-content\/uploads\/2020\/12\/13055355\/50712380156_059cddaf0a_k.jpg 1365w\" sizes=\"(max-width: 683px) 100vw, 683px\" \/><\/figure><\/li><li class=\"blocks-gallery-item\"><figure><img loading=\"lazy\" decoding=\"async\" width=\"799\" height=\"533\" src=\"https:\/\/www.unasp.br\/noticias\/wp-content\/uploads\/2020\/12\/50711642013_82622de25c_c.jpg\" alt=\"\" data-id=\"91956\" data-full-url=\"https:\/\/www.unasp.br\/noticias\/wp-content\/uploads\/2020\/12\/50711642013_82622de25c_c.jpg\" data-link=\"https:\/\/www.unasp.br\/noticias\/?attachment_id=91956\" class=\"wp-image-91956\" srcset=\"https:\/\/cdn.unasp.br\/noticias\/wp-content\/uploads\/2020\/12\/13055216\/50711642013_82622de25c_c.jpg 799w, https:\/\/cdn.unasp.br\/noticias\/wp-content\/uploads\/2020\/12\/13055216\/50711642013_82622de25c_c-300x200.jpg 300w, https:\/\/cdn.unasp.br\/noticias\/wp-content\/uploads\/2020\/12\/13055216\/50711642013_82622de25c_c-768x512.jpg 768w, https:\/\/cdn.unasp.br\/noticias\/wp-content\/uploads\/2020\/12\/13055216\/50711642013_82622de25c_c-750x500.jpg 750w, https:\/\/cdn.unasp.br\/noticias\/wp-content\/uploads\/2020\/12\/13055216\/50711642013_82622de25c_c-720x480.jpg 720w, https:\/\/cdn.unasp.br\/noticias\/wp-content\/uploads\/2020\/12\/13055216\/50711642013_82622de25c_c-420x280.jpg 420w, https:\/\/cdn.unasp.br\/noticias\/wp-content\/uploads\/2020\/12\/13055216\/50711642013_82622de25c_c-500x334.jpg 500w, https:\/\/cdn.unasp.br\/noticias\/wp-content\/uploads\/2020\/12\/13055216\/50711642013_82622de25c_c-400x267.jpg 400w, https:\/\/cdn.unasp.br\/noticias\/wp-content\/uploads\/2020\/12\/13055216\/50711642013_82622de25c_c-375x250.jpg 375w, https:\/\/cdn.unasp.br\/noticias\/wp-content\/uploads\/2020\/12\/13055216\/50711642013_82622de25c_c-225x150.jpg 225w, https:\/\/cdn.unasp.br\/noticias\/wp-content\/uploads\/2020\/12\/13055216\/50711642013_82622de25c_c-175x117.jpg 175w, https:\/\/cdn.unasp.br\/noticias\/wp-content\/uploads\/2020\/12\/13055216\/50711642013_82622de25c_c-200x133.jpg 200w\" sizes=\"(max-width: 799px) 100vw, 799px\" \/><\/figure><\/li><\/ul><\/figure>\n","protected":false},"excerpt":{"rendered":"<p>A formatura \u00e9 a celebra\u00e7\u00e3o da conclus\u00e3o de uma das fases estudantis. Na noite deste s\u00e1bado (12), [&hellip;]<\/p>\n","protected":false},"author":30,"featured_media":91956,"comment_status":"open","ping_status":"open","sticky":false,"template":"","format":"standard","meta":{"footnotes":""},"categories":[1846],"tags":[],"yoast_head":"<!-- This site is optimized with the Yoast SEO plugin v23.5 - https:\/\/yoast.com\/wordpress\/plugins\/seo\/ -->\n<title>UNASP realiza Cola\u00e7\u00e3o de Grau dos formandos de licenciatura em M\u00fasica - UNASP Noticias<\/title>\n<meta name=\"robots\" content=\"index, follow, max-snippet:-1, max-image-preview:large, max-video-preview:-1\" \/>\n<link rel=\"canonical\" href=\"https:\/\/unasp.br\/noticias\/unasp-realiza-colacao-de-grau-dos-formandos-de-licenciatura-em-musica2\/\" \/>\n<meta property=\"og:locale\" content=\"pt_BR\" \/>\n<meta property=\"og:type\" content=\"article\" \/>\n<meta property=\"og:title\" content=\"UNASP realiza Cola\u00e7\u00e3o de Grau dos formandos de licenciatura em M\u00fasica - UNASP Noticias\" \/>\n<meta property=\"og:description\" content=\"A formatura \u00e9 a celebra\u00e7\u00e3o da conclus\u00e3o de uma das fases estudantis. Na noite deste s\u00e1bado (12), [&hellip;]\" \/>\n<meta property=\"og:url\" content=\"https:\/\/unasp.br\/noticias\/unasp-realiza-colacao-de-grau-dos-formandos-de-licenciatura-em-musica2\/\" \/>\n<meta property=\"og:site_name\" content=\"UNASP Noticias\" \/>\n<meta property=\"article:published_time\" content=\"2020-12-13T11:55:04+00:00\" \/>\n<meta property=\"article:modified_time\" content=\"2020-12-13T11:56:03+00:00\" \/>\n<meta property=\"og:image\" content=\"https:\/\/cdn.unasp.br\/noticias\/wp-content\/uploads\/2020\/12\/13055216\/50711642013_82622de25c_c.jpg\" \/>\n\t<meta property=\"og:image:width\" content=\"799\" \/>\n\t<meta property=\"og:image:height\" content=\"533\" \/>\n\t<meta property=\"og:image:type\" content=\"image\/jpeg\" \/>\n<meta name=\"author\" content=\"Aira Almeida\" \/>\n<meta name=\"twitter:card\" content=\"summary_large_image\" \/>\n<meta name=\"twitter:label1\" content=\"Escrito por\" \/>\n\t<meta name=\"twitter:data1\" content=\"Aira Almeida\" \/>\n\t<meta name=\"twitter:label2\" content=\"Est. tempo de leitura\" \/>\n\t<meta name=\"twitter:data2\" content=\"1 minuto\" \/>\n<script type=\"application\/ld+json\" class=\"yoast-schema-graph\">{\"@context\":\"https:\/\/schema.org\",\"@graph\":[{\"@type\":\"Article\",\"@id\":\"https:\/\/unasp.br\/noticias\/unasp-realiza-colacao-de-grau-dos-formandos-de-licenciatura-em-musica2\/#article\",\"isPartOf\":{\"@id\":\"https:\/\/unasp.br\/noticias\/unasp-realiza-colacao-de-grau-dos-formandos-de-licenciatura-em-musica2\/\"},\"author\":{\"name\":\"Aira Almeida\",\"@id\":\"https:\/\/unasp.br\/noticias\/#\/schema\/person\/80f09a3ec674501e6bb13144ffa2489f\"},\"headline\":\"UNASP realiza Cola\u00e7\u00e3o de Grau dos formandos de licenciatura em M\u00fasica\",\"datePublished\":\"2020-12-13T11:55:04+00:00\",\"dateModified\":\"2020-12-13T11:56:03+00:00\",\"mainEntityOfPage\":{\"@id\":\"https:\/\/unasp.br\/noticias\/unasp-realiza-colacao-de-grau-dos-formandos-de-licenciatura-em-musica2\/\"},\"wordCount\":229,\"commentCount\":0,\"publisher\":{\"@id\":\"https:\/\/unasp.br\/noticias\/#organization\"},\"image\":{\"@id\":\"https:\/\/unasp.br\/noticias\/unasp-realiza-colacao-de-grau-dos-formandos-de-licenciatura-em-musica2\/#primaryimage\"},\"thumbnailUrl\":\"https:\/\/cdn.unasp.br\/noticias\/wp-content\/uploads\/2020\/12\/13055216\/50711642013_82622de25c_c.jpg\",\"articleSection\":[\"Formaturas\"],\"inLanguage\":\"pt-BR\",\"potentialAction\":[{\"@type\":\"CommentAction\",\"name\":\"Comment\",\"target\":[\"https:\/\/unasp.br\/noticias\/unasp-realiza-colacao-de-grau-dos-formandos-de-licenciatura-em-musica2\/#respond\"]}]},{\"@type\":\"WebPage\",\"@id\":\"https:\/\/unasp.br\/noticias\/unasp-realiza-colacao-de-grau-dos-formandos-de-licenciatura-em-musica2\/\",\"url\":\"https:\/\/unasp.br\/noticias\/unasp-realiza-colacao-de-grau-dos-formandos-de-licenciatura-em-musica2\/\",\"name\":\"UNASP realiza Cola\u00e7\u00e3o de Grau dos formandos de licenciatura em M\u00fasica - UNASP Noticias\",\"isPartOf\":{\"@id\":\"https:\/\/unasp.br\/noticias\/#website\"},\"primaryImageOfPage\":{\"@id\":\"https:\/\/unasp.br\/noticias\/unasp-realiza-colacao-de-grau-dos-formandos-de-licenciatura-em-musica2\/#primaryimage\"},\"image\":{\"@id\":\"https:\/\/unasp.br\/noticias\/unasp-realiza-colacao-de-grau-dos-formandos-de-licenciatura-em-musica2\/#primaryimage\"},\"thumbnailUrl\":\"https:\/\/cdn.unasp.br\/noticias\/wp-content\/uploads\/2020\/12\/13055216\/50711642013_82622de25c_c.jpg\",\"datePublished\":\"2020-12-13T11:55:04+00:00\",\"dateModified\":\"2020-12-13T11:56:03+00:00\",\"breadcrumb\":{\"@id\":\"https:\/\/unasp.br\/noticias\/unasp-realiza-colacao-de-grau-dos-formandos-de-licenciatura-em-musica2\/#breadcrumb\"},\"inLanguage\":\"pt-BR\",\"potentialAction\":[{\"@type\":\"ReadAction\",\"target\":[\"https:\/\/unasp.br\/noticias\/unasp-realiza-colacao-de-grau-dos-formandos-de-licenciatura-em-musica2\/\"]}]},{\"@type\":\"ImageObject\",\"inLanguage\":\"pt-BR\",\"@id\":\"https:\/\/unasp.br\/noticias\/unasp-realiza-colacao-de-grau-dos-formandos-de-licenciatura-em-musica2\/#primaryimage\",\"url\":\"https:\/\/cdn.unasp.br\/noticias\/wp-content\/uploads\/2020\/12\/13055216\/50711642013_82622de25c_c.jpg\",\"contentUrl\":\"https:\/\/cdn.unasp.br\/noticias\/wp-content\/uploads\/2020\/12\/13055216\/50711642013_82622de25c_c.jpg\",\"width\":799,\"height\":533},{\"@type\":\"BreadcrumbList\",\"@id\":\"https:\/\/unasp.br\/noticias\/unasp-realiza-colacao-de-grau-dos-formandos-de-licenciatura-em-musica2\/#breadcrumb\",\"itemListElement\":[{\"@type\":\"ListItem\",\"position\":1,\"name\":\"In\u00edcio\",\"item\":\"https:\/\/unasp.br\/noticias\/\"},{\"@type\":\"ListItem\",\"position\":2,\"name\":\"UNASP realiza Cola\u00e7\u00e3o de Grau dos formandos de licenciatura em M\u00fasica\"}]},{\"@type\":\"WebSite\",\"@id\":\"https:\/\/unasp.br\/noticias\/#website\",\"url\":\"https:\/\/unasp.br\/noticias\/\",\"name\":\"UNASP Noticias\",\"description\":\"Centro Universit\u00e1rio Adventista de S\u00e3o Paulo\",\"publisher\":{\"@id\":\"https:\/\/unasp.br\/noticias\/#organization\"},\"potentialAction\":[{\"@type\":\"SearchAction\",\"target\":{\"@type\":\"EntryPoint\",\"urlTemplate\":\"https:\/\/unasp.br\/noticias\/?s={search_term_string}\"},\"query-input\":{\"@type\":\"PropertyValueSpecification\",\"valueRequired\":true,\"valueName\":\"search_term_string\"}}],\"inLanguage\":\"pt-BR\"},{\"@type\":\"Organization\",\"@id\":\"https:\/\/unasp.br\/noticias\/#organization\",\"name\":\"UNASP Noticias\",\"url\":\"https:\/\/unasp.br\/noticias\/\",\"logo\":{\"@type\":\"ImageObject\",\"inLanguage\":\"pt-BR\",\"@id\":\"https:\/\/unasp.br\/noticias\/#\/schema\/logo\/image\/\",\"url\":\"https:\/\/cdn.unasp.br\/noticias\/wp-content\/uploads\/2021\/09\/09152724\/logo-unasp-news.png\",\"contentUrl\":\"https:\/\/cdn.unasp.br\/noticias\/wp-content\/uploads\/2021\/09\/09152724\/logo-unasp-news.png\",\"width\":240,\"height\":41,\"caption\":\"UNASP Noticias\"},\"image\":{\"@id\":\"https:\/\/unasp.br\/noticias\/#\/schema\/logo\/image\/\"}},{\"@type\":\"Person\",\"@id\":\"https:\/\/unasp.br\/noticias\/#\/schema\/person\/80f09a3ec674501e6bb13144ffa2489f\",\"name\":\"Aira Almeida\",\"image\":{\"@type\":\"ImageObject\",\"inLanguage\":\"pt-BR\",\"@id\":\"https:\/\/unasp.br\/noticias\/#\/schema\/person\/image\/\",\"url\":\"https:\/\/secure.gravatar.com\/avatar\/e30ea867fdd5a41ec6a0cb350dcd108e?s=96&d=mm&r=g\",\"contentUrl\":\"https:\/\/secure.gravatar.com\/avatar\/e30ea867fdd5a41ec6a0cb350dcd108e?s=96&d=mm&r=g\",\"caption\":\"Aira Almeida\"},\"url\":\"https:\/\/unasp.br\/noticias\/author\/aira-almeidaedu-unasp-br\/\"}]}<\/script>\n<!-- \/ Yoast SEO plugin. -->","yoast_head_json":{"title":"UNASP realiza Cola\u00e7\u00e3o de Grau dos formandos de licenciatura em M\u00fasica - UNASP Noticias","robots":{"index":"index","follow":"follow","max-snippet":"max-snippet:-1","max-image-preview":"max-image-preview:large","max-video-preview":"max-video-preview:-1"},"canonical":"https:\/\/unasp.br\/noticias\/unasp-realiza-colacao-de-grau-dos-formandos-de-licenciatura-em-musica2\/","og_locale":"pt_BR","og_type":"article","og_title":"UNASP realiza Cola\u00e7\u00e3o de Grau dos formandos de licenciatura em M\u00fasica - UNASP Noticias","og_description":"A formatura \u00e9 a celebra\u00e7\u00e3o da conclus\u00e3o de uma das fases estudantis. Na noite deste s\u00e1bado (12), [&hellip;]","og_url":"https:\/\/unasp.br\/noticias\/unasp-realiza-colacao-de-grau-dos-formandos-de-licenciatura-em-musica2\/","og_site_name":"UNASP Noticias","article_published_time":"2020-12-13T11:55:04+00:00","article_modified_time":"2020-12-13T11:56:03+00:00","og_image":[{"width":799,"height":533,"url":"https:\/\/cdn.unasp.br\/noticias\/wp-content\/uploads\/2020\/12\/13055216\/50711642013_82622de25c_c.jpg","type":"image\/jpeg"}],"author":"Aira Almeida","twitter_card":"summary_large_image","twitter_misc":{"Escrito por":"Aira Almeida","Est. tempo de leitura":"1 minuto"},"schema":{"@context":"https:\/\/schema.org","@graph":[{"@type":"Article","@id":"https:\/\/unasp.br\/noticias\/unasp-realiza-colacao-de-grau-dos-formandos-de-licenciatura-em-musica2\/#article","isPartOf":{"@id":"https:\/\/unasp.br\/noticias\/unasp-realiza-colacao-de-grau-dos-formandos-de-licenciatura-em-musica2\/"},"author":{"name":"Aira Almeida","@id":"https:\/\/unasp.br\/noticias\/#\/schema\/person\/80f09a3ec674501e6bb13144ffa2489f"},"headline":"UNASP realiza Cola\u00e7\u00e3o de Grau dos formandos de licenciatura em M\u00fasica","datePublished":"2020-12-13T11:55:04+00:00","dateModified":"2020-12-13T11:56:03+00:00","mainEntityOfPage":{"@id":"https:\/\/unasp.br\/noticias\/unasp-realiza-colacao-de-grau-dos-formandos-de-licenciatura-em-musica2\/"},"wordCount":229,"commentCount":0,"publisher":{"@id":"https:\/\/unasp.br\/noticias\/#organization"},"image":{"@id":"https:\/\/unasp.br\/noticias\/unasp-realiza-colacao-de-grau-dos-formandos-de-licenciatura-em-musica2\/#primaryimage"},"thumbnailUrl":"https:\/\/cdn.unasp.br\/noticias\/wp-content\/uploads\/2020\/12\/13055216\/50711642013_82622de25c_c.jpg","articleSection":["Formaturas"],"inLanguage":"pt-BR","potentialAction":[{"@type":"CommentAction","name":"Comment","target":["https:\/\/unasp.br\/noticias\/unasp-realiza-colacao-de-grau-dos-formandos-de-licenciatura-em-musica2\/#respond"]}]},{"@type":"WebPage","@id":"https:\/\/unasp.br\/noticias\/unasp-realiza-colacao-de-grau-dos-formandos-de-licenciatura-em-musica2\/","url":"https:\/\/unasp.br\/noticias\/unasp-realiza-colacao-de-grau-dos-formandos-de-licenciatura-em-musica2\/","name":"UNASP realiza Cola\u00e7\u00e3o de Grau dos formandos de licenciatura em M\u00fasica - UNASP Noticias","isPartOf":{"@id":"https:\/\/unasp.br\/noticias\/#website"},"primaryImageOfPage":{"@id":"https:\/\/unasp.br\/noticias\/unasp-realiza-colacao-de-grau-dos-formandos-de-licenciatura-em-musica2\/#primaryimage"},"image":{"@id":"https:\/\/unasp.br\/noticias\/unasp-realiza-colacao-de-grau-dos-formandos-de-licenciatura-em-musica2\/#primaryimage"},"thumbnailUrl":"https:\/\/cdn.unasp.br\/noticias\/wp-content\/uploads\/2020\/12\/13055216\/50711642013_82622de25c_c.jpg","datePublished":"2020-12-13T11:55:04+00:00","dateModified":"2020-12-13T11:56:03+00:00","breadcrumb":{"@id":"https:\/\/unasp.br\/noticias\/unasp-realiza-colacao-de-grau-dos-formandos-de-licenciatura-em-musica2\/#breadcrumb"},"inLanguage":"pt-BR","potentialAction":[{"@type":"ReadAction","target":["https:\/\/unasp.br\/noticias\/unasp-realiza-colacao-de-grau-dos-formandos-de-licenciatura-em-musica2\/"]}]},{"@type":"ImageObject","inLanguage":"pt-BR","@id":"https:\/\/unasp.br\/noticias\/unasp-realiza-colacao-de-grau-dos-formandos-de-licenciatura-em-musica2\/#primaryimage","url":"https:\/\/cdn.unasp.br\/noticias\/wp-content\/uploads\/2020\/12\/13055216\/50711642013_82622de25c_c.jpg","contentUrl":"https:\/\/cdn.unasp.br\/noticias\/wp-content\/uploads\/2020\/12\/13055216\/50711642013_82622de25c_c.jpg","width":799,"height":533},{"@type":"BreadcrumbList","@id":"https:\/\/unasp.br\/noticias\/unasp-realiza-colacao-de-grau-dos-formandos-de-licenciatura-em-musica2\/#breadcrumb","itemListElement":[{"@type":"ListItem","position":1,"name":"In\u00edcio","item":"https:\/\/unasp.br\/noticias\/"},{"@type":"ListItem","position":2,"name":"UNASP realiza Cola\u00e7\u00e3o de Grau dos formandos de licenciatura em M\u00fasica"}]},{"@type":"WebSite","@id":"https:\/\/unasp.br\/noticias\/#website","url":"https:\/\/unasp.br\/noticias\/","name":"UNASP Noticias","description":"Centro Universit\u00e1rio Adventista de S\u00e3o Paulo","publisher":{"@id":"https:\/\/unasp.br\/noticias\/#organization"},"potentialAction":[{"@type":"SearchAction","target":{"@type":"EntryPoint","urlTemplate":"https:\/\/unasp.br\/noticias\/?s={search_term_string}"},"query-input":{"@type":"PropertyValueSpecification","valueRequired":true,"valueName":"search_term_string"}}],"inLanguage":"pt-BR"},{"@type":"Organization","@id":"https:\/\/unasp.br\/noticias\/#organization","name":"UNASP Noticias","url":"https:\/\/unasp.br\/noticias\/","logo":{"@type":"ImageObject","inLanguage":"pt-BR","@id":"https:\/\/unasp.br\/noticias\/#\/schema\/logo\/image\/","url":"https:\/\/cdn.unasp.br\/noticias\/wp-content\/uploads\/2021\/09\/09152724\/logo-unasp-news.png","contentUrl":"https:\/\/cdn.unasp.br\/noticias\/wp-content\/uploads\/2021\/09\/09152724\/logo-unasp-news.png","width":240,"height":41,"caption":"UNASP Noticias"},"image":{"@id":"https:\/\/unasp.br\/noticias\/#\/schema\/logo\/image\/"}},{"@type":"Person","@id":"https:\/\/unasp.br\/noticias\/#\/schema\/person\/80f09a3ec674501e6bb13144ffa2489f","name":"Aira Almeida","image":{"@type":"ImageObject","inLanguage":"pt-BR","@id":"https:\/\/unasp.br\/noticias\/#\/schema\/person\/image\/","url":"https:\/\/secure.gravatar.com\/avatar\/e30ea867fdd5a41ec6a0cb350dcd108e?s=96&d=mm&r=g","contentUrl":"https:\/\/secure.gravatar.com\/avatar\/e30ea867fdd5a41ec6a0cb350dcd108e?s=96&d=mm&r=g","caption":"Aira Almeida"},"url":"https:\/\/unasp.br\/noticias\/author\/aira-almeidaedu-unasp-br\/"}]}},"_links":{"self":[{"href":"https:\/\/unasp.br\/noticias\/wp-json\/wp\/v2\/posts\/91954"}],"collection":[{"href":"https:\/\/unasp.br\/noticias\/wp-json\/wp\/v2\/posts"}],"about":[{"href":"https:\/\/unasp.br\/noticias\/wp-json\/wp\/v2\/types\/post"}],"author":[{"embeddable":true,"href":"https:\/\/unasp.br\/noticias\/wp-json\/wp\/v2\/users\/30"}],"replies":[{"embeddable":true,"href":"https:\/\/unasp.br\/noticias\/wp-json\/wp\/v2\/comments?post=91954"}],"version-history":[{"count":1,"href":"https:\/\/unasp.br\/noticias\/wp-json\/wp\/v2\/posts\/91954\/revisions"}],"predecessor-version":[{"id":91960,"href":"https:\/\/unasp.br\/noticias\/wp-json\/wp\/v2\/posts\/91954\/revisions\/91960"}],"wp:featuredmedia":[{"embeddable":true,"href":"https:\/\/unasp.br\/noticias\/wp-json\/wp\/v2\/media\/91956"}],"wp:attachment":[{"href":"https:\/\/unasp.br\/noticias\/wp-json\/wp\/v2\/media?parent=91954"}],"wp:term":[{"taxonomy":"category","embeddable":true,"href":"https:\/\/unasp.br\/noticias\/wp-json\/wp\/v2\/categories?post=91954"},{"taxonomy":"post_tag","embeddable":true,"href":"https:\/\/unasp.br\/noticias\/wp-json\/wp\/v2\/tags?post=91954"}],"curies":[{"name":"wp","href":"https:\/\/api.w.org\/{rel}","templated":true}]}}