{"id":91969,"date":"2020-12-13T14:22:24","date_gmt":"2020-12-13T17:22:24","guid":{"rendered":"https:\/\/www.unasp.br\/noticias\/?p=91969"},"modified":"2020-12-13T14:22:27","modified_gmt":"2020-12-13T17:22:27","slug":"formatura-de-teologia-missao-e-servico-marcam-o-inicio-de-um-novo-seculo","status":"publish","type":"post","link":"https:\/\/unasp.br\/noticias\/formatura-de-teologia-missao-e-servico-marcam-o-inicio-de-um-novo-seculo\/","title":{"rendered":"Formatura de Teologia: Miss\u00e3o e servi\u00e7o marcam o in\u00edcio de um novo s\u00e9culo"},"content":{"rendered":"\n<div class=\"wp-block-image\"><figure class=\"alignleft size-large is-resized\"><img loading=\"lazy\" decoding=\"async\" src=\"https:\/\/www.unasp.br\/noticias\/wp-content\/uploads\/2020\/12\/50714503706_1e4f47199c_w.jpg\" alt=\"\" class=\"wp-image-91970\" width=\"410\" height=\"274\" srcset=\"https:\/\/cdn.unasp.br\/noticias\/wp-content\/uploads\/2020\/12\/13111743\/50714503706_1e4f47199c_w.jpg 400w, https:\/\/cdn.unasp.br\/noticias\/wp-content\/uploads\/2020\/12\/13111743\/50714503706_1e4f47199c_w-300x200.jpg 300w, https:\/\/cdn.unasp.br\/noticias\/wp-content\/uploads\/2020\/12\/13111743\/50714503706_1e4f47199c_w-375x250.jpg 375w, https:\/\/cdn.unasp.br\/noticias\/wp-content\/uploads\/2020\/12\/13111743\/50714503706_1e4f47199c_w-225x150.jpg 225w, https:\/\/cdn.unasp.br\/noticias\/wp-content\/uploads\/2020\/12\/13111743\/50714503706_1e4f47199c_w-175x117.jpg 175w, https:\/\/cdn.unasp.br\/noticias\/wp-content\/uploads\/2020\/12\/13111743\/50714503706_1e4f47199c_w-200x134.jpg 200w\" sizes=\"(max-width: 410px) 100vw, 410px\" \/><figcaption>Formando de Teologia 2020.<\/figcaption><\/figure><\/div>\n\n\n\n<p>A celebra\u00e7\u00e3o da formatura de Teologia aconteceu hoje (13) pela manh\u00e3 na igreja do campus Engenheiro Coelho. Um dia ap\u00f3s o culto de a\u00e7\u00e3o de gra\u00e7as, os formandos receberam o diploma e comemoraram a conquista junto com a fam\u00edlia e amigos. A cerim\u00f4nia foi marcada pelo sentimento de gratid\u00e3o pela conclus\u00e3o do ciclo acad\u00eamico e in\u00edcio de novos projetos.<\/p>\n\n\n\n<p>Para o vice-reitor, Pr. Me. Ant\u00f4nio Marcos, os formandos devem recordar que \u201cnada \u00e9 mais importante do que a miss\u00e3o. Afinal, \u00e9 o que se deve considerar com \u00eaxito no maior empreendimento de Deus na terra: a sua igreja\u201d, disse. Al\u00e9m disso, ele agradeceu ao apoio irrestrito da dire\u00e7\u00e3o em todas as atividades acad\u00eamicas e administrativas, aos docentes e familiares.<\/p>\n\n\n\n<p>A cerim\u00f4nia teve a participa\u00e7\u00e3o do cantor Leonardo\nGon\u00e7alves e, al\u00e9m dele, o ministro da educa\u00e7\u00e3o, Milton Ribeiro, deixou uma\nmensagem de incentivo em meio ao ano at\u00edpico.<\/p>\n\n\n\n<h2 class=\"has-luminous-vivid-orange-color has-text-color wp-block-heading\"><strong>Teologia e outras\n\u00e1reas<\/strong><\/h2>\n\n\n\n<p>Ap\u00f3s a gradua\u00e7\u00e3o, muitos estudantes pretendem unir o conhecimento teol\u00f3gico com outras atividades mission\u00e1rias. Esse \u00e9 o caso de Gabriel Gruber, integrante do grupo O Bairro Novo, que entende o chamado de Deus para diversos fazeres. \u201cEu acredito que os talentos, direcionamentos e as portas que Deus abre, tamb\u00e9m fazem parte do chamado. Deus tamb\u00e9m me chamou para ser m\u00fasico e eu creio que a forma\u00e7\u00e3o teol\u00f3gica me ajuda a ter uma base b\u00edblica para fazer isso\u201d, reiterou. <\/p>\n\n\n\n<p>Al\u00e9m dele, Matheus Ogalha, utiliza as artes visuais para comunicar e alcan\u00e7ar pessoas. Ogalha esclarece que foi uma descoberta gradual. &#8220;Aos poucos, foi poss\u00edvel entender que Deus gostaria que tudo fosse unido&#8221;, complementou. Para ele, o minist\u00e9rio pode ser feito de diferentes maneiras. <\/p>\n\n\n\n<h2 class=\"has-luminous-vivid-orange-color has-text-color wp-block-heading\"><strong>Miss\u00f5es\ntransculturais<\/strong><\/h2>\n\n\n\n<p>Outros formandos v\u00e3o continuar o servi\u00e7o por meio da miss\u00e3o em outros pa\u00edses. Para Nataniel Samussuco, que tamb\u00e9m cursa Pedagogia, \u00e9 importante voltar para seu pa\u00eds natal Angola e contribuir com a educa\u00e7\u00e3o e evangelismo. \u201cOs dois cursos s\u00e3o \u00fateis para o meu pa\u00eds. A educa\u00e7\u00e3o est\u00e1 crescendo e precisa de pessoas competentes para ajudar, principalmente com um vi\u00e9s crist\u00e3o\u201d, afirmou.<\/p>\n\n\n\n<p>Por outro lado, William Geisler, vai deixar o Brasil para servir no Cazaquist\u00e3o. \u201c\u00c9 uma realidade diferente do que conhecemos. Quero aprender com eles, mas a faculdade tamb\u00e9m nos preparou e incentivou para com o aux\u00edlio de Deus atender a outros povos que n\u00e3o foram alcan\u00e7ados\u201d, concluiu. A forma\u00e7\u00e3o teol\u00f3gica \u00e9 uma das bases da educa\u00e7\u00e3o adventista. O UNASP prioriza princ\u00edpios e valores, al\u00e9m do ensino.<\/p>\n\n\n\n<figure class=\"wp-block-gallery columns-3 is-cropped wp-block-gallery-2 is-layout-flex wp-block-gallery-is-layout-flex\"><ul class=\"blocks-gallery-grid\"><li class=\"blocks-gallery-item\"><figure><img loading=\"lazy\" decoding=\"async\" width=\"799\" height=\"533\" src=\"https:\/\/www.unasp.br\/noticias\/wp-content\/uploads\/2020\/12\/50714503706_1e4f47199c_c.jpg\" alt=\"\" data-id=\"91971\" data-full-url=\"https:\/\/www.unasp.br\/noticias\/wp-content\/uploads\/2020\/12\/50714503706_1e4f47199c_c.jpg\" data-link=\"https:\/\/www.unasp.br\/noticias\/?attachment_id=91971\" class=\"wp-image-91971\" srcset=\"https:\/\/cdn.unasp.br\/noticias\/wp-content\/uploads\/2020\/12\/13112041\/50714503706_1e4f47199c_c.jpg 799w, https:\/\/cdn.unasp.br\/noticias\/wp-content\/uploads\/2020\/12\/13112041\/50714503706_1e4f47199c_c-300x200.jpg 300w, https:\/\/cdn.unasp.br\/noticias\/wp-content\/uploads\/2020\/12\/13112041\/50714503706_1e4f47199c_c-768x512.jpg 768w, https:\/\/cdn.unasp.br\/noticias\/wp-content\/uploads\/2020\/12\/13112041\/50714503706_1e4f47199c_c-750x500.jpg 750w, https:\/\/cdn.unasp.br\/noticias\/wp-content\/uploads\/2020\/12\/13112041\/50714503706_1e4f47199c_c-720x480.jpg 720w, https:\/\/cdn.unasp.br\/noticias\/wp-content\/uploads\/2020\/12\/13112041\/50714503706_1e4f47199c_c-420x280.jpg 420w, https:\/\/cdn.unasp.br\/noticias\/wp-content\/uploads\/2020\/12\/13112041\/50714503706_1e4f47199c_c-500x334.jpg 500w, https:\/\/cdn.unasp.br\/noticias\/wp-content\/uploads\/2020\/12\/13112041\/50714503706_1e4f47199c_c-400x267.jpg 400w, https:\/\/cdn.unasp.br\/noticias\/wp-content\/uploads\/2020\/12\/13112041\/50714503706_1e4f47199c_c-375x250.jpg 375w, https:\/\/cdn.unasp.br\/noticias\/wp-content\/uploads\/2020\/12\/13112041\/50714503706_1e4f47199c_c-225x150.jpg 225w, https:\/\/cdn.unasp.br\/noticias\/wp-content\/uploads\/2020\/12\/13112041\/50714503706_1e4f47199c_c-175x117.jpg 175w, https:\/\/cdn.unasp.br\/noticias\/wp-content\/uploads\/2020\/12\/13112041\/50714503706_1e4f47199c_c-200x133.jpg 200w\" sizes=\"(max-width: 799px) 100vw, 799px\" \/><\/figure><\/li><li class=\"blocks-gallery-item\"><figure><img loading=\"lazy\" decoding=\"async\" width=\"799\" height=\"533\" src=\"https:\/\/www.unasp.br\/noticias\/wp-content\/uploads\/2020\/12\/50713769803_f135cfa577_c.jpg\" alt=\"\" data-id=\"91972\" data-full-url=\"https:\/\/www.unasp.br\/noticias\/wp-content\/uploads\/2020\/12\/50713769803_f135cfa577_c.jpg\" data-link=\"https:\/\/www.unasp.br\/noticias\/?attachment_id=91972\" class=\"wp-image-91972\" srcset=\"https:\/\/cdn.unasp.br\/noticias\/wp-content\/uploads\/2020\/12\/13112046\/50713769803_f135cfa577_c.jpg 799w, https:\/\/cdn.unasp.br\/noticias\/wp-content\/uploads\/2020\/12\/13112046\/50713769803_f135cfa577_c-300x200.jpg 300w, https:\/\/cdn.unasp.br\/noticias\/wp-content\/uploads\/2020\/12\/13112046\/50713769803_f135cfa577_c-768x512.jpg 768w, https:\/\/cdn.unasp.br\/noticias\/wp-content\/uploads\/2020\/12\/13112046\/50713769803_f135cfa577_c-750x500.jpg 750w, https:\/\/cdn.unasp.br\/noticias\/wp-content\/uploads\/2020\/12\/13112046\/50713769803_f135cfa577_c-720x480.jpg 720w, https:\/\/cdn.unasp.br\/noticias\/wp-content\/uploads\/2020\/12\/13112046\/50713769803_f135cfa577_c-420x280.jpg 420w, https:\/\/cdn.unasp.br\/noticias\/wp-content\/uploads\/2020\/12\/13112046\/50713769803_f135cfa577_c-500x334.jpg 500w, https:\/\/cdn.unasp.br\/noticias\/wp-content\/uploads\/2020\/12\/13112046\/50713769803_f135cfa577_c-400x267.jpg 400w, https:\/\/cdn.unasp.br\/noticias\/wp-content\/uploads\/2020\/12\/13112046\/50713769803_f135cfa577_c-375x250.jpg 375w, https:\/\/cdn.unasp.br\/noticias\/wp-content\/uploads\/2020\/12\/13112046\/50713769803_f135cfa577_c-225x150.jpg 225w, https:\/\/cdn.unasp.br\/noticias\/wp-content\/uploads\/2020\/12\/13112046\/50713769803_f135cfa577_c-175x117.jpg 175w, https:\/\/cdn.unasp.br\/noticias\/wp-content\/uploads\/2020\/12\/13112046\/50713769803_f135cfa577_c-200x133.jpg 200w\" sizes=\"(max-width: 799px) 100vw, 799px\" \/><\/figure><\/li><li class=\"blocks-gallery-item\"><figure><img loading=\"lazy\" decoding=\"async\" width=\"799\" height=\"533\" src=\"https:\/\/www.unasp.br\/noticias\/wp-content\/uploads\/2020\/12\/50713770138_395eb64ed0_c.jpg\" alt=\"\" data-id=\"91973\" data-full-url=\"https:\/\/www.unasp.br\/noticias\/wp-content\/uploads\/2020\/12\/50713770138_395eb64ed0_c.jpg\" data-link=\"https:\/\/www.unasp.br\/noticias\/?attachment_id=91973\" class=\"wp-image-91973\" srcset=\"https:\/\/cdn.unasp.br\/noticias\/wp-content\/uploads\/2020\/12\/13112051\/50713770138_395eb64ed0_c.jpg 799w, https:\/\/cdn.unasp.br\/noticias\/wp-content\/uploads\/2020\/12\/13112051\/50713770138_395eb64ed0_c-300x200.jpg 300w, https:\/\/cdn.unasp.br\/noticias\/wp-content\/uploads\/2020\/12\/13112051\/50713770138_395eb64ed0_c-768x512.jpg 768w, https:\/\/cdn.unasp.br\/noticias\/wp-content\/uploads\/2020\/12\/13112051\/50713770138_395eb64ed0_c-750x500.jpg 750w, https:\/\/cdn.unasp.br\/noticias\/wp-content\/uploads\/2020\/12\/13112051\/50713770138_395eb64ed0_c-720x480.jpg 720w, https:\/\/cdn.unasp.br\/noticias\/wp-content\/uploads\/2020\/12\/13112051\/50713770138_395eb64ed0_c-420x280.jpg 420w, https:\/\/cdn.unasp.br\/noticias\/wp-content\/uploads\/2020\/12\/13112051\/50713770138_395eb64ed0_c-500x334.jpg 500w, https:\/\/cdn.unasp.br\/noticias\/wp-content\/uploads\/2020\/12\/13112051\/50713770138_395eb64ed0_c-400x267.jpg 400w, https:\/\/cdn.unasp.br\/noticias\/wp-content\/uploads\/2020\/12\/13112051\/50713770138_395eb64ed0_c-375x250.jpg 375w, https:\/\/cdn.unasp.br\/noticias\/wp-content\/uploads\/2020\/12\/13112051\/50713770138_395eb64ed0_c-225x150.jpg 225w, https:\/\/cdn.unasp.br\/noticias\/wp-content\/uploads\/2020\/12\/13112051\/50713770138_395eb64ed0_c-175x117.jpg 175w, https:\/\/cdn.unasp.br\/noticias\/wp-content\/uploads\/2020\/12\/13112051\/50713770138_395eb64ed0_c-200x133.jpg 200w\" sizes=\"(max-width: 799px) 100vw, 799px\" \/><\/figure><\/li><li class=\"blocks-gallery-item\"><figure><img loading=\"lazy\" decoding=\"async\" width=\"799\" height=\"533\" src=\"https:\/\/www.unasp.br\/noticias\/wp-content\/uploads\/2020\/12\/50713770663_e371812c51_c.jpg\" alt=\"\" data-id=\"91974\" data-full-url=\"https:\/\/www.unasp.br\/noticias\/wp-content\/uploads\/2020\/12\/50713770663_e371812c51_c.jpg\" data-link=\"https:\/\/www.unasp.br\/noticias\/?attachment_id=91974\" class=\"wp-image-91974\" srcset=\"https:\/\/cdn.unasp.br\/noticias\/wp-content\/uploads\/2020\/12\/13112056\/50713770663_e371812c51_c.jpg 799w, https:\/\/cdn.unasp.br\/noticias\/wp-content\/uploads\/2020\/12\/13112056\/50713770663_e371812c51_c-300x200.jpg 300w, https:\/\/cdn.unasp.br\/noticias\/wp-content\/uploads\/2020\/12\/13112056\/50713770663_e371812c51_c-768x512.jpg 768w, https:\/\/cdn.unasp.br\/noticias\/wp-content\/uploads\/2020\/12\/13112056\/50713770663_e371812c51_c-750x500.jpg 750w, https:\/\/cdn.unasp.br\/noticias\/wp-content\/uploads\/2020\/12\/13112056\/50713770663_e371812c51_c-720x480.jpg 720w, https:\/\/cdn.unasp.br\/noticias\/wp-content\/uploads\/2020\/12\/13112056\/50713770663_e371812c51_c-420x280.jpg 420w, https:\/\/cdn.unasp.br\/noticias\/wp-content\/uploads\/2020\/12\/13112056\/50713770663_e371812c51_c-500x334.jpg 500w, https:\/\/cdn.unasp.br\/noticias\/wp-content\/uploads\/2020\/12\/13112056\/50713770663_e371812c51_c-400x267.jpg 400w, https:\/\/cdn.unasp.br\/noticias\/wp-content\/uploads\/2020\/12\/13112056\/50713770663_e371812c51_c-375x250.jpg 375w, https:\/\/cdn.unasp.br\/noticias\/wp-content\/uploads\/2020\/12\/13112056\/50713770663_e371812c51_c-225x150.jpg 225w, https:\/\/cdn.unasp.br\/noticias\/wp-content\/uploads\/2020\/12\/13112056\/50713770663_e371812c51_c-175x117.jpg 175w, https:\/\/cdn.unasp.br\/noticias\/wp-content\/uploads\/2020\/12\/13112056\/50713770663_e371812c51_c-200x133.jpg 200w\" sizes=\"(max-width: 799px) 100vw, 799px\" \/><\/figure><\/li><li class=\"blocks-gallery-item\"><figure><img loading=\"lazy\" decoding=\"async\" width=\"799\" height=\"533\" src=\"https:\/\/www.unasp.br\/noticias\/wp-content\/uploads\/2020\/12\/50714279971_efa1a21231_c.jpg\" alt=\"\" data-id=\"91975\" data-full-url=\"https:\/\/www.unasp.br\/noticias\/wp-content\/uploads\/2020\/12\/50714279971_efa1a21231_c.jpg\" data-link=\"https:\/\/www.unasp.br\/noticias\/?attachment_id=91975\" class=\"wp-image-91975\" srcset=\"https:\/\/cdn.unasp.br\/noticias\/wp-content\/uploads\/2020\/12\/13112100\/50714279971_efa1a21231_c.jpg 799w, https:\/\/cdn.unasp.br\/noticias\/wp-content\/uploads\/2020\/12\/13112100\/50714279971_efa1a21231_c-300x200.jpg 300w, https:\/\/cdn.unasp.br\/noticias\/wp-content\/uploads\/2020\/12\/13112100\/50714279971_efa1a21231_c-768x512.jpg 768w, https:\/\/cdn.unasp.br\/noticias\/wp-content\/uploads\/2020\/12\/13112100\/50714279971_efa1a21231_c-750x500.jpg 750w, https:\/\/cdn.unasp.br\/noticias\/wp-content\/uploads\/2020\/12\/13112100\/50714279971_efa1a21231_c-720x480.jpg 720w, https:\/\/cdn.unasp.br\/noticias\/wp-content\/uploads\/2020\/12\/13112100\/50714279971_efa1a21231_c-420x280.jpg 420w, https:\/\/cdn.unasp.br\/noticias\/wp-content\/uploads\/2020\/12\/13112100\/50714279971_efa1a21231_c-500x334.jpg 500w, https:\/\/cdn.unasp.br\/noticias\/wp-content\/uploads\/2020\/12\/13112100\/50714279971_efa1a21231_c-400x267.jpg 400w, https:\/\/cdn.unasp.br\/noticias\/wp-content\/uploads\/2020\/12\/13112100\/50714279971_efa1a21231_c-375x250.jpg 375w, https:\/\/cdn.unasp.br\/noticias\/wp-content\/uploads\/2020\/12\/13112100\/50714279971_efa1a21231_c-225x150.jpg 225w, https:\/\/cdn.unasp.br\/noticias\/wp-content\/uploads\/2020\/12\/13112100\/50714279971_efa1a21231_c-175x117.jpg 175w, https:\/\/cdn.unasp.br\/noticias\/wp-content\/uploads\/2020\/12\/13112100\/50714279971_efa1a21231_c-200x133.jpg 200w\" sizes=\"(max-width: 799px) 100vw, 799px\" \/><\/figure><\/li><\/ul><\/figure>\n","protected":false},"excerpt":{"rendered":"<p>A celebra\u00e7\u00e3o da formatura de Teologia aconteceu hoje (13) pela manh\u00e3 na igreja do campus Engenheiro Coelho. [&hellip;]<\/p>\n","protected":false},"author":30,"featured_media":91970,"comment_status":"open","ping_status":"open","sticky":false,"template":"","format":"standard","meta":{"footnotes":""},"categories":[1846],"tags":[],"yoast_head":"<!-- This site is optimized with the Yoast SEO plugin v23.5 - https:\/\/yoast.com\/wordpress\/plugins\/seo\/ -->\n<title>Formatura de Teologia: Miss\u00e3o e servi\u00e7o marcam o in\u00edcio de um novo s\u00e9culo - UNASP Noticias<\/title>\n<meta name=\"robots\" content=\"index, follow, max-snippet:-1, max-image-preview:large, max-video-preview:-1\" \/>\n<link rel=\"canonical\" href=\"https:\/\/unasp.br\/noticias\/formatura-de-teologia-missao-e-servico-marcam-o-inicio-de-um-novo-seculo\/\" \/>\n<meta property=\"og:locale\" content=\"pt_BR\" \/>\n<meta property=\"og:type\" content=\"article\" \/>\n<meta property=\"og:title\" content=\"Formatura de Teologia: Miss\u00e3o e servi\u00e7o marcam o in\u00edcio de um novo s\u00e9culo - UNASP Noticias\" \/>\n<meta property=\"og:description\" content=\"A celebra\u00e7\u00e3o da formatura de Teologia aconteceu hoje (13) pela manh\u00e3 na igreja do campus Engenheiro Coelho. [&hellip;]\" \/>\n<meta property=\"og:url\" content=\"https:\/\/unasp.br\/noticias\/formatura-de-teologia-missao-e-servico-marcam-o-inicio-de-um-novo-seculo\/\" \/>\n<meta property=\"og:site_name\" content=\"UNASP Noticias\" \/>\n<meta property=\"article:published_time\" content=\"2020-12-13T17:22:24+00:00\" \/>\n<meta property=\"article:modified_time\" content=\"2020-12-13T17:22:27+00:00\" \/>\n<meta property=\"og:image\" content=\"https:\/\/cdn.unasp.br\/noticias\/wp-content\/uploads\/2020\/12\/13111743\/50714503706_1e4f47199c_w.jpg\" \/>\n\t<meta property=\"og:image:width\" content=\"400\" \/>\n\t<meta property=\"og:image:height\" content=\"267\" \/>\n\t<meta property=\"og:image:type\" content=\"image\/jpeg\" \/>\n<meta name=\"author\" content=\"Aira Almeida\" \/>\n<meta name=\"twitter:card\" content=\"summary_large_image\" \/>\n<meta name=\"twitter:label1\" content=\"Escrito por\" \/>\n\t<meta name=\"twitter:data1\" content=\"Aira Almeida\" \/>\n\t<meta name=\"twitter:label2\" content=\"Est. tempo de leitura\" \/>\n\t<meta name=\"twitter:data2\" content=\"2 minutos\" \/>\n<script type=\"application\/ld+json\" class=\"yoast-schema-graph\">{\"@context\":\"https:\/\/schema.org\",\"@graph\":[{\"@type\":\"Article\",\"@id\":\"https:\/\/unasp.br\/noticias\/formatura-de-teologia-missao-e-servico-marcam-o-inicio-de-um-novo-seculo\/#article\",\"isPartOf\":{\"@id\":\"https:\/\/unasp.br\/noticias\/formatura-de-teologia-missao-e-servico-marcam-o-inicio-de-um-novo-seculo\/\"},\"author\":{\"name\":\"Aira Almeida\",\"@id\":\"https:\/\/unasp.br\/noticias\/#\/schema\/person\/80f09a3ec674501e6bb13144ffa2489f\"},\"headline\":\"Formatura de Teologia: Miss\u00e3o e servi\u00e7o marcam o in\u00edcio de um novo s\u00e9culo\",\"datePublished\":\"2020-12-13T17:22:24+00:00\",\"dateModified\":\"2020-12-13T17:22:27+00:00\",\"mainEntityOfPage\":{\"@id\":\"https:\/\/unasp.br\/noticias\/formatura-de-teologia-missao-e-servico-marcam-o-inicio-de-um-novo-seculo\/\"},\"wordCount\":472,\"commentCount\":0,\"publisher\":{\"@id\":\"https:\/\/unasp.br\/noticias\/#organization\"},\"image\":{\"@id\":\"https:\/\/unasp.br\/noticias\/formatura-de-teologia-missao-e-servico-marcam-o-inicio-de-um-novo-seculo\/#primaryimage\"},\"thumbnailUrl\":\"https:\/\/cdn.unasp.br\/noticias\/wp-content\/uploads\/2020\/12\/13111743\/50714503706_1e4f47199c_w.jpg\",\"articleSection\":[\"Formaturas\"],\"inLanguage\":\"pt-BR\",\"potentialAction\":[{\"@type\":\"CommentAction\",\"name\":\"Comment\",\"target\":[\"https:\/\/unasp.br\/noticias\/formatura-de-teologia-missao-e-servico-marcam-o-inicio-de-um-novo-seculo\/#respond\"]}]},{\"@type\":\"WebPage\",\"@id\":\"https:\/\/unasp.br\/noticias\/formatura-de-teologia-missao-e-servico-marcam-o-inicio-de-um-novo-seculo\/\",\"url\":\"https:\/\/unasp.br\/noticias\/formatura-de-teologia-missao-e-servico-marcam-o-inicio-de-um-novo-seculo\/\",\"name\":\"Formatura de Teologia: Miss\u00e3o e servi\u00e7o marcam o in\u00edcio de um novo s\u00e9culo - UNASP Noticias\",\"isPartOf\":{\"@id\":\"https:\/\/unasp.br\/noticias\/#website\"},\"primaryImageOfPage\":{\"@id\":\"https:\/\/unasp.br\/noticias\/formatura-de-teologia-missao-e-servico-marcam-o-inicio-de-um-novo-seculo\/#primaryimage\"},\"image\":{\"@id\":\"https:\/\/unasp.br\/noticias\/formatura-de-teologia-missao-e-servico-marcam-o-inicio-de-um-novo-seculo\/#primaryimage\"},\"thumbnailUrl\":\"https:\/\/cdn.unasp.br\/noticias\/wp-content\/uploads\/2020\/12\/13111743\/50714503706_1e4f47199c_w.jpg\",\"datePublished\":\"2020-12-13T17:22:24+00:00\",\"dateModified\":\"2020-12-13T17:22:27+00:00\",\"breadcrumb\":{\"@id\":\"https:\/\/unasp.br\/noticias\/formatura-de-teologia-missao-e-servico-marcam-o-inicio-de-um-novo-seculo\/#breadcrumb\"},\"inLanguage\":\"pt-BR\",\"potentialAction\":[{\"@type\":\"ReadAction\",\"target\":[\"https:\/\/unasp.br\/noticias\/formatura-de-teologia-missao-e-servico-marcam-o-inicio-de-um-novo-seculo\/\"]}]},{\"@type\":\"ImageObject\",\"inLanguage\":\"pt-BR\",\"@id\":\"https:\/\/unasp.br\/noticias\/formatura-de-teologia-missao-e-servico-marcam-o-inicio-de-um-novo-seculo\/#primaryimage\",\"url\":\"https:\/\/cdn.unasp.br\/noticias\/wp-content\/uploads\/2020\/12\/13111743\/50714503706_1e4f47199c_w.jpg\",\"contentUrl\":\"https:\/\/cdn.unasp.br\/noticias\/wp-content\/uploads\/2020\/12\/13111743\/50714503706_1e4f47199c_w.jpg\",\"width\":400,\"height\":267},{\"@type\":\"BreadcrumbList\",\"@id\":\"https:\/\/unasp.br\/noticias\/formatura-de-teologia-missao-e-servico-marcam-o-inicio-de-um-novo-seculo\/#breadcrumb\",\"itemListElement\":[{\"@type\":\"ListItem\",\"position\":1,\"name\":\"In\u00edcio\",\"item\":\"https:\/\/unasp.br\/noticias\/\"},{\"@type\":\"ListItem\",\"position\":2,\"name\":\"Formatura de Teologia: Miss\u00e3o e servi\u00e7o marcam o in\u00edcio de um novo s\u00e9culo\"}]},{\"@type\":\"WebSite\",\"@id\":\"https:\/\/unasp.br\/noticias\/#website\",\"url\":\"https:\/\/unasp.br\/noticias\/\",\"name\":\"UNASP Noticias\",\"description\":\"Centro Universit\u00e1rio Adventista de S\u00e3o Paulo\",\"publisher\":{\"@id\":\"https:\/\/unasp.br\/noticias\/#organization\"},\"potentialAction\":[{\"@type\":\"SearchAction\",\"target\":{\"@type\":\"EntryPoint\",\"urlTemplate\":\"https:\/\/unasp.br\/noticias\/?s={search_term_string}\"},\"query-input\":{\"@type\":\"PropertyValueSpecification\",\"valueRequired\":true,\"valueName\":\"search_term_string\"}}],\"inLanguage\":\"pt-BR\"},{\"@type\":\"Organization\",\"@id\":\"https:\/\/unasp.br\/noticias\/#organization\",\"name\":\"UNASP Noticias\",\"url\":\"https:\/\/unasp.br\/noticias\/\",\"logo\":{\"@type\":\"ImageObject\",\"inLanguage\":\"pt-BR\",\"@id\":\"https:\/\/unasp.br\/noticias\/#\/schema\/logo\/image\/\",\"url\":\"https:\/\/cdn.unasp.br\/noticias\/wp-content\/uploads\/2021\/09\/09152724\/logo-unasp-news.png\",\"contentUrl\":\"https:\/\/cdn.unasp.br\/noticias\/wp-content\/uploads\/2021\/09\/09152724\/logo-unasp-news.png\",\"width\":240,\"height\":41,\"caption\":\"UNASP Noticias\"},\"image\":{\"@id\":\"https:\/\/unasp.br\/noticias\/#\/schema\/logo\/image\/\"}},{\"@type\":\"Person\",\"@id\":\"https:\/\/unasp.br\/noticias\/#\/schema\/person\/80f09a3ec674501e6bb13144ffa2489f\",\"name\":\"Aira Almeida\",\"image\":{\"@type\":\"ImageObject\",\"inLanguage\":\"pt-BR\",\"@id\":\"https:\/\/unasp.br\/noticias\/#\/schema\/person\/image\/\",\"url\":\"https:\/\/secure.gravatar.com\/avatar\/e30ea867fdd5a41ec6a0cb350dcd108e?s=96&d=mm&r=g\",\"contentUrl\":\"https:\/\/secure.gravatar.com\/avatar\/e30ea867fdd5a41ec6a0cb350dcd108e?s=96&d=mm&r=g\",\"caption\":\"Aira Almeida\"},\"url\":\"https:\/\/unasp.br\/noticias\/author\/aira-almeidaedu-unasp-br\/\"}]}<\/script>\n<!-- \/ Yoast SEO plugin. -->","yoast_head_json":{"title":"Formatura de Teologia: Miss\u00e3o e servi\u00e7o marcam o in\u00edcio de um novo s\u00e9culo - UNASP Noticias","robots":{"index":"index","follow":"follow","max-snippet":"max-snippet:-1","max-image-preview":"max-image-preview:large","max-video-preview":"max-video-preview:-1"},"canonical":"https:\/\/unasp.br\/noticias\/formatura-de-teologia-missao-e-servico-marcam-o-inicio-de-um-novo-seculo\/","og_locale":"pt_BR","og_type":"article","og_title":"Formatura de Teologia: Miss\u00e3o e servi\u00e7o marcam o in\u00edcio de um novo s\u00e9culo - UNASP Noticias","og_description":"A celebra\u00e7\u00e3o da formatura de Teologia aconteceu hoje (13) pela manh\u00e3 na igreja do campus Engenheiro Coelho. [&hellip;]","og_url":"https:\/\/unasp.br\/noticias\/formatura-de-teologia-missao-e-servico-marcam-o-inicio-de-um-novo-seculo\/","og_site_name":"UNASP Noticias","article_published_time":"2020-12-13T17:22:24+00:00","article_modified_time":"2020-12-13T17:22:27+00:00","og_image":[{"width":400,"height":267,"url":"https:\/\/cdn.unasp.br\/noticias\/wp-content\/uploads\/2020\/12\/13111743\/50714503706_1e4f47199c_w.jpg","type":"image\/jpeg"}],"author":"Aira Almeida","twitter_card":"summary_large_image","twitter_misc":{"Escrito por":"Aira Almeida","Est. tempo de leitura":"2 minutos"},"schema":{"@context":"https:\/\/schema.org","@graph":[{"@type":"Article","@id":"https:\/\/unasp.br\/noticias\/formatura-de-teologia-missao-e-servico-marcam-o-inicio-de-um-novo-seculo\/#article","isPartOf":{"@id":"https:\/\/unasp.br\/noticias\/formatura-de-teologia-missao-e-servico-marcam-o-inicio-de-um-novo-seculo\/"},"author":{"name":"Aira Almeida","@id":"https:\/\/unasp.br\/noticias\/#\/schema\/person\/80f09a3ec674501e6bb13144ffa2489f"},"headline":"Formatura de Teologia: Miss\u00e3o e servi\u00e7o marcam o in\u00edcio de um novo s\u00e9culo","datePublished":"2020-12-13T17:22:24+00:00","dateModified":"2020-12-13T17:22:27+00:00","mainEntityOfPage":{"@id":"https:\/\/unasp.br\/noticias\/formatura-de-teologia-missao-e-servico-marcam-o-inicio-de-um-novo-seculo\/"},"wordCount":472,"commentCount":0,"publisher":{"@id":"https:\/\/unasp.br\/noticias\/#organization"},"image":{"@id":"https:\/\/unasp.br\/noticias\/formatura-de-teologia-missao-e-servico-marcam-o-inicio-de-um-novo-seculo\/#primaryimage"},"thumbnailUrl":"https:\/\/cdn.unasp.br\/noticias\/wp-content\/uploads\/2020\/12\/13111743\/50714503706_1e4f47199c_w.jpg","articleSection":["Formaturas"],"inLanguage":"pt-BR","potentialAction":[{"@type":"CommentAction","name":"Comment","target":["https:\/\/unasp.br\/noticias\/formatura-de-teologia-missao-e-servico-marcam-o-inicio-de-um-novo-seculo\/#respond"]}]},{"@type":"WebPage","@id":"https:\/\/unasp.br\/noticias\/formatura-de-teologia-missao-e-servico-marcam-o-inicio-de-um-novo-seculo\/","url":"https:\/\/unasp.br\/noticias\/formatura-de-teologia-missao-e-servico-marcam-o-inicio-de-um-novo-seculo\/","name":"Formatura de Teologia: Miss\u00e3o e servi\u00e7o marcam o in\u00edcio de um novo s\u00e9culo - UNASP Noticias","isPartOf":{"@id":"https:\/\/unasp.br\/noticias\/#website"},"primaryImageOfPage":{"@id":"https:\/\/unasp.br\/noticias\/formatura-de-teologia-missao-e-servico-marcam-o-inicio-de-um-novo-seculo\/#primaryimage"},"image":{"@id":"https:\/\/unasp.br\/noticias\/formatura-de-teologia-missao-e-servico-marcam-o-inicio-de-um-novo-seculo\/#primaryimage"},"thumbnailUrl":"https:\/\/cdn.unasp.br\/noticias\/wp-content\/uploads\/2020\/12\/13111743\/50714503706_1e4f47199c_w.jpg","datePublished":"2020-12-13T17:22:24+00:00","dateModified":"2020-12-13T17:22:27+00:00","breadcrumb":{"@id":"https:\/\/unasp.br\/noticias\/formatura-de-teologia-missao-e-servico-marcam-o-inicio-de-um-novo-seculo\/#breadcrumb"},"inLanguage":"pt-BR","potentialAction":[{"@type":"ReadAction","target":["https:\/\/unasp.br\/noticias\/formatura-de-teologia-missao-e-servico-marcam-o-inicio-de-um-novo-seculo\/"]}]},{"@type":"ImageObject","inLanguage":"pt-BR","@id":"https:\/\/unasp.br\/noticias\/formatura-de-teologia-missao-e-servico-marcam-o-inicio-de-um-novo-seculo\/#primaryimage","url":"https:\/\/cdn.unasp.br\/noticias\/wp-content\/uploads\/2020\/12\/13111743\/50714503706_1e4f47199c_w.jpg","contentUrl":"https:\/\/cdn.unasp.br\/noticias\/wp-content\/uploads\/2020\/12\/13111743\/50714503706_1e4f47199c_w.jpg","width":400,"height":267},{"@type":"BreadcrumbList","@id":"https:\/\/unasp.br\/noticias\/formatura-de-teologia-missao-e-servico-marcam-o-inicio-de-um-novo-seculo\/#breadcrumb","itemListElement":[{"@type":"ListItem","position":1,"name":"In\u00edcio","item":"https:\/\/unasp.br\/noticias\/"},{"@type":"ListItem","position":2,"name":"Formatura de Teologia: Miss\u00e3o e servi\u00e7o marcam o in\u00edcio de um novo s\u00e9culo"}]},{"@type":"WebSite","@id":"https:\/\/unasp.br\/noticias\/#website","url":"https:\/\/unasp.br\/noticias\/","name":"UNASP Noticias","description":"Centro Universit\u00e1rio Adventista de S\u00e3o Paulo","publisher":{"@id":"https:\/\/unasp.br\/noticias\/#organization"},"potentialAction":[{"@type":"SearchAction","target":{"@type":"EntryPoint","urlTemplate":"https:\/\/unasp.br\/noticias\/?s={search_term_string}"},"query-input":{"@type":"PropertyValueSpecification","valueRequired":true,"valueName":"search_term_string"}}],"inLanguage":"pt-BR"},{"@type":"Organization","@id":"https:\/\/unasp.br\/noticias\/#organization","name":"UNASP Noticias","url":"https:\/\/unasp.br\/noticias\/","logo":{"@type":"ImageObject","inLanguage":"pt-BR","@id":"https:\/\/unasp.br\/noticias\/#\/schema\/logo\/image\/","url":"https:\/\/cdn.unasp.br\/noticias\/wp-content\/uploads\/2021\/09\/09152724\/logo-unasp-news.png","contentUrl":"https:\/\/cdn.unasp.br\/noticias\/wp-content\/uploads\/2021\/09\/09152724\/logo-unasp-news.png","width":240,"height":41,"caption":"UNASP Noticias"},"image":{"@id":"https:\/\/unasp.br\/noticias\/#\/schema\/logo\/image\/"}},{"@type":"Person","@id":"https:\/\/unasp.br\/noticias\/#\/schema\/person\/80f09a3ec674501e6bb13144ffa2489f","name":"Aira Almeida","image":{"@type":"ImageObject","inLanguage":"pt-BR","@id":"https:\/\/unasp.br\/noticias\/#\/schema\/person\/image\/","url":"https:\/\/secure.gravatar.com\/avatar\/e30ea867fdd5a41ec6a0cb350dcd108e?s=96&d=mm&r=g","contentUrl":"https:\/\/secure.gravatar.com\/avatar\/e30ea867fdd5a41ec6a0cb350dcd108e?s=96&d=mm&r=g","caption":"Aira Almeida"},"url":"https:\/\/unasp.br\/noticias\/author\/aira-almeidaedu-unasp-br\/"}]}},"_links":{"self":[{"href":"https:\/\/unasp.br\/noticias\/wp-json\/wp\/v2\/posts\/91969"}],"collection":[{"href":"https:\/\/unasp.br\/noticias\/wp-json\/wp\/v2\/posts"}],"about":[{"href":"https:\/\/unasp.br\/noticias\/wp-json\/wp\/v2\/types\/post"}],"author":[{"embeddable":true,"href":"https:\/\/unasp.br\/noticias\/wp-json\/wp\/v2\/users\/30"}],"replies":[{"embeddable":true,"href":"https:\/\/unasp.br\/noticias\/wp-json\/wp\/v2\/comments?post=91969"}],"version-history":[{"count":1,"href":"https:\/\/unasp.br\/noticias\/wp-json\/wp\/v2\/posts\/91969\/revisions"}],"predecessor-version":[{"id":91976,"href":"https:\/\/unasp.br\/noticias\/wp-json\/wp\/v2\/posts\/91969\/revisions\/91976"}],"wp:featuredmedia":[{"embeddable":true,"href":"https:\/\/unasp.br\/noticias\/wp-json\/wp\/v2\/media\/91970"}],"wp:attachment":[{"href":"https:\/\/unasp.br\/noticias\/wp-json\/wp\/v2\/media?parent=91969"}],"wp:term":[{"taxonomy":"category","embeddable":true,"href":"https:\/\/unasp.br\/noticias\/wp-json\/wp\/v2\/categories?post=91969"},{"taxonomy":"post_tag","embeddable":true,"href":"https:\/\/unasp.br\/noticias\/wp-json\/wp\/v2\/tags?post=91969"}],"curies":[{"name":"wp","href":"https:\/\/api.w.org\/{rel}","templated":true}]}}