{"id":92002,"date":"2020-12-13T21:32:40","date_gmt":"2020-12-14T00:32:40","guid":{"rendered":"https:\/\/www.unasp.br\/noticias\/?p=92002"},"modified":"2020-12-23T10:48:22","modified_gmt":"2020-12-23T13:48:22","slug":"mascaras-e-distanciamento-social-marcam-o-novo-normal-das-formaturas-de-administracao-e-ciencias-contabeis-do-unasp1","status":"publish","type":"post","link":"https:\/\/unasp.br\/noticias\/mascaras-e-distanciamento-social-marcam-o-novo-normal-das-formaturas-de-administracao-e-ciencias-contabeis-do-unasp1\/","title":{"rendered":"M\u00e1scaras e distanciamento social marcam o \u201cnovo normal\u201d das formaturas de Administra\u00e7\u00e3o e Ci\u00eancias Cont\u00e1beis do UNASP"},"content":{"rendered":"\n<div class=\"wp-block-image\"><figure class=\"alignleft size-large is-resized\"><img loading=\"lazy\" decoding=\"async\" src=\"https:\/\/www.unasp.br\/noticias\/wp-content\/uploads\/2020\/12\/50715780492_cd41561f6b_c.jpg\" alt=\"\" class=\"wp-image-92014\" width=\"273\" height=\"410\" srcset=\"https:\/\/cdn.unasp.br\/noticias\/wp-content\/uploads\/2020\/12\/13183027\/50715780492_cd41561f6b_c.jpg 533w, https:\/\/cdn.unasp.br\/noticias\/wp-content\/uploads\/2020\/12\/13183027\/50715780492_cd41561f6b_c-200x300.jpg 200w, https:\/\/cdn.unasp.br\/noticias\/wp-content\/uploads\/2020\/12\/13183027\/50715780492_cd41561f6b_c-400x600.jpg 400w, https:\/\/cdn.unasp.br\/noticias\/wp-content\/uploads\/2020\/12\/13183027\/50715780492_cd41561f6b_c-480x720.jpg 480w, https:\/\/cdn.unasp.br\/noticias\/wp-content\/uploads\/2020\/12\/13183027\/50715780492_cd41561f6b_c-334x500.jpg 334w, https:\/\/cdn.unasp.br\/noticias\/wp-content\/uploads\/2020\/12\/13183027\/50715780492_cd41561f6b_c-320x480.jpg 320w, https:\/\/cdn.unasp.br\/noticias\/wp-content\/uploads\/2020\/12\/13183027\/50715780492_cd41561f6b_c-187x280.jpg 187w, https:\/\/cdn.unasp.br\/noticias\/wp-content\/uploads\/2020\/12\/13183027\/50715780492_cd41561f6b_c-267x400.jpg 267w, https:\/\/cdn.unasp.br\/noticias\/wp-content\/uploads\/2020\/12\/13183027\/50715780492_cd41561f6b_c-167x250.jpg 167w, https:\/\/cdn.unasp.br\/noticias\/wp-content\/uploads\/2020\/12\/13183027\/50715780492_cd41561f6b_c-133x200.jpg 133w, https:\/\/cdn.unasp.br\/noticias\/wp-content\/uploads\/2020\/12\/13183027\/50715780492_cd41561f6b_c-100x150.jpg 100w, https:\/\/cdn.unasp.br\/noticias\/wp-content\/uploads\/2020\/12\/13183027\/50715780492_cd41561f6b_c-175x262.jpg 175w\" sizes=\"(max-width: 273px) 100vw, 273px\" \/><figcaption>Alunas formanda em 2020.<\/figcaption><\/figure><\/div>\n\n\n\n<p>Os cursos de Administra\u00e7\u00e3o e Ci\u00eancias Cont\u00e1beis do Centro\nUniversit\u00e1rio Adventista de S\u00e3o Paulo, campus Engenheiro Coelho, realizaram a\ncerim\u00f4nia de Cola\u00e7\u00e3o de Grau de seus formandos de 2020, neste domingo (13), no\nAudit\u00f3rio Central do campus.<\/p>\n\n\n\n<p>Medidas protetivas contra a Covid-19 vigoraram durante o evento, que teve distanciamento social e participantes com uso obrigat\u00f3rio de m\u00e1scaras. A aluna Izadora Lima, de Ci\u00eancias Cont\u00e1beis, entrou com um retrato nas m\u00e3os. Na foto uma fam\u00edlia \u201cdo cora\u00e7\u00e3o\u201d que a apoiou durante a Gradua\u00e7\u00e3o, mas n\u00e3o pode estar presencialmente na formatura. O \u00e2nimo foi tanto que ela puxou uma coreografia e contagiou o p\u00fablico durante a m\u00fasica de um clipe transmitido na cerim\u00f4nia. \u201cS\u00e3o 4 anos que se resumem em um dia de comemora\u00e7\u00e3o, ent\u00e3o a gente tem que comemorar muito, porque foi muito esfor\u00e7o e muita luta\u201d, disse a mo\u00e7a de 27 anos. <\/p>\n\n\n\n<p>Um Culto de Gratid\u00e3o, junto \u00e0 formatura, foi realizado em celebra\u00e7\u00e3o pela conclus\u00e3o da trajet\u00f3ria acad\u00eamica dos estudantes. Participaram da celebra\u00e7\u00e3o professores de ambos os cursos, administradores da institui\u00e7\u00e3o, familiares e amigos dos alunos.&nbsp; <\/p>\n\n\n\n<figure class=\"wp-block-gallery columns-4 is-cropped wp-block-gallery-2 is-layout-flex wp-block-gallery-is-layout-flex\"><ul class=\"blocks-gallery-grid\"><li class=\"blocks-gallery-item\"><figure><img loading=\"lazy\" decoding=\"async\" width=\"533\" height=\"799\" src=\"https:\/\/www.unasp.br\/noticias\/wp-content\/uploads\/2020\/12\/50715780492_cd41561f6b_c.jpg\" alt=\"\" data-id=\"92014\" data-full-url=\"https:\/\/www.unasp.br\/noticias\/wp-content\/uploads\/2020\/12\/50715780492_cd41561f6b_c.jpg\" data-link=\"https:\/\/www.unasp.br\/noticias\/?attachment_id=92014\" class=\"wp-image-92014\" srcset=\"https:\/\/cdn.unasp.br\/noticias\/wp-content\/uploads\/2020\/12\/13183027\/50715780492_cd41561f6b_c.jpg 533w, https:\/\/cdn.unasp.br\/noticias\/wp-content\/uploads\/2020\/12\/13183027\/50715780492_cd41561f6b_c-200x300.jpg 200w, https:\/\/cdn.unasp.br\/noticias\/wp-content\/uploads\/2020\/12\/13183027\/50715780492_cd41561f6b_c-400x600.jpg 400w, https:\/\/cdn.unasp.br\/noticias\/wp-content\/uploads\/2020\/12\/13183027\/50715780492_cd41561f6b_c-480x720.jpg 480w, https:\/\/cdn.unasp.br\/noticias\/wp-content\/uploads\/2020\/12\/13183027\/50715780492_cd41561f6b_c-334x500.jpg 334w, https:\/\/cdn.unasp.br\/noticias\/wp-content\/uploads\/2020\/12\/13183027\/50715780492_cd41561f6b_c-320x480.jpg 320w, https:\/\/cdn.unasp.br\/noticias\/wp-content\/uploads\/2020\/12\/13183027\/50715780492_cd41561f6b_c-187x280.jpg 187w, https:\/\/cdn.unasp.br\/noticias\/wp-content\/uploads\/2020\/12\/13183027\/50715780492_cd41561f6b_c-267x400.jpg 267w, https:\/\/cdn.unasp.br\/noticias\/wp-content\/uploads\/2020\/12\/13183027\/50715780492_cd41561f6b_c-167x250.jpg 167w, https:\/\/cdn.unasp.br\/noticias\/wp-content\/uploads\/2020\/12\/13183027\/50715780492_cd41561f6b_c-133x200.jpg 133w, https:\/\/cdn.unasp.br\/noticias\/wp-content\/uploads\/2020\/12\/13183027\/50715780492_cd41561f6b_c-100x150.jpg 100w, https:\/\/cdn.unasp.br\/noticias\/wp-content\/uploads\/2020\/12\/13183027\/50715780492_cd41561f6b_c-175x262.jpg 175w\" sizes=\"(max-width: 533px) 100vw, 533px\" \/><\/figure><\/li><li class=\"blocks-gallery-item\"><figure><img loading=\"lazy\" decoding=\"async\" width=\"799\" height=\"533\" src=\"https:\/\/www.unasp.br\/noticias\/wp-content\/uploads\/2020\/12\/50715797577_0d9f16a6c0_c.jpg\" alt=\"\" data-id=\"92015\" data-full-url=\"https:\/\/www.unasp.br\/noticias\/wp-content\/uploads\/2020\/12\/50715797577_0d9f16a6c0_c.jpg\" data-link=\"https:\/\/www.unasp.br\/noticias\/?attachment_id=92015\" class=\"wp-image-92015\" srcset=\"https:\/\/cdn.unasp.br\/noticias\/wp-content\/uploads\/2020\/12\/13183100\/50715797577_0d9f16a6c0_c.jpg 799w, https:\/\/cdn.unasp.br\/noticias\/wp-content\/uploads\/2020\/12\/13183100\/50715797577_0d9f16a6c0_c-300x200.jpg 300w, https:\/\/cdn.unasp.br\/noticias\/wp-content\/uploads\/2020\/12\/13183100\/50715797577_0d9f16a6c0_c-768x512.jpg 768w, https:\/\/cdn.unasp.br\/noticias\/wp-content\/uploads\/2020\/12\/13183100\/50715797577_0d9f16a6c0_c-750x500.jpg 750w, https:\/\/cdn.unasp.br\/noticias\/wp-content\/uploads\/2020\/12\/13183100\/50715797577_0d9f16a6c0_c-720x480.jpg 720w, https:\/\/cdn.unasp.br\/noticias\/wp-content\/uploads\/2020\/12\/13183100\/50715797577_0d9f16a6c0_c-420x280.jpg 420w, https:\/\/cdn.unasp.br\/noticias\/wp-content\/uploads\/2020\/12\/13183100\/50715797577_0d9f16a6c0_c-500x334.jpg 500w, https:\/\/cdn.unasp.br\/noticias\/wp-content\/uploads\/2020\/12\/13183100\/50715797577_0d9f16a6c0_c-400x267.jpg 400w, https:\/\/cdn.unasp.br\/noticias\/wp-content\/uploads\/2020\/12\/13183100\/50715797577_0d9f16a6c0_c-375x250.jpg 375w, https:\/\/cdn.unasp.br\/noticias\/wp-content\/uploads\/2020\/12\/13183100\/50715797577_0d9f16a6c0_c-225x150.jpg 225w, https:\/\/cdn.unasp.br\/noticias\/wp-content\/uploads\/2020\/12\/13183100\/50715797577_0d9f16a6c0_c-175x117.jpg 175w, https:\/\/cdn.unasp.br\/noticias\/wp-content\/uploads\/2020\/12\/13183100\/50715797577_0d9f16a6c0_c-200x133.jpg 200w\" sizes=\"(max-width: 799px) 100vw, 799px\" \/><\/figure><\/li><li class=\"blocks-gallery-item\"><figure><img loading=\"lazy\" decoding=\"async\" width=\"799\" height=\"533\" src=\"https:\/\/www.unasp.br\/noticias\/wp-content\/uploads\/2020\/12\/50715709066_1aafbdcac1_c.jpg\" alt=\"\" data-id=\"92017\" data-full-url=\"https:\/\/www.unasp.br\/noticias\/wp-content\/uploads\/2020\/12\/50715709066_1aafbdcac1_c.jpg\" data-link=\"https:\/\/www.unasp.br\/noticias\/?attachment_id=92017\" class=\"wp-image-92017\" srcset=\"https:\/\/cdn.unasp.br\/noticias\/wp-content\/uploads\/2020\/12\/13183143\/50715709066_1aafbdcac1_c.jpg 799w, https:\/\/cdn.unasp.br\/noticias\/wp-content\/uploads\/2020\/12\/13183143\/50715709066_1aafbdcac1_c-300x200.jpg 300w, https:\/\/cdn.unasp.br\/noticias\/wp-content\/uploads\/2020\/12\/13183143\/50715709066_1aafbdcac1_c-768x512.jpg 768w, https:\/\/cdn.unasp.br\/noticias\/wp-content\/uploads\/2020\/12\/13183143\/50715709066_1aafbdcac1_c-750x500.jpg 750w, https:\/\/cdn.unasp.br\/noticias\/wp-content\/uploads\/2020\/12\/13183143\/50715709066_1aafbdcac1_c-720x480.jpg 720w, https:\/\/cdn.unasp.br\/noticias\/wp-content\/uploads\/2020\/12\/13183143\/50715709066_1aafbdcac1_c-420x280.jpg 420w, https:\/\/cdn.unasp.br\/noticias\/wp-content\/uploads\/2020\/12\/13183143\/50715709066_1aafbdcac1_c-500x334.jpg 500w, https:\/\/cdn.unasp.br\/noticias\/wp-content\/uploads\/2020\/12\/13183143\/50715709066_1aafbdcac1_c-400x267.jpg 400w, https:\/\/cdn.unasp.br\/noticias\/wp-content\/uploads\/2020\/12\/13183143\/50715709066_1aafbdcac1_c-375x250.jpg 375w, https:\/\/cdn.unasp.br\/noticias\/wp-content\/uploads\/2020\/12\/13183143\/50715709066_1aafbdcac1_c-225x150.jpg 225w, https:\/\/cdn.unasp.br\/noticias\/wp-content\/uploads\/2020\/12\/13183143\/50715709066_1aafbdcac1_c-175x117.jpg 175w, https:\/\/cdn.unasp.br\/noticias\/wp-content\/uploads\/2020\/12\/13183143\/50715709066_1aafbdcac1_c-200x133.jpg 200w\" sizes=\"(max-width: 799px) 100vw, 799px\" \/><\/figure><\/li><li class=\"blocks-gallery-item\"><figure><img loading=\"lazy\" decoding=\"async\" width=\"799\" height=\"533\" src=\"https:\/\/www.unasp.br\/noticias\/wp-content\/uploads\/2020\/12\/50714974653_33f13e9cf6_c.jpg\" alt=\"\" data-id=\"92018\" data-full-url=\"https:\/\/www.unasp.br\/noticias\/wp-content\/uploads\/2020\/12\/50714974653_33f13e9cf6_c.jpg\" data-link=\"https:\/\/www.unasp.br\/noticias\/?attachment_id=92018\" class=\"wp-image-92018\" srcset=\"https:\/\/cdn.unasp.br\/noticias\/wp-content\/uploads\/2020\/12\/13183148\/50714974653_33f13e9cf6_c.jpg 799w, https:\/\/cdn.unasp.br\/noticias\/wp-content\/uploads\/2020\/12\/13183148\/50714974653_33f13e9cf6_c-300x200.jpg 300w, https:\/\/cdn.unasp.br\/noticias\/wp-content\/uploads\/2020\/12\/13183148\/50714974653_33f13e9cf6_c-768x512.jpg 768w, https:\/\/cdn.unasp.br\/noticias\/wp-content\/uploads\/2020\/12\/13183148\/50714974653_33f13e9cf6_c-750x500.jpg 750w, https:\/\/cdn.unasp.br\/noticias\/wp-content\/uploads\/2020\/12\/13183148\/50714974653_33f13e9cf6_c-720x480.jpg 720w, https:\/\/cdn.unasp.br\/noticias\/wp-content\/uploads\/2020\/12\/13183148\/50714974653_33f13e9cf6_c-420x280.jpg 420w, https:\/\/cdn.unasp.br\/noticias\/wp-content\/uploads\/2020\/12\/13183148\/50714974653_33f13e9cf6_c-500x334.jpg 500w, https:\/\/cdn.unasp.br\/noticias\/wp-content\/uploads\/2020\/12\/13183148\/50714974653_33f13e9cf6_c-400x267.jpg 400w, https:\/\/cdn.unasp.br\/noticias\/wp-content\/uploads\/2020\/12\/13183148\/50714974653_33f13e9cf6_c-375x250.jpg 375w, https:\/\/cdn.unasp.br\/noticias\/wp-content\/uploads\/2020\/12\/13183148\/50714974653_33f13e9cf6_c-225x150.jpg 225w, https:\/\/cdn.unasp.br\/noticias\/wp-content\/uploads\/2020\/12\/13183148\/50714974653_33f13e9cf6_c-175x117.jpg 175w, https:\/\/cdn.unasp.br\/noticias\/wp-content\/uploads\/2020\/12\/13183148\/50714974653_33f13e9cf6_c-200x133.jpg 200w\" sizes=\"(max-width: 799px) 100vw, 799px\" \/><\/figure><\/li><li class=\"blocks-gallery-item\"><figure><img loading=\"lazy\" decoding=\"async\" width=\"533\" height=\"799\" src=\"https:\/\/www.unasp.br\/noticias\/wp-content\/uploads\/2020\/12\/50714975853_50137ce4e8_c.jpg\" alt=\"\" data-id=\"92019\" data-full-url=\"https:\/\/www.unasp.br\/noticias\/wp-content\/uploads\/2020\/12\/50714975853_50137ce4e8_c.jpg\" data-link=\"https:\/\/www.unasp.br\/noticias\/?attachment_id=92019\" class=\"wp-image-92019\" srcset=\"https:\/\/cdn.unasp.br\/noticias\/wp-content\/uploads\/2020\/12\/13183153\/50714975853_50137ce4e8_c.jpg 533w, https:\/\/cdn.unasp.br\/noticias\/wp-content\/uploads\/2020\/12\/13183153\/50714975853_50137ce4e8_c-200x300.jpg 200w, https:\/\/cdn.unasp.br\/noticias\/wp-content\/uploads\/2020\/12\/13183153\/50714975853_50137ce4e8_c-400x600.jpg 400w, https:\/\/cdn.unasp.br\/noticias\/wp-content\/uploads\/2020\/12\/13183153\/50714975853_50137ce4e8_c-480x720.jpg 480w, https:\/\/cdn.unasp.br\/noticias\/wp-content\/uploads\/2020\/12\/13183153\/50714975853_50137ce4e8_c-334x500.jpg 334w, https:\/\/cdn.unasp.br\/noticias\/wp-content\/uploads\/2020\/12\/13183153\/50714975853_50137ce4e8_c-320x480.jpg 320w, https:\/\/cdn.unasp.br\/noticias\/wp-content\/uploads\/2020\/12\/13183153\/50714975853_50137ce4e8_c-187x280.jpg 187w, https:\/\/cdn.unasp.br\/noticias\/wp-content\/uploads\/2020\/12\/13183153\/50714975853_50137ce4e8_c-267x400.jpg 267w, https:\/\/cdn.unasp.br\/noticias\/wp-content\/uploads\/2020\/12\/13183153\/50714975853_50137ce4e8_c-167x250.jpg 167w, https:\/\/cdn.unasp.br\/noticias\/wp-content\/uploads\/2020\/12\/13183153\/50714975853_50137ce4e8_c-133x200.jpg 133w, https:\/\/cdn.unasp.br\/noticias\/wp-content\/uploads\/2020\/12\/13183153\/50714975853_50137ce4e8_c-100x150.jpg 100w, https:\/\/cdn.unasp.br\/noticias\/wp-content\/uploads\/2020\/12\/13183153\/50714975853_50137ce4e8_c-175x262.jpg 175w\" sizes=\"(max-width: 533px) 100vw, 533px\" \/><\/figure><\/li><\/ul><\/figure>\n","protected":false},"excerpt":{"rendered":"<p>Os cursos de Administra\u00e7\u00e3o e Ci\u00eancias Cont\u00e1beis do Centro Universit\u00e1rio Adventista de S\u00e3o Paulo, campus Engenheiro Coelho, [&hellip;]<\/p>\n","protected":false},"author":30,"featured_media":92016,"comment_status":"open","ping_status":"open","sticky":false,"template":"","format":"standard","meta":{"footnotes":""},"categories":[1846],"tags":[],"yoast_head":"<!-- This site is optimized with the Yoast SEO plugin v23.5 - https:\/\/yoast.com\/wordpress\/plugins\/seo\/ -->\n<title>M\u00e1scaras e distanciamento social marcam o \u201cnovo normal\u201d das formaturas de Administra\u00e7\u00e3o e Ci\u00eancias Cont\u00e1beis do UNASP - UNASP Noticias<\/title>\n<meta name=\"description\" content=\"Familiares, professores e formandos puderam se reunir presencialmente para cerim\u00f4nia de Cola\u00e7\u00e3o de Grau.\" \/>\n<meta name=\"robots\" content=\"index, follow, max-snippet:-1, max-image-preview:large, max-video-preview:-1\" \/>\n<link rel=\"canonical\" href=\"https:\/\/unasp.br\/noticias\/mascaras-e-distanciamento-social-marcam-o-novo-normal-das-formaturas-de-administracao-e-ciencias-contabeis-do-unasp1\/\" \/>\n<meta property=\"og:locale\" content=\"pt_BR\" \/>\n<meta property=\"og:type\" content=\"article\" \/>\n<meta property=\"og:title\" content=\"M\u00e1scaras e distanciamento social marcam o \u201cnovo normal\u201d das formaturas de Administra\u00e7\u00e3o e Ci\u00eancias Cont\u00e1beis do UNASP - UNASP Noticias\" \/>\n<meta property=\"og:description\" content=\"Familiares, professores e formandos puderam se reunir presencialmente para cerim\u00f4nia de Cola\u00e7\u00e3o de Grau.\" \/>\n<meta property=\"og:url\" content=\"https:\/\/unasp.br\/noticias\/mascaras-e-distanciamento-social-marcam-o-novo-normal-das-formaturas-de-administracao-e-ciencias-contabeis-do-unasp1\/\" \/>\n<meta property=\"og:site_name\" content=\"UNASP Noticias\" \/>\n<meta property=\"article:published_time\" content=\"2020-12-14T00:32:40+00:00\" \/>\n<meta property=\"article:modified_time\" content=\"2020-12-23T13:48:22+00:00\" \/>\n<meta property=\"og:image\" content=\"https:\/\/cdn.unasp.br\/noticias\/wp-content\/uploads\/2020\/12\/13183112\/50715780492_cd41561f6b_w.jpg\" \/>\n\t<meta property=\"og:image:width\" content=\"267\" \/>\n\t<meta property=\"og:image:height\" content=\"400\" \/>\n\t<meta property=\"og:image:type\" content=\"image\/jpeg\" \/>\n<meta name=\"author\" content=\"Aira Almeida\" \/>\n<meta name=\"twitter:card\" content=\"summary_large_image\" \/>\n<meta name=\"twitter:label1\" content=\"Escrito por\" \/>\n\t<meta name=\"twitter:data1\" content=\"Aira Almeida\" \/>\n\t<meta name=\"twitter:label2\" content=\"Est. tempo de leitura\" \/>\n\t<meta name=\"twitter:data2\" content=\"1 minuto\" \/>\n<script type=\"application\/ld+json\" class=\"yoast-schema-graph\">{\"@context\":\"https:\/\/schema.org\",\"@graph\":[{\"@type\":\"Article\",\"@id\":\"https:\/\/unasp.br\/noticias\/mascaras-e-distanciamento-social-marcam-o-novo-normal-das-formaturas-de-administracao-e-ciencias-contabeis-do-unasp1\/#article\",\"isPartOf\":{\"@id\":\"https:\/\/unasp.br\/noticias\/mascaras-e-distanciamento-social-marcam-o-novo-normal-das-formaturas-de-administracao-e-ciencias-contabeis-do-unasp1\/\"},\"author\":{\"name\":\"Aira Almeida\",\"@id\":\"https:\/\/unasp.br\/noticias\/#\/schema\/person\/80f09a3ec674501e6bb13144ffa2489f\"},\"headline\":\"M\u00e1scaras e distanciamento social marcam o \u201cnovo normal\u201d das formaturas de Administra\u00e7\u00e3o e Ci\u00eancias Cont\u00e1beis do UNASP\",\"datePublished\":\"2020-12-14T00:32:40+00:00\",\"dateModified\":\"2020-12-23T13:48:22+00:00\",\"mainEntityOfPage\":{\"@id\":\"https:\/\/unasp.br\/noticias\/mascaras-e-distanciamento-social-marcam-o-novo-normal-das-formaturas-de-administracao-e-ciencias-contabeis-do-unasp1\/\"},\"wordCount\":228,\"commentCount\":0,\"publisher\":{\"@id\":\"https:\/\/unasp.br\/noticias\/#organization\"},\"image\":{\"@id\":\"https:\/\/unasp.br\/noticias\/mascaras-e-distanciamento-social-marcam-o-novo-normal-das-formaturas-de-administracao-e-ciencias-contabeis-do-unasp1\/#primaryimage\"},\"thumbnailUrl\":\"https:\/\/cdn.unasp.br\/noticias\/wp-content\/uploads\/2020\/12\/13183112\/50715780492_cd41561f6b_w.jpg\",\"articleSection\":[\"Formaturas\"],\"inLanguage\":\"pt-BR\",\"potentialAction\":[{\"@type\":\"CommentAction\",\"name\":\"Comment\",\"target\":[\"https:\/\/unasp.br\/noticias\/mascaras-e-distanciamento-social-marcam-o-novo-normal-das-formaturas-de-administracao-e-ciencias-contabeis-do-unasp1\/#respond\"]}]},{\"@type\":\"WebPage\",\"@id\":\"https:\/\/unasp.br\/noticias\/mascaras-e-distanciamento-social-marcam-o-novo-normal-das-formaturas-de-administracao-e-ciencias-contabeis-do-unasp1\/\",\"url\":\"https:\/\/unasp.br\/noticias\/mascaras-e-distanciamento-social-marcam-o-novo-normal-das-formaturas-de-administracao-e-ciencias-contabeis-do-unasp1\/\",\"name\":\"M\u00e1scaras e distanciamento social marcam o \u201cnovo normal\u201d das formaturas de Administra\u00e7\u00e3o e Ci\u00eancias Cont\u00e1beis do UNASP - UNASP Noticias\",\"isPartOf\":{\"@id\":\"https:\/\/unasp.br\/noticias\/#website\"},\"primaryImageOfPage\":{\"@id\":\"https:\/\/unasp.br\/noticias\/mascaras-e-distanciamento-social-marcam-o-novo-normal-das-formaturas-de-administracao-e-ciencias-contabeis-do-unasp1\/#primaryimage\"},\"image\":{\"@id\":\"https:\/\/unasp.br\/noticias\/mascaras-e-distanciamento-social-marcam-o-novo-normal-das-formaturas-de-administracao-e-ciencias-contabeis-do-unasp1\/#primaryimage\"},\"thumbnailUrl\":\"https:\/\/cdn.unasp.br\/noticias\/wp-content\/uploads\/2020\/12\/13183112\/50715780492_cd41561f6b_w.jpg\",\"datePublished\":\"2020-12-14T00:32:40+00:00\",\"dateModified\":\"2020-12-23T13:48:22+00:00\",\"description\":\"Familiares, professores e formandos puderam se reunir presencialmente para cerim\u00f4nia de Cola\u00e7\u00e3o de Grau.\",\"breadcrumb\":{\"@id\":\"https:\/\/unasp.br\/noticias\/mascaras-e-distanciamento-social-marcam-o-novo-normal-das-formaturas-de-administracao-e-ciencias-contabeis-do-unasp1\/#breadcrumb\"},\"inLanguage\":\"pt-BR\",\"potentialAction\":[{\"@type\":\"ReadAction\",\"target\":[\"https:\/\/unasp.br\/noticias\/mascaras-e-distanciamento-social-marcam-o-novo-normal-das-formaturas-de-administracao-e-ciencias-contabeis-do-unasp1\/\"]}]},{\"@type\":\"ImageObject\",\"inLanguage\":\"pt-BR\",\"@id\":\"https:\/\/unasp.br\/noticias\/mascaras-e-distanciamento-social-marcam-o-novo-normal-das-formaturas-de-administracao-e-ciencias-contabeis-do-unasp1\/#primaryimage\",\"url\":\"https:\/\/cdn.unasp.br\/noticias\/wp-content\/uploads\/2020\/12\/13183112\/50715780492_cd41561f6b_w.jpg\",\"contentUrl\":\"https:\/\/cdn.unasp.br\/noticias\/wp-content\/uploads\/2020\/12\/13183112\/50715780492_cd41561f6b_w.jpg\",\"width\":267,\"height\":400},{\"@type\":\"BreadcrumbList\",\"@id\":\"https:\/\/unasp.br\/noticias\/mascaras-e-distanciamento-social-marcam-o-novo-normal-das-formaturas-de-administracao-e-ciencias-contabeis-do-unasp1\/#breadcrumb\",\"itemListElement\":[{\"@type\":\"ListItem\",\"position\":1,\"name\":\"In\u00edcio\",\"item\":\"https:\/\/unasp.br\/noticias\/\"},{\"@type\":\"ListItem\",\"position\":2,\"name\":\"M\u00e1scaras e distanciamento social marcam o \u201cnovo normal\u201d das formaturas de Administra\u00e7\u00e3o e Ci\u00eancias Cont\u00e1beis do UNASP\"}]},{\"@type\":\"WebSite\",\"@id\":\"https:\/\/unasp.br\/noticias\/#website\",\"url\":\"https:\/\/unasp.br\/noticias\/\",\"name\":\"UNASP Noticias\",\"description\":\"Centro Universit\u00e1rio Adventista de S\u00e3o Paulo\",\"publisher\":{\"@id\":\"https:\/\/unasp.br\/noticias\/#organization\"},\"potentialAction\":[{\"@type\":\"SearchAction\",\"target\":{\"@type\":\"EntryPoint\",\"urlTemplate\":\"https:\/\/unasp.br\/noticias\/?s={search_term_string}\"},\"query-input\":{\"@type\":\"PropertyValueSpecification\",\"valueRequired\":true,\"valueName\":\"search_term_string\"}}],\"inLanguage\":\"pt-BR\"},{\"@type\":\"Organization\",\"@id\":\"https:\/\/unasp.br\/noticias\/#organization\",\"name\":\"UNASP Noticias\",\"url\":\"https:\/\/unasp.br\/noticias\/\",\"logo\":{\"@type\":\"ImageObject\",\"inLanguage\":\"pt-BR\",\"@id\":\"https:\/\/unasp.br\/noticias\/#\/schema\/logo\/image\/\",\"url\":\"https:\/\/cdn.unasp.br\/noticias\/wp-content\/uploads\/2021\/09\/09152724\/logo-unasp-news.png\",\"contentUrl\":\"https:\/\/cdn.unasp.br\/noticias\/wp-content\/uploads\/2021\/09\/09152724\/logo-unasp-news.png\",\"width\":240,\"height\":41,\"caption\":\"UNASP Noticias\"},\"image\":{\"@id\":\"https:\/\/unasp.br\/noticias\/#\/schema\/logo\/image\/\"}},{\"@type\":\"Person\",\"@id\":\"https:\/\/unasp.br\/noticias\/#\/schema\/person\/80f09a3ec674501e6bb13144ffa2489f\",\"name\":\"Aira Almeida\",\"image\":{\"@type\":\"ImageObject\",\"inLanguage\":\"pt-BR\",\"@id\":\"https:\/\/unasp.br\/noticias\/#\/schema\/person\/image\/\",\"url\":\"https:\/\/secure.gravatar.com\/avatar\/e30ea867fdd5a41ec6a0cb350dcd108e?s=96&d=mm&r=g\",\"contentUrl\":\"https:\/\/secure.gravatar.com\/avatar\/e30ea867fdd5a41ec6a0cb350dcd108e?s=96&d=mm&r=g\",\"caption\":\"Aira Almeida\"},\"url\":\"https:\/\/unasp.br\/noticias\/author\/aira-almeidaedu-unasp-br\/\"}]}<\/script>\n<!-- \/ Yoast SEO plugin. -->","yoast_head_json":{"title":"M\u00e1scaras e distanciamento social marcam o \u201cnovo normal\u201d das formaturas de Administra\u00e7\u00e3o e Ci\u00eancias Cont\u00e1beis do UNASP - UNASP Noticias","description":"Familiares, professores e formandos puderam se reunir presencialmente para cerim\u00f4nia de Cola\u00e7\u00e3o de Grau.","robots":{"index":"index","follow":"follow","max-snippet":"max-snippet:-1","max-image-preview":"max-image-preview:large","max-video-preview":"max-video-preview:-1"},"canonical":"https:\/\/unasp.br\/noticias\/mascaras-e-distanciamento-social-marcam-o-novo-normal-das-formaturas-de-administracao-e-ciencias-contabeis-do-unasp1\/","og_locale":"pt_BR","og_type":"article","og_title":"M\u00e1scaras e distanciamento social marcam o \u201cnovo normal\u201d das formaturas de Administra\u00e7\u00e3o e Ci\u00eancias Cont\u00e1beis do UNASP - UNASP Noticias","og_description":"Familiares, professores e formandos puderam se reunir presencialmente para cerim\u00f4nia de Cola\u00e7\u00e3o de Grau.","og_url":"https:\/\/unasp.br\/noticias\/mascaras-e-distanciamento-social-marcam-o-novo-normal-das-formaturas-de-administracao-e-ciencias-contabeis-do-unasp1\/","og_site_name":"UNASP Noticias","article_published_time":"2020-12-14T00:32:40+00:00","article_modified_time":"2020-12-23T13:48:22+00:00","og_image":[{"width":267,"height":400,"url":"https:\/\/cdn.unasp.br\/noticias\/wp-content\/uploads\/2020\/12\/13183112\/50715780492_cd41561f6b_w.jpg","type":"image\/jpeg"}],"author":"Aira Almeida","twitter_card":"summary_large_image","twitter_misc":{"Escrito por":"Aira Almeida","Est. tempo de leitura":"1 minuto"},"schema":{"@context":"https:\/\/schema.org","@graph":[{"@type":"Article","@id":"https:\/\/unasp.br\/noticias\/mascaras-e-distanciamento-social-marcam-o-novo-normal-das-formaturas-de-administracao-e-ciencias-contabeis-do-unasp1\/#article","isPartOf":{"@id":"https:\/\/unasp.br\/noticias\/mascaras-e-distanciamento-social-marcam-o-novo-normal-das-formaturas-de-administracao-e-ciencias-contabeis-do-unasp1\/"},"author":{"name":"Aira Almeida","@id":"https:\/\/unasp.br\/noticias\/#\/schema\/person\/80f09a3ec674501e6bb13144ffa2489f"},"headline":"M\u00e1scaras e distanciamento social marcam o \u201cnovo normal\u201d das formaturas de Administra\u00e7\u00e3o e Ci\u00eancias Cont\u00e1beis do UNASP","datePublished":"2020-12-14T00:32:40+00:00","dateModified":"2020-12-23T13:48:22+00:00","mainEntityOfPage":{"@id":"https:\/\/unasp.br\/noticias\/mascaras-e-distanciamento-social-marcam-o-novo-normal-das-formaturas-de-administracao-e-ciencias-contabeis-do-unasp1\/"},"wordCount":228,"commentCount":0,"publisher":{"@id":"https:\/\/unasp.br\/noticias\/#organization"},"image":{"@id":"https:\/\/unasp.br\/noticias\/mascaras-e-distanciamento-social-marcam-o-novo-normal-das-formaturas-de-administracao-e-ciencias-contabeis-do-unasp1\/#primaryimage"},"thumbnailUrl":"https:\/\/cdn.unasp.br\/noticias\/wp-content\/uploads\/2020\/12\/13183112\/50715780492_cd41561f6b_w.jpg","articleSection":["Formaturas"],"inLanguage":"pt-BR","potentialAction":[{"@type":"CommentAction","name":"Comment","target":["https:\/\/unasp.br\/noticias\/mascaras-e-distanciamento-social-marcam-o-novo-normal-das-formaturas-de-administracao-e-ciencias-contabeis-do-unasp1\/#respond"]}]},{"@type":"WebPage","@id":"https:\/\/unasp.br\/noticias\/mascaras-e-distanciamento-social-marcam-o-novo-normal-das-formaturas-de-administracao-e-ciencias-contabeis-do-unasp1\/","url":"https:\/\/unasp.br\/noticias\/mascaras-e-distanciamento-social-marcam-o-novo-normal-das-formaturas-de-administracao-e-ciencias-contabeis-do-unasp1\/","name":"M\u00e1scaras e distanciamento social marcam o \u201cnovo normal\u201d das formaturas de Administra\u00e7\u00e3o e Ci\u00eancias Cont\u00e1beis do UNASP - UNASP Noticias","isPartOf":{"@id":"https:\/\/unasp.br\/noticias\/#website"},"primaryImageOfPage":{"@id":"https:\/\/unasp.br\/noticias\/mascaras-e-distanciamento-social-marcam-o-novo-normal-das-formaturas-de-administracao-e-ciencias-contabeis-do-unasp1\/#primaryimage"},"image":{"@id":"https:\/\/unasp.br\/noticias\/mascaras-e-distanciamento-social-marcam-o-novo-normal-das-formaturas-de-administracao-e-ciencias-contabeis-do-unasp1\/#primaryimage"},"thumbnailUrl":"https:\/\/cdn.unasp.br\/noticias\/wp-content\/uploads\/2020\/12\/13183112\/50715780492_cd41561f6b_w.jpg","datePublished":"2020-12-14T00:32:40+00:00","dateModified":"2020-12-23T13:48:22+00:00","description":"Familiares, professores e formandos puderam se reunir presencialmente para cerim\u00f4nia de Cola\u00e7\u00e3o de Grau.","breadcrumb":{"@id":"https:\/\/unasp.br\/noticias\/mascaras-e-distanciamento-social-marcam-o-novo-normal-das-formaturas-de-administracao-e-ciencias-contabeis-do-unasp1\/#breadcrumb"},"inLanguage":"pt-BR","potentialAction":[{"@type":"ReadAction","target":["https:\/\/unasp.br\/noticias\/mascaras-e-distanciamento-social-marcam-o-novo-normal-das-formaturas-de-administracao-e-ciencias-contabeis-do-unasp1\/"]}]},{"@type":"ImageObject","inLanguage":"pt-BR","@id":"https:\/\/unasp.br\/noticias\/mascaras-e-distanciamento-social-marcam-o-novo-normal-das-formaturas-de-administracao-e-ciencias-contabeis-do-unasp1\/#primaryimage","url":"https:\/\/cdn.unasp.br\/noticias\/wp-content\/uploads\/2020\/12\/13183112\/50715780492_cd41561f6b_w.jpg","contentUrl":"https:\/\/cdn.unasp.br\/noticias\/wp-content\/uploads\/2020\/12\/13183112\/50715780492_cd41561f6b_w.jpg","width":267,"height":400},{"@type":"BreadcrumbList","@id":"https:\/\/unasp.br\/noticias\/mascaras-e-distanciamento-social-marcam-o-novo-normal-das-formaturas-de-administracao-e-ciencias-contabeis-do-unasp1\/#breadcrumb","itemListElement":[{"@type":"ListItem","position":1,"name":"In\u00edcio","item":"https:\/\/unasp.br\/noticias\/"},{"@type":"ListItem","position":2,"name":"M\u00e1scaras e distanciamento social marcam o \u201cnovo normal\u201d das formaturas de Administra\u00e7\u00e3o e Ci\u00eancias Cont\u00e1beis do UNASP"}]},{"@type":"WebSite","@id":"https:\/\/unasp.br\/noticias\/#website","url":"https:\/\/unasp.br\/noticias\/","name":"UNASP Noticias","description":"Centro Universit\u00e1rio Adventista de S\u00e3o Paulo","publisher":{"@id":"https:\/\/unasp.br\/noticias\/#organization"},"potentialAction":[{"@type":"SearchAction","target":{"@type":"EntryPoint","urlTemplate":"https:\/\/unasp.br\/noticias\/?s={search_term_string}"},"query-input":{"@type":"PropertyValueSpecification","valueRequired":true,"valueName":"search_term_string"}}],"inLanguage":"pt-BR"},{"@type":"Organization","@id":"https:\/\/unasp.br\/noticias\/#organization","name":"UNASP Noticias","url":"https:\/\/unasp.br\/noticias\/","logo":{"@type":"ImageObject","inLanguage":"pt-BR","@id":"https:\/\/unasp.br\/noticias\/#\/schema\/logo\/image\/","url":"https:\/\/cdn.unasp.br\/noticias\/wp-content\/uploads\/2021\/09\/09152724\/logo-unasp-news.png","contentUrl":"https:\/\/cdn.unasp.br\/noticias\/wp-content\/uploads\/2021\/09\/09152724\/logo-unasp-news.png","width":240,"height":41,"caption":"UNASP Noticias"},"image":{"@id":"https:\/\/unasp.br\/noticias\/#\/schema\/logo\/image\/"}},{"@type":"Person","@id":"https:\/\/unasp.br\/noticias\/#\/schema\/person\/80f09a3ec674501e6bb13144ffa2489f","name":"Aira Almeida","image":{"@type":"ImageObject","inLanguage":"pt-BR","@id":"https:\/\/unasp.br\/noticias\/#\/schema\/person\/image\/","url":"https:\/\/secure.gravatar.com\/avatar\/e30ea867fdd5a41ec6a0cb350dcd108e?s=96&d=mm&r=g","contentUrl":"https:\/\/secure.gravatar.com\/avatar\/e30ea867fdd5a41ec6a0cb350dcd108e?s=96&d=mm&r=g","caption":"Aira Almeida"},"url":"https:\/\/unasp.br\/noticias\/author\/aira-almeidaedu-unasp-br\/"}]}},"_links":{"self":[{"href":"https:\/\/unasp.br\/noticias\/wp-json\/wp\/v2\/posts\/92002"}],"collection":[{"href":"https:\/\/unasp.br\/noticias\/wp-json\/wp\/v2\/posts"}],"about":[{"href":"https:\/\/unasp.br\/noticias\/wp-json\/wp\/v2\/types\/post"}],"author":[{"embeddable":true,"href":"https:\/\/unasp.br\/noticias\/wp-json\/wp\/v2\/users\/30"}],"replies":[{"embeddable":true,"href":"https:\/\/unasp.br\/noticias\/wp-json\/wp\/v2\/comments?post=92002"}],"version-history":[{"count":3,"href":"https:\/\/unasp.br\/noticias\/wp-json\/wp\/v2\/posts\/92002\/revisions"}],"predecessor-version":[{"id":92142,"href":"https:\/\/unasp.br\/noticias\/wp-json\/wp\/v2\/posts\/92002\/revisions\/92142"}],"wp:featuredmedia":[{"embeddable":true,"href":"https:\/\/unasp.br\/noticias\/wp-json\/wp\/v2\/media\/92016"}],"wp:attachment":[{"href":"https:\/\/unasp.br\/noticias\/wp-json\/wp\/v2\/media?parent=92002"}],"wp:term":[{"taxonomy":"category","embeddable":true,"href":"https:\/\/unasp.br\/noticias\/wp-json\/wp\/v2\/categories?post=92002"},{"taxonomy":"post_tag","embeddable":true,"href":"https:\/\/unasp.br\/noticias\/wp-json\/wp\/v2\/tags?post=92002"}],"curies":[{"name":"wp","href":"https:\/\/api.w.org\/{rel}","templated":true}]}}