{"id":92005,"date":"2020-12-13T21:27:42","date_gmt":"2020-12-14T00:27:42","guid":{"rendered":"https:\/\/www.unasp.br\/noticias\/?p=92005"},"modified":"2020-12-13T21:27:45","modified_gmt":"2020-12-14T00:27:45","slug":"formatura-de-direito-registra-maior-numero-de-formandos-do-unasp-engenheiro-coelho","status":"publish","type":"post","link":"https:\/\/unasp.br\/noticias\/formatura-de-direito-registra-maior-numero-de-formandos-do-unasp-engenheiro-coelho\/","title":{"rendered":"Formatura de Direito registra maior n\u00famero de formandos do UNASP Engenheiro Coelho"},"content":{"rendered":"\n<div class=\"wp-block-image\"><figure class=\"alignleft size-large is-resized\"><img loading=\"lazy\" decoding=\"async\" src=\"https:\/\/www.unasp.br\/noticias\/wp-content\/uploads\/2020\/12\/50716702006_296fc47dac_c.jpg\" alt=\"\" class=\"wp-image-92007\" width=\"389\" height=\"259\" srcset=\"https:\/\/cdn.unasp.br\/noticias\/wp-content\/uploads\/2020\/12\/13182512\/50716702006_296fc47dac_c.jpg 799w, https:\/\/cdn.unasp.br\/noticias\/wp-content\/uploads\/2020\/12\/13182512\/50716702006_296fc47dac_c-300x200.jpg 300w, https:\/\/cdn.unasp.br\/noticias\/wp-content\/uploads\/2020\/12\/13182512\/50716702006_296fc47dac_c-768x512.jpg 768w, https:\/\/cdn.unasp.br\/noticias\/wp-content\/uploads\/2020\/12\/13182512\/50716702006_296fc47dac_c-750x500.jpg 750w, https:\/\/cdn.unasp.br\/noticias\/wp-content\/uploads\/2020\/12\/13182512\/50716702006_296fc47dac_c-720x480.jpg 720w, https:\/\/cdn.unasp.br\/noticias\/wp-content\/uploads\/2020\/12\/13182512\/50716702006_296fc47dac_c-420x280.jpg 420w, https:\/\/cdn.unasp.br\/noticias\/wp-content\/uploads\/2020\/12\/13182512\/50716702006_296fc47dac_c-500x334.jpg 500w, https:\/\/cdn.unasp.br\/noticias\/wp-content\/uploads\/2020\/12\/13182512\/50716702006_296fc47dac_c-400x267.jpg 400w, https:\/\/cdn.unasp.br\/noticias\/wp-content\/uploads\/2020\/12\/13182512\/50716702006_296fc47dac_c-375x250.jpg 375w, https:\/\/cdn.unasp.br\/noticias\/wp-content\/uploads\/2020\/12\/13182512\/50716702006_296fc47dac_c-225x150.jpg 225w, https:\/\/cdn.unasp.br\/noticias\/wp-content\/uploads\/2020\/12\/13182512\/50716702006_296fc47dac_c-175x117.jpg 175w, https:\/\/cdn.unasp.br\/noticias\/wp-content\/uploads\/2020\/12\/13182512\/50716702006_296fc47dac_c-200x133.jpg 200w\" sizes=\"(max-width: 389px) 100vw, 389px\" \/><figcaption>Aluno formando de Direito em 2020.<\/figcaption><\/figure><\/div>\n\n\n\n<p>O curso de Direito tem registrado n\u00fameros expressivos de formandos desde que foi iniciado no campus. Apesar do ano at\u00edpico, 101 alunos encerraram a etapa de gradua\u00e7\u00e3o em 2020. A formatura aconteceu no domingo (13) \u00e0 noite, na igreja do campus, com a presen\u00e7a de familiares e amigos que compartilharam a conquista. A maioria dos estudantes acompanhou a cerim\u00f4nia presencialmente e uma pequena parcela participou do evento de maneira online.<\/p>\n\n\n\n<p>O professor Igor Marques conta que fez parte da primeira formatura em 2008 e indica que desde ent\u00e3o o curso vem se consolidando com m\u00e9dia de 100 formandos. Ele acrescenta que o Direito tem desafios para se manter relevante no cen\u00e1rio pol\u00edtico e econ\u00f4mico, no entanto acredita que h\u00e1 oportunidades. \u201cA expectativa \u00e9 que esse curso abra portas para empreender sem limites e, al\u00e9m disso, h\u00e1 muitas carreiras p\u00fablicas que abrem portas para o exerc\u00edcio profissional de grande parte dos alunos\u201d, esclareceu.<\/p>\n\n\n\n<h2 class=\"has-luminous-vivid-orange-color has-text-color wp-block-heading\"><strong>Encerramento do\nciclo<\/strong><\/h2>\n\n\n\n<p>Al\u00e9m da entrega do diploma, a cerim\u00f4nia teve mensagens especiais. Em seu discurso como representante dos formandos, Evelyn Ven\u00e2ncio rememorou momentos vividos com os colegas. Ela afirma que se sentiu lisonjeada por represent\u00e1-los. \u201cSobretudo, eu represento sonhos. Porque muitos deles travaram lutas intensas para chegar aqui. A alegria n\u00e3o cabe no meu cora\u00e7\u00e3o\u201d, celebrou. <\/p>\n\n\n\n<p>Por outro lado, o professor Jos\u00e9 Miranda trouxe algumas\nreflex\u00f5es sobre o tempo, valoriza\u00e7\u00e3o dos colegas e import\u00e2ncia de aproveitar as\noportunidades. \u201cUse o conhecimento que voc\u00eas adquiriram hoje para alcan\u00e7ar os\nsonhos de crian\u00e7a que s\u00e3o os mais puros\u201d, finalizou.<\/p>\n\n\n\n<h2 class=\"has-luminous-vivid-orange-color has-text-color wp-block-heading\"><strong>Portas abertas<\/strong><\/h2>\n\n\n\n<p>O UNASP recebe muitos alunos de longe em busca da realiza\u00e7\u00e3o profissional. Osnildo Reis veio de Rond\u00f4nia para atingir seu objetivo de atuar na \u00e1rea da advocacia privada. Ele afirma estar feliz, com a sensa\u00e7\u00e3o de dever cumprido e grato a Deus.<\/p>\n\n\n\n<p>Al\u00e9m dele, outros estudantes sa\u00edram da cidade natal em busca da gradua\u00e7\u00e3o. Segundo Matheus Valen\u00e7a, que saiu de Sergipe para S\u00e3o Paulo, a transfer\u00eancia de outra faculdade para o UNASP foi motivada pela qualidade do ensino e oportunidades na regi\u00e3o. Ele acrescenta que pretende seguir no campo trabalhista empresarial e acredita que n\u00e3o teria tantas possibilidades em outro lugar.<\/p>\n\n\n\n<p>A qualidade do ensino, compet\u00eancia do corpo docente e comprometimento dos discentes, representam o curso de Direito do UNASP. A institui\u00e7\u00e3o se preocupa em atender aos estudantes e prepar\u00e1-los com excel\u00eancia para o ingresso no mercado profissional.<\/p>\n\n\n\n<figure class=\"wp-block-gallery columns-2 is-cropped wp-block-gallery-2 is-layout-flex wp-block-gallery-is-layout-flex\"><ul class=\"blocks-gallery-grid\"><li class=\"blocks-gallery-item\"><figure><img loading=\"lazy\" decoding=\"async\" width=\"799\" height=\"533\" src=\"https:\/\/www.unasp.br\/noticias\/wp-content\/uploads\/2020\/12\/50715960133_0b0e67f9c1_c.jpg\" alt=\"\" data-id=\"92010\" data-full-url=\"https:\/\/www.unasp.br\/noticias\/wp-content\/uploads\/2020\/12\/50715960133_0b0e67f9c1_c.jpg\" data-link=\"https:\/\/www.unasp.br\/noticias\/?attachment_id=92010\" class=\"wp-image-92010\" srcset=\"https:\/\/cdn.unasp.br\/noticias\/wp-content\/uploads\/2020\/12\/13182608\/50715960133_0b0e67f9c1_c.jpg 799w, https:\/\/cdn.unasp.br\/noticias\/wp-content\/uploads\/2020\/12\/13182608\/50715960133_0b0e67f9c1_c-300x200.jpg 300w, https:\/\/cdn.unasp.br\/noticias\/wp-content\/uploads\/2020\/12\/13182608\/50715960133_0b0e67f9c1_c-768x512.jpg 768w, https:\/\/cdn.unasp.br\/noticias\/wp-content\/uploads\/2020\/12\/13182608\/50715960133_0b0e67f9c1_c-750x500.jpg 750w, https:\/\/cdn.unasp.br\/noticias\/wp-content\/uploads\/2020\/12\/13182608\/50715960133_0b0e67f9c1_c-720x480.jpg 720w, https:\/\/cdn.unasp.br\/noticias\/wp-content\/uploads\/2020\/12\/13182608\/50715960133_0b0e67f9c1_c-420x280.jpg 420w, https:\/\/cdn.unasp.br\/noticias\/wp-content\/uploads\/2020\/12\/13182608\/50715960133_0b0e67f9c1_c-500x334.jpg 500w, https:\/\/cdn.unasp.br\/noticias\/wp-content\/uploads\/2020\/12\/13182608\/50715960133_0b0e67f9c1_c-400x267.jpg 400w, https:\/\/cdn.unasp.br\/noticias\/wp-content\/uploads\/2020\/12\/13182608\/50715960133_0b0e67f9c1_c-375x250.jpg 375w, https:\/\/cdn.unasp.br\/noticias\/wp-content\/uploads\/2020\/12\/13182608\/50715960133_0b0e67f9c1_c-225x150.jpg 225w, https:\/\/cdn.unasp.br\/noticias\/wp-content\/uploads\/2020\/12\/13182608\/50715960133_0b0e67f9c1_c-175x117.jpg 175w, https:\/\/cdn.unasp.br\/noticias\/wp-content\/uploads\/2020\/12\/13182608\/50715960133_0b0e67f9c1_c-200x133.jpg 200w\" sizes=\"(max-width: 799px) 100vw, 799px\" \/><\/figure><\/li><li class=\"blocks-gallery-item\"><figure><img loading=\"lazy\" decoding=\"async\" width=\"799\" height=\"533\" src=\"https:\/\/www.unasp.br\/noticias\/wp-content\/uploads\/2020\/12\/50716690631_9e59462a46_c.jpg\" alt=\"\" data-id=\"92009\" data-full-url=\"https:\/\/www.unasp.br\/noticias\/wp-content\/uploads\/2020\/12\/50716690631_9e59462a46_c.jpg\" data-link=\"https:\/\/www.unasp.br\/noticias\/?attachment_id=92009\" class=\"wp-image-92009\" srcset=\"https:\/\/cdn.unasp.br\/noticias\/wp-content\/uploads\/2020\/12\/13182603\/50716690631_9e59462a46_c.jpg 799w, https:\/\/cdn.unasp.br\/noticias\/wp-content\/uploads\/2020\/12\/13182603\/50716690631_9e59462a46_c-300x200.jpg 300w, https:\/\/cdn.unasp.br\/noticias\/wp-content\/uploads\/2020\/12\/13182603\/50716690631_9e59462a46_c-768x512.jpg 768w, https:\/\/cdn.unasp.br\/noticias\/wp-content\/uploads\/2020\/12\/13182603\/50716690631_9e59462a46_c-750x500.jpg 750w, https:\/\/cdn.unasp.br\/noticias\/wp-content\/uploads\/2020\/12\/13182603\/50716690631_9e59462a46_c-720x480.jpg 720w, https:\/\/cdn.unasp.br\/noticias\/wp-content\/uploads\/2020\/12\/13182603\/50716690631_9e59462a46_c-420x280.jpg 420w, https:\/\/cdn.unasp.br\/noticias\/wp-content\/uploads\/2020\/12\/13182603\/50716690631_9e59462a46_c-500x334.jpg 500w, https:\/\/cdn.unasp.br\/noticias\/wp-content\/uploads\/2020\/12\/13182603\/50716690631_9e59462a46_c-400x267.jpg 400w, https:\/\/cdn.unasp.br\/noticias\/wp-content\/uploads\/2020\/12\/13182603\/50716690631_9e59462a46_c-375x250.jpg 375w, https:\/\/cdn.unasp.br\/noticias\/wp-content\/uploads\/2020\/12\/13182603\/50716690631_9e59462a46_c-225x150.jpg 225w, https:\/\/cdn.unasp.br\/noticias\/wp-content\/uploads\/2020\/12\/13182603\/50716690631_9e59462a46_c-175x117.jpg 175w, https:\/\/cdn.unasp.br\/noticias\/wp-content\/uploads\/2020\/12\/13182603\/50716690631_9e59462a46_c-200x133.jpg 200w\" sizes=\"(max-width: 799px) 100vw, 799px\" \/><\/figure><\/li><li class=\"blocks-gallery-item\"><figure><img loading=\"lazy\" decoding=\"async\" width=\"799\" height=\"533\" src=\"https:\/\/www.unasp.br\/noticias\/wp-content\/uploads\/2020\/12\/50716800097_4d650529e3_c.jpg\" alt=\"\" data-id=\"92008\" data-full-url=\"https:\/\/www.unasp.br\/noticias\/wp-content\/uploads\/2020\/12\/50716800097_4d650529e3_c.jpg\" data-link=\"https:\/\/www.unasp.br\/noticias\/?attachment_id=92008\" class=\"wp-image-92008\" srcset=\"https:\/\/cdn.unasp.br\/noticias\/wp-content\/uploads\/2020\/12\/13182558\/50716800097_4d650529e3_c.jpg 799w, https:\/\/cdn.unasp.br\/noticias\/wp-content\/uploads\/2020\/12\/13182558\/50716800097_4d650529e3_c-300x200.jpg 300w, https:\/\/cdn.unasp.br\/noticias\/wp-content\/uploads\/2020\/12\/13182558\/50716800097_4d650529e3_c-768x512.jpg 768w, https:\/\/cdn.unasp.br\/noticias\/wp-content\/uploads\/2020\/12\/13182558\/50716800097_4d650529e3_c-750x500.jpg 750w, https:\/\/cdn.unasp.br\/noticias\/wp-content\/uploads\/2020\/12\/13182558\/50716800097_4d650529e3_c-720x480.jpg 720w, https:\/\/cdn.unasp.br\/noticias\/wp-content\/uploads\/2020\/12\/13182558\/50716800097_4d650529e3_c-420x280.jpg 420w, https:\/\/cdn.unasp.br\/noticias\/wp-content\/uploads\/2020\/12\/13182558\/50716800097_4d650529e3_c-500x334.jpg 500w, https:\/\/cdn.unasp.br\/noticias\/wp-content\/uploads\/2020\/12\/13182558\/50716800097_4d650529e3_c-400x267.jpg 400w, https:\/\/cdn.unasp.br\/noticias\/wp-content\/uploads\/2020\/12\/13182558\/50716800097_4d650529e3_c-375x250.jpg 375w, https:\/\/cdn.unasp.br\/noticias\/wp-content\/uploads\/2020\/12\/13182558\/50716800097_4d650529e3_c-225x150.jpg 225w, https:\/\/cdn.unasp.br\/noticias\/wp-content\/uploads\/2020\/12\/13182558\/50716800097_4d650529e3_c-175x117.jpg 175w, https:\/\/cdn.unasp.br\/noticias\/wp-content\/uploads\/2020\/12\/13182558\/50716800097_4d650529e3_c-200x133.jpg 200w\" sizes=\"(max-width: 799px) 100vw, 799px\" \/><\/figure><\/li><li class=\"blocks-gallery-item\"><figure><img loading=\"lazy\" decoding=\"async\" width=\"799\" height=\"533\" src=\"https:\/\/www.unasp.br\/noticias\/wp-content\/uploads\/2020\/12\/50716702006_296fc47dac_c.jpg\" alt=\"\" data-id=\"92007\" data-full-url=\"https:\/\/www.unasp.br\/noticias\/wp-content\/uploads\/2020\/12\/50716702006_296fc47dac_c.jpg\" data-link=\"https:\/\/www.unasp.br\/noticias\/?attachment_id=92007\" class=\"wp-image-92007\" srcset=\"https:\/\/cdn.unasp.br\/noticias\/wp-content\/uploads\/2020\/12\/13182512\/50716702006_296fc47dac_c.jpg 799w, https:\/\/cdn.unasp.br\/noticias\/wp-content\/uploads\/2020\/12\/13182512\/50716702006_296fc47dac_c-300x200.jpg 300w, https:\/\/cdn.unasp.br\/noticias\/wp-content\/uploads\/2020\/12\/13182512\/50716702006_296fc47dac_c-768x512.jpg 768w, https:\/\/cdn.unasp.br\/noticias\/wp-content\/uploads\/2020\/12\/13182512\/50716702006_296fc47dac_c-750x500.jpg 750w, https:\/\/cdn.unasp.br\/noticias\/wp-content\/uploads\/2020\/12\/13182512\/50716702006_296fc47dac_c-720x480.jpg 720w, https:\/\/cdn.unasp.br\/noticias\/wp-content\/uploads\/2020\/12\/13182512\/50716702006_296fc47dac_c-420x280.jpg 420w, https:\/\/cdn.unasp.br\/noticias\/wp-content\/uploads\/2020\/12\/13182512\/50716702006_296fc47dac_c-500x334.jpg 500w, https:\/\/cdn.unasp.br\/noticias\/wp-content\/uploads\/2020\/12\/13182512\/50716702006_296fc47dac_c-400x267.jpg 400w, https:\/\/cdn.unasp.br\/noticias\/wp-content\/uploads\/2020\/12\/13182512\/50716702006_296fc47dac_c-375x250.jpg 375w, https:\/\/cdn.unasp.br\/noticias\/wp-content\/uploads\/2020\/12\/13182512\/50716702006_296fc47dac_c-225x150.jpg 225w, https:\/\/cdn.unasp.br\/noticias\/wp-content\/uploads\/2020\/12\/13182512\/50716702006_296fc47dac_c-175x117.jpg 175w, https:\/\/cdn.unasp.br\/noticias\/wp-content\/uploads\/2020\/12\/13182512\/50716702006_296fc47dac_c-200x133.jpg 200w\" sizes=\"(max-width: 799px) 100vw, 799px\" \/><\/figure><\/li><\/ul><\/figure>\n","protected":false},"excerpt":{"rendered":"<p>O curso de Direito tem registrado n\u00fameros expressivos de formandos desde que foi iniciado no campus. Apesar [&hellip;]<\/p>\n","protected":false},"author":30,"featured_media":92012,"comment_status":"open","ping_status":"open","sticky":false,"template":"","format":"standard","meta":{"footnotes":""},"categories":[1846],"tags":[],"yoast_head":"<!-- This site is optimized with the Yoast SEO plugin v23.5 - https:\/\/yoast.com\/wordpress\/plugins\/seo\/ -->\n<title>Formatura de Direito registra maior n\u00famero de formandos do UNASP Engenheiro Coelho - UNASP Noticias<\/title>\n<meta name=\"description\" content=\"Mesmo com as atividades remotas, o curso de Direito manteve a m\u00e9dia de alunos matriculados.\" \/>\n<meta name=\"robots\" content=\"index, follow, max-snippet:-1, max-image-preview:large, max-video-preview:-1\" \/>\n<link rel=\"canonical\" href=\"https:\/\/unasp.br\/noticias\/formatura-de-direito-registra-maior-numero-de-formandos-do-unasp-engenheiro-coelho\/\" \/>\n<meta property=\"og:locale\" content=\"pt_BR\" \/>\n<meta property=\"og:type\" content=\"article\" \/>\n<meta property=\"og:title\" content=\"Formatura de Direito registra maior n\u00famero de formandos do UNASP Engenheiro Coelho - UNASP Noticias\" \/>\n<meta property=\"og:description\" content=\"Mesmo com as atividades remotas, o curso de Direito manteve a m\u00e9dia de alunos matriculados.\" \/>\n<meta property=\"og:url\" content=\"https:\/\/unasp.br\/noticias\/formatura-de-direito-registra-maior-numero-de-formandos-do-unasp-engenheiro-coelho\/\" \/>\n<meta property=\"og:site_name\" content=\"UNASP Noticias\" \/>\n<meta property=\"article:published_time\" content=\"2020-12-14T00:27:42+00:00\" \/>\n<meta property=\"article:modified_time\" content=\"2020-12-14T00:27:45+00:00\" \/>\n<meta property=\"og:image\" content=\"https:\/\/cdn.unasp.br\/noticias\/wp-content\/uploads\/2020\/12\/13182643\/50716702006_296fc47dac_w.jpg\" \/>\n\t<meta property=\"og:image:width\" content=\"400\" \/>\n\t<meta property=\"og:image:height\" content=\"267\" \/>\n\t<meta property=\"og:image:type\" content=\"image\/jpeg\" \/>\n<meta name=\"author\" content=\"Aira Almeida\" \/>\n<meta name=\"twitter:card\" content=\"summary_large_image\" \/>\n<meta name=\"twitter:label1\" content=\"Escrito por\" \/>\n\t<meta name=\"twitter:data1\" content=\"Aira Almeida\" \/>\n\t<meta name=\"twitter:label2\" content=\"Est. tempo de leitura\" \/>\n\t<meta name=\"twitter:data2\" content=\"2 minutos\" \/>\n<script type=\"application\/ld+json\" class=\"yoast-schema-graph\">{\"@context\":\"https:\/\/schema.org\",\"@graph\":[{\"@type\":\"Article\",\"@id\":\"https:\/\/unasp.br\/noticias\/formatura-de-direito-registra-maior-numero-de-formandos-do-unasp-engenheiro-coelho\/#article\",\"isPartOf\":{\"@id\":\"https:\/\/unasp.br\/noticias\/formatura-de-direito-registra-maior-numero-de-formandos-do-unasp-engenheiro-coelho\/\"},\"author\":{\"name\":\"Aira Almeida\",\"@id\":\"https:\/\/unasp.br\/noticias\/#\/schema\/person\/80f09a3ec674501e6bb13144ffa2489f\"},\"headline\":\"Formatura de Direito registra maior n\u00famero de formandos do UNASP Engenheiro Coelho\",\"datePublished\":\"2020-12-14T00:27:42+00:00\",\"dateModified\":\"2020-12-14T00:27:45+00:00\",\"mainEntityOfPage\":{\"@id\":\"https:\/\/unasp.br\/noticias\/formatura-de-direito-registra-maior-numero-de-formandos-do-unasp-engenheiro-coelho\/\"},\"wordCount\":442,\"commentCount\":0,\"publisher\":{\"@id\":\"https:\/\/unasp.br\/noticias\/#organization\"},\"image\":{\"@id\":\"https:\/\/unasp.br\/noticias\/formatura-de-direito-registra-maior-numero-de-formandos-do-unasp-engenheiro-coelho\/#primaryimage\"},\"thumbnailUrl\":\"https:\/\/cdn.unasp.br\/noticias\/wp-content\/uploads\/2020\/12\/13182643\/50716702006_296fc47dac_w.jpg\",\"articleSection\":[\"Formaturas\"],\"inLanguage\":\"pt-BR\",\"potentialAction\":[{\"@type\":\"CommentAction\",\"name\":\"Comment\",\"target\":[\"https:\/\/unasp.br\/noticias\/formatura-de-direito-registra-maior-numero-de-formandos-do-unasp-engenheiro-coelho\/#respond\"]}]},{\"@type\":\"WebPage\",\"@id\":\"https:\/\/unasp.br\/noticias\/formatura-de-direito-registra-maior-numero-de-formandos-do-unasp-engenheiro-coelho\/\",\"url\":\"https:\/\/unasp.br\/noticias\/formatura-de-direito-registra-maior-numero-de-formandos-do-unasp-engenheiro-coelho\/\",\"name\":\"Formatura de Direito registra maior n\u00famero de formandos do UNASP Engenheiro Coelho - UNASP Noticias\",\"isPartOf\":{\"@id\":\"https:\/\/unasp.br\/noticias\/#website\"},\"primaryImageOfPage\":{\"@id\":\"https:\/\/unasp.br\/noticias\/formatura-de-direito-registra-maior-numero-de-formandos-do-unasp-engenheiro-coelho\/#primaryimage\"},\"image\":{\"@id\":\"https:\/\/unasp.br\/noticias\/formatura-de-direito-registra-maior-numero-de-formandos-do-unasp-engenheiro-coelho\/#primaryimage\"},\"thumbnailUrl\":\"https:\/\/cdn.unasp.br\/noticias\/wp-content\/uploads\/2020\/12\/13182643\/50716702006_296fc47dac_w.jpg\",\"datePublished\":\"2020-12-14T00:27:42+00:00\",\"dateModified\":\"2020-12-14T00:27:45+00:00\",\"description\":\"Mesmo com as atividades remotas, o curso de Direito manteve a m\u00e9dia de alunos matriculados.\",\"breadcrumb\":{\"@id\":\"https:\/\/unasp.br\/noticias\/formatura-de-direito-registra-maior-numero-de-formandos-do-unasp-engenheiro-coelho\/#breadcrumb\"},\"inLanguage\":\"pt-BR\",\"potentialAction\":[{\"@type\":\"ReadAction\",\"target\":[\"https:\/\/unasp.br\/noticias\/formatura-de-direito-registra-maior-numero-de-formandos-do-unasp-engenheiro-coelho\/\"]}]},{\"@type\":\"ImageObject\",\"inLanguage\":\"pt-BR\",\"@id\":\"https:\/\/unasp.br\/noticias\/formatura-de-direito-registra-maior-numero-de-formandos-do-unasp-engenheiro-coelho\/#primaryimage\",\"url\":\"https:\/\/cdn.unasp.br\/noticias\/wp-content\/uploads\/2020\/12\/13182643\/50716702006_296fc47dac_w.jpg\",\"contentUrl\":\"https:\/\/cdn.unasp.br\/noticias\/wp-content\/uploads\/2020\/12\/13182643\/50716702006_296fc47dac_w.jpg\",\"width\":400,\"height\":267},{\"@type\":\"BreadcrumbList\",\"@id\":\"https:\/\/unasp.br\/noticias\/formatura-de-direito-registra-maior-numero-de-formandos-do-unasp-engenheiro-coelho\/#breadcrumb\",\"itemListElement\":[{\"@type\":\"ListItem\",\"position\":1,\"name\":\"In\u00edcio\",\"item\":\"https:\/\/unasp.br\/noticias\/\"},{\"@type\":\"ListItem\",\"position\":2,\"name\":\"Formatura de Direito registra maior n\u00famero de formandos do UNASP Engenheiro Coelho\"}]},{\"@type\":\"WebSite\",\"@id\":\"https:\/\/unasp.br\/noticias\/#website\",\"url\":\"https:\/\/unasp.br\/noticias\/\",\"name\":\"UNASP Noticias\",\"description\":\"Centro Universit\u00e1rio Adventista de S\u00e3o Paulo\",\"publisher\":{\"@id\":\"https:\/\/unasp.br\/noticias\/#organization\"},\"potentialAction\":[{\"@type\":\"SearchAction\",\"target\":{\"@type\":\"EntryPoint\",\"urlTemplate\":\"https:\/\/unasp.br\/noticias\/?s={search_term_string}\"},\"query-input\":{\"@type\":\"PropertyValueSpecification\",\"valueRequired\":true,\"valueName\":\"search_term_string\"}}],\"inLanguage\":\"pt-BR\"},{\"@type\":\"Organization\",\"@id\":\"https:\/\/unasp.br\/noticias\/#organization\",\"name\":\"UNASP Noticias\",\"url\":\"https:\/\/unasp.br\/noticias\/\",\"logo\":{\"@type\":\"ImageObject\",\"inLanguage\":\"pt-BR\",\"@id\":\"https:\/\/unasp.br\/noticias\/#\/schema\/logo\/image\/\",\"url\":\"https:\/\/cdn.unasp.br\/noticias\/wp-content\/uploads\/2021\/09\/09152724\/logo-unasp-news.png\",\"contentUrl\":\"https:\/\/cdn.unasp.br\/noticias\/wp-content\/uploads\/2021\/09\/09152724\/logo-unasp-news.png\",\"width\":240,\"height\":41,\"caption\":\"UNASP Noticias\"},\"image\":{\"@id\":\"https:\/\/unasp.br\/noticias\/#\/schema\/logo\/image\/\"}},{\"@type\":\"Person\",\"@id\":\"https:\/\/unasp.br\/noticias\/#\/schema\/person\/80f09a3ec674501e6bb13144ffa2489f\",\"name\":\"Aira Almeida\",\"image\":{\"@type\":\"ImageObject\",\"inLanguage\":\"pt-BR\",\"@id\":\"https:\/\/unasp.br\/noticias\/#\/schema\/person\/image\/\",\"url\":\"https:\/\/secure.gravatar.com\/avatar\/e30ea867fdd5a41ec6a0cb350dcd108e?s=96&d=mm&r=g\",\"contentUrl\":\"https:\/\/secure.gravatar.com\/avatar\/e30ea867fdd5a41ec6a0cb350dcd108e?s=96&d=mm&r=g\",\"caption\":\"Aira Almeida\"},\"url\":\"https:\/\/unasp.br\/noticias\/author\/aira-almeidaedu-unasp-br\/\"}]}<\/script>\n<!-- \/ Yoast SEO plugin. -->","yoast_head_json":{"title":"Formatura de Direito registra maior n\u00famero de formandos do UNASP Engenheiro Coelho - UNASP Noticias","description":"Mesmo com as atividades remotas, o curso de Direito manteve a m\u00e9dia de alunos matriculados.","robots":{"index":"index","follow":"follow","max-snippet":"max-snippet:-1","max-image-preview":"max-image-preview:large","max-video-preview":"max-video-preview:-1"},"canonical":"https:\/\/unasp.br\/noticias\/formatura-de-direito-registra-maior-numero-de-formandos-do-unasp-engenheiro-coelho\/","og_locale":"pt_BR","og_type":"article","og_title":"Formatura de Direito registra maior n\u00famero de formandos do UNASP Engenheiro Coelho - UNASP Noticias","og_description":"Mesmo com as atividades remotas, o curso de Direito manteve a m\u00e9dia de alunos matriculados.","og_url":"https:\/\/unasp.br\/noticias\/formatura-de-direito-registra-maior-numero-de-formandos-do-unasp-engenheiro-coelho\/","og_site_name":"UNASP Noticias","article_published_time":"2020-12-14T00:27:42+00:00","article_modified_time":"2020-12-14T00:27:45+00:00","og_image":[{"width":400,"height":267,"url":"https:\/\/cdn.unasp.br\/noticias\/wp-content\/uploads\/2020\/12\/13182643\/50716702006_296fc47dac_w.jpg","type":"image\/jpeg"}],"author":"Aira Almeida","twitter_card":"summary_large_image","twitter_misc":{"Escrito por":"Aira Almeida","Est. tempo de leitura":"2 minutos"},"schema":{"@context":"https:\/\/schema.org","@graph":[{"@type":"Article","@id":"https:\/\/unasp.br\/noticias\/formatura-de-direito-registra-maior-numero-de-formandos-do-unasp-engenheiro-coelho\/#article","isPartOf":{"@id":"https:\/\/unasp.br\/noticias\/formatura-de-direito-registra-maior-numero-de-formandos-do-unasp-engenheiro-coelho\/"},"author":{"name":"Aira Almeida","@id":"https:\/\/unasp.br\/noticias\/#\/schema\/person\/80f09a3ec674501e6bb13144ffa2489f"},"headline":"Formatura de Direito registra maior n\u00famero de formandos do UNASP Engenheiro Coelho","datePublished":"2020-12-14T00:27:42+00:00","dateModified":"2020-12-14T00:27:45+00:00","mainEntityOfPage":{"@id":"https:\/\/unasp.br\/noticias\/formatura-de-direito-registra-maior-numero-de-formandos-do-unasp-engenheiro-coelho\/"},"wordCount":442,"commentCount":0,"publisher":{"@id":"https:\/\/unasp.br\/noticias\/#organization"},"image":{"@id":"https:\/\/unasp.br\/noticias\/formatura-de-direito-registra-maior-numero-de-formandos-do-unasp-engenheiro-coelho\/#primaryimage"},"thumbnailUrl":"https:\/\/cdn.unasp.br\/noticias\/wp-content\/uploads\/2020\/12\/13182643\/50716702006_296fc47dac_w.jpg","articleSection":["Formaturas"],"inLanguage":"pt-BR","potentialAction":[{"@type":"CommentAction","name":"Comment","target":["https:\/\/unasp.br\/noticias\/formatura-de-direito-registra-maior-numero-de-formandos-do-unasp-engenheiro-coelho\/#respond"]}]},{"@type":"WebPage","@id":"https:\/\/unasp.br\/noticias\/formatura-de-direito-registra-maior-numero-de-formandos-do-unasp-engenheiro-coelho\/","url":"https:\/\/unasp.br\/noticias\/formatura-de-direito-registra-maior-numero-de-formandos-do-unasp-engenheiro-coelho\/","name":"Formatura de Direito registra maior n\u00famero de formandos do UNASP Engenheiro Coelho - UNASP Noticias","isPartOf":{"@id":"https:\/\/unasp.br\/noticias\/#website"},"primaryImageOfPage":{"@id":"https:\/\/unasp.br\/noticias\/formatura-de-direito-registra-maior-numero-de-formandos-do-unasp-engenheiro-coelho\/#primaryimage"},"image":{"@id":"https:\/\/unasp.br\/noticias\/formatura-de-direito-registra-maior-numero-de-formandos-do-unasp-engenheiro-coelho\/#primaryimage"},"thumbnailUrl":"https:\/\/cdn.unasp.br\/noticias\/wp-content\/uploads\/2020\/12\/13182643\/50716702006_296fc47dac_w.jpg","datePublished":"2020-12-14T00:27:42+00:00","dateModified":"2020-12-14T00:27:45+00:00","description":"Mesmo com as atividades remotas, o curso de Direito manteve a m\u00e9dia de alunos matriculados.","breadcrumb":{"@id":"https:\/\/unasp.br\/noticias\/formatura-de-direito-registra-maior-numero-de-formandos-do-unasp-engenheiro-coelho\/#breadcrumb"},"inLanguage":"pt-BR","potentialAction":[{"@type":"ReadAction","target":["https:\/\/unasp.br\/noticias\/formatura-de-direito-registra-maior-numero-de-formandos-do-unasp-engenheiro-coelho\/"]}]},{"@type":"ImageObject","inLanguage":"pt-BR","@id":"https:\/\/unasp.br\/noticias\/formatura-de-direito-registra-maior-numero-de-formandos-do-unasp-engenheiro-coelho\/#primaryimage","url":"https:\/\/cdn.unasp.br\/noticias\/wp-content\/uploads\/2020\/12\/13182643\/50716702006_296fc47dac_w.jpg","contentUrl":"https:\/\/cdn.unasp.br\/noticias\/wp-content\/uploads\/2020\/12\/13182643\/50716702006_296fc47dac_w.jpg","width":400,"height":267},{"@type":"BreadcrumbList","@id":"https:\/\/unasp.br\/noticias\/formatura-de-direito-registra-maior-numero-de-formandos-do-unasp-engenheiro-coelho\/#breadcrumb","itemListElement":[{"@type":"ListItem","position":1,"name":"In\u00edcio","item":"https:\/\/unasp.br\/noticias\/"},{"@type":"ListItem","position":2,"name":"Formatura de Direito registra maior n\u00famero de formandos do UNASP Engenheiro Coelho"}]},{"@type":"WebSite","@id":"https:\/\/unasp.br\/noticias\/#website","url":"https:\/\/unasp.br\/noticias\/","name":"UNASP Noticias","description":"Centro Universit\u00e1rio Adventista de S\u00e3o Paulo","publisher":{"@id":"https:\/\/unasp.br\/noticias\/#organization"},"potentialAction":[{"@type":"SearchAction","target":{"@type":"EntryPoint","urlTemplate":"https:\/\/unasp.br\/noticias\/?s={search_term_string}"},"query-input":{"@type":"PropertyValueSpecification","valueRequired":true,"valueName":"search_term_string"}}],"inLanguage":"pt-BR"},{"@type":"Organization","@id":"https:\/\/unasp.br\/noticias\/#organization","name":"UNASP Noticias","url":"https:\/\/unasp.br\/noticias\/","logo":{"@type":"ImageObject","inLanguage":"pt-BR","@id":"https:\/\/unasp.br\/noticias\/#\/schema\/logo\/image\/","url":"https:\/\/cdn.unasp.br\/noticias\/wp-content\/uploads\/2021\/09\/09152724\/logo-unasp-news.png","contentUrl":"https:\/\/cdn.unasp.br\/noticias\/wp-content\/uploads\/2021\/09\/09152724\/logo-unasp-news.png","width":240,"height":41,"caption":"UNASP Noticias"},"image":{"@id":"https:\/\/unasp.br\/noticias\/#\/schema\/logo\/image\/"}},{"@type":"Person","@id":"https:\/\/unasp.br\/noticias\/#\/schema\/person\/80f09a3ec674501e6bb13144ffa2489f","name":"Aira Almeida","image":{"@type":"ImageObject","inLanguage":"pt-BR","@id":"https:\/\/unasp.br\/noticias\/#\/schema\/person\/image\/","url":"https:\/\/secure.gravatar.com\/avatar\/e30ea867fdd5a41ec6a0cb350dcd108e?s=96&d=mm&r=g","contentUrl":"https:\/\/secure.gravatar.com\/avatar\/e30ea867fdd5a41ec6a0cb350dcd108e?s=96&d=mm&r=g","caption":"Aira Almeida"},"url":"https:\/\/unasp.br\/noticias\/author\/aira-almeidaedu-unasp-br\/"}]}},"_links":{"self":[{"href":"https:\/\/unasp.br\/noticias\/wp-json\/wp\/v2\/posts\/92005"}],"collection":[{"href":"https:\/\/unasp.br\/noticias\/wp-json\/wp\/v2\/posts"}],"about":[{"href":"https:\/\/unasp.br\/noticias\/wp-json\/wp\/v2\/types\/post"}],"author":[{"embeddable":true,"href":"https:\/\/unasp.br\/noticias\/wp-json\/wp\/v2\/users\/30"}],"replies":[{"embeddable":true,"href":"https:\/\/unasp.br\/noticias\/wp-json\/wp\/v2\/comments?post=92005"}],"version-history":[{"count":2,"href":"https:\/\/unasp.br\/noticias\/wp-json\/wp\/v2\/posts\/92005\/revisions"}],"predecessor-version":[{"id":92013,"href":"https:\/\/unasp.br\/noticias\/wp-json\/wp\/v2\/posts\/92005\/revisions\/92013"}],"wp:featuredmedia":[{"embeddable":true,"href":"https:\/\/unasp.br\/noticias\/wp-json\/wp\/v2\/media\/92012"}],"wp:attachment":[{"href":"https:\/\/unasp.br\/noticias\/wp-json\/wp\/v2\/media?parent=92005"}],"wp:term":[{"taxonomy":"category","embeddable":true,"href":"https:\/\/unasp.br\/noticias\/wp-json\/wp\/v2\/categories?post=92005"},{"taxonomy":"post_tag","embeddable":true,"href":"https:\/\/unasp.br\/noticias\/wp-json\/wp\/v2\/tags?post=92005"}],"curies":[{"name":"wp","href":"https:\/\/api.w.org\/{rel}","templated":true}]}}