{"id":92027,"date":"2020-12-13T22:08:57","date_gmt":"2020-12-14T01:08:57","guid":{"rendered":"https:\/\/www.unasp.br\/noticias\/?p=92027"},"modified":"2020-12-13T22:08:59","modified_gmt":"2020-12-14T01:08:59","slug":"professor-paraninfo-milton-torres-formar-se-significa-que-a-historia-de-sua-vida-esta-adquirindo-uma-forma","status":"publish","type":"post","link":"https:\/\/unasp.br\/noticias\/professor-paraninfo-milton-torres-formar-se-significa-que-a-historia-de-sua-vida-esta-adquirindo-uma-forma\/","title":{"rendered":"Professor paraninfo, Milton Torres: \u201cFormar-se significa que a hist\u00f3ria de sua vida est\u00e1 adquirindo uma forma&#8230;\u201d"},"content":{"rendered":"\n<div class=\"wp-block-image\"><figure class=\"alignleft size-large is-resized\"><img loading=\"lazy\" decoding=\"async\" src=\"https:\/\/www.unasp.br\/noticias\/wp-content\/uploads\/2020\/12\/MG_3042-1024x683.jpg\" alt=\"\" class=\"wp-image-92028\" width=\"401\" height=\"267\" srcset=\"https:\/\/cdn.unasp.br\/noticias\/wp-content\/uploads\/2020\/12\/13190100\/MG_3042-1024x683.jpg 1024w, https:\/\/cdn.unasp.br\/noticias\/wp-content\/uploads\/2020\/12\/13190100\/MG_3042-300x200.jpg 300w, https:\/\/cdn.unasp.br\/noticias\/wp-content\/uploads\/2020\/12\/13190100\/MG_3042-768x512.jpg 768w, https:\/\/cdn.unasp.br\/noticias\/wp-content\/uploads\/2020\/12\/13190100\/MG_3042-1536x1024.jpg 1536w, https:\/\/cdn.unasp.br\/noticias\/wp-content\/uploads\/2020\/12\/13190100\/MG_3042-900x600.jpg 900w, https:\/\/cdn.unasp.br\/noticias\/wp-content\/uploads\/2020\/12\/13190100\/MG_3042-1200x800.jpg 1200w, https:\/\/cdn.unasp.br\/noticias\/wp-content\/uploads\/2020\/12\/13190100\/MG_3042-1080x720.jpg 1080w, https:\/\/cdn.unasp.br\/noticias\/wp-content\/uploads\/2020\/12\/13190100\/MG_3042-800x533.jpg 800w, https:\/\/cdn.unasp.br\/noticias\/wp-content\/uploads\/2020\/12\/13190100\/MG_3042-750x500.jpg 750w, https:\/\/cdn.unasp.br\/noticias\/wp-content\/uploads\/2020\/12\/13190100\/MG_3042-720x480.jpg 720w, https:\/\/cdn.unasp.br\/noticias\/wp-content\/uploads\/2020\/12\/13190100\/MG_3042-420x280.jpg 420w, https:\/\/cdn.unasp.br\/noticias\/wp-content\/uploads\/2020\/12\/13190100\/MG_3042-500x333.jpg 500w, https:\/\/cdn.unasp.br\/noticias\/wp-content\/uploads\/2020\/12\/13190100\/MG_3042-400x267.jpg 400w, https:\/\/cdn.unasp.br\/noticias\/wp-content\/uploads\/2020\/12\/13190100\/MG_3042-375x250.jpg 375w, https:\/\/cdn.unasp.br\/noticias\/wp-content\/uploads\/2020\/12\/13190100\/MG_3042-225x150.jpg 225w, https:\/\/cdn.unasp.br\/noticias\/wp-content\/uploads\/2020\/12\/13190100\/MG_3042-175x117.jpg 175w, https:\/\/cdn.unasp.br\/noticias\/wp-content\/uploads\/2020\/12\/13190100\/MG_3042-200x133.jpg 200w, https:\/\/cdn.unasp.br\/noticias\/wp-content\/uploads\/2020\/12\/13190100\/MG_3042.jpg 2048w\" sizes=\"(max-width: 401px) 100vw, 401px\" \/><\/figure><\/div>\n\n\n\n<p>As faculdades de Letras e Tradutor e Int\u00e9rprete do UNASP, realizaram a t\u00e3o a guardada formatura presencial para seus formandos de 2020, na noite deste domingo (13), no Audit\u00f3rio Central do campus. O professor paraninfo, Milton Torres, definiu a formatura da seguinte maneira, em seu discurso aos alunos: \u201cFormar-se significa que a hist\u00f3ria de sua vida est\u00e1 adquirindo uma forma&#8230; Uma forma de narrativa de sucesso. Ela \u00e9 um enredo completo, do qual voc\u00eas se tornam protagonistas\u201d.\u00a0 <\/p>\n\n\n\n<p>Apesar da reuni\u00e3o f\u00edsica, as normas de distanciamento social e a obrigatoriedade do uso de m\u00e1scara mararam a cerim\u00f4nia de Cola\u00e7\u00e3o de Grau, que foi acompanhada de um culto de a\u00e7\u00e3o de gra\u00e7as. <\/p>\n\n\n\n<p>A aluna Talita Paim, do curso de Tradutor e Int\u00e9rprete, conta da alegria de ter participado da formatura presencialmente. \u201cEu achei que n\u00e3o seria poss\u00edvel ter a formatura presencial, mas foi realmente um momento muito emocionante, pude estar ao lado dos meus amigos e da minha fam\u00edlia\u201d, disse.\u00a0 <\/p>\n\n\n\n<div class=\"wp-block-image\"><figure class=\"aligncenter size-large is-resized\"><img loading=\"lazy\" decoding=\"async\" src=\"https:\/\/www.unasp.br\/noticias\/wp-content\/uploads\/2020\/12\/a167f1fc-f47c-49cb-b17b-d8055e5383d3-1024x682.jpg\" alt=\"\" class=\"wp-image-92029\" width=\"667\" height=\"444\" srcset=\"https:\/\/cdn.unasp.br\/noticias\/wp-content\/uploads\/2020\/12\/13190820\/a167f1fc-f47c-49cb-b17b-d8055e5383d3-1024x682.jpg 1024w, https:\/\/cdn.unasp.br\/noticias\/wp-content\/uploads\/2020\/12\/13190820\/a167f1fc-f47c-49cb-b17b-d8055e5383d3-300x200.jpg 300w, https:\/\/cdn.unasp.br\/noticias\/wp-content\/uploads\/2020\/12\/13190820\/a167f1fc-f47c-49cb-b17b-d8055e5383d3-768x512.jpg 768w, https:\/\/cdn.unasp.br\/noticias\/wp-content\/uploads\/2020\/12\/13190820\/a167f1fc-f47c-49cb-b17b-d8055e5383d3-900x600.jpg 900w, https:\/\/cdn.unasp.br\/noticias\/wp-content\/uploads\/2020\/12\/13190820\/a167f1fc-f47c-49cb-b17b-d8055e5383d3-1200x800.jpg 1200w, https:\/\/cdn.unasp.br\/noticias\/wp-content\/uploads\/2020\/12\/13190820\/a167f1fc-f47c-49cb-b17b-d8055e5383d3-1080x720.jpg 1080w, https:\/\/cdn.unasp.br\/noticias\/wp-content\/uploads\/2020\/12\/13190820\/a167f1fc-f47c-49cb-b17b-d8055e5383d3-800x533.jpg 800w, https:\/\/cdn.unasp.br\/noticias\/wp-content\/uploads\/2020\/12\/13190820\/a167f1fc-f47c-49cb-b17b-d8055e5383d3-750x500.jpg 750w, https:\/\/cdn.unasp.br\/noticias\/wp-content\/uploads\/2020\/12\/13190820\/a167f1fc-f47c-49cb-b17b-d8055e5383d3-720x480.jpg 720w, https:\/\/cdn.unasp.br\/noticias\/wp-content\/uploads\/2020\/12\/13190820\/a167f1fc-f47c-49cb-b17b-d8055e5383d3-420x280.jpg 420w, https:\/\/cdn.unasp.br\/noticias\/wp-content\/uploads\/2020\/12\/13190820\/a167f1fc-f47c-49cb-b17b-d8055e5383d3-500x333.jpg 500w, https:\/\/cdn.unasp.br\/noticias\/wp-content\/uploads\/2020\/12\/13190820\/a167f1fc-f47c-49cb-b17b-d8055e5383d3-400x267.jpg 400w, https:\/\/cdn.unasp.br\/noticias\/wp-content\/uploads\/2020\/12\/13190820\/a167f1fc-f47c-49cb-b17b-d8055e5383d3-375x250.jpg 375w, https:\/\/cdn.unasp.br\/noticias\/wp-content\/uploads\/2020\/12\/13190820\/a167f1fc-f47c-49cb-b17b-d8055e5383d3-225x150.jpg 225w, https:\/\/cdn.unasp.br\/noticias\/wp-content\/uploads\/2020\/12\/13190820\/a167f1fc-f47c-49cb-b17b-d8055e5383d3-175x117.jpg 175w, https:\/\/cdn.unasp.br\/noticias\/wp-content\/uploads\/2020\/12\/13190820\/a167f1fc-f47c-49cb-b17b-d8055e5383d3-200x133.jpg 200w, https:\/\/cdn.unasp.br\/noticias\/wp-content\/uploads\/2020\/12\/13190820\/a167f1fc-f47c-49cb-b17b-d8055e5383d3.jpg 1280w\" sizes=\"(max-width: 667px) 100vw, 667px\" \/><\/figure><\/div>\n\n\n\n<p><\/p>\n","protected":false},"excerpt":{"rendered":"<p>As faculdades de Letras e Tradutor e Int\u00e9rprete do UNASP, realizaram a t\u00e3o a guardada formatura presencial [&hellip;]<\/p>\n","protected":false},"author":30,"featured_media":92029,"comment_status":"open","ping_status":"open","sticky":false,"template":"","format":"standard","meta":{"footnotes":""},"categories":[1846],"tags":[],"yoast_head":"<!-- This site is optimized with the Yoast SEO plugin v23.5 - https:\/\/yoast.com\/wordpress\/plugins\/seo\/ -->\n<title>Professor paraninfo, Milton Torres: \u201cFormar-se significa que a hist\u00f3ria de sua vida est\u00e1 adquirindo uma forma...\u201d - UNASP Noticias<\/title>\n<meta name=\"robots\" content=\"index, follow, max-snippet:-1, max-image-preview:large, max-video-preview:-1\" \/>\n<link rel=\"canonical\" href=\"https:\/\/unasp.br\/noticias\/professor-paraninfo-milton-torres-formar-se-significa-que-a-historia-de-sua-vida-esta-adquirindo-uma-forma\/\" \/>\n<meta property=\"og:locale\" content=\"pt_BR\" \/>\n<meta property=\"og:type\" content=\"article\" \/>\n<meta property=\"og:title\" content=\"Professor paraninfo, Milton Torres: \u201cFormar-se significa que a hist\u00f3ria de sua vida est\u00e1 adquirindo uma forma...\u201d - UNASP Noticias\" \/>\n<meta property=\"og:description\" content=\"As faculdades de Letras e Tradutor e Int\u00e9rprete do UNASP, realizaram a t\u00e3o a guardada formatura presencial [&hellip;]\" \/>\n<meta property=\"og:url\" content=\"https:\/\/unasp.br\/noticias\/professor-paraninfo-milton-torres-formar-se-significa-que-a-historia-de-sua-vida-esta-adquirindo-uma-forma\/\" \/>\n<meta property=\"og:site_name\" content=\"UNASP Noticias\" \/>\n<meta property=\"article:published_time\" content=\"2020-12-14T01:08:57+00:00\" \/>\n<meta property=\"article:modified_time\" content=\"2020-12-14T01:08:59+00:00\" \/>\n<meta property=\"og:image\" content=\"https:\/\/cdn.unasp.br\/noticias\/wp-content\/uploads\/2020\/12\/13190820\/a167f1fc-f47c-49cb-b17b-d8055e5383d3.jpg\" \/>\n\t<meta property=\"og:image:width\" content=\"1280\" \/>\n\t<meta property=\"og:image:height\" content=\"853\" \/>\n\t<meta property=\"og:image:type\" content=\"image\/jpeg\" \/>\n<meta name=\"author\" content=\"Aira Almeida\" \/>\n<meta name=\"twitter:card\" content=\"summary_large_image\" \/>\n<meta name=\"twitter:label1\" content=\"Escrito por\" \/>\n\t<meta name=\"twitter:data1\" content=\"Aira Almeida\" \/>\n\t<meta name=\"twitter:label2\" content=\"Est. tempo de leitura\" \/>\n\t<meta name=\"twitter:data2\" content=\"1 minuto\" \/>\n<script type=\"application\/ld+json\" class=\"yoast-schema-graph\">{\"@context\":\"https:\/\/schema.org\",\"@graph\":[{\"@type\":\"Article\",\"@id\":\"https:\/\/unasp.br\/noticias\/professor-paraninfo-milton-torres-formar-se-significa-que-a-historia-de-sua-vida-esta-adquirindo-uma-forma\/#article\",\"isPartOf\":{\"@id\":\"https:\/\/unasp.br\/noticias\/professor-paraninfo-milton-torres-formar-se-significa-que-a-historia-de-sua-vida-esta-adquirindo-uma-forma\/\"},\"author\":{\"name\":\"Aira Almeida\",\"@id\":\"https:\/\/unasp.br\/noticias\/#\/schema\/person\/80f09a3ec674501e6bb13144ffa2489f\"},\"headline\":\"Professor paraninfo, Milton Torres: \u201cFormar-se significa que a hist\u00f3ria de sua vida est\u00e1 adquirindo uma forma&#8230;\u201d\",\"datePublished\":\"2020-12-14T01:08:57+00:00\",\"dateModified\":\"2020-12-14T01:08:59+00:00\",\"mainEntityOfPage\":{\"@id\":\"https:\/\/unasp.br\/noticias\/professor-paraninfo-milton-torres-formar-se-significa-que-a-historia-de-sua-vida-esta-adquirindo-uma-forma\/\"},\"wordCount\":188,\"commentCount\":0,\"publisher\":{\"@id\":\"https:\/\/unasp.br\/noticias\/#organization\"},\"image\":{\"@id\":\"https:\/\/unasp.br\/noticias\/professor-paraninfo-milton-torres-formar-se-significa-que-a-historia-de-sua-vida-esta-adquirindo-uma-forma\/#primaryimage\"},\"thumbnailUrl\":\"https:\/\/cdn.unasp.br\/noticias\/wp-content\/uploads\/2020\/12\/13190820\/a167f1fc-f47c-49cb-b17b-d8055e5383d3.jpg\",\"articleSection\":[\"Formaturas\"],\"inLanguage\":\"pt-BR\",\"potentialAction\":[{\"@type\":\"CommentAction\",\"name\":\"Comment\",\"target\":[\"https:\/\/unasp.br\/noticias\/professor-paraninfo-milton-torres-formar-se-significa-que-a-historia-de-sua-vida-esta-adquirindo-uma-forma\/#respond\"]}]},{\"@type\":\"WebPage\",\"@id\":\"https:\/\/unasp.br\/noticias\/professor-paraninfo-milton-torres-formar-se-significa-que-a-historia-de-sua-vida-esta-adquirindo-uma-forma\/\",\"url\":\"https:\/\/unasp.br\/noticias\/professor-paraninfo-milton-torres-formar-se-significa-que-a-historia-de-sua-vida-esta-adquirindo-uma-forma\/\",\"name\":\"Professor paraninfo, Milton Torres: \u201cFormar-se significa que a hist\u00f3ria de sua vida est\u00e1 adquirindo uma forma...\u201d - UNASP Noticias\",\"isPartOf\":{\"@id\":\"https:\/\/unasp.br\/noticias\/#website\"},\"primaryImageOfPage\":{\"@id\":\"https:\/\/unasp.br\/noticias\/professor-paraninfo-milton-torres-formar-se-significa-que-a-historia-de-sua-vida-esta-adquirindo-uma-forma\/#primaryimage\"},\"image\":{\"@id\":\"https:\/\/unasp.br\/noticias\/professor-paraninfo-milton-torres-formar-se-significa-que-a-historia-de-sua-vida-esta-adquirindo-uma-forma\/#primaryimage\"},\"thumbnailUrl\":\"https:\/\/cdn.unasp.br\/noticias\/wp-content\/uploads\/2020\/12\/13190820\/a167f1fc-f47c-49cb-b17b-d8055e5383d3.jpg\",\"datePublished\":\"2020-12-14T01:08:57+00:00\",\"dateModified\":\"2020-12-14T01:08:59+00:00\",\"breadcrumb\":{\"@id\":\"https:\/\/unasp.br\/noticias\/professor-paraninfo-milton-torres-formar-se-significa-que-a-historia-de-sua-vida-esta-adquirindo-uma-forma\/#breadcrumb\"},\"inLanguage\":\"pt-BR\",\"potentialAction\":[{\"@type\":\"ReadAction\",\"target\":[\"https:\/\/unasp.br\/noticias\/professor-paraninfo-milton-torres-formar-se-significa-que-a-historia-de-sua-vida-esta-adquirindo-uma-forma\/\"]}]},{\"@type\":\"ImageObject\",\"inLanguage\":\"pt-BR\",\"@id\":\"https:\/\/unasp.br\/noticias\/professor-paraninfo-milton-torres-formar-se-significa-que-a-historia-de-sua-vida-esta-adquirindo-uma-forma\/#primaryimage\",\"url\":\"https:\/\/cdn.unasp.br\/noticias\/wp-content\/uploads\/2020\/12\/13190820\/a167f1fc-f47c-49cb-b17b-d8055e5383d3.jpg\",\"contentUrl\":\"https:\/\/cdn.unasp.br\/noticias\/wp-content\/uploads\/2020\/12\/13190820\/a167f1fc-f47c-49cb-b17b-d8055e5383d3.jpg\",\"width\":1280,\"height\":853},{\"@type\":\"BreadcrumbList\",\"@id\":\"https:\/\/unasp.br\/noticias\/professor-paraninfo-milton-torres-formar-se-significa-que-a-historia-de-sua-vida-esta-adquirindo-uma-forma\/#breadcrumb\",\"itemListElement\":[{\"@type\":\"ListItem\",\"position\":1,\"name\":\"In\u00edcio\",\"item\":\"https:\/\/unasp.br\/noticias\/\"},{\"@type\":\"ListItem\",\"position\":2,\"name\":\"Professor paraninfo, Milton Torres: \u201cFormar-se significa que a hist\u00f3ria de sua vida est\u00e1 adquirindo uma forma&#8230;\u201d\"}]},{\"@type\":\"WebSite\",\"@id\":\"https:\/\/unasp.br\/noticias\/#website\",\"url\":\"https:\/\/unasp.br\/noticias\/\",\"name\":\"UNASP Noticias\",\"description\":\"Centro Universit\u00e1rio Adventista de S\u00e3o Paulo\",\"publisher\":{\"@id\":\"https:\/\/unasp.br\/noticias\/#organization\"},\"potentialAction\":[{\"@type\":\"SearchAction\",\"target\":{\"@type\":\"EntryPoint\",\"urlTemplate\":\"https:\/\/unasp.br\/noticias\/?s={search_term_string}\"},\"query-input\":{\"@type\":\"PropertyValueSpecification\",\"valueRequired\":true,\"valueName\":\"search_term_string\"}}],\"inLanguage\":\"pt-BR\"},{\"@type\":\"Organization\",\"@id\":\"https:\/\/unasp.br\/noticias\/#organization\",\"name\":\"UNASP Noticias\",\"url\":\"https:\/\/unasp.br\/noticias\/\",\"logo\":{\"@type\":\"ImageObject\",\"inLanguage\":\"pt-BR\",\"@id\":\"https:\/\/unasp.br\/noticias\/#\/schema\/logo\/image\/\",\"url\":\"https:\/\/cdn.unasp.br\/noticias\/wp-content\/uploads\/2021\/09\/09152724\/logo-unasp-news.png\",\"contentUrl\":\"https:\/\/cdn.unasp.br\/noticias\/wp-content\/uploads\/2021\/09\/09152724\/logo-unasp-news.png\",\"width\":240,\"height\":41,\"caption\":\"UNASP Noticias\"},\"image\":{\"@id\":\"https:\/\/unasp.br\/noticias\/#\/schema\/logo\/image\/\"}},{\"@type\":\"Person\",\"@id\":\"https:\/\/unasp.br\/noticias\/#\/schema\/person\/80f09a3ec674501e6bb13144ffa2489f\",\"name\":\"Aira Almeida\",\"image\":{\"@type\":\"ImageObject\",\"inLanguage\":\"pt-BR\",\"@id\":\"https:\/\/unasp.br\/noticias\/#\/schema\/person\/image\/\",\"url\":\"https:\/\/secure.gravatar.com\/avatar\/e30ea867fdd5a41ec6a0cb350dcd108e?s=96&d=mm&r=g\",\"contentUrl\":\"https:\/\/secure.gravatar.com\/avatar\/e30ea867fdd5a41ec6a0cb350dcd108e?s=96&d=mm&r=g\",\"caption\":\"Aira Almeida\"},\"url\":\"https:\/\/unasp.br\/noticias\/author\/aira-almeidaedu-unasp-br\/\"}]}<\/script>\n<!-- \/ Yoast SEO plugin. -->","yoast_head_json":{"title":"Professor paraninfo, Milton Torres: \u201cFormar-se significa que a hist\u00f3ria de sua vida est\u00e1 adquirindo uma forma...\u201d - UNASP Noticias","robots":{"index":"index","follow":"follow","max-snippet":"max-snippet:-1","max-image-preview":"max-image-preview:large","max-video-preview":"max-video-preview:-1"},"canonical":"https:\/\/unasp.br\/noticias\/professor-paraninfo-milton-torres-formar-se-significa-que-a-historia-de-sua-vida-esta-adquirindo-uma-forma\/","og_locale":"pt_BR","og_type":"article","og_title":"Professor paraninfo, Milton Torres: \u201cFormar-se significa que a hist\u00f3ria de sua vida est\u00e1 adquirindo uma forma...\u201d - UNASP Noticias","og_description":"As faculdades de Letras e Tradutor e Int\u00e9rprete do UNASP, realizaram a t\u00e3o a guardada formatura presencial [&hellip;]","og_url":"https:\/\/unasp.br\/noticias\/professor-paraninfo-milton-torres-formar-se-significa-que-a-historia-de-sua-vida-esta-adquirindo-uma-forma\/","og_site_name":"UNASP Noticias","article_published_time":"2020-12-14T01:08:57+00:00","article_modified_time":"2020-12-14T01:08:59+00:00","og_image":[{"width":1280,"height":853,"url":"https:\/\/cdn.unasp.br\/noticias\/wp-content\/uploads\/2020\/12\/13190820\/a167f1fc-f47c-49cb-b17b-d8055e5383d3.jpg","type":"image\/jpeg"}],"author":"Aira Almeida","twitter_card":"summary_large_image","twitter_misc":{"Escrito por":"Aira Almeida","Est. tempo de leitura":"1 minuto"},"schema":{"@context":"https:\/\/schema.org","@graph":[{"@type":"Article","@id":"https:\/\/unasp.br\/noticias\/professor-paraninfo-milton-torres-formar-se-significa-que-a-historia-de-sua-vida-esta-adquirindo-uma-forma\/#article","isPartOf":{"@id":"https:\/\/unasp.br\/noticias\/professor-paraninfo-milton-torres-formar-se-significa-que-a-historia-de-sua-vida-esta-adquirindo-uma-forma\/"},"author":{"name":"Aira Almeida","@id":"https:\/\/unasp.br\/noticias\/#\/schema\/person\/80f09a3ec674501e6bb13144ffa2489f"},"headline":"Professor paraninfo, Milton Torres: \u201cFormar-se significa que a hist\u00f3ria de sua vida est\u00e1 adquirindo uma forma&#8230;\u201d","datePublished":"2020-12-14T01:08:57+00:00","dateModified":"2020-12-14T01:08:59+00:00","mainEntityOfPage":{"@id":"https:\/\/unasp.br\/noticias\/professor-paraninfo-milton-torres-formar-se-significa-que-a-historia-de-sua-vida-esta-adquirindo-uma-forma\/"},"wordCount":188,"commentCount":0,"publisher":{"@id":"https:\/\/unasp.br\/noticias\/#organization"},"image":{"@id":"https:\/\/unasp.br\/noticias\/professor-paraninfo-milton-torres-formar-se-significa-que-a-historia-de-sua-vida-esta-adquirindo-uma-forma\/#primaryimage"},"thumbnailUrl":"https:\/\/cdn.unasp.br\/noticias\/wp-content\/uploads\/2020\/12\/13190820\/a167f1fc-f47c-49cb-b17b-d8055e5383d3.jpg","articleSection":["Formaturas"],"inLanguage":"pt-BR","potentialAction":[{"@type":"CommentAction","name":"Comment","target":["https:\/\/unasp.br\/noticias\/professor-paraninfo-milton-torres-formar-se-significa-que-a-historia-de-sua-vida-esta-adquirindo-uma-forma\/#respond"]}]},{"@type":"WebPage","@id":"https:\/\/unasp.br\/noticias\/professor-paraninfo-milton-torres-formar-se-significa-que-a-historia-de-sua-vida-esta-adquirindo-uma-forma\/","url":"https:\/\/unasp.br\/noticias\/professor-paraninfo-milton-torres-formar-se-significa-que-a-historia-de-sua-vida-esta-adquirindo-uma-forma\/","name":"Professor paraninfo, Milton Torres: \u201cFormar-se significa que a hist\u00f3ria de sua vida est\u00e1 adquirindo uma forma...\u201d - UNASP Noticias","isPartOf":{"@id":"https:\/\/unasp.br\/noticias\/#website"},"primaryImageOfPage":{"@id":"https:\/\/unasp.br\/noticias\/professor-paraninfo-milton-torres-formar-se-significa-que-a-historia-de-sua-vida-esta-adquirindo-uma-forma\/#primaryimage"},"image":{"@id":"https:\/\/unasp.br\/noticias\/professor-paraninfo-milton-torres-formar-se-significa-que-a-historia-de-sua-vida-esta-adquirindo-uma-forma\/#primaryimage"},"thumbnailUrl":"https:\/\/cdn.unasp.br\/noticias\/wp-content\/uploads\/2020\/12\/13190820\/a167f1fc-f47c-49cb-b17b-d8055e5383d3.jpg","datePublished":"2020-12-14T01:08:57+00:00","dateModified":"2020-12-14T01:08:59+00:00","breadcrumb":{"@id":"https:\/\/unasp.br\/noticias\/professor-paraninfo-milton-torres-formar-se-significa-que-a-historia-de-sua-vida-esta-adquirindo-uma-forma\/#breadcrumb"},"inLanguage":"pt-BR","potentialAction":[{"@type":"ReadAction","target":["https:\/\/unasp.br\/noticias\/professor-paraninfo-milton-torres-formar-se-significa-que-a-historia-de-sua-vida-esta-adquirindo-uma-forma\/"]}]},{"@type":"ImageObject","inLanguage":"pt-BR","@id":"https:\/\/unasp.br\/noticias\/professor-paraninfo-milton-torres-formar-se-significa-que-a-historia-de-sua-vida-esta-adquirindo-uma-forma\/#primaryimage","url":"https:\/\/cdn.unasp.br\/noticias\/wp-content\/uploads\/2020\/12\/13190820\/a167f1fc-f47c-49cb-b17b-d8055e5383d3.jpg","contentUrl":"https:\/\/cdn.unasp.br\/noticias\/wp-content\/uploads\/2020\/12\/13190820\/a167f1fc-f47c-49cb-b17b-d8055e5383d3.jpg","width":1280,"height":853},{"@type":"BreadcrumbList","@id":"https:\/\/unasp.br\/noticias\/professor-paraninfo-milton-torres-formar-se-significa-que-a-historia-de-sua-vida-esta-adquirindo-uma-forma\/#breadcrumb","itemListElement":[{"@type":"ListItem","position":1,"name":"In\u00edcio","item":"https:\/\/unasp.br\/noticias\/"},{"@type":"ListItem","position":2,"name":"Professor paraninfo, Milton Torres: \u201cFormar-se significa que a hist\u00f3ria de sua vida est\u00e1 adquirindo uma forma&#8230;\u201d"}]},{"@type":"WebSite","@id":"https:\/\/unasp.br\/noticias\/#website","url":"https:\/\/unasp.br\/noticias\/","name":"UNASP Noticias","description":"Centro Universit\u00e1rio Adventista de S\u00e3o Paulo","publisher":{"@id":"https:\/\/unasp.br\/noticias\/#organization"},"potentialAction":[{"@type":"SearchAction","target":{"@type":"EntryPoint","urlTemplate":"https:\/\/unasp.br\/noticias\/?s={search_term_string}"},"query-input":{"@type":"PropertyValueSpecification","valueRequired":true,"valueName":"search_term_string"}}],"inLanguage":"pt-BR"},{"@type":"Organization","@id":"https:\/\/unasp.br\/noticias\/#organization","name":"UNASP Noticias","url":"https:\/\/unasp.br\/noticias\/","logo":{"@type":"ImageObject","inLanguage":"pt-BR","@id":"https:\/\/unasp.br\/noticias\/#\/schema\/logo\/image\/","url":"https:\/\/cdn.unasp.br\/noticias\/wp-content\/uploads\/2021\/09\/09152724\/logo-unasp-news.png","contentUrl":"https:\/\/cdn.unasp.br\/noticias\/wp-content\/uploads\/2021\/09\/09152724\/logo-unasp-news.png","width":240,"height":41,"caption":"UNASP Noticias"},"image":{"@id":"https:\/\/unasp.br\/noticias\/#\/schema\/logo\/image\/"}},{"@type":"Person","@id":"https:\/\/unasp.br\/noticias\/#\/schema\/person\/80f09a3ec674501e6bb13144ffa2489f","name":"Aira Almeida","image":{"@type":"ImageObject","inLanguage":"pt-BR","@id":"https:\/\/unasp.br\/noticias\/#\/schema\/person\/image\/","url":"https:\/\/secure.gravatar.com\/avatar\/e30ea867fdd5a41ec6a0cb350dcd108e?s=96&d=mm&r=g","contentUrl":"https:\/\/secure.gravatar.com\/avatar\/e30ea867fdd5a41ec6a0cb350dcd108e?s=96&d=mm&r=g","caption":"Aira Almeida"},"url":"https:\/\/unasp.br\/noticias\/author\/aira-almeidaedu-unasp-br\/"}]}},"_links":{"self":[{"href":"https:\/\/unasp.br\/noticias\/wp-json\/wp\/v2\/posts\/92027"}],"collection":[{"href":"https:\/\/unasp.br\/noticias\/wp-json\/wp\/v2\/posts"}],"about":[{"href":"https:\/\/unasp.br\/noticias\/wp-json\/wp\/v2\/types\/post"}],"author":[{"embeddable":true,"href":"https:\/\/unasp.br\/noticias\/wp-json\/wp\/v2\/users\/30"}],"replies":[{"embeddable":true,"href":"https:\/\/unasp.br\/noticias\/wp-json\/wp\/v2\/comments?post=92027"}],"version-history":[{"count":1,"href":"https:\/\/unasp.br\/noticias\/wp-json\/wp\/v2\/posts\/92027\/revisions"}],"predecessor-version":[{"id":92030,"href":"https:\/\/unasp.br\/noticias\/wp-json\/wp\/v2\/posts\/92027\/revisions\/92030"}],"wp:featuredmedia":[{"embeddable":true,"href":"https:\/\/unasp.br\/noticias\/wp-json\/wp\/v2\/media\/92029"}],"wp:attachment":[{"href":"https:\/\/unasp.br\/noticias\/wp-json\/wp\/v2\/media?parent=92027"}],"wp:term":[{"taxonomy":"category","embeddable":true,"href":"https:\/\/unasp.br\/noticias\/wp-json\/wp\/v2\/categories?post=92027"},{"taxonomy":"post_tag","embeddable":true,"href":"https:\/\/unasp.br\/noticias\/wp-json\/wp\/v2\/tags?post=92027"}],"curies":[{"name":"wp","href":"https:\/\/api.w.org\/{rel}","templated":true}]}}