{"id":92031,"date":"2020-12-14T08:02:02","date_gmt":"2020-12-14T11:02:02","guid":{"rendered":"https:\/\/www.unasp.br\/noticias\/?p=92031"},"modified":"2020-12-14T08:02:04","modified_gmt":"2020-12-14T11:02:04","slug":"experiencia-em-pesquisa-e-um-diferencial-dos-formandos-de-educacao-fisica","status":"publish","type":"post","link":"https:\/\/unasp.br\/noticias\/experiencia-em-pesquisa-e-um-diferencial-dos-formandos-de-educacao-fisica\/","title":{"rendered":"Experi\u00eancia em pesquisa \u00e9 um diferencial dos formandos de Educa\u00e7\u00e3o F\u00edsica"},"content":{"rendered":"\n<div class=\"wp-block-image\"><figure class=\"alignleft size-large is-resized\"><img loading=\"lazy\" decoding=\"async\" src=\"https:\/\/www.unasp.br\/noticias\/wp-content\/uploads\/2020\/12\/WhatsApp-Image-2020-12-13-at-23.06.32-1024x682.jpeg\" alt=\"\" class=\"wp-image-92032\" width=\"426\" height=\"283\" srcset=\"https:\/\/cdn.unasp.br\/noticias\/wp-content\/uploads\/2020\/12\/14045926\/WhatsApp-Image-2020-12-13-at-23.06.32-1024x682.jpeg 1024w, https:\/\/cdn.unasp.br\/noticias\/wp-content\/uploads\/2020\/12\/14045926\/WhatsApp-Image-2020-12-13-at-23.06.32-300x200.jpeg 300w, https:\/\/cdn.unasp.br\/noticias\/wp-content\/uploads\/2020\/12\/14045926\/WhatsApp-Image-2020-12-13-at-23.06.32-768x512.jpeg 768w, https:\/\/cdn.unasp.br\/noticias\/wp-content\/uploads\/2020\/12\/14045926\/WhatsApp-Image-2020-12-13-at-23.06.32-900x600.jpeg 900w, https:\/\/cdn.unasp.br\/noticias\/wp-content\/uploads\/2020\/12\/14045926\/WhatsApp-Image-2020-12-13-at-23.06.32-1200x800.jpeg 1200w, https:\/\/cdn.unasp.br\/noticias\/wp-content\/uploads\/2020\/12\/14045926\/WhatsApp-Image-2020-12-13-at-23.06.32-1080x720.jpeg 1080w, https:\/\/cdn.unasp.br\/noticias\/wp-content\/uploads\/2020\/12\/14045926\/WhatsApp-Image-2020-12-13-at-23.06.32-800x533.jpeg 800w, https:\/\/cdn.unasp.br\/noticias\/wp-content\/uploads\/2020\/12\/14045926\/WhatsApp-Image-2020-12-13-at-23.06.32-750x500.jpeg 750w, https:\/\/cdn.unasp.br\/noticias\/wp-content\/uploads\/2020\/12\/14045926\/WhatsApp-Image-2020-12-13-at-23.06.32-720x480.jpeg 720w, https:\/\/cdn.unasp.br\/noticias\/wp-content\/uploads\/2020\/12\/14045926\/WhatsApp-Image-2020-12-13-at-23.06.32-420x280.jpeg 420w, https:\/\/cdn.unasp.br\/noticias\/wp-content\/uploads\/2020\/12\/14045926\/WhatsApp-Image-2020-12-13-at-23.06.32-500x333.jpeg 500w, https:\/\/cdn.unasp.br\/noticias\/wp-content\/uploads\/2020\/12\/14045926\/WhatsApp-Image-2020-12-13-at-23.06.32-400x267.jpeg 400w, https:\/\/cdn.unasp.br\/noticias\/wp-content\/uploads\/2020\/12\/14045926\/WhatsApp-Image-2020-12-13-at-23.06.32-375x250.jpeg 375w, https:\/\/cdn.unasp.br\/noticias\/wp-content\/uploads\/2020\/12\/14045926\/WhatsApp-Image-2020-12-13-at-23.06.32-225x150.jpeg 225w, https:\/\/cdn.unasp.br\/noticias\/wp-content\/uploads\/2020\/12\/14045926\/WhatsApp-Image-2020-12-13-at-23.06.32-175x117.jpeg 175w, https:\/\/cdn.unasp.br\/noticias\/wp-content\/uploads\/2020\/12\/14045926\/WhatsApp-Image-2020-12-13-at-23.06.32-200x133.jpeg 200w, https:\/\/cdn.unasp.br\/noticias\/wp-content\/uploads\/2020\/12\/14045926\/WhatsApp-Image-2020-12-13-at-23.06.32.jpeg 1280w\" sizes=\"(max-width: 426px) 100vw, 426px\" \/><figcaption>Turma de formandos do curso de Educa\u00e7\u00e3o F\u00edsica do UNASP campus Hortol\u00e2ndia, 2020.<\/figcaption><\/figure><\/div>\n\n\n\n<p>\u201cO sucesso pertence \u00e0queles que batalham e n\u00f3s somos merecedores\u201d, essa foi uma das frases que o formando em educa\u00e7\u00e3o f\u00edsica, Gabriel Oliveira, pronunciou em seu discurso como orador da turma. A cerim\u00f4nia de formatura de Educa\u00e7\u00e3o F\u00edsica que aconteceu na noite de hoje, 13 de novembro, na primeira sess\u00e3o, celebrou a vit\u00f3ria de 70 alunos do curso.<\/p>\n\n\n\n<p>O orador da turma \u00e9 um dos alunos envolvidos no Laborat\u00f3rio de Estudos Atividade F\u00edsica Metabolismo e Sa\u00fade (LEAFIMES), criado desde 2014 pelo curso de Educa\u00e7\u00e3o F\u00edsica, a fim de que os alunos pudessem aprofundar seus conhecimentos em determinadas \u00e1reas de interesse. \u00a0\u201cOs alunos participam do grupo de pesquisa para entender melhor a pr\u00e1tica e a te\u00f3rica dos diversos temas da \u00e1rea de educa\u00e7\u00e3o f\u00edsica. E ao final de um ano participando deste grupo de pesquisa,\u00a0eles submetem seus artigos e apresentam os resultados em congressos da \u00e1rea de educa\u00e7\u00e3o f\u00edsica\u201d, explicou o coordenador do curso Ledimar Brianezi. <\/p>\n\n\n\n<h2 class=\"has-luminous-vivid-orange-color has-text-color wp-block-heading\"><strong>Crescimento acad\u00eamico<\/strong><\/h2>\n\n\n\n<p>Nestes quatro anos de gradua\u00e7\u00e3o, Gabriel j\u00e1 apresentou tr\u00eas simp\u00f3sios, participou de quatro congressos, sendo um deles internacional, e publicou\u00a0 quatro artigos, mesmo assim, n\u00e3o pensa em parar. \u201cMeus planos para o futuro s\u00e3o continuar a estudar e pesquisar. Vou atr\u00e1s de uma p\u00f3s-gradua\u00e7\u00e3o, um mestrado e doutorado. Esse sonho come\u00e7ou aqui no UNASP e s\u00f3 posso agradecer aos meus professores pelo incentivo\u201d, concluiu o formando.\u00a0 <\/p>\n\n\n\n<div class=\"wp-block-image\"><figure class=\"aligncenter size-large is-resized\"><img loading=\"lazy\" decoding=\"async\" src=\"https:\/\/www.unasp.br\/noticias\/wp-content\/uploads\/2020\/12\/WhatsApp-Image-2020-12-13-at-23.13.43-682x1024.jpeg\" alt=\"\" class=\"wp-image-92033\" width=\"399\" height=\"598\" srcset=\"https:\/\/cdn.unasp.br\/noticias\/wp-content\/uploads\/2020\/12\/14050049\/WhatsApp-Image-2020-12-13-at-23.13.43-682x1024.jpeg 682w, https:\/\/cdn.unasp.br\/noticias\/wp-content\/uploads\/2020\/12\/14050049\/WhatsApp-Image-2020-12-13-at-23.13.43-200x300.jpeg 200w, https:\/\/cdn.unasp.br\/noticias\/wp-content\/uploads\/2020\/12\/14050049\/WhatsApp-Image-2020-12-13-at-23.13.43-768x1152.jpeg 768w, https:\/\/cdn.unasp.br\/noticias\/wp-content\/uploads\/2020\/12\/14050049\/WhatsApp-Image-2020-12-13-at-23.13.43-400x600.jpeg 400w, https:\/\/cdn.unasp.br\/noticias\/wp-content\/uploads\/2020\/12\/14050049\/WhatsApp-Image-2020-12-13-at-23.13.43-533x800.jpeg 533w, https:\/\/cdn.unasp.br\/noticias\/wp-content\/uploads\/2020\/12\/14050049\/WhatsApp-Image-2020-12-13-at-23.13.43-480x720.jpeg 480w, https:\/\/cdn.unasp.br\/noticias\/wp-content\/uploads\/2020\/12\/14050049\/WhatsApp-Image-2020-12-13-at-23.13.43-333x500.jpeg 333w, https:\/\/cdn.unasp.br\/noticias\/wp-content\/uploads\/2020\/12\/14050049\/WhatsApp-Image-2020-12-13-at-23.13.43-320x480.jpeg 320w, https:\/\/cdn.unasp.br\/noticias\/wp-content\/uploads\/2020\/12\/14050049\/WhatsApp-Image-2020-12-13-at-23.13.43-187x280.jpeg 187w, https:\/\/cdn.unasp.br\/noticias\/wp-content\/uploads\/2020\/12\/14050049\/WhatsApp-Image-2020-12-13-at-23.13.43-267x400.jpeg 267w, https:\/\/cdn.unasp.br\/noticias\/wp-content\/uploads\/2020\/12\/14050049\/WhatsApp-Image-2020-12-13-at-23.13.43-167x250.jpeg 167w, https:\/\/cdn.unasp.br\/noticias\/wp-content\/uploads\/2020\/12\/14050049\/WhatsApp-Image-2020-12-13-at-23.13.43-133x200.jpeg 133w, https:\/\/cdn.unasp.br\/noticias\/wp-content\/uploads\/2020\/12\/14050049\/WhatsApp-Image-2020-12-13-at-23.13.43-100x150.jpeg 100w, https:\/\/cdn.unasp.br\/noticias\/wp-content\/uploads\/2020\/12\/14050049\/WhatsApp-Image-2020-12-13-at-23.13.43-175x263.jpeg 175w, https:\/\/cdn.unasp.br\/noticias\/wp-content\/uploads\/2020\/12\/14050049\/WhatsApp-Image-2020-12-13-at-23.13.43.jpeg 853w\" sizes=\"(max-width: 399px) 100vw, 399px\" \/><figcaption>Aluno Gabriel Oliveira recebendo o diploma do coordenador do curso de Educa\u00e7\u00e3o F\u00edsica, Ledimar Brianezi.<\/figcaption><\/figure><\/div>\n","protected":false},"excerpt":{"rendered":"<p>\u201cO sucesso pertence \u00e0queles que batalham e n\u00f3s somos merecedores\u201d, essa foi uma das frases que o [&hellip;]<\/p>\n","protected":false},"author":30,"featured_media":92032,"comment_status":"open","ping_status":"open","sticky":false,"template":"","format":"standard","meta":{"footnotes":""},"categories":[1846],"tags":[],"yoast_head":"<!-- This site is optimized with the Yoast SEO plugin v23.5 - https:\/\/yoast.com\/wordpress\/plugins\/seo\/ -->\n<title>Experi\u00eancia em pesquisa \u00e9 um diferencial dos formandos de Educa\u00e7\u00e3o F\u00edsica - UNASP Noticias<\/title>\n<meta name=\"robots\" content=\"index, follow, max-snippet:-1, max-image-preview:large, max-video-preview:-1\" \/>\n<link rel=\"canonical\" href=\"https:\/\/unasp.br\/noticias\/experiencia-em-pesquisa-e-um-diferencial-dos-formandos-de-educacao-fisica\/\" \/>\n<meta property=\"og:locale\" content=\"pt_BR\" \/>\n<meta property=\"og:type\" content=\"article\" \/>\n<meta property=\"og:title\" content=\"Experi\u00eancia em pesquisa \u00e9 um diferencial dos formandos de Educa\u00e7\u00e3o F\u00edsica - UNASP Noticias\" \/>\n<meta property=\"og:description\" content=\"\u201cO sucesso pertence \u00e0queles que batalham e n\u00f3s somos merecedores\u201d, essa foi uma das frases que o [&hellip;]\" \/>\n<meta property=\"og:url\" content=\"https:\/\/unasp.br\/noticias\/experiencia-em-pesquisa-e-um-diferencial-dos-formandos-de-educacao-fisica\/\" \/>\n<meta property=\"og:site_name\" content=\"UNASP Noticias\" \/>\n<meta property=\"article:published_time\" content=\"2020-12-14T11:02:02+00:00\" \/>\n<meta property=\"article:modified_time\" content=\"2020-12-14T11:02:04+00:00\" \/>\n<meta property=\"og:image\" content=\"https:\/\/cdn.unasp.br\/noticias\/wp-content\/uploads\/2020\/12\/14045926\/WhatsApp-Image-2020-12-13-at-23.06.32.jpeg\" \/>\n\t<meta property=\"og:image:width\" content=\"1280\" \/>\n\t<meta property=\"og:image:height\" content=\"853\" \/>\n\t<meta property=\"og:image:type\" content=\"image\/jpeg\" \/>\n<meta name=\"author\" content=\"Aira Almeida\" \/>\n<meta name=\"twitter:card\" content=\"summary_large_image\" \/>\n<meta name=\"twitter:label1\" content=\"Escrito por\" \/>\n\t<meta name=\"twitter:data1\" content=\"Aira Almeida\" \/>\n\t<meta name=\"twitter:label2\" content=\"Est. tempo de leitura\" \/>\n\t<meta name=\"twitter:data2\" content=\"1 minuto\" \/>\n<script type=\"application\/ld+json\" class=\"yoast-schema-graph\">{\"@context\":\"https:\/\/schema.org\",\"@graph\":[{\"@type\":\"Article\",\"@id\":\"https:\/\/unasp.br\/noticias\/experiencia-em-pesquisa-e-um-diferencial-dos-formandos-de-educacao-fisica\/#article\",\"isPartOf\":{\"@id\":\"https:\/\/unasp.br\/noticias\/experiencia-em-pesquisa-e-um-diferencial-dos-formandos-de-educacao-fisica\/\"},\"author\":{\"name\":\"Aira Almeida\",\"@id\":\"https:\/\/unasp.br\/noticias\/#\/schema\/person\/80f09a3ec674501e6bb13144ffa2489f\"},\"headline\":\"Experi\u00eancia em pesquisa \u00e9 um diferencial dos formandos de Educa\u00e7\u00e3o F\u00edsica\",\"datePublished\":\"2020-12-14T11:02:02+00:00\",\"dateModified\":\"2020-12-14T11:02:04+00:00\",\"mainEntityOfPage\":{\"@id\":\"https:\/\/unasp.br\/noticias\/experiencia-em-pesquisa-e-um-diferencial-dos-formandos-de-educacao-fisica\/\"},\"wordCount\":294,\"commentCount\":0,\"publisher\":{\"@id\":\"https:\/\/unasp.br\/noticias\/#organization\"},\"image\":{\"@id\":\"https:\/\/unasp.br\/noticias\/experiencia-em-pesquisa-e-um-diferencial-dos-formandos-de-educacao-fisica\/#primaryimage\"},\"thumbnailUrl\":\"https:\/\/cdn.unasp.br\/noticias\/wp-content\/uploads\/2020\/12\/14045926\/WhatsApp-Image-2020-12-13-at-23.06.32.jpeg\",\"articleSection\":[\"Formaturas\"],\"inLanguage\":\"pt-BR\",\"potentialAction\":[{\"@type\":\"CommentAction\",\"name\":\"Comment\",\"target\":[\"https:\/\/unasp.br\/noticias\/experiencia-em-pesquisa-e-um-diferencial-dos-formandos-de-educacao-fisica\/#respond\"]}]},{\"@type\":\"WebPage\",\"@id\":\"https:\/\/unasp.br\/noticias\/experiencia-em-pesquisa-e-um-diferencial-dos-formandos-de-educacao-fisica\/\",\"url\":\"https:\/\/unasp.br\/noticias\/experiencia-em-pesquisa-e-um-diferencial-dos-formandos-de-educacao-fisica\/\",\"name\":\"Experi\u00eancia em pesquisa \u00e9 um diferencial dos formandos de Educa\u00e7\u00e3o F\u00edsica - UNASP Noticias\",\"isPartOf\":{\"@id\":\"https:\/\/unasp.br\/noticias\/#website\"},\"primaryImageOfPage\":{\"@id\":\"https:\/\/unasp.br\/noticias\/experiencia-em-pesquisa-e-um-diferencial-dos-formandos-de-educacao-fisica\/#primaryimage\"},\"image\":{\"@id\":\"https:\/\/unasp.br\/noticias\/experiencia-em-pesquisa-e-um-diferencial-dos-formandos-de-educacao-fisica\/#primaryimage\"},\"thumbnailUrl\":\"https:\/\/cdn.unasp.br\/noticias\/wp-content\/uploads\/2020\/12\/14045926\/WhatsApp-Image-2020-12-13-at-23.06.32.jpeg\",\"datePublished\":\"2020-12-14T11:02:02+00:00\",\"dateModified\":\"2020-12-14T11:02:04+00:00\",\"breadcrumb\":{\"@id\":\"https:\/\/unasp.br\/noticias\/experiencia-em-pesquisa-e-um-diferencial-dos-formandos-de-educacao-fisica\/#breadcrumb\"},\"inLanguage\":\"pt-BR\",\"potentialAction\":[{\"@type\":\"ReadAction\",\"target\":[\"https:\/\/unasp.br\/noticias\/experiencia-em-pesquisa-e-um-diferencial-dos-formandos-de-educacao-fisica\/\"]}]},{\"@type\":\"ImageObject\",\"inLanguage\":\"pt-BR\",\"@id\":\"https:\/\/unasp.br\/noticias\/experiencia-em-pesquisa-e-um-diferencial-dos-formandos-de-educacao-fisica\/#primaryimage\",\"url\":\"https:\/\/cdn.unasp.br\/noticias\/wp-content\/uploads\/2020\/12\/14045926\/WhatsApp-Image-2020-12-13-at-23.06.32.jpeg\",\"contentUrl\":\"https:\/\/cdn.unasp.br\/noticias\/wp-content\/uploads\/2020\/12\/14045926\/WhatsApp-Image-2020-12-13-at-23.06.32.jpeg\",\"width\":1280,\"height\":853},{\"@type\":\"BreadcrumbList\",\"@id\":\"https:\/\/unasp.br\/noticias\/experiencia-em-pesquisa-e-um-diferencial-dos-formandos-de-educacao-fisica\/#breadcrumb\",\"itemListElement\":[{\"@type\":\"ListItem\",\"position\":1,\"name\":\"In\u00edcio\",\"item\":\"https:\/\/unasp.br\/noticias\/\"},{\"@type\":\"ListItem\",\"position\":2,\"name\":\"Experi\u00eancia em pesquisa \u00e9 um diferencial dos formandos de Educa\u00e7\u00e3o F\u00edsica\"}]},{\"@type\":\"WebSite\",\"@id\":\"https:\/\/unasp.br\/noticias\/#website\",\"url\":\"https:\/\/unasp.br\/noticias\/\",\"name\":\"UNASP Noticias\",\"description\":\"Centro Universit\u00e1rio Adventista de S\u00e3o Paulo\",\"publisher\":{\"@id\":\"https:\/\/unasp.br\/noticias\/#organization\"},\"potentialAction\":[{\"@type\":\"SearchAction\",\"target\":{\"@type\":\"EntryPoint\",\"urlTemplate\":\"https:\/\/unasp.br\/noticias\/?s={search_term_string}\"},\"query-input\":{\"@type\":\"PropertyValueSpecification\",\"valueRequired\":true,\"valueName\":\"search_term_string\"}}],\"inLanguage\":\"pt-BR\"},{\"@type\":\"Organization\",\"@id\":\"https:\/\/unasp.br\/noticias\/#organization\",\"name\":\"UNASP Noticias\",\"url\":\"https:\/\/unasp.br\/noticias\/\",\"logo\":{\"@type\":\"ImageObject\",\"inLanguage\":\"pt-BR\",\"@id\":\"https:\/\/unasp.br\/noticias\/#\/schema\/logo\/image\/\",\"url\":\"https:\/\/cdn.unasp.br\/noticias\/wp-content\/uploads\/2021\/09\/09152724\/logo-unasp-news.png\",\"contentUrl\":\"https:\/\/cdn.unasp.br\/noticias\/wp-content\/uploads\/2021\/09\/09152724\/logo-unasp-news.png\",\"width\":240,\"height\":41,\"caption\":\"UNASP Noticias\"},\"image\":{\"@id\":\"https:\/\/unasp.br\/noticias\/#\/schema\/logo\/image\/\"}},{\"@type\":\"Person\",\"@id\":\"https:\/\/unasp.br\/noticias\/#\/schema\/person\/80f09a3ec674501e6bb13144ffa2489f\",\"name\":\"Aira Almeida\",\"image\":{\"@type\":\"ImageObject\",\"inLanguage\":\"pt-BR\",\"@id\":\"https:\/\/unasp.br\/noticias\/#\/schema\/person\/image\/\",\"url\":\"https:\/\/secure.gravatar.com\/avatar\/e30ea867fdd5a41ec6a0cb350dcd108e?s=96&d=mm&r=g\",\"contentUrl\":\"https:\/\/secure.gravatar.com\/avatar\/e30ea867fdd5a41ec6a0cb350dcd108e?s=96&d=mm&r=g\",\"caption\":\"Aira Almeida\"},\"url\":\"https:\/\/unasp.br\/noticias\/author\/aira-almeidaedu-unasp-br\/\"}]}<\/script>\n<!-- \/ Yoast SEO plugin. -->","yoast_head_json":{"title":"Experi\u00eancia em pesquisa \u00e9 um diferencial dos formandos de Educa\u00e7\u00e3o F\u00edsica - UNASP Noticias","robots":{"index":"index","follow":"follow","max-snippet":"max-snippet:-1","max-image-preview":"max-image-preview:large","max-video-preview":"max-video-preview:-1"},"canonical":"https:\/\/unasp.br\/noticias\/experiencia-em-pesquisa-e-um-diferencial-dos-formandos-de-educacao-fisica\/","og_locale":"pt_BR","og_type":"article","og_title":"Experi\u00eancia em pesquisa \u00e9 um diferencial dos formandos de Educa\u00e7\u00e3o F\u00edsica - UNASP Noticias","og_description":"\u201cO sucesso pertence \u00e0queles que batalham e n\u00f3s somos merecedores\u201d, essa foi uma das frases que o [&hellip;]","og_url":"https:\/\/unasp.br\/noticias\/experiencia-em-pesquisa-e-um-diferencial-dos-formandos-de-educacao-fisica\/","og_site_name":"UNASP Noticias","article_published_time":"2020-12-14T11:02:02+00:00","article_modified_time":"2020-12-14T11:02:04+00:00","og_image":[{"width":1280,"height":853,"url":"https:\/\/cdn.unasp.br\/noticias\/wp-content\/uploads\/2020\/12\/14045926\/WhatsApp-Image-2020-12-13-at-23.06.32.jpeg","type":"image\/jpeg"}],"author":"Aira Almeida","twitter_card":"summary_large_image","twitter_misc":{"Escrito por":"Aira Almeida","Est. tempo de leitura":"1 minuto"},"schema":{"@context":"https:\/\/schema.org","@graph":[{"@type":"Article","@id":"https:\/\/unasp.br\/noticias\/experiencia-em-pesquisa-e-um-diferencial-dos-formandos-de-educacao-fisica\/#article","isPartOf":{"@id":"https:\/\/unasp.br\/noticias\/experiencia-em-pesquisa-e-um-diferencial-dos-formandos-de-educacao-fisica\/"},"author":{"name":"Aira Almeida","@id":"https:\/\/unasp.br\/noticias\/#\/schema\/person\/80f09a3ec674501e6bb13144ffa2489f"},"headline":"Experi\u00eancia em pesquisa \u00e9 um diferencial dos formandos de Educa\u00e7\u00e3o F\u00edsica","datePublished":"2020-12-14T11:02:02+00:00","dateModified":"2020-12-14T11:02:04+00:00","mainEntityOfPage":{"@id":"https:\/\/unasp.br\/noticias\/experiencia-em-pesquisa-e-um-diferencial-dos-formandos-de-educacao-fisica\/"},"wordCount":294,"commentCount":0,"publisher":{"@id":"https:\/\/unasp.br\/noticias\/#organization"},"image":{"@id":"https:\/\/unasp.br\/noticias\/experiencia-em-pesquisa-e-um-diferencial-dos-formandos-de-educacao-fisica\/#primaryimage"},"thumbnailUrl":"https:\/\/cdn.unasp.br\/noticias\/wp-content\/uploads\/2020\/12\/14045926\/WhatsApp-Image-2020-12-13-at-23.06.32.jpeg","articleSection":["Formaturas"],"inLanguage":"pt-BR","potentialAction":[{"@type":"CommentAction","name":"Comment","target":["https:\/\/unasp.br\/noticias\/experiencia-em-pesquisa-e-um-diferencial-dos-formandos-de-educacao-fisica\/#respond"]}]},{"@type":"WebPage","@id":"https:\/\/unasp.br\/noticias\/experiencia-em-pesquisa-e-um-diferencial-dos-formandos-de-educacao-fisica\/","url":"https:\/\/unasp.br\/noticias\/experiencia-em-pesquisa-e-um-diferencial-dos-formandos-de-educacao-fisica\/","name":"Experi\u00eancia em pesquisa \u00e9 um diferencial dos formandos de Educa\u00e7\u00e3o F\u00edsica - UNASP Noticias","isPartOf":{"@id":"https:\/\/unasp.br\/noticias\/#website"},"primaryImageOfPage":{"@id":"https:\/\/unasp.br\/noticias\/experiencia-em-pesquisa-e-um-diferencial-dos-formandos-de-educacao-fisica\/#primaryimage"},"image":{"@id":"https:\/\/unasp.br\/noticias\/experiencia-em-pesquisa-e-um-diferencial-dos-formandos-de-educacao-fisica\/#primaryimage"},"thumbnailUrl":"https:\/\/cdn.unasp.br\/noticias\/wp-content\/uploads\/2020\/12\/14045926\/WhatsApp-Image-2020-12-13-at-23.06.32.jpeg","datePublished":"2020-12-14T11:02:02+00:00","dateModified":"2020-12-14T11:02:04+00:00","breadcrumb":{"@id":"https:\/\/unasp.br\/noticias\/experiencia-em-pesquisa-e-um-diferencial-dos-formandos-de-educacao-fisica\/#breadcrumb"},"inLanguage":"pt-BR","potentialAction":[{"@type":"ReadAction","target":["https:\/\/unasp.br\/noticias\/experiencia-em-pesquisa-e-um-diferencial-dos-formandos-de-educacao-fisica\/"]}]},{"@type":"ImageObject","inLanguage":"pt-BR","@id":"https:\/\/unasp.br\/noticias\/experiencia-em-pesquisa-e-um-diferencial-dos-formandos-de-educacao-fisica\/#primaryimage","url":"https:\/\/cdn.unasp.br\/noticias\/wp-content\/uploads\/2020\/12\/14045926\/WhatsApp-Image-2020-12-13-at-23.06.32.jpeg","contentUrl":"https:\/\/cdn.unasp.br\/noticias\/wp-content\/uploads\/2020\/12\/14045926\/WhatsApp-Image-2020-12-13-at-23.06.32.jpeg","width":1280,"height":853},{"@type":"BreadcrumbList","@id":"https:\/\/unasp.br\/noticias\/experiencia-em-pesquisa-e-um-diferencial-dos-formandos-de-educacao-fisica\/#breadcrumb","itemListElement":[{"@type":"ListItem","position":1,"name":"In\u00edcio","item":"https:\/\/unasp.br\/noticias\/"},{"@type":"ListItem","position":2,"name":"Experi\u00eancia em pesquisa \u00e9 um diferencial dos formandos de Educa\u00e7\u00e3o F\u00edsica"}]},{"@type":"WebSite","@id":"https:\/\/unasp.br\/noticias\/#website","url":"https:\/\/unasp.br\/noticias\/","name":"UNASP Noticias","description":"Centro Universit\u00e1rio Adventista de S\u00e3o Paulo","publisher":{"@id":"https:\/\/unasp.br\/noticias\/#organization"},"potentialAction":[{"@type":"SearchAction","target":{"@type":"EntryPoint","urlTemplate":"https:\/\/unasp.br\/noticias\/?s={search_term_string}"},"query-input":{"@type":"PropertyValueSpecification","valueRequired":true,"valueName":"search_term_string"}}],"inLanguage":"pt-BR"},{"@type":"Organization","@id":"https:\/\/unasp.br\/noticias\/#organization","name":"UNASP Noticias","url":"https:\/\/unasp.br\/noticias\/","logo":{"@type":"ImageObject","inLanguage":"pt-BR","@id":"https:\/\/unasp.br\/noticias\/#\/schema\/logo\/image\/","url":"https:\/\/cdn.unasp.br\/noticias\/wp-content\/uploads\/2021\/09\/09152724\/logo-unasp-news.png","contentUrl":"https:\/\/cdn.unasp.br\/noticias\/wp-content\/uploads\/2021\/09\/09152724\/logo-unasp-news.png","width":240,"height":41,"caption":"UNASP Noticias"},"image":{"@id":"https:\/\/unasp.br\/noticias\/#\/schema\/logo\/image\/"}},{"@type":"Person","@id":"https:\/\/unasp.br\/noticias\/#\/schema\/person\/80f09a3ec674501e6bb13144ffa2489f","name":"Aira Almeida","image":{"@type":"ImageObject","inLanguage":"pt-BR","@id":"https:\/\/unasp.br\/noticias\/#\/schema\/person\/image\/","url":"https:\/\/secure.gravatar.com\/avatar\/e30ea867fdd5a41ec6a0cb350dcd108e?s=96&d=mm&r=g","contentUrl":"https:\/\/secure.gravatar.com\/avatar\/e30ea867fdd5a41ec6a0cb350dcd108e?s=96&d=mm&r=g","caption":"Aira Almeida"},"url":"https:\/\/unasp.br\/noticias\/author\/aira-almeidaedu-unasp-br\/"}]}},"_links":{"self":[{"href":"https:\/\/unasp.br\/noticias\/wp-json\/wp\/v2\/posts\/92031"}],"collection":[{"href":"https:\/\/unasp.br\/noticias\/wp-json\/wp\/v2\/posts"}],"about":[{"href":"https:\/\/unasp.br\/noticias\/wp-json\/wp\/v2\/types\/post"}],"author":[{"embeddable":true,"href":"https:\/\/unasp.br\/noticias\/wp-json\/wp\/v2\/users\/30"}],"replies":[{"embeddable":true,"href":"https:\/\/unasp.br\/noticias\/wp-json\/wp\/v2\/comments?post=92031"}],"version-history":[{"count":1,"href":"https:\/\/unasp.br\/noticias\/wp-json\/wp\/v2\/posts\/92031\/revisions"}],"predecessor-version":[{"id":92034,"href":"https:\/\/unasp.br\/noticias\/wp-json\/wp\/v2\/posts\/92031\/revisions\/92034"}],"wp:featuredmedia":[{"embeddable":true,"href":"https:\/\/unasp.br\/noticias\/wp-json\/wp\/v2\/media\/92032"}],"wp:attachment":[{"href":"https:\/\/unasp.br\/noticias\/wp-json\/wp\/v2\/media?parent=92031"}],"wp:term":[{"taxonomy":"category","embeddable":true,"href":"https:\/\/unasp.br\/noticias\/wp-json\/wp\/v2\/categories?post=92031"},{"taxonomy":"post_tag","embeddable":true,"href":"https:\/\/unasp.br\/noticias\/wp-json\/wp\/v2\/tags?post=92031"}],"curies":[{"name":"wp","href":"https:\/\/api.w.org\/{rel}","templated":true}]}}