{"id":92035,"date":"2020-12-14T08:07:34","date_gmt":"2020-12-14T11:07:34","guid":{"rendered":"https:\/\/www.unasp.br\/noticias\/?p=92035"},"modified":"2020-12-14T08:07:35","modified_gmt":"2020-12-14T11:07:35","slug":"90-dos-formandos-do-curso-de-ciencias-contabeis-estao-empregados","status":"publish","type":"post","link":"https:\/\/unasp.br\/noticias\/90-dos-formandos-do-curso-de-ciencias-contabeis-estao-empregados\/","title":{"rendered":"90% dos formandos do curso de Ci\u00eancias Cont\u00e1beis est\u00e3o empregados"},"content":{"rendered":"\n<div class=\"wp-block-image\"><figure class=\"alignleft size-large is-resized\"><img loading=\"lazy\" decoding=\"async\" src=\"https:\/\/www.unasp.br\/noticias\/wp-content\/uploads\/2020\/12\/WhatsApp-Image-2020-12-13-at-23.37.23-1024x682.jpeg\" alt=\"\" class=\"wp-image-92038\" width=\"396\" height=\"263\" srcset=\"https:\/\/cdn.unasp.br\/noticias\/wp-content\/uploads\/2020\/12\/14050647\/WhatsApp-Image-2020-12-13-at-23.37.23-1024x682.jpeg 1024w, https:\/\/cdn.unasp.br\/noticias\/wp-content\/uploads\/2020\/12\/14050647\/WhatsApp-Image-2020-12-13-at-23.37.23-300x200.jpeg 300w, https:\/\/cdn.unasp.br\/noticias\/wp-content\/uploads\/2020\/12\/14050647\/WhatsApp-Image-2020-12-13-at-23.37.23-768x512.jpeg 768w, https:\/\/cdn.unasp.br\/noticias\/wp-content\/uploads\/2020\/12\/14050647\/WhatsApp-Image-2020-12-13-at-23.37.23-900x600.jpeg 900w, https:\/\/cdn.unasp.br\/noticias\/wp-content\/uploads\/2020\/12\/14050647\/WhatsApp-Image-2020-12-13-at-23.37.23-1200x800.jpeg 1200w, https:\/\/cdn.unasp.br\/noticias\/wp-content\/uploads\/2020\/12\/14050647\/WhatsApp-Image-2020-12-13-at-23.37.23-1080x720.jpeg 1080w, https:\/\/cdn.unasp.br\/noticias\/wp-content\/uploads\/2020\/12\/14050647\/WhatsApp-Image-2020-12-13-at-23.37.23-800x533.jpeg 800w, https:\/\/cdn.unasp.br\/noticias\/wp-content\/uploads\/2020\/12\/14050647\/WhatsApp-Image-2020-12-13-at-23.37.23-750x500.jpeg 750w, https:\/\/cdn.unasp.br\/noticias\/wp-content\/uploads\/2020\/12\/14050647\/WhatsApp-Image-2020-12-13-at-23.37.23-720x480.jpeg 720w, https:\/\/cdn.unasp.br\/noticias\/wp-content\/uploads\/2020\/12\/14050647\/WhatsApp-Image-2020-12-13-at-23.37.23-420x280.jpeg 420w, https:\/\/cdn.unasp.br\/noticias\/wp-content\/uploads\/2020\/12\/14050647\/WhatsApp-Image-2020-12-13-at-23.37.23-500x333.jpeg 500w, https:\/\/cdn.unasp.br\/noticias\/wp-content\/uploads\/2020\/12\/14050647\/WhatsApp-Image-2020-12-13-at-23.37.23-400x267.jpeg 400w, https:\/\/cdn.unasp.br\/noticias\/wp-content\/uploads\/2020\/12\/14050647\/WhatsApp-Image-2020-12-13-at-23.37.23-375x250.jpeg 375w, https:\/\/cdn.unasp.br\/noticias\/wp-content\/uploads\/2020\/12\/14050647\/WhatsApp-Image-2020-12-13-at-23.37.23-225x150.jpeg 225w, https:\/\/cdn.unasp.br\/noticias\/wp-content\/uploads\/2020\/12\/14050647\/WhatsApp-Image-2020-12-13-at-23.37.23-175x117.jpeg 175w, https:\/\/cdn.unasp.br\/noticias\/wp-content\/uploads\/2020\/12\/14050647\/WhatsApp-Image-2020-12-13-at-23.37.23-200x133.jpeg 200w, https:\/\/cdn.unasp.br\/noticias\/wp-content\/uploads\/2020\/12\/14050647\/WhatsApp-Image-2020-12-13-at-23.37.23.jpeg 1280w\" sizes=\"(max-width: 396px) 100vw, 396px\" \/><figcaption>Segunda sess\u00e3o da formatura do ensino superior do UNASP campus Hortol\u00e2ndia.<\/figcaption><\/figure><\/div>\n\n\n\n<p>Pelo segundo ano consecutivo os formandos do curso de Ci\u00eancias Cont\u00e1beis t\u00eam sido procurados por empresas da regi\u00e3o, concluindo, desta forma, o curso com a vaga no mercado de trabalho garantida. <\/p>\n\n\n\n<p>No ano de 2019 a maioria dos alunos que se formaram estavam empregados e este ano a procura por esse profissional aumentou por causa da pandemia. \u00c9 o que relatou o coordenador do curso de Ci\u00eancias Cont\u00e1beis, Levi Morgan.\u00a0 \u201cAs empresas entraram em dificuldade por causa da pandemia e o contador \u00e9 como se fosse um m\u00e9dico da empresa: ele avalia, faz o diagn\u00f3stico e prop\u00f5e solu\u00e7\u00f5es. Por isso h\u00e1 maior procura por esse profissional\u201d, contou Morgan. <\/p>\n\n\n\n<h2 class=\"has-luminous-vivid-orange-color has-text-color wp-block-heading\"><strong>Formado hoje, novo emprego amanh\u00e3<\/strong><\/h2>\n\n\n\n<div class=\"wp-block-image\"><figure class=\"alignright size-large is-resized\"><img loading=\"lazy\" decoding=\"async\" src=\"https:\/\/www.unasp.br\/noticias\/wp-content\/uploads\/2020\/12\/WhatsApp-Image-2020-12-13-at-23.36.32-1024x682.jpeg\" alt=\"\" class=\"wp-image-92037\" width=\"385\" height=\"256\" srcset=\"https:\/\/cdn.unasp.br\/noticias\/wp-content\/uploads\/2020\/12\/14050550\/WhatsApp-Image-2020-12-13-at-23.36.32-1024x682.jpeg 1024w, https:\/\/cdn.unasp.br\/noticias\/wp-content\/uploads\/2020\/12\/14050550\/WhatsApp-Image-2020-12-13-at-23.36.32-300x200.jpeg 300w, https:\/\/cdn.unasp.br\/noticias\/wp-content\/uploads\/2020\/12\/14050550\/WhatsApp-Image-2020-12-13-at-23.36.32-768x512.jpeg 768w, https:\/\/cdn.unasp.br\/noticias\/wp-content\/uploads\/2020\/12\/14050550\/WhatsApp-Image-2020-12-13-at-23.36.32-900x600.jpeg 900w, https:\/\/cdn.unasp.br\/noticias\/wp-content\/uploads\/2020\/12\/14050550\/WhatsApp-Image-2020-12-13-at-23.36.32-1200x800.jpeg 1200w, https:\/\/cdn.unasp.br\/noticias\/wp-content\/uploads\/2020\/12\/14050550\/WhatsApp-Image-2020-12-13-at-23.36.32-1080x720.jpeg 1080w, https:\/\/cdn.unasp.br\/noticias\/wp-content\/uploads\/2020\/12\/14050550\/WhatsApp-Image-2020-12-13-at-23.36.32-800x533.jpeg 800w, https:\/\/cdn.unasp.br\/noticias\/wp-content\/uploads\/2020\/12\/14050550\/WhatsApp-Image-2020-12-13-at-23.36.32-750x500.jpeg 750w, https:\/\/cdn.unasp.br\/noticias\/wp-content\/uploads\/2020\/12\/14050550\/WhatsApp-Image-2020-12-13-at-23.36.32-720x480.jpeg 720w, https:\/\/cdn.unasp.br\/noticias\/wp-content\/uploads\/2020\/12\/14050550\/WhatsApp-Image-2020-12-13-at-23.36.32-420x280.jpeg 420w, https:\/\/cdn.unasp.br\/noticias\/wp-content\/uploads\/2020\/12\/14050550\/WhatsApp-Image-2020-12-13-at-23.36.32-500x333.jpeg 500w, https:\/\/cdn.unasp.br\/noticias\/wp-content\/uploads\/2020\/12\/14050550\/WhatsApp-Image-2020-12-13-at-23.36.32-400x267.jpeg 400w, https:\/\/cdn.unasp.br\/noticias\/wp-content\/uploads\/2020\/12\/14050550\/WhatsApp-Image-2020-12-13-at-23.36.32-375x250.jpeg 375w, https:\/\/cdn.unasp.br\/noticias\/wp-content\/uploads\/2020\/12\/14050550\/WhatsApp-Image-2020-12-13-at-23.36.32-225x150.jpeg 225w, https:\/\/cdn.unasp.br\/noticias\/wp-content\/uploads\/2020\/12\/14050550\/WhatsApp-Image-2020-12-13-at-23.36.32-175x117.jpeg 175w, https:\/\/cdn.unasp.br\/noticias\/wp-content\/uploads\/2020\/12\/14050550\/WhatsApp-Image-2020-12-13-at-23.36.32-200x133.jpeg 200w, https:\/\/cdn.unasp.br\/noticias\/wp-content\/uploads\/2020\/12\/14050550\/WhatsApp-Image-2020-12-13-at-23.36.32.jpeg 1280w\" sizes=\"(max-width: 385px) 100vw, 385px\" \/><figcaption>Coordenador Levi Morgan entregando o diploma para o  aluno Douglas Machado.<\/figcaption><\/figure><\/div>\n\n\n\n<p>Antes de cursar contabilidade, Douglas Machado trabalhava colocando gesso em casas, depois que come\u00e7ou o curso teve a oportunidade de trabalhar em uma multinacional por dois anos e agora recebeu outra proposta para trabalhar em uma empresa alem\u00e3. Douglas se formou ontem (13) e hoje (14) come\u00e7a em seu novo emprego, atuando na parte fiscal da empresa.\u00a0 <\/p>\n\n\n\n<p>\u201cA gradua\u00e7\u00e3o abriu muitas portas\npra mim. Sou muito grato ao UNASP, porque sem o curso eu n\u00e3o conseguiria uma\noportunidade profissional como esta\u201d, agradeceu o estudante. <\/p>\n","protected":false},"excerpt":{"rendered":"<p>Pelo segundo ano consecutivo os formandos do curso de Ci\u00eancias Cont\u00e1beis t\u00eam sido procurados por empresas da [&hellip;]<\/p>\n","protected":false},"author":30,"featured_media":92037,"comment_status":"open","ping_status":"open","sticky":false,"template":"","format":"standard","meta":{"footnotes":""},"categories":[1846],"tags":[],"yoast_head":"<!-- This site is optimized with the Yoast SEO plugin v23.5 - https:\/\/yoast.com\/wordpress\/plugins\/seo\/ -->\n<title>90% dos formandos do curso de Ci\u00eancias Cont\u00e1beis est\u00e3o empregados - UNASP Noticias<\/title>\n<meta name=\"robots\" content=\"index, follow, max-snippet:-1, max-image-preview:large, max-video-preview:-1\" \/>\n<link rel=\"canonical\" href=\"https:\/\/unasp.br\/noticias\/90-dos-formandos-do-curso-de-ciencias-contabeis-estao-empregados\/\" \/>\n<meta property=\"og:locale\" content=\"pt_BR\" \/>\n<meta property=\"og:type\" content=\"article\" \/>\n<meta property=\"og:title\" content=\"90% dos formandos do curso de Ci\u00eancias Cont\u00e1beis est\u00e3o empregados - UNASP Noticias\" \/>\n<meta property=\"og:description\" content=\"Pelo segundo ano consecutivo os formandos do curso de Ci\u00eancias Cont\u00e1beis t\u00eam sido procurados por empresas da [&hellip;]\" \/>\n<meta property=\"og:url\" content=\"https:\/\/unasp.br\/noticias\/90-dos-formandos-do-curso-de-ciencias-contabeis-estao-empregados\/\" \/>\n<meta property=\"og:site_name\" content=\"UNASP Noticias\" \/>\n<meta property=\"article:published_time\" content=\"2020-12-14T11:07:34+00:00\" \/>\n<meta property=\"article:modified_time\" content=\"2020-12-14T11:07:35+00:00\" \/>\n<meta property=\"og:image\" content=\"https:\/\/cdn.unasp.br\/noticias\/wp-content\/uploads\/2020\/12\/14050550\/WhatsApp-Image-2020-12-13-at-23.36.32.jpeg\" \/>\n\t<meta property=\"og:image:width\" content=\"1280\" \/>\n\t<meta property=\"og:image:height\" content=\"853\" \/>\n\t<meta property=\"og:image:type\" content=\"image\/jpeg\" \/>\n<meta name=\"author\" content=\"Aira Almeida\" \/>\n<meta name=\"twitter:card\" content=\"summary_large_image\" \/>\n<meta name=\"twitter:label1\" content=\"Escrito por\" \/>\n\t<meta name=\"twitter:data1\" content=\"Aira Almeida\" \/>\n\t<meta name=\"twitter:label2\" content=\"Est. tempo de leitura\" \/>\n\t<meta name=\"twitter:data2\" content=\"1 minuto\" \/>\n<script type=\"application\/ld+json\" class=\"yoast-schema-graph\">{\"@context\":\"https:\/\/schema.org\",\"@graph\":[{\"@type\":\"Article\",\"@id\":\"https:\/\/unasp.br\/noticias\/90-dos-formandos-do-curso-de-ciencias-contabeis-estao-empregados\/#article\",\"isPartOf\":{\"@id\":\"https:\/\/unasp.br\/noticias\/90-dos-formandos-do-curso-de-ciencias-contabeis-estao-empregados\/\"},\"author\":{\"name\":\"Aira Almeida\",\"@id\":\"https:\/\/unasp.br\/noticias\/#\/schema\/person\/80f09a3ec674501e6bb13144ffa2489f\"},\"headline\":\"90% dos formandos do curso de Ci\u00eancias Cont\u00e1beis est\u00e3o empregados\",\"datePublished\":\"2020-12-14T11:07:34+00:00\",\"dateModified\":\"2020-12-14T11:07:35+00:00\",\"mainEntityOfPage\":{\"@id\":\"https:\/\/unasp.br\/noticias\/90-dos-formandos-do-curso-de-ciencias-contabeis-estao-empregados\/\"},\"wordCount\":242,\"commentCount\":0,\"publisher\":{\"@id\":\"https:\/\/unasp.br\/noticias\/#organization\"},\"image\":{\"@id\":\"https:\/\/unasp.br\/noticias\/90-dos-formandos-do-curso-de-ciencias-contabeis-estao-empregados\/#primaryimage\"},\"thumbnailUrl\":\"https:\/\/cdn.unasp.br\/noticias\/wp-content\/uploads\/2020\/12\/14050550\/WhatsApp-Image-2020-12-13-at-23.36.32.jpeg\",\"articleSection\":[\"Formaturas\"],\"inLanguage\":\"pt-BR\",\"potentialAction\":[{\"@type\":\"CommentAction\",\"name\":\"Comment\",\"target\":[\"https:\/\/unasp.br\/noticias\/90-dos-formandos-do-curso-de-ciencias-contabeis-estao-empregados\/#respond\"]}]},{\"@type\":\"WebPage\",\"@id\":\"https:\/\/unasp.br\/noticias\/90-dos-formandos-do-curso-de-ciencias-contabeis-estao-empregados\/\",\"url\":\"https:\/\/unasp.br\/noticias\/90-dos-formandos-do-curso-de-ciencias-contabeis-estao-empregados\/\",\"name\":\"90% dos formandos do curso de Ci\u00eancias Cont\u00e1beis est\u00e3o empregados - UNASP Noticias\",\"isPartOf\":{\"@id\":\"https:\/\/unasp.br\/noticias\/#website\"},\"primaryImageOfPage\":{\"@id\":\"https:\/\/unasp.br\/noticias\/90-dos-formandos-do-curso-de-ciencias-contabeis-estao-empregados\/#primaryimage\"},\"image\":{\"@id\":\"https:\/\/unasp.br\/noticias\/90-dos-formandos-do-curso-de-ciencias-contabeis-estao-empregados\/#primaryimage\"},\"thumbnailUrl\":\"https:\/\/cdn.unasp.br\/noticias\/wp-content\/uploads\/2020\/12\/14050550\/WhatsApp-Image-2020-12-13-at-23.36.32.jpeg\",\"datePublished\":\"2020-12-14T11:07:34+00:00\",\"dateModified\":\"2020-12-14T11:07:35+00:00\",\"breadcrumb\":{\"@id\":\"https:\/\/unasp.br\/noticias\/90-dos-formandos-do-curso-de-ciencias-contabeis-estao-empregados\/#breadcrumb\"},\"inLanguage\":\"pt-BR\",\"potentialAction\":[{\"@type\":\"ReadAction\",\"target\":[\"https:\/\/unasp.br\/noticias\/90-dos-formandos-do-curso-de-ciencias-contabeis-estao-empregados\/\"]}]},{\"@type\":\"ImageObject\",\"inLanguage\":\"pt-BR\",\"@id\":\"https:\/\/unasp.br\/noticias\/90-dos-formandos-do-curso-de-ciencias-contabeis-estao-empregados\/#primaryimage\",\"url\":\"https:\/\/cdn.unasp.br\/noticias\/wp-content\/uploads\/2020\/12\/14050550\/WhatsApp-Image-2020-12-13-at-23.36.32.jpeg\",\"contentUrl\":\"https:\/\/cdn.unasp.br\/noticias\/wp-content\/uploads\/2020\/12\/14050550\/WhatsApp-Image-2020-12-13-at-23.36.32.jpeg\",\"width\":1280,\"height\":853},{\"@type\":\"BreadcrumbList\",\"@id\":\"https:\/\/unasp.br\/noticias\/90-dos-formandos-do-curso-de-ciencias-contabeis-estao-empregados\/#breadcrumb\",\"itemListElement\":[{\"@type\":\"ListItem\",\"position\":1,\"name\":\"In\u00edcio\",\"item\":\"https:\/\/unasp.br\/noticias\/\"},{\"@type\":\"ListItem\",\"position\":2,\"name\":\"90% dos formandos do curso de Ci\u00eancias Cont\u00e1beis est\u00e3o empregados\"}]},{\"@type\":\"WebSite\",\"@id\":\"https:\/\/unasp.br\/noticias\/#website\",\"url\":\"https:\/\/unasp.br\/noticias\/\",\"name\":\"UNASP Noticias\",\"description\":\"Centro Universit\u00e1rio Adventista de S\u00e3o Paulo\",\"publisher\":{\"@id\":\"https:\/\/unasp.br\/noticias\/#organization\"},\"potentialAction\":[{\"@type\":\"SearchAction\",\"target\":{\"@type\":\"EntryPoint\",\"urlTemplate\":\"https:\/\/unasp.br\/noticias\/?s={search_term_string}\"},\"query-input\":{\"@type\":\"PropertyValueSpecification\",\"valueRequired\":true,\"valueName\":\"search_term_string\"}}],\"inLanguage\":\"pt-BR\"},{\"@type\":\"Organization\",\"@id\":\"https:\/\/unasp.br\/noticias\/#organization\",\"name\":\"UNASP Noticias\",\"url\":\"https:\/\/unasp.br\/noticias\/\",\"logo\":{\"@type\":\"ImageObject\",\"inLanguage\":\"pt-BR\",\"@id\":\"https:\/\/unasp.br\/noticias\/#\/schema\/logo\/image\/\",\"url\":\"https:\/\/cdn.unasp.br\/noticias\/wp-content\/uploads\/2021\/09\/09152724\/logo-unasp-news.png\",\"contentUrl\":\"https:\/\/cdn.unasp.br\/noticias\/wp-content\/uploads\/2021\/09\/09152724\/logo-unasp-news.png\",\"width\":240,\"height\":41,\"caption\":\"UNASP Noticias\"},\"image\":{\"@id\":\"https:\/\/unasp.br\/noticias\/#\/schema\/logo\/image\/\"}},{\"@type\":\"Person\",\"@id\":\"https:\/\/unasp.br\/noticias\/#\/schema\/person\/80f09a3ec674501e6bb13144ffa2489f\",\"name\":\"Aira Almeida\",\"image\":{\"@type\":\"ImageObject\",\"inLanguage\":\"pt-BR\",\"@id\":\"https:\/\/unasp.br\/noticias\/#\/schema\/person\/image\/\",\"url\":\"https:\/\/secure.gravatar.com\/avatar\/e30ea867fdd5a41ec6a0cb350dcd108e?s=96&d=mm&r=g\",\"contentUrl\":\"https:\/\/secure.gravatar.com\/avatar\/e30ea867fdd5a41ec6a0cb350dcd108e?s=96&d=mm&r=g\",\"caption\":\"Aira Almeida\"},\"url\":\"https:\/\/unasp.br\/noticias\/author\/aira-almeidaedu-unasp-br\/\"}]}<\/script>\n<!-- \/ Yoast SEO plugin. -->","yoast_head_json":{"title":"90% dos formandos do curso de Ci\u00eancias Cont\u00e1beis est\u00e3o empregados - UNASP Noticias","robots":{"index":"index","follow":"follow","max-snippet":"max-snippet:-1","max-image-preview":"max-image-preview:large","max-video-preview":"max-video-preview:-1"},"canonical":"https:\/\/unasp.br\/noticias\/90-dos-formandos-do-curso-de-ciencias-contabeis-estao-empregados\/","og_locale":"pt_BR","og_type":"article","og_title":"90% dos formandos do curso de Ci\u00eancias Cont\u00e1beis est\u00e3o empregados - UNASP Noticias","og_description":"Pelo segundo ano consecutivo os formandos do curso de Ci\u00eancias Cont\u00e1beis t\u00eam sido procurados por empresas da [&hellip;]","og_url":"https:\/\/unasp.br\/noticias\/90-dos-formandos-do-curso-de-ciencias-contabeis-estao-empregados\/","og_site_name":"UNASP Noticias","article_published_time":"2020-12-14T11:07:34+00:00","article_modified_time":"2020-12-14T11:07:35+00:00","og_image":[{"width":1280,"height":853,"url":"https:\/\/cdn.unasp.br\/noticias\/wp-content\/uploads\/2020\/12\/14050550\/WhatsApp-Image-2020-12-13-at-23.36.32.jpeg","type":"image\/jpeg"}],"author":"Aira Almeida","twitter_card":"summary_large_image","twitter_misc":{"Escrito por":"Aira Almeida","Est. tempo de leitura":"1 minuto"},"schema":{"@context":"https:\/\/schema.org","@graph":[{"@type":"Article","@id":"https:\/\/unasp.br\/noticias\/90-dos-formandos-do-curso-de-ciencias-contabeis-estao-empregados\/#article","isPartOf":{"@id":"https:\/\/unasp.br\/noticias\/90-dos-formandos-do-curso-de-ciencias-contabeis-estao-empregados\/"},"author":{"name":"Aira Almeida","@id":"https:\/\/unasp.br\/noticias\/#\/schema\/person\/80f09a3ec674501e6bb13144ffa2489f"},"headline":"90% dos formandos do curso de Ci\u00eancias Cont\u00e1beis est\u00e3o empregados","datePublished":"2020-12-14T11:07:34+00:00","dateModified":"2020-12-14T11:07:35+00:00","mainEntityOfPage":{"@id":"https:\/\/unasp.br\/noticias\/90-dos-formandos-do-curso-de-ciencias-contabeis-estao-empregados\/"},"wordCount":242,"commentCount":0,"publisher":{"@id":"https:\/\/unasp.br\/noticias\/#organization"},"image":{"@id":"https:\/\/unasp.br\/noticias\/90-dos-formandos-do-curso-de-ciencias-contabeis-estao-empregados\/#primaryimage"},"thumbnailUrl":"https:\/\/cdn.unasp.br\/noticias\/wp-content\/uploads\/2020\/12\/14050550\/WhatsApp-Image-2020-12-13-at-23.36.32.jpeg","articleSection":["Formaturas"],"inLanguage":"pt-BR","potentialAction":[{"@type":"CommentAction","name":"Comment","target":["https:\/\/unasp.br\/noticias\/90-dos-formandos-do-curso-de-ciencias-contabeis-estao-empregados\/#respond"]}]},{"@type":"WebPage","@id":"https:\/\/unasp.br\/noticias\/90-dos-formandos-do-curso-de-ciencias-contabeis-estao-empregados\/","url":"https:\/\/unasp.br\/noticias\/90-dos-formandos-do-curso-de-ciencias-contabeis-estao-empregados\/","name":"90% dos formandos do curso de Ci\u00eancias Cont\u00e1beis est\u00e3o empregados - UNASP Noticias","isPartOf":{"@id":"https:\/\/unasp.br\/noticias\/#website"},"primaryImageOfPage":{"@id":"https:\/\/unasp.br\/noticias\/90-dos-formandos-do-curso-de-ciencias-contabeis-estao-empregados\/#primaryimage"},"image":{"@id":"https:\/\/unasp.br\/noticias\/90-dos-formandos-do-curso-de-ciencias-contabeis-estao-empregados\/#primaryimage"},"thumbnailUrl":"https:\/\/cdn.unasp.br\/noticias\/wp-content\/uploads\/2020\/12\/14050550\/WhatsApp-Image-2020-12-13-at-23.36.32.jpeg","datePublished":"2020-12-14T11:07:34+00:00","dateModified":"2020-12-14T11:07:35+00:00","breadcrumb":{"@id":"https:\/\/unasp.br\/noticias\/90-dos-formandos-do-curso-de-ciencias-contabeis-estao-empregados\/#breadcrumb"},"inLanguage":"pt-BR","potentialAction":[{"@type":"ReadAction","target":["https:\/\/unasp.br\/noticias\/90-dos-formandos-do-curso-de-ciencias-contabeis-estao-empregados\/"]}]},{"@type":"ImageObject","inLanguage":"pt-BR","@id":"https:\/\/unasp.br\/noticias\/90-dos-formandos-do-curso-de-ciencias-contabeis-estao-empregados\/#primaryimage","url":"https:\/\/cdn.unasp.br\/noticias\/wp-content\/uploads\/2020\/12\/14050550\/WhatsApp-Image-2020-12-13-at-23.36.32.jpeg","contentUrl":"https:\/\/cdn.unasp.br\/noticias\/wp-content\/uploads\/2020\/12\/14050550\/WhatsApp-Image-2020-12-13-at-23.36.32.jpeg","width":1280,"height":853},{"@type":"BreadcrumbList","@id":"https:\/\/unasp.br\/noticias\/90-dos-formandos-do-curso-de-ciencias-contabeis-estao-empregados\/#breadcrumb","itemListElement":[{"@type":"ListItem","position":1,"name":"In\u00edcio","item":"https:\/\/unasp.br\/noticias\/"},{"@type":"ListItem","position":2,"name":"90% dos formandos do curso de Ci\u00eancias Cont\u00e1beis est\u00e3o empregados"}]},{"@type":"WebSite","@id":"https:\/\/unasp.br\/noticias\/#website","url":"https:\/\/unasp.br\/noticias\/","name":"UNASP Noticias","description":"Centro Universit\u00e1rio Adventista de S\u00e3o Paulo","publisher":{"@id":"https:\/\/unasp.br\/noticias\/#organization"},"potentialAction":[{"@type":"SearchAction","target":{"@type":"EntryPoint","urlTemplate":"https:\/\/unasp.br\/noticias\/?s={search_term_string}"},"query-input":{"@type":"PropertyValueSpecification","valueRequired":true,"valueName":"search_term_string"}}],"inLanguage":"pt-BR"},{"@type":"Organization","@id":"https:\/\/unasp.br\/noticias\/#organization","name":"UNASP Noticias","url":"https:\/\/unasp.br\/noticias\/","logo":{"@type":"ImageObject","inLanguage":"pt-BR","@id":"https:\/\/unasp.br\/noticias\/#\/schema\/logo\/image\/","url":"https:\/\/cdn.unasp.br\/noticias\/wp-content\/uploads\/2021\/09\/09152724\/logo-unasp-news.png","contentUrl":"https:\/\/cdn.unasp.br\/noticias\/wp-content\/uploads\/2021\/09\/09152724\/logo-unasp-news.png","width":240,"height":41,"caption":"UNASP Noticias"},"image":{"@id":"https:\/\/unasp.br\/noticias\/#\/schema\/logo\/image\/"}},{"@type":"Person","@id":"https:\/\/unasp.br\/noticias\/#\/schema\/person\/80f09a3ec674501e6bb13144ffa2489f","name":"Aira Almeida","image":{"@type":"ImageObject","inLanguage":"pt-BR","@id":"https:\/\/unasp.br\/noticias\/#\/schema\/person\/image\/","url":"https:\/\/secure.gravatar.com\/avatar\/e30ea867fdd5a41ec6a0cb350dcd108e?s=96&d=mm&r=g","contentUrl":"https:\/\/secure.gravatar.com\/avatar\/e30ea867fdd5a41ec6a0cb350dcd108e?s=96&d=mm&r=g","caption":"Aira Almeida"},"url":"https:\/\/unasp.br\/noticias\/author\/aira-almeidaedu-unasp-br\/"}]}},"_links":{"self":[{"href":"https:\/\/unasp.br\/noticias\/wp-json\/wp\/v2\/posts\/92035"}],"collection":[{"href":"https:\/\/unasp.br\/noticias\/wp-json\/wp\/v2\/posts"}],"about":[{"href":"https:\/\/unasp.br\/noticias\/wp-json\/wp\/v2\/types\/post"}],"author":[{"embeddable":true,"href":"https:\/\/unasp.br\/noticias\/wp-json\/wp\/v2\/users\/30"}],"replies":[{"embeddable":true,"href":"https:\/\/unasp.br\/noticias\/wp-json\/wp\/v2\/comments?post=92035"}],"version-history":[{"count":2,"href":"https:\/\/unasp.br\/noticias\/wp-json\/wp\/v2\/posts\/92035\/revisions"}],"predecessor-version":[{"id":92039,"href":"https:\/\/unasp.br\/noticias\/wp-json\/wp\/v2\/posts\/92035\/revisions\/92039"}],"wp:featuredmedia":[{"embeddable":true,"href":"https:\/\/unasp.br\/noticias\/wp-json\/wp\/v2\/media\/92037"}],"wp:attachment":[{"href":"https:\/\/unasp.br\/noticias\/wp-json\/wp\/v2\/media?parent=92035"}],"wp:term":[{"taxonomy":"category","embeddable":true,"href":"https:\/\/unasp.br\/noticias\/wp-json\/wp\/v2\/categories?post=92035"},{"taxonomy":"post_tag","embeddable":true,"href":"https:\/\/unasp.br\/noticias\/wp-json\/wp\/v2\/tags?post=92035"}],"curies":[{"name":"wp","href":"https:\/\/api.w.org\/{rel}","templated":true}]}}