{"id":92040,"date":"2020-12-14T17:59:27","date_gmt":"2020-12-14T20:59:27","guid":{"rendered":"https:\/\/www.unasp.br\/noticias\/?p=92040"},"modified":"2020-12-14T17:59:30","modified_gmt":"2020-12-14T20:59:30","slug":"estudante-se-forma-em-historia-aos-78-anos","status":"publish","type":"post","link":"https:\/\/unasp.br\/noticias\/estudante-se-forma-em-historia-aos-78-anos\/","title":{"rendered":"Estudante se forma em Hist\u00f3ria aos 78 anos"},"content":{"rendered":"\n<div class=\"wp-block-image\"><figure class=\"alignleft size-large is-resized\"><img loading=\"lazy\" decoding=\"async\" src=\"https:\/\/www.unasp.br\/noticias\/wp-content\/uploads\/2020\/12\/IMG_2742-1024x683.jpg\" alt=\"\" class=\"wp-image-92041\" width=\"422\" height=\"281\" srcset=\"https:\/\/cdn.unasp.br\/noticias\/wp-content\/uploads\/2020\/12\/14145608\/IMG_2742-1024x683.jpg 1024w, https:\/\/cdn.unasp.br\/noticias\/wp-content\/uploads\/2020\/12\/14145608\/IMG_2742-300x200.jpg 300w, https:\/\/cdn.unasp.br\/noticias\/wp-content\/uploads\/2020\/12\/14145608\/IMG_2742-768x512.jpg 768w, https:\/\/cdn.unasp.br\/noticias\/wp-content\/uploads\/2020\/12\/14145608\/IMG_2742-1536x1024.jpg 1536w, https:\/\/cdn.unasp.br\/noticias\/wp-content\/uploads\/2020\/12\/14145608\/IMG_2742-900x600.jpg 900w, https:\/\/cdn.unasp.br\/noticias\/wp-content\/uploads\/2020\/12\/14145608\/IMG_2742-1200x800.jpg 1200w, https:\/\/cdn.unasp.br\/noticias\/wp-content\/uploads\/2020\/12\/14145608\/IMG_2742-1080x720.jpg 1080w, https:\/\/cdn.unasp.br\/noticias\/wp-content\/uploads\/2020\/12\/14145608\/IMG_2742-800x533.jpg 800w, https:\/\/cdn.unasp.br\/noticias\/wp-content\/uploads\/2020\/12\/14145608\/IMG_2742-750x500.jpg 750w, https:\/\/cdn.unasp.br\/noticias\/wp-content\/uploads\/2020\/12\/14145608\/IMG_2742-720x480.jpg 720w, https:\/\/cdn.unasp.br\/noticias\/wp-content\/uploads\/2020\/12\/14145608\/IMG_2742-420x280.jpg 420w, https:\/\/cdn.unasp.br\/noticias\/wp-content\/uploads\/2020\/12\/14145608\/IMG_2742-500x333.jpg 500w, https:\/\/cdn.unasp.br\/noticias\/wp-content\/uploads\/2020\/12\/14145608\/IMG_2742-400x267.jpg 400w, https:\/\/cdn.unasp.br\/noticias\/wp-content\/uploads\/2020\/12\/14145608\/IMG_2742-375x250.jpg 375w, https:\/\/cdn.unasp.br\/noticias\/wp-content\/uploads\/2020\/12\/14145608\/IMG_2742-225x150.jpg 225w, https:\/\/cdn.unasp.br\/noticias\/wp-content\/uploads\/2020\/12\/14145608\/IMG_2742-175x117.jpg 175w, https:\/\/cdn.unasp.br\/noticias\/wp-content\/uploads\/2020\/12\/14145608\/IMG_2742-200x133.jpg 200w, https:\/\/cdn.unasp.br\/noticias\/wp-content\/uploads\/2020\/12\/14145608\/IMG_2742.jpg 2048w\" sizes=\"(max-width: 422px) 100vw, 422px\" \/><figcaption>Francisco Pontes, formando de Hist\u00f3ria 2020.<\/figcaption><\/figure><\/div>\n\n\n\n<p>No ano de 2018, aos 76, Francisco Pontes decidiu fazer uma faculdade, depois de ter come\u00e7ado pelo menos duas sem conclu\u00ed-las. Ap\u00f3s muitos semin\u00e1rios, pesquisas, Trabalho de Conclus\u00e3o de Curso (TCC) e aulas \u00c0 dist\u00e2ncia por conta da pandemia, ele celebrou, aos 78 anos, sua formatura com outros formandos da faculdade de Licenciatura em Hist\u00f3ria do UNASP.<\/p>\n\n\n\n<p>Em 1990 Maria Alcenira saiu de Teresina (PI), estimulada pelas boas not\u00edcias levadas por amigos. Aos 53 anos se formou em Pedagogia, tamb\u00e9m pelo UNASP campus Engenheiro Coelho, para auxiliar na educa\u00e7\u00e3o de seu filho com necessidades especiais. <\/p>\n\n\n\n<p>Os dois casos retratados s\u00e3o exemplos de que nunca \u00e9 tarde para se reinventar. Tanto Maria quanto Francisco, conhecido como \u201cChico B\u00edblia\u201d, falam em continuar com os estudos atrav\u00e9s de p\u00f3s-gradua\u00e7\u00f5es e outras possibilidades. <\/p>\n\n\n\n<p>As cerim\u00f4nias de Cola\u00e7\u00e3o de Grau dos estudantes veteranos ocorreram nesta segunda-feira (14), na igreja do UNASP campus Engenheiro Coelho. Para a preserva\u00e7\u00e3o da sa\u00fade dos formandos, dos convidados e demais participantes, o UNASP implementou as normas de distanciamento social e a obrigatoriedade do uso de m\u00e1scaras, conforme as recomenda\u00e7\u00f5es da Organiza\u00e7\u00e3o Mundial de sa\u00fade (OMS). Ao final do evento cada formando recebeu uma pasta contendo um Certificado de Formatura. <\/p>\n\n\n\n<figure class=\"wp-block-gallery columns-2 is-cropped wp-block-gallery-2 is-layout-flex wp-block-gallery-is-layout-flex\"><ul class=\"blocks-gallery-grid\"><li class=\"blocks-gallery-item\"><figure><img loading=\"lazy\" decoding=\"async\" width=\"1024\" height=\"682\" src=\"https:\/\/www.unasp.br\/noticias\/wp-content\/uploads\/2020\/12\/WhatsApp-Image-2020-12-14-at-16.08.50-1024x682.jpeg\" alt=\"\" data-id=\"92043\" data-full-url=\"https:\/\/www.unasp.br\/noticias\/wp-content\/uploads\/2020\/12\/WhatsApp-Image-2020-12-14-at-16.08.50.jpeg\" data-link=\"https:\/\/www.unasp.br\/noticias\/?attachment_id=92043\" class=\"wp-image-92043\" srcset=\"https:\/\/cdn.unasp.br\/noticias\/wp-content\/uploads\/2020\/12\/14145810\/WhatsApp-Image-2020-12-14-at-16.08.50-1024x682.jpeg 1024w, https:\/\/cdn.unasp.br\/noticias\/wp-content\/uploads\/2020\/12\/14145810\/WhatsApp-Image-2020-12-14-at-16.08.50-300x200.jpeg 300w, https:\/\/cdn.unasp.br\/noticias\/wp-content\/uploads\/2020\/12\/14145810\/WhatsApp-Image-2020-12-14-at-16.08.50-768x512.jpeg 768w, https:\/\/cdn.unasp.br\/noticias\/wp-content\/uploads\/2020\/12\/14145810\/WhatsApp-Image-2020-12-14-at-16.08.50-900x600.jpeg 900w, https:\/\/cdn.unasp.br\/noticias\/wp-content\/uploads\/2020\/12\/14145810\/WhatsApp-Image-2020-12-14-at-16.08.50-1200x800.jpeg 1200w, https:\/\/cdn.unasp.br\/noticias\/wp-content\/uploads\/2020\/12\/14145810\/WhatsApp-Image-2020-12-14-at-16.08.50-1080x720.jpeg 1080w, https:\/\/cdn.unasp.br\/noticias\/wp-content\/uploads\/2020\/12\/14145810\/WhatsApp-Image-2020-12-14-at-16.08.50-800x533.jpeg 800w, https:\/\/cdn.unasp.br\/noticias\/wp-content\/uploads\/2020\/12\/14145810\/WhatsApp-Image-2020-12-14-at-16.08.50-750x500.jpeg 750w, https:\/\/cdn.unasp.br\/noticias\/wp-content\/uploads\/2020\/12\/14145810\/WhatsApp-Image-2020-12-14-at-16.08.50-720x480.jpeg 720w, https:\/\/cdn.unasp.br\/noticias\/wp-content\/uploads\/2020\/12\/14145810\/WhatsApp-Image-2020-12-14-at-16.08.50-420x280.jpeg 420w, https:\/\/cdn.unasp.br\/noticias\/wp-content\/uploads\/2020\/12\/14145810\/WhatsApp-Image-2020-12-14-at-16.08.50-500x333.jpeg 500w, https:\/\/cdn.unasp.br\/noticias\/wp-content\/uploads\/2020\/12\/14145810\/WhatsApp-Image-2020-12-14-at-16.08.50-400x267.jpeg 400w, https:\/\/cdn.unasp.br\/noticias\/wp-content\/uploads\/2020\/12\/14145810\/WhatsApp-Image-2020-12-14-at-16.08.50-375x250.jpeg 375w, https:\/\/cdn.unasp.br\/noticias\/wp-content\/uploads\/2020\/12\/14145810\/WhatsApp-Image-2020-12-14-at-16.08.50-225x150.jpeg 225w, https:\/\/cdn.unasp.br\/noticias\/wp-content\/uploads\/2020\/12\/14145810\/WhatsApp-Image-2020-12-14-at-16.08.50-175x117.jpeg 175w, https:\/\/cdn.unasp.br\/noticias\/wp-content\/uploads\/2020\/12\/14145810\/WhatsApp-Image-2020-12-14-at-16.08.50-200x133.jpeg 200w, https:\/\/cdn.unasp.br\/noticias\/wp-content\/uploads\/2020\/12\/14145810\/WhatsApp-Image-2020-12-14-at-16.08.50.jpeg 1280w\" sizes=\"(max-width: 1024px) 100vw, 1024px\" \/><\/figure><\/li><li class=\"blocks-gallery-item\"><figure><img loading=\"lazy\" decoding=\"async\" width=\"1024\" height=\"682\" src=\"https:\/\/www.unasp.br\/noticias\/wp-content\/uploads\/2020\/12\/WhatsApp-Image-2020-12-14-at-16.08.49-1024x682.jpeg\" alt=\"\" data-id=\"92044\" data-full-url=\"https:\/\/www.unasp.br\/noticias\/wp-content\/uploads\/2020\/12\/WhatsApp-Image-2020-12-14-at-16.08.49.jpeg\" data-link=\"https:\/\/www.unasp.br\/noticias\/?attachment_id=92044\" class=\"wp-image-92044\" srcset=\"https:\/\/cdn.unasp.br\/noticias\/wp-content\/uploads\/2020\/12\/14145819\/WhatsApp-Image-2020-12-14-at-16.08.49-1024x682.jpeg 1024w, https:\/\/cdn.unasp.br\/noticias\/wp-content\/uploads\/2020\/12\/14145819\/WhatsApp-Image-2020-12-14-at-16.08.49-300x200.jpeg 300w, https:\/\/cdn.unasp.br\/noticias\/wp-content\/uploads\/2020\/12\/14145819\/WhatsApp-Image-2020-12-14-at-16.08.49-768x512.jpeg 768w, https:\/\/cdn.unasp.br\/noticias\/wp-content\/uploads\/2020\/12\/14145819\/WhatsApp-Image-2020-12-14-at-16.08.49-900x600.jpeg 900w, https:\/\/cdn.unasp.br\/noticias\/wp-content\/uploads\/2020\/12\/14145819\/WhatsApp-Image-2020-12-14-at-16.08.49-1200x800.jpeg 1200w, https:\/\/cdn.unasp.br\/noticias\/wp-content\/uploads\/2020\/12\/14145819\/WhatsApp-Image-2020-12-14-at-16.08.49-1080x720.jpeg 1080w, https:\/\/cdn.unasp.br\/noticias\/wp-content\/uploads\/2020\/12\/14145819\/WhatsApp-Image-2020-12-14-at-16.08.49-800x533.jpeg 800w, https:\/\/cdn.unasp.br\/noticias\/wp-content\/uploads\/2020\/12\/14145819\/WhatsApp-Image-2020-12-14-at-16.08.49-750x500.jpeg 750w, https:\/\/cdn.unasp.br\/noticias\/wp-content\/uploads\/2020\/12\/14145819\/WhatsApp-Image-2020-12-14-at-16.08.49-720x480.jpeg 720w, https:\/\/cdn.unasp.br\/noticias\/wp-content\/uploads\/2020\/12\/14145819\/WhatsApp-Image-2020-12-14-at-16.08.49-420x280.jpeg 420w, https:\/\/cdn.unasp.br\/noticias\/wp-content\/uploads\/2020\/12\/14145819\/WhatsApp-Image-2020-12-14-at-16.08.49-500x333.jpeg 500w, https:\/\/cdn.unasp.br\/noticias\/wp-content\/uploads\/2020\/12\/14145819\/WhatsApp-Image-2020-12-14-at-16.08.49-400x267.jpeg 400w, https:\/\/cdn.unasp.br\/noticias\/wp-content\/uploads\/2020\/12\/14145819\/WhatsApp-Image-2020-12-14-at-16.08.49-375x250.jpeg 375w, https:\/\/cdn.unasp.br\/noticias\/wp-content\/uploads\/2020\/12\/14145819\/WhatsApp-Image-2020-12-14-at-16.08.49-225x150.jpeg 225w, https:\/\/cdn.unasp.br\/noticias\/wp-content\/uploads\/2020\/12\/14145819\/WhatsApp-Image-2020-12-14-at-16.08.49-175x117.jpeg 175w, https:\/\/cdn.unasp.br\/noticias\/wp-content\/uploads\/2020\/12\/14145819\/WhatsApp-Image-2020-12-14-at-16.08.49-200x133.jpeg 200w, https:\/\/cdn.unasp.br\/noticias\/wp-content\/uploads\/2020\/12\/14145819\/WhatsApp-Image-2020-12-14-at-16.08.49.jpeg 1280w\" sizes=\"(max-width: 1024px) 100vw, 1024px\" \/><\/figure><\/li><li class=\"blocks-gallery-item\"><figure><img loading=\"lazy\" decoding=\"async\" width=\"1024\" height=\"682\" src=\"https:\/\/www.unasp.br\/noticias\/wp-content\/uploads\/2020\/12\/WhatsApp-Image-2020-12-14-at-16.08.47-1024x682.jpeg\" alt=\"\" data-id=\"92045\" data-full-url=\"https:\/\/www.unasp.br\/noticias\/wp-content\/uploads\/2020\/12\/WhatsApp-Image-2020-12-14-at-16.08.47.jpeg\" data-link=\"https:\/\/www.unasp.br\/noticias\/?attachment_id=92045\" class=\"wp-image-92045\" srcset=\"https:\/\/cdn.unasp.br\/noticias\/wp-content\/uploads\/2020\/12\/14145828\/WhatsApp-Image-2020-12-14-at-16.08.47-1024x682.jpeg 1024w, https:\/\/cdn.unasp.br\/noticias\/wp-content\/uploads\/2020\/12\/14145828\/WhatsApp-Image-2020-12-14-at-16.08.47-300x200.jpeg 300w, https:\/\/cdn.unasp.br\/noticias\/wp-content\/uploads\/2020\/12\/14145828\/WhatsApp-Image-2020-12-14-at-16.08.47-768x512.jpeg 768w, https:\/\/cdn.unasp.br\/noticias\/wp-content\/uploads\/2020\/12\/14145828\/WhatsApp-Image-2020-12-14-at-16.08.47-900x600.jpeg 900w, https:\/\/cdn.unasp.br\/noticias\/wp-content\/uploads\/2020\/12\/14145828\/WhatsApp-Image-2020-12-14-at-16.08.47-1200x800.jpeg 1200w, https:\/\/cdn.unasp.br\/noticias\/wp-content\/uploads\/2020\/12\/14145828\/WhatsApp-Image-2020-12-14-at-16.08.47-1080x720.jpeg 1080w, https:\/\/cdn.unasp.br\/noticias\/wp-content\/uploads\/2020\/12\/14145828\/WhatsApp-Image-2020-12-14-at-16.08.47-800x533.jpeg 800w, https:\/\/cdn.unasp.br\/noticias\/wp-content\/uploads\/2020\/12\/14145828\/WhatsApp-Image-2020-12-14-at-16.08.47-750x500.jpeg 750w, https:\/\/cdn.unasp.br\/noticias\/wp-content\/uploads\/2020\/12\/14145828\/WhatsApp-Image-2020-12-14-at-16.08.47-720x480.jpeg 720w, https:\/\/cdn.unasp.br\/noticias\/wp-content\/uploads\/2020\/12\/14145828\/WhatsApp-Image-2020-12-14-at-16.08.47-420x280.jpeg 420w, https:\/\/cdn.unasp.br\/noticias\/wp-content\/uploads\/2020\/12\/14145828\/WhatsApp-Image-2020-12-14-at-16.08.47-500x333.jpeg 500w, https:\/\/cdn.unasp.br\/noticias\/wp-content\/uploads\/2020\/12\/14145828\/WhatsApp-Image-2020-12-14-at-16.08.47-400x267.jpeg 400w, https:\/\/cdn.unasp.br\/noticias\/wp-content\/uploads\/2020\/12\/14145828\/WhatsApp-Image-2020-12-14-at-16.08.47-375x250.jpeg 375w, https:\/\/cdn.unasp.br\/noticias\/wp-content\/uploads\/2020\/12\/14145828\/WhatsApp-Image-2020-12-14-at-16.08.47-225x150.jpeg 225w, https:\/\/cdn.unasp.br\/noticias\/wp-content\/uploads\/2020\/12\/14145828\/WhatsApp-Image-2020-12-14-at-16.08.47-175x117.jpeg 175w, https:\/\/cdn.unasp.br\/noticias\/wp-content\/uploads\/2020\/12\/14145828\/WhatsApp-Image-2020-12-14-at-16.08.47-200x133.jpeg 200w, https:\/\/cdn.unasp.br\/noticias\/wp-content\/uploads\/2020\/12\/14145828\/WhatsApp-Image-2020-12-14-at-16.08.47.jpeg 1280w\" sizes=\"(max-width: 1024px) 100vw, 1024px\" \/><\/figure><\/li><li class=\"blocks-gallery-item\"><figure><img loading=\"lazy\" decoding=\"async\" width=\"1024\" height=\"683\" src=\"https:\/\/www.unasp.br\/noticias\/wp-content\/uploads\/2020\/12\/IMG_2742-1-1024x683.jpg\" alt=\"\" data-id=\"92046\" data-full-url=\"https:\/\/www.unasp.br\/noticias\/wp-content\/uploads\/2020\/12\/IMG_2742-1.jpg\" data-link=\"https:\/\/www.unasp.br\/noticias\/?attachment_id=92046\" class=\"wp-image-92046\" srcset=\"https:\/\/cdn.unasp.br\/noticias\/wp-content\/uploads\/2020\/12\/14145838\/IMG_2742-1-1024x683.jpg 1024w, https:\/\/cdn.unasp.br\/noticias\/wp-content\/uploads\/2020\/12\/14145838\/IMG_2742-1-300x200.jpg 300w, https:\/\/cdn.unasp.br\/noticias\/wp-content\/uploads\/2020\/12\/14145838\/IMG_2742-1-768x512.jpg 768w, https:\/\/cdn.unasp.br\/noticias\/wp-content\/uploads\/2020\/12\/14145838\/IMG_2742-1-1536x1024.jpg 1536w, https:\/\/cdn.unasp.br\/noticias\/wp-content\/uploads\/2020\/12\/14145838\/IMG_2742-1-900x600.jpg 900w, https:\/\/cdn.unasp.br\/noticias\/wp-content\/uploads\/2020\/12\/14145838\/IMG_2742-1-1200x800.jpg 1200w, https:\/\/cdn.unasp.br\/noticias\/wp-content\/uploads\/2020\/12\/14145838\/IMG_2742-1-1080x720.jpg 1080w, https:\/\/cdn.unasp.br\/noticias\/wp-content\/uploads\/2020\/12\/14145838\/IMG_2742-1-800x533.jpg 800w, https:\/\/cdn.unasp.br\/noticias\/wp-content\/uploads\/2020\/12\/14145838\/IMG_2742-1-750x500.jpg 750w, https:\/\/cdn.unasp.br\/noticias\/wp-content\/uploads\/2020\/12\/14145838\/IMG_2742-1-720x480.jpg 720w, https:\/\/cdn.unasp.br\/noticias\/wp-content\/uploads\/2020\/12\/14145838\/IMG_2742-1-420x280.jpg 420w, https:\/\/cdn.unasp.br\/noticias\/wp-content\/uploads\/2020\/12\/14145838\/IMG_2742-1-500x333.jpg 500w, https:\/\/cdn.unasp.br\/noticias\/wp-content\/uploads\/2020\/12\/14145838\/IMG_2742-1-400x267.jpg 400w, https:\/\/cdn.unasp.br\/noticias\/wp-content\/uploads\/2020\/12\/14145838\/IMG_2742-1-375x250.jpg 375w, https:\/\/cdn.unasp.br\/noticias\/wp-content\/uploads\/2020\/12\/14145838\/IMG_2742-1-225x150.jpg 225w, https:\/\/cdn.unasp.br\/noticias\/wp-content\/uploads\/2020\/12\/14145838\/IMG_2742-1-175x117.jpg 175w, https:\/\/cdn.unasp.br\/noticias\/wp-content\/uploads\/2020\/12\/14145838\/IMG_2742-1-200x133.jpg 200w, https:\/\/cdn.unasp.br\/noticias\/wp-content\/uploads\/2020\/12\/14145838\/IMG_2742-1.jpg 2048w\" sizes=\"(max-width: 1024px) 100vw, 1024px\" \/><\/figure><\/li><\/ul><\/figure>\n","protected":false},"excerpt":{"rendered":"<p>No ano de 2018, aos 76, Francisco Pontes decidiu fazer uma faculdade, depois de ter come\u00e7ado pelo [&hellip;]<\/p>\n","protected":false},"author":30,"featured_media":92041,"comment_status":"open","ping_status":"open","sticky":false,"template":"","format":"standard","meta":{"footnotes":""},"categories":[1846],"tags":[],"yoast_head":"<!-- This site is optimized with the Yoast SEO plugin v23.5 - https:\/\/yoast.com\/wordpress\/plugins\/seo\/ -->\n<title>Estudante se forma em Hist\u00f3ria aos 78 anos<\/title>\n<meta name=\"description\" content=\"Conhecido como \u201cChico B\u00edblia\u201d, o formando diz que quer continuar estudando.\" \/>\n<meta name=\"robots\" content=\"index, follow, max-snippet:-1, max-image-preview:large, max-video-preview:-1\" \/>\n<link rel=\"canonical\" href=\"https:\/\/unasp.br\/noticias\/estudante-se-forma-em-historia-aos-78-anos\/\" \/>\n<meta property=\"og:locale\" content=\"pt_BR\" \/>\n<meta property=\"og:type\" content=\"article\" \/>\n<meta property=\"og:title\" content=\"Estudante se forma em Hist\u00f3ria aos 78 anos\" \/>\n<meta property=\"og:description\" content=\"Conhecido como \u201cChico B\u00edblia\u201d, o formando diz que quer continuar estudando.\" \/>\n<meta property=\"og:url\" content=\"https:\/\/unasp.br\/noticias\/estudante-se-forma-em-historia-aos-78-anos\/\" \/>\n<meta property=\"og:site_name\" content=\"UNASP Noticias\" \/>\n<meta property=\"article:published_time\" content=\"2020-12-14T20:59:27+00:00\" \/>\n<meta property=\"article:modified_time\" content=\"2020-12-14T20:59:30+00:00\" \/>\n<meta property=\"og:image\" content=\"https:\/\/cdn.unasp.br\/noticias\/wp-content\/uploads\/2020\/12\/14145608\/IMG_2742.jpg\" \/>\n\t<meta property=\"og:image:width\" content=\"2048\" \/>\n\t<meta property=\"og:image:height\" content=\"1365\" \/>\n\t<meta property=\"og:image:type\" content=\"image\/jpeg\" \/>\n<meta name=\"author\" content=\"Aira Almeida\" \/>\n<meta name=\"twitter:card\" content=\"summary_large_image\" \/>\n<meta name=\"twitter:label1\" content=\"Escrito por\" \/>\n\t<meta name=\"twitter:data1\" content=\"Aira Almeida\" \/>\n\t<meta name=\"twitter:label2\" content=\"Est. tempo de leitura\" \/>\n\t<meta name=\"twitter:data2\" content=\"1 minuto\" \/>\n<script type=\"application\/ld+json\" class=\"yoast-schema-graph\">{\"@context\":\"https:\/\/schema.org\",\"@graph\":[{\"@type\":\"Article\",\"@id\":\"https:\/\/unasp.br\/noticias\/estudante-se-forma-em-historia-aos-78-anos\/#article\",\"isPartOf\":{\"@id\":\"https:\/\/unasp.br\/noticias\/estudante-se-forma-em-historia-aos-78-anos\/\"},\"author\":{\"name\":\"Aira Almeida\",\"@id\":\"https:\/\/unasp.br\/noticias\/#\/schema\/person\/80f09a3ec674501e6bb13144ffa2489f\"},\"headline\":\"Estudante se forma em Hist\u00f3ria aos 78 anos\",\"datePublished\":\"2020-12-14T20:59:27+00:00\",\"dateModified\":\"2020-12-14T20:59:30+00:00\",\"mainEntityOfPage\":{\"@id\":\"https:\/\/unasp.br\/noticias\/estudante-se-forma-em-historia-aos-78-anos\/\"},\"wordCount\":228,\"commentCount\":0,\"publisher\":{\"@id\":\"https:\/\/unasp.br\/noticias\/#organization\"},\"image\":{\"@id\":\"https:\/\/unasp.br\/noticias\/estudante-se-forma-em-historia-aos-78-anos\/#primaryimage\"},\"thumbnailUrl\":\"https:\/\/cdn.unasp.br\/noticias\/wp-content\/uploads\/2020\/12\/14145608\/IMG_2742.jpg\",\"articleSection\":[\"Formaturas\"],\"inLanguage\":\"pt-BR\",\"potentialAction\":[{\"@type\":\"CommentAction\",\"name\":\"Comment\",\"target\":[\"https:\/\/unasp.br\/noticias\/estudante-se-forma-em-historia-aos-78-anos\/#respond\"]}]},{\"@type\":\"WebPage\",\"@id\":\"https:\/\/unasp.br\/noticias\/estudante-se-forma-em-historia-aos-78-anos\/\",\"url\":\"https:\/\/unasp.br\/noticias\/estudante-se-forma-em-historia-aos-78-anos\/\",\"name\":\"Estudante se forma em Hist\u00f3ria aos 78 anos\",\"isPartOf\":{\"@id\":\"https:\/\/unasp.br\/noticias\/#website\"},\"primaryImageOfPage\":{\"@id\":\"https:\/\/unasp.br\/noticias\/estudante-se-forma-em-historia-aos-78-anos\/#primaryimage\"},\"image\":{\"@id\":\"https:\/\/unasp.br\/noticias\/estudante-se-forma-em-historia-aos-78-anos\/#primaryimage\"},\"thumbnailUrl\":\"https:\/\/cdn.unasp.br\/noticias\/wp-content\/uploads\/2020\/12\/14145608\/IMG_2742.jpg\",\"datePublished\":\"2020-12-14T20:59:27+00:00\",\"dateModified\":\"2020-12-14T20:59:30+00:00\",\"description\":\"Conhecido como \u201cChico B\u00edblia\u201d, o formando diz que quer continuar estudando.\",\"breadcrumb\":{\"@id\":\"https:\/\/unasp.br\/noticias\/estudante-se-forma-em-historia-aos-78-anos\/#breadcrumb\"},\"inLanguage\":\"pt-BR\",\"potentialAction\":[{\"@type\":\"ReadAction\",\"target\":[\"https:\/\/unasp.br\/noticias\/estudante-se-forma-em-historia-aos-78-anos\/\"]}]},{\"@type\":\"ImageObject\",\"inLanguage\":\"pt-BR\",\"@id\":\"https:\/\/unasp.br\/noticias\/estudante-se-forma-em-historia-aos-78-anos\/#primaryimage\",\"url\":\"https:\/\/cdn.unasp.br\/noticias\/wp-content\/uploads\/2020\/12\/14145608\/IMG_2742.jpg\",\"contentUrl\":\"https:\/\/cdn.unasp.br\/noticias\/wp-content\/uploads\/2020\/12\/14145608\/IMG_2742.jpg\",\"width\":2048,\"height\":1365},{\"@type\":\"BreadcrumbList\",\"@id\":\"https:\/\/unasp.br\/noticias\/estudante-se-forma-em-historia-aos-78-anos\/#breadcrumb\",\"itemListElement\":[{\"@type\":\"ListItem\",\"position\":1,\"name\":\"In\u00edcio\",\"item\":\"https:\/\/unasp.br\/noticias\/\"},{\"@type\":\"ListItem\",\"position\":2,\"name\":\"Estudante se forma em Hist\u00f3ria aos 78 anos\"}]},{\"@type\":\"WebSite\",\"@id\":\"https:\/\/unasp.br\/noticias\/#website\",\"url\":\"https:\/\/unasp.br\/noticias\/\",\"name\":\"UNASP Noticias\",\"description\":\"Centro Universit\u00e1rio Adventista de S\u00e3o Paulo\",\"publisher\":{\"@id\":\"https:\/\/unasp.br\/noticias\/#organization\"},\"potentialAction\":[{\"@type\":\"SearchAction\",\"target\":{\"@type\":\"EntryPoint\",\"urlTemplate\":\"https:\/\/unasp.br\/noticias\/?s={search_term_string}\"},\"query-input\":{\"@type\":\"PropertyValueSpecification\",\"valueRequired\":true,\"valueName\":\"search_term_string\"}}],\"inLanguage\":\"pt-BR\"},{\"@type\":\"Organization\",\"@id\":\"https:\/\/unasp.br\/noticias\/#organization\",\"name\":\"UNASP Noticias\",\"url\":\"https:\/\/unasp.br\/noticias\/\",\"logo\":{\"@type\":\"ImageObject\",\"inLanguage\":\"pt-BR\",\"@id\":\"https:\/\/unasp.br\/noticias\/#\/schema\/logo\/image\/\",\"url\":\"https:\/\/cdn.unasp.br\/noticias\/wp-content\/uploads\/2021\/09\/09152724\/logo-unasp-news.png\",\"contentUrl\":\"https:\/\/cdn.unasp.br\/noticias\/wp-content\/uploads\/2021\/09\/09152724\/logo-unasp-news.png\",\"width\":240,\"height\":41,\"caption\":\"UNASP Noticias\"},\"image\":{\"@id\":\"https:\/\/unasp.br\/noticias\/#\/schema\/logo\/image\/\"}},{\"@type\":\"Person\",\"@id\":\"https:\/\/unasp.br\/noticias\/#\/schema\/person\/80f09a3ec674501e6bb13144ffa2489f\",\"name\":\"Aira Almeida\",\"image\":{\"@type\":\"ImageObject\",\"inLanguage\":\"pt-BR\",\"@id\":\"https:\/\/unasp.br\/noticias\/#\/schema\/person\/image\/\",\"url\":\"https:\/\/secure.gravatar.com\/avatar\/e30ea867fdd5a41ec6a0cb350dcd108e?s=96&d=mm&r=g\",\"contentUrl\":\"https:\/\/secure.gravatar.com\/avatar\/e30ea867fdd5a41ec6a0cb350dcd108e?s=96&d=mm&r=g\",\"caption\":\"Aira Almeida\"},\"url\":\"https:\/\/unasp.br\/noticias\/author\/aira-almeidaedu-unasp-br\/\"}]}<\/script>\n<!-- \/ Yoast SEO plugin. -->","yoast_head_json":{"title":"Estudante se forma em Hist\u00f3ria aos 78 anos","description":"Conhecido como \u201cChico B\u00edblia\u201d, o formando diz que quer continuar estudando.","robots":{"index":"index","follow":"follow","max-snippet":"max-snippet:-1","max-image-preview":"max-image-preview:large","max-video-preview":"max-video-preview:-1"},"canonical":"https:\/\/unasp.br\/noticias\/estudante-se-forma-em-historia-aos-78-anos\/","og_locale":"pt_BR","og_type":"article","og_title":"Estudante se forma em Hist\u00f3ria aos 78 anos","og_description":"Conhecido como \u201cChico B\u00edblia\u201d, o formando diz que quer continuar estudando.","og_url":"https:\/\/unasp.br\/noticias\/estudante-se-forma-em-historia-aos-78-anos\/","og_site_name":"UNASP Noticias","article_published_time":"2020-12-14T20:59:27+00:00","article_modified_time":"2020-12-14T20:59:30+00:00","og_image":[{"width":2048,"height":1365,"url":"https:\/\/cdn.unasp.br\/noticias\/wp-content\/uploads\/2020\/12\/14145608\/IMG_2742.jpg","type":"image\/jpeg"}],"author":"Aira Almeida","twitter_card":"summary_large_image","twitter_misc":{"Escrito por":"Aira Almeida","Est. tempo de leitura":"1 minuto"},"schema":{"@context":"https:\/\/schema.org","@graph":[{"@type":"Article","@id":"https:\/\/unasp.br\/noticias\/estudante-se-forma-em-historia-aos-78-anos\/#article","isPartOf":{"@id":"https:\/\/unasp.br\/noticias\/estudante-se-forma-em-historia-aos-78-anos\/"},"author":{"name":"Aira Almeida","@id":"https:\/\/unasp.br\/noticias\/#\/schema\/person\/80f09a3ec674501e6bb13144ffa2489f"},"headline":"Estudante se forma em Hist\u00f3ria aos 78 anos","datePublished":"2020-12-14T20:59:27+00:00","dateModified":"2020-12-14T20:59:30+00:00","mainEntityOfPage":{"@id":"https:\/\/unasp.br\/noticias\/estudante-se-forma-em-historia-aos-78-anos\/"},"wordCount":228,"commentCount":0,"publisher":{"@id":"https:\/\/unasp.br\/noticias\/#organization"},"image":{"@id":"https:\/\/unasp.br\/noticias\/estudante-se-forma-em-historia-aos-78-anos\/#primaryimage"},"thumbnailUrl":"https:\/\/cdn.unasp.br\/noticias\/wp-content\/uploads\/2020\/12\/14145608\/IMG_2742.jpg","articleSection":["Formaturas"],"inLanguage":"pt-BR","potentialAction":[{"@type":"CommentAction","name":"Comment","target":["https:\/\/unasp.br\/noticias\/estudante-se-forma-em-historia-aos-78-anos\/#respond"]}]},{"@type":"WebPage","@id":"https:\/\/unasp.br\/noticias\/estudante-se-forma-em-historia-aos-78-anos\/","url":"https:\/\/unasp.br\/noticias\/estudante-se-forma-em-historia-aos-78-anos\/","name":"Estudante se forma em Hist\u00f3ria aos 78 anos","isPartOf":{"@id":"https:\/\/unasp.br\/noticias\/#website"},"primaryImageOfPage":{"@id":"https:\/\/unasp.br\/noticias\/estudante-se-forma-em-historia-aos-78-anos\/#primaryimage"},"image":{"@id":"https:\/\/unasp.br\/noticias\/estudante-se-forma-em-historia-aos-78-anos\/#primaryimage"},"thumbnailUrl":"https:\/\/cdn.unasp.br\/noticias\/wp-content\/uploads\/2020\/12\/14145608\/IMG_2742.jpg","datePublished":"2020-12-14T20:59:27+00:00","dateModified":"2020-12-14T20:59:30+00:00","description":"Conhecido como \u201cChico B\u00edblia\u201d, o formando diz que quer continuar estudando.","breadcrumb":{"@id":"https:\/\/unasp.br\/noticias\/estudante-se-forma-em-historia-aos-78-anos\/#breadcrumb"},"inLanguage":"pt-BR","potentialAction":[{"@type":"ReadAction","target":["https:\/\/unasp.br\/noticias\/estudante-se-forma-em-historia-aos-78-anos\/"]}]},{"@type":"ImageObject","inLanguage":"pt-BR","@id":"https:\/\/unasp.br\/noticias\/estudante-se-forma-em-historia-aos-78-anos\/#primaryimage","url":"https:\/\/cdn.unasp.br\/noticias\/wp-content\/uploads\/2020\/12\/14145608\/IMG_2742.jpg","contentUrl":"https:\/\/cdn.unasp.br\/noticias\/wp-content\/uploads\/2020\/12\/14145608\/IMG_2742.jpg","width":2048,"height":1365},{"@type":"BreadcrumbList","@id":"https:\/\/unasp.br\/noticias\/estudante-se-forma-em-historia-aos-78-anos\/#breadcrumb","itemListElement":[{"@type":"ListItem","position":1,"name":"In\u00edcio","item":"https:\/\/unasp.br\/noticias\/"},{"@type":"ListItem","position":2,"name":"Estudante se forma em Hist\u00f3ria aos 78 anos"}]},{"@type":"WebSite","@id":"https:\/\/unasp.br\/noticias\/#website","url":"https:\/\/unasp.br\/noticias\/","name":"UNASP Noticias","description":"Centro Universit\u00e1rio Adventista de S\u00e3o Paulo","publisher":{"@id":"https:\/\/unasp.br\/noticias\/#organization"},"potentialAction":[{"@type":"SearchAction","target":{"@type":"EntryPoint","urlTemplate":"https:\/\/unasp.br\/noticias\/?s={search_term_string}"},"query-input":{"@type":"PropertyValueSpecification","valueRequired":true,"valueName":"search_term_string"}}],"inLanguage":"pt-BR"},{"@type":"Organization","@id":"https:\/\/unasp.br\/noticias\/#organization","name":"UNASP Noticias","url":"https:\/\/unasp.br\/noticias\/","logo":{"@type":"ImageObject","inLanguage":"pt-BR","@id":"https:\/\/unasp.br\/noticias\/#\/schema\/logo\/image\/","url":"https:\/\/cdn.unasp.br\/noticias\/wp-content\/uploads\/2021\/09\/09152724\/logo-unasp-news.png","contentUrl":"https:\/\/cdn.unasp.br\/noticias\/wp-content\/uploads\/2021\/09\/09152724\/logo-unasp-news.png","width":240,"height":41,"caption":"UNASP Noticias"},"image":{"@id":"https:\/\/unasp.br\/noticias\/#\/schema\/logo\/image\/"}},{"@type":"Person","@id":"https:\/\/unasp.br\/noticias\/#\/schema\/person\/80f09a3ec674501e6bb13144ffa2489f","name":"Aira Almeida","image":{"@type":"ImageObject","inLanguage":"pt-BR","@id":"https:\/\/unasp.br\/noticias\/#\/schema\/person\/image\/","url":"https:\/\/secure.gravatar.com\/avatar\/e30ea867fdd5a41ec6a0cb350dcd108e?s=96&d=mm&r=g","contentUrl":"https:\/\/secure.gravatar.com\/avatar\/e30ea867fdd5a41ec6a0cb350dcd108e?s=96&d=mm&r=g","caption":"Aira Almeida"},"url":"https:\/\/unasp.br\/noticias\/author\/aira-almeidaedu-unasp-br\/"}]}},"_links":{"self":[{"href":"https:\/\/unasp.br\/noticias\/wp-json\/wp\/v2\/posts\/92040"}],"collection":[{"href":"https:\/\/unasp.br\/noticias\/wp-json\/wp\/v2\/posts"}],"about":[{"href":"https:\/\/unasp.br\/noticias\/wp-json\/wp\/v2\/types\/post"}],"author":[{"embeddable":true,"href":"https:\/\/unasp.br\/noticias\/wp-json\/wp\/v2\/users\/30"}],"replies":[{"embeddable":true,"href":"https:\/\/unasp.br\/noticias\/wp-json\/wp\/v2\/comments?post=92040"}],"version-history":[{"count":2,"href":"https:\/\/unasp.br\/noticias\/wp-json\/wp\/v2\/posts\/92040\/revisions"}],"predecessor-version":[{"id":92047,"href":"https:\/\/unasp.br\/noticias\/wp-json\/wp\/v2\/posts\/92040\/revisions\/92047"}],"wp:featuredmedia":[{"embeddable":true,"href":"https:\/\/unasp.br\/noticias\/wp-json\/wp\/v2\/media\/92041"}],"wp:attachment":[{"href":"https:\/\/unasp.br\/noticias\/wp-json\/wp\/v2\/media?parent=92040"}],"wp:term":[{"taxonomy":"category","embeddable":true,"href":"https:\/\/unasp.br\/noticias\/wp-json\/wp\/v2\/categories?post=92040"},{"taxonomy":"post_tag","embeddable":true,"href":"https:\/\/unasp.br\/noticias\/wp-json\/wp\/v2\/tags?post=92040"}],"curies":[{"name":"wp","href":"https:\/\/api.w.org\/{rel}","templated":true}]}}