{"id":92048,"date":"2020-12-15T16:40:30","date_gmt":"2020-12-15T19:40:30","guid":{"rendered":"https:\/\/www.unasp.br\/noticias\/?p=92048"},"modified":"2020-12-15T16:41:49","modified_gmt":"2020-12-15T19:41:49","slug":"formaturas-e-cantatas-das-criancas-sofrem-adaptacoes-em-meio-a-pandemia","status":"publish","type":"post","link":"https:\/\/unasp.br\/noticias\/formaturas-e-cantatas-das-criancas-sofrem-adaptacoes-em-meio-a-pandemia\/","title":{"rendered":"Formaturas e cantatas das crian\u00e7as acontecem com adapta\u00e7\u00f5es"},"content":{"rendered":"\n<h2 class=\"wp-block-heading\"><strong>Formatura do Pr\u00e9<\/strong><\/h2>\n\n\n\n<p>No \u00faltimo domingo (13) aconteceram as primeiras formaturas do Col\u00e9gio UNASP Hortol\u00e2ndia. Dentre elas, a da passagem dos alunos <a href=\"https:\/\/colegio.unasp.br\/unidade-hortolandia\/unaspingo-hortolandia\/\">do pr\u00e9 para o primeiro ano do ensino fundamental I.<\/a> Para que todos os participantes estivessem protegidos, o evento foi dividido em duas sess\u00f5es, cada uma com cerca de 450 convidados. Nesse sentido, o col\u00e9gio preparou o local com todas as medidas de seguran\u00e7a exigidas para oferecer a melhor experi\u00eancia para os 86 formandos e seus convidados.<\/p>\n\n\n\n<figure class=\"wp-block-image size-large\"><img loading=\"lazy\" decoding=\"async\" width=\"1024\" height=\"1023\" src=\"https:\/\/www.unasp.br\/noticias\/wp-content\/uploads\/2020\/12\/WhatsApp-Image-2020-12-15-at-15.24.20.jpeg\" alt=\"\" class=\"wp-image-92051\" srcset=\"https:\/\/cdn.unasp.br\/noticias\/wp-content\/uploads\/2020\/12\/15133809\/WhatsApp-Image-2020-12-15-at-15.24.20.jpeg 1024w, https:\/\/cdn.unasp.br\/noticias\/wp-content\/uploads\/2020\/12\/15133809\/WhatsApp-Image-2020-12-15-at-15.24.20-300x300.jpeg 300w, https:\/\/cdn.unasp.br\/noticias\/wp-content\/uploads\/2020\/12\/15133809\/WhatsApp-Image-2020-12-15-at-15.24.20-150x150.jpeg 150w, https:\/\/cdn.unasp.br\/noticias\/wp-content\/uploads\/2020\/12\/15133809\/WhatsApp-Image-2020-12-15-at-15.24.20-768x767.jpeg 768w, https:\/\/cdn.unasp.br\/noticias\/wp-content\/uploads\/2020\/12\/15133809\/WhatsApp-Image-2020-12-15-at-15.24.20-601x600.jpeg 601w, https:\/\/cdn.unasp.br\/noticias\/wp-content\/uploads\/2020\/12\/15133809\/WhatsApp-Image-2020-12-15-at-15.24.20-801x800.jpeg 801w, https:\/\/cdn.unasp.br\/noticias\/wp-content\/uploads\/2020\/12\/15133809\/WhatsApp-Image-2020-12-15-at-15.24.20-721x720.jpeg 721w, https:\/\/cdn.unasp.br\/noticias\/wp-content\/uploads\/2020\/12\/15133809\/WhatsApp-Image-2020-12-15-at-15.24.20-800x800.jpeg 800w, https:\/\/cdn.unasp.br\/noticias\/wp-content\/uploads\/2020\/12\/15133809\/WhatsApp-Image-2020-12-15-at-15.24.20-500x500.jpeg 500w, https:\/\/cdn.unasp.br\/noticias\/wp-content\/uploads\/2020\/12\/15133809\/WhatsApp-Image-2020-12-15-at-15.24.20-480x480.jpeg 480w, https:\/\/cdn.unasp.br\/noticias\/wp-content\/uploads\/2020\/12\/15133809\/WhatsApp-Image-2020-12-15-at-15.24.20-280x280.jpeg 280w, https:\/\/cdn.unasp.br\/noticias\/wp-content\/uploads\/2020\/12\/15133809\/WhatsApp-Image-2020-12-15-at-15.24.20-400x400.jpeg 400w, https:\/\/cdn.unasp.br\/noticias\/wp-content\/uploads\/2020\/12\/15133809\/WhatsApp-Image-2020-12-15-at-15.24.20-250x250.jpeg 250w, https:\/\/cdn.unasp.br\/noticias\/wp-content\/uploads\/2020\/12\/15133809\/WhatsApp-Image-2020-12-15-at-15.24.20-200x200.jpeg 200w, https:\/\/cdn.unasp.br\/noticias\/wp-content\/uploads\/2020\/12\/15133809\/WhatsApp-Image-2020-12-15-at-15.24.20-175x175.jpeg 175w\" sizes=\"(max-width: 1024px) 100vw, 1024px\" \/><figcaption>Formatura do pr\u00e9 aconteceu respeitando os protocolos de sa\u00fade, mas sem perder o clima de celebra\u00e7\u00e3o. <\/figcaption><\/figure>\n\n\n\n<h2 class=\"wp-block-heading\"><strong>Cantata de Natal<\/strong><\/h2>\n\n\n\n<p>Ainda em clima de festa, as professoras de musicaliza\u00e7\u00e3o do Col\u00e9gio UNASP Hortol\u00e2ndia Bruna Santos, Maressa Manfre e Talita Bianchini prepararam uma Cantata de Natal em formato LIVE para os alunos da <a href=\"https:\/\/colegio.unasp.br\/unidade-hortolandia\/unaspinho\/\">educa\u00e7\u00e3o infantil e ensino fundamental I.<\/a> Utilizando imagens das cantatas de anos passados, as tr\u00eas cantaram e contaram hist\u00f3rias para os pequenos.<\/p>\n\n\n\n<p>A dire\u00e7\u00e3o do <a href=\"https:\/\/colegio.unasp.br\/unidade-hortolandia\/unaspinho\/\">UNASPinho<\/a> e UNASPingo, juntamente com as professoras tamb\u00e9m participaram. Al\u00e9m disso, as crian\u00e7as tamb\u00e9m estiveram presentes atrav\u00e9s de fotos enviadas \u00e0s professoras. <\/p>\n\n\n\n<p>Assista a Cantata de natal na \u00edntegra:<\/p>\n\n\n\n<figure class=\"wp-block-embed-youtube wp-block-embed is-type-video is-provider-youtube wp-embed-aspect-16-9 wp-has-aspect-ratio\"><div class=\"wp-block-embed__wrapper\">\n<iframe loading=\"lazy\" title=\"LIVE Natal Unaspinho.\" width=\"900\" height=\"506\" src=\"https:\/\/www.youtube.com\/embed\/AKyWltNrDmA?start=1075&#038;feature=oembed\" frameborder=\"0\" allow=\"accelerometer; autoplay; clipboard-write; encrypted-media; gyroscope; picture-in-picture\" allowfullscreen><\/iframe>\n<\/div><\/figure>\n","protected":false},"excerpt":{"rendered":"<p>Formatura do Pr\u00e9 No \u00faltimo domingo (13) aconteceram as primeiras formaturas do Col\u00e9gio UNASP Hortol\u00e2ndia. Dentre elas, [&hellip;]<\/p>\n","protected":false},"author":73,"featured_media":92049,"comment_status":"open","ping_status":"open","sticky":false,"template":"","format":"standard","meta":{"footnotes":""},"categories":[6],"tags":[],"yoast_head":"<!-- This site is optimized with the Yoast SEO plugin v23.5 - https:\/\/yoast.com\/wordpress\/plugins\/seo\/ -->\n<title>Formaturas e cantatas das crian\u00e7as acontecem com adapta\u00e7\u00f5es - UNASP Noticias<\/title>\n<meta name=\"robots\" content=\"index, follow, max-snippet:-1, max-image-preview:large, max-video-preview:-1\" \/>\n<link rel=\"canonical\" href=\"https:\/\/unasp.br\/noticias\/formaturas-e-cantatas-das-criancas-sofrem-adaptacoes-em-meio-a-pandemia\/\" \/>\n<meta property=\"og:locale\" content=\"pt_BR\" \/>\n<meta property=\"og:type\" content=\"article\" \/>\n<meta property=\"og:title\" content=\"Formaturas e cantatas das crian\u00e7as acontecem com adapta\u00e7\u00f5es - UNASP Noticias\" \/>\n<meta property=\"og:description\" content=\"Formatura do Pr\u00e9 No \u00faltimo domingo (13) aconteceram as primeiras formaturas do Col\u00e9gio UNASP Hortol\u00e2ndia. Dentre elas, [&hellip;]\" \/>\n<meta property=\"og:url\" content=\"https:\/\/unasp.br\/noticias\/formaturas-e-cantatas-das-criancas-sofrem-adaptacoes-em-meio-a-pandemia\/\" \/>\n<meta property=\"og:site_name\" content=\"UNASP Noticias\" \/>\n<meta property=\"article:published_time\" content=\"2020-12-15T19:40:30+00:00\" \/>\n<meta property=\"article:modified_time\" content=\"2020-12-15T19:41:49+00:00\" \/>\n<meta property=\"og:image\" content=\"https:\/\/cdn.unasp.br\/noticias\/wp-content\/uploads\/2020\/12\/15133732\/WhatsApp-Image-2020-12-15-at-15.23.34.jpeg\" \/>\n\t<meta property=\"og:image:width\" content=\"1024\" \/>\n\t<meta property=\"og:image:height\" content=\"683\" \/>\n\t<meta property=\"og:image:type\" content=\"image\/jpeg\" \/>\n<meta name=\"author\" content=\"Maria da Gl\u00f3ria Marques de Paula Barreto\" \/>\n<meta name=\"twitter:card\" content=\"summary_large_image\" \/>\n<meta name=\"twitter:label1\" content=\"Escrito por\" \/>\n\t<meta name=\"twitter:data1\" content=\"Maria da Gl\u00f3ria Marques de Paula Barreto\" \/>\n\t<meta name=\"twitter:label2\" content=\"Est. tempo de leitura\" \/>\n\t<meta name=\"twitter:data2\" content=\"1 minuto\" \/>\n<script type=\"application\/ld+json\" class=\"yoast-schema-graph\">{\"@context\":\"https:\/\/schema.org\",\"@graph\":[{\"@type\":\"Article\",\"@id\":\"https:\/\/unasp.br\/noticias\/formaturas-e-cantatas-das-criancas-sofrem-adaptacoes-em-meio-a-pandemia\/#article\",\"isPartOf\":{\"@id\":\"https:\/\/unasp.br\/noticias\/formaturas-e-cantatas-das-criancas-sofrem-adaptacoes-em-meio-a-pandemia\/\"},\"author\":{\"name\":\"Maria da Gl\u00f3ria Marques de Paula Barreto\",\"@id\":\"https:\/\/unasp.br\/noticias\/#\/schema\/person\/f3393a032491eabc46fadb3656375334\"},\"headline\":\"Formaturas e cantatas das crian\u00e7as acontecem com adapta\u00e7\u00f5es\",\"datePublished\":\"2020-12-15T19:40:30+00:00\",\"dateModified\":\"2020-12-15T19:41:49+00:00\",\"mainEntityOfPage\":{\"@id\":\"https:\/\/unasp.br\/noticias\/formaturas-e-cantatas-das-criancas-sofrem-adaptacoes-em-meio-a-pandemia\/\"},\"wordCount\":221,\"commentCount\":0,\"publisher\":{\"@id\":\"https:\/\/unasp.br\/noticias\/#organization\"},\"image\":{\"@id\":\"https:\/\/unasp.br\/noticias\/formaturas-e-cantatas-das-criancas-sofrem-adaptacoes-em-meio-a-pandemia\/#primaryimage\"},\"thumbnailUrl\":\"https:\/\/cdn.unasp.br\/noticias\/wp-content\/uploads\/2020\/12\/15133732\/WhatsApp-Image-2020-12-15-at-15.23.34.jpeg\",\"articleSection\":[\"Acontece no UNASP\"],\"inLanguage\":\"pt-BR\",\"potentialAction\":[{\"@type\":\"CommentAction\",\"name\":\"Comment\",\"target\":[\"https:\/\/unasp.br\/noticias\/formaturas-e-cantatas-das-criancas-sofrem-adaptacoes-em-meio-a-pandemia\/#respond\"]}]},{\"@type\":\"WebPage\",\"@id\":\"https:\/\/unasp.br\/noticias\/formaturas-e-cantatas-das-criancas-sofrem-adaptacoes-em-meio-a-pandemia\/\",\"url\":\"https:\/\/unasp.br\/noticias\/formaturas-e-cantatas-das-criancas-sofrem-adaptacoes-em-meio-a-pandemia\/\",\"name\":\"Formaturas e cantatas das crian\u00e7as acontecem com adapta\u00e7\u00f5es - UNASP Noticias\",\"isPartOf\":{\"@id\":\"https:\/\/unasp.br\/noticias\/#website\"},\"primaryImageOfPage\":{\"@id\":\"https:\/\/unasp.br\/noticias\/formaturas-e-cantatas-das-criancas-sofrem-adaptacoes-em-meio-a-pandemia\/#primaryimage\"},\"image\":{\"@id\":\"https:\/\/unasp.br\/noticias\/formaturas-e-cantatas-das-criancas-sofrem-adaptacoes-em-meio-a-pandemia\/#primaryimage\"},\"thumbnailUrl\":\"https:\/\/cdn.unasp.br\/noticias\/wp-content\/uploads\/2020\/12\/15133732\/WhatsApp-Image-2020-12-15-at-15.23.34.jpeg\",\"datePublished\":\"2020-12-15T19:40:30+00:00\",\"dateModified\":\"2020-12-15T19:41:49+00:00\",\"breadcrumb\":{\"@id\":\"https:\/\/unasp.br\/noticias\/formaturas-e-cantatas-das-criancas-sofrem-adaptacoes-em-meio-a-pandemia\/#breadcrumb\"},\"inLanguage\":\"pt-BR\",\"potentialAction\":[{\"@type\":\"ReadAction\",\"target\":[\"https:\/\/unasp.br\/noticias\/formaturas-e-cantatas-das-criancas-sofrem-adaptacoes-em-meio-a-pandemia\/\"]}]},{\"@type\":\"ImageObject\",\"inLanguage\":\"pt-BR\",\"@id\":\"https:\/\/unasp.br\/noticias\/formaturas-e-cantatas-das-criancas-sofrem-adaptacoes-em-meio-a-pandemia\/#primaryimage\",\"url\":\"https:\/\/cdn.unasp.br\/noticias\/wp-content\/uploads\/2020\/12\/15133732\/WhatsApp-Image-2020-12-15-at-15.23.34.jpeg\",\"contentUrl\":\"https:\/\/cdn.unasp.br\/noticias\/wp-content\/uploads\/2020\/12\/15133732\/WhatsApp-Image-2020-12-15-at-15.23.34.jpeg\",\"width\":1024,\"height\":683},{\"@type\":\"BreadcrumbList\",\"@id\":\"https:\/\/unasp.br\/noticias\/formaturas-e-cantatas-das-criancas-sofrem-adaptacoes-em-meio-a-pandemia\/#breadcrumb\",\"itemListElement\":[{\"@type\":\"ListItem\",\"position\":1,\"name\":\"In\u00edcio\",\"item\":\"https:\/\/unasp.br\/noticias\/\"},{\"@type\":\"ListItem\",\"position\":2,\"name\":\"Formaturas e cantatas das crian\u00e7as acontecem com adapta\u00e7\u00f5es\"}]},{\"@type\":\"WebSite\",\"@id\":\"https:\/\/unasp.br\/noticias\/#website\",\"url\":\"https:\/\/unasp.br\/noticias\/\",\"name\":\"UNASP Noticias\",\"description\":\"Centro Universit\u00e1rio Adventista de S\u00e3o Paulo\",\"publisher\":{\"@id\":\"https:\/\/unasp.br\/noticias\/#organization\"},\"potentialAction\":[{\"@type\":\"SearchAction\",\"target\":{\"@type\":\"EntryPoint\",\"urlTemplate\":\"https:\/\/unasp.br\/noticias\/?s={search_term_string}\"},\"query-input\":{\"@type\":\"PropertyValueSpecification\",\"valueRequired\":true,\"valueName\":\"search_term_string\"}}],\"inLanguage\":\"pt-BR\"},{\"@type\":\"Organization\",\"@id\":\"https:\/\/unasp.br\/noticias\/#organization\",\"name\":\"UNASP Noticias\",\"url\":\"https:\/\/unasp.br\/noticias\/\",\"logo\":{\"@type\":\"ImageObject\",\"inLanguage\":\"pt-BR\",\"@id\":\"https:\/\/unasp.br\/noticias\/#\/schema\/logo\/image\/\",\"url\":\"https:\/\/cdn.unasp.br\/noticias\/wp-content\/uploads\/2021\/09\/09152724\/logo-unasp-news.png\",\"contentUrl\":\"https:\/\/cdn.unasp.br\/noticias\/wp-content\/uploads\/2021\/09\/09152724\/logo-unasp-news.png\",\"width\":240,\"height\":41,\"caption\":\"UNASP Noticias\"},\"image\":{\"@id\":\"https:\/\/unasp.br\/noticias\/#\/schema\/logo\/image\/\"}},{\"@type\":\"Person\",\"@id\":\"https:\/\/unasp.br\/noticias\/#\/schema\/person\/f3393a032491eabc46fadb3656375334\",\"name\":\"Maria da Gl\u00f3ria Marques de Paula Barreto\",\"image\":{\"@type\":\"ImageObject\",\"inLanguage\":\"pt-BR\",\"@id\":\"https:\/\/unasp.br\/noticias\/#\/schema\/person\/image\/\",\"url\":\"https:\/\/secure.gravatar.com\/avatar\/3c23babfa2a847f4ce1e1403fe341fa3?s=96&d=mm&r=g\",\"contentUrl\":\"https:\/\/secure.gravatar.com\/avatar\/3c23babfa2a847f4ce1e1403fe341fa3?s=96&d=mm&r=g\",\"caption\":\"Maria da Gl\u00f3ria Marques de Paula Barreto\"},\"url\":\"https:\/\/unasp.br\/noticias\/author\/gloria-barretoadventistas-org\/\"}]}<\/script>\n<!-- \/ Yoast SEO plugin. -->","yoast_head_json":{"title":"Formaturas e cantatas das crian\u00e7as acontecem com adapta\u00e7\u00f5es - UNASP Noticias","robots":{"index":"index","follow":"follow","max-snippet":"max-snippet:-1","max-image-preview":"max-image-preview:large","max-video-preview":"max-video-preview:-1"},"canonical":"https:\/\/unasp.br\/noticias\/formaturas-e-cantatas-das-criancas-sofrem-adaptacoes-em-meio-a-pandemia\/","og_locale":"pt_BR","og_type":"article","og_title":"Formaturas e cantatas das crian\u00e7as acontecem com adapta\u00e7\u00f5es - UNASP Noticias","og_description":"Formatura do Pr\u00e9 No \u00faltimo domingo (13) aconteceram as primeiras formaturas do Col\u00e9gio UNASP Hortol\u00e2ndia. Dentre elas, [&hellip;]","og_url":"https:\/\/unasp.br\/noticias\/formaturas-e-cantatas-das-criancas-sofrem-adaptacoes-em-meio-a-pandemia\/","og_site_name":"UNASP Noticias","article_published_time":"2020-12-15T19:40:30+00:00","article_modified_time":"2020-12-15T19:41:49+00:00","og_image":[{"width":1024,"height":683,"url":"https:\/\/cdn.unasp.br\/noticias\/wp-content\/uploads\/2020\/12\/15133732\/WhatsApp-Image-2020-12-15-at-15.23.34.jpeg","type":"image\/jpeg"}],"author":"Maria da Gl\u00f3ria Marques de Paula Barreto","twitter_card":"summary_large_image","twitter_misc":{"Escrito por":"Maria da Gl\u00f3ria Marques de Paula Barreto","Est. tempo de leitura":"1 minuto"},"schema":{"@context":"https:\/\/schema.org","@graph":[{"@type":"Article","@id":"https:\/\/unasp.br\/noticias\/formaturas-e-cantatas-das-criancas-sofrem-adaptacoes-em-meio-a-pandemia\/#article","isPartOf":{"@id":"https:\/\/unasp.br\/noticias\/formaturas-e-cantatas-das-criancas-sofrem-adaptacoes-em-meio-a-pandemia\/"},"author":{"name":"Maria da Gl\u00f3ria Marques de Paula Barreto","@id":"https:\/\/unasp.br\/noticias\/#\/schema\/person\/f3393a032491eabc46fadb3656375334"},"headline":"Formaturas e cantatas das crian\u00e7as acontecem com adapta\u00e7\u00f5es","datePublished":"2020-12-15T19:40:30+00:00","dateModified":"2020-12-15T19:41:49+00:00","mainEntityOfPage":{"@id":"https:\/\/unasp.br\/noticias\/formaturas-e-cantatas-das-criancas-sofrem-adaptacoes-em-meio-a-pandemia\/"},"wordCount":221,"commentCount":0,"publisher":{"@id":"https:\/\/unasp.br\/noticias\/#organization"},"image":{"@id":"https:\/\/unasp.br\/noticias\/formaturas-e-cantatas-das-criancas-sofrem-adaptacoes-em-meio-a-pandemia\/#primaryimage"},"thumbnailUrl":"https:\/\/cdn.unasp.br\/noticias\/wp-content\/uploads\/2020\/12\/15133732\/WhatsApp-Image-2020-12-15-at-15.23.34.jpeg","articleSection":["Acontece no UNASP"],"inLanguage":"pt-BR","potentialAction":[{"@type":"CommentAction","name":"Comment","target":["https:\/\/unasp.br\/noticias\/formaturas-e-cantatas-das-criancas-sofrem-adaptacoes-em-meio-a-pandemia\/#respond"]}]},{"@type":"WebPage","@id":"https:\/\/unasp.br\/noticias\/formaturas-e-cantatas-das-criancas-sofrem-adaptacoes-em-meio-a-pandemia\/","url":"https:\/\/unasp.br\/noticias\/formaturas-e-cantatas-das-criancas-sofrem-adaptacoes-em-meio-a-pandemia\/","name":"Formaturas e cantatas das crian\u00e7as acontecem com adapta\u00e7\u00f5es - UNASP Noticias","isPartOf":{"@id":"https:\/\/unasp.br\/noticias\/#website"},"primaryImageOfPage":{"@id":"https:\/\/unasp.br\/noticias\/formaturas-e-cantatas-das-criancas-sofrem-adaptacoes-em-meio-a-pandemia\/#primaryimage"},"image":{"@id":"https:\/\/unasp.br\/noticias\/formaturas-e-cantatas-das-criancas-sofrem-adaptacoes-em-meio-a-pandemia\/#primaryimage"},"thumbnailUrl":"https:\/\/cdn.unasp.br\/noticias\/wp-content\/uploads\/2020\/12\/15133732\/WhatsApp-Image-2020-12-15-at-15.23.34.jpeg","datePublished":"2020-12-15T19:40:30+00:00","dateModified":"2020-12-15T19:41:49+00:00","breadcrumb":{"@id":"https:\/\/unasp.br\/noticias\/formaturas-e-cantatas-das-criancas-sofrem-adaptacoes-em-meio-a-pandemia\/#breadcrumb"},"inLanguage":"pt-BR","potentialAction":[{"@type":"ReadAction","target":["https:\/\/unasp.br\/noticias\/formaturas-e-cantatas-das-criancas-sofrem-adaptacoes-em-meio-a-pandemia\/"]}]},{"@type":"ImageObject","inLanguage":"pt-BR","@id":"https:\/\/unasp.br\/noticias\/formaturas-e-cantatas-das-criancas-sofrem-adaptacoes-em-meio-a-pandemia\/#primaryimage","url":"https:\/\/cdn.unasp.br\/noticias\/wp-content\/uploads\/2020\/12\/15133732\/WhatsApp-Image-2020-12-15-at-15.23.34.jpeg","contentUrl":"https:\/\/cdn.unasp.br\/noticias\/wp-content\/uploads\/2020\/12\/15133732\/WhatsApp-Image-2020-12-15-at-15.23.34.jpeg","width":1024,"height":683},{"@type":"BreadcrumbList","@id":"https:\/\/unasp.br\/noticias\/formaturas-e-cantatas-das-criancas-sofrem-adaptacoes-em-meio-a-pandemia\/#breadcrumb","itemListElement":[{"@type":"ListItem","position":1,"name":"In\u00edcio","item":"https:\/\/unasp.br\/noticias\/"},{"@type":"ListItem","position":2,"name":"Formaturas e cantatas das crian\u00e7as acontecem com adapta\u00e7\u00f5es"}]},{"@type":"WebSite","@id":"https:\/\/unasp.br\/noticias\/#website","url":"https:\/\/unasp.br\/noticias\/","name":"UNASP Noticias","description":"Centro Universit\u00e1rio Adventista de S\u00e3o Paulo","publisher":{"@id":"https:\/\/unasp.br\/noticias\/#organization"},"potentialAction":[{"@type":"SearchAction","target":{"@type":"EntryPoint","urlTemplate":"https:\/\/unasp.br\/noticias\/?s={search_term_string}"},"query-input":{"@type":"PropertyValueSpecification","valueRequired":true,"valueName":"search_term_string"}}],"inLanguage":"pt-BR"},{"@type":"Organization","@id":"https:\/\/unasp.br\/noticias\/#organization","name":"UNASP Noticias","url":"https:\/\/unasp.br\/noticias\/","logo":{"@type":"ImageObject","inLanguage":"pt-BR","@id":"https:\/\/unasp.br\/noticias\/#\/schema\/logo\/image\/","url":"https:\/\/cdn.unasp.br\/noticias\/wp-content\/uploads\/2021\/09\/09152724\/logo-unasp-news.png","contentUrl":"https:\/\/cdn.unasp.br\/noticias\/wp-content\/uploads\/2021\/09\/09152724\/logo-unasp-news.png","width":240,"height":41,"caption":"UNASP Noticias"},"image":{"@id":"https:\/\/unasp.br\/noticias\/#\/schema\/logo\/image\/"}},{"@type":"Person","@id":"https:\/\/unasp.br\/noticias\/#\/schema\/person\/f3393a032491eabc46fadb3656375334","name":"Maria da Gl\u00f3ria Marques de Paula Barreto","image":{"@type":"ImageObject","inLanguage":"pt-BR","@id":"https:\/\/unasp.br\/noticias\/#\/schema\/person\/image\/","url":"https:\/\/secure.gravatar.com\/avatar\/3c23babfa2a847f4ce1e1403fe341fa3?s=96&d=mm&r=g","contentUrl":"https:\/\/secure.gravatar.com\/avatar\/3c23babfa2a847f4ce1e1403fe341fa3?s=96&d=mm&r=g","caption":"Maria da Gl\u00f3ria Marques de Paula Barreto"},"url":"https:\/\/unasp.br\/noticias\/author\/gloria-barretoadventistas-org\/"}]}},"_links":{"self":[{"href":"https:\/\/unasp.br\/noticias\/wp-json\/wp\/v2\/posts\/92048"}],"collection":[{"href":"https:\/\/unasp.br\/noticias\/wp-json\/wp\/v2\/posts"}],"about":[{"href":"https:\/\/unasp.br\/noticias\/wp-json\/wp\/v2\/types\/post"}],"author":[{"embeddable":true,"href":"https:\/\/unasp.br\/noticias\/wp-json\/wp\/v2\/users\/73"}],"replies":[{"embeddable":true,"href":"https:\/\/unasp.br\/noticias\/wp-json\/wp\/v2\/comments?post=92048"}],"version-history":[{"count":3,"href":"https:\/\/unasp.br\/noticias\/wp-json\/wp\/v2\/posts\/92048\/revisions"}],"predecessor-version":[{"id":92054,"href":"https:\/\/unasp.br\/noticias\/wp-json\/wp\/v2\/posts\/92048\/revisions\/92054"}],"wp:featuredmedia":[{"embeddable":true,"href":"https:\/\/unasp.br\/noticias\/wp-json\/wp\/v2\/media\/92049"}],"wp:attachment":[{"href":"https:\/\/unasp.br\/noticias\/wp-json\/wp\/v2\/media?parent=92048"}],"wp:term":[{"taxonomy":"category","embeddable":true,"href":"https:\/\/unasp.br\/noticias\/wp-json\/wp\/v2\/categories?post=92048"},{"taxonomy":"post_tag","embeddable":true,"href":"https:\/\/unasp.br\/noticias\/wp-json\/wp\/v2\/tags?post=92048"}],"curies":[{"name":"wp","href":"https:\/\/api.w.org\/{rel}","templated":true}]}}