{"id":92065,"date":"2020-12-16T09:04:08","date_gmt":"2020-12-16T12:04:08","guid":{"rendered":"https:\/\/www.unasp.br\/noticias\/?p=92065"},"modified":"2020-12-16T09:04:09","modified_gmt":"2020-12-16T12:04:09","slug":"homenagem-especial-encerra-formaturas-do-unasp-engenheiro-coelho","status":"publish","type":"post","link":"https:\/\/unasp.br\/noticias\/homenagem-especial-encerra-formaturas-do-unasp-engenheiro-coelho\/","title":{"rendered":"Homenagem especial encerra formaturas do UNASP Engenheiro Coelho"},"content":{"rendered":"\n<div class=\"wp-block-image\"><figure class=\"alignleft size-large is-resized\"><img loading=\"lazy\" decoding=\"async\" src=\"https:\/\/www.unasp.br\/noticias\/wp-content\/uploads\/2020\/12\/50724671921_8894864755_c.jpg\" alt=\"\" class=\"wp-image-92066\" width=\"390\" height=\"259\" srcset=\"https:\/\/cdn.unasp.br\/noticias\/wp-content\/uploads\/2020\/12\/16055937\/50724671921_8894864755_c.jpg 799w, https:\/\/cdn.unasp.br\/noticias\/wp-content\/uploads\/2020\/12\/16055937\/50724671921_8894864755_c-300x200.jpg 300w, https:\/\/cdn.unasp.br\/noticias\/wp-content\/uploads\/2020\/12\/16055937\/50724671921_8894864755_c-768x512.jpg 768w, https:\/\/cdn.unasp.br\/noticias\/wp-content\/uploads\/2020\/12\/16055937\/50724671921_8894864755_c-750x500.jpg 750w, https:\/\/cdn.unasp.br\/noticias\/wp-content\/uploads\/2020\/12\/16055937\/50724671921_8894864755_c-720x480.jpg 720w, https:\/\/cdn.unasp.br\/noticias\/wp-content\/uploads\/2020\/12\/16055937\/50724671921_8894864755_c-420x280.jpg 420w, https:\/\/cdn.unasp.br\/noticias\/wp-content\/uploads\/2020\/12\/16055937\/50724671921_8894864755_c-400x267.jpg 400w, https:\/\/cdn.unasp.br\/noticias\/wp-content\/uploads\/2020\/12\/16055937\/50724671921_8894864755_c-375x250.jpg 375w, https:\/\/cdn.unasp.br\/noticias\/wp-content\/uploads\/2020\/12\/16055937\/50724671921_8894864755_c-225x150.jpg 225w, https:\/\/cdn.unasp.br\/noticias\/wp-content\/uploads\/2020\/12\/16055937\/50724671921_8894864755_c-175x117.jpg 175w, https:\/\/cdn.unasp.br\/noticias\/wp-content\/uploads\/2020\/12\/16055937\/50724671921_8894864755_c-200x133.jpg 200w\" sizes=\"(max-width: 390px) 100vw, 390px\" \/><figcaption>Formatura de Engenharia de Produ\u00e7\u00e3o, 2020.<\/figcaption><\/figure><\/div>\n\n\n\n<p>A formatura de Engenharia de Produ\u00e7\u00e3o foi a \u00faltima celebra\u00e7\u00e3o a n\u00edvel de Ensino Superior do UNASP campus Engenheiro Coelho. Ao todo, 21 estudantes finalizaram a gradua\u00e7\u00e3o, que aconteceu no audit\u00f3rio central do campus. O vice-reitor e pastor, Me. Ant\u00f4nio Marcos, agradeceu aos pais e alunos pela \u201cconfian\u00e7a dispensada na Educa\u00e7\u00e3o Adventista\u201d e estendeu uma s\u00e9rie de conselhos para o futuro dos formandos.<\/p>\n\n\n\n<p>No momento de sua fala em nome da turma, Alexandre Cirilo relembrou a trajet\u00f3ria que foi trilhada desde 2016 quando iniciou o curso e prestou uma homenagem aos colegas citando suas\u00a0 caracter\u00edsticas. \u201cConsegui ver a import\u00e2ncia de ser resiliente, organizado, sol\u00edcito, profissional. Fomos agraciados com a presen\u00e7a de muitos que n\u00e3o chegaram aqui, mas, de alguma forma, essa festa tamb\u00e9m \u00e9 deles\u201d, afirmou.<\/p>\n\n\n\n<h2 class=\"has-luminous-vivid-orange-color has-text-color wp-block-heading\"><strong>Homenagem a Jo\u00e3o<\/strong><\/h2>\n\n\n\n<p>Em um discurso emocionado, Jos\u00e9 Rogeiro contou a hist\u00f3ria de Jo\u00e3o Davi que n\u00e3o resistiu ap\u00f3s uma \u201c\u00e1rdua batalha contra a leucemia\u201d no \u00faltimo ano da Gradua\u00e7\u00e3o. Jo\u00e3o nasceu na Angola e cuidou dos irm\u00e3os desde muito cedo ap\u00f3s a perda dos pais. A oportunidade por meio da bolsas de estudo no Brasil contribuiu para a realiza\u00e7\u00e3o de um sonho profissional.<\/p>\n\n\n\n<p>Ele reitera que Jo\u00e3o era \u201csorridente, atencioso, humilde e\nsempre disposto\u201d e ressaltou que carrega \u201cas mem\u00f3rias positivas, a energia e os\nsonhos\u201d do amigo. Em mem\u00f3ria e respeito ao colega, foi feito um minuto de\nsil\u00eancio no audit\u00f3rio.<\/p>\n\n\n\n<h2 class=\"has-luminous-vivid-orange-color has-text-color wp-block-heading\"><strong>Futuro pr\u00f3ximo<\/strong><\/h2>\n\n\n\n<p>Para Maura Dias, professora do curso, \u201cos docentes foram construtores na decis\u00e3o dos alunos de se tornarem engenheiros de produ\u00e7\u00e3o\u201d, disse. Ela refor\u00e7ou os desafios que os formandos podem encontrar no mercado de trabalhos e finalizou com incentivo aos alunos pela busca de oportunidades. O Unasp tem o compromisso com a qualidade do ensino, e al\u00e9m disso buscar proporcionar experi\u00eancias para a vida. As formaturas representam o fim de um ciclo e o in\u00edcio de novos projetos e oportunidades. <\/p>\n","protected":false},"excerpt":{"rendered":"<p>A formatura de Engenharia de Produ\u00e7\u00e3o foi a \u00faltima celebra\u00e7\u00e3o a n\u00edvel de Ensino Superior do UNASP [&hellip;]<\/p>\n","protected":false},"author":30,"featured_media":92066,"comment_status":"open","ping_status":"open","sticky":false,"template":"","format":"standard","meta":{"footnotes":""},"categories":[1846],"tags":[],"yoast_head":"<!-- This site is optimized with the Yoast SEO plugin v23.5 - https:\/\/yoast.com\/wordpress\/plugins\/seo\/ -->\n<title>Homenagem especial encerra formaturas do UNASP Engenheiro Coelho - UNASP Noticias<\/title>\n<meta name=\"robots\" content=\"index, follow, max-snippet:-1, max-image-preview:large, max-video-preview:-1\" \/>\n<link rel=\"canonical\" href=\"https:\/\/unasp.br\/noticias\/homenagem-especial-encerra-formaturas-do-unasp-engenheiro-coelho\/\" \/>\n<meta property=\"og:locale\" content=\"pt_BR\" \/>\n<meta property=\"og:type\" content=\"article\" \/>\n<meta property=\"og:title\" content=\"Homenagem especial encerra formaturas do UNASP Engenheiro Coelho - UNASP Noticias\" \/>\n<meta property=\"og:description\" content=\"A formatura de Engenharia de Produ\u00e7\u00e3o foi a \u00faltima celebra\u00e7\u00e3o a n\u00edvel de Ensino Superior do UNASP [&hellip;]\" \/>\n<meta property=\"og:url\" content=\"https:\/\/unasp.br\/noticias\/homenagem-especial-encerra-formaturas-do-unasp-engenheiro-coelho\/\" \/>\n<meta property=\"og:site_name\" content=\"UNASP Noticias\" \/>\n<meta property=\"article:published_time\" content=\"2020-12-16T12:04:08+00:00\" \/>\n<meta property=\"article:modified_time\" content=\"2020-12-16T12:04:09+00:00\" \/>\n<meta property=\"og:image\" content=\"https:\/\/cdn.unasp.br\/noticias\/wp-content\/uploads\/2020\/12\/16055937\/50724671921_8894864755_c.jpg\" \/>\n\t<meta property=\"og:image:width\" content=\"799\" \/>\n\t<meta property=\"og:image:height\" content=\"533\" \/>\n\t<meta property=\"og:image:type\" content=\"image\/jpeg\" \/>\n<meta name=\"author\" content=\"Aira Almeida\" \/>\n<meta name=\"twitter:card\" content=\"summary_large_image\" \/>\n<meta name=\"twitter:label1\" content=\"Escrito por\" \/>\n\t<meta name=\"twitter:data1\" content=\"Aira Almeida\" \/>\n\t<meta name=\"twitter:label2\" content=\"Est. tempo de leitura\" \/>\n\t<meta name=\"twitter:data2\" content=\"2 minutos\" \/>\n<script type=\"application\/ld+json\" class=\"yoast-schema-graph\">{\"@context\":\"https:\/\/schema.org\",\"@graph\":[{\"@type\":\"Article\",\"@id\":\"https:\/\/unasp.br\/noticias\/homenagem-especial-encerra-formaturas-do-unasp-engenheiro-coelho\/#article\",\"isPartOf\":{\"@id\":\"https:\/\/unasp.br\/noticias\/homenagem-especial-encerra-formaturas-do-unasp-engenheiro-coelho\/\"},\"author\":{\"name\":\"Aira Almeida\",\"@id\":\"https:\/\/unasp.br\/noticias\/#\/schema\/person\/80f09a3ec674501e6bb13144ffa2489f\"},\"headline\":\"Homenagem especial encerra formaturas do UNASP Engenheiro Coelho\",\"datePublished\":\"2020-12-16T12:04:08+00:00\",\"dateModified\":\"2020-12-16T12:04:09+00:00\",\"mainEntityOfPage\":{\"@id\":\"https:\/\/unasp.br\/noticias\/homenagem-especial-encerra-formaturas-do-unasp-engenheiro-coelho\/\"},\"wordCount\":359,\"commentCount\":0,\"publisher\":{\"@id\":\"https:\/\/unasp.br\/noticias\/#organization\"},\"image\":{\"@id\":\"https:\/\/unasp.br\/noticias\/homenagem-especial-encerra-formaturas-do-unasp-engenheiro-coelho\/#primaryimage\"},\"thumbnailUrl\":\"https:\/\/cdn.unasp.br\/noticias\/wp-content\/uploads\/2020\/12\/16055937\/50724671921_8894864755_c.jpg\",\"articleSection\":[\"Formaturas\"],\"inLanguage\":\"pt-BR\",\"potentialAction\":[{\"@type\":\"CommentAction\",\"name\":\"Comment\",\"target\":[\"https:\/\/unasp.br\/noticias\/homenagem-especial-encerra-formaturas-do-unasp-engenheiro-coelho\/#respond\"]}]},{\"@type\":\"WebPage\",\"@id\":\"https:\/\/unasp.br\/noticias\/homenagem-especial-encerra-formaturas-do-unasp-engenheiro-coelho\/\",\"url\":\"https:\/\/unasp.br\/noticias\/homenagem-especial-encerra-formaturas-do-unasp-engenheiro-coelho\/\",\"name\":\"Homenagem especial encerra formaturas do UNASP Engenheiro Coelho - UNASP Noticias\",\"isPartOf\":{\"@id\":\"https:\/\/unasp.br\/noticias\/#website\"},\"primaryImageOfPage\":{\"@id\":\"https:\/\/unasp.br\/noticias\/homenagem-especial-encerra-formaturas-do-unasp-engenheiro-coelho\/#primaryimage\"},\"image\":{\"@id\":\"https:\/\/unasp.br\/noticias\/homenagem-especial-encerra-formaturas-do-unasp-engenheiro-coelho\/#primaryimage\"},\"thumbnailUrl\":\"https:\/\/cdn.unasp.br\/noticias\/wp-content\/uploads\/2020\/12\/16055937\/50724671921_8894864755_c.jpg\",\"datePublished\":\"2020-12-16T12:04:08+00:00\",\"dateModified\":\"2020-12-16T12:04:09+00:00\",\"breadcrumb\":{\"@id\":\"https:\/\/unasp.br\/noticias\/homenagem-especial-encerra-formaturas-do-unasp-engenheiro-coelho\/#breadcrumb\"},\"inLanguage\":\"pt-BR\",\"potentialAction\":[{\"@type\":\"ReadAction\",\"target\":[\"https:\/\/unasp.br\/noticias\/homenagem-especial-encerra-formaturas-do-unasp-engenheiro-coelho\/\"]}]},{\"@type\":\"ImageObject\",\"inLanguage\":\"pt-BR\",\"@id\":\"https:\/\/unasp.br\/noticias\/homenagem-especial-encerra-formaturas-do-unasp-engenheiro-coelho\/#primaryimage\",\"url\":\"https:\/\/cdn.unasp.br\/noticias\/wp-content\/uploads\/2020\/12\/16055937\/50724671921_8894864755_c.jpg\",\"contentUrl\":\"https:\/\/cdn.unasp.br\/noticias\/wp-content\/uploads\/2020\/12\/16055937\/50724671921_8894864755_c.jpg\",\"width\":799,\"height\":533},{\"@type\":\"BreadcrumbList\",\"@id\":\"https:\/\/unasp.br\/noticias\/homenagem-especial-encerra-formaturas-do-unasp-engenheiro-coelho\/#breadcrumb\",\"itemListElement\":[{\"@type\":\"ListItem\",\"position\":1,\"name\":\"In\u00edcio\",\"item\":\"https:\/\/unasp.br\/noticias\/\"},{\"@type\":\"ListItem\",\"position\":2,\"name\":\"Homenagem especial encerra formaturas do UNASP Engenheiro Coelho\"}]},{\"@type\":\"WebSite\",\"@id\":\"https:\/\/unasp.br\/noticias\/#website\",\"url\":\"https:\/\/unasp.br\/noticias\/\",\"name\":\"UNASP Noticias\",\"description\":\"Centro Universit\u00e1rio Adventista de S\u00e3o Paulo\",\"publisher\":{\"@id\":\"https:\/\/unasp.br\/noticias\/#organization\"},\"potentialAction\":[{\"@type\":\"SearchAction\",\"target\":{\"@type\":\"EntryPoint\",\"urlTemplate\":\"https:\/\/unasp.br\/noticias\/?s={search_term_string}\"},\"query-input\":{\"@type\":\"PropertyValueSpecification\",\"valueRequired\":true,\"valueName\":\"search_term_string\"}}],\"inLanguage\":\"pt-BR\"},{\"@type\":\"Organization\",\"@id\":\"https:\/\/unasp.br\/noticias\/#organization\",\"name\":\"UNASP Noticias\",\"url\":\"https:\/\/unasp.br\/noticias\/\",\"logo\":{\"@type\":\"ImageObject\",\"inLanguage\":\"pt-BR\",\"@id\":\"https:\/\/unasp.br\/noticias\/#\/schema\/logo\/image\/\",\"url\":\"https:\/\/cdn.unasp.br\/noticias\/wp-content\/uploads\/2021\/09\/09152724\/logo-unasp-news.png\",\"contentUrl\":\"https:\/\/cdn.unasp.br\/noticias\/wp-content\/uploads\/2021\/09\/09152724\/logo-unasp-news.png\",\"width\":240,\"height\":41,\"caption\":\"UNASP Noticias\"},\"image\":{\"@id\":\"https:\/\/unasp.br\/noticias\/#\/schema\/logo\/image\/\"}},{\"@type\":\"Person\",\"@id\":\"https:\/\/unasp.br\/noticias\/#\/schema\/person\/80f09a3ec674501e6bb13144ffa2489f\",\"name\":\"Aira Almeida\",\"image\":{\"@type\":\"ImageObject\",\"inLanguage\":\"pt-BR\",\"@id\":\"https:\/\/unasp.br\/noticias\/#\/schema\/person\/image\/\",\"url\":\"https:\/\/secure.gravatar.com\/avatar\/e30ea867fdd5a41ec6a0cb350dcd108e?s=96&d=mm&r=g\",\"contentUrl\":\"https:\/\/secure.gravatar.com\/avatar\/e30ea867fdd5a41ec6a0cb350dcd108e?s=96&d=mm&r=g\",\"caption\":\"Aira Almeida\"},\"url\":\"https:\/\/unasp.br\/noticias\/author\/aira-almeidaedu-unasp-br\/\"}]}<\/script>\n<!-- \/ Yoast SEO plugin. -->","yoast_head_json":{"title":"Homenagem especial encerra formaturas do UNASP Engenheiro Coelho - UNASP Noticias","robots":{"index":"index","follow":"follow","max-snippet":"max-snippet:-1","max-image-preview":"max-image-preview:large","max-video-preview":"max-video-preview:-1"},"canonical":"https:\/\/unasp.br\/noticias\/homenagem-especial-encerra-formaturas-do-unasp-engenheiro-coelho\/","og_locale":"pt_BR","og_type":"article","og_title":"Homenagem especial encerra formaturas do UNASP Engenheiro Coelho - UNASP Noticias","og_description":"A formatura de Engenharia de Produ\u00e7\u00e3o foi a \u00faltima celebra\u00e7\u00e3o a n\u00edvel de Ensino Superior do UNASP [&hellip;]","og_url":"https:\/\/unasp.br\/noticias\/homenagem-especial-encerra-formaturas-do-unasp-engenheiro-coelho\/","og_site_name":"UNASP Noticias","article_published_time":"2020-12-16T12:04:08+00:00","article_modified_time":"2020-12-16T12:04:09+00:00","og_image":[{"width":799,"height":533,"url":"https:\/\/cdn.unasp.br\/noticias\/wp-content\/uploads\/2020\/12\/16055937\/50724671921_8894864755_c.jpg","type":"image\/jpeg"}],"author":"Aira Almeida","twitter_card":"summary_large_image","twitter_misc":{"Escrito por":"Aira Almeida","Est. tempo de leitura":"2 minutos"},"schema":{"@context":"https:\/\/schema.org","@graph":[{"@type":"Article","@id":"https:\/\/unasp.br\/noticias\/homenagem-especial-encerra-formaturas-do-unasp-engenheiro-coelho\/#article","isPartOf":{"@id":"https:\/\/unasp.br\/noticias\/homenagem-especial-encerra-formaturas-do-unasp-engenheiro-coelho\/"},"author":{"name":"Aira Almeida","@id":"https:\/\/unasp.br\/noticias\/#\/schema\/person\/80f09a3ec674501e6bb13144ffa2489f"},"headline":"Homenagem especial encerra formaturas do UNASP Engenheiro Coelho","datePublished":"2020-12-16T12:04:08+00:00","dateModified":"2020-12-16T12:04:09+00:00","mainEntityOfPage":{"@id":"https:\/\/unasp.br\/noticias\/homenagem-especial-encerra-formaturas-do-unasp-engenheiro-coelho\/"},"wordCount":359,"commentCount":0,"publisher":{"@id":"https:\/\/unasp.br\/noticias\/#organization"},"image":{"@id":"https:\/\/unasp.br\/noticias\/homenagem-especial-encerra-formaturas-do-unasp-engenheiro-coelho\/#primaryimage"},"thumbnailUrl":"https:\/\/cdn.unasp.br\/noticias\/wp-content\/uploads\/2020\/12\/16055937\/50724671921_8894864755_c.jpg","articleSection":["Formaturas"],"inLanguage":"pt-BR","potentialAction":[{"@type":"CommentAction","name":"Comment","target":["https:\/\/unasp.br\/noticias\/homenagem-especial-encerra-formaturas-do-unasp-engenheiro-coelho\/#respond"]}]},{"@type":"WebPage","@id":"https:\/\/unasp.br\/noticias\/homenagem-especial-encerra-formaturas-do-unasp-engenheiro-coelho\/","url":"https:\/\/unasp.br\/noticias\/homenagem-especial-encerra-formaturas-do-unasp-engenheiro-coelho\/","name":"Homenagem especial encerra formaturas do UNASP Engenheiro Coelho - UNASP Noticias","isPartOf":{"@id":"https:\/\/unasp.br\/noticias\/#website"},"primaryImageOfPage":{"@id":"https:\/\/unasp.br\/noticias\/homenagem-especial-encerra-formaturas-do-unasp-engenheiro-coelho\/#primaryimage"},"image":{"@id":"https:\/\/unasp.br\/noticias\/homenagem-especial-encerra-formaturas-do-unasp-engenheiro-coelho\/#primaryimage"},"thumbnailUrl":"https:\/\/cdn.unasp.br\/noticias\/wp-content\/uploads\/2020\/12\/16055937\/50724671921_8894864755_c.jpg","datePublished":"2020-12-16T12:04:08+00:00","dateModified":"2020-12-16T12:04:09+00:00","breadcrumb":{"@id":"https:\/\/unasp.br\/noticias\/homenagem-especial-encerra-formaturas-do-unasp-engenheiro-coelho\/#breadcrumb"},"inLanguage":"pt-BR","potentialAction":[{"@type":"ReadAction","target":["https:\/\/unasp.br\/noticias\/homenagem-especial-encerra-formaturas-do-unasp-engenheiro-coelho\/"]}]},{"@type":"ImageObject","inLanguage":"pt-BR","@id":"https:\/\/unasp.br\/noticias\/homenagem-especial-encerra-formaturas-do-unasp-engenheiro-coelho\/#primaryimage","url":"https:\/\/cdn.unasp.br\/noticias\/wp-content\/uploads\/2020\/12\/16055937\/50724671921_8894864755_c.jpg","contentUrl":"https:\/\/cdn.unasp.br\/noticias\/wp-content\/uploads\/2020\/12\/16055937\/50724671921_8894864755_c.jpg","width":799,"height":533},{"@type":"BreadcrumbList","@id":"https:\/\/unasp.br\/noticias\/homenagem-especial-encerra-formaturas-do-unasp-engenheiro-coelho\/#breadcrumb","itemListElement":[{"@type":"ListItem","position":1,"name":"In\u00edcio","item":"https:\/\/unasp.br\/noticias\/"},{"@type":"ListItem","position":2,"name":"Homenagem especial encerra formaturas do UNASP Engenheiro Coelho"}]},{"@type":"WebSite","@id":"https:\/\/unasp.br\/noticias\/#website","url":"https:\/\/unasp.br\/noticias\/","name":"UNASP Noticias","description":"Centro Universit\u00e1rio Adventista de S\u00e3o Paulo","publisher":{"@id":"https:\/\/unasp.br\/noticias\/#organization"},"potentialAction":[{"@type":"SearchAction","target":{"@type":"EntryPoint","urlTemplate":"https:\/\/unasp.br\/noticias\/?s={search_term_string}"},"query-input":{"@type":"PropertyValueSpecification","valueRequired":true,"valueName":"search_term_string"}}],"inLanguage":"pt-BR"},{"@type":"Organization","@id":"https:\/\/unasp.br\/noticias\/#organization","name":"UNASP Noticias","url":"https:\/\/unasp.br\/noticias\/","logo":{"@type":"ImageObject","inLanguage":"pt-BR","@id":"https:\/\/unasp.br\/noticias\/#\/schema\/logo\/image\/","url":"https:\/\/cdn.unasp.br\/noticias\/wp-content\/uploads\/2021\/09\/09152724\/logo-unasp-news.png","contentUrl":"https:\/\/cdn.unasp.br\/noticias\/wp-content\/uploads\/2021\/09\/09152724\/logo-unasp-news.png","width":240,"height":41,"caption":"UNASP Noticias"},"image":{"@id":"https:\/\/unasp.br\/noticias\/#\/schema\/logo\/image\/"}},{"@type":"Person","@id":"https:\/\/unasp.br\/noticias\/#\/schema\/person\/80f09a3ec674501e6bb13144ffa2489f","name":"Aira Almeida","image":{"@type":"ImageObject","inLanguage":"pt-BR","@id":"https:\/\/unasp.br\/noticias\/#\/schema\/person\/image\/","url":"https:\/\/secure.gravatar.com\/avatar\/e30ea867fdd5a41ec6a0cb350dcd108e?s=96&d=mm&r=g","contentUrl":"https:\/\/secure.gravatar.com\/avatar\/e30ea867fdd5a41ec6a0cb350dcd108e?s=96&d=mm&r=g","caption":"Aira Almeida"},"url":"https:\/\/unasp.br\/noticias\/author\/aira-almeidaedu-unasp-br\/"}]}},"_links":{"self":[{"href":"https:\/\/unasp.br\/noticias\/wp-json\/wp\/v2\/posts\/92065"}],"collection":[{"href":"https:\/\/unasp.br\/noticias\/wp-json\/wp\/v2\/posts"}],"about":[{"href":"https:\/\/unasp.br\/noticias\/wp-json\/wp\/v2\/types\/post"}],"author":[{"embeddable":true,"href":"https:\/\/unasp.br\/noticias\/wp-json\/wp\/v2\/users\/30"}],"replies":[{"embeddable":true,"href":"https:\/\/unasp.br\/noticias\/wp-json\/wp\/v2\/comments?post=92065"}],"version-history":[{"count":1,"href":"https:\/\/unasp.br\/noticias\/wp-json\/wp\/v2\/posts\/92065\/revisions"}],"predecessor-version":[{"id":92067,"href":"https:\/\/unasp.br\/noticias\/wp-json\/wp\/v2\/posts\/92065\/revisions\/92067"}],"wp:featuredmedia":[{"embeddable":true,"href":"https:\/\/unasp.br\/noticias\/wp-json\/wp\/v2\/media\/92066"}],"wp:attachment":[{"href":"https:\/\/unasp.br\/noticias\/wp-json\/wp\/v2\/media?parent=92065"}],"wp:term":[{"taxonomy":"category","embeddable":true,"href":"https:\/\/unasp.br\/noticias\/wp-json\/wp\/v2\/categories?post=92065"},{"taxonomy":"post_tag","embeddable":true,"href":"https:\/\/unasp.br\/noticias\/wp-json\/wp\/v2\/tags?post=92065"}],"curies":[{"name":"wp","href":"https:\/\/api.w.org\/{rel}","templated":true}]}}