{"id":92103,"date":"2020-12-18T11:42:14","date_gmt":"2020-12-18T14:42:14","guid":{"rendered":"https:\/\/www.unasp.br\/noticias\/?p=92103"},"modified":"2020-12-18T11:42:37","modified_gmt":"2020-12-18T14:42:37","slug":"direito-e-tecnologia-unasp-participa-do-sao-paulo-tech-week","status":"publish","type":"post","link":"https:\/\/unasp.br\/noticias\/direito-e-tecnologia-unasp-participa-do-sao-paulo-tech-week\/","title":{"rendered":"Direito e Tecnologia: UNASP participa do S\u00e3o Paulo Tech Week"},"content":{"rendered":"\n<figure class=\"wp-block-image size-large\"><img loading=\"lazy\" decoding=\"async\" width=\"1024\" height=\"576\" src=\"https:\/\/www.unasp.br\/noticias\/wp-content\/uploads\/2020\/12\/Prancheta-4-1024x576.jpg\" alt=\"\" class=\"wp-image-92123\" srcset=\"https:\/\/cdn.unasp.br\/noticias\/wp-content\/uploads\/2020\/12\/18082248\/Prancheta-4-1024x576.jpg 1024w, https:\/\/cdn.unasp.br\/noticias\/wp-content\/uploads\/2020\/12\/18082248\/Prancheta-4-300x169.jpg 300w, https:\/\/cdn.unasp.br\/noticias\/wp-content\/uploads\/2020\/12\/18082248\/Prancheta-4-768x432.jpg 768w, https:\/\/cdn.unasp.br\/noticias\/wp-content\/uploads\/2020\/12\/18082248\/Prancheta-4-1536x864.jpg 1536w, https:\/\/cdn.unasp.br\/noticias\/wp-content\/uploads\/2020\/12\/18082248\/Prancheta-4-1067x600.jpg 1067w, https:\/\/cdn.unasp.br\/noticias\/wp-content\/uploads\/2020\/12\/18082248\/Prancheta-4-1422x800.jpg 1422w, https:\/\/cdn.unasp.br\/noticias\/wp-content\/uploads\/2020\/12\/18082248\/Prancheta-4-1280x720.jpg 1280w, https:\/\/cdn.unasp.br\/noticias\/wp-content\/uploads\/2020\/12\/18082248\/Prancheta-4-800x450.jpg 800w, https:\/\/cdn.unasp.br\/noticias\/wp-content\/uploads\/2020\/12\/18082248\/Prancheta-4-750x422.jpg 750w, https:\/\/cdn.unasp.br\/noticias\/wp-content\/uploads\/2020\/12\/18082248\/Prancheta-4-720x405.jpg 720w, https:\/\/cdn.unasp.br\/noticias\/wp-content\/uploads\/2020\/12\/18082248\/Prancheta-4-498x280.jpg 498w, https:\/\/cdn.unasp.br\/noticias\/wp-content\/uploads\/2020\/12\/18082248\/Prancheta-4-500x281.jpg 500w, https:\/\/cdn.unasp.br\/noticias\/wp-content\/uploads\/2020\/12\/18082248\/Prancheta-4-400x225.jpg 400w, https:\/\/cdn.unasp.br\/noticias\/wp-content\/uploads\/2020\/12\/18082248\/Prancheta-4-356x200.jpg 356w, https:\/\/cdn.unasp.br\/noticias\/wp-content\/uploads\/2020\/12\/18082248\/Prancheta-4-267x150.jpg 267w, https:\/\/cdn.unasp.br\/noticias\/wp-content\/uploads\/2020\/12\/18082248\/Prancheta-4-175x98.jpg 175w, https:\/\/cdn.unasp.br\/noticias\/wp-content\/uploads\/2020\/12\/18082248\/Prancheta-4-200x113.jpg 200w, https:\/\/cdn.unasp.br\/noticias\/wp-content\/uploads\/2020\/12\/18082248\/Prancheta-4.jpg 2048w\" sizes=\"(max-width: 1024px) 100vw, 1024px\" \/><figcaption>O UNASP participou oferecendo palestras sobre Direito e Tecnologia pelo segundo ano consecutivo.<\/figcaption><\/figure>\n\n\n\n<p>O UNASP campus S\u00e3o Paulo participou durante esta semana (entre os dias 12 e 18 de dezembro) da <strong><a href=\"https:\/\/saopaulotechweek.com\/\">S\u00e3o Paulo Tech Week<\/a><\/strong>  \u2013  maior festival de inova\u00e7\u00e3o do Brasil, cujo objetivo \u00e9 posicionar S\u00e3o Paulo como o maior hub de inova\u00e7\u00e3o e gera\u00e7\u00e3o de neg\u00f3cios da Am\u00e9rica Latina. Essa \u00e9 a segunda vez que a institui\u00e7\u00e3o contribui com palestras que relacionam temas envolvendo \u00e1reas do Direito e Tecnologia.<\/p>\n\n\n\n<h2 class=\"has-luminous-vivid-orange-color has-text-color wp-block-heading\"><strong>SOBRE O FESTIVAL<\/strong><\/h2>\n\n\n\n<p>Realizado desde 2015 pela Prefeitura de S\u00e3o Paulo por meio da S\u00e3o Paulo Neg\u00f3cios, o festival sem fins lucrativos \u00e9 composto por iniciativas e eventos que atraem e conectam milhares de talentos, empreendedores e investidores, promovendo o desenvolvimento da popula\u00e7\u00e3o por meio de educa\u00e7\u00e3o, acesso \u00e0 informa\u00e7\u00e3o, somado a de oportunidades de neg\u00f3cios na cidade para empres\u00e1rios e investidores internacionais. Em 5 edi\u00e7\u00f5es realizadas foram mais de 50 milh\u00f5es em neg\u00f3cios gerados, mais de 200 mil participantes em mais de 1500 eventos relacionados \u00e0 Inova\u00e7\u00e3o, Tecnologia, Criatividade e Novos Neg\u00f3cios.<\/p>\n\n\n\n<h2 class=\"has-luminous-vivid-orange-color has-text-color wp-block-heading\">UNASP NO S\u00c3O PAULO TECH WEEK<\/h2>\n\n\n\n<p>O coordenador do curso de Direito do UNASP, Me. Walter Rubini, conta que, em 2019, o campus participou do festival contribuindo com duas palestras relacionadas ao Direito e \u00e0 Tecnologia. Nesse ano de 2020, ap\u00f3s convite oficial da Dire\u00e7\u00e3o Executiva da S\u00e3o Paulo Neg\u00f3cios (organizadora do SPTW)  com 18 op\u00e7\u00f5es de temas ligados \u00e0s duas \u00e1reas, o UNASP liderou diversos eventos em parceria com institui\u00e7\u00f5es como a OAB\/SP, AASP, CAASP, Minist\u00e9rio P\u00fablico, PROCON, Universidade Metodista de S\u00e3o Paulo, PUC\/SP e CAENI USP.<\/p>\n\n\n\n<h2 class=\"has-luminous-vivid-orange-color has-text-color wp-block-heading\">GEDECOMP<\/h2>\n\n\n\n<p>&#8220;A uni\u00e3o do Direito com a tecnologia \u00e9 uma preocupa\u00e7\u00e3o constante do UNASP&#8221;, afirma Rubini, relembrando a cria\u00e7\u00e3o do Grupo de Estudos em Direito e Computa\u00e7\u00e3o (GEDECOMP), sob sua lideran\u00e7a do professor Dr. La\u00e9rcio Carpes (coordenador dos cursos de Ci\u00eancia da Computa\u00e7\u00e3o, Engenharia da Computa\u00e7\u00e3o e An\u00e1lise e Desenvolvimento de Sistemas do UNASP).<\/p>\n\n\n\n<p>Walter Rubini e La\u00e9rcio Carpes afirmam que h\u00e1 consci\u00eancia de que os temas debatidos relacionados ao Direito e \u00e0 tecnologia demonstram a urg\u00eancia da proximidade e capacidade de questionamento dos alunos. &#8220;O mundo virtual influencia, determina e escolhe os comportamentos sociais, o que faz que pensemos n\u00e3o somente em ferramentas \u00fateis \u00e0 sociedade, como tamb\u00e9m em mecanismos de prote\u00e7\u00e3o&#8221;, conclui Rubini.<\/p>\n","protected":false},"excerpt":{"rendered":"<p>O UNASP campus S\u00e3o Paulo participou durante esta semana (entre os dias 12 e 18 de dezembro) [&hellip;]<\/p>\n","protected":false},"author":30,"featured_media":92123,"comment_status":"open","ping_status":"open","sticky":false,"template":"","format":"standard","meta":{"footnotes":""},"categories":[6],"tags":[],"yoast_head":"<!-- This site is optimized with the Yoast SEO plugin v23.5 - https:\/\/yoast.com\/wordpress\/plugins\/seo\/ -->\n<title>Direito e Tecnologia: UNASP participa do S\u00e3o Paulo Tech Week - UNASP Noticias<\/title>\n<meta name=\"robots\" content=\"index, follow, max-snippet:-1, max-image-preview:large, max-video-preview:-1\" \/>\n<link rel=\"canonical\" href=\"https:\/\/unasp.br\/noticias\/direito-e-tecnologia-unasp-participa-do-sao-paulo-tech-week\/\" \/>\n<meta property=\"og:locale\" content=\"pt_BR\" \/>\n<meta property=\"og:type\" content=\"article\" \/>\n<meta property=\"og:title\" content=\"Direito e Tecnologia: UNASP participa do S\u00e3o Paulo Tech Week - UNASP Noticias\" \/>\n<meta property=\"og:description\" content=\"O UNASP campus S\u00e3o Paulo participou durante esta semana (entre os dias 12 e 18 de dezembro) [&hellip;]\" \/>\n<meta property=\"og:url\" content=\"https:\/\/unasp.br\/noticias\/direito-e-tecnologia-unasp-participa-do-sao-paulo-tech-week\/\" \/>\n<meta property=\"og:site_name\" content=\"UNASP Noticias\" \/>\n<meta property=\"article:published_time\" content=\"2020-12-18T14:42:14+00:00\" \/>\n<meta property=\"article:modified_time\" content=\"2020-12-18T14:42:37+00:00\" \/>\n<meta property=\"og:image\" content=\"https:\/\/cdn.unasp.br\/noticias\/wp-content\/uploads\/2020\/12\/18082248\/Prancheta-4.jpg\" \/>\n\t<meta property=\"og:image:width\" content=\"2048\" \/>\n\t<meta property=\"og:image:height\" content=\"1152\" \/>\n\t<meta property=\"og:image:type\" content=\"image\/jpeg\" \/>\n<meta name=\"author\" content=\"Aira Almeida\" \/>\n<meta name=\"twitter:card\" content=\"summary_large_image\" \/>\n<meta name=\"twitter:label1\" content=\"Escrito por\" \/>\n\t<meta name=\"twitter:data1\" content=\"Aira Almeida\" \/>\n\t<meta name=\"twitter:label2\" content=\"Est. tempo de leitura\" \/>\n\t<meta name=\"twitter:data2\" content=\"2 minutos\" \/>\n<script type=\"application\/ld+json\" class=\"yoast-schema-graph\">{\"@context\":\"https:\/\/schema.org\",\"@graph\":[{\"@type\":\"Article\",\"@id\":\"https:\/\/unasp.br\/noticias\/direito-e-tecnologia-unasp-participa-do-sao-paulo-tech-week\/#article\",\"isPartOf\":{\"@id\":\"https:\/\/unasp.br\/noticias\/direito-e-tecnologia-unasp-participa-do-sao-paulo-tech-week\/\"},\"author\":{\"name\":\"Aira Almeida\",\"@id\":\"https:\/\/unasp.br\/noticias\/#\/schema\/person\/80f09a3ec674501e6bb13144ffa2489f\"},\"headline\":\"Direito e Tecnologia: UNASP participa do S\u00e3o Paulo Tech Week\",\"datePublished\":\"2020-12-18T14:42:14+00:00\",\"dateModified\":\"2020-12-18T14:42:37+00:00\",\"mainEntityOfPage\":{\"@id\":\"https:\/\/unasp.br\/noticias\/direito-e-tecnologia-unasp-participa-do-sao-paulo-tech-week\/\"},\"wordCount\":418,\"commentCount\":0,\"publisher\":{\"@id\":\"https:\/\/unasp.br\/noticias\/#organization\"},\"image\":{\"@id\":\"https:\/\/unasp.br\/noticias\/direito-e-tecnologia-unasp-participa-do-sao-paulo-tech-week\/#primaryimage\"},\"thumbnailUrl\":\"https:\/\/cdn.unasp.br\/noticias\/wp-content\/uploads\/2020\/12\/18082248\/Prancheta-4.jpg\",\"articleSection\":[\"Acontece no UNASP\"],\"inLanguage\":\"pt-BR\",\"potentialAction\":[{\"@type\":\"CommentAction\",\"name\":\"Comment\",\"target\":[\"https:\/\/unasp.br\/noticias\/direito-e-tecnologia-unasp-participa-do-sao-paulo-tech-week\/#respond\"]}]},{\"@type\":\"WebPage\",\"@id\":\"https:\/\/unasp.br\/noticias\/direito-e-tecnologia-unasp-participa-do-sao-paulo-tech-week\/\",\"url\":\"https:\/\/unasp.br\/noticias\/direito-e-tecnologia-unasp-participa-do-sao-paulo-tech-week\/\",\"name\":\"Direito e Tecnologia: UNASP participa do S\u00e3o Paulo Tech Week - UNASP Noticias\",\"isPartOf\":{\"@id\":\"https:\/\/unasp.br\/noticias\/#website\"},\"primaryImageOfPage\":{\"@id\":\"https:\/\/unasp.br\/noticias\/direito-e-tecnologia-unasp-participa-do-sao-paulo-tech-week\/#primaryimage\"},\"image\":{\"@id\":\"https:\/\/unasp.br\/noticias\/direito-e-tecnologia-unasp-participa-do-sao-paulo-tech-week\/#primaryimage\"},\"thumbnailUrl\":\"https:\/\/cdn.unasp.br\/noticias\/wp-content\/uploads\/2020\/12\/18082248\/Prancheta-4.jpg\",\"datePublished\":\"2020-12-18T14:42:14+00:00\",\"dateModified\":\"2020-12-18T14:42:37+00:00\",\"breadcrumb\":{\"@id\":\"https:\/\/unasp.br\/noticias\/direito-e-tecnologia-unasp-participa-do-sao-paulo-tech-week\/#breadcrumb\"},\"inLanguage\":\"pt-BR\",\"potentialAction\":[{\"@type\":\"ReadAction\",\"target\":[\"https:\/\/unasp.br\/noticias\/direito-e-tecnologia-unasp-participa-do-sao-paulo-tech-week\/\"]}]},{\"@type\":\"ImageObject\",\"inLanguage\":\"pt-BR\",\"@id\":\"https:\/\/unasp.br\/noticias\/direito-e-tecnologia-unasp-participa-do-sao-paulo-tech-week\/#primaryimage\",\"url\":\"https:\/\/cdn.unasp.br\/noticias\/wp-content\/uploads\/2020\/12\/18082248\/Prancheta-4.jpg\",\"contentUrl\":\"https:\/\/cdn.unasp.br\/noticias\/wp-content\/uploads\/2020\/12\/18082248\/Prancheta-4.jpg\",\"width\":2048,\"height\":1152},{\"@type\":\"BreadcrumbList\",\"@id\":\"https:\/\/unasp.br\/noticias\/direito-e-tecnologia-unasp-participa-do-sao-paulo-tech-week\/#breadcrumb\",\"itemListElement\":[{\"@type\":\"ListItem\",\"position\":1,\"name\":\"In\u00edcio\",\"item\":\"https:\/\/unasp.br\/noticias\/\"},{\"@type\":\"ListItem\",\"position\":2,\"name\":\"Direito e Tecnologia: UNASP participa do S\u00e3o Paulo Tech Week\"}]},{\"@type\":\"WebSite\",\"@id\":\"https:\/\/unasp.br\/noticias\/#website\",\"url\":\"https:\/\/unasp.br\/noticias\/\",\"name\":\"UNASP Noticias\",\"description\":\"Centro Universit\u00e1rio Adventista de S\u00e3o Paulo\",\"publisher\":{\"@id\":\"https:\/\/unasp.br\/noticias\/#organization\"},\"potentialAction\":[{\"@type\":\"SearchAction\",\"target\":{\"@type\":\"EntryPoint\",\"urlTemplate\":\"https:\/\/unasp.br\/noticias\/?s={search_term_string}\"},\"query-input\":{\"@type\":\"PropertyValueSpecification\",\"valueRequired\":true,\"valueName\":\"search_term_string\"}}],\"inLanguage\":\"pt-BR\"},{\"@type\":\"Organization\",\"@id\":\"https:\/\/unasp.br\/noticias\/#organization\",\"name\":\"UNASP Noticias\",\"url\":\"https:\/\/unasp.br\/noticias\/\",\"logo\":{\"@type\":\"ImageObject\",\"inLanguage\":\"pt-BR\",\"@id\":\"https:\/\/unasp.br\/noticias\/#\/schema\/logo\/image\/\",\"url\":\"https:\/\/cdn.unasp.br\/noticias\/wp-content\/uploads\/2021\/09\/09152724\/logo-unasp-news.png\",\"contentUrl\":\"https:\/\/cdn.unasp.br\/noticias\/wp-content\/uploads\/2021\/09\/09152724\/logo-unasp-news.png\",\"width\":240,\"height\":41,\"caption\":\"UNASP Noticias\"},\"image\":{\"@id\":\"https:\/\/unasp.br\/noticias\/#\/schema\/logo\/image\/\"}},{\"@type\":\"Person\",\"@id\":\"https:\/\/unasp.br\/noticias\/#\/schema\/person\/80f09a3ec674501e6bb13144ffa2489f\",\"name\":\"Aira Almeida\",\"image\":{\"@type\":\"ImageObject\",\"inLanguage\":\"pt-BR\",\"@id\":\"https:\/\/unasp.br\/noticias\/#\/schema\/person\/image\/\",\"url\":\"https:\/\/secure.gravatar.com\/avatar\/e30ea867fdd5a41ec6a0cb350dcd108e?s=96&d=mm&r=g\",\"contentUrl\":\"https:\/\/secure.gravatar.com\/avatar\/e30ea867fdd5a41ec6a0cb350dcd108e?s=96&d=mm&r=g\",\"caption\":\"Aira Almeida\"},\"url\":\"https:\/\/unasp.br\/noticias\/author\/aira-almeidaedu-unasp-br\/\"}]}<\/script>\n<!-- \/ Yoast SEO plugin. -->","yoast_head_json":{"title":"Direito e Tecnologia: UNASP participa do S\u00e3o Paulo Tech Week - UNASP Noticias","robots":{"index":"index","follow":"follow","max-snippet":"max-snippet:-1","max-image-preview":"max-image-preview:large","max-video-preview":"max-video-preview:-1"},"canonical":"https:\/\/unasp.br\/noticias\/direito-e-tecnologia-unasp-participa-do-sao-paulo-tech-week\/","og_locale":"pt_BR","og_type":"article","og_title":"Direito e Tecnologia: UNASP participa do S\u00e3o Paulo Tech Week - UNASP Noticias","og_description":"O UNASP campus S\u00e3o Paulo participou durante esta semana (entre os dias 12 e 18 de dezembro) [&hellip;]","og_url":"https:\/\/unasp.br\/noticias\/direito-e-tecnologia-unasp-participa-do-sao-paulo-tech-week\/","og_site_name":"UNASP Noticias","article_published_time":"2020-12-18T14:42:14+00:00","article_modified_time":"2020-12-18T14:42:37+00:00","og_image":[{"width":2048,"height":1152,"url":"https:\/\/cdn.unasp.br\/noticias\/wp-content\/uploads\/2020\/12\/18082248\/Prancheta-4.jpg","type":"image\/jpeg"}],"author":"Aira Almeida","twitter_card":"summary_large_image","twitter_misc":{"Escrito por":"Aira Almeida","Est. tempo de leitura":"2 minutos"},"schema":{"@context":"https:\/\/schema.org","@graph":[{"@type":"Article","@id":"https:\/\/unasp.br\/noticias\/direito-e-tecnologia-unasp-participa-do-sao-paulo-tech-week\/#article","isPartOf":{"@id":"https:\/\/unasp.br\/noticias\/direito-e-tecnologia-unasp-participa-do-sao-paulo-tech-week\/"},"author":{"name":"Aira Almeida","@id":"https:\/\/unasp.br\/noticias\/#\/schema\/person\/80f09a3ec674501e6bb13144ffa2489f"},"headline":"Direito e Tecnologia: UNASP participa do S\u00e3o Paulo Tech Week","datePublished":"2020-12-18T14:42:14+00:00","dateModified":"2020-12-18T14:42:37+00:00","mainEntityOfPage":{"@id":"https:\/\/unasp.br\/noticias\/direito-e-tecnologia-unasp-participa-do-sao-paulo-tech-week\/"},"wordCount":418,"commentCount":0,"publisher":{"@id":"https:\/\/unasp.br\/noticias\/#organization"},"image":{"@id":"https:\/\/unasp.br\/noticias\/direito-e-tecnologia-unasp-participa-do-sao-paulo-tech-week\/#primaryimage"},"thumbnailUrl":"https:\/\/cdn.unasp.br\/noticias\/wp-content\/uploads\/2020\/12\/18082248\/Prancheta-4.jpg","articleSection":["Acontece no UNASP"],"inLanguage":"pt-BR","potentialAction":[{"@type":"CommentAction","name":"Comment","target":["https:\/\/unasp.br\/noticias\/direito-e-tecnologia-unasp-participa-do-sao-paulo-tech-week\/#respond"]}]},{"@type":"WebPage","@id":"https:\/\/unasp.br\/noticias\/direito-e-tecnologia-unasp-participa-do-sao-paulo-tech-week\/","url":"https:\/\/unasp.br\/noticias\/direito-e-tecnologia-unasp-participa-do-sao-paulo-tech-week\/","name":"Direito e Tecnologia: UNASP participa do S\u00e3o Paulo Tech Week - UNASP Noticias","isPartOf":{"@id":"https:\/\/unasp.br\/noticias\/#website"},"primaryImageOfPage":{"@id":"https:\/\/unasp.br\/noticias\/direito-e-tecnologia-unasp-participa-do-sao-paulo-tech-week\/#primaryimage"},"image":{"@id":"https:\/\/unasp.br\/noticias\/direito-e-tecnologia-unasp-participa-do-sao-paulo-tech-week\/#primaryimage"},"thumbnailUrl":"https:\/\/cdn.unasp.br\/noticias\/wp-content\/uploads\/2020\/12\/18082248\/Prancheta-4.jpg","datePublished":"2020-12-18T14:42:14+00:00","dateModified":"2020-12-18T14:42:37+00:00","breadcrumb":{"@id":"https:\/\/unasp.br\/noticias\/direito-e-tecnologia-unasp-participa-do-sao-paulo-tech-week\/#breadcrumb"},"inLanguage":"pt-BR","potentialAction":[{"@type":"ReadAction","target":["https:\/\/unasp.br\/noticias\/direito-e-tecnologia-unasp-participa-do-sao-paulo-tech-week\/"]}]},{"@type":"ImageObject","inLanguage":"pt-BR","@id":"https:\/\/unasp.br\/noticias\/direito-e-tecnologia-unasp-participa-do-sao-paulo-tech-week\/#primaryimage","url":"https:\/\/cdn.unasp.br\/noticias\/wp-content\/uploads\/2020\/12\/18082248\/Prancheta-4.jpg","contentUrl":"https:\/\/cdn.unasp.br\/noticias\/wp-content\/uploads\/2020\/12\/18082248\/Prancheta-4.jpg","width":2048,"height":1152},{"@type":"BreadcrumbList","@id":"https:\/\/unasp.br\/noticias\/direito-e-tecnologia-unasp-participa-do-sao-paulo-tech-week\/#breadcrumb","itemListElement":[{"@type":"ListItem","position":1,"name":"In\u00edcio","item":"https:\/\/unasp.br\/noticias\/"},{"@type":"ListItem","position":2,"name":"Direito e Tecnologia: UNASP participa do S\u00e3o Paulo Tech Week"}]},{"@type":"WebSite","@id":"https:\/\/unasp.br\/noticias\/#website","url":"https:\/\/unasp.br\/noticias\/","name":"UNASP Noticias","description":"Centro Universit\u00e1rio Adventista de S\u00e3o Paulo","publisher":{"@id":"https:\/\/unasp.br\/noticias\/#organization"},"potentialAction":[{"@type":"SearchAction","target":{"@type":"EntryPoint","urlTemplate":"https:\/\/unasp.br\/noticias\/?s={search_term_string}"},"query-input":{"@type":"PropertyValueSpecification","valueRequired":true,"valueName":"search_term_string"}}],"inLanguage":"pt-BR"},{"@type":"Organization","@id":"https:\/\/unasp.br\/noticias\/#organization","name":"UNASP Noticias","url":"https:\/\/unasp.br\/noticias\/","logo":{"@type":"ImageObject","inLanguage":"pt-BR","@id":"https:\/\/unasp.br\/noticias\/#\/schema\/logo\/image\/","url":"https:\/\/cdn.unasp.br\/noticias\/wp-content\/uploads\/2021\/09\/09152724\/logo-unasp-news.png","contentUrl":"https:\/\/cdn.unasp.br\/noticias\/wp-content\/uploads\/2021\/09\/09152724\/logo-unasp-news.png","width":240,"height":41,"caption":"UNASP Noticias"},"image":{"@id":"https:\/\/unasp.br\/noticias\/#\/schema\/logo\/image\/"}},{"@type":"Person","@id":"https:\/\/unasp.br\/noticias\/#\/schema\/person\/80f09a3ec674501e6bb13144ffa2489f","name":"Aira Almeida","image":{"@type":"ImageObject","inLanguage":"pt-BR","@id":"https:\/\/unasp.br\/noticias\/#\/schema\/person\/image\/","url":"https:\/\/secure.gravatar.com\/avatar\/e30ea867fdd5a41ec6a0cb350dcd108e?s=96&d=mm&r=g","contentUrl":"https:\/\/secure.gravatar.com\/avatar\/e30ea867fdd5a41ec6a0cb350dcd108e?s=96&d=mm&r=g","caption":"Aira Almeida"},"url":"https:\/\/unasp.br\/noticias\/author\/aira-almeidaedu-unasp-br\/"}]}},"_links":{"self":[{"href":"https:\/\/unasp.br\/noticias\/wp-json\/wp\/v2\/posts\/92103"}],"collection":[{"href":"https:\/\/unasp.br\/noticias\/wp-json\/wp\/v2\/posts"}],"about":[{"href":"https:\/\/unasp.br\/noticias\/wp-json\/wp\/v2\/types\/post"}],"author":[{"embeddable":true,"href":"https:\/\/unasp.br\/noticias\/wp-json\/wp\/v2\/users\/30"}],"replies":[{"embeddable":true,"href":"https:\/\/unasp.br\/noticias\/wp-json\/wp\/v2\/comments?post=92103"}],"version-history":[{"count":2,"href":"https:\/\/unasp.br\/noticias\/wp-json\/wp\/v2\/posts\/92103\/revisions"}],"predecessor-version":[{"id":92124,"href":"https:\/\/unasp.br\/noticias\/wp-json\/wp\/v2\/posts\/92103\/revisions\/92124"}],"wp:featuredmedia":[{"embeddable":true,"href":"https:\/\/unasp.br\/noticias\/wp-json\/wp\/v2\/media\/92123"}],"wp:attachment":[{"href":"https:\/\/unasp.br\/noticias\/wp-json\/wp\/v2\/media?parent=92103"}],"wp:term":[{"taxonomy":"category","embeddable":true,"href":"https:\/\/unasp.br\/noticias\/wp-json\/wp\/v2\/categories?post=92103"},{"taxonomy":"post_tag","embeddable":true,"href":"https:\/\/unasp.br\/noticias\/wp-json\/wp\/v2\/tags?post=92103"}],"curies":[{"name":"wp","href":"https:\/\/api.w.org\/{rel}","templated":true}]}}