{"id":92181,"date":"2021-01-20T18:08:17","date_gmt":"2021-01-20T21:08:17","guid":{"rendered":"https:\/\/www.unasp.br\/noticias\/?p=92181"},"modified":"2021-01-20T18:08:21","modified_gmt":"2021-01-20T21:08:21","slug":"unasp-promove-aula-de-revisao-para-o-enem","status":"publish","type":"post","link":"https:\/\/unasp.br\/noticias\/unasp-promove-aula-de-revisao-para-o-enem\/","title":{"rendered":"Unasp promove aula de revis\u00e3o para o ENEM"},"content":{"rendered":"\n<figure class=\"wp-block-image size-large\"><img loading=\"lazy\" decoding=\"async\" width=\"1024\" height=\"674\" src=\"https:\/\/www.unasp.br\/noticias\/wp-content\/uploads\/2021\/01\/school-2051712_1280-1024x674.jpg\" alt=\"\" class=\"wp-image-92182\" srcset=\"https:\/\/cdn.unasp.br\/noticias\/wp-content\/uploads\/2021\/01\/20144623\/school-2051712_1280-1024x674.jpg 1024w, https:\/\/cdn.unasp.br\/noticias\/wp-content\/uploads\/2021\/01\/20144623\/school-2051712_1280-300x197.jpg 300w, https:\/\/cdn.unasp.br\/noticias\/wp-content\/uploads\/2021\/01\/20144623\/school-2051712_1280-768x505.jpg 768w, https:\/\/cdn.unasp.br\/noticias\/wp-content\/uploads\/2021\/01\/20144623\/school-2051712_1280-912x600.jpg 912w, https:\/\/cdn.unasp.br\/noticias\/wp-content\/uploads\/2021\/01\/20144623\/school-2051712_1280-1216x800.jpg 1216w, https:\/\/cdn.unasp.br\/noticias\/wp-content\/uploads\/2021\/01\/20144623\/school-2051712_1280-1095x720.jpg 1095w, https:\/\/cdn.unasp.br\/noticias\/wp-content\/uploads\/2021\/01\/20144623\/school-2051712_1280-800x526.jpg 800w, https:\/\/cdn.unasp.br\/noticias\/wp-content\/uploads\/2021\/01\/20144623\/school-2051712_1280-750x493.jpg 750w, https:\/\/cdn.unasp.br\/noticias\/wp-content\/uploads\/2021\/01\/20144623\/school-2051712_1280-720x474.jpg 720w, https:\/\/cdn.unasp.br\/noticias\/wp-content\/uploads\/2021\/01\/20144623\/school-2051712_1280-426x280.jpg 426w, https:\/\/cdn.unasp.br\/noticias\/wp-content\/uploads\/2021\/01\/20144623\/school-2051712_1280-500x329.jpg 500w, https:\/\/cdn.unasp.br\/noticias\/wp-content\/uploads\/2021\/01\/20144623\/school-2051712_1280-400x263.jpg 400w, https:\/\/cdn.unasp.br\/noticias\/wp-content\/uploads\/2021\/01\/20144623\/school-2051712_1280-380x250.jpg 380w, https:\/\/cdn.unasp.br\/noticias\/wp-content\/uploads\/2021\/01\/20144623\/school-2051712_1280-304x200.jpg 304w, https:\/\/cdn.unasp.br\/noticias\/wp-content\/uploads\/2021\/01\/20144623\/school-2051712_1280-228x150.jpg 228w, https:\/\/cdn.unasp.br\/noticias\/wp-content\/uploads\/2021\/01\/20144623\/school-2051712_1280-175x115.jpg 175w, https:\/\/cdn.unasp.br\/noticias\/wp-content\/uploads\/2021\/01\/20144623\/school-2051712_1280-200x132.jpg 200w, https:\/\/cdn.unasp.br\/noticias\/wp-content\/uploads\/2021\/01\/20144623\/school-2051712_1280.jpg 1280w\" sizes=\"(max-width: 1024px) 100vw, 1024px\" \/><figcaption>Unasp promove revis\u00e3o para o ENEM<\/figcaption><\/figure>\n\n\n\n<p>Nos dias 17 e 24 de janeiro o INEP est\u00e1 realizando o Exame Nacional do Ensino M\u00e9dio (ENEM), para selecionar os alunos que buscam uma vaga para cursar a gradua\u00e7\u00e3o nas universidades p\u00fablicas do pa\u00eds. E a fim de dar uma forcinha a mais \u00e0queles que est\u00e3o participando deste processo seletivo nacional, na \u00faltima quinta-feira (14), o <a href=\"https:\/\/colegio.unasp.br\/unidade-hortolandia\/ensino-medio\/\" target=\"_blank\" rel=\"noreferrer noopener\">Col\u00e9gio Unasp Hortol\u00e2ndia<\/a> em parceria com o cursinho Armaz\u00e9m do Estudante, promoveu um encontro para revisar conte\u00fados e dar dicas pr\u00e1ticas aos alunos, chamado Aul\u00e3o ENEM. <\/p>\n\n\n\n<h2 class=\"wp-block-heading\"><strong>Aulas direcionadas<\/strong><\/h2>\n\n\n\n<p>Segundo a orientadora educacional, M\u00e1rcia Paiva, esse projeto j\u00e1 acontece h\u00e1 quatro anos, e nesta edi\u00e7\u00e3o as aulas foram todas on-line, transmitidas pelo canal do YouTube do campus, e divididas em duas manh\u00e3s. Os temas tratados em cada aula foram definidos para se adequarem aos conte\u00fados do ENEM.  O primeiro dia de aul\u00e3o, que aconteceu na \u00faltima quinta (14), contemplou as mat\u00e9rias de geografia, gram\u00e1tica, reda\u00e7\u00e3o, humanidade e hist\u00f3ria. J\u00e1 o segundo dia, que vai acontecer amanh\u00e3, 21 de janeiro, vai tratar das mat\u00e9rias de matem\u00e1tica, f\u00edsica, qu\u00edmica e biologia. <\/p>\n\n\n\n<h2 class=\"wp-block-heading\">Conte\u00fado Fresquinho<\/h2>\n\n\n\n<p>Giulia Burlandy, aluna formanda de 2020, participou da primeira aula e contou que \u201cas mat\u00e9rias mais prov\u00e1veis foram revisadas durante a aula, o que ajudou a relembrar as mat\u00e9rias passadas durante os meus anos do ensino m\u00e9dio, deixando o conte\u00fado mais \u2018fresquinho\u2019 na cabe\u00e7a. Agrade\u00e7o ao UNASP pela oportunidade, oferecendo professores bem preparados que fizeram, em pouco tempo, uma revis\u00e3o bem abrangente\u201d. A aluna contou que participar\u00e1 tamb\u00e9m do Aul\u00e3o ENEM que acontecer\u00e1 na pr\u00f3xima quinta-feira (21).<\/p>\n\n\n\n<p>Se interessou em comparecer e fazer uma revis\u00e3o antes do Exame? O UNASP estende esta oportunidade aos alunos e ex-alunos do col\u00e9gio e demais interessados da comunidade. Basta participar clicando <a href=\"https:\/\/youtu.be\/BhO4VAFyuCA\" target=\"_blank\" rel=\"noreferrer noopener\"> AQUI. <\/a><\/p>\n","protected":false},"excerpt":{"rendered":"<p>Unasp Hortol\u00e2ndia e Armazem do Estudante promovem aula de revis\u00e3o gratuita para alunos que v\u00e3o participar do ENEM 2020.<\/p>\n","protected":false},"author":73,"featured_media":92182,"comment_status":"open","ping_status":"open","sticky":false,"template":"","format":"standard","meta":{"footnotes":""},"categories":[6],"tags":[],"yoast_head":"<!-- This site is optimized with the Yoast SEO plugin v23.5 - https:\/\/yoast.com\/wordpress\/plugins\/seo\/ -->\n<title>Unasp promove aula de revis\u00e3o para o ENEM - UNASP Noticias<\/title>\n<meta name=\"description\" content=\"Unasp Hortol\u00e2ndia e Armazem do Estudante promovem aula de revis\u00e3o gratuita para alunos que v\u00e3o participar do ENEM 2020.\" \/>\n<meta name=\"robots\" content=\"index, follow, max-snippet:-1, max-image-preview:large, max-video-preview:-1\" \/>\n<link rel=\"canonical\" href=\"https:\/\/unasp.br\/noticias\/unasp-promove-aula-de-revisao-para-o-enem\/\" \/>\n<meta property=\"og:locale\" content=\"pt_BR\" \/>\n<meta property=\"og:type\" content=\"article\" \/>\n<meta property=\"og:title\" content=\"Unasp promove aula de revis\u00e3o para o ENEM - UNASP Noticias\" \/>\n<meta property=\"og:description\" content=\"Unasp Hortol\u00e2ndia e Armazem do Estudante promovem aula de revis\u00e3o gratuita para alunos que v\u00e3o participar do ENEM 2020.\" \/>\n<meta property=\"og:url\" content=\"https:\/\/unasp.br\/noticias\/unasp-promove-aula-de-revisao-para-o-enem\/\" \/>\n<meta property=\"og:site_name\" content=\"UNASP Noticias\" \/>\n<meta property=\"article:published_time\" content=\"2021-01-20T21:08:17+00:00\" \/>\n<meta property=\"article:modified_time\" content=\"2021-01-20T21:08:21+00:00\" \/>\n<meta property=\"og:image\" content=\"https:\/\/cdn.unasp.br\/noticias\/wp-content\/uploads\/2021\/01\/20144623\/school-2051712_1280.jpg\" \/>\n\t<meta property=\"og:image:width\" content=\"1280\" \/>\n\t<meta property=\"og:image:height\" content=\"842\" \/>\n\t<meta property=\"og:image:type\" content=\"image\/jpeg\" \/>\n<meta name=\"author\" content=\"Maria da Gl\u00f3ria Marques de Paula Barreto\" \/>\n<meta name=\"twitter:card\" content=\"summary_large_image\" \/>\n<meta name=\"twitter:label1\" content=\"Escrito por\" \/>\n\t<meta name=\"twitter:data1\" content=\"Maria da Gl\u00f3ria Marques de Paula Barreto\" \/>\n\t<meta name=\"twitter:label2\" content=\"Est. tempo de leitura\" \/>\n\t<meta name=\"twitter:data2\" content=\"2 minutos\" \/>\n<script type=\"application\/ld+json\" class=\"yoast-schema-graph\">{\"@context\":\"https:\/\/schema.org\",\"@graph\":[{\"@type\":\"Article\",\"@id\":\"https:\/\/unasp.br\/noticias\/unasp-promove-aula-de-revisao-para-o-enem\/#article\",\"isPartOf\":{\"@id\":\"https:\/\/unasp.br\/noticias\/unasp-promove-aula-de-revisao-para-o-enem\/\"},\"author\":{\"name\":\"Maria da Gl\u00f3ria Marques de Paula Barreto\",\"@id\":\"https:\/\/unasp.br\/noticias\/#\/schema\/person\/f3393a032491eabc46fadb3656375334\"},\"headline\":\"Unasp promove aula de revis\u00e3o para o ENEM\",\"datePublished\":\"2021-01-20T21:08:17+00:00\",\"dateModified\":\"2021-01-20T21:08:21+00:00\",\"mainEntityOfPage\":{\"@id\":\"https:\/\/unasp.br\/noticias\/unasp-promove-aula-de-revisao-para-o-enem\/\"},\"wordCount\":332,\"commentCount\":0,\"publisher\":{\"@id\":\"https:\/\/unasp.br\/noticias\/#organization\"},\"image\":{\"@id\":\"https:\/\/unasp.br\/noticias\/unasp-promove-aula-de-revisao-para-o-enem\/#primaryimage\"},\"thumbnailUrl\":\"https:\/\/cdn.unasp.br\/noticias\/wp-content\/uploads\/2021\/01\/20144623\/school-2051712_1280.jpg\",\"articleSection\":[\"Acontece no UNASP\"],\"inLanguage\":\"pt-BR\",\"potentialAction\":[{\"@type\":\"CommentAction\",\"name\":\"Comment\",\"target\":[\"https:\/\/unasp.br\/noticias\/unasp-promove-aula-de-revisao-para-o-enem\/#respond\"]}]},{\"@type\":\"WebPage\",\"@id\":\"https:\/\/unasp.br\/noticias\/unasp-promove-aula-de-revisao-para-o-enem\/\",\"url\":\"https:\/\/unasp.br\/noticias\/unasp-promove-aula-de-revisao-para-o-enem\/\",\"name\":\"Unasp promove aula de revis\u00e3o para o ENEM - UNASP Noticias\",\"isPartOf\":{\"@id\":\"https:\/\/unasp.br\/noticias\/#website\"},\"primaryImageOfPage\":{\"@id\":\"https:\/\/unasp.br\/noticias\/unasp-promove-aula-de-revisao-para-o-enem\/#primaryimage\"},\"image\":{\"@id\":\"https:\/\/unasp.br\/noticias\/unasp-promove-aula-de-revisao-para-o-enem\/#primaryimage\"},\"thumbnailUrl\":\"https:\/\/cdn.unasp.br\/noticias\/wp-content\/uploads\/2021\/01\/20144623\/school-2051712_1280.jpg\",\"datePublished\":\"2021-01-20T21:08:17+00:00\",\"dateModified\":\"2021-01-20T21:08:21+00:00\",\"description\":\"Unasp Hortol\u00e2ndia e Armazem do Estudante promovem aula de revis\u00e3o gratuita para alunos que v\u00e3o participar do ENEM 2020.\",\"breadcrumb\":{\"@id\":\"https:\/\/unasp.br\/noticias\/unasp-promove-aula-de-revisao-para-o-enem\/#breadcrumb\"},\"inLanguage\":\"pt-BR\",\"potentialAction\":[{\"@type\":\"ReadAction\",\"target\":[\"https:\/\/unasp.br\/noticias\/unasp-promove-aula-de-revisao-para-o-enem\/\"]}]},{\"@type\":\"ImageObject\",\"inLanguage\":\"pt-BR\",\"@id\":\"https:\/\/unasp.br\/noticias\/unasp-promove-aula-de-revisao-para-o-enem\/#primaryimage\",\"url\":\"https:\/\/cdn.unasp.br\/noticias\/wp-content\/uploads\/2021\/01\/20144623\/school-2051712_1280.jpg\",\"contentUrl\":\"https:\/\/cdn.unasp.br\/noticias\/wp-content\/uploads\/2021\/01\/20144623\/school-2051712_1280.jpg\",\"width\":1280,\"height\":842},{\"@type\":\"BreadcrumbList\",\"@id\":\"https:\/\/unasp.br\/noticias\/unasp-promove-aula-de-revisao-para-o-enem\/#breadcrumb\",\"itemListElement\":[{\"@type\":\"ListItem\",\"position\":1,\"name\":\"In\u00edcio\",\"item\":\"https:\/\/unasp.br\/noticias\/\"},{\"@type\":\"ListItem\",\"position\":2,\"name\":\"Unasp promove aula de revis\u00e3o para o ENEM\"}]},{\"@type\":\"WebSite\",\"@id\":\"https:\/\/unasp.br\/noticias\/#website\",\"url\":\"https:\/\/unasp.br\/noticias\/\",\"name\":\"UNASP Noticias\",\"description\":\"Centro Universit\u00e1rio Adventista de S\u00e3o Paulo\",\"publisher\":{\"@id\":\"https:\/\/unasp.br\/noticias\/#organization\"},\"potentialAction\":[{\"@type\":\"SearchAction\",\"target\":{\"@type\":\"EntryPoint\",\"urlTemplate\":\"https:\/\/unasp.br\/noticias\/?s={search_term_string}\"},\"query-input\":{\"@type\":\"PropertyValueSpecification\",\"valueRequired\":true,\"valueName\":\"search_term_string\"}}],\"inLanguage\":\"pt-BR\"},{\"@type\":\"Organization\",\"@id\":\"https:\/\/unasp.br\/noticias\/#organization\",\"name\":\"UNASP Noticias\",\"url\":\"https:\/\/unasp.br\/noticias\/\",\"logo\":{\"@type\":\"ImageObject\",\"inLanguage\":\"pt-BR\",\"@id\":\"https:\/\/unasp.br\/noticias\/#\/schema\/logo\/image\/\",\"url\":\"https:\/\/cdn.unasp.br\/noticias\/wp-content\/uploads\/2021\/09\/09152724\/logo-unasp-news.png\",\"contentUrl\":\"https:\/\/cdn.unasp.br\/noticias\/wp-content\/uploads\/2021\/09\/09152724\/logo-unasp-news.png\",\"width\":240,\"height\":41,\"caption\":\"UNASP Noticias\"},\"image\":{\"@id\":\"https:\/\/unasp.br\/noticias\/#\/schema\/logo\/image\/\"}},{\"@type\":\"Person\",\"@id\":\"https:\/\/unasp.br\/noticias\/#\/schema\/person\/f3393a032491eabc46fadb3656375334\",\"name\":\"Maria da Gl\u00f3ria Marques de Paula Barreto\",\"image\":{\"@type\":\"ImageObject\",\"inLanguage\":\"pt-BR\",\"@id\":\"https:\/\/unasp.br\/noticias\/#\/schema\/person\/image\/\",\"url\":\"https:\/\/secure.gravatar.com\/avatar\/3c23babfa2a847f4ce1e1403fe341fa3?s=96&d=mm&r=g\",\"contentUrl\":\"https:\/\/secure.gravatar.com\/avatar\/3c23babfa2a847f4ce1e1403fe341fa3?s=96&d=mm&r=g\",\"caption\":\"Maria da Gl\u00f3ria Marques de Paula Barreto\"},\"url\":\"https:\/\/unasp.br\/noticias\/author\/gloria-barretoadventistas-org\/\"}]}<\/script>\n<!-- \/ Yoast SEO plugin. -->","yoast_head_json":{"title":"Unasp promove aula de revis\u00e3o para o ENEM - UNASP Noticias","description":"Unasp Hortol\u00e2ndia e Armazem do Estudante promovem aula de revis\u00e3o gratuita para alunos que v\u00e3o participar do ENEM 2020.","robots":{"index":"index","follow":"follow","max-snippet":"max-snippet:-1","max-image-preview":"max-image-preview:large","max-video-preview":"max-video-preview:-1"},"canonical":"https:\/\/unasp.br\/noticias\/unasp-promove-aula-de-revisao-para-o-enem\/","og_locale":"pt_BR","og_type":"article","og_title":"Unasp promove aula de revis\u00e3o para o ENEM - UNASP Noticias","og_description":"Unasp Hortol\u00e2ndia e Armazem do Estudante promovem aula de revis\u00e3o gratuita para alunos que v\u00e3o participar do ENEM 2020.","og_url":"https:\/\/unasp.br\/noticias\/unasp-promove-aula-de-revisao-para-o-enem\/","og_site_name":"UNASP Noticias","article_published_time":"2021-01-20T21:08:17+00:00","article_modified_time":"2021-01-20T21:08:21+00:00","og_image":[{"width":1280,"height":842,"url":"https:\/\/cdn.unasp.br\/noticias\/wp-content\/uploads\/2021\/01\/20144623\/school-2051712_1280.jpg","type":"image\/jpeg"}],"author":"Maria da Gl\u00f3ria Marques de Paula Barreto","twitter_card":"summary_large_image","twitter_misc":{"Escrito por":"Maria da Gl\u00f3ria Marques de Paula Barreto","Est. tempo de leitura":"2 minutos"},"schema":{"@context":"https:\/\/schema.org","@graph":[{"@type":"Article","@id":"https:\/\/unasp.br\/noticias\/unasp-promove-aula-de-revisao-para-o-enem\/#article","isPartOf":{"@id":"https:\/\/unasp.br\/noticias\/unasp-promove-aula-de-revisao-para-o-enem\/"},"author":{"name":"Maria da Gl\u00f3ria Marques de Paula Barreto","@id":"https:\/\/unasp.br\/noticias\/#\/schema\/person\/f3393a032491eabc46fadb3656375334"},"headline":"Unasp promove aula de revis\u00e3o para o ENEM","datePublished":"2021-01-20T21:08:17+00:00","dateModified":"2021-01-20T21:08:21+00:00","mainEntityOfPage":{"@id":"https:\/\/unasp.br\/noticias\/unasp-promove-aula-de-revisao-para-o-enem\/"},"wordCount":332,"commentCount":0,"publisher":{"@id":"https:\/\/unasp.br\/noticias\/#organization"},"image":{"@id":"https:\/\/unasp.br\/noticias\/unasp-promove-aula-de-revisao-para-o-enem\/#primaryimage"},"thumbnailUrl":"https:\/\/cdn.unasp.br\/noticias\/wp-content\/uploads\/2021\/01\/20144623\/school-2051712_1280.jpg","articleSection":["Acontece no UNASP"],"inLanguage":"pt-BR","potentialAction":[{"@type":"CommentAction","name":"Comment","target":["https:\/\/unasp.br\/noticias\/unasp-promove-aula-de-revisao-para-o-enem\/#respond"]}]},{"@type":"WebPage","@id":"https:\/\/unasp.br\/noticias\/unasp-promove-aula-de-revisao-para-o-enem\/","url":"https:\/\/unasp.br\/noticias\/unasp-promove-aula-de-revisao-para-o-enem\/","name":"Unasp promove aula de revis\u00e3o para o ENEM - UNASP Noticias","isPartOf":{"@id":"https:\/\/unasp.br\/noticias\/#website"},"primaryImageOfPage":{"@id":"https:\/\/unasp.br\/noticias\/unasp-promove-aula-de-revisao-para-o-enem\/#primaryimage"},"image":{"@id":"https:\/\/unasp.br\/noticias\/unasp-promove-aula-de-revisao-para-o-enem\/#primaryimage"},"thumbnailUrl":"https:\/\/cdn.unasp.br\/noticias\/wp-content\/uploads\/2021\/01\/20144623\/school-2051712_1280.jpg","datePublished":"2021-01-20T21:08:17+00:00","dateModified":"2021-01-20T21:08:21+00:00","description":"Unasp Hortol\u00e2ndia e Armazem do Estudante promovem aula de revis\u00e3o gratuita para alunos que v\u00e3o participar do ENEM 2020.","breadcrumb":{"@id":"https:\/\/unasp.br\/noticias\/unasp-promove-aula-de-revisao-para-o-enem\/#breadcrumb"},"inLanguage":"pt-BR","potentialAction":[{"@type":"ReadAction","target":["https:\/\/unasp.br\/noticias\/unasp-promove-aula-de-revisao-para-o-enem\/"]}]},{"@type":"ImageObject","inLanguage":"pt-BR","@id":"https:\/\/unasp.br\/noticias\/unasp-promove-aula-de-revisao-para-o-enem\/#primaryimage","url":"https:\/\/cdn.unasp.br\/noticias\/wp-content\/uploads\/2021\/01\/20144623\/school-2051712_1280.jpg","contentUrl":"https:\/\/cdn.unasp.br\/noticias\/wp-content\/uploads\/2021\/01\/20144623\/school-2051712_1280.jpg","width":1280,"height":842},{"@type":"BreadcrumbList","@id":"https:\/\/unasp.br\/noticias\/unasp-promove-aula-de-revisao-para-o-enem\/#breadcrumb","itemListElement":[{"@type":"ListItem","position":1,"name":"In\u00edcio","item":"https:\/\/unasp.br\/noticias\/"},{"@type":"ListItem","position":2,"name":"Unasp promove aula de revis\u00e3o para o ENEM"}]},{"@type":"WebSite","@id":"https:\/\/unasp.br\/noticias\/#website","url":"https:\/\/unasp.br\/noticias\/","name":"UNASP Noticias","description":"Centro Universit\u00e1rio Adventista de S\u00e3o Paulo","publisher":{"@id":"https:\/\/unasp.br\/noticias\/#organization"},"potentialAction":[{"@type":"SearchAction","target":{"@type":"EntryPoint","urlTemplate":"https:\/\/unasp.br\/noticias\/?s={search_term_string}"},"query-input":{"@type":"PropertyValueSpecification","valueRequired":true,"valueName":"search_term_string"}}],"inLanguage":"pt-BR"},{"@type":"Organization","@id":"https:\/\/unasp.br\/noticias\/#organization","name":"UNASP Noticias","url":"https:\/\/unasp.br\/noticias\/","logo":{"@type":"ImageObject","inLanguage":"pt-BR","@id":"https:\/\/unasp.br\/noticias\/#\/schema\/logo\/image\/","url":"https:\/\/cdn.unasp.br\/noticias\/wp-content\/uploads\/2021\/09\/09152724\/logo-unasp-news.png","contentUrl":"https:\/\/cdn.unasp.br\/noticias\/wp-content\/uploads\/2021\/09\/09152724\/logo-unasp-news.png","width":240,"height":41,"caption":"UNASP Noticias"},"image":{"@id":"https:\/\/unasp.br\/noticias\/#\/schema\/logo\/image\/"}},{"@type":"Person","@id":"https:\/\/unasp.br\/noticias\/#\/schema\/person\/f3393a032491eabc46fadb3656375334","name":"Maria da Gl\u00f3ria Marques de Paula Barreto","image":{"@type":"ImageObject","inLanguage":"pt-BR","@id":"https:\/\/unasp.br\/noticias\/#\/schema\/person\/image\/","url":"https:\/\/secure.gravatar.com\/avatar\/3c23babfa2a847f4ce1e1403fe341fa3?s=96&d=mm&r=g","contentUrl":"https:\/\/secure.gravatar.com\/avatar\/3c23babfa2a847f4ce1e1403fe341fa3?s=96&d=mm&r=g","caption":"Maria da Gl\u00f3ria Marques de Paula Barreto"},"url":"https:\/\/unasp.br\/noticias\/author\/gloria-barretoadventistas-org\/"}]}},"_links":{"self":[{"href":"https:\/\/unasp.br\/noticias\/wp-json\/wp\/v2\/posts\/92181"}],"collection":[{"href":"https:\/\/unasp.br\/noticias\/wp-json\/wp\/v2\/posts"}],"about":[{"href":"https:\/\/unasp.br\/noticias\/wp-json\/wp\/v2\/types\/post"}],"author":[{"embeddable":true,"href":"https:\/\/unasp.br\/noticias\/wp-json\/wp\/v2\/users\/73"}],"replies":[{"embeddable":true,"href":"https:\/\/unasp.br\/noticias\/wp-json\/wp\/v2\/comments?post=92181"}],"version-history":[{"count":3,"href":"https:\/\/unasp.br\/noticias\/wp-json\/wp\/v2\/posts\/92181\/revisions"}],"predecessor-version":[{"id":92185,"href":"https:\/\/unasp.br\/noticias\/wp-json\/wp\/v2\/posts\/92181\/revisions\/92185"}],"wp:featuredmedia":[{"embeddable":true,"href":"https:\/\/unasp.br\/noticias\/wp-json\/wp\/v2\/media\/92182"}],"wp:attachment":[{"href":"https:\/\/unasp.br\/noticias\/wp-json\/wp\/v2\/media?parent=92181"}],"wp:term":[{"taxonomy":"category","embeddable":true,"href":"https:\/\/unasp.br\/noticias\/wp-json\/wp\/v2\/categories?post=92181"},{"taxonomy":"post_tag","embeddable":true,"href":"https:\/\/unasp.br\/noticias\/wp-json\/wp\/v2\/tags?post=92181"}],"curies":[{"name":"wp","href":"https:\/\/api.w.org\/{rel}","templated":true}]}}