{"id":92186,"date":"2021-01-28T18:33:17","date_gmt":"2021-01-28T21:33:17","guid":{"rendered":"https:\/\/www.unasp.br\/noticias\/?p=92186"},"modified":"2021-01-28T18:33:19","modified_gmt":"2021-01-28T21:33:19","slug":"visao-2030-e-a-meta-oficial-do-unasp-para-os-proximos-anos","status":"publish","type":"post","link":"https:\/\/unasp.br\/noticias\/visao-2030-e-a-meta-oficial-do-unasp-para-os-proximos-anos\/","title":{"rendered":"Vis\u00e3o 2030 \u00e9 a meta oficial do UNASP para os pr\u00f3ximos anos"},"content":{"rendered":"\n<p>A cada in\u00edcio de ano pessoas, empresas e institui\u00e7\u00f5es passam por um processo de autoavalia\u00e7\u00e3o, a fim de rever projetos, criar novas metas e determinar meios para alcan\u00e7\u00e1-las. E com o objetivo de alinhar planos e a\u00e7\u00f5es os l\u00edderes dos tr\u00eas campi <a href=\"https:\/\/www.unasp.br\/\" target=\"_blank\" rel=\"noreferrer noopener\">UNASP<\/a> se reuniram nesta quinta-feira, 28 de janeiro. Estiveram presentes coordenadores de cursos, diretores, gerentes de unidades e setores, bem como a lideran\u00e7a da reitoria. Cada setor da institui\u00e7\u00e3o apresentou seus relat\u00f3rios e metas, mas todos tinham um objetivo em comum: a Vis\u00e3o 2030, que tem como destino final transformar o UNASP em Universidade.<\/p>\n\n\n\n<figure class=\"wp-block-image size-large\"><img loading=\"lazy\" decoding=\"async\" width=\"1024\" height=\"530\" src=\"https:\/\/www.unasp.br\/noticias\/wp-content\/uploads\/2021\/01\/WhatsApp-Image-2021-01-28-at-10.58.19-1024x530.jpeg\" alt=\"\" class=\"wp-image-92188\" srcset=\"https:\/\/cdn.unasp.br\/noticias\/wp-content\/uploads\/2021\/01\/28152833\/WhatsApp-Image-2021-01-28-at-10.58.19-1024x530.jpeg 1024w, https:\/\/cdn.unasp.br\/noticias\/wp-content\/uploads\/2021\/01\/28152833\/WhatsApp-Image-2021-01-28-at-10.58.19-300x155.jpeg 300w, https:\/\/cdn.unasp.br\/noticias\/wp-content\/uploads\/2021\/01\/28152833\/WhatsApp-Image-2021-01-28-at-10.58.19-768x397.jpeg 768w, https:\/\/cdn.unasp.br\/noticias\/wp-content\/uploads\/2021\/01\/28152833\/WhatsApp-Image-2021-01-28-at-10.58.19-1160x600.jpeg 1160w, https:\/\/cdn.unasp.br\/noticias\/wp-content\/uploads\/2021\/01\/28152833\/WhatsApp-Image-2021-01-28-at-10.58.19-800x414.jpeg 800w, https:\/\/cdn.unasp.br\/noticias\/wp-content\/uploads\/2021\/01\/28152833\/WhatsApp-Image-2021-01-28-at-10.58.19-750x388.jpeg 750w, https:\/\/cdn.unasp.br\/noticias\/wp-content\/uploads\/2021\/01\/28152833\/WhatsApp-Image-2021-01-28-at-10.58.19-720x372.jpeg 720w, https:\/\/cdn.unasp.br\/noticias\/wp-content\/uploads\/2021\/01\/28152833\/WhatsApp-Image-2021-01-28-at-10.58.19-541x280.jpeg 541w, https:\/\/cdn.unasp.br\/noticias\/wp-content\/uploads\/2021\/01\/28152833\/WhatsApp-Image-2021-01-28-at-10.58.19-512x265.jpeg 512w, https:\/\/cdn.unasp.br\/noticias\/wp-content\/uploads\/2021\/01\/28152833\/WhatsApp-Image-2021-01-28-at-10.58.19-500x259.jpeg 500w, https:\/\/cdn.unasp.br\/noticias\/wp-content\/uploads\/2021\/01\/28152833\/WhatsApp-Image-2021-01-28-at-10.58.19-400x207.jpeg 400w, https:\/\/cdn.unasp.br\/noticias\/wp-content\/uploads\/2021\/01\/28152833\/WhatsApp-Image-2021-01-28-at-10.58.19-387x200.jpeg 387w, https:\/\/cdn.unasp.br\/noticias\/wp-content\/uploads\/2021\/01\/28152833\/WhatsApp-Image-2021-01-28-at-10.58.19-290x150.jpeg 290w, https:\/\/cdn.unasp.br\/noticias\/wp-content\/uploads\/2021\/01\/28152833\/WhatsApp-Image-2021-01-28-at-10.58.19-175x91.jpeg 175w, https:\/\/cdn.unasp.br\/noticias\/wp-content\/uploads\/2021\/01\/28152833\/WhatsApp-Image-2021-01-28-at-10.58.19-200x103.jpeg 200w, https:\/\/cdn.unasp.br\/noticias\/wp-content\/uploads\/2021\/01\/28152833\/WhatsApp-Image-2021-01-28-at-10.58.19.jpeg 1280w\" sizes=\"(max-width: 1024px) 100vw, 1024px\" \/><figcaption>Estiveram presentes no encontro coordenadores de cursos, diretores, gerentes de unidades e setores, bem como a lideran\u00e7a da reitoria.<\/figcaption><\/figure>\n\n\n\n<h2 class=\"wp-block-heading\"><strong>Vis\u00e3o 2030<\/strong><\/h2>\n\n\n\n<p>O sonho de tornar o Centro Universit\u00e1rio Adventista de S\u00e3o Paulo na Universidade Adventista de S\u00e3o Paulo \u00e9 antigo, mas desde 2020 vem se tornando um projeto com prazo de execu\u00e7\u00e3o, como explicou o assessor de planejamento do campus a servi\u00e7o da PROPEDI (Pr\u00f3-reitoria de Pesquisa e Desenvolvimento Institucional), Luis Henrique Santos.<\/p>\n\n\n\n<p>\u201cN\u00f3s temos 107 anos como institui\u00e7\u00e3o e a gente tem um desafio para realizar em 10 anos,  esse desafio come\u00e7ou em 2020 e deve se concretizar em 2030 &#8211; transformar o UNASP em Universidade. Portanto, temos um caminho que eu denomino de planejamento estrat\u00e9gico, que \u00e9 exatamente o que estamos fazendo aqui. \u00c9 a forma de organizar os nossos recursos, m\u00e9todos, esfor\u00e7os, talentos e ferramentas para conseguir realizar nossa Vis\u00e3o\u201d, destaca Santos.<\/p>\n\n\n\n<h2 class=\"wp-block-heading\"><strong>Compartilhando as metas<\/strong><\/h2>\n\n\n\n<figure class=\"wp-block-image size-large\"><img loading=\"lazy\" decoding=\"async\" width=\"1024\" height=\"613\" src=\"https:\/\/www.unasp.br\/noticias\/wp-content\/uploads\/2021\/01\/WhatsApp-Image-2021-01-28-at-11.37.17-1024x613.jpeg\" alt=\"\" class=\"wp-image-92190\" srcset=\"https:\/\/cdn.unasp.br\/noticias\/wp-content\/uploads\/2021\/01\/28153117\/WhatsApp-Image-2021-01-28-at-11.37.17-1024x613.jpeg 1024w, https:\/\/cdn.unasp.br\/noticias\/wp-content\/uploads\/2021\/01\/28153117\/WhatsApp-Image-2021-01-28-at-11.37.17-300x180.jpeg 300w, https:\/\/cdn.unasp.br\/noticias\/wp-content\/uploads\/2021\/01\/28153117\/WhatsApp-Image-2021-01-28-at-11.37.17-768x460.jpeg 768w, https:\/\/cdn.unasp.br\/noticias\/wp-content\/uploads\/2021\/01\/28153117\/WhatsApp-Image-2021-01-28-at-11.37.17-1003x600.jpeg 1003w, https:\/\/cdn.unasp.br\/noticias\/wp-content\/uploads\/2021\/01\/28153117\/WhatsApp-Image-2021-01-28-at-11.37.17-1203x720.jpeg 1203w, https:\/\/cdn.unasp.br\/noticias\/wp-content\/uploads\/2021\/01\/28153117\/WhatsApp-Image-2021-01-28-at-11.37.17-800x479.jpeg 800w, https:\/\/cdn.unasp.br\/noticias\/wp-content\/uploads\/2021\/01\/28153117\/WhatsApp-Image-2021-01-28-at-11.37.17-750x449.jpeg 750w, https:\/\/cdn.unasp.br\/noticias\/wp-content\/uploads\/2021\/01\/28153117\/WhatsApp-Image-2021-01-28-at-11.37.17-720x431.jpeg 720w, https:\/\/cdn.unasp.br\/noticias\/wp-content\/uploads\/2021\/01\/28153117\/WhatsApp-Image-2021-01-28-at-11.37.17-468x280.jpeg 468w, https:\/\/cdn.unasp.br\/noticias\/wp-content\/uploads\/2021\/01\/28153117\/WhatsApp-Image-2021-01-28-at-11.37.17-500x299.jpeg 500w, https:\/\/cdn.unasp.br\/noticias\/wp-content\/uploads\/2021\/01\/28153117\/WhatsApp-Image-2021-01-28-at-11.37.17-400x239.jpeg 400w, https:\/\/cdn.unasp.br\/noticias\/wp-content\/uploads\/2021\/01\/28153117\/WhatsApp-Image-2021-01-28-at-11.37.17-334x200.jpeg 334w, https:\/\/cdn.unasp.br\/noticias\/wp-content\/uploads\/2021\/01\/28153117\/WhatsApp-Image-2021-01-28-at-11.37.17-251x150.jpeg 251w, https:\/\/cdn.unasp.br\/noticias\/wp-content\/uploads\/2021\/01\/28153117\/WhatsApp-Image-2021-01-28-at-11.37.17-175x105.jpeg 175w, https:\/\/cdn.unasp.br\/noticias\/wp-content\/uploads\/2021\/01\/28153117\/WhatsApp-Image-2021-01-28-at-11.37.17-200x120.jpeg 200w, https:\/\/cdn.unasp.br\/noticias\/wp-content\/uploads\/2021\/01\/28153117\/WhatsApp-Image-2021-01-28-at-11.37.17.jpeg 1280w\" sizes=\"(max-width: 1024px) 100vw, 1024px\" \/><figcaption>Reitor do UNASP apresenta Vis\u00e3o 2030 para l\u00edderes do UNASP<\/figcaption><\/figure>\n\n\n\n<p>O reitor do UNASP, Martin Kuhn explica que o objetivo do encontro de l\u00edderes \u00e9 relembrar o planejamento, destacar \u00eanfases, pontuar mudan\u00e7as e acima de tudo, comunicar a Vis\u00e3o 2030. Como os l\u00edderes presentes representam apenas 10% do total de colaboradores da institui\u00e7\u00e3o, o reitor afirma que o evento \u00e9 apenas o in\u00edcio da implanta\u00e7\u00e3o da Vis\u00e3o 2030. Isso porque, ao voltarem aos seus campi, os l\u00edderes t\u00eam a responsabilidade de compartilhar as metas e estrat\u00e9gias com a sua equipe. \u00a0<\/p>\n\n\n\n<p>\u201cO evento aconteceu hoje para os lideres, mas se reproduzir\u00e1 nos c\u00e2mpus ao longo da pr\u00f3xima semana para todos os colaboradores e docentes. Este encontro transversal \u00e9 muito importante para que possamos nos manter alinhados e integrados\u201d, afirmou o reitor.<\/p>\n\n\n\n<h2 class=\"wp-block-heading\"><strong>O que muda nos cursos de gradua\u00e7\u00e3o<\/strong><\/h2>\n\n\n\n<p>Segundo o pr\u00f3-reitor, Afonso Cardoso, a <a href=\"https:\/\/www.unasp.br\/cursos\/graduacao\/\" target=\"_blank\" rel=\"noreferrer noopener\">gradua\u00e7\u00e3o do UNASP<\/a> \u00e9 a base para a constru\u00e7\u00e3o da Universidade. Afinal \u00e9 dela que derivam os mestrados, as linhas de pesquisa, a p\u00f3s-gradua\u00e7\u00e3o e a extens\u00e3o, e consequentemente s\u00e3o fundamentais para a efetiva\u00e7\u00e3o da Vis\u00e3o 2030.<\/p>\n\n\n\n<p>O pr\u00f3-reitor explica que a partir deste ano, os cursos de gradua\u00e7\u00e3o do UNASP passam por uma <em>Implementa\u00e7\u00e3o das diretrizes da extens\u00e3o<\/em>, ou seja, os projetos de extens\u00e3o, agora fazem parte do curr\u00edculo do estudante. &nbsp;\u201cAntes, o aluno fazia a extens\u00e3o sobre a responsabilidade da extens\u00e3o. Hoje, ele precisa cumprir requisitos e horas como um est\u00e1gio, computar essas horas, que passam a ser curricularizadas e descritas no hist\u00f3rico escolar dele\u201d, explicou Cardoso.<\/p>\n\n\n\n<p>A outra mudan\u00e7a na gradua\u00e7\u00e3o contempla a <em>implementa\u00e7\u00e3o das novas matrizes curriculares<\/em>, onde o aluno n\u00e3o ser\u00e1 formado apenas por conte\u00fado, mas tamb\u00e9m por compet\u00eancias. Para o pr\u00f3-reitor, esse novo curr\u00edculo torna os universit\u00e1rios mais preparados, pois recebem uma forma\u00e7\u00e3o que os ensinar\u00e1 a lidar com a diversidade de exig\u00eancias do mercado de trabalho. \u201cExceto os cursos de licenciatura, todos os cursos passaram por uma reformula\u00e7\u00e3o no ano passado, tendo em vista a perspectiva da universidade. Os cursos passam a ser mais objetivos no conte\u00fado, trabalham por compet\u00eancias, est\u00e3o atentos aos indicadores de avalia\u00e7\u00e3o do governo e tamb\u00e9m a miss\u00e3o institucional que \u00e9 salvar\u201d, descreve Cardoso.<\/p>\n\n\n\n<p>.<\/p>\n\n\n\n<p><\/p>\n","protected":false},"excerpt":{"rendered":"<p>L\u00edderes do UNASP se re\u00fanem para apresentarem metas e estrat\u00e9gias para a execu\u00e7\u00e3o da Vis\u00e3o 2030, que visa tornar o UNASP uma universidade.<\/p>\n","protected":false},"author":73,"featured_media":92187,"comment_status":"open","ping_status":"open","sticky":false,"template":"","format":"standard","meta":{"footnotes":""},"categories":[6],"tags":[],"yoast_head":"<!-- This site is optimized with the Yoast SEO plugin v23.5 - https:\/\/yoast.com\/wordpress\/plugins\/seo\/ -->\n<title>Vis\u00e3o 2030 \u00e9 a meta oficial do UNASP para os pr\u00f3ximos anos - UNASP Noticias<\/title>\n<meta name=\"description\" content=\"L\u00edderes do UNASP se re\u00fanem para apresentarem metas e estrat\u00e9gias para a execu\u00e7\u00e3o da Vis\u00e3o 2030, que visa tornar o UNASP uma universidade.\" \/>\n<meta name=\"robots\" content=\"index, follow, max-snippet:-1, max-image-preview:large, max-video-preview:-1\" \/>\n<link rel=\"canonical\" href=\"https:\/\/unasp.br\/noticias\/visao-2030-e-a-meta-oficial-do-unasp-para-os-proximos-anos\/\" \/>\n<meta property=\"og:locale\" content=\"pt_BR\" \/>\n<meta property=\"og:type\" content=\"article\" \/>\n<meta property=\"og:title\" content=\"Vis\u00e3o 2030 \u00e9 a meta oficial do UNASP para os pr\u00f3ximos anos - UNASP Noticias\" \/>\n<meta property=\"og:description\" content=\"L\u00edderes do UNASP se re\u00fanem para apresentarem metas e estrat\u00e9gias para a execu\u00e7\u00e3o da Vis\u00e3o 2030, que visa tornar o UNASP uma universidade.\" \/>\n<meta property=\"og:url\" content=\"https:\/\/unasp.br\/noticias\/visao-2030-e-a-meta-oficial-do-unasp-para-os-proximos-anos\/\" \/>\n<meta property=\"og:site_name\" content=\"UNASP Noticias\" \/>\n<meta property=\"article:published_time\" content=\"2021-01-28T21:33:17+00:00\" \/>\n<meta property=\"article:modified_time\" content=\"2021-01-28T21:33:19+00:00\" \/>\n<meta property=\"og:image\" content=\"https:\/\/cdn.unasp.br\/noticias\/wp-content\/uploads\/2021\/01\/28152557\/WhatsApp-Image-2021-01-28-at-10.58.17.jpeg\" \/>\n\t<meta property=\"og:image:width\" content=\"1280\" \/>\n\t<meta property=\"og:image:height\" content=\"782\" \/>\n\t<meta property=\"og:image:type\" content=\"image\/jpeg\" \/>\n<meta name=\"author\" content=\"Maria da Gl\u00f3ria Marques de Paula Barreto\" \/>\n<meta name=\"twitter:card\" content=\"summary_large_image\" \/>\n<meta name=\"twitter:label1\" content=\"Escrito por\" \/>\n\t<meta name=\"twitter:data1\" content=\"Maria da Gl\u00f3ria Marques de Paula Barreto\" \/>\n\t<meta name=\"twitter:label2\" content=\"Est. tempo de leitura\" \/>\n\t<meta name=\"twitter:data2\" content=\"3 minutos\" \/>\n<script type=\"application\/ld+json\" class=\"yoast-schema-graph\">{\"@context\":\"https:\/\/schema.org\",\"@graph\":[{\"@type\":\"Article\",\"@id\":\"https:\/\/unasp.br\/noticias\/visao-2030-e-a-meta-oficial-do-unasp-para-os-proximos-anos\/#article\",\"isPartOf\":{\"@id\":\"https:\/\/unasp.br\/noticias\/visao-2030-e-a-meta-oficial-do-unasp-para-os-proximos-anos\/\"},\"author\":{\"name\":\"Maria da Gl\u00f3ria Marques de Paula Barreto\",\"@id\":\"https:\/\/unasp.br\/noticias\/#\/schema\/person\/f3393a032491eabc46fadb3656375334\"},\"headline\":\"Vis\u00e3o 2030 \u00e9 a meta oficial do UNASP para os pr\u00f3ximos anos\",\"datePublished\":\"2021-01-28T21:33:17+00:00\",\"dateModified\":\"2021-01-28T21:33:19+00:00\",\"mainEntityOfPage\":{\"@id\":\"https:\/\/unasp.br\/noticias\/visao-2030-e-a-meta-oficial-do-unasp-para-os-proximos-anos\/\"},\"wordCount\":673,\"commentCount\":0,\"publisher\":{\"@id\":\"https:\/\/unasp.br\/noticias\/#organization\"},\"image\":{\"@id\":\"https:\/\/unasp.br\/noticias\/visao-2030-e-a-meta-oficial-do-unasp-para-os-proximos-anos\/#primaryimage\"},\"thumbnailUrl\":\"https:\/\/cdn.unasp.br\/noticias\/wp-content\/uploads\/2021\/01\/28152557\/WhatsApp-Image-2021-01-28-at-10.58.17.jpeg\",\"articleSection\":[\"Acontece no UNASP\"],\"inLanguage\":\"pt-BR\",\"potentialAction\":[{\"@type\":\"CommentAction\",\"name\":\"Comment\",\"target\":[\"https:\/\/unasp.br\/noticias\/visao-2030-e-a-meta-oficial-do-unasp-para-os-proximos-anos\/#respond\"]}]},{\"@type\":\"WebPage\",\"@id\":\"https:\/\/unasp.br\/noticias\/visao-2030-e-a-meta-oficial-do-unasp-para-os-proximos-anos\/\",\"url\":\"https:\/\/unasp.br\/noticias\/visao-2030-e-a-meta-oficial-do-unasp-para-os-proximos-anos\/\",\"name\":\"Vis\u00e3o 2030 \u00e9 a meta oficial do UNASP para os pr\u00f3ximos anos - UNASP Noticias\",\"isPartOf\":{\"@id\":\"https:\/\/unasp.br\/noticias\/#website\"},\"primaryImageOfPage\":{\"@id\":\"https:\/\/unasp.br\/noticias\/visao-2030-e-a-meta-oficial-do-unasp-para-os-proximos-anos\/#primaryimage\"},\"image\":{\"@id\":\"https:\/\/unasp.br\/noticias\/visao-2030-e-a-meta-oficial-do-unasp-para-os-proximos-anos\/#primaryimage\"},\"thumbnailUrl\":\"https:\/\/cdn.unasp.br\/noticias\/wp-content\/uploads\/2021\/01\/28152557\/WhatsApp-Image-2021-01-28-at-10.58.17.jpeg\",\"datePublished\":\"2021-01-28T21:33:17+00:00\",\"dateModified\":\"2021-01-28T21:33:19+00:00\",\"description\":\"L\u00edderes do UNASP se re\u00fanem para apresentarem metas e estrat\u00e9gias para a execu\u00e7\u00e3o da Vis\u00e3o 2030, que visa tornar o UNASP uma universidade.\",\"breadcrumb\":{\"@id\":\"https:\/\/unasp.br\/noticias\/visao-2030-e-a-meta-oficial-do-unasp-para-os-proximos-anos\/#breadcrumb\"},\"inLanguage\":\"pt-BR\",\"potentialAction\":[{\"@type\":\"ReadAction\",\"target\":[\"https:\/\/unasp.br\/noticias\/visao-2030-e-a-meta-oficial-do-unasp-para-os-proximos-anos\/\"]}]},{\"@type\":\"ImageObject\",\"inLanguage\":\"pt-BR\",\"@id\":\"https:\/\/unasp.br\/noticias\/visao-2030-e-a-meta-oficial-do-unasp-para-os-proximos-anos\/#primaryimage\",\"url\":\"https:\/\/cdn.unasp.br\/noticias\/wp-content\/uploads\/2021\/01\/28152557\/WhatsApp-Image-2021-01-28-at-10.58.17.jpeg\",\"contentUrl\":\"https:\/\/cdn.unasp.br\/noticias\/wp-content\/uploads\/2021\/01\/28152557\/WhatsApp-Image-2021-01-28-at-10.58.17.jpeg\",\"width\":1280,\"height\":782,\"caption\":\"Vis\u00e3o 2030 \u00e9 a meta do Unasp para os pr\u00f3ximos anos\"},{\"@type\":\"BreadcrumbList\",\"@id\":\"https:\/\/unasp.br\/noticias\/visao-2030-e-a-meta-oficial-do-unasp-para-os-proximos-anos\/#breadcrumb\",\"itemListElement\":[{\"@type\":\"ListItem\",\"position\":1,\"name\":\"In\u00edcio\",\"item\":\"https:\/\/unasp.br\/noticias\/\"},{\"@type\":\"ListItem\",\"position\":2,\"name\":\"Vis\u00e3o 2030 \u00e9 a meta oficial do UNASP para os pr\u00f3ximos anos\"}]},{\"@type\":\"WebSite\",\"@id\":\"https:\/\/unasp.br\/noticias\/#website\",\"url\":\"https:\/\/unasp.br\/noticias\/\",\"name\":\"UNASP Noticias\",\"description\":\"Centro Universit\u00e1rio Adventista de S\u00e3o Paulo\",\"publisher\":{\"@id\":\"https:\/\/unasp.br\/noticias\/#organization\"},\"potentialAction\":[{\"@type\":\"SearchAction\",\"target\":{\"@type\":\"EntryPoint\",\"urlTemplate\":\"https:\/\/unasp.br\/noticias\/?s={search_term_string}\"},\"query-input\":{\"@type\":\"PropertyValueSpecification\",\"valueRequired\":true,\"valueName\":\"search_term_string\"}}],\"inLanguage\":\"pt-BR\"},{\"@type\":\"Organization\",\"@id\":\"https:\/\/unasp.br\/noticias\/#organization\",\"name\":\"UNASP Noticias\",\"url\":\"https:\/\/unasp.br\/noticias\/\",\"logo\":{\"@type\":\"ImageObject\",\"inLanguage\":\"pt-BR\",\"@id\":\"https:\/\/unasp.br\/noticias\/#\/schema\/logo\/image\/\",\"url\":\"https:\/\/cdn.unasp.br\/noticias\/wp-content\/uploads\/2021\/09\/09152724\/logo-unasp-news.png\",\"contentUrl\":\"https:\/\/cdn.unasp.br\/noticias\/wp-content\/uploads\/2021\/09\/09152724\/logo-unasp-news.png\",\"width\":240,\"height\":41,\"caption\":\"UNASP Noticias\"},\"image\":{\"@id\":\"https:\/\/unasp.br\/noticias\/#\/schema\/logo\/image\/\"}},{\"@type\":\"Person\",\"@id\":\"https:\/\/unasp.br\/noticias\/#\/schema\/person\/f3393a032491eabc46fadb3656375334\",\"name\":\"Maria da Gl\u00f3ria Marques de Paula Barreto\",\"image\":{\"@type\":\"ImageObject\",\"inLanguage\":\"pt-BR\",\"@id\":\"https:\/\/unasp.br\/noticias\/#\/schema\/person\/image\/\",\"url\":\"https:\/\/secure.gravatar.com\/avatar\/3c23babfa2a847f4ce1e1403fe341fa3?s=96&d=mm&r=g\",\"contentUrl\":\"https:\/\/secure.gravatar.com\/avatar\/3c23babfa2a847f4ce1e1403fe341fa3?s=96&d=mm&r=g\",\"caption\":\"Maria da Gl\u00f3ria Marques de Paula Barreto\"},\"url\":\"https:\/\/unasp.br\/noticias\/author\/gloria-barretoadventistas-org\/\"}]}<\/script>\n<!-- \/ Yoast SEO plugin. -->","yoast_head_json":{"title":"Vis\u00e3o 2030 \u00e9 a meta oficial do UNASP para os pr\u00f3ximos anos - UNASP Noticias","description":"L\u00edderes do UNASP se re\u00fanem para apresentarem metas e estrat\u00e9gias para a execu\u00e7\u00e3o da Vis\u00e3o 2030, que visa tornar o UNASP uma universidade.","robots":{"index":"index","follow":"follow","max-snippet":"max-snippet:-1","max-image-preview":"max-image-preview:large","max-video-preview":"max-video-preview:-1"},"canonical":"https:\/\/unasp.br\/noticias\/visao-2030-e-a-meta-oficial-do-unasp-para-os-proximos-anos\/","og_locale":"pt_BR","og_type":"article","og_title":"Vis\u00e3o 2030 \u00e9 a meta oficial do UNASP para os pr\u00f3ximos anos - UNASP Noticias","og_description":"L\u00edderes do UNASP se re\u00fanem para apresentarem metas e estrat\u00e9gias para a execu\u00e7\u00e3o da Vis\u00e3o 2030, que visa tornar o UNASP uma universidade.","og_url":"https:\/\/unasp.br\/noticias\/visao-2030-e-a-meta-oficial-do-unasp-para-os-proximos-anos\/","og_site_name":"UNASP Noticias","article_published_time":"2021-01-28T21:33:17+00:00","article_modified_time":"2021-01-28T21:33:19+00:00","og_image":[{"width":1280,"height":782,"url":"https:\/\/cdn.unasp.br\/noticias\/wp-content\/uploads\/2021\/01\/28152557\/WhatsApp-Image-2021-01-28-at-10.58.17.jpeg","type":"image\/jpeg"}],"author":"Maria da Gl\u00f3ria Marques de Paula Barreto","twitter_card":"summary_large_image","twitter_misc":{"Escrito por":"Maria da Gl\u00f3ria Marques de Paula Barreto","Est. tempo de leitura":"3 minutos"},"schema":{"@context":"https:\/\/schema.org","@graph":[{"@type":"Article","@id":"https:\/\/unasp.br\/noticias\/visao-2030-e-a-meta-oficial-do-unasp-para-os-proximos-anos\/#article","isPartOf":{"@id":"https:\/\/unasp.br\/noticias\/visao-2030-e-a-meta-oficial-do-unasp-para-os-proximos-anos\/"},"author":{"name":"Maria da Gl\u00f3ria Marques de Paula Barreto","@id":"https:\/\/unasp.br\/noticias\/#\/schema\/person\/f3393a032491eabc46fadb3656375334"},"headline":"Vis\u00e3o 2030 \u00e9 a meta oficial do UNASP para os pr\u00f3ximos anos","datePublished":"2021-01-28T21:33:17+00:00","dateModified":"2021-01-28T21:33:19+00:00","mainEntityOfPage":{"@id":"https:\/\/unasp.br\/noticias\/visao-2030-e-a-meta-oficial-do-unasp-para-os-proximos-anos\/"},"wordCount":673,"commentCount":0,"publisher":{"@id":"https:\/\/unasp.br\/noticias\/#organization"},"image":{"@id":"https:\/\/unasp.br\/noticias\/visao-2030-e-a-meta-oficial-do-unasp-para-os-proximos-anos\/#primaryimage"},"thumbnailUrl":"https:\/\/cdn.unasp.br\/noticias\/wp-content\/uploads\/2021\/01\/28152557\/WhatsApp-Image-2021-01-28-at-10.58.17.jpeg","articleSection":["Acontece no UNASP"],"inLanguage":"pt-BR","potentialAction":[{"@type":"CommentAction","name":"Comment","target":["https:\/\/unasp.br\/noticias\/visao-2030-e-a-meta-oficial-do-unasp-para-os-proximos-anos\/#respond"]}]},{"@type":"WebPage","@id":"https:\/\/unasp.br\/noticias\/visao-2030-e-a-meta-oficial-do-unasp-para-os-proximos-anos\/","url":"https:\/\/unasp.br\/noticias\/visao-2030-e-a-meta-oficial-do-unasp-para-os-proximos-anos\/","name":"Vis\u00e3o 2030 \u00e9 a meta oficial do UNASP para os pr\u00f3ximos anos - UNASP Noticias","isPartOf":{"@id":"https:\/\/unasp.br\/noticias\/#website"},"primaryImageOfPage":{"@id":"https:\/\/unasp.br\/noticias\/visao-2030-e-a-meta-oficial-do-unasp-para-os-proximos-anos\/#primaryimage"},"image":{"@id":"https:\/\/unasp.br\/noticias\/visao-2030-e-a-meta-oficial-do-unasp-para-os-proximos-anos\/#primaryimage"},"thumbnailUrl":"https:\/\/cdn.unasp.br\/noticias\/wp-content\/uploads\/2021\/01\/28152557\/WhatsApp-Image-2021-01-28-at-10.58.17.jpeg","datePublished":"2021-01-28T21:33:17+00:00","dateModified":"2021-01-28T21:33:19+00:00","description":"L\u00edderes do UNASP se re\u00fanem para apresentarem metas e estrat\u00e9gias para a execu\u00e7\u00e3o da Vis\u00e3o 2030, que visa tornar o UNASP uma universidade.","breadcrumb":{"@id":"https:\/\/unasp.br\/noticias\/visao-2030-e-a-meta-oficial-do-unasp-para-os-proximos-anos\/#breadcrumb"},"inLanguage":"pt-BR","potentialAction":[{"@type":"ReadAction","target":["https:\/\/unasp.br\/noticias\/visao-2030-e-a-meta-oficial-do-unasp-para-os-proximos-anos\/"]}]},{"@type":"ImageObject","inLanguage":"pt-BR","@id":"https:\/\/unasp.br\/noticias\/visao-2030-e-a-meta-oficial-do-unasp-para-os-proximos-anos\/#primaryimage","url":"https:\/\/cdn.unasp.br\/noticias\/wp-content\/uploads\/2021\/01\/28152557\/WhatsApp-Image-2021-01-28-at-10.58.17.jpeg","contentUrl":"https:\/\/cdn.unasp.br\/noticias\/wp-content\/uploads\/2021\/01\/28152557\/WhatsApp-Image-2021-01-28-at-10.58.17.jpeg","width":1280,"height":782,"caption":"Vis\u00e3o 2030 \u00e9 a meta do Unasp para os pr\u00f3ximos anos"},{"@type":"BreadcrumbList","@id":"https:\/\/unasp.br\/noticias\/visao-2030-e-a-meta-oficial-do-unasp-para-os-proximos-anos\/#breadcrumb","itemListElement":[{"@type":"ListItem","position":1,"name":"In\u00edcio","item":"https:\/\/unasp.br\/noticias\/"},{"@type":"ListItem","position":2,"name":"Vis\u00e3o 2030 \u00e9 a meta oficial do UNASP para os pr\u00f3ximos anos"}]},{"@type":"WebSite","@id":"https:\/\/unasp.br\/noticias\/#website","url":"https:\/\/unasp.br\/noticias\/","name":"UNASP Noticias","description":"Centro Universit\u00e1rio Adventista de S\u00e3o Paulo","publisher":{"@id":"https:\/\/unasp.br\/noticias\/#organization"},"potentialAction":[{"@type":"SearchAction","target":{"@type":"EntryPoint","urlTemplate":"https:\/\/unasp.br\/noticias\/?s={search_term_string}"},"query-input":{"@type":"PropertyValueSpecification","valueRequired":true,"valueName":"search_term_string"}}],"inLanguage":"pt-BR"},{"@type":"Organization","@id":"https:\/\/unasp.br\/noticias\/#organization","name":"UNASP Noticias","url":"https:\/\/unasp.br\/noticias\/","logo":{"@type":"ImageObject","inLanguage":"pt-BR","@id":"https:\/\/unasp.br\/noticias\/#\/schema\/logo\/image\/","url":"https:\/\/cdn.unasp.br\/noticias\/wp-content\/uploads\/2021\/09\/09152724\/logo-unasp-news.png","contentUrl":"https:\/\/cdn.unasp.br\/noticias\/wp-content\/uploads\/2021\/09\/09152724\/logo-unasp-news.png","width":240,"height":41,"caption":"UNASP Noticias"},"image":{"@id":"https:\/\/unasp.br\/noticias\/#\/schema\/logo\/image\/"}},{"@type":"Person","@id":"https:\/\/unasp.br\/noticias\/#\/schema\/person\/f3393a032491eabc46fadb3656375334","name":"Maria da Gl\u00f3ria Marques de Paula Barreto","image":{"@type":"ImageObject","inLanguage":"pt-BR","@id":"https:\/\/unasp.br\/noticias\/#\/schema\/person\/image\/","url":"https:\/\/secure.gravatar.com\/avatar\/3c23babfa2a847f4ce1e1403fe341fa3?s=96&d=mm&r=g","contentUrl":"https:\/\/secure.gravatar.com\/avatar\/3c23babfa2a847f4ce1e1403fe341fa3?s=96&d=mm&r=g","caption":"Maria da Gl\u00f3ria Marques de Paula Barreto"},"url":"https:\/\/unasp.br\/noticias\/author\/gloria-barretoadventistas-org\/"}]}},"_links":{"self":[{"href":"https:\/\/unasp.br\/noticias\/wp-json\/wp\/v2\/posts\/92186"}],"collection":[{"href":"https:\/\/unasp.br\/noticias\/wp-json\/wp\/v2\/posts"}],"about":[{"href":"https:\/\/unasp.br\/noticias\/wp-json\/wp\/v2\/types\/post"}],"author":[{"embeddable":true,"href":"https:\/\/unasp.br\/noticias\/wp-json\/wp\/v2\/users\/73"}],"replies":[{"embeddable":true,"href":"https:\/\/unasp.br\/noticias\/wp-json\/wp\/v2\/comments?post=92186"}],"version-history":[{"count":2,"href":"https:\/\/unasp.br\/noticias\/wp-json\/wp\/v2\/posts\/92186\/revisions"}],"predecessor-version":[{"id":92191,"href":"https:\/\/unasp.br\/noticias\/wp-json\/wp\/v2\/posts\/92186\/revisions\/92191"}],"wp:featuredmedia":[{"embeddable":true,"href":"https:\/\/unasp.br\/noticias\/wp-json\/wp\/v2\/media\/92187"}],"wp:attachment":[{"href":"https:\/\/unasp.br\/noticias\/wp-json\/wp\/v2\/media?parent=92186"}],"wp:term":[{"taxonomy":"category","embeddable":true,"href":"https:\/\/unasp.br\/noticias\/wp-json\/wp\/v2\/categories?post=92186"},{"taxonomy":"post_tag","embeddable":true,"href":"https:\/\/unasp.br\/noticias\/wp-json\/wp\/v2\/tags?post=92186"}],"curies":[{"name":"wp","href":"https:\/\/api.w.org\/{rel}","templated":true}]}}