{"id":92193,"date":"2021-02-01T17:17:48","date_gmt":"2021-02-01T20:17:48","guid":{"rendered":"https:\/\/www.unasp.br\/noticias\/?p=92193"},"modified":"2021-02-01T17:27:50","modified_gmt":"2021-02-01T20:27:50","slug":"colegio-unasp-retoma-as-aulas-com-o-apoio-de-profissionais-da-saude3","status":"publish","type":"post","link":"https:\/\/unasp.br\/noticias\/colegio-unasp-retoma-as-aulas-com-o-apoio-de-profissionais-da-saude3\/","title":{"rendered":"Col\u00e9gio UNASP retoma aulas com o apoio de profissionais da sa\u00fade"},"content":{"rendered":"\n<div class=\"wp-block-image\"><figure class=\"aligncenter size-large is-resized\"><img loading=\"lazy\" decoding=\"async\" src=\"https:\/\/www.unasp.br\/noticias\/wp-content\/uploads\/2021\/02\/IMG_1495-1024x683.jpg\" alt=\"\" class=\"wp-image-92196\" width=\"711\" height=\"473\" srcset=\"https:\/\/cdn.unasp.br\/noticias\/wp-content\/uploads\/2021\/02\/01121157\/IMG_1495-1024x683.jpg 1024w, https:\/\/cdn.unasp.br\/noticias\/wp-content\/uploads\/2021\/02\/01121157\/IMG_1495-300x200.jpg 300w, https:\/\/cdn.unasp.br\/noticias\/wp-content\/uploads\/2021\/02\/01121157\/IMG_1495-768x512.jpg 768w, https:\/\/cdn.unasp.br\/noticias\/wp-content\/uploads\/2021\/02\/01121157\/IMG_1495-1536x1024.jpg 1536w, https:\/\/cdn.unasp.br\/noticias\/wp-content\/uploads\/2021\/02\/01121157\/IMG_1495-900x600.jpg 900w, https:\/\/cdn.unasp.br\/noticias\/wp-content\/uploads\/2021\/02\/01121157\/IMG_1495-1200x800.jpg 1200w, https:\/\/cdn.unasp.br\/noticias\/wp-content\/uploads\/2021\/02\/01121157\/IMG_1495-1080x720.jpg 1080w, https:\/\/cdn.unasp.br\/noticias\/wp-content\/uploads\/2021\/02\/01121157\/IMG_1495-800x533.jpg 800w, https:\/\/cdn.unasp.br\/noticias\/wp-content\/uploads\/2021\/02\/01121157\/IMG_1495-750x500.jpg 750w, https:\/\/cdn.unasp.br\/noticias\/wp-content\/uploads\/2021\/02\/01121157\/IMG_1495-720x480.jpg 720w, https:\/\/cdn.unasp.br\/noticias\/wp-content\/uploads\/2021\/02\/01121157\/IMG_1495-420x280.jpg 420w, https:\/\/cdn.unasp.br\/noticias\/wp-content\/uploads\/2021\/02\/01121157\/IMG_1495-500x333.jpg 500w, https:\/\/cdn.unasp.br\/noticias\/wp-content\/uploads\/2021\/02\/01121157\/IMG_1495-400x267.jpg 400w, https:\/\/cdn.unasp.br\/noticias\/wp-content\/uploads\/2021\/02\/01121157\/IMG_1495-375x250.jpg 375w, https:\/\/cdn.unasp.br\/noticias\/wp-content\/uploads\/2021\/02\/01121157\/IMG_1495-225x150.jpg 225w, https:\/\/cdn.unasp.br\/noticias\/wp-content\/uploads\/2021\/02\/01121157\/IMG_1495-175x117.jpg 175w, https:\/\/cdn.unasp.br\/noticias\/wp-content\/uploads\/2021\/02\/01121157\/IMG_1495-200x133.jpg 200w, https:\/\/cdn.unasp.br\/noticias\/wp-content\/uploads\/2021\/02\/01121157\/IMG_1495.jpg 2048w\" sizes=\"(max-width: 711px) 100vw, 711px\" \/><figcaption>Cerca de 1.500 alunos do Col\u00e9gio UNASP retornaram hoje \u00e0s aulas presenciais. Foto: Retorno no Col\u00e9gio UNASP S\u00e3o Paulo<\/figcaption><\/figure><\/div>\n\n\n\n<p>O Col\u00e9gio UNASP come\u00e7ou a receber hoje (01) 35% dos alunos para as aulas presenciais. Com grandes espa\u00e7os ao ar livre para as atividades e enfermarias instaladas em cada campus, os estudantes contam com todo o apoio necess\u00e1rio para que o ano letivo se inicie da maneira mais segura poss\u00edvel. Al\u00e9m disso, o Col\u00e9gio UNASP S\u00e3o Paulo ainda conta com o Centro M\u00e9dico Adventista dentro do campus, caso algum aluno precise de atendimento m\u00e9dico urgente.<\/p>\n\n\n\n<div class=\"wp-block-image\"><figure class=\"alignright size-large is-resized\"><img loading=\"lazy\" decoding=\"async\" src=\"https:\/\/www.unasp.br\/noticias\/wp-content\/uploads\/2021\/02\/WhatsApp-Image-2021-02-01-at-15.49.35.jpeg\" alt=\"\" class=\"wp-image-92198\" width=\"259\" height=\"324\" srcset=\"https:\/\/cdn.unasp.br\/noticias\/wp-content\/uploads\/2021\/02\/01125313\/WhatsApp-Image-2021-02-01-at-15.49.35.jpeg 819w, https:\/\/cdn.unasp.br\/noticias\/wp-content\/uploads\/2021\/02\/01125313\/WhatsApp-Image-2021-02-01-at-15.49.35-240x300.jpeg 240w, https:\/\/cdn.unasp.br\/noticias\/wp-content\/uploads\/2021\/02\/01125313\/WhatsApp-Image-2021-02-01-at-15.49.35-768x960.jpeg 768w, https:\/\/cdn.unasp.br\/noticias\/wp-content\/uploads\/2021\/02\/01125313\/WhatsApp-Image-2021-02-01-at-15.49.35-480x600.jpeg 480w, https:\/\/cdn.unasp.br\/noticias\/wp-content\/uploads\/2021\/02\/01125313\/WhatsApp-Image-2021-02-01-at-15.49.35-640x800.jpeg 640w, https:\/\/cdn.unasp.br\/noticias\/wp-content\/uploads\/2021\/02\/01125313\/WhatsApp-Image-2021-02-01-at-15.49.35-576x720.jpeg 576w, https:\/\/cdn.unasp.br\/noticias\/wp-content\/uploads\/2021\/02\/01125313\/WhatsApp-Image-2021-02-01-at-15.49.35-400x500.jpeg 400w, https:\/\/cdn.unasp.br\/noticias\/wp-content\/uploads\/2021\/02\/01125313\/WhatsApp-Image-2021-02-01-at-15.49.35-384x480.jpeg 384w, https:\/\/cdn.unasp.br\/noticias\/wp-content\/uploads\/2021\/02\/01125313\/WhatsApp-Image-2021-02-01-at-15.49.35-224x280.jpeg 224w, https:\/\/cdn.unasp.br\/noticias\/wp-content\/uploads\/2021\/02\/01125313\/WhatsApp-Image-2021-02-01-at-15.49.35-320x400.jpeg 320w, https:\/\/cdn.unasp.br\/noticias\/wp-content\/uploads\/2021\/02\/01125313\/WhatsApp-Image-2021-02-01-at-15.49.35-200x250.jpeg 200w, https:\/\/cdn.unasp.br\/noticias\/wp-content\/uploads\/2021\/02\/01125313\/WhatsApp-Image-2021-02-01-at-15.49.35-160x200.jpeg 160w, https:\/\/cdn.unasp.br\/noticias\/wp-content\/uploads\/2021\/02\/01125313\/WhatsApp-Image-2021-02-01-at-15.49.35-120x150.jpeg 120w, https:\/\/cdn.unasp.br\/noticias\/wp-content\/uploads\/2021\/02\/01125313\/WhatsApp-Image-2021-02-01-at-15.49.35-175x219.jpeg 175w\" sizes=\"(max-width: 259px) 100vw, 259px\" \/><figcaption>Retorno no Col\u00e9gio UNASP Hortol\u00e2ndia.<\/figcaption><\/figure><\/div>\n\n\n\n<p>Seguindo os protocolos de sa\u00fade, servidores das tr\u00eas unidades continuam aferindo a temperatura de cada estudante ao entrar na institui\u00e7\u00e3o, disponibilizando \u00e1lcool em gel em todos os ambientes, e mantendo a obrigatoriedade do uso de m\u00e1scara para crian\u00e7as acima de 2 anos de idade. Como meio de preven\u00e7\u00e3o, a institui\u00e7\u00e3o tamb\u00e9m n\u00e3o est\u00e1 oferecendo produtos que necessitam de contato manual nas cantinas, apenas alimentos industrializados e lacrados.<\/p>\n\n\n\n<p>&#8220;Estamos muito felizes por estarmos reabrindo o col\u00e9gio depois de quase um ano. Foi uma festa, a gente v\u00ea a alegria dos alunos, dos professores e dos pais&#8221;, conta Marcel Barreto, diretor do Col\u00e9gio UNASP Hortol\u00e2ndia.<\/p>\n\n\n\n<h2 class=\"has-luminous-vivid-orange-color has-text-color wp-block-heading\"><strong>AULAS PRESENCIAIS X AULAS ONLINE<\/strong><\/h2>\n\n\n\n<div class=\"wp-block-image\"><figure class=\"alignleft size-large is-resized\"><img loading=\"lazy\" decoding=\"async\" src=\"https:\/\/www.unasp.br\/noticias\/wp-content\/uploads\/2021\/02\/WhatsApp-Image-2021-02-01-at-15.39.24-1024x766.jpeg\" alt=\"\" class=\"wp-image-92202\" width=\"359\" height=\"268\" srcset=\"https:\/\/cdn.unasp.br\/noticias\/wp-content\/uploads\/2021\/02\/01140619\/WhatsApp-Image-2021-02-01-at-15.39.24-1024x766.jpeg 1024w, https:\/\/cdn.unasp.br\/noticias\/wp-content\/uploads\/2021\/02\/01140619\/WhatsApp-Image-2021-02-01-at-15.39.24-300x225.jpeg 300w, https:\/\/cdn.unasp.br\/noticias\/wp-content\/uploads\/2021\/02\/01140619\/WhatsApp-Image-2021-02-01-at-15.39.24-768x575.jpeg 768w, https:\/\/cdn.unasp.br\/noticias\/wp-content\/uploads\/2021\/02\/01140619\/WhatsApp-Image-2021-02-01-at-15.39.24-802x600.jpeg 802w, https:\/\/cdn.unasp.br\/noticias\/wp-content\/uploads\/2021\/02\/01140619\/WhatsApp-Image-2021-02-01-at-15.39.24-1069x800.jpeg 1069w, https:\/\/cdn.unasp.br\/noticias\/wp-content\/uploads\/2021\/02\/01140619\/WhatsApp-Image-2021-02-01-at-15.39.24-962x720.jpeg 962w, https:\/\/cdn.unasp.br\/noticias\/wp-content\/uploads\/2021\/02\/01140619\/WhatsApp-Image-2021-02-01-at-15.39.24-800x599.jpeg 800w, https:\/\/cdn.unasp.br\/noticias\/wp-content\/uploads\/2021\/02\/01140619\/WhatsApp-Image-2021-02-01-at-15.39.24-668x500.jpeg 668w, https:\/\/cdn.unasp.br\/noticias\/wp-content\/uploads\/2021\/02\/01140619\/WhatsApp-Image-2021-02-01-at-15.39.24-641x480.jpeg 641w, https:\/\/cdn.unasp.br\/noticias\/wp-content\/uploads\/2021\/02\/01140619\/WhatsApp-Image-2021-02-01-at-15.39.24-374x280.jpeg 374w, https:\/\/cdn.unasp.br\/noticias\/wp-content\/uploads\/2021\/02\/01140619\/WhatsApp-Image-2021-02-01-at-15.39.24-500x374.jpeg 500w, https:\/\/cdn.unasp.br\/noticias\/wp-content\/uploads\/2021\/02\/01140619\/WhatsApp-Image-2021-02-01-at-15.39.24-400x299.jpeg 400w, https:\/\/cdn.unasp.br\/noticias\/wp-content\/uploads\/2021\/02\/01140619\/WhatsApp-Image-2021-02-01-at-15.39.24-334x250.jpeg 334w, https:\/\/cdn.unasp.br\/noticias\/wp-content\/uploads\/2021\/02\/01140619\/WhatsApp-Image-2021-02-01-at-15.39.24-267x200.jpeg 267w, https:\/\/cdn.unasp.br\/noticias\/wp-content\/uploads\/2021\/02\/01140619\/WhatsApp-Image-2021-02-01-at-15.39.24-200x150.jpeg 200w, https:\/\/cdn.unasp.br\/noticias\/wp-content\/uploads\/2021\/02\/01140619\/WhatsApp-Image-2021-02-01-at-15.39.24-175x131.jpeg 175w, https:\/\/cdn.unasp.br\/noticias\/wp-content\/uploads\/2021\/02\/01140619\/WhatsApp-Image-2021-02-01-at-15.39.24.jpeg 1280w\" sizes=\"(max-width: 359px) 100vw, 359px\" \/><figcaption>Retorno no Col\u00e9gio UNASP Engenheiro Coelho.<\/figcaption><\/figure><\/div>\n\n\n\n<p>As aulas presenciais continuam opcionais, por\u00e9m o Col\u00e9gio UNASP oferece toda a estrutura necess\u00e1ria para que o aluno que permanece em casa n\u00e3o seja prejudicado. Segundo o diretor geral da Educa\u00e7\u00e3o B\u00e1sica nos tr\u00eas campi do UNASP, Dr. Douglas Menslin, c\u00e2meras foram instaladas nas salas de aula, caixas de som, aparelhos multim\u00eddia, e microfones. &#8220;Ao mesmo tempo que o professor ministra as aulas para os alunos presentes, aqueles que estiverem em casa poder\u00e3o ter a mesma aula com o mesmo professor, sem nenhuma perda de conte\u00fado ou atrasos&#8221;, explica.<\/p>\n\n\n\n<p>A diretora do Col\u00e9gio UNASP S\u00e3o Paulo, Marlene Lehr, destaca que al\u00e9m das aulas presenciais e online, os estudantes ainda contam com o apoio das aulas gravadas, das atividades disponibilizadas na plataforma E-class e da comunica\u00e7\u00e3o entre o col\u00e9gio e a fam\u00edlia atrav\u00e9s da plataforma Agenda Edu.<\/p>\n\n\n\n<p>Para as turmas dos pequenos, atividades ao ar livre est\u00e3o sendo priorizadas, segundo a professora do Maternal II da mesma unidade, S\u00f4nia Ara\u00fajo. Ela refor\u00e7a que o uso do \u00e1lcool em gel \u00e9 constante, tanto pelos professores quanto pelas crian\u00e7as.<\/p>\n\n\n\n<p>Henrique Romanelli, diretor do Col\u00e9gio UNASP Engenheiro Coelho, ressalta a import\u00e2ncia das primeiras duas semanas de aula que ter\u00e3o como foco o acolhimento, adapta\u00e7\u00e3o, e recapitula\u00e7\u00e3o do conte\u00fado pedag\u00f3gico do \u00faltimo ano. &#8220;Precisamos retomar os principais conte\u00fados que em 2020 foram fragilizados. Ent\u00e3o assim que esse conte\u00fado for recuperado, a partir de 17 de fevereiro teremos base para os pr\u00f3ximos assuntos de 2021&#8221;, enfatiza.<\/p>\n","protected":false},"excerpt":{"rendered":"<p>O Col\u00e9gio UNASP come\u00e7ou a receber hoje (01) 35% dos alunos para as aulas presenciais. Com grandes [&hellip;]<\/p>\n","protected":false},"author":30,"featured_media":92207,"comment_status":"open","ping_status":"open","sticky":false,"template":"","format":"standard","meta":{"footnotes":""},"categories":[6],"tags":[],"yoast_head":"<!-- This site is optimized with the Yoast SEO plugin v23.5 - https:\/\/yoast.com\/wordpress\/plugins\/seo\/ -->\n<title>Col\u00e9gio UNASP retoma aulas com o apoio de profissionais da sa\u00fade<\/title>\n<meta name=\"description\" content=\"Seguindo protocolos de seguran\u00e7a e com o aux\u00edlio de profissionais da sa\u00fade, o Col\u00e9gio UNASP iniciou as atividades presenciais nos tr\u00eas campi.\" \/>\n<meta name=\"robots\" content=\"index, follow, max-snippet:-1, max-image-preview:large, max-video-preview:-1\" \/>\n<link rel=\"canonical\" href=\"https:\/\/unasp.br\/noticias\/colegio-unasp-retoma-as-aulas-com-o-apoio-de-profissionais-da-saude3\/\" \/>\n<meta property=\"og:locale\" content=\"pt_BR\" \/>\n<meta property=\"og:type\" content=\"article\" \/>\n<meta property=\"og:title\" content=\"Col\u00e9gio UNASP retoma aulas com o apoio de profissionais da sa\u00fade\" \/>\n<meta property=\"og:description\" content=\"Seguindo protocolos de seguran\u00e7a e com o aux\u00edlio de profissionais da sa\u00fade, o Col\u00e9gio UNASP iniciou as atividades presenciais nos tr\u00eas campi.\" \/>\n<meta property=\"og:url\" content=\"https:\/\/unasp.br\/noticias\/colegio-unasp-retoma-as-aulas-com-o-apoio-de-profissionais-da-saude3\/\" \/>\n<meta property=\"og:site_name\" content=\"UNASP Noticias\" \/>\n<meta property=\"article:published_time\" content=\"2021-02-01T20:17:48+00:00\" \/>\n<meta property=\"article:modified_time\" content=\"2021-02-01T20:27:50+00:00\" \/>\n<meta property=\"og:image\" content=\"https:\/\/cdn.unasp.br\/noticias\/wp-content\/uploads\/2021\/02\/01142255\/IMG_1495-min_Easy-Resize.com_.jpg\" \/>\n\t<meta property=\"og:image:width\" content=\"320\" \/>\n\t<meta property=\"og:image:height\" content=\"213\" \/>\n\t<meta property=\"og:image:type\" content=\"image\/jpeg\" \/>\n<meta name=\"author\" content=\"Aira Almeida\" \/>\n<meta name=\"twitter:card\" content=\"summary_large_image\" \/>\n<meta name=\"twitter:label1\" content=\"Escrito por\" \/>\n\t<meta name=\"twitter:data1\" content=\"Aira Almeida\" \/>\n\t<meta name=\"twitter:label2\" content=\"Est. tempo de leitura\" \/>\n\t<meta name=\"twitter:data2\" content=\"3 minutos\" \/>\n<script type=\"application\/ld+json\" class=\"yoast-schema-graph\">{\"@context\":\"https:\/\/schema.org\",\"@graph\":[{\"@type\":\"Article\",\"@id\":\"https:\/\/unasp.br\/noticias\/colegio-unasp-retoma-as-aulas-com-o-apoio-de-profissionais-da-saude3\/#article\",\"isPartOf\":{\"@id\":\"https:\/\/unasp.br\/noticias\/colegio-unasp-retoma-as-aulas-com-o-apoio-de-profissionais-da-saude3\/\"},\"author\":{\"name\":\"Aira Almeida\",\"@id\":\"https:\/\/unasp.br\/noticias\/#\/schema\/person\/80f09a3ec674501e6bb13144ffa2489f\"},\"headline\":\"Col\u00e9gio UNASP retoma aulas com o apoio de profissionais da sa\u00fade\",\"datePublished\":\"2021-02-01T20:17:48+00:00\",\"dateModified\":\"2021-02-01T20:27:50+00:00\",\"mainEntityOfPage\":{\"@id\":\"https:\/\/unasp.br\/noticias\/colegio-unasp-retoma-as-aulas-com-o-apoio-de-profissionais-da-saude3\/\"},\"wordCount\":520,\"commentCount\":0,\"publisher\":{\"@id\":\"https:\/\/unasp.br\/noticias\/#organization\"},\"image\":{\"@id\":\"https:\/\/unasp.br\/noticias\/colegio-unasp-retoma-as-aulas-com-o-apoio-de-profissionais-da-saude3\/#primaryimage\"},\"thumbnailUrl\":\"https:\/\/cdn.unasp.br\/noticias\/wp-content\/uploads\/2021\/02\/01142255\/IMG_1495-min_Easy-Resize.com_.jpg\",\"articleSection\":[\"Acontece no UNASP\"],\"inLanguage\":\"pt-BR\",\"potentialAction\":[{\"@type\":\"CommentAction\",\"name\":\"Comment\",\"target\":[\"https:\/\/unasp.br\/noticias\/colegio-unasp-retoma-as-aulas-com-o-apoio-de-profissionais-da-saude3\/#respond\"]}]},{\"@type\":\"WebPage\",\"@id\":\"https:\/\/unasp.br\/noticias\/colegio-unasp-retoma-as-aulas-com-o-apoio-de-profissionais-da-saude3\/\",\"url\":\"https:\/\/unasp.br\/noticias\/colegio-unasp-retoma-as-aulas-com-o-apoio-de-profissionais-da-saude3\/\",\"name\":\"Col\u00e9gio UNASP retoma aulas com o apoio de profissionais da sa\u00fade\",\"isPartOf\":{\"@id\":\"https:\/\/unasp.br\/noticias\/#website\"},\"primaryImageOfPage\":{\"@id\":\"https:\/\/unasp.br\/noticias\/colegio-unasp-retoma-as-aulas-com-o-apoio-de-profissionais-da-saude3\/#primaryimage\"},\"image\":{\"@id\":\"https:\/\/unasp.br\/noticias\/colegio-unasp-retoma-as-aulas-com-o-apoio-de-profissionais-da-saude3\/#primaryimage\"},\"thumbnailUrl\":\"https:\/\/cdn.unasp.br\/noticias\/wp-content\/uploads\/2021\/02\/01142255\/IMG_1495-min_Easy-Resize.com_.jpg\",\"datePublished\":\"2021-02-01T20:17:48+00:00\",\"dateModified\":\"2021-02-01T20:27:50+00:00\",\"description\":\"Seguindo protocolos de seguran\u00e7a e com o aux\u00edlio de profissionais da sa\u00fade, o Col\u00e9gio UNASP iniciou as atividades presenciais nos tr\u00eas campi.\",\"breadcrumb\":{\"@id\":\"https:\/\/unasp.br\/noticias\/colegio-unasp-retoma-as-aulas-com-o-apoio-de-profissionais-da-saude3\/#breadcrumb\"},\"inLanguage\":\"pt-BR\",\"potentialAction\":[{\"@type\":\"ReadAction\",\"target\":[\"https:\/\/unasp.br\/noticias\/colegio-unasp-retoma-as-aulas-com-o-apoio-de-profissionais-da-saude3\/\"]}]},{\"@type\":\"ImageObject\",\"inLanguage\":\"pt-BR\",\"@id\":\"https:\/\/unasp.br\/noticias\/colegio-unasp-retoma-as-aulas-com-o-apoio-de-profissionais-da-saude3\/#primaryimage\",\"url\":\"https:\/\/cdn.unasp.br\/noticias\/wp-content\/uploads\/2021\/02\/01142255\/IMG_1495-min_Easy-Resize.com_.jpg\",\"contentUrl\":\"https:\/\/cdn.unasp.br\/noticias\/wp-content\/uploads\/2021\/02\/01142255\/IMG_1495-min_Easy-Resize.com_.jpg\",\"width\":320,\"height\":213},{\"@type\":\"BreadcrumbList\",\"@id\":\"https:\/\/unasp.br\/noticias\/colegio-unasp-retoma-as-aulas-com-o-apoio-de-profissionais-da-saude3\/#breadcrumb\",\"itemListElement\":[{\"@type\":\"ListItem\",\"position\":1,\"name\":\"In\u00edcio\",\"item\":\"https:\/\/unasp.br\/noticias\/\"},{\"@type\":\"ListItem\",\"position\":2,\"name\":\"Col\u00e9gio UNASP retoma aulas com o apoio de profissionais da sa\u00fade\"}]},{\"@type\":\"WebSite\",\"@id\":\"https:\/\/unasp.br\/noticias\/#website\",\"url\":\"https:\/\/unasp.br\/noticias\/\",\"name\":\"UNASP Noticias\",\"description\":\"Centro Universit\u00e1rio Adventista de S\u00e3o Paulo\",\"publisher\":{\"@id\":\"https:\/\/unasp.br\/noticias\/#organization\"},\"potentialAction\":[{\"@type\":\"SearchAction\",\"target\":{\"@type\":\"EntryPoint\",\"urlTemplate\":\"https:\/\/unasp.br\/noticias\/?s={search_term_string}\"},\"query-input\":{\"@type\":\"PropertyValueSpecification\",\"valueRequired\":true,\"valueName\":\"search_term_string\"}}],\"inLanguage\":\"pt-BR\"},{\"@type\":\"Organization\",\"@id\":\"https:\/\/unasp.br\/noticias\/#organization\",\"name\":\"UNASP Noticias\",\"url\":\"https:\/\/unasp.br\/noticias\/\",\"logo\":{\"@type\":\"ImageObject\",\"inLanguage\":\"pt-BR\",\"@id\":\"https:\/\/unasp.br\/noticias\/#\/schema\/logo\/image\/\",\"url\":\"https:\/\/cdn.unasp.br\/noticias\/wp-content\/uploads\/2021\/09\/09152724\/logo-unasp-news.png\",\"contentUrl\":\"https:\/\/cdn.unasp.br\/noticias\/wp-content\/uploads\/2021\/09\/09152724\/logo-unasp-news.png\",\"width\":240,\"height\":41,\"caption\":\"UNASP Noticias\"},\"image\":{\"@id\":\"https:\/\/unasp.br\/noticias\/#\/schema\/logo\/image\/\"}},{\"@type\":\"Person\",\"@id\":\"https:\/\/unasp.br\/noticias\/#\/schema\/person\/80f09a3ec674501e6bb13144ffa2489f\",\"name\":\"Aira Almeida\",\"image\":{\"@type\":\"ImageObject\",\"inLanguage\":\"pt-BR\",\"@id\":\"https:\/\/unasp.br\/noticias\/#\/schema\/person\/image\/\",\"url\":\"https:\/\/secure.gravatar.com\/avatar\/e30ea867fdd5a41ec6a0cb350dcd108e?s=96&d=mm&r=g\",\"contentUrl\":\"https:\/\/secure.gravatar.com\/avatar\/e30ea867fdd5a41ec6a0cb350dcd108e?s=96&d=mm&r=g\",\"caption\":\"Aira Almeida\"},\"url\":\"https:\/\/unasp.br\/noticias\/author\/aira-almeidaedu-unasp-br\/\"}]}<\/script>\n<!-- \/ Yoast SEO plugin. -->","yoast_head_json":{"title":"Col\u00e9gio UNASP retoma aulas com o apoio de profissionais da sa\u00fade","description":"Seguindo protocolos de seguran\u00e7a e com o aux\u00edlio de profissionais da sa\u00fade, o Col\u00e9gio UNASP iniciou as atividades presenciais nos tr\u00eas campi.","robots":{"index":"index","follow":"follow","max-snippet":"max-snippet:-1","max-image-preview":"max-image-preview:large","max-video-preview":"max-video-preview:-1"},"canonical":"https:\/\/unasp.br\/noticias\/colegio-unasp-retoma-as-aulas-com-o-apoio-de-profissionais-da-saude3\/","og_locale":"pt_BR","og_type":"article","og_title":"Col\u00e9gio UNASP retoma aulas com o apoio de profissionais da sa\u00fade","og_description":"Seguindo protocolos de seguran\u00e7a e com o aux\u00edlio de profissionais da sa\u00fade, o Col\u00e9gio UNASP iniciou as atividades presenciais nos tr\u00eas campi.","og_url":"https:\/\/unasp.br\/noticias\/colegio-unasp-retoma-as-aulas-com-o-apoio-de-profissionais-da-saude3\/","og_site_name":"UNASP Noticias","article_published_time":"2021-02-01T20:17:48+00:00","article_modified_time":"2021-02-01T20:27:50+00:00","og_image":[{"width":320,"height":213,"url":"https:\/\/cdn.unasp.br\/noticias\/wp-content\/uploads\/2021\/02\/01142255\/IMG_1495-min_Easy-Resize.com_.jpg","type":"image\/jpeg"}],"author":"Aira Almeida","twitter_card":"summary_large_image","twitter_misc":{"Escrito por":"Aira Almeida","Est. tempo de leitura":"3 minutos"},"schema":{"@context":"https:\/\/schema.org","@graph":[{"@type":"Article","@id":"https:\/\/unasp.br\/noticias\/colegio-unasp-retoma-as-aulas-com-o-apoio-de-profissionais-da-saude3\/#article","isPartOf":{"@id":"https:\/\/unasp.br\/noticias\/colegio-unasp-retoma-as-aulas-com-o-apoio-de-profissionais-da-saude3\/"},"author":{"name":"Aira Almeida","@id":"https:\/\/unasp.br\/noticias\/#\/schema\/person\/80f09a3ec674501e6bb13144ffa2489f"},"headline":"Col\u00e9gio UNASP retoma aulas com o apoio de profissionais da sa\u00fade","datePublished":"2021-02-01T20:17:48+00:00","dateModified":"2021-02-01T20:27:50+00:00","mainEntityOfPage":{"@id":"https:\/\/unasp.br\/noticias\/colegio-unasp-retoma-as-aulas-com-o-apoio-de-profissionais-da-saude3\/"},"wordCount":520,"commentCount":0,"publisher":{"@id":"https:\/\/unasp.br\/noticias\/#organization"},"image":{"@id":"https:\/\/unasp.br\/noticias\/colegio-unasp-retoma-as-aulas-com-o-apoio-de-profissionais-da-saude3\/#primaryimage"},"thumbnailUrl":"https:\/\/cdn.unasp.br\/noticias\/wp-content\/uploads\/2021\/02\/01142255\/IMG_1495-min_Easy-Resize.com_.jpg","articleSection":["Acontece no UNASP"],"inLanguage":"pt-BR","potentialAction":[{"@type":"CommentAction","name":"Comment","target":["https:\/\/unasp.br\/noticias\/colegio-unasp-retoma-as-aulas-com-o-apoio-de-profissionais-da-saude3\/#respond"]}]},{"@type":"WebPage","@id":"https:\/\/unasp.br\/noticias\/colegio-unasp-retoma-as-aulas-com-o-apoio-de-profissionais-da-saude3\/","url":"https:\/\/unasp.br\/noticias\/colegio-unasp-retoma-as-aulas-com-o-apoio-de-profissionais-da-saude3\/","name":"Col\u00e9gio UNASP retoma aulas com o apoio de profissionais da sa\u00fade","isPartOf":{"@id":"https:\/\/unasp.br\/noticias\/#website"},"primaryImageOfPage":{"@id":"https:\/\/unasp.br\/noticias\/colegio-unasp-retoma-as-aulas-com-o-apoio-de-profissionais-da-saude3\/#primaryimage"},"image":{"@id":"https:\/\/unasp.br\/noticias\/colegio-unasp-retoma-as-aulas-com-o-apoio-de-profissionais-da-saude3\/#primaryimage"},"thumbnailUrl":"https:\/\/cdn.unasp.br\/noticias\/wp-content\/uploads\/2021\/02\/01142255\/IMG_1495-min_Easy-Resize.com_.jpg","datePublished":"2021-02-01T20:17:48+00:00","dateModified":"2021-02-01T20:27:50+00:00","description":"Seguindo protocolos de seguran\u00e7a e com o aux\u00edlio de profissionais da sa\u00fade, o Col\u00e9gio UNASP iniciou as atividades presenciais nos tr\u00eas campi.","breadcrumb":{"@id":"https:\/\/unasp.br\/noticias\/colegio-unasp-retoma-as-aulas-com-o-apoio-de-profissionais-da-saude3\/#breadcrumb"},"inLanguage":"pt-BR","potentialAction":[{"@type":"ReadAction","target":["https:\/\/unasp.br\/noticias\/colegio-unasp-retoma-as-aulas-com-o-apoio-de-profissionais-da-saude3\/"]}]},{"@type":"ImageObject","inLanguage":"pt-BR","@id":"https:\/\/unasp.br\/noticias\/colegio-unasp-retoma-as-aulas-com-o-apoio-de-profissionais-da-saude3\/#primaryimage","url":"https:\/\/cdn.unasp.br\/noticias\/wp-content\/uploads\/2021\/02\/01142255\/IMG_1495-min_Easy-Resize.com_.jpg","contentUrl":"https:\/\/cdn.unasp.br\/noticias\/wp-content\/uploads\/2021\/02\/01142255\/IMG_1495-min_Easy-Resize.com_.jpg","width":320,"height":213},{"@type":"BreadcrumbList","@id":"https:\/\/unasp.br\/noticias\/colegio-unasp-retoma-as-aulas-com-o-apoio-de-profissionais-da-saude3\/#breadcrumb","itemListElement":[{"@type":"ListItem","position":1,"name":"In\u00edcio","item":"https:\/\/unasp.br\/noticias\/"},{"@type":"ListItem","position":2,"name":"Col\u00e9gio UNASP retoma aulas com o apoio de profissionais da sa\u00fade"}]},{"@type":"WebSite","@id":"https:\/\/unasp.br\/noticias\/#website","url":"https:\/\/unasp.br\/noticias\/","name":"UNASP Noticias","description":"Centro Universit\u00e1rio Adventista de S\u00e3o Paulo","publisher":{"@id":"https:\/\/unasp.br\/noticias\/#organization"},"potentialAction":[{"@type":"SearchAction","target":{"@type":"EntryPoint","urlTemplate":"https:\/\/unasp.br\/noticias\/?s={search_term_string}"},"query-input":{"@type":"PropertyValueSpecification","valueRequired":true,"valueName":"search_term_string"}}],"inLanguage":"pt-BR"},{"@type":"Organization","@id":"https:\/\/unasp.br\/noticias\/#organization","name":"UNASP Noticias","url":"https:\/\/unasp.br\/noticias\/","logo":{"@type":"ImageObject","inLanguage":"pt-BR","@id":"https:\/\/unasp.br\/noticias\/#\/schema\/logo\/image\/","url":"https:\/\/cdn.unasp.br\/noticias\/wp-content\/uploads\/2021\/09\/09152724\/logo-unasp-news.png","contentUrl":"https:\/\/cdn.unasp.br\/noticias\/wp-content\/uploads\/2021\/09\/09152724\/logo-unasp-news.png","width":240,"height":41,"caption":"UNASP Noticias"},"image":{"@id":"https:\/\/unasp.br\/noticias\/#\/schema\/logo\/image\/"}},{"@type":"Person","@id":"https:\/\/unasp.br\/noticias\/#\/schema\/person\/80f09a3ec674501e6bb13144ffa2489f","name":"Aira Almeida","image":{"@type":"ImageObject","inLanguage":"pt-BR","@id":"https:\/\/unasp.br\/noticias\/#\/schema\/person\/image\/","url":"https:\/\/secure.gravatar.com\/avatar\/e30ea867fdd5a41ec6a0cb350dcd108e?s=96&d=mm&r=g","contentUrl":"https:\/\/secure.gravatar.com\/avatar\/e30ea867fdd5a41ec6a0cb350dcd108e?s=96&d=mm&r=g","caption":"Aira Almeida"},"url":"https:\/\/unasp.br\/noticias\/author\/aira-almeidaedu-unasp-br\/"}]}},"_links":{"self":[{"href":"https:\/\/unasp.br\/noticias\/wp-json\/wp\/v2\/posts\/92193"}],"collection":[{"href":"https:\/\/unasp.br\/noticias\/wp-json\/wp\/v2\/posts"}],"about":[{"href":"https:\/\/unasp.br\/noticias\/wp-json\/wp\/v2\/types\/post"}],"author":[{"embeddable":true,"href":"https:\/\/unasp.br\/noticias\/wp-json\/wp\/v2\/users\/30"}],"replies":[{"embeddable":true,"href":"https:\/\/unasp.br\/noticias\/wp-json\/wp\/v2\/comments?post=92193"}],"version-history":[{"count":8,"href":"https:\/\/unasp.br\/noticias\/wp-json\/wp\/v2\/posts\/92193\/revisions"}],"predecessor-version":[{"id":92209,"href":"https:\/\/unasp.br\/noticias\/wp-json\/wp\/v2\/posts\/92193\/revisions\/92209"}],"wp:featuredmedia":[{"embeddable":true,"href":"https:\/\/unasp.br\/noticias\/wp-json\/wp\/v2\/media\/92207"}],"wp:attachment":[{"href":"https:\/\/unasp.br\/noticias\/wp-json\/wp\/v2\/media?parent=92193"}],"wp:term":[{"taxonomy":"category","embeddable":true,"href":"https:\/\/unasp.br\/noticias\/wp-json\/wp\/v2\/categories?post=92193"},{"taxonomy":"post_tag","embeddable":true,"href":"https:\/\/unasp.br\/noticias\/wp-json\/wp\/v2\/tags?post=92193"}],"curies":[{"name":"wp","href":"https:\/\/api.w.org\/{rel}","templated":true}]}}