{"id":92402,"date":"2021-02-28T14:22:03","date_gmt":"2021-02-28T17:22:03","guid":{"rendered":"https:\/\/www.unasp.br\/noticias\/?p=92402"},"modified":"2021-02-28T14:26:25","modified_gmt":"2021-02-28T17:26:25","slug":"unasp-campus-sao-paulo-da-inicio-as-formaturas-de-2020-1","status":"publish","type":"post","link":"https:\/\/unasp.br\/noticias\/unasp-campus-sao-paulo-da-inicio-as-formaturas-de-2020-1\/","title":{"rendered":"UNASP campus S\u00e3o Paulo d\u00e1 in\u00edcio \u00e0s formaturas de 2020"},"content":{"rendered":"\n<div class=\"wp-block-image is-style-default\"><figure class=\"aligncenter size-large\"><img loading=\"lazy\" decoding=\"async\" width=\"1024\" height=\"683\" src=\"https:\/\/www.unasp.br\/noticias\/wp-content\/uploads\/2021\/02\/IMG_6600-1024x683.jpg\" alt=\"\" class=\"wp-image-92407\" srcset=\"https:\/\/cdn.unasp.br\/noticias\/wp-content\/uploads\/2021\/02\/28110048\/IMG_6600-1024x683.jpg 1024w, https:\/\/cdn.unasp.br\/noticias\/wp-content\/uploads\/2021\/02\/28110048\/IMG_6600-300x200.jpg 300w, https:\/\/cdn.unasp.br\/noticias\/wp-content\/uploads\/2021\/02\/28110048\/IMG_6600-768x512.jpg 768w, https:\/\/cdn.unasp.br\/noticias\/wp-content\/uploads\/2021\/02\/28110048\/IMG_6600-1536x1024.jpg 1536w, https:\/\/cdn.unasp.br\/noticias\/wp-content\/uploads\/2021\/02\/28110048\/IMG_6600-900x600.jpg 900w, https:\/\/cdn.unasp.br\/noticias\/wp-content\/uploads\/2021\/02\/28110048\/IMG_6600-1200x800.jpg 1200w, https:\/\/cdn.unasp.br\/noticias\/wp-content\/uploads\/2021\/02\/28110048\/IMG_6600-1080x720.jpg 1080w, https:\/\/cdn.unasp.br\/noticias\/wp-content\/uploads\/2021\/02\/28110048\/IMG_6600-800x533.jpg 800w, https:\/\/cdn.unasp.br\/noticias\/wp-content\/uploads\/2021\/02\/28110048\/IMG_6600-750x500.jpg 750w, https:\/\/cdn.unasp.br\/noticias\/wp-content\/uploads\/2021\/02\/28110048\/IMG_6600-720x480.jpg 720w, https:\/\/cdn.unasp.br\/noticias\/wp-content\/uploads\/2021\/02\/28110048\/IMG_6600-420x280.jpg 420w, https:\/\/cdn.unasp.br\/noticias\/wp-content\/uploads\/2021\/02\/28110048\/IMG_6600-500x333.jpg 500w, https:\/\/cdn.unasp.br\/noticias\/wp-content\/uploads\/2021\/02\/28110048\/IMG_6600-400x267.jpg 400w, https:\/\/cdn.unasp.br\/noticias\/wp-content\/uploads\/2021\/02\/28110048\/IMG_6600-375x250.jpg 375w, https:\/\/cdn.unasp.br\/noticias\/wp-content\/uploads\/2021\/02\/28110048\/IMG_6600-225x150.jpg 225w, https:\/\/cdn.unasp.br\/noticias\/wp-content\/uploads\/2021\/02\/28110048\/IMG_6600-175x117.jpg 175w, https:\/\/cdn.unasp.br\/noticias\/wp-content\/uploads\/2021\/02\/28110048\/IMG_6600-200x133.jpg 200w, https:\/\/cdn.unasp.br\/noticias\/wp-content\/uploads\/2021\/02\/28110048\/IMG_6600.jpg 2048w\" sizes=\"(max-width: 1024px) 100vw, 1024px\" \/><figcaption>Cola\u00e7\u00f5es de grau dos cursos de Educa\u00e7\u00e3o F\u00edsica e Psicologia aconteceram hoje pela manh\u00e3 no UNASP Campus SP.<\/figcaption><\/figure><\/div>\n\n\n\n<p>Ap\u00f3s um longo per\u00edodo com muitos desafios, o UNASP campus S\u00e3o Paulo deu in\u00edcio \u00e0s formaturas (cola\u00e7\u00f5es de grau) referentes ao ano de 2020. Por conta das fases de isolamento social no ano passado, os alunos (principalmente da \u00e1rea da sa\u00fade) precisaram interromper os est\u00e1gios obrigat\u00f3rios por um tempo. Para que n\u00e3o fossem prejudicados e conseguissem cumprir os requisitos para a cola\u00e7\u00e3o de grau, o campus optou por adiar as cerim\u00f4nias de formatura para hoje, 28 de fevereiro de 2021.<\/p>\n\n\n\n<p>As cola\u00e7\u00f5es de grau foram divididas em quatro momentos. Durante a manh\u00e3, foi a vez dos cursos de <a href=\"https:\/\/www.unasp.br\/cursos\/sp\/graduacao\/educacao-fisica-bacharelado\/\">Educa\u00e7\u00e3o F\u00edsica<\/a> (bacharelado e licenciatura) e <a href=\"https:\/\/www.unasp.br\/cursos\/sp\/graduacao\/psicologia\/\">Psicologia<\/a> representarem a primeira parte. <\/p>\n\n\n\n<h2 class=\"has-luminous-vivid-orange-color has-text-color wp-block-heading\">PSICOLOGIA<\/h2>\n\n\n\n<div class=\"wp-block-image\"><figure class=\"alignleft size-medium is-resized\"><img loading=\"lazy\" decoding=\"async\" src=\"https:\/\/www.unasp.br\/noticias\/wp-content\/uploads\/2021\/02\/IMG_6992-2-200x300.jpg\" alt=\"\" class=\"wp-image-92410\" width=\"233\" height=\"350\" srcset=\"https:\/\/cdn.unasp.br\/noticias\/wp-content\/uploads\/2021\/02\/28111647\/IMG_6992-2-200x300.jpg 200w, https:\/\/cdn.unasp.br\/noticias\/wp-content\/uploads\/2021\/02\/28111647\/IMG_6992-2-683x1024.jpg 683w, https:\/\/cdn.unasp.br\/noticias\/wp-content\/uploads\/2021\/02\/28111647\/IMG_6992-2-768x1152.jpg 768w, https:\/\/cdn.unasp.br\/noticias\/wp-content\/uploads\/2021\/02\/28111647\/IMG_6992-2-1024x1536.jpg 1024w, https:\/\/cdn.unasp.br\/noticias\/wp-content\/uploads\/2021\/02\/28111647\/IMG_6992-2-400x600.jpg 400w, https:\/\/cdn.unasp.br\/noticias\/wp-content\/uploads\/2021\/02\/28111647\/IMG_6992-2-533x800.jpg 533w, https:\/\/cdn.unasp.br\/noticias\/wp-content\/uploads\/2021\/02\/28111647\/IMG_6992-2-480x720.jpg 480w, https:\/\/cdn.unasp.br\/noticias\/wp-content\/uploads\/2021\/02\/28111647\/IMG_6992-2-333x500.jpg 333w, https:\/\/cdn.unasp.br\/noticias\/wp-content\/uploads\/2021\/02\/28111647\/IMG_6992-2-320x480.jpg 320w, https:\/\/cdn.unasp.br\/noticias\/wp-content\/uploads\/2021\/02\/28111647\/IMG_6992-2-187x280.jpg 187w, https:\/\/cdn.unasp.br\/noticias\/wp-content\/uploads\/2021\/02\/28111647\/IMG_6992-2-267x400.jpg 267w, https:\/\/cdn.unasp.br\/noticias\/wp-content\/uploads\/2021\/02\/28111647\/IMG_6992-2-167x250.jpg 167w, https:\/\/cdn.unasp.br\/noticias\/wp-content\/uploads\/2021\/02\/28111647\/IMG_6992-2-133x200.jpg 133w, https:\/\/cdn.unasp.br\/noticias\/wp-content\/uploads\/2021\/02\/28111647\/IMG_6992-2-100x150.jpg 100w, https:\/\/cdn.unasp.br\/noticias\/wp-content\/uploads\/2021\/02\/28111647\/IMG_6992-2-175x263.jpg 175w, https:\/\/cdn.unasp.br\/noticias\/wp-content\/uploads\/2021\/02\/28111647\/IMG_6992-2.jpg 1365w\" sizes=\"(max-width: 233px) 100vw, 233px\" \/><figcaption>Formanda do curso de Psicologia.<\/figcaption><\/figure><\/div>\n\n\n\n<p>A aluna de Psicologia escolhida para representar a turma e proferir o discurso, Cristiane Brito, homenageou os colegas de turma que deram tanto apoio uns aos outros nos momentos dif\u00edceis e comemoram nos momentos de alegria. &#8220;Os psic\u00f3logos que seremos carregar\u00e3o um pouco de voc\u00eas&#8221;, disse tamb\u00e9m aos professores do curso. <\/p>\n\n\n\n<p>A docente Vivian Ara\u00fajo, de Psicologia, destacou que a formatura \u00e9 uma conquista em qualquer circunst\u00e2ncia. &#8220;Nenhum de voc\u00eas imaginou viver o ultimo da faculdade do jeito como foi, mas est\u00e3o aqui agora para comemorar o \u00e1pice do aprendizado&#8221;, refor\u00e7ou. Vivian deu diversos conselhos aos alunos, como: ouvir mais e n\u00e3o opinar sobre o que n\u00e3o sabe, respeitar as pessoas. &#8220;Vejam as pessoas, escutem as pessoas e ajam com a verdade&#8221;, destacou. Al\u00e9m disso, ela acrescentou que a terapia s\u00f3 funciona se h\u00e1 esfor\u00e7o m\u00fatuo, e que neste caso, houve esfor\u00e7o tanto dos alunos quanto dos professores para que este momento chegasse. &#8220;Agora voc\u00eas sabem a diferen\u00e7a entre <em>conhecer<\/em> o caminho e <em>trilhar <\/em>o caminho da Psicologia. Voc\u00eas conheceram durante 5 anos, e agora trilhar\u00e3o&#8221;, concluiu.<\/p>\n\n\n\n<h2 class=\"has-luminous-vivid-orange-color has-text-color wp-block-heading\">EDUCA\u00c7\u00c3O F\u00cdSICA <\/h2>\n\n\n\n<div class=\"wp-block-image\"><figure class=\"alignleft size-medium\"><img loading=\"lazy\" decoding=\"async\" width=\"300\" height=\"200\" src=\"https:\/\/www.unasp.br\/noticias\/wp-content\/uploads\/2021\/02\/IMG_6814-2-300x200.jpg\" alt=\"\" class=\"wp-image-92411\" srcset=\"https:\/\/cdn.unasp.br\/noticias\/wp-content\/uploads\/2021\/02\/28112009\/IMG_6814-2-300x200.jpg 300w, https:\/\/cdn.unasp.br\/noticias\/wp-content\/uploads\/2021\/02\/28112009\/IMG_6814-2-1024x683.jpg 1024w, https:\/\/cdn.unasp.br\/noticias\/wp-content\/uploads\/2021\/02\/28112009\/IMG_6814-2-768x512.jpg 768w, https:\/\/cdn.unasp.br\/noticias\/wp-content\/uploads\/2021\/02\/28112009\/IMG_6814-2-1536x1024.jpg 1536w, https:\/\/cdn.unasp.br\/noticias\/wp-content\/uploads\/2021\/02\/28112009\/IMG_6814-2-900x600.jpg 900w, https:\/\/cdn.unasp.br\/noticias\/wp-content\/uploads\/2021\/02\/28112009\/IMG_6814-2-1200x800.jpg 1200w, https:\/\/cdn.unasp.br\/noticias\/wp-content\/uploads\/2021\/02\/28112009\/IMG_6814-2-1080x720.jpg 1080w, https:\/\/cdn.unasp.br\/noticias\/wp-content\/uploads\/2021\/02\/28112009\/IMG_6814-2-800x533.jpg 800w, https:\/\/cdn.unasp.br\/noticias\/wp-content\/uploads\/2021\/02\/28112009\/IMG_6814-2-750x500.jpg 750w, https:\/\/cdn.unasp.br\/noticias\/wp-content\/uploads\/2021\/02\/28112009\/IMG_6814-2-720x480.jpg 720w, https:\/\/cdn.unasp.br\/noticias\/wp-content\/uploads\/2021\/02\/28112009\/IMG_6814-2-420x280.jpg 420w, https:\/\/cdn.unasp.br\/noticias\/wp-content\/uploads\/2021\/02\/28112009\/IMG_6814-2-500x333.jpg 500w, https:\/\/cdn.unasp.br\/noticias\/wp-content\/uploads\/2021\/02\/28112009\/IMG_6814-2-400x267.jpg 400w, https:\/\/cdn.unasp.br\/noticias\/wp-content\/uploads\/2021\/02\/28112009\/IMG_6814-2-375x250.jpg 375w, https:\/\/cdn.unasp.br\/noticias\/wp-content\/uploads\/2021\/02\/28112009\/IMG_6814-2-225x150.jpg 225w, https:\/\/cdn.unasp.br\/noticias\/wp-content\/uploads\/2021\/02\/28112009\/IMG_6814-2-175x117.jpg 175w, https:\/\/cdn.unasp.br\/noticias\/wp-content\/uploads\/2021\/02\/28112009\/IMG_6814-2-200x133.jpg 200w, https:\/\/cdn.unasp.br\/noticias\/wp-content\/uploads\/2021\/02\/28112009\/IMG_6814-2.jpg 2048w\" sizes=\"(max-width: 300px) 100vw, 300px\" \/><figcaption>Vice-reitor e diretor geral do UNASP Campus SP, Dr. Douglas Menslin.<\/figcaption><\/figure><\/div>\n\n\n\n<p>Em contrapartida, a aluna representante da turma de Educa\u00e7\u00e3o F\u00edsica, Fernanda Oliveira, destacou a import\u00e2ncia dos profissionais de Educa\u00e7\u00e3o F\u00edsica na sociedade. &#8220;Educa\u00e7\u00e3o F\u00edsica n\u00e3o \u00e9 s\u00f3 jogar a bola para a crian\u00e7a chutar&#8221;, disse. O docente do mesmo curso, Victor Tarine, relembrou os desafios que os alunos tiveram em 2020 devido ao novo formato tecnol\u00f3gico de aulas que precisaram se adaptar. Ele contou que alguns alunos do curso n\u00e3o tinham ferramentas para as aulas como um computador, ou at\u00e9 mesmo uma boa conex\u00e3o de internet, mas que mesmo assim eles andaram a segunda a milha e encontraram maneiras para acompanhar as aulas online.<\/p>\n\n\n\n<p>O diretor geral da institui\u00e7\u00e3o, Dr. Douglas Menslin, finalizou a programa\u00e7\u00e3o dizendo aos formandos que n\u00e3o s\u00f3 estar\u00e3o torcendo pelo sucesso profissional deles, mas orando tamb\u00e9m. <\/p>\n","protected":false},"excerpt":{"rendered":"<p>Ap\u00f3s um longo per\u00edodo com muitos desafios, o UNASP campus S\u00e3o Paulo deu in\u00edcio \u00e0s formaturas (cola\u00e7\u00f5es [&hellip;]<\/p>\n","protected":false},"author":30,"featured_media":92414,"comment_status":"open","ping_status":"open","sticky":false,"template":"","format":"standard","meta":{"footnotes":""},"categories":[1846],"tags":[],"yoast_head":"<!-- This site is optimized with the Yoast SEO plugin v23.5 - https:\/\/yoast.com\/wordpress\/plugins\/seo\/ -->\n<title>UNASP campus S\u00e3o Paulo d\u00e1 in\u00edcio \u00e0s formaturas de 2020<\/title>\n<meta name=\"description\" content=\"O UNASP campus SP realizou hoje (28) pela manh\u00e3 a primeira parte das formaturas referentes ao ano de 2020. Veja um pouco de como foi!\" \/>\n<meta name=\"robots\" content=\"index, follow, max-snippet:-1, max-image-preview:large, max-video-preview:-1\" \/>\n<link rel=\"canonical\" href=\"https:\/\/unasp.br\/noticias\/unasp-campus-sao-paulo-da-inicio-as-formaturas-de-2020-1\/\" \/>\n<meta property=\"og:locale\" content=\"pt_BR\" \/>\n<meta property=\"og:type\" content=\"article\" \/>\n<meta property=\"og:title\" content=\"UNASP campus S\u00e3o Paulo d\u00e1 in\u00edcio \u00e0s formaturas de 2020\" \/>\n<meta property=\"og:description\" content=\"O UNASP campus SP realizou hoje (28) pela manh\u00e3 a primeira parte das formaturas referentes ao ano de 2020. Veja um pouco de como foi!\" \/>\n<meta property=\"og:url\" content=\"https:\/\/unasp.br\/noticias\/unasp-campus-sao-paulo-da-inicio-as-formaturas-de-2020-1\/\" \/>\n<meta property=\"og:site_name\" content=\"UNASP Noticias\" \/>\n<meta property=\"article:published_time\" content=\"2021-02-28T17:22:03+00:00\" \/>\n<meta property=\"article:modified_time\" content=\"2021-02-28T17:26:25+00:00\" \/>\n<meta property=\"og:image\" content=\"https:\/\/cdn.unasp.br\/noticias\/wp-content\/uploads\/2021\/02\/28112606\/IMG_6814-2_Easy-Resize.com_.jpg\" \/>\n\t<meta property=\"og:image:width\" content=\"800\" \/>\n\t<meta property=\"og:image:height\" content=\"533\" \/>\n\t<meta property=\"og:image:type\" content=\"image\/jpeg\" \/>\n<meta name=\"author\" content=\"Aira Almeida\" \/>\n<meta name=\"twitter:card\" content=\"summary_large_image\" \/>\n<meta name=\"twitter:label1\" content=\"Escrito por\" \/>\n\t<meta name=\"twitter:data1\" content=\"Aira Almeida\" \/>\n\t<meta name=\"twitter:label2\" content=\"Est. tempo de leitura\" \/>\n\t<meta name=\"twitter:data2\" content=\"3 minutos\" \/>\n<script type=\"application\/ld+json\" class=\"yoast-schema-graph\">{\"@context\":\"https:\/\/schema.org\",\"@graph\":[{\"@type\":\"Article\",\"@id\":\"https:\/\/unasp.br\/noticias\/unasp-campus-sao-paulo-da-inicio-as-formaturas-de-2020-1\/#article\",\"isPartOf\":{\"@id\":\"https:\/\/unasp.br\/noticias\/unasp-campus-sao-paulo-da-inicio-as-formaturas-de-2020-1\/\"},\"author\":{\"name\":\"Aira Almeida\",\"@id\":\"https:\/\/unasp.br\/noticias\/#\/schema\/person\/80f09a3ec674501e6bb13144ffa2489f\"},\"headline\":\"UNASP campus S\u00e3o Paulo d\u00e1 in\u00edcio \u00e0s formaturas de 2020\",\"datePublished\":\"2021-02-28T17:22:03+00:00\",\"dateModified\":\"2021-02-28T17:26:25+00:00\",\"mainEntityOfPage\":{\"@id\":\"https:\/\/unasp.br\/noticias\/unasp-campus-sao-paulo-da-inicio-as-formaturas-de-2020-1\/\"},\"wordCount\":513,\"commentCount\":0,\"publisher\":{\"@id\":\"https:\/\/unasp.br\/noticias\/#organization\"},\"image\":{\"@id\":\"https:\/\/unasp.br\/noticias\/unasp-campus-sao-paulo-da-inicio-as-formaturas-de-2020-1\/#primaryimage\"},\"thumbnailUrl\":\"https:\/\/cdn.unasp.br\/noticias\/wp-content\/uploads\/2021\/02\/28112606\/IMG_6814-2_Easy-Resize.com_.jpg\",\"articleSection\":[\"Formaturas\"],\"inLanguage\":\"pt-BR\",\"potentialAction\":[{\"@type\":\"CommentAction\",\"name\":\"Comment\",\"target\":[\"https:\/\/unasp.br\/noticias\/unasp-campus-sao-paulo-da-inicio-as-formaturas-de-2020-1\/#respond\"]}]},{\"@type\":\"WebPage\",\"@id\":\"https:\/\/unasp.br\/noticias\/unasp-campus-sao-paulo-da-inicio-as-formaturas-de-2020-1\/\",\"url\":\"https:\/\/unasp.br\/noticias\/unasp-campus-sao-paulo-da-inicio-as-formaturas-de-2020-1\/\",\"name\":\"UNASP campus S\u00e3o Paulo d\u00e1 in\u00edcio \u00e0s formaturas de 2020\",\"isPartOf\":{\"@id\":\"https:\/\/unasp.br\/noticias\/#website\"},\"primaryImageOfPage\":{\"@id\":\"https:\/\/unasp.br\/noticias\/unasp-campus-sao-paulo-da-inicio-as-formaturas-de-2020-1\/#primaryimage\"},\"image\":{\"@id\":\"https:\/\/unasp.br\/noticias\/unasp-campus-sao-paulo-da-inicio-as-formaturas-de-2020-1\/#primaryimage\"},\"thumbnailUrl\":\"https:\/\/cdn.unasp.br\/noticias\/wp-content\/uploads\/2021\/02\/28112606\/IMG_6814-2_Easy-Resize.com_.jpg\",\"datePublished\":\"2021-02-28T17:22:03+00:00\",\"dateModified\":\"2021-02-28T17:26:25+00:00\",\"description\":\"O UNASP campus SP realizou hoje (28) pela manh\u00e3 a primeira parte das formaturas referentes ao ano de 2020. Veja um pouco de como foi!\",\"breadcrumb\":{\"@id\":\"https:\/\/unasp.br\/noticias\/unasp-campus-sao-paulo-da-inicio-as-formaturas-de-2020-1\/#breadcrumb\"},\"inLanguage\":\"pt-BR\",\"potentialAction\":[{\"@type\":\"ReadAction\",\"target\":[\"https:\/\/unasp.br\/noticias\/unasp-campus-sao-paulo-da-inicio-as-formaturas-de-2020-1\/\"]}]},{\"@type\":\"ImageObject\",\"inLanguage\":\"pt-BR\",\"@id\":\"https:\/\/unasp.br\/noticias\/unasp-campus-sao-paulo-da-inicio-as-formaturas-de-2020-1\/#primaryimage\",\"url\":\"https:\/\/cdn.unasp.br\/noticias\/wp-content\/uploads\/2021\/02\/28112606\/IMG_6814-2_Easy-Resize.com_.jpg\",\"contentUrl\":\"https:\/\/cdn.unasp.br\/noticias\/wp-content\/uploads\/2021\/02\/28112606\/IMG_6814-2_Easy-Resize.com_.jpg\",\"width\":800,\"height\":533},{\"@type\":\"BreadcrumbList\",\"@id\":\"https:\/\/unasp.br\/noticias\/unasp-campus-sao-paulo-da-inicio-as-formaturas-de-2020-1\/#breadcrumb\",\"itemListElement\":[{\"@type\":\"ListItem\",\"position\":1,\"name\":\"In\u00edcio\",\"item\":\"https:\/\/unasp.br\/noticias\/\"},{\"@type\":\"ListItem\",\"position\":2,\"name\":\"UNASP campus S\u00e3o Paulo d\u00e1 in\u00edcio \u00e0s formaturas de 2020\"}]},{\"@type\":\"WebSite\",\"@id\":\"https:\/\/unasp.br\/noticias\/#website\",\"url\":\"https:\/\/unasp.br\/noticias\/\",\"name\":\"UNASP Noticias\",\"description\":\"Centro Universit\u00e1rio Adventista de S\u00e3o Paulo\",\"publisher\":{\"@id\":\"https:\/\/unasp.br\/noticias\/#organization\"},\"potentialAction\":[{\"@type\":\"SearchAction\",\"target\":{\"@type\":\"EntryPoint\",\"urlTemplate\":\"https:\/\/unasp.br\/noticias\/?s={search_term_string}\"},\"query-input\":{\"@type\":\"PropertyValueSpecification\",\"valueRequired\":true,\"valueName\":\"search_term_string\"}}],\"inLanguage\":\"pt-BR\"},{\"@type\":\"Organization\",\"@id\":\"https:\/\/unasp.br\/noticias\/#organization\",\"name\":\"UNASP Noticias\",\"url\":\"https:\/\/unasp.br\/noticias\/\",\"logo\":{\"@type\":\"ImageObject\",\"inLanguage\":\"pt-BR\",\"@id\":\"https:\/\/unasp.br\/noticias\/#\/schema\/logo\/image\/\",\"url\":\"https:\/\/cdn.unasp.br\/noticias\/wp-content\/uploads\/2021\/09\/09152724\/logo-unasp-news.png\",\"contentUrl\":\"https:\/\/cdn.unasp.br\/noticias\/wp-content\/uploads\/2021\/09\/09152724\/logo-unasp-news.png\",\"width\":240,\"height\":41,\"caption\":\"UNASP Noticias\"},\"image\":{\"@id\":\"https:\/\/unasp.br\/noticias\/#\/schema\/logo\/image\/\"}},{\"@type\":\"Person\",\"@id\":\"https:\/\/unasp.br\/noticias\/#\/schema\/person\/80f09a3ec674501e6bb13144ffa2489f\",\"name\":\"Aira Almeida\",\"image\":{\"@type\":\"ImageObject\",\"inLanguage\":\"pt-BR\",\"@id\":\"https:\/\/unasp.br\/noticias\/#\/schema\/person\/image\/\",\"url\":\"https:\/\/secure.gravatar.com\/avatar\/e30ea867fdd5a41ec6a0cb350dcd108e?s=96&d=mm&r=g\",\"contentUrl\":\"https:\/\/secure.gravatar.com\/avatar\/e30ea867fdd5a41ec6a0cb350dcd108e?s=96&d=mm&r=g\",\"caption\":\"Aira Almeida\"},\"url\":\"https:\/\/unasp.br\/noticias\/author\/aira-almeidaedu-unasp-br\/\"}]}<\/script>\n<!-- \/ Yoast SEO plugin. -->","yoast_head_json":{"title":"UNASP campus S\u00e3o Paulo d\u00e1 in\u00edcio \u00e0s formaturas de 2020","description":"O UNASP campus SP realizou hoje (28) pela manh\u00e3 a primeira parte das formaturas referentes ao ano de 2020. Veja um pouco de como foi!","robots":{"index":"index","follow":"follow","max-snippet":"max-snippet:-1","max-image-preview":"max-image-preview:large","max-video-preview":"max-video-preview:-1"},"canonical":"https:\/\/unasp.br\/noticias\/unasp-campus-sao-paulo-da-inicio-as-formaturas-de-2020-1\/","og_locale":"pt_BR","og_type":"article","og_title":"UNASP campus S\u00e3o Paulo d\u00e1 in\u00edcio \u00e0s formaturas de 2020","og_description":"O UNASP campus SP realizou hoje (28) pela manh\u00e3 a primeira parte das formaturas referentes ao ano de 2020. Veja um pouco de como foi!","og_url":"https:\/\/unasp.br\/noticias\/unasp-campus-sao-paulo-da-inicio-as-formaturas-de-2020-1\/","og_site_name":"UNASP Noticias","article_published_time":"2021-02-28T17:22:03+00:00","article_modified_time":"2021-02-28T17:26:25+00:00","og_image":[{"width":800,"height":533,"url":"https:\/\/cdn.unasp.br\/noticias\/wp-content\/uploads\/2021\/02\/28112606\/IMG_6814-2_Easy-Resize.com_.jpg","type":"image\/jpeg"}],"author":"Aira Almeida","twitter_card":"summary_large_image","twitter_misc":{"Escrito por":"Aira Almeida","Est. tempo de leitura":"3 minutos"},"schema":{"@context":"https:\/\/schema.org","@graph":[{"@type":"Article","@id":"https:\/\/unasp.br\/noticias\/unasp-campus-sao-paulo-da-inicio-as-formaturas-de-2020-1\/#article","isPartOf":{"@id":"https:\/\/unasp.br\/noticias\/unasp-campus-sao-paulo-da-inicio-as-formaturas-de-2020-1\/"},"author":{"name":"Aira Almeida","@id":"https:\/\/unasp.br\/noticias\/#\/schema\/person\/80f09a3ec674501e6bb13144ffa2489f"},"headline":"UNASP campus S\u00e3o Paulo d\u00e1 in\u00edcio \u00e0s formaturas de 2020","datePublished":"2021-02-28T17:22:03+00:00","dateModified":"2021-02-28T17:26:25+00:00","mainEntityOfPage":{"@id":"https:\/\/unasp.br\/noticias\/unasp-campus-sao-paulo-da-inicio-as-formaturas-de-2020-1\/"},"wordCount":513,"commentCount":0,"publisher":{"@id":"https:\/\/unasp.br\/noticias\/#organization"},"image":{"@id":"https:\/\/unasp.br\/noticias\/unasp-campus-sao-paulo-da-inicio-as-formaturas-de-2020-1\/#primaryimage"},"thumbnailUrl":"https:\/\/cdn.unasp.br\/noticias\/wp-content\/uploads\/2021\/02\/28112606\/IMG_6814-2_Easy-Resize.com_.jpg","articleSection":["Formaturas"],"inLanguage":"pt-BR","potentialAction":[{"@type":"CommentAction","name":"Comment","target":["https:\/\/unasp.br\/noticias\/unasp-campus-sao-paulo-da-inicio-as-formaturas-de-2020-1\/#respond"]}]},{"@type":"WebPage","@id":"https:\/\/unasp.br\/noticias\/unasp-campus-sao-paulo-da-inicio-as-formaturas-de-2020-1\/","url":"https:\/\/unasp.br\/noticias\/unasp-campus-sao-paulo-da-inicio-as-formaturas-de-2020-1\/","name":"UNASP campus S\u00e3o Paulo d\u00e1 in\u00edcio \u00e0s formaturas de 2020","isPartOf":{"@id":"https:\/\/unasp.br\/noticias\/#website"},"primaryImageOfPage":{"@id":"https:\/\/unasp.br\/noticias\/unasp-campus-sao-paulo-da-inicio-as-formaturas-de-2020-1\/#primaryimage"},"image":{"@id":"https:\/\/unasp.br\/noticias\/unasp-campus-sao-paulo-da-inicio-as-formaturas-de-2020-1\/#primaryimage"},"thumbnailUrl":"https:\/\/cdn.unasp.br\/noticias\/wp-content\/uploads\/2021\/02\/28112606\/IMG_6814-2_Easy-Resize.com_.jpg","datePublished":"2021-02-28T17:22:03+00:00","dateModified":"2021-02-28T17:26:25+00:00","description":"O UNASP campus SP realizou hoje (28) pela manh\u00e3 a primeira parte das formaturas referentes ao ano de 2020. Veja um pouco de como foi!","breadcrumb":{"@id":"https:\/\/unasp.br\/noticias\/unasp-campus-sao-paulo-da-inicio-as-formaturas-de-2020-1\/#breadcrumb"},"inLanguage":"pt-BR","potentialAction":[{"@type":"ReadAction","target":["https:\/\/unasp.br\/noticias\/unasp-campus-sao-paulo-da-inicio-as-formaturas-de-2020-1\/"]}]},{"@type":"ImageObject","inLanguage":"pt-BR","@id":"https:\/\/unasp.br\/noticias\/unasp-campus-sao-paulo-da-inicio-as-formaturas-de-2020-1\/#primaryimage","url":"https:\/\/cdn.unasp.br\/noticias\/wp-content\/uploads\/2021\/02\/28112606\/IMG_6814-2_Easy-Resize.com_.jpg","contentUrl":"https:\/\/cdn.unasp.br\/noticias\/wp-content\/uploads\/2021\/02\/28112606\/IMG_6814-2_Easy-Resize.com_.jpg","width":800,"height":533},{"@type":"BreadcrumbList","@id":"https:\/\/unasp.br\/noticias\/unasp-campus-sao-paulo-da-inicio-as-formaturas-de-2020-1\/#breadcrumb","itemListElement":[{"@type":"ListItem","position":1,"name":"In\u00edcio","item":"https:\/\/unasp.br\/noticias\/"},{"@type":"ListItem","position":2,"name":"UNASP campus S\u00e3o Paulo d\u00e1 in\u00edcio \u00e0s formaturas de 2020"}]},{"@type":"WebSite","@id":"https:\/\/unasp.br\/noticias\/#website","url":"https:\/\/unasp.br\/noticias\/","name":"UNASP Noticias","description":"Centro Universit\u00e1rio Adventista de S\u00e3o Paulo","publisher":{"@id":"https:\/\/unasp.br\/noticias\/#organization"},"potentialAction":[{"@type":"SearchAction","target":{"@type":"EntryPoint","urlTemplate":"https:\/\/unasp.br\/noticias\/?s={search_term_string}"},"query-input":{"@type":"PropertyValueSpecification","valueRequired":true,"valueName":"search_term_string"}}],"inLanguage":"pt-BR"},{"@type":"Organization","@id":"https:\/\/unasp.br\/noticias\/#organization","name":"UNASP Noticias","url":"https:\/\/unasp.br\/noticias\/","logo":{"@type":"ImageObject","inLanguage":"pt-BR","@id":"https:\/\/unasp.br\/noticias\/#\/schema\/logo\/image\/","url":"https:\/\/cdn.unasp.br\/noticias\/wp-content\/uploads\/2021\/09\/09152724\/logo-unasp-news.png","contentUrl":"https:\/\/cdn.unasp.br\/noticias\/wp-content\/uploads\/2021\/09\/09152724\/logo-unasp-news.png","width":240,"height":41,"caption":"UNASP Noticias"},"image":{"@id":"https:\/\/unasp.br\/noticias\/#\/schema\/logo\/image\/"}},{"@type":"Person","@id":"https:\/\/unasp.br\/noticias\/#\/schema\/person\/80f09a3ec674501e6bb13144ffa2489f","name":"Aira Almeida","image":{"@type":"ImageObject","inLanguage":"pt-BR","@id":"https:\/\/unasp.br\/noticias\/#\/schema\/person\/image\/","url":"https:\/\/secure.gravatar.com\/avatar\/e30ea867fdd5a41ec6a0cb350dcd108e?s=96&d=mm&r=g","contentUrl":"https:\/\/secure.gravatar.com\/avatar\/e30ea867fdd5a41ec6a0cb350dcd108e?s=96&d=mm&r=g","caption":"Aira Almeida"},"url":"https:\/\/unasp.br\/noticias\/author\/aira-almeidaedu-unasp-br\/"}]}},"_links":{"self":[{"href":"https:\/\/unasp.br\/noticias\/wp-json\/wp\/v2\/posts\/92402"}],"collection":[{"href":"https:\/\/unasp.br\/noticias\/wp-json\/wp\/v2\/posts"}],"about":[{"href":"https:\/\/unasp.br\/noticias\/wp-json\/wp\/v2\/types\/post"}],"author":[{"embeddable":true,"href":"https:\/\/unasp.br\/noticias\/wp-json\/wp\/v2\/users\/30"}],"replies":[{"embeddable":true,"href":"https:\/\/unasp.br\/noticias\/wp-json\/wp\/v2\/comments?post=92402"}],"version-history":[{"count":6,"href":"https:\/\/unasp.br\/noticias\/wp-json\/wp\/v2\/posts\/92402\/revisions"}],"predecessor-version":[{"id":92412,"href":"https:\/\/unasp.br\/noticias\/wp-json\/wp\/v2\/posts\/92402\/revisions\/92412"}],"wp:featuredmedia":[{"embeddable":true,"href":"https:\/\/unasp.br\/noticias\/wp-json\/wp\/v2\/media\/92414"}],"wp:attachment":[{"href":"https:\/\/unasp.br\/noticias\/wp-json\/wp\/v2\/media?parent=92402"}],"wp:term":[{"taxonomy":"category","embeddable":true,"href":"https:\/\/unasp.br\/noticias\/wp-json\/wp\/v2\/categories?post=92402"},{"taxonomy":"post_tag","embeddable":true,"href":"https:\/\/unasp.br\/noticias\/wp-json\/wp\/v2\/tags?post=92402"}],"curies":[{"name":"wp","href":"https:\/\/api.w.org\/{rel}","templated":true}]}}