{"id":95680,"date":"2021-12-10T22:21:01","date_gmt":"2021-12-11T01:21:01","guid":{"rendered":"https:\/\/www.unasp.br\/noticias\/?p=95680"},"modified":"2021-12-24T09:42:27","modified_gmt":"2021-12-24T12:42:27","slug":"culto-de-gratidao-do-unasp-abre-ciclo-das-formaturas-do-ensino-superior","status":"publish","type":"post","link":"https:\/\/unasp.br\/noticias\/culto-de-gratidao-do-unasp-abre-ciclo-das-formaturas-do-ensino-superior\/","title":{"rendered":"Culto de gratid\u00e3o do UNASP abre ciclo das formaturas do Ensino Superior"},"content":{"rendered":"\n<p>O culto de gratid\u00e3o na igreja do <a href=\"https:\/\/www.unasp.br\/\">UNASP<\/a> campus Engenheiro Coelho re\u00fane a todos em um momento de homenagens, celebra\u00e7\u00f5es e alegria. O diploma representa uma conquista para os estudantes e suas fam\u00edlias. Ap\u00f3s anos de estudo e dedica\u00e7\u00e3o, a formatura sinaliza o fim da gradua\u00e7\u00e3o e in\u00edcio de uma nova etapa.&nbsp;<\/p>\n\n\n\n<figure class=\"wp-block-image size-large\"><img loading=\"lazy\" decoding=\"async\" width=\"1024\" height=\"682\" src=\"https:\/\/www.unasp.br\/noticias\/wp-content\/uploads\/2021\/12\/culto_gratidao-1024x682.jpeg\" alt=\"Culto de gratid\u00e3o abre comemora\u00e7\u00f5es no UNASP Engenheiro Coelho. \" class=\"wp-image-95682\" srcset=\"https:\/\/cdn.unasp.br\/noticias\/wp-content\/uploads\/2021\/12\/10185701\/culto_gratidao-1024x682.jpeg 1024w, https:\/\/cdn.unasp.br\/noticias\/wp-content\/uploads\/2021\/12\/10185701\/culto_gratidao-300x200.jpeg 300w, https:\/\/cdn.unasp.br\/noticias\/wp-content\/uploads\/2021\/12\/10185701\/culto_gratidao-768x512.jpeg 768w, https:\/\/cdn.unasp.br\/noticias\/wp-content\/uploads\/2021\/12\/10185701\/culto_gratidao-900x600.jpeg 900w, https:\/\/cdn.unasp.br\/noticias\/wp-content\/uploads\/2021\/12\/10185701\/culto_gratidao-1200x800.jpeg 1200w, https:\/\/cdn.unasp.br\/noticias\/wp-content\/uploads\/2021\/12\/10185701\/culto_gratidao-1080x720.jpeg 1080w, https:\/\/cdn.unasp.br\/noticias\/wp-content\/uploads\/2021\/12\/10185701\/culto_gratidao-800x533.jpeg 800w, https:\/\/cdn.unasp.br\/noticias\/wp-content\/uploads\/2021\/12\/10185701\/culto_gratidao-750x500.jpeg 750w, https:\/\/cdn.unasp.br\/noticias\/wp-content\/uploads\/2021\/12\/10185701\/culto_gratidao-720x480.jpeg 720w, https:\/\/cdn.unasp.br\/noticias\/wp-content\/uploads\/2021\/12\/10185701\/culto_gratidao-420x280.jpeg 420w, https:\/\/cdn.unasp.br\/noticias\/wp-content\/uploads\/2021\/12\/10185701\/culto_gratidao-500x333.jpeg 500w, https:\/\/cdn.unasp.br\/noticias\/wp-content\/uploads\/2021\/12\/10185701\/culto_gratidao-400x267.jpeg 400w, https:\/\/cdn.unasp.br\/noticias\/wp-content\/uploads\/2021\/12\/10185701\/culto_gratidao-225x150.jpeg 225w, https:\/\/cdn.unasp.br\/noticias\/wp-content\/uploads\/2021\/12\/10185701\/culto_gratidao-175x117.jpeg 175w, https:\/\/cdn.unasp.br\/noticias\/wp-content\/uploads\/2021\/12\/10185701\/culto_gratidao-200x133.jpeg 200w, https:\/\/cdn.unasp.br\/noticias\/wp-content\/uploads\/2021\/12\/10185701\/culto_gratidao-675x450.jpeg 675w, https:\/\/cdn.unasp.br\/noticias\/wp-content\/uploads\/2021\/12\/10185701\/culto_gratidao-390x260.jpeg 390w, https:\/\/cdn.unasp.br\/noticias\/wp-content\/uploads\/2021\/12\/10185701\/culto_gratidao.jpeg 1280w\" sizes=\"(max-width: 1024px) 100vw, 1024px\" \/><figcaption>Mais de 500 alunos conclu\u00edram a gradua\u00e7\u00e3o em 2021. Foto: Fellype Willyam<\/figcaption><\/figure>\n\n\n\n<p>O programa teve diversos momentos de reconhecimento ao esfor\u00e7o de doadores e fam\u00edlias na manuten\u00e7\u00e3o da educa\u00e7\u00e3o de milhares de alunos. O reitor Martin Kuhn conta que acompanhou diversas fases da hist\u00f3ria da institui\u00e7\u00e3o. \u201cN\u00e3o foram f\u00e1ceis esses dois anos, mas nossos alunos venceram\u201d, comemora. Ele agradece a Deus por tantas fam\u00edlias confiarem seus filhos \u00e0 institui\u00e7\u00e3o.&nbsp;<\/p>\n\n\n\n<p>Entre as men\u00e7\u00f5es de agradecimento feitas pelo reitor Kuhn, a formanda em <a href=\"https:\/\/www.unasp.br\/cursos\/ec\/graduacao\/jornalismo\/\">Jornalismo<\/a>, Danielly Lopes, foi convidada entre aplausos por carregar uma placa que destaca o esfor\u00e7o da sua m\u00e3e em ajud\u00e1-la a concluir a gradua\u00e7\u00e3o fazendo brigadeiros. Danielly vendeu os doces por anos para custear suas despesas e alcan\u00e7ar o sonho de se tornar jornalista.<\/p>\n\n\n\n<h2 class=\"wp-block-heading\"><strong>Conquistas da fam\u00edlia<\/strong><\/h2>\n\n\n\n<p>A formanda em <a href=\"https:\/\/www.unasp.br\/cursos\/ec\/graduacao\/direito\/\">Direito<\/a>, Alessandra Janu\u00e1rio, confessa que sente o \u201cfrio na barriga de ter chegado \u00e0 reta final\u201d. Ela decidiu vir para o UNASP pela \u201cproximidade de casa e, principalmente pelo ensino maravilhoso e \u00f3timos profissionais\u201d. Para a m\u00e3e de Alessandra, Maria Vandenilza, esse momento significa uma b\u00ean\u00e7\u00e3o. \u201cSe n\u00e3o fosse Deus, n\u00e3o ter\u00edamos chegado aqui\u201d, enfatiza.&nbsp;<\/p>\n\n\n\n<figure class=\"wp-block-image size-large\"><img loading=\"lazy\" decoding=\"async\" width=\"1024\" height=\"683\" src=\"https:\/\/www.unasp.br\/noticias\/wp-content\/uploads\/2021\/12\/gratida_culto-1024x683.jpg\" alt=\"Culto de Gratid\u00e3o. \" class=\"wp-image-95692\" srcset=\"https:\/\/cdn.unasp.br\/noticias\/wp-content\/uploads\/2021\/12\/11085352\/gratida_culto-1024x683.jpg 1024w, https:\/\/cdn.unasp.br\/noticias\/wp-content\/uploads\/2021\/12\/11085352\/gratida_culto-300x200.jpg 300w, https:\/\/cdn.unasp.br\/noticias\/wp-content\/uploads\/2021\/12\/11085352\/gratida_culto-768x512.jpg 768w, https:\/\/cdn.unasp.br\/noticias\/wp-content\/uploads\/2021\/12\/11085352\/gratida_culto-1536x1024.jpg 1536w, https:\/\/cdn.unasp.br\/noticias\/wp-content\/uploads\/2021\/12\/11085352\/gratida_culto-900x600.jpg 900w, https:\/\/cdn.unasp.br\/noticias\/wp-content\/uploads\/2021\/12\/11085352\/gratida_culto-1200x800.jpg 1200w, https:\/\/cdn.unasp.br\/noticias\/wp-content\/uploads\/2021\/12\/11085352\/gratida_culto-1080x720.jpg 1080w, https:\/\/cdn.unasp.br\/noticias\/wp-content\/uploads\/2021\/12\/11085352\/gratida_culto-800x533.jpg 800w, https:\/\/cdn.unasp.br\/noticias\/wp-content\/uploads\/2021\/12\/11085352\/gratida_culto-750x500.jpg 750w, https:\/\/cdn.unasp.br\/noticias\/wp-content\/uploads\/2021\/12\/11085352\/gratida_culto-720x480.jpg 720w, https:\/\/cdn.unasp.br\/noticias\/wp-content\/uploads\/2021\/12\/11085352\/gratida_culto-420x280.jpg 420w, https:\/\/cdn.unasp.br\/noticias\/wp-content\/uploads\/2021\/12\/11085352\/gratida_culto-500x333.jpg 500w, https:\/\/cdn.unasp.br\/noticias\/wp-content\/uploads\/2021\/12\/11085352\/gratida_culto-400x267.jpg 400w, https:\/\/cdn.unasp.br\/noticias\/wp-content\/uploads\/2021\/12\/11085352\/gratida_culto-225x150.jpg 225w, https:\/\/cdn.unasp.br\/noticias\/wp-content\/uploads\/2021\/12\/11085352\/gratida_culto-175x117.jpg 175w, https:\/\/cdn.unasp.br\/noticias\/wp-content\/uploads\/2021\/12\/11085352\/gratida_culto-200x133.jpg 200w, https:\/\/cdn.unasp.br\/noticias\/wp-content\/uploads\/2021\/12\/11085352\/gratida_culto-675x450.jpg 675w, https:\/\/cdn.unasp.br\/noticias\/wp-content\/uploads\/2021\/12\/11085352\/gratida_culto-390x260.jpg 390w, https:\/\/cdn.unasp.br\/noticias\/wp-content\/uploads\/2021\/12\/11085352\/gratida_culto.jpg 2048w\" sizes=\"(max-width: 1024px) 100vw, 1024px\" \/><figcaption>Formandos aproveitam noite para agradecer pelas ben\u00e7\u00e3os durante os anos de estudo. Foto: Fellype William<\/figcaption><\/figure>\n\n\n\n<p>No caso de Tatiana Guizardi, que veio de Bras\u00edlia, a escolha de estudar no UNASP veio por conta de uma tradi\u00e7\u00e3o familiar. Seu pai, Francisco Oliveira, conta que \u201cse formou h\u00e1 29 anos em Teologia no UNASP\u201d. Al\u00e9m disso, Tatiana encontrou na institui\u00e7\u00e3o seus dois cursos de interesse: <a href=\"https:\/\/www.unasp.br\/cursos\/ec\/graduacao\/letras-habilitacao-em-lingua-portuguesa\/\">Letras<\/a> e Direito. Ela ainda permanece na institui\u00e7\u00e3o por dois anos para conclus\u00e3o da segunda gradua\u00e7\u00e3o. Sua m\u00e3e, Ver\u00f4nica Oliveira, afirma que sente muito orgulho e esse diploma representa a \u201cvaloriza\u00e7\u00e3o do esfor\u00e7o\u201d.<\/p>\n\n\n\n<p>Para Gisele Vidal que veio de Santa Catarina para acompanhar a formatura da filha, cada momento do culto a fez recordar as dificuldades e conquistas dos cinco anos em que Victoria Vidal, formanda em <a href=\"https:\/\/www.unasp.br\/cursos\/ec\/graduacao\/arquitetura-e-urbanismo\/\">Arquitetura e Urbanismo<\/a>, esteve distante de casa. \u201cMuitos altos e baixos, a adapta\u00e7\u00e3o de morar em um internato e outros momentos foram complicados, mas o importante \u00e9 o crescimento\u201d, enfatiza.&nbsp;&nbsp;<\/p>\n\n\n\n<h2 class=\"wp-block-heading\"><strong>Compromisso do UNASP<\/strong><\/h2>\n\n\n\n<p>A igreja do campus recebeu centenas de fam\u00edlias para essa celebra\u00e7\u00e3o. O diretor de desenvolvimento estudantil do campus Engenheiro Coelho, doutor Carlos Ferri, considera que a formatura \u00e9 o \u00e1pice de uma jornada. \u201cDiversos estudantes passam anos na institui\u00e7\u00e3o e esse \u00e9 o momento de agradecer a Deus por toda jornada, fam\u00edlia, apoio, prote\u00e7\u00e3o de Deus\u201d, acrescenta.<\/p>\n\n\n\n<p>O pr\u00f3-reitor de Pesquisa e Desenvolvimento Institucional, Allan Novaes, explica que \u201co UNASP tem no seu DNA uma voca\u00e7\u00e3o natural para aliar o trabalho acad\u00eamico, a excel\u00eancia na pesquisa, no ensino e na forma\u00e7\u00e3o com uma vis\u00e3o de futuro que vai muito al\u00e9m da inser\u00e7\u00e3o no mercado de trabalho\u201d. Ele acrescenta que a institui\u00e7\u00e3o se preocupa com a voca\u00e7\u00e3o do indiv\u00edduo de maneira integral, dessa forma ele \u201cser\u00e1 n\u00e3o somente um bom profissional, mas um bom cidad\u00e3o no reino de deus\u201d.<\/p>\n\n\n\n<p>Durante a mensagem do culto de gratid\u00e3o, o pastor Odailson Fonseca fez considera\u00e7\u00f5es sobre o novo come\u00e7o dos formandos baseado na hist\u00f3ria de Pedro. \u201c\u00c9 o momento especial de entender que Deus nos ensinou supera\u00e7\u00e3o e resili\u00eancia\u201d, explica. Ele finalizou com uma mensagem de esperan\u00e7a para o novo come\u00e7o dos formandos: \u201cVerdadeiros formandos n\u00e3o cabem nesse mundo que a gente encaixa, mas n\u00e3o pertence\u201d.<\/p>\n\n\n\n<figure class=\"wp-block-image size-large\"><img loading=\"lazy\" decoding=\"async\" width=\"1024\" height=\"576\" src=\"https:\/\/www.unasp.br\/noticias\/wp-content\/uploads\/2021\/12\/martin_culto-1024x576.jpg\" alt=\"\" class=\"wp-image-95698\" srcset=\"https:\/\/cdn.unasp.br\/noticias\/wp-content\/uploads\/2021\/12\/11085608\/martin_culto-1024x576.jpg 1024w, https:\/\/cdn.unasp.br\/noticias\/wp-content\/uploads\/2021\/12\/11085608\/martin_culto-300x169.jpg 300w, https:\/\/cdn.unasp.br\/noticias\/wp-content\/uploads\/2021\/12\/11085608\/martin_culto-768x432.jpg 768w, https:\/\/cdn.unasp.br\/noticias\/wp-content\/uploads\/2021\/12\/11085608\/martin_culto-1536x864.jpg 1536w, https:\/\/cdn.unasp.br\/noticias\/wp-content\/uploads\/2021\/12\/11085608\/martin_culto-1067x600.jpg 1067w, https:\/\/cdn.unasp.br\/noticias\/wp-content\/uploads\/2021\/12\/11085608\/martin_culto-1422x800.jpg 1422w, https:\/\/cdn.unasp.br\/noticias\/wp-content\/uploads\/2021\/12\/11085608\/martin_culto-1280x720.jpg 1280w, https:\/\/cdn.unasp.br\/noticias\/wp-content\/uploads\/2021\/12\/11085608\/martin_culto-800x450.jpg 800w, https:\/\/cdn.unasp.br\/noticias\/wp-content\/uploads\/2021\/12\/11085608\/martin_culto-750x422.jpg 750w, https:\/\/cdn.unasp.br\/noticias\/wp-content\/uploads\/2021\/12\/11085608\/martin_culto-720x405.jpg 720w, https:\/\/cdn.unasp.br\/noticias\/wp-content\/uploads\/2021\/12\/11085608\/martin_culto-498x280.jpg 498w, https:\/\/cdn.unasp.br\/noticias\/wp-content\/uploads\/2021\/12\/11085608\/martin_culto-500x281.jpg 500w, https:\/\/cdn.unasp.br\/noticias\/wp-content\/uploads\/2021\/12\/11085608\/martin_culto-400x225.jpg 400w, https:\/\/cdn.unasp.br\/noticias\/wp-content\/uploads\/2021\/12\/11085608\/martin_culto-356x200.jpg 356w, https:\/\/cdn.unasp.br\/noticias\/wp-content\/uploads\/2021\/12\/11085608\/martin_culto-267x150.jpg 267w, https:\/\/cdn.unasp.br\/noticias\/wp-content\/uploads\/2021\/12\/11085608\/martin_culto-175x98.jpg 175w, https:\/\/cdn.unasp.br\/noticias\/wp-content\/uploads\/2021\/12\/11085608\/martin_culto-200x113.jpg 200w, https:\/\/cdn.unasp.br\/noticias\/wp-content\/uploads\/2021\/12\/11085608\/martin_culto.jpg 2048w\" sizes=\"(max-width: 1024px) 100vw, 1024px\" \/><\/figure>\n\n\n\n<figure class=\"wp-block-image size-large\"><img loading=\"lazy\" decoding=\"async\" width=\"1024\" height=\"683\" src=\"https:\/\/www.unasp.br\/noticias\/wp-content\/uploads\/2021\/12\/culto-gratidao-1024x683.jpg\" alt=\"\" class=\"wp-image-95693\" srcset=\"https:\/\/cdn.unasp.br\/noticias\/wp-content\/uploads\/2021\/12\/11085416\/culto-gratidao-1024x683.jpg 1024w, https:\/\/cdn.unasp.br\/noticias\/wp-content\/uploads\/2021\/12\/11085416\/culto-gratidao-300x200.jpg 300w, https:\/\/cdn.unasp.br\/noticias\/wp-content\/uploads\/2021\/12\/11085416\/culto-gratidao-768x512.jpg 768w, https:\/\/cdn.unasp.br\/noticias\/wp-content\/uploads\/2021\/12\/11085416\/culto-gratidao-1536x1024.jpg 1536w, https:\/\/cdn.unasp.br\/noticias\/wp-content\/uploads\/2021\/12\/11085416\/culto-gratidao-900x600.jpg 900w, https:\/\/cdn.unasp.br\/noticias\/wp-content\/uploads\/2021\/12\/11085416\/culto-gratidao-1200x800.jpg 1200w, https:\/\/cdn.unasp.br\/noticias\/wp-content\/uploads\/2021\/12\/11085416\/culto-gratidao-1080x720.jpg 1080w, https:\/\/cdn.unasp.br\/noticias\/wp-content\/uploads\/2021\/12\/11085416\/culto-gratidao-800x533.jpg 800w, https:\/\/cdn.unasp.br\/noticias\/wp-content\/uploads\/2021\/12\/11085416\/culto-gratidao-750x500.jpg 750w, https:\/\/cdn.unasp.br\/noticias\/wp-content\/uploads\/2021\/12\/11085416\/culto-gratidao-720x480.jpg 720w, https:\/\/cdn.unasp.br\/noticias\/wp-content\/uploads\/2021\/12\/11085416\/culto-gratidao-420x280.jpg 420w, https:\/\/cdn.unasp.br\/noticias\/wp-content\/uploads\/2021\/12\/11085416\/culto-gratidao-500x333.jpg 500w, https:\/\/cdn.unasp.br\/noticias\/wp-content\/uploads\/2021\/12\/11085416\/culto-gratidao-400x267.jpg 400w, https:\/\/cdn.unasp.br\/noticias\/wp-content\/uploads\/2021\/12\/11085416\/culto-gratidao-225x150.jpg 225w, https:\/\/cdn.unasp.br\/noticias\/wp-content\/uploads\/2021\/12\/11085416\/culto-gratidao-175x117.jpg 175w, https:\/\/cdn.unasp.br\/noticias\/wp-content\/uploads\/2021\/12\/11085416\/culto-gratidao-200x133.jpg 200w, https:\/\/cdn.unasp.br\/noticias\/wp-content\/uploads\/2021\/12\/11085416\/culto-gratidao-675x450.jpg 675w, https:\/\/cdn.unasp.br\/noticias\/wp-content\/uploads\/2021\/12\/11085416\/culto-gratidao-390x260.jpg 390w, https:\/\/cdn.unasp.br\/noticias\/wp-content\/uploads\/2021\/12\/11085416\/culto-gratidao.jpg 2048w\" sizes=\"(max-width: 1024px) 100vw, 1024px\" \/><\/figure>\n","protected":false},"excerpt":{"rendered":"<p>Os formandos e suas fam\u00edlias agradeceram a Deus o in\u00edcio da nova etapa.<\/p>\n","protected":false},"author":30,"featured_media":95693,"comment_status":"open","ping_status":"open","sticky":false,"template":"","format":"standard","meta":{"footnotes":""},"categories":[1846],"tags":[2960,585,156,273],"yoast_head":"<!-- This site is optimized with the Yoast SEO plugin v23.5 - https:\/\/yoast.com\/wordpress\/plugins\/seo\/ -->\n<title>Culto de gratid\u00e3o abre ciclo das formaturas para Ensino Superior<\/title>\n<meta name=\"description\" content=\"O culto de gratid\u00e3o na igreja do campus Engenheiro Coelho re\u00fane a todos em um momento de homenagens, celebra\u00e7\u00f5es e alegria.\" \/>\n<meta name=\"robots\" content=\"index, follow, max-snippet:-1, max-image-preview:large, max-video-preview:-1\" \/>\n<link rel=\"canonical\" href=\"https:\/\/unasp.br\/noticias\/culto-de-gratidao-do-unasp-abre-ciclo-das-formaturas-do-ensino-superior\/\" \/>\n<meta property=\"og:locale\" content=\"pt_BR\" \/>\n<meta property=\"og:type\" content=\"article\" \/>\n<meta property=\"og:title\" content=\"Culto de gratid\u00e3o abre ciclo das formaturas para Ensino Superior\" \/>\n<meta property=\"og:description\" content=\"O culto de gratid\u00e3o na igreja do campus Engenheiro Coelho re\u00fane a todos em um momento de homenagens, celebra\u00e7\u00f5es e alegria.\" \/>\n<meta property=\"og:url\" content=\"https:\/\/unasp.br\/noticias\/culto-de-gratidao-do-unasp-abre-ciclo-das-formaturas-do-ensino-superior\/\" \/>\n<meta property=\"og:site_name\" content=\"UNASP Noticias\" \/>\n<meta property=\"article:published_time\" content=\"2021-12-11T01:21:01+00:00\" \/>\n<meta property=\"article:modified_time\" content=\"2021-12-24T12:42:27+00:00\" \/>\n<meta property=\"og:image\" content=\"https:\/\/cdn.unasp.br\/noticias\/wp-content\/uploads\/2021\/12\/11085416\/culto-gratidao.jpg\" \/>\n\t<meta property=\"og:image:width\" content=\"2048\" \/>\n\t<meta property=\"og:image:height\" content=\"1365\" \/>\n\t<meta property=\"og:image:type\" content=\"image\/jpeg\" \/>\n<meta name=\"author\" content=\"Aira Almeida\" \/>\n<meta name=\"twitter:card\" content=\"summary_large_image\" \/>\n<meta name=\"twitter:label1\" content=\"Escrito por\" \/>\n\t<meta name=\"twitter:data1\" content=\"Aira Almeida\" \/>\n\t<meta name=\"twitter:label2\" content=\"Est. tempo de leitura\" \/>\n\t<meta name=\"twitter:data2\" content=\"4 minutos\" \/>\n<script type=\"application\/ld+json\" class=\"yoast-schema-graph\">{\"@context\":\"https:\/\/schema.org\",\"@graph\":[{\"@type\":\"Article\",\"@id\":\"https:\/\/unasp.br\/noticias\/culto-de-gratidao-do-unasp-abre-ciclo-das-formaturas-do-ensino-superior\/#article\",\"isPartOf\":{\"@id\":\"https:\/\/unasp.br\/noticias\/culto-de-gratidao-do-unasp-abre-ciclo-das-formaturas-do-ensino-superior\/\"},\"author\":{\"name\":\"Aira Almeida\",\"@id\":\"https:\/\/unasp.br\/noticias\/#\/schema\/person\/80f09a3ec674501e6bb13144ffa2489f\"},\"headline\":\"Culto de gratid\u00e3o do UNASP abre ciclo das formaturas do Ensino Superior\",\"datePublished\":\"2021-12-11T01:21:01+00:00\",\"dateModified\":\"2021-12-24T12:42:27+00:00\",\"mainEntityOfPage\":{\"@id\":\"https:\/\/unasp.br\/noticias\/culto-de-gratidao-do-unasp-abre-ciclo-das-formaturas-do-ensino-superior\/\"},\"wordCount\":687,\"commentCount\":0,\"publisher\":{\"@id\":\"https:\/\/unasp.br\/noticias\/#organization\"},\"image\":{\"@id\":\"https:\/\/unasp.br\/noticias\/culto-de-gratidao-do-unasp-abre-ciclo-das-formaturas-do-ensino-superior\/#primaryimage\"},\"thumbnailUrl\":\"https:\/\/cdn.unasp.br\/noticias\/wp-content\/uploads\/2021\/12\/11085416\/culto-gratidao.jpg\",\"keywords\":[\"cultodegratid\u00e3o\",\"Engenheiro Coelho\",\"formandos\",\"Formatura\"],\"articleSection\":[\"Formaturas\"],\"inLanguage\":\"pt-BR\",\"potentialAction\":[{\"@type\":\"CommentAction\",\"name\":\"Comment\",\"target\":[\"https:\/\/unasp.br\/noticias\/culto-de-gratidao-do-unasp-abre-ciclo-das-formaturas-do-ensino-superior\/#respond\"]}]},{\"@type\":\"WebPage\",\"@id\":\"https:\/\/unasp.br\/noticias\/culto-de-gratidao-do-unasp-abre-ciclo-das-formaturas-do-ensino-superior\/\",\"url\":\"https:\/\/unasp.br\/noticias\/culto-de-gratidao-do-unasp-abre-ciclo-das-formaturas-do-ensino-superior\/\",\"name\":\"Culto de gratid\u00e3o abre ciclo das formaturas para Ensino Superior\",\"isPartOf\":{\"@id\":\"https:\/\/unasp.br\/noticias\/#website\"},\"primaryImageOfPage\":{\"@id\":\"https:\/\/unasp.br\/noticias\/culto-de-gratidao-do-unasp-abre-ciclo-das-formaturas-do-ensino-superior\/#primaryimage\"},\"image\":{\"@id\":\"https:\/\/unasp.br\/noticias\/culto-de-gratidao-do-unasp-abre-ciclo-das-formaturas-do-ensino-superior\/#primaryimage\"},\"thumbnailUrl\":\"https:\/\/cdn.unasp.br\/noticias\/wp-content\/uploads\/2021\/12\/11085416\/culto-gratidao.jpg\",\"datePublished\":\"2021-12-11T01:21:01+00:00\",\"dateModified\":\"2021-12-24T12:42:27+00:00\",\"description\":\"O culto de gratid\u00e3o na igreja do campus Engenheiro Coelho re\u00fane a todos em um momento de homenagens, celebra\u00e7\u00f5es e alegria.\",\"breadcrumb\":{\"@id\":\"https:\/\/unasp.br\/noticias\/culto-de-gratidao-do-unasp-abre-ciclo-das-formaturas-do-ensino-superior\/#breadcrumb\"},\"inLanguage\":\"pt-BR\",\"potentialAction\":[{\"@type\":\"ReadAction\",\"target\":[\"https:\/\/unasp.br\/noticias\/culto-de-gratidao-do-unasp-abre-ciclo-das-formaturas-do-ensino-superior\/\"]}]},{\"@type\":\"ImageObject\",\"inLanguage\":\"pt-BR\",\"@id\":\"https:\/\/unasp.br\/noticias\/culto-de-gratidao-do-unasp-abre-ciclo-das-formaturas-do-ensino-superior\/#primaryimage\",\"url\":\"https:\/\/cdn.unasp.br\/noticias\/wp-content\/uploads\/2021\/12\/11085416\/culto-gratidao.jpg\",\"contentUrl\":\"https:\/\/cdn.unasp.br\/noticias\/wp-content\/uploads\/2021\/12\/11085416\/culto-gratidao.jpg\",\"width\":2048,\"height\":1365},{\"@type\":\"BreadcrumbList\",\"@id\":\"https:\/\/unasp.br\/noticias\/culto-de-gratidao-do-unasp-abre-ciclo-das-formaturas-do-ensino-superior\/#breadcrumb\",\"itemListElement\":[{\"@type\":\"ListItem\",\"position\":1,\"name\":\"In\u00edcio\",\"item\":\"https:\/\/unasp.br\/noticias\/\"},{\"@type\":\"ListItem\",\"position\":2,\"name\":\"Culto de gratid\u00e3o do UNASP abre ciclo das formaturas do Ensino Superior\"}]},{\"@type\":\"WebSite\",\"@id\":\"https:\/\/unasp.br\/noticias\/#website\",\"url\":\"https:\/\/unasp.br\/noticias\/\",\"name\":\"UNASP Noticias\",\"description\":\"Centro Universit\u00e1rio Adventista de S\u00e3o Paulo\",\"publisher\":{\"@id\":\"https:\/\/unasp.br\/noticias\/#organization\"},\"potentialAction\":[{\"@type\":\"SearchAction\",\"target\":{\"@type\":\"EntryPoint\",\"urlTemplate\":\"https:\/\/unasp.br\/noticias\/?s={search_term_string}\"},\"query-input\":{\"@type\":\"PropertyValueSpecification\",\"valueRequired\":true,\"valueName\":\"search_term_string\"}}],\"inLanguage\":\"pt-BR\"},{\"@type\":\"Organization\",\"@id\":\"https:\/\/unasp.br\/noticias\/#organization\",\"name\":\"UNASP Noticias\",\"url\":\"https:\/\/unasp.br\/noticias\/\",\"logo\":{\"@type\":\"ImageObject\",\"inLanguage\":\"pt-BR\",\"@id\":\"https:\/\/unasp.br\/noticias\/#\/schema\/logo\/image\/\",\"url\":\"https:\/\/cdn.unasp.br\/noticias\/wp-content\/uploads\/2021\/09\/09152724\/logo-unasp-news.png\",\"contentUrl\":\"https:\/\/cdn.unasp.br\/noticias\/wp-content\/uploads\/2021\/09\/09152724\/logo-unasp-news.png\",\"width\":240,\"height\":41,\"caption\":\"UNASP Noticias\"},\"image\":{\"@id\":\"https:\/\/unasp.br\/noticias\/#\/schema\/logo\/image\/\"}},{\"@type\":\"Person\",\"@id\":\"https:\/\/unasp.br\/noticias\/#\/schema\/person\/80f09a3ec674501e6bb13144ffa2489f\",\"name\":\"Aira Almeida\",\"image\":{\"@type\":\"ImageObject\",\"inLanguage\":\"pt-BR\",\"@id\":\"https:\/\/unasp.br\/noticias\/#\/schema\/person\/image\/\",\"url\":\"https:\/\/secure.gravatar.com\/avatar\/e30ea867fdd5a41ec6a0cb350dcd108e?s=96&d=mm&r=g\",\"contentUrl\":\"https:\/\/secure.gravatar.com\/avatar\/e30ea867fdd5a41ec6a0cb350dcd108e?s=96&d=mm&r=g\",\"caption\":\"Aira Almeida\"},\"url\":\"https:\/\/unasp.br\/noticias\/author\/aira-almeidaedu-unasp-br\/\"}]}<\/script>\n<!-- \/ Yoast SEO plugin. -->","yoast_head_json":{"title":"Culto de gratid\u00e3o abre ciclo das formaturas para Ensino Superior","description":"O culto de gratid\u00e3o na igreja do campus Engenheiro Coelho re\u00fane a todos em um momento de homenagens, celebra\u00e7\u00f5es e alegria.","robots":{"index":"index","follow":"follow","max-snippet":"max-snippet:-1","max-image-preview":"max-image-preview:large","max-video-preview":"max-video-preview:-1"},"canonical":"https:\/\/unasp.br\/noticias\/culto-de-gratidao-do-unasp-abre-ciclo-das-formaturas-do-ensino-superior\/","og_locale":"pt_BR","og_type":"article","og_title":"Culto de gratid\u00e3o abre ciclo das formaturas para Ensino Superior","og_description":"O culto de gratid\u00e3o na igreja do campus Engenheiro Coelho re\u00fane a todos em um momento de homenagens, celebra\u00e7\u00f5es e alegria.","og_url":"https:\/\/unasp.br\/noticias\/culto-de-gratidao-do-unasp-abre-ciclo-das-formaturas-do-ensino-superior\/","og_site_name":"UNASP Noticias","article_published_time":"2021-12-11T01:21:01+00:00","article_modified_time":"2021-12-24T12:42:27+00:00","og_image":[{"width":2048,"height":1365,"url":"https:\/\/cdn.unasp.br\/noticias\/wp-content\/uploads\/2021\/12\/11085416\/culto-gratidao.jpg","type":"image\/jpeg"}],"author":"Aira Almeida","twitter_card":"summary_large_image","twitter_misc":{"Escrito por":"Aira Almeida","Est. tempo de leitura":"4 minutos"},"schema":{"@context":"https:\/\/schema.org","@graph":[{"@type":"Article","@id":"https:\/\/unasp.br\/noticias\/culto-de-gratidao-do-unasp-abre-ciclo-das-formaturas-do-ensino-superior\/#article","isPartOf":{"@id":"https:\/\/unasp.br\/noticias\/culto-de-gratidao-do-unasp-abre-ciclo-das-formaturas-do-ensino-superior\/"},"author":{"name":"Aira Almeida","@id":"https:\/\/unasp.br\/noticias\/#\/schema\/person\/80f09a3ec674501e6bb13144ffa2489f"},"headline":"Culto de gratid\u00e3o do UNASP abre ciclo das formaturas do Ensino Superior","datePublished":"2021-12-11T01:21:01+00:00","dateModified":"2021-12-24T12:42:27+00:00","mainEntityOfPage":{"@id":"https:\/\/unasp.br\/noticias\/culto-de-gratidao-do-unasp-abre-ciclo-das-formaturas-do-ensino-superior\/"},"wordCount":687,"commentCount":0,"publisher":{"@id":"https:\/\/unasp.br\/noticias\/#organization"},"image":{"@id":"https:\/\/unasp.br\/noticias\/culto-de-gratidao-do-unasp-abre-ciclo-das-formaturas-do-ensino-superior\/#primaryimage"},"thumbnailUrl":"https:\/\/cdn.unasp.br\/noticias\/wp-content\/uploads\/2021\/12\/11085416\/culto-gratidao.jpg","keywords":["cultodegratid\u00e3o","Engenheiro Coelho","formandos","Formatura"],"articleSection":["Formaturas"],"inLanguage":"pt-BR","potentialAction":[{"@type":"CommentAction","name":"Comment","target":["https:\/\/unasp.br\/noticias\/culto-de-gratidao-do-unasp-abre-ciclo-das-formaturas-do-ensino-superior\/#respond"]}]},{"@type":"WebPage","@id":"https:\/\/unasp.br\/noticias\/culto-de-gratidao-do-unasp-abre-ciclo-das-formaturas-do-ensino-superior\/","url":"https:\/\/unasp.br\/noticias\/culto-de-gratidao-do-unasp-abre-ciclo-das-formaturas-do-ensino-superior\/","name":"Culto de gratid\u00e3o abre ciclo das formaturas para Ensino Superior","isPartOf":{"@id":"https:\/\/unasp.br\/noticias\/#website"},"primaryImageOfPage":{"@id":"https:\/\/unasp.br\/noticias\/culto-de-gratidao-do-unasp-abre-ciclo-das-formaturas-do-ensino-superior\/#primaryimage"},"image":{"@id":"https:\/\/unasp.br\/noticias\/culto-de-gratidao-do-unasp-abre-ciclo-das-formaturas-do-ensino-superior\/#primaryimage"},"thumbnailUrl":"https:\/\/cdn.unasp.br\/noticias\/wp-content\/uploads\/2021\/12\/11085416\/culto-gratidao.jpg","datePublished":"2021-12-11T01:21:01+00:00","dateModified":"2021-12-24T12:42:27+00:00","description":"O culto de gratid\u00e3o na igreja do campus Engenheiro Coelho re\u00fane a todos em um momento de homenagens, celebra\u00e7\u00f5es e alegria.","breadcrumb":{"@id":"https:\/\/unasp.br\/noticias\/culto-de-gratidao-do-unasp-abre-ciclo-das-formaturas-do-ensino-superior\/#breadcrumb"},"inLanguage":"pt-BR","potentialAction":[{"@type":"ReadAction","target":["https:\/\/unasp.br\/noticias\/culto-de-gratidao-do-unasp-abre-ciclo-das-formaturas-do-ensino-superior\/"]}]},{"@type":"ImageObject","inLanguage":"pt-BR","@id":"https:\/\/unasp.br\/noticias\/culto-de-gratidao-do-unasp-abre-ciclo-das-formaturas-do-ensino-superior\/#primaryimage","url":"https:\/\/cdn.unasp.br\/noticias\/wp-content\/uploads\/2021\/12\/11085416\/culto-gratidao.jpg","contentUrl":"https:\/\/cdn.unasp.br\/noticias\/wp-content\/uploads\/2021\/12\/11085416\/culto-gratidao.jpg","width":2048,"height":1365},{"@type":"BreadcrumbList","@id":"https:\/\/unasp.br\/noticias\/culto-de-gratidao-do-unasp-abre-ciclo-das-formaturas-do-ensino-superior\/#breadcrumb","itemListElement":[{"@type":"ListItem","position":1,"name":"In\u00edcio","item":"https:\/\/unasp.br\/noticias\/"},{"@type":"ListItem","position":2,"name":"Culto de gratid\u00e3o do UNASP abre ciclo das formaturas do Ensino Superior"}]},{"@type":"WebSite","@id":"https:\/\/unasp.br\/noticias\/#website","url":"https:\/\/unasp.br\/noticias\/","name":"UNASP Noticias","description":"Centro Universit\u00e1rio Adventista de S\u00e3o Paulo","publisher":{"@id":"https:\/\/unasp.br\/noticias\/#organization"},"potentialAction":[{"@type":"SearchAction","target":{"@type":"EntryPoint","urlTemplate":"https:\/\/unasp.br\/noticias\/?s={search_term_string}"},"query-input":{"@type":"PropertyValueSpecification","valueRequired":true,"valueName":"search_term_string"}}],"inLanguage":"pt-BR"},{"@type":"Organization","@id":"https:\/\/unasp.br\/noticias\/#organization","name":"UNASP Noticias","url":"https:\/\/unasp.br\/noticias\/","logo":{"@type":"ImageObject","inLanguage":"pt-BR","@id":"https:\/\/unasp.br\/noticias\/#\/schema\/logo\/image\/","url":"https:\/\/cdn.unasp.br\/noticias\/wp-content\/uploads\/2021\/09\/09152724\/logo-unasp-news.png","contentUrl":"https:\/\/cdn.unasp.br\/noticias\/wp-content\/uploads\/2021\/09\/09152724\/logo-unasp-news.png","width":240,"height":41,"caption":"UNASP Noticias"},"image":{"@id":"https:\/\/unasp.br\/noticias\/#\/schema\/logo\/image\/"}},{"@type":"Person","@id":"https:\/\/unasp.br\/noticias\/#\/schema\/person\/80f09a3ec674501e6bb13144ffa2489f","name":"Aira Almeida","image":{"@type":"ImageObject","inLanguage":"pt-BR","@id":"https:\/\/unasp.br\/noticias\/#\/schema\/person\/image\/","url":"https:\/\/secure.gravatar.com\/avatar\/e30ea867fdd5a41ec6a0cb350dcd108e?s=96&d=mm&r=g","contentUrl":"https:\/\/secure.gravatar.com\/avatar\/e30ea867fdd5a41ec6a0cb350dcd108e?s=96&d=mm&r=g","caption":"Aira Almeida"},"url":"https:\/\/unasp.br\/noticias\/author\/aira-almeidaedu-unasp-br\/"}]}},"_links":{"self":[{"href":"https:\/\/unasp.br\/noticias\/wp-json\/wp\/v2\/posts\/95680"}],"collection":[{"href":"https:\/\/unasp.br\/noticias\/wp-json\/wp\/v2\/posts"}],"about":[{"href":"https:\/\/unasp.br\/noticias\/wp-json\/wp\/v2\/types\/post"}],"author":[{"embeddable":true,"href":"https:\/\/unasp.br\/noticias\/wp-json\/wp\/v2\/users\/30"}],"replies":[{"embeddable":true,"href":"https:\/\/unasp.br\/noticias\/wp-json\/wp\/v2\/comments?post=95680"}],"version-history":[{"count":11,"href":"https:\/\/unasp.br\/noticias\/wp-json\/wp\/v2\/posts\/95680\/revisions"}],"predecessor-version":[{"id":95869,"href":"https:\/\/unasp.br\/noticias\/wp-json\/wp\/v2\/posts\/95680\/revisions\/95869"}],"wp:featuredmedia":[{"embeddable":true,"href":"https:\/\/unasp.br\/noticias\/wp-json\/wp\/v2\/media\/95693"}],"wp:attachment":[{"href":"https:\/\/unasp.br\/noticias\/wp-json\/wp\/v2\/media?parent=95680"}],"wp:term":[{"taxonomy":"category","embeddable":true,"href":"https:\/\/unasp.br\/noticias\/wp-json\/wp\/v2\/categories?post=95680"},{"taxonomy":"post_tag","embeddable":true,"href":"https:\/\/unasp.br\/noticias\/wp-json\/wp\/v2\/tags?post=95680"}],"curies":[{"name":"wp","href":"https:\/\/api.w.org\/{rel}","templated":true}]}}